{"id":357940,"date":"2023-02-03T11:00:54","date_gmt":"2023-02-03T14:00:54","guid":{"rendered":"https:\/\/www.suno.com.br\/noticias\/?p=357940"},"modified":"2023-02-03T11:00:56","modified_gmt":"2023-02-03T14:00:56","slug":"destaques-03-02-2023-oibr3-abev3-petr4-elet3","status":"publish","type":"post","link":"https:\/\/www.suno.com.br\/noticias\/destaques-03-02-2023-oibr3-abev3-petr4-elet3\/","title":{"rendered":"Oi (OIBR3), Ambev (ABEV3), Petrobras (PETR4) e Eletrobras (ELET3) s\u00e3o destaques do mercado financeiro"},"content":{"rendered":"<p>Nos destaques do <a class=\"suno-keyword\" data-force=\"no\" data-priority=\"2\" href=\"https:\/\/www.suno.com.br\/guias\/mercado-financeiro\/\" target=\"_blank\" rel=\"noopener\">mercado financeiro<\/a> desta sexta-feira (3), chama a aten\u00e7\u00e3o a <a class=\"suno-keyword\" data-force=\"yes\" data-priority=\"2\" href=\"https:\/\/www.suno.com.br\/acoes\/OIBR3\/\" target=\"_blank\" rel=\"noopener\"><strong>Oi <\/strong>(OIBR3)<\/a>. A empresa informou que a Justi\u00e7a deferiu pedido de tutela de urg\u00eancia contra seus credores.<\/p>\t<div class=\"wrapper-featured-image\">\n\t\t<figure class=\"spotlightImg\">\n\n\t\t\t<picture>\n\t\t\t\t<source media=\"(max-width: 768px)\" srcset=\"https:\/\/files.sunoresearch.com.br\/n\/uploads\/2022\/07\/Oi-400x200.jpg\">\n\t\t\t\t<img loading=\"lazy\" decoding=\"async\" class=\"newsContent__article__imgCapa lazyloadDisabled \" src=\"https:\/\/files.sunoresearch.com.br\/n\/uploads\/2022\/07\/Oi-800x450.jpg\" width=\"800\" height=\"450\" alt=\"Oi (OIBR3), Ambev (ABEV3), Petrobras (PETR4) e Eletrobras (ELET3) s\u00e3o destaques do mercado financeiro\" fetchpriority=high \/>\n\t\t\t<\/picture>\n\n\t\t\t<figcaption class=\"wp-caption-text wp-caption-text--show\">Oi (OIBR3). Foto: Divulga\u00e7\u00e3o<\/figcaption>\n\t\t<\/figure>\n\t<\/div>\n\n\n\n\n\n\t<p>\n\t\t<a href=\"\" target=\"_blank\" data-element=\"shortcode-suno-banner\" title=\"Banner SUNO, clique e saiba mais\">\n\t\t\t<picture>\n\t\t\t\t<source media=\"(max-width: 500px)\" srcset=\"\">\n\t\t\t\t<img class=\"newsContent__article__imgCapa newsContent__article__imgCapa--banner\"\n\t\t\t\t\tsrc=\"\"\n\t\t\t\t\tdata-promo-id=\"138420\"\t\t\t\t\t\t\t\t\t\t\t\t\t\t\talt=\"\"\n\t\t\t\t>\n\t\t\t<\/picture>\n\t\t<\/a>\n\t<\/p>\n\n\n\n\n\n<p>Al\u00e9m da Oi, como destaques do mercado financeiro, tamb\u00e9m est\u00e1 no radar dos investidores a <a class=\"suno-keyword\" target=\"_blank\" data-force=\"yes\" data-priority=\"2\" href=\"https:\/\/www.suno.com.br\/acoes\/ABEV3\/\" rel=\"noopener\">Ambev (ABEV3)<\/a>. A empresa informou que foi acusada de forma indevida de suposto \u201crombo\u201d em suas <a class=\"suno-keyword\" target=\"_blank\" data-force=\"no\" data-priority=\"1\" href=\"https:\/\/www.suno.com.br\/artigos\/demonstracoes-financeiras\/\" rel=\"noopener\">demonstra\u00e7\u00f5es financeiras<\/a>.<\/p>\n\n\n\n<p>A <a class=\"suno-keyword\" target=\"_blank\" data-force=\"yes\" data-priority=\"2\" href=\"https:\/\/www.suno.com.br\/acoes\/PETR4\/\" rel=\"noopener\">Petrobras (PETR4)<\/a> comunica que foram indicados cinco novos membros para a composi\u00e7\u00e3o da Diretoria Executiva.<\/p>\n\n\n\n<p>A <a class=\"suno-keyword\" target=\"_blank\" data-force=\"yes\" data-priority=\"2\" href=\"https:\/\/www.suno.com.br\/acoes\/ELET3\/\" rel=\"noopener\">Eletrobras (ELET3)<\/a> informa que o plano de demiss\u00e3o volunt\u00e1ria (PDV) conta com ades\u00e3o de 2,5 mil empregados.<\/p>\n\n\n\n<p>Veja os destaques do <a class=\"suno-keyword\" target=\"_blank\" data-force=\"no\" data-priority=\"2\" href=\"https:\/\/www.suno.com.br\/guias\/mercado-financeiro\/\" rel=\"noopener\">mercado financeiro<\/a> desta sexta-feira:<\/p>\n\n\n\n<h2 class=\"wp-block-heading\" id=\"h-oi-oibr3-obtem-deferimento-de-tutela-de-urgencia-contra-credores\">OI (OIBR3) obt\u00e9m deferimento de tutela de urg\u00eancia contra credores<\/h2>\n\n\n\n<p>A Oi comunicou que obteve o deferimento do pedido de tutela de urg\u00eancia, por parte da 7\u00aa Vara Empresarial da Comarca do Rio de Janeiro, contra seus credores.<\/p>\n\n\n\n<p>A empresa comenta que, entre os aspectos dessa prote\u00e7\u00e3o jur\u00eddica, est\u00e1 \u201ca suspens\u00e3o da exigibilidade de todas as obriga\u00e7\u00f5es relativas aos instrumentos celebrados com as institui\u00e7\u00f5es elencadas no pedido da Tutela de Urg\u00eancia e todas as entidades de seus respectivos grupos econ\u00f4micos\u201d.<\/p>\n\n\n\n<p>Segundo a Oi, essa tutela de urg\u00eancia \u201cconfigura a medida mais adequada, neste momento, para proteger a companhia e suas subsidi\u00e1rias contra execu\u00e7\u00e3o\/exigibilidade de cr\u00e9ditos e de excuss\u00e3o de garantias e permitir o avan\u00e7o das discuss\u00f5es e tratativas com credores visando potencial renegocia\u00e7\u00e3o de d\u00edvidas da companhia\u201d.<\/p>\n\n\n\t<div data-element=\"shortcode-read-more\" class=\"knowMore\">\n\t\t\t\t<span class=\"knowMore__title\">Leia mais<\/span>\n\t\t\t\t<a class=\"knowMore__link\" href=\"https:\/\/www.suno.com.br\/noticias\/oi-oibr3-justica-defere-tutela-urgencia-credores\/\">\n\t\t\tJusti\u00e7a aceita pedido \u00e0s pressas da Oi (OIBR3) e defere tutela de urg\u00eancia contra credores\t\t<\/a>\n\t<\/div>\n\n\n\n\n<h2 class=\"wp-block-heading\" id=\"h-ambev-abev3-diz-que-foi-acusada-indevidamente-de-rombo-em-demonstracoes-financeiras\">Ambev (ABEV3) diz que foi acusada indevidamente de \u201crombo\u201d em demonstra\u00e7\u00f5es financeiras<\/h2>\n\n\n\n<p>A Ambev (ABEV3) alega que, em uma not\u00edcia divulgada em 1\u00ba de fevereiro, \u201cfoi acusada indevidamente por uma associa\u00e7\u00e3o formada por algumas cervejarias concorrentes de ter um suposto \u2018rombo\u2019 em suas demonstra\u00e7\u00f5es financeiras\u201d.<\/p>\n\n\n\n<p>A fabricante de bebidas descreve a acusa\u00e7\u00e3o como \u201cfalsa\u201d e acredita que \u201cfoi promovida de forma oportunista e irrespons\u00e1vel\u201d.<\/p>\n\n\n\n<p>\u201cA not\u00edcia induz o leitor a erro. N\u00e3o existe \u2018rombo\u2019 algum. Temos lit\u00edgios tribut\u00e1rios em que divergimos da interpreta\u00e7\u00e3o do Fisco. Esses lit\u00edgios s\u00e3o o reflexo da complexidade do <a class=\"suno-keyword\" data-force=\"no\" data-priority=\"1\" href=\"https:\/\/www.suno.com.br\/artigos\/sistema-tributario\/\" target=\"_blank\" rel=\"noopener\">sistema tribut\u00e1rio<\/a> brasileiro e uma realidade de muitas empresas\u201d, justifica a empresa.<\/p>\n\n\n\t<div data-element=\"shortcode-read-more\" class=\"knowMore\">\n\t\t\t\t<span class=\"knowMore__title\">Leia mais<\/span>\n\t\t\t\t<a class=\"knowMore__link\" href=\"https:\/\/www.suno.com.br\/noticias\/ambev-abev3-perde-rs8bi-rombo\/\">\n\t\t\tAmbev (ABEV3) perde R$ 8,6 bi e chama acusa\u00e7\u00e3o de rombo de &quot;falsa, oportunista e irrespons\u00e1vel&quot;\t\t<\/a>\n\t<\/div>\n\n\n\n\n<h2 class=\"wp-block-heading\" id=\"h-petrobras-petr4-indica-cinco-nomes-para-diretoria-executiva\">Petrobras (PETR4) indica cinco nomes para Diretoria Executiva<\/h2>\n\n\n\n<p>A Petrobras comunicou que seu presidente Jean Paul Terra Prates indicou cinco novos membros para a composi\u00e7\u00e3o da Diretoria Executiva:<\/p>\n\n\n\n<p>\u2022 Diretoria Executiva de Comercializa\u00e7\u00e3o e Log\u00edstica: Claudio Schlosser<\/p>\n\n\n\n<p>\u2022 Diretoria Executiva de Desenvolvimento da Produ\u00e7\u00e3o: Carlos Travassos<\/p>\n\n\n\n<p>\u2022 Diretoria Executiva de Explora\u00e7\u00e3o e Produ\u00e7\u00e3o: Joelson Falc\u00e3o<\/p>\n\n\n\n<p>\u2022 Diretoria Executiva de Refino e G\u00e1s Natural: William Fran\u00e7a<\/p>\n\n\n\n<p>\u2022 Diretoria Executiva de Transforma\u00e7\u00e3o Digital e Inova\u00e7\u00e3o: Carlos Augusto Barreto.<\/p>\n\n\n\t<div data-element=\"shortcode-read-more\" class=\"knowMore\">\n\t\t\t\t<span class=\"knowMore__title\">Leia mais<\/span>\n\t\t\t\t<a class=\"knowMore__link\" href=\"https:\/\/www.suno.com.br\/noticias\/petrobras-petr4-prates-nova-diretoria-executiva\/\">\n\t\t\tPrates indica nomes para nova diretoria executiva da Petrobras (PETR4)\t\t<\/a>\n\t<\/div>\n\n\n\n\n<h2 class=\"wp-block-heading\" id=\"h-eletrobras-elet3-cita-que-pdv-conta-com-adesao-de-2-5-mil-empregados\">Eletrobras (ELET3) cita que PDV conta com ades\u00e3o de 2,5 mil empregados<\/h2>\n\n\n\n<p>A Eletrobras emitiu uma resposta ao of\u00edcio da B3, sobre uma not\u00edcia que cita que a empresa pode reduzir o quadro de funcion\u00e1rios com um segundo plano de demiss\u00e3o volunt\u00e1ria.<\/p>\n\n\n\n<p>a companhia alega que na apresenta\u00e7\u00e3o de confer\u00eancia de resultados do 2T22, foi informada a possibilidade de realiza\u00e7\u00e3o de dois PDVs: \u201cno primeiro ano para aposentados e aposent\u00e1veis, com prazo de desligamento at\u00e9 abril de 2023, e no segundo ano para at\u00e9 20% do quadro de empregados de abril de 2023\u201d.<\/p>\n\n\n\n<p>Conforme a Eletrobras, na confer\u00eancia relativa ao 3T22, foi comunicado acerca do lan\u00e7amento e prosseguimento do primeiro PDV.<\/p>\n\n\n\n<p>\u201cAssim, considerando as divulga\u00e7\u00f5es realizadas ainda em 2022, a companhia considera que o mercado estava devidamente informado sobre essa iniciativa mencionada pela imprensa, n\u00e3o havendo na reportagem informa\u00e7\u00e3o nova ainda n\u00e3o divulgada pelos canais apropriados da Companhia\u201d, argumenta.<\/p>\n\n\n\n<p>A Eletrobras ainda informa que o PDV contou com a ades\u00e3o de 2.494 empregados, \u201csendo que deste total 943 j\u00e1 foram desligados e os demais empregados devem ser desligados ao longo de 2023, conforme decis\u00e3o da Companhia\u201d.<\/p>\n\n\n\n<p>Desse modo, a <strong>Oi<\/strong>, Ambev, Petrobras e Eletrobras s\u00e3o os principais destaques do <a class=\"suno-keyword\" data-force=\"no\" data-priority=\"2\" href=\"https:\/\/www.suno.com.br\/guias\/mercado-financeiro\/\" target=\"_blank\" rel=\"noopener\">mercado financeiro<\/a> do Suno Not\u00edcias, que informa diariamente os acontecimentos mais relevantes das companhias listadas na bolsa de valores.<\/p>\n\n\n\t<p>\n\t\t<a href=\"https:\/\/lp.suno.com.br\/planilha-controle-gastos\/\" target=\"_blank\" data-element=\"shortcode-suno-banner\" title=\"Banner SUNO, clique e saiba mais\">\n\t\t\t<picture>\n\t\t\t\t<source media=\"(max-width: 500px)\" srcset=\"https:\/\/files.sunoresearch.com.br\/n\/uploads\/2023\/03\/400x300-Planilha-controle-de-gastos.png\">\n\t\t\t\t<img class=\"newsContent__article__imgCapa newsContent__article__imgCapa--banner\"\n\t\t\t\t\tsrc=\"https:\/\/files.sunoresearch.com.br\/n\/uploads\/2023\/03\/1420x240-Planilha-controle-de-gastos.png\"\n\t\t\t\t\tdata-promo-id=\"101751\"\t\t\t\t\t\t\t\t\t\twidth='1420' height='240'\t\t\t\t\talt=\"https:\/\/files.sunoresearch.com.br\/n\/uploads\/2023\/03\/1420x240-Planilha-controle-de-gastos.png\"\n\t\t\t\t>\n\t\t\t<\/picture>\n\t\t<\/a>\n\t<\/p>\n\n\n","protected":false},"excerpt":{"rendered":"<p>Nos destaques do mercado financeiro desta sexta-feira (3), chama a aten\u00e7\u00e3o a Oi (OIBR3). A empresa informou que a Justi\u00e7a deferiu pedido de tutela de urg\u00eancia contra seus credores. Oi (OIBR3). Foto: Divulga\u00e7\u00e3o Al\u00e9m da Oi, como destaques do mercado financeiro, tamb\u00e9m est\u00e1 no radar dos investidores a Ambev (ABEV3). A empresa informou que foi [&hellip;]<\/p>\n","protected":false},"author":224,"featured_media":278154,"comment_status":"closed","ping_status":"closed","sticky":false,"template":"","format":"standard","meta":[],"categories":[64],"tags":[359,104831,455,584,595],"suno_strategy":[],"class_list":["post-357940","post","type-post","status-publish","format-standard","has-post-thumbnail","hentry","category-negocios","tag-ambev-abev3","tag-destaques-de-empresas","tag-eletrobras-elet3-elet5-elet6","tag-oi-oibr3-oibr4","tag-petrobras-petr4"],"yoast_head":"<!-- This site is optimized with the Yoast SEO plugin v24.4 - https:\/\/yoast.com\/wordpress\/plugins\/seo\/ -->\n<title>Oi (OIBR3), Ambev (ABEV3), Petrobras (PETR4) e Eletrobras (ELET3) s\u00e3o destaques do mercado financeiro<\/title>\n<meta name=\"description\" content=\"Oi (OIBR3), Ambev (ABEV3), Petrobras (PETR4) e Eletrobras (ELET3) s\u00e3o destaques de empresas nesta sexta. Veja os destaques do mercado.\" \/>\n<meta name=\"robots\" content=\"index, follow, max-snippet:-1, max-image-preview:large, max-video-preview:-1\" \/>\n<link rel=\"canonical\" href=\"https:\/\/www.suno.com.br\/noticias\/destaques-03-02-2023-oibr3-abev3-petr4-elet3\/\" \/>\n<meta property=\"og:locale\" content=\"pt_BR\" \/>\n<meta property=\"og:type\" content=\"article\" \/>\n<meta property=\"og:title\" content=\"Oi (OIBR3), Ambev (ABEV3), Petrobras (PETR4) e Eletrobras (ELET3) s\u00e3o destaques do mercado financeiro\" \/>\n<meta property=\"og:description\" content=\"Oi (OIBR3), Ambev (ABEV3), Petrobras (PETR4) e Eletrobras (ELET3) s\u00e3o destaques de empresas nesta sexta. Veja os destaques do mercado.\" \/>\n<meta property=\"og:url\" content=\"https:\/\/www.suno.com.br\/noticias\/destaques-03-02-2023-oibr3-abev3-petr4-elet3\/\" \/>\n<meta property=\"og:site_name\" content=\"Suno Not\u00edcias\" \/>\n<meta property=\"article:publisher\" content=\"https:\/\/facebook.com\/sunoresearch\" \/>\n<meta property=\"og:image\" content=\"https:\/\/files.sunoresearch.com.br\/n\/uploads\/2022\/07\/Oi.jpg\" \/>\n\t<meta property=\"og:image:width\" content=\"1440\" \/>\n\t<meta property=\"og:image:height\" content=\"808\" \/>\n\t<meta property=\"og:image:type\" content=\"image\/jpeg\" \/>\n<meta name=\"author\" content=\"Silvio Suehiro\" \/>\n<meta name=\"twitter:card\" content=\"summary_large_image\" \/>\n<meta name=\"twitter:creator\" content=\"@sunoresearch\" \/>\n<meta name=\"twitter:site\" content=\"@sunoresearch\" \/>\n<meta name=\"twitter:label1\" content=\"Escrito por\" \/>\n\t<meta name=\"twitter:data1\" content=\"Silvio Suehiro\" \/>\n\t<meta name=\"twitter:label2\" content=\"Est. tempo de leitura\" \/>\n\t<meta name=\"twitter:data2\" content=\"4 minutos\" \/>\n<script type=\"application\/ld+json\" class=\"yoast-schema-graph\">{\"@context\":\"https:\/\/schema.org\",\"@graph\":[{\"@type\":\"NewsArticle\",\"@id\":\"https:\/\/www.suno.com.br\/noticias\/destaques-03-02-2023-oibr3-abev3-petr4-elet3\/#article\",\"isPartOf\":{\"@id\":\"https:\/\/www.suno.com.br\/noticias\/destaques-03-02-2023-oibr3-abev3-petr4-elet3\/\"},\"author\":{\"name\":\"Silvio Suehiro\",\"@id\":\"https:\/\/www.suno.com.br\/noticias\/#\/schema\/person\/c94f387eeb0598ad381eac3e47a8686c\"},\"headline\":\"Oi (OIBR3), Ambev (ABEV3), Petrobras (PETR4) e Eletrobras (ELET3) s\u00e3o destaques do mercado financeiro\",\"datePublished\":\"2023-02-03T14:00:54+00:00\",\"dateModified\":\"2023-02-03T14:00:56+00:00\",\"mainEntityOfPage\":{\"@id\":\"https:\/\/www.suno.com.br\/noticias\/destaques-03-02-2023-oibr3-abev3-petr4-elet3\/\"},\"wordCount\":709,\"publisher\":{\"@id\":\"https:\/\/www.suno.com.br\/noticias\/#organization\"},\"image\":{\"@id\":\"https:\/\/www.suno.com.br\/noticias\/destaques-03-02-2023-oibr3-abev3-petr4-elet3\/#primaryimage\"},\"thumbnailUrl\":\"https:\/\/files.sunoresearch.com.br\/n\/uploads\/2022\/07\/Oi.jpg\",\"keywords\":[\"AMBEV (ABEV3)\",\"destaques de empresas\",\"Eletrobras (ELET3\/ELET5\/ELET6)\",\"Oi (OIBR3\/OIBR4)\",\"Petrobras (PETR4)\"],\"articleSection\":[\"Neg\u00f3cios\"],\"inLanguage\":\"pt-BR\"},{\"@type\":\"WebPage\",\"@id\":\"https:\/\/www.suno.com.br\/noticias\/destaques-03-02-2023-oibr3-abev3-petr4-elet3\/\",\"url\":\"https:\/\/www.suno.com.br\/noticias\/destaques-03-02-2023-oibr3-abev3-petr4-elet3\/\",\"name\":\"Oi (OIBR3), Ambev (ABEV3), Petrobras (PETR4) e Eletrobras (ELET3) s\u00e3o destaques do mercado financeiro\",\"isPartOf\":{\"@id\":\"https:\/\/www.suno.com.br\/noticias\/#website\"},\"primaryImageOfPage\":{\"@id\":\"https:\/\/www.suno.com.br\/noticias\/destaques-03-02-2023-oibr3-abev3-petr4-elet3\/#primaryimage\"},\"image\":{\"@id\":\"https:\/\/www.suno.com.br\/noticias\/destaques-03-02-2023-oibr3-abev3-petr4-elet3\/#primaryimage\"},\"thumbnailUrl\":\"https:\/\/files.sunoresearch.com.br\/n\/uploads\/2022\/07\/Oi.jpg\",\"datePublished\":\"2023-02-03T14:00:54+00:00\",\"dateModified\":\"2023-02-03T14:00:56+00:00\",\"description\":\"Oi (OIBR3), Ambev (ABEV3), Petrobras (PETR4) e Eletrobras (ELET3) s\u00e3o destaques de empresas nesta sexta. Veja os destaques do mercado.\",\"breadcrumb\":{\"@id\":\"https:\/\/www.suno.com.br\/noticias\/destaques-03-02-2023-oibr3-abev3-petr4-elet3\/#breadcrumb\"},\"inLanguage\":\"pt-BR\",\"potentialAction\":[{\"@type\":\"ReadAction\",\"target\":[\"https:\/\/www.suno.com.br\/noticias\/destaques-03-02-2023-oibr3-abev3-petr4-elet3\/\"]}]},{\"@type\":\"ImageObject\",\"inLanguage\":\"pt-BR\",\"@id\":\"https:\/\/www.suno.com.br\/noticias\/destaques-03-02-2023-oibr3-abev3-petr4-elet3\/#primaryimage\",\"url\":\"https:\/\/files.sunoresearch.com.br\/n\/uploads\/2022\/07\/Oi.jpg\",\"contentUrl\":\"https:\/\/files.sunoresearch.com.br\/n\/uploads\/2022\/07\/Oi.jpg\",\"width\":1440,\"height\":808,\"caption\":\"Oi (OIBR3). Foto: Divulga\u00e7\u00e3o\"},{\"@type\":\"BreadcrumbList\",\"@id\":\"https:\/\/www.suno.com.br\/noticias\/destaques-03-02-2023-oibr3-abev3-petr4-elet3\/#breadcrumb\",\"itemListElement\":[{\"@type\":\"ListItem\",\"position\":1,\"name\":\"Not\u00edcias\",\"item\":\"https:\/\/www.suno.com.br\/noticias\/\"},{\"@type\":\"ListItem\",\"position\":2,\"name\":\"Neg\u00f3cios\",\"item\":\"https:\/\/www.suno.com.br\/noticias\/negocios\/\"},{\"@type\":\"ListItem\",\"position\":3,\"name\":\"Oi (OIBR3), Ambev (ABEV3), Petrobras (PETR4) e Eletrobras (ELET3) s\u00e3o destaques do mercado financeiro\"}]},{\"@type\":\"WebSite\",\"@id\":\"https:\/\/www.suno.com.br\/noticias\/#website\",\"url\":\"https:\/\/www.suno.com.br\/noticias\/\",\"name\":\"Suno Not\u00edcias\",\"description\":\"Seu portal de informa\u00e7\u00e3o sobre o mundo dos investimentos\",\"publisher\":{\"@id\":\"https:\/\/www.suno.com.br\/noticias\/#organization\"},\"potentialAction\":[{\"@type\":\"SearchAction\",\"target\":{\"@type\":\"EntryPoint\",\"urlTemplate\":\"https:\/\/www.suno.com.br\/noticias\/?s={search_term_string}\"},\"query-input\":{\"@type\":\"PropertyValueSpecification\",\"valueRequired\":true,\"valueName\":\"search_term_string\"}}],\"inLanguage\":\"pt-BR\"},{\"@type\":\"Organization\",\"@id\":\"https:\/\/www.suno.com.br\/noticias\/#organization\",\"name\":\"Suno Not\u00edcias\",\"url\":\"https:\/\/www.suno.com.br\/noticias\/\",\"logo\":{\"@type\":\"ImageObject\",\"inLanguage\":\"pt-BR\",\"@id\":\"https:\/\/www.suno.com.br\/noticias\/#\/schema\/logo\/image\/\",\"url\":\"https:\/\/files.sunoresearch.com.br\/n\/uploads\/2021\/09\/suno-logo.png\",\"contentUrl\":\"https:\/\/files.sunoresearch.com.br\/n\/uploads\/2021\/09\/suno-logo.png\",\"width\":180,\"height\":180,\"caption\":\"Suno Not\u00edcias\"},\"image\":{\"@id\":\"https:\/\/www.suno.com.br\/noticias\/#\/schema\/logo\/image\/\"},\"sameAs\":[\"https:\/\/facebook.com\/sunoresearch\",\"https:\/\/x.com\/sunoresearch\",\"https:\/\/www.instagram.com\/suno\",\"https:\/\/www.linkedin.com\/company\/suno-research\/\",\"https:\/\/www.youtube.com\/c\/sunoresearch\"]},{\"@type\":\"Person\",\"@id\":\"https:\/\/www.suno.com.br\/noticias\/#\/schema\/person\/c94f387eeb0598ad381eac3e47a8686c\",\"name\":\"Silvio Suehiro\",\"image\":{\"@type\":\"ImageObject\",\"inLanguage\":\"pt-BR\",\"@id\":\"https:\/\/www.suno.com.br\/noticias\/#\/schema\/person\/image\/\",\"url\":\"https:\/\/secure.gravatar.com\/avatar\/06585eb21140975c6be6bb79a07edac1?s=96&r=g\",\"contentUrl\":\"https:\/\/secure.gravatar.com\/avatar\/06585eb21140975c6be6bb79a07edac1?s=96&r=g\",\"caption\":\"Silvio Suehiro\"},\"description\":\"Redator freelancer, com experi\u00eancia na produ\u00e7\u00e3o de not\u00edcias e artigos para as \u00e1reas de economia, finan\u00e7as e investimentos. Graduado em Comunica\u00e7\u00e3o Social - Jornalismo pela Universidade de Mogi das Cruzes (UMC), e p\u00f3s-graduado em Produ\u00e7\u00e3o Audiovisual Multiplataforma pela Universidade Anhembi Morumbi (UAM).\",\"url\":\"https:\/\/www.suno.com.br\/noticias\/author\/silvio-suehiro\/\"}]}<\/script>\n<!-- \/ Yoast SEO plugin. -->","yoast_head_json":{"title":"Oi (OIBR3), Ambev (ABEV3), Petrobras (PETR4) e Eletrobras (ELET3) s\u00e3o destaques do mercado financeiro","description":"Oi (OIBR3), Ambev (ABEV3), Petrobras (PETR4) e Eletrobras (ELET3) s\u00e3o destaques de empresas nesta sexta. Veja os destaques do mercado.","robots":{"index":"index","follow":"follow","max-snippet":"max-snippet:-1","max-image-preview":"max-image-preview:large","max-video-preview":"max-video-preview:-1"},"canonical":"https:\/\/www.suno.com.br\/noticias\/destaques-03-02-2023-oibr3-abev3-petr4-elet3\/","og_locale":"pt_BR","og_type":"article","og_title":"Oi (OIBR3), Ambev (ABEV3), Petrobras (PETR4) e Eletrobras (ELET3) s\u00e3o destaques do mercado financeiro","og_description":"Oi (OIBR3), Ambev (ABEV3), Petrobras (PETR4) e Eletrobras (ELET3) s\u00e3o destaques de empresas nesta sexta. Veja os destaques do mercado.","og_url":"https:\/\/www.suno.com.br\/noticias\/destaques-03-02-2023-oibr3-abev3-petr4-elet3\/","og_site_name":"Suno Not\u00edcias","article_publisher":"https:\/\/facebook.com\/sunoresearch","og_image":[{"width":1440,"height":808,"url":"https:\/\/files.sunoresearch.com.br\/n\/uploads\/2022\/07\/Oi.jpg","type":"image\/jpeg"}],"author":"Silvio Suehiro","twitter_card":"summary_large_image","twitter_creator":"@sunoresearch","twitter_site":"@sunoresearch","twitter_misc":{"Escrito por":"Silvio Suehiro","Est. tempo de leitura":"4 minutos"},"schema":{"@context":"https:\/\/schema.org","@graph":[{"@type":"NewsArticle","@id":"https:\/\/www.suno.com.br\/noticias\/destaques-03-02-2023-oibr3-abev3-petr4-elet3\/#article","isPartOf":{"@id":"https:\/\/www.suno.com.br\/noticias\/destaques-03-02-2023-oibr3-abev3-petr4-elet3\/"},"author":{"name":"Silvio Suehiro","@id":"https:\/\/www.suno.com.br\/noticias\/#\/schema\/person\/c94f387eeb0598ad381eac3e47a8686c"},"headline":"Oi (OIBR3), Ambev (ABEV3), Petrobras (PETR4) e Eletrobras (ELET3) s\u00e3o destaques do mercado financeiro","datePublished":"2023-02-03T14:00:54+00:00","dateModified":"2023-02-03T14:00:56+00:00","mainEntityOfPage":{"@id":"https:\/\/www.suno.com.br\/noticias\/destaques-03-02-2023-oibr3-abev3-petr4-elet3\/"},"wordCount":709,"publisher":{"@id":"https:\/\/www.suno.com.br\/noticias\/#organization"},"image":{"@id":"https:\/\/www.suno.com.br\/noticias\/destaques-03-02-2023-oibr3-abev3-petr4-elet3\/#primaryimage"},"thumbnailUrl":"https:\/\/files.sunoresearch.com.br\/n\/uploads\/2022\/07\/Oi.jpg","keywords":["AMBEV (ABEV3)","destaques de empresas","Eletrobras (ELET3\/ELET5\/ELET6)","Oi (OIBR3\/OIBR4)","Petrobras (PETR4)"],"articleSection":["Neg\u00f3cios"],"inLanguage":"pt-BR"},{"@type":"WebPage","@id":"https:\/\/www.suno.com.br\/noticias\/destaques-03-02-2023-oibr3-abev3-petr4-elet3\/","url":"https:\/\/www.suno.com.br\/noticias\/destaques-03-02-2023-oibr3-abev3-petr4-elet3\/","name":"Oi (OIBR3), Ambev (ABEV3), Petrobras (PETR4) e Eletrobras (ELET3) s\u00e3o destaques do mercado financeiro","isPartOf":{"@id":"https:\/\/www.suno.com.br\/noticias\/#website"},"primaryImageOfPage":{"@id":"https:\/\/www.suno.com.br\/noticias\/destaques-03-02-2023-oibr3-abev3-petr4-elet3\/#primaryimage"},"image":{"@id":"https:\/\/www.suno.com.br\/noticias\/destaques-03-02-2023-oibr3-abev3-petr4-elet3\/#primaryimage"},"thumbnailUrl":"https:\/\/files.sunoresearch.com.br\/n\/uploads\/2022\/07\/Oi.jpg","datePublished":"2023-02-03T14:00:54+00:00","dateModified":"2023-02-03T14:00:56+00:00","description":"Oi (OIBR3), Ambev (ABEV3), Petrobras (PETR4) e Eletrobras (ELET3) s\u00e3o destaques de empresas nesta sexta. Veja os destaques do mercado.","breadcrumb":{"@id":"https:\/\/www.suno.com.br\/noticias\/destaques-03-02-2023-oibr3-abev3-petr4-elet3\/#breadcrumb"},"inLanguage":"pt-BR","potentialAction":[{"@type":"ReadAction","target":["https:\/\/www.suno.com.br\/noticias\/destaques-03-02-2023-oibr3-abev3-petr4-elet3\/"]}]},{"@type":"ImageObject","inLanguage":"pt-BR","@id":"https:\/\/www.suno.com.br\/noticias\/destaques-03-02-2023-oibr3-abev3-petr4-elet3\/#primaryimage","url":"https:\/\/files.sunoresearch.com.br\/n\/uploads\/2022\/07\/Oi.jpg","contentUrl":"https:\/\/files.sunoresearch.com.br\/n\/uploads\/2022\/07\/Oi.jpg","width":1440,"height":808,"caption":"Oi (OIBR3). Foto: Divulga\u00e7\u00e3o"},{"@type":"BreadcrumbList","@id":"https:\/\/www.suno.com.br\/noticias\/destaques-03-02-2023-oibr3-abev3-petr4-elet3\/#breadcrumb","itemListElement":[{"@type":"ListItem","position":1,"name":"Not\u00edcias","item":"https:\/\/www.suno.com.br\/noticias\/"},{"@type":"ListItem","position":2,"name":"Neg\u00f3cios","item":"https:\/\/www.suno.com.br\/noticias\/negocios\/"},{"@type":"ListItem","position":3,"name":"Oi (OIBR3), Ambev (ABEV3), Petrobras (PETR4) e Eletrobras (ELET3) s\u00e3o destaques do mercado financeiro"}]},{"@type":"WebSite","@id":"https:\/\/www.suno.com.br\/noticias\/#website","url":"https:\/\/www.suno.com.br\/noticias\/","name":"Suno Not\u00edcias","description":"Seu portal de informa\u00e7\u00e3o sobre o mundo dos investimentos","publisher":{"@id":"https:\/\/www.suno.com.br\/noticias\/#organization"},"potentialAction":[{"@type":"SearchAction","target":{"@type":"EntryPoint","urlTemplate":"https:\/\/www.suno.com.br\/noticias\/?s={search_term_string}"},"query-input":{"@type":"PropertyValueSpecification","valueRequired":true,"valueName":"search_term_string"}}],"inLanguage":"pt-BR"},{"@type":"Organization","@id":"https:\/\/www.suno.com.br\/noticias\/#organization","name":"Suno Not\u00edcias","url":"https:\/\/www.suno.com.br\/noticias\/","logo":{"@type":"ImageObject","inLanguage":"pt-BR","@id":"https:\/\/www.suno.com.br\/noticias\/#\/schema\/logo\/image\/","url":"https:\/\/files.sunoresearch.com.br\/n\/uploads\/2021\/09\/suno-logo.png","contentUrl":"https:\/\/files.sunoresearch.com.br\/n\/uploads\/2021\/09\/suno-logo.png","width":180,"height":180,"caption":"Suno Not\u00edcias"},"image":{"@id":"https:\/\/www.suno.com.br\/noticias\/#\/schema\/logo\/image\/"},"sameAs":["https:\/\/facebook.com\/sunoresearch","https:\/\/x.com\/sunoresearch","https:\/\/www.instagram.com\/suno","https:\/\/www.linkedin.com\/company\/suno-research\/","https:\/\/www.youtube.com\/c\/sunoresearch"]},{"@type":"Person","@id":"https:\/\/www.suno.com.br\/noticias\/#\/schema\/person\/c94f387eeb0598ad381eac3e47a8686c","name":"Silvio Suehiro","image":{"@type":"ImageObject","inLanguage":"pt-BR","@id":"https:\/\/www.suno.com.br\/noticias\/#\/schema\/person\/image\/","url":"https:\/\/secure.gravatar.com\/avatar\/06585eb21140975c6be6bb79a07edac1?s=96&r=g","contentUrl":"https:\/\/secure.gravatar.com\/avatar\/06585eb21140975c6be6bb79a07edac1?s=96&r=g","caption":"Silvio Suehiro"},"description":"Redator freelancer, com experi\u00eancia na produ\u00e7\u00e3o de not\u00edcias e artigos para as \u00e1reas de economia, finan\u00e7as e investimentos. Graduado em Comunica\u00e7\u00e3o Social - Jornalismo pela Universidade de Mogi das Cruzes (UMC), e p\u00f3s-graduado em Produ\u00e7\u00e3o Audiovisual Multiplataforma pela Universidade Anhembi Morumbi (UAM).","url":"https:\/\/www.suno.com.br\/noticias\/author\/silvio-suehiro\/"}]}},"default_loop_html":"<div class=\"cardsPage__listCard__boxs\"><div class=\"cardsPage__listCard__boxs__img\"><a href=\"https:\/\/www.suno.com.br\/noticias\/destaques-03-02-2023-oibr3-abev3-petr4-elet3\/\"><img class=\"mask\" src=\"https:\/\/www.suno.com.br\/noticias\/wp-content\/themes\/suno\/resources\/images\/spotlight\/spotlight1img\/bg-mask.png\" alt=\"Image Mask\"\/><img src=\"https:\/\/files.sunoresearch.com.br\/n\/uploads\/2022\/07\/Oi-400x200.jpg\" alt=\"Oi (OIBR3), Ambev (ABEV3), Petrobras (PETR4) e Eletrobras (ELET3) s\u00e3o destaques do mercado financeiro\"\/><\/a><span class=\"spotlightCategory\"><a href=\"https:\/\/www.suno.com.br\/noticias\/negocios\/\">Neg\u00f3cios<\/a><\/span><\/div><div class=\"cardsPage__listCard__boxs__content\"><a href=\"https:\/\/www.suno.com.br\/noticias\/destaques-03-02-2023-oibr3-abev3-petr4-elet3\/\"><h2 class=\"content__title\">Oi (OIBR3), Ambev (ABEV3), Petrobras (PETR4) e Eletrobras (ELET3) s\u00e3o destaques do mercado financeiro<\/h2><\/a><div class=\"newsContent__article__meta\"><div class=\"newsContent__article__meta__authorBox\"><a href=\"https:\/\/www.suno.com.br\/noticias\/author\/silvio-suehiro\/\" class=\"authorBox__avatar noMobi\"><img src=\"https:\/\/secure.gravatar.com\/avatar\/06585eb21140975c6be6bb79a07edac1?s=96&#038;r=g\" alt=\"Silvio Suehiro\"><\/a><div class=\"authorBox__name\"><span>por\n\t\t\t<a href=\"https:\/\/www.suno.com.br\/noticias\/author\/silvio-suehiro\/\"><span itemprop=\"author\">Silvio Suehiro<\/span><\/a><\/span><time datetime=\"2023-02-03T11:00:54-03:00\" itemprop=\"datePublished\">03\/02\/2023 11:00<\/time><\/div><\/div><\/div><\/div><\/div>","single_layout":"posts","amp_enabled":true,"_links":{"self":[{"href":"https:\/\/www.suno.com.br\/noticias\/wp-json\/wp\/v2\/posts\/357940"}],"collection":[{"href":"https:\/\/www.suno.com.br\/noticias\/wp-json\/wp\/v2\/posts"}],"about":[{"href":"https:\/\/www.suno.com.br\/noticias\/wp-json\/wp\/v2\/types\/post"}],"author":[{"embeddable":true,"href":"https:\/\/www.suno.com.br\/noticias\/wp-json\/wp\/v2\/users\/224"}],"replies":[{"embeddable":true,"href":"https:\/\/www.suno.com.br\/noticias\/wp-json\/wp\/v2\/comments?post=357940"}],"version-history":[{"count":2,"href":"https:\/\/www.suno.com.br\/noticias\/wp-json\/wp\/v2\/posts\/357940\/revisions"}],"predecessor-version":[{"id":357948,"href":"https:\/\/www.suno.com.br\/noticias\/wp-json\/wp\/v2\/posts\/357940\/revisions\/357948"}],"wp:featuredmedia":[{"embeddable":true,"href":"https:\/\/www.suno.com.br\/noticias\/wp-json\/wp\/v2\/media\/278154"}],"wp:attachment":[{"href":"https:\/\/www.suno.com.br\/noticias\/wp-json\/wp\/v2\/media?parent=357940"}],"wp:term":[{"taxonomy":"category","embeddable":true,"href":"https:\/\/www.suno.com.br\/noticias\/wp-json\/wp\/v2\/categories?post=357940"},{"taxonomy":"post_tag","embeddable":true,"href":"https:\/\/www.suno.com.br\/noticias\/wp-json\/wp\/v2\/tags?post=357940"},{"taxonomy":"suno_strategy","embeddable":true,"href":"https:\/\/www.suno.com.br\/noticias\/wp-json\/wp\/v2\/suno_strategy?post=357940"}],"curies":[{"name":"wp","href":"https:\/\/api.w.org\/{rel}","templated":true}]}}