{"id":357857,"date":"2023-02-03T08:44:29","date_gmt":"2023-02-03T11:44:29","guid":{"rendered":"https:\/\/www.suno.com.br\/noticias\/?p=357857"},"modified":"2023-02-03T09:20:29","modified_gmt":"2023-02-03T12:20:29","slug":"oi-oibr3-justica-defere-tutela-urgencia-credores","status":"publish","type":"post","link":"https:\/\/www.suno.com.br\/noticias\/oi-oibr3-justica-defere-tutela-urgencia-credores\/","title":{"rendered":"Justi\u00e7a aceita pedido \u00e0s pressas da Oi (OIBR3) e defere tutela de urg\u00eancia contra credores"},"content":{"rendered":"<p>A Justi\u00e7a deferiu o pedido de tutela de urg\u00eancia solicitado pela <strong>Oi<\/strong> (<a href=\"https:\/\/suno.com.br\/acoes\/oibr3\" target=\"_blank\" rel=\"noreferrer noopener\">OIBR3<\/a>) contra seus credores. Nesta sexta (3), a companhia informou ao mercado que uma das caracter\u00edsticas dessa prote\u00e7\u00e3o jur\u00eddica \u00e9 a suspens\u00e3o dos efeitos de inadimplemento das d\u00edvidas avaliadas em cerca de R$ 29 bilh\u00f5es.<\/p><div class=\"videoFull \">\n\t\t\t<div class=\"videoWrapper yt-lazyload center\"\n\t\t\t\tdata-width=\"960\"\n\t\t\t\tdata-height=\"540\"\n\t\t\t\tdata-id=\"7xywqvZt5F0\"\n\t\t\t\tdata-alt=\"V\u00eddeo do YouTube - clique para reproduzir\"\n\t\t\t\tdata-logo=\"3\"\n\t\t\t\tdata-imagequality=\"maxres\">\n\t\t\t<\/div>\n\t\t<\/div><script type=\"application\/ld+json\">{\"@context\":\"https:\/\/schema.org\",\"@type\":\"VideoObject\",\"name\":\"APPLE (AAPL34), AMAZON (AMZO34), GOOGLE (GOGL34): Big techs decepcionam | Lula volta a criticar BC\",\"description\":\"\ud83d\udd0e \ud83d\udcca[\ud835\uddf2\ud835\uddd5\ud835\uddfc\ud835\uddfc\ud835\uddf8 \ud835\uddda\ud835\udde5\ud835\uddd4\ud835\udde7\ud835\udde8\ud835\udddc\ud835\udde7\ud835\udde2] \ud835\uddd4\ud835\uddfd\ud835\uddff\ud835\uddf2\ud835\uddfb\ud835\uddf1\ud835\uddee \ud835\uddf0\ud835\uddfc\ud835\uddfa\ud835\uddfc \ud835\uddee\ud835\uddfb\ud835\uddee\ud835\uddf9\ud835\uddf6\ud835\ude00\ud835\uddee\ud835\uddff \ud835\ude02\ud835\uddfa\ud835\uddee \ud835\uddee\u00e7\u00e3\ud835\uddfc\u200b \ud83d\udc47 https:\/\/lp.suno.com.br\/ebook-como-analisar-uma-acao\/?utm_source=youtube.noticias&utm_medium=live&utm_campaign=ebookcomoanalisarumaacao.20230201&utm_content=ytnoticias.morning.02022023 #morningcall #Not\u00edcias #investimentos #bigtechs #mercadofinanceiro #bolsadevalores #ibovespa #bb #apple #amazon #google #alphabet #aapl34 #amzo34 #gogl34 #balan\u00e7os #lula #bancocentral #selic #infla\u00e7\u00e3o \ud83d\udd34\ud835\udc08\ud835\udc0d\ud835\udc12\ud835\udc02\ud835\udc11\ud835\udc04\ud835\udc15\ud835\udc00-\ud835\udc12\ud835\udc04 \ud835\udc0d\ud835\udc0e \ud835\udc02\ud835\udc00\ud835\udc0d\ud835\udc00\ud835\udc0b \ud835\udc04 \ud835\udc00\ud835\udc13\ud835\udc08\ud835\udc15\ud835\udc04 \ud835\udc0e \ud835\udc12\ud835\udc08\ud835\udc0d\ud835\udc0e \ud83d\udc47 https:\/\/bit.ly\/INSCREVA-SEATIVEOSINO \ud83d\udea8\ud83d\udcb8\ud835\udc01\ud835\udc1a\ud835\udc22\ud835\udc31\ud835\udc1e \ud835\udc28 \ud835\udc20\ud835\udc2e\ud835\udc22\ud835\udc1a \"\ud835\udc02\ud835\udc28\ud835\udc26\ud835\udc28 \ud835\udc22\ud835\udc27\ud835\udc2f\ud835\udc1e\ud835\udc2c\ud835\udc2d\ud835\udc22\ud835\udc2b \ud835\udc1e\ud835\udc26 \ud835\udfd0\ud835\udfce\ud835\udfd0\ud835\udfd1\" \ud835\udc27\ud835\udc28 \ud835\udc25\ud835\udc22\ud835\udc27\ud835\udc24 \ud83d\udc47 https:\/\/lp.suno.com.br\/cl\/sr-guia-como-investir-em-2023\/?utm_source=youtube.noticias&utm_medium=live&utm_campaign=N\/A.ns.20230109&utm_content=ytnoticias.livedas19h.13012023 \ud83d\udcda \ud835\udfcf\ud835\udfce \ud835\udc0b\ud835\udc22\ud835\udc2f\ud835\udc2b\ud835\udc28\ud835\udc2c \ud835\udc2a\ud835\udc2e\ud835\udc1e \ud835\udc13\ud835\udc28\ud835\udc1d\ud835\udc28\u2026\",\"duration\":\"PT36M12S\",\"embedUrl\":\"https:\/\/www.youtube.com\/embed\/7xywqvZt5F0\",\"regionsAllowed\":\"pt-BR\",\"interactionStatistic\":{\"@type\":\"InteractionCounter\",\"interactionType\":{\"@type\":\"WatchAction\"},\"userInteractionCount\":2331},\"thumbnailUrl\":\"https:\/\/i.ytimg.com\/vi\/7xywqvZt5F0\/default.jpg\",\"uploadDate\":\"2023-02-03T12:47:00Z\"}<\/script>\n\n\n\n\n\t<p>\n\t\t<a href=\"\" target=\"_blank\" data-element=\"shortcode-suno-banner\" title=\"Banner SUNO, clique e saiba mais\">\n\t\t\t<picture>\n\t\t\t\t<source media=\"(max-width: 500px)\" srcset=\"\">\n\t\t\t\t<img class=\"newsContent__article__imgCapa newsContent__article__imgCapa--banner\"\n\t\t\t\t\tsrc=\"\"\n\t\t\t\t\tdata-promo-id=\"250705\"\t\t\t\t\t\t\t\t\t\t\t\t\t\t\talt=\"\"\n\t\t\t\t>\n\t\t\t<\/picture>\n\t\t<\/a>\n\t<\/p>\n\n\n\n\n\n<p>No documento enviado \u00e0 <a class=\"suno-keyword\" target=\"_blank\" data-force=\"no\" data-priority=\"2\" href=\"https:\/\/www.suno.com.br\/artigos\/cvm\/\" rel=\"noopener\">Comiss\u00e3o de Valores Mobili\u00e1rios (CVM)<\/a>, a <strong>empresa de telecomunica\u00e7\u00f5es<\/strong> argumentou que a tutela de urg\u00eancia &#8220;configura a medida mais adequada, neste momento, para proteger a companhia e suas subsidi\u00e1rias contra execu\u00e7\u00e3o\/exigibilidade de cr\u00e9ditos e de excuss\u00e3o de garantias&#8221;.<\/p>\n\n\n\n<p>Al\u00e9m disso, a prote\u00e7\u00e3o jur\u00eddica permite &#8220;o avan\u00e7o das discuss\u00f5es e tratativas com credores visando potencial renegocia\u00e7\u00e3o de d\u00edvidas da companhia, com o intuito de resguardar o resultado \u00fatil de um eventual processo de <strong>recupera\u00e7\u00e3o judicial<\/strong> que venha a ser ajuizado no prazo legal&#8221;.<\/p>\n\n\n\n<p>Em outro documento protocolado na CVM, a Oi explicou que fez esse pedido em segredo de justi\u00e7a. Por\u00e9m, ap\u00f3s a movimenta\u00e7\u00e3o ser revelada pela imprensa, a companhia informou ao mercado a atitude.<\/p>\n\n\n\n<p>Um dos questionamentos feitos pela autarquia foi sobre o <strong>endividamento da Oi<\/strong>, que concluiu seu processo de <a class=\"suno-keyword\" data-force=\"no\" data-priority=\"2\" href=\"https:\/\/www.suno.com.br\/artigos\/recuperacao-judicial\/\" target=\"_blank\" rel=\"noopener\">recupera\u00e7\u00e3o judicial<\/a> no final do ano passado. Contudo, a mudan\u00e7a estrat\u00e9gica da companhia rumo ao setor de fibra \u00f3tica n\u00e3o foi suficiente para quitar todos os d\u00e9bitos.<\/p>\n\n\n\n\t<div data-element=\"shortcode-read-more\" class=\"readToo\">\n\t\t\t\t<span class=\"readToo__title\">Leia mais<\/span>\n\t\t\t\t<ul class=\"readToo__list\">\n\t\t\t<li><a href=\"https:\/\/www.suno.com.br\/noticias\/oi-oibr3-conselho-de-administracao-rj\/\">Oi (OIBR3): Beirando nova recupera\u00e7\u00e3o judicial, empresa quer &#8216;fatiar&#8217; conselho de administra\u00e7\u00e3o<\/a><\/li><li><a href=\"https:\/\/www.suno.com.br\/noticias\/oi-oibr3-novo-protecao-credores-nova-recuperacao-judicial\/\">Oi (OIBR3) pede prote\u00e7\u00e3o contra credores e deve entrar com novo pedido de recupera\u00e7\u00e3o judicial<\/a><\/li>\t\t<\/ul>\n\t<\/div>\n\n\n\n\n<p>&#8220;O resultado gerado pelo neg\u00f3cio de fibra \u00f3tica, em que pese o crescimento que tem sido experimentado, ainda n\u00e3o \u00e9 suficiente para permitir o equacionamento de obriga\u00e7\u00f5es pecuni\u00e1rias anteriores, o que imp\u00f5e a necessidade de se reestruturar a <a class=\"suno-keyword\" target=\"_blank\" data-force=\"no\" data-priority=\"1\" href=\"https:\/\/www.suno.com.br\/artigos\/indicadores-estrutura-capital\/\" rel=\"noopener\">estrutura de capital<\/a> da Companhia&#8221;, destacou a companhia.<\/p>\n\n\n\n<blockquote class=\"wp-block-quote is-layout-flow wp-block-quote-is-layout-flow\">\n<p>O <strong>acordo com credores<\/strong> financeiros \u00e9 essencial para a sustentabilidade de curto e m\u00e9dio prazo, uma vez que, dentre outros motivos, o inadimplemento de obriga\u00e7\u00f5es financeiras de curto prazo poder\u00e3o desencadear o vencimento antecipado cruzado de uma s\u00e9rie de obriga\u00e7\u00f5es financeiras de m\u00e9dio e longo prazo, tornando, assim, o perfil de d\u00edvida incompat\u00edvel com seu fluxo de caixa.<\/p>\n<\/blockquote>\n\n\n\t<p>\n\t\t<a href=\"https:\/\/lp.suno.com.br\/planilha-controle-gastos\/\" target=\"_blank\" data-element=\"shortcode-suno-banner\" title=\"Banner SUNO, clique e saiba mais\">\n\t\t\t<picture>\n\t\t\t\t<source media=\"(max-width: 500px)\" srcset=\"https:\/\/files.sunoresearch.com.br\/n\/uploads\/2023\/03\/400x300-Planilha-controle-de-gastos.png\">\n\t\t\t\t<img class=\"newsContent__article__imgCapa newsContent__article__imgCapa--banner\"\n\t\t\t\t\tsrc=\"https:\/\/files.sunoresearch.com.br\/n\/uploads\/2023\/03\/1420x240-Planilha-controle-de-gastos.png\"\n\t\t\t\t\tdata-promo-id=\"101751\"\t\t\t\t\t\t\t\t\t\twidth='1420' height='240'\t\t\t\t\talt=\"https:\/\/files.sunoresearch.com.br\/n\/uploads\/2023\/03\/1420x240-Planilha-controle-de-gastos.png\"\n\t\t\t\t>\n\t\t\t<\/picture>\n\t\t<\/a>\n\t<\/p>\n\n\n\n\n\n<h2 class=\"wp-block-heading\" id=\"h-oi-nova-recuperacao-judicial\">Oi: Nova recupera\u00e7\u00e3o judicial?<\/h2>\n\n\n\n<p>No documento, a empresa admitiu que pode pedir mais uma <a class=\"suno-keyword\" target=\"_blank\" data-force=\"no\" data-priority=\"2\" href=\"https:\/\/www.suno.com.br\/artigos\/recuperacao-judicial\/\" rel=\"noopener\">recupera\u00e7\u00e3o judicial<\/a> devido a <strong>d\u00edvida bilion\u00e1ria<\/strong>. <\/p>\n\n\n\n<p>Segundo informa\u00e7\u00f5es divulgadas pelo jornal Valor Econ\u00f4mico e pela ag\u00eancia Reuters na quarta (1\u00ba), o pedido de <strong>prote\u00e7\u00e3o contra credores da Oi<\/strong> foi feito porque a empresa disse que n\u00e3o conseguiu chegar a um acordo para quitar as d\u00edvidas. Neste domingo (5), a empresa precisaria quitar R$ 600 milh\u00f5es a detentores de t\u00edtulos.<\/p>\n\n\n\n<p>Simultaneamente ao imbr\u00f3glio jur\u00eddico, a Oi vive outra confus\u00e3o: a pedido dos acionistas Templo Capital, Victor Adler e VIC DTVM, foi convocado uma assembleia geral extraordin\u00e1ria para 6 de mar\u00e7o.<\/p>\n\n\n\t<p>\n\t\t<a href=\"https:\/\/lp.suno.com.br\/ebook-como-analisar-uma-acao\/\" target=\"_blank\" data-element=\"shortcode-suno-banner\" title=\"Banner SUNO, clique e saiba mais\">\n\t\t\t<picture>\n\t\t\t\t<source media=\"(max-width: 500px)\" srcset=\"https:\/\/files.sunoresearch.com.br\/n\/uploads\/2023\/03\/Ebook-Acoes-Mobile-1.jpg\">\n\t\t\t\t<img class=\"newsContent__article__imgCapa newsContent__article__imgCapa--banner\"\n\t\t\t\t\tsrc=\"https:\/\/files.sunoresearch.com.br\/n\/uploads\/2023\/03\/Ebook-Acoes-Desktop-1.jpg\"\n\t\t\t\t\tdata-promo-id=\"171998\"\t\t\t\t\t\t\t\t\t\twidth='1420' height='286'\t\t\t\t\talt=\"https:\/\/files.sunoresearch.com.br\/n\/uploads\/2023\/03\/Ebook-Acoes-Desktop-1.jpg\"\n\t\t\t\t>\n\t\t\t<\/picture>\n\t\t<\/a>\n\t<\/p>\n\n\n\n\n\n<p>Entre as pautas da assembleia, est\u00e3o pedidos para a destitui\u00e7\u00e3o do atual <a class=\"suno-keyword\" target=\"_blank\" data-force=\"no\" data-priority=\"1\" href=\"https:\/\/www.suno.com.br\/artigos\/conselho-administracao\/\" rel=\"noopener\">Conselho de Administra\u00e7\u00e3o<\/a> da Oi e a mudan\u00e7a no n\u00famero de integrantes desta equipe do alto escal\u00e3o: de sete para nove membros titulares<\/p>\n\n\n\n<p>Em meio a esse caos, as <strong>a\u00e7\u00f5es da Oi<\/strong> fecharam o preg\u00e3o de quinta (2) em queda de 31,78%, ao pre\u00e7o de R$ 1,61, de acordo com o mapeamento do Status Invest.<\/p>\n\n\n\n<p>Na quarta (1\u00ba), os pap\u00e9is da <strong>Oi<\/strong> valiam R$ 2,36. Mesmo ap\u00f3s o grupamento, como o valor das a\u00e7\u00f5es \u00e9 baixo, qualquer varia\u00e7\u00e3o positiva ou negativa torna-se acentuada em valores percentuais.<\/p>\n\n\n\t<p>\n\t\t<a href=\"https:\/\/lp.suno.com.br\/planilha-de-controle-de-investimentos\/\" target=\"_blank\" data-element=\"shortcode-suno-banner\" title=\"Banner SUNO, clique e saiba mais\">\n\t\t\t<picture>\n\t\t\t\t<source media=\"(max-width: 500px)\" srcset=\"https:\/\/files.sunoresearch.com.br\/n\/uploads\/2023\/03\/400x300-Controle-de-Investimentos.png\">\n\t\t\t\t<img class=\"newsContent__article__imgCapa newsContent__article__imgCapa--banner\"\n\t\t\t\t\tsrc=\"https:\/\/files.sunoresearch.com.br\/n\/uploads\/2023\/03\/1420x240-Controle-de-Investimentos.png\"\n\t\t\t\t\tdata-promo-id=\"75934\"\t\t\t\t\t\t\t\t\t\twidth='1420' height='240'\t\t\t\t\talt=\"https:\/\/files.sunoresearch.com.br\/n\/uploads\/2023\/03\/1420x240-Controle-de-Investimentos.png\"\n\t\t\t\t>\n\t\t\t<\/picture>\n\t\t<\/a>\n\t<\/p>\n\n\n","protected":false},"excerpt":{"rendered":"<p>A Justi\u00e7a deferiu o pedido de tutela de urg\u00eancia solicitado pela Oi (OIBR3) contra seus credores. Nesta sexta (3), a companhia informou ao mercado que uma das caracter\u00edsticas dessa prote\u00e7\u00e3o jur\u00eddica \u00e9 a suspens\u00e3o dos efeitos de inadimplemento das d\u00edvidas avaliadas em cerca de R$ 29 bilh\u00f5es. No documento enviado \u00e0 Comiss\u00e3o de Valores Mobili\u00e1rios [&hellip;]<\/p>\n","protected":false},"author":232,"featured_media":323633,"comment_status":"closed","ping_status":"closed","sticky":false,"template":"","format":"standard","meta":[],"categories":[60],"tags":[286,584,314],"suno_strategy":[],"class_list":["post-357857","post","type-post","status-publish","format-standard","has-post-thumbnail","hentry","category-mercado","tag-acoes","tag-oi-oibr3-oibr4","tag-recuperacao-judicial"],"yoast_head":"<!-- This site is optimized with the Yoast SEO plugin v24.4 - https:\/\/yoast.com\/wordpress\/plugins\/seo\/ -->\n<title>Oi (OIBR3): Justi\u00e7a aceita pedido \u00e0s pressas e defere tutela de urg\u00eancia<\/title>\n<meta name=\"description\" content=\"A Justi\u00e7a deferiu o pedido de tutela de urg\u00eancia solicitado pela Oi (OIBR3) contra seus credores. Clique e saiba mais sobre o caso.\" \/>\n<meta name=\"robots\" content=\"index, follow, max-snippet:-1, max-image-preview:large, max-video-preview:-1\" \/>\n<link rel=\"canonical\" href=\"https:\/\/www.suno.com.br\/noticias\/oi-oibr3-justica-defere-tutela-urgencia-credores\/\" \/>\n<meta property=\"og:locale\" content=\"pt_BR\" \/>\n<meta property=\"og:type\" content=\"article\" \/>\n<meta property=\"og:title\" content=\"Oi (OIBR3): Justi\u00e7a aceita pedido \u00e0s pressas e defere tutela de urg\u00eancia\" \/>\n<meta property=\"og:description\" content=\"A Justi\u00e7a deferiu o pedido de tutela de urg\u00eancia solicitado pela Oi (OIBR3) contra seus credores. Clique e saiba mais sobre o caso.\" \/>\n<meta property=\"og:url\" content=\"https:\/\/www.suno.com.br\/noticias\/oi-oibr3-justica-defere-tutela-urgencia-credores\/\" \/>\n<meta property=\"og:site_name\" content=\"Suno Not\u00edcias\" \/>\n<meta property=\"article:publisher\" content=\"https:\/\/facebook.com\/sunoresearch\" \/>\n<meta property=\"og:image\" content=\"https:\/\/files.sunoresearch.com.br\/n\/uploads\/2022\/11\/oi-oibr3-recuperacao-judicial-foto-rafael-henrique-getty-images.jpg\" \/>\n\t<meta property=\"og:image:width\" content=\"1200\" \/>\n\t<meta property=\"og:image:height\" content=\"675\" \/>\n\t<meta property=\"og:image:type\" content=\"image\/jpeg\" \/>\n<meta name=\"author\" content=\"Erick Matheus Nery\" \/>\n<meta name=\"twitter:card\" content=\"summary_large_image\" \/>\n<meta name=\"twitter:creator\" content=\"@sunoresearch\" \/>\n<meta name=\"twitter:site\" content=\"@sunoresearch\" \/>\n<meta name=\"twitter:label1\" content=\"Escrito por\" \/>\n\t<meta name=\"twitter:data1\" content=\"Erick Matheus Nery\" \/>\n\t<meta name=\"twitter:label2\" content=\"Est. tempo de leitura\" \/>\n\t<meta name=\"twitter:data2\" content=\"3 minutos\" \/>\n<script type=\"application\/ld+json\" class=\"yoast-schema-graph\">{\"@context\":\"https:\/\/schema.org\",\"@graph\":[{\"@type\":\"NewsArticle\",\"@id\":\"https:\/\/www.suno.com.br\/noticias\/oi-oibr3-justica-defere-tutela-urgencia-credores\/#article\",\"isPartOf\":{\"@id\":\"https:\/\/www.suno.com.br\/noticias\/oi-oibr3-justica-defere-tutela-urgencia-credores\/\"},\"author\":{\"name\":\"Erick Matheus Nery\",\"@id\":\"https:\/\/www.suno.com.br\/noticias\/#\/schema\/person\/6899bc3f19d1a7315f807131c2c013a0\"},\"headline\":\"Justi\u00e7a aceita pedido \u00e0s pressas da Oi (OIBR3) e defere tutela de urg\u00eancia contra credores\",\"datePublished\":\"2023-02-03T11:44:29+00:00\",\"dateModified\":\"2023-02-03T12:20:29+00:00\",\"mainEntityOfPage\":{\"@id\":\"https:\/\/www.suno.com.br\/noticias\/oi-oibr3-justica-defere-tutela-urgencia-credores\/\"},\"wordCount\":604,\"publisher\":{\"@id\":\"https:\/\/www.suno.com.br\/noticias\/#organization\"},\"image\":{\"@id\":\"https:\/\/www.suno.com.br\/noticias\/oi-oibr3-justica-defere-tutela-urgencia-credores\/#primaryimage\"},\"thumbnailUrl\":\"https:\/\/files.sunoresearch.com.br\/n\/uploads\/2022\/11\/oi-oibr3-recuperacao-judicial-foto-rafael-henrique-getty-images.jpg\",\"keywords\":[\"A\u00e7\u00f5es\",\"Oi (OIBR3\/OIBR4)\",\"recupera\u00e7\u00e3o judicial\"],\"articleSection\":[\"Mercado\"],\"inLanguage\":\"pt-BR\"},{\"@type\":\"WebPage\",\"@id\":\"https:\/\/www.suno.com.br\/noticias\/oi-oibr3-justica-defere-tutela-urgencia-credores\/\",\"url\":\"https:\/\/www.suno.com.br\/noticias\/oi-oibr3-justica-defere-tutela-urgencia-credores\/\",\"name\":\"Oi (OIBR3): Justi\u00e7a aceita pedido \u00e0s pressas e defere tutela de urg\u00eancia\",\"isPartOf\":{\"@id\":\"https:\/\/www.suno.com.br\/noticias\/#website\"},\"primaryImageOfPage\":{\"@id\":\"https:\/\/www.suno.com.br\/noticias\/oi-oibr3-justica-defere-tutela-urgencia-credores\/#primaryimage\"},\"image\":{\"@id\":\"https:\/\/www.suno.com.br\/noticias\/oi-oibr3-justica-defere-tutela-urgencia-credores\/#primaryimage\"},\"thumbnailUrl\":\"https:\/\/files.sunoresearch.com.br\/n\/uploads\/2022\/11\/oi-oibr3-recuperacao-judicial-foto-rafael-henrique-getty-images.jpg\",\"datePublished\":\"2023-02-03T11:44:29+00:00\",\"dateModified\":\"2023-02-03T12:20:29+00:00\",\"description\":\"A Justi\u00e7a deferiu o pedido de tutela de urg\u00eancia solicitado pela Oi (OIBR3) contra seus credores. Clique e saiba mais sobre o caso.\",\"breadcrumb\":{\"@id\":\"https:\/\/www.suno.com.br\/noticias\/oi-oibr3-justica-defere-tutela-urgencia-credores\/#breadcrumb\"},\"inLanguage\":\"pt-BR\",\"potentialAction\":[{\"@type\":\"ReadAction\",\"target\":[\"https:\/\/www.suno.com.br\/noticias\/oi-oibr3-justica-defere-tutela-urgencia-credores\/\"]}]},{\"@type\":\"ImageObject\",\"inLanguage\":\"pt-BR\",\"@id\":\"https:\/\/www.suno.com.br\/noticias\/oi-oibr3-justica-defere-tutela-urgencia-credores\/#primaryimage\",\"url\":\"https:\/\/files.sunoresearch.com.br\/n\/uploads\/2022\/11\/oi-oibr3-recuperacao-judicial-foto-rafael-henrique-getty-images.jpg\",\"contentUrl\":\"https:\/\/files.sunoresearch.com.br\/n\/uploads\/2022\/11\/oi-oibr3-recuperacao-judicial-foto-rafael-henrique-getty-images.jpg\",\"width\":1200,\"height\":675,\"caption\":\"Oi (OIBR3). Foto: Rafael Henrique\/Getty Images\"},{\"@type\":\"BreadcrumbList\",\"@id\":\"https:\/\/www.suno.com.br\/noticias\/oi-oibr3-justica-defere-tutela-urgencia-credores\/#breadcrumb\",\"itemListElement\":[{\"@type\":\"ListItem\",\"position\":1,\"name\":\"Not\u00edcias\",\"item\":\"https:\/\/www.suno.com.br\/noticias\/\"},{\"@type\":\"ListItem\",\"position\":2,\"name\":\"Mercado\",\"item\":\"https:\/\/www.suno.com.br\/noticias\/mercado\/\"},{\"@type\":\"ListItem\",\"position\":3,\"name\":\"Justi\u00e7a aceita pedido \u00e0s pressas da Oi (OIBR3) e defere tutela de urg\u00eancia contra credores\"}]},{\"@type\":\"WebSite\",\"@id\":\"https:\/\/www.suno.com.br\/noticias\/#website\",\"url\":\"https:\/\/www.suno.com.br\/noticias\/\",\"name\":\"Suno Not\u00edcias\",\"description\":\"Seu portal de informa\u00e7\u00e3o sobre o mundo dos investimentos\",\"publisher\":{\"@id\":\"https:\/\/www.suno.com.br\/noticias\/#organization\"},\"potentialAction\":[{\"@type\":\"SearchAction\",\"target\":{\"@type\":\"EntryPoint\",\"urlTemplate\":\"https:\/\/www.suno.com.br\/noticias\/?s={search_term_string}\"},\"query-input\":{\"@type\":\"PropertyValueSpecification\",\"valueRequired\":true,\"valueName\":\"search_term_string\"}}],\"inLanguage\":\"pt-BR\"},{\"@type\":\"Organization\",\"@id\":\"https:\/\/www.suno.com.br\/noticias\/#organization\",\"name\":\"Suno Not\u00edcias\",\"url\":\"https:\/\/www.suno.com.br\/noticias\/\",\"logo\":{\"@type\":\"ImageObject\",\"inLanguage\":\"pt-BR\",\"@id\":\"https:\/\/www.suno.com.br\/noticias\/#\/schema\/logo\/image\/\",\"url\":\"https:\/\/files.sunoresearch.com.br\/n\/uploads\/2021\/09\/suno-logo.png\",\"contentUrl\":\"https:\/\/files.sunoresearch.com.br\/n\/uploads\/2021\/09\/suno-logo.png\",\"width\":180,\"height\":180,\"caption\":\"Suno Not\u00edcias\"},\"image\":{\"@id\":\"https:\/\/www.suno.com.br\/noticias\/#\/schema\/logo\/image\/\"},\"sameAs\":[\"https:\/\/facebook.com\/sunoresearch\",\"https:\/\/x.com\/sunoresearch\",\"https:\/\/www.instagram.com\/suno\",\"https:\/\/www.linkedin.com\/company\/suno-research\/\",\"https:\/\/www.youtube.com\/c\/sunoresearch\"]},{\"@type\":\"Person\",\"@id\":\"https:\/\/www.suno.com.br\/noticias\/#\/schema\/person\/6899bc3f19d1a7315f807131c2c013a0\",\"name\":\"Erick Matheus Nery\",\"image\":{\"@type\":\"ImageObject\",\"inLanguage\":\"pt-BR\",\"@id\":\"https:\/\/www.suno.com.br\/noticias\/#\/schema\/person\/image\/\",\"url\":\"https:\/\/secure.gravatar.com\/avatar\/518ddffe438ccb767782d372a66304d2?s=96&r=g\",\"contentUrl\":\"https:\/\/secure.gravatar.com\/avatar\/518ddffe438ccb767782d372a66304d2?s=96&r=g\",\"caption\":\"Erick Matheus Nery\"},\"description\":\"Formado em Jornalismo pela Universidade Federal do Par\u00e1 (UFPA), conta com extens\u00e3o em Jornalismo Econ\u00f4mico pela Funda\u00e7\u00e3o Get\u00falio Vargas (FGV). No Suno Not\u00edcias, atua como rep\u00f3rter de Mercado, com foco nos setores de telecomunica\u00e7\u00f5es, varejo, alimentos e renda fixa. Conta com passagens pelo jornal O Estado de S\u00e3o Paulo, como trainee de Jornalismo Econ\u00f4mico, e pelo site Not\u00edcias da TV.\",\"url\":\"https:\/\/www.suno.com.br\/noticias\/author\/erick-nery\/\"}]}<\/script>\n<!-- \/ Yoast SEO plugin. -->","yoast_head_json":{"title":"Oi (OIBR3): Justi\u00e7a aceita pedido \u00e0s pressas e defere tutela de urg\u00eancia","description":"A Justi\u00e7a deferiu o pedido de tutela de urg\u00eancia solicitado pela Oi (OIBR3) contra seus credores. Clique e saiba mais sobre o caso.","robots":{"index":"index","follow":"follow","max-snippet":"max-snippet:-1","max-image-preview":"max-image-preview:large","max-video-preview":"max-video-preview:-1"},"canonical":"https:\/\/www.suno.com.br\/noticias\/oi-oibr3-justica-defere-tutela-urgencia-credores\/","og_locale":"pt_BR","og_type":"article","og_title":"Oi (OIBR3): Justi\u00e7a aceita pedido \u00e0s pressas e defere tutela de urg\u00eancia","og_description":"A Justi\u00e7a deferiu o pedido de tutela de urg\u00eancia solicitado pela Oi (OIBR3) contra seus credores. Clique e saiba mais sobre o caso.","og_url":"https:\/\/www.suno.com.br\/noticias\/oi-oibr3-justica-defere-tutela-urgencia-credores\/","og_site_name":"Suno Not\u00edcias","article_publisher":"https:\/\/facebook.com\/sunoresearch","og_image":[{"width":1200,"height":675,"url":"https:\/\/files.sunoresearch.com.br\/n\/uploads\/2022\/11\/oi-oibr3-recuperacao-judicial-foto-rafael-henrique-getty-images.jpg","type":"image\/jpeg"}],"author":"Erick Matheus Nery","twitter_card":"summary_large_image","twitter_creator":"@sunoresearch","twitter_site":"@sunoresearch","twitter_misc":{"Escrito por":"Erick Matheus Nery","Est. tempo de leitura":"3 minutos"},"schema":{"@context":"https:\/\/schema.org","@graph":[{"@type":"NewsArticle","@id":"https:\/\/www.suno.com.br\/noticias\/oi-oibr3-justica-defere-tutela-urgencia-credores\/#article","isPartOf":{"@id":"https:\/\/www.suno.com.br\/noticias\/oi-oibr3-justica-defere-tutela-urgencia-credores\/"},"author":{"name":"Erick Matheus Nery","@id":"https:\/\/www.suno.com.br\/noticias\/#\/schema\/person\/6899bc3f19d1a7315f807131c2c013a0"},"headline":"Justi\u00e7a aceita pedido \u00e0s pressas da Oi (OIBR3) e defere tutela de urg\u00eancia contra credores","datePublished":"2023-02-03T11:44:29+00:00","dateModified":"2023-02-03T12:20:29+00:00","mainEntityOfPage":{"@id":"https:\/\/www.suno.com.br\/noticias\/oi-oibr3-justica-defere-tutela-urgencia-credores\/"},"wordCount":604,"publisher":{"@id":"https:\/\/www.suno.com.br\/noticias\/#organization"},"image":{"@id":"https:\/\/www.suno.com.br\/noticias\/oi-oibr3-justica-defere-tutela-urgencia-credores\/#primaryimage"},"thumbnailUrl":"https:\/\/files.sunoresearch.com.br\/n\/uploads\/2022\/11\/oi-oibr3-recuperacao-judicial-foto-rafael-henrique-getty-images.jpg","keywords":["A\u00e7\u00f5es","Oi (OIBR3\/OIBR4)","recupera\u00e7\u00e3o judicial"],"articleSection":["Mercado"],"inLanguage":"pt-BR"},{"@type":"WebPage","@id":"https:\/\/www.suno.com.br\/noticias\/oi-oibr3-justica-defere-tutela-urgencia-credores\/","url":"https:\/\/www.suno.com.br\/noticias\/oi-oibr3-justica-defere-tutela-urgencia-credores\/","name":"Oi (OIBR3): Justi\u00e7a aceita pedido \u00e0s pressas e defere tutela de urg\u00eancia","isPartOf":{"@id":"https:\/\/www.suno.com.br\/noticias\/#website"},"primaryImageOfPage":{"@id":"https:\/\/www.suno.com.br\/noticias\/oi-oibr3-justica-defere-tutela-urgencia-credores\/#primaryimage"},"image":{"@id":"https:\/\/www.suno.com.br\/noticias\/oi-oibr3-justica-defere-tutela-urgencia-credores\/#primaryimage"},"thumbnailUrl":"https:\/\/files.sunoresearch.com.br\/n\/uploads\/2022\/11\/oi-oibr3-recuperacao-judicial-foto-rafael-henrique-getty-images.jpg","datePublished":"2023-02-03T11:44:29+00:00","dateModified":"2023-02-03T12:20:29+00:00","description":"A Justi\u00e7a deferiu o pedido de tutela de urg\u00eancia solicitado pela Oi (OIBR3) contra seus credores. Clique e saiba mais sobre o caso.","breadcrumb":{"@id":"https:\/\/www.suno.com.br\/noticias\/oi-oibr3-justica-defere-tutela-urgencia-credores\/#breadcrumb"},"inLanguage":"pt-BR","potentialAction":[{"@type":"ReadAction","target":["https:\/\/www.suno.com.br\/noticias\/oi-oibr3-justica-defere-tutela-urgencia-credores\/"]}]},{"@type":"ImageObject","inLanguage":"pt-BR","@id":"https:\/\/www.suno.com.br\/noticias\/oi-oibr3-justica-defere-tutela-urgencia-credores\/#primaryimage","url":"https:\/\/files.sunoresearch.com.br\/n\/uploads\/2022\/11\/oi-oibr3-recuperacao-judicial-foto-rafael-henrique-getty-images.jpg","contentUrl":"https:\/\/files.sunoresearch.com.br\/n\/uploads\/2022\/11\/oi-oibr3-recuperacao-judicial-foto-rafael-henrique-getty-images.jpg","width":1200,"height":675,"caption":"Oi (OIBR3). Foto: Rafael Henrique\/Getty Images"},{"@type":"BreadcrumbList","@id":"https:\/\/www.suno.com.br\/noticias\/oi-oibr3-justica-defere-tutela-urgencia-credores\/#breadcrumb","itemListElement":[{"@type":"ListItem","position":1,"name":"Not\u00edcias","item":"https:\/\/www.suno.com.br\/noticias\/"},{"@type":"ListItem","position":2,"name":"Mercado","item":"https:\/\/www.suno.com.br\/noticias\/mercado\/"},{"@type":"ListItem","position":3,"name":"Justi\u00e7a aceita pedido \u00e0s pressas da Oi (OIBR3) e defere tutela de urg\u00eancia contra credores"}]},{"@type":"WebSite","@id":"https:\/\/www.suno.com.br\/noticias\/#website","url":"https:\/\/www.suno.com.br\/noticias\/","name":"Suno Not\u00edcias","description":"Seu portal de informa\u00e7\u00e3o sobre o mundo dos investimentos","publisher":{"@id":"https:\/\/www.suno.com.br\/noticias\/#organization"},"potentialAction":[{"@type":"SearchAction","target":{"@type":"EntryPoint","urlTemplate":"https:\/\/www.suno.com.br\/noticias\/?s={search_term_string}"},"query-input":{"@type":"PropertyValueSpecification","valueRequired":true,"valueName":"search_term_string"}}],"inLanguage":"pt-BR"},{"@type":"Organization","@id":"https:\/\/www.suno.com.br\/noticias\/#organization","name":"Suno Not\u00edcias","url":"https:\/\/www.suno.com.br\/noticias\/","logo":{"@type":"ImageObject","inLanguage":"pt-BR","@id":"https:\/\/www.suno.com.br\/noticias\/#\/schema\/logo\/image\/","url":"https:\/\/files.sunoresearch.com.br\/n\/uploads\/2021\/09\/suno-logo.png","contentUrl":"https:\/\/files.sunoresearch.com.br\/n\/uploads\/2021\/09\/suno-logo.png","width":180,"height":180,"caption":"Suno Not\u00edcias"},"image":{"@id":"https:\/\/www.suno.com.br\/noticias\/#\/schema\/logo\/image\/"},"sameAs":["https:\/\/facebook.com\/sunoresearch","https:\/\/x.com\/sunoresearch","https:\/\/www.instagram.com\/suno","https:\/\/www.linkedin.com\/company\/suno-research\/","https:\/\/www.youtube.com\/c\/sunoresearch"]},{"@type":"Person","@id":"https:\/\/www.suno.com.br\/noticias\/#\/schema\/person\/6899bc3f19d1a7315f807131c2c013a0","name":"Erick Matheus Nery","image":{"@type":"ImageObject","inLanguage":"pt-BR","@id":"https:\/\/www.suno.com.br\/noticias\/#\/schema\/person\/image\/","url":"https:\/\/secure.gravatar.com\/avatar\/518ddffe438ccb767782d372a66304d2?s=96&r=g","contentUrl":"https:\/\/secure.gravatar.com\/avatar\/518ddffe438ccb767782d372a66304d2?s=96&r=g","caption":"Erick Matheus Nery"},"description":"Formado em Jornalismo pela Universidade Federal do Par\u00e1 (UFPA), conta com extens\u00e3o em Jornalismo Econ\u00f4mico pela Funda\u00e7\u00e3o Get\u00falio Vargas (FGV). No Suno Not\u00edcias, atua como rep\u00f3rter de Mercado, com foco nos setores de telecomunica\u00e7\u00f5es, varejo, alimentos e renda fixa. Conta com passagens pelo jornal O Estado de S\u00e3o Paulo, como trainee de Jornalismo Econ\u00f4mico, e pelo site Not\u00edcias da TV.","url":"https:\/\/www.suno.com.br\/noticias\/author\/erick-nery\/"}]}},"default_loop_html":"<div class=\"cardsPage__listCard__boxs\"><div class=\"cardsPage__listCard__boxs__img\"><a href=\"https:\/\/www.suno.com.br\/noticias\/oi-oibr3-justica-defere-tutela-urgencia-credores\/\"><img class=\"mask\" src=\"https:\/\/www.suno.com.br\/noticias\/wp-content\/themes\/suno\/resources\/images\/spotlight\/spotlight1img\/bg-mask.png\" alt=\"Image Mask\"\/><img src=\"https:\/\/files.sunoresearch.com.br\/n\/uploads\/2022\/11\/oi-oibr3-recuperacao-judicial-foto-rafael-henrique-getty-images-400x200.jpg\" alt=\"Justi\u00e7a aceita pedido \u00e0s pressas da Oi (OIBR3) e defere tutela de urg\u00eancia contra credores\"\/><\/a><span class=\"spotlightCategory\"><a href=\"https:\/\/www.suno.com.br\/noticias\/mercado\/\">Mercado<\/a><\/span><\/div><div class=\"cardsPage__listCard__boxs__content\"><a href=\"https:\/\/www.suno.com.br\/noticias\/oi-oibr3-justica-defere-tutela-urgencia-credores\/\"><h2 class=\"content__title\">Justi\u00e7a aceita pedido \u00e0s pressas da Oi (OIBR3) e defere tutela de urg\u00eancia contra credores<\/h2><\/a><div class=\"newsContent__article__meta\"><div class=\"newsContent__article__meta__authorBox\"><a href=\"https:\/\/www.suno.com.br\/noticias\/author\/marco-lopes\/\" class=\"authorBox__avatar noMobi\"><img src=\"https:\/\/secure.gravatar.com\/avatar\/385167b012fbc1cde32c5446ee253313?s=96&#038;r=g\" alt=\"Marco Ant\u00f4nio Lopes\"><\/a><div class=\"authorBox__name\"><span>por\n\t\t\t<a href=\"https:\/\/www.suno.com.br\/noticias\/author\/marco-lopes\/\"><span itemprop=\"author\">Marco Ant\u00f4nio Lopes<\/span><\/a><\/span><time datetime=\"2023-02-03T08:44:29-03:00\" itemprop=\"datePublished\">03\/02\/2023 08:44<\/time><\/div><\/div><\/div><\/div><\/div>","single_layout":"posts","amp_enabled":true,"_links":{"self":[{"href":"https:\/\/www.suno.com.br\/noticias\/wp-json\/wp\/v2\/posts\/357857"}],"collection":[{"href":"https:\/\/www.suno.com.br\/noticias\/wp-json\/wp\/v2\/posts"}],"about":[{"href":"https:\/\/www.suno.com.br\/noticias\/wp-json\/wp\/v2\/types\/post"}],"author":[{"embeddable":true,"href":"https:\/\/www.suno.com.br\/noticias\/wp-json\/wp\/v2\/users\/232"}],"replies":[{"embeddable":true,"href":"https:\/\/www.suno.com.br\/noticias\/wp-json\/wp\/v2\/comments?post=357857"}],"version-history":[{"count":3,"href":"https:\/\/www.suno.com.br\/noticias\/wp-json\/wp\/v2\/posts\/357857\/revisions"}],"predecessor-version":[{"id":357872,"href":"https:\/\/www.suno.com.br\/noticias\/wp-json\/wp\/v2\/posts\/357857\/revisions\/357872"}],"wp:featuredmedia":[{"embeddable":true,"href":"https:\/\/www.suno.com.br\/noticias\/wp-json\/wp\/v2\/media\/323633"}],"wp:attachment":[{"href":"https:\/\/www.suno.com.br\/noticias\/wp-json\/wp\/v2\/media?parent=357857"}],"wp:term":[{"taxonomy":"category","embeddable":true,"href":"https:\/\/www.suno.com.br\/noticias\/wp-json\/wp\/v2\/categories?post=357857"},{"taxonomy":"post_tag","embeddable":true,"href":"https:\/\/www.suno.com.br\/noticias\/wp-json\/wp\/v2\/tags?post=357857"},{"taxonomy":"suno_strategy","embeddable":true,"href":"https:\/\/www.suno.com.br\/noticias\/wp-json\/wp\/v2\/suno_strategy?post=357857"}],"curies":[{"name":"wp","href":"https:\/\/api.w.org\/{rel}","templated":true}]}}