{"id":357852,"date":"2023-02-03T09:37:58","date_gmt":"2023-02-03T12:37:58","guid":{"rendered":"https:\/\/www.suno.com.br\/noticias\/?p=357852"},"modified":"2023-02-03T09:38:48","modified_gmt":"2023-02-03T12:38:48","slug":"lula-pt-autonomia-banco-central","status":"publish","type":"post","link":"https:\/\/www.suno.com.br\/noticias\/lula-pt-autonomia-banco-central\/","title":{"rendered":"Lula quer rediscutir autonomia do BC ap\u00f3s t\u00e9rmino do mandato de Campos Neto"},"content":{"rendered":"<p>O presidente <a href=\"https:\/\/www.suno.com.br\/noticias\/ministro-de-lula-usou-5-milhoes-orcamento-secreto\/\" target=\"_blank\" rel=\"noreferrer noopener\"><strong>Lula<\/strong> (PT)<\/a> afirmou, na v\u00e9spera, que pode debater a autonomia do <a class=\"suno-keyword\" data-force=\"no\" data-priority=\"3\" href=\"https:\/\/www.suno.com.br\/artigos\/bacen\/\" target=\"_blank\" rel=\"noopener\">Banco Central (BC)<\/a> ap\u00f3s o t\u00e9rmino do mandato do presidente da autarquia, Roberto Campos Neto.<\/p><div class=\"videoFull \">\n\t\t\t<div class=\"videoWrapper yt-lazyload center\"\n\t\t\t\tdata-width=\"960\"\n\t\t\t\tdata-height=\"540\"\n\t\t\t\tdata-id=\"7xywqvZt5F0\"\n\t\t\t\tdata-alt=\"V\u00eddeo do YouTube - clique para reproduzir\"\n\t\t\t\tdata-logo=\"3\"\n\t\t\t\tdata-imagequality=\"maxres\">\n\t\t\t<\/div>\n\t\t<\/div><script type=\"application\/ld+json\">{\"@context\":\"https:\/\/schema.org\",\"@type\":\"VideoObject\",\"name\":\"APPLE (AAPL34), AMAZON (AMZO34), GOOGLE (GOGL34): Big techs decepcionam | Lula volta a criticar BC\",\"description\":\"\ud83d\udd0e \ud83d\udcca[\ud835\uddf2\ud835\uddd5\ud835\uddfc\ud835\uddfc\ud835\uddf8 \ud835\uddda\ud835\udde5\ud835\uddd4\ud835\udde7\ud835\udde8\ud835\udddc\ud835\udde7\ud835\udde2] \ud835\uddd4\ud835\uddfd\ud835\uddff\ud835\uddf2\ud835\uddfb\ud835\uddf1\ud835\uddee \ud835\uddf0\ud835\uddfc\ud835\uddfa\ud835\uddfc \ud835\uddee\ud835\uddfb\ud835\uddee\ud835\uddf9\ud835\uddf6\ud835\ude00\ud835\uddee\ud835\uddff \ud835\ude02\ud835\uddfa\ud835\uddee \ud835\uddee\u00e7\u00e3\ud835\uddfc\u200b \ud83d\udc47 https:\/\/lp.suno.com.br\/ebook-como-analisar-uma-acao\/?utm_source=youtube.noticias&utm_medium=live&utm_campaign=ebookcomoanalisarumaacao.20230201&utm_content=ytnoticias.morning.02022023 #morningcall #Not\u00edcias #investimentos #bigtechs #mercadofinanceiro #bolsadevalores #ibovespa #bb #apple #amazon #google #alphabet #aapl34 #amzo34 #gogl34 #balan\u00e7os #lula #bancocentral #selic #infla\u00e7\u00e3o \ud83d\udd34\ud835\udc08\ud835\udc0d\ud835\udc12\ud835\udc02\ud835\udc11\ud835\udc04\ud835\udc15\ud835\udc00-\ud835\udc12\ud835\udc04 \ud835\udc0d\ud835\udc0e \ud835\udc02\ud835\udc00\ud835\udc0d\ud835\udc00\ud835\udc0b \ud835\udc04 \ud835\udc00\ud835\udc13\ud835\udc08\ud835\udc15\ud835\udc04 \ud835\udc0e \ud835\udc12\ud835\udc08\ud835\udc0d\ud835\udc0e \ud83d\udc47 https:\/\/bit.ly\/INSCREVA-SEATIVEOSINO \ud83d\udea8\ud83d\udcb8\ud835\udc01\ud835\udc1a\ud835\udc22\ud835\udc31\ud835\udc1e \ud835\udc28 \ud835\udc20\ud835\udc2e\ud835\udc22\ud835\udc1a \"\ud835\udc02\ud835\udc28\ud835\udc26\ud835\udc28 \ud835\udc22\ud835\udc27\ud835\udc2f\ud835\udc1e\ud835\udc2c\ud835\udc2d\ud835\udc22\ud835\udc2b \ud835\udc1e\ud835\udc26 \ud835\udfd0\ud835\udfce\ud835\udfd0\ud835\udfd1\" \ud835\udc27\ud835\udc28 \ud835\udc25\ud835\udc22\ud835\udc27\ud835\udc24 \ud83d\udc47 https:\/\/lp.suno.com.br\/cl\/sr-guia-como-investir-em-2023\/?utm_source=youtube.noticias&utm_medium=live&utm_campaign=N\/A.ns.20230109&utm_content=ytnoticias.livedas19h.13012023 \ud83d\udcda \ud835\udfcf\ud835\udfce \ud835\udc0b\ud835\udc22\ud835\udc2f\ud835\udc2b\ud835\udc28\ud835\udc2c \ud835\udc2a\ud835\udc2e\ud835\udc1e \ud835\udc13\ud835\udc28\ud835\udc1d\ud835\udc28\u2026\",\"duration\":\"PT36M12S\",\"embedUrl\":\"https:\/\/www.youtube.com\/embed\/7xywqvZt5F0\",\"regionsAllowed\":\"pt-BR\",\"interactionStatistic\":{\"@type\":\"InteractionCounter\",\"interactionType\":{\"@type\":\"WatchAction\"},\"userInteractionCount\":2331},\"thumbnailUrl\":\"https:\/\/i.ytimg.com\/vi\/7xywqvZt5F0\/default.jpg\",\"uploadDate\":\"2023-02-03T12:47:00Z\"}<\/script>\n\n\n\n\n\t<p>\n\t\t<a href=\"\" target=\"_blank\" data-element=\"shortcode-suno-banner\" title=\"Banner SUNO, clique e saiba mais\">\n\t\t\t<picture>\n\t\t\t\t<source media=\"(max-width: 500px)\" srcset=\"\">\n\t\t\t\t<img class=\"newsContent__article__imgCapa newsContent__article__imgCapa--banner\"\n\t\t\t\t\tsrc=\"\"\n\t\t\t\t\tdata-promo-id=\"240038\"\t\t\t\t\t\t\t\t\t\t\t\t\t\t\talt=\"\"\n\t\t\t\t>\n\t\t\t<\/picture>\n\t\t<\/a>\n\t<\/p>\n\n\n\n\n\n<p>Conforme o cronograma atual, Campos Neto presidir\u00e1 o <strong>Banco Central<\/strong> at\u00e9 o fim do ano de 2024 &#8211; e o mandat\u00e1rio j\u00e1 negou a possibilidade de permanecer trabalhando na autoridade monet\u00e1ria. Segundo Lula, a autonomia foi &#8216;dada&#8217; por ele em ocasi\u00f5es anteriores.<\/p>\n\n\n\n<p>Em declara\u00e7\u00f5es ao jornalista Kennedy Alencar, da RedeTV! e do portal UOL, o petista disse que mantinha uma rela\u00e7\u00e3o positiva com Henrique Meirelles, por exemplo.<\/p>\n\n\n\n<p>\u201cO que acontece \u00e9 que a gente conversava. Este pa\u00eds est\u00e1 dando certo? Este pa\u00eds est\u00e1 crescendo? O povo est\u00e1 melhorando de vida? N\u00e3o. Ent\u00e3o, eu quero saber de que serviu a independ\u00eancia. Eu vou esperar esse cidad\u00e3o [Campos Neto] terminar o mandato dele para a gente fazer uma avalia\u00e7\u00e3o do que significou o Banco Central independente\u201d, disse.<\/p>\n\n\n\n<p>&#8220;Eu acho que eles [os presidentes da C\u00e2mara e do Senado] imaginavam que, fazendo o Banco Central aut\u00f4nomo, a economia voltaria a crescer, os juros abaixariam e tudo ia ser maravilhoso\u201d, seguiu.<\/p>\n\n\n\n<p>Al\u00e9m disso, voltou a criticar o atual patamar da <a class=\"suno-keyword\" target=\"_blank\" data-force=\"no\" data-priority=\"1\" href=\"https:\/\/www.suno.com.br\/artigos\/taxa-de-juros\/\" rel=\"noopener\">taxa b\u00e1sica de juros<\/a>, a 13,75% ao ano, e a <a class=\"suno-keyword\" target=\"_blank\" data-force=\"no\" data-priority=\"1\" href=\"https:\/\/www.suno.com.br\/artigos\/meta-de-inflacao\/\" rel=\"noopener\">meta de infla\u00e7\u00e3o<\/a>, de 3,25%.<\/p>\n\n\n\t<p>\n\t\t<a href=\"https:\/\/lp.suno.com.br\/planilha-controle-gastos\/\" target=\"_blank\" data-element=\"shortcode-suno-banner\" title=\"Banner SUNO, clique e saiba mais\">\n\t\t\t<picture>\n\t\t\t\t<source media=\"(max-width: 500px)\" srcset=\"https:\/\/files.sunoresearch.com.br\/n\/uploads\/2023\/03\/400x300-Planilha-controle-de-gastos.png\">\n\t\t\t\t<img class=\"newsContent__article__imgCapa newsContent__article__imgCapa--banner\"\n\t\t\t\t\tsrc=\"https:\/\/files.sunoresearch.com.br\/n\/uploads\/2023\/03\/1420x240-Planilha-controle-de-gastos.png\"\n\t\t\t\t\tdata-promo-id=\"101751\"\t\t\t\t\t\t\t\t\t\twidth='1420' height='240'\t\t\t\t\talt=\"https:\/\/files.sunoresearch.com.br\/n\/uploads\/2023\/03\/1420x240-Planilha-controle-de-gastos.png\"\n\t\t\t\t>\n\t\t\t<\/picture>\n\t\t<\/a>\n\t<\/p>\n\n\n\n\n\n<p>Segundo Lula, o &#8220;Brasil precisa voltar a crescer&#8221; e n\u00e3o h\u00e1 raz\u00e3o para a taxa b\u00e1sica de juros ficar no patamar atual, acima de 13%.<\/p>\n\n\n\n<p>Lula disse que ir\u00e1 reunir um grupo de empres\u00e1rios para entender por que a Selic \u00e9 mantida em patamares altos e que ir\u00e1 cobrar uma explica\u00e7\u00e3o de Campos Neto.<\/p>\n\n\n\n<p>Ainda nesta semana, Alckmin deu declara\u00e7\u00f5es semelhantes durante uma participa\u00e7\u00e3o em um evento empresarial.<\/p>\n\n\n\n\t<div data-element=\"shortcode-read-more\" class=\"readToo\">\n\t\t\t\t<span class=\"readToo__title\">Leia mais<\/span>\n\t\t\t\t<ul class=\"readToo__list\">\n\t\t\t<li><a href=\"https:\/\/www.suno.com.br\/noticias\/oi-oibr3-justica-defere-tutela-urgencia-credores\/\">Justi\u00e7a aceita pedido \u00e0s pressas da Oi (OIBR3) e defere tutela de urg\u00eancia contra credores<\/a><\/li><li><a href=\"https:\/\/www.suno.com.br\/noticias\/raizen-raiz4-acoes-baratas-btg\/\">&#8216;Ra\u00edzen (RAIZ4) est\u00e1 barata e a\u00e7\u00f5es v\u00e3o mais do que dobrar&#8217;, diz BTG<\/a><\/li><li><a href=\"https:\/\/www.suno.com.br\/noticias\/lula-caso-americanas-amer3-fraude-ambev-abev3\/\">Lula: caso Americanas (AMER3) foi fraude que pode chegar \u00e0 Ambev (ABEV3)<\/a><\/li><li><a href=\"https:\/\/www.suno.com.br\/noticias\/americanas-amer3-zanin-advogado-lula\/\">Americanas (AMER3) contrata Cristiano Zanin, advogado que defendeu Lula na Lava Jato, para guerra contra BTG Pactual (BPAC11)<\/a><\/li>\t\t<\/ul>\n\t<\/div>\n\n\n\n\n<h2 class=\"wp-block-heading\" id=\"h-autonomia-do-banco-central-nao-tem-3-anos\">Autonomia do Banco Central n\u00e3o tem 3 anos<\/h2>\n\n\n\n<p>A pol\u00edtica criticada por Lula foi instaurada atrav\u00e9s de uma Lei que passou a vigorar somente durante o ano de 2021, no governo de Jair Bolsonaro (PL).<\/p>\n\n\n\n<p>Campos Neto considera a medida um &#8220;amadurecimento institucional&#8221;.<\/p>\n\n\n\t<p>\n\t\t<a href=\"https:\/\/lp.suno.com.br\/planilha-da-vida-financeira\/\" target=\"_blank\" data-element=\"shortcode-suno-banner\" title=\"Banner SUNO, clique e saiba mais\">\n\t\t\t<picture>\n\t\t\t\t<source media=\"(max-width: 500px)\" srcset=\"https:\/\/files.sunoresearch.com.br\/n\/uploads\/2023\/04\/400x300-Planilha-vida-financeira-true.png\">\n\t\t\t\t<img class=\"newsContent__article__imgCapa newsContent__article__imgCapa--banner\"\n\t\t\t\t\tsrc=\"https:\/\/files.sunoresearch.com.br\/n\/uploads\/2023\/04\/1420x240-Planilha-vida-financeira-true.png\"\n\t\t\t\t\tdata-promo-id=\"106682\"\t\t\t\t\t\t\t\t\t\twidth='1420' height='240'\t\t\t\t\talt=\"https:\/\/files.sunoresearch.com.br\/n\/uploads\/2023\/04\/1420x240-Planilha-vida-financeira-true.png\"\n\t\t\t\t>\n\t\t\t<\/picture>\n\t\t<\/a>\n\t<\/p>\n\n\n\n\n\n<p>\u201cA literatura econ\u00f4mica e a experi\u00eancia internacional mostram que a <strong><a href=\"https:\/\/www.bcb.gov.br\/detalhenoticia\/517\/noticia\" target=\"_blank\" rel=\"noreferrer noopener\">autonomia do Banco Central<\/a><\/strong> est\u00e1 associada a n\u00edveis mais baixos e menor volatilidade da infla\u00e7\u00e3o, sem prejudicar o crescimento econ\u00f4mico\u201d, disse \u00e0 \u00e9poca.<\/p>\n\n\n\n<p>A legisla\u00e7\u00e3o estabelece mandato fixo de quatro anos para o Presidente do BC e demais diretores da autoridade monet\u00e1ria.<\/p>\n\n\n\n<p>Al\u00e9m disso, prev\u00ea que o mandato da presid\u00eancia do BC n\u00e3o dever\u00e1 coincidir com o mandato do Presidente da Rep\u00fablica.<\/p>\n\n\n\n<p>Os diretores tamb\u00e9m assumem de forma escalonada, de dois a cada ano &#8211; de um total de oito.<\/p>\n\n\n\n<p>Al\u00e9m disso, desvincula o <strong>BC do Minist\u00e9rio da Economia<\/strong> e o mant\u00e9m mais distante do Planalto e de interesses do Poder Executivo. <\/p>\n\n\n\n<h2 class=\"wp-block-heading\">Lula comparou Lemann a Eike<\/h2>\n\n\n\n<p>Tamb\u00e9m na quinta-feira (2), o presidente Lula comparou o empres\u00e1rio <a class=\"suno-keyword\" data-force=\"no\" data-priority=\"2\" href=\"https:\/\/www.suno.com.br\/tudo-sobre\/jorge-paulo-lemann\/\" target=\"_blank\" rel=\"noopener\">Jorge Paulo Lemann<\/a> a Eike Batista, <a href=\"https:\/\/www.suno.com.br\/noticias\/lula-caso-americanas-amer3-fraude-ambev-abev3\/\" target=\"_blank\" rel=\"noreferrer noopener\">afirmando que o acionista de refer\u00eancia da Americanas (AMER3) pode ter o mesmo destino do ex-presidente do Grupo X<\/a>.<\/p>\n\n\n\n<p>\u201cQuando era pequeno, a gente aprendia: nada como um dia atr\u00e1s do outro. Esse Lemann era vendido como \u2018suprassumo do empres\u00e1rio bem sucedido no planeta Terra\u2019. Era o cara que financiava jovens para estudar em Harvard e formar novo governo. Ele era o cara que falava contra corrup\u00e7\u00e3o todo dia e depois ele cometeu fraude que pode chegar a R$ 40 bilh\u00f5es\u201d, disse <strong>Lula<\/strong>.<\/p>\n\n\n\t<p>\n\t\t<a href=\"https:\/\/lp.suno.com.br\/ebook-como-analisar-uma-acao\/\" target=\"_blank\" data-element=\"shortcode-suno-banner\" title=\"Banner SUNO, clique e saiba mais\">\n\t\t\t<picture>\n\t\t\t\t<source media=\"(max-width: 500px)\" srcset=\"https:\/\/files.sunoresearch.com.br\/n\/uploads\/2023\/03\/Ebook-Acoes-Mobile-1.jpg\">\n\t\t\t\t<img class=\"newsContent__article__imgCapa newsContent__article__imgCapa--banner\"\n\t\t\t\t\tsrc=\"https:\/\/files.sunoresearch.com.br\/n\/uploads\/2023\/03\/Ebook-Acoes-Desktop-1.jpg\"\n\t\t\t\t\tdata-promo-id=\"171998\"\t\t\t\t\t\t\t\t\t\twidth='1420' height='286'\t\t\t\t\talt=\"https:\/\/files.sunoresearch.com.br\/n\/uploads\/2023\/03\/Ebook-Acoes-Desktop-1.jpg\"\n\t\t\t\t>\n\t\t\t<\/picture>\n\t\t<\/a>\n\t<\/p>\n\n\n","protected":false},"excerpt":{"rendered":"<p>O presidente Lula (PT) afirmou, na v\u00e9spera, que pode debater a autonomia do Banco Central (BC) ap\u00f3s o t\u00e9rmino do mandato do presidente da autarquia, Roberto Campos Neto. Conforme o cronograma atual, Campos Neto presidir\u00e1 o Banco Central at\u00e9 o fim do ano de 2024 &#8211; e o mandat\u00e1rio j\u00e1 negou a possibilidade de permanecer [&hellip;]<\/p>\n","protected":false},"author":73,"featured_media":353976,"comment_status":"closed","ping_status":"closed","sticky":false,"template":"","format":"standard","meta":[],"categories":[61],"tags":[1842,709],"suno_strategy":[],"class_list":["post-357852","post","type-post","status-publish","format-standard","has-post-thumbnail","hentry","category-politica","tag-banco-central-bc","tag-lula"],"yoast_head":"<!-- This site is optimized with the Yoast SEO plugin v24.4 - https:\/\/yoast.com\/wordpress\/plugins\/seo\/ -->\n<title>Lula quer rediscutir autonomia do Banco Central em 2024<\/title>\n<meta name=\"description\" content=\"Em entrevista, Lula citou &#039;boa rela\u00e7\u00e3o&#039; que tinha com Meirelles, al\u00e9m de comparar Lemann a Eike. Clique e confira!\" \/>\n<meta name=\"robots\" content=\"index, follow, max-snippet:-1, max-image-preview:large, max-video-preview:-1\" \/>\n<link rel=\"canonical\" href=\"https:\/\/www.suno.com.br\/noticias\/lula-pt-autonomia-banco-central\/\" \/>\n<meta property=\"og:locale\" content=\"pt_BR\" \/>\n<meta property=\"og:type\" content=\"article\" \/>\n<meta property=\"og:title\" content=\"Lula quer rediscutir autonomia do Banco Central em 2024\" \/>\n<meta property=\"og:description\" content=\"Em entrevista, Lula citou &#039;boa rela\u00e7\u00e3o&#039; que tinha com Meirelles, al\u00e9m de comparar Lemann a Eike. Clique e confira!\" \/>\n<meta property=\"og:url\" content=\"https:\/\/www.suno.com.br\/noticias\/lula-pt-autonomia-banco-central\/\" \/>\n<meta property=\"og:site_name\" content=\"Suno Not\u00edcias\" \/>\n<meta property=\"article:publisher\" content=\"https:\/\/facebook.com\/sunoresearch\" \/>\n<meta property=\"og:image\" content=\"https:\/\/files.sunoresearch.com.br\/n\/uploads\/2023\/01\/lula-presidente-reuniao-governadores-foto-jose-cruz-agencia-brasil.jpg\" \/>\n\t<meta property=\"og:image:width\" content=\"1200\" \/>\n\t<meta property=\"og:image:height\" content=\"675\" \/>\n\t<meta property=\"og:image:type\" content=\"image\/jpeg\" \/>\n<meta name=\"author\" content=\"Eduardo Vargas\" \/>\n<meta name=\"twitter:card\" content=\"summary_large_image\" \/>\n<meta name=\"twitter:creator\" content=\"@sunoresearch\" \/>\n<meta name=\"twitter:site\" content=\"@sunoresearch\" \/>\n<meta name=\"twitter:label1\" content=\"Escrito por\" \/>\n\t<meta name=\"twitter:data1\" content=\"Eduardo Vargas\" \/>\n\t<meta name=\"twitter:label2\" content=\"Est. tempo de leitura\" \/>\n\t<meta name=\"twitter:data2\" content=\"3 minutos\" \/>\n<script type=\"application\/ld+json\" class=\"yoast-schema-graph\">{\"@context\":\"https:\/\/schema.org\",\"@graph\":[{\"@type\":\"NewsArticle\",\"@id\":\"https:\/\/www.suno.com.br\/noticias\/lula-pt-autonomia-banco-central\/#article\",\"isPartOf\":{\"@id\":\"https:\/\/www.suno.com.br\/noticias\/lula-pt-autonomia-banco-central\/\"},\"author\":{\"name\":\"Eduardo Vargas\",\"@id\":\"https:\/\/www.suno.com.br\/noticias\/#\/schema\/person\/7f4d362bf3518e76090143ae77bb49a5\"},\"headline\":\"Lula quer rediscutir autonomia do BC ap\u00f3s t\u00e9rmino do mandato de Campos Neto\",\"datePublished\":\"2023-02-03T12:37:58+00:00\",\"dateModified\":\"2023-02-03T12:38:48+00:00\",\"mainEntityOfPage\":{\"@id\":\"https:\/\/www.suno.com.br\/noticias\/lula-pt-autonomia-banco-central\/\"},\"wordCount\":604,\"publisher\":{\"@id\":\"https:\/\/www.suno.com.br\/noticias\/#organization\"},\"image\":{\"@id\":\"https:\/\/www.suno.com.br\/noticias\/lula-pt-autonomia-banco-central\/#primaryimage\"},\"thumbnailUrl\":\"https:\/\/files.sunoresearch.com.br\/n\/uploads\/2023\/01\/lula-presidente-reuniao-governadores-foto-jose-cruz-agencia-brasil.jpg\",\"keywords\":[\"Banco Central (BC)\",\"Lula\"],\"articleSection\":[\"Pol\u00edtica\"],\"inLanguage\":\"pt-BR\"},{\"@type\":\"WebPage\",\"@id\":\"https:\/\/www.suno.com.br\/noticias\/lula-pt-autonomia-banco-central\/\",\"url\":\"https:\/\/www.suno.com.br\/noticias\/lula-pt-autonomia-banco-central\/\",\"name\":\"Lula quer rediscutir autonomia do Banco Central em 2024\",\"isPartOf\":{\"@id\":\"https:\/\/www.suno.com.br\/noticias\/#website\"},\"primaryImageOfPage\":{\"@id\":\"https:\/\/www.suno.com.br\/noticias\/lula-pt-autonomia-banco-central\/#primaryimage\"},\"image\":{\"@id\":\"https:\/\/www.suno.com.br\/noticias\/lula-pt-autonomia-banco-central\/#primaryimage\"},\"thumbnailUrl\":\"https:\/\/files.sunoresearch.com.br\/n\/uploads\/2023\/01\/lula-presidente-reuniao-governadores-foto-jose-cruz-agencia-brasil.jpg\",\"datePublished\":\"2023-02-03T12:37:58+00:00\",\"dateModified\":\"2023-02-03T12:38:48+00:00\",\"description\":\"Em entrevista, Lula citou 'boa rela\u00e7\u00e3o' que tinha com Meirelles, al\u00e9m de comparar Lemann a Eike. Clique e confira!\",\"breadcrumb\":{\"@id\":\"https:\/\/www.suno.com.br\/noticias\/lula-pt-autonomia-banco-central\/#breadcrumb\"},\"inLanguage\":\"pt-BR\",\"potentialAction\":[{\"@type\":\"ReadAction\",\"target\":[\"https:\/\/www.suno.com.br\/noticias\/lula-pt-autonomia-banco-central\/\"]}]},{\"@type\":\"ImageObject\",\"inLanguage\":\"pt-BR\",\"@id\":\"https:\/\/www.suno.com.br\/noticias\/lula-pt-autonomia-banco-central\/#primaryimage\",\"url\":\"https:\/\/files.sunoresearch.com.br\/n\/uploads\/2023\/01\/lula-presidente-reuniao-governadores-foto-jose-cruz-agencia-brasil.jpg\",\"contentUrl\":\"https:\/\/files.sunoresearch.com.br\/n\/uploads\/2023\/01\/lula-presidente-reuniao-governadores-foto-jose-cruz-agencia-brasil.jpg\",\"width\":1200,\"height\":675,\"caption\":\"Lula pede\u00a0que pa\u00edses ricos paguem\u00a0conta por\u00a0preserva\u00e7\u00e3o de florestas. Foto: Jos\u00e9 Cruz\/Ag\u00eancia Brasil\"},{\"@type\":\"BreadcrumbList\",\"@id\":\"https:\/\/www.suno.com.br\/noticias\/lula-pt-autonomia-banco-central\/#breadcrumb\",\"itemListElement\":[{\"@type\":\"ListItem\",\"position\":1,\"name\":\"Not\u00edcias\",\"item\":\"https:\/\/www.suno.com.br\/noticias\/\"},{\"@type\":\"ListItem\",\"position\":2,\"name\":\"Pol\u00edtica\",\"item\":\"https:\/\/www.suno.com.br\/noticias\/politica\/\"},{\"@type\":\"ListItem\",\"position\":3,\"name\":\"Lula quer rediscutir autonomia do BC ap\u00f3s t\u00e9rmino do mandato de Campos Neto\"}]},{\"@type\":\"WebSite\",\"@id\":\"https:\/\/www.suno.com.br\/noticias\/#website\",\"url\":\"https:\/\/www.suno.com.br\/noticias\/\",\"name\":\"Suno Not\u00edcias\",\"description\":\"Seu portal de informa\u00e7\u00e3o sobre o mundo dos investimentos\",\"publisher\":{\"@id\":\"https:\/\/www.suno.com.br\/noticias\/#organization\"},\"potentialAction\":[{\"@type\":\"SearchAction\",\"target\":{\"@type\":\"EntryPoint\",\"urlTemplate\":\"https:\/\/www.suno.com.br\/noticias\/?s={search_term_string}\"},\"query-input\":{\"@type\":\"PropertyValueSpecification\",\"valueRequired\":true,\"valueName\":\"search_term_string\"}}],\"inLanguage\":\"pt-BR\"},{\"@type\":\"Organization\",\"@id\":\"https:\/\/www.suno.com.br\/noticias\/#organization\",\"name\":\"Suno Not\u00edcias\",\"url\":\"https:\/\/www.suno.com.br\/noticias\/\",\"logo\":{\"@type\":\"ImageObject\",\"inLanguage\":\"pt-BR\",\"@id\":\"https:\/\/www.suno.com.br\/noticias\/#\/schema\/logo\/image\/\",\"url\":\"https:\/\/files.sunoresearch.com.br\/n\/uploads\/2021\/09\/suno-logo.png\",\"contentUrl\":\"https:\/\/files.sunoresearch.com.br\/n\/uploads\/2021\/09\/suno-logo.png\",\"width\":180,\"height\":180,\"caption\":\"Suno Not\u00edcias\"},\"image\":{\"@id\":\"https:\/\/www.suno.com.br\/noticias\/#\/schema\/logo\/image\/\"},\"sameAs\":[\"https:\/\/facebook.com\/sunoresearch\",\"https:\/\/x.com\/sunoresearch\",\"https:\/\/www.instagram.com\/suno\",\"https:\/\/www.linkedin.com\/company\/suno-research\/\",\"https:\/\/www.youtube.com\/c\/sunoresearch\"]},{\"@type\":\"Person\",\"@id\":\"https:\/\/www.suno.com.br\/noticias\/#\/schema\/person\/7f4d362bf3518e76090143ae77bb49a5\",\"name\":\"Eduardo Vargas\",\"image\":{\"@type\":\"ImageObject\",\"inLanguage\":\"pt-BR\",\"@id\":\"https:\/\/www.suno.com.br\/noticias\/#\/schema\/person\/image\/\",\"url\":\"https:\/\/secure.gravatar.com\/avatar\/dac340933427a22924c9f99d1eb2e3f2?s=96&r=g\",\"contentUrl\":\"https:\/\/secure.gravatar.com\/avatar\/dac340933427a22924c9f99d1eb2e3f2?s=96&r=g\",\"caption\":\"Eduardo Vargas\"},\"description\":\"Jornalista formado pela UFSC, cobre macroeconomia, neg\u00f3cios e startups para o Suno Not\u00edcias, escrevendo principalmente not\u00edcias sobre o mercado financeiro e a bolsa de valores. No YouTube e no Instagram, \u00e9 respons\u00e1vel pela produ\u00e7\u00e3o de Reels e Shorts do Suno Not\u00edcias. Anteriormente, trabalhou cobrindo economia e cotidiano no ND+ e para o ND, maior jornal impresso de Santa Catarina. Cursou um semestre letivo de Estudos de M\u00eddia na Universidad de Buenos Aires.\",\"url\":\"https:\/\/www.suno.com.br\/noticias\/author\/eduardo-vargas\/\"}]}<\/script>\n<!-- \/ Yoast SEO plugin. -->","yoast_head_json":{"title":"Lula quer rediscutir autonomia do Banco Central em 2024","description":"Em entrevista, Lula citou 'boa rela\u00e7\u00e3o' que tinha com Meirelles, al\u00e9m de comparar Lemann a Eike. Clique e confira!","robots":{"index":"index","follow":"follow","max-snippet":"max-snippet:-1","max-image-preview":"max-image-preview:large","max-video-preview":"max-video-preview:-1"},"canonical":"https:\/\/www.suno.com.br\/noticias\/lula-pt-autonomia-banco-central\/","og_locale":"pt_BR","og_type":"article","og_title":"Lula quer rediscutir autonomia do Banco Central em 2024","og_description":"Em entrevista, Lula citou 'boa rela\u00e7\u00e3o' que tinha com Meirelles, al\u00e9m de comparar Lemann a Eike. Clique e confira!","og_url":"https:\/\/www.suno.com.br\/noticias\/lula-pt-autonomia-banco-central\/","og_site_name":"Suno Not\u00edcias","article_publisher":"https:\/\/facebook.com\/sunoresearch","og_image":[{"width":1200,"height":675,"url":"https:\/\/files.sunoresearch.com.br\/n\/uploads\/2023\/01\/lula-presidente-reuniao-governadores-foto-jose-cruz-agencia-brasil.jpg","type":"image\/jpeg"}],"author":"Eduardo Vargas","twitter_card":"summary_large_image","twitter_creator":"@sunoresearch","twitter_site":"@sunoresearch","twitter_misc":{"Escrito por":"Eduardo Vargas","Est. tempo de leitura":"3 minutos"},"schema":{"@context":"https:\/\/schema.org","@graph":[{"@type":"NewsArticle","@id":"https:\/\/www.suno.com.br\/noticias\/lula-pt-autonomia-banco-central\/#article","isPartOf":{"@id":"https:\/\/www.suno.com.br\/noticias\/lula-pt-autonomia-banco-central\/"},"author":{"name":"Eduardo Vargas","@id":"https:\/\/www.suno.com.br\/noticias\/#\/schema\/person\/7f4d362bf3518e76090143ae77bb49a5"},"headline":"Lula quer rediscutir autonomia do BC ap\u00f3s t\u00e9rmino do mandato de Campos Neto","datePublished":"2023-02-03T12:37:58+00:00","dateModified":"2023-02-03T12:38:48+00:00","mainEntityOfPage":{"@id":"https:\/\/www.suno.com.br\/noticias\/lula-pt-autonomia-banco-central\/"},"wordCount":604,"publisher":{"@id":"https:\/\/www.suno.com.br\/noticias\/#organization"},"image":{"@id":"https:\/\/www.suno.com.br\/noticias\/lula-pt-autonomia-banco-central\/#primaryimage"},"thumbnailUrl":"https:\/\/files.sunoresearch.com.br\/n\/uploads\/2023\/01\/lula-presidente-reuniao-governadores-foto-jose-cruz-agencia-brasil.jpg","keywords":["Banco Central (BC)","Lula"],"articleSection":["Pol\u00edtica"],"inLanguage":"pt-BR"},{"@type":"WebPage","@id":"https:\/\/www.suno.com.br\/noticias\/lula-pt-autonomia-banco-central\/","url":"https:\/\/www.suno.com.br\/noticias\/lula-pt-autonomia-banco-central\/","name":"Lula quer rediscutir autonomia do Banco Central em 2024","isPartOf":{"@id":"https:\/\/www.suno.com.br\/noticias\/#website"},"primaryImageOfPage":{"@id":"https:\/\/www.suno.com.br\/noticias\/lula-pt-autonomia-banco-central\/#primaryimage"},"image":{"@id":"https:\/\/www.suno.com.br\/noticias\/lula-pt-autonomia-banco-central\/#primaryimage"},"thumbnailUrl":"https:\/\/files.sunoresearch.com.br\/n\/uploads\/2023\/01\/lula-presidente-reuniao-governadores-foto-jose-cruz-agencia-brasil.jpg","datePublished":"2023-02-03T12:37:58+00:00","dateModified":"2023-02-03T12:38:48+00:00","description":"Em entrevista, Lula citou 'boa rela\u00e7\u00e3o' que tinha com Meirelles, al\u00e9m de comparar Lemann a Eike. Clique e confira!","breadcrumb":{"@id":"https:\/\/www.suno.com.br\/noticias\/lula-pt-autonomia-banco-central\/#breadcrumb"},"inLanguage":"pt-BR","potentialAction":[{"@type":"ReadAction","target":["https:\/\/www.suno.com.br\/noticias\/lula-pt-autonomia-banco-central\/"]}]},{"@type":"ImageObject","inLanguage":"pt-BR","@id":"https:\/\/www.suno.com.br\/noticias\/lula-pt-autonomia-banco-central\/#primaryimage","url":"https:\/\/files.sunoresearch.com.br\/n\/uploads\/2023\/01\/lula-presidente-reuniao-governadores-foto-jose-cruz-agencia-brasil.jpg","contentUrl":"https:\/\/files.sunoresearch.com.br\/n\/uploads\/2023\/01\/lula-presidente-reuniao-governadores-foto-jose-cruz-agencia-brasil.jpg","width":1200,"height":675,"caption":"Lula pede\u00a0que pa\u00edses ricos paguem\u00a0conta por\u00a0preserva\u00e7\u00e3o de florestas. Foto: Jos\u00e9 Cruz\/Ag\u00eancia Brasil"},{"@type":"BreadcrumbList","@id":"https:\/\/www.suno.com.br\/noticias\/lula-pt-autonomia-banco-central\/#breadcrumb","itemListElement":[{"@type":"ListItem","position":1,"name":"Not\u00edcias","item":"https:\/\/www.suno.com.br\/noticias\/"},{"@type":"ListItem","position":2,"name":"Pol\u00edtica","item":"https:\/\/www.suno.com.br\/noticias\/politica\/"},{"@type":"ListItem","position":3,"name":"Lula quer rediscutir autonomia do BC ap\u00f3s t\u00e9rmino do mandato de Campos Neto"}]},{"@type":"WebSite","@id":"https:\/\/www.suno.com.br\/noticias\/#website","url":"https:\/\/www.suno.com.br\/noticias\/","name":"Suno Not\u00edcias","description":"Seu portal de informa\u00e7\u00e3o sobre o mundo dos investimentos","publisher":{"@id":"https:\/\/www.suno.com.br\/noticias\/#organization"},"potentialAction":[{"@type":"SearchAction","target":{"@type":"EntryPoint","urlTemplate":"https:\/\/www.suno.com.br\/noticias\/?s={search_term_string}"},"query-input":{"@type":"PropertyValueSpecification","valueRequired":true,"valueName":"search_term_string"}}],"inLanguage":"pt-BR"},{"@type":"Organization","@id":"https:\/\/www.suno.com.br\/noticias\/#organization","name":"Suno Not\u00edcias","url":"https:\/\/www.suno.com.br\/noticias\/","logo":{"@type":"ImageObject","inLanguage":"pt-BR","@id":"https:\/\/www.suno.com.br\/noticias\/#\/schema\/logo\/image\/","url":"https:\/\/files.sunoresearch.com.br\/n\/uploads\/2021\/09\/suno-logo.png","contentUrl":"https:\/\/files.sunoresearch.com.br\/n\/uploads\/2021\/09\/suno-logo.png","width":180,"height":180,"caption":"Suno Not\u00edcias"},"image":{"@id":"https:\/\/www.suno.com.br\/noticias\/#\/schema\/logo\/image\/"},"sameAs":["https:\/\/facebook.com\/sunoresearch","https:\/\/x.com\/sunoresearch","https:\/\/www.instagram.com\/suno","https:\/\/www.linkedin.com\/company\/suno-research\/","https:\/\/www.youtube.com\/c\/sunoresearch"]},{"@type":"Person","@id":"https:\/\/www.suno.com.br\/noticias\/#\/schema\/person\/7f4d362bf3518e76090143ae77bb49a5","name":"Eduardo Vargas","image":{"@type":"ImageObject","inLanguage":"pt-BR","@id":"https:\/\/www.suno.com.br\/noticias\/#\/schema\/person\/image\/","url":"https:\/\/secure.gravatar.com\/avatar\/dac340933427a22924c9f99d1eb2e3f2?s=96&r=g","contentUrl":"https:\/\/secure.gravatar.com\/avatar\/dac340933427a22924c9f99d1eb2e3f2?s=96&r=g","caption":"Eduardo Vargas"},"description":"Jornalista formado pela UFSC, cobre macroeconomia, neg\u00f3cios e startups para o Suno Not\u00edcias, escrevendo principalmente not\u00edcias sobre o mercado financeiro e a bolsa de valores. No YouTube e no Instagram, \u00e9 respons\u00e1vel pela produ\u00e7\u00e3o de Reels e Shorts do Suno Not\u00edcias. Anteriormente, trabalhou cobrindo economia e cotidiano no ND+ e para o ND, maior jornal impresso de Santa Catarina. Cursou um semestre letivo de Estudos de M\u00eddia na Universidad de Buenos Aires.","url":"https:\/\/www.suno.com.br\/noticias\/author\/eduardo-vargas\/"}]}},"default_loop_html":"<div class=\"cardsPage__listCard__boxs\"><div class=\"cardsPage__listCard__boxs__img\"><a href=\"https:\/\/www.suno.com.br\/noticias\/lula-pt-autonomia-banco-central\/\"><img class=\"mask\" src=\"https:\/\/www.suno.com.br\/noticias\/wp-content\/themes\/suno\/resources\/images\/spotlight\/spotlight1img\/bg-mask.png\" alt=\"Image Mask\"\/><img src=\"https:\/\/files.sunoresearch.com.br\/n\/uploads\/2023\/01\/lula-presidente-reuniao-governadores-foto-jose-cruz-agencia-brasil-400x200.jpg\" alt=\"Lula quer rediscutir autonomia do BC ap\u00f3s t\u00e9rmino do mandato de Campos Neto\"\/><\/a><span class=\"spotlightCategory\"><a href=\"https:\/\/www.suno.com.br\/noticias\/politica\/\">Pol\u00edtica<\/a><\/span><\/div><div class=\"cardsPage__listCard__boxs__content\"><a href=\"https:\/\/www.suno.com.br\/noticias\/lula-pt-autonomia-banco-central\/\"><h2 class=\"content__title\">Lula quer rediscutir autonomia do BC ap\u00f3s t\u00e9rmino do mandato de Campos Neto<\/h2><\/a><div class=\"newsContent__article__meta\"><div class=\"newsContent__article__meta__authorBox\"><a href=\"https:\/\/www.suno.com.br\/noticias\/author\/erick-nery\/\" class=\"authorBox__avatar noMobi\"><img src=\"https:\/\/secure.gravatar.com\/avatar\/518ddffe438ccb767782d372a66304d2?s=96&#038;r=g\" alt=\"Erick Matheus Nery\"><\/a><div class=\"authorBox__name\"><span>por\n\t\t\t<a href=\"https:\/\/www.suno.com.br\/noticias\/author\/erick-nery\/\"><span itemprop=\"author\">Erick Matheus Nery<\/span><\/a><\/span><time datetime=\"2023-02-03T09:37:58-03:00\" itemprop=\"datePublished\">03\/02\/2023 09:37<\/time><\/div><\/div><\/div><\/div><\/div>","single_layout":"posts","amp_enabled":true,"_links":{"self":[{"href":"https:\/\/www.suno.com.br\/noticias\/wp-json\/wp\/v2\/posts\/357852"}],"collection":[{"href":"https:\/\/www.suno.com.br\/noticias\/wp-json\/wp\/v2\/posts"}],"about":[{"href":"https:\/\/www.suno.com.br\/noticias\/wp-json\/wp\/v2\/types\/post"}],"author":[{"embeddable":true,"href":"https:\/\/www.suno.com.br\/noticias\/wp-json\/wp\/v2\/users\/73"}],"replies":[{"embeddable":true,"href":"https:\/\/www.suno.com.br\/noticias\/wp-json\/wp\/v2\/comments?post=357852"}],"version-history":[{"count":3,"href":"https:\/\/www.suno.com.br\/noticias\/wp-json\/wp\/v2\/posts\/357852\/revisions"}],"predecessor-version":[{"id":357879,"href":"https:\/\/www.suno.com.br\/noticias\/wp-json\/wp\/v2\/posts\/357852\/revisions\/357879"}],"wp:featuredmedia":[{"embeddable":true,"href":"https:\/\/www.suno.com.br\/noticias\/wp-json\/wp\/v2\/media\/353976"}],"wp:attachment":[{"href":"https:\/\/www.suno.com.br\/noticias\/wp-json\/wp\/v2\/media?parent=357852"}],"wp:term":[{"taxonomy":"category","embeddable":true,"href":"https:\/\/www.suno.com.br\/noticias\/wp-json\/wp\/v2\/categories?post=357852"},{"taxonomy":"post_tag","embeddable":true,"href":"https:\/\/www.suno.com.br\/noticias\/wp-json\/wp\/v2\/tags?post=357852"},{"taxonomy":"suno_strategy","embeddable":true,"href":"https:\/\/www.suno.com.br\/noticias\/wp-json\/wp\/v2\/suno_strategy?post=357852"}],"curies":[{"name":"wp","href":"https:\/\/api.w.org\/{rel}","templated":true}]}}