{"id":357518,"date":"2023-02-02T19:26:11","date_gmt":"2023-02-02T22:26:11","guid":{"rendered":"https:\/\/www.suno.com.br\/noticias\/?p=357518"},"modified":"2023-02-02T19:26:16","modified_gmt":"2023-02-02T22:26:16","slug":"magazine-luiza-mglu3-preco-alvo-goldman-sachs","status":"publish","type":"post","link":"https:\/\/www.suno.com.br\/noticias\/magazine-luiza-mglu3-preco-alvo-goldman-sachs\/","title":{"rendered":"Magazine Luiza (MGLU3): analistas elevam pre\u00e7o-alvo e a\u00e7\u00f5es sobem"},"content":{"rendered":"<p>O Goldman Sachs atualizou o pre\u00e7o-alvo para as a\u00e7\u00f5es do <a class=\"suno-keyword\" data-force=\"yes\" data-priority=\"2\" href=\"https:\/\/www.suno.com.br\/acoes\/MGLU3\/\" target=\"_blank\" rel=\"noopener\"><strong>Magazine Luiza <\/strong>(MGLU3)<\/a> para R$ 4,30, antes em R$ 3,80. Os analistas t\u00eam recomenda\u00e7\u00e3o &#8220;neutra&#8221; para o ativo. O relat\u00f3rio animou investidores e as a\u00e7\u00f5es da varejista fecharam em alta nesta quinta (2).<\/p>\t<div class=\"wrapper-featured-image\">\n\t\t<figure class=\"spotlightImg\">\n\n\t\t\t<picture>\n\t\t\t\t<source media=\"(max-width: 768px)\" srcset=\"https:\/\/files.sunoresearch.com.br\/n\/uploads\/2022\/05\/MAGALULogBee25.jpg-Credito_-Germano-Luders-400x200.jpg\">\n\t\t\t\t<img loading=\"lazy\" decoding=\"async\" class=\"newsContent__article__imgCapa lazyloadDisabled \" src=\"https:\/\/files.sunoresearch.com.br\/n\/uploads\/2022\/05\/MAGALULogBee25.jpg-Credito_-Germano-Luders-800x450.jpg\" width=\"800\" height=\"450\" alt=\"Magazine Luiza (MGLU3): analistas elevam pre\u00e7o-alvo e a\u00e7\u00f5es sobem\" fetchpriority=high \/>\n\t\t\t<\/picture>\n\n\t\t\t<figcaption class=\"wp-caption-text wp-caption-text--show\">Magazine Luiza (MGLU3) Foto: Divulga\u00e7\u00e3o<\/figcaption>\n\t\t<\/figure>\n\t<\/div>\n\n\n\n\n\n\t<p>\n\t\t<a href=\"\" target=\"_blank\" data-element=\"shortcode-suno-banner\" title=\"Banner SUNO, clique e saiba mais\">\n\t\t\t<picture>\n\t\t\t\t<source media=\"(max-width: 500px)\" srcset=\"\">\n\t\t\t\t<img class=\"newsContent__article__imgCapa newsContent__article__imgCapa--banner\"\n\t\t\t\t\tsrc=\"\"\n\t\t\t\t\tdata-promo-id=\"250704\"\t\t\t\t\t\t\t\t\t\t\t\t\t\t\talt=\"\"\n\t\t\t\t>\n\t\t\t<\/picture>\n\t\t<\/a>\n\t<\/p>\n\n\n\n\n\n<p>Os especialistas explicam que atualizaram suas perspectivas sobre Magazine Luiza para incorporar premissas do setor de varejo e coment\u00e1rios da administra\u00e7\u00e3o. <\/p>\n\n\n\n<p>Al\u00e9m do pre\u00e7o-alvo das <strong>a\u00e7\u00f5es do Magazine Luiza<\/strong>, aumentaram tamb\u00e9m a proje\u00e7\u00e3o das <a class=\"suno-keyword\" data-force=\"no\" data-priority=\"1\" href=\"https:\/\/www.suno.com.br\/artigos\/margem-ebitda\/\" target=\"_blank\" rel=\"noopener\">margens Ebitda<\/a> para 2023 e 2024 em cerca de 35 pontos-base.<\/p>\n\n\n\n<p>Com o foco da administra\u00e7\u00e3o em aumentar a lucratividade, esperam menores investimentos em <a class=\"suno-keyword\" data-force=\"no\" data-priority=\"1\" href=\"https:\/\/www.suno.com.br\/artigos\/margem-bruta-entenda-sua-importancia\/\" target=\"_blank\" rel=\"noopener\">margem bruta<\/a> e melhor controle de despesas por parte da <strong>Magalu<\/strong>. <\/p>\n\n\n\n<p>Os analistas projetam um <a class=\"suno-keyword\" data-force=\"no\" data-priority=\"1\" href=\"https:\/\/www.suno.com.br\/artigos\/ebitda-ajustado\/\" target=\"_blank\" rel=\"noopener\">Ebitda ajustado<\/a> (Lucros antes de juros, impostos, <a class=\"suno-keyword\" data-force=\"no\" data-priority=\"1\" href=\"https:\/\/www.suno.com.br\/artigos\/depreciacao-amortizacao\/\" target=\"_blank\" rel=\"noopener\">deprecia\u00e7\u00e3o e amortiza\u00e7\u00e3o<\/a>) de R$ 2,7 bilh\u00f5es em 2023 e R$ 3,4 bilh\u00f5es em 2024 para o Magazine Luiza, com respectivas margens de 6,7% e 7,6%. Al\u00e9m disso, estimam preju\u00edzo l\u00edquido de R$ 138 milh\u00f5es em 2023 e <a class=\"suno-keyword\" data-force=\"no\" data-priority=\"1\" href=\"https:\/\/www.suno.com.br\/artigos\/lucro-liquido\/\" target=\"_blank\" rel=\"noopener\">lucro l\u00edquido<\/a> de R$ 530 milh\u00f5es em 2024. <\/p>\n\n\n\n<p>O Goldman Sachs explica que a modera\u00e7\u00e3o da infla\u00e7\u00e3o contribuiu para uma &#8220;not\u00e1vel acelera\u00e7\u00e3o&#8221; do crescimento do sal\u00e1rio real m\u00e9dio. Esse fator apoiou a <a class=\"suno-keyword\" target=\"_blank\" data-force=\"no\" data-priority=\"1\" href=\"https:\/\/www.suno.com.br\/artigos\/confianca-do-consumidor\/\" rel=\"noopener\">confian\u00e7a do consumidor<\/a>.<\/p>\n\n\n\n<p>No entanto, a demanda de <a class=\"suno-keyword\" data-force=\"no\" data-priority=\"1\" href=\"https:\/\/www.suno.com.br\/artigos\/curto-prazo\/\" target=\"_blank\" rel=\"noopener\">curto prazo<\/a> do varejo discricion\u00e1rio provavelmente permanecer\u00e1 fraca por<br>n\u00edveis altos de alavancagem, ou seja, endividamento, das fam\u00edlias. <\/p>\n\n\n\t<p>\n\t\t<a href=\"https:\/\/lp.suno.com.br\/planilha-controle-gastos\/\" target=\"_blank\" data-element=\"shortcode-suno-banner\" title=\"Banner SUNO, clique e saiba mais\">\n\t\t\t<picture>\n\t\t\t\t<source media=\"(max-width: 500px)\" srcset=\"https:\/\/files.sunoresearch.com.br\/n\/uploads\/2023\/03\/400x300-Planilha-controle-de-gastos.png\">\n\t\t\t\t<img class=\"newsContent__article__imgCapa newsContent__article__imgCapa--banner\"\n\t\t\t\t\tsrc=\"https:\/\/files.sunoresearch.com.br\/n\/uploads\/2023\/03\/1420x240-Planilha-controle-de-gastos.png\"\n\t\t\t\t\tdata-promo-id=\"101751\"\t\t\t\t\t\t\t\t\t\twidth='1420' height='240'\t\t\t\t\talt=\"https:\/\/files.sunoresearch.com.br\/n\/uploads\/2023\/03\/1420x240-Planilha-controle-de-gastos.png\"\n\t\t\t\t>\n\t\t\t<\/picture>\n\t\t<\/a>\n\t<\/p>\n\n\n\n\n\n<p>O varejo discricion\u00e1rio abrange itens de consumo cujas vendas s\u00e3o sens\u00edveis a ciclos econ\u00f4micos &#8211; por isso inclui o Magazine Luiza. <\/p>\n\n\n\n<p>&#8220;A demanda por bens dur\u00e1veis parece ter atingido o fundo do po\u00e7o, com feedback de varejistas l\u00edderes, Magalu e Via (VIIA3), sugerindo melhores tend\u00eancias de demanda perto dos feriados, at\u00e9 por um comp\u00eandio pouco exigente e uma infla\u00e7\u00e3o mais branda na categoria&#8221;, explicam os analistas. <\/p>\n\n\n\n<p>No varejo, o Goldman Sachs possui recomenda\u00e7\u00e3o de &#8220;compra&#8221; para as a\u00e7\u00f5es MELI do <strong>Mercado Livre<\/strong> (<a class=\"suno-keyword\" data-force=\"yes\" data-priority=\"2\" href=\"https:\/\/www.suno.com.br\/bdrs\/meli34\/\" target=\"_blank\" rel=\"noopener\">MELI34<\/a>) listadas na Nasdaq, com pre\u00e7o-alvo de US$ 1,520.<\/p>\n\n\n\n<p>Os analistas tamb\u00e9m recomendam a compra da <a class=\"suno-keyword\" data-force=\"yes\" data-priority=\"2\" href=\"https:\/\/www.suno.com.br\/acoes\/PETZ3\/\" target=\"_blank\" rel=\"noopener\"><strong>Petz <\/strong>(PETZ3)<\/a> com o pre\u00e7o-alvo de R$ 9,10, antes em R$ 9,70, e da <a class=\"suno-keyword\" data-force=\"yes\" data-priority=\"2\" href=\"https:\/\/www.suno.com.br\/acoes\/ARZZ3\/\" target=\"_blank\" rel=\"noopener\"><strong>Arezzo <\/strong>(ARZZ3)<\/a>, com pre\u00e7o-alvo de R$ 126. <\/p>\n\n\n\n<h2 class=\"wp-block-heading\" id=\"h-cotacao-do-magazine-luiza\"><strong>Cota\u00e7\u00e3o do Magazine Luiza<\/strong><\/h2>\n\n\n\n<p>As a\u00e7\u00f5es do <strong>Magazine Luiza<\/strong> fecharam em alta de 1,17%, cotadas a R$ 4,34.<\/p>\n\n\n\t<p>\n\t\t<a href=\"https:\/\/lp.suno.com.br\/ebook-como-analisar-uma-acao\/\" target=\"_blank\" data-element=\"shortcode-suno-banner\" title=\"Banner SUNO, clique e saiba mais\">\n\t\t\t<picture>\n\t\t\t\t<source media=\"(max-width: 500px)\" srcset=\"https:\/\/files.sunoresearch.com.br\/n\/uploads\/2023\/03\/Ebook-Acoes-Mobile-1.jpg\">\n\t\t\t\t<img class=\"newsContent__article__imgCapa newsContent__article__imgCapa--banner\"\n\t\t\t\t\tsrc=\"https:\/\/files.sunoresearch.com.br\/n\/uploads\/2023\/03\/Ebook-Acoes-Desktop-1.jpg\"\n\t\t\t\t\tdata-promo-id=\"171998\"\t\t\t\t\t\t\t\t\t\twidth='1420' height='286'\t\t\t\t\talt=\"https:\/\/files.sunoresearch.com.br\/n\/uploads\/2023\/03\/Ebook-Acoes-Desktop-1.jpg\"\n\t\t\t\t>\n\t\t\t<\/picture>\n\t\t<\/a>\n\t<\/p>\n\n\n","protected":false},"excerpt":{"rendered":"<p>O Goldman Sachs atualizou o pre\u00e7o-alvo para as a\u00e7\u00f5es do Magazine Luiza (MGLU3) para R$ 4,30, antes em R$ 3,80. Os analistas t\u00eam recomenda\u00e7\u00e3o &#8220;neutra&#8221; para o ativo. O relat\u00f3rio animou investidores e as a\u00e7\u00f5es da varejista fecharam em alta nesta quinta (2). Magazine Luiza (MGLU3) Foto: Divulga\u00e7\u00e3o Os especialistas explicam que atualizaram suas perspectivas [&hellip;]<\/p>\n","protected":false},"author":195,"featured_media":255884,"comment_status":"closed","ping_status":"closed","sticky":false,"template":"","format":"standard","meta":[],"categories":[64],"tags":[105816,548],"suno_strategy":[],"class_list":["post-357518","post","type-post","status-publish","format-standard","has-post-thumbnail","hentry","category-negocios","tag-especialistas","tag-magazine-luiza-mglu3"],"yoast_head":"<!-- This site is optimized with the Yoast SEO plugin v24.4 - https:\/\/yoast.com\/wordpress\/plugins\/seo\/ -->\n<title>Magazine Luiza (MGLU3): analistas elevam pre\u00e7o-alvo e a\u00e7\u00f5es sobem<\/title>\n<meta name=\"description\" content=\"O Goldman Sachs atualizou o pre\u00e7o-alvo para as a\u00e7\u00f5es do Magazine Luiza (MGLU3) para R$ 4,30, antes em R$ 3,80.\" \/>\n<meta name=\"robots\" content=\"index, follow, max-snippet:-1, max-image-preview:large, max-video-preview:-1\" \/>\n<link rel=\"canonical\" href=\"https:\/\/www.suno.com.br\/noticias\/magazine-luiza-mglu3-preco-alvo-goldman-sachs\/\" \/>\n<meta property=\"og:locale\" content=\"pt_BR\" \/>\n<meta property=\"og:type\" content=\"article\" \/>\n<meta property=\"og:title\" content=\"Magazine Luiza (MGLU3): analistas elevam pre\u00e7o-alvo e a\u00e7\u00f5es sobem\" \/>\n<meta property=\"og:description\" content=\"O Goldman Sachs atualizou o pre\u00e7o-alvo para as a\u00e7\u00f5es do Magazine Luiza (MGLU3) para R$ 4,30, antes em R$ 3,80.\" \/>\n<meta property=\"og:url\" content=\"https:\/\/www.suno.com.br\/noticias\/magazine-luiza-mglu3-preco-alvo-goldman-sachs\/\" \/>\n<meta property=\"og:site_name\" content=\"Suno Not\u00edcias\" \/>\n<meta property=\"article:publisher\" content=\"https:\/\/facebook.com\/sunoresearch\" \/>\n<meta property=\"og:image\" content=\"https:\/\/files.sunoresearch.com.br\/n\/uploads\/2022\/05\/MAGALULogBee25.jpg-Credito_-Germano-Luders-scaled.jpg\" \/>\n\t<meta property=\"og:image:width\" content=\"2560\" \/>\n\t<meta property=\"og:image:height\" content=\"1709\" \/>\n\t<meta property=\"og:image:type\" content=\"image\/jpeg\" \/>\n<meta name=\"author\" content=\"Ana Clara Macedo\" \/>\n<meta name=\"twitter:card\" content=\"summary_large_image\" \/>\n<meta name=\"twitter:creator\" content=\"@sunoresearch\" \/>\n<meta name=\"twitter:site\" content=\"@sunoresearch\" \/>\n<meta name=\"twitter:label1\" content=\"Escrito por\" \/>\n\t<meta name=\"twitter:data1\" content=\"Ana Clara Macedo\" \/>\n\t<meta name=\"twitter:label2\" content=\"Est. tempo de leitura\" \/>\n\t<meta name=\"twitter:data2\" content=\"2 minutos\" \/>\n<script type=\"application\/ld+json\" class=\"yoast-schema-graph\">{\"@context\":\"https:\/\/schema.org\",\"@graph\":[{\"@type\":\"NewsArticle\",\"@id\":\"https:\/\/www.suno.com.br\/noticias\/magazine-luiza-mglu3-preco-alvo-goldman-sachs\/#article\",\"isPartOf\":{\"@id\":\"https:\/\/www.suno.com.br\/noticias\/magazine-luiza-mglu3-preco-alvo-goldman-sachs\/\"},\"author\":{\"name\":\"Ana Clara Macedo\",\"@id\":\"https:\/\/www.suno.com.br\/noticias\/#\/schema\/person\/a70f3c52ef8c814d62ed63b30bb30176\"},\"headline\":\"Magazine Luiza (MGLU3): analistas elevam pre\u00e7o-alvo e a\u00e7\u00f5es sobem\",\"datePublished\":\"2023-02-02T22:26:11+00:00\",\"dateModified\":\"2023-02-02T22:26:16+00:00\",\"mainEntityOfPage\":{\"@id\":\"https:\/\/www.suno.com.br\/noticias\/magazine-luiza-mglu3-preco-alvo-goldman-sachs\/\"},\"wordCount\":405,\"publisher\":{\"@id\":\"https:\/\/www.suno.com.br\/noticias\/#organization\"},\"image\":{\"@id\":\"https:\/\/www.suno.com.br\/noticias\/magazine-luiza-mglu3-preco-alvo-goldman-sachs\/#primaryimage\"},\"thumbnailUrl\":\"https:\/\/files.sunoresearch.com.br\/n\/uploads\/2022\/05\/MAGALULogBee25.jpg-Credito_-Germano-Luders-scaled.jpg\",\"keywords\":[\"Especialistas\",\"Magazine Luiza (MGLU3)\"],\"articleSection\":[\"Neg\u00f3cios\"],\"inLanguage\":\"pt-BR\"},{\"@type\":\"WebPage\",\"@id\":\"https:\/\/www.suno.com.br\/noticias\/magazine-luiza-mglu3-preco-alvo-goldman-sachs\/\",\"url\":\"https:\/\/www.suno.com.br\/noticias\/magazine-luiza-mglu3-preco-alvo-goldman-sachs\/\",\"name\":\"Magazine Luiza (MGLU3): analistas elevam pre\u00e7o-alvo e a\u00e7\u00f5es sobem\",\"isPartOf\":{\"@id\":\"https:\/\/www.suno.com.br\/noticias\/#website\"},\"primaryImageOfPage\":{\"@id\":\"https:\/\/www.suno.com.br\/noticias\/magazine-luiza-mglu3-preco-alvo-goldman-sachs\/#primaryimage\"},\"image\":{\"@id\":\"https:\/\/www.suno.com.br\/noticias\/magazine-luiza-mglu3-preco-alvo-goldman-sachs\/#primaryimage\"},\"thumbnailUrl\":\"https:\/\/files.sunoresearch.com.br\/n\/uploads\/2022\/05\/MAGALULogBee25.jpg-Credito_-Germano-Luders-scaled.jpg\",\"datePublished\":\"2023-02-02T22:26:11+00:00\",\"dateModified\":\"2023-02-02T22:26:16+00:00\",\"description\":\"O Goldman Sachs atualizou o pre\u00e7o-alvo para as a\u00e7\u00f5es do Magazine Luiza (MGLU3) para R$ 4,30, antes em R$ 3,80.\",\"breadcrumb\":{\"@id\":\"https:\/\/www.suno.com.br\/noticias\/magazine-luiza-mglu3-preco-alvo-goldman-sachs\/#breadcrumb\"},\"inLanguage\":\"pt-BR\",\"potentialAction\":[{\"@type\":\"ReadAction\",\"target\":[\"https:\/\/www.suno.com.br\/noticias\/magazine-luiza-mglu3-preco-alvo-goldman-sachs\/\"]}]},{\"@type\":\"ImageObject\",\"inLanguage\":\"pt-BR\",\"@id\":\"https:\/\/www.suno.com.br\/noticias\/magazine-luiza-mglu3-preco-alvo-goldman-sachs\/#primaryimage\",\"url\":\"https:\/\/files.sunoresearch.com.br\/n\/uploads\/2022\/05\/MAGALULogBee25.jpg-Credito_-Germano-Luders-scaled.jpg\",\"contentUrl\":\"https:\/\/files.sunoresearch.com.br\/n\/uploads\/2022\/05\/MAGALULogBee25.jpg-Credito_-Germano-Luders-scaled.jpg\",\"width\":2560,\"height\":1709,\"caption\":\"Magazine Luiza (MGLU3) Foto: Divulga\u00e7\u00e3o\"},{\"@type\":\"BreadcrumbList\",\"@id\":\"https:\/\/www.suno.com.br\/noticias\/magazine-luiza-mglu3-preco-alvo-goldman-sachs\/#breadcrumb\",\"itemListElement\":[{\"@type\":\"ListItem\",\"position\":1,\"name\":\"Not\u00edcias\",\"item\":\"https:\/\/www.suno.com.br\/noticias\/\"},{\"@type\":\"ListItem\",\"position\":2,\"name\":\"Neg\u00f3cios\",\"item\":\"https:\/\/www.suno.com.br\/noticias\/negocios\/\"},{\"@type\":\"ListItem\",\"position\":3,\"name\":\"Magazine Luiza (MGLU3): analistas elevam pre\u00e7o-alvo e a\u00e7\u00f5es sobem\"}]},{\"@type\":\"WebSite\",\"@id\":\"https:\/\/www.suno.com.br\/noticias\/#website\",\"url\":\"https:\/\/www.suno.com.br\/noticias\/\",\"name\":\"Suno Not\u00edcias\",\"description\":\"Seu portal de informa\u00e7\u00e3o sobre o mundo dos investimentos\",\"publisher\":{\"@id\":\"https:\/\/www.suno.com.br\/noticias\/#organization\"},\"potentialAction\":[{\"@type\":\"SearchAction\",\"target\":{\"@type\":\"EntryPoint\",\"urlTemplate\":\"https:\/\/www.suno.com.br\/noticias\/?s={search_term_string}\"},\"query-input\":{\"@type\":\"PropertyValueSpecification\",\"valueRequired\":true,\"valueName\":\"search_term_string\"}}],\"inLanguage\":\"pt-BR\"},{\"@type\":\"Organization\",\"@id\":\"https:\/\/www.suno.com.br\/noticias\/#organization\",\"name\":\"Suno Not\u00edcias\",\"url\":\"https:\/\/www.suno.com.br\/noticias\/\",\"logo\":{\"@type\":\"ImageObject\",\"inLanguage\":\"pt-BR\",\"@id\":\"https:\/\/www.suno.com.br\/noticias\/#\/schema\/logo\/image\/\",\"url\":\"https:\/\/files.sunoresearch.com.br\/n\/uploads\/2021\/09\/suno-logo.png\",\"contentUrl\":\"https:\/\/files.sunoresearch.com.br\/n\/uploads\/2021\/09\/suno-logo.png\",\"width\":180,\"height\":180,\"caption\":\"Suno Not\u00edcias\"},\"image\":{\"@id\":\"https:\/\/www.suno.com.br\/noticias\/#\/schema\/logo\/image\/\"},\"sameAs\":[\"https:\/\/facebook.com\/sunoresearch\",\"https:\/\/x.com\/sunoresearch\",\"https:\/\/www.instagram.com\/suno\",\"https:\/\/www.linkedin.com\/company\/suno-research\/\",\"https:\/\/www.youtube.com\/c\/sunoresearch\"]},{\"@type\":\"Person\",\"@id\":\"https:\/\/www.suno.com.br\/noticias\/#\/schema\/person\/a70f3c52ef8c814d62ed63b30bb30176\",\"name\":\"Ana Clara Macedo\",\"image\":{\"@type\":\"ImageObject\",\"inLanguage\":\"pt-BR\",\"@id\":\"https:\/\/www.suno.com.br\/noticias\/#\/schema\/person\/image\/\",\"url\":\"https:\/\/secure.gravatar.com\/avatar\/40810da86786bd5619f8cd594b0f44ef?s=96&r=g\",\"contentUrl\":\"https:\/\/secure.gravatar.com\/avatar\/40810da86786bd5619f8cd594b0f44ef?s=96&r=g\",\"caption\":\"Ana Clara Macedo\"},\"description\":\"Rep\u00f3rter no Suno Not\u00edcias, cobrindo acontecimentos sobre neg\u00f3cios, mercado financeiro e economia. Anteriormente trabalhou como Rep\u00f3rter no Mercado News e produziu relat\u00f3rios e artigos sobre empresas de capital aberto.\",\"url\":\"https:\/\/www.suno.com.br\/noticias\/author\/ana-clara-macedo\/\"}]}<\/script>\n<!-- \/ Yoast SEO plugin. -->","yoast_head_json":{"title":"Magazine Luiza (MGLU3): analistas elevam pre\u00e7o-alvo e a\u00e7\u00f5es sobem","description":"O Goldman Sachs atualizou o pre\u00e7o-alvo para as a\u00e7\u00f5es do Magazine Luiza (MGLU3) para R$ 4,30, antes em R$ 3,80.","robots":{"index":"index","follow":"follow","max-snippet":"max-snippet:-1","max-image-preview":"max-image-preview:large","max-video-preview":"max-video-preview:-1"},"canonical":"https:\/\/www.suno.com.br\/noticias\/magazine-luiza-mglu3-preco-alvo-goldman-sachs\/","og_locale":"pt_BR","og_type":"article","og_title":"Magazine Luiza (MGLU3): analistas elevam pre\u00e7o-alvo e a\u00e7\u00f5es sobem","og_description":"O Goldman Sachs atualizou o pre\u00e7o-alvo para as a\u00e7\u00f5es do Magazine Luiza (MGLU3) para R$ 4,30, antes em R$ 3,80.","og_url":"https:\/\/www.suno.com.br\/noticias\/magazine-luiza-mglu3-preco-alvo-goldman-sachs\/","og_site_name":"Suno Not\u00edcias","article_publisher":"https:\/\/facebook.com\/sunoresearch","og_image":[{"width":2560,"height":1709,"url":"https:\/\/files.sunoresearch.com.br\/n\/uploads\/2022\/05\/MAGALULogBee25.jpg-Credito_-Germano-Luders-scaled.jpg","type":"image\/jpeg"}],"author":"Ana Clara Macedo","twitter_card":"summary_large_image","twitter_creator":"@sunoresearch","twitter_site":"@sunoresearch","twitter_misc":{"Escrito por":"Ana Clara Macedo","Est. tempo de leitura":"2 minutos"},"schema":{"@context":"https:\/\/schema.org","@graph":[{"@type":"NewsArticle","@id":"https:\/\/www.suno.com.br\/noticias\/magazine-luiza-mglu3-preco-alvo-goldman-sachs\/#article","isPartOf":{"@id":"https:\/\/www.suno.com.br\/noticias\/magazine-luiza-mglu3-preco-alvo-goldman-sachs\/"},"author":{"name":"Ana Clara Macedo","@id":"https:\/\/www.suno.com.br\/noticias\/#\/schema\/person\/a70f3c52ef8c814d62ed63b30bb30176"},"headline":"Magazine Luiza (MGLU3): analistas elevam pre\u00e7o-alvo e a\u00e7\u00f5es sobem","datePublished":"2023-02-02T22:26:11+00:00","dateModified":"2023-02-02T22:26:16+00:00","mainEntityOfPage":{"@id":"https:\/\/www.suno.com.br\/noticias\/magazine-luiza-mglu3-preco-alvo-goldman-sachs\/"},"wordCount":405,"publisher":{"@id":"https:\/\/www.suno.com.br\/noticias\/#organization"},"image":{"@id":"https:\/\/www.suno.com.br\/noticias\/magazine-luiza-mglu3-preco-alvo-goldman-sachs\/#primaryimage"},"thumbnailUrl":"https:\/\/files.sunoresearch.com.br\/n\/uploads\/2022\/05\/MAGALULogBee25.jpg-Credito_-Germano-Luders-scaled.jpg","keywords":["Especialistas","Magazine Luiza (MGLU3)"],"articleSection":["Neg\u00f3cios"],"inLanguage":"pt-BR"},{"@type":"WebPage","@id":"https:\/\/www.suno.com.br\/noticias\/magazine-luiza-mglu3-preco-alvo-goldman-sachs\/","url":"https:\/\/www.suno.com.br\/noticias\/magazine-luiza-mglu3-preco-alvo-goldman-sachs\/","name":"Magazine Luiza (MGLU3): analistas elevam pre\u00e7o-alvo e a\u00e7\u00f5es sobem","isPartOf":{"@id":"https:\/\/www.suno.com.br\/noticias\/#website"},"primaryImageOfPage":{"@id":"https:\/\/www.suno.com.br\/noticias\/magazine-luiza-mglu3-preco-alvo-goldman-sachs\/#primaryimage"},"image":{"@id":"https:\/\/www.suno.com.br\/noticias\/magazine-luiza-mglu3-preco-alvo-goldman-sachs\/#primaryimage"},"thumbnailUrl":"https:\/\/files.sunoresearch.com.br\/n\/uploads\/2022\/05\/MAGALULogBee25.jpg-Credito_-Germano-Luders-scaled.jpg","datePublished":"2023-02-02T22:26:11+00:00","dateModified":"2023-02-02T22:26:16+00:00","description":"O Goldman Sachs atualizou o pre\u00e7o-alvo para as a\u00e7\u00f5es do Magazine Luiza (MGLU3) para R$ 4,30, antes em R$ 3,80.","breadcrumb":{"@id":"https:\/\/www.suno.com.br\/noticias\/magazine-luiza-mglu3-preco-alvo-goldman-sachs\/#breadcrumb"},"inLanguage":"pt-BR","potentialAction":[{"@type":"ReadAction","target":["https:\/\/www.suno.com.br\/noticias\/magazine-luiza-mglu3-preco-alvo-goldman-sachs\/"]}]},{"@type":"ImageObject","inLanguage":"pt-BR","@id":"https:\/\/www.suno.com.br\/noticias\/magazine-luiza-mglu3-preco-alvo-goldman-sachs\/#primaryimage","url":"https:\/\/files.sunoresearch.com.br\/n\/uploads\/2022\/05\/MAGALULogBee25.jpg-Credito_-Germano-Luders-scaled.jpg","contentUrl":"https:\/\/files.sunoresearch.com.br\/n\/uploads\/2022\/05\/MAGALULogBee25.jpg-Credito_-Germano-Luders-scaled.jpg","width":2560,"height":1709,"caption":"Magazine Luiza (MGLU3) Foto: Divulga\u00e7\u00e3o"},{"@type":"BreadcrumbList","@id":"https:\/\/www.suno.com.br\/noticias\/magazine-luiza-mglu3-preco-alvo-goldman-sachs\/#breadcrumb","itemListElement":[{"@type":"ListItem","position":1,"name":"Not\u00edcias","item":"https:\/\/www.suno.com.br\/noticias\/"},{"@type":"ListItem","position":2,"name":"Neg\u00f3cios","item":"https:\/\/www.suno.com.br\/noticias\/negocios\/"},{"@type":"ListItem","position":3,"name":"Magazine Luiza (MGLU3): analistas elevam pre\u00e7o-alvo e a\u00e7\u00f5es sobem"}]},{"@type":"WebSite","@id":"https:\/\/www.suno.com.br\/noticias\/#website","url":"https:\/\/www.suno.com.br\/noticias\/","name":"Suno Not\u00edcias","description":"Seu portal de informa\u00e7\u00e3o sobre o mundo dos investimentos","publisher":{"@id":"https:\/\/www.suno.com.br\/noticias\/#organization"},"potentialAction":[{"@type":"SearchAction","target":{"@type":"EntryPoint","urlTemplate":"https:\/\/www.suno.com.br\/noticias\/?s={search_term_string}"},"query-input":{"@type":"PropertyValueSpecification","valueRequired":true,"valueName":"search_term_string"}}],"inLanguage":"pt-BR"},{"@type":"Organization","@id":"https:\/\/www.suno.com.br\/noticias\/#organization","name":"Suno Not\u00edcias","url":"https:\/\/www.suno.com.br\/noticias\/","logo":{"@type":"ImageObject","inLanguage":"pt-BR","@id":"https:\/\/www.suno.com.br\/noticias\/#\/schema\/logo\/image\/","url":"https:\/\/files.sunoresearch.com.br\/n\/uploads\/2021\/09\/suno-logo.png","contentUrl":"https:\/\/files.sunoresearch.com.br\/n\/uploads\/2021\/09\/suno-logo.png","width":180,"height":180,"caption":"Suno Not\u00edcias"},"image":{"@id":"https:\/\/www.suno.com.br\/noticias\/#\/schema\/logo\/image\/"},"sameAs":["https:\/\/facebook.com\/sunoresearch","https:\/\/x.com\/sunoresearch","https:\/\/www.instagram.com\/suno","https:\/\/www.linkedin.com\/company\/suno-research\/","https:\/\/www.youtube.com\/c\/sunoresearch"]},{"@type":"Person","@id":"https:\/\/www.suno.com.br\/noticias\/#\/schema\/person\/a70f3c52ef8c814d62ed63b30bb30176","name":"Ana Clara Macedo","image":{"@type":"ImageObject","inLanguage":"pt-BR","@id":"https:\/\/www.suno.com.br\/noticias\/#\/schema\/person\/image\/","url":"https:\/\/secure.gravatar.com\/avatar\/40810da86786bd5619f8cd594b0f44ef?s=96&r=g","contentUrl":"https:\/\/secure.gravatar.com\/avatar\/40810da86786bd5619f8cd594b0f44ef?s=96&r=g","caption":"Ana Clara Macedo"},"description":"Rep\u00f3rter no Suno Not\u00edcias, cobrindo acontecimentos sobre neg\u00f3cios, mercado financeiro e economia. Anteriormente trabalhou como Rep\u00f3rter no Mercado News e produziu relat\u00f3rios e artigos sobre empresas de capital aberto.","url":"https:\/\/www.suno.com.br\/noticias\/author\/ana-clara-macedo\/"}]}},"default_loop_html":"<div class=\"cardsPage__listCard__boxs\"><div class=\"cardsPage__listCard__boxs__img\"><a href=\"https:\/\/www.suno.com.br\/noticias\/magazine-luiza-mglu3-preco-alvo-goldman-sachs\/\"><img class=\"mask\" src=\"https:\/\/www.suno.com.br\/noticias\/wp-content\/themes\/suno\/resources\/images\/spotlight\/spotlight1img\/bg-mask.png\" alt=\"Image Mask\"\/><img src=\"https:\/\/files.sunoresearch.com.br\/n\/uploads\/2022\/05\/MAGALULogBee25.jpg-Credito_-Germano-Luders-400x200.jpg\" alt=\"Magazine Luiza (MGLU3): analistas elevam pre\u00e7o-alvo e a\u00e7\u00f5es sobem\"\/><\/a><span class=\"spotlightCategory\"><a href=\"https:\/\/www.suno.com.br\/noticias\/negocios\/\">Neg\u00f3cios<\/a><\/span><\/div><div class=\"cardsPage__listCard__boxs__content\"><a href=\"https:\/\/www.suno.com.br\/noticias\/magazine-luiza-mglu3-preco-alvo-goldman-sachs\/\"><h2 class=\"content__title\">Magazine Luiza (MGLU3): analistas elevam pre\u00e7o-alvo e a\u00e7\u00f5es sobem<\/h2><\/a><div class=\"newsContent__article__meta\"><div class=\"newsContent__article__meta__authorBox\"><a href=\"https:\/\/www.suno.com.br\/noticias\/author\/ana-clara-macedo\/\" class=\"authorBox__avatar noMobi\"><img src=\"https:\/\/secure.gravatar.com\/avatar\/40810da86786bd5619f8cd594b0f44ef?s=96&#038;r=g\" alt=\"Ana Clara Macedo\"><\/a><div class=\"authorBox__name\"><span>por\n\t\t\t<a href=\"https:\/\/www.suno.com.br\/noticias\/author\/ana-clara-macedo\/\"><span itemprop=\"author\">Ana Clara Macedo<\/span><\/a><\/span><time datetime=\"2023-02-02T19:26:11-03:00\" itemprop=\"datePublished\">02\/02\/2023 19:26<\/time><\/div><\/div><\/div><\/div><\/div>","single_layout":"posts","amp_enabled":true,"_links":{"self":[{"href":"https:\/\/www.suno.com.br\/noticias\/wp-json\/wp\/v2\/posts\/357518"}],"collection":[{"href":"https:\/\/www.suno.com.br\/noticias\/wp-json\/wp\/v2\/posts"}],"about":[{"href":"https:\/\/www.suno.com.br\/noticias\/wp-json\/wp\/v2\/types\/post"}],"author":[{"embeddable":true,"href":"https:\/\/www.suno.com.br\/noticias\/wp-json\/wp\/v2\/users\/195"}],"replies":[{"embeddable":true,"href":"https:\/\/www.suno.com.br\/noticias\/wp-json\/wp\/v2\/comments?post=357518"}],"version-history":[{"count":2,"href":"https:\/\/www.suno.com.br\/noticias\/wp-json\/wp\/v2\/posts\/357518\/revisions"}],"predecessor-version":[{"id":357699,"href":"https:\/\/www.suno.com.br\/noticias\/wp-json\/wp\/v2\/posts\/357518\/revisions\/357699"}],"wp:featuredmedia":[{"embeddable":true,"href":"https:\/\/www.suno.com.br\/noticias\/wp-json\/wp\/v2\/media\/255884"}],"wp:attachment":[{"href":"https:\/\/www.suno.com.br\/noticias\/wp-json\/wp\/v2\/media?parent=357518"}],"wp:term":[{"taxonomy":"category","embeddable":true,"href":"https:\/\/www.suno.com.br\/noticias\/wp-json\/wp\/v2\/categories?post=357518"},{"taxonomy":"post_tag","embeddable":true,"href":"https:\/\/www.suno.com.br\/noticias\/wp-json\/wp\/v2\/tags?post=357518"},{"taxonomy":"suno_strategy","embeddable":true,"href":"https:\/\/www.suno.com.br\/noticias\/wp-json\/wp\/v2\/suno_strategy?post=357518"}],"curies":[{"name":"wp","href":"https:\/\/api.w.org\/{rel}","templated":true}]}}