{"id":357469,"date":"2023-02-02T20:00:00","date_gmt":"2023-02-02T23:00:00","guid":{"rendered":"https:\/\/www.suno.com.br\/noticias\/?p=357469"},"modified":"2023-02-02T20:05:14","modified_gmt":"2023-02-02T23:05:14","slug":"dolar-abaixo-rs5-analises","status":"publish","type":"post","link":"https:\/\/www.suno.com.br\/noticias\/dolar-abaixo-rs5-analises\/","title":{"rendered":"D\u00f3lar abaixo dos R$ 5? Incertezas no pa\u00eds bagun\u00e7am cen\u00e1rio sobre moeda americana. Veja previs\u00f5es de analistas"},"content":{"rendered":"<p>O que esperar do <strong>d\u00f3lar<\/strong> em 2023? Na quinta (2), a <a href=\"https:\/\/www.suno.com.br\/noticias\/dolar-comercial-abaixo-rs5-02032023\/\" target=\"_blank\" rel=\"noreferrer noopener\">moeda ficou abaixo dos R$ 5<\/a> por alguns instantes, o que animou agentes econ\u00f4micos e pessoas f\u00edsicas. Contudo, na vis\u00e3o dos especialistas, a cota\u00e7\u00e3o deve ficar entre R$ 5,10 e R$ 5,20 ao longo do ano em meio a um cen\u00e1rio bagun\u00e7ado por incertezas internas  &#8211; mas boas novas externas podem melhorar o quadro.<\/p>\t<div class=\"wrapper-featured-image\">\n\t\t<figure class=\"spotlightImg\">\n\n\t\t\t<picture>\n\t\t\t\t<source media=\"(max-width: 768px)\" srcset=\"https:\/\/files.sunoresearch.com.br\/n\/uploads\/2023\/02\/dolar-especial-abaixo-rs5-foto-unsplash-400x200.jpg\">\n\t\t\t\t<img loading=\"lazy\" decoding=\"async\" class=\"newsContent__article__imgCapa lazyloadDisabled \" src=\"https:\/\/files.sunoresearch.com.br\/n\/uploads\/2023\/02\/dolar-especial-abaixo-rs5-foto-unsplash-800x450.jpg\" width=\"800\" height=\"450\" alt=\"D\u00f3lar abaixo dos R$ 5? Incertezas no pa\u00eds bagun\u00e7am cen\u00e1rio sobre moeda americana. Veja previs\u00f5es de analistas\" fetchpriority=high \/>\n\t\t\t<\/picture>\n\n\t\t\t<figcaption class=\"wp-caption-text wp-caption-text--show\">Bank of America supera expectativas e registra lucro de US$ 8,6 bilh\u00f5es no trimestre.. Foto: Giorgio Trovato\/Unsplash<\/figcaption>\n\t\t<\/figure>\n\t<\/div>\n\n\n\n\n\n\t<p>\n\t\t<a href=\"\" target=\"_blank\" data-element=\"shortcode-suno-banner\" title=\"Banner SUNO, clique e saiba mais\">\n\t\t\t<picture>\n\t\t\t\t<source media=\"(max-width: 500px)\" srcset=\"\">\n\t\t\t\t<img class=\"newsContent__article__imgCapa newsContent__article__imgCapa--banner\"\n\t\t\t\t\tsrc=\"\"\n\t\t\t\t\tdata-promo-id=\"240038\"\t\t\t\t\t\t\t\t\t\t\t\t\t\t\talt=\"\"\n\t\t\t\t>\n\t\t\t<\/picture>\n\t\t<\/a>\n\t<\/p>\n\n\n\n\n\n<p>Ao Suno Not\u00edcias, economistas apontam dois fatores externos que influenciam diretamente a <strong>cota\u00e7\u00e3o do d\u00f3lar<\/strong> nos \u00faltimos dias: a <a class=\"suno-keyword\" target=\"_blank\" data-force=\"no\" data-priority=\"1\" href=\"https:\/\/www.suno.com.br\/artigos\/politica-monetaria\/\" rel=\"noopener\">pol\u00edtica monet\u00e1ria<\/a> norte-americana e a reabertura da China.<\/p>\n\n\n\n<p>&#8220;Essa percep\u00e7\u00e3o de que, em algum momento, o <strong>Fed<\/strong> (Federal Reserve, o Banco Central dos Estados Unidos) termina o ciclo de alta de juros entre mar\u00e7o e maio, obviamente o mercado antecipa. Ent\u00e3o, j\u00e1 vemos um segundo momento no qual o Fed vai cortar juros. Isso faz com que as curvas de juros americanos fiquem com um desenho mais altas no <a class=\"suno-keyword\" data-force=\"no\" data-priority=\"1\" href=\"https:\/\/www.suno.com.br\/artigos\/curto-prazo\/\" target=\"_blank\" rel=\"noopener\">curto prazo<\/a>, mas mais baixas no <a class=\"suno-keyword\" data-force=\"no\" data-priority=\"1\" href=\"https:\/\/www.suno.com.br\/artigos\/longo-prazo\/\" target=\"_blank\" rel=\"noopener\">longo prazo<\/a>, o que favorece um <strong>enfraquecimento do d\u00f3lar<\/strong>&#8220;, explica Luciano Costa, economista-chefe e s\u00f3cio da Monte Bravo Investimentos.<\/p>\n\n\n\t<p>\n\t\t<a href=\"https:\/\/lp.suno.com.br\/planilha-controle-gastos\/\" target=\"_blank\" data-element=\"shortcode-suno-banner\" title=\"Banner SUNO, clique e saiba mais\">\n\t\t\t<picture>\n\t\t\t\t<source media=\"(max-width: 500px)\" srcset=\"https:\/\/files.sunoresearch.com.br\/n\/uploads\/2023\/03\/400x300-Planilha-controle-de-gastos.png\">\n\t\t\t\t<img class=\"newsContent__article__imgCapa newsContent__article__imgCapa--banner\"\n\t\t\t\t\tsrc=\"https:\/\/files.sunoresearch.com.br\/n\/uploads\/2023\/03\/1420x240-Planilha-controle-de-gastos.png\"\n\t\t\t\t\tdata-promo-id=\"101751\"\t\t\t\t\t\t\t\t\t\twidth='1420' height='240'\t\t\t\t\talt=\"https:\/\/files.sunoresearch.com.br\/n\/uploads\/2023\/03\/1420x240-Planilha-controle-de-gastos.png\"\n\t\t\t\t>\n\t\t\t<\/picture>\n\t\t<\/a>\n\t<\/p>\n\n\n\n\n\n<p>Na <a href=\"https:\/\/www.suno.com.br\/noticias\/dolar-comercial-abaixo-rs5-02032023\/\" target=\"_blank\" rel=\"noreferrer noopener\">quarta (1\u00ba), o Fed<\/a> elevou a <strong>taxa b\u00e1sica de juros nos Estados Unidos<\/strong> em 0,25 ponto percentual. Em dezembro de 2022, a alta tinha tinha sido de 0,50 ponto percentual.<\/p>\n\n\n\n<p>&#8220;O d\u00f3lar j\u00e1 estava em tend\u00eancia de desacelera\u00e7\u00e3o, perdendo for\u00e7a, continuou desacelerando, perdendo ritmo frente \u00e0s principais moedas. Provavelmente, a <strong>baixa do d\u00f3lar<\/strong> \u00e9 reflexo da percep\u00e7\u00e3o do mercado de que a <a class=\"suno-keyword\" data-force=\"no\" data-priority=\"1\" href=\"https:\/\/www.suno.com.br\/artigos\/politica-monetaria\/\" target=\"_blank\" rel=\"noopener\">pol\u00edtica monet\u00e1ria<\/a> j\u00e1 est\u00e1 chegando perto do teto de aperto&#8221;, completa Costa.<\/p>\n\n\n\n<p>Em uma economia globalizada, a <strong>moeda americana<\/strong> tamb\u00e9m \u00e9 afetada pela reabertura econ\u00f4mica da China, que est\u00e1 sendo mais r\u00e1pida do que o projetado inicialmente. <\/p>\n\n\n\n<p>&#8220;O cen\u00e1rio internacional foi mudando um pouquinho, at\u00e9 com a <strong>retomada da China<\/strong> e o aumento dos pre\u00e7os das commodities, o que foi arrefecendo o d\u00f3lar&#8221;, ressalta Fabrizio Velloni, economista-chefe da Frente Corretora.<\/p>\n\n\n\t<p>\n\t\t<a href=\"https:\/\/lp.suno.com.br\/planilha-da-vida-financeira\/\" target=\"_blank\" data-element=\"shortcode-suno-banner\" title=\"Banner SUNO, clique e saiba mais\">\n\t\t\t<picture>\n\t\t\t\t<source media=\"(max-width: 500px)\" srcset=\"https:\/\/files.sunoresearch.com.br\/n\/uploads\/2023\/04\/400x300-Planilha-vida-financeira-true.png\">\n\t\t\t\t<img class=\"newsContent__article__imgCapa newsContent__article__imgCapa--banner\"\n\t\t\t\t\tsrc=\"https:\/\/files.sunoresearch.com.br\/n\/uploads\/2023\/04\/1420x240-Planilha-vida-financeira-true.png\"\n\t\t\t\t\tdata-promo-id=\"106682\"\t\t\t\t\t\t\t\t\t\twidth='1420' height='240'\t\t\t\t\talt=\"https:\/\/files.sunoresearch.com.br\/n\/uploads\/2023\/04\/1420x240-Planilha-vida-financeira-true.png\"\n\t\t\t\t>\n\t\t\t<\/picture>\n\t\t<\/a>\n\t<\/p>\n\n\n\n\n\n<h2 class=\"wp-block-heading\" id=\"h-dolar-vai-subir-por-causa-do-lula\">D\u00f3lar vai subir por causa do Lula?<\/h2>\n\n\n\n<p>No \u00e2mbito interno, os posicionamentos econ\u00f4micos da gest\u00e3o Lula tamb\u00e9m fomentaram <strong>oscila\u00e7\u00f5es no d\u00f3lar<\/strong>. <\/p>\n\n\n\n<p>&#8220;Tivemos uma <strong>puxada do d\u00f3lar<\/strong> com as falas do presidente Lula, principalmente sobre as al\u00edquotas do <a class=\"suno-keyword\" target=\"_blank\" data-force=\"no\" data-priority=\"2\" href=\"https:\/\/www.suno.com.br\/guias\/imposto-de-renda-guia\/\" rel=\"noopener\">imposto de renda<\/a> e a moeda \u00fanica Brasil e Argentina. Isso puxou o d\u00f3lar para o patamar em torno de R$ 5,20, R$ 5,25&#8243;, recorda Velloni.<\/p>\n\n\n\n<p>Enquanto a Pec da Transi\u00e7\u00e3o assustou os agentes econ\u00f4micos no final do ano passado, as atuais discuss\u00f5es sobre o arcabou\u00e7o fiscal que substituir\u00e1 o teto de gastos e a <a href=\"https:\/\/www.suno.com.br\/noticias\/copom-selic-decisao-juros-fevereiro-2023\/\" target=\"_blank\" rel=\"noreferrer noopener\">manuten\u00e7\u00e3o da taxa b\u00e1sica de juros em 13,75%<\/a> j\u00e1 come\u00e7aram a trazer um certo al\u00edvio.<\/p>\n\n\n\n<p>&#8220;Os sinais fiscais, que eram ruins na virada do ano, ficaram um pouco melhores. Acho que isso diminuiu um pouco o pr\u00eamio da parte fiscal em torno do <strong>c\u00e2mbio<\/strong>&#8220;, destaca Costa, que alerta: <\/p>\n\n\n\n<blockquote class=\"wp-block-quote is-layout-flow wp-block-quote-is-layout-flow\">\n<p>O que mais cria uma for\u00e7a contr\u00e1ria a essa aprecia\u00e7\u00e3o global que, teoricamente, as moedas est\u00e3o tendo frente ao d\u00f3lar, \u00e9 exatamente a quest\u00e3o fiscal.<\/p>\n<\/blockquote>\n\n\n\n<p>&#8220;O cen\u00e1rio deu uma arrefecida com a fala do [Fernando] Haddad sobre a volta do imposto dos combust\u00edveis e tudo ainda que move arrecada\u00e7\u00e3o a cobrir o rombo do d\u00e9ficit publico. O mercado v\u00ea com bons olhos e acaba tirando um pouco de press\u00e3o em cima do d\u00f3lar&#8221;, acredita Velloni.<\/p>\n\n\n\t<p>\n\t\t<a href=\"https:\/\/lp.suno.com.br\/ebook-como-analisar-uma-acao\/\" target=\"_blank\" data-element=\"shortcode-suno-banner\" title=\"Banner SUNO, clique e saiba mais\">\n\t\t\t<picture>\n\t\t\t\t<source media=\"(max-width: 500px)\" srcset=\"https:\/\/files.sunoresearch.com.br\/n\/uploads\/2023\/03\/Ebook-Acoes-Mobile-1.jpg\">\n\t\t\t\t<img class=\"newsContent__article__imgCapa newsContent__article__imgCapa--banner\"\n\t\t\t\t\tsrc=\"https:\/\/files.sunoresearch.com.br\/n\/uploads\/2023\/03\/Ebook-Acoes-Desktop-1.jpg\"\n\t\t\t\t\tdata-promo-id=\"171998\"\t\t\t\t\t\t\t\t\t\twidth='1420' height='286'\t\t\t\t\talt=\"https:\/\/files.sunoresearch.com.br\/n\/uploads\/2023\/03\/Ebook-Acoes-Desktop-1.jpg\"\n\t\t\t\t>\n\t\t\t<\/picture>\n\t\t<\/a>\n\t<\/p>\n\n\n\n\n\n<h2 class=\"wp-block-heading\">D\u00f3lar em 2023: O que esperar?<\/h2>\n\n\n\n<p>Feitas as ressalvas necess\u00e1rias para o exerc\u00edcio de <strong>&#8220;futurologia&#8221; do d\u00f3lar<\/strong>, Costa ressalta que com o cen\u00e1rio global mais favor\u00e1vel e a diminui\u00e7\u00e3o do risco fiscal, o d\u00f3lar deve ficar em torno dos R$ 5,10 &#8211; R$ 5,20.<\/p>\n\n\n\n<blockquote class=\"wp-block-quote is-layout-flow wp-block-quote-is-layout-flow\">\n<p>N\u00e3o descartamos em algum momento ao longo dos primeiro semestre, principalmente a partir de mar\u00e7o e abril, o <strong>d\u00f3lar abaixo dos R$ 5<\/strong> quando voc\u00ea tem uma sazonalidade muito positiva por causa da safra agr\u00edcola.<\/p>\n<\/blockquote>\n\n\n\n<p>Para Velloni, o teto do <strong>d\u00f3lar<\/strong> deve ficar na casa dos R$ 5,20: &#8220;\u00c9 um teto que gira em torno disso quando voc\u00ea tem esses picos de volatilidade com uma not\u00edcia n\u00e3o t\u00e3o favor\u00e1vel que sai&#8221;.<\/p>\n\n\n\t<p>\n\t\t<a href=\"https:\/\/lp.suno.com.br\/planilha-de-controle-de-investimentos\/\" target=\"_blank\" data-element=\"shortcode-suno-banner\" title=\"Banner SUNO, clique e saiba mais\">\n\t\t\t<picture>\n\t\t\t\t<source media=\"(max-width: 500px)\" srcset=\"https:\/\/files.sunoresearch.com.br\/n\/uploads\/2023\/03\/400x300-Controle-de-Investimentos.png\">\n\t\t\t\t<img class=\"newsContent__article__imgCapa newsContent__article__imgCapa--banner\"\n\t\t\t\t\tsrc=\"https:\/\/files.sunoresearch.com.br\/n\/uploads\/2023\/03\/1420x240-Controle-de-Investimentos.png\"\n\t\t\t\t\tdata-promo-id=\"75934\"\t\t\t\t\t\t\t\t\t\twidth='1420' height='240'\t\t\t\t\talt=\"https:\/\/files.sunoresearch.com.br\/n\/uploads\/2023\/03\/1420x240-Controle-de-Investimentos.png\"\n\t\t\t\t>\n\t\t\t<\/picture>\n\t\t<\/a>\n\t<\/p>\n\n\n","protected":false},"excerpt":{"rendered":"<p>O que esperar do d\u00f3lar em 2023? Na quinta (2), a moeda ficou abaixo dos R$ 5 por alguns instantes, o que animou agentes econ\u00f4micos e pessoas f\u00edsicas. Contudo, na vis\u00e3o dos especialistas, a cota\u00e7\u00e3o deve ficar entre R$ 5,10 e R$ 5,20 ao longo do ano em meio a um cen\u00e1rio bagun\u00e7ado por incertezas [&hellip;]<\/p>\n","protected":false},"author":232,"featured_media":357550,"comment_status":"closed","ping_status":"closed","sticky":false,"template":"","format":"standard","meta":[],"categories":[62],"tags":[326,105815],"suno_strategy":[],"class_list":["post-357469","post","type-post","status-publish","format-standard","has-post-thumbnail","hentry","category-economia","tag-dolar","tag-especial"],"yoast_head":"<!-- This site is optimized with the Yoast SEO plugin v24.4 - https:\/\/yoast.com\/wordpress\/plugins\/seo\/ -->\n<title>D\u00f3lar abaixo dos R$ 5 de novo? Entenda o cen\u00e1rio e veja as previs\u00f5es<\/title>\n<meta name=\"description\" content=\"O d\u00f3lar ficou abaixo dos R$ 5 nesta quinta (2). Ser\u00e1 que ele vai ficar assim de novo em 2023? Entenda o cen\u00e1rio e veja as an\u00e1lises.\" \/>\n<meta name=\"robots\" content=\"index, follow, max-snippet:-1, max-image-preview:large, max-video-preview:-1\" \/>\n<link rel=\"canonical\" href=\"https:\/\/www.suno.com.br\/noticias\/dolar-abaixo-rs5-analises\/\" \/>\n<meta property=\"og:locale\" content=\"pt_BR\" \/>\n<meta property=\"og:type\" content=\"article\" \/>\n<meta property=\"og:title\" content=\"D\u00f3lar abaixo dos R$ 5 de novo? Entenda o cen\u00e1rio e veja as previs\u00f5es\" \/>\n<meta property=\"og:description\" content=\"O d\u00f3lar ficou abaixo dos R$ 5 nesta quinta (2). Ser\u00e1 que ele vai ficar assim de novo em 2023? Entenda o cen\u00e1rio e veja as an\u00e1lises.\" \/>\n<meta property=\"og:url\" content=\"https:\/\/www.suno.com.br\/noticias\/dolar-abaixo-rs5-analises\/\" \/>\n<meta property=\"og:site_name\" content=\"Suno Not\u00edcias\" \/>\n<meta property=\"article:publisher\" content=\"https:\/\/facebook.com\/sunoresearch\" \/>\n<meta property=\"og:image\" content=\"https:\/\/files.sunoresearch.com.br\/n\/uploads\/2023\/02\/dolar-especial-abaixo-rs5-foto-unsplash.jpg\" \/>\n\t<meta property=\"og:image:width\" content=\"1200\" \/>\n\t<meta property=\"og:image:height\" content=\"675\" \/>\n\t<meta property=\"og:image:type\" content=\"image\/jpeg\" \/>\n<meta name=\"author\" content=\"Erick Matheus Nery\" \/>\n<meta name=\"twitter:card\" content=\"summary_large_image\" \/>\n<meta name=\"twitter:creator\" content=\"@sunoresearch\" \/>\n<meta name=\"twitter:site\" content=\"@sunoresearch\" \/>\n<meta name=\"twitter:label1\" content=\"Escrito por\" \/>\n\t<meta name=\"twitter:data1\" content=\"Erick Matheus Nery\" \/>\n\t<meta name=\"twitter:label2\" content=\"Est. tempo de leitura\" \/>\n\t<meta name=\"twitter:data2\" content=\"4 minutos\" \/>\n<script type=\"application\/ld+json\" class=\"yoast-schema-graph\">{\"@context\":\"https:\/\/schema.org\",\"@graph\":[{\"@type\":\"NewsArticle\",\"@id\":\"https:\/\/www.suno.com.br\/noticias\/dolar-abaixo-rs5-analises\/#article\",\"isPartOf\":{\"@id\":\"https:\/\/www.suno.com.br\/noticias\/dolar-abaixo-rs5-analises\/\"},\"author\":{\"name\":\"Erick Matheus Nery\",\"@id\":\"https:\/\/www.suno.com.br\/noticias\/#\/schema\/person\/6899bc3f19d1a7315f807131c2c013a0\"},\"headline\":\"D\u00f3lar abaixo dos R$ 5? Incertezas no pa\u00eds bagun\u00e7am cen\u00e1rio sobre moeda americana. Veja previs\u00f5es de analistas\",\"datePublished\":\"2023-02-02T23:00:00+00:00\",\"dateModified\":\"2023-02-02T23:05:14+00:00\",\"mainEntityOfPage\":{\"@id\":\"https:\/\/www.suno.com.br\/noticias\/dolar-abaixo-rs5-analises\/\"},\"wordCount\":736,\"publisher\":{\"@id\":\"https:\/\/www.suno.com.br\/noticias\/#organization\"},\"image\":{\"@id\":\"https:\/\/www.suno.com.br\/noticias\/dolar-abaixo-rs5-analises\/#primaryimage\"},\"thumbnailUrl\":\"https:\/\/files.sunoresearch.com.br\/n\/uploads\/2023\/02\/dolar-especial-abaixo-rs5-foto-unsplash.jpg\",\"keywords\":[\"d\u00f3lar\",\"Especiais\"],\"articleSection\":[\"Economia\"],\"inLanguage\":\"pt-BR\"},{\"@type\":\"WebPage\",\"@id\":\"https:\/\/www.suno.com.br\/noticias\/dolar-abaixo-rs5-analises\/\",\"url\":\"https:\/\/www.suno.com.br\/noticias\/dolar-abaixo-rs5-analises\/\",\"name\":\"D\u00f3lar abaixo dos R$ 5 de novo? Entenda o cen\u00e1rio e veja as previs\u00f5es\",\"isPartOf\":{\"@id\":\"https:\/\/www.suno.com.br\/noticias\/#website\"},\"primaryImageOfPage\":{\"@id\":\"https:\/\/www.suno.com.br\/noticias\/dolar-abaixo-rs5-analises\/#primaryimage\"},\"image\":{\"@id\":\"https:\/\/www.suno.com.br\/noticias\/dolar-abaixo-rs5-analises\/#primaryimage\"},\"thumbnailUrl\":\"https:\/\/files.sunoresearch.com.br\/n\/uploads\/2023\/02\/dolar-especial-abaixo-rs5-foto-unsplash.jpg\",\"datePublished\":\"2023-02-02T23:00:00+00:00\",\"dateModified\":\"2023-02-02T23:05:14+00:00\",\"description\":\"O d\u00f3lar ficou abaixo dos R$ 5 nesta quinta (2). Ser\u00e1 que ele vai ficar assim de novo em 2023? Entenda o cen\u00e1rio e veja as an\u00e1lises.\",\"breadcrumb\":{\"@id\":\"https:\/\/www.suno.com.br\/noticias\/dolar-abaixo-rs5-analises\/#breadcrumb\"},\"inLanguage\":\"pt-BR\",\"potentialAction\":[{\"@type\":\"ReadAction\",\"target\":[\"https:\/\/www.suno.com.br\/noticias\/dolar-abaixo-rs5-analises\/\"]}]},{\"@type\":\"ImageObject\",\"inLanguage\":\"pt-BR\",\"@id\":\"https:\/\/www.suno.com.br\/noticias\/dolar-abaixo-rs5-analises\/#primaryimage\",\"url\":\"https:\/\/files.sunoresearch.com.br\/n\/uploads\/2023\/02\/dolar-especial-abaixo-rs5-foto-unsplash.jpg\",\"contentUrl\":\"https:\/\/files.sunoresearch.com.br\/n\/uploads\/2023\/02\/dolar-especial-abaixo-rs5-foto-unsplash.jpg\",\"width\":1200,\"height\":675,\"caption\":\"Bank of America supera expectativas e registra lucro de US$ 8,6 bilh\u00f5es no trimestre.. Foto: Giorgio Trovato\/Unsplash\"},{\"@type\":\"BreadcrumbList\",\"@id\":\"https:\/\/www.suno.com.br\/noticias\/dolar-abaixo-rs5-analises\/#breadcrumb\",\"itemListElement\":[{\"@type\":\"ListItem\",\"position\":1,\"name\":\"Not\u00edcias\",\"item\":\"https:\/\/www.suno.com.br\/noticias\/\"},{\"@type\":\"ListItem\",\"position\":2,\"name\":\"Economia\",\"item\":\"https:\/\/www.suno.com.br\/noticias\/economia\/\"},{\"@type\":\"ListItem\",\"position\":3,\"name\":\"D\u00f3lar abaixo dos R$ 5? Incertezas no pa\u00eds bagun\u00e7am cen\u00e1rio sobre moeda americana. Veja previs\u00f5es de analistas\"}]},{\"@type\":\"WebSite\",\"@id\":\"https:\/\/www.suno.com.br\/noticias\/#website\",\"url\":\"https:\/\/www.suno.com.br\/noticias\/\",\"name\":\"Suno Not\u00edcias\",\"description\":\"Seu portal de informa\u00e7\u00e3o sobre o mundo dos investimentos\",\"publisher\":{\"@id\":\"https:\/\/www.suno.com.br\/noticias\/#organization\"},\"potentialAction\":[{\"@type\":\"SearchAction\",\"target\":{\"@type\":\"EntryPoint\",\"urlTemplate\":\"https:\/\/www.suno.com.br\/noticias\/?s={search_term_string}\"},\"query-input\":{\"@type\":\"PropertyValueSpecification\",\"valueRequired\":true,\"valueName\":\"search_term_string\"}}],\"inLanguage\":\"pt-BR\"},{\"@type\":\"Organization\",\"@id\":\"https:\/\/www.suno.com.br\/noticias\/#organization\",\"name\":\"Suno Not\u00edcias\",\"url\":\"https:\/\/www.suno.com.br\/noticias\/\",\"logo\":{\"@type\":\"ImageObject\",\"inLanguage\":\"pt-BR\",\"@id\":\"https:\/\/www.suno.com.br\/noticias\/#\/schema\/logo\/image\/\",\"url\":\"https:\/\/files.sunoresearch.com.br\/n\/uploads\/2021\/09\/suno-logo.png\",\"contentUrl\":\"https:\/\/files.sunoresearch.com.br\/n\/uploads\/2021\/09\/suno-logo.png\",\"width\":180,\"height\":180,\"caption\":\"Suno Not\u00edcias\"},\"image\":{\"@id\":\"https:\/\/www.suno.com.br\/noticias\/#\/schema\/logo\/image\/\"},\"sameAs\":[\"https:\/\/facebook.com\/sunoresearch\",\"https:\/\/x.com\/sunoresearch\",\"https:\/\/www.instagram.com\/suno\",\"https:\/\/www.linkedin.com\/company\/suno-research\/\",\"https:\/\/www.youtube.com\/c\/sunoresearch\"]},{\"@type\":\"Person\",\"@id\":\"https:\/\/www.suno.com.br\/noticias\/#\/schema\/person\/6899bc3f19d1a7315f807131c2c013a0\",\"name\":\"Erick Matheus Nery\",\"image\":{\"@type\":\"ImageObject\",\"inLanguage\":\"pt-BR\",\"@id\":\"https:\/\/www.suno.com.br\/noticias\/#\/schema\/person\/image\/\",\"url\":\"https:\/\/secure.gravatar.com\/avatar\/518ddffe438ccb767782d372a66304d2?s=96&r=g\",\"contentUrl\":\"https:\/\/secure.gravatar.com\/avatar\/518ddffe438ccb767782d372a66304d2?s=96&r=g\",\"caption\":\"Erick Matheus Nery\"},\"description\":\"Formado em Jornalismo pela Universidade Federal do Par\u00e1 (UFPA), conta com extens\u00e3o em Jornalismo Econ\u00f4mico pela Funda\u00e7\u00e3o Get\u00falio Vargas (FGV). No Suno Not\u00edcias, atua como rep\u00f3rter de Mercado, com foco nos setores de telecomunica\u00e7\u00f5es, varejo, alimentos e renda fixa. Conta com passagens pelo jornal O Estado de S\u00e3o Paulo, como trainee de Jornalismo Econ\u00f4mico, e pelo site Not\u00edcias da TV.\",\"url\":\"https:\/\/www.suno.com.br\/noticias\/author\/erick-nery\/\"}]}<\/script>\n<!-- \/ Yoast SEO plugin. -->","yoast_head_json":{"title":"D\u00f3lar abaixo dos R$ 5 de novo? Entenda o cen\u00e1rio e veja as previs\u00f5es","description":"O d\u00f3lar ficou abaixo dos R$ 5 nesta quinta (2). Ser\u00e1 que ele vai ficar assim de novo em 2023? Entenda o cen\u00e1rio e veja as an\u00e1lises.","robots":{"index":"index","follow":"follow","max-snippet":"max-snippet:-1","max-image-preview":"max-image-preview:large","max-video-preview":"max-video-preview:-1"},"canonical":"https:\/\/www.suno.com.br\/noticias\/dolar-abaixo-rs5-analises\/","og_locale":"pt_BR","og_type":"article","og_title":"D\u00f3lar abaixo dos R$ 5 de novo? Entenda o cen\u00e1rio e veja as previs\u00f5es","og_description":"O d\u00f3lar ficou abaixo dos R$ 5 nesta quinta (2). Ser\u00e1 que ele vai ficar assim de novo em 2023? Entenda o cen\u00e1rio e veja as an\u00e1lises.","og_url":"https:\/\/www.suno.com.br\/noticias\/dolar-abaixo-rs5-analises\/","og_site_name":"Suno Not\u00edcias","article_publisher":"https:\/\/facebook.com\/sunoresearch","og_image":[{"width":1200,"height":675,"url":"https:\/\/files.sunoresearch.com.br\/n\/uploads\/2023\/02\/dolar-especial-abaixo-rs5-foto-unsplash.jpg","type":"image\/jpeg"}],"author":"Erick Matheus Nery","twitter_card":"summary_large_image","twitter_creator":"@sunoresearch","twitter_site":"@sunoresearch","twitter_misc":{"Escrito por":"Erick Matheus Nery","Est. tempo de leitura":"4 minutos"},"schema":{"@context":"https:\/\/schema.org","@graph":[{"@type":"NewsArticle","@id":"https:\/\/www.suno.com.br\/noticias\/dolar-abaixo-rs5-analises\/#article","isPartOf":{"@id":"https:\/\/www.suno.com.br\/noticias\/dolar-abaixo-rs5-analises\/"},"author":{"name":"Erick Matheus Nery","@id":"https:\/\/www.suno.com.br\/noticias\/#\/schema\/person\/6899bc3f19d1a7315f807131c2c013a0"},"headline":"D\u00f3lar abaixo dos R$ 5? Incertezas no pa\u00eds bagun\u00e7am cen\u00e1rio sobre moeda americana. Veja previs\u00f5es de analistas","datePublished":"2023-02-02T23:00:00+00:00","dateModified":"2023-02-02T23:05:14+00:00","mainEntityOfPage":{"@id":"https:\/\/www.suno.com.br\/noticias\/dolar-abaixo-rs5-analises\/"},"wordCount":736,"publisher":{"@id":"https:\/\/www.suno.com.br\/noticias\/#organization"},"image":{"@id":"https:\/\/www.suno.com.br\/noticias\/dolar-abaixo-rs5-analises\/#primaryimage"},"thumbnailUrl":"https:\/\/files.sunoresearch.com.br\/n\/uploads\/2023\/02\/dolar-especial-abaixo-rs5-foto-unsplash.jpg","keywords":["d\u00f3lar","Especiais"],"articleSection":["Economia"],"inLanguage":"pt-BR"},{"@type":"WebPage","@id":"https:\/\/www.suno.com.br\/noticias\/dolar-abaixo-rs5-analises\/","url":"https:\/\/www.suno.com.br\/noticias\/dolar-abaixo-rs5-analises\/","name":"D\u00f3lar abaixo dos R$ 5 de novo? Entenda o cen\u00e1rio e veja as previs\u00f5es","isPartOf":{"@id":"https:\/\/www.suno.com.br\/noticias\/#website"},"primaryImageOfPage":{"@id":"https:\/\/www.suno.com.br\/noticias\/dolar-abaixo-rs5-analises\/#primaryimage"},"image":{"@id":"https:\/\/www.suno.com.br\/noticias\/dolar-abaixo-rs5-analises\/#primaryimage"},"thumbnailUrl":"https:\/\/files.sunoresearch.com.br\/n\/uploads\/2023\/02\/dolar-especial-abaixo-rs5-foto-unsplash.jpg","datePublished":"2023-02-02T23:00:00+00:00","dateModified":"2023-02-02T23:05:14+00:00","description":"O d\u00f3lar ficou abaixo dos R$ 5 nesta quinta (2). Ser\u00e1 que ele vai ficar assim de novo em 2023? Entenda o cen\u00e1rio e veja as an\u00e1lises.","breadcrumb":{"@id":"https:\/\/www.suno.com.br\/noticias\/dolar-abaixo-rs5-analises\/#breadcrumb"},"inLanguage":"pt-BR","potentialAction":[{"@type":"ReadAction","target":["https:\/\/www.suno.com.br\/noticias\/dolar-abaixo-rs5-analises\/"]}]},{"@type":"ImageObject","inLanguage":"pt-BR","@id":"https:\/\/www.suno.com.br\/noticias\/dolar-abaixo-rs5-analises\/#primaryimage","url":"https:\/\/files.sunoresearch.com.br\/n\/uploads\/2023\/02\/dolar-especial-abaixo-rs5-foto-unsplash.jpg","contentUrl":"https:\/\/files.sunoresearch.com.br\/n\/uploads\/2023\/02\/dolar-especial-abaixo-rs5-foto-unsplash.jpg","width":1200,"height":675,"caption":"Bank of America supera expectativas e registra lucro de US$ 8,6 bilh\u00f5es no trimestre.. Foto: Giorgio Trovato\/Unsplash"},{"@type":"BreadcrumbList","@id":"https:\/\/www.suno.com.br\/noticias\/dolar-abaixo-rs5-analises\/#breadcrumb","itemListElement":[{"@type":"ListItem","position":1,"name":"Not\u00edcias","item":"https:\/\/www.suno.com.br\/noticias\/"},{"@type":"ListItem","position":2,"name":"Economia","item":"https:\/\/www.suno.com.br\/noticias\/economia\/"},{"@type":"ListItem","position":3,"name":"D\u00f3lar abaixo dos R$ 5? Incertezas no pa\u00eds bagun\u00e7am cen\u00e1rio sobre moeda americana. Veja previs\u00f5es de analistas"}]},{"@type":"WebSite","@id":"https:\/\/www.suno.com.br\/noticias\/#website","url":"https:\/\/www.suno.com.br\/noticias\/","name":"Suno Not\u00edcias","description":"Seu portal de informa\u00e7\u00e3o sobre o mundo dos investimentos","publisher":{"@id":"https:\/\/www.suno.com.br\/noticias\/#organization"},"potentialAction":[{"@type":"SearchAction","target":{"@type":"EntryPoint","urlTemplate":"https:\/\/www.suno.com.br\/noticias\/?s={search_term_string}"},"query-input":{"@type":"PropertyValueSpecification","valueRequired":true,"valueName":"search_term_string"}}],"inLanguage":"pt-BR"},{"@type":"Organization","@id":"https:\/\/www.suno.com.br\/noticias\/#organization","name":"Suno Not\u00edcias","url":"https:\/\/www.suno.com.br\/noticias\/","logo":{"@type":"ImageObject","inLanguage":"pt-BR","@id":"https:\/\/www.suno.com.br\/noticias\/#\/schema\/logo\/image\/","url":"https:\/\/files.sunoresearch.com.br\/n\/uploads\/2021\/09\/suno-logo.png","contentUrl":"https:\/\/files.sunoresearch.com.br\/n\/uploads\/2021\/09\/suno-logo.png","width":180,"height":180,"caption":"Suno Not\u00edcias"},"image":{"@id":"https:\/\/www.suno.com.br\/noticias\/#\/schema\/logo\/image\/"},"sameAs":["https:\/\/facebook.com\/sunoresearch","https:\/\/x.com\/sunoresearch","https:\/\/www.instagram.com\/suno","https:\/\/www.linkedin.com\/company\/suno-research\/","https:\/\/www.youtube.com\/c\/sunoresearch"]},{"@type":"Person","@id":"https:\/\/www.suno.com.br\/noticias\/#\/schema\/person\/6899bc3f19d1a7315f807131c2c013a0","name":"Erick Matheus Nery","image":{"@type":"ImageObject","inLanguage":"pt-BR","@id":"https:\/\/www.suno.com.br\/noticias\/#\/schema\/person\/image\/","url":"https:\/\/secure.gravatar.com\/avatar\/518ddffe438ccb767782d372a66304d2?s=96&r=g","contentUrl":"https:\/\/secure.gravatar.com\/avatar\/518ddffe438ccb767782d372a66304d2?s=96&r=g","caption":"Erick Matheus Nery"},"description":"Formado em Jornalismo pela Universidade Federal do Par\u00e1 (UFPA), conta com extens\u00e3o em Jornalismo Econ\u00f4mico pela Funda\u00e7\u00e3o Get\u00falio Vargas (FGV). No Suno Not\u00edcias, atua como rep\u00f3rter de Mercado, com foco nos setores de telecomunica\u00e7\u00f5es, varejo, alimentos e renda fixa. Conta com passagens pelo jornal O Estado de S\u00e3o Paulo, como trainee de Jornalismo Econ\u00f4mico, e pelo site Not\u00edcias da TV.","url":"https:\/\/www.suno.com.br\/noticias\/author\/erick-nery\/"}]}},"default_loop_html":"<div class=\"cardsPage__listCard__boxs\"><div class=\"cardsPage__listCard__boxs__img\"><a href=\"https:\/\/www.suno.com.br\/noticias\/dolar-abaixo-rs5-analises\/\"><img class=\"mask\" src=\"https:\/\/www.suno.com.br\/noticias\/wp-content\/themes\/suno\/resources\/images\/spotlight\/spotlight1img\/bg-mask.png\" alt=\"Image Mask\"\/><img src=\"https:\/\/files.sunoresearch.com.br\/n\/uploads\/2023\/02\/dolar-especial-abaixo-rs5-foto-unsplash-400x200.jpg\" alt=\"D\u00f3lar abaixo dos R$ 5? Incertezas no pa\u00eds bagun\u00e7am cen\u00e1rio sobre moeda americana. Veja previs\u00f5es de analistas\"\/><\/a><span class=\"spotlightCategory\"><a href=\"https:\/\/www.suno.com.br\/noticias\/economia\/\">Economia<\/a><\/span><\/div><div class=\"cardsPage__listCard__boxs__content\"><a href=\"https:\/\/www.suno.com.br\/noticias\/dolar-abaixo-rs5-analises\/\"><h2 class=\"content__title\">D\u00f3lar abaixo dos R$ 5? Incertezas no pa\u00eds bagun\u00e7am cen\u00e1rio sobre moeda americana. Veja previs\u00f5es de analistas<\/h2><\/a><div class=\"newsContent__article__meta\"><div class=\"newsContent__article__meta__authorBox\"><a href=\"https:\/\/www.suno.com.br\/noticias\/author\/erick-nery\/\" class=\"authorBox__avatar noMobi\"><img src=\"https:\/\/secure.gravatar.com\/avatar\/518ddffe438ccb767782d372a66304d2?s=96&#038;r=g\" alt=\"Erick Matheus Nery\"><\/a><div class=\"authorBox__name\"><span>por\n\t\t\t<a href=\"https:\/\/www.suno.com.br\/noticias\/author\/erick-nery\/\"><span itemprop=\"author\">Erick Matheus Nery<\/span><\/a><\/span><time datetime=\"2023-02-02T20:00:00-03:00\" itemprop=\"datePublished\">02\/02\/2023 20:00<\/time><\/div><\/div><\/div><\/div><\/div>","single_layout":"posts","amp_enabled":true,"_links":{"self":[{"href":"https:\/\/www.suno.com.br\/noticias\/wp-json\/wp\/v2\/posts\/357469"}],"collection":[{"href":"https:\/\/www.suno.com.br\/noticias\/wp-json\/wp\/v2\/posts"}],"about":[{"href":"https:\/\/www.suno.com.br\/noticias\/wp-json\/wp\/v2\/types\/post"}],"author":[{"embeddable":true,"href":"https:\/\/www.suno.com.br\/noticias\/wp-json\/wp\/v2\/users\/232"}],"replies":[{"embeddable":true,"href":"https:\/\/www.suno.com.br\/noticias\/wp-json\/wp\/v2\/comments?post=357469"}],"version-history":[{"count":2,"href":"https:\/\/www.suno.com.br\/noticias\/wp-json\/wp\/v2\/posts\/357469\/revisions"}],"predecessor-version":[{"id":357763,"href":"https:\/\/www.suno.com.br\/noticias\/wp-json\/wp\/v2\/posts\/357469\/revisions\/357763"}],"wp:featuredmedia":[{"embeddable":true,"href":"https:\/\/www.suno.com.br\/noticias\/wp-json\/wp\/v2\/media\/357550"}],"wp:attachment":[{"href":"https:\/\/www.suno.com.br\/noticias\/wp-json\/wp\/v2\/media?parent=357469"}],"wp:term":[{"taxonomy":"category","embeddable":true,"href":"https:\/\/www.suno.com.br\/noticias\/wp-json\/wp\/v2\/categories?post=357469"},{"taxonomy":"post_tag","embeddable":true,"href":"https:\/\/www.suno.com.br\/noticias\/wp-json\/wp\/v2\/tags?post=357469"},{"taxonomy":"suno_strategy","embeddable":true,"href":"https:\/\/www.suno.com.br\/noticias\/wp-json\/wp\/v2\/suno_strategy?post=357469"}],"curies":[{"name":"wp","href":"https:\/\/api.w.org\/{rel}","templated":true}]}}