{"id":35723,"date":"2019-08-29T09:13:49","date_gmt":"2019-08-29T12:13:49","guid":{"rendered":"https:\/\/www.suno.com.br\/noticias\/?p=35723"},"modified":"2019-08-29T10:12:51","modified_gmt":"2019-08-29T13:12:51","slug":"pib-segundo-trimestre-cresce-supera-expectativas","status":"publish","type":"post","link":"https:\/\/www.suno.com.br\/noticias\/pib-segundo-trimestre-cresce-supera-expectativas\/","title":{"rendered":"PIB do segundo trimestre cresce 0,4% e supera expectativas"},"content":{"rendered":"<p>O <strong>Produto Interno Bruto<\/strong> (PIB) do Brasil no segundo trimestre registrou um crescimento de 0,4%. A informa\u00e7\u00e3o foi divulgada nesta quinta-feira (29) pelo <strong>Instituto Brasileiro de Geografia e Estat\u00edstica (IBGE)<\/strong>.<\/p>\t<div class=\"wrapper-featured-image\">\n\t\t<figure class=\"spotlightImg\">\n\n\t\t\t<picture>\n\t\t\t\t<source media=\"(max-width: 768px)\" srcset=\"https:\/\/files.sunoresearch.com.br\/n\/uploads\/2019\/05\/127c0387-pib-400x200.webp\">\n\t\t\t\t<img loading=\"lazy\" decoding=\"async\" class=\"newsContent__article__imgCapa lazyloadDisabled newsContent__article__imgCapa--noCaption\" src=\"https:\/\/files.sunoresearch.com.br\/n\/uploads\/2019\/05\/127c0387-pib-800x450.webp\" width=\"800\" height=\"450\" alt=\"PIB do segundo trimestre cresce 0,4% e supera expectativas\" fetchpriority=high \/>\n\t\t\t<\/picture>\n\n\t\t\t<figcaption class=\"wp-caption-text wp-caption-text--hide\">PIB do segundo trimestre cresce 0,4% e supera expectativas <\/figcaption>\n\t\t<\/figure>\n\t<\/div>\n\n\n\n<p>O crescimento do <a href=\"https:\/\/www.suno.com.br\/artigos\/o-produto-interno-bruto-pib\/\"><strong>PIB<\/strong><\/a> surpreendeu os analistas, que previam uma expans\u00e3o de apenas 0,2%. Em compara\u00e7\u00e3o ao segundo trimestre de 2018 o avan\u00e7o foi de 1%. No acumulado do ano, a alta \u00e9 de 0,7%. Em valores correntes o PIB do segundo trimestre alcan\u00e7ou R$ 1,780 trilh\u00e3o.<\/p>\n<p>Esse resultado foi impulsionado principalmente pelos ganhos do setor industrial, que registrou uma expans\u00e3o de 0,7%. Al\u00e9m disso, o setor dos servi\u00e7os tamb\u00e9m registrou um crescimento, de 0,3%.\u00a0Por outro lado, a agropecu\u00e1ria recuou 0,4%.<\/p>\n<p><a href=\"https:\/\/www.suno.com.br\/noticias\/pib-brasileiro-economia-fgv\/\">Saiba mais: PIB brasileiro reverte queda e cresce 0,2% no 2\u00b0 trimestre, prev\u00ea FGV<\/a><\/p>\n<p>A taxa de investimento, por sua vez, cresceu 3,2%, enquanto o consumo das fam\u00edlias de 0,3%. Todavia, o consumo do governo recuou 1%.<\/p>\n<h2>PIB positivo evita recess\u00e3o t\u00e9cnica do Brasil<\/h2>\n<p>Com esse resultado o <strong>Brasil<\/strong> evita a &#8220;recess\u00e3o t\u00e9cnica&#8221;, defini\u00e7\u00e3o econ\u00f4mica de dois trimestre consecutivos de retra\u00e7\u00e3o do <strong>PIB.<\/strong> Entretanto, o crescimento mostra como a economia brasileira continue em um crescimento fraco.<\/p>\n\t<p>\n\t\t<a href=\"https:\/\/lp.statusinvest.com.br\/ao\/assessoria-status-invest\/\" target=\"_blank\" data-element=\"shortcode-suno-banner\" title=\"Banner SUNO, clique e saiba mais\">\n\t\t\t<picture>\n\t\t\t\t<source media=\"(max-width: 500px)\" srcset=\"https:\/\/files.sunoresearch.com.br\/n\/uploads\/2024\/03\/400x300-Mobile-1.png\">\n\t\t\t\t<img class=\"newsContent__article__imgCapa newsContent__article__imgCapa--banner\"\n\t\t\t\t\tsrc=\"https:\/\/files.sunoresearch.com.br\/n\/uploads\/2024\/03\/1420-x-240-Desktop.png\"\n\t\t\t\t\tdata-promo-id=\"537299\"\t\t\t\t\t\t\t\t\t\twidth='1420' height='250'\t\t\t\t\talt=\"https:\/\/files.sunoresearch.com.br\/n\/uploads\/2024\/03\/1420-x-240-Desktop.png\"\n\t\t\t\t>\n\t\t\t<\/picture>\n\t\t<\/a>\n\t<\/p>\n\n\n<p>Nesta quinta o <strong>IBGE<\/strong> tamb\u00e9m revisou os dados sobre o <strong>PIB<\/strong> do primeiro trimestre de 2019. O recuo registrado pelo instituto de estat\u00edstica de 0,2% acabou sendo reduzido para 0,1%.<\/p>\n<h2>FGV previa crescimento menor<\/h2>\n<p>As previs\u00f5es do <strong>PIB<\/strong> do segundo trimestre tinham sido menores do que o resultado divulgado nesta quinta. Por exemplo, a <strong>Funda\u00e7\u00e3o Get\u00falio Vargas (FGV)<\/strong> previa um crescimento de 0,2%. Al\u00e9m disso, a institui\u00e7\u00e3o indicava uma taxa de crescimento negativo da ind\u00fastria, o que n\u00e3o ocorreu.<\/p>\n<p><a href=\"https:\/\/www.suno.com.br\/noticias\/boletim-focus-diminui-previsao-crescimento-economia-brasileira\/\">Saiba mais: Boletim Focus diminui previs\u00e3o de crescimento da economia brasileira\u00a0<\/a><\/p>\n<p>Tamb\u00e9m os analistas ouvidos pela ag\u00eancia Bloomberg previam um crescimento de 0,2% no segundo trimestre em rela\u00e7\u00e3o aos tr\u00eas meses anteriores.<\/p>\n<h2>Boletim Focus prev\u00ea crescimento do PIB de 0,80%<\/h2>\n<p>Os economistas entrevistados pelo <strong>Banco Central<\/strong> (BC) no\u00a0<a href=\"https:\/\/www.suno.com.br\/artigos\/relatorio-focus\/\">Boletim Focus<\/a> preveem um crescimento do <strong>PIB<\/strong> de 0,80% esse ano. Para 2020 a previs\u00e3o de crescimento da economia brasileira \u00e9 de 2,10%, enquanto para 2021 e 2022 as proje\u00e7\u00f5es s\u00e3o de 2,50%.<\/p>\n\t<p>\n\t\t<a href=\"https:\/\/lp.suno.com.br\/nossas-assinaturas\/?utm_campaign=_SNC8166F3A4_\" target=\"_blank\" data-element=\"shortcode-suno-banner\" title=\"Banner SUNO, clique e saiba mais\">\n\t\t\t<picture>\n\t\t\t\t<source media=\"(max-width: 500px)\" srcset=\"https:\/\/files.sunoresearch.com.br\/n\/uploads\/2025\/08\/Artigos-e-Noticias-Banner-Materias-01-Mobile_-400x300-1-png.webp\">\n\t\t\t\t<img class=\"newsContent__article__imgCapa newsContent__article__imgCapa--banner\"\n\t\t\t\t\tsrc=\"https:\/\/files.sunoresearch.com.br\/n\/uploads\/2025\/08\/Artigos-e-Noticias-Banner-Materias-01-Desktop_-1420x240-4-png.webp\"\n\t\t\t\t\tdata-promo-id=\"620371\"\t\t\t\t\t\t\t\t\t\twidth='1420' height='240'\t\t\t\t\talt=\"https:\/\/files.sunoresearch.com.br\/n\/uploads\/2025\/08\/Artigos-e-Noticias-Banner-Materias-01-Desktop_-1420x240-4-png.webp\"\n\t\t\t\t>\n\t\t\t<\/picture>\n\t\t<\/a>\n\t<\/p>\n\n\n<p>O Brasil cresceu 1,1% em 2018, o mesmo resultado registrado em 2017. O baixo crescimento do <strong>PIB<\/strong> no ano passado foi devido principalmente a <strong>greve dos caminhoneiros,<\/strong> que paralisou o Pa\u00eds por 11 dias no final de maio e desorganizou grande parte da economia nacional. Em 2015 e 2016 o <strong>Brasil<\/strong> enfrentou duas retra\u00e7\u00f5es do Produto Interno Bruto, respectivamente de 3,5% e 3,3%.<\/p>\n","protected":false},"excerpt":{"rendered":"<p>O Produto Interno Bruto (PIB) do Brasil no segundo trimestre registrou um crescimento de 0,4%. A informa\u00e7\u00e3o foi divulgada nesta quinta-feira (29) pelo Instituto Brasileiro de Geografia e Estat\u00edstica (IBGE). PIB do segundo trimestre cresce 0,4% e supera expectativas O crescimento do PIB surpreendeu os analistas, que previam uma expans\u00e3o de apenas 0,2%. Em compara\u00e7\u00e3o [&hellip;]<\/p>\n","protected":false},"author":9,"featured_media":26517,"comment_status":"closed","ping_status":"closed","sticky":false,"template":"","format":"standard","meta":[],"categories":[62],"tags":[1556,821,807],"suno_strategy":[],"class_list":["post-35723","post","type-post","status-publish","format-standard","has-post-thumbnail","hentry","category-economia","tag-governo-federal","tag-ibge","tag-produto-interno-bruto-pib"],"yoast_head":"<!-- This site is optimized with the Yoast SEO plugin v24.4 - https:\/\/yoast.com\/wordpress\/plugins\/seo\/ -->\n<title>PIB do segundo trimestre cresce 0,4% e supera expectativas<\/title>\n<meta name=\"description\" content=\"O Produto Interno Bruto (PIB) do Brasil no segundo trimestre registrou um crescimento de 0,4%. Clique aqui para saber mais.\" \/>\n<meta name=\"robots\" content=\"index, follow, max-snippet:-1, max-image-preview:large, max-video-preview:-1\" \/>\n<link rel=\"canonical\" href=\"https:\/\/www.suno.com.br\/noticias\/pib-segundo-trimestre-cresce-supera-expectativas\/\" \/>\n<meta property=\"og:locale\" content=\"pt_BR\" \/>\n<meta property=\"og:type\" content=\"article\" \/>\n<meta property=\"og:title\" content=\"PIB do segundo trimestre cresce 0,4% e supera expectativas\" \/>\n<meta property=\"og:description\" content=\"O Produto Interno Bruto (PIB) do Brasil no segundo trimestre registrou um crescimento de 0,4%. Clique aqui para saber mais.\" \/>\n<meta property=\"og:url\" content=\"https:\/\/www.suno.com.br\/noticias\/pib-segundo-trimestre-cresce-supera-expectativas\/\" \/>\n<meta property=\"og:site_name\" content=\"Suno Not\u00edcias\" \/>\n<meta property=\"article:publisher\" content=\"https:\/\/facebook.com\/sunoresearch\" \/>\n<meta property=\"og:image\" content=\"https:\/\/files.sunoresearch.com.br\/n\/uploads\/2019\/05\/127c0387-pib.jpg\" \/>\n\t<meta property=\"og:image:width\" content=\"1920\" \/>\n\t<meta property=\"og:image:height\" content=\"1275\" \/>\n\t<meta property=\"og:image:type\" content=\"image\/jpeg\" \/>\n<meta name=\"author\" content=\"Carlo Cauti\" \/>\n<meta name=\"twitter:card\" content=\"summary_large_image\" \/>\n<meta name=\"twitter:creator\" content=\"@sunoresearch\" \/>\n<meta name=\"twitter:site\" content=\"@sunoresearch\" \/>\n<meta name=\"twitter:label1\" content=\"Escrito por\" \/>\n\t<meta name=\"twitter:data1\" content=\"Carlo Cauti\" \/>\n\t<meta name=\"twitter:label2\" content=\"Est. tempo de leitura\" \/>\n\t<meta name=\"twitter:data2\" content=\"2 minutos\" \/>\n<script type=\"application\/ld+json\" class=\"yoast-schema-graph\">{\"@context\":\"https:\/\/schema.org\",\"@graph\":[{\"@type\":\"NewsArticle\",\"@id\":\"https:\/\/www.suno.com.br\/noticias\/pib-segundo-trimestre-cresce-supera-expectativas\/#article\",\"isPartOf\":{\"@id\":\"https:\/\/www.suno.com.br\/noticias\/pib-segundo-trimestre-cresce-supera-expectativas\/\"},\"author\":{\"name\":\"Carlo Cauti\",\"@id\":\"https:\/\/www.suno.com.br\/noticias\/#\/schema\/person\/e6e0f723cc177805027f4566c1d5e0c8\"},\"headline\":\"PIB do segundo trimestre cresce 0,4% e supera expectativas\",\"datePublished\":\"2019-08-29T12:13:49+00:00\",\"dateModified\":\"2019-08-29T13:12:51+00:00\",\"mainEntityOfPage\":{\"@id\":\"https:\/\/www.suno.com.br\/noticias\/pib-segundo-trimestre-cresce-supera-expectativas\/\"},\"wordCount\":429,\"publisher\":{\"@id\":\"https:\/\/www.suno.com.br\/noticias\/#organization\"},\"image\":{\"@id\":\"https:\/\/www.suno.com.br\/noticias\/pib-segundo-trimestre-cresce-supera-expectativas\/#primaryimage\"},\"thumbnailUrl\":\"https:\/\/files.sunoresearch.com.br\/n\/uploads\/2019\/05\/127c0387-pib-jpg.webp\",\"keywords\":[\"governo federal\",\"IBGE\",\"Produto Interno Bruto (PIB)\"],\"articleSection\":[\"Economia\"],\"inLanguage\":\"pt-BR\"},{\"@type\":\"WebPage\",\"@id\":\"https:\/\/www.suno.com.br\/noticias\/pib-segundo-trimestre-cresce-supera-expectativas\/\",\"url\":\"https:\/\/www.suno.com.br\/noticias\/pib-segundo-trimestre-cresce-supera-expectativas\/\",\"name\":\"PIB do segundo trimestre cresce 0,4% e supera expectativas\",\"isPartOf\":{\"@id\":\"https:\/\/www.suno.com.br\/noticias\/#website\"},\"primaryImageOfPage\":{\"@id\":\"https:\/\/www.suno.com.br\/noticias\/pib-segundo-trimestre-cresce-supera-expectativas\/#primaryimage\"},\"image\":{\"@id\":\"https:\/\/www.suno.com.br\/noticias\/pib-segundo-trimestre-cresce-supera-expectativas\/#primaryimage\"},\"thumbnailUrl\":\"https:\/\/files.sunoresearch.com.br\/n\/uploads\/2019\/05\/127c0387-pib-jpg.webp\",\"datePublished\":\"2019-08-29T12:13:49+00:00\",\"dateModified\":\"2019-08-29T13:12:51+00:00\",\"description\":\"O Produto Interno Bruto (PIB) do Brasil no segundo trimestre registrou um crescimento de 0,4%. Clique aqui para saber mais.\",\"breadcrumb\":{\"@id\":\"https:\/\/www.suno.com.br\/noticias\/pib-segundo-trimestre-cresce-supera-expectativas\/#breadcrumb\"},\"inLanguage\":\"pt-BR\",\"potentialAction\":[{\"@type\":\"ReadAction\",\"target\":[\"https:\/\/www.suno.com.br\/noticias\/pib-segundo-trimestre-cresce-supera-expectativas\/\"]}]},{\"@type\":\"ImageObject\",\"inLanguage\":\"pt-BR\",\"@id\":\"https:\/\/www.suno.com.br\/noticias\/pib-segundo-trimestre-cresce-supera-expectativas\/#primaryimage\",\"url\":\"https:\/\/files.sunoresearch.com.br\/n\/uploads\/2019\/05\/127c0387-pib-jpg.webp\",\"contentUrl\":\"https:\/\/files.sunoresearch.com.br\/n\/uploads\/2019\/05\/127c0387-pib-jpg.webp\",\"width\":1920,\"height\":1275,\"caption\":\"PIB do segundo trimestre cresce 0,4% e supera expectativas\"},{\"@type\":\"BreadcrumbList\",\"@id\":\"https:\/\/www.suno.com.br\/noticias\/pib-segundo-trimestre-cresce-supera-expectativas\/#breadcrumb\",\"itemListElement\":[{\"@type\":\"ListItem\",\"position\":1,\"name\":\"Not\u00edcias\",\"item\":\"https:\/\/www.suno.com.br\/noticias\/\"},{\"@type\":\"ListItem\",\"position\":2,\"name\":\"Economia\",\"item\":\"https:\/\/www.suno.com.br\/noticias\/economia\/\"},{\"@type\":\"ListItem\",\"position\":3,\"name\":\"PIB do segundo trimestre cresce 0,4% e supera expectativas\"}]},{\"@type\":\"WebSite\",\"@id\":\"https:\/\/www.suno.com.br\/noticias\/#website\",\"url\":\"https:\/\/www.suno.com.br\/noticias\/\",\"name\":\"Suno Not\u00edcias\",\"description\":\"Seu portal de informa\u00e7\u00e3o sobre o mundo dos investimentos\",\"publisher\":{\"@id\":\"https:\/\/www.suno.com.br\/noticias\/#organization\"},\"potentialAction\":[{\"@type\":\"SearchAction\",\"target\":{\"@type\":\"EntryPoint\",\"urlTemplate\":\"https:\/\/www.suno.com.br\/noticias\/?s={search_term_string}\"},\"query-input\":{\"@type\":\"PropertyValueSpecification\",\"valueRequired\":true,\"valueName\":\"search_term_string\"}}],\"inLanguage\":\"pt-BR\"},{\"@type\":\"Organization\",\"@id\":\"https:\/\/www.suno.com.br\/noticias\/#organization\",\"name\":\"Suno Not\u00edcias\",\"url\":\"https:\/\/www.suno.com.br\/noticias\/\",\"logo\":{\"@type\":\"ImageObject\",\"inLanguage\":\"pt-BR\",\"@id\":\"https:\/\/www.suno.com.br\/noticias\/#\/schema\/logo\/image\/\",\"url\":\"https:\/\/files.sunoresearch.com.br\/n\/uploads\/2021\/09\/suno-logo.png\",\"contentUrl\":\"https:\/\/files.sunoresearch.com.br\/n\/uploads\/2021\/09\/suno-logo.png\",\"width\":180,\"height\":180,\"caption\":\"Suno Not\u00edcias\"},\"image\":{\"@id\":\"https:\/\/www.suno.com.br\/noticias\/#\/schema\/logo\/image\/\"},\"sameAs\":[\"https:\/\/facebook.com\/sunoresearch\",\"https:\/\/x.com\/sunoresearch\",\"https:\/\/www.instagram.com\/suno\",\"https:\/\/www.linkedin.com\/company\/suno-research\/\",\"https:\/\/www.youtube.com\/c\/sunoresearch\"]},{\"@type\":\"Person\",\"@id\":\"https:\/\/www.suno.com.br\/noticias\/#\/schema\/person\/e6e0f723cc177805027f4566c1d5e0c8\",\"name\":\"Carlo Cauti\",\"image\":{\"@type\":\"ImageObject\",\"inLanguage\":\"pt-BR\",\"@id\":\"https:\/\/www.suno.com.br\/noticias\/#\/schema\/person\/image\/\",\"url\":\"https:\/\/secure.gravatar.com\/avatar\/3ada9e0bd164c23abd4792a9606d583c?s=96&r=g\",\"contentUrl\":\"https:\/\/secure.gravatar.com\/avatar\/3ada9e0bd164c23abd4792a9606d583c?s=96&r=g\",\"caption\":\"Carlo Cauti\"},\"description\":\"Editor multim\u00eddia do SUNO Not\u00edcias. Italiano, formado em Ci\u00eancias Pol\u00edticas pela universidade LUISS G. Carli de Roma e mestre cum laude em Rela\u00e7\u00f5es Internacionais, Jornalismo Internacional e de Guerra e em Economia Internacional. Concluiu tamb\u00e9m um MBA em Finan\u00e7as na B3. No Brasil, teve passagem por ve\u00edculos como Estad\u00e3o, Globo, Veja e EXAME. e nas ag\u00eancias de not\u00edcias italianas ANSA e NOVA.\",\"url\":\"https:\/\/www.suno.com.br\/noticias\/author\/carlo-cauti\/\"}]}<\/script>\n<!-- \/ Yoast SEO plugin. -->","yoast_head_json":{"title":"PIB do segundo trimestre cresce 0,4% e supera expectativas","description":"O Produto Interno Bruto (PIB) do Brasil no segundo trimestre registrou um crescimento de 0,4%. Clique aqui para saber mais.","robots":{"index":"index","follow":"follow","max-snippet":"max-snippet:-1","max-image-preview":"max-image-preview:large","max-video-preview":"max-video-preview:-1"},"canonical":"https:\/\/www.suno.com.br\/noticias\/pib-segundo-trimestre-cresce-supera-expectativas\/","og_locale":"pt_BR","og_type":"article","og_title":"PIB do segundo trimestre cresce 0,4% e supera expectativas","og_description":"O Produto Interno Bruto (PIB) do Brasil no segundo trimestre registrou um crescimento de 0,4%. Clique aqui para saber mais.","og_url":"https:\/\/www.suno.com.br\/noticias\/pib-segundo-trimestre-cresce-supera-expectativas\/","og_site_name":"Suno Not\u00edcias","article_publisher":"https:\/\/facebook.com\/sunoresearch","og_image":[{"width":1920,"height":1275,"url":"https:\/\/files.sunoresearch.com.br\/n\/uploads\/2019\/05\/127c0387-pib.jpg","type":"image\/jpeg"}],"author":"Carlo Cauti","twitter_card":"summary_large_image","twitter_creator":"@sunoresearch","twitter_site":"@sunoresearch","twitter_misc":{"Escrito por":"Carlo Cauti","Est. tempo de leitura":"2 minutos"},"schema":{"@context":"https:\/\/schema.org","@graph":[{"@type":"NewsArticle","@id":"https:\/\/www.suno.com.br\/noticias\/pib-segundo-trimestre-cresce-supera-expectativas\/#article","isPartOf":{"@id":"https:\/\/www.suno.com.br\/noticias\/pib-segundo-trimestre-cresce-supera-expectativas\/"},"author":{"name":"Carlo Cauti","@id":"https:\/\/www.suno.com.br\/noticias\/#\/schema\/person\/e6e0f723cc177805027f4566c1d5e0c8"},"headline":"PIB do segundo trimestre cresce 0,4% e supera expectativas","datePublished":"2019-08-29T12:13:49+00:00","dateModified":"2019-08-29T13:12:51+00:00","mainEntityOfPage":{"@id":"https:\/\/www.suno.com.br\/noticias\/pib-segundo-trimestre-cresce-supera-expectativas\/"},"wordCount":429,"publisher":{"@id":"https:\/\/www.suno.com.br\/noticias\/#organization"},"image":{"@id":"https:\/\/www.suno.com.br\/noticias\/pib-segundo-trimestre-cresce-supera-expectativas\/#primaryimage"},"thumbnailUrl":"https:\/\/files.sunoresearch.com.br\/n\/uploads\/2019\/05\/127c0387-pib-jpg.webp","keywords":["governo federal","IBGE","Produto Interno Bruto (PIB)"],"articleSection":["Economia"],"inLanguage":"pt-BR"},{"@type":"WebPage","@id":"https:\/\/www.suno.com.br\/noticias\/pib-segundo-trimestre-cresce-supera-expectativas\/","url":"https:\/\/www.suno.com.br\/noticias\/pib-segundo-trimestre-cresce-supera-expectativas\/","name":"PIB do segundo trimestre cresce 0,4% e supera expectativas","isPartOf":{"@id":"https:\/\/www.suno.com.br\/noticias\/#website"},"primaryImageOfPage":{"@id":"https:\/\/www.suno.com.br\/noticias\/pib-segundo-trimestre-cresce-supera-expectativas\/#primaryimage"},"image":{"@id":"https:\/\/www.suno.com.br\/noticias\/pib-segundo-trimestre-cresce-supera-expectativas\/#primaryimage"},"thumbnailUrl":"https:\/\/files.sunoresearch.com.br\/n\/uploads\/2019\/05\/127c0387-pib-jpg.webp","datePublished":"2019-08-29T12:13:49+00:00","dateModified":"2019-08-29T13:12:51+00:00","description":"O Produto Interno Bruto (PIB) do Brasil no segundo trimestre registrou um crescimento de 0,4%. Clique aqui para saber mais.","breadcrumb":{"@id":"https:\/\/www.suno.com.br\/noticias\/pib-segundo-trimestre-cresce-supera-expectativas\/#breadcrumb"},"inLanguage":"pt-BR","potentialAction":[{"@type":"ReadAction","target":["https:\/\/www.suno.com.br\/noticias\/pib-segundo-trimestre-cresce-supera-expectativas\/"]}]},{"@type":"ImageObject","inLanguage":"pt-BR","@id":"https:\/\/www.suno.com.br\/noticias\/pib-segundo-trimestre-cresce-supera-expectativas\/#primaryimage","url":"https:\/\/files.sunoresearch.com.br\/n\/uploads\/2019\/05\/127c0387-pib-jpg.webp","contentUrl":"https:\/\/files.sunoresearch.com.br\/n\/uploads\/2019\/05\/127c0387-pib-jpg.webp","width":1920,"height":1275,"caption":"PIB do segundo trimestre cresce 0,4% e supera expectativas"},{"@type":"BreadcrumbList","@id":"https:\/\/www.suno.com.br\/noticias\/pib-segundo-trimestre-cresce-supera-expectativas\/#breadcrumb","itemListElement":[{"@type":"ListItem","position":1,"name":"Not\u00edcias","item":"https:\/\/www.suno.com.br\/noticias\/"},{"@type":"ListItem","position":2,"name":"Economia","item":"https:\/\/www.suno.com.br\/noticias\/economia\/"},{"@type":"ListItem","position":3,"name":"PIB do segundo trimestre cresce 0,4% e supera expectativas"}]},{"@type":"WebSite","@id":"https:\/\/www.suno.com.br\/noticias\/#website","url":"https:\/\/www.suno.com.br\/noticias\/","name":"Suno Not\u00edcias","description":"Seu portal de informa\u00e7\u00e3o sobre o mundo dos investimentos","publisher":{"@id":"https:\/\/www.suno.com.br\/noticias\/#organization"},"potentialAction":[{"@type":"SearchAction","target":{"@type":"EntryPoint","urlTemplate":"https:\/\/www.suno.com.br\/noticias\/?s={search_term_string}"},"query-input":{"@type":"PropertyValueSpecification","valueRequired":true,"valueName":"search_term_string"}}],"inLanguage":"pt-BR"},{"@type":"Organization","@id":"https:\/\/www.suno.com.br\/noticias\/#organization","name":"Suno Not\u00edcias","url":"https:\/\/www.suno.com.br\/noticias\/","logo":{"@type":"ImageObject","inLanguage":"pt-BR","@id":"https:\/\/www.suno.com.br\/noticias\/#\/schema\/logo\/image\/","url":"https:\/\/files.sunoresearch.com.br\/n\/uploads\/2021\/09\/suno-logo.png","contentUrl":"https:\/\/files.sunoresearch.com.br\/n\/uploads\/2021\/09\/suno-logo.png","width":180,"height":180,"caption":"Suno Not\u00edcias"},"image":{"@id":"https:\/\/www.suno.com.br\/noticias\/#\/schema\/logo\/image\/"},"sameAs":["https:\/\/facebook.com\/sunoresearch","https:\/\/x.com\/sunoresearch","https:\/\/www.instagram.com\/suno","https:\/\/www.linkedin.com\/company\/suno-research\/","https:\/\/www.youtube.com\/c\/sunoresearch"]},{"@type":"Person","@id":"https:\/\/www.suno.com.br\/noticias\/#\/schema\/person\/e6e0f723cc177805027f4566c1d5e0c8","name":"Carlo Cauti","image":{"@type":"ImageObject","inLanguage":"pt-BR","@id":"https:\/\/www.suno.com.br\/noticias\/#\/schema\/person\/image\/","url":"https:\/\/secure.gravatar.com\/avatar\/3ada9e0bd164c23abd4792a9606d583c?s=96&r=g","contentUrl":"https:\/\/secure.gravatar.com\/avatar\/3ada9e0bd164c23abd4792a9606d583c?s=96&r=g","caption":"Carlo Cauti"},"description":"Editor multim\u00eddia do SUNO Not\u00edcias. Italiano, formado em Ci\u00eancias Pol\u00edticas pela universidade LUISS G. Carli de Roma e mestre cum laude em Rela\u00e7\u00f5es Internacionais, Jornalismo Internacional e de Guerra e em Economia Internacional. Concluiu tamb\u00e9m um MBA em Finan\u00e7as na B3. No Brasil, teve passagem por ve\u00edculos como Estad\u00e3o, Globo, Veja e EXAME. e nas ag\u00eancias de not\u00edcias italianas ANSA e NOVA.","url":"https:\/\/www.suno.com.br\/noticias\/author\/carlo-cauti\/"}]}},"default_loop_html":"<div class=\"cardsPage__listCard__boxs\"><div class=\"cardsPage__listCard__boxs__img\"><a href=\"https:\/\/www.suno.com.br\/noticias\/pib-segundo-trimestre-cresce-supera-expectativas\/\"><img class=\"mask\" src=\"https:\/\/www.suno.com.br\/noticias\/wp-content\/themes\/suno\/resources\/images\/spotlight\/spotlight1img\/bg-mask.png\" alt=\"Image Mask\"\/><img src=\"https:\/\/files.sunoresearch.com.br\/n\/uploads\/2019\/05\/127c0387-pib-400x200.webp\" alt=\"PIB do segundo trimestre cresce 0,4% e supera expectativas\"\/><\/a><span class=\"spotlightCategory\"><a href=\"https:\/\/www.suno.com.br\/noticias\/economia\/\">Economia<\/a><\/span><\/div><div class=\"cardsPage__listCard__boxs__content\"><a href=\"https:\/\/www.suno.com.br\/noticias\/pib-segundo-trimestre-cresce-supera-expectativas\/\"><h2 class=\"content__title\">PIB do segundo trimestre cresce 0,4% e supera expectativas<\/h2><\/a><div class=\"newsContent__article__meta\"><div class=\"newsContent__article__meta__authorBox\"><a href=\"https:\/\/www.suno.com.br\/noticias\/author\/carlo-cauti\/\" class=\"authorBox__avatar noMobi\"><img src=\"https:\/\/files.sunoresearch.com.br\/n\/uploads\/2020\/08\/e3745f9a-perfil-carlo-cauti-150x150.webp\" alt=\"Carlo Cauti\"><\/a><div class=\"authorBox__name\"><span>por\n\t\t\t<a href=\"https:\/\/www.suno.com.br\/noticias\/author\/carlo-cauti\/\"><span itemprop=\"author\">Carlo Cauti<\/span><\/a><\/span><time datetime=\"2019-08-29T09:13:49-03:00\" itemprop=\"datePublished\">29\/08\/2019 09:13<\/time><\/div><\/div><\/div><\/div><\/div>","single_layout":"posts","amp_enabled":true,"_links":{"self":[{"href":"https:\/\/www.suno.com.br\/noticias\/wp-json\/wp\/v2\/posts\/35723"}],"collection":[{"href":"https:\/\/www.suno.com.br\/noticias\/wp-json\/wp\/v2\/posts"}],"about":[{"href":"https:\/\/www.suno.com.br\/noticias\/wp-json\/wp\/v2\/types\/post"}],"author":[{"embeddable":true,"href":"https:\/\/www.suno.com.br\/noticias\/wp-json\/wp\/v2\/users\/9"}],"replies":[{"embeddable":true,"href":"https:\/\/www.suno.com.br\/noticias\/wp-json\/wp\/v2\/comments?post=35723"}],"version-history":[{"count":0,"href":"https:\/\/www.suno.com.br\/noticias\/wp-json\/wp\/v2\/posts\/35723\/revisions"}],"wp:featuredmedia":[{"embeddable":true,"href":"https:\/\/www.suno.com.br\/noticias\/wp-json\/wp\/v2\/media\/26517"}],"wp:attachment":[{"href":"https:\/\/www.suno.com.br\/noticias\/wp-json\/wp\/v2\/media?parent=35723"}],"wp:term":[{"taxonomy":"category","embeddable":true,"href":"https:\/\/www.suno.com.br\/noticias\/wp-json\/wp\/v2\/categories?post=35723"},{"taxonomy":"post_tag","embeddable":true,"href":"https:\/\/www.suno.com.br\/noticias\/wp-json\/wp\/v2\/tags?post=35723"},{"taxonomy":"suno_strategy","embeddable":true,"href":"https:\/\/www.suno.com.br\/noticias\/wp-json\/wp\/v2\/suno_strategy?post=35723"}],"curies":[{"name":"wp","href":"https:\/\/api.w.org\/{rel}","templated":true}]}}