{"id":35692,"date":"2019-08-29T08:19:41","date_gmt":"2019-08-29T11:19:41","guid":{"rendered":"https:\/\/www.suno.com.br\/noticias\/?p=35692"},"modified":"2019-08-29T08:20:31","modified_gmt":"2019-08-29T11:20:31","slug":"brasil-recessao-economica-recuperacao","status":"publish","type":"post","link":"https:\/\/www.suno.com.br\/noticias\/brasil-recessao-economica-recuperacao\/","title":{"rendered":"Brasil recuperou somente 30% dos R$486 bi perdidos na \u00faltima recess\u00e3o"},"content":{"rendered":"<p>Estudo da Funda\u00e7\u00e3o Getulio Vargas (FGV) aponta que o Brasil conseguiu recuperar apenas 30% dos aproximadamente R$ 486 bilh\u00f5es perdidos durante a \u00faltima <strong><a href=\"https:\/\/www.suno.com.br\/artigos\/recessao-economica\/\">recess\u00e3o econ\u00f4mica<\/a><\/strong> de 2014 a 2016.<\/p>\t<div class=\"wrapper-featured-image\">\n\t\t<figure class=\"spotlightImg\">\n\n\t\t\t<picture>\n\t\t\t\t<source media=\"(max-width: 768px)\" srcset=\"https:\/\/files.sunoresearch.com.br\/n\/uploads\/2019\/06\/1352ebc6-pibbb-400x200.webp\">\n\t\t\t\t<img loading=\"lazy\" decoding=\"async\" class=\"newsContent__article__imgCapa lazyloadDisabled newsContent__article__imgCapa--noCaption\" src=\"https:\/\/files.sunoresearch.com.br\/n\/uploads\/2019\/06\/1352ebc6-pibbb-800x450.webp\" width=\"800\" height=\"450\" alt=\"Brasil recuperou somente 30% dos R$486 bi perdidos na \u00faltima recess\u00e3o\" fetchpriority=high \/>\n\t\t\t<\/picture>\n\n\t\t\t<figcaption class=\"wp-caption-text wp-caption-text--hide\">Codace da FGV diz que o Brasil entrou em recess\u00e3o no 1T20<\/figcaption>\n\t\t<\/figure>\n\t<\/div>\n\n\n\n<p>Durante os dois anos de recess\u00e3o, o<a href=\"https:\/\/www.suno.com.br\/artigos\/o-produto-interno-bruto-pib\/\"> Produto Interno Bruto (PIB)<\/a> do <strong>Brasil<\/strong> acumulou uma retra\u00e7\u00e3o de 8,2%. A partir do primeiro trimestre de 2017 at\u00e9 o primeiro trimestre deste ano, a economia registrou crescimento de apenas 3,2%.\u00a0Al\u00e9m disso, o PIB registra 5,3% abaixo do n\u00edvel do pr\u00e9-recess\u00e3o.<\/p>\n<p>As informa\u00e7\u00f5es do estudo da FGV foram divulgas pelo jornal &#8220;Estado de S.Paulo&#8221;. De acordo com o ve\u00edculo, trata-se do per\u00edodo de p\u00f3s-recess\u00e3o mais fraco dos \u00faltimos 40 anos.<\/p>\n\t<p>\n\t\t<a href=\"https:\/\/lp.suno.com.br\/ebook-como-analisar-uma-acao\/\" target=\"_blank\" data-element=\"shortcode-suno-banner\" title=\"Banner SUNO, clique e saiba mais\">\n\t\t\t<picture>\n\t\t\t\t<source media=\"(max-width: 500px)\" srcset=\"https:\/\/files.sunoresearch.com.br\/n\/uploads\/2023\/03\/Ebook-Acoes-Mobile.jpg\">\n\t\t\t\t<img class=\"newsContent__article__imgCapa newsContent__article__imgCapa--banner\"\n\t\t\t\t\tsrc=\"https:\/\/files.sunoresearch.com.br\/n\/uploads\/2023\/03\/Ebook-Acoes-Desktop.jpg\"\n\t\t\t\t\tdata-promo-id=\"378302\"\t\t\t\t\t\t\t\t\t\twidth='1420' height='286'\t\t\t\t\talt=\"https:\/\/files.sunoresearch.com.br\/n\/uploads\/2023\/03\/Ebook-Acoes-Desktop.jpg\"\n\t\t\t\t>\n\t\t\t<\/picture>\n\t\t<\/a>\n\t<\/p>\n\n\n<h2>Governo do Brasil n\u00e3o contribui para retomada econ\u00f4mica<\/h2>\n<p>O estudo aponta que esse \u00e9 o primeiro governo que n\u00e3o est\u00e1 construindo para a retomada econ\u00f4mica. Em compara\u00e7\u00e3o com as outras recess\u00f5es que o Brasil esteve, nove no total, essa \u00e9 a pior, mas o que diferencia, de acordo com a pesquisadora do Ibre\/FGV, Juliana Trece, \u00e9 a atua\u00e7\u00e3o do governo que se encontra sem dinheiro para investir.<\/p>\n<p>&#8220;\u00c9 curioso, porque a recess\u00e3o de 1987 teve mais de um per\u00edodo recessivo dentro desse per\u00edodo de recupera\u00e7\u00e3o de 20 trimestres. Mesmos assim, essa recupera\u00e7\u00e3o da recess\u00e3o que estamos agora \u00e9 a que est\u00e1 em pior n\u00edvel&#8221;, informou Trece.<\/p>\n<p><a href=\"\/\/www.suno.com.br\/noticias\/pib-crescer-08-segundo-banco-ubs\/\">Confira Tamb\u00e9m: PIB deve crescer 0,8% em 2019, segundo banco UBS<\/a><\/p>\n<p>&#8220;A administra\u00e7\u00e3o p\u00fablica normalmente crescia durante as recess\u00f5es, porque era uma forma de o governo tentar ativar a economia. Ent\u00e3o acabava investindo e ajudando a movimentar um pouco a economia. S\u00f3 que agora, sem dinheiro, com essa rela\u00e7\u00e3o d\u00edvida x PIB alta, o governo est\u00e1 sem recursos para poder investir&#8221;, concluiu a pesquisadora.<\/p>\n<p>De acordo com economista-chefe do Instituto de Estudos para o Desenvolvimento Industrial (Iedi), Rafael Cagnin, o Brasil est\u00e1 com problemas de oferta e demanda. O economista ressalta que o governo identificou esse problema e tem tomado medidas, como a libera\u00e7\u00e3o do <a href=\"https:\/\/www.suno.com.br\/artigos\/fgts\/\">Fundo de Garantia do Tempo de Servi\u00e7o (FGTS)<\/a> e o estudo da desonera\u00e7\u00e3o de folha de pagamento.<\/p>\n<p>&#8220;Parece que o governo do\u00a0<strong>Brasil<\/strong> vem tomando consci\u00eancia de que as reformas s\u00e3o fundamentais, resolvem os problemas estruturais da economia, encaminham, as restri\u00e7\u00f5es pelo lado da oferta, mas que tamb\u00e9m tem problemas de manda&#8221;, informa Cagnin.<\/p>\n","protected":false},"excerpt":{"rendered":"<p>Estudo da Funda\u00e7\u00e3o Getulio Vargas (FGV) aponta que o Brasil conseguiu recuperar apenas 30% dos aproximadamente R$ 486 bilh\u00f5es perdidos durante a \u00faltima recess\u00e3o econ\u00f4mica de 2014 a 2016. Codace da FGV diz que o Brasil entrou em recess\u00e3o no 1T20 Durante os dois anos de recess\u00e3o, o Produto Interno Bruto (PIB) do Brasil acumulou [&hellip;]<\/p>\n","protected":false},"author":15,"featured_media":29012,"comment_status":"closed","ping_status":"closed","sticky":false,"template":"","format":"standard","meta":[],"categories":[62],"tags":[807,1881],"suno_strategy":[],"class_list":["post-35692","post","type-post","status-publish","format-standard","has-post-thumbnail","hentry","category-economia","tag-produto-interno-bruto-pib","tag-recessao"],"yoast_head":"<!-- This site is optimized with the Yoast SEO plugin v24.4 - https:\/\/yoast.com\/wordpress\/plugins\/seo\/ -->\n<title>Brasil recuperou apenas 30% dos R$ 486 bi perdidos na \u00faltima recess\u00e3o<\/title>\n<meta name=\"description\" content=\"De acordo com o estuda, trata-se do per\u00edodo de p\u00f3s-recess\u00e3o do Brasil mais fraco dos \u00faltimos 40 anos. Clique aqui e saiba mais\" \/>\n<meta name=\"robots\" content=\"index, follow, max-snippet:-1, max-image-preview:large, max-video-preview:-1\" \/>\n<link rel=\"canonical\" href=\"https:\/\/www.suno.com.br\/noticias\/brasil-recessao-economica-recuperacao\/\" \/>\n<meta property=\"og:locale\" content=\"pt_BR\" \/>\n<meta property=\"og:type\" content=\"article\" \/>\n<meta property=\"og:title\" content=\"Brasil recuperou apenas 30% dos R$ 486 bi perdidos na \u00faltima recess\u00e3o\" \/>\n<meta property=\"og:description\" content=\"De acordo com o estuda, trata-se do per\u00edodo de p\u00f3s-recess\u00e3o do Brasil mais fraco dos \u00faltimos 40 anos. Clique aqui e saiba mais\" \/>\n<meta property=\"og:url\" content=\"https:\/\/www.suno.com.br\/noticias\/brasil-recessao-economica-recuperacao\/\" \/>\n<meta property=\"og:site_name\" content=\"Suno Not\u00edcias\" \/>\n<meta property=\"article:publisher\" content=\"https:\/\/facebook.com\/sunoresearch\" \/>\n<meta property=\"og:image\" content=\"https:\/\/files.sunoresearch.com.br\/n\/uploads\/2019\/06\/1352ebc6-pibbb.jpg\" \/>\n\t<meta property=\"og:image:width\" content=\"956\" \/>\n\t<meta property=\"og:image:height\" content=\"500\" \/>\n\t<meta property=\"og:image:type\" content=\"image\/jpeg\" \/>\n<meta name=\"author\" content=\"Poliana Santos\" \/>\n<meta name=\"twitter:card\" content=\"summary_large_image\" \/>\n<meta name=\"twitter:creator\" content=\"@sunoresearch\" \/>\n<meta name=\"twitter:site\" content=\"@sunoresearch\" \/>\n<meta name=\"twitter:label1\" content=\"Escrito por\" \/>\n\t<meta name=\"twitter:data1\" content=\"Poliana Santos\" \/>\n\t<meta name=\"twitter:label2\" content=\"Est. tempo de leitura\" \/>\n\t<meta name=\"twitter:data2\" content=\"2 minutos\" \/>\n<script type=\"application\/ld+json\" class=\"yoast-schema-graph\">{\"@context\":\"https:\/\/schema.org\",\"@graph\":[{\"@type\":\"NewsArticle\",\"@id\":\"https:\/\/www.suno.com.br\/noticias\/brasil-recessao-economica-recuperacao\/#article\",\"isPartOf\":{\"@id\":\"https:\/\/www.suno.com.br\/noticias\/brasil-recessao-economica-recuperacao\/\"},\"author\":{\"name\":\"Poliana Santos\",\"@id\":\"https:\/\/www.suno.com.br\/noticias\/#\/schema\/person\/02ec1f752758247878a2bf4abee1aeda\"},\"headline\":\"Brasil recuperou somente 30% dos R$486 bi perdidos na \u00faltima recess\u00e3o\",\"datePublished\":\"2019-08-29T11:19:41+00:00\",\"dateModified\":\"2019-08-29T11:20:31+00:00\",\"mainEntityOfPage\":{\"@id\":\"https:\/\/www.suno.com.br\/noticias\/brasil-recessao-economica-recuperacao\/\"},\"wordCount\":415,\"publisher\":{\"@id\":\"https:\/\/www.suno.com.br\/noticias\/#organization\"},\"image\":{\"@id\":\"https:\/\/www.suno.com.br\/noticias\/brasil-recessao-economica-recuperacao\/#primaryimage\"},\"thumbnailUrl\":\"https:\/\/files.sunoresearch.com.br\/n\/uploads\/2019\/06\/1352ebc6-pibbb-jpg.webp\",\"keywords\":[\"Produto Interno Bruto (PIB)\",\"recess\u00e3o\"],\"articleSection\":[\"Economia\"],\"inLanguage\":\"pt-BR\"},{\"@type\":\"WebPage\",\"@id\":\"https:\/\/www.suno.com.br\/noticias\/brasil-recessao-economica-recuperacao\/\",\"url\":\"https:\/\/www.suno.com.br\/noticias\/brasil-recessao-economica-recuperacao\/\",\"name\":\"Brasil recuperou apenas 30% dos R$ 486 bi perdidos na \u00faltima recess\u00e3o\",\"isPartOf\":{\"@id\":\"https:\/\/www.suno.com.br\/noticias\/#website\"},\"primaryImageOfPage\":{\"@id\":\"https:\/\/www.suno.com.br\/noticias\/brasil-recessao-economica-recuperacao\/#primaryimage\"},\"image\":{\"@id\":\"https:\/\/www.suno.com.br\/noticias\/brasil-recessao-economica-recuperacao\/#primaryimage\"},\"thumbnailUrl\":\"https:\/\/files.sunoresearch.com.br\/n\/uploads\/2019\/06\/1352ebc6-pibbb-jpg.webp\",\"datePublished\":\"2019-08-29T11:19:41+00:00\",\"dateModified\":\"2019-08-29T11:20:31+00:00\",\"description\":\"De acordo com o estuda, trata-se do per\u00edodo de p\u00f3s-recess\u00e3o do Brasil mais fraco dos \u00faltimos 40 anos. Clique aqui e saiba mais\",\"breadcrumb\":{\"@id\":\"https:\/\/www.suno.com.br\/noticias\/brasil-recessao-economica-recuperacao\/#breadcrumb\"},\"inLanguage\":\"pt-BR\",\"potentialAction\":[{\"@type\":\"ReadAction\",\"target\":[\"https:\/\/www.suno.com.br\/noticias\/brasil-recessao-economica-recuperacao\/\"]}]},{\"@type\":\"ImageObject\",\"inLanguage\":\"pt-BR\",\"@id\":\"https:\/\/www.suno.com.br\/noticias\/brasil-recessao-economica-recuperacao\/#primaryimage\",\"url\":\"https:\/\/files.sunoresearch.com.br\/n\/uploads\/2019\/06\/1352ebc6-pibbb-jpg.webp\",\"contentUrl\":\"https:\/\/files.sunoresearch.com.br\/n\/uploads\/2019\/06\/1352ebc6-pibbb-jpg.webp\",\"width\":956,\"height\":500,\"caption\":\"Codace da FGV diz que o Brasil entrou em recess\u00e3o no 1T20\"},{\"@type\":\"BreadcrumbList\",\"@id\":\"https:\/\/www.suno.com.br\/noticias\/brasil-recessao-economica-recuperacao\/#breadcrumb\",\"itemListElement\":[{\"@type\":\"ListItem\",\"position\":1,\"name\":\"Not\u00edcias\",\"item\":\"https:\/\/www.suno.com.br\/noticias\/\"},{\"@type\":\"ListItem\",\"position\":2,\"name\":\"Economia\",\"item\":\"https:\/\/www.suno.com.br\/noticias\/economia\/\"},{\"@type\":\"ListItem\",\"position\":3,\"name\":\"Brasil recuperou somente 30% dos R$486 bi perdidos na \u00faltima recess\u00e3o\"}]},{\"@type\":\"WebSite\",\"@id\":\"https:\/\/www.suno.com.br\/noticias\/#website\",\"url\":\"https:\/\/www.suno.com.br\/noticias\/\",\"name\":\"Suno Not\u00edcias\",\"description\":\"Seu portal de informa\u00e7\u00e3o sobre o mundo dos investimentos\",\"publisher\":{\"@id\":\"https:\/\/www.suno.com.br\/noticias\/#organization\"},\"potentialAction\":[{\"@type\":\"SearchAction\",\"target\":{\"@type\":\"EntryPoint\",\"urlTemplate\":\"https:\/\/www.suno.com.br\/noticias\/?s={search_term_string}\"},\"query-input\":{\"@type\":\"PropertyValueSpecification\",\"valueRequired\":true,\"valueName\":\"search_term_string\"}}],\"inLanguage\":\"pt-BR\"},{\"@type\":\"Organization\",\"@id\":\"https:\/\/www.suno.com.br\/noticias\/#organization\",\"name\":\"Suno Not\u00edcias\",\"url\":\"https:\/\/www.suno.com.br\/noticias\/\",\"logo\":{\"@type\":\"ImageObject\",\"inLanguage\":\"pt-BR\",\"@id\":\"https:\/\/www.suno.com.br\/noticias\/#\/schema\/logo\/image\/\",\"url\":\"https:\/\/files.sunoresearch.com.br\/n\/uploads\/2021\/09\/suno-logo.png\",\"contentUrl\":\"https:\/\/files.sunoresearch.com.br\/n\/uploads\/2021\/09\/suno-logo.png\",\"width\":180,\"height\":180,\"caption\":\"Suno Not\u00edcias\"},\"image\":{\"@id\":\"https:\/\/www.suno.com.br\/noticias\/#\/schema\/logo\/image\/\"},\"sameAs\":[\"https:\/\/facebook.com\/sunoresearch\",\"https:\/\/x.com\/sunoresearch\",\"https:\/\/www.instagram.com\/suno\",\"https:\/\/www.linkedin.com\/company\/suno-research\/\",\"https:\/\/www.youtube.com\/c\/sunoresearch\"]},{\"@type\":\"Person\",\"@id\":\"https:\/\/www.suno.com.br\/noticias\/#\/schema\/person\/02ec1f752758247878a2bf4abee1aeda\",\"name\":\"Poliana Santos\",\"image\":{\"@type\":\"ImageObject\",\"inLanguage\":\"pt-BR\",\"@id\":\"https:\/\/www.suno.com.br\/noticias\/#\/schema\/person\/image\/\",\"url\":\"https:\/\/secure.gravatar.com\/avatar\/0645bd32f23d87b2130f2b2dff1d3f8d?s=96&r=g\",\"contentUrl\":\"https:\/\/secure.gravatar.com\/avatar\/0645bd32f23d87b2130f2b2dff1d3f8d?s=96&r=g\",\"caption\":\"Poliana Santos\"},\"description\":\"Rep\u00f3rter no Suno Not\u00edcias, com cobertura em mercado financeiro, economia, finan\u00e7as pessoais, renda fixa e varejo. Jornalista formada pela Faculdade C\u00e1sper L\u00edbero e possui passagem na R\u00e1dio Gazeta AM com a produ\u00e7\u00e3o de conte\u00fado sobre economia, pol\u00edtica, sa\u00fade, moda e m\u00fasica. Possui certificado de conclus\u00e3o do curso de An\u00e1lise de Balan\u00e7os pela Funda\u00e7\u00e3o Bradesco, Agenda Brasil pela FAAP, Educa\u00e7\u00e3o Pol\u00edtica por Alexandre Garcia e do Tesouro Direto e Mercado de A\u00e7\u00f5es pela B3.\",\"url\":\"https:\/\/www.suno.com.br\/noticias\/author\/poliana-santos\/\"}]}<\/script>\n<!-- \/ Yoast SEO plugin. -->","yoast_head_json":{"title":"Brasil recuperou apenas 30% dos R$ 486 bi perdidos na \u00faltima recess\u00e3o","description":"De acordo com o estuda, trata-se do per\u00edodo de p\u00f3s-recess\u00e3o do Brasil mais fraco dos \u00faltimos 40 anos. Clique aqui e saiba mais","robots":{"index":"index","follow":"follow","max-snippet":"max-snippet:-1","max-image-preview":"max-image-preview:large","max-video-preview":"max-video-preview:-1"},"canonical":"https:\/\/www.suno.com.br\/noticias\/brasil-recessao-economica-recuperacao\/","og_locale":"pt_BR","og_type":"article","og_title":"Brasil recuperou apenas 30% dos R$ 486 bi perdidos na \u00faltima recess\u00e3o","og_description":"De acordo com o estuda, trata-se do per\u00edodo de p\u00f3s-recess\u00e3o do Brasil mais fraco dos \u00faltimos 40 anos. Clique aqui e saiba mais","og_url":"https:\/\/www.suno.com.br\/noticias\/brasil-recessao-economica-recuperacao\/","og_site_name":"Suno Not\u00edcias","article_publisher":"https:\/\/facebook.com\/sunoresearch","og_image":[{"width":956,"height":500,"url":"https:\/\/files.sunoresearch.com.br\/n\/uploads\/2019\/06\/1352ebc6-pibbb.jpg","type":"image\/jpeg"}],"author":"Poliana Santos","twitter_card":"summary_large_image","twitter_creator":"@sunoresearch","twitter_site":"@sunoresearch","twitter_misc":{"Escrito por":"Poliana Santos","Est. tempo de leitura":"2 minutos"},"schema":{"@context":"https:\/\/schema.org","@graph":[{"@type":"NewsArticle","@id":"https:\/\/www.suno.com.br\/noticias\/brasil-recessao-economica-recuperacao\/#article","isPartOf":{"@id":"https:\/\/www.suno.com.br\/noticias\/brasil-recessao-economica-recuperacao\/"},"author":{"name":"Poliana Santos","@id":"https:\/\/www.suno.com.br\/noticias\/#\/schema\/person\/02ec1f752758247878a2bf4abee1aeda"},"headline":"Brasil recuperou somente 30% dos R$486 bi perdidos na \u00faltima recess\u00e3o","datePublished":"2019-08-29T11:19:41+00:00","dateModified":"2019-08-29T11:20:31+00:00","mainEntityOfPage":{"@id":"https:\/\/www.suno.com.br\/noticias\/brasil-recessao-economica-recuperacao\/"},"wordCount":415,"publisher":{"@id":"https:\/\/www.suno.com.br\/noticias\/#organization"},"image":{"@id":"https:\/\/www.suno.com.br\/noticias\/brasil-recessao-economica-recuperacao\/#primaryimage"},"thumbnailUrl":"https:\/\/files.sunoresearch.com.br\/n\/uploads\/2019\/06\/1352ebc6-pibbb-jpg.webp","keywords":["Produto Interno Bruto (PIB)","recess\u00e3o"],"articleSection":["Economia"],"inLanguage":"pt-BR"},{"@type":"WebPage","@id":"https:\/\/www.suno.com.br\/noticias\/brasil-recessao-economica-recuperacao\/","url":"https:\/\/www.suno.com.br\/noticias\/brasil-recessao-economica-recuperacao\/","name":"Brasil recuperou apenas 30% dos R$ 486 bi perdidos na \u00faltima recess\u00e3o","isPartOf":{"@id":"https:\/\/www.suno.com.br\/noticias\/#website"},"primaryImageOfPage":{"@id":"https:\/\/www.suno.com.br\/noticias\/brasil-recessao-economica-recuperacao\/#primaryimage"},"image":{"@id":"https:\/\/www.suno.com.br\/noticias\/brasil-recessao-economica-recuperacao\/#primaryimage"},"thumbnailUrl":"https:\/\/files.sunoresearch.com.br\/n\/uploads\/2019\/06\/1352ebc6-pibbb-jpg.webp","datePublished":"2019-08-29T11:19:41+00:00","dateModified":"2019-08-29T11:20:31+00:00","description":"De acordo com o estuda, trata-se do per\u00edodo de p\u00f3s-recess\u00e3o do Brasil mais fraco dos \u00faltimos 40 anos. Clique aqui e saiba mais","breadcrumb":{"@id":"https:\/\/www.suno.com.br\/noticias\/brasil-recessao-economica-recuperacao\/#breadcrumb"},"inLanguage":"pt-BR","potentialAction":[{"@type":"ReadAction","target":["https:\/\/www.suno.com.br\/noticias\/brasil-recessao-economica-recuperacao\/"]}]},{"@type":"ImageObject","inLanguage":"pt-BR","@id":"https:\/\/www.suno.com.br\/noticias\/brasil-recessao-economica-recuperacao\/#primaryimage","url":"https:\/\/files.sunoresearch.com.br\/n\/uploads\/2019\/06\/1352ebc6-pibbb-jpg.webp","contentUrl":"https:\/\/files.sunoresearch.com.br\/n\/uploads\/2019\/06\/1352ebc6-pibbb-jpg.webp","width":956,"height":500,"caption":"Codace da FGV diz que o Brasil entrou em recess\u00e3o no 1T20"},{"@type":"BreadcrumbList","@id":"https:\/\/www.suno.com.br\/noticias\/brasil-recessao-economica-recuperacao\/#breadcrumb","itemListElement":[{"@type":"ListItem","position":1,"name":"Not\u00edcias","item":"https:\/\/www.suno.com.br\/noticias\/"},{"@type":"ListItem","position":2,"name":"Economia","item":"https:\/\/www.suno.com.br\/noticias\/economia\/"},{"@type":"ListItem","position":3,"name":"Brasil recuperou somente 30% dos R$486 bi perdidos na \u00faltima recess\u00e3o"}]},{"@type":"WebSite","@id":"https:\/\/www.suno.com.br\/noticias\/#website","url":"https:\/\/www.suno.com.br\/noticias\/","name":"Suno Not\u00edcias","description":"Seu portal de informa\u00e7\u00e3o sobre o mundo dos investimentos","publisher":{"@id":"https:\/\/www.suno.com.br\/noticias\/#organization"},"potentialAction":[{"@type":"SearchAction","target":{"@type":"EntryPoint","urlTemplate":"https:\/\/www.suno.com.br\/noticias\/?s={search_term_string}"},"query-input":{"@type":"PropertyValueSpecification","valueRequired":true,"valueName":"search_term_string"}}],"inLanguage":"pt-BR"},{"@type":"Organization","@id":"https:\/\/www.suno.com.br\/noticias\/#organization","name":"Suno Not\u00edcias","url":"https:\/\/www.suno.com.br\/noticias\/","logo":{"@type":"ImageObject","inLanguage":"pt-BR","@id":"https:\/\/www.suno.com.br\/noticias\/#\/schema\/logo\/image\/","url":"https:\/\/files.sunoresearch.com.br\/n\/uploads\/2021\/09\/suno-logo.png","contentUrl":"https:\/\/files.sunoresearch.com.br\/n\/uploads\/2021\/09\/suno-logo.png","width":180,"height":180,"caption":"Suno Not\u00edcias"},"image":{"@id":"https:\/\/www.suno.com.br\/noticias\/#\/schema\/logo\/image\/"},"sameAs":["https:\/\/facebook.com\/sunoresearch","https:\/\/x.com\/sunoresearch","https:\/\/www.instagram.com\/suno","https:\/\/www.linkedin.com\/company\/suno-research\/","https:\/\/www.youtube.com\/c\/sunoresearch"]},{"@type":"Person","@id":"https:\/\/www.suno.com.br\/noticias\/#\/schema\/person\/02ec1f752758247878a2bf4abee1aeda","name":"Poliana Santos","image":{"@type":"ImageObject","inLanguage":"pt-BR","@id":"https:\/\/www.suno.com.br\/noticias\/#\/schema\/person\/image\/","url":"https:\/\/secure.gravatar.com\/avatar\/0645bd32f23d87b2130f2b2dff1d3f8d?s=96&r=g","contentUrl":"https:\/\/secure.gravatar.com\/avatar\/0645bd32f23d87b2130f2b2dff1d3f8d?s=96&r=g","caption":"Poliana Santos"},"description":"Rep\u00f3rter no Suno Not\u00edcias, com cobertura em mercado financeiro, economia, finan\u00e7as pessoais, renda fixa e varejo. Jornalista formada pela Faculdade C\u00e1sper L\u00edbero e possui passagem na R\u00e1dio Gazeta AM com a produ\u00e7\u00e3o de conte\u00fado sobre economia, pol\u00edtica, sa\u00fade, moda e m\u00fasica. Possui certificado de conclus\u00e3o do curso de An\u00e1lise de Balan\u00e7os pela Funda\u00e7\u00e3o Bradesco, Agenda Brasil pela FAAP, Educa\u00e7\u00e3o Pol\u00edtica por Alexandre Garcia e do Tesouro Direto e Mercado de A\u00e7\u00f5es pela B3.","url":"https:\/\/www.suno.com.br\/noticias\/author\/poliana-santos\/"}]}},"default_loop_html":"<div class=\"cardsPage__listCard__boxs\"><div class=\"cardsPage__listCard__boxs__img\"><a href=\"https:\/\/www.suno.com.br\/noticias\/brasil-recessao-economica-recuperacao\/\"><img class=\"mask\" src=\"https:\/\/www.suno.com.br\/noticias\/wp-content\/themes\/suno\/resources\/images\/spotlight\/spotlight1img\/bg-mask.png\" alt=\"Image Mask\"\/><img src=\"https:\/\/files.sunoresearch.com.br\/n\/uploads\/2019\/06\/1352ebc6-pibbb-400x200.webp\" alt=\"Brasil recuperou somente 30% dos R$486 bi perdidos na \u00faltima recess\u00e3o\"\/><\/a><span class=\"spotlightCategory\"><a href=\"https:\/\/www.suno.com.br\/noticias\/economia\/\">Economia<\/a><\/span><\/div><div class=\"cardsPage__listCard__boxs__content\"><a href=\"https:\/\/www.suno.com.br\/noticias\/brasil-recessao-economica-recuperacao\/\"><h2 class=\"content__title\">Brasil recuperou somente 30% dos R$486 bi perdidos na \u00faltima recess\u00e3o<\/h2><\/a><div class=\"newsContent__article__meta\"><div class=\"newsContent__article__meta__authorBox\"><a href=\"https:\/\/www.suno.com.br\/noticias\/author\/poliana-santos\/\" class=\"authorBox__avatar noMobi\"><img src=\"https:\/\/files.sunoresearch.com.br\/n\/uploads\/2020\/08\/7ef34026-whatsapp-image-2020-08-03-at-12.37.57-150x150.webp\" alt=\"Poliana Santos\"><\/a><div class=\"authorBox__name\"><span>por\n\t\t\t<a href=\"https:\/\/www.suno.com.br\/noticias\/author\/poliana-santos\/\"><span itemprop=\"author\">Poliana Santos<\/span><\/a><\/span><time datetime=\"2019-08-29T08:19:41-03:00\" itemprop=\"datePublished\">29\/08\/2019 08:19<\/time><\/div><\/div><\/div><\/div><\/div>","single_layout":"posts","amp_enabled":true,"_links":{"self":[{"href":"https:\/\/www.suno.com.br\/noticias\/wp-json\/wp\/v2\/posts\/35692"}],"collection":[{"href":"https:\/\/www.suno.com.br\/noticias\/wp-json\/wp\/v2\/posts"}],"about":[{"href":"https:\/\/www.suno.com.br\/noticias\/wp-json\/wp\/v2\/types\/post"}],"author":[{"embeddable":true,"href":"https:\/\/www.suno.com.br\/noticias\/wp-json\/wp\/v2\/users\/15"}],"replies":[{"embeddable":true,"href":"https:\/\/www.suno.com.br\/noticias\/wp-json\/wp\/v2\/comments?post=35692"}],"version-history":[{"count":0,"href":"https:\/\/www.suno.com.br\/noticias\/wp-json\/wp\/v2\/posts\/35692\/revisions"}],"wp:featuredmedia":[{"embeddable":true,"href":"https:\/\/www.suno.com.br\/noticias\/wp-json\/wp\/v2\/media\/29012"}],"wp:attachment":[{"href":"https:\/\/www.suno.com.br\/noticias\/wp-json\/wp\/v2\/media?parent=35692"}],"wp:term":[{"taxonomy":"category","embeddable":true,"href":"https:\/\/www.suno.com.br\/noticias\/wp-json\/wp\/v2\/categories?post=35692"},{"taxonomy":"post_tag","embeddable":true,"href":"https:\/\/www.suno.com.br\/noticias\/wp-json\/wp\/v2\/tags?post=35692"},{"taxonomy":"suno_strategy","embeddable":true,"href":"https:\/\/www.suno.com.br\/noticias\/wp-json\/wp\/v2\/suno_strategy?post=35692"}],"curies":[{"name":"wp","href":"https:\/\/api.w.org\/{rel}","templated":true}]}}