{"id":35671,"date":"2019-08-28T20:05:04","date_gmt":"2019-08-28T23:05:04","guid":{"rendered":"https:\/\/www.suno.com.br\/noticias\/?p=35671"},"modified":"2019-08-28T20:05:04","modified_gmt":"2019-08-28T23:05:04","slug":"forever-21-recuperacao-judicial-diz-site","status":"publish","type":"post","link":"https:\/\/www.suno.com.br\/noticias\/forever-21-recuperacao-judicial-diz-site\/","title":{"rendered":"Forever 21 est\u00e1 se preparando para recupera\u00e7\u00e3o judicial, diz site"},"content":{"rendered":"<p>A rede de lojas Forever 21 est\u00e1 se preparando para pedir <a href=\"https:\/\/www.suno.com.br\/artigos\/recuperacao-judicial\/\"><strong>recupera\u00e7\u00e3o judicial<\/strong><\/a>. A informa\u00e7\u00e3o foi divulgada nesta quarta-feira (28) pela ag\u00eancia de not\u00edcias Bloomberg.<\/p>\t<div class=\"wrapper-featured-image\">\n\t\t<figure class=\"spotlightImg\">\n\n\t\t\t<picture>\n\t\t\t\t<source media=\"(max-width: 768px)\" srcset=\"https:\/\/files.sunoresearch.com.br\/n\/uploads\/2019\/08\/de9ca7bd-forever-21-400x200.webp\">\n\t\t\t\t<img loading=\"lazy\" decoding=\"async\" class=\"newsContent__article__imgCapa lazyloadDisabled newsContent__article__imgCapa--noCaption\" src=\"https:\/\/files.sunoresearch.com.br\/n\/uploads\/2019\/08\/de9ca7bd-forever-21-jpeg.webp\" width=\"800\" height=\"450\" alt=\"Forever 21 est\u00e1 se preparando para recupera\u00e7\u00e3o judicial, diz site\" fetchpriority=high \/>\n\t\t\t<\/picture>\n\n\t\t\t<figcaption class=\"wp-caption-text wp-caption-text--hide\">Forever 21 planeja entrar com pedido de recupera\u00e7\u00e3o judicial at\u00e9 domingo<\/figcaption>\n\t\t<\/figure>\n\t<\/div>\n\n\n<p>Conforme a ag\u00eancia, o intuito da <strong>Forever 21<\/strong> \u00e9 conseguir um financiamento DIP, que consiste em uma modalidade voltada para empresas em situa\u00e7\u00e3o de recupera\u00e7\u00e3o judicial.<\/p>\n\n<p>O plano inicial era organizar um<strong> financiamento<\/strong> das d\u00edvidas com investidores e conselheiros. No entanto, a medida n\u00e3o gerou os resultados esperados pela <strong>varejista<\/strong>.<\/p>\n<p>Por meio do pedido, a empresa pretende abandonar lojas n\u00e3o rent\u00e1veis e recapitalizar os neg\u00f3cios, segundo fontes anonimas. Nenhum representante da empresa comentou o assunto.<\/p>\n<p>Um dos co-fundadores da rede de lojas, Won Chang, ainda quer manter o controle acion\u00e1rio da empresa. Contudo, essa decis\u00e3o limita as op\u00e7\u00f5es de capta\u00e7\u00e3o de recursos da empresa.<\/p>\n<h2>Tentativa de evitar fal\u00eancia<\/h2>\n<p>Em junho, a varejista contratou alguns escrit\u00f3rios com especializa\u00e7\u00e3o em processos de reestrutura\u00e7\u00e3o para tentar melhorar a situa\u00e7\u00e3o financeira da companhia.<\/p>\n<p>Para auxiliar na renegocia\u00e7\u00e3o do aluguel das lojas com os propri\u00e9tarios, a empresa contratou o escrit\u00f3rios Latham &amp; Watkins. Al\u00e9m disso, um outro foi contratado para reformular as opera\u00e7\u00f5es da companhia.<\/p>\n<p><a href=\"https:\/\/www.suno.com.br\/noticias\/amazon-teste-qualificacao-itens-diminuir-disputa-entre-varejistas\/\">Leia tamb\u00e9m: Amazon faz teste de qualifica\u00e7\u00e3o de itens para diminuir disputa com varejistas<\/a><\/p>\n<p>Os representantes dos escrit\u00f3rios n\u00e3o comentaram sobre a atua\u00e7\u00e3o com a rede de lojas.<\/p>\n<p>Ap\u00f3s a contrata\u00e7\u00e3o, Won Chang afirmou querer evitar o pedido de recupera\u00e7\u00e3o judicial depois de ter usado um empr\u00e9stimo para cobrir preju\u00edzos, quando poderia ter comprado mercadorias.<\/p>\n<h2>Forever 21<\/h2>\n<p>A Forever 21 foi inaugurada em 1984, em Los Angeles, pelo empres\u00e1rio coreano Do Won Chang. No primeiro ano de faturamento, a companhia j\u00e1 lucrou US$ 700 mil.<\/p>\n<p>Ap\u00f3s a expans\u00e3o por outros estados norte-americanos, a varejista foi levada para outros pa\u00edses. Atualmente, a Forever 21 possu\u00ed mais de 700 lojas em 47 na\u00e7\u00f5es. Entre elas, China, Col\u00f4mbia, Costa Rica, Fran\u00e7a, Hong Kong, \u00cdndia, Israel, Jap\u00e3o, M\u00e9xico, Filipinas e Inglaterra.<\/p>\n\t<p>\n\t\t<a href=\"https:\/\/lp.suno.com.br\/asset\/fundos\/suno-fic-fia\/\" target=\"_blank\" data-element=\"shortcode-suno-banner\" title=\"Banner SUNO, clique e saiba mais\">\n\t\t\t<picture>\n\t\t\t\t<source media=\"(max-width: 500px)\" srcset=\"https:\/\/files.sunoresearch.com.br\/n\/uploads\/2023\/10\/SUNO-FIC-FIA-400x300-Mobile-Artigos-5-v3.png\">\n\t\t\t\t<img class=\"newsContent__article__imgCapa newsContent__article__imgCapa--banner\"\n\t\t\t\t\tsrc=\"https:\/\/files.sunoresearch.com.br\/n\/uploads\/2023\/10\/SUNO-FIC-FIA-1420x240-Banner-Artigos-1-_-Banner-Materias-4-v3-png.webp\"\n\t\t\t\t\tdata-promo-id=\"478744\"\t\t\t\t\t\t\t\t\t\twidth='2560' height='433'\t\t\t\t\talt=\"https:\/\/files.sunoresearch.com.br\/n\/uploads\/2023\/10\/SUNO-FIC-FIA-1420x240-Banner-Artigos-1-_-Banner-Materias-4-v3-png.webp\"\n\t\t\t\t>\n\t\t\t<\/picture>\n\t\t<\/a>\n\t<\/p>\n\n\n<p>Entre as 700 unidades da empresa, 31 est\u00e3o localizadas em territ\u00f3rio brasileiro.<\/p>\n<p>Com o crescimento da companhia, Chang e sua esposa, Jin Sook, passaram a ocupar a posi\u00e7\u00e3o 248\u00ba entre os casais mais ricos do mundo. Assim, estando em 90\u00aa entre os mais ricos dos Estados Unidos.<\/p>\n<p>Ao longo dos \u00faltimos anos, a companhia vem apresentando queda nas vendas e problemas de liquidez. O \u00e1pice da crise foi notado quando a <strong>Forever 21<\/strong> vendeu sua sede em Los Angeles por US$ 166 milh\u00f5es, em fevereiro deste ano.<\/p>\n","protected":false},"excerpt":{"rendered":"<p>A rede de lojas Forever 21 est\u00e1 se preparando para pedir recupera\u00e7\u00e3o judicial. A informa\u00e7\u00e3o foi divulgada nesta quarta-feira (28) pela ag\u00eancia de not\u00edcias Bloomberg. Forever 21 planeja entrar com pedido de recupera\u00e7\u00e3o judicial at\u00e9 domingo Conforme a ag\u00eancia, o intuito da Forever 21 \u00e9 conseguir um financiamento DIP, que consiste em uma modalidade voltada [&hellip;]<\/p>\n","protected":false},"author":18,"featured_media":35673,"comment_status":"closed","ping_status":"closed","sticky":false,"template":"","format":"standard","meta":[],"categories":[64],"tags":[1927,314],"suno_strategy":[],"class_list":["post-35671","post","type-post","status-publish","format-standard","has-post-thumbnail","hentry","category-negocios","tag-forever-21","tag-recuperacao-judicial"],"yoast_head":"<!-- This site is optimized with the Yoast SEO plugin v24.4 - https:\/\/yoast.com\/wordpress\/plugins\/seo\/ -->\n<title>Forever 21 est\u00e1 se preparando para recupera\u00e7\u00e3o judicial, diz site<\/title>\n<meta name=\"description\" content=\"A rede de lojas Forever 21 est\u00e1 se preparando para pedir recupera\u00e7\u00e3o judicial, segundo a ag\u00eancia Bloomberg. Clique para saber mais.\" \/>\n<meta name=\"robots\" content=\"index, follow, max-snippet:-1, max-image-preview:large, max-video-preview:-1\" \/>\n<link rel=\"canonical\" href=\"https:\/\/www.suno.com.br\/noticias\/forever-21-recuperacao-judicial-diz-site\/\" \/>\n<meta property=\"og:locale\" content=\"pt_BR\" \/>\n<meta property=\"og:type\" content=\"article\" \/>\n<meta property=\"og:title\" content=\"Forever 21 est\u00e1 se preparando para recupera\u00e7\u00e3o judicial, diz site\" \/>\n<meta property=\"og:description\" content=\"A rede de lojas Forever 21 est\u00e1 se preparando para pedir recupera\u00e7\u00e3o judicial, segundo a ag\u00eancia Bloomberg. Clique para saber mais.\" \/>\n<meta property=\"og:url\" content=\"https:\/\/www.suno.com.br\/noticias\/forever-21-recuperacao-judicial-diz-site\/\" \/>\n<meta property=\"og:site_name\" content=\"Suno Not\u00edcias\" \/>\n<meta property=\"article:publisher\" content=\"https:\/\/facebook.com\/sunoresearch\" \/>\n<meta property=\"og:image\" content=\"https:\/\/files.sunoresearch.com.br\/n\/uploads\/2019\/08\/de9ca7bd-forever-21.jpeg\" \/>\n\t<meta property=\"og:image:width\" content=\"768\" \/>\n\t<meta property=\"og:image:height\" content=\"512\" \/>\n\t<meta property=\"og:image:type\" content=\"image\/jpeg\" \/>\n<meta name=\"author\" content=\"Giovanna Oliveira\" \/>\n<meta name=\"twitter:card\" content=\"summary_large_image\" \/>\n<meta name=\"twitter:creator\" content=\"@sunoresearch\" \/>\n<meta name=\"twitter:site\" content=\"@sunoresearch\" \/>\n<meta name=\"twitter:label1\" content=\"Escrito por\" \/>\n\t<meta name=\"twitter:data1\" content=\"Giovanna Oliveira\" \/>\n\t<meta name=\"twitter:label2\" content=\"Est. tempo de leitura\" \/>\n\t<meta name=\"twitter:data2\" content=\"2 minutos\" \/>\n<script type=\"application\/ld+json\" class=\"yoast-schema-graph\">{\"@context\":\"https:\/\/schema.org\",\"@graph\":[{\"@type\":\"NewsArticle\",\"@id\":\"https:\/\/www.suno.com.br\/noticias\/forever-21-recuperacao-judicial-diz-site\/#article\",\"isPartOf\":{\"@id\":\"https:\/\/www.suno.com.br\/noticias\/forever-21-recuperacao-judicial-diz-site\/\"},\"author\":{\"name\":\"Giovanna Oliveira\",\"@id\":\"https:\/\/www.suno.com.br\/noticias\/#\/schema\/person\/4e19e3d2575736e5283d58eb3199d120\"},\"headline\":\"Forever 21 est\u00e1 se preparando para recupera\u00e7\u00e3o judicial, diz site\",\"datePublished\":\"2019-08-28T23:05:04+00:00\",\"mainEntityOfPage\":{\"@id\":\"https:\/\/www.suno.com.br\/noticias\/forever-21-recuperacao-judicial-diz-site\/\"},\"wordCount\":446,\"publisher\":{\"@id\":\"https:\/\/www.suno.com.br\/noticias\/#organization\"},\"image\":{\"@id\":\"https:\/\/www.suno.com.br\/noticias\/forever-21-recuperacao-judicial-diz-site\/#primaryimage\"},\"thumbnailUrl\":\"https:\/\/files.sunoresearch.com.br\/n\/uploads\/2019\/08\/de9ca7bd-forever-21-jpeg.webp\",\"keywords\":[\"forever 21\",\"recupera\u00e7\u00e3o judicial\"],\"articleSection\":[\"Neg\u00f3cios\"],\"inLanguage\":\"pt-BR\"},{\"@type\":\"WebPage\",\"@id\":\"https:\/\/www.suno.com.br\/noticias\/forever-21-recuperacao-judicial-diz-site\/\",\"url\":\"https:\/\/www.suno.com.br\/noticias\/forever-21-recuperacao-judicial-diz-site\/\",\"name\":\"Forever 21 est\u00e1 se preparando para recupera\u00e7\u00e3o judicial, diz site\",\"isPartOf\":{\"@id\":\"https:\/\/www.suno.com.br\/noticias\/#website\"},\"primaryImageOfPage\":{\"@id\":\"https:\/\/www.suno.com.br\/noticias\/forever-21-recuperacao-judicial-diz-site\/#primaryimage\"},\"image\":{\"@id\":\"https:\/\/www.suno.com.br\/noticias\/forever-21-recuperacao-judicial-diz-site\/#primaryimage\"},\"thumbnailUrl\":\"https:\/\/files.sunoresearch.com.br\/n\/uploads\/2019\/08\/de9ca7bd-forever-21-jpeg.webp\",\"datePublished\":\"2019-08-28T23:05:04+00:00\",\"description\":\"A rede de lojas Forever 21 est\u00e1 se preparando para pedir recupera\u00e7\u00e3o judicial, segundo a ag\u00eancia Bloomberg. Clique para saber mais.\",\"breadcrumb\":{\"@id\":\"https:\/\/www.suno.com.br\/noticias\/forever-21-recuperacao-judicial-diz-site\/#breadcrumb\"},\"inLanguage\":\"pt-BR\",\"potentialAction\":[{\"@type\":\"ReadAction\",\"target\":[\"https:\/\/www.suno.com.br\/noticias\/forever-21-recuperacao-judicial-diz-site\/\"]}]},{\"@type\":\"ImageObject\",\"inLanguage\":\"pt-BR\",\"@id\":\"https:\/\/www.suno.com.br\/noticias\/forever-21-recuperacao-judicial-diz-site\/#primaryimage\",\"url\":\"https:\/\/files.sunoresearch.com.br\/n\/uploads\/2019\/08\/de9ca7bd-forever-21-jpeg.webp\",\"contentUrl\":\"https:\/\/files.sunoresearch.com.br\/n\/uploads\/2019\/08\/de9ca7bd-forever-21-jpeg.webp\",\"width\":768,\"height\":512,\"caption\":\"Forever 21 planeja entrar com pedido de recupera\u00e7\u00e3o judicial at\u00e9 domingo\"},{\"@type\":\"BreadcrumbList\",\"@id\":\"https:\/\/www.suno.com.br\/noticias\/forever-21-recuperacao-judicial-diz-site\/#breadcrumb\",\"itemListElement\":[{\"@type\":\"ListItem\",\"position\":1,\"name\":\"Not\u00edcias\",\"item\":\"https:\/\/www.suno.com.br\/noticias\/\"},{\"@type\":\"ListItem\",\"position\":2,\"name\":\"Neg\u00f3cios\",\"item\":\"https:\/\/www.suno.com.br\/noticias\/negocios\/\"},{\"@type\":\"ListItem\",\"position\":3,\"name\":\"Forever 21 est\u00e1 se preparando para recupera\u00e7\u00e3o judicial, diz site\"}]},{\"@type\":\"WebSite\",\"@id\":\"https:\/\/www.suno.com.br\/noticias\/#website\",\"url\":\"https:\/\/www.suno.com.br\/noticias\/\",\"name\":\"Suno Not\u00edcias\",\"description\":\"Seu portal de informa\u00e7\u00e3o sobre o mundo dos investimentos\",\"publisher\":{\"@id\":\"https:\/\/www.suno.com.br\/noticias\/#organization\"},\"potentialAction\":[{\"@type\":\"SearchAction\",\"target\":{\"@type\":\"EntryPoint\",\"urlTemplate\":\"https:\/\/www.suno.com.br\/noticias\/?s={search_term_string}\"},\"query-input\":{\"@type\":\"PropertyValueSpecification\",\"valueRequired\":true,\"valueName\":\"search_term_string\"}}],\"inLanguage\":\"pt-BR\"},{\"@type\":\"Organization\",\"@id\":\"https:\/\/www.suno.com.br\/noticias\/#organization\",\"name\":\"Suno Not\u00edcias\",\"url\":\"https:\/\/www.suno.com.br\/noticias\/\",\"logo\":{\"@type\":\"ImageObject\",\"inLanguage\":\"pt-BR\",\"@id\":\"https:\/\/www.suno.com.br\/noticias\/#\/schema\/logo\/image\/\",\"url\":\"https:\/\/files.sunoresearch.com.br\/n\/uploads\/2021\/09\/suno-logo.png\",\"contentUrl\":\"https:\/\/files.sunoresearch.com.br\/n\/uploads\/2021\/09\/suno-logo.png\",\"width\":180,\"height\":180,\"caption\":\"Suno Not\u00edcias\"},\"image\":{\"@id\":\"https:\/\/www.suno.com.br\/noticias\/#\/schema\/logo\/image\/\"},\"sameAs\":[\"https:\/\/facebook.com\/sunoresearch\",\"https:\/\/x.com\/sunoresearch\",\"https:\/\/www.instagram.com\/suno\",\"https:\/\/www.linkedin.com\/company\/suno-research\/\",\"https:\/\/www.youtube.com\/c\/sunoresearch\"]},{\"@type\":\"Person\",\"@id\":\"https:\/\/www.suno.com.br\/noticias\/#\/schema\/person\/4e19e3d2575736e5283d58eb3199d120\",\"name\":\"Giovanna Oliveira\",\"image\":{\"@type\":\"ImageObject\",\"inLanguage\":\"pt-BR\",\"@id\":\"https:\/\/www.suno.com.br\/noticias\/#\/schema\/person\/image\/\",\"url\":\"https:\/\/secure.gravatar.com\/avatar\/9a37b3ae208962ac568992d0ffdbc2eb?s=96&r=g\",\"contentUrl\":\"https:\/\/secure.gravatar.com\/avatar\/9a37b3ae208962ac568992d0ffdbc2eb?s=96&r=g\",\"caption\":\"Giovanna Oliveira\"},\"description\":\"Giovanna Oliveira escreve sobre economia e pol\u00edtica. Foi rep\u00f3rter do portal de jornalismo da ESPM-SP e produziu conte\u00fado para a Corinthians TV. \u00c9 estudante da ESPM.\",\"url\":\"https:\/\/www.suno.com.br\/noticias\/author\/giovanna\/\"}]}<\/script>\n<!-- \/ Yoast SEO plugin. -->","yoast_head_json":{"title":"Forever 21 est\u00e1 se preparando para recupera\u00e7\u00e3o judicial, diz site","description":"A rede de lojas Forever 21 est\u00e1 se preparando para pedir recupera\u00e7\u00e3o judicial, segundo a ag\u00eancia Bloomberg. Clique para saber mais.","robots":{"index":"index","follow":"follow","max-snippet":"max-snippet:-1","max-image-preview":"max-image-preview:large","max-video-preview":"max-video-preview:-1"},"canonical":"https:\/\/www.suno.com.br\/noticias\/forever-21-recuperacao-judicial-diz-site\/","og_locale":"pt_BR","og_type":"article","og_title":"Forever 21 est\u00e1 se preparando para recupera\u00e7\u00e3o judicial, diz site","og_description":"A rede de lojas Forever 21 est\u00e1 se preparando para pedir recupera\u00e7\u00e3o judicial, segundo a ag\u00eancia Bloomberg. Clique para saber mais.","og_url":"https:\/\/www.suno.com.br\/noticias\/forever-21-recuperacao-judicial-diz-site\/","og_site_name":"Suno Not\u00edcias","article_publisher":"https:\/\/facebook.com\/sunoresearch","og_image":[{"width":768,"height":512,"url":"https:\/\/files.sunoresearch.com.br\/n\/uploads\/2019\/08\/de9ca7bd-forever-21.jpeg","type":"image\/jpeg"}],"author":"Giovanna Oliveira","twitter_card":"summary_large_image","twitter_creator":"@sunoresearch","twitter_site":"@sunoresearch","twitter_misc":{"Escrito por":"Giovanna Oliveira","Est. tempo de leitura":"2 minutos"},"schema":{"@context":"https:\/\/schema.org","@graph":[{"@type":"NewsArticle","@id":"https:\/\/www.suno.com.br\/noticias\/forever-21-recuperacao-judicial-diz-site\/#article","isPartOf":{"@id":"https:\/\/www.suno.com.br\/noticias\/forever-21-recuperacao-judicial-diz-site\/"},"author":{"name":"Giovanna Oliveira","@id":"https:\/\/www.suno.com.br\/noticias\/#\/schema\/person\/4e19e3d2575736e5283d58eb3199d120"},"headline":"Forever 21 est\u00e1 se preparando para recupera\u00e7\u00e3o judicial, diz site","datePublished":"2019-08-28T23:05:04+00:00","mainEntityOfPage":{"@id":"https:\/\/www.suno.com.br\/noticias\/forever-21-recuperacao-judicial-diz-site\/"},"wordCount":446,"publisher":{"@id":"https:\/\/www.suno.com.br\/noticias\/#organization"},"image":{"@id":"https:\/\/www.suno.com.br\/noticias\/forever-21-recuperacao-judicial-diz-site\/#primaryimage"},"thumbnailUrl":"https:\/\/files.sunoresearch.com.br\/n\/uploads\/2019\/08\/de9ca7bd-forever-21-jpeg.webp","keywords":["forever 21","recupera\u00e7\u00e3o judicial"],"articleSection":["Neg\u00f3cios"],"inLanguage":"pt-BR"},{"@type":"WebPage","@id":"https:\/\/www.suno.com.br\/noticias\/forever-21-recuperacao-judicial-diz-site\/","url":"https:\/\/www.suno.com.br\/noticias\/forever-21-recuperacao-judicial-diz-site\/","name":"Forever 21 est\u00e1 se preparando para recupera\u00e7\u00e3o judicial, diz site","isPartOf":{"@id":"https:\/\/www.suno.com.br\/noticias\/#website"},"primaryImageOfPage":{"@id":"https:\/\/www.suno.com.br\/noticias\/forever-21-recuperacao-judicial-diz-site\/#primaryimage"},"image":{"@id":"https:\/\/www.suno.com.br\/noticias\/forever-21-recuperacao-judicial-diz-site\/#primaryimage"},"thumbnailUrl":"https:\/\/files.sunoresearch.com.br\/n\/uploads\/2019\/08\/de9ca7bd-forever-21-jpeg.webp","datePublished":"2019-08-28T23:05:04+00:00","description":"A rede de lojas Forever 21 est\u00e1 se preparando para pedir recupera\u00e7\u00e3o judicial, segundo a ag\u00eancia Bloomberg. Clique para saber mais.","breadcrumb":{"@id":"https:\/\/www.suno.com.br\/noticias\/forever-21-recuperacao-judicial-diz-site\/#breadcrumb"},"inLanguage":"pt-BR","potentialAction":[{"@type":"ReadAction","target":["https:\/\/www.suno.com.br\/noticias\/forever-21-recuperacao-judicial-diz-site\/"]}]},{"@type":"ImageObject","inLanguage":"pt-BR","@id":"https:\/\/www.suno.com.br\/noticias\/forever-21-recuperacao-judicial-diz-site\/#primaryimage","url":"https:\/\/files.sunoresearch.com.br\/n\/uploads\/2019\/08\/de9ca7bd-forever-21-jpeg.webp","contentUrl":"https:\/\/files.sunoresearch.com.br\/n\/uploads\/2019\/08\/de9ca7bd-forever-21-jpeg.webp","width":768,"height":512,"caption":"Forever 21 planeja entrar com pedido de recupera\u00e7\u00e3o judicial at\u00e9 domingo"},{"@type":"BreadcrumbList","@id":"https:\/\/www.suno.com.br\/noticias\/forever-21-recuperacao-judicial-diz-site\/#breadcrumb","itemListElement":[{"@type":"ListItem","position":1,"name":"Not\u00edcias","item":"https:\/\/www.suno.com.br\/noticias\/"},{"@type":"ListItem","position":2,"name":"Neg\u00f3cios","item":"https:\/\/www.suno.com.br\/noticias\/negocios\/"},{"@type":"ListItem","position":3,"name":"Forever 21 est\u00e1 se preparando para recupera\u00e7\u00e3o judicial, diz site"}]},{"@type":"WebSite","@id":"https:\/\/www.suno.com.br\/noticias\/#website","url":"https:\/\/www.suno.com.br\/noticias\/","name":"Suno Not\u00edcias","description":"Seu portal de informa\u00e7\u00e3o sobre o mundo dos investimentos","publisher":{"@id":"https:\/\/www.suno.com.br\/noticias\/#organization"},"potentialAction":[{"@type":"SearchAction","target":{"@type":"EntryPoint","urlTemplate":"https:\/\/www.suno.com.br\/noticias\/?s={search_term_string}"},"query-input":{"@type":"PropertyValueSpecification","valueRequired":true,"valueName":"search_term_string"}}],"inLanguage":"pt-BR"},{"@type":"Organization","@id":"https:\/\/www.suno.com.br\/noticias\/#organization","name":"Suno Not\u00edcias","url":"https:\/\/www.suno.com.br\/noticias\/","logo":{"@type":"ImageObject","inLanguage":"pt-BR","@id":"https:\/\/www.suno.com.br\/noticias\/#\/schema\/logo\/image\/","url":"https:\/\/files.sunoresearch.com.br\/n\/uploads\/2021\/09\/suno-logo.png","contentUrl":"https:\/\/files.sunoresearch.com.br\/n\/uploads\/2021\/09\/suno-logo.png","width":180,"height":180,"caption":"Suno Not\u00edcias"},"image":{"@id":"https:\/\/www.suno.com.br\/noticias\/#\/schema\/logo\/image\/"},"sameAs":["https:\/\/facebook.com\/sunoresearch","https:\/\/x.com\/sunoresearch","https:\/\/www.instagram.com\/suno","https:\/\/www.linkedin.com\/company\/suno-research\/","https:\/\/www.youtube.com\/c\/sunoresearch"]},{"@type":"Person","@id":"https:\/\/www.suno.com.br\/noticias\/#\/schema\/person\/4e19e3d2575736e5283d58eb3199d120","name":"Giovanna Oliveira","image":{"@type":"ImageObject","inLanguage":"pt-BR","@id":"https:\/\/www.suno.com.br\/noticias\/#\/schema\/person\/image\/","url":"https:\/\/secure.gravatar.com\/avatar\/9a37b3ae208962ac568992d0ffdbc2eb?s=96&r=g","contentUrl":"https:\/\/secure.gravatar.com\/avatar\/9a37b3ae208962ac568992d0ffdbc2eb?s=96&r=g","caption":"Giovanna Oliveira"},"description":"Giovanna Oliveira escreve sobre economia e pol\u00edtica. Foi rep\u00f3rter do portal de jornalismo da ESPM-SP e produziu conte\u00fado para a Corinthians TV. \u00c9 estudante da ESPM.","url":"https:\/\/www.suno.com.br\/noticias\/author\/giovanna\/"}]}},"default_loop_html":"<div class=\"cardsPage__listCard__boxs\"><div class=\"cardsPage__listCard__boxs__img\"><a href=\"https:\/\/www.suno.com.br\/noticias\/forever-21-recuperacao-judicial-diz-site\/\"><img class=\"mask\" src=\"https:\/\/www.suno.com.br\/noticias\/wp-content\/themes\/suno\/resources\/images\/spotlight\/spotlight1img\/bg-mask.png\" alt=\"Image Mask\"\/><img src=\"https:\/\/files.sunoresearch.com.br\/n\/uploads\/2019\/08\/de9ca7bd-forever-21-400x200.webp\" alt=\"Forever 21 est\u00e1 se preparando para recupera\u00e7\u00e3o judicial, diz site\"\/><\/a><span class=\"spotlightCategory\"><a href=\"https:\/\/www.suno.com.br\/noticias\/negocios\/\">Neg\u00f3cios<\/a><\/span><\/div><div class=\"cardsPage__listCard__boxs__content\"><a href=\"https:\/\/www.suno.com.br\/noticias\/forever-21-recuperacao-judicial-diz-site\/\"><h2 class=\"content__title\">Forever 21 est\u00e1 se preparando para recupera\u00e7\u00e3o judicial, diz site<\/h2><\/a><div class=\"newsContent__article__meta\"><div class=\"newsContent__article__meta__authorBox\"><a href=\"https:\/\/www.suno.com.br\/noticias\/author\/giovanna\/\" class=\"authorBox__avatar noMobi\"><img src=\"https:\/\/files.sunoresearch.com.br\/n\/uploads\/2019\/06\/952a89ca-screenshot_20190608-171507-150x150.webp\" alt=\"Giovanna Oliveira\"><\/a><div class=\"authorBox__name\"><span>por\n\t\t\t<a href=\"https:\/\/www.suno.com.br\/noticias\/author\/giovanna\/\"><span itemprop=\"author\">Giovanna Oliveira<\/span><\/a><\/span><time datetime=\"2019-08-28T20:05:04-03:00\" itemprop=\"datePublished\">28\/08\/2019 20:05<\/time><\/div><\/div><\/div><\/div><\/div>","single_layout":"posts","amp_enabled":true,"_links":{"self":[{"href":"https:\/\/www.suno.com.br\/noticias\/wp-json\/wp\/v2\/posts\/35671"}],"collection":[{"href":"https:\/\/www.suno.com.br\/noticias\/wp-json\/wp\/v2\/posts"}],"about":[{"href":"https:\/\/www.suno.com.br\/noticias\/wp-json\/wp\/v2\/types\/post"}],"author":[{"embeddable":true,"href":"https:\/\/www.suno.com.br\/noticias\/wp-json\/wp\/v2\/users\/18"}],"replies":[{"embeddable":true,"href":"https:\/\/www.suno.com.br\/noticias\/wp-json\/wp\/v2\/comments?post=35671"}],"version-history":[{"count":0,"href":"https:\/\/www.suno.com.br\/noticias\/wp-json\/wp\/v2\/posts\/35671\/revisions"}],"wp:featuredmedia":[{"embeddable":true,"href":"https:\/\/www.suno.com.br\/noticias\/wp-json\/wp\/v2\/media\/35673"}],"wp:attachment":[{"href":"https:\/\/www.suno.com.br\/noticias\/wp-json\/wp\/v2\/media?parent=35671"}],"wp:term":[{"taxonomy":"category","embeddable":true,"href":"https:\/\/www.suno.com.br\/noticias\/wp-json\/wp\/v2\/categories?post=35671"},{"taxonomy":"post_tag","embeddable":true,"href":"https:\/\/www.suno.com.br\/noticias\/wp-json\/wp\/v2\/tags?post=35671"},{"taxonomy":"suno_strategy","embeddable":true,"href":"https:\/\/www.suno.com.br\/noticias\/wp-json\/wp\/v2\/suno_strategy?post=35671"}],"curies":[{"name":"wp","href":"https:\/\/api.w.org\/{rel}","templated":true}]}}