{"id":356359,"date":"2023-02-01T13:19:34","date_gmt":"2023-02-01T16:19:34","guid":{"rendered":"https:\/\/www.suno.com.br\/noticias\/?p=356359"},"modified":"2023-02-01T14:55:00","modified_gmt":"2023-02-01T17:55:00","slug":"ambev-abev3-rombo-bilionario-acoes-despencam","status":"publish","type":"post","link":"https:\/\/www.suno.com.br\/noticias\/ambev-abev3-rombo-bilionario-acoes-despencam\/","title":{"rendered":"Ambev (ABEV3): A\u00e7\u00f5es despencam ap\u00f3s acusa\u00e7\u00e3o de rombo bilion\u00e1rio; empresa nega"},"content":{"rendered":"<p>As a\u00e7\u00f5es da <strong>Ambev<\/strong> (<a href=\"https:\/\/suno.com.br\/acoes\/abev3\/\" target=\"_blank\" rel=\"noreferrer noopener\">ABEV3<\/a>) registram fortes quedas no Ibovespa desta quarta (1\u00ba) ap\u00f3s as acusa\u00e7\u00f5es de um rombo de cerca de R$ 30 bilh\u00f5es supostamente causado por manobras tribut\u00e1rias. Ao Suno Not\u00edcias, a companhia de <a class=\"suno-keyword\" data-force=\"no\" data-priority=\"2\" href=\"https:\/\/www.suno.com.br\/tudo-sobre\/jorge-paulo-lemann\/\" target=\"_blank\" rel=\"noopener\">Jorge Paulo Lemann<\/a>, <a href=\"https:\/\/www.suno.com.br\/tudo-sobre\/marcel-herrmann-telles\/\" target=\"_blank\" rel=\"noreferrer noopener\">Marcel Telles<\/a> e <a href=\"https:\/\/www.suno.com.br\/tudo-sobre\/carlos-alberto-sicupira\/\" target=\"_blank\" rel=\"noreferrer noopener\">Carlos Alberto Sicupira<\/a> disse que as den\u00fancias &#8220;n\u00e3o t\u00eam qualquer embasamento&#8221;.<\/p><div class=\"videoFull \">\n\t\t\t<div class=\"videoWrapper yt-lazyload center\"\n\t\t\t\tdata-width=\"960\"\n\t\t\t\tdata-height=\"540\"\n\t\t\t\tdata-id=\"c3ch45VWUgY\"\n\t\t\t\tdata-alt=\"V\u00eddeo do YouTube - clique para reproduzir\"\n\t\t\t\tdata-logo=\"3\"\n\t\t\t\tdata-imagequality=\"maxres\">\n\t\t\t<\/div>\n\t\t<\/div><script type=\"application\/ld+json\">{\"@context\":\"https:\/\/schema.org\",\"@type\":\"VideoObject\",\"name\":\"SUPER QUARTA: Copom e Fed divulgam decis\u00f5es | Produ\u00e7\u00e3o da Vale (VALE3) | Elei\u00e7\u00f5es no Congresso\",\"description\":\"#morningcall #Not\u00edcias #superquarta #copom #fed #federalreserve #juros #selic #vale3 #vale #congresso #pol\u00edtica #mercadofinanceiro #amer3 #investimentos #americanas #bolsadevalores #ibovespa #investidores \ud83d\udd34\ud835\udc08\ud835\udc0d\ud835\udc12\ud835\udc02\ud835\udc11\ud835\udc04\ud835\udc15\ud835\udc00-\ud835\udc12\ud835\udc04 \ud835\udc0d\ud835\udc0e \ud835\udc02\ud835\udc00\ud835\udc0d\ud835\udc00\ud835\udc0b \ud835\udc04 \ud835\udc00\ud835\udc13\ud835\udc08\ud835\udc15\ud835\udc04 \ud835\udc0e \ud835\udc12\ud835\udc08\ud835\udc0d\ud835\udc0e \ud83d\udc47 https:\/\/bit.ly\/INSCREVA-SEATIVEOSINO \ud83d\udd0e \ud83d\udcca[\ud835\uddf2\ud835\uddd5\ud835\uddfc\ud835\uddfc\ud835\uddf8 \ud835\uddda\ud835\udde5\ud835\uddd4\ud835\udde7\ud835\udde8\ud835\udddc\ud835\udde7\ud835\udde2] \ud835\uddd4\ud835\uddfd\ud835\uddff\ud835\uddf2\ud835\uddfb\ud835\uddf1\ud835\uddee \ud835\uddf0\ud835\uddfc\ud835\uddfa\ud835\uddfc \ud835\uddee\ud835\uddfb\ud835\uddee\ud835\uddf9\ud835\uddf6\ud835\ude00\ud835\uddee\ud835\uddff \ud835\ude02\ud835\uddfa\ud835\uddee \ud835\uddee\u00e7\u00e3\ud835\uddfc\u200b \ud83d\udc47 https:\/\/lp.suno.com.br\/ebook-como-analisar-uma-acao\/?utm_source=youtube.noticias&utm_medium=live&utm_campaign=ebookcomoanalisarumaacao.20230130&utm_content=ytnoticias.morning.30012023 \ud83d\udea8\ud83d\udcda\ud83d\udcb8\ud835\udc01\ud835\udc1a\ud835\udc22\ud835\udc31\ud835\udc1e \ud835\udc28 \ud835\udc1e\ud835\udc01\ud835\udc28\ud835\udc28\ud835\udc24: \ud835\udc06\ud835\udc2e\ud835\udc22\ud835\udc1a \ud835\udc02\ud835\udc28\ud835\udc26\ud835\udc29\ud835\udc25\ud835\udc1e\ud835\udc2d\ud835\udc28 \ud835\udc1d\ud835\udc28 \ud835\udc08\ud835\udc27\ud835\udc2f\ud835\udc1e\ud835\udc2c\ud835\udc2d\ud835\udc22\ud835\udc1d\ud835\udc28\ud835\udc2b \ud835\udc08\ud835\udc27\ud835\udc22\ud835\udc1c\ud835\udc22\ud835\udc1a\ud835\udc27\ud835\udc2d\ud835\udc1e \ud835\udc27\ud835\udc28 \ud835\udc25\ud835\udc22\ud835\udc27\ud835\udc24 \ud83d\udc47 http:\/\/bit.ly\/3Dnk2xT \ud83d\udcda \ud835\udfcf\ud835\udfce \ud835\udc0b\ud835\udc22\ud835\udc2f\ud835\udc2b\ud835\udc28\ud835\udc2c \ud835\udc2a\ud835\udc2e\ud835\udc1e \ud835\udc13\ud835\udc28\ud835\udc1d\ud835\udc28\u2026\",\"duration\":\"PT30M56S\",\"embedUrl\":\"https:\/\/www.youtube.com\/embed\/c3ch45VWUgY\",\"regionsAllowed\":\"pt-BR\",\"interactionStatistic\":{\"@type\":\"InteractionCounter\",\"interactionType\":{\"@type\":\"WatchAction\"},\"userInteractionCount\":2230},\"thumbnailUrl\":\"https:\/\/i.ytimg.com\/vi\/c3ch45VWUgY\/default.jpg\",\"uploadDate\":\"2023-02-01T12:48:12Z\"}<\/script>\n\n\n\n\n\n<p>&#8220;Calculamos todos os nossos cr\u00e9ditos tribut\u00e1rios estritamente com base na lei. Nossas demonstra\u00e7\u00f5es financeiras cumprem com todas as regras regulat\u00f3rias e cont\u00e1beis, as quais incluem a transpar\u00eancia do contencioso tribut\u00e1rio. A Ambev est\u00e1 entre as 5 maiores pagadores de impostos no Brasil&#8221;, complementou a companhia em nota enviada \u00e0 reportagem.<\/p>\n\n\n\t<p>\n\t\t<a href=\"\" target=\"_blank\" data-element=\"shortcode-suno-banner\" title=\"Banner SUNO, clique e saiba mais\">\n\t\t\t<picture>\n\t\t\t\t<source media=\"(max-width: 500px)\" srcset=\"\">\n\t\t\t\t<img class=\"newsContent__article__imgCapa newsContent__article__imgCapa--banner\"\n\t\t\t\t\tsrc=\"\"\n\t\t\t\t\tdata-promo-id=\"288022\"\t\t\t\t\t\t\t\t\t\t\t\t\t\t\talt=\"\"\n\t\t\t\t>\n\t\t\t<\/picture>\n\t\t<\/a>\n\t<\/p>\n\n\n\n\n\n<p>A den\u00fancia foi revelada pela coluna Radar Econ\u00f4mico, da Veja. Segundo um levantamento feito pela Associa\u00e7\u00e3o Brasileira da Ind\u00fastria da Cerveja (CervBrasil), as <strong>d\u00edvidas da Ambev<\/strong> seriam relacionadas a impostos federais, estaduais e municipais. <\/p>\n\n\n\n<p>De acordo com a publica\u00e7\u00e3o, a Ambev teria inflacionado o pre\u00e7o de itens necess\u00e1rios para a produ\u00e7\u00e3o de refrigerantes e que s\u00e3o pass\u00edveis de isen\u00e7\u00e3o e gera\u00e7\u00e3o de cr\u00e9ditos fiscais na Zona Franca de Manaus. Dessa forma, a empresa acumularia mais cr\u00e9ditos tribut\u00e1rios do que os quais teria direito.<\/p>\n\n\n\n<p>Paulo Petroni, diretor-geral da <strong>CervBrasil<\/strong>, afirmou que relat\u00f3rios da Receita Federal apontam, desde 2017, para &#8220;bilh\u00f5es e bilh\u00f5es de il\u00edcitos tribut\u00e1rios cometidos pelos fabricantes de concentrados de refrigerantes na <a href=\"https:\/\/www.suno.com.br\/artigos\/zona-franca\/\" target=\"_blank\" rel=\"noreferrer noopener\">Zona Franca<\/a> de Manaus&#8221;. <\/p>\n\n\n\n<p>A Veja afirmou que esses valores n\u00e3o aparecem nos <strong>balan\u00e7os da Ambev<\/strong>. Outra empresa do trio de bilion\u00e1rios que tamb\u00e9m est\u00e1 no olho do furac\u00e3o atualmente \u00e9 a Americanas (<a href=\"https:\/\/suno.com.br\/acoes\/amer3\/\" target=\"_blank\" rel=\"noreferrer noopener\">AMER3<\/a>), que encontra-se em recupera\u00e7\u00e3o judicial com d\u00edvidas estimadas em R$ 43 bilh\u00f5es.<\/p>\n\n\n\t<p>\n\t\t<a href=\"https:\/\/lp.suno.com.br\/planilha-controle-gastos\/\" target=\"_blank\" data-element=\"shortcode-suno-banner\" title=\"Banner SUNO, clique e saiba mais\">\n\t\t\t<picture>\n\t\t\t\t<source media=\"(max-width: 500px)\" srcset=\"https:\/\/files.sunoresearch.com.br\/n\/uploads\/2023\/03\/400x300-Planilha-controle-de-gastos.png\">\n\t\t\t\t<img class=\"newsContent__article__imgCapa newsContent__article__imgCapa--banner\"\n\t\t\t\t\tsrc=\"https:\/\/files.sunoresearch.com.br\/n\/uploads\/2023\/03\/1420x240-Planilha-controle-de-gastos.png\"\n\t\t\t\t\tdata-promo-id=\"101751\"\t\t\t\t\t\t\t\t\t\twidth='1420' height='240'\t\t\t\t\talt=\"https:\/\/files.sunoresearch.com.br\/n\/uploads\/2023\/03\/1420x240-Planilha-controle-de-gastos.png\"\n\t\t\t\t>\n\t\t\t<\/picture>\n\t\t<\/a>\n\t<\/p>\n\n\n\n\n\n<h2 class=\"wp-block-heading\" id=\"h-ambev-acoes-caem-apos-acusacao-de-rombo-bilionario\">Ambev: A\u00e7\u00f5es caem ap\u00f3s acusa\u00e7\u00e3o de rombo bilion\u00e1rio<\/h2>\n\n\n\n<p>Por volta da 13h10 do <strong>Ibovespa hoje<\/strong>, as a\u00e7\u00f5es da Ambev caiam 4,47% e lideravam o ranking das maiores quedas do intradia, sendo negociadas por R$ 13,05.<\/p>\n\n\n\n<p>\u00c0s 14h50, os pap\u00e9is <strong>ABEV3<\/strong> ocupavam o terceiro lugar do ranking negativo. Magazine Luiza (MGLU3) e Eztec (EZTC3) registravam as maiores quedas, com redu\u00e7\u00f5es de 5,19% e 4,92%, respectivamente.<\/p>\n\n\n\n<p>O mapeamento do Status Invest mostra que as <strong>a\u00e7\u00f5es da Ambev<\/strong> fecharam o preg\u00e3o de ter\u00e7a (31) sendo negociadas por R$ 13,66.<\/p>\n\n\n\t<p>\n\t\t<a href=\"https:\/\/lp.suno.com.br\/ebook-como-analisar-uma-acao\/\" target=\"_blank\" data-element=\"shortcode-suno-banner\" title=\"Banner SUNO, clique e saiba mais\">\n\t\t\t<picture>\n\t\t\t\t<source media=\"(max-width: 500px)\" srcset=\"https:\/\/files.sunoresearch.com.br\/n\/uploads\/2023\/03\/Ebook-Acoes-Mobile-1.jpg\">\n\t\t\t\t<img class=\"newsContent__article__imgCapa newsContent__article__imgCapa--banner\"\n\t\t\t\t\tsrc=\"https:\/\/files.sunoresearch.com.br\/n\/uploads\/2023\/03\/Ebook-Acoes-Desktop-1.jpg\"\n\t\t\t\t\tdata-promo-id=\"171998\"\t\t\t\t\t\t\t\t\t\twidth='1420' height='286'\t\t\t\t\talt=\"https:\/\/files.sunoresearch.com.br\/n\/uploads\/2023\/03\/Ebook-Acoes-Desktop-1.jpg\"\n\t\t\t\t>\n\t\t\t<\/picture>\n\t\t<\/a>\n\t<\/p>\n\n\n\n\n\n<h2 class=\"wp-block-heading\">BTG v\u00ea ru\u00eddo &#8220;exagerado&#8221; na den\u00fancia contra Ambev<\/h2>\n\n\n\n<p>Em relat\u00f3rio publicado ap\u00f3s a divulga\u00e7\u00e3o da reportagem da Veja, os analistas do BTG Pactual (BPAC11) disseram que enxergam um ru\u00eddo &#8220;exagerado&#8221; no caso. <\/p>\n\n\n\n<p>&#8220;Os R$ 30 bilh\u00f5es mencionados na mat\u00e9ria referem-se, na verdade, a estimativas da Receita Federal relativas a cr\u00e9ditos tribut\u00e1rios acumulados em disputas entre o fisco e as empresas de bebidas. A parte eventualmente relacionada \u00e0 Ambev \u00e9 indiscutivelmente muito menor&#8221;, comentaram os analistas do BTG Thiago Duarte e Henrique Brustolin.<\/p>\n\n\n\n<p>Segundo os especialistas, a CervBrasil representa o Grupo Petr\u00f3polis e outras cervejarias brasileiras menores que tamb\u00e9m disputam mercado com a <strong>Ambev<\/strong>. &#8220;Eles historicamente se manifestaram e lutaram intensamente contra os cr\u00e9ditos tribut\u00e1rios gerados por empresas como Ambev e Coca-Cola&#8221;, refor\u00e7aram os analistas.<\/p>\n\n\n\t<p>\n\t\t<a href=\"https:\/\/lp.suno.com.br\/planilha-de-controle-de-investimentos\/\" target=\"_blank\" data-element=\"shortcode-suno-banner\" title=\"Banner SUNO, clique e saiba mais\">\n\t\t\t<picture>\n\t\t\t\t<source media=\"(max-width: 500px)\" srcset=\"https:\/\/files.sunoresearch.com.br\/n\/uploads\/2023\/03\/400x300-Controle-de-Investimentos.png\">\n\t\t\t\t<img class=\"newsContent__article__imgCapa newsContent__article__imgCapa--banner\"\n\t\t\t\t\tsrc=\"https:\/\/files.sunoresearch.com.br\/n\/uploads\/2023\/03\/1420x240-Controle-de-Investimentos.png\"\n\t\t\t\t\tdata-promo-id=\"75934\"\t\t\t\t\t\t\t\t\t\twidth='1420' height='240'\t\t\t\t\talt=\"https:\/\/files.sunoresearch.com.br\/n\/uploads\/2023\/03\/1420x240-Controle-de-Investimentos.png\"\n\t\t\t\t>\n\t\t\t<\/picture>\n\t\t<\/a>\n\t<\/p>\n\n\n","protected":false},"excerpt":{"rendered":"<p>As a\u00e7\u00f5es da Ambev (ABEV3) registram fortes quedas no Ibovespa desta quarta (1\u00ba) ap\u00f3s as acusa\u00e7\u00f5es de um rombo de cerca de R$ 30 bilh\u00f5es supostamente causado por manobras tribut\u00e1rias. Ao Suno Not\u00edcias, a companhia de Jorge Paulo Lemann, Marcel Telles e Carlos Alberto Sicupira disse que as den\u00fancias &#8220;n\u00e3o t\u00eam qualquer embasamento&#8221;. &#8220;Calculamos todos [&hellip;]<\/p>\n","protected":false},"author":232,"featured_media":223172,"comment_status":"closed","ping_status":"closed","sticky":false,"template":"","format":"standard","meta":[],"categories":[64],"tags":[286,359,105816,1550],"suno_strategy":[],"class_list":["post-356359","post","type-post","status-publish","format-standard","has-post-thumbnail","hentry","category-negocios","tag-acoes","tag-ambev-abev3","tag-especialistas","tag-jorge-paulo-lemann"],"yoast_head":"<!-- This site is optimized with the Yoast SEO plugin v24.4 - https:\/\/yoast.com\/wordpress\/plugins\/seo\/ -->\n<title>Ambev (ABEV3) teria rombo bilion\u00e1rio; a\u00e7\u00f5es despencam<\/title>\n<meta name=\"description\" content=\"A Ambev (ABEV3) \u00e9 suspeita de ter um rombo de cerca de R$ 30 bilh\u00f5es. As a\u00e7\u00f5es da companhia despencam no Ibovespa.\" \/>\n<meta name=\"robots\" content=\"index, follow, max-snippet:-1, max-image-preview:large, max-video-preview:-1\" \/>\n<link rel=\"canonical\" href=\"https:\/\/www.suno.com.br\/noticias\/ambev-abev3-rombo-bilionario-acoes-despencam\/\" \/>\n<meta property=\"og:locale\" content=\"pt_BR\" \/>\n<meta property=\"og:type\" content=\"article\" \/>\n<meta property=\"og:title\" content=\"Ambev (ABEV3) teria rombo bilion\u00e1rio; a\u00e7\u00f5es despencam\" \/>\n<meta property=\"og:description\" content=\"A Ambev (ABEV3) \u00e9 suspeita de ter um rombo de cerca de R$ 30 bilh\u00f5es. As a\u00e7\u00f5es da companhia despencam no Ibovespa.\" \/>\n<meta property=\"og:url\" content=\"https:\/\/www.suno.com.br\/noticias\/ambev-abev3-rombo-bilionario-acoes-despencam\/\" \/>\n<meta property=\"og:site_name\" content=\"Suno Not\u00edcias\" \/>\n<meta property=\"article:publisher\" content=\"https:\/\/facebook.com\/sunoresearch\" \/>\n<meta property=\"og:image\" content=\"https:\/\/files.sunoresearch.com.br\/n\/uploads\/2022\/01\/ambev.jpg\" \/>\n\t<meta property=\"og:image:width\" content=\"1200\" \/>\n\t<meta property=\"og:image:height\" content=\"676\" \/>\n\t<meta property=\"og:image:type\" content=\"image\/jpeg\" \/>\n<meta name=\"author\" content=\"Erick Matheus Nery\" \/>\n<meta name=\"twitter:card\" content=\"summary_large_image\" \/>\n<meta name=\"twitter:creator\" content=\"@sunoresearch\" \/>\n<meta name=\"twitter:site\" content=\"@sunoresearch\" \/>\n<meta name=\"twitter:label1\" content=\"Escrito por\" \/>\n\t<meta name=\"twitter:data1\" content=\"Erick Matheus Nery\" \/>\n\t<meta name=\"twitter:label2\" content=\"Est. tempo de leitura\" \/>\n\t<meta name=\"twitter:data2\" content=\"3 minutos\" \/>\n<script type=\"application\/ld+json\" class=\"yoast-schema-graph\">{\"@context\":\"https:\/\/schema.org\",\"@graph\":[{\"@type\":\"NewsArticle\",\"@id\":\"https:\/\/www.suno.com.br\/noticias\/ambev-abev3-rombo-bilionario-acoes-despencam\/#article\",\"isPartOf\":{\"@id\":\"https:\/\/www.suno.com.br\/noticias\/ambev-abev3-rombo-bilionario-acoes-despencam\/\"},\"author\":{\"name\":\"Erick Matheus Nery\",\"@id\":\"https:\/\/www.suno.com.br\/noticias\/#\/schema\/person\/6899bc3f19d1a7315f807131c2c013a0\"},\"headline\":\"Ambev (ABEV3): A\u00e7\u00f5es despencam ap\u00f3s acusa\u00e7\u00e3o de rombo bilion\u00e1rio; empresa nega\",\"datePublished\":\"2023-02-01T16:19:34+00:00\",\"dateModified\":\"2023-02-01T17:55:00+00:00\",\"mainEntityOfPage\":{\"@id\":\"https:\/\/www.suno.com.br\/noticias\/ambev-abev3-rombo-bilionario-acoes-despencam\/\"},\"wordCount\":552,\"publisher\":{\"@id\":\"https:\/\/www.suno.com.br\/noticias\/#organization\"},\"image\":{\"@id\":\"https:\/\/www.suno.com.br\/noticias\/ambev-abev3-rombo-bilionario-acoes-despencam\/#primaryimage\"},\"thumbnailUrl\":\"https:\/\/files.sunoresearch.com.br\/n\/uploads\/2022\/01\/ambev.jpg\",\"keywords\":[\"A\u00e7\u00f5es\",\"AMBEV (ABEV3)\",\"Especialistas\",\"Jorge Paulo Lemann\"],\"articleSection\":[\"Neg\u00f3cios\"],\"inLanguage\":\"pt-BR\"},{\"@type\":\"WebPage\",\"@id\":\"https:\/\/www.suno.com.br\/noticias\/ambev-abev3-rombo-bilionario-acoes-despencam\/\",\"url\":\"https:\/\/www.suno.com.br\/noticias\/ambev-abev3-rombo-bilionario-acoes-despencam\/\",\"name\":\"Ambev (ABEV3) teria rombo bilion\u00e1rio; a\u00e7\u00f5es despencam\",\"isPartOf\":{\"@id\":\"https:\/\/www.suno.com.br\/noticias\/#website\"},\"primaryImageOfPage\":{\"@id\":\"https:\/\/www.suno.com.br\/noticias\/ambev-abev3-rombo-bilionario-acoes-despencam\/#primaryimage\"},\"image\":{\"@id\":\"https:\/\/www.suno.com.br\/noticias\/ambev-abev3-rombo-bilionario-acoes-despencam\/#primaryimage\"},\"thumbnailUrl\":\"https:\/\/files.sunoresearch.com.br\/n\/uploads\/2022\/01\/ambev.jpg\",\"datePublished\":\"2023-02-01T16:19:34+00:00\",\"dateModified\":\"2023-02-01T17:55:00+00:00\",\"description\":\"A Ambev (ABEV3) \u00e9 suspeita de ter um rombo de cerca de R$ 30 bilh\u00f5es. As a\u00e7\u00f5es da companhia despencam no Ibovespa.\",\"breadcrumb\":{\"@id\":\"https:\/\/www.suno.com.br\/noticias\/ambev-abev3-rombo-bilionario-acoes-despencam\/#breadcrumb\"},\"inLanguage\":\"pt-BR\",\"potentialAction\":[{\"@type\":\"ReadAction\",\"target\":[\"https:\/\/www.suno.com.br\/noticias\/ambev-abev3-rombo-bilionario-acoes-despencam\/\"]}]},{\"@type\":\"ImageObject\",\"inLanguage\":\"pt-BR\",\"@id\":\"https:\/\/www.suno.com.br\/noticias\/ambev-abev3-rombo-bilionario-acoes-despencam\/#primaryimage\",\"url\":\"https:\/\/files.sunoresearch.com.br\/n\/uploads\/2022\/01\/ambev.jpg\",\"contentUrl\":\"https:\/\/files.sunoresearch.com.br\/n\/uploads\/2022\/01\/ambev.jpg\",\"width\":1200,\"height\":676,\"caption\":\"Ambev (ABEV3). Foto: Divulga\u00e7\u00e3o\"},{\"@type\":\"BreadcrumbList\",\"@id\":\"https:\/\/www.suno.com.br\/noticias\/ambev-abev3-rombo-bilionario-acoes-despencam\/#breadcrumb\",\"itemListElement\":[{\"@type\":\"ListItem\",\"position\":1,\"name\":\"Not\u00edcias\",\"item\":\"https:\/\/www.suno.com.br\/noticias\/\"},{\"@type\":\"ListItem\",\"position\":2,\"name\":\"Neg\u00f3cios\",\"item\":\"https:\/\/www.suno.com.br\/noticias\/negocios\/\"},{\"@type\":\"ListItem\",\"position\":3,\"name\":\"Ambev (ABEV3): A\u00e7\u00f5es despencam ap\u00f3s acusa\u00e7\u00e3o de rombo bilion\u00e1rio; empresa nega\"}]},{\"@type\":\"WebSite\",\"@id\":\"https:\/\/www.suno.com.br\/noticias\/#website\",\"url\":\"https:\/\/www.suno.com.br\/noticias\/\",\"name\":\"Suno Not\u00edcias\",\"description\":\"Seu portal de informa\u00e7\u00e3o sobre o mundo dos investimentos\",\"publisher\":{\"@id\":\"https:\/\/www.suno.com.br\/noticias\/#organization\"},\"potentialAction\":[{\"@type\":\"SearchAction\",\"target\":{\"@type\":\"EntryPoint\",\"urlTemplate\":\"https:\/\/www.suno.com.br\/noticias\/?s={search_term_string}\"},\"query-input\":{\"@type\":\"PropertyValueSpecification\",\"valueRequired\":true,\"valueName\":\"search_term_string\"}}],\"inLanguage\":\"pt-BR\"},{\"@type\":\"Organization\",\"@id\":\"https:\/\/www.suno.com.br\/noticias\/#organization\",\"name\":\"Suno Not\u00edcias\",\"url\":\"https:\/\/www.suno.com.br\/noticias\/\",\"logo\":{\"@type\":\"ImageObject\",\"inLanguage\":\"pt-BR\",\"@id\":\"https:\/\/www.suno.com.br\/noticias\/#\/schema\/logo\/image\/\",\"url\":\"https:\/\/files.sunoresearch.com.br\/n\/uploads\/2021\/09\/suno-logo.png\",\"contentUrl\":\"https:\/\/files.sunoresearch.com.br\/n\/uploads\/2021\/09\/suno-logo.png\",\"width\":180,\"height\":180,\"caption\":\"Suno Not\u00edcias\"},\"image\":{\"@id\":\"https:\/\/www.suno.com.br\/noticias\/#\/schema\/logo\/image\/\"},\"sameAs\":[\"https:\/\/facebook.com\/sunoresearch\",\"https:\/\/x.com\/sunoresearch\",\"https:\/\/www.instagram.com\/suno\",\"https:\/\/www.linkedin.com\/company\/suno-research\/\",\"https:\/\/www.youtube.com\/c\/sunoresearch\"]},{\"@type\":\"Person\",\"@id\":\"https:\/\/www.suno.com.br\/noticias\/#\/schema\/person\/6899bc3f19d1a7315f807131c2c013a0\",\"name\":\"Erick Matheus Nery\",\"image\":{\"@type\":\"ImageObject\",\"inLanguage\":\"pt-BR\",\"@id\":\"https:\/\/www.suno.com.br\/noticias\/#\/schema\/person\/image\/\",\"url\":\"https:\/\/secure.gravatar.com\/avatar\/518ddffe438ccb767782d372a66304d2?s=96&r=g\",\"contentUrl\":\"https:\/\/secure.gravatar.com\/avatar\/518ddffe438ccb767782d372a66304d2?s=96&r=g\",\"caption\":\"Erick Matheus Nery\"},\"description\":\"Formado em Jornalismo pela Universidade Federal do Par\u00e1 (UFPA), conta com extens\u00e3o em Jornalismo Econ\u00f4mico pela Funda\u00e7\u00e3o Get\u00falio Vargas (FGV). No Suno Not\u00edcias, atua como rep\u00f3rter de Mercado, com foco nos setores de telecomunica\u00e7\u00f5es, varejo, alimentos e renda fixa. Conta com passagens pelo jornal O Estado de S\u00e3o Paulo, como trainee de Jornalismo Econ\u00f4mico, e pelo site Not\u00edcias da TV.\",\"url\":\"https:\/\/www.suno.com.br\/noticias\/author\/erick-nery\/\"}]}<\/script>\n<!-- \/ Yoast SEO plugin. -->","yoast_head_json":{"title":"Ambev (ABEV3) teria rombo bilion\u00e1rio; a\u00e7\u00f5es despencam","description":"A Ambev (ABEV3) \u00e9 suspeita de ter um rombo de cerca de R$ 30 bilh\u00f5es. As a\u00e7\u00f5es da companhia despencam no Ibovespa.","robots":{"index":"index","follow":"follow","max-snippet":"max-snippet:-1","max-image-preview":"max-image-preview:large","max-video-preview":"max-video-preview:-1"},"canonical":"https:\/\/www.suno.com.br\/noticias\/ambev-abev3-rombo-bilionario-acoes-despencam\/","og_locale":"pt_BR","og_type":"article","og_title":"Ambev (ABEV3) teria rombo bilion\u00e1rio; a\u00e7\u00f5es despencam","og_description":"A Ambev (ABEV3) \u00e9 suspeita de ter um rombo de cerca de R$ 30 bilh\u00f5es. As a\u00e7\u00f5es da companhia despencam no Ibovespa.","og_url":"https:\/\/www.suno.com.br\/noticias\/ambev-abev3-rombo-bilionario-acoes-despencam\/","og_site_name":"Suno Not\u00edcias","article_publisher":"https:\/\/facebook.com\/sunoresearch","og_image":[{"width":1200,"height":676,"url":"https:\/\/files.sunoresearch.com.br\/n\/uploads\/2022\/01\/ambev.jpg","type":"image\/jpeg"}],"author":"Erick Matheus Nery","twitter_card":"summary_large_image","twitter_creator":"@sunoresearch","twitter_site":"@sunoresearch","twitter_misc":{"Escrito por":"Erick Matheus Nery","Est. tempo de leitura":"3 minutos"},"schema":{"@context":"https:\/\/schema.org","@graph":[{"@type":"NewsArticle","@id":"https:\/\/www.suno.com.br\/noticias\/ambev-abev3-rombo-bilionario-acoes-despencam\/#article","isPartOf":{"@id":"https:\/\/www.suno.com.br\/noticias\/ambev-abev3-rombo-bilionario-acoes-despencam\/"},"author":{"name":"Erick Matheus Nery","@id":"https:\/\/www.suno.com.br\/noticias\/#\/schema\/person\/6899bc3f19d1a7315f807131c2c013a0"},"headline":"Ambev (ABEV3): A\u00e7\u00f5es despencam ap\u00f3s acusa\u00e7\u00e3o de rombo bilion\u00e1rio; empresa nega","datePublished":"2023-02-01T16:19:34+00:00","dateModified":"2023-02-01T17:55:00+00:00","mainEntityOfPage":{"@id":"https:\/\/www.suno.com.br\/noticias\/ambev-abev3-rombo-bilionario-acoes-despencam\/"},"wordCount":552,"publisher":{"@id":"https:\/\/www.suno.com.br\/noticias\/#organization"},"image":{"@id":"https:\/\/www.suno.com.br\/noticias\/ambev-abev3-rombo-bilionario-acoes-despencam\/#primaryimage"},"thumbnailUrl":"https:\/\/files.sunoresearch.com.br\/n\/uploads\/2022\/01\/ambev.jpg","keywords":["A\u00e7\u00f5es","AMBEV (ABEV3)","Especialistas","Jorge Paulo Lemann"],"articleSection":["Neg\u00f3cios"],"inLanguage":"pt-BR"},{"@type":"WebPage","@id":"https:\/\/www.suno.com.br\/noticias\/ambev-abev3-rombo-bilionario-acoes-despencam\/","url":"https:\/\/www.suno.com.br\/noticias\/ambev-abev3-rombo-bilionario-acoes-despencam\/","name":"Ambev (ABEV3) teria rombo bilion\u00e1rio; a\u00e7\u00f5es despencam","isPartOf":{"@id":"https:\/\/www.suno.com.br\/noticias\/#website"},"primaryImageOfPage":{"@id":"https:\/\/www.suno.com.br\/noticias\/ambev-abev3-rombo-bilionario-acoes-despencam\/#primaryimage"},"image":{"@id":"https:\/\/www.suno.com.br\/noticias\/ambev-abev3-rombo-bilionario-acoes-despencam\/#primaryimage"},"thumbnailUrl":"https:\/\/files.sunoresearch.com.br\/n\/uploads\/2022\/01\/ambev.jpg","datePublished":"2023-02-01T16:19:34+00:00","dateModified":"2023-02-01T17:55:00+00:00","description":"A Ambev (ABEV3) \u00e9 suspeita de ter um rombo de cerca de R$ 30 bilh\u00f5es. As a\u00e7\u00f5es da companhia despencam no Ibovespa.","breadcrumb":{"@id":"https:\/\/www.suno.com.br\/noticias\/ambev-abev3-rombo-bilionario-acoes-despencam\/#breadcrumb"},"inLanguage":"pt-BR","potentialAction":[{"@type":"ReadAction","target":["https:\/\/www.suno.com.br\/noticias\/ambev-abev3-rombo-bilionario-acoes-despencam\/"]}]},{"@type":"ImageObject","inLanguage":"pt-BR","@id":"https:\/\/www.suno.com.br\/noticias\/ambev-abev3-rombo-bilionario-acoes-despencam\/#primaryimage","url":"https:\/\/files.sunoresearch.com.br\/n\/uploads\/2022\/01\/ambev.jpg","contentUrl":"https:\/\/files.sunoresearch.com.br\/n\/uploads\/2022\/01\/ambev.jpg","width":1200,"height":676,"caption":"Ambev (ABEV3). Foto: Divulga\u00e7\u00e3o"},{"@type":"BreadcrumbList","@id":"https:\/\/www.suno.com.br\/noticias\/ambev-abev3-rombo-bilionario-acoes-despencam\/#breadcrumb","itemListElement":[{"@type":"ListItem","position":1,"name":"Not\u00edcias","item":"https:\/\/www.suno.com.br\/noticias\/"},{"@type":"ListItem","position":2,"name":"Neg\u00f3cios","item":"https:\/\/www.suno.com.br\/noticias\/negocios\/"},{"@type":"ListItem","position":3,"name":"Ambev (ABEV3): A\u00e7\u00f5es despencam ap\u00f3s acusa\u00e7\u00e3o de rombo bilion\u00e1rio; empresa nega"}]},{"@type":"WebSite","@id":"https:\/\/www.suno.com.br\/noticias\/#website","url":"https:\/\/www.suno.com.br\/noticias\/","name":"Suno Not\u00edcias","description":"Seu portal de informa\u00e7\u00e3o sobre o mundo dos investimentos","publisher":{"@id":"https:\/\/www.suno.com.br\/noticias\/#organization"},"potentialAction":[{"@type":"SearchAction","target":{"@type":"EntryPoint","urlTemplate":"https:\/\/www.suno.com.br\/noticias\/?s={search_term_string}"},"query-input":{"@type":"PropertyValueSpecification","valueRequired":true,"valueName":"search_term_string"}}],"inLanguage":"pt-BR"},{"@type":"Organization","@id":"https:\/\/www.suno.com.br\/noticias\/#organization","name":"Suno Not\u00edcias","url":"https:\/\/www.suno.com.br\/noticias\/","logo":{"@type":"ImageObject","inLanguage":"pt-BR","@id":"https:\/\/www.suno.com.br\/noticias\/#\/schema\/logo\/image\/","url":"https:\/\/files.sunoresearch.com.br\/n\/uploads\/2021\/09\/suno-logo.png","contentUrl":"https:\/\/files.sunoresearch.com.br\/n\/uploads\/2021\/09\/suno-logo.png","width":180,"height":180,"caption":"Suno Not\u00edcias"},"image":{"@id":"https:\/\/www.suno.com.br\/noticias\/#\/schema\/logo\/image\/"},"sameAs":["https:\/\/facebook.com\/sunoresearch","https:\/\/x.com\/sunoresearch","https:\/\/www.instagram.com\/suno","https:\/\/www.linkedin.com\/company\/suno-research\/","https:\/\/www.youtube.com\/c\/sunoresearch"]},{"@type":"Person","@id":"https:\/\/www.suno.com.br\/noticias\/#\/schema\/person\/6899bc3f19d1a7315f807131c2c013a0","name":"Erick Matheus Nery","image":{"@type":"ImageObject","inLanguage":"pt-BR","@id":"https:\/\/www.suno.com.br\/noticias\/#\/schema\/person\/image\/","url":"https:\/\/secure.gravatar.com\/avatar\/518ddffe438ccb767782d372a66304d2?s=96&r=g","contentUrl":"https:\/\/secure.gravatar.com\/avatar\/518ddffe438ccb767782d372a66304d2?s=96&r=g","caption":"Erick Matheus Nery"},"description":"Formado em Jornalismo pela Universidade Federal do Par\u00e1 (UFPA), conta com extens\u00e3o em Jornalismo Econ\u00f4mico pela Funda\u00e7\u00e3o Get\u00falio Vargas (FGV). No Suno Not\u00edcias, atua como rep\u00f3rter de Mercado, com foco nos setores de telecomunica\u00e7\u00f5es, varejo, alimentos e renda fixa. Conta com passagens pelo jornal O Estado de S\u00e3o Paulo, como trainee de Jornalismo Econ\u00f4mico, e pelo site Not\u00edcias da TV.","url":"https:\/\/www.suno.com.br\/noticias\/author\/erick-nery\/"}]}},"default_loop_html":"<div class=\"cardsPage__listCard__boxs\"><div class=\"cardsPage__listCard__boxs__img\"><a href=\"https:\/\/www.suno.com.br\/noticias\/ambev-abev3-rombo-bilionario-acoes-despencam\/\"><img class=\"mask\" src=\"https:\/\/www.suno.com.br\/noticias\/wp-content\/themes\/suno\/resources\/images\/spotlight\/spotlight1img\/bg-mask.png\" alt=\"Image Mask\"\/><img src=\"https:\/\/files.sunoresearch.com.br\/n\/uploads\/2022\/01\/ambev-400x200.jpg\" alt=\"Ambev (ABEV3): A\u00e7\u00f5es despencam ap\u00f3s acusa\u00e7\u00e3o de rombo bilion\u00e1rio; empresa nega\"\/><\/a><span class=\"spotlightCategory\"><a href=\"https:\/\/www.suno.com.br\/noticias\/negocios\/\">Neg\u00f3cios<\/a><\/span><\/div><div class=\"cardsPage__listCard__boxs__content\"><a href=\"https:\/\/www.suno.com.br\/noticias\/ambev-abev3-rombo-bilionario-acoes-despencam\/\"><h2 class=\"content__title\">Ambev (ABEV3): A\u00e7\u00f5es despencam ap\u00f3s acusa\u00e7\u00e3o de rombo bilion\u00e1rio; empresa nega<\/h2><\/a><div class=\"newsContent__article__meta\"><div class=\"newsContent__article__meta__authorBox\"><a href=\"https:\/\/www.suno.com.br\/noticias\/author\/erick-nery\/\" class=\"authorBox__avatar noMobi\"><img src=\"https:\/\/secure.gravatar.com\/avatar\/518ddffe438ccb767782d372a66304d2?s=96&#038;r=g\" alt=\"Erick Matheus Nery\"><\/a><div class=\"authorBox__name\"><span>por\n\t\t\t<a href=\"https:\/\/www.suno.com.br\/noticias\/author\/erick-nery\/\"><span itemprop=\"author\">Erick Matheus Nery<\/span><\/a><\/span><time datetime=\"2023-02-01T13:19:34-03:00\" itemprop=\"datePublished\">01\/02\/2023 13:19<\/time><\/div><\/div><\/div><\/div><\/div>","single_layout":"posts","amp_enabled":true,"_links":{"self":[{"href":"https:\/\/www.suno.com.br\/noticias\/wp-json\/wp\/v2\/posts\/356359"}],"collection":[{"href":"https:\/\/www.suno.com.br\/noticias\/wp-json\/wp\/v2\/posts"}],"about":[{"href":"https:\/\/www.suno.com.br\/noticias\/wp-json\/wp\/v2\/types\/post"}],"author":[{"embeddable":true,"href":"https:\/\/www.suno.com.br\/noticias\/wp-json\/wp\/v2\/users\/232"}],"replies":[{"embeddable":true,"href":"https:\/\/www.suno.com.br\/noticias\/wp-json\/wp\/v2\/comments?post=356359"}],"version-history":[{"count":2,"href":"https:\/\/www.suno.com.br\/noticias\/wp-json\/wp\/v2\/posts\/356359\/revisions"}],"predecessor-version":[{"id":356455,"href":"https:\/\/www.suno.com.br\/noticias\/wp-json\/wp\/v2\/posts\/356359\/revisions\/356455"}],"wp:featuredmedia":[{"embeddable":true,"href":"https:\/\/www.suno.com.br\/noticias\/wp-json\/wp\/v2\/media\/223172"}],"wp:attachment":[{"href":"https:\/\/www.suno.com.br\/noticias\/wp-json\/wp\/v2\/media?parent=356359"}],"wp:term":[{"taxonomy":"category","embeddable":true,"href":"https:\/\/www.suno.com.br\/noticias\/wp-json\/wp\/v2\/categories?post=356359"},{"taxonomy":"post_tag","embeddable":true,"href":"https:\/\/www.suno.com.br\/noticias\/wp-json\/wp\/v2\/tags?post=356359"},{"taxonomy":"suno_strategy","embeddable":true,"href":"https:\/\/www.suno.com.br\/noticias\/wp-json\/wp\/v2\/suno_strategy?post=356359"}],"curies":[{"name":"wp","href":"https:\/\/api.w.org\/{rel}","templated":true}]}}