{"id":356204,"date":"2023-02-01T09:50:56","date_gmt":"2023-02-01T12:50:56","guid":{"rendered":"https:\/\/www.suno.com.br\/noticias\/?p=356204"},"modified":"2023-02-01T12:32:32","modified_gmt":"2023-02-01T15:32:32","slug":"banco-brasil-bbas3-itau-itub4-btg","status":"publish","type":"post","link":"https:\/\/www.suno.com.br\/noticias\/banco-brasil-bbas3-itau-itub4-btg\/","title":{"rendered":"Banco do Brasil (BBAS3) pega lugar do Ita\u00fa (ITUB4) na carteira do BTG: &#8220;Muito mais barato&#8221;"},"content":{"rendered":"<p>O <strong>Banco do Brasil<\/strong> (BBAS3) assumiu o lugar que era do <a class=\"suno-keyword\" data-force=\"yes\" data-priority=\"2\" href=\"https:\/\/www.suno.com.br\/acoes\/ITUB4\/\" target=\"_blank\" rel=\"noopener\">Ita\u00fa (ITUB4)<\/a> na <a class=\"suno-keyword\" data-force=\"no\" data-priority=\"1\" href=\"https:\/\/www.suno.com.br\/artigos\/carteira-recomendada\/\" target=\"_blank\" rel=\"noopener\">carteira recomendada<\/a> de a\u00e7\u00f5es 10SIM do <a class=\"suno-keyword\" data-force=\"yes\" data-priority=\"2\" href=\"https:\/\/www.suno.com.br\/acoes\/BPAC11\/\" target=\"_blank\" rel=\"noopener\">BTG Pactual (BPAC11)<\/a>. Nesta quarta (1\u00ba), o banco de investimentos explicou a troca ao dizer que a empresa estatal est\u00e1 &#8220;muito mais barata&#8221; que o concorrente privado.<\/p><div class=\"videoFull \">\n\t\t\t<div class=\"videoWrapper yt-lazyload center\"\n\t\t\t\tdata-width=\"960\"\n\t\t\t\tdata-height=\"540\"\n\t\t\t\tdata-id=\"c3ch45VWUgY\"\n\t\t\t\tdata-alt=\"V\u00eddeo do YouTube - clique para reproduzir\"\n\t\t\t\tdata-logo=\"3\"\n\t\t\t\tdata-imagequality=\"maxres\">\n\t\t\t<\/div>\n\t\t<\/div><script type=\"application\/ld+json\">{\"@context\":\"https:\/\/schema.org\",\"@type\":\"VideoObject\",\"name\":\"SUPER QUARTA: Copom e Fed divulgam decis\u00f5es | Produ\u00e7\u00e3o da Vale (VALE3) | Elei\u00e7\u00f5es no Congresso\",\"description\":\"#morningcall #Not\u00edcias #superquarta #copom #fed #federalreserve #juros #selic #vale3 #vale #congresso #pol\u00edtica #mercadofinanceiro #amer3 #investimentos #americanas #bolsadevalores #ibovespa #investidores \ud83d\udd34\ud835\udc08\ud835\udc0d\ud835\udc12\ud835\udc02\ud835\udc11\ud835\udc04\ud835\udc15\ud835\udc00-\ud835\udc12\ud835\udc04 \ud835\udc0d\ud835\udc0e \ud835\udc02\ud835\udc00\ud835\udc0d\ud835\udc00\ud835\udc0b \ud835\udc04 \ud835\udc00\ud835\udc13\ud835\udc08\ud835\udc15\ud835\udc04 \ud835\udc0e \ud835\udc12\ud835\udc08\ud835\udc0d\ud835\udc0e \ud83d\udc47 https:\/\/bit.ly\/INSCREVA-SEATIVEOSINO \ud83d\udd0e \ud83d\udcca[\ud835\uddf2\ud835\uddd5\ud835\uddfc\ud835\uddfc\ud835\uddf8 \ud835\uddda\ud835\udde5\ud835\uddd4\ud835\udde7\ud835\udde8\ud835\udddc\ud835\udde7\ud835\udde2] \ud835\uddd4\ud835\uddfd\ud835\uddff\ud835\uddf2\ud835\uddfb\ud835\uddf1\ud835\uddee \ud835\uddf0\ud835\uddfc\ud835\uddfa\ud835\uddfc \ud835\uddee\ud835\uddfb\ud835\uddee\ud835\uddf9\ud835\uddf6\ud835\ude00\ud835\uddee\ud835\uddff \ud835\ude02\ud835\uddfa\ud835\uddee \ud835\uddee\u00e7\u00e3\ud835\uddfc\u200b \ud83d\udc47 https:\/\/lp.suno.com.br\/ebook-como-analisar-uma-acao\/?utm_source=youtube.noticias&utm_medium=live&utm_campaign=ebookcomoanalisarumaacao.20230130&utm_content=ytnoticias.morning.30012023 \ud83d\udea8\ud83d\udcda\ud83d\udcb8\ud835\udc01\ud835\udc1a\ud835\udc22\ud835\udc31\ud835\udc1e \ud835\udc28 \ud835\udc1e\ud835\udc01\ud835\udc28\ud835\udc28\ud835\udc24: \ud835\udc06\ud835\udc2e\ud835\udc22\ud835\udc1a \ud835\udc02\ud835\udc28\ud835\udc26\ud835\udc29\ud835\udc25\ud835\udc1e\ud835\udc2d\ud835\udc28 \ud835\udc1d\ud835\udc28 \ud835\udc08\ud835\udc27\ud835\udc2f\ud835\udc1e\ud835\udc2c\ud835\udc2d\ud835\udc22\ud835\udc1d\ud835\udc28\ud835\udc2b \ud835\udc08\ud835\udc27\ud835\udc22\ud835\udc1c\ud835\udc22\ud835\udc1a\ud835\udc27\ud835\udc2d\ud835\udc1e \ud835\udc27\ud835\udc28 \ud835\udc25\ud835\udc22\ud835\udc27\ud835\udc24 \ud83d\udc47 http:\/\/bit.ly\/3Dnk2xT \ud83d\udcda \ud835\udfcf\ud835\udfce \ud835\udc0b\ud835\udc22\ud835\udc2f\ud835\udc2b\ud835\udc28\ud835\udc2c \ud835\udc2a\ud835\udc2e\ud835\udc1e \ud835\udc13\ud835\udc28\ud835\udc1d\ud835\udc28\u2026\",\"duration\":\"PT30M56S\",\"embedUrl\":\"https:\/\/www.youtube.com\/embed\/c3ch45VWUgY\",\"regionsAllowed\":\"pt-BR\",\"interactionStatistic\":{\"@type\":\"InteractionCounter\",\"interactionType\":{\"@type\":\"WatchAction\"},\"userInteractionCount\":2230},\"thumbnailUrl\":\"https:\/\/i.ytimg.com\/vi\/c3ch45VWUgY\/default.jpg\",\"uploadDate\":\"2023-02-01T12:48:12Z\"}<\/script>\n\n\n\n\n\t<p>\n\t\t<a href=\"\" target=\"_blank\" data-element=\"shortcode-suno-banner\" title=\"Banner SUNO, clique e saiba mais\">\n\t\t\t<picture>\n\t\t\t\t<source media=\"(max-width: 500px)\" srcset=\"\">\n\t\t\t\t<img class=\"newsContent__article__imgCapa newsContent__article__imgCapa--banner\"\n\t\t\t\t\tsrc=\"\"\n\t\t\t\t\tdata-promo-id=\"250678\"\t\t\t\t\t\t\t\t\t\t\t\t\t\t\talt=\"\"\n\t\t\t\t>\n\t\t\t<\/picture>\n\t\t<\/a>\n\t<\/p>\n\n\n\n\n\n<p>&#8220;Mantemos a exposi\u00e7\u00e3o ao setor financeiro em 20%, mas substitu\u00edmos o <strong>Ita\u00fa<\/strong> pelo Banco do Brasil, que \u00e9 muito mais barato (3,6x P\/L 2023) e deve reportar o melhor quarto trimestre entre os grandes bancos brasileiros&#8221;, destacaram os analistas do BTG Carlos Sequeira, Osni Carfi, Guilherme Guttilla e Bruno Lima.<\/p>\n\n\n\n<p>As <strong>a\u00e7\u00f5es do Banco do Brasil<\/strong> ocupam 10% da carteira, enquanto os pap\u00e9is da <a class=\"suno-keyword\" target=\"_blank\" data-force=\"yes\" data-priority=\"2\" href=\"https:\/\/www.suno.com.br\/acoes\/BBSE3\/\" rel=\"noopener\">BB Seguridade (BBSE3)<\/a> representam os outros 10% da fatia equivalente ao setor financeiro.<\/p>\n\n\n\n<p>A carteira 10SIM do <strong>BTG Pactual<\/strong> visa &#8220;capturar as melhores oportunidades e performances do mercado de a\u00e7\u00f5es sugerindo cerca de 10 a\u00e7\u00f5es a cada m\u00eas&#8221;, segundo o banco. <\/p>\n\n\n\t<p>\n\t\t<a href=\"https:\/\/lp.suno.com.br\/planilha-controle-gastos\/\" target=\"_blank\" data-element=\"shortcode-suno-banner\" title=\"Banner SUNO, clique e saiba mais\">\n\t\t\t<picture>\n\t\t\t\t<source media=\"(max-width: 500px)\" srcset=\"https:\/\/files.sunoresearch.com.br\/n\/uploads\/2023\/03\/400x300-Planilha-controle-de-gastos.png\">\n\t\t\t\t<img class=\"newsContent__article__imgCapa newsContent__article__imgCapa--banner\"\n\t\t\t\t\tsrc=\"https:\/\/files.sunoresearch.com.br\/n\/uploads\/2023\/03\/1420x240-Planilha-controle-de-gastos.png\"\n\t\t\t\t\tdata-promo-id=\"101751\"\t\t\t\t\t\t\t\t\t\twidth='1420' height='240'\t\t\t\t\talt=\"https:\/\/files.sunoresearch.com.br\/n\/uploads\/2023\/03\/1420x240-Planilha-controle-de-gastos.png\"\n\t\t\t\t>\n\t\t\t<\/picture>\n\t\t<\/a>\n\t<\/p>\n\n\n\n\n\n<p>Al\u00e9m da entrada dos pap\u00e9is <strong>BBAS3<\/strong>, ocorreram as seguintes mudan\u00e7as na carteira recomendada:<\/p>\n\n\n\n<ul class=\"wp-block-list\">\n<li>Sai RaiaDrogasil (RADL3), entra Arezzo (ARZZ3);<\/li>\n\n\n\n<li>Sai WEG (WEGE3), entra Embraer (EMBR3);<\/li>\n\n\n\n<li>Sai Eletrobras (ELET3), entra S\u00e3o Martinho (SMTO3);<\/li>\n<\/ul>\n\n\n\n<p>&#8220;Em busca de mais risco, tamb\u00e9m decidimos substituir Raia por Arezzo, j\u00e1 que os varejistas expostos a grupos de alta renda tendem a ter um bom desempenho mesmo em um cen\u00e1rio de juros altos&#8221;, detalharam.<\/p>\n\n\n\n<p>No caso da troca da WEG pela Embraer, a justificativa foi o atual momento de recupera\u00e7\u00e3o global da avia\u00e7\u00e3o comercial. O time do BTG decidiu diminuir sua exposi\u00e7\u00e3o ao setor de Servi\u00e7os B\u00e1sicos, o que motivou a troca da Eletrobras pela S\u00e3o Martinho.<\/p>\n\n\n\t<p>\n\t\t<a href=\"https:\/\/lp.suno.com.br\/ebook-como-analisar-uma-acao\/\" target=\"_blank\" data-element=\"shortcode-suno-banner\" title=\"Banner SUNO, clique e saiba mais\">\n\t\t\t<picture>\n\t\t\t\t<source media=\"(max-width: 500px)\" srcset=\"https:\/\/files.sunoresearch.com.br\/n\/uploads\/2023\/03\/Ebook-Acoes-Mobile-1.jpg\">\n\t\t\t\t<img class=\"newsContent__article__imgCapa newsContent__article__imgCapa--banner\"\n\t\t\t\t\tsrc=\"https:\/\/files.sunoresearch.com.br\/n\/uploads\/2023\/03\/Ebook-Acoes-Desktop-1.jpg\"\n\t\t\t\t\tdata-promo-id=\"171998\"\t\t\t\t\t\t\t\t\t\twidth='1420' height='286'\t\t\t\t\talt=\"https:\/\/files.sunoresearch.com.br\/n\/uploads\/2023\/03\/Ebook-Acoes-Desktop-1.jpg\"\n\t\t\t\t>\n\t\t\t<\/picture>\n\t\t<\/a>\n\t<\/p>\n\n\n\n\n\n<h2 class=\"wp-block-heading\" id=\"h-alem-de-bbas3-veja-a-carteira-recomendada-do-btg-pactual\">Al\u00e9m de BBAS3: veja a carteira recomendada do BTG Pactual<\/h2>\n\n\n\n<p>Com esses ajustes, a <strong>carteira recomendada 10SIM do BTG Pactual<\/strong> para fevereiro de 2023 ficou dividida da seguinte forma:<\/p>\n\n\n\n<ul class=\"wp-block-list\">\n<li>Vale (VALE3) &#8211; Metais &amp; Minera\u00e7\u00e3o: 15%<\/li>\n\n\n\n<li>Banco do Brasil (BBAS3) &#8211; Bancos: 10%<\/li>\n\n\n\n<li>BB Seguridade (BBSE3) &#8211; Financeiro ex-Bancos: 10%<\/li>\n\n\n\n<li>Localiza (RENT3) &#8211; Aluguel de Carros: 10%<\/li>\n\n\n\n<li>PetroRio (PRIO3) &#8211; Petr\u00f3leo &amp; G\u00e1s: 10%<\/li>\n\n\n\n<li>Equatorial (EQTL3) &#8211; Servi\u00e7os b\u00e1sicos: 10%<\/li>\n\n\n\n<li>Embraer (EMBR3) &#8211; Bens de Capital: 10%<\/li>\n\n\n\n<li>Arezzo (ARZZ3) &#8211; Varejo: 10%<\/li>\n\n\n\n<li>S\u00e3o Martinho (SMTO3) &#8211; Agroneg\u00f3cio: 10%<\/li>\n\n\n\n<li>Minerva (BEEF3) &#8211; Alimentos &amp; Bebidas: 5%<\/li>\n<\/ul>\n\n\n\n<p>&#8220;Embora haja muitos desafios quando olhamos para as perspectivas econ\u00f4micas do Brasil, um cen\u00e1rio econ\u00f4mico global mais benigno levou as a\u00e7\u00f5es locais a um desempenho relativamente bom em janeiro (+3,4% em Real; +7,4% em USD)&#8221;, comentaram os analistas do BTG.<\/p>\n\n\n\n<blockquote class=\"wp-block-quote is-layout-flow wp-block-quote-is-layout-flow\">\n<p>Esperamos que o debate econ\u00f4mico aqui avance para um terreno mais positivo nos pr\u00f3ximos meses, e que melhores perspectivas para a economia global, incluindo a reabertura da China, possam continuar a ter implica\u00e7\u00f5es positivas para os pa\u00edses emergentes, especialmente exportadores de commodities como o Brasil.<\/p>\n<\/blockquote>\n\n\n\n<p>No fechamento de ter\u00e7a (31), as a\u00e7\u00f5es do<strong> Banco do Brasil<\/strong> estavam em queda de 0,27%, sendo negociadas ao pre\u00e7o de R$ 40,70. Os dados s\u00e3o do Status Invest.<\/p>\n\n\n\t<p>\n\t\t<a href=\"https:\/\/lp.suno.com.br\/planilha-de-controle-de-investimentos\/\" target=\"_blank\" data-element=\"shortcode-suno-banner\" title=\"Banner SUNO, clique e saiba mais\">\n\t\t\t<picture>\n\t\t\t\t<source media=\"(max-width: 500px)\" srcset=\"https:\/\/files.sunoresearch.com.br\/n\/uploads\/2023\/03\/400x300-Controle-de-Investimentos.png\">\n\t\t\t\t<img class=\"newsContent__article__imgCapa newsContent__article__imgCapa--banner\"\n\t\t\t\t\tsrc=\"https:\/\/files.sunoresearch.com.br\/n\/uploads\/2023\/03\/1420x240-Controle-de-Investimentos.png\"\n\t\t\t\t\tdata-promo-id=\"75934\"\t\t\t\t\t\t\t\t\t\twidth='1420' height='240'\t\t\t\t\talt=\"https:\/\/files.sunoresearch.com.br\/n\/uploads\/2023\/03\/1420x240-Controle-de-Investimentos.png\"\n\t\t\t\t>\n\t\t\t<\/picture>\n\t\t<\/a>\n\t<\/p>\n\n\n","protected":false},"excerpt":{"rendered":"<p>O Banco do Brasil (BBAS3) assumiu o lugar que era do Ita\u00fa (ITUB4) na carteira recomendada de a\u00e7\u00f5es 10SIM do BTG Pactual (BPAC11). Nesta quarta (1\u00ba), o banco de investimentos explicou a troca ao dizer que a empresa estatal est\u00e1 &#8220;muito mais barata&#8221; que o concorrente privado. &#8220;Mantemos a exposi\u00e7\u00e3o ao setor financeiro em 20%, [&hellip;]<\/p>\n","protected":false},"author":232,"featured_media":334027,"comment_status":"closed","ping_status":"closed","sticky":false,"template":"","format":"standard","meta":[],"categories":[60],"tags":[286,732,399,2465,105816,519],"suno_strategy":[],"class_list":["post-356204","post","type-post","status-publish","format-standard","has-post-thumbnail","hentry","category-mercado","tag-acoes","tag-banco-do-brasil-bbas3","tag-btg-pactual-bpac11-bpac3-bpac5","tag-carteiras-recomendadas","tag-especialistas","tag-itau-unibanco-itub3-itub4"],"yoast_head":"<!-- This site is optimized with the Yoast SEO plugin v24.4 - https:\/\/yoast.com\/wordpress\/plugins\/seo\/ -->\n<title>Banco do Brasil (BBAS3) pega lugar do Ita\u00fa (ITUB4) na carteira do BTG<\/title>\n<meta name=\"description\" content=\"O Banco do Brasil (BBAS3) assumiu o lugar que era do Ita\u00fa (ITUB4) na carteira recomendada de a\u00e7\u00f5es do BTG Pactual (BPAC11). Veja!\" \/>\n<meta name=\"robots\" content=\"index, follow, max-snippet:-1, max-image-preview:large, max-video-preview:-1\" \/>\n<link rel=\"canonical\" href=\"https:\/\/www.suno.com.br\/noticias\/banco-brasil-bbas3-itau-itub4-btg\/\" \/>\n<meta property=\"og:locale\" content=\"pt_BR\" \/>\n<meta property=\"og:type\" content=\"article\" \/>\n<meta property=\"og:title\" content=\"Banco do Brasil (BBAS3) pega lugar do Ita\u00fa (ITUB4) na carteira do BTG\" \/>\n<meta property=\"og:description\" content=\"O Banco do Brasil (BBAS3) assumiu o lugar que era do Ita\u00fa (ITUB4) na carteira recomendada de a\u00e7\u00f5es do BTG Pactual (BPAC11). Veja!\" \/>\n<meta property=\"og:url\" content=\"https:\/\/www.suno.com.br\/noticias\/banco-brasil-bbas3-itau-itub4-btg\/\" \/>\n<meta property=\"og:site_name\" content=\"Suno Not\u00edcias\" \/>\n<meta property=\"article:publisher\" content=\"https:\/\/facebook.com\/sunoresearch\" \/>\n<meta property=\"og:image\" content=\"https:\/\/files.sunoresearch.com.br\/n\/uploads\/2022\/12\/bancodobrasil-bb-bbas3-edifico-sede-foto-marcelo-camargo-agencia-brasil.jpg\" \/>\n\t<meta property=\"og:image:width\" content=\"1200\" \/>\n\t<meta property=\"og:image:height\" content=\"675\" \/>\n\t<meta property=\"og:image:type\" content=\"image\/jpeg\" \/>\n<meta name=\"author\" content=\"Erick Matheus Nery\" \/>\n<meta name=\"twitter:card\" content=\"summary_large_image\" \/>\n<meta name=\"twitter:creator\" content=\"@sunoresearch\" \/>\n<meta name=\"twitter:site\" content=\"@sunoresearch\" \/>\n<meta name=\"twitter:label1\" content=\"Escrito por\" \/>\n\t<meta name=\"twitter:data1\" content=\"Erick Matheus Nery\" \/>\n\t<meta name=\"twitter:label2\" content=\"Est. tempo de leitura\" \/>\n\t<meta name=\"twitter:data2\" content=\"3 minutos\" \/>\n<script type=\"application\/ld+json\" class=\"yoast-schema-graph\">{\"@context\":\"https:\/\/schema.org\",\"@graph\":[{\"@type\":\"NewsArticle\",\"@id\":\"https:\/\/www.suno.com.br\/noticias\/banco-brasil-bbas3-itau-itub4-btg\/#article\",\"isPartOf\":{\"@id\":\"https:\/\/www.suno.com.br\/noticias\/banco-brasil-bbas3-itau-itub4-btg\/\"},\"author\":{\"name\":\"Erick Matheus Nery\",\"@id\":\"https:\/\/www.suno.com.br\/noticias\/#\/schema\/person\/6899bc3f19d1a7315f807131c2c013a0\"},\"headline\":\"Banco do Brasil (BBAS3) pega lugar do Ita\u00fa (ITUB4) na carteira do BTG: &#8220;Muito mais barato&#8221;\",\"datePublished\":\"2023-02-01T12:50:56+00:00\",\"dateModified\":\"2023-02-01T15:32:32+00:00\",\"mainEntityOfPage\":{\"@id\":\"https:\/\/www.suno.com.br\/noticias\/banco-brasil-bbas3-itau-itub4-btg\/\"},\"wordCount\":517,\"publisher\":{\"@id\":\"https:\/\/www.suno.com.br\/noticias\/#organization\"},\"image\":{\"@id\":\"https:\/\/www.suno.com.br\/noticias\/banco-brasil-bbas3-itau-itub4-btg\/#primaryimage\"},\"thumbnailUrl\":\"https:\/\/files.sunoresearch.com.br\/n\/uploads\/2022\/12\/bancodobrasil-bb-bbas3-edifico-sede-foto-marcelo-camargo-agencia-brasil.jpg\",\"keywords\":[\"A\u00e7\u00f5es\",\"Banco do Brasil (BBAS3)\",\"BTG Pactual (BPAC11\/BPAC3\/BPAC5)\",\"Carteiras recomendadas\",\"Especialistas\",\"Ita\u00fa Unibanco (ITUB3\/ITUB4)\"],\"articleSection\":[\"Mercado\"],\"inLanguage\":\"pt-BR\"},{\"@type\":\"WebPage\",\"@id\":\"https:\/\/www.suno.com.br\/noticias\/banco-brasil-bbas3-itau-itub4-btg\/\",\"url\":\"https:\/\/www.suno.com.br\/noticias\/banco-brasil-bbas3-itau-itub4-btg\/\",\"name\":\"Banco do Brasil (BBAS3) pega lugar do Ita\u00fa (ITUB4) na carteira do BTG\",\"isPartOf\":{\"@id\":\"https:\/\/www.suno.com.br\/noticias\/#website\"},\"primaryImageOfPage\":{\"@id\":\"https:\/\/www.suno.com.br\/noticias\/banco-brasil-bbas3-itau-itub4-btg\/#primaryimage\"},\"image\":{\"@id\":\"https:\/\/www.suno.com.br\/noticias\/banco-brasil-bbas3-itau-itub4-btg\/#primaryimage\"},\"thumbnailUrl\":\"https:\/\/files.sunoresearch.com.br\/n\/uploads\/2022\/12\/bancodobrasil-bb-bbas3-edifico-sede-foto-marcelo-camargo-agencia-brasil.jpg\",\"datePublished\":\"2023-02-01T12:50:56+00:00\",\"dateModified\":\"2023-02-01T15:32:32+00:00\",\"description\":\"O Banco do Brasil (BBAS3) assumiu o lugar que era do Ita\u00fa (ITUB4) na carteira recomendada de a\u00e7\u00f5es do BTG Pactual (BPAC11). Veja!\",\"breadcrumb\":{\"@id\":\"https:\/\/www.suno.com.br\/noticias\/banco-brasil-bbas3-itau-itub4-btg\/#breadcrumb\"},\"inLanguage\":\"pt-BR\",\"potentialAction\":[{\"@type\":\"ReadAction\",\"target\":[\"https:\/\/www.suno.com.br\/noticias\/banco-brasil-bbas3-itau-itub4-btg\/\"]}]},{\"@type\":\"ImageObject\",\"inLanguage\":\"pt-BR\",\"@id\":\"https:\/\/www.suno.com.br\/noticias\/banco-brasil-bbas3-itau-itub4-btg\/#primaryimage\",\"url\":\"https:\/\/files.sunoresearch.com.br\/n\/uploads\/2022\/12\/bancodobrasil-bb-bbas3-edifico-sede-foto-marcelo-camargo-agencia-brasil.jpg\",\"contentUrl\":\"https:\/\/files.sunoresearch.com.br\/n\/uploads\/2022\/12\/bancodobrasil-bb-bbas3-edifico-sede-foto-marcelo-camargo-agencia-brasil.jpg\",\"width\":1200,\"height\":675,\"caption\":\"Banco do Brasil (BBAS3) - Foto: Marcelo Camargo\/Ag\u00eancia Brasil\"},{\"@type\":\"BreadcrumbList\",\"@id\":\"https:\/\/www.suno.com.br\/noticias\/banco-brasil-bbas3-itau-itub4-btg\/#breadcrumb\",\"itemListElement\":[{\"@type\":\"ListItem\",\"position\":1,\"name\":\"Not\u00edcias\",\"item\":\"https:\/\/www.suno.com.br\/noticias\/\"},{\"@type\":\"ListItem\",\"position\":2,\"name\":\"Mercado\",\"item\":\"https:\/\/www.suno.com.br\/noticias\/mercado\/\"},{\"@type\":\"ListItem\",\"position\":3,\"name\":\"Banco do Brasil (BBAS3) pega lugar do Ita\u00fa (ITUB4) na carteira do BTG: &#8220;Muito mais barato&#8221;\"}]},{\"@type\":\"WebSite\",\"@id\":\"https:\/\/www.suno.com.br\/noticias\/#website\",\"url\":\"https:\/\/www.suno.com.br\/noticias\/\",\"name\":\"Suno Not\u00edcias\",\"description\":\"Seu portal de informa\u00e7\u00e3o sobre o mundo dos investimentos\",\"publisher\":{\"@id\":\"https:\/\/www.suno.com.br\/noticias\/#organization\"},\"potentialAction\":[{\"@type\":\"SearchAction\",\"target\":{\"@type\":\"EntryPoint\",\"urlTemplate\":\"https:\/\/www.suno.com.br\/noticias\/?s={search_term_string}\"},\"query-input\":{\"@type\":\"PropertyValueSpecification\",\"valueRequired\":true,\"valueName\":\"search_term_string\"}}],\"inLanguage\":\"pt-BR\"},{\"@type\":\"Organization\",\"@id\":\"https:\/\/www.suno.com.br\/noticias\/#organization\",\"name\":\"Suno Not\u00edcias\",\"url\":\"https:\/\/www.suno.com.br\/noticias\/\",\"logo\":{\"@type\":\"ImageObject\",\"inLanguage\":\"pt-BR\",\"@id\":\"https:\/\/www.suno.com.br\/noticias\/#\/schema\/logo\/image\/\",\"url\":\"https:\/\/files.sunoresearch.com.br\/n\/uploads\/2021\/09\/suno-logo.png\",\"contentUrl\":\"https:\/\/files.sunoresearch.com.br\/n\/uploads\/2021\/09\/suno-logo.png\",\"width\":180,\"height\":180,\"caption\":\"Suno Not\u00edcias\"},\"image\":{\"@id\":\"https:\/\/www.suno.com.br\/noticias\/#\/schema\/logo\/image\/\"},\"sameAs\":[\"https:\/\/facebook.com\/sunoresearch\",\"https:\/\/x.com\/sunoresearch\",\"https:\/\/www.instagram.com\/suno\",\"https:\/\/www.linkedin.com\/company\/suno-research\/\",\"https:\/\/www.youtube.com\/c\/sunoresearch\"]},{\"@type\":\"Person\",\"@id\":\"https:\/\/www.suno.com.br\/noticias\/#\/schema\/person\/6899bc3f19d1a7315f807131c2c013a0\",\"name\":\"Erick Matheus Nery\",\"image\":{\"@type\":\"ImageObject\",\"inLanguage\":\"pt-BR\",\"@id\":\"https:\/\/www.suno.com.br\/noticias\/#\/schema\/person\/image\/\",\"url\":\"https:\/\/secure.gravatar.com\/avatar\/518ddffe438ccb767782d372a66304d2?s=96&r=g\",\"contentUrl\":\"https:\/\/secure.gravatar.com\/avatar\/518ddffe438ccb767782d372a66304d2?s=96&r=g\",\"caption\":\"Erick Matheus Nery\"},\"description\":\"Formado em Jornalismo pela Universidade Federal do Par\u00e1 (UFPA), conta com extens\u00e3o em Jornalismo Econ\u00f4mico pela Funda\u00e7\u00e3o Get\u00falio Vargas (FGV). No Suno Not\u00edcias, atua como rep\u00f3rter de Mercado, com foco nos setores de telecomunica\u00e7\u00f5es, varejo, alimentos e renda fixa. Conta com passagens pelo jornal O Estado de S\u00e3o Paulo, como trainee de Jornalismo Econ\u00f4mico, e pelo site Not\u00edcias da TV.\",\"url\":\"https:\/\/www.suno.com.br\/noticias\/author\/erick-nery\/\"}]}<\/script>\n<!-- \/ Yoast SEO plugin. -->","yoast_head_json":{"title":"Banco do Brasil (BBAS3) pega lugar do Ita\u00fa (ITUB4) na carteira do BTG","description":"O Banco do Brasil (BBAS3) assumiu o lugar que era do Ita\u00fa (ITUB4) na carteira recomendada de a\u00e7\u00f5es do BTG Pactual (BPAC11). Veja!","robots":{"index":"index","follow":"follow","max-snippet":"max-snippet:-1","max-image-preview":"max-image-preview:large","max-video-preview":"max-video-preview:-1"},"canonical":"https:\/\/www.suno.com.br\/noticias\/banco-brasil-bbas3-itau-itub4-btg\/","og_locale":"pt_BR","og_type":"article","og_title":"Banco do Brasil (BBAS3) pega lugar do Ita\u00fa (ITUB4) na carteira do BTG","og_description":"O Banco do Brasil (BBAS3) assumiu o lugar que era do Ita\u00fa (ITUB4) na carteira recomendada de a\u00e7\u00f5es do BTG Pactual (BPAC11). Veja!","og_url":"https:\/\/www.suno.com.br\/noticias\/banco-brasil-bbas3-itau-itub4-btg\/","og_site_name":"Suno Not\u00edcias","article_publisher":"https:\/\/facebook.com\/sunoresearch","og_image":[{"width":1200,"height":675,"url":"https:\/\/files.sunoresearch.com.br\/n\/uploads\/2022\/12\/bancodobrasil-bb-bbas3-edifico-sede-foto-marcelo-camargo-agencia-brasil.jpg","type":"image\/jpeg"}],"author":"Erick Matheus Nery","twitter_card":"summary_large_image","twitter_creator":"@sunoresearch","twitter_site":"@sunoresearch","twitter_misc":{"Escrito por":"Erick Matheus Nery","Est. tempo de leitura":"3 minutos"},"schema":{"@context":"https:\/\/schema.org","@graph":[{"@type":"NewsArticle","@id":"https:\/\/www.suno.com.br\/noticias\/banco-brasil-bbas3-itau-itub4-btg\/#article","isPartOf":{"@id":"https:\/\/www.suno.com.br\/noticias\/banco-brasil-bbas3-itau-itub4-btg\/"},"author":{"name":"Erick Matheus Nery","@id":"https:\/\/www.suno.com.br\/noticias\/#\/schema\/person\/6899bc3f19d1a7315f807131c2c013a0"},"headline":"Banco do Brasil (BBAS3) pega lugar do Ita\u00fa (ITUB4) na carteira do BTG: &#8220;Muito mais barato&#8221;","datePublished":"2023-02-01T12:50:56+00:00","dateModified":"2023-02-01T15:32:32+00:00","mainEntityOfPage":{"@id":"https:\/\/www.suno.com.br\/noticias\/banco-brasil-bbas3-itau-itub4-btg\/"},"wordCount":517,"publisher":{"@id":"https:\/\/www.suno.com.br\/noticias\/#organization"},"image":{"@id":"https:\/\/www.suno.com.br\/noticias\/banco-brasil-bbas3-itau-itub4-btg\/#primaryimage"},"thumbnailUrl":"https:\/\/files.sunoresearch.com.br\/n\/uploads\/2022\/12\/bancodobrasil-bb-bbas3-edifico-sede-foto-marcelo-camargo-agencia-brasil.jpg","keywords":["A\u00e7\u00f5es","Banco do Brasil (BBAS3)","BTG Pactual (BPAC11\/BPAC3\/BPAC5)","Carteiras recomendadas","Especialistas","Ita\u00fa Unibanco (ITUB3\/ITUB4)"],"articleSection":["Mercado"],"inLanguage":"pt-BR"},{"@type":"WebPage","@id":"https:\/\/www.suno.com.br\/noticias\/banco-brasil-bbas3-itau-itub4-btg\/","url":"https:\/\/www.suno.com.br\/noticias\/banco-brasil-bbas3-itau-itub4-btg\/","name":"Banco do Brasil (BBAS3) pega lugar do Ita\u00fa (ITUB4) na carteira do BTG","isPartOf":{"@id":"https:\/\/www.suno.com.br\/noticias\/#website"},"primaryImageOfPage":{"@id":"https:\/\/www.suno.com.br\/noticias\/banco-brasil-bbas3-itau-itub4-btg\/#primaryimage"},"image":{"@id":"https:\/\/www.suno.com.br\/noticias\/banco-brasil-bbas3-itau-itub4-btg\/#primaryimage"},"thumbnailUrl":"https:\/\/files.sunoresearch.com.br\/n\/uploads\/2022\/12\/bancodobrasil-bb-bbas3-edifico-sede-foto-marcelo-camargo-agencia-brasil.jpg","datePublished":"2023-02-01T12:50:56+00:00","dateModified":"2023-02-01T15:32:32+00:00","description":"O Banco do Brasil (BBAS3) assumiu o lugar que era do Ita\u00fa (ITUB4) na carteira recomendada de a\u00e7\u00f5es do BTG Pactual (BPAC11). Veja!","breadcrumb":{"@id":"https:\/\/www.suno.com.br\/noticias\/banco-brasil-bbas3-itau-itub4-btg\/#breadcrumb"},"inLanguage":"pt-BR","potentialAction":[{"@type":"ReadAction","target":["https:\/\/www.suno.com.br\/noticias\/banco-brasil-bbas3-itau-itub4-btg\/"]}]},{"@type":"ImageObject","inLanguage":"pt-BR","@id":"https:\/\/www.suno.com.br\/noticias\/banco-brasil-bbas3-itau-itub4-btg\/#primaryimage","url":"https:\/\/files.sunoresearch.com.br\/n\/uploads\/2022\/12\/bancodobrasil-bb-bbas3-edifico-sede-foto-marcelo-camargo-agencia-brasil.jpg","contentUrl":"https:\/\/files.sunoresearch.com.br\/n\/uploads\/2022\/12\/bancodobrasil-bb-bbas3-edifico-sede-foto-marcelo-camargo-agencia-brasil.jpg","width":1200,"height":675,"caption":"Banco do Brasil (BBAS3) - Foto: Marcelo Camargo\/Ag\u00eancia Brasil"},{"@type":"BreadcrumbList","@id":"https:\/\/www.suno.com.br\/noticias\/banco-brasil-bbas3-itau-itub4-btg\/#breadcrumb","itemListElement":[{"@type":"ListItem","position":1,"name":"Not\u00edcias","item":"https:\/\/www.suno.com.br\/noticias\/"},{"@type":"ListItem","position":2,"name":"Mercado","item":"https:\/\/www.suno.com.br\/noticias\/mercado\/"},{"@type":"ListItem","position":3,"name":"Banco do Brasil (BBAS3) pega lugar do Ita\u00fa (ITUB4) na carteira do BTG: &#8220;Muito mais barato&#8221;"}]},{"@type":"WebSite","@id":"https:\/\/www.suno.com.br\/noticias\/#website","url":"https:\/\/www.suno.com.br\/noticias\/","name":"Suno Not\u00edcias","description":"Seu portal de informa\u00e7\u00e3o sobre o mundo dos investimentos","publisher":{"@id":"https:\/\/www.suno.com.br\/noticias\/#organization"},"potentialAction":[{"@type":"SearchAction","target":{"@type":"EntryPoint","urlTemplate":"https:\/\/www.suno.com.br\/noticias\/?s={search_term_string}"},"query-input":{"@type":"PropertyValueSpecification","valueRequired":true,"valueName":"search_term_string"}}],"inLanguage":"pt-BR"},{"@type":"Organization","@id":"https:\/\/www.suno.com.br\/noticias\/#organization","name":"Suno Not\u00edcias","url":"https:\/\/www.suno.com.br\/noticias\/","logo":{"@type":"ImageObject","inLanguage":"pt-BR","@id":"https:\/\/www.suno.com.br\/noticias\/#\/schema\/logo\/image\/","url":"https:\/\/files.sunoresearch.com.br\/n\/uploads\/2021\/09\/suno-logo.png","contentUrl":"https:\/\/files.sunoresearch.com.br\/n\/uploads\/2021\/09\/suno-logo.png","width":180,"height":180,"caption":"Suno Not\u00edcias"},"image":{"@id":"https:\/\/www.suno.com.br\/noticias\/#\/schema\/logo\/image\/"},"sameAs":["https:\/\/facebook.com\/sunoresearch","https:\/\/x.com\/sunoresearch","https:\/\/www.instagram.com\/suno","https:\/\/www.linkedin.com\/company\/suno-research\/","https:\/\/www.youtube.com\/c\/sunoresearch"]},{"@type":"Person","@id":"https:\/\/www.suno.com.br\/noticias\/#\/schema\/person\/6899bc3f19d1a7315f807131c2c013a0","name":"Erick Matheus Nery","image":{"@type":"ImageObject","inLanguage":"pt-BR","@id":"https:\/\/www.suno.com.br\/noticias\/#\/schema\/person\/image\/","url":"https:\/\/secure.gravatar.com\/avatar\/518ddffe438ccb767782d372a66304d2?s=96&r=g","contentUrl":"https:\/\/secure.gravatar.com\/avatar\/518ddffe438ccb767782d372a66304d2?s=96&r=g","caption":"Erick Matheus Nery"},"description":"Formado em Jornalismo pela Universidade Federal do Par\u00e1 (UFPA), conta com extens\u00e3o em Jornalismo Econ\u00f4mico pela Funda\u00e7\u00e3o Get\u00falio Vargas (FGV). No Suno Not\u00edcias, atua como rep\u00f3rter de Mercado, com foco nos setores de telecomunica\u00e7\u00f5es, varejo, alimentos e renda fixa. Conta com passagens pelo jornal O Estado de S\u00e3o Paulo, como trainee de Jornalismo Econ\u00f4mico, e pelo site Not\u00edcias da TV.","url":"https:\/\/www.suno.com.br\/noticias\/author\/erick-nery\/"}]}},"default_loop_html":"<div class=\"cardsPage__listCard__boxs\"><div class=\"cardsPage__listCard__boxs__img\"><a href=\"https:\/\/www.suno.com.br\/noticias\/banco-brasil-bbas3-itau-itub4-btg\/\"><img class=\"mask\" src=\"https:\/\/www.suno.com.br\/noticias\/wp-content\/themes\/suno\/resources\/images\/spotlight\/spotlight1img\/bg-mask.png\" alt=\"Image Mask\"\/><img src=\"https:\/\/files.sunoresearch.com.br\/n\/uploads\/2022\/12\/bancodobrasil-bb-bbas3-edifico-sede-foto-marcelo-camargo-agencia-brasil-400x200.jpg\" alt=\"Banco do Brasil (BBAS3) pega lugar do Ita\u00fa (ITUB4) na carteira do BTG: &#8220;Muito mais barato&#8221;\"\/><\/a><span class=\"spotlightCategory\"><a href=\"https:\/\/www.suno.com.br\/noticias\/mercado\/\">Mercado<\/a><\/span><\/div><div class=\"cardsPage__listCard__boxs__content\"><a href=\"https:\/\/www.suno.com.br\/noticias\/banco-brasil-bbas3-itau-itub4-btg\/\"><h2 class=\"content__title\">Banco do Brasil (BBAS3) pega lugar do Ita\u00fa (ITUB4) na carteira do BTG: &#8220;Muito mais barato&#8221;<\/h2><\/a><div class=\"newsContent__article__meta\"><div class=\"newsContent__article__meta__authorBox\"><a href=\"https:\/\/www.suno.com.br\/noticias\/author\/erick-nery\/\" class=\"authorBox__avatar noMobi\"><img src=\"https:\/\/secure.gravatar.com\/avatar\/518ddffe438ccb767782d372a66304d2?s=96&#038;r=g\" alt=\"Erick Matheus Nery\"><\/a><div class=\"authorBox__name\"><span>por\n\t\t\t<a href=\"https:\/\/www.suno.com.br\/noticias\/author\/erick-nery\/\"><span itemprop=\"author\">Erick Matheus Nery<\/span><\/a><\/span><time datetime=\"2023-02-01T09:50:56-03:00\" itemprop=\"datePublished\">01\/02\/2023 09:50<\/time><\/div><\/div><\/div><\/div><\/div>","single_layout":"posts","amp_enabled":true,"_links":{"self":[{"href":"https:\/\/www.suno.com.br\/noticias\/wp-json\/wp\/v2\/posts\/356204"}],"collection":[{"href":"https:\/\/www.suno.com.br\/noticias\/wp-json\/wp\/v2\/posts"}],"about":[{"href":"https:\/\/www.suno.com.br\/noticias\/wp-json\/wp\/v2\/types\/post"}],"author":[{"embeddable":true,"href":"https:\/\/www.suno.com.br\/noticias\/wp-json\/wp\/v2\/users\/232"}],"replies":[{"embeddable":true,"href":"https:\/\/www.suno.com.br\/noticias\/wp-json\/wp\/v2\/comments?post=356204"}],"version-history":[{"count":3,"href":"https:\/\/www.suno.com.br\/noticias\/wp-json\/wp\/v2\/posts\/356204\/revisions"}],"predecessor-version":[{"id":356343,"href":"https:\/\/www.suno.com.br\/noticias\/wp-json\/wp\/v2\/posts\/356204\/revisions\/356343"}],"wp:featuredmedia":[{"embeddable":true,"href":"https:\/\/www.suno.com.br\/noticias\/wp-json\/wp\/v2\/media\/334027"}],"wp:attachment":[{"href":"https:\/\/www.suno.com.br\/noticias\/wp-json\/wp\/v2\/media?parent=356204"}],"wp:term":[{"taxonomy":"category","embeddable":true,"href":"https:\/\/www.suno.com.br\/noticias\/wp-json\/wp\/v2\/categories?post=356204"},{"taxonomy":"post_tag","embeddable":true,"href":"https:\/\/www.suno.com.br\/noticias\/wp-json\/wp\/v2\/tags?post=356204"},{"taxonomy":"suno_strategy","embeddable":true,"href":"https:\/\/www.suno.com.br\/noticias\/wp-json\/wp\/v2\/suno_strategy?post=356204"}],"curies":[{"name":"wp","href":"https:\/\/api.w.org\/{rel}","templated":true}]}}