{"id":35613,"date":"2019-08-28T12:57:34","date_gmt":"2019-08-28T15:57:34","guid":{"rendered":"https:\/\/www.suno.com.br\/noticias\/?p=35613"},"modified":"2019-08-28T12:57:34","modified_gmt":"2019-08-28T15:57:34","slug":"toyota-e-suzuki-fazem-alianca-com-participacao-acionaria","status":"publish","type":"post","link":"https:\/\/www.suno.com.br\/noticias\/toyota-e-suzuki-fazem-alianca-com-participacao-acionaria\/","title":{"rendered":"Toyota e Suzuki fazem alian\u00e7a com participa\u00e7\u00e3o acion\u00e1ria"},"content":{"rendered":"<p>A Toyota anunciou nesta quarta-feira (28) que assumir\u00e1 a participa\u00e7\u00e3o de 4,9% na <strong>Suzuki<\/strong> <strong>Motor<\/strong> <strong>Corporation<\/strong>. A Toyota desembolsou US$ 908 milh\u00f5es para fazer neg\u00f3cio. Desde 2016 as montadoras ensaiam uma parceria.<\/p>\t<div class=\"wrapper-featured-image\">\n\t\t<figure class=\"spotlightImg\">\n\n\t\t\t<picture>\n\t\t\t\t<source media=\"(max-width: 768px)\" srcset=\"https:\/\/files.sunoresearch.com.br\/n\/uploads\/2019\/08\/38f6241f-toyota-400x200.webp\">\n\t\t\t\t<img loading=\"lazy\" decoding=\"async\" class=\"newsContent__article__imgCapa lazyloadDisabled newsContent__article__imgCapa--noCaption\" src=\"https:\/\/files.sunoresearch.com.br\/n\/uploads\/2019\/08\/38f6241f-toyota-800x450.webp\" width=\"800\" height=\"450\" alt=\"Toyota e Suzuki fazem alian\u00e7a com participa\u00e7\u00e3o acion\u00e1ria\" fetchpriority=high \/>\n\t\t\t<\/picture>\n\n\t\t\t<figcaption class=\"wp-caption-text wp-caption-text--hide\">Toyota<\/figcaption>\n\t\t<\/figure>\n\t<\/div>\n\n\n\n<p>A Suzuki tamb\u00e9m ir\u00e1 fazer um investimento de US$ 454 milh\u00f5es de d\u00f3lares na <strong>Toyota<\/strong>. Em 2017, as duas montadoras japonesas fizeram um acordo para trabalharem juntas no desenvolvimentos de <strong>tecnologia<\/strong> <strong>ecol\u00f3gica<\/strong> e de seguran\u00e7a para autom\u00f3veis.<\/p>\n<p>Al\u00e9m disso, as duas montadoras ir\u00e3o desenvolver tecnologias de carros aut\u00f4nomos. Em 2009, a Suzuki fez uma alian\u00e7a com a <strong>Volkswagen<\/strong>. A empresa alem\u00e3 chegou a comprar uma fatia de 19,9% da montadora japonesa. Em janeiro de 2010 a Suzuki rompeu com a Volkswagen.<\/p>\n<h2>Toyota e Honda fazem parceria<\/h2>\n<p>Em mar\u00e7o deste ano, a <strong>Honda Motor<\/strong> e a <strong>Hino Motors<\/strong> adentraram nas negocia\u00e7\u00f5es do <strong>SoftBank<\/strong> e da Toyota Motor, que investiram no desenvolvimento de carros aut\u00f4nomos no Jap\u00e3o.<\/p>\n\t<p>\n\t\t<a href=\"https:\/\/lp.suno.com.br\/asset\/fundos\/suno-fic-fia\/\" target=\"_blank\" data-element=\"shortcode-suno-banner\" title=\"Banner SUNO, clique e saiba mais\">\n\t\t\t<picture>\n\t\t\t\t<source media=\"(max-width: 500px)\" srcset=\"https:\/\/files.sunoresearch.com.br\/n\/uploads\/2023\/10\/SUNO-FIC-FIA-400x300-Mobile-Artigos-5-v3.png\">\n\t\t\t\t<img class=\"newsContent__article__imgCapa newsContent__article__imgCapa--banner\"\n\t\t\t\t\tsrc=\"https:\/\/files.sunoresearch.com.br\/n\/uploads\/2023\/10\/SUNO-FIC-FIA-1420x240-Banner-Artigos-1-_-Banner-Materias-4-v3-png.webp\"\n\t\t\t\t\tdata-promo-id=\"478744\"\t\t\t\t\t\t\t\t\t\twidth='2560' height='433'\t\t\t\t\talt=\"https:\/\/files.sunoresearch.com.br\/n\/uploads\/2023\/10\/SUNO-FIC-FIA-1420x240-Banner-Artigos-1-_-Banner-Materias-4-v3-png.webp\"\n\t\t\t\t>\n\t\t\t<\/picture>\n\t\t<\/a>\n\t<\/p>\n\n\n<p>A empresas asi\u00e1ticas do ramo de autom\u00f3veis investiram cerca de US$ 2,27 milh\u00f5es, cada uma, na <a href=\"https:\/\/www.suno.com.br\/artigos\/joint-venture\/\">joint-venture<\/a> (empresa conjunta) Monet Technologies.<\/p>\n<p>O objetivo \u00e9 que os <strong>carros<\/strong> <strong>aut\u00f4nomos<\/strong> desenvolvidos venham a competir na esfera de compartilhamento de caronas. A participa\u00e7\u00e3o da Honda e da Hino no setor de tecnologia sinaliza as dificuldades que as montadoras v\u00eam enfrentando no desenvolvimento de novos servi\u00e7os de transporte.<\/p>\n<p><a href=\"https:\/\/www.suno.com.br\/noticias\/coty-aumenta-participacao-brasil-receita-cresce\/\">Veja tamb\u00e9m: Coty aumenta sua participa\u00e7\u00e3o no mercado brasileiro; receita cresce\u00a0<\/a><\/p>\n<h2>Carros aut\u00f4nomos<\/h2>\n<p>O surgimento de carros aut\u00f4nomos pode amea\u00e7ar as vendas de ve\u00edculos no futuro. Isso porque os usu\u00e1rios poder\u00e3o optar, majoritariamente, por servi\u00e7os em que pagam por cada uso. &#8220;Esta parceria vai permitir que a coordena\u00e7\u00e3o, tanto dos dados de mobilidade de passageiros e objetos que a Hino coleta de seus caminh\u00f5es e \u00f4nibus, quanto os dados coletados pela Honda de seus servi\u00e7os de mobilidade&#8221;, afirmou o CEO da Monet Technologies, Junichi Miyakawa.<\/p>\n<p>&#8220;A Honda quer contribuir para revitalizar sua ind\u00fastria de servi\u00e7os de mobilidade no Jap\u00e3o, e resolver problemas relacionados ao tr\u00e1fego que a sociedade japonesa enfrenta&#8221;, informou o CEO da Honda, Takahiro Hachigo.<\/p>\n<p>A Hino, que est\u00e1 investindo na tecnologia voltada a autom\u00f3veis, \u00e9 uma subsidi\u00e1ria da <strong>Toyota<\/strong>, que fabrica caminh\u00f5es e \u00f4nibus.<\/p>\n","protected":false},"excerpt":{"rendered":"<p>A Toyota anunciou nesta quarta-feira (28) que assumir\u00e1 a participa\u00e7\u00e3o de 4,9% na Suzuki Motor Corporation. A Toyota desembolsou US$ 908 milh\u00f5es para fazer neg\u00f3cio. Desde 2016 as montadoras ensaiam uma parceria. Toyota A Suzuki tamb\u00e9m ir\u00e1 fazer um investimento de US$ 454 milh\u00f5es de d\u00f3lares na Toyota. Em 2017, as duas montadoras japonesas fizeram [&hellip;]<\/p>\n","protected":false},"author":19,"featured_media":35625,"comment_status":"closed","ping_status":"closed","sticky":false,"template":"","format":"standard","meta":[],"categories":[64],"tags":[864],"suno_strategy":[],"class_list":["post-35613","post","type-post","status-publish","format-standard","has-post-thumbnail","hentry","category-negocios","tag-toyota-tmco34"],"yoast_head":"<!-- This site is optimized with the Yoast SEO plugin v24.4 - https:\/\/yoast.com\/wordpress\/plugins\/seo\/ -->\n<title>Toyota e Suzuki fazem alian\u00e7a com participa\u00e7\u00e3o acion\u00e1ria<\/title>\n<meta name=\"description\" content=\"A Toyota anunciou nesta quarta-feira (28) que assumir\u00e1 a participa\u00e7\u00e3o de 4,9% na Suzuki Motor Corporation. Clique aqui e saiba mais.\" \/>\n<meta name=\"robots\" content=\"index, follow, max-snippet:-1, max-image-preview:large, max-video-preview:-1\" \/>\n<link rel=\"canonical\" href=\"https:\/\/www.suno.com.br\/noticias\/toyota-e-suzuki-fazem-alianca-com-participacao-acionaria\/\" \/>\n<meta property=\"og:locale\" content=\"pt_BR\" \/>\n<meta property=\"og:type\" content=\"article\" \/>\n<meta property=\"og:title\" content=\"Toyota e Suzuki fazem alian\u00e7a com participa\u00e7\u00e3o acion\u00e1ria\" \/>\n<meta property=\"og:description\" content=\"A Toyota anunciou nesta quarta-feira (28) que assumir\u00e1 a participa\u00e7\u00e3o de 4,9% na Suzuki Motor Corporation. Clique aqui e saiba mais.\" \/>\n<meta property=\"og:url\" content=\"https:\/\/www.suno.com.br\/noticias\/toyota-e-suzuki-fazem-alianca-com-participacao-acionaria\/\" \/>\n<meta property=\"og:site_name\" content=\"Suno Not\u00edcias\" \/>\n<meta property=\"article:publisher\" content=\"https:\/\/facebook.com\/sunoresearch\" \/>\n<meta property=\"og:image\" content=\"https:\/\/files.sunoresearch.com.br\/n\/uploads\/2019\/08\/38f6241f-toyota.jpeg\" \/>\n\t<meta property=\"og:image:width\" content=\"2000\" \/>\n\t<meta property=\"og:image:height\" content=\"1307\" \/>\n\t<meta property=\"og:image:type\" content=\"image\/jpeg\" \/>\n<meta name=\"author\" content=\"Juliano Passaro\" \/>\n<meta name=\"twitter:card\" content=\"summary_large_image\" \/>\n<meta name=\"twitter:creator\" content=\"@sunoresearch\" \/>\n<meta name=\"twitter:site\" content=\"@sunoresearch\" \/>\n<meta name=\"twitter:label1\" content=\"Escrito por\" \/>\n\t<meta name=\"twitter:data1\" content=\"Juliano Passaro\" \/>\n\t<meta name=\"twitter:label2\" content=\"Est. tempo de leitura\" \/>\n\t<meta name=\"twitter:data2\" content=\"2 minutos\" \/>\n<script type=\"application\/ld+json\" class=\"yoast-schema-graph\">{\"@context\":\"https:\/\/schema.org\",\"@graph\":[{\"@type\":\"NewsArticle\",\"@id\":\"https:\/\/www.suno.com.br\/noticias\/toyota-e-suzuki-fazem-alianca-com-participacao-acionaria\/#article\",\"isPartOf\":{\"@id\":\"https:\/\/www.suno.com.br\/noticias\/toyota-e-suzuki-fazem-alianca-com-participacao-acionaria\/\"},\"author\":{\"name\":\"Juliano Passaro\",\"@id\":\"https:\/\/www.suno.com.br\/noticias\/#\/schema\/person\/1db762f78ffd8919a648a63e425953e3\"},\"headline\":\"Toyota e Suzuki fazem alian\u00e7a com participa\u00e7\u00e3o acion\u00e1ria\",\"datePublished\":\"2019-08-28T15:57:34+00:00\",\"mainEntityOfPage\":{\"@id\":\"https:\/\/www.suno.com.br\/noticias\/toyota-e-suzuki-fazem-alianca-com-participacao-acionaria\/\"},\"wordCount\":395,\"publisher\":{\"@id\":\"https:\/\/www.suno.com.br\/noticias\/#organization\"},\"image\":{\"@id\":\"https:\/\/www.suno.com.br\/noticias\/toyota-e-suzuki-fazem-alianca-com-participacao-acionaria\/#primaryimage\"},\"thumbnailUrl\":\"https:\/\/files.sunoresearch.com.br\/n\/uploads\/2019\/08\/38f6241f-toyota-jpeg.webp\",\"keywords\":[\"Toyota (TMCO34)\"],\"articleSection\":[\"Neg\u00f3cios\"],\"inLanguage\":\"pt-BR\"},{\"@type\":\"WebPage\",\"@id\":\"https:\/\/www.suno.com.br\/noticias\/toyota-e-suzuki-fazem-alianca-com-participacao-acionaria\/\",\"url\":\"https:\/\/www.suno.com.br\/noticias\/toyota-e-suzuki-fazem-alianca-com-participacao-acionaria\/\",\"name\":\"Toyota e Suzuki fazem alian\u00e7a com participa\u00e7\u00e3o acion\u00e1ria\",\"isPartOf\":{\"@id\":\"https:\/\/www.suno.com.br\/noticias\/#website\"},\"primaryImageOfPage\":{\"@id\":\"https:\/\/www.suno.com.br\/noticias\/toyota-e-suzuki-fazem-alianca-com-participacao-acionaria\/#primaryimage\"},\"image\":{\"@id\":\"https:\/\/www.suno.com.br\/noticias\/toyota-e-suzuki-fazem-alianca-com-participacao-acionaria\/#primaryimage\"},\"thumbnailUrl\":\"https:\/\/files.sunoresearch.com.br\/n\/uploads\/2019\/08\/38f6241f-toyota-jpeg.webp\",\"datePublished\":\"2019-08-28T15:57:34+00:00\",\"description\":\"A Toyota anunciou nesta quarta-feira (28) que assumir\u00e1 a participa\u00e7\u00e3o de 4,9% na Suzuki Motor Corporation. Clique aqui e saiba mais.\",\"breadcrumb\":{\"@id\":\"https:\/\/www.suno.com.br\/noticias\/toyota-e-suzuki-fazem-alianca-com-participacao-acionaria\/#breadcrumb\"},\"inLanguage\":\"pt-BR\",\"potentialAction\":[{\"@type\":\"ReadAction\",\"target\":[\"https:\/\/www.suno.com.br\/noticias\/toyota-e-suzuki-fazem-alianca-com-participacao-acionaria\/\"]}]},{\"@type\":\"ImageObject\",\"inLanguage\":\"pt-BR\",\"@id\":\"https:\/\/www.suno.com.br\/noticias\/toyota-e-suzuki-fazem-alianca-com-participacao-acionaria\/#primaryimage\",\"url\":\"https:\/\/files.sunoresearch.com.br\/n\/uploads\/2019\/08\/38f6241f-toyota-jpeg.webp\",\"contentUrl\":\"https:\/\/files.sunoresearch.com.br\/n\/uploads\/2019\/08\/38f6241f-toyota-jpeg.webp\",\"width\":2000,\"height\":1307,\"caption\":\"Toyota\"},{\"@type\":\"BreadcrumbList\",\"@id\":\"https:\/\/www.suno.com.br\/noticias\/toyota-e-suzuki-fazem-alianca-com-participacao-acionaria\/#breadcrumb\",\"itemListElement\":[{\"@type\":\"ListItem\",\"position\":1,\"name\":\"Not\u00edcias\",\"item\":\"https:\/\/www.suno.com.br\/noticias\/\"},{\"@type\":\"ListItem\",\"position\":2,\"name\":\"Neg\u00f3cios\",\"item\":\"https:\/\/www.suno.com.br\/noticias\/negocios\/\"},{\"@type\":\"ListItem\",\"position\":3,\"name\":\"Toyota e Suzuki fazem alian\u00e7a com participa\u00e7\u00e3o acion\u00e1ria\"}]},{\"@type\":\"WebSite\",\"@id\":\"https:\/\/www.suno.com.br\/noticias\/#website\",\"url\":\"https:\/\/www.suno.com.br\/noticias\/\",\"name\":\"Suno Not\u00edcias\",\"description\":\"Seu portal de informa\u00e7\u00e3o sobre o mundo dos investimentos\",\"publisher\":{\"@id\":\"https:\/\/www.suno.com.br\/noticias\/#organization\"},\"potentialAction\":[{\"@type\":\"SearchAction\",\"target\":{\"@type\":\"EntryPoint\",\"urlTemplate\":\"https:\/\/www.suno.com.br\/noticias\/?s={search_term_string}\"},\"query-input\":{\"@type\":\"PropertyValueSpecification\",\"valueRequired\":true,\"valueName\":\"search_term_string\"}}],\"inLanguage\":\"pt-BR\"},{\"@type\":\"Organization\",\"@id\":\"https:\/\/www.suno.com.br\/noticias\/#organization\",\"name\":\"Suno Not\u00edcias\",\"url\":\"https:\/\/www.suno.com.br\/noticias\/\",\"logo\":{\"@type\":\"ImageObject\",\"inLanguage\":\"pt-BR\",\"@id\":\"https:\/\/www.suno.com.br\/noticias\/#\/schema\/logo\/image\/\",\"url\":\"https:\/\/files.sunoresearch.com.br\/n\/uploads\/2021\/09\/suno-logo.png\",\"contentUrl\":\"https:\/\/files.sunoresearch.com.br\/n\/uploads\/2021\/09\/suno-logo.png\",\"width\":180,\"height\":180,\"caption\":\"Suno Not\u00edcias\"},\"image\":{\"@id\":\"https:\/\/www.suno.com.br\/noticias\/#\/schema\/logo\/image\/\"},\"sameAs\":[\"https:\/\/facebook.com\/sunoresearch\",\"https:\/\/x.com\/sunoresearch\",\"https:\/\/www.instagram.com\/suno\",\"https:\/\/www.linkedin.com\/company\/suno-research\/\",\"https:\/\/www.youtube.com\/c\/sunoresearch\"]},{\"@type\":\"Person\",\"@id\":\"https:\/\/www.suno.com.br\/noticias\/#\/schema\/person\/1db762f78ffd8919a648a63e425953e3\",\"name\":\"Juliano Passaro\",\"image\":{\"@type\":\"ImageObject\",\"inLanguage\":\"pt-BR\",\"@id\":\"https:\/\/www.suno.com.br\/noticias\/#\/schema\/person\/image\/\",\"url\":\"https:\/\/secure.gravatar.com\/avatar\/743d4df28eebf6dcc46b4ad03c319e92?s=96&r=g\",\"contentUrl\":\"https:\/\/secure.gravatar.com\/avatar\/743d4df28eebf6dcc46b4ad03c319e92?s=96&r=g\",\"caption\":\"Juliano Passaro\"},\"description\":\"Juliano Passaro escreve sobre pol\u00edtica, economia e neg\u00f3cios para o portal da Suno Research. Antes da Suno, trabalhou no Portal da Band. \u00c9 formado em jornalismo pela Universidade Presbiteriana Mackenzie.\",\"url\":\"https:\/\/www.suno.com.br\/noticias\/author\/juliano\/\"}]}<\/script>\n<!-- \/ Yoast SEO plugin. -->","yoast_head_json":{"title":"Toyota e Suzuki fazem alian\u00e7a com participa\u00e7\u00e3o acion\u00e1ria","description":"A Toyota anunciou nesta quarta-feira (28) que assumir\u00e1 a participa\u00e7\u00e3o de 4,9% na Suzuki Motor Corporation. Clique aqui e saiba mais.","robots":{"index":"index","follow":"follow","max-snippet":"max-snippet:-1","max-image-preview":"max-image-preview:large","max-video-preview":"max-video-preview:-1"},"canonical":"https:\/\/www.suno.com.br\/noticias\/toyota-e-suzuki-fazem-alianca-com-participacao-acionaria\/","og_locale":"pt_BR","og_type":"article","og_title":"Toyota e Suzuki fazem alian\u00e7a com participa\u00e7\u00e3o acion\u00e1ria","og_description":"A Toyota anunciou nesta quarta-feira (28) que assumir\u00e1 a participa\u00e7\u00e3o de 4,9% na Suzuki Motor Corporation. Clique aqui e saiba mais.","og_url":"https:\/\/www.suno.com.br\/noticias\/toyota-e-suzuki-fazem-alianca-com-participacao-acionaria\/","og_site_name":"Suno Not\u00edcias","article_publisher":"https:\/\/facebook.com\/sunoresearch","og_image":[{"width":2000,"height":1307,"url":"https:\/\/files.sunoresearch.com.br\/n\/uploads\/2019\/08\/38f6241f-toyota.jpeg","type":"image\/jpeg"}],"author":"Juliano Passaro","twitter_card":"summary_large_image","twitter_creator":"@sunoresearch","twitter_site":"@sunoresearch","twitter_misc":{"Escrito por":"Juliano Passaro","Est. tempo de leitura":"2 minutos"},"schema":{"@context":"https:\/\/schema.org","@graph":[{"@type":"NewsArticle","@id":"https:\/\/www.suno.com.br\/noticias\/toyota-e-suzuki-fazem-alianca-com-participacao-acionaria\/#article","isPartOf":{"@id":"https:\/\/www.suno.com.br\/noticias\/toyota-e-suzuki-fazem-alianca-com-participacao-acionaria\/"},"author":{"name":"Juliano Passaro","@id":"https:\/\/www.suno.com.br\/noticias\/#\/schema\/person\/1db762f78ffd8919a648a63e425953e3"},"headline":"Toyota e Suzuki fazem alian\u00e7a com participa\u00e7\u00e3o acion\u00e1ria","datePublished":"2019-08-28T15:57:34+00:00","mainEntityOfPage":{"@id":"https:\/\/www.suno.com.br\/noticias\/toyota-e-suzuki-fazem-alianca-com-participacao-acionaria\/"},"wordCount":395,"publisher":{"@id":"https:\/\/www.suno.com.br\/noticias\/#organization"},"image":{"@id":"https:\/\/www.suno.com.br\/noticias\/toyota-e-suzuki-fazem-alianca-com-participacao-acionaria\/#primaryimage"},"thumbnailUrl":"https:\/\/files.sunoresearch.com.br\/n\/uploads\/2019\/08\/38f6241f-toyota-jpeg.webp","keywords":["Toyota (TMCO34)"],"articleSection":["Neg\u00f3cios"],"inLanguage":"pt-BR"},{"@type":"WebPage","@id":"https:\/\/www.suno.com.br\/noticias\/toyota-e-suzuki-fazem-alianca-com-participacao-acionaria\/","url":"https:\/\/www.suno.com.br\/noticias\/toyota-e-suzuki-fazem-alianca-com-participacao-acionaria\/","name":"Toyota e Suzuki fazem alian\u00e7a com participa\u00e7\u00e3o acion\u00e1ria","isPartOf":{"@id":"https:\/\/www.suno.com.br\/noticias\/#website"},"primaryImageOfPage":{"@id":"https:\/\/www.suno.com.br\/noticias\/toyota-e-suzuki-fazem-alianca-com-participacao-acionaria\/#primaryimage"},"image":{"@id":"https:\/\/www.suno.com.br\/noticias\/toyota-e-suzuki-fazem-alianca-com-participacao-acionaria\/#primaryimage"},"thumbnailUrl":"https:\/\/files.sunoresearch.com.br\/n\/uploads\/2019\/08\/38f6241f-toyota-jpeg.webp","datePublished":"2019-08-28T15:57:34+00:00","description":"A Toyota anunciou nesta quarta-feira (28) que assumir\u00e1 a participa\u00e7\u00e3o de 4,9% na Suzuki Motor Corporation. Clique aqui e saiba mais.","breadcrumb":{"@id":"https:\/\/www.suno.com.br\/noticias\/toyota-e-suzuki-fazem-alianca-com-participacao-acionaria\/#breadcrumb"},"inLanguage":"pt-BR","potentialAction":[{"@type":"ReadAction","target":["https:\/\/www.suno.com.br\/noticias\/toyota-e-suzuki-fazem-alianca-com-participacao-acionaria\/"]}]},{"@type":"ImageObject","inLanguage":"pt-BR","@id":"https:\/\/www.suno.com.br\/noticias\/toyota-e-suzuki-fazem-alianca-com-participacao-acionaria\/#primaryimage","url":"https:\/\/files.sunoresearch.com.br\/n\/uploads\/2019\/08\/38f6241f-toyota-jpeg.webp","contentUrl":"https:\/\/files.sunoresearch.com.br\/n\/uploads\/2019\/08\/38f6241f-toyota-jpeg.webp","width":2000,"height":1307,"caption":"Toyota"},{"@type":"BreadcrumbList","@id":"https:\/\/www.suno.com.br\/noticias\/toyota-e-suzuki-fazem-alianca-com-participacao-acionaria\/#breadcrumb","itemListElement":[{"@type":"ListItem","position":1,"name":"Not\u00edcias","item":"https:\/\/www.suno.com.br\/noticias\/"},{"@type":"ListItem","position":2,"name":"Neg\u00f3cios","item":"https:\/\/www.suno.com.br\/noticias\/negocios\/"},{"@type":"ListItem","position":3,"name":"Toyota e Suzuki fazem alian\u00e7a com participa\u00e7\u00e3o acion\u00e1ria"}]},{"@type":"WebSite","@id":"https:\/\/www.suno.com.br\/noticias\/#website","url":"https:\/\/www.suno.com.br\/noticias\/","name":"Suno Not\u00edcias","description":"Seu portal de informa\u00e7\u00e3o sobre o mundo dos investimentos","publisher":{"@id":"https:\/\/www.suno.com.br\/noticias\/#organization"},"potentialAction":[{"@type":"SearchAction","target":{"@type":"EntryPoint","urlTemplate":"https:\/\/www.suno.com.br\/noticias\/?s={search_term_string}"},"query-input":{"@type":"PropertyValueSpecification","valueRequired":true,"valueName":"search_term_string"}}],"inLanguage":"pt-BR"},{"@type":"Organization","@id":"https:\/\/www.suno.com.br\/noticias\/#organization","name":"Suno Not\u00edcias","url":"https:\/\/www.suno.com.br\/noticias\/","logo":{"@type":"ImageObject","inLanguage":"pt-BR","@id":"https:\/\/www.suno.com.br\/noticias\/#\/schema\/logo\/image\/","url":"https:\/\/files.sunoresearch.com.br\/n\/uploads\/2021\/09\/suno-logo.png","contentUrl":"https:\/\/files.sunoresearch.com.br\/n\/uploads\/2021\/09\/suno-logo.png","width":180,"height":180,"caption":"Suno Not\u00edcias"},"image":{"@id":"https:\/\/www.suno.com.br\/noticias\/#\/schema\/logo\/image\/"},"sameAs":["https:\/\/facebook.com\/sunoresearch","https:\/\/x.com\/sunoresearch","https:\/\/www.instagram.com\/suno","https:\/\/www.linkedin.com\/company\/suno-research\/","https:\/\/www.youtube.com\/c\/sunoresearch"]},{"@type":"Person","@id":"https:\/\/www.suno.com.br\/noticias\/#\/schema\/person\/1db762f78ffd8919a648a63e425953e3","name":"Juliano Passaro","image":{"@type":"ImageObject","inLanguage":"pt-BR","@id":"https:\/\/www.suno.com.br\/noticias\/#\/schema\/person\/image\/","url":"https:\/\/secure.gravatar.com\/avatar\/743d4df28eebf6dcc46b4ad03c319e92?s=96&r=g","contentUrl":"https:\/\/secure.gravatar.com\/avatar\/743d4df28eebf6dcc46b4ad03c319e92?s=96&r=g","caption":"Juliano Passaro"},"description":"Juliano Passaro escreve sobre pol\u00edtica, economia e neg\u00f3cios para o portal da Suno Research. Antes da Suno, trabalhou no Portal da Band. \u00c9 formado em jornalismo pela Universidade Presbiteriana Mackenzie.","url":"https:\/\/www.suno.com.br\/noticias\/author\/juliano\/"}]}},"default_loop_html":"<div class=\"cardsPage__listCard__boxs\"><div class=\"cardsPage__listCard__boxs__img\"><a href=\"https:\/\/www.suno.com.br\/noticias\/toyota-e-suzuki-fazem-alianca-com-participacao-acionaria\/\"><img class=\"mask\" src=\"https:\/\/www.suno.com.br\/noticias\/wp-content\/themes\/suno\/resources\/images\/spotlight\/spotlight1img\/bg-mask.png\" alt=\"Image Mask\"\/><img src=\"https:\/\/files.sunoresearch.com.br\/n\/uploads\/2019\/08\/38f6241f-toyota-400x200.webp\" alt=\"Toyota e Suzuki fazem alian\u00e7a com participa\u00e7\u00e3o acion\u00e1ria\"\/><\/a><span class=\"spotlightCategory\"><a href=\"https:\/\/www.suno.com.br\/noticias\/negocios\/\">Neg\u00f3cios<\/a><\/span><\/div><div class=\"cardsPage__listCard__boxs__content\"><a href=\"https:\/\/www.suno.com.br\/noticias\/toyota-e-suzuki-fazem-alianca-com-participacao-acionaria\/\"><h2 class=\"content__title\">Toyota e Suzuki fazem alian\u00e7a com participa\u00e7\u00e3o acion\u00e1ria<\/h2><\/a><div class=\"newsContent__article__meta\"><div class=\"newsContent__article__meta__authorBox\"><a href=\"https:\/\/www.suno.com.br\/noticias\/author\/juliano\/\" class=\"authorBox__avatar noMobi\"><img src=\"https:\/\/files.sunoresearch.com.br\/n\/uploads\/2019\/06\/7cc3efea-whatsapp-image-2019-07-18-at-21.59.33-e1563499821209-150x150.webp\" alt=\"Juliano Passaro\"><\/a><div class=\"authorBox__name\"><span>por\n\t\t\t<a href=\"https:\/\/www.suno.com.br\/noticias\/author\/juliano\/\"><span itemprop=\"author\">Juliano Passaro<\/span><\/a><\/span><time datetime=\"2019-08-28T12:57:34-03:00\" itemprop=\"datePublished\">28\/08\/2019 12:57<\/time><\/div><\/div><\/div><\/div><\/div>","single_layout":"posts","amp_enabled":true,"_links":{"self":[{"href":"https:\/\/www.suno.com.br\/noticias\/wp-json\/wp\/v2\/posts\/35613"}],"collection":[{"href":"https:\/\/www.suno.com.br\/noticias\/wp-json\/wp\/v2\/posts"}],"about":[{"href":"https:\/\/www.suno.com.br\/noticias\/wp-json\/wp\/v2\/types\/post"}],"author":[{"embeddable":true,"href":"https:\/\/www.suno.com.br\/noticias\/wp-json\/wp\/v2\/users\/19"}],"replies":[{"embeddable":true,"href":"https:\/\/www.suno.com.br\/noticias\/wp-json\/wp\/v2\/comments?post=35613"}],"version-history":[{"count":0,"href":"https:\/\/www.suno.com.br\/noticias\/wp-json\/wp\/v2\/posts\/35613\/revisions"}],"wp:featuredmedia":[{"embeddable":true,"href":"https:\/\/www.suno.com.br\/noticias\/wp-json\/wp\/v2\/media\/35625"}],"wp:attachment":[{"href":"https:\/\/www.suno.com.br\/noticias\/wp-json\/wp\/v2\/media?parent=35613"}],"wp:term":[{"taxonomy":"category","embeddable":true,"href":"https:\/\/www.suno.com.br\/noticias\/wp-json\/wp\/v2\/categories?post=35613"},{"taxonomy":"post_tag","embeddable":true,"href":"https:\/\/www.suno.com.br\/noticias\/wp-json\/wp\/v2\/tags?post=35613"},{"taxonomy":"suno_strategy","embeddable":true,"href":"https:\/\/www.suno.com.br\/noticias\/wp-json\/wp\/v2\/suno_strategy?post=35613"}],"curies":[{"name":"wp","href":"https:\/\/api.w.org\/{rel}","templated":true}]}}