{"id":356112,"date":"2023-01-31T22:30:00","date_gmt":"2023-02-01T01:30:00","guid":{"rendered":"https:\/\/www.suno.com.br\/noticias\/?p=356112"},"modified":"2023-02-01T12:18:35","modified_gmt":"2023-02-01T15:18:35","slug":"radar-vale-vale3-nubank-nubr33-americanas-amer3","status":"publish","type":"post","link":"https:\/\/www.suno.com.br\/noticias\/radar-vale-vale3-nubank-nubr33-americanas-amer3\/","title":{"rendered":"Radar: produ\u00e7\u00e3o da Vale (VALE3) cai em 2022; Nubank (NUBR33) demite 40 pessoas e  Americanas (AMER3) interrompe contratos com terceirizados"},"content":{"rendered":"<p>A produ\u00e7\u00e3o de min\u00e9rio de ferro da&nbsp;<a href=\"https:\/\/www.suno.com.br\/acoes\/vale3\/\" target=\"_blank\" rel=\"noreferrer noopener\"><strong>Vale<\/strong>&nbsp;(VALE3)<\/a>&nbsp;totalizou 80.852 milh\u00f5es de toneladas no quarto trimestre de 2022 (4T22), representando uma baixa de 1% na compara\u00e7\u00e3o anual e um recuo de 9,9% ante o 3T22, segundo o relat\u00f3rio divulgado nesta ter\u00e7a-feira (31). No ano, a produ\u00e7\u00e3o foi de 307,79 milh\u00f5es de toneladas, queda de 1,6% em rela\u00e7\u00e3o a 2021, valor abaixo da meta da companhia, definida em 310 milh\u00f5es de toteladas.<\/p>\t<div class=\"wrapper-featured-image\">\n\t\t<figure class=\"spotlightImg\">\n\n\t\t\t<picture>\n\t\t\t\t<source media=\"(max-width: 768px)\" srcset=\"https:\/\/files.sunoresearch.com.br\/n\/uploads\/2022\/11\/vale-vale3-acoes-siderurgia-400x200.jpg\">\n\t\t\t\t<img loading=\"lazy\" decoding=\"async\" class=\"newsContent__article__imgCapa lazyloadDisabled \" src=\"https:\/\/files.sunoresearch.com.br\/n\/uploads\/2022\/11\/vale-vale3-acoes-siderurgia-800x450.jpg\" width=\"800\" height=\"450\" alt=\"Radar: produ\u00e7\u00e3o da Vale (VALE3) cai em 2022; Nubank (NUBR33) demite 40 pessoas e  Americanas (AMER3) interrompe contratos com terceirizados\" fetchpriority=high \/>\n\t\t\t<\/picture>\n\n\t\t\t<figcaption class=\"wp-caption-text wp-caption-text--show\">Vale (VALE3). Foto: Divulga\u00e7\u00e3o.<\/figcaption>\n\t\t<\/figure>\n\t<\/div>\n\n\n\n\n\n\t<p>\n\t\t<a href=\"\" target=\"_blank\" data-element=\"shortcode-suno-banner\" title=\"Banner SUNO, clique e saiba mais\">\n\t\t\t<picture>\n\t\t\t\t<source media=\"(max-width: 500px)\" srcset=\"\">\n\t\t\t\t<img class=\"newsContent__article__imgCapa newsContent__article__imgCapa--banner\"\n\t\t\t\t\tsrc=\"\"\n\t\t\t\t\tdata-promo-id=\"138420\"\t\t\t\t\t\t\t\t\t\t\t\t\t\t\talt=\"\"\n\t\t\t\t>\n\t\t\t<\/picture>\n\t\t<\/a>\n\t<\/p>\n\n\n\n\n\n<p>A Vale tamb\u00e9m informou que as&nbsp;<strong>vendas do min\u00e9rio de ferro<\/strong>&nbsp;foram de 81.202 milh\u00f5es de toneladas no 4T22, uma baixa de 0,7% frente ao mesmo per\u00edodo de 2021 &#8211; por\u00e9m a alta foi de 24,2% em rela\u00e7\u00e3o ao trimestre imediatamente anterior. No acumulado de 2022, as vendas totais da commodity foram de 260,663 mi de toneladas, recuando 3,8% em rela\u00e7\u00e3o ao ano anterior.<\/p>\n\n\n\n<p>De acordo com o relat\u00f3rio da Vale, o desempenho da produ\u00e7\u00e3o de min\u00e9rio de ferro refletiu os atrasos de licenciamento em Serra Norte, o processamento de est\u00e9ril jaspilito e performance operacional no Projeto Ferro Caraj\u00e1s S11D. <\/p>\n\n\n\n<p>&#8220;Isso foi parcialmente compensado por um ramp-up cont\u00ednuo da produ\u00e7\u00e3o em Vargem Grande, maior produ\u00e7\u00e3o via processamento a seco em Brucutu e a maior compra de terceiros&#8221;, frisou a mineradora.<\/p>\n\n\n\n<p>Mais detalhadamente, os resultados divulgados no relat\u00f3rio ainda mostram que <strong>a produ\u00e7\u00e3o do min\u00e9rio de Vale<\/strong> no Sistema Norte registrou 45.097 milh\u00f5es de toneladas, valor que representa uma queda de 9,8% em rela\u00e7\u00e3o ao mesmo per\u00edodo do ano anterior e recuo de 9,2% trimestre imediatamente anterior. <\/p>\n\n\n\n<p>No acumulado do ano, a produ\u00e7\u00e3o foi de 171.555 milh\u00f5es de toneladas, que representa uma queda de 9,2% em rela\u00e7\u00e3o a produ\u00e7\u00e3o de 188.835 milh\u00f5es de toneladas registrada em 2021.<\/p>\n\n\n\n<p>No Sistema Sudeste, a <strong>produ\u00e7\u00e3o de min\u00e9rio da Vale <\/strong>foi de 18.405 milh\u00f5es de toneladas no 4T22, com queda de 6,7% em rela\u00e7\u00e3o ao trimestre anterior (19.725 milh\u00f5es de toneladas) e de 1,4% em rela\u00e7\u00e3o ao 4T21 (18.659 milh\u00f5es de toneladas). <\/p>\n\n\n\n<p>Apesar disso, no acumulado do ano houve avan\u00e7o de 4,1% na produ\u00e7\u00e3o, que passou de 69.780 milh\u00f5es de toneladas para 72.644 milh\u00f5es de toneladas de min\u00e9rio de ferro. <\/p>\n\n\n\n<p>J\u00e1 no <strong>Sistema Sul da Vale<\/strong>, a produ\u00e7\u00e3o no quatro trimestre foi de 17.350 milh\u00f5es de toneladas. O valor representa um recuo de 14,6% em rela\u00e7\u00e3o ao 3T22 (20.324 milh\u00f5es de toneladas), por\u00e9m um avan\u00e7o de 33,5% na compara\u00e7\u00e3o com o 4T21 (12.999 milh\u00f5es de toneladas). <\/p>\n\n\n\n<p>No comparativo anual, a produ\u00e7\u00e3o da mineradora cresceu 17,1%, passando de 54.285 milh\u00f5es de toneladas em 2021 para 63.594 milh\u00f5es de toneladas em 2022. <\/p>\n\n\n\n<h2 class=\"wp-block-heading\" id=\"h-alta-na-producao-e-vendas-de-pelotas\">Alta na produ\u00e7\u00e3o e vendas de pelotas<\/h2>\n\n\n\n<p>Ainda segundo o relat\u00f3rio, a<strong> produ\u00e7\u00e3o de pelotas da Vale<\/strong> totalizou 8.261 milh\u00f5es de toneladas no quatro trimestre de 2022. O valor representa uma leve alta de 0,1% em rela\u00e7\u00e3o ao trimestre imediatamente anterior e uma queda de 8,9% em rela\u00e7\u00e3o ao 4T21. <\/p>\n\n\n\n<p>Apesar disso, no ano foram produzidas 32,111 milh\u00f5es de toneladas, uma alta de 1,3% em rela\u00e7\u00e3o a 2021 (31.708 milh\u00f5es de toneladas).<\/p>\n\n\n\n<p>Segundo a mineradora, a produ\u00e7\u00e3o de pelotas ficou est\u00e1vel, sendo \u201cimpulsionada por maior disponibilidade de pellet feed para as plantas de Tubar\u00e3o e a retomada da planta 5, aumentando a produ\u00e7\u00e3o de pelotas em Tubar\u00e3o, que foi compensada por manuten\u00e7\u00f5es na planta 7 do complexo de Tubar\u00e3o e na planta de S\u00e3o Luis\u201d.<\/p>\n\n\n\n<p>Em rela\u00e7\u00e3o \u00e0s <strong>vendas de pelotas<\/strong> <strong>da Vale<\/strong>, foram 8.789 milh\u00f5es de toneladas no 4T22 representando uma alta de 3,1% em rela\u00e7\u00e3o ao 3T22, por\u00e9m uma queda de 15,1% frente ao mesmo per\u00edodo de 2021 (10.351 milh\u00f5es de toneladas). <\/p>\n\n\n\n<p>Nas vendas acumuladas no ano, a alta foi de 2,7%, passando de 32,306 milh\u00f5es de toneladas em 2021 para 33,164 milh\u00f5es de toneladas vendidas em 2022.<\/p>\n\n\n\n<h2 class=\"wp-block-heading\">Produ\u00e7\u00e3o de n\u00edquel caiu no 4T22, mas vendas subiram<\/h2>\n\n\n\n<p>O relat\u00f3rio mostra que a<strong> produ\u00e7\u00e3o de n\u00edquel da Vale<\/strong> totalizou 47,4 milh\u00f5es de toneladas no quatro trimestre de 2022. O valor representa uma queda de 8,5% em rela\u00e7\u00e3o ao trimestre imediatamente anterior e uma queda de 1,3% em rela\u00e7\u00e3o ao 4T21 (48 milh\u00f5es de toneladas). <\/p>\n\n\n\n<p>Apesar disso, no ano foram produzidas 179,1 milh\u00f5es de toneladas de n\u00edquel, uma alta de 6,4% em rela\u00e7\u00e3o a 2021 (168,3 milh\u00f5es de toneladas).<\/p>\n\n\n\n<p>Segundo a Vale, o resultado \u00e9 explicado principalmente pela estabiliza\u00e7\u00e3o das opera\u00e7\u00f5es ap\u00f3s paralisa\u00e7\u00e3o do trabalho de Sudbury em 2021, assim como o desempenho consistente em On\u00e7a Puma (PA). <\/p>\n\n\n\n<p>J\u00e1 as <strong>vendas de n\u00edquel<\/strong> <strong>da Vale<\/strong> totalizaram 58,2 milh\u00f5es de toneladas no 4T22, representando uma alta de 31,4% em rela\u00e7\u00e3o trimestre imediatamente anterior e alta 30,2% frente ao 4T21 (44,7 milh\u00f5es de toneladas). <\/p>\n\n\n\n<p>No acumulado do ano, houve uma leve queda de 0,5% na venda do n\u00edquel, passando de 181,7 milh\u00f5es de toneladas em 2021 para 180,8 milh\u00f5es de toneladas vendidas em 2022.<\/p>\n\n\n\n<h2 class=\"wp-block-heading\">Produ\u00e7\u00e3o e venda de cobre recuam<\/h2>\n\n\n\n<p>J\u00e1 a <strong>produ\u00e7\u00e3o de cobre da Vale<\/strong> totalizou 66,3 milh\u00f5es de toneladas no 4T22, recuando 10,8% em rela\u00e7\u00e3o ao 3T22 (74,3 milh\u00f5es de toneladas) e 14,5% no comparativo com o mesmo per\u00edodo de 2021 (77,5 milh\u00f5es de toneladas). <\/p>\n\n\n\n<p>No ano foram produzidas 253,1 milh\u00f5es de toneladas, queda de 14,7% em rela\u00e7\u00e3o ao ano anterior (296,8 milh\u00f5es de toneladas).<\/p>\n\n\n\n<p>J\u00e1 as <strong>vendas de cobre<\/strong> <strong>da Vale<\/strong> totalizaram 71,6 milh\u00f5es de toneladas no 4T22, representando uma alta de 1,6% em rela\u00e7\u00e3o trimestre imediatamente anterior, mas uma queda de 2,8% frente ao 4T21 (73,7 milh\u00f5es de toneladas).  <\/p>\n\n\n\n<p>No acumulado do ano, houve uma leve queda de 14,3% na venda do cobre, passando de 284,5 milh\u00f5es de toneladas em 2021 para 243,9 milh\u00f5es de toneladas de cobre vendidas em 2022.<\/p>\n\n\n\n<h2 class=\"wp-block-heading\">Cota\u00e7\u00e3o da Vale<\/h2>\n\n\n\n<p>A a\u00e7\u00e3o da&nbsp;<strong>Vale<\/strong>&nbsp;(VALE3) terminou a sess\u00e3o de hoje em baixa de 0,49%, cotada a R$ 94,51 antes da divulga\u00e7\u00e3o do relat\u00f3rio. No acumulado dos \u00faltimos 12 meses, os pap\u00e9is da mineradora tiveram uma valoriza\u00e7\u00e3o de 20,98%.<\/p>\n\n\n\n<p><em>Al\u00e9m d<\/em>a<strong>&nbsp;<em>Vale<\/em><\/strong><em>, confira outros destaques desta ter\u00e7a-feira:<\/em><a href=\"https:\/\/lp.suno.com.br\/planilha-controle-gastos\/\" target=\"_blank\" rel=\"noreferrer noopener\"><\/a><a href=\"https:\/\/lp.suno.com.br\/planilha-controle-gastos\/\" target=\"_blank\" rel=\"noreferrer noopener\"><\/a><a href=\"https:\/\/lp.suno.com.br\/planilha-controle-gastos\/\" target=\"_blank\" rel=\"noreferrer noopener\"><\/a><a href=\"https:\/\/lp.suno.com.br\/planilha-controle-gastos\/\" target=\"_blank\" rel=\"noreferrer noopener\"><\/a><a href=\"https:\/\/lp.suno.com.br\/asset\/suno-fundo-infra-estrutura-snid11\/\" target=\"_blank\" rel=\"noreferrer noopener\"><\/a><\/p>\n\n\n\t<p>\n\t\t<a href=\"https:\/\/lp.suno.com.br\/planilha-controle-gastos\/\" target=\"_blank\" data-element=\"shortcode-suno-banner\" title=\"Banner SUNO, clique e saiba mais\">\n\t\t\t<picture>\n\t\t\t\t<source media=\"(max-width: 500px)\" srcset=\"https:\/\/files.sunoresearch.com.br\/n\/uploads\/2023\/03\/400x300-Planilha-controle-de-gastos.png\">\n\t\t\t\t<img class=\"newsContent__article__imgCapa newsContent__article__imgCapa--banner\"\n\t\t\t\t\tsrc=\"https:\/\/files.sunoresearch.com.br\/n\/uploads\/2023\/03\/1420x240-Planilha-controle-de-gastos.png\"\n\t\t\t\t\tdata-promo-id=\"101751\"\t\t\t\t\t\t\t\t\t\twidth='1420' height='240'\t\t\t\t\talt=\"https:\/\/files.sunoresearch.com.br\/n\/uploads\/2023\/03\/1420x240-Planilha-controle-de-gastos.png\"\n\t\t\t\t>\n\t\t\t<\/picture>\n\t\t<\/a>\n\t<\/p>\n\n\n\n\n\n<h2 class=\"wp-block-heading\">Nubank (NUBR33) demite 40 pessoas e fecha assessoria de investimentos<\/h2>\n\n\n\n<ul class=\"wp-block-list\">\n<li>O <strong>Nubank<\/strong> (<a class=\"suno-keyword\" data-force=\"yes\" data-priority=\"2\" href=\"https:\/\/www.suno.com.br\/bdrs\/nubr33\/\" target=\"_blank\" rel=\"noopener\">NUBR33<\/a>) demitiu 40 funcion\u00e1rios nesta ter\u00e7a-feira, 31, e fechou a assessoria de investimentos.<\/li>\n\n\n\n<li> As <strong>demiss\u00f5es do Nubank<\/strong> n\u00e3o t\u00eam rela\u00e7\u00e3o com a queda nos fundos de investimento que contavam com deb\u00eantures da <strong>Americanas <\/strong>(AMER3) na composi\u00e7\u00e3o e tiveram queda de rendimento ap\u00f3s a <a class=\"suno-keyword\" data-force=\"no\" data-priority=\"1\" href=\"https:\/\/www.suno.com.br\/artigos\/crise-financeira\/\" target=\"_blank\" rel=\"noopener\">crise financeira<\/a> da varejista vir \u00e0 tona. Esses ativos s\u00e3o geridos pela <strong>Nu Asset<\/strong>.<\/li>\n\n\n\n<li>Segundo apurou o jornal O Estado de S. Paulo, as demiss\u00f5es t\u00eam rela\u00e7\u00e3o com a estrat\u00e9gia da empresa e o cen\u00e1rio econ\u00f4mico. Por\u00e9m, o foco do neg\u00f3cio em clientes de alta renda continua. No total, a empresa tem 70 milh\u00f5es de clientes.<\/li>\n\n\n\n<li>O fim da \u00e1rea de recomenda\u00e7\u00e3o de investimentos n\u00e3o afeta os clientes com investimentos financeiros no Nubank ou na corretora <strong>NuInvest<\/strong> (antiga Easynvest).<\/li>\n\n\n\n<li>O Nubank informou que o fim da \u00e1rea foi decidido ap\u00f3s &#8220;cuidadosa avalia\u00e7\u00e3o&#8221; e que o servi\u00e7o estava dispon\u00edvel para uma pequena parcela dos clientes. Quem tinha acesso a ele podia receber orienta\u00e7\u00f5es sobre em quais ativos investir, em <a class=\"suno-keyword\" target=\"_blank\" data-force=\"no\" data-priority=\"2\" href=\"https:\/\/www.suno.com.br\/guias\/investimento-renda-fixa\/\" rel=\"noopener\">renda fixa<\/a> ou vari\u00e1vel, de acordo com o grau de risco de cada perfil e o prazo para o resgate.<\/li>\n\n\n\n<li>&#8220;O quadro de <strong>funcion\u00e1rios do Nubank<\/strong> aumentou de 6 mil para 8 mil funcion\u00e1rios em 2022, e, conforme j\u00e1 anunciado, a empresa segue contratando, no ritmo adequado para seus planos de neg\u00f3cios em 2023&#8243;, informou o Nubank.<\/li>\n\n\n\n<li>O Nubank n\u00e3o \u00e9 o primeiro a demitir no mercado de investimentos, que ganhou for\u00e7a com a queda da taxa de juros registrada entre 2018 e 2021. Empiricus e XP, por exemplo, est\u00e3o entre as empresas que fizeram cortes. Nem o mercado de influenciadores. <a class=\"suno-keyword\" target=\"_blank\" data-force=\"no\" data-priority=\"2\" href=\"https:\/\/www.suno.com.br\/tudo-sobre\/nathalia-arcuri\/\" rel=\"noopener\">Nathalia Arcuri<\/a>, da Me Poupe, e Thiago Nigro, do Grupo Primo, tamb\u00e9m fizeram cortes de equipe.<\/li>\n\n\n\n<li>Al\u00e9m do <strong>Nubank<\/strong>, as big techs tamb\u00e9m demitiram em massa. A Amazon (<a class=\"suno-keyword\" target=\"_blank\" data-force=\"yes\" data-priority=\"2\" href=\"https:\/\/www.suno.com.br\/bdrs\/amzo34\/\" rel=\"noopener\">AMZO34<\/a>) anunciou um corte de 18 mil funcion\u00e1rios, a Microsoft (<a class=\"suno-keyword\" target=\"_blank\" data-force=\"yes\" data-priority=\"2\" href=\"https:\/\/www.suno.com.br\/bdrs\/msft34\/\" rel=\"noopener\">MSFT34<\/a>) vai dispensar 10 mil trabalhadores e a Alphabet (<a class=\"suno-keyword\" target=\"_blank\" data-force=\"yes\" data-priority=\"2\" href=\"https:\/\/www.suno.com.br\/bdrs\/gogl34\/\" rel=\"noopener\">GOGL34<\/a>) anunciou o corte de 12 mil empregados.&nbsp;<\/li>\n\n\n\n<li><em>(Com informa\u00e7\u00f5es do Estad\u00e3o Conte\u00fado)<\/em><\/li>\n<\/ul>\n\n\n\t<p>\n\t\t<a href=\"https:\/\/lp.suno.com.br\/planilha-da-vida-financeira\/\" target=\"_blank\" data-element=\"shortcode-suno-banner\" title=\"Banner SUNO, clique e saiba mais\">\n\t\t\t<picture>\n\t\t\t\t<source media=\"(max-width: 500px)\" srcset=\"https:\/\/files.sunoresearch.com.br\/n\/uploads\/2023\/04\/400x300-Planilha-vida-financeira-true.png\">\n\t\t\t\t<img class=\"newsContent__article__imgCapa newsContent__article__imgCapa--banner\"\n\t\t\t\t\tsrc=\"https:\/\/files.sunoresearch.com.br\/n\/uploads\/2023\/04\/1420x240-Planilha-vida-financeira-true.png\"\n\t\t\t\t\tdata-promo-id=\"106682\"\t\t\t\t\t\t\t\t\t\twidth='1420' height='240'\t\t\t\t\talt=\"https:\/\/files.sunoresearch.com.br\/n\/uploads\/2023\/04\/1420x240-Planilha-vida-financeira-true.png\"\n\t\t\t\t>\n\t\t\t<\/picture>\n\t\t<\/a>\n\t<\/p>\n\n\n\n\n\n<h2 class=\"wp-block-heading\">Demiss\u00f5es na Americanas (AMER3): empresa interrompe contratos com terceirizados e gera &#8220;efeito cascata&#8221; com cortes<\/h2>\n\n\n\n<ul class=\"wp-block-list\">\n<li>Em meio ao processo de <a class=\"suno-keyword\" data-force=\"no\" data-priority=\"2\" href=\"https:\/\/www.suno.com.br\/artigos\/recuperacao-judicial\/\" target=\"_blank\" rel=\"noopener\">recupera\u00e7\u00e3o judicial<\/a>, a <strong>Americanas<\/strong> (<a href=\"https:\/\/www.suno.com.br\/acoes\/amer3\/\" target=\"_blank\" rel=\"noreferrer noopener\">AMER3<\/a>) come\u00e7ou a interromper contratos com empresas terceirizadas. Segundo informa\u00e7\u00f5es divulgadas nesta ter\u00e7a (31), essa decis\u00e3o causou um &#8220;efeito cascata&#8221; nos fornecedores, que iniciaram uma rodada de demiss\u00f5es.<\/li>\n\n\n\n<li>Questionada pelo Suno Not\u00edcias, a varejista disse que n\u00e3o iniciou nenhum processo de <strong>demiss\u00e3o de funcion\u00e1rios<\/strong> nos \u00faltimos dias, mas que &#8220;apenas interrompeu alguns contratos de empresas fornecedoras de servi\u00e7os terceirizados&#8221;. <\/li>\n\n\n\n<li>A Americanas atua nesse momento na condu\u00e7\u00e3o de seu processo de Recupera\u00e7\u00e3o Judicial, cujo um dos objetivos \u00e9 garantir a continuidade das atividades da empresa, incluindo o pagamento dos sal\u00e1rios e benef\u00edcios de seus funcion\u00e1rios em dia. O plano de recupera\u00e7\u00e3o definir\u00e1 quais ser\u00e3o as a\u00e7\u00f5es da empresa para os pr\u00f3ximos meses e ser\u00e1 amplamente divulgado assim que for finalizado.<\/li>\n\n\n\n<li>De acordo com o jornal O Estado de S\u00e3o Paulo, os fornecedores que est\u00e3o sem contratos ativos com a varejista iniciaram as rodadas de demiss\u00e3o. <\/li>\n\n\n\n<li>At\u00e9 o momento, n\u00e3o foram identificados relatos de <strong>demiss\u00f5es em massa<\/strong> dentro da Americanas, segundo os sindicatos dos comerci\u00e1rios do Rio de Janeiro e de S\u00e3o Paulo.<\/li>\n\n\n\n<li><strong>Americanas: empr\u00e9stimo com \u201cnome sujo\u201d<\/strong><\/li>\n\n\n\n<li>Enquanto a recupera\u00e7\u00e3o judicial segue em andamento, a Americanas estuda realizar um empr\u00e9stimo-ponte para empresas com problemas, ferramenta conhecida como DIP. O cr\u00e9dito seria em torno de US$ 2 bilh\u00f5es, sendo que metade teria que ser aportada por <a class=\"suno-keyword\" target=\"_blank\" data-force=\"no\" data-priority=\"2\" href=\"https:\/\/www.suno.com.br\/tudo-sobre\/jorge-paulo-lemann\/\" rel=\"noopener\">Jorge Paulo Lemann<\/a>, Marcel Telles e Carlos Alberto Sicupira.<\/li>\n\n\n\n<li>Em&nbsp;recupera\u00e7\u00e3o judicial&nbsp;com R$ 43 bilh\u00f5es em d\u00edvidas, a varejista est\u00e1 em situa\u00e7\u00e3o delicada para conseguir dinheiro nos bancos. E, de acordo com as fontes do Estad\u00e3o\/Broadcast, ser\u00e1 ainda mais dif\u00edcil conseguir os recursos sem a participa\u00e7\u00e3o dos bilion\u00e1rios.<\/li>\n\n\n\n<li>Segundo a reportagem, o aporte pode sair nos pr\u00f3ximos dias e as conversas j\u00e1 est\u00e3o sendo feitas, inclusive com fundos nacionais e internacionais que compram pap\u00e9is de empresas com problemas.<\/li>\n\n\n\n<li>Nesse cen\u00e1rio, uma das possibilidades \u00e9 de que a Americanas ofere\u00e7a algumas das suas unidades de neg\u00f3cio como garantia aos&nbsp;<strong>novos credores<\/strong>.<\/li>\n\n\n\n<li>O<strong>&nbsp;empr\u00e9stimo bilion\u00e1rio na Americanas<\/strong>&nbsp;seria uma forma de manter a companhia em funcionamento, mas s\u00f3 no&nbsp;<a href=\"https:\/\/www.suno.com.br\/artigos\/curto-prazo\/\" target=\"_blank\" rel=\"noreferrer noopener\">curto prazo<\/a>, de acordo com as fontes.<\/li>\n\n\n\n<li>Enquanto o&nbsp;<a href=\"https:\/\/www.suno.com.br\/artigos\/plano-de-recuperacao\/\" target=\"_blank\" rel=\"noreferrer noopener\">plano de recupera\u00e7\u00e3o judicial<\/a>&nbsp;n\u00e3o \u00e9 formatado e iniciado, a&nbsp;<strong>Americanas<\/strong>&nbsp;fica nessa corda bamba para manter sua atividade, pagar funcion\u00e1rios e seguir tendo estoque.<\/li>\n<\/ul>\n\n\n\t<p>\n\t\t<a href=\"https:\/\/lp.suno.com.br\/ebook-como-analisar-uma-acao\/\" target=\"_blank\" data-element=\"shortcode-suno-banner\" title=\"Banner SUNO, clique e saiba mais\">\n\t\t\t<picture>\n\t\t\t\t<source media=\"(max-width: 500px)\" srcset=\"https:\/\/files.sunoresearch.com.br\/n\/uploads\/2023\/03\/Ebook-Acoes-Mobile-1.jpg\">\n\t\t\t\t<img class=\"newsContent__article__imgCapa newsContent__article__imgCapa--banner\"\n\t\t\t\t\tsrc=\"https:\/\/files.sunoresearch.com.br\/n\/uploads\/2023\/03\/Ebook-Acoes-Desktop-1.jpg\"\n\t\t\t\t\tdata-promo-id=\"171998\"\t\t\t\t\t\t\t\t\t\twidth='1420' height='286'\t\t\t\t\talt=\"https:\/\/files.sunoresearch.com.br\/n\/uploads\/2023\/03\/Ebook-Acoes-Desktop-1.jpg\"\n\t\t\t\t>\n\t\t\t<\/picture>\n\t\t<\/a>\n\t<\/p>\n\n\n\n\n\n<h2 class=\"wp-block-heading\">Hapvida (HAPV3): a\u00e7\u00f5es sobem 9%, ap\u00f3s divulga\u00e7\u00e3o de n\u00fameros da ANS<\/h2>\n\n\n\n<ul class=\"wp-block-list\">\n<li>As a\u00e7\u00f5es da <a class=\"suno-keyword\" data-force=\"yes\" data-priority=\"2\" href=\"https:\/\/www.suno.com.br\/acoes\/HAPV3\/\" target=\"_blank\" rel=\"noopener\"><strong>Hapvida <\/strong>(HAPV3)<\/a> fecharam em alta de 9,5% nesta ter\u00e7a-feira (31), a segunda maior do Ibovespa, atr\u00e1s <a href=\"https:\/\/www.suno.com.br\/noticias\/cogna-cogn3-sobe-bolsa-recomendacao-setor-educacao\/\">apenas da Cogna (COGN3)<\/a>. A <a class=\"suno-keyword\" data-force=\"yes\" data-priority=\"2\" href=\"https:\/\/www.suno.com.br\/acoes\/RDOR3\/\" target=\"_blank\" rel=\"noopener\">Rede D&#8217;Or (RDOR3)<\/a> e a <a class=\"suno-keyword\" data-force=\"yes\" data-priority=\"2\" href=\"https:\/\/www.suno.com.br\/acoes\/QUAL3\/\" target=\"_blank\" rel=\"noopener\">Qualicorp (QUAL3)<\/a> avan\u00e7aram cerca de 5% e 6,5% respectivamente, e tamb\u00e9m ficaram entre os principais ganhos do \u00edndice.<\/li>\n\n\n\n<li>&#8220;As a\u00e7\u00f5es do setor de sa\u00fade responderam bem aos n\u00fameros de dezembro apresentados pela ANS (Ag\u00eancia Nacional de Sa\u00fade Suplementar)&#8221;, explica  Alexsandro Nishimura, economista e s\u00f3cio da BRA BS. O ano de 2022 foi bom em termos de expans\u00e3o do mercado de planos privados de sa\u00fade, diz a Genial Investimentos.<\/li>\n\n\n\n<li>A Genial tem recomenda\u00e7\u00e3o de manter na carteira as <strong>a\u00e7\u00f5es da Hapvida<\/strong>, com o pre\u00e7o-alvo de R$ 8,50. O BTG Pactual recomenda a compra do ativo, com o pre\u00e7o-alvo de R$ 10. A XP tamb\u00e9m recomenda compra para Hapvida, com o pre\u00e7o-alvo de R$ 19.<\/li>\n\n\n\n<li>Em dezembro de 2022, 239 mil novos usu\u00e1rios de assist\u00eancia m\u00e9dica aderiram a planos de sa\u00fade, enquanto 153 mil benefici\u00e1rios de assist\u00eancia odontol\u00f3gica foram adicionados. Al\u00e9m disso, no ano, os <strong>planos de assist\u00eancia m\u00e9dica<\/strong> tiveram adi\u00e7\u00f5es l\u00edquidas de 1,6 milh\u00e3o de benefici\u00e1rios.<\/li>\n\n\n\n<li>&#8220;Ao mostrar que o segmento manteve a sua tend\u00eancia de crescimento por mais um m\u00eas. Alguns bancos de investimentos reiteraram as recomenda\u00e7\u00f5es para o setor, apesar de reduzir os pre\u00e7os-alvo, sobressaindo-se a perspectiva de melhora gradual e constante para as <strong>operadoras de sa\u00fade<\/strong> neste ano&#8221;, completa Nishimura.<\/li>\n\n\n\n<li><strong>Hapvida (HAPV3) e Bradesco Sa\u00fade t\u00eam R$ 9 milh\u00f5es a receber da Americanas (AMER3)<\/strong><\/li>\n\n\n\n<li>Na longa lista de 7.967 credores da Americanas (AMER3) h\u00e1 tr\u00eas empresas do ramo da sa\u00fade, a Hapvida (HAPV3), a Notredame Interm\u00e9dica e a Bradesco Sa\u00fade, segundo informa\u00e7\u00f5es do Valor Econ\u00f4mico. As duas primeiras passaram por uma fus\u00e3o de opera\u00e7\u00f5es em 2022.<\/li>\n\n\n\n<li>As tr\u00eas operadoras de sa\u00fade atendem os 44,5 mil funcion\u00e1rios da Americanas. A d\u00edvida com a&nbsp;Bradesco Sa\u00fade&nbsp;\u00e9 de R$ 5,1 milh\u00f5es. Para a&nbsp;<strong>Hapvida&nbsp;<\/strong>o valor chega a R$ 1,7 milh\u00e3o e, para a Notredame, R$ 2,37 milh\u00f5es. Juntas, a Hapvida e a&nbsp;Notredame&nbsp;t\u00eam cerca de R$ 4 milh\u00f5es.<\/li>\n<\/ul>\n\n\n\n<h2 class=\"wp-block-heading\">Ita\u00fasa (ITSA4) \u00e9 rebaixada: banco diz que a\u00e7\u00e3o perdeu atratividade<\/h2>\n\n\n\n<ul class=\"wp-block-list\">\n<li>Em nova revis\u00e3o, os analistas do Goldman Sachs rebaixaram a recomenda\u00e7\u00e3o das a\u00e7\u00f5es da <a class=\"suno-keyword\" data-force=\"yes\" data-priority=\"2\" href=\"https:\/\/www.suno.com.br\/acoes\/ITSA4\/\" target=\"_blank\" rel=\"noopener\"><strong>Ita\u00fasa<\/strong> (ITSA4)<\/a> de compra para neutro, vendo um cen\u00e1rio menos atrativo para a companhia neste ano de 2023. Na an\u00e1lise, os especialistas citam os m\u00faltiplos e os desafios do portf\u00f3lio da holding.<\/li>\n\n\n\n<li>Com essa mudan\u00e7a na tese do Goldman Sachs, o pre\u00e7o-alvo para as <strong>a\u00e7\u00f5es da Ita\u00fasa<\/strong> agora \u00e9 de R$ 10, ante R$ 10,70 anteriores.<\/li>\n\n\n\n<li>\u201cEmbora a gente veja que novas aquisi\u00e7\u00f5es podem ajudar gradualmente a diversifica\u00e7\u00e3o de receitas, consideramos potenciais riscos de execu\u00e7\u00e3o associados \u00e0 adi\u00e7\u00e3o de novos investimentos no portf\u00f3lio da holding\u201d, destacam os analistas do banco.<\/li>\n\n\n\n<li>Nesse sentido, os analistas cortaram as estimativas de m\u00faltiplos, destacando que o desconto para o <a class=\"suno-keyword\" target=\"_blank\" data-force=\"no\" data-priority=\"1\" href=\"https:\/\/www.suno.com.br\/artigos\/valor-patrimonial\/\" rel=\"noopener\">valor patrimonial<\/a> l\u00edquido projetado \u00e9 de 16%.<\/li>\n\n\n\n<li>Nesse indicador, o desconto atual \u00e9 de cerca de 19%, ante uma m\u00e9dia hist\u00f3rica de 15,4%.<\/li>\n\n\n\n<li>A tese do GS, vale destacar, \u00e9 diametralmente contr\u00e1ria \u00e0 de outras revis\u00f5es de analistas.<\/li>\n\n\n\n<li>O BTG Pactual, por exemplo, citou em meados de dezembro que via os pap\u00e9is <strong>ITSA4<\/strong> como excessivamente descontados, ressaltando o comparativo do valor da holding com o do das empresas do seu portf\u00f3lio.<\/li>\n\n\n\n<li>&#8220;A Ita\u00fasa tem uma <a href=\"https:\/\/www.suno.com.br\/artigos\/capitalizacao-de-mercado\/\" target=\"_blank\" rel=\"noreferrer noopener\">capitaliza\u00e7\u00e3o de mercado [market cap]<\/a> de R$ 77 bilh\u00f5es, enquanto as fatias detidas da <a class=\"suno-keyword\" data-force=\"yes\" data-priority=\"2\" href=\"https:\/\/www.suno.com.br\/acoes\/ITUB4\/\" target=\"_blank\" rel=\"noopener\">Ita\u00fa (ITUB4)<\/a> e na XP (<a class=\"suno-keyword\" data-force=\"yes\" data-priority=\"2\" href=\"https:\/\/www.suno.com.br\/bdrs\/xpbr31\/\" target=\"_blank\" rel=\"noopener\">XPBR31<\/a>) somam R$ 98 bilh\u00f5es, implicando em uma avalia\u00e7\u00e3o [valuation] negativa em R$ 21 bilh\u00f5es do restante do portf\u00f3lio, o que nos parece injusto dada a qualidade e relev\u00e2ncia das empresas&#8221;, disseram.<\/li>\n\n\n\n<li><strong>Desempenho de ITSA4<\/strong><\/li>\n\n\n\n<li><a href=\"https:\/\/statusinvest.com.br\/acoes\/itsa4\" target=\"_blank\" rel=\"noreferrer noopener\">Segundo dados do Status Invest<\/a>, as a\u00e7\u00f5es da companhia somam queda de 5% no acumulado dos \u00faltimos 12 meses. <\/li>\n\n\n\n<li>Em uma janela mais curta, no acumulado de 2023 at\u00e9 ent\u00e3o, os pap\u00e9is sobem 2,4% na bolsa de valores.<\/li>\n\n\n\n<li>J\u00e1 os <a class=\"suno-keyword\" data-force=\"no\" data-priority=\"1\" href=\"https:\/\/www.suno.com.br\/guias\/dividendos\/\" target=\"_blank\" rel=\"noopener\">dividendos<\/a> pagos proporcionalmente por a\u00e7\u00e3o preferencial da <strong>Ita\u00fasa <\/strong>ocasionam um dividend yield (DY) de 5,6%, com R$ 0,48 pagos por a\u00e7\u00e3o no acumulado dos \u00faltimos 12 meses.<\/li>\n<\/ul>\n\n\n\n<p><i>Da&nbsp;<\/i><b><i>Vale<\/i><\/b><i>&nbsp;a Ita\u00fasa, essas foram as empresas que se destacaram hoje. Para ler todas as mat\u00e9rias&nbsp;<\/i><a style=\"font-style: italic;\" href=\"https:\/\/www.suno.com.br\/noticias\/todos\/\" target=\"_blank\" rel=\"noreferrer noopener\">clique aqui.<\/a><a href=\"https:\/\/lp.suno.com.br\/planilha-de-controle-de-investimentos\/\" target=\"_blank\" rel=\"noreferrer noopener\"><\/a><a href=\"https:\/\/lp.suno.com.br\/planilha-de-controle-de-investimentos\/\" target=\"_blank\" rel=\"noreferrer noopener\"><\/a><a href=\"https:\/\/lp.suno.com.br\/planilha-de-controle-de-investimentos\/\" target=\"_blank\" rel=\"noreferrer noopener\"><\/a><a href=\"https:\/\/lp.suno.com.br\/planilha-de-controle-de-investimentos\/\" target=\"_blank\" rel=\"noreferrer noopener\"><\/a><\/p>\n\n\n\t<p>\n\t\t<a href=\"https:\/\/lp.suno.com.br\/planilha-de-controle-de-investimentos\/\" target=\"_blank\" data-element=\"shortcode-suno-banner\" title=\"Banner SUNO, clique e saiba mais\">\n\t\t\t<picture>\n\t\t\t\t<source media=\"(max-width: 500px)\" srcset=\"https:\/\/files.sunoresearch.com.br\/n\/uploads\/2023\/03\/400x300-Controle-de-Investimentos.png\">\n\t\t\t\t<img class=\"newsContent__article__imgCapa newsContent__article__imgCapa--banner\"\n\t\t\t\t\tsrc=\"https:\/\/files.sunoresearch.com.br\/n\/uploads\/2023\/03\/1420x240-Controle-de-Investimentos.png\"\n\t\t\t\t\tdata-promo-id=\"75934\"\t\t\t\t\t\t\t\t\t\twidth='1420' height='240'\t\t\t\t\talt=\"https:\/\/files.sunoresearch.com.br\/n\/uploads\/2023\/03\/1420x240-Controle-de-Investimentos.png\"\n\t\t\t\t>\n\t\t\t<\/picture>\n\t\t<\/a>\n\t<\/p>\n\n\n","protected":false},"excerpt":{"rendered":"<p>A produ\u00e7\u00e3o de min\u00e9rio de ferro da&nbsp;Vale&nbsp;(VALE3)&nbsp;totalizou 80.852 milh\u00f5es de toneladas no quarto trimestre de 2022 (4T22), representando uma baixa de 1% na compara\u00e7\u00e3o anual e um recuo de 9,9% ante o 3T22, segundo o relat\u00f3rio divulgado nesta ter\u00e7a-feira (31). No ano, a produ\u00e7\u00e3o foi de 307,79 milh\u00f5es de toneladas, queda de 1,6% em rela\u00e7\u00e3o [&hellip;]<\/p>\n","protected":false},"author":194,"featured_media":324272,"comment_status":"closed","ping_status":"closed","sticky":false,"template":"","format":"standard","meta":[],"categories":[64],"tags":[106605,497,517,848,676],"suno_strategy":[],"class_list":["post-356112","post","type-post","status-publish","format-standard","has-post-thumbnail","hentry","category-negocios","tag-americanas-s-a-amer3","tag-hapvida-hapv3","tag-itausa-itsa3-itsa4","tag-nubank","tag-vale-vale3"],"yoast_head":"<!-- This site is optimized with the Yoast SEO plugin v24.4 - https:\/\/yoast.com\/wordpress\/plugins\/seo\/ -->\n<title>Radar: produ\u00e7\u00e3o da Vale (VALE3) cai em 2022, Nubank (NUBR33) demite 40 pessoas e Americanas (AMER3) interrompe contratos com terceirizados<\/title>\n<meta name=\"description\" content=\"Min\u00e9rio de ferro caiu em 2022, Nubank entra na lista das bigtechs com layoffs e Americanas interrompe contratos terceirizados. Saiba mais.\" \/>\n<meta name=\"robots\" content=\"index, follow, max-snippet:-1, max-image-preview:large, max-video-preview:-1\" \/>\n<link rel=\"canonical\" href=\"https:\/\/www.suno.com.br\/noticias\/radar-vale-vale3-nubank-nubr33-americanas-amer3\/\" \/>\n<meta property=\"og:locale\" content=\"pt_BR\" \/>\n<meta property=\"og:type\" content=\"article\" \/>\n<meta property=\"og:title\" content=\"Radar: produ\u00e7\u00e3o da Vale (VALE3) cai em 2022, Nubank (NUBR33) demite 40 pessoas e Americanas (AMER3) interrompe contratos com terceirizados\" \/>\n<meta property=\"og:description\" content=\"Min\u00e9rio de ferro caiu em 2022, Nubank entra na lista das bigtechs com layoffs e Americanas interrompe contratos terceirizados. Saiba mais.\" \/>\n<meta property=\"og:url\" content=\"https:\/\/www.suno.com.br\/noticias\/radar-vale-vale3-nubank-nubr33-americanas-amer3\/\" \/>\n<meta property=\"og:site_name\" content=\"Suno Not\u00edcias\" \/>\n<meta property=\"article:publisher\" content=\"https:\/\/facebook.com\/sunoresearch\" \/>\n<meta property=\"og:image\" content=\"https:\/\/files.sunoresearch.com.br\/n\/uploads\/2022\/11\/vale-vale3-acoes-siderurgia.jpg\" \/>\n\t<meta property=\"og:image:width\" content=\"1200\" \/>\n\t<meta property=\"og:image:height\" content=\"800\" \/>\n\t<meta property=\"og:image:type\" content=\"image\/jpeg\" \/>\n<meta name=\"author\" content=\"Isabella Taglapietra\" \/>\n<meta name=\"twitter:card\" content=\"summary_large_image\" \/>\n<meta name=\"twitter:creator\" content=\"@sunoresearch\" \/>\n<meta name=\"twitter:site\" content=\"@sunoresearch\" \/>\n<meta name=\"twitter:label1\" content=\"Escrito por\" \/>\n\t<meta name=\"twitter:data1\" content=\"Isabella Taglapietra\" \/>\n\t<meta name=\"twitter:label2\" content=\"Est. tempo de leitura\" \/>\n\t<meta name=\"twitter:data2\" content=\"14 minutos\" \/>\n<script type=\"application\/ld+json\" class=\"yoast-schema-graph\">{\"@context\":\"https:\/\/schema.org\",\"@graph\":[{\"@type\":\"NewsArticle\",\"@id\":\"https:\/\/www.suno.com.br\/noticias\/radar-vale-vale3-nubank-nubr33-americanas-amer3\/#article\",\"isPartOf\":{\"@id\":\"https:\/\/www.suno.com.br\/noticias\/radar-vale-vale3-nubank-nubr33-americanas-amer3\/\"},\"author\":{\"name\":\"Isabella Taglapietra\",\"@id\":\"https:\/\/www.suno.com.br\/noticias\/#\/schema\/person\/a0be106724f6f5d705d70f04333cb249\"},\"headline\":\"Radar: produ\u00e7\u00e3o da Vale (VALE3) cai em 2022; Nubank (NUBR33) demite 40 pessoas e Americanas (AMER3) interrompe contratos com terceirizados\",\"datePublished\":\"2023-02-01T01:30:00+00:00\",\"dateModified\":\"2023-02-01T15:18:35+00:00\",\"mainEntityOfPage\":{\"@id\":\"https:\/\/www.suno.com.br\/noticias\/radar-vale-vale3-nubank-nubr33-americanas-amer3\/\"},\"wordCount\":2605,\"publisher\":{\"@id\":\"https:\/\/www.suno.com.br\/noticias\/#organization\"},\"image\":{\"@id\":\"https:\/\/www.suno.com.br\/noticias\/radar-vale-vale3-nubank-nubr33-americanas-amer3\/#primaryimage\"},\"thumbnailUrl\":\"https:\/\/files.sunoresearch.com.br\/n\/uploads\/2022\/11\/vale-vale3-acoes-siderurgia.jpg\",\"keywords\":[\"Americanas (AMER3)\",\"Hapvida (HAPV3)\",\"Ita\u00fasa (ITSA3\/ITSA4)\",\"Nubank (NUBR33)\",\"Vale (VALE3)\"],\"articleSection\":[\"Neg\u00f3cios\"],\"inLanguage\":\"pt-BR\"},{\"@type\":\"WebPage\",\"@id\":\"https:\/\/www.suno.com.br\/noticias\/radar-vale-vale3-nubank-nubr33-americanas-amer3\/\",\"url\":\"https:\/\/www.suno.com.br\/noticias\/radar-vale-vale3-nubank-nubr33-americanas-amer3\/\",\"name\":\"Radar: produ\u00e7\u00e3o da Vale (VALE3) cai em 2022, Nubank (NUBR33) demite 40 pessoas e Americanas (AMER3) interrompe contratos com terceirizados\",\"isPartOf\":{\"@id\":\"https:\/\/www.suno.com.br\/noticias\/#website\"},\"primaryImageOfPage\":{\"@id\":\"https:\/\/www.suno.com.br\/noticias\/radar-vale-vale3-nubank-nubr33-americanas-amer3\/#primaryimage\"},\"image\":{\"@id\":\"https:\/\/www.suno.com.br\/noticias\/radar-vale-vale3-nubank-nubr33-americanas-amer3\/#primaryimage\"},\"thumbnailUrl\":\"https:\/\/files.sunoresearch.com.br\/n\/uploads\/2022\/11\/vale-vale3-acoes-siderurgia.jpg\",\"datePublished\":\"2023-02-01T01:30:00+00:00\",\"dateModified\":\"2023-02-01T15:18:35+00:00\",\"description\":\"Min\u00e9rio de ferro caiu em 2022, Nubank entra na lista das bigtechs com layoffs e Americanas interrompe contratos terceirizados. Saiba mais.\",\"breadcrumb\":{\"@id\":\"https:\/\/www.suno.com.br\/noticias\/radar-vale-vale3-nubank-nubr33-americanas-amer3\/#breadcrumb\"},\"inLanguage\":\"pt-BR\",\"potentialAction\":[{\"@type\":\"ReadAction\",\"target\":[\"https:\/\/www.suno.com.br\/noticias\/radar-vale-vale3-nubank-nubr33-americanas-amer3\/\"]}]},{\"@type\":\"ImageObject\",\"inLanguage\":\"pt-BR\",\"@id\":\"https:\/\/www.suno.com.br\/noticias\/radar-vale-vale3-nubank-nubr33-americanas-amer3\/#primaryimage\",\"url\":\"https:\/\/files.sunoresearch.com.br\/n\/uploads\/2022\/11\/vale-vale3-acoes-siderurgia.jpg\",\"contentUrl\":\"https:\/\/files.sunoresearch.com.br\/n\/uploads\/2022\/11\/vale-vale3-acoes-siderurgia.jpg\",\"width\":1200,\"height\":800,\"caption\":\"Vale (VALE3). Foto: Divulga\u00e7\u00e3o.\"},{\"@type\":\"BreadcrumbList\",\"@id\":\"https:\/\/www.suno.com.br\/noticias\/radar-vale-vale3-nubank-nubr33-americanas-amer3\/#breadcrumb\",\"itemListElement\":[{\"@type\":\"ListItem\",\"position\":1,\"name\":\"Not\u00edcias\",\"item\":\"https:\/\/www.suno.com.br\/noticias\/\"},{\"@type\":\"ListItem\",\"position\":2,\"name\":\"Neg\u00f3cios\",\"item\":\"https:\/\/www.suno.com.br\/noticias\/negocios\/\"},{\"@type\":\"ListItem\",\"position\":3,\"name\":\"Radar: produ\u00e7\u00e3o da Vale (VALE3) cai em 2022; Nubank (NUBR33) demite 40 pessoas e Americanas (AMER3) interrompe contratos com terceirizados\"}]},{\"@type\":\"WebSite\",\"@id\":\"https:\/\/www.suno.com.br\/noticias\/#website\",\"url\":\"https:\/\/www.suno.com.br\/noticias\/\",\"name\":\"Suno Not\u00edcias\",\"description\":\"Seu portal de informa\u00e7\u00e3o sobre o mundo dos investimentos\",\"publisher\":{\"@id\":\"https:\/\/www.suno.com.br\/noticias\/#organization\"},\"potentialAction\":[{\"@type\":\"SearchAction\",\"target\":{\"@type\":\"EntryPoint\",\"urlTemplate\":\"https:\/\/www.suno.com.br\/noticias\/?s={search_term_string}\"},\"query-input\":{\"@type\":\"PropertyValueSpecification\",\"valueRequired\":true,\"valueName\":\"search_term_string\"}}],\"inLanguage\":\"pt-BR\"},{\"@type\":\"Organization\",\"@id\":\"https:\/\/www.suno.com.br\/noticias\/#organization\",\"name\":\"Suno Not\u00edcias\",\"url\":\"https:\/\/www.suno.com.br\/noticias\/\",\"logo\":{\"@type\":\"ImageObject\",\"inLanguage\":\"pt-BR\",\"@id\":\"https:\/\/www.suno.com.br\/noticias\/#\/schema\/logo\/image\/\",\"url\":\"https:\/\/files.sunoresearch.com.br\/n\/uploads\/2021\/09\/suno-logo.png\",\"contentUrl\":\"https:\/\/files.sunoresearch.com.br\/n\/uploads\/2021\/09\/suno-logo.png\",\"width\":180,\"height\":180,\"caption\":\"Suno Not\u00edcias\"},\"image\":{\"@id\":\"https:\/\/www.suno.com.br\/noticias\/#\/schema\/logo\/image\/\"},\"sameAs\":[\"https:\/\/facebook.com\/sunoresearch\",\"https:\/\/x.com\/sunoresearch\",\"https:\/\/www.instagram.com\/suno\",\"https:\/\/www.linkedin.com\/company\/suno-research\/\",\"https:\/\/www.youtube.com\/c\/sunoresearch\"]},{\"@type\":\"Person\",\"@id\":\"https:\/\/www.suno.com.br\/noticias\/#\/schema\/person\/a0be106724f6f5d705d70f04333cb249\",\"name\":\"Isabella Taglapietra\",\"image\":{\"@type\":\"ImageObject\",\"inLanguage\":\"pt-BR\",\"@id\":\"https:\/\/www.suno.com.br\/noticias\/#\/schema\/person\/image\/\",\"url\":\"https:\/\/secure.gravatar.com\/avatar\/089c9e06b71de293117116aaf339e22f?s=96&r=g\",\"contentUrl\":\"https:\/\/secure.gravatar.com\/avatar\/089c9e06b71de293117116aaf339e22f?s=96&r=g\",\"caption\":\"Isabella Taglapietra\"},\"description\":\"Rep\u00f3rter freelancer no Suno Not\u00edcias, cobre not\u00edcias di\u00e1rias sobre economia, balan\u00e7os trimestrais e pesquisas. Formada em jornalismo pela Faculdade C\u00e1sper L\u00edbero e p\u00f3s-graduanda em mercado de capitais pela Fecap, atuou como rep\u00f3rter de economia e finan\u00e7as no portal CRC!News e Elas que Lucrem, al\u00e9m de social media para empresas do mercado financeiro.\",\"url\":\"https:\/\/www.suno.com.br\/noticias\/author\/isabella-taglapietra\/\"}]}<\/script>\n<!-- \/ Yoast SEO plugin. -->","yoast_head_json":{"title":"Radar: produ\u00e7\u00e3o da Vale (VALE3) cai em 2022, Nubank (NUBR33) demite 40 pessoas e Americanas (AMER3) interrompe contratos com terceirizados","description":"Min\u00e9rio de ferro caiu em 2022, Nubank entra na lista das bigtechs com layoffs e Americanas interrompe contratos terceirizados. Saiba mais.","robots":{"index":"index","follow":"follow","max-snippet":"max-snippet:-1","max-image-preview":"max-image-preview:large","max-video-preview":"max-video-preview:-1"},"canonical":"https:\/\/www.suno.com.br\/noticias\/radar-vale-vale3-nubank-nubr33-americanas-amer3\/","og_locale":"pt_BR","og_type":"article","og_title":"Radar: produ\u00e7\u00e3o da Vale (VALE3) cai em 2022, Nubank (NUBR33) demite 40 pessoas e Americanas (AMER3) interrompe contratos com terceirizados","og_description":"Min\u00e9rio de ferro caiu em 2022, Nubank entra na lista das bigtechs com layoffs e Americanas interrompe contratos terceirizados. Saiba mais.","og_url":"https:\/\/www.suno.com.br\/noticias\/radar-vale-vale3-nubank-nubr33-americanas-amer3\/","og_site_name":"Suno Not\u00edcias","article_publisher":"https:\/\/facebook.com\/sunoresearch","og_image":[{"width":1200,"height":800,"url":"https:\/\/files.sunoresearch.com.br\/n\/uploads\/2022\/11\/vale-vale3-acoes-siderurgia.jpg","type":"image\/jpeg"}],"author":"Isabella Taglapietra","twitter_card":"summary_large_image","twitter_creator":"@sunoresearch","twitter_site":"@sunoresearch","twitter_misc":{"Escrito por":"Isabella Taglapietra","Est. tempo de leitura":"14 minutos"},"schema":{"@context":"https:\/\/schema.org","@graph":[{"@type":"NewsArticle","@id":"https:\/\/www.suno.com.br\/noticias\/radar-vale-vale3-nubank-nubr33-americanas-amer3\/#article","isPartOf":{"@id":"https:\/\/www.suno.com.br\/noticias\/radar-vale-vale3-nubank-nubr33-americanas-amer3\/"},"author":{"name":"Isabella Taglapietra","@id":"https:\/\/www.suno.com.br\/noticias\/#\/schema\/person\/a0be106724f6f5d705d70f04333cb249"},"headline":"Radar: produ\u00e7\u00e3o da Vale (VALE3) cai em 2022; Nubank (NUBR33) demite 40 pessoas e Americanas (AMER3) interrompe contratos com terceirizados","datePublished":"2023-02-01T01:30:00+00:00","dateModified":"2023-02-01T15:18:35+00:00","mainEntityOfPage":{"@id":"https:\/\/www.suno.com.br\/noticias\/radar-vale-vale3-nubank-nubr33-americanas-amer3\/"},"wordCount":2605,"publisher":{"@id":"https:\/\/www.suno.com.br\/noticias\/#organization"},"image":{"@id":"https:\/\/www.suno.com.br\/noticias\/radar-vale-vale3-nubank-nubr33-americanas-amer3\/#primaryimage"},"thumbnailUrl":"https:\/\/files.sunoresearch.com.br\/n\/uploads\/2022\/11\/vale-vale3-acoes-siderurgia.jpg","keywords":["Americanas (AMER3)","Hapvida (HAPV3)","Ita\u00fasa (ITSA3\/ITSA4)","Nubank (NUBR33)","Vale (VALE3)"],"articleSection":["Neg\u00f3cios"],"inLanguage":"pt-BR"},{"@type":"WebPage","@id":"https:\/\/www.suno.com.br\/noticias\/radar-vale-vale3-nubank-nubr33-americanas-amer3\/","url":"https:\/\/www.suno.com.br\/noticias\/radar-vale-vale3-nubank-nubr33-americanas-amer3\/","name":"Radar: produ\u00e7\u00e3o da Vale (VALE3) cai em 2022, Nubank (NUBR33) demite 40 pessoas e Americanas (AMER3) interrompe contratos com terceirizados","isPartOf":{"@id":"https:\/\/www.suno.com.br\/noticias\/#website"},"primaryImageOfPage":{"@id":"https:\/\/www.suno.com.br\/noticias\/radar-vale-vale3-nubank-nubr33-americanas-amer3\/#primaryimage"},"image":{"@id":"https:\/\/www.suno.com.br\/noticias\/radar-vale-vale3-nubank-nubr33-americanas-amer3\/#primaryimage"},"thumbnailUrl":"https:\/\/files.sunoresearch.com.br\/n\/uploads\/2022\/11\/vale-vale3-acoes-siderurgia.jpg","datePublished":"2023-02-01T01:30:00+00:00","dateModified":"2023-02-01T15:18:35+00:00","description":"Min\u00e9rio de ferro caiu em 2022, Nubank entra na lista das bigtechs com layoffs e Americanas interrompe contratos terceirizados. Saiba mais.","breadcrumb":{"@id":"https:\/\/www.suno.com.br\/noticias\/radar-vale-vale3-nubank-nubr33-americanas-amer3\/#breadcrumb"},"inLanguage":"pt-BR","potentialAction":[{"@type":"ReadAction","target":["https:\/\/www.suno.com.br\/noticias\/radar-vale-vale3-nubank-nubr33-americanas-amer3\/"]}]},{"@type":"ImageObject","inLanguage":"pt-BR","@id":"https:\/\/www.suno.com.br\/noticias\/radar-vale-vale3-nubank-nubr33-americanas-amer3\/#primaryimage","url":"https:\/\/files.sunoresearch.com.br\/n\/uploads\/2022\/11\/vale-vale3-acoes-siderurgia.jpg","contentUrl":"https:\/\/files.sunoresearch.com.br\/n\/uploads\/2022\/11\/vale-vale3-acoes-siderurgia.jpg","width":1200,"height":800,"caption":"Vale (VALE3). Foto: Divulga\u00e7\u00e3o."},{"@type":"BreadcrumbList","@id":"https:\/\/www.suno.com.br\/noticias\/radar-vale-vale3-nubank-nubr33-americanas-amer3\/#breadcrumb","itemListElement":[{"@type":"ListItem","position":1,"name":"Not\u00edcias","item":"https:\/\/www.suno.com.br\/noticias\/"},{"@type":"ListItem","position":2,"name":"Neg\u00f3cios","item":"https:\/\/www.suno.com.br\/noticias\/negocios\/"},{"@type":"ListItem","position":3,"name":"Radar: produ\u00e7\u00e3o da Vale (VALE3) cai em 2022; Nubank (NUBR33) demite 40 pessoas e Americanas (AMER3) interrompe contratos com terceirizados"}]},{"@type":"WebSite","@id":"https:\/\/www.suno.com.br\/noticias\/#website","url":"https:\/\/www.suno.com.br\/noticias\/","name":"Suno Not\u00edcias","description":"Seu portal de informa\u00e7\u00e3o sobre o mundo dos investimentos","publisher":{"@id":"https:\/\/www.suno.com.br\/noticias\/#organization"},"potentialAction":[{"@type":"SearchAction","target":{"@type":"EntryPoint","urlTemplate":"https:\/\/www.suno.com.br\/noticias\/?s={search_term_string}"},"query-input":{"@type":"PropertyValueSpecification","valueRequired":true,"valueName":"search_term_string"}}],"inLanguage":"pt-BR"},{"@type":"Organization","@id":"https:\/\/www.suno.com.br\/noticias\/#organization","name":"Suno Not\u00edcias","url":"https:\/\/www.suno.com.br\/noticias\/","logo":{"@type":"ImageObject","inLanguage":"pt-BR","@id":"https:\/\/www.suno.com.br\/noticias\/#\/schema\/logo\/image\/","url":"https:\/\/files.sunoresearch.com.br\/n\/uploads\/2021\/09\/suno-logo.png","contentUrl":"https:\/\/files.sunoresearch.com.br\/n\/uploads\/2021\/09\/suno-logo.png","width":180,"height":180,"caption":"Suno Not\u00edcias"},"image":{"@id":"https:\/\/www.suno.com.br\/noticias\/#\/schema\/logo\/image\/"},"sameAs":["https:\/\/facebook.com\/sunoresearch","https:\/\/x.com\/sunoresearch","https:\/\/www.instagram.com\/suno","https:\/\/www.linkedin.com\/company\/suno-research\/","https:\/\/www.youtube.com\/c\/sunoresearch"]},{"@type":"Person","@id":"https:\/\/www.suno.com.br\/noticias\/#\/schema\/person\/a0be106724f6f5d705d70f04333cb249","name":"Isabella Taglapietra","image":{"@type":"ImageObject","inLanguage":"pt-BR","@id":"https:\/\/www.suno.com.br\/noticias\/#\/schema\/person\/image\/","url":"https:\/\/secure.gravatar.com\/avatar\/089c9e06b71de293117116aaf339e22f?s=96&r=g","contentUrl":"https:\/\/secure.gravatar.com\/avatar\/089c9e06b71de293117116aaf339e22f?s=96&r=g","caption":"Isabella Taglapietra"},"description":"Rep\u00f3rter freelancer no Suno Not\u00edcias, cobre not\u00edcias di\u00e1rias sobre economia, balan\u00e7os trimestrais e pesquisas. Formada em jornalismo pela Faculdade C\u00e1sper L\u00edbero e p\u00f3s-graduanda em mercado de capitais pela Fecap, atuou como rep\u00f3rter de economia e finan\u00e7as no portal CRC!News e Elas que Lucrem, al\u00e9m de social media para empresas do mercado financeiro.","url":"https:\/\/www.suno.com.br\/noticias\/author\/isabella-taglapietra\/"}]}},"default_loop_html":"<div class=\"cardsPage__listCard__boxs\"><div class=\"cardsPage__listCard__boxs__img\"><a href=\"https:\/\/www.suno.com.br\/noticias\/radar-vale-vale3-nubank-nubr33-americanas-amer3\/\"><img class=\"mask\" src=\"https:\/\/www.suno.com.br\/noticias\/wp-content\/themes\/suno\/resources\/images\/spotlight\/spotlight1img\/bg-mask.png\" alt=\"Image Mask\"\/><img src=\"https:\/\/files.sunoresearch.com.br\/n\/uploads\/2022\/11\/vale-vale3-acoes-siderurgia-400x200.jpg\" alt=\"Radar: produ\u00e7\u00e3o da Vale (VALE3) cai em 2022; Nubank (NUBR33) demite 40 pessoas e  Americanas (AMER3) interrompe contratos com terceirizados\"\/><\/a><span class=\"spotlightCategory\"><a href=\"https:\/\/www.suno.com.br\/noticias\/negocios\/\">Neg\u00f3cios<\/a><\/span><\/div><div class=\"cardsPage__listCard__boxs__content\"><a href=\"https:\/\/www.suno.com.br\/noticias\/radar-vale-vale3-nubank-nubr33-americanas-amer3\/\"><h2 class=\"content__title\">Radar: produ\u00e7\u00e3o da Vale (VALE3) cai em 2022; Nubank (NUBR33) demite 40 pessoas e  Americanas (AMER3) interrompe contratos com terceirizados<\/h2><\/a><div class=\"newsContent__article__meta\"><div class=\"newsContent__article__meta__authorBox\"><a href=\"https:\/\/www.suno.com.br\/noticias\/author\/isabella-taglapietra\/\" class=\"authorBox__avatar noMobi\"><img src=\"https:\/\/files.sunoresearch.com.br\/n\/uploads\/2022\/08\/WhatsApp-Image-2022-08-04-at-12.40.27-150x150.jpeg\" alt=\"Isabella Taglapietra\"><\/a><div class=\"authorBox__name\"><span>por\n\t\t\t<a href=\"https:\/\/www.suno.com.br\/noticias\/author\/isabella-taglapietra\/\"><span itemprop=\"author\">Isabella Taglapietra<\/span><\/a><\/span><time datetime=\"2023-01-31T22:30:00-03:00\" itemprop=\"datePublished\">31\/01\/2023 22:30<\/time><\/div><\/div><\/div><\/div><\/div>","single_layout":"posts","amp_enabled":true,"_links":{"self":[{"href":"https:\/\/www.suno.com.br\/noticias\/wp-json\/wp\/v2\/posts\/356112"}],"collection":[{"href":"https:\/\/www.suno.com.br\/noticias\/wp-json\/wp\/v2\/posts"}],"about":[{"href":"https:\/\/www.suno.com.br\/noticias\/wp-json\/wp\/v2\/types\/post"}],"author":[{"embeddable":true,"href":"https:\/\/www.suno.com.br\/noticias\/wp-json\/wp\/v2\/users\/194"}],"replies":[{"embeddable":true,"href":"https:\/\/www.suno.com.br\/noticias\/wp-json\/wp\/v2\/comments?post=356112"}],"version-history":[{"count":3,"href":"https:\/\/www.suno.com.br\/noticias\/wp-json\/wp\/v2\/posts\/356112\/revisions"}],"predecessor-version":[{"id":356323,"href":"https:\/\/www.suno.com.br\/noticias\/wp-json\/wp\/v2\/posts\/356112\/revisions\/356323"}],"wp:featuredmedia":[{"embeddable":true,"href":"https:\/\/www.suno.com.br\/noticias\/wp-json\/wp\/v2\/media\/324272"}],"wp:attachment":[{"href":"https:\/\/www.suno.com.br\/noticias\/wp-json\/wp\/v2\/media?parent=356112"}],"wp:term":[{"taxonomy":"category","embeddable":true,"href":"https:\/\/www.suno.com.br\/noticias\/wp-json\/wp\/v2\/categories?post=356112"},{"taxonomy":"post_tag","embeddable":true,"href":"https:\/\/www.suno.com.br\/noticias\/wp-json\/wp\/v2\/tags?post=356112"},{"taxonomy":"suno_strategy","embeddable":true,"href":"https:\/\/www.suno.com.br\/noticias\/wp-json\/wp\/v2\/suno_strategy?post=356112"}],"curies":[{"name":"wp","href":"https:\/\/api.w.org\/{rel}","templated":true}]}}