{"id":355798,"date":"2023-01-31T17:03:12","date_gmt":"2023-01-31T20:03:12","guid":{"rendered":"https:\/\/www.suno.com.br\/noticias\/?p=355798"},"modified":"2023-01-31T17:08:49","modified_gmt":"2023-01-31T20:08:49","slug":"previa-copom-fevereiro-manutencao-selic","status":"publish","type":"post","link":"https:\/\/www.suno.com.br\/noticias\/previa-copom-fevereiro-manutencao-selic\/","title":{"rendered":"Copom: mercado prev\u00ea Selic em 13,75% pela 4\u00aa vez consecutiva. Quando os juros v\u00e3o cair?"},"content":{"rendered":"<p>Come\u00e7ou nesta ter\u00e7a-feira (31) a primeira reuni\u00e3o do ano do Comit\u00ea de <a class=\"suno-keyword\" data-force=\"no\" data-priority=\"1\" href=\"https:\/\/www.suno.com.br\/artigos\/politica-monetaria\/\" target=\"_blank\" rel=\"noopener\">Pol\u00edtica Monet\u00e1ria<\/a> (<strong>Copom<\/strong>), que ir\u00e1 definir a <a class=\"suno-keyword\" data-force=\"no\" data-priority=\"1\" href=\"https:\/\/www.suno.com.br\/artigos\/taxa-de-juros\/\" target=\"_blank\" rel=\"noopener\">taxa b\u00e1sica de juros<\/a> do Pa\u00eds. No mercado, a previs\u00e3o majorit\u00e1ria de especialistas aponta para manuten\u00e7\u00e3o da Selic em 13,75% pela quarta vez consecutiva.<\/p>\t<div class=\"wrapper-featured-image\">\n\t\t<figure class=\"spotlightImg\">\n\n\t\t\t<picture>\n\t\t\t\t<source media=\"(max-width: 768px)\" srcset=\"https:\/\/files.sunoresearch.com.br\/n\/uploads\/2023\/01\/banco-central-bc-400x200.jpg\">\n\t\t\t\t<img loading=\"lazy\" decoding=\"async\" class=\"newsContent__article__imgCapa lazyloadDisabled \" src=\"https:\/\/files.sunoresearch.com.br\/n\/uploads\/2023\/01\/banco-central-bc-800x450.jpg\" width=\"800\" height=\"450\" alt=\"Copom: mercado prev\u00ea Selic em 13,75% pela 4\u00aa vez consecutiva. Quando os juros v\u00e3o cair?\" fetchpriority=high \/>\n\t\t\t<\/picture>\n\n\t\t\t<figcaption class=\"wp-caption-text wp-caption-text--show\">Banco Central. Foto: Marcello Casal JrAg\u00eancia Brasil<\/figcaption>\n\t\t<\/figure>\n\t<\/div>\n\n\n\n\n\n\t<p>\n\t\t<a href=\"\" target=\"_blank\" data-element=\"shortcode-suno-banner\" title=\"Banner SUNO, clique e saiba mais\">\n\t\t\t<picture>\n\t\t\t\t<source media=\"(max-width: 500px)\" srcset=\"\">\n\t\t\t\t<img class=\"newsContent__article__imgCapa newsContent__article__imgCapa--banner\"\n\t\t\t\t\tsrc=\"\"\n\t\t\t\t\tdata-promo-id=\"89005\"\t\t\t\t\t\t\t\t\t\t\t\t\t\t\talt=\"\"\n\t\t\t\t>\n\t\t\t<\/picture>\n\t\t<\/a>\n\t<\/p>\n\n\n\n\n\n<p>O comunicado oficial sobre a decis\u00e3o do BC sobre a <strong>Selic<\/strong> ser\u00e1 divulgado amanh\u00e3 (1\u00ba). O Suno Not\u00edcias consultou 8 entidades financeiras e consultorias, e as proje\u00e7\u00f5es foram un\u00e2nimes.\u00a0<\/p>\n\n\n\n<p>Na vis\u00e3o dos especialistas, o Comit\u00ea n\u00e3o deve alterar o plano de voo da <strong>pol\u00edtica monet\u00e1ria do Pa\u00eds<\/strong>, ainda na espera da an\u00e1lise dos efeitos cumulativos do ciclo de alta dos juros.\u00a0<\/p>\n\n\n\n<p>Segundo Gustavo Sung, economista-chefe do Suno Research, a <strong>taxa de juros<\/strong> j\u00e1 vem impactando negativamente a atividade econ\u00f4mica e o fen\u00f4meno deve continuar nos pr\u00f3ximos meses \u2014 o que ajuda a segurar, de certa forma, os pre\u00e7os.&nbsp;<\/p>\n\n\n\n<p>\u201cJ\u00e1 a infla\u00e7\u00e3o, apesar de alguns sinais de alerta, os \u00faltimos dados est\u00e3o dentro do esperado. E, no cen\u00e1rio internacional, h\u00e1 um processo de desinfla\u00e7\u00e3o em curso \u2014 ainda de forma t\u00edmida \u2014 dado o ciclo de alta de juros, desacelera\u00e7\u00e3o da atividade econ\u00f4mica em diversos pa\u00edses e reorganiza\u00e7\u00e3o das cadeias produtivas\u201d, explica.&nbsp;<\/p>\n\n\n\n<p>Ele ainda destaca que os pr\u00f3ximos meses ser\u00e3o importantes tanto para o BC quanto para o mercado entender a din\u00e2mica da infla\u00e7\u00e3o e dos juros.&nbsp;<\/p>\n\n\n\t<p>\n\t\t<a href=\"https:\/\/lp.suno.com.br\/planilha-controle-gastos\/\" target=\"_blank\" data-element=\"shortcode-suno-banner\" title=\"Banner SUNO, clique e saiba mais\">\n\t\t\t<picture>\n\t\t\t\t<source media=\"(max-width: 500px)\" srcset=\"https:\/\/files.sunoresearch.com.br\/n\/uploads\/2023\/03\/400x300-Planilha-controle-de-gastos.png\">\n\t\t\t\t<img class=\"newsContent__article__imgCapa newsContent__article__imgCapa--banner\"\n\t\t\t\t\tsrc=\"https:\/\/files.sunoresearch.com.br\/n\/uploads\/2023\/03\/1420x240-Planilha-controle-de-gastos.png\"\n\t\t\t\t\tdata-promo-id=\"101751\"\t\t\t\t\t\t\t\t\t\twidth='1420' height='240'\t\t\t\t\talt=\"https:\/\/files.sunoresearch.com.br\/n\/uploads\/2023\/03\/1420x240-Planilha-controle-de-gastos.png\"\n\t\t\t\t>\n\t\t\t<\/picture>\n\t\t<\/a>\n\t<\/p>\n\n\n\n\n\n<h2 class=\"wp-block-heading\" id=\"h-convergir-a-inflacao-a-meta\">Convergir a infla\u00e7\u00e3o \u00e0 meta<\/h2>\n\n\n\n<p>Desde a \u00faltima <strong>reuni\u00e3o do Copom<\/strong>, as expectativas de infla\u00e7\u00e3o <a href=\"https:\/\/www.suno.com.br\/noticias\/boletim-focus-ipca-projecoes-30012023\/\">reportadas pelo Boletim Focus<\/a> aumentaram. Para este ano, o percentual passou de 5,08% para 5,48%. J\u00e1 para 2024, saiu de 3,50% para 3,84%.&nbsp;<\/p>\n\n\n\n<p>Diante desse cen\u00e1rio, para os analistas do Ita\u00fa BBA, a <strong>manuten\u00e7\u00e3o da taxa Selic<\/strong> \u00e9 uma forma de o BC assegurar a converg\u00eancia da infla\u00e7\u00e3o para a meta da pol\u00edtica monet\u00e1ria.<\/p>\n\n\n\n<p>\u201cO Copom deve refor\u00e7ar a sinaliza\u00e7\u00e3o de manuten\u00e7\u00e3o da <strong>postura vigilante da pol\u00edtica monet\u00e1ria<\/strong>, para perseverar no processo de desinfla\u00e7\u00e3o at\u00e9 que a converg\u00eancia \u00e0s metas e ancoragem das expectativas em torno de suas metas sejam alcan\u00e7adas \u2014 e n\u00e3o hesitar\u00e1 em retomar o ciclo de ajuste caso o processo de desinfla\u00e7\u00e3o n\u00e3o transcorra como esperado\u201d, escreve Mario Mesquita, economista-chefe do Ita\u00fa.<\/p>\n\n\n\n<p>A \u201cpostura vigilante\u201d do Copom tamb\u00e9m foi citada pelos analistas do <a class=\"suno-keyword\" target=\"_blank\" data-force=\"yes\" data-priority=\"2\" href=\"https:\/\/www.suno.com.br\/acoes\/BPAC11\/\" rel=\"noopener\">BTG Pactual (BPAC11)<\/a>. Segundo eles, na reuni\u00e3o de 7 de dezembro o comit\u00ea informou que acompanharia de perto a evolu\u00e7\u00e3o futura da <a class=\"suno-keyword\" target=\"_blank\" data-force=\"no\" data-priority=\"1\" href=\"https:\/\/www.suno.com.br\/artigos\/politica-fiscal\/\" rel=\"noopener\">pol\u00edtica fiscal<\/a>, em particular seus efeitos sobre pre\u00e7os de ativos e perspectivas da infla\u00e7\u00e3o.&nbsp;<\/p>\n\n\n\n<p>Com isso, a expectativa \u00e9 de que o Copom prossiga com a estrat\u00e9gia de <strong>manter a taxa b\u00e1sica de juros<\/strong> inalterada por um per\u00edodo prolongado. No entanto, os analistas refor\u00e7am que \u00e9 esperado que a infla\u00e7\u00e3o reflita o tom do comunicado.\u00a0<\/p>\n\n\n\n<p>\u201cUma maior \u2018desancoragem\u2019 das expectativas da infla\u00e7\u00e3o prejudicar\u00e1 as condi\u00e7\u00f5es para o afrouxamento da pol\u00edtica monet\u00e1ria neste ano, e pode at\u00e9 levar o Copom a apertar ainda mais a taxa de juros\u201d, afirmam.<\/p>\n\n\n\n<h2 class=\"wp-block-heading\" id=\"h-tom-do-comunicado-do-copom\">Tom do comunicado do Copom<\/h2>\n\n\n\n<p>E por falar no comunicado, considerando que h\u00e1 um consenso no mercado sobre a manuten\u00e7\u00e3o da Selic, Bruna Centeno, economista e especialista em <a class=\"suno-keyword\" target=\"_blank\" data-force=\"no\" data-priority=\"2\" href=\"https:\/\/www.suno.com.br\/guias\/investimento-renda-fixa\/\" rel=\"noopener\">renda fixa<\/a> da Blue3, destaca a expectativa em torno de qual ser\u00e1 o tom adotado pelo Copom.<\/p>\n\n\n\n<p>\u201cO mais aguardado \u00e9, de fato, o tom que vir\u00e1 das falas do presidente do BC. Com isso podemos ter alguma perspectiva de corte na taxa de juros ou a manuten\u00e7\u00e3o do aperto monet\u00e1rio para um per\u00edodo maior \u2014 exatamente para fazer essa calibragem de expectativa no mercado\u201d, explica a economista.<\/p>\n\n\n\n<p>Ainda segundo ela, o tom do comunicado do Copom ser\u00e1 uma sinaliza\u00e7\u00e3o para o mercado entender se, dentro da precifica\u00e7\u00e3o dos ativos financeiros, est\u00e3o sendo considerados todos os riscos atrelados \u2014 de uma crise institucional, um fiscal mais apertado e do pr\u00f3prio cen\u00e1rio externo \u2014 ,fatores que devem pautar as decis\u00f5es para as pr\u00f3ximas reuni\u00f5es.<\/p>\n\n\n\n<p>Os analistas da Goldman Sachs (<a class=\"suno-keyword\" target=\"_blank\" data-force=\"yes\" data-priority=\"2\" href=\"https:\/\/www.suno.com.br\/bdrs\/gsgi34\/\" rel=\"noopener\">GSGI34<\/a>) destacam que o Copom pode adotar uma postura mais \u201cdura\u201d diante do atual quadro fiscal e das incertezas sobre o governo com rela\u00e7\u00e3o \u00e0 estrutura monet\u00e1ria (que recentemente chegou a insinuar o aumento da <a class=\"suno-keyword\" target=\"_blank\" data-force=\"no\" data-priority=\"1\" href=\"https:\/\/www.suno.com.br\/artigos\/meta-de-inflacao\/\" rel=\"noopener\">meta de infla\u00e7\u00e3o<\/a> e questionar a autonomia do BC).<\/p>\n\n\n\n<p>\u201cA defesa de uma postura claramente restritiva \u00e9 justificada pelas press\u00f5es ainda intensas no n\u00facleo da infla\u00e7\u00e3o \u2014 como a deteriora\u00e7\u00e3o das expectativas de infla\u00e7\u00e3o de curto e m\u00e9dio prazo, discuss\u00f5es sobre o aumento da meta, incertezas em torno da orienta\u00e7\u00e3o fiscal e a regra\/\u00e2ncora fiscal de m\u00e9dio prazo\u201d, pontuam os analistas da Goldman.<\/p>\n\n\n\t<p>\n\t\t<a href=\"https:\/\/lp.suno.com.br\/planilha-da-vida-financeira\/\" target=\"_blank\" data-element=\"shortcode-suno-banner\" title=\"Banner SUNO, clique e saiba mais\">\n\t\t\t<picture>\n\t\t\t\t<source media=\"(max-width: 500px)\" srcset=\"https:\/\/files.sunoresearch.com.br\/n\/uploads\/2023\/04\/400x300-Planilha-vida-financeira-true.png\">\n\t\t\t\t<img class=\"newsContent__article__imgCapa newsContent__article__imgCapa--banner\"\n\t\t\t\t\tsrc=\"https:\/\/files.sunoresearch.com.br\/n\/uploads\/2023\/04\/1420x240-Planilha-vida-financeira-true.png\"\n\t\t\t\t\tdata-promo-id=\"106682\"\t\t\t\t\t\t\t\t\t\twidth='1420' height='240'\t\t\t\t\talt=\"https:\/\/files.sunoresearch.com.br\/n\/uploads\/2023\/04\/1420x240-Planilha-vida-financeira-true.png\"\n\t\t\t\t>\n\t\t\t<\/picture>\n\t\t<\/a>\n\t<\/p>\n\n\n\n\n\n<h2 class=\"wp-block-heading\" id=\"h-riscos-que-podem-impactar-a-dinamica-na-taxa-de-juros\">Riscos que podem impactar a din\u00e2mica na taxa de juros<\/h2>\n\n\n\n<p>Desde a \u00faltima reuni\u00e3o do Copom, em dezembro do ano passado, a XP Investimentos atualizou suas proje\u00e7\u00f5es para 2023. Entre elas, a casa alterou a expectativa com o \u00cdndice Nacional de Pre\u00e7os ao Consumidor Amplo (IPCA) de 5,0% para 5,5%. Assim como em outras institui\u00e7\u00f5es, os analistas tamb\u00e9m projetam a <strong>manuten\u00e7\u00e3o da Selic<\/strong> em 13,75%.<\/p>\n\n\n\n<p>&#8220;O efeito sobre a infla\u00e7\u00e3o de pre\u00e7os livres em 2023 (75% do IPCA) corresponde a +0,38 ponto porcentual, segundo nossos c\u00e1lculos. A previs\u00e3o para a infla\u00e7\u00e3o de <a class=\"suno-keyword\" target=\"_blank\" data-force=\"no\" data-priority=\"1\" href=\"https:\/\/www.suno.com.br\/artigos\/precos-administrados\/\" rel=\"noopener\">pre\u00e7os administrados<\/a> (25% do IPCA), por sua vez, deve subir de 9,1% para 9,7%&#8221;, afirmam os analistas da XP.<\/p>\n\n\n\n<p>Segundo eles, a alta nas expectativas contribuiu para uma maior proje\u00e7\u00e3o de IPCA, ainda que a aprecia\u00e7\u00e3o do c\u00e2mbio, a menor in\u00e9rcia e pre\u00e7os de commodities elevados tenham agido na outra dire\u00e7\u00e3o.&nbsp;<\/p>\n\n\n\n<p>J\u00e1 de acordo com Sung, do Suno Research, ainda h\u00e1 riscos no cen\u00e1rio que podem segurar o juro por mais tempo do que o esperado, principalmente, de cunho fiscal. Sendo eles:<\/p>\n\n\n\n<h3 class=\"wp-block-heading\" id=\"h-1-retorno-dos-impostos-federais\">1. Retorno dos impostos federais<\/h3>\n\n\n\n<p>A desonera\u00e7\u00e3o dos tributos sobre combust\u00edveis ir\u00e1 at\u00e9 o fim de fevereiro. Com o seu retorno e eleva\u00e7\u00e3o dos pre\u00e7os, o impacto sobre o IPCA pode ser algo entre 55 bps (0,55 p.p.) e 70 bps (0,7 p.p.) \u2013 estimativas do mercado. Esse fator deve pressionar os pre\u00e7os e dificultar o trabalho da autoridade monet\u00e1ria em 2023.<\/p>\n\n\n\n<h3 class=\"wp-block-heading\" id=\"h-2-aumento-de-gastos-pelo-governo\">2. Aumento de gastos pelo governo<\/h3>\n\n\n\n<p>A PEC da Transi\u00e7\u00e3o abriu espa\u00e7o para o governo eleito aumentar os gastos p\u00fablicos e sustentar, de certa forma, a atividade econ\u00f4mica. Com a economia mais aquecida, mais press\u00e3o sobre os pre\u00e7os. Novamente, efeito contr\u00e1rio a pol\u00edtica de combate \u00e0 infla\u00e7\u00e3o do BC.<\/p>\n\n\n\n<h3 class=\"wp-block-heading\" id=\"h-3-arcabouco-fiscal\">3. Arcabou\u00e7o fiscal&nbsp;<\/h3>\n\n\n\n<p>O mercado espera a defini\u00e7\u00e3o do novo arcabou\u00e7o fiscal brasileiro. \u00c9 preciso mais diretrizes de como o governo ir\u00e1 controlar a trajet\u00f3ria da <a class=\"suno-keyword\" target=\"_blank\" data-force=\"no\" data-priority=\"1\" href=\"https:\/\/www.suno.com.br\/artigos\/divida-publica\/\" rel=\"noopener\">d\u00edvida p\u00fablica<\/a>. Caso ele n\u00e3o apresente um bom projeto, o c\u00e2mbio ir\u00e1 subir, o <a class=\"suno-keyword\" target=\"_blank\" data-force=\"no\" data-priority=\"1\" href=\"https:\/\/www.suno.com.br\/artigos\/premio-de-risco\/\" rel=\"noopener\">pr\u00eamio de risco<\/a> ir\u00e1 aumentar e isso impactar\u00e1 nas expectativas de infla\u00e7\u00e3o, dificultando tamb\u00e9m o seu controle.<\/p>\n\n\n\t<p>\n\t\t<a href=\"https:\/\/lp.suno.com.br\/ebook-como-analisar-uma-acao\/\" target=\"_blank\" data-element=\"shortcode-suno-banner\" title=\"Banner SUNO, clique e saiba mais\">\n\t\t\t<picture>\n\t\t\t\t<source media=\"(max-width: 500px)\" srcset=\"https:\/\/files.sunoresearch.com.br\/n\/uploads\/2023\/03\/Ebook-Acoes-Mobile-1.jpg\">\n\t\t\t\t<img class=\"newsContent__article__imgCapa newsContent__article__imgCapa--banner\"\n\t\t\t\t\tsrc=\"https:\/\/files.sunoresearch.com.br\/n\/uploads\/2023\/03\/Ebook-Acoes-Desktop-1.jpg\"\n\t\t\t\t\tdata-promo-id=\"171998\"\t\t\t\t\t\t\t\t\t\twidth='1420' height='286'\t\t\t\t\talt=\"https:\/\/files.sunoresearch.com.br\/n\/uploads\/2023\/03\/Ebook-Acoes-Desktop-1.jpg\"\n\t\t\t\t>\n\t\t\t<\/picture>\n\t\t<\/a>\n\t<\/p>\n\n\n\n\n\n<h3 class=\"wp-block-heading\" id=\"h-4-cenario-internacional\">4. Cen\u00e1rio internacional&nbsp;<\/h3>\n\n\n\n<p>Fatores que podem ajudar o BC seriam a aus\u00eancia de grandes choques sobre o mercado de commodities, a perspectiva de desacelera\u00e7\u00e3o da atividade mundial e a melhora das cadeias produtivas globais e redu\u00e7\u00e3o dos custos industriais. Por\u00e9m, a reabertura da China e a retomada da demanda por mat\u00e9rias-primas podem gerar uma press\u00e3o inflacion\u00e1ria em diversos pa\u00edses.<\/p>\n\n\n\n<h3 class=\"wp-block-heading\" id=\"h-5-elevacao-das-expectativas\">5. Eleva\u00e7\u00e3o das expectativas<\/h3>\n\n\n\n<p>As expectativas de infla\u00e7\u00e3o apresentadas no Boletim Focus servem de par\u00e2metro para os modelos do BC, e percebe-se que elas est\u00e3o subindo \u2014&nbsp; sobretudo para este e o pr\u00f3ximo ano. Essa \u00e9 uma grande preocupa\u00e7\u00e3o do BC, pois uma desancoragem das expectativas contamina diversos setores e geraria um efeito perverso sobre a economia.&nbsp;<\/p>\n\n\n\n<p>\u201cApesar de quase todos os riscos apresentados pressionarem o cen\u00e1rio da autoridade monet\u00e1ria, acreditamos que o atual patamar de juros \u00e9 suficiente para n\u00e3o haver um descontrole da infla\u00e7\u00e3o. Claro, caso os riscos se concretizem, \u00e9 uma outra hist\u00f3ria\u201d, frisa Sung.<\/p>\n\n\n\n<h2 class=\"wp-block-heading\" id=\"h-copom-cortara-selic-so-em-agosto\">Copom cortar\u00e1 Selic s\u00f3 em agosto<\/h2>\n\n\n\n<p>Se de um lado os especialistas foram un\u00e2nimes em projetar a manuten\u00e7\u00e3o da Selic em 13,75%, houve uma \u00fanica exce\u00e7\u00e3o em rela\u00e7\u00e3o ao corte na taxa de juros. Para a maioria dos analistas, isso deve acontecer apenas em agosto.<\/p>\n\n\n\n<p>\u201cNeste contexto de desancorarem das expectativas inflacion\u00e1rias, fica cada vez mais dif\u00edcil o Copom iniciar o ciclo de corte. Nossa proje\u00e7\u00e3o \u00e9 que a discuss\u00e3o sobre corte de juros inicie na reuni\u00e3o de agosto, quando a infla\u00e7\u00e3o de 2025 entra no horizonte relevante do Banco Central, levando a Selic a 12,50% at\u00e9 o final do ano\u201d, destaca Pedro Oliveira, tesoureiro do Paran\u00e1 Banco.<\/p>\n\n\n\n<p>Sung, do Suno Research, tamb\u00e9m afirma que um primeiro corte de 25 bps (0,25 p.p.) deve ocorrer em agosto deste ano. \u201cSeguidos de mais duas quedas de mesma magnitude em setembro e novembro. E, na \u00faltima reuni\u00e3o de 2023, perspectiva de redu\u00e7\u00e3o em&nbsp; 50 bps (0,50 p.p.), levando a Selic para 12,50%.\u201d<\/p>\n\n\n\n<p>Na contram\u00e3o dos demais especialistas consultados, a Daycoval Asset reviu suas proje\u00e7\u00f5es sobre o come\u00e7o dos cortes na <a class=\"suno-keyword\" target=\"_blank\" data-force=\"no\" data-priority=\"3\" href=\"https:\/\/www.suno.com.br\/artigos\/taxa-selic\/\" rel=\"noopener\">taxa Selic<\/a>.<\/p>\n\n\n\n<p>\u201cNossa proje\u00e7\u00e3o atualizada \u00e9 de que o ciclo inicie somente em setembro e em ritmo mais moderado, com 0,25 p.p base e encerrar o ano em 12,5%. Antes v\u00edamos o ciclo se aprofundando em 2024 com 0,75 p.p, agora n\u00f3s projetamos somente 0,50 p.p de ritmo ao longo de 2024 chegando a 9%\u201d, explica o economista-chefe da casa, Rafael Cardoso.<\/p>\n\n\n\n<p>O comunicado oficial do <strong>Copom<\/strong> sobre a Selic ser\u00e1 divulgado amanh\u00e3 (1), no final da tarde.<\/p>\n\n\n\t<p>\n\t\t<a href=\"https:\/\/lp.suno.com.br\/planilha-de-controle-de-investimentos\/\" target=\"_blank\" data-element=\"shortcode-suno-banner\" title=\"Banner SUNO, clique e saiba mais\">\n\t\t\t<picture>\n\t\t\t\t<source media=\"(max-width: 500px)\" srcset=\"https:\/\/files.sunoresearch.com.br\/n\/uploads\/2023\/03\/400x300-Controle-de-Investimentos.png\">\n\t\t\t\t<img class=\"newsContent__article__imgCapa newsContent__article__imgCapa--banner\"\n\t\t\t\t\tsrc=\"https:\/\/files.sunoresearch.com.br\/n\/uploads\/2023\/03\/1420x240-Controle-de-Investimentos.png\"\n\t\t\t\t\tdata-promo-id=\"75934\"\t\t\t\t\t\t\t\t\t\twidth='1420' height='240'\t\t\t\t\talt=\"https:\/\/files.sunoresearch.com.br\/n\/uploads\/2023\/03\/1420x240-Controle-de-Investimentos.png\"\n\t\t\t\t>\n\t\t\t<\/picture>\n\t\t<\/a>\n\t<\/p>\n\n\n\n\n\t\t<div class=\"web-stories-list alignnone has-archive-link is-view-type-carousel is-style-default is-carousel\" data-id=\"1\">\n\t\t\t<div\n\t\t\tclass=\"web-stories-list__inner-wrapper carousel-1\"\n\t\t\tstyle=\"--ws-story-max-width:185px\"\n\t\t\t>\n\t\t\t\t\t\t<div class=\"web-stories-list__archive-link\">\n\t\t\t<a href=\"https:\/\/www.suno.com.br\/noticias\/web-stories\/\">\n\t\t\t\tConfira os melhores webstories!\t\t\t<\/a>\n\t\t<\/div>\n\t\t\t\t\t\t\t<div\n\t\t\t\t\tclass=\"web-stories-list__carousel carousel\"\n\t\t\t\t\tdata-id=\"carousel-1\"\n\t\t\t\t\tdata-prev=\"Voltar\"\n\t\t\t\t\tdata-next=\"Avan\u00e7ar\"\n\t\t\t\t\t>\n\t\t\t\t\t\t\t\t\t<div\n\t\t\t\tclass=\"web-stories-list__story\"\n\t\t\t\tdata-wp-interactive=\"web-stories-block\"\n\t\t\t\tdata-wp-context='{\"instanceId\":1}'\t\t\t\tdata-wp-on--click=\"actions.open\"\n\t\t\t\tdata-wp-on-window--popstate=\"actions.onPopstate\"\n\t\t\t\t>\n\t\t\t\t\t\t\t<div class=\"web-stories-list__story-poster\">\n\t\t\t\t<a href=\"https:\/\/www.suno.com.br\/noticias\/web-stories\/por-que-as-acoes-da-nvidia-estao-despencando\/\" >\n\t\t\t\t\t<img\n\t\t\t\t\t\tsrc=\"https:\/\/files.sunoresearch.com.br\/n\/uploads\/2025\/11\/cropped-pexels-stasknop-19356873-scaled-1.webp\"\n\t\t\t\t\t\talt=\"Por que as a\u00e7\u00f5es da Nvidia est\u00e3o despencando?\"\n\t\t\t\t\t\twidth=\"185\"\n\t\t\t\t\t\theight=\"308\"\n\t\t\t\t\t\t\t\t\t\t\t\t\tsrcset=\"https:\/\/files.sunoresearch.com.br\/n\/uploads\/2025\/11\/cropped-pexels-stasknop-19356873-scaled-1.webp 640w, https:\/\/files.sunoresearch.com.br\/n\/uploads\/2025\/11\/cropped-pexels-stasknop-19356873-scaled-1-225x300.webp 225w, https:\/\/files.sunoresearch.com.br\/n\/uploads\/2025\/11\/cropped-pexels-stasknop-19356873-scaled-1-150x200.webp 150w\"\n\t\t\t\t\t\t\t\t\t\t\t\t\t\t\t\t\t\t\tsizes=\"(max-width: 640px) 100vw, 640px\"\n\t\t\t\t\t\t\t\t\t\t\t\tloading=\"lazy\"\n\t\t\t\t\t\tdecoding=\"async\"\n\t\t\t\t\t>\n\t\t\t\t<\/a>\n\t\t\t<\/div>\n\t\t\t\t\t<div class=\"web-stories-list__story-content-overlay\">\n\t\t\t\t\t\t\t<div class=\"story-content-overlay__title\">\n\t\t\t\t\tPor que as a\u00e7\u00f5es da Nvidia est\u00e3o despencando?\t\t\t\t<\/div>\n\t\t\t\n\t\t\t\n\t\t\t\n\t\t\t\t\t<\/div>\n\t\t\t\t\t<\/div>\n\t\t\t\t\t\t<div\n\t\t\t\tclass=\"web-stories-list__story\"\n\t\t\t\tdata-wp-interactive=\"web-stories-block\"\n\t\t\t\tdata-wp-context='{\"instanceId\":1}'\t\t\t\tdata-wp-on--click=\"actions.open\"\n\t\t\t\tdata-wp-on-window--popstate=\"actions.onPopstate\"\n\t\t\t\t>\n\t\t\t\t\t\t\t<div class=\"web-stories-list__story-poster\">\n\t\t\t\t<a href=\"https:\/\/www.suno.com.br\/noticias\/web-stories\/quanto-falta-para-elon-musk-se-tornar-trilionario\/\" >\n\t\t\t\t\t<img\n\t\t\t\t\t\tsrc=\"https:\/\/files.sunoresearch.com.br\/n\/uploads\/2026\/01\/cropped-Elon-Musk-jpg.webp\"\n\t\t\t\t\t\talt=\"Quanto falta para Elon Musk se tornar trilion\u00e1rio?\"\n\t\t\t\t\t\twidth=\"185\"\n\t\t\t\t\t\theight=\"308\"\n\t\t\t\t\t\t\t\t\t\t\t\t\tsrcset=\"https:\/\/files.sunoresearch.com.br\/n\/uploads\/2026\/01\/cropped-Elon-Musk-jpg.webp 640w, https:\/\/files.sunoresearch.com.br\/n\/uploads\/2026\/01\/cropped-Elon-Musk-jpg-225x300.webp 225w, https:\/\/files.sunoresearch.com.br\/n\/uploads\/2026\/01\/cropped-Elon-Musk-jpg-150x200.webp 150w\"\n\t\t\t\t\t\t\t\t\t\t\t\t\t\t\t\t\t\t\tsizes=\"(max-width: 640px) 100vw, 640px\"\n\t\t\t\t\t\t\t\t\t\t\t\tloading=\"lazy\"\n\t\t\t\t\t\tdecoding=\"async\"\n\t\t\t\t\t>\n\t\t\t\t<\/a>\n\t\t\t<\/div>\n\t\t\t\t\t<div class=\"web-stories-list__story-content-overlay\">\n\t\t\t\t\t\t\t<div class=\"story-content-overlay__title\">\n\t\t\t\t\tQuanto falta para Elon Musk se tornar trilion\u00e1rio?\t\t\t\t<\/div>\n\t\t\t\n\t\t\t\n\t\t\t\n\t\t\t\t\t<\/div>\n\t\t\t\t\t<\/div>\n\t\t\t\t\t\t<div\n\t\t\t\tclass=\"web-stories-list__story\"\n\t\t\t\tdata-wp-interactive=\"web-stories-block\"\n\t\t\t\tdata-wp-context='{\"instanceId\":1}'\t\t\t\tdata-wp-on--click=\"actions.open\"\n\t\t\t\tdata-wp-on-window--popstate=\"actions.onPopstate\"\n\t\t\t\t>\n\t\t\t\t\t\t\t<div class=\"web-stories-list__story-poster\">\n\t\t\t\t<a href=\"https:\/\/www.suno.com.br\/noticias\/web-stories\/ate-onde-vai-a-alta-do-ibovespa\/\" >\n\t\t\t\t\t<img\n\t\t\t\t\t\tsrc=\"https:\/\/files.sunoresearch.com.br\/n\/uploads\/2025\/11\/cropped-iStock-1215609239-jpg.webp\"\n\t\t\t\t\t\talt=\"At\u00e9 onde vai a alta do Ibovespa?\"\n\t\t\t\t\t\twidth=\"185\"\n\t\t\t\t\t\theight=\"308\"\n\t\t\t\t\t\t\t\t\t\t\t\t\tsrcset=\"https:\/\/files.sunoresearch.com.br\/n\/uploads\/2025\/11\/cropped-iStock-1215609239-jpg.webp 640w, https:\/\/files.sunoresearch.com.br\/n\/uploads\/2025\/11\/cropped-iStock-1215609239-jpg-225x300.webp 225w, https:\/\/files.sunoresearch.com.br\/n\/uploads\/2025\/11\/cropped-iStock-1215609239-jpg-150x200.webp 150w\"\n\t\t\t\t\t\t\t\t\t\t\t\t\t\t\t\t\t\t\tsizes=\"(max-width: 640px) 100vw, 640px\"\n\t\t\t\t\t\t\t\t\t\t\t\tloading=\"lazy\"\n\t\t\t\t\t\tdecoding=\"async\"\n\t\t\t\t\t>\n\t\t\t\t<\/a>\n\t\t\t<\/div>\n\t\t\t\t\t<div class=\"web-stories-list__story-content-overlay\">\n\t\t\t\t\t\t\t<div class=\"story-content-overlay__title\">\n\t\t\t\t\tAt\u00e9 onde vai a alta do Ibovespa?\t\t\t\t<\/div>\n\t\t\t\n\t\t\t\n\t\t\t\n\t\t\t\t\t<\/div>\n\t\t\t\t\t<\/div>\n\t\t\t\t\t\t<div\n\t\t\t\tclass=\"web-stories-list__story\"\n\t\t\t\tdata-wp-interactive=\"web-stories-block\"\n\t\t\t\tdata-wp-context='{\"instanceId\":1}'\t\t\t\tdata-wp-on--click=\"actions.open\"\n\t\t\t\tdata-wp-on-window--popstate=\"actions.onPopstate\"\n\t\t\t\t>\n\t\t\t\t\t\t\t<div class=\"web-stories-list__story-poster\">\n\t\t\t\t<a href=\"https:\/\/www.suno.com.br\/noticias\/web-stories\/banco-brasileiro-itau-lista-marcas-mais-valiosas-mundo\/\" >\n\t\t\t\t\t<img\n\t\t\t\t\t\tsrc=\"https:\/\/files.sunoresearch.com.br\/n\/uploads\/2024\/01\/cropped-predio-itau.webp\"\n\t\t\t\t\t\talt=\"Banco brasileiro est\u00e1 entre as 500 marcas mais valiosas do mundo\"\n\t\t\t\t\t\twidth=\"185\"\n\t\t\t\t\t\theight=\"308\"\n\t\t\t\t\t\t\t\t\t\t\t\t\tsrcset=\"https:\/\/files.sunoresearch.com.br\/n\/uploads\/2024\/01\/cropped-predio-itau.webp 640w, https:\/\/files.sunoresearch.com.br\/n\/uploads\/2024\/01\/cropped-predio-itau-225x300.webp 225w, https:\/\/files.sunoresearch.com.br\/n\/uploads\/2024\/01\/cropped-predio-itau-150x200.webp 150w\"\n\t\t\t\t\t\t\t\t\t\t\t\t\t\t\t\t\t\t\tsizes=\"(max-width: 640px) 100vw, 640px\"\n\t\t\t\t\t\t\t\t\t\t\t\tloading=\"lazy\"\n\t\t\t\t\t\tdecoding=\"async\"\n\t\t\t\t\t>\n\t\t\t\t<\/a>\n\t\t\t<\/div>\n\t\t\t\t\t<div class=\"web-stories-list__story-content-overlay\">\n\t\t\t\t\t\t\t<div class=\"story-content-overlay__title\">\n\t\t\t\t\tBanco brasileiro est\u00e1 entre as 500 marcas mais valiosas do mundo\t\t\t\t<\/div>\n\t\t\t\n\t\t\t\n\t\t\t\n\t\t\t\t\t<\/div>\n\t\t\t\t\t<\/div>\n\t\t\t\t\t\t<div\n\t\t\t\tclass=\"web-stories-list__story\"\n\t\t\t\tdata-wp-interactive=\"web-stories-block\"\n\t\t\t\tdata-wp-context='{\"instanceId\":1}'\t\t\t\tdata-wp-on--click=\"actions.open\"\n\t\t\t\tdata-wp-on-window--popstate=\"actions.onPopstate\"\n\t\t\t\t>\n\t\t\t\t\t\t\t<div class=\"web-stories-list__story-poster\">\n\t\t\t\t<a href=\"https:\/\/www.suno.com.br\/noticias\/web-stories\/flamengo-lista-times-mais-ricos-do-mundo-hoje\/\" >\n\t\t\t\t\t<img\n\t\t\t\t\t\tsrc=\"https:\/\/files.sunoresearch.com.br\/n\/uploads\/2026\/01\/cropped-brazil-6755874_1280-jpg.webp\"\n\t\t\t\t\t\talt=\"Flamengo na lista! Veja os times mais ricos do mundo hoje\"\n\t\t\t\t\t\twidth=\"185\"\n\t\t\t\t\t\theight=\"308\"\n\t\t\t\t\t\t\t\t\t\t\t\t\tsrcset=\"https:\/\/files.sunoresearch.com.br\/n\/uploads\/2026\/01\/cropped-brazil-6755874_1280-jpg.webp 640w, https:\/\/files.sunoresearch.com.br\/n\/uploads\/2026\/01\/cropped-brazil-6755874_1280-jpg-225x300.webp 225w, https:\/\/files.sunoresearch.com.br\/n\/uploads\/2026\/01\/cropped-brazil-6755874_1280-jpg-150x200.webp 150w\"\n\t\t\t\t\t\t\t\t\t\t\t\t\t\t\t\t\t\t\tsizes=\"(max-width: 640px) 100vw, 640px\"\n\t\t\t\t\t\t\t\t\t\t\t\tloading=\"lazy\"\n\t\t\t\t\t\tdecoding=\"async\"\n\t\t\t\t\t>\n\t\t\t\t<\/a>\n\t\t\t<\/div>\n\t\t\t\t\t<div class=\"web-stories-list__story-content-overlay\">\n\t\t\t\t\t\t\t<div class=\"story-content-overlay__title\">\n\t\t\t\t\tFlamengo na lista! Veja os times mais ricos do mundo hoje\t\t\t\t<\/div>\n\t\t\t\n\t\t\t\n\t\t\t\n\t\t\t\t\t<\/div>\n\t\t\t\t\t<\/div>\n\t\t\t\t\t\t\t\t<\/div>\n\t\t\t\t\t<div tabindex=\"0\" aria-label=\"Voltar\" class=\"glider-prev\"><\/div>\n\t\t\t\t\t<div tabindex=\"0\" aria-label=\"Avan\u00e7ar\" class=\"glider-next\"><\/div>\n\t\t\t\t\t\t\t\t<\/div>\n\t\t<\/div>\n\t\t","protected":false},"excerpt":{"rendered":"<p>Come\u00e7ou nesta ter\u00e7a-feira (31) a primeira reuni\u00e3o do ano do Comit\u00ea de Pol\u00edtica Monet\u00e1ria (Copom), que ir\u00e1 definir a taxa b\u00e1sica de juros do Pa\u00eds. No mercado, a previs\u00e3o majorit\u00e1ria de especialistas aponta para manuten\u00e7\u00e3o da Selic em 13,75% pela quarta vez consecutiva. Banco Central. Foto: Marcello Casal JrAg\u00eancia Brasil O comunicado oficial sobre a [&hellip;]<\/p>\n","protected":false},"author":233,"featured_media":355819,"comment_status":"closed","ping_status":"closed","sticky":false,"template":"","format":"standard","meta":[],"categories":[62],"tags":[1842,1104,105816,290],"suno_strategy":[],"class_list":["post-355798","post","type-post","status-publish","format-standard","has-post-thumbnail","hentry","category-economia","tag-banco-central-bc","tag-copom","tag-especialistas","tag-taxa-selic"],"yoast_head":"<!-- This site is optimized with the Yoast SEO plugin v24.4 - https:\/\/yoast.com\/wordpress\/plugins\/seo\/ -->\n<title>Copom: mercado prev\u00ea Selic em 13,75% pela 4\u00aa vez consecutiva<\/title>\n<meta name=\"description\" content=\"Para a primeira reuni\u00e3o do Copom, a Suno consultou 8 especialistas sobre as proje\u00e7\u00f5es da taxa Selic. Saiba qual a perspectiva com a Selic!\" \/>\n<meta name=\"robots\" content=\"index, follow, max-snippet:-1, max-image-preview:large, max-video-preview:-1\" \/>\n<link rel=\"canonical\" href=\"https:\/\/www.suno.com.br\/noticias\/previa-copom-fevereiro-manutencao-selic\/\" \/>\n<meta property=\"og:locale\" content=\"pt_BR\" \/>\n<meta property=\"og:type\" content=\"article\" \/>\n<meta property=\"og:title\" content=\"Copom: mercado prev\u00ea Selic em 13,75% pela 4\u00aa vez consecutiva\" \/>\n<meta property=\"og:description\" content=\"Para a primeira reuni\u00e3o do Copom, a Suno consultou 8 especialistas sobre as proje\u00e7\u00f5es da taxa Selic. Saiba qual a perspectiva com a Selic!\" \/>\n<meta property=\"og:url\" content=\"https:\/\/www.suno.com.br\/noticias\/previa-copom-fevereiro-manutencao-selic\/\" \/>\n<meta property=\"og:site_name\" content=\"Suno Not\u00edcias\" \/>\n<meta property=\"article:publisher\" content=\"https:\/\/facebook.com\/sunoresearch\" \/>\n<meta property=\"og:image\" content=\"https:\/\/files.sunoresearch.com.br\/n\/uploads\/2023\/01\/banco-central-bc.jpg\" \/>\n\t<meta property=\"og:image:width\" content=\"1450\" \/>\n\t<meta property=\"og:image:height\" content=\"800\" \/>\n\t<meta property=\"og:image:type\" content=\"image\/jpeg\" \/>\n<meta name=\"author\" content=\"Janize Cola\u00e7o\" \/>\n<meta name=\"twitter:card\" content=\"summary_large_image\" \/>\n<meta name=\"twitter:creator\" content=\"@sunoresearch\" \/>\n<meta name=\"twitter:site\" content=\"@sunoresearch\" \/>\n<meta name=\"twitter:label1\" content=\"Escrito por\" \/>\n\t<meta name=\"twitter:data1\" content=\"Janize Cola\u00e7o\" \/>\n\t<meta name=\"twitter:label2\" content=\"Est. tempo de leitura\" \/>\n\t<meta name=\"twitter:data2\" content=\"9 minutos\" \/>\n<script type=\"application\/ld+json\" class=\"yoast-schema-graph\">{\"@context\":\"https:\/\/schema.org\",\"@graph\":[{\"@type\":\"NewsArticle\",\"@id\":\"https:\/\/www.suno.com.br\/noticias\/previa-copom-fevereiro-manutencao-selic\/#article\",\"isPartOf\":{\"@id\":\"https:\/\/www.suno.com.br\/noticias\/previa-copom-fevereiro-manutencao-selic\/\"},\"author\":{\"name\":\"Janize Cola\u00e7o\",\"@id\":\"https:\/\/www.suno.com.br\/noticias\/#\/schema\/person\/d689f06da5678e1f0b1ee402f001d676\"},\"headline\":\"Copom: mercado prev\u00ea Selic em 13,75% pela 4\u00aa vez consecutiva. Quando os juros v\u00e3o cair?\",\"datePublished\":\"2023-01-31T20:03:12+00:00\",\"dateModified\":\"2023-01-31T20:08:49+00:00\",\"mainEntityOfPage\":{\"@id\":\"https:\/\/www.suno.com.br\/noticias\/previa-copom-fevereiro-manutencao-selic\/\"},\"wordCount\":1638,\"publisher\":{\"@id\":\"https:\/\/www.suno.com.br\/noticias\/#organization\"},\"image\":{\"@id\":\"https:\/\/www.suno.com.br\/noticias\/previa-copom-fevereiro-manutencao-selic\/#primaryimage\"},\"thumbnailUrl\":\"https:\/\/files.sunoresearch.com.br\/n\/uploads\/2023\/01\/banco-central-bc.jpg\",\"keywords\":[\"Banco Central (BC)\",\"Copom\",\"Especialistas\",\"Taxa Selic\"],\"articleSection\":[\"Economia\"],\"inLanguage\":\"pt-BR\"},{\"@type\":\"WebPage\",\"@id\":\"https:\/\/www.suno.com.br\/noticias\/previa-copom-fevereiro-manutencao-selic\/\",\"url\":\"https:\/\/www.suno.com.br\/noticias\/previa-copom-fevereiro-manutencao-selic\/\",\"name\":\"Copom: mercado prev\u00ea Selic em 13,75% pela 4\u00aa vez consecutiva\",\"isPartOf\":{\"@id\":\"https:\/\/www.suno.com.br\/noticias\/#website\"},\"primaryImageOfPage\":{\"@id\":\"https:\/\/www.suno.com.br\/noticias\/previa-copom-fevereiro-manutencao-selic\/#primaryimage\"},\"image\":{\"@id\":\"https:\/\/www.suno.com.br\/noticias\/previa-copom-fevereiro-manutencao-selic\/#primaryimage\"},\"thumbnailUrl\":\"https:\/\/files.sunoresearch.com.br\/n\/uploads\/2023\/01\/banco-central-bc.jpg\",\"datePublished\":\"2023-01-31T20:03:12+00:00\",\"dateModified\":\"2023-01-31T20:08:49+00:00\",\"description\":\"Para a primeira reuni\u00e3o do Copom, a Suno consultou 8 especialistas sobre as proje\u00e7\u00f5es da taxa Selic. Saiba qual a perspectiva com a Selic!\",\"breadcrumb\":{\"@id\":\"https:\/\/www.suno.com.br\/noticias\/previa-copom-fevereiro-manutencao-selic\/#breadcrumb\"},\"inLanguage\":\"pt-BR\",\"potentialAction\":[{\"@type\":\"ReadAction\",\"target\":[\"https:\/\/www.suno.com.br\/noticias\/previa-copom-fevereiro-manutencao-selic\/\"]}]},{\"@type\":\"ImageObject\",\"inLanguage\":\"pt-BR\",\"@id\":\"https:\/\/www.suno.com.br\/noticias\/previa-copom-fevereiro-manutencao-selic\/#primaryimage\",\"url\":\"https:\/\/files.sunoresearch.com.br\/n\/uploads\/2023\/01\/banco-central-bc.jpg\",\"contentUrl\":\"https:\/\/files.sunoresearch.com.br\/n\/uploads\/2023\/01\/banco-central-bc.jpg\",\"width\":1450,\"height\":800,\"caption\":\"Banco Central. Foto: Marcello Casal JrAg\u00eancia Brasil\"},{\"@type\":\"BreadcrumbList\",\"@id\":\"https:\/\/www.suno.com.br\/noticias\/previa-copom-fevereiro-manutencao-selic\/#breadcrumb\",\"itemListElement\":[{\"@type\":\"ListItem\",\"position\":1,\"name\":\"Not\u00edcias\",\"item\":\"https:\/\/www.suno.com.br\/noticias\/\"},{\"@type\":\"ListItem\",\"position\":2,\"name\":\"Economia\",\"item\":\"https:\/\/www.suno.com.br\/noticias\/economia\/\"},{\"@type\":\"ListItem\",\"position\":3,\"name\":\"Copom: mercado prev\u00ea Selic em 13,75% pela 4\u00aa vez consecutiva. Quando os juros v\u00e3o cair?\"}]},{\"@type\":\"WebSite\",\"@id\":\"https:\/\/www.suno.com.br\/noticias\/#website\",\"url\":\"https:\/\/www.suno.com.br\/noticias\/\",\"name\":\"Suno Not\u00edcias\",\"description\":\"Seu portal de informa\u00e7\u00e3o sobre o mundo dos investimentos\",\"publisher\":{\"@id\":\"https:\/\/www.suno.com.br\/noticias\/#organization\"},\"potentialAction\":[{\"@type\":\"SearchAction\",\"target\":{\"@type\":\"EntryPoint\",\"urlTemplate\":\"https:\/\/www.suno.com.br\/noticias\/?s={search_term_string}\"},\"query-input\":{\"@type\":\"PropertyValueSpecification\",\"valueRequired\":true,\"valueName\":\"search_term_string\"}}],\"inLanguage\":\"pt-BR\"},{\"@type\":\"Organization\",\"@id\":\"https:\/\/www.suno.com.br\/noticias\/#organization\",\"name\":\"Suno Not\u00edcias\",\"url\":\"https:\/\/www.suno.com.br\/noticias\/\",\"logo\":{\"@type\":\"ImageObject\",\"inLanguage\":\"pt-BR\",\"@id\":\"https:\/\/www.suno.com.br\/noticias\/#\/schema\/logo\/image\/\",\"url\":\"https:\/\/files.sunoresearch.com.br\/n\/uploads\/2021\/09\/suno-logo.png\",\"contentUrl\":\"https:\/\/files.sunoresearch.com.br\/n\/uploads\/2021\/09\/suno-logo.png\",\"width\":180,\"height\":180,\"caption\":\"Suno Not\u00edcias\"},\"image\":{\"@id\":\"https:\/\/www.suno.com.br\/noticias\/#\/schema\/logo\/image\/\"},\"sameAs\":[\"https:\/\/facebook.com\/sunoresearch\",\"https:\/\/x.com\/sunoresearch\",\"https:\/\/www.instagram.com\/suno\",\"https:\/\/www.linkedin.com\/company\/suno-research\/\",\"https:\/\/www.youtube.com\/c\/sunoresearch\"]},{\"@type\":\"Person\",\"@id\":\"https:\/\/www.suno.com.br\/noticias\/#\/schema\/person\/d689f06da5678e1f0b1ee402f001d676\",\"name\":\"Janize Cola\u00e7o\",\"image\":{\"@type\":\"ImageObject\",\"inLanguage\":\"pt-BR\",\"@id\":\"https:\/\/www.suno.com.br\/noticias\/#\/schema\/person\/image\/\",\"url\":\"https:\/\/secure.gravatar.com\/avatar\/32b3bf89abae63ca2cf961bc051522d0?s=96&r=g\",\"contentUrl\":\"https:\/\/secure.gravatar.com\/avatar\/32b3bf89abae63ca2cf961bc051522d0?s=96&r=g\",\"caption\":\"Janize Cola\u00e7o\"},\"description\":\"Jornalista formada pela PUC-SP com passagens pela Record TV, Globo Cond\u00e9 Nast, Revista Panrotas e Editora Via. Hoje, \u00e9 rep\u00f3rter no Suno Not\u00edcias, cobrindo pautas sobre mercado, pol\u00edtica, economia e bolsa de valores.\",\"url\":\"https:\/\/www.suno.com.br\/noticias\/author\/janize-colaco\/\"}]}<\/script>\n<!-- \/ Yoast SEO plugin. -->","yoast_head_json":{"title":"Copom: mercado prev\u00ea Selic em 13,75% pela 4\u00aa vez consecutiva","description":"Para a primeira reuni\u00e3o do Copom, a Suno consultou 8 especialistas sobre as proje\u00e7\u00f5es da taxa Selic. Saiba qual a perspectiva com a Selic!","robots":{"index":"index","follow":"follow","max-snippet":"max-snippet:-1","max-image-preview":"max-image-preview:large","max-video-preview":"max-video-preview:-1"},"canonical":"https:\/\/www.suno.com.br\/noticias\/previa-copom-fevereiro-manutencao-selic\/","og_locale":"pt_BR","og_type":"article","og_title":"Copom: mercado prev\u00ea Selic em 13,75% pela 4\u00aa vez consecutiva","og_description":"Para a primeira reuni\u00e3o do Copom, a Suno consultou 8 especialistas sobre as proje\u00e7\u00f5es da taxa Selic. Saiba qual a perspectiva com a Selic!","og_url":"https:\/\/www.suno.com.br\/noticias\/previa-copom-fevereiro-manutencao-selic\/","og_site_name":"Suno Not\u00edcias","article_publisher":"https:\/\/facebook.com\/sunoresearch","og_image":[{"width":1450,"height":800,"url":"https:\/\/files.sunoresearch.com.br\/n\/uploads\/2023\/01\/banco-central-bc.jpg","type":"image\/jpeg"}],"author":"Janize Cola\u00e7o","twitter_card":"summary_large_image","twitter_creator":"@sunoresearch","twitter_site":"@sunoresearch","twitter_misc":{"Escrito por":"Janize Cola\u00e7o","Est. tempo de leitura":"9 minutos"},"schema":{"@context":"https:\/\/schema.org","@graph":[{"@type":"NewsArticle","@id":"https:\/\/www.suno.com.br\/noticias\/previa-copom-fevereiro-manutencao-selic\/#article","isPartOf":{"@id":"https:\/\/www.suno.com.br\/noticias\/previa-copom-fevereiro-manutencao-selic\/"},"author":{"name":"Janize Cola\u00e7o","@id":"https:\/\/www.suno.com.br\/noticias\/#\/schema\/person\/d689f06da5678e1f0b1ee402f001d676"},"headline":"Copom: mercado prev\u00ea Selic em 13,75% pela 4\u00aa vez consecutiva. Quando os juros v\u00e3o cair?","datePublished":"2023-01-31T20:03:12+00:00","dateModified":"2023-01-31T20:08:49+00:00","mainEntityOfPage":{"@id":"https:\/\/www.suno.com.br\/noticias\/previa-copom-fevereiro-manutencao-selic\/"},"wordCount":1638,"publisher":{"@id":"https:\/\/www.suno.com.br\/noticias\/#organization"},"image":{"@id":"https:\/\/www.suno.com.br\/noticias\/previa-copom-fevereiro-manutencao-selic\/#primaryimage"},"thumbnailUrl":"https:\/\/files.sunoresearch.com.br\/n\/uploads\/2023\/01\/banco-central-bc.jpg","keywords":["Banco Central (BC)","Copom","Especialistas","Taxa Selic"],"articleSection":["Economia"],"inLanguage":"pt-BR"},{"@type":"WebPage","@id":"https:\/\/www.suno.com.br\/noticias\/previa-copom-fevereiro-manutencao-selic\/","url":"https:\/\/www.suno.com.br\/noticias\/previa-copom-fevereiro-manutencao-selic\/","name":"Copom: mercado prev\u00ea Selic em 13,75% pela 4\u00aa vez consecutiva","isPartOf":{"@id":"https:\/\/www.suno.com.br\/noticias\/#website"},"primaryImageOfPage":{"@id":"https:\/\/www.suno.com.br\/noticias\/previa-copom-fevereiro-manutencao-selic\/#primaryimage"},"image":{"@id":"https:\/\/www.suno.com.br\/noticias\/previa-copom-fevereiro-manutencao-selic\/#primaryimage"},"thumbnailUrl":"https:\/\/files.sunoresearch.com.br\/n\/uploads\/2023\/01\/banco-central-bc.jpg","datePublished":"2023-01-31T20:03:12+00:00","dateModified":"2023-01-31T20:08:49+00:00","description":"Para a primeira reuni\u00e3o do Copom, a Suno consultou 8 especialistas sobre as proje\u00e7\u00f5es da taxa Selic. Saiba qual a perspectiva com a Selic!","breadcrumb":{"@id":"https:\/\/www.suno.com.br\/noticias\/previa-copom-fevereiro-manutencao-selic\/#breadcrumb"},"inLanguage":"pt-BR","potentialAction":[{"@type":"ReadAction","target":["https:\/\/www.suno.com.br\/noticias\/previa-copom-fevereiro-manutencao-selic\/"]}]},{"@type":"ImageObject","inLanguage":"pt-BR","@id":"https:\/\/www.suno.com.br\/noticias\/previa-copom-fevereiro-manutencao-selic\/#primaryimage","url":"https:\/\/files.sunoresearch.com.br\/n\/uploads\/2023\/01\/banco-central-bc.jpg","contentUrl":"https:\/\/files.sunoresearch.com.br\/n\/uploads\/2023\/01\/banco-central-bc.jpg","width":1450,"height":800,"caption":"Banco Central. Foto: Marcello Casal JrAg\u00eancia Brasil"},{"@type":"BreadcrumbList","@id":"https:\/\/www.suno.com.br\/noticias\/previa-copom-fevereiro-manutencao-selic\/#breadcrumb","itemListElement":[{"@type":"ListItem","position":1,"name":"Not\u00edcias","item":"https:\/\/www.suno.com.br\/noticias\/"},{"@type":"ListItem","position":2,"name":"Economia","item":"https:\/\/www.suno.com.br\/noticias\/economia\/"},{"@type":"ListItem","position":3,"name":"Copom: mercado prev\u00ea Selic em 13,75% pela 4\u00aa vez consecutiva. Quando os juros v\u00e3o cair?"}]},{"@type":"WebSite","@id":"https:\/\/www.suno.com.br\/noticias\/#website","url":"https:\/\/www.suno.com.br\/noticias\/","name":"Suno Not\u00edcias","description":"Seu portal de informa\u00e7\u00e3o sobre o mundo dos investimentos","publisher":{"@id":"https:\/\/www.suno.com.br\/noticias\/#organization"},"potentialAction":[{"@type":"SearchAction","target":{"@type":"EntryPoint","urlTemplate":"https:\/\/www.suno.com.br\/noticias\/?s={search_term_string}"},"query-input":{"@type":"PropertyValueSpecification","valueRequired":true,"valueName":"search_term_string"}}],"inLanguage":"pt-BR"},{"@type":"Organization","@id":"https:\/\/www.suno.com.br\/noticias\/#organization","name":"Suno Not\u00edcias","url":"https:\/\/www.suno.com.br\/noticias\/","logo":{"@type":"ImageObject","inLanguage":"pt-BR","@id":"https:\/\/www.suno.com.br\/noticias\/#\/schema\/logo\/image\/","url":"https:\/\/files.sunoresearch.com.br\/n\/uploads\/2021\/09\/suno-logo.png","contentUrl":"https:\/\/files.sunoresearch.com.br\/n\/uploads\/2021\/09\/suno-logo.png","width":180,"height":180,"caption":"Suno Not\u00edcias"},"image":{"@id":"https:\/\/www.suno.com.br\/noticias\/#\/schema\/logo\/image\/"},"sameAs":["https:\/\/facebook.com\/sunoresearch","https:\/\/x.com\/sunoresearch","https:\/\/www.instagram.com\/suno","https:\/\/www.linkedin.com\/company\/suno-research\/","https:\/\/www.youtube.com\/c\/sunoresearch"]},{"@type":"Person","@id":"https:\/\/www.suno.com.br\/noticias\/#\/schema\/person\/d689f06da5678e1f0b1ee402f001d676","name":"Janize Cola\u00e7o","image":{"@type":"ImageObject","inLanguage":"pt-BR","@id":"https:\/\/www.suno.com.br\/noticias\/#\/schema\/person\/image\/","url":"https:\/\/secure.gravatar.com\/avatar\/32b3bf89abae63ca2cf961bc051522d0?s=96&r=g","contentUrl":"https:\/\/secure.gravatar.com\/avatar\/32b3bf89abae63ca2cf961bc051522d0?s=96&r=g","caption":"Janize Cola\u00e7o"},"description":"Jornalista formada pela PUC-SP com passagens pela Record TV, Globo Cond\u00e9 Nast, Revista Panrotas e Editora Via. Hoje, \u00e9 rep\u00f3rter no Suno Not\u00edcias, cobrindo pautas sobre mercado, pol\u00edtica, economia e bolsa de valores.","url":"https:\/\/www.suno.com.br\/noticias\/author\/janize-colaco\/"}]}},"default_loop_html":"<div class=\"cardsPage__listCard__boxs\"><div class=\"cardsPage__listCard__boxs__img\"><a href=\"https:\/\/www.suno.com.br\/noticias\/previa-copom-fevereiro-manutencao-selic\/\"><img class=\"mask\" src=\"https:\/\/www.suno.com.br\/noticias\/wp-content\/themes\/suno\/resources\/images\/spotlight\/spotlight1img\/bg-mask.png\" alt=\"Image Mask\"\/><img src=\"https:\/\/files.sunoresearch.com.br\/n\/uploads\/2023\/01\/banco-central-bc-400x200.jpg\" alt=\"Copom: mercado prev\u00ea Selic em 13,75% pela 4\u00aa vez consecutiva. Quando os juros v\u00e3o cair?\"\/><\/a><span class=\"spotlightCategory\"><a href=\"https:\/\/www.suno.com.br\/noticias\/economia\/\">Economia<\/a><\/span><\/div><div class=\"cardsPage__listCard__boxs__content\"><a href=\"https:\/\/www.suno.com.br\/noticias\/previa-copom-fevereiro-manutencao-selic\/\"><h2 class=\"content__title\">Copom: mercado prev\u00ea Selic em 13,75% pela 4\u00aa vez consecutiva. Quando os juros v\u00e3o cair?<\/h2><\/a><div class=\"newsContent__article__meta\"><div class=\"newsContent__article__meta__authorBox\"><a href=\"https:\/\/www.suno.com.br\/noticias\/author\/janize-colaco\/\" class=\"authorBox__avatar noMobi\"><img src=\"https:\/\/files.sunoresearch.com.br\/n\/uploads\/2022\/11\/20221120_111807-1-150x150.jpg\" alt=\"Janize Cola\u00e7o\"><\/a><div class=\"authorBox__name\"><span>por\n\t\t\t<a href=\"https:\/\/www.suno.com.br\/noticias\/author\/janize-colaco\/\"><span itemprop=\"author\">Janize Cola\u00e7o<\/span><\/a><\/span><time datetime=\"2023-01-31T17:03:12-03:00\" itemprop=\"datePublished\">31\/01\/2023 17:03<\/time><\/div><\/div><\/div><\/div><\/div>","single_layout":"posts","amp_enabled":true,"_links":{"self":[{"href":"https:\/\/www.suno.com.br\/noticias\/wp-json\/wp\/v2\/posts\/355798"}],"collection":[{"href":"https:\/\/www.suno.com.br\/noticias\/wp-json\/wp\/v2\/posts"}],"about":[{"href":"https:\/\/www.suno.com.br\/noticias\/wp-json\/wp\/v2\/types\/post"}],"author":[{"embeddable":true,"href":"https:\/\/www.suno.com.br\/noticias\/wp-json\/wp\/v2\/users\/233"}],"replies":[{"embeddable":true,"href":"https:\/\/www.suno.com.br\/noticias\/wp-json\/wp\/v2\/comments?post=355798"}],"version-history":[{"count":3,"href":"https:\/\/www.suno.com.br\/noticias\/wp-json\/wp\/v2\/posts\/355798\/revisions"}],"predecessor-version":[{"id":355867,"href":"https:\/\/www.suno.com.br\/noticias\/wp-json\/wp\/v2\/posts\/355798\/revisions\/355867"}],"wp:featuredmedia":[{"embeddable":true,"href":"https:\/\/www.suno.com.br\/noticias\/wp-json\/wp\/v2\/media\/355819"}],"wp:attachment":[{"href":"https:\/\/www.suno.com.br\/noticias\/wp-json\/wp\/v2\/media?parent=355798"}],"wp:term":[{"taxonomy":"category","embeddable":true,"href":"https:\/\/www.suno.com.br\/noticias\/wp-json\/wp\/v2\/categories?post=355798"},{"taxonomy":"post_tag","embeddable":true,"href":"https:\/\/www.suno.com.br\/noticias\/wp-json\/wp\/v2\/tags?post=355798"},{"taxonomy":"suno_strategy","embeddable":true,"href":"https:\/\/www.suno.com.br\/noticias\/wp-json\/wp\/v2\/suno_strategy?post=355798"}],"curies":[{"name":"wp","href":"https:\/\/api.w.org\/{rel}","templated":true}]}}