{"id":35575,"date":"2019-08-28T11:58:05","date_gmt":"2019-08-28T14:58:05","guid":{"rendered":"https:\/\/www.suno.com.br\/noticias\/?p=35575"},"modified":"2019-08-28T12:00:42","modified_gmt":"2019-08-28T15:00:42","slug":"unitedhealthcare-demite-funcionarios-amil-corte-custos","status":"publish","type":"post","link":"https:\/\/www.suno.com.br\/noticias\/unitedhealthcare-demite-funcionarios-amil-corte-custos\/","title":{"rendered":"UnitedHealthcare demite funcion\u00e1rios da Amil e faz corte de custos"},"content":{"rendered":"<p>A empresa <strong>UnitedHealthcare<\/strong>, que det\u00e9m a Amil, est\u00e1 fazendo um corte de custos e pessoal, com o intuito de alavancar os resultados da empresa de assist\u00eancia m\u00e9dica brasileira.<\/p>\t<div class=\"wrapper-featured-image\">\n\t\t<figure class=\"spotlightImg\">\n\n\t\t\t<picture>\n\t\t\t\t<source media=\"(max-width: 768px)\" srcset=\"https:\/\/files.sunoresearch.com.br\/n\/uploads\/2019\/08\/d18ef1d8-amil-400x200.webp\">\n\t\t\t\t<img loading=\"lazy\" decoding=\"async\" class=\"newsContent__article__imgCapa lazyloadDisabled newsContent__article__imgCapa--noCaption\" src=\"https:\/\/files.sunoresearch.com.br\/n\/uploads\/2019\/08\/d18ef1d8-amil-800x450.webp\" width=\"800\" height=\"450\" alt=\"UnitedHealthcare demite funcion\u00e1rios da Amil e faz corte de custos\" fetchpriority=high \/>\n\t\t\t<\/picture>\n\n\t\t\t<figcaption class=\"wp-caption-text wp-caption-text--hide\"><\/figcaption>\n\t\t<\/figure>\n\t<\/div>\n\n\n\n<p>Desde que foi comprada em 2012, pelo montante de R$ 10 bilh\u00f5es, a <strong>Amil<\/strong> n\u00e3o tem conseguido bons resultados financeiros. A ideia da empresa, agora, \u00e9 que cada departamento diminua 30% entre or\u00e7amento e sal\u00e1rios. At\u00e9 o momento, 300 pessoas j\u00e1 foram despedidas, entre elas est\u00e3o empregados de cargos altos na companhia.<\/p>\n<p>De acordo com o site &#8220;Valor Econ\u00f4mico&#8221;, o n\u00famero de demiss\u00f5es tende a crescer. A Amil contava com 38 mil funcion\u00e1rios no Brasil, no ano passado. A reestrutura\u00e7\u00e3o da empresa est\u00e1 sendo feita pelo CEO da UnitedHealthcare (controladora da brasileira), Molly Joseph.<\/p>\n\t<p>\n\t\t<a href=\"https:\/\/lp.suno.com.br\/minicurso-contabilidade\/\" target=\"_blank\" data-element=\"shortcode-suno-banner\" title=\"Banner SUNO, clique e saiba mais\">\n\t\t\t<picture>\n\t\t\t\t<source media=\"(max-width: 500px)\" srcset=\"https:\/\/files.sunoresearch.com.br\/n\/uploads\/2023\/03\/400x300-Minicurso-Contabilidade.png\">\n\t\t\t\t<img class=\"newsContent__article__imgCapa newsContent__article__imgCapa--banner\"\n\t\t\t\t\tsrc=\"https:\/\/files.sunoresearch.com.br\/n\/uploads\/2023\/03\/1420x240-Minicurso-Contabilidade.png\"\n\t\t\t\t\tdata-promo-id=\"383158\"\t\t\t\t\t\t\t\t\t\twidth='1420' height='240'\t\t\t\t\talt=\"https:\/\/files.sunoresearch.com.br\/n\/uploads\/2023\/03\/1420x240-Minicurso-Contabilidade.png\"\n\t\t\t\t>\n\t\t\t<\/picture>\n\t\t<\/a>\n\t<\/p>\n\n\n<p>A empresa americana ficou no Brasil por quase um m\u00eas para fazer mudan\u00e7as, consideradas necess\u00e1rias, para a reestrutura\u00e7\u00e3o da Amil. Dessa forma, chegou a ir tamb\u00e9m a Ag\u00eancia Nacional de Sa\u00fade Suplementar (ANS).<\/p>\n<p><a href=\"https:\/\/www.suno.com.br\/noticias\/ccr-airports-ipo-oferta-acao-2-bilhoes\/\">Veja tamb\u00e9m: IPO da CCR Airports poder\u00e1 levantar R$ 2 bilh\u00f5es\u00a0<\/a><\/p>\n<p>O <strong>UnitedHealth<\/strong> <strong>Group<\/strong> <strong>Brasil<\/strong> comunicou que &#8220;est\u00e1 focado na presta\u00e7\u00e3o de cuidados mais acess\u00edveis e de alta qualidade aos seus benefici\u00e1rios&#8221;. Al\u00e9m disso, o grupo controlador afirmou que &#8220;a inova\u00e7\u00e3o nos neg\u00f3cios, os avan\u00e7os tecnol\u00f3gicos e o compromisso com a efici\u00eancia exigem que a empresa avalie continuamente o porte e a composi\u00e7\u00e3o de sua equipe interna para garantir que ela apoie seu objetivo de consolidar um sistema de sa\u00fade sustent\u00e1vel e que promova mais valor e sa\u00fade para todos os seus clientes.&#8221;<\/p>\n<h2>Baixa no n\u00famero de clientes da Amil<\/h2>\n<p>Por conta da redu\u00e7\u00e3o no n\u00famero de hospitais credenciados da <strong>Amil<\/strong>, a operadora perdeu 240 mil usu\u00e1rios de seus planos de sa\u00fade, e, de acordo com fontes pr\u00f3ximas aos neg\u00f3cios do grupo, o n\u00famero pode chegar a 350 mil pessoas at\u00e9 o fim deste ano. O desempenho da empresa do ramo de sa\u00fade tem desagradado os americanos, que det\u00e9m a companhia.<\/p>\n","protected":false},"excerpt":{"rendered":"<p>A empresa UnitedHealthcare, que det\u00e9m a Amil, est\u00e1 fazendo um corte de custos e pessoal, com o intuito de alavancar os resultados da empresa de assist\u00eancia m\u00e9dica brasileira. Desde que foi comprada em 2012, pelo montante de R$ 10 bilh\u00f5es, a Amil n\u00e3o tem conseguido bons resultados financeiros. A ideia da empresa, agora, \u00e9 que [&hellip;]<\/p>\n","protected":false},"author":19,"featured_media":35606,"comment_status":"closed","ping_status":"closed","sticky":false,"template":"","format":"standard","meta":[],"categories":[64],"tags":[1920],"suno_strategy":[],"class_list":["post-35575","post","type-post","status-publish","format-standard","has-post-thumbnail","hentry","category-negocios","tag-amil"],"yoast_head":"<!-- This site is optimized with the Yoast SEO plugin v24.4 - https:\/\/yoast.com\/wordpress\/plugins\/seo\/ -->\n<title>UnitedHealthcare demite funcion\u00e1rios da Amil e faz corte de custos<\/title>\n<meta name=\"description\" content=\"A empresa UnitedHealthcare, que det\u00e9m a Amil, est\u00e1 fazendo um corte de custos e pessoal para a reestrutua\u00e7\u00e3o da empresa. Clique e saiba mais.\" \/>\n<meta name=\"robots\" content=\"index, follow, max-snippet:-1, max-image-preview:large, max-video-preview:-1\" \/>\n<link rel=\"canonical\" href=\"https:\/\/www.suno.com.br\/noticias\/unitedhealthcare-demite-funcionarios-amil-corte-custos\/\" \/>\n<meta property=\"og:locale\" content=\"pt_BR\" \/>\n<meta property=\"og:type\" content=\"article\" \/>\n<meta property=\"og:title\" content=\"UnitedHealthcare demite funcion\u00e1rios da Amil e faz corte de custos\" \/>\n<meta property=\"og:description\" content=\"A empresa UnitedHealthcare, que det\u00e9m a Amil, est\u00e1 fazendo um corte de custos e pessoal para a reestrutua\u00e7\u00e3o da empresa. Clique e saiba mais.\" \/>\n<meta property=\"og:url\" content=\"https:\/\/www.suno.com.br\/noticias\/unitedhealthcare-demite-funcionarios-amil-corte-custos\/\" \/>\n<meta property=\"og:site_name\" content=\"Suno Not\u00edcias\" \/>\n<meta property=\"article:publisher\" content=\"https:\/\/facebook.com\/sunoresearch\" \/>\n<meta property=\"og:image\" content=\"https:\/\/files.sunoresearch.com.br\/n\/uploads\/2019\/08\/d18ef1d8-amil.jpg\" \/>\n\t<meta property=\"og:image:width\" content=\"1380\" \/>\n\t<meta property=\"og:image:height\" content=\"919\" \/>\n\t<meta property=\"og:image:type\" content=\"image\/jpeg\" \/>\n<meta name=\"author\" content=\"Juliano Passaro\" \/>\n<meta name=\"twitter:card\" content=\"summary_large_image\" \/>\n<meta name=\"twitter:creator\" content=\"@sunoresearch\" \/>\n<meta name=\"twitter:site\" content=\"@sunoresearch\" \/>\n<meta name=\"twitter:label1\" content=\"Escrito por\" \/>\n\t<meta name=\"twitter:data1\" content=\"Juliano Passaro\" \/>\n\t<meta name=\"twitter:label2\" content=\"Est. tempo de leitura\" \/>\n\t<meta name=\"twitter:data2\" content=\"2 minutos\" \/>\n<script type=\"application\/ld+json\" class=\"yoast-schema-graph\">{\"@context\":\"https:\/\/schema.org\",\"@graph\":[{\"@type\":\"NewsArticle\",\"@id\":\"https:\/\/www.suno.com.br\/noticias\/unitedhealthcare-demite-funcionarios-amil-corte-custos\/#article\",\"isPartOf\":{\"@id\":\"https:\/\/www.suno.com.br\/noticias\/unitedhealthcare-demite-funcionarios-amil-corte-custos\/\"},\"author\":{\"name\":\"Juliano Passaro\",\"@id\":\"https:\/\/www.suno.com.br\/noticias\/#\/schema\/person\/1db762f78ffd8919a648a63e425953e3\"},\"headline\":\"UnitedHealthcare demite funcion\u00e1rios da Amil e faz corte de custos\",\"datePublished\":\"2019-08-28T14:58:05+00:00\",\"dateModified\":\"2019-08-28T15:00:42+00:00\",\"mainEntityOfPage\":{\"@id\":\"https:\/\/www.suno.com.br\/noticias\/unitedhealthcare-demite-funcionarios-amil-corte-custos\/\"},\"wordCount\":368,\"publisher\":{\"@id\":\"https:\/\/www.suno.com.br\/noticias\/#organization\"},\"image\":{\"@id\":\"https:\/\/www.suno.com.br\/noticias\/unitedhealthcare-demite-funcionarios-amil-corte-custos\/#primaryimage\"},\"thumbnailUrl\":\"https:\/\/files.sunoresearch.com.br\/n\/uploads\/2019\/08\/d18ef1d8-amil-jpg.webp\",\"keywords\":[\"Amil\"],\"articleSection\":[\"Neg\u00f3cios\"],\"inLanguage\":\"pt-BR\"},{\"@type\":\"WebPage\",\"@id\":\"https:\/\/www.suno.com.br\/noticias\/unitedhealthcare-demite-funcionarios-amil-corte-custos\/\",\"url\":\"https:\/\/www.suno.com.br\/noticias\/unitedhealthcare-demite-funcionarios-amil-corte-custos\/\",\"name\":\"UnitedHealthcare demite funcion\u00e1rios da Amil e faz corte de custos\",\"isPartOf\":{\"@id\":\"https:\/\/www.suno.com.br\/noticias\/#website\"},\"primaryImageOfPage\":{\"@id\":\"https:\/\/www.suno.com.br\/noticias\/unitedhealthcare-demite-funcionarios-amil-corte-custos\/#primaryimage\"},\"image\":{\"@id\":\"https:\/\/www.suno.com.br\/noticias\/unitedhealthcare-demite-funcionarios-amil-corte-custos\/#primaryimage\"},\"thumbnailUrl\":\"https:\/\/files.sunoresearch.com.br\/n\/uploads\/2019\/08\/d18ef1d8-amil-jpg.webp\",\"datePublished\":\"2019-08-28T14:58:05+00:00\",\"dateModified\":\"2019-08-28T15:00:42+00:00\",\"description\":\"A empresa UnitedHealthcare, que det\u00e9m a Amil, est\u00e1 fazendo um corte de custos e pessoal para a reestrutua\u00e7\u00e3o da empresa. Clique e saiba mais.\",\"breadcrumb\":{\"@id\":\"https:\/\/www.suno.com.br\/noticias\/unitedhealthcare-demite-funcionarios-amil-corte-custos\/#breadcrumb\"},\"inLanguage\":\"pt-BR\",\"potentialAction\":[{\"@type\":\"ReadAction\",\"target\":[\"https:\/\/www.suno.com.br\/noticias\/unitedhealthcare-demite-funcionarios-amil-corte-custos\/\"]}]},{\"@type\":\"ImageObject\",\"inLanguage\":\"pt-BR\",\"@id\":\"https:\/\/www.suno.com.br\/noticias\/unitedhealthcare-demite-funcionarios-amil-corte-custos\/#primaryimage\",\"url\":\"https:\/\/files.sunoresearch.com.br\/n\/uploads\/2019\/08\/d18ef1d8-amil-jpg.webp\",\"contentUrl\":\"https:\/\/files.sunoresearch.com.br\/n\/uploads\/2019\/08\/d18ef1d8-amil-jpg.webp\",\"width\":1380,\"height\":919,\"caption\":\"UnitedHealth\"},{\"@type\":\"BreadcrumbList\",\"@id\":\"https:\/\/www.suno.com.br\/noticias\/unitedhealthcare-demite-funcionarios-amil-corte-custos\/#breadcrumb\",\"itemListElement\":[{\"@type\":\"ListItem\",\"position\":1,\"name\":\"Not\u00edcias\",\"item\":\"https:\/\/www.suno.com.br\/noticias\/\"},{\"@type\":\"ListItem\",\"position\":2,\"name\":\"Neg\u00f3cios\",\"item\":\"https:\/\/www.suno.com.br\/noticias\/negocios\/\"},{\"@type\":\"ListItem\",\"position\":3,\"name\":\"UnitedHealthcare demite funcion\u00e1rios da Amil e faz corte de custos\"}]},{\"@type\":\"WebSite\",\"@id\":\"https:\/\/www.suno.com.br\/noticias\/#website\",\"url\":\"https:\/\/www.suno.com.br\/noticias\/\",\"name\":\"Suno Not\u00edcias\",\"description\":\"Seu portal de informa\u00e7\u00e3o sobre o mundo dos investimentos\",\"publisher\":{\"@id\":\"https:\/\/www.suno.com.br\/noticias\/#organization\"},\"potentialAction\":[{\"@type\":\"SearchAction\",\"target\":{\"@type\":\"EntryPoint\",\"urlTemplate\":\"https:\/\/www.suno.com.br\/noticias\/?s={search_term_string}\"},\"query-input\":{\"@type\":\"PropertyValueSpecification\",\"valueRequired\":true,\"valueName\":\"search_term_string\"}}],\"inLanguage\":\"pt-BR\"},{\"@type\":\"Organization\",\"@id\":\"https:\/\/www.suno.com.br\/noticias\/#organization\",\"name\":\"Suno Not\u00edcias\",\"url\":\"https:\/\/www.suno.com.br\/noticias\/\",\"logo\":{\"@type\":\"ImageObject\",\"inLanguage\":\"pt-BR\",\"@id\":\"https:\/\/www.suno.com.br\/noticias\/#\/schema\/logo\/image\/\",\"url\":\"https:\/\/files.sunoresearch.com.br\/n\/uploads\/2021\/09\/suno-logo.png\",\"contentUrl\":\"https:\/\/files.sunoresearch.com.br\/n\/uploads\/2021\/09\/suno-logo.png\",\"width\":180,\"height\":180,\"caption\":\"Suno Not\u00edcias\"},\"image\":{\"@id\":\"https:\/\/www.suno.com.br\/noticias\/#\/schema\/logo\/image\/\"},\"sameAs\":[\"https:\/\/facebook.com\/sunoresearch\",\"https:\/\/x.com\/sunoresearch\",\"https:\/\/www.instagram.com\/suno\",\"https:\/\/www.linkedin.com\/company\/suno-research\/\",\"https:\/\/www.youtube.com\/c\/sunoresearch\"]},{\"@type\":\"Person\",\"@id\":\"https:\/\/www.suno.com.br\/noticias\/#\/schema\/person\/1db762f78ffd8919a648a63e425953e3\",\"name\":\"Juliano Passaro\",\"image\":{\"@type\":\"ImageObject\",\"inLanguage\":\"pt-BR\",\"@id\":\"https:\/\/www.suno.com.br\/noticias\/#\/schema\/person\/image\/\",\"url\":\"https:\/\/secure.gravatar.com\/avatar\/743d4df28eebf6dcc46b4ad03c319e92?s=96&r=g\",\"contentUrl\":\"https:\/\/secure.gravatar.com\/avatar\/743d4df28eebf6dcc46b4ad03c319e92?s=96&r=g\",\"caption\":\"Juliano Passaro\"},\"description\":\"Juliano Passaro escreve sobre pol\u00edtica, economia e neg\u00f3cios para o portal da Suno Research. Antes da Suno, trabalhou no Portal da Band. \u00c9 formado em jornalismo pela Universidade Presbiteriana Mackenzie.\",\"url\":\"https:\/\/www.suno.com.br\/noticias\/author\/juliano\/\"}]}<\/script>\n<!-- \/ Yoast SEO plugin. -->","yoast_head_json":{"title":"UnitedHealthcare demite funcion\u00e1rios da Amil e faz corte de custos","description":"A empresa UnitedHealthcare, que det\u00e9m a Amil, est\u00e1 fazendo um corte de custos e pessoal para a reestrutua\u00e7\u00e3o da empresa. Clique e saiba mais.","robots":{"index":"index","follow":"follow","max-snippet":"max-snippet:-1","max-image-preview":"max-image-preview:large","max-video-preview":"max-video-preview:-1"},"canonical":"https:\/\/www.suno.com.br\/noticias\/unitedhealthcare-demite-funcionarios-amil-corte-custos\/","og_locale":"pt_BR","og_type":"article","og_title":"UnitedHealthcare demite funcion\u00e1rios da Amil e faz corte de custos","og_description":"A empresa UnitedHealthcare, que det\u00e9m a Amil, est\u00e1 fazendo um corte de custos e pessoal para a reestrutua\u00e7\u00e3o da empresa. Clique e saiba mais.","og_url":"https:\/\/www.suno.com.br\/noticias\/unitedhealthcare-demite-funcionarios-amil-corte-custos\/","og_site_name":"Suno Not\u00edcias","article_publisher":"https:\/\/facebook.com\/sunoresearch","og_image":[{"width":1380,"height":919,"url":"https:\/\/files.sunoresearch.com.br\/n\/uploads\/2019\/08\/d18ef1d8-amil.jpg","type":"image\/jpeg"}],"author":"Juliano Passaro","twitter_card":"summary_large_image","twitter_creator":"@sunoresearch","twitter_site":"@sunoresearch","twitter_misc":{"Escrito por":"Juliano Passaro","Est. tempo de leitura":"2 minutos"},"schema":{"@context":"https:\/\/schema.org","@graph":[{"@type":"NewsArticle","@id":"https:\/\/www.suno.com.br\/noticias\/unitedhealthcare-demite-funcionarios-amil-corte-custos\/#article","isPartOf":{"@id":"https:\/\/www.suno.com.br\/noticias\/unitedhealthcare-demite-funcionarios-amil-corte-custos\/"},"author":{"name":"Juliano Passaro","@id":"https:\/\/www.suno.com.br\/noticias\/#\/schema\/person\/1db762f78ffd8919a648a63e425953e3"},"headline":"UnitedHealthcare demite funcion\u00e1rios da Amil e faz corte de custos","datePublished":"2019-08-28T14:58:05+00:00","dateModified":"2019-08-28T15:00:42+00:00","mainEntityOfPage":{"@id":"https:\/\/www.suno.com.br\/noticias\/unitedhealthcare-demite-funcionarios-amil-corte-custos\/"},"wordCount":368,"publisher":{"@id":"https:\/\/www.suno.com.br\/noticias\/#organization"},"image":{"@id":"https:\/\/www.suno.com.br\/noticias\/unitedhealthcare-demite-funcionarios-amil-corte-custos\/#primaryimage"},"thumbnailUrl":"https:\/\/files.sunoresearch.com.br\/n\/uploads\/2019\/08\/d18ef1d8-amil-jpg.webp","keywords":["Amil"],"articleSection":["Neg\u00f3cios"],"inLanguage":"pt-BR"},{"@type":"WebPage","@id":"https:\/\/www.suno.com.br\/noticias\/unitedhealthcare-demite-funcionarios-amil-corte-custos\/","url":"https:\/\/www.suno.com.br\/noticias\/unitedhealthcare-demite-funcionarios-amil-corte-custos\/","name":"UnitedHealthcare demite funcion\u00e1rios da Amil e faz corte de custos","isPartOf":{"@id":"https:\/\/www.suno.com.br\/noticias\/#website"},"primaryImageOfPage":{"@id":"https:\/\/www.suno.com.br\/noticias\/unitedhealthcare-demite-funcionarios-amil-corte-custos\/#primaryimage"},"image":{"@id":"https:\/\/www.suno.com.br\/noticias\/unitedhealthcare-demite-funcionarios-amil-corte-custos\/#primaryimage"},"thumbnailUrl":"https:\/\/files.sunoresearch.com.br\/n\/uploads\/2019\/08\/d18ef1d8-amil-jpg.webp","datePublished":"2019-08-28T14:58:05+00:00","dateModified":"2019-08-28T15:00:42+00:00","description":"A empresa UnitedHealthcare, que det\u00e9m a Amil, est\u00e1 fazendo um corte de custos e pessoal para a reestrutua\u00e7\u00e3o da empresa. Clique e saiba mais.","breadcrumb":{"@id":"https:\/\/www.suno.com.br\/noticias\/unitedhealthcare-demite-funcionarios-amil-corte-custos\/#breadcrumb"},"inLanguage":"pt-BR","potentialAction":[{"@type":"ReadAction","target":["https:\/\/www.suno.com.br\/noticias\/unitedhealthcare-demite-funcionarios-amil-corte-custos\/"]}]},{"@type":"ImageObject","inLanguage":"pt-BR","@id":"https:\/\/www.suno.com.br\/noticias\/unitedhealthcare-demite-funcionarios-amil-corte-custos\/#primaryimage","url":"https:\/\/files.sunoresearch.com.br\/n\/uploads\/2019\/08\/d18ef1d8-amil-jpg.webp","contentUrl":"https:\/\/files.sunoresearch.com.br\/n\/uploads\/2019\/08\/d18ef1d8-amil-jpg.webp","width":1380,"height":919,"caption":"UnitedHealth"},{"@type":"BreadcrumbList","@id":"https:\/\/www.suno.com.br\/noticias\/unitedhealthcare-demite-funcionarios-amil-corte-custos\/#breadcrumb","itemListElement":[{"@type":"ListItem","position":1,"name":"Not\u00edcias","item":"https:\/\/www.suno.com.br\/noticias\/"},{"@type":"ListItem","position":2,"name":"Neg\u00f3cios","item":"https:\/\/www.suno.com.br\/noticias\/negocios\/"},{"@type":"ListItem","position":3,"name":"UnitedHealthcare demite funcion\u00e1rios da Amil e faz corte de custos"}]},{"@type":"WebSite","@id":"https:\/\/www.suno.com.br\/noticias\/#website","url":"https:\/\/www.suno.com.br\/noticias\/","name":"Suno Not\u00edcias","description":"Seu portal de informa\u00e7\u00e3o sobre o mundo dos investimentos","publisher":{"@id":"https:\/\/www.suno.com.br\/noticias\/#organization"},"potentialAction":[{"@type":"SearchAction","target":{"@type":"EntryPoint","urlTemplate":"https:\/\/www.suno.com.br\/noticias\/?s={search_term_string}"},"query-input":{"@type":"PropertyValueSpecification","valueRequired":true,"valueName":"search_term_string"}}],"inLanguage":"pt-BR"},{"@type":"Organization","@id":"https:\/\/www.suno.com.br\/noticias\/#organization","name":"Suno Not\u00edcias","url":"https:\/\/www.suno.com.br\/noticias\/","logo":{"@type":"ImageObject","inLanguage":"pt-BR","@id":"https:\/\/www.suno.com.br\/noticias\/#\/schema\/logo\/image\/","url":"https:\/\/files.sunoresearch.com.br\/n\/uploads\/2021\/09\/suno-logo.png","contentUrl":"https:\/\/files.sunoresearch.com.br\/n\/uploads\/2021\/09\/suno-logo.png","width":180,"height":180,"caption":"Suno Not\u00edcias"},"image":{"@id":"https:\/\/www.suno.com.br\/noticias\/#\/schema\/logo\/image\/"},"sameAs":["https:\/\/facebook.com\/sunoresearch","https:\/\/x.com\/sunoresearch","https:\/\/www.instagram.com\/suno","https:\/\/www.linkedin.com\/company\/suno-research\/","https:\/\/www.youtube.com\/c\/sunoresearch"]},{"@type":"Person","@id":"https:\/\/www.suno.com.br\/noticias\/#\/schema\/person\/1db762f78ffd8919a648a63e425953e3","name":"Juliano Passaro","image":{"@type":"ImageObject","inLanguage":"pt-BR","@id":"https:\/\/www.suno.com.br\/noticias\/#\/schema\/person\/image\/","url":"https:\/\/secure.gravatar.com\/avatar\/743d4df28eebf6dcc46b4ad03c319e92?s=96&r=g","contentUrl":"https:\/\/secure.gravatar.com\/avatar\/743d4df28eebf6dcc46b4ad03c319e92?s=96&r=g","caption":"Juliano Passaro"},"description":"Juliano Passaro escreve sobre pol\u00edtica, economia e neg\u00f3cios para o portal da Suno Research. Antes da Suno, trabalhou no Portal da Band. \u00c9 formado em jornalismo pela Universidade Presbiteriana Mackenzie.","url":"https:\/\/www.suno.com.br\/noticias\/author\/juliano\/"}]}},"default_loop_html":"<div class=\"cardsPage__listCard__boxs\"><div class=\"cardsPage__listCard__boxs__img\"><a href=\"https:\/\/www.suno.com.br\/noticias\/unitedhealthcare-demite-funcionarios-amil-corte-custos\/\"><img class=\"mask\" src=\"https:\/\/www.suno.com.br\/noticias\/wp-content\/themes\/suno\/resources\/images\/spotlight\/spotlight1img\/bg-mask.png\" alt=\"Image Mask\"\/><img src=\"https:\/\/files.sunoresearch.com.br\/n\/uploads\/2019\/08\/d18ef1d8-amil-400x200.webp\" alt=\"UnitedHealthcare demite funcion\u00e1rios da Amil e faz corte de custos\"\/><\/a><span class=\"spotlightCategory\"><a href=\"https:\/\/www.suno.com.br\/noticias\/negocios\/\">Neg\u00f3cios<\/a><\/span><\/div><div class=\"cardsPage__listCard__boxs__content\"><a href=\"https:\/\/www.suno.com.br\/noticias\/unitedhealthcare-demite-funcionarios-amil-corte-custos\/\"><h2 class=\"content__title\">UnitedHealthcare demite funcion\u00e1rios da Amil e faz corte de custos<\/h2><\/a><div class=\"newsContent__article__meta\"><div class=\"newsContent__article__meta__authorBox\"><a href=\"https:\/\/www.suno.com.br\/noticias\/author\/juliano\/\" class=\"authorBox__avatar noMobi\"><img src=\"https:\/\/files.sunoresearch.com.br\/n\/uploads\/2019\/06\/7cc3efea-whatsapp-image-2019-07-18-at-21.59.33-e1563499821209-150x150.webp\" alt=\"Juliano Passaro\"><\/a><div class=\"authorBox__name\"><span>por\n\t\t\t<a href=\"https:\/\/www.suno.com.br\/noticias\/author\/juliano\/\"><span itemprop=\"author\">Juliano Passaro<\/span><\/a><\/span><time datetime=\"2019-08-28T11:58:05-03:00\" itemprop=\"datePublished\">28\/08\/2019 11:58<\/time><\/div><\/div><\/div><\/div><\/div>","single_layout":"posts","amp_enabled":true,"_links":{"self":[{"href":"https:\/\/www.suno.com.br\/noticias\/wp-json\/wp\/v2\/posts\/35575"}],"collection":[{"href":"https:\/\/www.suno.com.br\/noticias\/wp-json\/wp\/v2\/posts"}],"about":[{"href":"https:\/\/www.suno.com.br\/noticias\/wp-json\/wp\/v2\/types\/post"}],"author":[{"embeddable":true,"href":"https:\/\/www.suno.com.br\/noticias\/wp-json\/wp\/v2\/users\/19"}],"replies":[{"embeddable":true,"href":"https:\/\/www.suno.com.br\/noticias\/wp-json\/wp\/v2\/comments?post=35575"}],"version-history":[{"count":0,"href":"https:\/\/www.suno.com.br\/noticias\/wp-json\/wp\/v2\/posts\/35575\/revisions"}],"wp:featuredmedia":[{"embeddable":true,"href":"https:\/\/www.suno.com.br\/noticias\/wp-json\/wp\/v2\/media\/35606"}],"wp:attachment":[{"href":"https:\/\/www.suno.com.br\/noticias\/wp-json\/wp\/v2\/media?parent=35575"}],"wp:term":[{"taxonomy":"category","embeddable":true,"href":"https:\/\/www.suno.com.br\/noticias\/wp-json\/wp\/v2\/categories?post=35575"},{"taxonomy":"post_tag","embeddable":true,"href":"https:\/\/www.suno.com.br\/noticias\/wp-json\/wp\/v2\/tags?post=35575"},{"taxonomy":"suno_strategy","embeddable":true,"href":"https:\/\/www.suno.com.br\/noticias\/wp-json\/wp\/v2\/suno_strategy?post=35575"}],"curies":[{"name":"wp","href":"https:\/\/api.w.org\/{rel}","templated":true}]}}