{"id":355650,"date":"2023-01-31T17:18:13","date_gmt":"2023-01-31T20:18:13","guid":{"rendered":"https:\/\/www.suno.com.br\/noticias\/?p=355650"},"modified":"2023-01-31T17:18:19","modified_gmt":"2023-01-31T20:18:19","slug":"fii-mfii11-rendimento-fevereiro-2023","status":"publish","type":"post","link":"https:\/\/www.suno.com.br\/noticias\/fii-mfii11-rendimento-fevereiro-2023\/","title":{"rendered":"Fundo imobili\u00e1rio MFII11 vai distribuir R$ 1,10 por cota; confira"},"content":{"rendered":"<p>Uma boa not\u00edcia para os investidores do fundo imobili\u00e1rio M\u00e9rito Desenvolvimento Imobili\u00e1rio: eles v\u00e3o receber R$ 1,10 por cota em dividendos. Os rendimentos do <a href=\"https:\/\/www.suno.com.br\/fundos-imobiliarios\/MFII11\/\"><strong>MFII11<\/strong><\/a> ser\u00e3o pagos aos cotistas em fevereiro.<\/p>\t<div class=\"wrapper-featured-image\">\n\t\t<figure class=\"spotlightImg\">\n\n\t\t\t<picture>\n\t\t\t\t<source media=\"(max-width: 768px)\" srcset=\"https:\/\/files.sunoresearch.com.br\/n\/uploads\/2023\/01\/11-1-400x200.jpg\">\n\t\t\t\t<img loading=\"lazy\" decoding=\"async\" class=\"newsContent__article__imgCapa lazyloadDisabled \" src=\"https:\/\/files.sunoresearch.com.br\/n\/uploads\/2023\/01\/11-1-800x450.jpg\" width=\"800\" height=\"450\" alt=\"Fundo imobili\u00e1rio MFII11 vai distribuir R$ 1,10 por cota; confira\" fetchpriority=high \/>\n\t\t\t<\/picture>\n\n\t\t\t<figcaption class=\"wp-caption-text wp-caption-text--show\">MFII11 Foto: Unsplash<\/figcaption>\n\t\t<\/figure>\n\t<\/div>\n\n\n\t<p>\n\t\t<a href=\"\" target=\"_blank\" data-element=\"shortcode-suno-banner\" title=\"Banner SUNO, clique e saiba mais\">\n\t\t\t<picture>\n\t\t\t\t<source media=\"(max-width: 500px)\" srcset=\"\">\n\t\t\t\t<img class=\"newsContent__article__imgCapa newsContent__article__imgCapa--banner\"\n\t\t\t\t\tsrc=\"\"\n\t\t\t\t\tdata-promo-id=\"77050\"\t\t\t\t\t\t\t\t\t\t\t\t\t\t\talt=\"\"\n\t\t\t\t>\n\t\t\t<\/picture>\n\t\t<\/a>\n\t<\/p>\n\n\n<p>Os <strong>dividendos do MFII11<\/strong> ser\u00e3o destinados aos cotistas posicionados at\u00e9 o dia 31 de janeiro. Assim, os que comprarem cotas do FII a partir de 1 de fevereiro n\u00e3o ter\u00e3o direito a receber. O pagamento ser\u00e1 realizado pelo fundo em 14 de fevereiro.<\/p>\n<p>Os<strong> rendimentos do MFII11<\/strong><strong>\u00a0<\/strong>referentes a janeiro foram uma queda de 1,8% ante o valor pago no m\u00eas anterior.<\/p>\n<p>No m\u00eas anterior, os dividendos do MFII11 aos seus cotistas somaram R$ 1,12. O <strong>dividend yield do MFII11<\/strong> passou de 1,19% para 1,14%, j\u00e1 considerada a varia\u00e7\u00e3o no pre\u00e7o da cota.<\/p>\n<p>No acumulado dos \u00faltimos 12 meses, o dividend yield do FII \u00e9 de 14,0325%.<\/p>\n<h2>Veja abaixo mais detalhes sobre os proventos do FII MFII11:<\/h2>\n<p><strong>FII M\u00e9rito Desenvolvimento Imobili\u00e1rio (MFII11)<\/strong><\/p>\n<ul>\n<li>Rendimento: R$ 1,1000<\/li>\n<li>Data de corte: 31\/01\/2023<\/li>\n<li>Data do pagamento: 14\/02\/2023<\/li>\n<li>Dividend yield da distribui\u00e7\u00e3o: 1,14%<\/li>\n<\/ul>\n<h2>FII MFII11 &#8211; Rendimento \u00faltimos 12 meses<\/h2>\n<table>\n<tbody>\n<tr>\n<td>Tipo<\/td>\n<td>M\u00eas de Pagamento<\/td>\n<td>Valor<\/td>\n<\/tr>\n<tr>\n<td>Rendimento<\/td>\n<td>Fevereiro\/2023<\/td>\n<td>R$ 1,1000<\/td>\n<\/tr>\n<tr>\n<td>Rendimento<\/td>\n<td>Janeiro\/2023<\/td>\n<td>R$ 1,1200<\/td>\n<\/tr>\n<tr>\n<td>Rendimento<\/td>\n<td>Dezembro\/2022<\/td>\n<td>R$ 1,1100<\/td>\n<\/tr>\n<tr>\n<td>Rendimento<\/td>\n<td>Novembro\/2022<\/td>\n<td>R$ 1,1100<\/td>\n<\/tr>\n<tr>\n<td>Rendimento<\/td>\n<td>Outubro\/2022<\/td>\n<td>R$ 1,0900<\/td>\n<\/tr>\n<tr>\n<td>Rendimento<\/td>\n<td>Setembro\/2022<\/td>\n<td>R$ 1,1000<\/td>\n<\/tr>\n<tr>\n<td>Rendimento<\/td>\n<td>Agosto\/2022<\/td>\n<td>R$ 1,1000<\/td>\n<\/tr>\n<tr>\n<td>Rendimento<\/td>\n<td>Julho\/2022<\/td>\n<td>R$ 1,1000<\/td>\n<\/tr>\n<tr>\n<td>Rendimento<\/td>\n<td>Junho\/2022<\/td>\n<td>R$ 1,1000<\/td>\n<\/tr>\n<tr>\n<td>Rendimento<\/td>\n<td>Maio\/2022<\/td>\n<td>R$ 1,1100<\/td>\n<\/tr>\n<tr>\n<td>Rendimento<\/td>\n<td>Abril\/2022<\/td>\n<td>R$ 1,1700<\/td>\n<\/tr>\n<tr>\n<td>Rendimento<\/td>\n<td>Mar\u00e7o\/2022<\/td>\n<td>R$ 1,1700<\/td>\n<\/tr>\n<\/tbody>\n<\/table>\n<h2>Veja mais informa\u00e7\u00f5es sobre o fundo MFII11<\/h2>\n<p>A tese de investimento principal do MFII11 \u00e9 Fundo de Desenvolvimento. O fundo imobili\u00e1rio M\u00e9rito Desenvolvimento Imobili\u00e1rio foi iniciado em mar\u00e7o de 2013.<\/p>\n<p>As cotas do FII M\u00e9rito Desenvolvimento Imobili\u00e1rio s\u00e3o compradas e vendidas atrav\u00e9s da Bolsa de Valores Brasileira, a B3. Ele tem cerca de 28.379 cotistas e um valor de mercado de R$ 397.770.648,00.<\/p>\n<p>A cota do MFII11, negociada em bolsa, valorizou 4,90%% nos \u00faltimos 30 dias, com \u00faltimo fechamento a R$ 96,50. J\u00e1 nos \u00faltimos 12 meses, o pre\u00e7o do FII registrou uma queda de -11,79%%.<\/p>\n<p>Outro indicador \u00e9 o P\/VP, obtido a partir da rela\u00e7\u00e3o entre o valor da cota na bolsa e o valor patrimonial por cota, que no caso do M\u00e9rito Desenvolvimento Imobili\u00e1rio, esses n\u00fameros s\u00e3o de, respectivamente R$ 96,50 e R$ 103,81.<\/p>\n<p>Com isso, o patrim\u00f4nio l\u00edquido total do <strong>MFII11<\/strong> \u00e9 de 430.508.232,75.<\/p>\n<h2>IFIX e os FIIS na bolsa<\/h2>\n<p>Veja as principais altas e baixas do \u00faltimo preg\u00e3o:<\/p>\n<h3>Maiores altas no dia<\/h3>\n<ul>\n<li>RBRY11: Alta de 3,87%<\/li>\n<li>XPIN11: Alta de 2,70%<\/li>\n<li>LVBI11: Alta de 2,60%<\/li>\n<li>VRTA11: Alta de 2,54%<\/li>\n<li>PATL11: Alta de 2,49%<\/li>\n<\/ul>\n<h3>Maiores baixas no dia<\/h3>\n<ul>\n<li>VSLH11: Baixa de 9,19%<\/li>\n<li>TORD11: Baixa de 3,83%<\/li>\n<li>LGCP11: Baixa de 1,68%<\/li>\n<li>HGFF11: Baixa de 1,34%<\/li>\n<li>VTLT11: Baixa de 1,06%<\/li>\n<\/ul>\n<p>Clique <a href=\"https:\/\/www.suno.com.br\/noticias\/imoveis\/\">aqui<\/a> e entenda o que acontece no mercado de fundos imobili\u00e1rios ou veja tudo sobre o FII <strong>MFII11<\/strong> <a href=\"https:\/\/www.suno.com.br\/noticias\/tags\/MFII11\/\">aqui<\/a>.<\/p>\n\t<p>\n\t\t<a href=\"https:\/\/lp.suno.com.br\/ebook-como-analisar-uma-acao\/\" target=\"_blank\" data-element=\"shortcode-suno-banner\" title=\"Banner SUNO, clique e saiba mais\">\n\t\t\t<picture>\n\t\t\t\t<source media=\"(max-width: 500px)\" srcset=\"https:\/\/files.sunoresearch.com.br\/n\/uploads\/2023\/03\/Ebook-Acoes-Mobile-1.jpg\">\n\t\t\t\t<img class=\"newsContent__article__imgCapa newsContent__article__imgCapa--banner\"\n\t\t\t\t\tsrc=\"https:\/\/files.sunoresearch.com.br\/n\/uploads\/2023\/03\/Ebook-Acoes-Desktop-1.jpg\"\n\t\t\t\t\tdata-promo-id=\"171998\"\t\t\t\t\t\t\t\t\t\twidth='1420' height='286'\t\t\t\t\talt=\"https:\/\/files.sunoresearch.com.br\/n\/uploads\/2023\/03\/Ebook-Acoes-Desktop-1.jpg\"\n\t\t\t\t>\n\t\t\t<\/picture>\n\t\t<\/a>\n\t<\/p>\n\n\n","protected":false},"excerpt":{"rendered":"<p>Uma boa not\u00edcia para os investidores do fundo imobili\u00e1rio M\u00e9rito Desenvolvimento Imobili\u00e1rio: eles v\u00e3o receber R$ 1,10 por cota em dividendos. Os rendimentos do MFII11 ser\u00e3o pagos aos cotistas em fevereiro. MFII11 Foto: Unsplash Os dividendos do MFII11 ser\u00e3o destinados aos cotistas posicionados at\u00e9 o dia 31 de janeiro. Assim, os que comprarem cotas do [&hellip;]<\/p>\n","protected":false},"author":195,"featured_media":349400,"comment_status":"closed","ping_status":"closed","sticky":false,"template":"","format":"standard","meta":[],"categories":[66],"tags":[315,106085],"suno_strategy":[],"class_list":["post-355650","post","type-post","status-publish","format-standard","has-post-thumbnail","hentry","category-fiis","tag-fundos-imobiliarios-fiis","tag-mfii11"],"yoast_head":"<!-- This site is optimized with the Yoast SEO plugin v24.4 - https:\/\/yoast.com\/wordpress\/plugins\/seo\/ -->\n<title>Fundo imobili\u00e1rio MFII11 vai distribuir R$ 1,10 por cota; confira<\/title>\n<meta name=\"description\" content=\"O FII MFII11 anunciou o pagamento de rendimentos em fevereiro. Clique aqui para saber os detalhes sobre os dividendos do MFII11.\" \/>\n<meta name=\"robots\" content=\"index, follow, max-snippet:-1, max-image-preview:large, max-video-preview:-1\" \/>\n<link rel=\"canonical\" href=\"https:\/\/www.suno.com.br\/noticias\/fii-mfii11-rendimento-fevereiro-2023\/\" \/>\n<meta property=\"og:locale\" content=\"pt_BR\" \/>\n<meta property=\"og:type\" content=\"article\" \/>\n<meta property=\"og:title\" content=\"Fundo imobili\u00e1rio MFII11 vai distribuir R$ 1,10 por cota; confira\" \/>\n<meta property=\"og:description\" content=\"O FII MFII11 anunciou o pagamento de rendimentos em fevereiro. Clique aqui para saber os detalhes sobre os dividendos do MFII11.\" \/>\n<meta property=\"og:url\" content=\"https:\/\/www.suno.com.br\/noticias\/fii-mfii11-rendimento-fevereiro-2023\/\" \/>\n<meta property=\"og:site_name\" content=\"Suno Not\u00edcias\" \/>\n<meta property=\"article:publisher\" content=\"https:\/\/facebook.com\/sunoresearch\" \/>\n<meta property=\"og:image\" content=\"https:\/\/files.sunoresearch.com.br\/n\/uploads\/2023\/01\/11-1-scaled.jpg\" \/>\n\t<meta property=\"og:image:width\" content=\"2560\" \/>\n\t<meta property=\"og:image:height\" content=\"1922\" \/>\n\t<meta property=\"og:image:type\" content=\"image\/jpeg\" \/>\n<meta name=\"author\" content=\"Ana Clara Macedo\" \/>\n<meta name=\"twitter:card\" content=\"summary_large_image\" \/>\n<meta name=\"twitter:creator\" content=\"@sunoresearch\" \/>\n<meta name=\"twitter:site\" content=\"@sunoresearch\" \/>\n<meta name=\"twitter:label1\" content=\"Escrito por\" \/>\n\t<meta name=\"twitter:data1\" content=\"Ana Clara Macedo\" \/>\n\t<meta name=\"twitter:label2\" content=\"Est. tempo de leitura\" \/>\n\t<meta name=\"twitter:data2\" content=\"3 minutos\" \/>\n<script type=\"application\/ld+json\" class=\"yoast-schema-graph\">{\"@context\":\"https:\/\/schema.org\",\"@graph\":[{\"@type\":\"NewsArticle\",\"@id\":\"https:\/\/www.suno.com.br\/noticias\/fii-mfii11-rendimento-fevereiro-2023\/#article\",\"isPartOf\":{\"@id\":\"https:\/\/www.suno.com.br\/noticias\/fii-mfii11-rendimento-fevereiro-2023\/\"},\"author\":{\"name\":\"Ana Clara Macedo\",\"@id\":\"https:\/\/www.suno.com.br\/noticias\/#\/schema\/person\/a70f3c52ef8c814d62ed63b30bb30176\"},\"headline\":\"Fundo imobili\u00e1rio MFII11 vai distribuir R$ 1,10 por cota; confira\",\"datePublished\":\"2023-01-31T20:18:13+00:00\",\"dateModified\":\"2023-01-31T20:18:19+00:00\",\"mainEntityOfPage\":{\"@id\":\"https:\/\/www.suno.com.br\/noticias\/fii-mfii11-rendimento-fevereiro-2023\/\"},\"wordCount\":462,\"publisher\":{\"@id\":\"https:\/\/www.suno.com.br\/noticias\/#organization\"},\"image\":{\"@id\":\"https:\/\/www.suno.com.br\/noticias\/fii-mfii11-rendimento-fevereiro-2023\/#primaryimage\"},\"thumbnailUrl\":\"https:\/\/files.sunoresearch.com.br\/n\/uploads\/2023\/01\/11-1-scaled.jpg\",\"keywords\":[\"Fundos Imobili\u00e1rios (FIIs)\",\"MFII11\"],\"articleSection\":[\"FIIs\"],\"inLanguage\":\"pt-BR\"},{\"@type\":\"WebPage\",\"@id\":\"https:\/\/www.suno.com.br\/noticias\/fii-mfii11-rendimento-fevereiro-2023\/\",\"url\":\"https:\/\/www.suno.com.br\/noticias\/fii-mfii11-rendimento-fevereiro-2023\/\",\"name\":\"Fundo imobili\u00e1rio MFII11 vai distribuir R$ 1,10 por cota; confira\",\"isPartOf\":{\"@id\":\"https:\/\/www.suno.com.br\/noticias\/#website\"},\"primaryImageOfPage\":{\"@id\":\"https:\/\/www.suno.com.br\/noticias\/fii-mfii11-rendimento-fevereiro-2023\/#primaryimage\"},\"image\":{\"@id\":\"https:\/\/www.suno.com.br\/noticias\/fii-mfii11-rendimento-fevereiro-2023\/#primaryimage\"},\"thumbnailUrl\":\"https:\/\/files.sunoresearch.com.br\/n\/uploads\/2023\/01\/11-1-scaled.jpg\",\"datePublished\":\"2023-01-31T20:18:13+00:00\",\"dateModified\":\"2023-01-31T20:18:19+00:00\",\"description\":\"O FII MFII11 anunciou o pagamento de rendimentos em fevereiro. Clique aqui para saber os detalhes sobre os dividendos do MFII11.\",\"breadcrumb\":{\"@id\":\"https:\/\/www.suno.com.br\/noticias\/fii-mfii11-rendimento-fevereiro-2023\/#breadcrumb\"},\"inLanguage\":\"pt-BR\",\"potentialAction\":[{\"@type\":\"ReadAction\",\"target\":[\"https:\/\/www.suno.com.br\/noticias\/fii-mfii11-rendimento-fevereiro-2023\/\"]}]},{\"@type\":\"ImageObject\",\"inLanguage\":\"pt-BR\",\"@id\":\"https:\/\/www.suno.com.br\/noticias\/fii-mfii11-rendimento-fevereiro-2023\/#primaryimage\",\"url\":\"https:\/\/files.sunoresearch.com.br\/n\/uploads\/2023\/01\/11-1-scaled.jpg\",\"contentUrl\":\"https:\/\/files.sunoresearch.com.br\/n\/uploads\/2023\/01\/11-1-scaled.jpg\",\"width\":2560,\"height\":1922,\"caption\":\"MFII11 Foto: Unsplash\"},{\"@type\":\"BreadcrumbList\",\"@id\":\"https:\/\/www.suno.com.br\/noticias\/fii-mfii11-rendimento-fevereiro-2023\/#breadcrumb\",\"itemListElement\":[{\"@type\":\"ListItem\",\"position\":1,\"name\":\"Not\u00edcias\",\"item\":\"https:\/\/www.suno.com.br\/noticias\/\"},{\"@type\":\"ListItem\",\"position\":2,\"name\":\"FIIs\",\"item\":\"https:\/\/www.suno.com.br\/noticias\/fiis\/\"},{\"@type\":\"ListItem\",\"position\":3,\"name\":\"Fundo imobili\u00e1rio MFII11 vai distribuir R$ 1,10 por cota; confira\"}]},{\"@type\":\"WebSite\",\"@id\":\"https:\/\/www.suno.com.br\/noticias\/#website\",\"url\":\"https:\/\/www.suno.com.br\/noticias\/\",\"name\":\"Suno Not\u00edcias\",\"description\":\"Seu portal de informa\u00e7\u00e3o sobre o mundo dos investimentos\",\"publisher\":{\"@id\":\"https:\/\/www.suno.com.br\/noticias\/#organization\"},\"potentialAction\":[{\"@type\":\"SearchAction\",\"target\":{\"@type\":\"EntryPoint\",\"urlTemplate\":\"https:\/\/www.suno.com.br\/noticias\/?s={search_term_string}\"},\"query-input\":{\"@type\":\"PropertyValueSpecification\",\"valueRequired\":true,\"valueName\":\"search_term_string\"}}],\"inLanguage\":\"pt-BR\"},{\"@type\":\"Organization\",\"@id\":\"https:\/\/www.suno.com.br\/noticias\/#organization\",\"name\":\"Suno Not\u00edcias\",\"url\":\"https:\/\/www.suno.com.br\/noticias\/\",\"logo\":{\"@type\":\"ImageObject\",\"inLanguage\":\"pt-BR\",\"@id\":\"https:\/\/www.suno.com.br\/noticias\/#\/schema\/logo\/image\/\",\"url\":\"https:\/\/files.sunoresearch.com.br\/n\/uploads\/2021\/09\/suno-logo.png\",\"contentUrl\":\"https:\/\/files.sunoresearch.com.br\/n\/uploads\/2021\/09\/suno-logo.png\",\"width\":180,\"height\":180,\"caption\":\"Suno Not\u00edcias\"},\"image\":{\"@id\":\"https:\/\/www.suno.com.br\/noticias\/#\/schema\/logo\/image\/\"},\"sameAs\":[\"https:\/\/facebook.com\/sunoresearch\",\"https:\/\/x.com\/sunoresearch\",\"https:\/\/www.instagram.com\/suno\",\"https:\/\/www.linkedin.com\/company\/suno-research\/\",\"https:\/\/www.youtube.com\/c\/sunoresearch\"]},{\"@type\":\"Person\",\"@id\":\"https:\/\/www.suno.com.br\/noticias\/#\/schema\/person\/a70f3c52ef8c814d62ed63b30bb30176\",\"name\":\"Ana Clara Macedo\",\"image\":{\"@type\":\"ImageObject\",\"inLanguage\":\"pt-BR\",\"@id\":\"https:\/\/www.suno.com.br\/noticias\/#\/schema\/person\/image\/\",\"url\":\"https:\/\/secure.gravatar.com\/avatar\/40810da86786bd5619f8cd594b0f44ef?s=96&r=g\",\"contentUrl\":\"https:\/\/secure.gravatar.com\/avatar\/40810da86786bd5619f8cd594b0f44ef?s=96&r=g\",\"caption\":\"Ana Clara Macedo\"},\"description\":\"Rep\u00f3rter no Suno Not\u00edcias, cobrindo acontecimentos sobre neg\u00f3cios, mercado financeiro e economia. Anteriormente trabalhou como Rep\u00f3rter no Mercado News e produziu relat\u00f3rios e artigos sobre empresas de capital aberto.\",\"url\":\"https:\/\/www.suno.com.br\/noticias\/author\/ana-clara-macedo\/\"}]}<\/script>\n<!-- \/ Yoast SEO plugin. -->","yoast_head_json":{"title":"Fundo imobili\u00e1rio MFII11 vai distribuir R$ 1,10 por cota; confira","description":"O FII MFII11 anunciou o pagamento de rendimentos em fevereiro. Clique aqui para saber os detalhes sobre os dividendos do MFII11.","robots":{"index":"index","follow":"follow","max-snippet":"max-snippet:-1","max-image-preview":"max-image-preview:large","max-video-preview":"max-video-preview:-1"},"canonical":"https:\/\/www.suno.com.br\/noticias\/fii-mfii11-rendimento-fevereiro-2023\/","og_locale":"pt_BR","og_type":"article","og_title":"Fundo imobili\u00e1rio MFII11 vai distribuir R$ 1,10 por cota; confira","og_description":"O FII MFII11 anunciou o pagamento de rendimentos em fevereiro. Clique aqui para saber os detalhes sobre os dividendos do MFII11.","og_url":"https:\/\/www.suno.com.br\/noticias\/fii-mfii11-rendimento-fevereiro-2023\/","og_site_name":"Suno Not\u00edcias","article_publisher":"https:\/\/facebook.com\/sunoresearch","og_image":[{"width":2560,"height":1922,"url":"https:\/\/files.sunoresearch.com.br\/n\/uploads\/2023\/01\/11-1-scaled.jpg","type":"image\/jpeg"}],"author":"Ana Clara Macedo","twitter_card":"summary_large_image","twitter_creator":"@sunoresearch","twitter_site":"@sunoresearch","twitter_misc":{"Escrito por":"Ana Clara Macedo","Est. tempo de leitura":"3 minutos"},"schema":{"@context":"https:\/\/schema.org","@graph":[{"@type":"NewsArticle","@id":"https:\/\/www.suno.com.br\/noticias\/fii-mfii11-rendimento-fevereiro-2023\/#article","isPartOf":{"@id":"https:\/\/www.suno.com.br\/noticias\/fii-mfii11-rendimento-fevereiro-2023\/"},"author":{"name":"Ana Clara Macedo","@id":"https:\/\/www.suno.com.br\/noticias\/#\/schema\/person\/a70f3c52ef8c814d62ed63b30bb30176"},"headline":"Fundo imobili\u00e1rio MFII11 vai distribuir R$ 1,10 por cota; confira","datePublished":"2023-01-31T20:18:13+00:00","dateModified":"2023-01-31T20:18:19+00:00","mainEntityOfPage":{"@id":"https:\/\/www.suno.com.br\/noticias\/fii-mfii11-rendimento-fevereiro-2023\/"},"wordCount":462,"publisher":{"@id":"https:\/\/www.suno.com.br\/noticias\/#organization"},"image":{"@id":"https:\/\/www.suno.com.br\/noticias\/fii-mfii11-rendimento-fevereiro-2023\/#primaryimage"},"thumbnailUrl":"https:\/\/files.sunoresearch.com.br\/n\/uploads\/2023\/01\/11-1-scaled.jpg","keywords":["Fundos Imobili\u00e1rios (FIIs)","MFII11"],"articleSection":["FIIs"],"inLanguage":"pt-BR"},{"@type":"WebPage","@id":"https:\/\/www.suno.com.br\/noticias\/fii-mfii11-rendimento-fevereiro-2023\/","url":"https:\/\/www.suno.com.br\/noticias\/fii-mfii11-rendimento-fevereiro-2023\/","name":"Fundo imobili\u00e1rio MFII11 vai distribuir R$ 1,10 por cota; confira","isPartOf":{"@id":"https:\/\/www.suno.com.br\/noticias\/#website"},"primaryImageOfPage":{"@id":"https:\/\/www.suno.com.br\/noticias\/fii-mfii11-rendimento-fevereiro-2023\/#primaryimage"},"image":{"@id":"https:\/\/www.suno.com.br\/noticias\/fii-mfii11-rendimento-fevereiro-2023\/#primaryimage"},"thumbnailUrl":"https:\/\/files.sunoresearch.com.br\/n\/uploads\/2023\/01\/11-1-scaled.jpg","datePublished":"2023-01-31T20:18:13+00:00","dateModified":"2023-01-31T20:18:19+00:00","description":"O FII MFII11 anunciou o pagamento de rendimentos em fevereiro. Clique aqui para saber os detalhes sobre os dividendos do MFII11.","breadcrumb":{"@id":"https:\/\/www.suno.com.br\/noticias\/fii-mfii11-rendimento-fevereiro-2023\/#breadcrumb"},"inLanguage":"pt-BR","potentialAction":[{"@type":"ReadAction","target":["https:\/\/www.suno.com.br\/noticias\/fii-mfii11-rendimento-fevereiro-2023\/"]}]},{"@type":"ImageObject","inLanguage":"pt-BR","@id":"https:\/\/www.suno.com.br\/noticias\/fii-mfii11-rendimento-fevereiro-2023\/#primaryimage","url":"https:\/\/files.sunoresearch.com.br\/n\/uploads\/2023\/01\/11-1-scaled.jpg","contentUrl":"https:\/\/files.sunoresearch.com.br\/n\/uploads\/2023\/01\/11-1-scaled.jpg","width":2560,"height":1922,"caption":"MFII11 Foto: Unsplash"},{"@type":"BreadcrumbList","@id":"https:\/\/www.suno.com.br\/noticias\/fii-mfii11-rendimento-fevereiro-2023\/#breadcrumb","itemListElement":[{"@type":"ListItem","position":1,"name":"Not\u00edcias","item":"https:\/\/www.suno.com.br\/noticias\/"},{"@type":"ListItem","position":2,"name":"FIIs","item":"https:\/\/www.suno.com.br\/noticias\/fiis\/"},{"@type":"ListItem","position":3,"name":"Fundo imobili\u00e1rio MFII11 vai distribuir R$ 1,10 por cota; confira"}]},{"@type":"WebSite","@id":"https:\/\/www.suno.com.br\/noticias\/#website","url":"https:\/\/www.suno.com.br\/noticias\/","name":"Suno Not\u00edcias","description":"Seu portal de informa\u00e7\u00e3o sobre o mundo dos investimentos","publisher":{"@id":"https:\/\/www.suno.com.br\/noticias\/#organization"},"potentialAction":[{"@type":"SearchAction","target":{"@type":"EntryPoint","urlTemplate":"https:\/\/www.suno.com.br\/noticias\/?s={search_term_string}"},"query-input":{"@type":"PropertyValueSpecification","valueRequired":true,"valueName":"search_term_string"}}],"inLanguage":"pt-BR"},{"@type":"Organization","@id":"https:\/\/www.suno.com.br\/noticias\/#organization","name":"Suno Not\u00edcias","url":"https:\/\/www.suno.com.br\/noticias\/","logo":{"@type":"ImageObject","inLanguage":"pt-BR","@id":"https:\/\/www.suno.com.br\/noticias\/#\/schema\/logo\/image\/","url":"https:\/\/files.sunoresearch.com.br\/n\/uploads\/2021\/09\/suno-logo.png","contentUrl":"https:\/\/files.sunoresearch.com.br\/n\/uploads\/2021\/09\/suno-logo.png","width":180,"height":180,"caption":"Suno Not\u00edcias"},"image":{"@id":"https:\/\/www.suno.com.br\/noticias\/#\/schema\/logo\/image\/"},"sameAs":["https:\/\/facebook.com\/sunoresearch","https:\/\/x.com\/sunoresearch","https:\/\/www.instagram.com\/suno","https:\/\/www.linkedin.com\/company\/suno-research\/","https:\/\/www.youtube.com\/c\/sunoresearch"]},{"@type":"Person","@id":"https:\/\/www.suno.com.br\/noticias\/#\/schema\/person\/a70f3c52ef8c814d62ed63b30bb30176","name":"Ana Clara Macedo","image":{"@type":"ImageObject","inLanguage":"pt-BR","@id":"https:\/\/www.suno.com.br\/noticias\/#\/schema\/person\/image\/","url":"https:\/\/secure.gravatar.com\/avatar\/40810da86786bd5619f8cd594b0f44ef?s=96&r=g","contentUrl":"https:\/\/secure.gravatar.com\/avatar\/40810da86786bd5619f8cd594b0f44ef?s=96&r=g","caption":"Ana Clara Macedo"},"description":"Rep\u00f3rter no Suno Not\u00edcias, cobrindo acontecimentos sobre neg\u00f3cios, mercado financeiro e economia. Anteriormente trabalhou como Rep\u00f3rter no Mercado News e produziu relat\u00f3rios e artigos sobre empresas de capital aberto.","url":"https:\/\/www.suno.com.br\/noticias\/author\/ana-clara-macedo\/"}]}},"default_loop_html":"<div class=\"cardsPage__listCard__boxs\"><div class=\"cardsPage__listCard__boxs__img\"><a href=\"https:\/\/www.suno.com.br\/noticias\/fii-mfii11-rendimento-fevereiro-2023\/\"><img class=\"mask\" src=\"https:\/\/www.suno.com.br\/noticias\/wp-content\/themes\/suno\/resources\/images\/spotlight\/spotlight1img\/bg-mask.png\" alt=\"Image Mask\"\/><img src=\"https:\/\/files.sunoresearch.com.br\/n\/uploads\/2023\/01\/11-1-400x200.jpg\" alt=\"Fundo imobili\u00e1rio MFII11 vai distribuir R$ 1,10 por cota; confira\"\/><\/a><span class=\"spotlightCategory\"><a href=\"https:\/\/www.suno.com.br\/noticias\/fiis\/\">FIIs<\/a><\/span><\/div><div class=\"cardsPage__listCard__boxs__content\"><a href=\"https:\/\/www.suno.com.br\/noticias\/fii-mfii11-rendimento-fevereiro-2023\/\"><h2 class=\"content__title\">Fundo imobili\u00e1rio MFII11 vai distribuir R$ 1,10 por cota; confira<\/h2><\/a><div class=\"newsContent__article__meta\"><div class=\"newsContent__article__meta__authorBox\"><a href=\"https:\/\/www.suno.com.br\/noticias\/author\/ana-clara-macedo\/\" class=\"authorBox__avatar noMobi\"><img src=\"https:\/\/secure.gravatar.com\/avatar\/40810da86786bd5619f8cd594b0f44ef?s=96&#038;r=g\" alt=\"Ana Clara Macedo\"><\/a><div class=\"authorBox__name\"><span>por\n\t\t\t<a href=\"https:\/\/www.suno.com.br\/noticias\/author\/ana-clara-macedo\/\"><span itemprop=\"author\">Ana Clara Macedo<\/span><\/a><\/span><time datetime=\"2023-01-31T17:18:13-03:00\" itemprop=\"datePublished\">31\/01\/2023 17:18<\/time><\/div><\/div><\/div><\/div><\/div>","single_layout":"posts","amp_enabled":true,"_links":{"self":[{"href":"https:\/\/www.suno.com.br\/noticias\/wp-json\/wp\/v2\/posts\/355650"}],"collection":[{"href":"https:\/\/www.suno.com.br\/noticias\/wp-json\/wp\/v2\/posts"}],"about":[{"href":"https:\/\/www.suno.com.br\/noticias\/wp-json\/wp\/v2\/types\/post"}],"author":[{"embeddable":true,"href":"https:\/\/www.suno.com.br\/noticias\/wp-json\/wp\/v2\/users\/195"}],"replies":[{"embeddable":true,"href":"https:\/\/www.suno.com.br\/noticias\/wp-json\/wp\/v2\/comments?post=355650"}],"version-history":[{"count":3,"href":"https:\/\/www.suno.com.br\/noticias\/wp-json\/wp\/v2\/posts\/355650\/revisions"}],"predecessor-version":[{"id":355878,"href":"https:\/\/www.suno.com.br\/noticias\/wp-json\/wp\/v2\/posts\/355650\/revisions\/355878"}],"wp:featuredmedia":[{"embeddable":true,"href":"https:\/\/www.suno.com.br\/noticias\/wp-json\/wp\/v2\/media\/349400"}],"wp:attachment":[{"href":"https:\/\/www.suno.com.br\/noticias\/wp-json\/wp\/v2\/media?parent=355650"}],"wp:term":[{"taxonomy":"category","embeddable":true,"href":"https:\/\/www.suno.com.br\/noticias\/wp-json\/wp\/v2\/categories?post=355650"},{"taxonomy":"post_tag","embeddable":true,"href":"https:\/\/www.suno.com.br\/noticias\/wp-json\/wp\/v2\/tags?post=355650"},{"taxonomy":"suno_strategy","embeddable":true,"href":"https:\/\/www.suno.com.br\/noticias\/wp-json\/wp\/v2\/suno_strategy?post=355650"}],"curies":[{"name":"wp","href":"https:\/\/api.w.org\/{rel}","templated":true}]}}