{"id":355499,"date":"2023-01-31T13:31:31","date_gmt":"2023-01-31T16:31:31","guid":{"rendered":"https:\/\/www.suno.com.br\/noticias\/?p=355499"},"modified":"2023-01-31T17:02:35","modified_gmt":"2023-01-31T20:02:35","slug":"banco-do-brasil-bbas3-gestor-suno","status":"publish","type":"post","link":"https:\/\/www.suno.com.br\/noticias\/banco-do-brasil-bbas3-gestor-suno\/","title":{"rendered":"Banco do Brasil (BBAS3) \u00e9 um dos &#8220;protagonistas&#8221; dos fundos, diz gestor da Suno"},"content":{"rendered":"<p>O CIO da Suno Asset, Vitor Duarte, destaca que dentro da sele\u00e7\u00e3o de ativos da casa, o <a class=\"suno-keyword\" data-force=\"yes\" data-priority=\"2\" href=\"https:\/\/www.suno.com.br\/acoes\/BBAS3\/\" target=\"_blank\" rel=\"noopener\"><strong>Banco do Brasil<\/strong> (BBAS3)<\/a> segue dentro das carteiras de a\u00e7\u00f5es como um dos protagonistas, sendo um ativo resiliente para o momento atual e com exposi\u00e7\u00e3o a setores mais seguros &#8211; como o agroneg\u00f3cio.<\/p><div class=\"videoFull videoFull--noRadius\">\n\t\t\t<div class=\"videoWrapper yt-lazyload center\"\n\t\t\t\tdata-width=\"960\"\n\t\t\t\tdata-height=\"540\"\n\t\t\t\tdata-id=\"6YZ-iixHJuc\"\n\t\t\t\tdata-alt=\"Veja a entrevista completa com o Vitor Duarte, CIO da Suno Asset!\"\n\t\t\t\tdata-logo=\"3\"\n\t\t\t\tdata-imagequality=\"maxres\">\n\t\t\t<\/div>\n\t\t<\/div><span class=\"videoFull__caption videoFull__caption--show\">Veja a entrevista completa com o Vitor Duarte, CIO da Suno Asset!<p><\/p><\/span><script type=\"application\/ld+json\">{\"@context\":\"https:\/\/schema.org\",\"@type\":\"VideoObject\",\"name\":\"Copom inicia reuni\u00e3o | FMI v\u00ea crescimento de PIB global | Santander (SANB11) na pior?\",\"description\":\"\ud83e\udd73\ud83d\udcca[\ud835\uddf2\ud835\uddd5\ud835\uddfc\ud835\uddfc\ud835\uddf8 \ud835\uddda\ud835\udde5\ud835\uddd4\ud835\udde7\ud835\udde8\ud835\udddc\ud835\udde7\ud835\udde2 por 24H] \ud835\udc01\ud835\udc1a\ud835\udc22\ud835\udc31\ud835\udc1e \ud835\udc1a\ud835\udc20\ud835\udc28\ud835\udc2b\ud835\udc1a \ud835\udc28 \ud835\udc29\ud835\udc2b\ud835\udc1e\ud835\udc2c\ud835\udc1e\ud835\udc27\ud835\udc2d\ud835\udc1e \ud835\udc1d\ud835\udc1e \ud835\udc1a\ud835\udc27\ud835\udc22\ud835\udc2f\ud835\udc1e\ud835\udc2b\ud835\udc2c\u00e1\ud835\udc2b\ud835\udc22\ud835\udc28 \ud835\udc1d\ud835\udc1a \ud835\udc12\ud835\udc2e\ud835\udc27\ud835\udc28 \ud835\udc29\ud835\udc2b\ud835\udc1a \ud835\udc2f\ud835\udc28\ud835\udc1c\u00ea \ud83d\udc47https:\/\/lps.suno.com.br\/cl\/distribuicao-de-aniversario-viva-de-dividendos\/?utm_source=youtube.noticias&utm_medium=live&utm_campaign=RS.DAN23.ns.20230131&utm_content=ytnoticias.morning.31012023 \ud83d\udd0e \ud83d\udcca[\ud835\uddf2\ud835\uddd5\ud835\uddfc\ud835\uddfc\ud835\uddf8 \ud835\uddda\ud835\udde5\ud835\uddd4\ud835\udde7\ud835\udde8\ud835\udddc\ud835\udde7\ud835\udde2] \ud835\uddd4\ud835\uddfd\ud835\uddff\ud835\uddf2\ud835\uddfb\ud835\uddf1\ud835\uddee \ud835\uddf0\ud835\uddfc\ud835\uddfa\ud835\uddfc \ud835\uddee\ud835\uddfb\ud835\uddee\ud835\uddf9\ud835\uddf6\ud835\ude00\ud835\uddee\ud835\uddff \ud835\ude02\ud835\uddfa\ud835\uddee \ud835\uddee\u00e7\u00e3\ud835\uddfc\u200b \ud83d\udc47 https:\/\/lp.suno.com.br\/ebook-como-analisar-uma-acao\/?utm_source=youtube.noticias&utm_medium=live&utm_campaign=ebookcomoanalisarumaacao.20230130&utm_content=ytnoticias.morning.30012023 #morningcall #Not\u00edcias #investimentos #copom #mercadofinanceiro #ibovespa #investidores #dinheiro #fmi #pib #santander #sanb11 #amer3 #americanas #selic #bancocentral \ud83d\udd34\ud835\udc08\ud835\udc0d\ud835\udc12\ud835\udc02\ud835\udc11\ud835\udc04\ud835\udc15\ud835\udc00-\ud835\udc12\ud835\udc04 \ud835\udc0d\ud835\udc0e \ud835\udc02\ud835\udc00\ud835\udc0d\ud835\udc00\ud835\udc0b \ud835\udc04 \ud835\udc00\ud835\udc13\ud835\udc08\ud835\udc15\ud835\udc04 \ud835\udc0e \ud835\udc12\ud835\udc08\ud835\udc0d\ud835\udc0e \ud83d\udc47 https:\/\/bit.ly\/INSCREVA-SEATIVEOSINO \ud83d\udea8\ud83d\udcda\ud83d\udcb8\ud835\udc01\ud835\udc1a\ud835\udc22\ud835\udc31\ud835\udc1e \ud835\udc28 \ud835\udc1e\ud835\udc01\ud835\udc28\ud835\udc28\ud835\udc24: \ud835\udc06\ud835\udc2e\ud835\udc22\ud835\udc1a \ud835\udc02\ud835\udc28\ud835\udc26\ud835\udc29\ud835\udc25\ud835\udc1e\ud835\udc2d\ud835\udc28\u2026\",\"duration\":\"PT47M50S\",\"embedUrl\":\"https:\/\/www.youtube.com\/embed\/6YZ-iixHJuc\",\"regionsAllowed\":\"pt-BR\",\"interactionStatistic\":{\"@type\":\"InteractionCounter\",\"interactionType\":{\"@type\":\"WatchAction\"},\"userInteractionCount\":1727},\"thumbnailUrl\":\"https:\/\/i.ytimg.com\/vi\/6YZ-iixHJuc\/default.jpg\",\"uploadDate\":\"2023-01-31T13:20:30Z\"}<\/script>\n\n\n\n\n\t<p>\n\t\t<a href=\"\" target=\"_blank\" data-element=\"shortcode-suno-banner\" title=\"Banner SUNO, clique e saiba mais\">\n\t\t\t<picture>\n\t\t\t\t<source media=\"(max-width: 500px)\" srcset=\"\">\n\t\t\t\t<img class=\"newsContent__article__imgCapa newsContent__article__imgCapa--banner\"\n\t\t\t\t\tsrc=\"\"\n\t\t\t\t\tdata-promo-id=\"250678\"\t\t\t\t\t\t\t\t\t\t\t\t\t\t\talt=\"\"\n\t\t\t\t>\n\t\t\t<\/picture>\n\t\t<\/a>\n\t<\/p>\n\n\n\n\n\n<p><a href=\"https:\/\/www.suno.com.br\/noticias\/banco-do-brasil-bbas3-2023-acoes-dividendos\/\" target=\"_blank\" rel=\"noreferrer noopener\">Conforme apurado pelo Suno Not\u00edcias<\/a>, as <strong>a\u00e7\u00f5es do Banco do Brasil<\/strong> s\u00e3o, de fato, praticamente uma unanimidade dentre analistas, na toada do \u00faltimo resultado trimestral com um lucro bilion\u00e1rio acima do previsto e uma revis\u00e3o de guidance que animou o mercado.<\/p>\n\n\n\n<p>Segundo o <strong>gestor da Suno<\/strong>, a an\u00e1lise &#8216;bottom-up&#8217; da gestora prev\u00ea que a casa n\u00e3o compre uma cesta de a\u00e7\u00f5es de bancos, mas escolha um player s\u00f3 e, nesse sentido, o <strong>BBAS3<\/strong> foi o &#8216;cavalo escolhido&#8217;.<\/p>\n\n\n\n<p>&#8220;O Banco do Brasil tem uma presen\u00e7a muito forte no agro. Al\u00e9m disso, o banco tem uma gestora que j\u00e1 \u00e9 a maior da Am\u00e9rica Latina e ainda cresceu muito. L\u00e1 tem muita <a class=\"suno-keyword\" target=\"_blank\" data-force=\"no\" data-priority=\"2\" href=\"https:\/\/www.suno.com.br\/guias\/investimento-renda-fixa\/\" rel=\"noopener\">renda fixa<\/a>, e renda fixa est\u00e1 sendo muito demandada com os juros altos. Ou seja, BB DTVM que j\u00e1 era gigante, cresceu ainda mais. \u00c9 o tipo de neg\u00f3cio que gostamos&#8221;, comenta.<\/p>\n\n\n\n<p>Sobre o agroneg\u00f3cio, a tese tamb\u00e9m contempla um otimismo com <a class=\"suno-keyword\" target=\"_blank\" data-force=\"no\" data-priority=\"1\" href=\"https:\/\/www.suno.com.br\/artigos\/commodities-agricolas\/\" rel=\"noopener\">commodities agr\u00edcolas<\/a> dado o cen\u00e1rio de reabertura na China.<\/p>\n\n\n\n\t<div data-element=\"shortcode-read-more\" class=\"readToo\">\n\t\t\t\t<span class=\"readToo__title\">Leia mais<\/span>\n\t\t\t\t<ul class=\"readToo__list\">\n\t\t\t<li><a href=\"https:\/\/www.suno.com.br\/noticias\/santander-sanb11-genial-corta-recomendacao\/\">Genial rebaixa recomenda\u00e7\u00e3o do Santander (SANB11): &#8220;4T22 ser\u00e1 mais fraco que o de outros banc\u00f5es&#8221;<\/a><\/li><li><a href=\"https:\/\/www.suno.com.br\/noticias\/bradesco-bbdc4-rebaixado-itaubba\/\">Com &#8220;tempestade perfeita&#8221; \u00e0 vista, Ita\u00fa BBA rebaixa Bradesco (BBDC4) para venda<\/a><\/li><li><a href=\"https:\/\/www.suno.com.br\/noticias\/banco-do-brasil-bbas3-2023-acoes-dividendos\/\">Por que o Banco do Brasil (BBAS3) \u00e9 o &#8216;queridinho&#8217; dos analistas para 2023?<\/a><\/li><li><a href=\"https:\/\/www.suno.com.br\/noticias\/banco-do-brasil-xp-bbas3-dividendos-2023\/\">Banco do Brasil (BBAS3) seguir\u00e1 com maiores dividendos no setor financeiro, projeta XP<\/a><\/li>\t\t<\/ul>\n\t<\/div>\n\n\n\n\n<p>&#8220;Falando do agro, temos um cen\u00e1rio na China em que o governo influencia muito e, agora, deve ter um est\u00edmulo na reabertura p\u00f3s-covid, ocasionando um cen\u00e1rio n\u00e3o s\u00f3 ben\u00e9fico para commodities como min\u00e9rio, mas tamb\u00e9m soja, carne e outras vinculadas \u00e0 comida e alimento &#8211; e o Brasil \u00e9 justamente o player mais competitivo do planeta nesse setor&#8221;, explica.<\/p>\n\n\n\n<p>Ao ser questionado sobre o impacto da inadimpl\u00eancia no setor &#8211; que fez a\u00e7\u00f5es do <a class=\"suno-keyword\" target=\"_blank\" data-force=\"yes\" data-priority=\"2\" href=\"https:\/\/www.suno.com.br\/acoes\/BBDC4\/\" rel=\"noopener\">Bradesco (BBDC4)<\/a> afundarem na \u00faltima temporada de balan\u00e7os &#8211; o especialista da Suno Asset destaca que o Banco do Brasil deve ser menos afetado.<\/p>\n\n\n\n<p>&#8220;O BB tem esse &#8216;grande cliente&#8217; que \u00e9 o agro. A inadimpl\u00eancia deve aumentar na margem, mas dentre os bancos ele segue sendo o mais bem posicionado.<\/p>\n\n\n\t<p>\n\t\t<a href=\"https:\/\/lp.suno.com.br\/planilha-controle-gastos\/\" target=\"_blank\" data-element=\"shortcode-suno-banner\" title=\"Banner SUNO, clique e saiba mais\">\n\t\t\t<picture>\n\t\t\t\t<source media=\"(max-width: 500px)\" srcset=\"https:\/\/files.sunoresearch.com.br\/n\/uploads\/2023\/03\/400x300-Planilha-controle-de-gastos.png\">\n\t\t\t\t<img class=\"newsContent__article__imgCapa newsContent__article__imgCapa--banner\"\n\t\t\t\t\tsrc=\"https:\/\/files.sunoresearch.com.br\/n\/uploads\/2023\/03\/1420x240-Planilha-controle-de-gastos.png\"\n\t\t\t\t\tdata-promo-id=\"101751\"\t\t\t\t\t\t\t\t\t\twidth='1420' height='240'\t\t\t\t\talt=\"https:\/\/files.sunoresearch.com.br\/n\/uploads\/2023\/03\/1420x240-Planilha-controle-de-gastos.png\"\n\t\t\t\t>\n\t\t\t<\/picture>\n\t\t<\/a>\n\t<\/p>\n\n\n\n\n\n<h2 class=\"wp-block-heading\" id=\"h-banco-do-brasil-e-tech\">Banco do Brasil \u00e9 tech<\/h2>\n\n\n\n<p>Al\u00e9m das <a class=\"suno-keyword\" target=\"_blank\" data-force=\"no\" data-priority=\"1\" href=\"https:\/\/www.suno.com.br\/artigos\/duas-empresas-com-vantagens-competitivas-que-pagam-altos-dividendos\/\" rel=\"noopener\">vantagens competitivas<\/a> no agroneg\u00f3cio, o gestor tamb\u00e9m destaca que a parte de digitaliza\u00e7\u00e3o do banco melhorou e o coloca patamar igual ou superior do que o de fintechs.<\/p>\n\n\n\n<p>&#8220;A \u00e1rea de investimentos e o nicho digital eram pontos que os investidores mais olhavam, e o Banco do Brasil tem um aplicativo muito utilizado e que \u00e9 mais bem avaliado do que o Nubank, por exemplo, que \u00e9 um queridinho de muitos usu\u00e1rios; apesar de a nota [nas lojas de apps] do Nubank ser um pouco maior, o n\u00famero de avalia\u00e7\u00f5es ainda \u00e9 mais restrito&#8221;<\/p>\n\n\n\n<h2 class=\"wp-block-heading\">Dividendos de BBAS3<\/h2>\n\n\n\n<p>Al\u00e9m da exposi\u00e7\u00e3o ao cr\u00e9dito mais &#8216;seguro&#8217;, outros analistas consultados pelo Suno Not\u00edcias destacaram as altas proje\u00e7\u00f5es de <a class=\"suno-keyword\" target=\"_blank\" data-force=\"no\" data-priority=\"2\" href=\"https:\/\/www.suno.com.br\/artigos\/dividend-yield-como-calcular\/\" rel=\"noopener\">dividend yield<\/a> (DY) para os ativos.<\/p>\n\n\n\n<p>Nas proje\u00e7\u00f5es da XP, o BB deve ser o maior pagador de dividendos do seu setor neste ano e no pr\u00f3ximo.<\/p>\n\n\n\n<p><a href=\"https:\/\/statusinvest.com.br\/acoes\/bbas3\" target=\"_blank\" rel=\"noreferrer noopener\">Segundo dados do Status Invest<\/a>, os <strong>dividendos do Banco do Brasil<\/strong> representam um DY de cerca de 10,2%.<\/p>\n\n\n\n<p>Isso porque foram R$ 4,17 pagos por a\u00e7\u00e3o ordin\u00e1ria do <strong>Banco do Brasil<\/strong> no acumulado dos \u00faltimos 12 meses.<\/p>\n\n\n\t<p>\n\t\t<a href=\"https:\/\/lp.suno.com.br\/ebook-como-analisar-uma-acao\/\" target=\"_blank\" data-element=\"shortcode-suno-banner\" title=\"Banner SUNO, clique e saiba mais\">\n\t\t\t<picture>\n\t\t\t\t<source media=\"(max-width: 500px)\" srcset=\"https:\/\/files.sunoresearch.com.br\/n\/uploads\/2023\/03\/Ebook-Acoes-Mobile-1.jpg\">\n\t\t\t\t<img class=\"newsContent__article__imgCapa newsContent__article__imgCapa--banner\"\n\t\t\t\t\tsrc=\"https:\/\/files.sunoresearch.com.br\/n\/uploads\/2023\/03\/Ebook-Acoes-Desktop-1.jpg\"\n\t\t\t\t\tdata-promo-id=\"171998\"\t\t\t\t\t\t\t\t\t\twidth='1420' height='286'\t\t\t\t\talt=\"https:\/\/files.sunoresearch.com.br\/n\/uploads\/2023\/03\/Ebook-Acoes-Desktop-1.jpg\"\n\t\t\t\t>\n\t\t\t<\/picture>\n\t\t<\/a>\n\t<\/p>\n\n\n","protected":false},"excerpt":{"rendered":"<p>O CIO da Suno Asset, Vitor Duarte, destaca que dentro da sele\u00e7\u00e3o de ativos da casa, o Banco do Brasil (BBAS3) segue dentro das carteiras de a\u00e7\u00f5es como um dos protagonistas, sendo um ativo resiliente para o momento atual e com exposi\u00e7\u00e3o a setores mais seguros &#8211; como o agroneg\u00f3cio. Veja a entrevista completa com [&hellip;]<\/p>\n","protected":false},"author":73,"featured_media":129702,"comment_status":"closed","ping_status":"closed","sticky":false,"template":"","format":"standard","meta":[],"categories":[64],"tags":[286,732],"suno_strategy":[],"class_list":["post-355499","post","type-post","status-publish","format-standard","has-post-thumbnail","hentry","category-negocios","tag-acoes","tag-banco-do-brasil-bbas3"],"yoast_head":"<!-- This site is optimized with the Yoast SEO plugin v24.4 - https:\/\/yoast.com\/wordpress\/plugins\/seo\/ -->\n<title>Banco do Brasil (BBAS3) \u00e9 &#039;protagonista&#039; dos fundos, diz gestor da Suno<\/title>\n<meta name=\"description\" content=\"Vitor Duarte, da Suno Asset, ressalta otimismo com a\u00e7\u00f5es do Banco do Brasil e comenta sobre decis\u00e3o do Copom. Clique e confira!\" \/>\n<meta name=\"robots\" content=\"index, follow, max-snippet:-1, max-image-preview:large, max-video-preview:-1\" \/>\n<link rel=\"canonical\" href=\"https:\/\/www.suno.com.br\/noticias\/banco-do-brasil-bbas3-gestor-suno\/\" \/>\n<meta property=\"og:locale\" content=\"pt_BR\" \/>\n<meta property=\"og:type\" content=\"article\" \/>\n<meta property=\"og:title\" content=\"Banco do Brasil (BBAS3) \u00e9 &#039;protagonista&#039; dos fundos, diz gestor da Suno\" \/>\n<meta property=\"og:description\" content=\"Vitor Duarte, da Suno Asset, ressalta otimismo com a\u00e7\u00f5es do Banco do Brasil e comenta sobre decis\u00e3o do Copom. Clique e confira!\" \/>\n<meta property=\"og:url\" content=\"https:\/\/www.suno.com.br\/noticias\/banco-do-brasil-bbas3-gestor-suno\/\" \/>\n<meta property=\"og:site_name\" content=\"Suno Not\u00edcias\" \/>\n<meta property=\"article:publisher\" content=\"https:\/\/facebook.com\/sunoresearch\" \/>\n<meta property=\"og:image\" content=\"https:\/\/files.sunoresearch.com.br\/n\/uploads\/2021\/03\/2f2d95e4-vitor-duarte-cio-da-suno-asset.jpg\" \/>\n\t<meta property=\"og:image:width\" content=\"1600\" \/>\n\t<meta property=\"og:image:height\" content=\"1217\" \/>\n\t<meta property=\"og:image:type\" content=\"image\/jpeg\" \/>\n<meta name=\"author\" content=\"Eduardo Vargas\" \/>\n<meta name=\"twitter:card\" content=\"summary_large_image\" \/>\n<meta name=\"twitter:creator\" content=\"@sunoresearch\" \/>\n<meta name=\"twitter:site\" content=\"@sunoresearch\" \/>\n<meta name=\"twitter:label1\" content=\"Escrito por\" \/>\n\t<meta name=\"twitter:data1\" content=\"Eduardo Vargas\" \/>\n\t<meta name=\"twitter:label2\" content=\"Est. tempo de leitura\" \/>\n\t<meta name=\"twitter:data2\" content=\"3 minutos\" \/>\n<script type=\"application\/ld+json\" class=\"yoast-schema-graph\">{\"@context\":\"https:\/\/schema.org\",\"@graph\":[{\"@type\":\"NewsArticle\",\"@id\":\"https:\/\/www.suno.com.br\/noticias\/banco-do-brasil-bbas3-gestor-suno\/#article\",\"isPartOf\":{\"@id\":\"https:\/\/www.suno.com.br\/noticias\/banco-do-brasil-bbas3-gestor-suno\/\"},\"author\":{\"name\":\"Eduardo Vargas\",\"@id\":\"https:\/\/www.suno.com.br\/noticias\/#\/schema\/person\/7f4d362bf3518e76090143ae77bb49a5\"},\"headline\":\"Banco do Brasil (BBAS3) \u00e9 um dos &#8220;protagonistas&#8221; dos fundos, diz gestor da Suno\",\"datePublished\":\"2023-01-31T16:31:31+00:00\",\"dateModified\":\"2023-01-31T20:02:35+00:00\",\"mainEntityOfPage\":{\"@id\":\"https:\/\/www.suno.com.br\/noticias\/banco-do-brasil-bbas3-gestor-suno\/\"},\"wordCount\":580,\"publisher\":{\"@id\":\"https:\/\/www.suno.com.br\/noticias\/#organization\"},\"image\":{\"@id\":\"https:\/\/www.suno.com.br\/noticias\/banco-do-brasil-bbas3-gestor-suno\/#primaryimage\"},\"thumbnailUrl\":\"https:\/\/files.sunoresearch.com.br\/n\/uploads\/2021\/03\/2f2d95e4-vitor-duarte-cio-da-suno-asset-jpg.webp\",\"keywords\":[\"A\u00e7\u00f5es\",\"Banco do Brasil (BBAS3)\"],\"articleSection\":[\"Neg\u00f3cios\"],\"inLanguage\":\"pt-BR\"},{\"@type\":\"WebPage\",\"@id\":\"https:\/\/www.suno.com.br\/noticias\/banco-do-brasil-bbas3-gestor-suno\/\",\"url\":\"https:\/\/www.suno.com.br\/noticias\/banco-do-brasil-bbas3-gestor-suno\/\",\"name\":\"Banco do Brasil (BBAS3) \u00e9 'protagonista' dos fundos, diz gestor da Suno\",\"isPartOf\":{\"@id\":\"https:\/\/www.suno.com.br\/noticias\/#website\"},\"primaryImageOfPage\":{\"@id\":\"https:\/\/www.suno.com.br\/noticias\/banco-do-brasil-bbas3-gestor-suno\/#primaryimage\"},\"image\":{\"@id\":\"https:\/\/www.suno.com.br\/noticias\/banco-do-brasil-bbas3-gestor-suno\/#primaryimage\"},\"thumbnailUrl\":\"https:\/\/files.sunoresearch.com.br\/n\/uploads\/2021\/03\/2f2d95e4-vitor-duarte-cio-da-suno-asset-jpg.webp\",\"datePublished\":\"2023-01-31T16:31:31+00:00\",\"dateModified\":\"2023-01-31T20:02:35+00:00\",\"description\":\"Vitor Duarte, da Suno Asset, ressalta otimismo com a\u00e7\u00f5es do Banco do Brasil e comenta sobre decis\u00e3o do Copom. Clique e confira!\",\"breadcrumb\":{\"@id\":\"https:\/\/www.suno.com.br\/noticias\/banco-do-brasil-bbas3-gestor-suno\/#breadcrumb\"},\"inLanguage\":\"pt-BR\",\"potentialAction\":[{\"@type\":\"ReadAction\",\"target\":[\"https:\/\/www.suno.com.br\/noticias\/banco-do-brasil-bbas3-gestor-suno\/\"]}]},{\"@type\":\"ImageObject\",\"inLanguage\":\"pt-BR\",\"@id\":\"https:\/\/www.suno.com.br\/noticias\/banco-do-brasil-bbas3-gestor-suno\/#primaryimage\",\"url\":\"https:\/\/files.sunoresearch.com.br\/n\/uploads\/2021\/03\/2f2d95e4-vitor-duarte-cio-da-suno-asset-jpg.webp\",\"contentUrl\":\"https:\/\/files.sunoresearch.com.br\/n\/uploads\/2021\/03\/2f2d95e4-vitor-duarte-cio-da-suno-asset-jpg.webp\",\"width\":1600,\"height\":1217,\"caption\":\"Brasil precisa de muito investimento em infraestrutura, diz Vitor Duarte, CIO da Suno Asset.\"},{\"@type\":\"BreadcrumbList\",\"@id\":\"https:\/\/www.suno.com.br\/noticias\/banco-do-brasil-bbas3-gestor-suno\/#breadcrumb\",\"itemListElement\":[{\"@type\":\"ListItem\",\"position\":1,\"name\":\"Not\u00edcias\",\"item\":\"https:\/\/www.suno.com.br\/noticias\/\"},{\"@type\":\"ListItem\",\"position\":2,\"name\":\"Neg\u00f3cios\",\"item\":\"https:\/\/www.suno.com.br\/noticias\/negocios\/\"},{\"@type\":\"ListItem\",\"position\":3,\"name\":\"Banco do Brasil (BBAS3) \u00e9 um dos &#8220;protagonistas&#8221; dos fundos, diz gestor da Suno\"}]},{\"@type\":\"WebSite\",\"@id\":\"https:\/\/www.suno.com.br\/noticias\/#website\",\"url\":\"https:\/\/www.suno.com.br\/noticias\/\",\"name\":\"Suno Not\u00edcias\",\"description\":\"Seu portal de informa\u00e7\u00e3o sobre o mundo dos investimentos\",\"publisher\":{\"@id\":\"https:\/\/www.suno.com.br\/noticias\/#organization\"},\"potentialAction\":[{\"@type\":\"SearchAction\",\"target\":{\"@type\":\"EntryPoint\",\"urlTemplate\":\"https:\/\/www.suno.com.br\/noticias\/?s={search_term_string}\"},\"query-input\":{\"@type\":\"PropertyValueSpecification\",\"valueRequired\":true,\"valueName\":\"search_term_string\"}}],\"inLanguage\":\"pt-BR\"},{\"@type\":\"Organization\",\"@id\":\"https:\/\/www.suno.com.br\/noticias\/#organization\",\"name\":\"Suno Not\u00edcias\",\"url\":\"https:\/\/www.suno.com.br\/noticias\/\",\"logo\":{\"@type\":\"ImageObject\",\"inLanguage\":\"pt-BR\",\"@id\":\"https:\/\/www.suno.com.br\/noticias\/#\/schema\/logo\/image\/\",\"url\":\"https:\/\/files.sunoresearch.com.br\/n\/uploads\/2021\/09\/suno-logo.png\",\"contentUrl\":\"https:\/\/files.sunoresearch.com.br\/n\/uploads\/2021\/09\/suno-logo.png\",\"width\":180,\"height\":180,\"caption\":\"Suno Not\u00edcias\"},\"image\":{\"@id\":\"https:\/\/www.suno.com.br\/noticias\/#\/schema\/logo\/image\/\"},\"sameAs\":[\"https:\/\/facebook.com\/sunoresearch\",\"https:\/\/x.com\/sunoresearch\",\"https:\/\/www.instagram.com\/suno\",\"https:\/\/www.linkedin.com\/company\/suno-research\/\",\"https:\/\/www.youtube.com\/c\/sunoresearch\"]},{\"@type\":\"Person\",\"@id\":\"https:\/\/www.suno.com.br\/noticias\/#\/schema\/person\/7f4d362bf3518e76090143ae77bb49a5\",\"name\":\"Eduardo Vargas\",\"image\":{\"@type\":\"ImageObject\",\"inLanguage\":\"pt-BR\",\"@id\":\"https:\/\/www.suno.com.br\/noticias\/#\/schema\/person\/image\/\",\"url\":\"https:\/\/secure.gravatar.com\/avatar\/dac340933427a22924c9f99d1eb2e3f2?s=96&r=g\",\"contentUrl\":\"https:\/\/secure.gravatar.com\/avatar\/dac340933427a22924c9f99d1eb2e3f2?s=96&r=g\",\"caption\":\"Eduardo Vargas\"},\"description\":\"Jornalista formado pela UFSC, cobre macroeconomia, neg\u00f3cios e startups para o Suno Not\u00edcias, escrevendo principalmente not\u00edcias sobre o mercado financeiro e a bolsa de valores. No YouTube e no Instagram, \u00e9 respons\u00e1vel pela produ\u00e7\u00e3o de Reels e Shorts do Suno Not\u00edcias. Anteriormente, trabalhou cobrindo economia e cotidiano no ND+ e para o ND, maior jornal impresso de Santa Catarina. Cursou um semestre letivo de Estudos de M\u00eddia na Universidad de Buenos Aires.\",\"url\":\"https:\/\/www.suno.com.br\/noticias\/author\/eduardo-vargas\/\"}]}<\/script>\n<!-- \/ Yoast SEO plugin. -->","yoast_head_json":{"title":"Banco do Brasil (BBAS3) \u00e9 'protagonista' dos fundos, diz gestor da Suno","description":"Vitor Duarte, da Suno Asset, ressalta otimismo com a\u00e7\u00f5es do Banco do Brasil e comenta sobre decis\u00e3o do Copom. Clique e confira!","robots":{"index":"index","follow":"follow","max-snippet":"max-snippet:-1","max-image-preview":"max-image-preview:large","max-video-preview":"max-video-preview:-1"},"canonical":"https:\/\/www.suno.com.br\/noticias\/banco-do-brasil-bbas3-gestor-suno\/","og_locale":"pt_BR","og_type":"article","og_title":"Banco do Brasil (BBAS3) \u00e9 'protagonista' dos fundos, diz gestor da Suno","og_description":"Vitor Duarte, da Suno Asset, ressalta otimismo com a\u00e7\u00f5es do Banco do Brasil e comenta sobre decis\u00e3o do Copom. Clique e confira!","og_url":"https:\/\/www.suno.com.br\/noticias\/banco-do-brasil-bbas3-gestor-suno\/","og_site_name":"Suno Not\u00edcias","article_publisher":"https:\/\/facebook.com\/sunoresearch","og_image":[{"width":1600,"height":1217,"url":"https:\/\/files.sunoresearch.com.br\/n\/uploads\/2021\/03\/2f2d95e4-vitor-duarte-cio-da-suno-asset.jpg","type":"image\/jpeg"}],"author":"Eduardo Vargas","twitter_card":"summary_large_image","twitter_creator":"@sunoresearch","twitter_site":"@sunoresearch","twitter_misc":{"Escrito por":"Eduardo Vargas","Est. tempo de leitura":"3 minutos"},"schema":{"@context":"https:\/\/schema.org","@graph":[{"@type":"NewsArticle","@id":"https:\/\/www.suno.com.br\/noticias\/banco-do-brasil-bbas3-gestor-suno\/#article","isPartOf":{"@id":"https:\/\/www.suno.com.br\/noticias\/banco-do-brasil-bbas3-gestor-suno\/"},"author":{"name":"Eduardo Vargas","@id":"https:\/\/www.suno.com.br\/noticias\/#\/schema\/person\/7f4d362bf3518e76090143ae77bb49a5"},"headline":"Banco do Brasil (BBAS3) \u00e9 um dos &#8220;protagonistas&#8221; dos fundos, diz gestor da Suno","datePublished":"2023-01-31T16:31:31+00:00","dateModified":"2023-01-31T20:02:35+00:00","mainEntityOfPage":{"@id":"https:\/\/www.suno.com.br\/noticias\/banco-do-brasil-bbas3-gestor-suno\/"},"wordCount":580,"publisher":{"@id":"https:\/\/www.suno.com.br\/noticias\/#organization"},"image":{"@id":"https:\/\/www.suno.com.br\/noticias\/banco-do-brasil-bbas3-gestor-suno\/#primaryimage"},"thumbnailUrl":"https:\/\/files.sunoresearch.com.br\/n\/uploads\/2021\/03\/2f2d95e4-vitor-duarte-cio-da-suno-asset-jpg.webp","keywords":["A\u00e7\u00f5es","Banco do Brasil (BBAS3)"],"articleSection":["Neg\u00f3cios"],"inLanguage":"pt-BR"},{"@type":"WebPage","@id":"https:\/\/www.suno.com.br\/noticias\/banco-do-brasil-bbas3-gestor-suno\/","url":"https:\/\/www.suno.com.br\/noticias\/banco-do-brasil-bbas3-gestor-suno\/","name":"Banco do Brasil (BBAS3) \u00e9 'protagonista' dos fundos, diz gestor da Suno","isPartOf":{"@id":"https:\/\/www.suno.com.br\/noticias\/#website"},"primaryImageOfPage":{"@id":"https:\/\/www.suno.com.br\/noticias\/banco-do-brasil-bbas3-gestor-suno\/#primaryimage"},"image":{"@id":"https:\/\/www.suno.com.br\/noticias\/banco-do-brasil-bbas3-gestor-suno\/#primaryimage"},"thumbnailUrl":"https:\/\/files.sunoresearch.com.br\/n\/uploads\/2021\/03\/2f2d95e4-vitor-duarte-cio-da-suno-asset-jpg.webp","datePublished":"2023-01-31T16:31:31+00:00","dateModified":"2023-01-31T20:02:35+00:00","description":"Vitor Duarte, da Suno Asset, ressalta otimismo com a\u00e7\u00f5es do Banco do Brasil e comenta sobre decis\u00e3o do Copom. Clique e confira!","breadcrumb":{"@id":"https:\/\/www.suno.com.br\/noticias\/banco-do-brasil-bbas3-gestor-suno\/#breadcrumb"},"inLanguage":"pt-BR","potentialAction":[{"@type":"ReadAction","target":["https:\/\/www.suno.com.br\/noticias\/banco-do-brasil-bbas3-gestor-suno\/"]}]},{"@type":"ImageObject","inLanguage":"pt-BR","@id":"https:\/\/www.suno.com.br\/noticias\/banco-do-brasil-bbas3-gestor-suno\/#primaryimage","url":"https:\/\/files.sunoresearch.com.br\/n\/uploads\/2021\/03\/2f2d95e4-vitor-duarte-cio-da-suno-asset-jpg.webp","contentUrl":"https:\/\/files.sunoresearch.com.br\/n\/uploads\/2021\/03\/2f2d95e4-vitor-duarte-cio-da-suno-asset-jpg.webp","width":1600,"height":1217,"caption":"Brasil precisa de muito investimento em infraestrutura, diz Vitor Duarte, CIO da Suno Asset."},{"@type":"BreadcrumbList","@id":"https:\/\/www.suno.com.br\/noticias\/banco-do-brasil-bbas3-gestor-suno\/#breadcrumb","itemListElement":[{"@type":"ListItem","position":1,"name":"Not\u00edcias","item":"https:\/\/www.suno.com.br\/noticias\/"},{"@type":"ListItem","position":2,"name":"Neg\u00f3cios","item":"https:\/\/www.suno.com.br\/noticias\/negocios\/"},{"@type":"ListItem","position":3,"name":"Banco do Brasil (BBAS3) \u00e9 um dos &#8220;protagonistas&#8221; dos fundos, diz gestor da Suno"}]},{"@type":"WebSite","@id":"https:\/\/www.suno.com.br\/noticias\/#website","url":"https:\/\/www.suno.com.br\/noticias\/","name":"Suno Not\u00edcias","description":"Seu portal de informa\u00e7\u00e3o sobre o mundo dos investimentos","publisher":{"@id":"https:\/\/www.suno.com.br\/noticias\/#organization"},"potentialAction":[{"@type":"SearchAction","target":{"@type":"EntryPoint","urlTemplate":"https:\/\/www.suno.com.br\/noticias\/?s={search_term_string}"},"query-input":{"@type":"PropertyValueSpecification","valueRequired":true,"valueName":"search_term_string"}}],"inLanguage":"pt-BR"},{"@type":"Organization","@id":"https:\/\/www.suno.com.br\/noticias\/#organization","name":"Suno Not\u00edcias","url":"https:\/\/www.suno.com.br\/noticias\/","logo":{"@type":"ImageObject","inLanguage":"pt-BR","@id":"https:\/\/www.suno.com.br\/noticias\/#\/schema\/logo\/image\/","url":"https:\/\/files.sunoresearch.com.br\/n\/uploads\/2021\/09\/suno-logo.png","contentUrl":"https:\/\/files.sunoresearch.com.br\/n\/uploads\/2021\/09\/suno-logo.png","width":180,"height":180,"caption":"Suno Not\u00edcias"},"image":{"@id":"https:\/\/www.suno.com.br\/noticias\/#\/schema\/logo\/image\/"},"sameAs":["https:\/\/facebook.com\/sunoresearch","https:\/\/x.com\/sunoresearch","https:\/\/www.instagram.com\/suno","https:\/\/www.linkedin.com\/company\/suno-research\/","https:\/\/www.youtube.com\/c\/sunoresearch"]},{"@type":"Person","@id":"https:\/\/www.suno.com.br\/noticias\/#\/schema\/person\/7f4d362bf3518e76090143ae77bb49a5","name":"Eduardo Vargas","image":{"@type":"ImageObject","inLanguage":"pt-BR","@id":"https:\/\/www.suno.com.br\/noticias\/#\/schema\/person\/image\/","url":"https:\/\/secure.gravatar.com\/avatar\/dac340933427a22924c9f99d1eb2e3f2?s=96&r=g","contentUrl":"https:\/\/secure.gravatar.com\/avatar\/dac340933427a22924c9f99d1eb2e3f2?s=96&r=g","caption":"Eduardo Vargas"},"description":"Jornalista formado pela UFSC, cobre macroeconomia, neg\u00f3cios e startups para o Suno Not\u00edcias, escrevendo principalmente not\u00edcias sobre o mercado financeiro e a bolsa de valores. No YouTube e no Instagram, \u00e9 respons\u00e1vel pela produ\u00e7\u00e3o de Reels e Shorts do Suno Not\u00edcias. Anteriormente, trabalhou cobrindo economia e cotidiano no ND+ e para o ND, maior jornal impresso de Santa Catarina. Cursou um semestre letivo de Estudos de M\u00eddia na Universidad de Buenos Aires.","url":"https:\/\/www.suno.com.br\/noticias\/author\/eduardo-vargas\/"}]}},"default_loop_html":"<div class=\"cardsPage__listCard__boxs\"><div class=\"cardsPage__listCard__boxs__img\"><a href=\"https:\/\/www.suno.com.br\/noticias\/banco-do-brasil-bbas3-gestor-suno\/\"><img class=\"mask\" src=\"https:\/\/www.suno.com.br\/noticias\/wp-content\/themes\/suno\/resources\/images\/spotlight\/spotlight1img\/bg-mask.png\" alt=\"Image Mask\"\/><img src=\"https:\/\/files.sunoresearch.com.br\/n\/uploads\/2021\/03\/2f2d95e4-vitor-duarte-cio-da-suno-asset-400x200.webp\" alt=\"Banco do Brasil (BBAS3) \u00e9 um dos &#8220;protagonistas&#8221; dos fundos, diz gestor da Suno\"\/><\/a><span class=\"spotlightCategory\"><a href=\"https:\/\/www.suno.com.br\/noticias\/negocios\/\">Neg\u00f3cios<\/a><\/span><\/div><div class=\"cardsPage__listCard__boxs__content\"><a href=\"https:\/\/www.suno.com.br\/noticias\/banco-do-brasil-bbas3-gestor-suno\/\"><h2 class=\"content__title\">Banco do Brasil (BBAS3) \u00e9 um dos &#8220;protagonistas&#8221; dos fundos, diz gestor da Suno<\/h2><\/a><div class=\"newsContent__article__meta\"><div class=\"newsContent__article__meta__authorBox\"><a href=\"https:\/\/www.suno.com.br\/noticias\/author\/eduardo-vargas\/\" class=\"authorBox__avatar noMobi\"><img src=\"https:\/\/secure.gravatar.com\/avatar\/dac340933427a22924c9f99d1eb2e3f2?s=96&#038;r=g\" alt=\"Eduardo Vargas\"><\/a><div class=\"authorBox__name\"><span>por\n\t\t\t<a href=\"https:\/\/www.suno.com.br\/noticias\/author\/eduardo-vargas\/\"><span itemprop=\"author\">Eduardo Vargas<\/span><\/a><\/span><time datetime=\"2023-01-31T13:31:31-03:00\" itemprop=\"datePublished\">31\/01\/2023 13:31<\/time><\/div><\/div><\/div><\/div><\/div>","single_layout":"posts","amp_enabled":true,"_links":{"self":[{"href":"https:\/\/www.suno.com.br\/noticias\/wp-json\/wp\/v2\/posts\/355499"}],"collection":[{"href":"https:\/\/www.suno.com.br\/noticias\/wp-json\/wp\/v2\/posts"}],"about":[{"href":"https:\/\/www.suno.com.br\/noticias\/wp-json\/wp\/v2\/types\/post"}],"author":[{"embeddable":true,"href":"https:\/\/www.suno.com.br\/noticias\/wp-json\/wp\/v2\/users\/73"}],"replies":[{"embeddable":true,"href":"https:\/\/www.suno.com.br\/noticias\/wp-json\/wp\/v2\/comments?post=355499"}],"version-history":[{"count":3,"href":"https:\/\/www.suno.com.br\/noticias\/wp-json\/wp\/v2\/posts\/355499\/revisions"}],"predecessor-version":[{"id":355853,"href":"https:\/\/www.suno.com.br\/noticias\/wp-json\/wp\/v2\/posts\/355499\/revisions\/355853"}],"wp:featuredmedia":[{"embeddable":true,"href":"https:\/\/www.suno.com.br\/noticias\/wp-json\/wp\/v2\/media\/129702"}],"wp:attachment":[{"href":"https:\/\/www.suno.com.br\/noticias\/wp-json\/wp\/v2\/media?parent=355499"}],"wp:term":[{"taxonomy":"category","embeddable":true,"href":"https:\/\/www.suno.com.br\/noticias\/wp-json\/wp\/v2\/categories?post=355499"},{"taxonomy":"post_tag","embeddable":true,"href":"https:\/\/www.suno.com.br\/noticias\/wp-json\/wp\/v2\/tags?post=355499"},{"taxonomy":"suno_strategy","embeddable":true,"href":"https:\/\/www.suno.com.br\/noticias\/wp-json\/wp\/v2\/suno_strategy?post=355499"}],"curies":[{"name":"wp","href":"https:\/\/api.w.org\/{rel}","templated":true}]}}