{"id":35541,"date":"2019-08-28T08:29:57","date_gmt":"2019-08-28T11:29:57","guid":{"rendered":"https:\/\/www.suno.com.br\/noticias\/?p=35541"},"modified":"2019-08-28T10:34:16","modified_gmt":"2019-08-28T13:34:16","slug":"brexit-sem-acordo-suspensao-parlamento","status":"publish","type":"post","link":"https:\/\/www.suno.com.br\/noticias\/brexit-sem-acordo-suspensao-parlamento\/","title":{"rendered":"Boris Johnson quer suspender o Parlamento; Brexit sem acordo fica mais pr\u00f3ximo"},"content":{"rendered":"<p>O primeiro-ministro brit\u00e2nico, Boris Johnson, ir\u00e1 pedir \u00e0 <strong>Rainha Elizabeth II<\/strong> a suspens\u00e3o do parlamento at\u00e9 o dia 14 de outubro. O movimento in\u00e9dito pode confirmar o Brexit sem um acordo.<\/p>\t<div class=\"wrapper-featured-image\">\n\t\t<figure class=\"spotlightImg\">\n\n\t\t\t<picture>\n\t\t\t\t<source media=\"(max-width: 768px)\" srcset=\"https:\/\/files.sunoresearch.com.br\/n\/uploads\/2019\/08\/aa9b1f98-brexit-400x200.webp\">\n\t\t\t\t<img loading=\"lazy\" decoding=\"async\" class=\"newsContent__article__imgCapa lazyloadDisabled newsContent__article__imgCapa--noCaption\" src=\"https:\/\/files.sunoresearch.com.br\/n\/uploads\/2019\/08\/aa9b1f98-brexit-800x450.webp\" width=\"800\" height=\"450\" alt=\"Boris Johnson quer suspender o Parlamento; Brexit sem acordo fica mais pr\u00f3ximo\" fetchpriority=high \/>\n\t\t\t<\/picture>\n\n\t\t\t<figcaption class=\"wp-caption-text wp-caption-text--hide\">O negociador do Reino Unido para o\u00a0Brexit declarou que as diverg\u00eancias com a UE sobre um acordo comercial continuam.  <\/figcaption>\n\t\t<\/figure>\n\t<\/div>\n\n\n<p>Os parlamentares deveriam voltar do recess\u00e3o de ver\u00e3o no dia 3 de outubro, por\u00e9m, caso o pedido seja acatado pela Rainha, o per\u00edodo do dia 14 de outubro a 31 de outubro, data limite para a conclus\u00e3o do <strong>Brexit<\/strong>, \u00e9 insuficiente para os contr\u00e1rios \u00e0 retirada do bloco europeu consigam aprovar leis bloqueando-a.<\/p>\n\n<p>O pr\u00eamio brit\u00e2nico afirmou que n\u00e3o gostaria de aguardar at\u00e9 depois do Brexit &#8220;antes de continuar com nossos planos para levar o pa\u00eds adiante&#8221; e disse que ainda teria &#8220;tempo suficiente&#8221; para os parlamentares debaterem a separa\u00e7\u00e3o da Uni\u00e3o Europeia, de acordo com a BBC.<\/p>\n<h2>Brexit pode trazer consequ\u00eancias ao parlamento<\/h2>\n<p>Uma vez decidida a suspens\u00e3o do <strong>Parlamento<\/strong>, poderia ser aberto um precedente que testaria a constitui\u00e7\u00e3o brit\u00e2nica.<\/p>\n<p>O parlamento est\u00e1 dividido entre quem pense que o<strong> Reino Unido<\/strong> deva sair da UE em 31 de outubro, mesmo que seja sem acordo, e h\u00e1 quem defenda que uma sa\u00edda sem acordo pode causar uma disrup\u00e7\u00e3o econ\u00f4mica e trazer consequ\u00eancias constitucionais para o Reino Unido.<\/p>\n\t<p>\n\t\t<a href=\"https:\/\/lp.statusinvest.com.br\/cl\/carteira-automatizada\/\" target=\"_blank\" data-element=\"shortcode-suno-banner\" title=\"Banner SUNO, clique e saiba mais\">\n\t\t\t<picture>\n\t\t\t\t<source media=\"(max-width: 500px)\" srcset=\"https:\/\/files.sunoresearch.com.br\/n\/uploads\/2024\/02\/400x300-Mobile.png\">\n\t\t\t\t<img class=\"newsContent__article__imgCapa newsContent__article__imgCapa--banner\"\n\t\t\t\t\tsrc=\"https:\/\/files.sunoresearch.com.br\/n\/uploads\/2024\/02\/1420x240-Desktop.png\"\n\t\t\t\t\tdata-promo-id=\"518879\"\t\t\t\t\t\t\t\t\t\twidth='1420' height='240'\t\t\t\t\talt=\"https:\/\/files.sunoresearch.com.br\/n\/uploads\/2024\/02\/1420x240-Desktop.png\"\n\t\t\t\t>\n\t\t\t<\/picture>\n\t\t<\/a>\n\t<\/p>\n\n\n<p>A <strong>libra esterlina<\/strong>, moeda brit\u00e2nica, apresentou queda de 0,9% em compara\u00e7\u00e3o ao d\u00f3lar e o euro na \u00faltima ter\u00e7a-feira (28) ap\u00f3s as not\u00edcias da suspens\u00e3o. Os investidores est\u00e3o preocupados com a economia do pa\u00eds, que pode perder seus principais parceiros comerciais.<\/p>\n<p>&#8220;N\u00f3s precisamos prosseguir com a nossa agenda dom\u00e9stica e por isso estamos anunciando o discurso da Rainha para o dia 14 de outubro&#8221;, disse <strong>Johnson<\/strong> para o British Broadcasting Corp na \u00faltima quarta-feira (27).<\/p>\n<p>A decis\u00e3o do primeiro-ministro de suspender as opera\u00e7\u00f5es do Parlamento \u00e9 o primeiro grande movimento de Johnson \u00e0 frente do pa\u00eds. A pr\u00e1tica de &#8220;prorroga\u00e7\u00e3o&#8221; \u00e9 uma formalidade quando um governo estabelece sua nova agenda legislativa a cada ano.<\/p>\n<p><a href=\"https:\/\/www.suno.com.br\/noticias\/johnson-estuda-saida-negociada-do-brexit-apos-reuniao-com-merkel\/\">Veja tamb\u00e9m: Brexit: Johnson estuda sa\u00edda negociada da UE, ap\u00f3s reuni\u00e3o com Merkel<\/a><\/p>\n<p>Nestas situa\u00e7\u00f5es, as quest\u00f5es decididas pelo Parlamento normalmente s\u00e3o prorrogadas por no m\u00e1ximo uma semana. Todavia, no caso do Brexit, Johnson quer a suspens\u00e3o por 3 semanas, o que inviabilizaria as vota\u00e7\u00f5es contr\u00e1rias \u00e0 sa\u00edda do bloco europeu.<\/p>\n<p>&#8220;Ele est\u00e1 suspendendo o Parlamento deliberadamente para impedir que os nossos representantes eleitos fa\u00e7am nosso trabalho&#8221;, afirmou Anna Soubry, l\u00edder do The Independent Group, fundado este ano, que \u00e9 contr\u00e1rio ao <strong>Brexit\u00a0<\/strong>e possui cinco membros do Parlamento na C\u00e2mara dos Comuns.<\/p>\n","protected":false},"excerpt":{"rendered":"<p>O primeiro-ministro brit\u00e2nico, Boris Johnson, ir\u00e1 pedir \u00e0 Rainha Elizabeth II a suspens\u00e3o do parlamento at\u00e9 o dia 14 de outubro. O movimento in\u00e9dito pode confirmar o Brexit sem um acordo. O negociador do Reino Unido para o\u00a0Brexit declarou que as diverg\u00eancias com a UE sobre um acordo comercial continuam. Os parlamentares deveriam voltar do [&hellip;]<\/p>\n","protected":false},"author":24,"featured_media":35543,"comment_status":"closed","ping_status":"closed","sticky":false,"template":"","format":"standard","meta":[],"categories":[63],"tags":[1648,753,731],"suno_strategy":[],"class_list":["post-35541","post","type-post","status-publish","format-standard","has-post-thumbnail","hentry","category-internacional","tag-boris-johnson","tag-brexit","tag-uniao-europeia"],"yoast_head":"<!-- This site is optimized with the Yoast SEO plugin v24.4 - https:\/\/yoast.com\/wordpress\/plugins\/seo\/ -->\n<title>Brexit ficar\u00e1 mais pr\u00f3ximo ap\u00f3s suspens\u00e3o do Parlamento<\/title>\n<meta name=\"description\" content=\"Boris Johnson ir\u00e1 pedir \u00e0 Rainha Elizabeth II a suspens\u00e3o do parlamento at\u00e9 o dia 14 de outubro. Saiba mais sobre o Brexit.\" \/>\n<meta name=\"robots\" content=\"index, follow, max-snippet:-1, max-image-preview:large, max-video-preview:-1\" \/>\n<link rel=\"canonical\" href=\"https:\/\/www.suno.com.br\/noticias\/brexit-sem-acordo-suspensao-parlamento\/\" \/>\n<meta property=\"og:locale\" content=\"pt_BR\" \/>\n<meta property=\"og:type\" content=\"article\" \/>\n<meta property=\"og:title\" content=\"Brexit ficar\u00e1 mais pr\u00f3ximo ap\u00f3s suspens\u00e3o do Parlamento\" \/>\n<meta property=\"og:description\" content=\"Boris Johnson ir\u00e1 pedir \u00e0 Rainha Elizabeth II a suspens\u00e3o do parlamento at\u00e9 o dia 14 de outubro. Saiba mais sobre o Brexit.\" \/>\n<meta property=\"og:url\" content=\"https:\/\/www.suno.com.br\/noticias\/brexit-sem-acordo-suspensao-parlamento\/\" \/>\n<meta property=\"og:site_name\" content=\"Suno Not\u00edcias\" \/>\n<meta property=\"article:publisher\" content=\"https:\/\/facebook.com\/sunoresearch\" \/>\n<meta property=\"og:image\" content=\"https:\/\/files.sunoresearch.com.br\/n\/uploads\/2019\/08\/aa9b1f98-brexit.jpg\" \/>\n\t<meta property=\"og:image:width\" content=\"1160\" \/>\n\t<meta property=\"og:image:height\" content=\"773\" \/>\n\t<meta property=\"og:image:type\" content=\"image\/jpeg\" \/>\n<meta name=\"author\" content=\"Jader Lazarini\" \/>\n<meta name=\"twitter:card\" content=\"summary_large_image\" \/>\n<meta name=\"twitter:creator\" content=\"@sunoresearch\" \/>\n<meta name=\"twitter:site\" content=\"@sunoresearch\" \/>\n<meta name=\"twitter:label1\" content=\"Escrito por\" \/>\n\t<meta name=\"twitter:data1\" content=\"Jader Lazarini\" \/>\n\t<meta name=\"twitter:label2\" content=\"Est. tempo de leitura\" \/>\n\t<meta name=\"twitter:data2\" content=\"2 minutos\" \/>\n<script type=\"application\/ld+json\" class=\"yoast-schema-graph\">{\"@context\":\"https:\/\/schema.org\",\"@graph\":[{\"@type\":\"NewsArticle\",\"@id\":\"https:\/\/www.suno.com.br\/noticias\/brexit-sem-acordo-suspensao-parlamento\/#article\",\"isPartOf\":{\"@id\":\"https:\/\/www.suno.com.br\/noticias\/brexit-sem-acordo-suspensao-parlamento\/\"},\"author\":{\"name\":\"Jader Lazarini\",\"@id\":\"https:\/\/www.suno.com.br\/noticias\/#\/schema\/person\/918d79de1f0281f01599b93f9ea6e23f\"},\"headline\":\"Boris Johnson quer suspender o Parlamento; Brexit sem acordo fica mais pr\u00f3ximo\",\"datePublished\":\"2019-08-28T11:29:57+00:00\",\"dateModified\":\"2019-08-28T13:34:16+00:00\",\"mainEntityOfPage\":{\"@id\":\"https:\/\/www.suno.com.br\/noticias\/brexit-sem-acordo-suspensao-parlamento\/\"},\"wordCount\":460,\"publisher\":{\"@id\":\"https:\/\/www.suno.com.br\/noticias\/#organization\"},\"image\":{\"@id\":\"https:\/\/www.suno.com.br\/noticias\/brexit-sem-acordo-suspensao-parlamento\/#primaryimage\"},\"thumbnailUrl\":\"https:\/\/files.sunoresearch.com.br\/n\/uploads\/2019\/08\/aa9b1f98-brexit-jpg.webp\",\"keywords\":[\"Boris Johnson\",\"Brexit\",\"Uni\u00e3o Europeia\"],\"articleSection\":[\"Internacional\"],\"inLanguage\":\"pt-BR\"},{\"@type\":\"WebPage\",\"@id\":\"https:\/\/www.suno.com.br\/noticias\/brexit-sem-acordo-suspensao-parlamento\/\",\"url\":\"https:\/\/www.suno.com.br\/noticias\/brexit-sem-acordo-suspensao-parlamento\/\",\"name\":\"Brexit ficar\u00e1 mais pr\u00f3ximo ap\u00f3s suspens\u00e3o do Parlamento\",\"isPartOf\":{\"@id\":\"https:\/\/www.suno.com.br\/noticias\/#website\"},\"primaryImageOfPage\":{\"@id\":\"https:\/\/www.suno.com.br\/noticias\/brexit-sem-acordo-suspensao-parlamento\/#primaryimage\"},\"image\":{\"@id\":\"https:\/\/www.suno.com.br\/noticias\/brexit-sem-acordo-suspensao-parlamento\/#primaryimage\"},\"thumbnailUrl\":\"https:\/\/files.sunoresearch.com.br\/n\/uploads\/2019\/08\/aa9b1f98-brexit-jpg.webp\",\"datePublished\":\"2019-08-28T11:29:57+00:00\",\"dateModified\":\"2019-08-28T13:34:16+00:00\",\"description\":\"Boris Johnson ir\u00e1 pedir \u00e0 Rainha Elizabeth II a suspens\u00e3o do parlamento at\u00e9 o dia 14 de outubro. Saiba mais sobre o Brexit.\",\"breadcrumb\":{\"@id\":\"https:\/\/www.suno.com.br\/noticias\/brexit-sem-acordo-suspensao-parlamento\/#breadcrumb\"},\"inLanguage\":\"pt-BR\",\"potentialAction\":[{\"@type\":\"ReadAction\",\"target\":[\"https:\/\/www.suno.com.br\/noticias\/brexit-sem-acordo-suspensao-parlamento\/\"]}]},{\"@type\":\"ImageObject\",\"inLanguage\":\"pt-BR\",\"@id\":\"https:\/\/www.suno.com.br\/noticias\/brexit-sem-acordo-suspensao-parlamento\/#primaryimage\",\"url\":\"https:\/\/files.sunoresearch.com.br\/n\/uploads\/2019\/08\/aa9b1f98-brexit-jpg.webp\",\"contentUrl\":\"https:\/\/files.sunoresearch.com.br\/n\/uploads\/2019\/08\/aa9b1f98-brexit-jpg.webp\",\"width\":1160,\"height\":773,\"caption\":\"O negociador do Reino Unido para o\u00a0Brexit declarou que as diverg\u00eancias com a UE sobre um acordo comercial continuam.\"},{\"@type\":\"BreadcrumbList\",\"@id\":\"https:\/\/www.suno.com.br\/noticias\/brexit-sem-acordo-suspensao-parlamento\/#breadcrumb\",\"itemListElement\":[{\"@type\":\"ListItem\",\"position\":1,\"name\":\"Not\u00edcias\",\"item\":\"https:\/\/www.suno.com.br\/noticias\/\"},{\"@type\":\"ListItem\",\"position\":2,\"name\":\"Internacional\",\"item\":\"https:\/\/www.suno.com.br\/noticias\/internacional\/\"},{\"@type\":\"ListItem\",\"position\":3,\"name\":\"Boris Johnson quer suspender o Parlamento; Brexit sem acordo fica mais pr\u00f3ximo\"}]},{\"@type\":\"WebSite\",\"@id\":\"https:\/\/www.suno.com.br\/noticias\/#website\",\"url\":\"https:\/\/www.suno.com.br\/noticias\/\",\"name\":\"Suno Not\u00edcias\",\"description\":\"Seu portal de informa\u00e7\u00e3o sobre o mundo dos investimentos\",\"publisher\":{\"@id\":\"https:\/\/www.suno.com.br\/noticias\/#organization\"},\"potentialAction\":[{\"@type\":\"SearchAction\",\"target\":{\"@type\":\"EntryPoint\",\"urlTemplate\":\"https:\/\/www.suno.com.br\/noticias\/?s={search_term_string}\"},\"query-input\":{\"@type\":\"PropertyValueSpecification\",\"valueRequired\":true,\"valueName\":\"search_term_string\"}}],\"inLanguage\":\"pt-BR\"},{\"@type\":\"Organization\",\"@id\":\"https:\/\/www.suno.com.br\/noticias\/#organization\",\"name\":\"Suno Not\u00edcias\",\"url\":\"https:\/\/www.suno.com.br\/noticias\/\",\"logo\":{\"@type\":\"ImageObject\",\"inLanguage\":\"pt-BR\",\"@id\":\"https:\/\/www.suno.com.br\/noticias\/#\/schema\/logo\/image\/\",\"url\":\"https:\/\/files.sunoresearch.com.br\/n\/uploads\/2021\/09\/suno-logo.png\",\"contentUrl\":\"https:\/\/files.sunoresearch.com.br\/n\/uploads\/2021\/09\/suno-logo.png\",\"width\":180,\"height\":180,\"caption\":\"Suno Not\u00edcias\"},\"image\":{\"@id\":\"https:\/\/www.suno.com.br\/noticias\/#\/schema\/logo\/image\/\"},\"sameAs\":[\"https:\/\/facebook.com\/sunoresearch\",\"https:\/\/x.com\/sunoresearch\",\"https:\/\/www.instagram.com\/suno\",\"https:\/\/www.linkedin.com\/company\/suno-research\/\",\"https:\/\/www.youtube.com\/c\/sunoresearch\"]},{\"@type\":\"Person\",\"@id\":\"https:\/\/www.suno.com.br\/noticias\/#\/schema\/person\/918d79de1f0281f01599b93f9ea6e23f\",\"name\":\"Jader Lazarini\",\"image\":{\"@type\":\"ImageObject\",\"inLanguage\":\"pt-BR\",\"@id\":\"https:\/\/www.suno.com.br\/noticias\/#\/schema\/person\/image\/\",\"url\":\"https:\/\/secure.gravatar.com\/avatar\/3c1ad8caa51589841baeb923fcddea97?s=96&r=g\",\"contentUrl\":\"https:\/\/secure.gravatar.com\/avatar\/3c1ad8caa51589841baeb923fcddea97?s=96&r=g\",\"caption\":\"Jader Lazarini\"},\"description\":\"Jader Lazarini escreve sobre investimentos, finan\u00e7as, economia e neg\u00f3cios. \u00c9 bacharel em Rela\u00e7\u00f5es Internacionais e analista CNPI (2619).\",\"url\":\"https:\/\/www.suno.com.br\/noticias\/author\/jader-lazarini\/\"}]}<\/script>\n<!-- \/ Yoast SEO plugin. -->","yoast_head_json":{"title":"Brexit ficar\u00e1 mais pr\u00f3ximo ap\u00f3s suspens\u00e3o do Parlamento","description":"Boris Johnson ir\u00e1 pedir \u00e0 Rainha Elizabeth II a suspens\u00e3o do parlamento at\u00e9 o dia 14 de outubro. Saiba mais sobre o Brexit.","robots":{"index":"index","follow":"follow","max-snippet":"max-snippet:-1","max-image-preview":"max-image-preview:large","max-video-preview":"max-video-preview:-1"},"canonical":"https:\/\/www.suno.com.br\/noticias\/brexit-sem-acordo-suspensao-parlamento\/","og_locale":"pt_BR","og_type":"article","og_title":"Brexit ficar\u00e1 mais pr\u00f3ximo ap\u00f3s suspens\u00e3o do Parlamento","og_description":"Boris Johnson ir\u00e1 pedir \u00e0 Rainha Elizabeth II a suspens\u00e3o do parlamento at\u00e9 o dia 14 de outubro. Saiba mais sobre o Brexit.","og_url":"https:\/\/www.suno.com.br\/noticias\/brexit-sem-acordo-suspensao-parlamento\/","og_site_name":"Suno Not\u00edcias","article_publisher":"https:\/\/facebook.com\/sunoresearch","og_image":[{"width":1160,"height":773,"url":"https:\/\/files.sunoresearch.com.br\/n\/uploads\/2019\/08\/aa9b1f98-brexit.jpg","type":"image\/jpeg"}],"author":"Jader Lazarini","twitter_card":"summary_large_image","twitter_creator":"@sunoresearch","twitter_site":"@sunoresearch","twitter_misc":{"Escrito por":"Jader Lazarini","Est. tempo de leitura":"2 minutos"},"schema":{"@context":"https:\/\/schema.org","@graph":[{"@type":"NewsArticle","@id":"https:\/\/www.suno.com.br\/noticias\/brexit-sem-acordo-suspensao-parlamento\/#article","isPartOf":{"@id":"https:\/\/www.suno.com.br\/noticias\/brexit-sem-acordo-suspensao-parlamento\/"},"author":{"name":"Jader Lazarini","@id":"https:\/\/www.suno.com.br\/noticias\/#\/schema\/person\/918d79de1f0281f01599b93f9ea6e23f"},"headline":"Boris Johnson quer suspender o Parlamento; Brexit sem acordo fica mais pr\u00f3ximo","datePublished":"2019-08-28T11:29:57+00:00","dateModified":"2019-08-28T13:34:16+00:00","mainEntityOfPage":{"@id":"https:\/\/www.suno.com.br\/noticias\/brexit-sem-acordo-suspensao-parlamento\/"},"wordCount":460,"publisher":{"@id":"https:\/\/www.suno.com.br\/noticias\/#organization"},"image":{"@id":"https:\/\/www.suno.com.br\/noticias\/brexit-sem-acordo-suspensao-parlamento\/#primaryimage"},"thumbnailUrl":"https:\/\/files.sunoresearch.com.br\/n\/uploads\/2019\/08\/aa9b1f98-brexit-jpg.webp","keywords":["Boris Johnson","Brexit","Uni\u00e3o Europeia"],"articleSection":["Internacional"],"inLanguage":"pt-BR"},{"@type":"WebPage","@id":"https:\/\/www.suno.com.br\/noticias\/brexit-sem-acordo-suspensao-parlamento\/","url":"https:\/\/www.suno.com.br\/noticias\/brexit-sem-acordo-suspensao-parlamento\/","name":"Brexit ficar\u00e1 mais pr\u00f3ximo ap\u00f3s suspens\u00e3o do Parlamento","isPartOf":{"@id":"https:\/\/www.suno.com.br\/noticias\/#website"},"primaryImageOfPage":{"@id":"https:\/\/www.suno.com.br\/noticias\/brexit-sem-acordo-suspensao-parlamento\/#primaryimage"},"image":{"@id":"https:\/\/www.suno.com.br\/noticias\/brexit-sem-acordo-suspensao-parlamento\/#primaryimage"},"thumbnailUrl":"https:\/\/files.sunoresearch.com.br\/n\/uploads\/2019\/08\/aa9b1f98-brexit-jpg.webp","datePublished":"2019-08-28T11:29:57+00:00","dateModified":"2019-08-28T13:34:16+00:00","description":"Boris Johnson ir\u00e1 pedir \u00e0 Rainha Elizabeth II a suspens\u00e3o do parlamento at\u00e9 o dia 14 de outubro. Saiba mais sobre o Brexit.","breadcrumb":{"@id":"https:\/\/www.suno.com.br\/noticias\/brexit-sem-acordo-suspensao-parlamento\/#breadcrumb"},"inLanguage":"pt-BR","potentialAction":[{"@type":"ReadAction","target":["https:\/\/www.suno.com.br\/noticias\/brexit-sem-acordo-suspensao-parlamento\/"]}]},{"@type":"ImageObject","inLanguage":"pt-BR","@id":"https:\/\/www.suno.com.br\/noticias\/brexit-sem-acordo-suspensao-parlamento\/#primaryimage","url":"https:\/\/files.sunoresearch.com.br\/n\/uploads\/2019\/08\/aa9b1f98-brexit-jpg.webp","contentUrl":"https:\/\/files.sunoresearch.com.br\/n\/uploads\/2019\/08\/aa9b1f98-brexit-jpg.webp","width":1160,"height":773,"caption":"O negociador do Reino Unido para o\u00a0Brexit declarou que as diverg\u00eancias com a UE sobre um acordo comercial continuam."},{"@type":"BreadcrumbList","@id":"https:\/\/www.suno.com.br\/noticias\/brexit-sem-acordo-suspensao-parlamento\/#breadcrumb","itemListElement":[{"@type":"ListItem","position":1,"name":"Not\u00edcias","item":"https:\/\/www.suno.com.br\/noticias\/"},{"@type":"ListItem","position":2,"name":"Internacional","item":"https:\/\/www.suno.com.br\/noticias\/internacional\/"},{"@type":"ListItem","position":3,"name":"Boris Johnson quer suspender o Parlamento; Brexit sem acordo fica mais pr\u00f3ximo"}]},{"@type":"WebSite","@id":"https:\/\/www.suno.com.br\/noticias\/#website","url":"https:\/\/www.suno.com.br\/noticias\/","name":"Suno Not\u00edcias","description":"Seu portal de informa\u00e7\u00e3o sobre o mundo dos investimentos","publisher":{"@id":"https:\/\/www.suno.com.br\/noticias\/#organization"},"potentialAction":[{"@type":"SearchAction","target":{"@type":"EntryPoint","urlTemplate":"https:\/\/www.suno.com.br\/noticias\/?s={search_term_string}"},"query-input":{"@type":"PropertyValueSpecification","valueRequired":true,"valueName":"search_term_string"}}],"inLanguage":"pt-BR"},{"@type":"Organization","@id":"https:\/\/www.suno.com.br\/noticias\/#organization","name":"Suno Not\u00edcias","url":"https:\/\/www.suno.com.br\/noticias\/","logo":{"@type":"ImageObject","inLanguage":"pt-BR","@id":"https:\/\/www.suno.com.br\/noticias\/#\/schema\/logo\/image\/","url":"https:\/\/files.sunoresearch.com.br\/n\/uploads\/2021\/09\/suno-logo.png","contentUrl":"https:\/\/files.sunoresearch.com.br\/n\/uploads\/2021\/09\/suno-logo.png","width":180,"height":180,"caption":"Suno Not\u00edcias"},"image":{"@id":"https:\/\/www.suno.com.br\/noticias\/#\/schema\/logo\/image\/"},"sameAs":["https:\/\/facebook.com\/sunoresearch","https:\/\/x.com\/sunoresearch","https:\/\/www.instagram.com\/suno","https:\/\/www.linkedin.com\/company\/suno-research\/","https:\/\/www.youtube.com\/c\/sunoresearch"]},{"@type":"Person","@id":"https:\/\/www.suno.com.br\/noticias\/#\/schema\/person\/918d79de1f0281f01599b93f9ea6e23f","name":"Jader Lazarini","image":{"@type":"ImageObject","inLanguage":"pt-BR","@id":"https:\/\/www.suno.com.br\/noticias\/#\/schema\/person\/image\/","url":"https:\/\/secure.gravatar.com\/avatar\/3c1ad8caa51589841baeb923fcddea97?s=96&r=g","contentUrl":"https:\/\/secure.gravatar.com\/avatar\/3c1ad8caa51589841baeb923fcddea97?s=96&r=g","caption":"Jader Lazarini"},"description":"Jader Lazarini escreve sobre investimentos, finan\u00e7as, economia e neg\u00f3cios. \u00c9 bacharel em Rela\u00e7\u00f5es Internacionais e analista CNPI (2619).","url":"https:\/\/www.suno.com.br\/noticias\/author\/jader-lazarini\/"}]}},"default_loop_html":"<div class=\"cardsPage__listCard__boxs\"><div class=\"cardsPage__listCard__boxs__img\"><a href=\"https:\/\/www.suno.com.br\/noticias\/brexit-sem-acordo-suspensao-parlamento\/\"><img class=\"mask\" src=\"https:\/\/www.suno.com.br\/noticias\/wp-content\/themes\/suno\/resources\/images\/spotlight\/spotlight1img\/bg-mask.png\" alt=\"Image Mask\"\/><img src=\"https:\/\/files.sunoresearch.com.br\/n\/uploads\/2019\/08\/aa9b1f98-brexit-400x200.webp\" alt=\"Boris Johnson quer suspender o Parlamento; Brexit sem acordo fica mais pr\u00f3ximo\"\/><\/a><span class=\"spotlightCategory\"><a href=\"https:\/\/www.suno.com.br\/noticias\/internacional\/\">Internacional<\/a><\/span><\/div><div class=\"cardsPage__listCard__boxs__content\"><a href=\"https:\/\/www.suno.com.br\/noticias\/brexit-sem-acordo-suspensao-parlamento\/\"><h2 class=\"content__title\">Boris Johnson quer suspender o Parlamento; Brexit sem acordo fica mais pr\u00f3ximo<\/h2><\/a><div class=\"newsContent__article__meta\"><div class=\"newsContent__article__meta__authorBox\"><a href=\"https:\/\/www.suno.com.br\/noticias\/author\/jader-lazarini\/\" class=\"authorBox__avatar noMobi\"><img src=\"https:\/\/files.sunoresearch.com.br\/n\/uploads\/2021\/01\/178e6598-foto-perfil-2-150x150.jpg\" alt=\"Jader Lazarini\"><\/a><div class=\"authorBox__name\"><span>por\n\t\t\t<a href=\"https:\/\/www.suno.com.br\/noticias\/author\/jader-lazarini\/\"><span itemprop=\"author\">Jader Lazarini<\/span><\/a><\/span><time datetime=\"2019-08-28T08:29:57-03:00\" itemprop=\"datePublished\">28\/08\/2019 08:29<\/time><\/div><\/div><\/div><\/div><\/div>","single_layout":"posts","amp_enabled":true,"_links":{"self":[{"href":"https:\/\/www.suno.com.br\/noticias\/wp-json\/wp\/v2\/posts\/35541"}],"collection":[{"href":"https:\/\/www.suno.com.br\/noticias\/wp-json\/wp\/v2\/posts"}],"about":[{"href":"https:\/\/www.suno.com.br\/noticias\/wp-json\/wp\/v2\/types\/post"}],"author":[{"embeddable":true,"href":"https:\/\/www.suno.com.br\/noticias\/wp-json\/wp\/v2\/users\/24"}],"replies":[{"embeddable":true,"href":"https:\/\/www.suno.com.br\/noticias\/wp-json\/wp\/v2\/comments?post=35541"}],"version-history":[{"count":0,"href":"https:\/\/www.suno.com.br\/noticias\/wp-json\/wp\/v2\/posts\/35541\/revisions"}],"wp:featuredmedia":[{"embeddable":true,"href":"https:\/\/www.suno.com.br\/noticias\/wp-json\/wp\/v2\/media\/35543"}],"wp:attachment":[{"href":"https:\/\/www.suno.com.br\/noticias\/wp-json\/wp\/v2\/media?parent=35541"}],"wp:term":[{"taxonomy":"category","embeddable":true,"href":"https:\/\/www.suno.com.br\/noticias\/wp-json\/wp\/v2\/categories?post=35541"},{"taxonomy":"post_tag","embeddable":true,"href":"https:\/\/www.suno.com.br\/noticias\/wp-json\/wp\/v2\/tags?post=35541"},{"taxonomy":"suno_strategy","embeddable":true,"href":"https:\/\/www.suno.com.br\/noticias\/wp-json\/wp\/v2\/suno_strategy?post=35541"}],"curies":[{"name":"wp","href":"https:\/\/api.w.org\/{rel}","templated":true}]}}