{"id":35539,"date":"2019-08-28T08:37:06","date_gmt":"2019-08-28T11:37:06","guid":{"rendered":"https:\/\/www.suno.com.br\/noticias\/?p=35539"},"modified":"2019-08-28T08:44:54","modified_gmt":"2019-08-28T11:44:54","slug":"agenda-do-dia-280819-odebrecht-petrobras-oi-ccr","status":"publish","type":"post","link":"https:\/\/www.suno.com.br\/noticias\/agenda-do-dia-280819-odebrecht-petrobras-oi-ccr\/","title":{"rendered":"Agenda do Dia: Odebrecht; Petrobras; Oi; CCR e Brexit"},"content":{"rendered":"<p>Os assuntos da Agenda do Dia desta quarta-feira (28) prometem agitar o mercado interno e externo.<\/p>\t<div class=\"wrapper-featured-image\">\n\t\t<figure class=\"spotlightImg\">\n\n\t\t\t<picture>\n\t\t\t\t<source media=\"(max-width: 768px)\" srcset=\"https:\/\/files.sunoresearch.com.br\/n\/uploads\/2019\/06\/e310ada8-odebrecht-400x200.webp\">\n\t\t\t\t<img loading=\"lazy\" decoding=\"async\" class=\"newsContent__article__imgCapa lazyloadDisabled newsContent__article__imgCapa--noCaption\" src=\"https:\/\/files.sunoresearch.com.br\/n\/uploads\/2019\/06\/e310ada8-odebrecht-800x450.webp\" width=\"800\" height=\"450\" alt=\"Agenda do Dia: Odebrecht; Petrobras; Oi; CCR e Brexit\" fetchpriority=high \/>\n\t\t\t<\/picture>\n\n\t\t\t<figcaption class=\"wp-caption-text wp-caption-text--hide\">Odebrecht <\/figcaption>\n\t\t<\/figure>\n\t<\/div>\n\n\n\n<p>A Odebrecht deve conseguir a aprova\u00e7\u00e3o de um acordo sobre sua d\u00edvida bilion\u00e1ria. A <b>Petrobras <\/b>deu in\u00edcio ao per\u00edodo de reserva para a negocia\u00e7\u00e3o de R$ 3 bilh\u00f5es em t\u00edtulos de d\u00edvidas. Estas e outras not\u00edcias fazem parte da <strong style=\"font-size: 1.21429rem;\">Agenda<\/strong> <strong style=\"font-size: 1.21429rem;\">do<\/strong> <strong style=\"font-size: 1.21429rem;\">Dia <\/strong> desta quarta.<\/p>\n<p>A Agenda do Dia conta tamb\u00e9m com a not\u00edcia sobre o an\u00fancio da suspens\u00e3o do parlamento do Reino Unido em mais um cap\u00edtulo do Brexit.<\/p>\n<p>Confira os principais pontos da Agenda do Dia:<\/p>\n<h2>Odebrecht deve conseguir aprova\u00e7\u00e3o de acordo sobre d\u00edvida bilion\u00e1ria<\/h2>\n<p>A assembleia de credores deve aprovar o plano de reestrutura\u00e7\u00e3o da <strong>Odebrecht<\/strong>. A empresa deve, no total, R$ 100 bilh\u00f5es. O valor \u00e9 maior do que o da Oi, que era o maior da Am\u00e9rica Latina antes da Odebrecht entrar com pedido de recupera\u00e7\u00e3o judicial.<\/p>\n<p>A <strong>Odebrecht<\/strong> divulgou seu plano de recupera\u00e7\u00e3o judicial na \u00faltima segunda-feira (26) aos credores. A ideia proposta foi a de fazer com que eles troquem as d\u00edvidas por pap\u00e9is de resultados futuros da companhia.<\/p>\n<p>O CEO e presidente da empresa disse que a diminui\u00e7\u00e3o da d\u00edvida com o acordo ir\u00e1 garantir &#8220;a atividade produtiva, a preserva\u00e7\u00e3o de empregos e a gera\u00e7\u00e3o de valor para todos os stakeholders&#8221;.<\/p>\n<p><a href=\"https:\/\/www.suno.com.br\/noticias\/brexit-sem-acordo-suspensao-parlamento\/\">Veja tamb\u00e9m: Boris Johnson quer suspender o Parlamento; Brexit sem acordo fica mais pr\u00f3ximo\u00a0<\/a><\/p>\n<h2>Petrobras e oferta p\u00fablica de deb\u00eantures<\/h2>\n<p>No dia 16 de agosto, a <strong>Petrobras<\/strong> comunicou o mercado sobre o registro da oferta para distribui\u00e7\u00e3o p\u00fablica de t\u00edtulos de d\u00edvidas em at\u00e9 tr\u00eas s\u00e9ries.<\/p>\n<p>Na \u00faltima ter\u00e7a-feira (27), a estatal deu in\u00edcio ao per\u00edodo de reserva para a negocia\u00e7\u00e3o de R$ 3 bilh\u00f5es em t\u00edtulos de d\u00edvidas (<a href=\"https:\/\/www.suno.com.br\/artigos\/o-que-sao-debentures\/\">deb\u00eantures<\/a>). O prazo final da reserva \u00e9 o dia 9 de setembro.<\/p>\n<h2>Acionistas da Oi avaliam venda de opera\u00e7\u00f5es da companhia em fatias<\/h2>\n<p>Os acionistas da empresa de telecomunica\u00e7\u00f5es <strong>Oi<\/strong> est\u00e3o tentando chegar a um acordo para melhorar o futuro da empresa, que se encontra em recupera\u00e7\u00e3o judicial.<\/p>\n<p>Duas ideias est\u00e3o em pauta. A primeira \u00e9 a venda total da empresa para um novo investidor, e a segunda \u00e9 a venda de fatias das opera\u00e7\u00f5es da companhia. Empresas como <strong>Vivo<\/strong>, <strong>Claro<\/strong>, <strong>Tim<\/strong> e <strong>AT&amp;T<\/strong> j\u00e1 demonstraram interesse na <strong>Oi<\/strong>.<\/p>\n<p><a href=\"https:\/\/www.suno.com.br\/noticias\/guerra-comercial-brasil-vencedor-fintch-solutions\/\">Veja tamb\u00e9m: Guerra comercial beneficia exporta\u00e7\u00f5es do Brasil, diz Fintch Solutions\u00a0<\/a><\/p>\n<h2>CCR pode fazer IPO de R$ 2 bi<\/h2>\n<p>A <strong>CCR<\/strong> (<strong>CCRO3<\/strong>) estuda fazer uma oferta p\u00fablica inicial de a\u00e7\u00f5es para poder custear a sua expans\u00e3o na \u00e1rea de aeroportos, de acordo com informa\u00e7\u00f5es do Bradesco BBI.<\/p>\n<p>A informa\u00e7\u00e3o foi dada na \u00faltima ter\u00e7a-feira (27) em um relat\u00f3rio do Bradesco feito para clientes do banco.<\/p>\n<h2>Boris Johnson anuncia suspens\u00e3o do parlamento brit\u00e2nico<\/h2>\n<p>A ideia do primeiro-ministro do <strong>Reino<\/strong> <strong>Unido<\/strong>, <strong>Boris Johnson<\/strong>, \u00e9 fazer com que os deputados tenham menos tempo para tentar bloquear um poss\u00edvel <strong>Brexit<\/strong> sem acordo.<\/p>\n<p>Johnson afirmou que ir\u00e1 suspender o Parlamento por aproximadamente um m\u00eas, no per\u00edodo que antecede o dia 31 de outubro, data em que deve ocorrer a sa\u00edda do Reino Unido da <strong>Uni\u00e3o<\/strong> <strong>Europeia<\/strong>.<\/p>\n<p>A <strong style=\"font-size: 1.21429rem;\">Agenda<\/strong> <strong style=\"font-size: 1.21429rem;\">do<\/strong> <strong style=\"font-size: 1.21429rem;\">Dia<\/strong> da <a href=\"https:\/\/www.youtube.com\/watch?v=-iklfq-ZjwE\"><strong>Suno<\/strong><\/a><strong>\u00a0<\/strong>mostra os principais acontecimentos que prometem movimentar o mercado durante o dia.<\/p>\n","protected":false},"excerpt":{"rendered":"<p>Os assuntos da Agenda do Dia desta quarta-feira (28) prometem agitar o mercado interno e externo. Odebrecht A Odebrecht deve conseguir a aprova\u00e7\u00e3o de um acordo sobre sua d\u00edvida bilion\u00e1ria. A Petrobras deu in\u00edcio ao per\u00edodo de reserva para a negocia\u00e7\u00e3o de R$ 3 bilh\u00f5es em t\u00edtulos de d\u00edvidas. Estas e outras not\u00edcias fazem parte [&hellip;]<\/p>\n","protected":false},"author":19,"featured_media":27900,"comment_status":"closed","ping_status":"closed","sticky":false,"template":"","format":"standard","meta":[],"categories":[64],"tags":[1648,753,407,783,584,595],"suno_strategy":[],"class_list":["post-35539","post","type-post","status-publish","format-standard","has-post-thumbnail","hentry","category-negocios","tag-boris-johnson","tag-brexit","tag-ccr-ccro3","tag-odebrecht","tag-oi-oibr3-oibr4","tag-petrobras-petr4"],"yoast_head":"<!-- This site is optimized with the Yoast SEO plugin v24.4 - https:\/\/yoast.com\/wordpress\/plugins\/seo\/ -->\n<title>Agenda do Dia: Odebrecht; Petrobras; Oi; CCR e Brexit<\/title>\n<meta name=\"description\" content=\"Agenda do Dia: Odebrecht; Petrobras; Oi; CCR e Brexit s\u00e3o algumas das principais not\u00edcias desta quarta-feira (28). Clique e saiba mais.\" \/>\n<meta name=\"robots\" content=\"index, follow, max-snippet:-1, max-image-preview:large, max-video-preview:-1\" \/>\n<link rel=\"canonical\" href=\"https:\/\/www.suno.com.br\/noticias\/agenda-do-dia-280819-odebrecht-petrobras-oi-ccr\/\" \/>\n<meta property=\"og:locale\" content=\"pt_BR\" \/>\n<meta property=\"og:type\" content=\"article\" \/>\n<meta property=\"og:title\" content=\"Agenda do Dia: Odebrecht; Petrobras; Oi; CCR e Brexit\" \/>\n<meta property=\"og:description\" content=\"Agenda do Dia: Odebrecht; Petrobras; Oi; CCR e Brexit s\u00e3o algumas das principais not\u00edcias desta quarta-feira (28). Clique e saiba mais.\" \/>\n<meta property=\"og:url\" content=\"https:\/\/www.suno.com.br\/noticias\/agenda-do-dia-280819-odebrecht-petrobras-oi-ccr\/\" \/>\n<meta property=\"og:site_name\" content=\"Suno Not\u00edcias\" \/>\n<meta property=\"article:publisher\" content=\"https:\/\/facebook.com\/sunoresearch\" \/>\n<meta property=\"og:image\" content=\"https:\/\/files.sunoresearch.com.br\/n\/uploads\/2019\/06\/e310ada8-odebrecht.jpg\" \/>\n\t<meta property=\"og:image:width\" content=\"1200\" \/>\n\t<meta property=\"og:image:height\" content=\"787\" \/>\n\t<meta property=\"og:image:type\" content=\"image\/jpeg\" \/>\n<meta name=\"author\" content=\"Juliano Passaro\" \/>\n<meta name=\"twitter:card\" content=\"summary_large_image\" \/>\n<meta name=\"twitter:creator\" content=\"@sunoresearch\" \/>\n<meta name=\"twitter:site\" content=\"@sunoresearch\" \/>\n<meta name=\"twitter:label1\" content=\"Escrito por\" \/>\n\t<meta name=\"twitter:data1\" content=\"Juliano Passaro\" \/>\n\t<meta name=\"twitter:label2\" content=\"Est. tempo de leitura\" \/>\n\t<meta name=\"twitter:data2\" content=\"3 minutos\" \/>\n<script type=\"application\/ld+json\" class=\"yoast-schema-graph\">{\"@context\":\"https:\/\/schema.org\",\"@graph\":[{\"@type\":\"NewsArticle\",\"@id\":\"https:\/\/www.suno.com.br\/noticias\/agenda-do-dia-280819-odebrecht-petrobras-oi-ccr\/#article\",\"isPartOf\":{\"@id\":\"https:\/\/www.suno.com.br\/noticias\/agenda-do-dia-280819-odebrecht-petrobras-oi-ccr\/\"},\"author\":{\"name\":\"Juliano Passaro\",\"@id\":\"https:\/\/www.suno.com.br\/noticias\/#\/schema\/person\/1db762f78ffd8919a648a63e425953e3\"},\"headline\":\"Agenda do Dia: Odebrecht; Petrobras; Oi; CCR e Brexit\",\"datePublished\":\"2019-08-28T11:37:06+00:00\",\"dateModified\":\"2019-08-28T11:44:54+00:00\",\"mainEntityOfPage\":{\"@id\":\"https:\/\/www.suno.com.br\/noticias\/agenda-do-dia-280819-odebrecht-petrobras-oi-ccr\/\"},\"wordCount\":587,\"publisher\":{\"@id\":\"https:\/\/www.suno.com.br\/noticias\/#organization\"},\"image\":{\"@id\":\"https:\/\/www.suno.com.br\/noticias\/agenda-do-dia-280819-odebrecht-petrobras-oi-ccr\/#primaryimage\"},\"thumbnailUrl\":\"https:\/\/files.sunoresearch.com.br\/n\/uploads\/2019\/06\/e310ada8-odebrecht-jpg.webp\",\"keywords\":[\"Boris Johnson\",\"Brexit\",\"CCR (CCRO3)\",\"Odebrecht\",\"Oi (OIBR3\/OIBR4)\",\"Petrobras (PETR4)\"],\"articleSection\":[\"Neg\u00f3cios\"],\"inLanguage\":\"pt-BR\"},{\"@type\":\"WebPage\",\"@id\":\"https:\/\/www.suno.com.br\/noticias\/agenda-do-dia-280819-odebrecht-petrobras-oi-ccr\/\",\"url\":\"https:\/\/www.suno.com.br\/noticias\/agenda-do-dia-280819-odebrecht-petrobras-oi-ccr\/\",\"name\":\"Agenda do Dia: Odebrecht; Petrobras; Oi; CCR e Brexit\",\"isPartOf\":{\"@id\":\"https:\/\/www.suno.com.br\/noticias\/#website\"},\"primaryImageOfPage\":{\"@id\":\"https:\/\/www.suno.com.br\/noticias\/agenda-do-dia-280819-odebrecht-petrobras-oi-ccr\/#primaryimage\"},\"image\":{\"@id\":\"https:\/\/www.suno.com.br\/noticias\/agenda-do-dia-280819-odebrecht-petrobras-oi-ccr\/#primaryimage\"},\"thumbnailUrl\":\"https:\/\/files.sunoresearch.com.br\/n\/uploads\/2019\/06\/e310ada8-odebrecht-jpg.webp\",\"datePublished\":\"2019-08-28T11:37:06+00:00\",\"dateModified\":\"2019-08-28T11:44:54+00:00\",\"description\":\"Agenda do Dia: Odebrecht; Petrobras; Oi; CCR e Brexit s\u00e3o algumas das principais not\u00edcias desta quarta-feira (28). Clique e saiba mais.\",\"breadcrumb\":{\"@id\":\"https:\/\/www.suno.com.br\/noticias\/agenda-do-dia-280819-odebrecht-petrobras-oi-ccr\/#breadcrumb\"},\"inLanguage\":\"pt-BR\",\"potentialAction\":[{\"@type\":\"ReadAction\",\"target\":[\"https:\/\/www.suno.com.br\/noticias\/agenda-do-dia-280819-odebrecht-petrobras-oi-ccr\/\"]}]},{\"@type\":\"ImageObject\",\"inLanguage\":\"pt-BR\",\"@id\":\"https:\/\/www.suno.com.br\/noticias\/agenda-do-dia-280819-odebrecht-petrobras-oi-ccr\/#primaryimage\",\"url\":\"https:\/\/files.sunoresearch.com.br\/n\/uploads\/2019\/06\/e310ada8-odebrecht-jpg.webp\",\"contentUrl\":\"https:\/\/files.sunoresearch.com.br\/n\/uploads\/2019\/06\/e310ada8-odebrecht-jpg.webp\",\"width\":1200,\"height\":787,\"caption\":\"Odebrecht\"},{\"@type\":\"BreadcrumbList\",\"@id\":\"https:\/\/www.suno.com.br\/noticias\/agenda-do-dia-280819-odebrecht-petrobras-oi-ccr\/#breadcrumb\",\"itemListElement\":[{\"@type\":\"ListItem\",\"position\":1,\"name\":\"Not\u00edcias\",\"item\":\"https:\/\/www.suno.com.br\/noticias\/\"},{\"@type\":\"ListItem\",\"position\":2,\"name\":\"Neg\u00f3cios\",\"item\":\"https:\/\/www.suno.com.br\/noticias\/negocios\/\"},{\"@type\":\"ListItem\",\"position\":3,\"name\":\"Agenda do Dia: Odebrecht; Petrobras; Oi; CCR e Brexit\"}]},{\"@type\":\"WebSite\",\"@id\":\"https:\/\/www.suno.com.br\/noticias\/#website\",\"url\":\"https:\/\/www.suno.com.br\/noticias\/\",\"name\":\"Suno Not\u00edcias\",\"description\":\"Seu portal de informa\u00e7\u00e3o sobre o mundo dos investimentos\",\"publisher\":{\"@id\":\"https:\/\/www.suno.com.br\/noticias\/#organization\"},\"potentialAction\":[{\"@type\":\"SearchAction\",\"target\":{\"@type\":\"EntryPoint\",\"urlTemplate\":\"https:\/\/www.suno.com.br\/noticias\/?s={search_term_string}\"},\"query-input\":{\"@type\":\"PropertyValueSpecification\",\"valueRequired\":true,\"valueName\":\"search_term_string\"}}],\"inLanguage\":\"pt-BR\"},{\"@type\":\"Organization\",\"@id\":\"https:\/\/www.suno.com.br\/noticias\/#organization\",\"name\":\"Suno Not\u00edcias\",\"url\":\"https:\/\/www.suno.com.br\/noticias\/\",\"logo\":{\"@type\":\"ImageObject\",\"inLanguage\":\"pt-BR\",\"@id\":\"https:\/\/www.suno.com.br\/noticias\/#\/schema\/logo\/image\/\",\"url\":\"https:\/\/files.sunoresearch.com.br\/n\/uploads\/2021\/09\/suno-logo.png\",\"contentUrl\":\"https:\/\/files.sunoresearch.com.br\/n\/uploads\/2021\/09\/suno-logo.png\",\"width\":180,\"height\":180,\"caption\":\"Suno Not\u00edcias\"},\"image\":{\"@id\":\"https:\/\/www.suno.com.br\/noticias\/#\/schema\/logo\/image\/\"},\"sameAs\":[\"https:\/\/facebook.com\/sunoresearch\",\"https:\/\/x.com\/sunoresearch\",\"https:\/\/www.instagram.com\/suno\",\"https:\/\/www.linkedin.com\/company\/suno-research\/\",\"https:\/\/www.youtube.com\/c\/sunoresearch\"]},{\"@type\":\"Person\",\"@id\":\"https:\/\/www.suno.com.br\/noticias\/#\/schema\/person\/1db762f78ffd8919a648a63e425953e3\",\"name\":\"Juliano Passaro\",\"image\":{\"@type\":\"ImageObject\",\"inLanguage\":\"pt-BR\",\"@id\":\"https:\/\/www.suno.com.br\/noticias\/#\/schema\/person\/image\/\",\"url\":\"https:\/\/secure.gravatar.com\/avatar\/743d4df28eebf6dcc46b4ad03c319e92?s=96&r=g\",\"contentUrl\":\"https:\/\/secure.gravatar.com\/avatar\/743d4df28eebf6dcc46b4ad03c319e92?s=96&r=g\",\"caption\":\"Juliano Passaro\"},\"description\":\"Juliano Passaro escreve sobre pol\u00edtica, economia e neg\u00f3cios para o portal da Suno Research. Antes da Suno, trabalhou no Portal da Band. \u00c9 formado em jornalismo pela Universidade Presbiteriana Mackenzie.\",\"url\":\"https:\/\/www.suno.com.br\/noticias\/author\/juliano\/\"}]}<\/script>\n<!-- \/ Yoast SEO plugin. -->","yoast_head_json":{"title":"Agenda do Dia: Odebrecht; Petrobras; Oi; CCR e Brexit","description":"Agenda do Dia: Odebrecht; Petrobras; Oi; CCR e Brexit s\u00e3o algumas das principais not\u00edcias desta quarta-feira (28). Clique e saiba mais.","robots":{"index":"index","follow":"follow","max-snippet":"max-snippet:-1","max-image-preview":"max-image-preview:large","max-video-preview":"max-video-preview:-1"},"canonical":"https:\/\/www.suno.com.br\/noticias\/agenda-do-dia-280819-odebrecht-petrobras-oi-ccr\/","og_locale":"pt_BR","og_type":"article","og_title":"Agenda do Dia: Odebrecht; Petrobras; Oi; CCR e Brexit","og_description":"Agenda do Dia: Odebrecht; Petrobras; Oi; CCR e Brexit s\u00e3o algumas das principais not\u00edcias desta quarta-feira (28). Clique e saiba mais.","og_url":"https:\/\/www.suno.com.br\/noticias\/agenda-do-dia-280819-odebrecht-petrobras-oi-ccr\/","og_site_name":"Suno Not\u00edcias","article_publisher":"https:\/\/facebook.com\/sunoresearch","og_image":[{"width":1200,"height":787,"url":"https:\/\/files.sunoresearch.com.br\/n\/uploads\/2019\/06\/e310ada8-odebrecht.jpg","type":"image\/jpeg"}],"author":"Juliano Passaro","twitter_card":"summary_large_image","twitter_creator":"@sunoresearch","twitter_site":"@sunoresearch","twitter_misc":{"Escrito por":"Juliano Passaro","Est. tempo de leitura":"3 minutos"},"schema":{"@context":"https:\/\/schema.org","@graph":[{"@type":"NewsArticle","@id":"https:\/\/www.suno.com.br\/noticias\/agenda-do-dia-280819-odebrecht-petrobras-oi-ccr\/#article","isPartOf":{"@id":"https:\/\/www.suno.com.br\/noticias\/agenda-do-dia-280819-odebrecht-petrobras-oi-ccr\/"},"author":{"name":"Juliano Passaro","@id":"https:\/\/www.suno.com.br\/noticias\/#\/schema\/person\/1db762f78ffd8919a648a63e425953e3"},"headline":"Agenda do Dia: Odebrecht; Petrobras; Oi; CCR e Brexit","datePublished":"2019-08-28T11:37:06+00:00","dateModified":"2019-08-28T11:44:54+00:00","mainEntityOfPage":{"@id":"https:\/\/www.suno.com.br\/noticias\/agenda-do-dia-280819-odebrecht-petrobras-oi-ccr\/"},"wordCount":587,"publisher":{"@id":"https:\/\/www.suno.com.br\/noticias\/#organization"},"image":{"@id":"https:\/\/www.suno.com.br\/noticias\/agenda-do-dia-280819-odebrecht-petrobras-oi-ccr\/#primaryimage"},"thumbnailUrl":"https:\/\/files.sunoresearch.com.br\/n\/uploads\/2019\/06\/e310ada8-odebrecht-jpg.webp","keywords":["Boris Johnson","Brexit","CCR (CCRO3)","Odebrecht","Oi (OIBR3\/OIBR4)","Petrobras (PETR4)"],"articleSection":["Neg\u00f3cios"],"inLanguage":"pt-BR"},{"@type":"WebPage","@id":"https:\/\/www.suno.com.br\/noticias\/agenda-do-dia-280819-odebrecht-petrobras-oi-ccr\/","url":"https:\/\/www.suno.com.br\/noticias\/agenda-do-dia-280819-odebrecht-petrobras-oi-ccr\/","name":"Agenda do Dia: Odebrecht; Petrobras; Oi; CCR e Brexit","isPartOf":{"@id":"https:\/\/www.suno.com.br\/noticias\/#website"},"primaryImageOfPage":{"@id":"https:\/\/www.suno.com.br\/noticias\/agenda-do-dia-280819-odebrecht-petrobras-oi-ccr\/#primaryimage"},"image":{"@id":"https:\/\/www.suno.com.br\/noticias\/agenda-do-dia-280819-odebrecht-petrobras-oi-ccr\/#primaryimage"},"thumbnailUrl":"https:\/\/files.sunoresearch.com.br\/n\/uploads\/2019\/06\/e310ada8-odebrecht-jpg.webp","datePublished":"2019-08-28T11:37:06+00:00","dateModified":"2019-08-28T11:44:54+00:00","description":"Agenda do Dia: Odebrecht; Petrobras; Oi; CCR e Brexit s\u00e3o algumas das principais not\u00edcias desta quarta-feira (28). Clique e saiba mais.","breadcrumb":{"@id":"https:\/\/www.suno.com.br\/noticias\/agenda-do-dia-280819-odebrecht-petrobras-oi-ccr\/#breadcrumb"},"inLanguage":"pt-BR","potentialAction":[{"@type":"ReadAction","target":["https:\/\/www.suno.com.br\/noticias\/agenda-do-dia-280819-odebrecht-petrobras-oi-ccr\/"]}]},{"@type":"ImageObject","inLanguage":"pt-BR","@id":"https:\/\/www.suno.com.br\/noticias\/agenda-do-dia-280819-odebrecht-petrobras-oi-ccr\/#primaryimage","url":"https:\/\/files.sunoresearch.com.br\/n\/uploads\/2019\/06\/e310ada8-odebrecht-jpg.webp","contentUrl":"https:\/\/files.sunoresearch.com.br\/n\/uploads\/2019\/06\/e310ada8-odebrecht-jpg.webp","width":1200,"height":787,"caption":"Odebrecht"},{"@type":"BreadcrumbList","@id":"https:\/\/www.suno.com.br\/noticias\/agenda-do-dia-280819-odebrecht-petrobras-oi-ccr\/#breadcrumb","itemListElement":[{"@type":"ListItem","position":1,"name":"Not\u00edcias","item":"https:\/\/www.suno.com.br\/noticias\/"},{"@type":"ListItem","position":2,"name":"Neg\u00f3cios","item":"https:\/\/www.suno.com.br\/noticias\/negocios\/"},{"@type":"ListItem","position":3,"name":"Agenda do Dia: Odebrecht; Petrobras; Oi; CCR e Brexit"}]},{"@type":"WebSite","@id":"https:\/\/www.suno.com.br\/noticias\/#website","url":"https:\/\/www.suno.com.br\/noticias\/","name":"Suno Not\u00edcias","description":"Seu portal de informa\u00e7\u00e3o sobre o mundo dos investimentos","publisher":{"@id":"https:\/\/www.suno.com.br\/noticias\/#organization"},"potentialAction":[{"@type":"SearchAction","target":{"@type":"EntryPoint","urlTemplate":"https:\/\/www.suno.com.br\/noticias\/?s={search_term_string}"},"query-input":{"@type":"PropertyValueSpecification","valueRequired":true,"valueName":"search_term_string"}}],"inLanguage":"pt-BR"},{"@type":"Organization","@id":"https:\/\/www.suno.com.br\/noticias\/#organization","name":"Suno Not\u00edcias","url":"https:\/\/www.suno.com.br\/noticias\/","logo":{"@type":"ImageObject","inLanguage":"pt-BR","@id":"https:\/\/www.suno.com.br\/noticias\/#\/schema\/logo\/image\/","url":"https:\/\/files.sunoresearch.com.br\/n\/uploads\/2021\/09\/suno-logo.png","contentUrl":"https:\/\/files.sunoresearch.com.br\/n\/uploads\/2021\/09\/suno-logo.png","width":180,"height":180,"caption":"Suno Not\u00edcias"},"image":{"@id":"https:\/\/www.suno.com.br\/noticias\/#\/schema\/logo\/image\/"},"sameAs":["https:\/\/facebook.com\/sunoresearch","https:\/\/x.com\/sunoresearch","https:\/\/www.instagram.com\/suno","https:\/\/www.linkedin.com\/company\/suno-research\/","https:\/\/www.youtube.com\/c\/sunoresearch"]},{"@type":"Person","@id":"https:\/\/www.suno.com.br\/noticias\/#\/schema\/person\/1db762f78ffd8919a648a63e425953e3","name":"Juliano Passaro","image":{"@type":"ImageObject","inLanguage":"pt-BR","@id":"https:\/\/www.suno.com.br\/noticias\/#\/schema\/person\/image\/","url":"https:\/\/secure.gravatar.com\/avatar\/743d4df28eebf6dcc46b4ad03c319e92?s=96&r=g","contentUrl":"https:\/\/secure.gravatar.com\/avatar\/743d4df28eebf6dcc46b4ad03c319e92?s=96&r=g","caption":"Juliano Passaro"},"description":"Juliano Passaro escreve sobre pol\u00edtica, economia e neg\u00f3cios para o portal da Suno Research. Antes da Suno, trabalhou no Portal da Band. \u00c9 formado em jornalismo pela Universidade Presbiteriana Mackenzie.","url":"https:\/\/www.suno.com.br\/noticias\/author\/juliano\/"}]}},"default_loop_html":"<div class=\"cardsPage__listCard__boxs\"><div class=\"cardsPage__listCard__boxs__img\"><a href=\"https:\/\/www.suno.com.br\/noticias\/agenda-do-dia-280819-odebrecht-petrobras-oi-ccr\/\"><img class=\"mask\" src=\"https:\/\/www.suno.com.br\/noticias\/wp-content\/themes\/suno\/resources\/images\/spotlight\/spotlight1img\/bg-mask.png\" alt=\"Image Mask\"\/><img src=\"https:\/\/files.sunoresearch.com.br\/n\/uploads\/2019\/06\/e310ada8-odebrecht-400x200.webp\" alt=\"Agenda do Dia: Odebrecht; Petrobras; Oi; CCR e Brexit\"\/><\/a><span class=\"spotlightCategory\"><a href=\"https:\/\/www.suno.com.br\/noticias\/negocios\/\">Neg\u00f3cios<\/a><\/span><\/div><div class=\"cardsPage__listCard__boxs__content\"><a href=\"https:\/\/www.suno.com.br\/noticias\/agenda-do-dia-280819-odebrecht-petrobras-oi-ccr\/\"><h2 class=\"content__title\">Agenda do Dia: Odebrecht; Petrobras; Oi; CCR e Brexit<\/h2><\/a><div class=\"newsContent__article__meta\"><div class=\"newsContent__article__meta__authorBox\"><a href=\"https:\/\/www.suno.com.br\/noticias\/author\/juliano\/\" class=\"authorBox__avatar noMobi\"><img src=\"https:\/\/files.sunoresearch.com.br\/n\/uploads\/2019\/06\/7cc3efea-whatsapp-image-2019-07-18-at-21.59.33-e1563499821209-150x150.webp\" alt=\"Juliano Passaro\"><\/a><div class=\"authorBox__name\"><span>por\n\t\t\t<a href=\"https:\/\/www.suno.com.br\/noticias\/author\/juliano\/\"><span itemprop=\"author\">Juliano Passaro<\/span><\/a><\/span><time datetime=\"2019-08-28T08:37:06-03:00\" itemprop=\"datePublished\">28\/08\/2019 08:37<\/time><\/div><\/div><\/div><\/div><\/div>","single_layout":"posts","amp_enabled":true,"_links":{"self":[{"href":"https:\/\/www.suno.com.br\/noticias\/wp-json\/wp\/v2\/posts\/35539"}],"collection":[{"href":"https:\/\/www.suno.com.br\/noticias\/wp-json\/wp\/v2\/posts"}],"about":[{"href":"https:\/\/www.suno.com.br\/noticias\/wp-json\/wp\/v2\/types\/post"}],"author":[{"embeddable":true,"href":"https:\/\/www.suno.com.br\/noticias\/wp-json\/wp\/v2\/users\/19"}],"replies":[{"embeddable":true,"href":"https:\/\/www.suno.com.br\/noticias\/wp-json\/wp\/v2\/comments?post=35539"}],"version-history":[{"count":0,"href":"https:\/\/www.suno.com.br\/noticias\/wp-json\/wp\/v2\/posts\/35539\/revisions"}],"wp:featuredmedia":[{"embeddable":true,"href":"https:\/\/www.suno.com.br\/noticias\/wp-json\/wp\/v2\/media\/27900"}],"wp:attachment":[{"href":"https:\/\/www.suno.com.br\/noticias\/wp-json\/wp\/v2\/media?parent=35539"}],"wp:term":[{"taxonomy":"category","embeddable":true,"href":"https:\/\/www.suno.com.br\/noticias\/wp-json\/wp\/v2\/categories?post=35539"},{"taxonomy":"post_tag","embeddable":true,"href":"https:\/\/www.suno.com.br\/noticias\/wp-json\/wp\/v2\/tags?post=35539"},{"taxonomy":"suno_strategy","embeddable":true,"href":"https:\/\/www.suno.com.br\/noticias\/wp-json\/wp\/v2\/suno_strategy?post=35539"}],"curies":[{"name":"wp","href":"https:\/\/api.w.org\/{rel}","templated":true}]}}