{"id":35538,"date":"2019-08-28T08:26:16","date_gmt":"2019-08-28T11:26:16","guid":{"rendered":"https:\/\/www.suno.com.br\/noticias\/?p=35538"},"modified":"2021-02-17T23:03:58","modified_gmt":"2021-02-18T02:03:58","slug":"guerra-comercial-brasil-vencedor-fintch-solutions","status":"publish","type":"post","link":"https:\/\/www.suno.com.br\/noticias\/guerra-comercial-brasil-vencedor-fintch-solutions\/","title":{"rendered":"Guerra comercial beneficia exporta\u00e7\u00f5es do Brasil, diz Fintch Solutions"},"content":{"rendered":"<p>A <strong><a href=\"https:\/\/www.suno.com.br\/artigos\/a-guerra-comercial\/\">guerra comercial<\/a> <\/strong>entre as duas maiores potencias econ\u00f4micas, <strong>Estados Unidos<\/strong> e <strong>China<\/strong>, tem beneficiado o Brasil.<\/p>\t<div class=\"wrapper-featured-image\">\n\t\t<figure class=\"spotlightImg\">\n\n\t\t\t<picture>\n\t\t\t\t<source media=\"(max-width: 768px)\" srcset=\"https:\/\/files.sunoresearch.com.br\/n\/uploads\/2018\/12\/d3785640-exportacao-400x200.webp\">\n\t\t\t\t<img loading=\"lazy\" decoding=\"async\" class=\"newsContent__article__imgCapa lazyloadDisabled newsContent__article__imgCapa--noCaption\" src=\"https:\/\/files.sunoresearch.com.br\/n\/uploads\/2018\/12\/d3785640-exportacao-800x450.webp\" width=\"800\" height=\"450\" alt=\"Guerra comercial beneficia exporta\u00e7\u00f5es do Brasil, diz Fintch Solutions\" fetchpriority=high \/>\n\t\t\t<\/picture>\n\n\t\t\t<figcaption class=\"wp-caption-text wp-caption-text--hide\">Balan\u00e7a comercial tem d\u00e9ficit de US$ 701 mi na terceira semana de maio<\/figcaption>\n\t\t<\/figure>\n\t<\/div>\n\n\n<p>A consultoria Fitch Solutions classifica o <strong><a href=\"https:\/\/www.suno.com.br\/artigos\/comercio-internacional\/\">Brasil<\/a> <\/strong>como o maior vencedor da disputa comercial no setor agr\u00edcola e prote\u00ednas animais. Reitera que ainda que haja <a href=\"https:\/\/www.suno.com.br\/noticias\/trump-china-guerra-comercial-eua\/\">acordo<\/a> entre os dois pa\u00edses \u00e9 improv\u00e1vel que os importadores da China mudem de fornecedor.<\/p>\n\n<p>Desde o in\u00edcio da guerra os chineses t\u00eam procurado outros pa\u00edses para comprarem produtos agr\u00edcolas. Dessa forma, a Fintch informa que h\u00e1 outros &#8220;vencedores&#8221; em potencial com essa disputa.<\/p>\n<p>&#8220;Outros vencedores em potencial incluem produtores da Uni\u00e3o Europeia, produtores de carne bovina da Austr\u00e1lia, Nova Zel\u00e2ndia e Uruguai, al\u00e9m de produtores de ave na argentina&#8221;, ressalta a consultoria.<\/p>\n<p>As informa\u00e7\u00f5es foram divulgadas e apuradas pelo jornal &#8220;Estado de S.Paulo&#8221;.<\/p>\n<p>A Finch informa que a estimativa para este ano \u00e9 uma redu\u00e7\u00e3o de 30% da produ\u00e7\u00e3o de carne su\u00edna, devido a peste su\u00edna africana, resultando em um aumento significativo nas importa\u00e7\u00f5es chinesas. As exporta\u00e7\u00f5es de carne su\u00edna brasileira para China aumentaram 107% em julho, em compara\u00e7\u00e3o com base anual.<\/p>\n\t<p>\n\t\t<a href=\"https:\/\/www.suno.com.br\/asset\/fundos\/suno-acoes-xp-seg-prev\/\" target=\"_blank\" data-element=\"shortcode-suno-banner\" title=\"Banner SUNO, clique e saiba mais\">\n\t\t\t<picture>\n\t\t\t\t<source media=\"(max-width: 500px)\" srcset=\"https:\/\/files.sunoresearch.com.br\/n\/uploads\/2023\/10\/SUNOPREV-400x300-Mobile-Artigos-3.png\">\n\t\t\t\t<img class=\"newsContent__article__imgCapa newsContent__article__imgCapa--banner\"\n\t\t\t\t\tsrc=\"https:\/\/files.sunoresearch.com.br\/n\/uploads\/2023\/10\/SUNOPREV-1420x240-Banner-Artigos-1-_-Banner-Materias-1.png\"\n\t\t\t\t\tdata-promo-id=\"476310\"\t\t\t\t\t\t\t\t\t\twidth='1420' height='240'\t\t\t\t\talt=\"https:\/\/files.sunoresearch.com.br\/n\/uploads\/2023\/10\/SUNOPREV-1420x240-Banner-Artigos-1-_-Banner-Materias-1.png\"\n\t\t\t\t>\n\t\t\t<\/picture>\n\t\t<\/a>\n\t<\/p>\n\n\n<h2>Importa\u00e7\u00f5es de carne su\u00edna do Brasil pela China crescem<\/h2>\n<p>O aumento das <a href=\"https:\/\/www.suno.com.br\/artigos\/imposto-sobre-importacao\/\">importa\u00e7\u00f5es<\/a> da carne su\u00edna brasileira em 107% representa 182.227 toneladas de carne de porco adquirido no m\u00eas passado pela China. A eleva\u00e7\u00e3o expressiva se deve a epidemia da peste su\u00edna no pa\u00eds asi\u00e1tico.<\/p>\n<p>De acordo com dados do governo chin\u00eas, a epidemia que dizimou um ter\u00e7o do maior rebanho de porcos do mundo, j\u00e1 dura um ano. Os primeiros sete meses do ano foram ben\u00e9ficos para as exporta\u00e7\u00f5es de carne brasileira<\/p>\n<p>Segundo a Associa\u00e7\u00e3o Brasileira de Prote\u00edna Animal (ABPA) a exporta\u00e7\u00e3o de carne su\u00edna registrou aumento de 19,6%, por sua vez, a exporta\u00e7\u00e3o de frango registrou 5,8%.<\/p>\n<p><a href=\"\/\/www.suno.com.br\/noticias\/exportacoes-brasileiras-alta-eua\/\">Confira Tamb\u00e9m: Exporta\u00e7\u00f5es brasileiras registram alta devido as vendas aos Estados Unidos<\/a><\/p>\n<p>Do total das exporta\u00e7\u00f5es a China \u00e9 respons\u00e1vel por 28,2% da carne su\u00edna e 13% de frango.<\/p>\n<p>O presidente da ABPA, Francisco Turra, afirmou que para os pr\u00f3ximos cinco meses a tend\u00eancia \u00e9 de crescimento gradual devido a demanda externa.<\/p>\n<p>&#8220;Hoje, somo o quarto maior produtor mundial de su\u00ednos. O <strong>Brasil<\/strong> tem elasticidade de ter um grande consumo interno e densidade de volume e adensamento de animais. Os produtores n\u00e3o est\u00e3o fazendo movimento exacerbados de expectativas e, sim, aguardando a demanda externa&#8221;, completou Turra.<\/p>\n","protected":false},"excerpt":{"rendered":"<p>A guerra comercial entre as duas maiores potencias econ\u00f4micas, Estados Unidos e China, tem beneficiado o Brasil. Balan\u00e7a comercial tem d\u00e9ficit de US$ 701 mi na terceira semana de maio A consultoria Fitch Solutions classifica o Brasil como o maior vencedor da disputa comercial no setor agr\u00edcola e prote\u00ednas animais. Reitera que ainda que haja [&hellip;]<\/p>\n","protected":false},"author":15,"featured_media":7709,"comment_status":"closed","ping_status":"closed","sticky":false,"template":"","format":"standard","meta":[],"categories":[63],"tags":[711,706],"suno_strategy":[],"class_list":["post-35538","post","type-post","status-publish","format-standard","has-post-thumbnail","hentry","category-internacional","tag-china","tag-importacoes"],"yoast_head":"<!-- This site is optimized with the Yoast SEO plugin v24.4 - https:\/\/yoast.com\/wordpress\/plugins\/seo\/ -->\n<title>Guerra comercial beneficia exporta\u00e7\u00f5es do Brasil, diz Fintch Solutions<\/title>\n<meta name=\"description\" content=\"A guerra comercial entre as duas maiores potencias econ\u00f4micas, Estados Unidos e China, tem beneficiado o Brasil. Clique aqui e saiba mais\" \/>\n<meta name=\"robots\" content=\"index, follow, max-snippet:-1, max-image-preview:large, max-video-preview:-1\" \/>\n<link rel=\"canonical\" href=\"https:\/\/www.suno.com.br\/noticias\/guerra-comercial-brasil-vencedor-fintch-solutions\/\" \/>\n<meta property=\"og:locale\" content=\"pt_BR\" \/>\n<meta property=\"og:type\" content=\"article\" \/>\n<meta property=\"og:title\" content=\"Guerra comercial beneficia exporta\u00e7\u00f5es do Brasil, diz Fintch Solutions\" \/>\n<meta property=\"og:description\" content=\"A guerra comercial entre as duas maiores potencias econ\u00f4micas, Estados Unidos e China, tem beneficiado o Brasil. Clique aqui e saiba mais\" \/>\n<meta property=\"og:url\" content=\"https:\/\/www.suno.com.br\/noticias\/guerra-comercial-brasil-vencedor-fintch-solutions\/\" \/>\n<meta property=\"og:site_name\" content=\"Suno Not\u00edcias\" \/>\n<meta property=\"article:publisher\" content=\"https:\/\/facebook.com\/sunoresearch\" \/>\n<meta property=\"og:image\" content=\"https:\/\/files.sunoresearch.com.br\/n\/uploads\/2018\/12\/d3785640-exportacao.jpg\" \/>\n\t<meta property=\"og:image:width\" content=\"960\" \/>\n\t<meta property=\"og:image:height\" content=\"609\" \/>\n\t<meta property=\"og:image:type\" content=\"image\/jpeg\" \/>\n<meta name=\"author\" content=\"Poliana Santos\" \/>\n<meta name=\"twitter:card\" content=\"summary_large_image\" \/>\n<meta name=\"twitter:creator\" content=\"@sunoresearch\" \/>\n<meta name=\"twitter:site\" content=\"@sunoresearch\" \/>\n<meta name=\"twitter:label1\" content=\"Escrito por\" \/>\n\t<meta name=\"twitter:data1\" content=\"Poliana Santos\" \/>\n\t<meta name=\"twitter:label2\" content=\"Est. tempo de leitura\" \/>\n\t<meta name=\"twitter:data2\" content=\"2 minutos\" \/>\n<script type=\"application\/ld+json\" class=\"yoast-schema-graph\">{\"@context\":\"https:\/\/schema.org\",\"@graph\":[{\"@type\":\"NewsArticle\",\"@id\":\"https:\/\/www.suno.com.br\/noticias\/guerra-comercial-brasil-vencedor-fintch-solutions\/#article\",\"isPartOf\":{\"@id\":\"https:\/\/www.suno.com.br\/noticias\/guerra-comercial-brasil-vencedor-fintch-solutions\/\"},\"author\":{\"name\":\"Poliana Santos\",\"@id\":\"https:\/\/www.suno.com.br\/noticias\/#\/schema\/person\/02ec1f752758247878a2bf4abee1aeda\"},\"headline\":\"Guerra comercial beneficia exporta\u00e7\u00f5es do Brasil, diz Fintch Solutions\",\"datePublished\":\"2019-08-28T11:26:16+00:00\",\"dateModified\":\"2021-02-18T02:03:58+00:00\",\"mainEntityOfPage\":{\"@id\":\"https:\/\/www.suno.com.br\/noticias\/guerra-comercial-brasil-vencedor-fintch-solutions\/\"},\"wordCount\":434,\"publisher\":{\"@id\":\"https:\/\/www.suno.com.br\/noticias\/#organization\"},\"image\":{\"@id\":\"https:\/\/www.suno.com.br\/noticias\/guerra-comercial-brasil-vencedor-fintch-solutions\/#primaryimage\"},\"thumbnailUrl\":\"https:\/\/files.sunoresearch.com.br\/n\/uploads\/2018\/12\/d3785640-exportacao-jpg.webp\",\"keywords\":[\"China\",\"importa\u00e7\u00f5es\"],\"articleSection\":[\"Internacional\"],\"inLanguage\":\"pt-BR\"},{\"@type\":\"WebPage\",\"@id\":\"https:\/\/www.suno.com.br\/noticias\/guerra-comercial-brasil-vencedor-fintch-solutions\/\",\"url\":\"https:\/\/www.suno.com.br\/noticias\/guerra-comercial-brasil-vencedor-fintch-solutions\/\",\"name\":\"Guerra comercial beneficia exporta\u00e7\u00f5es do Brasil, diz Fintch Solutions\",\"isPartOf\":{\"@id\":\"https:\/\/www.suno.com.br\/noticias\/#website\"},\"primaryImageOfPage\":{\"@id\":\"https:\/\/www.suno.com.br\/noticias\/guerra-comercial-brasil-vencedor-fintch-solutions\/#primaryimage\"},\"image\":{\"@id\":\"https:\/\/www.suno.com.br\/noticias\/guerra-comercial-brasil-vencedor-fintch-solutions\/#primaryimage\"},\"thumbnailUrl\":\"https:\/\/files.sunoresearch.com.br\/n\/uploads\/2018\/12\/d3785640-exportacao-jpg.webp\",\"datePublished\":\"2019-08-28T11:26:16+00:00\",\"dateModified\":\"2021-02-18T02:03:58+00:00\",\"description\":\"A guerra comercial entre as duas maiores potencias econ\u00f4micas, Estados Unidos e China, tem beneficiado o Brasil. Clique aqui e saiba mais\",\"breadcrumb\":{\"@id\":\"https:\/\/www.suno.com.br\/noticias\/guerra-comercial-brasil-vencedor-fintch-solutions\/#breadcrumb\"},\"inLanguage\":\"pt-BR\",\"potentialAction\":[{\"@type\":\"ReadAction\",\"target\":[\"https:\/\/www.suno.com.br\/noticias\/guerra-comercial-brasil-vencedor-fintch-solutions\/\"]}]},{\"@type\":\"ImageObject\",\"inLanguage\":\"pt-BR\",\"@id\":\"https:\/\/www.suno.com.br\/noticias\/guerra-comercial-brasil-vencedor-fintch-solutions\/#primaryimage\",\"url\":\"https:\/\/files.sunoresearch.com.br\/n\/uploads\/2018\/12\/d3785640-exportacao-jpg.webp\",\"contentUrl\":\"https:\/\/files.sunoresearch.com.br\/n\/uploads\/2018\/12\/d3785640-exportacao-jpg.webp\",\"width\":960,\"height\":609,\"caption\":\"Balan\u00e7a comercial tem d\u00e9ficit de US$ 701 mi na terceira semana de maio\"},{\"@type\":\"BreadcrumbList\",\"@id\":\"https:\/\/www.suno.com.br\/noticias\/guerra-comercial-brasil-vencedor-fintch-solutions\/#breadcrumb\",\"itemListElement\":[{\"@type\":\"ListItem\",\"position\":1,\"name\":\"Not\u00edcias\",\"item\":\"https:\/\/www.suno.com.br\/noticias\/\"},{\"@type\":\"ListItem\",\"position\":2,\"name\":\"Internacional\",\"item\":\"https:\/\/www.suno.com.br\/noticias\/internacional\/\"},{\"@type\":\"ListItem\",\"position\":3,\"name\":\"Guerra comercial beneficia exporta\u00e7\u00f5es do Brasil, diz Fintch Solutions\"}]},{\"@type\":\"WebSite\",\"@id\":\"https:\/\/www.suno.com.br\/noticias\/#website\",\"url\":\"https:\/\/www.suno.com.br\/noticias\/\",\"name\":\"Suno Not\u00edcias\",\"description\":\"Seu portal de informa\u00e7\u00e3o sobre o mundo dos investimentos\",\"publisher\":{\"@id\":\"https:\/\/www.suno.com.br\/noticias\/#organization\"},\"potentialAction\":[{\"@type\":\"SearchAction\",\"target\":{\"@type\":\"EntryPoint\",\"urlTemplate\":\"https:\/\/www.suno.com.br\/noticias\/?s={search_term_string}\"},\"query-input\":{\"@type\":\"PropertyValueSpecification\",\"valueRequired\":true,\"valueName\":\"search_term_string\"}}],\"inLanguage\":\"pt-BR\"},{\"@type\":\"Organization\",\"@id\":\"https:\/\/www.suno.com.br\/noticias\/#organization\",\"name\":\"Suno Not\u00edcias\",\"url\":\"https:\/\/www.suno.com.br\/noticias\/\",\"logo\":{\"@type\":\"ImageObject\",\"inLanguage\":\"pt-BR\",\"@id\":\"https:\/\/www.suno.com.br\/noticias\/#\/schema\/logo\/image\/\",\"url\":\"https:\/\/files.sunoresearch.com.br\/n\/uploads\/2021\/09\/suno-logo.png\",\"contentUrl\":\"https:\/\/files.sunoresearch.com.br\/n\/uploads\/2021\/09\/suno-logo.png\",\"width\":180,\"height\":180,\"caption\":\"Suno Not\u00edcias\"},\"image\":{\"@id\":\"https:\/\/www.suno.com.br\/noticias\/#\/schema\/logo\/image\/\"},\"sameAs\":[\"https:\/\/facebook.com\/sunoresearch\",\"https:\/\/x.com\/sunoresearch\",\"https:\/\/www.instagram.com\/suno\",\"https:\/\/www.linkedin.com\/company\/suno-research\/\",\"https:\/\/www.youtube.com\/c\/sunoresearch\"]},{\"@type\":\"Person\",\"@id\":\"https:\/\/www.suno.com.br\/noticias\/#\/schema\/person\/02ec1f752758247878a2bf4abee1aeda\",\"name\":\"Poliana Santos\",\"image\":{\"@type\":\"ImageObject\",\"inLanguage\":\"pt-BR\",\"@id\":\"https:\/\/www.suno.com.br\/noticias\/#\/schema\/person\/image\/\",\"url\":\"https:\/\/secure.gravatar.com\/avatar\/0645bd32f23d87b2130f2b2dff1d3f8d?s=96&r=g\",\"contentUrl\":\"https:\/\/secure.gravatar.com\/avatar\/0645bd32f23d87b2130f2b2dff1d3f8d?s=96&r=g\",\"caption\":\"Poliana Santos\"},\"description\":\"Rep\u00f3rter no Suno Not\u00edcias, com cobertura em mercado financeiro, economia, finan\u00e7as pessoais, renda fixa e varejo. Jornalista formada pela Faculdade C\u00e1sper L\u00edbero e possui passagem na R\u00e1dio Gazeta AM com a produ\u00e7\u00e3o de conte\u00fado sobre economia, pol\u00edtica, sa\u00fade, moda e m\u00fasica. Possui certificado de conclus\u00e3o do curso de An\u00e1lise de Balan\u00e7os pela Funda\u00e7\u00e3o Bradesco, Agenda Brasil pela FAAP, Educa\u00e7\u00e3o Pol\u00edtica por Alexandre Garcia e do Tesouro Direto e Mercado de A\u00e7\u00f5es pela B3.\",\"url\":\"https:\/\/www.suno.com.br\/noticias\/author\/poliana-santos\/\"}]}<\/script>\n<!-- \/ Yoast SEO plugin. -->","yoast_head_json":{"title":"Guerra comercial beneficia exporta\u00e7\u00f5es do Brasil, diz Fintch Solutions","description":"A guerra comercial entre as duas maiores potencias econ\u00f4micas, Estados Unidos e China, tem beneficiado o Brasil. Clique aqui e saiba mais","robots":{"index":"index","follow":"follow","max-snippet":"max-snippet:-1","max-image-preview":"max-image-preview:large","max-video-preview":"max-video-preview:-1"},"canonical":"https:\/\/www.suno.com.br\/noticias\/guerra-comercial-brasil-vencedor-fintch-solutions\/","og_locale":"pt_BR","og_type":"article","og_title":"Guerra comercial beneficia exporta\u00e7\u00f5es do Brasil, diz Fintch Solutions","og_description":"A guerra comercial entre as duas maiores potencias econ\u00f4micas, Estados Unidos e China, tem beneficiado o Brasil. Clique aqui e saiba mais","og_url":"https:\/\/www.suno.com.br\/noticias\/guerra-comercial-brasil-vencedor-fintch-solutions\/","og_site_name":"Suno Not\u00edcias","article_publisher":"https:\/\/facebook.com\/sunoresearch","og_image":[{"width":960,"height":609,"url":"https:\/\/files.sunoresearch.com.br\/n\/uploads\/2018\/12\/d3785640-exportacao.jpg","type":"image\/jpeg"}],"author":"Poliana Santos","twitter_card":"summary_large_image","twitter_creator":"@sunoresearch","twitter_site":"@sunoresearch","twitter_misc":{"Escrito por":"Poliana Santos","Est. tempo de leitura":"2 minutos"},"schema":{"@context":"https:\/\/schema.org","@graph":[{"@type":"NewsArticle","@id":"https:\/\/www.suno.com.br\/noticias\/guerra-comercial-brasil-vencedor-fintch-solutions\/#article","isPartOf":{"@id":"https:\/\/www.suno.com.br\/noticias\/guerra-comercial-brasil-vencedor-fintch-solutions\/"},"author":{"name":"Poliana Santos","@id":"https:\/\/www.suno.com.br\/noticias\/#\/schema\/person\/02ec1f752758247878a2bf4abee1aeda"},"headline":"Guerra comercial beneficia exporta\u00e7\u00f5es do Brasil, diz Fintch Solutions","datePublished":"2019-08-28T11:26:16+00:00","dateModified":"2021-02-18T02:03:58+00:00","mainEntityOfPage":{"@id":"https:\/\/www.suno.com.br\/noticias\/guerra-comercial-brasil-vencedor-fintch-solutions\/"},"wordCount":434,"publisher":{"@id":"https:\/\/www.suno.com.br\/noticias\/#organization"},"image":{"@id":"https:\/\/www.suno.com.br\/noticias\/guerra-comercial-brasil-vencedor-fintch-solutions\/#primaryimage"},"thumbnailUrl":"https:\/\/files.sunoresearch.com.br\/n\/uploads\/2018\/12\/d3785640-exportacao-jpg.webp","keywords":["China","importa\u00e7\u00f5es"],"articleSection":["Internacional"],"inLanguage":"pt-BR"},{"@type":"WebPage","@id":"https:\/\/www.suno.com.br\/noticias\/guerra-comercial-brasil-vencedor-fintch-solutions\/","url":"https:\/\/www.suno.com.br\/noticias\/guerra-comercial-brasil-vencedor-fintch-solutions\/","name":"Guerra comercial beneficia exporta\u00e7\u00f5es do Brasil, diz Fintch Solutions","isPartOf":{"@id":"https:\/\/www.suno.com.br\/noticias\/#website"},"primaryImageOfPage":{"@id":"https:\/\/www.suno.com.br\/noticias\/guerra-comercial-brasil-vencedor-fintch-solutions\/#primaryimage"},"image":{"@id":"https:\/\/www.suno.com.br\/noticias\/guerra-comercial-brasil-vencedor-fintch-solutions\/#primaryimage"},"thumbnailUrl":"https:\/\/files.sunoresearch.com.br\/n\/uploads\/2018\/12\/d3785640-exportacao-jpg.webp","datePublished":"2019-08-28T11:26:16+00:00","dateModified":"2021-02-18T02:03:58+00:00","description":"A guerra comercial entre as duas maiores potencias econ\u00f4micas, Estados Unidos e China, tem beneficiado o Brasil. Clique aqui e saiba mais","breadcrumb":{"@id":"https:\/\/www.suno.com.br\/noticias\/guerra-comercial-brasil-vencedor-fintch-solutions\/#breadcrumb"},"inLanguage":"pt-BR","potentialAction":[{"@type":"ReadAction","target":["https:\/\/www.suno.com.br\/noticias\/guerra-comercial-brasil-vencedor-fintch-solutions\/"]}]},{"@type":"ImageObject","inLanguage":"pt-BR","@id":"https:\/\/www.suno.com.br\/noticias\/guerra-comercial-brasil-vencedor-fintch-solutions\/#primaryimage","url":"https:\/\/files.sunoresearch.com.br\/n\/uploads\/2018\/12\/d3785640-exportacao-jpg.webp","contentUrl":"https:\/\/files.sunoresearch.com.br\/n\/uploads\/2018\/12\/d3785640-exportacao-jpg.webp","width":960,"height":609,"caption":"Balan\u00e7a comercial tem d\u00e9ficit de US$ 701 mi na terceira semana de maio"},{"@type":"BreadcrumbList","@id":"https:\/\/www.suno.com.br\/noticias\/guerra-comercial-brasil-vencedor-fintch-solutions\/#breadcrumb","itemListElement":[{"@type":"ListItem","position":1,"name":"Not\u00edcias","item":"https:\/\/www.suno.com.br\/noticias\/"},{"@type":"ListItem","position":2,"name":"Internacional","item":"https:\/\/www.suno.com.br\/noticias\/internacional\/"},{"@type":"ListItem","position":3,"name":"Guerra comercial beneficia exporta\u00e7\u00f5es do Brasil, diz Fintch Solutions"}]},{"@type":"WebSite","@id":"https:\/\/www.suno.com.br\/noticias\/#website","url":"https:\/\/www.suno.com.br\/noticias\/","name":"Suno Not\u00edcias","description":"Seu portal de informa\u00e7\u00e3o sobre o mundo dos investimentos","publisher":{"@id":"https:\/\/www.suno.com.br\/noticias\/#organization"},"potentialAction":[{"@type":"SearchAction","target":{"@type":"EntryPoint","urlTemplate":"https:\/\/www.suno.com.br\/noticias\/?s={search_term_string}"},"query-input":{"@type":"PropertyValueSpecification","valueRequired":true,"valueName":"search_term_string"}}],"inLanguage":"pt-BR"},{"@type":"Organization","@id":"https:\/\/www.suno.com.br\/noticias\/#organization","name":"Suno Not\u00edcias","url":"https:\/\/www.suno.com.br\/noticias\/","logo":{"@type":"ImageObject","inLanguage":"pt-BR","@id":"https:\/\/www.suno.com.br\/noticias\/#\/schema\/logo\/image\/","url":"https:\/\/files.sunoresearch.com.br\/n\/uploads\/2021\/09\/suno-logo.png","contentUrl":"https:\/\/files.sunoresearch.com.br\/n\/uploads\/2021\/09\/suno-logo.png","width":180,"height":180,"caption":"Suno Not\u00edcias"},"image":{"@id":"https:\/\/www.suno.com.br\/noticias\/#\/schema\/logo\/image\/"},"sameAs":["https:\/\/facebook.com\/sunoresearch","https:\/\/x.com\/sunoresearch","https:\/\/www.instagram.com\/suno","https:\/\/www.linkedin.com\/company\/suno-research\/","https:\/\/www.youtube.com\/c\/sunoresearch"]},{"@type":"Person","@id":"https:\/\/www.suno.com.br\/noticias\/#\/schema\/person\/02ec1f752758247878a2bf4abee1aeda","name":"Poliana Santos","image":{"@type":"ImageObject","inLanguage":"pt-BR","@id":"https:\/\/www.suno.com.br\/noticias\/#\/schema\/person\/image\/","url":"https:\/\/secure.gravatar.com\/avatar\/0645bd32f23d87b2130f2b2dff1d3f8d?s=96&r=g","contentUrl":"https:\/\/secure.gravatar.com\/avatar\/0645bd32f23d87b2130f2b2dff1d3f8d?s=96&r=g","caption":"Poliana Santos"},"description":"Rep\u00f3rter no Suno Not\u00edcias, com cobertura em mercado financeiro, economia, finan\u00e7as pessoais, renda fixa e varejo. Jornalista formada pela Faculdade C\u00e1sper L\u00edbero e possui passagem na R\u00e1dio Gazeta AM com a produ\u00e7\u00e3o de conte\u00fado sobre economia, pol\u00edtica, sa\u00fade, moda e m\u00fasica. Possui certificado de conclus\u00e3o do curso de An\u00e1lise de Balan\u00e7os pela Funda\u00e7\u00e3o Bradesco, Agenda Brasil pela FAAP, Educa\u00e7\u00e3o Pol\u00edtica por Alexandre Garcia e do Tesouro Direto e Mercado de A\u00e7\u00f5es pela B3.","url":"https:\/\/www.suno.com.br\/noticias\/author\/poliana-santos\/"}]}},"default_loop_html":"<div class=\"cardsPage__listCard__boxs\"><div class=\"cardsPage__listCard__boxs__img\"><a href=\"https:\/\/www.suno.com.br\/noticias\/guerra-comercial-brasil-vencedor-fintch-solutions\/\"><img class=\"mask\" src=\"https:\/\/www.suno.com.br\/noticias\/wp-content\/themes\/suno\/resources\/images\/spotlight\/spotlight1img\/bg-mask.png\" alt=\"Image Mask\"\/><img src=\"https:\/\/files.sunoresearch.com.br\/n\/uploads\/2018\/12\/d3785640-exportacao-400x200.webp\" alt=\"Guerra comercial beneficia exporta\u00e7\u00f5es do Brasil, diz Fintch Solutions\"\/><\/a><span class=\"spotlightCategory\"><a href=\"https:\/\/www.suno.com.br\/noticias\/internacional\/\">Internacional<\/a><\/span><\/div><div class=\"cardsPage__listCard__boxs__content\"><a href=\"https:\/\/www.suno.com.br\/noticias\/guerra-comercial-brasil-vencedor-fintch-solutions\/\"><h2 class=\"content__title\">Guerra comercial beneficia exporta\u00e7\u00f5es do Brasil, diz Fintch Solutions<\/h2><\/a><div class=\"newsContent__article__meta\"><div class=\"newsContent__article__meta__authorBox\"><a href=\"https:\/\/www.suno.com.br\/noticias\/author\/poliana-santos\/\" class=\"authorBox__avatar noMobi\"><img src=\"https:\/\/files.sunoresearch.com.br\/n\/uploads\/2020\/08\/7ef34026-whatsapp-image-2020-08-03-at-12.37.57-150x150.webp\" alt=\"Poliana Santos\"><\/a><div class=\"authorBox__name\"><span>por\n\t\t\t<a href=\"https:\/\/www.suno.com.br\/noticias\/author\/poliana-santos\/\"><span itemprop=\"author\">Poliana Santos<\/span><\/a><\/span><time datetime=\"2019-08-28T08:26:16-03:00\" itemprop=\"datePublished\">28\/08\/2019 08:26<\/time><\/div><\/div><\/div><\/div><\/div>","single_layout":"posts","amp_enabled":true,"_links":{"self":[{"href":"https:\/\/www.suno.com.br\/noticias\/wp-json\/wp\/v2\/posts\/35538"}],"collection":[{"href":"https:\/\/www.suno.com.br\/noticias\/wp-json\/wp\/v2\/posts"}],"about":[{"href":"https:\/\/www.suno.com.br\/noticias\/wp-json\/wp\/v2\/types\/post"}],"author":[{"embeddable":true,"href":"https:\/\/www.suno.com.br\/noticias\/wp-json\/wp\/v2\/users\/15"}],"replies":[{"embeddable":true,"href":"https:\/\/www.suno.com.br\/noticias\/wp-json\/wp\/v2\/comments?post=35538"}],"version-history":[{"count":0,"href":"https:\/\/www.suno.com.br\/noticias\/wp-json\/wp\/v2\/posts\/35538\/revisions"}],"wp:featuredmedia":[{"embeddable":true,"href":"https:\/\/www.suno.com.br\/noticias\/wp-json\/wp\/v2\/media\/7709"}],"wp:attachment":[{"href":"https:\/\/www.suno.com.br\/noticias\/wp-json\/wp\/v2\/media?parent=35538"}],"wp:term":[{"taxonomy":"category","embeddable":true,"href":"https:\/\/www.suno.com.br\/noticias\/wp-json\/wp\/v2\/categories?post=35538"},{"taxonomy":"post_tag","embeddable":true,"href":"https:\/\/www.suno.com.br\/noticias\/wp-json\/wp\/v2\/tags?post=35538"},{"taxonomy":"suno_strategy","embeddable":true,"href":"https:\/\/www.suno.com.br\/noticias\/wp-json\/wp\/v2\/suno_strategy?post=35538"}],"curies":[{"name":"wp","href":"https:\/\/api.w.org\/{rel}","templated":true}]}}