{"id":355339,"date":"2023-01-31T17:00:00","date_gmt":"2023-01-31T20:00:00","guid":{"rendered":"https:\/\/www.suno.com.br\/noticias\/?p=355339"},"modified":"2023-01-31T12:14:32","modified_gmt":"2023-01-31T15:14:32","slug":"americanas-amer3-lemann-responsabilizado-entenda","status":"publish","type":"post","link":"https:\/\/www.suno.com.br\/noticias\/americanas-amer3-lemann-responsabilizado-entenda\/","title":{"rendered":"Lemann ser\u00e1 responsabilizado por crise na Americanas (AMER3)? Decis\u00e3o pode estar nos EUA; entenda"},"content":{"rendered":"<p>Em meio \u00e0 crise da Americanas (<a href=\"https:\/\/www.suno.com.br\/acoes\/amer3\/\" target=\"_blank\" rel=\"noreferrer noopener\">AMER3<\/a>), existe a possibilidade de que os acionistas de refer\u00eancia <a href=\"https:\/\/www.suno.com.br\/tudo-sobre\/jorge-paulo-lemann\/\" target=\"_blank\" rel=\"noreferrer noopener\">Jorge Paulo <strong>Lemann<\/strong><\/a>, <a href=\"https:\/\/www.suno.com.br\/tudo-sobre\/marcel-herrmann-telles\/\" target=\"_blank\" rel=\"noreferrer noopener\">Marcel Telles<\/a> e <a class=\"suno-keyword\" data-force=\"no\" data-priority=\"2\" href=\"https:\/\/www.suno.com.br\/tudo-sobre\/carlos-alberto-sicupira\/\" target=\"_blank\" rel=\"noopener\">Carlos Alberto Sicupira<\/a> sejam responsabilizados pelo rombo cont\u00e1bil da varejista? Devido \u00e0s brechas na legisla\u00e7\u00e3o brasileira, uma hipot\u00e9tica responsabiliza\u00e7\u00e3o dos empres\u00e1rios pode ocorrer na Justi\u00e7a norte-americana.<\/p><div class=\"videoFull \">\n\t\t\t<div class=\"videoWrapper yt-lazyload center\"\n\t\t\t\tdata-width=\"960\"\n\t\t\t\tdata-height=\"540\"\n\t\t\t\tdata-id=\"Cmnan3ws2Rs\"\n\t\t\t\tdata-alt=\"V\u00eddeo do YouTube - clique para reproduzir\"\n\t\t\t\tdata-logo=\"3\"\n\t\t\t\tdata-imagequality=\"maxres\">\n\t\t\t<\/div>\n\t\t<\/div><script type=\"application\/ld+json\">{\"@context\":\"https:\/\/schema.org\",\"@type\":\"VideoObject\",\"name\":\"Americanas (AMER3) X Bancos (BBDC4, ITUB4, BPAC11): Lemann e s\u00f3cios podem ser responsabilizados?\",\"description\":\"\ud83d\udd0e \ud83d\udcca[\ud835\uddf2\ud835\uddd5\ud835\uddfc\ud835\uddfc\ud835\uddf8 \ud835\uddda\ud835\udde5\ud835\uddd4\ud835\udde7\ud835\udde8\ud835\udddc\ud835\udde7\ud835\udde2] \ud835\uddd4\ud835\uddfd\ud835\uddff\ud835\uddf2\ud835\uddfb\ud835\uddf1\ud835\uddee \ud835\uddf0\ud835\uddfc\ud835\uddfa\ud835\uddfc \ud835\uddee\ud835\uddfb\ud835\uddee\ud835\uddf9\ud835\uddf6\ud835\ude00\ud835\uddee\ud835\uddff \ud835\ude02\ud835\uddfa\ud835\uddee \ud835\uddee\u00e7\u00e3\ud835\uddfc\u200b \ud83d\udc47 https:\/\/lp.suno.com.br\/ebook-como-analisar-uma-acao\/?utm_source=youtube.noticias&utm_medium=video&utm_campaign=ebookcomoanalisarumaacao.20230130&utm_content=ytnoticias.lemann.30012023 #americanas #amer3 #lemann #3gcapital #bbdc4 #itub4 #sanb11 #bpac11 #bancosafra #ita\u00fa #bradesco #santander #btgpactual #bancos #varejo #raiox #bb \ud83d\udd34\ud835\udc08\ud835\udc0d\ud835\udc12\ud835\udc02\ud835\udc11\ud835\udc04\ud835\udc15\ud835\udc00-\ud835\udc12\ud835\udc04 \ud835\udc0d\ud835\udc0e \ud835\udc02\ud835\udc00\ud835\udc0d\ud835\udc00\ud835\udc0b \ud835\udc04 \ud835\udc00\ud835\udc13\ud835\udc08\ud835\udc15\ud835\udc04 \ud835\udc0e \ud835\udc12\ud835\udc08\ud835\udc0d\ud835\udc0e \ud83d\udc47 https:\/\/bit.ly\/INSCREVA-SEATIVEOSINO Os grandes bancos brasileiros s\u00e3o tamb\u00e9m os maiores credores da Americanas #amer3 varejista que entrou com pedidos de recupera\u00e7\u00e3o\u2026\",\"duration\":\"PT30M6S\",\"embedUrl\":\"https:\/\/www.youtube.com\/embed\/Cmnan3ws2Rs\",\"regionsAllowed\":\"pt-BR\",\"interactionStatistic\":{\"@type\":\"InteractionCounter\",\"interactionType\":{\"@type\":\"WatchAction\"},\"userInteractionCount\":29218},\"thumbnailUrl\":\"https:\/\/i.ytimg.com\/vi\/Cmnan3ws2Rs\/default.jpg\",\"uploadDate\":\"2023-01-30T16:15:26Z\"}<\/script>\n\n\n\n\n\t<p>\n\t\t<a href=\"\" target=\"_blank\" data-element=\"shortcode-suno-banner\" title=\"Banner SUNO, clique e saiba mais\">\n\t\t\t<picture>\n\t\t\t\t<source media=\"(max-width: 500px)\" srcset=\"\">\n\t\t\t\t<img class=\"newsContent__article__imgCapa newsContent__article__imgCapa--banner\"\n\t\t\t\t\tsrc=\"\"\n\t\t\t\t\tdata-promo-id=\"265277\"\t\t\t\t\t\t\t\t\t\t\t\t\t\t\talt=\"\"\n\t\t\t\t>\n\t\t\t<\/picture>\n\t\t<\/a>\n\t<\/p>\n\n\n\n\n\n<p>Desde 2021, os bilion\u00e1rios n\u00e3o s\u00e3o mais os <strong>controladores da Americanas<\/strong>. Caso eles ainda estivessem nessa posi\u00e7\u00e3o, teriam deveres fiduci\u00e1rios com o neg\u00f3cio, segundo explica o advogado Carlos Portugal Gouv\u00eaa, s\u00f3cio-fundador da PGLaw, escrit\u00f3rio com foco em Governan\u00e7a Corporativa.<\/p>\n\n\n\n<p>\u201cS\u00f3 que, em tese, as <strong>falhas cont\u00e1beis<\/strong> s\u00e3o anteriores, ainda do per\u00edodo em que eles eram controladores. Em algumas situa\u00e7\u00f5es, infelizmente bastante limitadas no direito brasileiro, voc\u00ea poderia tamb\u00e9m responsabilizar os controladores\u201d, pondera Gouv\u00eaa em entrevista ao Suno Not\u00edcias.&nbsp;<\/p>\n\n\n\n\t<div data-element=\"shortcode-read-more\" class=\"readToo\">\n\t\t\t\t<span class=\"readToo__title\">Leia mais<\/span>\n\t\t\t\t<ul class=\"readToo__list\">\n\t\t\t<li><a href=\"https:\/\/www.suno.com.br\/noticias\/americanas-amer3-bradesco-fraude-contabil\/\">Em guerra, Bradesco (BBDC4) diz que Americanas (AMER3) foi palco de uma das &#8220;maiores fraudes cont\u00e1beis da iniciativa privada&#8221;<\/a><\/li><li><a href=\"https:\/\/www.suno.com.br\/noticias\/cvm-investiga-americanas-amer3\/\">CVM investiga Lemann e dire\u00e7\u00e3o da Americanas (AMER3) por suposta omiss\u00e3o no in\u00edcio da crise<\/a><\/li>\t\t<\/ul>\n\t<\/div>\n\n\n\n\n<p>De acordo com o professor da Faculdade de Direito da Universidade de S\u00e3o Paulo (USP), o caminho para que o trio seja responsabilizado poderia partir de uma a\u00e7\u00e3o civil p\u00fablica movida pelo Minist\u00e9rio P\u00fablico ou pela <a class=\"suno-keyword\" target=\"_blank\" data-force=\"no\" data-priority=\"2\" href=\"https:\/\/www.suno.com.br\/artigos\/cvm\/\" rel=\"noopener\">Comiss\u00e3o de Valores Mobili\u00e1rios (CVM)<\/a>.<\/p>\n\n\n\n<p>\u201cMas, desde quando a CVM tomou esse poder, nunca tomou essa iniciativa e n\u00e3o se identifica nas suas manifesta\u00e7\u00f5es que ela tenha esse interesse de buscar, eventualmente, uma responsabiliza\u00e7\u00e3o para proteger os minorit\u00e1rios e, eventualmente, culpar os credores\u201d, aponta.<\/p>\n\n\n\t<p>\n\t\t<a href=\"https:\/\/lp.suno.com.br\/planilha-controle-gastos\/\" target=\"_blank\" data-element=\"shortcode-suno-banner\" title=\"Banner SUNO, clique e saiba mais\">\n\t\t\t<picture>\n\t\t\t\t<source media=\"(max-width: 500px)\" srcset=\"https:\/\/files.sunoresearch.com.br\/n\/uploads\/2023\/03\/400x300-Planilha-controle-de-gastos.png\">\n\t\t\t\t<img class=\"newsContent__article__imgCapa newsContent__article__imgCapa--banner\"\n\t\t\t\t\tsrc=\"https:\/\/files.sunoresearch.com.br\/n\/uploads\/2023\/03\/1420x240-Planilha-controle-de-gastos.png\"\n\t\t\t\t\tdata-promo-id=\"101751\"\t\t\t\t\t\t\t\t\t\twidth='1420' height='240'\t\t\t\t\talt=\"https:\/\/files.sunoresearch.com.br\/n\/uploads\/2023\/03\/1420x240-Planilha-controle-de-gastos.png\"\n\t\t\t\t>\n\t\t\t<\/picture>\n\t\t<\/a>\n\t<\/p>\n\n\n\n\n\n<h2 class=\"wp-block-heading\" id=\"h-americanas-processo-nos-estados-unidos\">Americanas: Processo nos Estados Unidos?<\/h2>\n\n\n\n<p>Contudo, esse cen\u00e1rio \u00e9 diferente no sistema jur\u00eddico norte-americano, onde foi aceito uma extens\u00e3o da <strong>recupera\u00e7\u00e3o judicial da Americanas<\/strong>. Assim, o caso tamb\u00e9m ser\u00e1 analisado por magistrados dos Estados Unidos.\u00a0<\/p>\n\n\n\n<p>\u201cNo direito americano, existe um artigo espec\u00edfico dizendo que os controladores t\u00eam responsabilidade. E l\u00e1 a defini\u00e7\u00e3o de controlador n\u00e3o est\u00e1 prevista na lei, \u00e9 vista caso a caso\u201d, explica o docente.<\/p>\n\n\n\n<blockquote class=\"wp-block-quote is-layout-flow wp-block-quote-is-layout-flow\">\n<p>At\u00e9 nos estudos acad\u00eamicos, o crit\u00e9rio \u00e9 justamente ter mais de 20% das a\u00e7\u00f5es com direito a voto. Por\u00e9m, em algumas companhias, mesmo acionistas com menos de 20%, mas que indiquem um n\u00famero substancial de membros do Conselho de Administra\u00e7\u00e3o, podem tamb\u00e9m ser responsabilizados.<\/p>\n<\/blockquote>\n\n\n\n<p>Dessa forma, o ambiente torna-se mais favor\u00e1vel para que o processo norte-americano chegue no trio <strong>Lemann, Telles e Sicupira<\/strong>, respons\u00e1vel por 30,12% das <a class=\"suno-keyword\" target=\"_blank\" data-force=\"no\" data-priority=\"1\" href=\"https:\/\/www.suno.com.br\/artigos\/o-que-sao-acoes-ordinarias-preferenciais-e-units\/\" rel=\"noopener\">a\u00e7\u00f5es ordin\u00e1rias<\/a> da empresa.<\/p>\n\n\n\n<p>\u201cNo sistema jur\u00eddico americano, em todos os processos judiciais existe uma fase preliminar chamada de <em>discovery<\/em>, que \u00e9 a apresenta\u00e7\u00e3o das provas. L\u00e1, existe esse dispositivo de busca da verdade absoluta. Ent\u00e3o, voc\u00ea tem que deixar a outra parte acessar todos os seus documentos, e-mails\u201d, detalha.<\/p>\n\n\n\n<p>Na semana passada, uma decis\u00e3o da Justi\u00e7a de S\u00e3o Paulo autorizou a busca e apreens\u00e3o de e-mails dos executivos da varejista nos \u00faltimos dez anos. Essa decis\u00e3o foi uma resposta a um pedido feito pelo <a class=\"suno-keyword\" data-force=\"yes\" data-priority=\"2\" href=\"https:\/\/www.suno.com.br\/acoes\/BBDC4\/\" target=\"_blank\" rel=\"noopener\">Bradesco (BBDC4)<\/a>, um dos maiores credores da <strong>Americanas<\/strong>.<\/p>\n\n\n\n<p>\u201cEssa <a href=\"https:\/\/www.suno.com.br\/noticias\/americanas-amer3-busca-apreensao-emails\/\" target=\"_blank\" rel=\"noreferrer noopener\">busca antecipada do Bradesco \u00e9 excepcional<\/a> aqui, mas essa \u00e9 a regra nos Estados Unidos\u201d, avalia.<\/p>\n\n\n\n<p>&#8220;Existem puni\u00e7\u00f5es muito graves para quem forja ou deixa de apresentar os documentos corretos nos processos judiciais nos Estados Unidos. Por isso, muitos dos processos l\u00e1 acabam em acordo ainda nessa fase, porque ela \u00e9 muito cara e, \u00e0s vezes, voc\u00ea prefere fazer um acordo antes que a pessoa fique revirando todos os documentos\u201d, diz o especialista.<\/p>\n\n\n\t<p>\n\t\t<a href=\"https:\/\/lp.suno.com.br\/ebook-como-analisar-uma-acao\/\" target=\"_blank\" data-element=\"shortcode-suno-banner\" title=\"Banner SUNO, clique e saiba mais\">\n\t\t\t<picture>\n\t\t\t\t<source media=\"(max-width: 500px)\" srcset=\"https:\/\/files.sunoresearch.com.br\/n\/uploads\/2023\/03\/Ebook-Acoes-Mobile-1.jpg\">\n\t\t\t\t<img class=\"newsContent__article__imgCapa newsContent__article__imgCapa--banner\"\n\t\t\t\t\tsrc=\"https:\/\/files.sunoresearch.com.br\/n\/uploads\/2023\/03\/Ebook-Acoes-Desktop-1.jpg\"\n\t\t\t\t\tdata-promo-id=\"171998\"\t\t\t\t\t\t\t\t\t\twidth='1420' height='286'\t\t\t\t\talt=\"https:\/\/files.sunoresearch.com.br\/n\/uploads\/2023\/03\/Ebook-Acoes-Desktop-1.jpg\"\n\t\t\t\t>\n\t\t\t<\/picture>\n\t\t<\/a>\n\t<\/p>\n\n\n\n\n\n<h2 class=\"wp-block-heading\">Lemann diz que n\u00e3o sabia do rombo cont\u00e1bil da Americanas<\/h2>\n\n\n\n<p>Em nota p\u00fablica divulgada em 22 de janeiro, os <a href=\"https:\/\/www.suno.com.br\/noticias\/americanas-amer3-carta-lemann-socios\/\" target=\"_blank\" rel=\"noreferrer noopener\">acionistas de refer\u00eancia da Americanas<\/a> disseram que nunca tiveram conhecimento das manobras cont\u00e1beis da empresa nem admitiriam tais a\u00e7\u00f5es.<\/p>\n\n\n\n<p>&#8220;Nossa atua\u00e7\u00e3o sempre foi pautada, ao longo de d\u00e9cadas, por rigor \u00e9tico e legal. Isso foi determinante para a posi\u00e7\u00e3o que alcan\u00e7amos em toda uma vida dedicada ao empreendedorismo, gerando empregos, construindo neg\u00f3cios e contribuindo para o desenvolvimento do pa\u00eds&#8221;, disse <strong>Lemann<\/strong>, Telles e Sicupira na ocasi\u00e3o.<\/p>\n\n\n\t<p>\n\t\t<a href=\"https:\/\/lp.suno.com.br\/planilha-de-controle-de-investimentos\/\" target=\"_blank\" data-element=\"shortcode-suno-banner\" title=\"Banner SUNO, clique e saiba mais\">\n\t\t\t<picture>\n\t\t\t\t<source media=\"(max-width: 500px)\" srcset=\"https:\/\/files.sunoresearch.com.br\/n\/uploads\/2023\/03\/400x300-Controle-de-Investimentos.png\">\n\t\t\t\t<img class=\"newsContent__article__imgCapa newsContent__article__imgCapa--banner\"\n\t\t\t\t\tsrc=\"https:\/\/files.sunoresearch.com.br\/n\/uploads\/2023\/03\/1420x240-Controle-de-Investimentos.png\"\n\t\t\t\t\tdata-promo-id=\"75934\"\t\t\t\t\t\t\t\t\t\twidth='1420' height='240'\t\t\t\t\talt=\"https:\/\/files.sunoresearch.com.br\/n\/uploads\/2023\/03\/1420x240-Controle-de-Investimentos.png\"\n\t\t\t\t>\n\t\t\t<\/picture>\n\t\t<\/a>\n\t<\/p>\n\n\n","protected":false},"excerpt":{"rendered":"<p>Em meio \u00e0 crise da Americanas (AMER3), existe a possibilidade de que os acionistas de refer\u00eancia Jorge Paulo Lemann, Marcel Telles e Carlos Alberto Sicupira sejam responsabilizados pelo rombo cont\u00e1bil da varejista? Devido \u00e0s brechas na legisla\u00e7\u00e3o brasileira, uma hipot\u00e9tica responsabiliza\u00e7\u00e3o dos empres\u00e1rios pode ocorrer na Justi\u00e7a norte-americana. Desde 2021, os bilion\u00e1rios n\u00e3o s\u00e3o mais [&hellip;]<\/p>\n","protected":false},"author":232,"featured_media":355346,"comment_status":"closed","ping_status":"closed","sticky":false,"template":"","format":"standard","meta":[],"categories":[60],"tags":[286,106605,105816,1550],"suno_strategy":[],"class_list":["post-355339","post","type-post","status-publish","format-standard","has-post-thumbnail","hentry","category-mercado","tag-acoes","tag-americanas-s-a-amer3","tag-especialistas","tag-jorge-paulo-lemann"],"yoast_head":"<!-- This site is optimized with the Yoast SEO plugin v24.4 - https:\/\/yoast.com\/wordpress\/plugins\/seo\/ -->\n<title>Americanas (AMER3): Lemann pode ser responsabilizado? Entenda<\/title>\n<meta name=\"description\" content=\"Jorge Paulo Lemann, Marcel Telles e Carlos Alberto Sicupira podem ser responsabilizados por crise na Americanas (AMER3)? Entenda!\" \/>\n<meta name=\"robots\" content=\"index, follow, max-snippet:-1, max-image-preview:large, max-video-preview:-1\" \/>\n<link rel=\"canonical\" href=\"https:\/\/www.suno.com.br\/noticias\/americanas-amer3-lemann-responsabilizado-entenda\/\" \/>\n<meta property=\"og:locale\" content=\"pt_BR\" \/>\n<meta property=\"og:type\" content=\"article\" \/>\n<meta property=\"og:title\" content=\"Americanas (AMER3): Lemann pode ser responsabilizado? Entenda\" \/>\n<meta property=\"og:description\" content=\"Jorge Paulo Lemann, Marcel Telles e Carlos Alberto Sicupira podem ser responsabilizados por crise na Americanas (AMER3)? Entenda!\" \/>\n<meta property=\"og:url\" content=\"https:\/\/www.suno.com.br\/noticias\/americanas-amer3-lemann-responsabilizado-entenda\/\" \/>\n<meta property=\"og:site_name\" content=\"Suno Not\u00edcias\" \/>\n<meta property=\"article:publisher\" content=\"https:\/\/facebook.com\/sunoresearch\" \/>\n<meta property=\"og:image\" content=\"https:\/\/files.sunoresearch.com.br\/n\/uploads\/2023\/01\/jorge-paulo-lemann-americanas-amer3-crise-foto-youtube.jpg\" \/>\n\t<meta property=\"og:image:width\" content=\"1200\" \/>\n\t<meta property=\"og:image:height\" content=\"675\" \/>\n\t<meta property=\"og:image:type\" content=\"image\/jpeg\" \/>\n<meta name=\"author\" content=\"Erick Matheus Nery\" \/>\n<meta name=\"twitter:card\" content=\"summary_large_image\" \/>\n<meta name=\"twitter:creator\" content=\"@sunoresearch\" \/>\n<meta name=\"twitter:site\" content=\"@sunoresearch\" \/>\n<meta name=\"twitter:label1\" content=\"Escrito por\" \/>\n\t<meta name=\"twitter:data1\" content=\"Erick Matheus Nery\" \/>\n\t<meta name=\"twitter:label2\" content=\"Est. tempo de leitura\" \/>\n\t<meta name=\"twitter:data2\" content=\"4 minutos\" \/>\n<script type=\"application\/ld+json\" class=\"yoast-schema-graph\">{\"@context\":\"https:\/\/schema.org\",\"@graph\":[{\"@type\":\"NewsArticle\",\"@id\":\"https:\/\/www.suno.com.br\/noticias\/americanas-amer3-lemann-responsabilizado-entenda\/#article\",\"isPartOf\":{\"@id\":\"https:\/\/www.suno.com.br\/noticias\/americanas-amer3-lemann-responsabilizado-entenda\/\"},\"author\":{\"name\":\"Erick Matheus Nery\",\"@id\":\"https:\/\/www.suno.com.br\/noticias\/#\/schema\/person\/6899bc3f19d1a7315f807131c2c013a0\"},\"headline\":\"Lemann ser\u00e1 responsabilizado por crise na Americanas (AMER3)? Decis\u00e3o pode estar nos EUA; entenda\",\"datePublished\":\"2023-01-31T20:00:00+00:00\",\"mainEntityOfPage\":{\"@id\":\"https:\/\/www.suno.com.br\/noticias\/americanas-amer3-lemann-responsabilizado-entenda\/\"},\"wordCount\":684,\"publisher\":{\"@id\":\"https:\/\/www.suno.com.br\/noticias\/#organization\"},\"image\":{\"@id\":\"https:\/\/www.suno.com.br\/noticias\/americanas-amer3-lemann-responsabilizado-entenda\/#primaryimage\"},\"thumbnailUrl\":\"https:\/\/files.sunoresearch.com.br\/n\/uploads\/2023\/01\/jorge-paulo-lemann-americanas-amer3-crise-foto-youtube.jpg\",\"keywords\":[\"A\u00e7\u00f5es\",\"Americanas (AMER3)\",\"Especialistas\",\"Jorge Paulo Lemann\"],\"articleSection\":[\"Mercado\"],\"inLanguage\":\"pt-BR\"},{\"@type\":\"WebPage\",\"@id\":\"https:\/\/www.suno.com.br\/noticias\/americanas-amer3-lemann-responsabilizado-entenda\/\",\"url\":\"https:\/\/www.suno.com.br\/noticias\/americanas-amer3-lemann-responsabilizado-entenda\/\",\"name\":\"Americanas (AMER3): Lemann pode ser responsabilizado? Entenda\",\"isPartOf\":{\"@id\":\"https:\/\/www.suno.com.br\/noticias\/#website\"},\"primaryImageOfPage\":{\"@id\":\"https:\/\/www.suno.com.br\/noticias\/americanas-amer3-lemann-responsabilizado-entenda\/#primaryimage\"},\"image\":{\"@id\":\"https:\/\/www.suno.com.br\/noticias\/americanas-amer3-lemann-responsabilizado-entenda\/#primaryimage\"},\"thumbnailUrl\":\"https:\/\/files.sunoresearch.com.br\/n\/uploads\/2023\/01\/jorge-paulo-lemann-americanas-amer3-crise-foto-youtube.jpg\",\"datePublished\":\"2023-01-31T20:00:00+00:00\",\"description\":\"Jorge Paulo Lemann, Marcel Telles e Carlos Alberto Sicupira podem ser responsabilizados por crise na Americanas (AMER3)? Entenda!\",\"breadcrumb\":{\"@id\":\"https:\/\/www.suno.com.br\/noticias\/americanas-amer3-lemann-responsabilizado-entenda\/#breadcrumb\"},\"inLanguage\":\"pt-BR\",\"potentialAction\":[{\"@type\":\"ReadAction\",\"target\":[\"https:\/\/www.suno.com.br\/noticias\/americanas-amer3-lemann-responsabilizado-entenda\/\"]}]},{\"@type\":\"ImageObject\",\"inLanguage\":\"pt-BR\",\"@id\":\"https:\/\/www.suno.com.br\/noticias\/americanas-amer3-lemann-responsabilizado-entenda\/#primaryimage\",\"url\":\"https:\/\/files.sunoresearch.com.br\/n\/uploads\/2023\/01\/jorge-paulo-lemann-americanas-amer3-crise-foto-youtube.jpg\",\"contentUrl\":\"https:\/\/files.sunoresearch.com.br\/n\/uploads\/2023\/01\/jorge-paulo-lemann-americanas-amer3-crise-foto-youtube.jpg\",\"width\":1200,\"height\":675,\"caption\":\"Jorge Paulo Lemann. Foto: YouTube\"},{\"@type\":\"BreadcrumbList\",\"@id\":\"https:\/\/www.suno.com.br\/noticias\/americanas-amer3-lemann-responsabilizado-entenda\/#breadcrumb\",\"itemListElement\":[{\"@type\":\"ListItem\",\"position\":1,\"name\":\"Not\u00edcias\",\"item\":\"https:\/\/www.suno.com.br\/noticias\/\"},{\"@type\":\"ListItem\",\"position\":2,\"name\":\"Mercado\",\"item\":\"https:\/\/www.suno.com.br\/noticias\/mercado\/\"},{\"@type\":\"ListItem\",\"position\":3,\"name\":\"Lemann ser\u00e1 responsabilizado por crise na Americanas (AMER3)? Decis\u00e3o pode estar nos EUA; entenda\"}]},{\"@type\":\"WebSite\",\"@id\":\"https:\/\/www.suno.com.br\/noticias\/#website\",\"url\":\"https:\/\/www.suno.com.br\/noticias\/\",\"name\":\"Suno Not\u00edcias\",\"description\":\"Seu portal de informa\u00e7\u00e3o sobre o mundo dos investimentos\",\"publisher\":{\"@id\":\"https:\/\/www.suno.com.br\/noticias\/#organization\"},\"potentialAction\":[{\"@type\":\"SearchAction\",\"target\":{\"@type\":\"EntryPoint\",\"urlTemplate\":\"https:\/\/www.suno.com.br\/noticias\/?s={search_term_string}\"},\"query-input\":{\"@type\":\"PropertyValueSpecification\",\"valueRequired\":true,\"valueName\":\"search_term_string\"}}],\"inLanguage\":\"pt-BR\"},{\"@type\":\"Organization\",\"@id\":\"https:\/\/www.suno.com.br\/noticias\/#organization\",\"name\":\"Suno Not\u00edcias\",\"url\":\"https:\/\/www.suno.com.br\/noticias\/\",\"logo\":{\"@type\":\"ImageObject\",\"inLanguage\":\"pt-BR\",\"@id\":\"https:\/\/www.suno.com.br\/noticias\/#\/schema\/logo\/image\/\",\"url\":\"https:\/\/files.sunoresearch.com.br\/n\/uploads\/2021\/09\/suno-logo.png\",\"contentUrl\":\"https:\/\/files.sunoresearch.com.br\/n\/uploads\/2021\/09\/suno-logo.png\",\"width\":180,\"height\":180,\"caption\":\"Suno Not\u00edcias\"},\"image\":{\"@id\":\"https:\/\/www.suno.com.br\/noticias\/#\/schema\/logo\/image\/\"},\"sameAs\":[\"https:\/\/facebook.com\/sunoresearch\",\"https:\/\/x.com\/sunoresearch\",\"https:\/\/www.instagram.com\/suno\",\"https:\/\/www.linkedin.com\/company\/suno-research\/\",\"https:\/\/www.youtube.com\/c\/sunoresearch\"]},{\"@type\":\"Person\",\"@id\":\"https:\/\/www.suno.com.br\/noticias\/#\/schema\/person\/6899bc3f19d1a7315f807131c2c013a0\",\"name\":\"Erick Matheus Nery\",\"image\":{\"@type\":\"ImageObject\",\"inLanguage\":\"pt-BR\",\"@id\":\"https:\/\/www.suno.com.br\/noticias\/#\/schema\/person\/image\/\",\"url\":\"https:\/\/secure.gravatar.com\/avatar\/518ddffe438ccb767782d372a66304d2?s=96&r=g\",\"contentUrl\":\"https:\/\/secure.gravatar.com\/avatar\/518ddffe438ccb767782d372a66304d2?s=96&r=g\",\"caption\":\"Erick Matheus Nery\"},\"description\":\"Formado em Jornalismo pela Universidade Federal do Par\u00e1 (UFPA), conta com extens\u00e3o em Jornalismo Econ\u00f4mico pela Funda\u00e7\u00e3o Get\u00falio Vargas (FGV). No Suno Not\u00edcias, atua como rep\u00f3rter de Mercado, com foco nos setores de telecomunica\u00e7\u00f5es, varejo, alimentos e renda fixa. Conta com passagens pelo jornal O Estado de S\u00e3o Paulo, como trainee de Jornalismo Econ\u00f4mico, e pelo site Not\u00edcias da TV.\",\"url\":\"https:\/\/www.suno.com.br\/noticias\/author\/erick-nery\/\"}]}<\/script>\n<!-- \/ Yoast SEO plugin. -->","yoast_head_json":{"title":"Americanas (AMER3): Lemann pode ser responsabilizado? Entenda","description":"Jorge Paulo Lemann, Marcel Telles e Carlos Alberto Sicupira podem ser responsabilizados por crise na Americanas (AMER3)? Entenda!","robots":{"index":"index","follow":"follow","max-snippet":"max-snippet:-1","max-image-preview":"max-image-preview:large","max-video-preview":"max-video-preview:-1"},"canonical":"https:\/\/www.suno.com.br\/noticias\/americanas-amer3-lemann-responsabilizado-entenda\/","og_locale":"pt_BR","og_type":"article","og_title":"Americanas (AMER3): Lemann pode ser responsabilizado? Entenda","og_description":"Jorge Paulo Lemann, Marcel Telles e Carlos Alberto Sicupira podem ser responsabilizados por crise na Americanas (AMER3)? Entenda!","og_url":"https:\/\/www.suno.com.br\/noticias\/americanas-amer3-lemann-responsabilizado-entenda\/","og_site_name":"Suno Not\u00edcias","article_publisher":"https:\/\/facebook.com\/sunoresearch","og_image":[{"width":1200,"height":675,"url":"https:\/\/files.sunoresearch.com.br\/n\/uploads\/2023\/01\/jorge-paulo-lemann-americanas-amer3-crise-foto-youtube.jpg","type":"image\/jpeg"}],"author":"Erick Matheus Nery","twitter_card":"summary_large_image","twitter_creator":"@sunoresearch","twitter_site":"@sunoresearch","twitter_misc":{"Escrito por":"Erick Matheus Nery","Est. tempo de leitura":"4 minutos"},"schema":{"@context":"https:\/\/schema.org","@graph":[{"@type":"NewsArticle","@id":"https:\/\/www.suno.com.br\/noticias\/americanas-amer3-lemann-responsabilizado-entenda\/#article","isPartOf":{"@id":"https:\/\/www.suno.com.br\/noticias\/americanas-amer3-lemann-responsabilizado-entenda\/"},"author":{"name":"Erick Matheus Nery","@id":"https:\/\/www.suno.com.br\/noticias\/#\/schema\/person\/6899bc3f19d1a7315f807131c2c013a0"},"headline":"Lemann ser\u00e1 responsabilizado por crise na Americanas (AMER3)? Decis\u00e3o pode estar nos EUA; entenda","datePublished":"2023-01-31T20:00:00+00:00","mainEntityOfPage":{"@id":"https:\/\/www.suno.com.br\/noticias\/americanas-amer3-lemann-responsabilizado-entenda\/"},"wordCount":684,"publisher":{"@id":"https:\/\/www.suno.com.br\/noticias\/#organization"},"image":{"@id":"https:\/\/www.suno.com.br\/noticias\/americanas-amer3-lemann-responsabilizado-entenda\/#primaryimage"},"thumbnailUrl":"https:\/\/files.sunoresearch.com.br\/n\/uploads\/2023\/01\/jorge-paulo-lemann-americanas-amer3-crise-foto-youtube.jpg","keywords":["A\u00e7\u00f5es","Americanas (AMER3)","Especialistas","Jorge Paulo Lemann"],"articleSection":["Mercado"],"inLanguage":"pt-BR"},{"@type":"WebPage","@id":"https:\/\/www.suno.com.br\/noticias\/americanas-amer3-lemann-responsabilizado-entenda\/","url":"https:\/\/www.suno.com.br\/noticias\/americanas-amer3-lemann-responsabilizado-entenda\/","name":"Americanas (AMER3): Lemann pode ser responsabilizado? Entenda","isPartOf":{"@id":"https:\/\/www.suno.com.br\/noticias\/#website"},"primaryImageOfPage":{"@id":"https:\/\/www.suno.com.br\/noticias\/americanas-amer3-lemann-responsabilizado-entenda\/#primaryimage"},"image":{"@id":"https:\/\/www.suno.com.br\/noticias\/americanas-amer3-lemann-responsabilizado-entenda\/#primaryimage"},"thumbnailUrl":"https:\/\/files.sunoresearch.com.br\/n\/uploads\/2023\/01\/jorge-paulo-lemann-americanas-amer3-crise-foto-youtube.jpg","datePublished":"2023-01-31T20:00:00+00:00","description":"Jorge Paulo Lemann, Marcel Telles e Carlos Alberto Sicupira podem ser responsabilizados por crise na Americanas (AMER3)? Entenda!","breadcrumb":{"@id":"https:\/\/www.suno.com.br\/noticias\/americanas-amer3-lemann-responsabilizado-entenda\/#breadcrumb"},"inLanguage":"pt-BR","potentialAction":[{"@type":"ReadAction","target":["https:\/\/www.suno.com.br\/noticias\/americanas-amer3-lemann-responsabilizado-entenda\/"]}]},{"@type":"ImageObject","inLanguage":"pt-BR","@id":"https:\/\/www.suno.com.br\/noticias\/americanas-amer3-lemann-responsabilizado-entenda\/#primaryimage","url":"https:\/\/files.sunoresearch.com.br\/n\/uploads\/2023\/01\/jorge-paulo-lemann-americanas-amer3-crise-foto-youtube.jpg","contentUrl":"https:\/\/files.sunoresearch.com.br\/n\/uploads\/2023\/01\/jorge-paulo-lemann-americanas-amer3-crise-foto-youtube.jpg","width":1200,"height":675,"caption":"Jorge Paulo Lemann. Foto: YouTube"},{"@type":"BreadcrumbList","@id":"https:\/\/www.suno.com.br\/noticias\/americanas-amer3-lemann-responsabilizado-entenda\/#breadcrumb","itemListElement":[{"@type":"ListItem","position":1,"name":"Not\u00edcias","item":"https:\/\/www.suno.com.br\/noticias\/"},{"@type":"ListItem","position":2,"name":"Mercado","item":"https:\/\/www.suno.com.br\/noticias\/mercado\/"},{"@type":"ListItem","position":3,"name":"Lemann ser\u00e1 responsabilizado por crise na Americanas (AMER3)? Decis\u00e3o pode estar nos EUA; entenda"}]},{"@type":"WebSite","@id":"https:\/\/www.suno.com.br\/noticias\/#website","url":"https:\/\/www.suno.com.br\/noticias\/","name":"Suno Not\u00edcias","description":"Seu portal de informa\u00e7\u00e3o sobre o mundo dos investimentos","publisher":{"@id":"https:\/\/www.suno.com.br\/noticias\/#organization"},"potentialAction":[{"@type":"SearchAction","target":{"@type":"EntryPoint","urlTemplate":"https:\/\/www.suno.com.br\/noticias\/?s={search_term_string}"},"query-input":{"@type":"PropertyValueSpecification","valueRequired":true,"valueName":"search_term_string"}}],"inLanguage":"pt-BR"},{"@type":"Organization","@id":"https:\/\/www.suno.com.br\/noticias\/#organization","name":"Suno Not\u00edcias","url":"https:\/\/www.suno.com.br\/noticias\/","logo":{"@type":"ImageObject","inLanguage":"pt-BR","@id":"https:\/\/www.suno.com.br\/noticias\/#\/schema\/logo\/image\/","url":"https:\/\/files.sunoresearch.com.br\/n\/uploads\/2021\/09\/suno-logo.png","contentUrl":"https:\/\/files.sunoresearch.com.br\/n\/uploads\/2021\/09\/suno-logo.png","width":180,"height":180,"caption":"Suno Not\u00edcias"},"image":{"@id":"https:\/\/www.suno.com.br\/noticias\/#\/schema\/logo\/image\/"},"sameAs":["https:\/\/facebook.com\/sunoresearch","https:\/\/x.com\/sunoresearch","https:\/\/www.instagram.com\/suno","https:\/\/www.linkedin.com\/company\/suno-research\/","https:\/\/www.youtube.com\/c\/sunoresearch"]},{"@type":"Person","@id":"https:\/\/www.suno.com.br\/noticias\/#\/schema\/person\/6899bc3f19d1a7315f807131c2c013a0","name":"Erick Matheus Nery","image":{"@type":"ImageObject","inLanguage":"pt-BR","@id":"https:\/\/www.suno.com.br\/noticias\/#\/schema\/person\/image\/","url":"https:\/\/secure.gravatar.com\/avatar\/518ddffe438ccb767782d372a66304d2?s=96&r=g","contentUrl":"https:\/\/secure.gravatar.com\/avatar\/518ddffe438ccb767782d372a66304d2?s=96&r=g","caption":"Erick Matheus Nery"},"description":"Formado em Jornalismo pela Universidade Federal do Par\u00e1 (UFPA), conta com extens\u00e3o em Jornalismo Econ\u00f4mico pela Funda\u00e7\u00e3o Get\u00falio Vargas (FGV). No Suno Not\u00edcias, atua como rep\u00f3rter de Mercado, com foco nos setores de telecomunica\u00e7\u00f5es, varejo, alimentos e renda fixa. Conta com passagens pelo jornal O Estado de S\u00e3o Paulo, como trainee de Jornalismo Econ\u00f4mico, e pelo site Not\u00edcias da TV.","url":"https:\/\/www.suno.com.br\/noticias\/author\/erick-nery\/"}]}},"default_loop_html":"<div class=\"cardsPage__listCard__boxs\"><div class=\"cardsPage__listCard__boxs__img\"><a href=\"https:\/\/www.suno.com.br\/noticias\/americanas-amer3-lemann-responsabilizado-entenda\/\"><img class=\"mask\" src=\"https:\/\/www.suno.com.br\/noticias\/wp-content\/themes\/suno\/resources\/images\/spotlight\/spotlight1img\/bg-mask.png\" alt=\"Image Mask\"\/><img src=\"https:\/\/files.sunoresearch.com.br\/n\/uploads\/2023\/01\/jorge-paulo-lemann-americanas-amer3-crise-foto-youtube-400x200.jpg\" alt=\"Lemann ser\u00e1 responsabilizado por crise na Americanas (AMER3)? Decis\u00e3o pode estar nos EUA; entenda\"\/><\/a><span class=\"spotlightCategory\"><a href=\"https:\/\/www.suno.com.br\/noticias\/mercado\/\">Mercado<\/a><\/span><\/div><div class=\"cardsPage__listCard__boxs__content\"><a href=\"https:\/\/www.suno.com.br\/noticias\/americanas-amer3-lemann-responsabilizado-entenda\/\"><h2 class=\"content__title\">Lemann ser\u00e1 responsabilizado por crise na Americanas (AMER3)? Decis\u00e3o pode estar nos EUA; entenda<\/h2><\/a><div class=\"newsContent__article__meta\"><div class=\"newsContent__article__meta__authorBox\"><a href=\"https:\/\/www.suno.com.br\/noticias\/author\/erick-nery\/\" class=\"authorBox__avatar noMobi\"><img src=\"https:\/\/secure.gravatar.com\/avatar\/518ddffe438ccb767782d372a66304d2?s=96&#038;r=g\" alt=\"Erick Matheus Nery\"><\/a><div class=\"authorBox__name\"><span>por\n\t\t\t<a href=\"https:\/\/www.suno.com.br\/noticias\/author\/erick-nery\/\"><span itemprop=\"author\">Erick Matheus Nery<\/span><\/a><\/span><time datetime=\"2023-01-31T17:00:00-03:00\" itemprop=\"datePublished\">31\/01\/2023 17:00<\/time><\/div><\/div><\/div><\/div><\/div>","single_layout":"posts","amp_enabled":true,"_links":{"self":[{"href":"https:\/\/www.suno.com.br\/noticias\/wp-json\/wp\/v2\/posts\/355339"}],"collection":[{"href":"https:\/\/www.suno.com.br\/noticias\/wp-json\/wp\/v2\/posts"}],"about":[{"href":"https:\/\/www.suno.com.br\/noticias\/wp-json\/wp\/v2\/types\/post"}],"author":[{"embeddable":true,"href":"https:\/\/www.suno.com.br\/noticias\/wp-json\/wp\/v2\/users\/232"}],"replies":[{"embeddable":true,"href":"https:\/\/www.suno.com.br\/noticias\/wp-json\/wp\/v2\/comments?post=355339"}],"version-history":[{"count":2,"href":"https:\/\/www.suno.com.br\/noticias\/wp-json\/wp\/v2\/posts\/355339\/revisions"}],"predecessor-version":[{"id":355527,"href":"https:\/\/www.suno.com.br\/noticias\/wp-json\/wp\/v2\/posts\/355339\/revisions\/355527"}],"wp:featuredmedia":[{"embeddable":true,"href":"https:\/\/www.suno.com.br\/noticias\/wp-json\/wp\/v2\/media\/355346"}],"wp:attachment":[{"href":"https:\/\/www.suno.com.br\/noticias\/wp-json\/wp\/v2\/media?parent=355339"}],"wp:term":[{"taxonomy":"category","embeddable":true,"href":"https:\/\/www.suno.com.br\/noticias\/wp-json\/wp\/v2\/categories?post=355339"},{"taxonomy":"post_tag","embeddable":true,"href":"https:\/\/www.suno.com.br\/noticias\/wp-json\/wp\/v2\/tags?post=355339"},{"taxonomy":"suno_strategy","embeddable":true,"href":"https:\/\/www.suno.com.br\/noticias\/wp-json\/wp\/v2\/suno_strategy?post=355339"}],"curies":[{"name":"wp","href":"https:\/\/api.w.org\/{rel}","templated":true}]}}