{"id":355324,"date":"2023-01-30T22:13:50","date_gmt":"2023-01-31T01:13:50","guid":{"rendered":"https:\/\/www.suno.com.br\/noticias\/?p=355324"},"modified":"2023-01-30T22:14:04","modified_gmt":"2023-01-31T01:14:04","slug":"radar-santander-sanb11-arezzo-arzz3-raizen-raiz4","status":"publish","type":"post","link":"https:\/\/www.suno.com.br\/noticias\/radar-santander-sanb11-arezzo-arzz3-raizen-raiz4\/","title":{"rendered":"Radar: analistas rebaixam Santander (SANB11),  a\u00e7\u00f5es da Arezzo (ARZZ3) disparam e Ra\u00edzen (RAIZ4) cai ap\u00f3s an\u00fancio de &#8216;block trade&#8217;"},"content":{"rendered":"<p>N\u00e3o \u00e9 de agora que os resultados do <strong>Santander<\/strong> (SANB11) t\u00eam desagradado os investidores \u2014 sendo que o banco foi at\u00e9 mesmo preterido pelo mercado entre os ativos banc\u00e1rios. Agora, com a expectativa pelos resultados do quatro trimestre de 2022, a Genial Investimentos rebaixou a sua recomenda\u00e7\u00e3o de manter para venda, com corte no pre\u00e7o-alvo de R$ 33,5 para R$ 27,10.<\/p>\t<div class=\"wrapper-featured-image\">\n\t\t<figure class=\"spotlightImg\">\n\n\t\t\t<picture>\n\t\t\t\t<source media=\"(max-width: 768px)\" srcset=\"https:\/\/files.sunoresearch.com.br\/n\/uploads\/2021\/04\/66d8cc60-155195970_10157636563710588_4789726370967855240_n-400x200.webp\">\n\t\t\t\t<img loading=\"lazy\" decoding=\"async\" class=\"newsContent__article__imgCapa lazyloadDisabled \" src=\"https:\/\/files.sunoresearch.com.br\/n\/uploads\/2021\/04\/66d8cc60-155195970_10157636563710588_4789726370967855240_n-800x450.webp\" width=\"800\" height=\"450\" alt=\"Radar: analistas rebaixam Santander (SANB11),  a\u00e7\u00f5es da Arezzo (ARZZ3) disparam e Ra\u00edzen (RAIZ4) cai ap\u00f3s an\u00fancio de &#8216;block trade&#8217;\" fetchpriority=high \/>\n\t\t\t<\/picture>\n\n\t\t\t<figcaption class=\"wp-caption-text wp-caption-text--show\">Santander (SANB11). Foto: Reprodu\u00e7\u00e3o Facebook. <\/figcaption>\n\t\t<\/figure>\n\t<\/div>\n\n\n\n\n\n\t<p>\n\t\t<a href=\"\" target=\"_blank\" data-element=\"shortcode-suno-banner\" title=\"Banner SUNO, clique e saiba mais\">\n\t\t\t<picture>\n\t\t\t\t<source media=\"(max-width: 500px)\" srcset=\"\">\n\t\t\t\t<img class=\"newsContent__article__imgCapa newsContent__article__imgCapa--banner\"\n\t\t\t\t\tsrc=\"\"\n\t\t\t\t\tdata-promo-id=\"138420\"\t\t\t\t\t\t\t\t\t\t\t\t\t\t\talt=\"\"\n\t\t\t\t>\n\t\t\t<\/picture>\n\t\t<\/a>\n\t<\/p>\n\n\n\n\n\n<p>Para os analistas Eduardo Nishio e Wagner Biondo, que assinam o relat\u00f3rio, 2023 \u00e9 visto &#8220;como uma continua\u00e7\u00e3o melhorada de 2022&#8221;, mas h\u00e1 absor\u00e7\u00e3o de perdas bilion\u00e1rias com o <a href=\"https:\/\/www.suno.com.br\/noticias\/web-stories\/americanas-amer3-crise-bancos-rombo-bilionario\/\" target=\"_blank\" rel=\"noreferrer noopener\">rombo da Americanas<\/a> (AMER3) \u2014 da qual o Santander \u00e9 credor de R$ 3,6 bilh\u00f5es.<\/p>\n\n\n\n<p>Obviamente, com os desdobramentos da recupera\u00e7\u00e3o judicial das Americanas com d\u00edvidas de R$ 41 bi (cr\u00e9dito e fornecedores), a evolu\u00e7\u00e3o dos lucros e rentabilidade vai depender de quando e quanto os bancos ir\u00e3o provisionar as potenciais perdas com a varejista em seus balan\u00e7os. <\/p>\n\n\n\n<h2 class=\"wp-block-heading\" id=\"h-4t22-ainda-sera-fraco\">4T22 ainda ser\u00e1 fraco<\/h2>\n\n\n\n<p>Segundo os analistas da Genial, <a class=\"suno-keyword\" target=\"_blank\" data-force=\"yes\" data-priority=\"2\" href=\"https:\/\/www.suno.com.br\/acoes\/ITUB4\/\" rel=\"noopener\">Ita\u00fa (ITUB4)<\/a> e <a class=\"suno-keyword\" target=\"_blank\" data-force=\"yes\" data-priority=\"2\" href=\"https:\/\/www.suno.com.br\/acoes\/BBAS3\/\" rel=\"noopener\">Banco do Brasil (BBAS3)<\/a> devem ter um crescimento sequencial de lucro e rentabilidade rodando em torno de 20% no quatro trimestre. Por outro lado, o SANB11 ainda ter\u00e1 seus resultados amargados.  <\/p>\n\n\n\n<blockquote class=\"wp-block-quote is-layout-flow wp-block-quote-is-layout-flow\">\n<p>Esperamos que o <strong>4T22 do Santander<\/strong> ainda seja fraco, bem abaixo de alguns pares como o Ita\u00fa e Banco do Brasil.<\/p>\n<\/blockquote>\n\n\n\n<p>A Genial ainda destaca que n\u00e3o vislumbra a valoriza\u00e7\u00e3o das <strong>a\u00e7\u00f5es do Santander<\/strong> no curto e m\u00e9dio prazo. Isso porque os analistas observam tamb\u00e9m o alto custo de cr\u00e9dito pressionando a gera\u00e7\u00e3o de lucro e uma tesouraria fraca devido ao cen\u00e1rio de juros altos.<\/p>\n\n\n\n<p>Os analistas somam a margem com clientes mais fraca em fun\u00e7\u00e3o do <a class=\"suno-keyword\" data-force=\"no\" data-priority=\"1\" href=\"https:\/\/www.suno.com.br\/artigos\/mix-de-produtos\/\" target=\"_blank\" rel=\"noopener\">mix de produtos<\/a> mais garantidos, <a class=\"suno-keyword\" data-force=\"no\" data-priority=\"1\" href=\"https:\/\/www.suno.com.br\/artigos\/despesas-administrativas\/\" target=\"_blank\" rel=\"noopener\">despesas administrativas<\/a> pressionadas pela infla\u00e7\u00e3o alta e o impacto das d\u00edvidas de Americanas no balan\u00e7o.<\/p>\n\n\n\n<h2 class=\"wp-block-heading\">2023 ser\u00e1 um ano dif\u00edcil para o Santander<\/h2>\n\n\n\n<p>Para o acumulado do ano passado, a Genial estimou uma <strong>queda no lucro do Santander<\/strong> de 11% para R$ 13,5 bilh\u00f5es.&nbsp;&#8220;Em 2023, esperamos mais um ano dif\u00edcil para o Santander com mais uma queda no lucro em 5,5% a\/a&#8221;, afirmam os analistas.&nbsp;<\/p>\n\n\n\n<p>Isso porque eles consideram que o cen\u00e1rio macroecon\u00f4mico ser\u00e1 mais desafiador e o banco deve continuar sua trajet\u00f3ria de menos <a class=\"suno-keyword\" target=\"_blank\" data-force=\"no\" data-priority=\"1\" href=\"https:\/\/www.suno.com.br\/artigos\/risco-de-credito\/\" rel=\"noopener\">risco de cr\u00e9dito<\/a>. <\/p>\n\n\n\n<p>Desta forma, eles elencaram os principais <strong>desafios para o Santander em 2023<\/strong>. Sendo eles:<\/p>\n\n\n\n<ul class=\"wp-block-list\">\n<li>Fraco crescimento de cr\u00e9dito de apenas 7% a\/a, levemente inferior \u00e0 evolu\u00e7\u00e3o do setor estimado pela FEBRABAN de 8,2%.<\/li>\n\n\n\n<li>O mix de produtos pressionando a margem do banco (NIM) com empr\u00e9stimos com maiores garantias, mas menores spreads.<\/li>\n\n\n\n<li>Provis\u00f5es ainda altas com as safras mais antigas e maior exposi\u00e7\u00e3o \u00e0 pessoa f\u00edsica, mas crescendo menos do que a carteira de cr\u00e9dito em fun\u00e7\u00e3o de um mix com menor risco (mais garantias).<\/li>\n\n\n\n<li>A margem com o mercado (tesouraria) deve continuar fraca com o cen\u00e1rio de juros mais altos que estimados. O soft guidance do banco de melhora no segundo semestre de 2023 era baseado em uma Selic caindo para 12% ao final do ano. O nosso cen\u00e1rio macroecon\u00f4mico hoje \u00e9 uma taxa Selic de ao menos 13,75% ao longo de 2023.<\/li>\n\n\n\n<li>Uma al\u00edquota de imposto maior, saindo de 20% em 2022 para 30% em 2023, e pressionando os resultados.<\/li>\n<\/ul>\n\n\n\n<h2 class=\"wp-block-heading\">Cota\u00e7\u00e3o<\/h2>\n\n\n\n<p>Nesta segunda-feira (30) as a\u00e7\u00f5es do <strong>Santander<\/strong> fecharam com queda de 0,45%, cotadas a R$ 28,47. No acumulado dos \u00faltimos 12 meses, os pap\u00e9is tiveram uma desvaloriza\u00e7\u00e3o de -6,63%.<\/p>\n\n\n\n<p><em>Al\u00e9m d<\/em>o<strong> <em>Santander<\/em><\/strong><em>, confira outros destaques desta segunda-feira:<\/em><a href=\"https:\/\/lp.suno.com.br\/planilha-controle-gastos\/\" target=\"_blank\" rel=\"noreferrer noopener\"><\/a><a href=\"https:\/\/lp.suno.com.br\/planilha-controle-gastos\/\" target=\"_blank\" rel=\"noreferrer noopener\"><\/a><a href=\"https:\/\/lp.suno.com.br\/planilha-controle-gastos\/\" target=\"_blank\" rel=\"noreferrer noopener\"><\/a><a href=\"https:\/\/lp.suno.com.br\/planilha-controle-gastos\/\" target=\"_blank\" rel=\"noreferrer noopener\"><\/a><\/p>\n\n\n\t<p>\n\t\t<a href=\"https:\/\/lp.suno.com.br\/planilha-controle-gastos\/\" target=\"_blank\" data-element=\"shortcode-suno-banner\" title=\"Banner SUNO, clique e saiba mais\">\n\t\t\t<picture>\n\t\t\t\t<source media=\"(max-width: 500px)\" srcset=\"https:\/\/files.sunoresearch.com.br\/n\/uploads\/2023\/03\/400x300-Planilha-controle-de-gastos.png\">\n\t\t\t\t<img class=\"newsContent__article__imgCapa newsContent__article__imgCapa--banner\"\n\t\t\t\t\tsrc=\"https:\/\/files.sunoresearch.com.br\/n\/uploads\/2023\/03\/1420x240-Planilha-controle-de-gastos.png\"\n\t\t\t\t\tdata-promo-id=\"101751\"\t\t\t\t\t\t\t\t\t\twidth='1420' height='240'\t\t\t\t\talt=\"https:\/\/files.sunoresearch.com.br\/n\/uploads\/2023\/03\/1420x240-Planilha-controle-de-gastos.png\"\n\t\t\t\t>\n\t\t\t<\/picture>\n\t\t<\/a>\n\t<\/p>\n\n\n\n\n\n<h2 class=\"wp-block-heading\">Arezzo (ARZZ3): a\u00e7\u00f5es disparam e lideram altas na Bolsa. Qual o motivo?<\/h2>\n\n\n\n<ul class=\"wp-block-list\">\n<li>As a\u00e7\u00f5es de varejistas &#8220;premium&#8221; , com p\u00fablico de renda alta, disparam na Bolsa nesta segunda-feira (30), lideradas <a class=\"suno-keyword\" data-force=\"yes\" data-priority=\"2\" href=\"https:\/\/www.suno.com.br\/acoes\/ARZZ3\/\" target=\"_blank\" rel=\"noopener\"><strong>Arezzo <\/strong>(ARZZ3<\/a>), que fechou com alta de 6,6%. A <a class=\"suno-keyword\" data-force=\"yes\" data-priority=\"2\" href=\"https:\/\/www.suno.com.br\/acoes\/NTCO3\/\" target=\"_blank\" rel=\"noopener\">Natura (NTCO3)<\/a>, que chegou a disparar acima de 12%, teve o segundo maior ganho: 5,4%. A <a class=\"suno-keyword\" data-force=\"yes\" data-priority=\"2\" href=\"https:\/\/www.suno.com.br\/acoes\/PETZ3\/\" target=\"_blank\" rel=\"noopener\">Petz (PETZ3)<\/a> avan\u00e7ou 4,4%, o <a class=\"suno-keyword\" data-force=\"yes\" data-priority=\"2\" href=\"https:\/\/www.suno.com.br\/acoes\/SOMA3\/\" target=\"_blank\" rel=\"noopener\">Grupo Soma (SOMA3)<\/a> tem alta de 2,5% e a <a class=\"suno-keyword\" data-force=\"yes\" data-priority=\"2\" href=\"https:\/\/www.suno.com.br\/acoes\/ALPA4\/\" target=\"_blank\" rel=\"noopener\">Alpargatas (ALPA4)<\/a>, +2,08%. <\/li>\n\n\n\n<li>A alta nas <strong>a\u00e7\u00f5es da Natura<\/strong> ocorreu ap\u00f3s o Bloomberg News divulgar que a empresa pode vender a sua fatia na Aesop para a LVMH, maior grupo de luxo do mundo, ou para a L\u2019Oreal, a gigante francesa de cuidados com a pele. De acordo com informa\u00e7\u00f5es divulgadas nesta segunda (30), o neg\u00f3cio pode avaliar a marca em ao menos US$ 2 bilh\u00f5es.<\/li>\n\n\n\n<li>Alexsandro Nishimura, economista e s\u00f3cio da BRA BS, diz que outros fatores que podem explicar o melhor desempenho das <strong>a\u00e7\u00f5es da Arezzo<\/strong>, <strong>Grupo Soma<\/strong>, <strong>Alpargatas<\/strong> e Petz. Primeiro, os <a class=\"suno-keyword\" data-force=\"no\" data-priority=\"1\" href=\"https:\/\/www.suno.com.br\/artigos\/juros-futuros\/\" target=\"_blank\" rel=\"noopener\">juros futuros<\/a> operam em baixa, beneficiando as varejistas sens\u00edveis a juros. <\/li>\n\n\n\n<li>Segundo, a pr\u00f3pria not\u00edcia da LVMH e L\u2019Oreal, que estudam ofertas por fatia da Aesop da Natura, pode estar puxando o desempenho positivo. <\/li>\n\n\n\n<li>Al\u00e9m disso, Nishimura explica que a alta pode ser explicada pelo &#8220;<a class=\"suno-keyword\" data-force=\"no\" data-priority=\"1\" href=\"https:\/\/www.suno.com.br\/artigos\/stock-picking\/\" target=\"_blank\" rel=\"noopener\">stock picking<\/a>&#8221; dentro do pr\u00f3prio setor, &#8220;uma vez que, em geral, empresas que fornecem produtos premium tendem a ser menos penalizadas em momentos de infla\u00e7\u00e3o alta, algo que o mercado vem revisando para cima a cada semana.&#8221;<\/li>\n\n\n\n<li><strong>Arezzo (ARZZ3): XP e Goldman recomendam pap\u00e9is<\/strong><\/li>\n\n\n\n<li>Na ter\u00e7a-feira (17), a Arezzo informou ao mercado que adquiriu a marca de cal\u00e7ados Vicenza por R$ 103,8 milh\u00f5es. Essa aquisi\u00e7\u00e3o foi bem vista pela XP Investimentos e pelo Goldman Sachs, que refor\u00e7aram a recomenda\u00e7\u00e3o de &#8220;compra&#8221; dos pap\u00e9is.<\/li>\n\n\n\n<li>No comunicado publicado na&nbsp;<a href=\"https:\/\/www.suno.com.br\/artigos\/cvm\/\" target=\"_blank\" rel=\"noreferrer noopener\">Comiss\u00e3o de Valores Mobili\u00e1rios (CVM)<\/a>, a empresa de moda destaca que a Vicenza conta com mais de 30 anos de atua\u00e7\u00e3o no mercado de cal\u00e7ados e bolsas.<\/li>\n\n\n\n<li>No ano de 2022, a Vicenza teve&nbsp;<a target=\"_blank\" href=\"https:\/\/www.suno.com.br\/artigos\/receita-operacional-bruta\/\" rel=\"noreferrer noopener\">receita operacional bruta<\/a>&nbsp;de aproximadamente R$ 80 milh\u00f5es, e Ebitda [Lucros antes de juros, impostos,&nbsp;<a target=\"_blank\" href=\"https:\/\/www.suno.com.br\/artigos\/depreciacao-amortizacao\/\" rel=\"noreferrer noopener\">deprecia\u00e7\u00e3o e amortiza\u00e7\u00e3o<\/a>] de aproximadamente R$ 13 milh\u00f5es\u201d, detalha.<\/li>\n\n\n\n<li>\u201cA opera\u00e7\u00e3o insere-se na estrat\u00e9gia da companhia de amplia\u00e7\u00e3o de seus neg\u00f3cios no setor<br>de moda e varejo, com o crescimento e expans\u00e3o do mercado de cal\u00e7ados das classes sociais A e B. Por meio da diversifica\u00e7\u00e3o de produto e expans\u00e3o de marcas em seu portf\u00f3lio, a&nbsp;<strong>Arezzo<\/strong>&amp;Co&nbsp;segue reafirmando o seu posicionamento como uma das maiores \u2018house of brands\u2019 do Brasil\u201d, complementa.<br><a href=\"https:\/\/lp.suno.com.br\/asset\/suno-fundo-infra-estrutura-snid11\/\" target=\"_blank\" rel=\"noreferrer noopener\"><\/a><\/li>\n<\/ul>\n\n\n\n<h2 class=\"wp-block-heading\">Ra\u00edzen (RAIZ4): a\u00e7\u00f5es recuam quase 5% ap\u00f3s an\u00fancio de &#8216;block trade&#8217;; entenda<\/h2>\n\n\n\n<ul class=\"wp-block-list\">\n<li>As a\u00e7\u00f5es da <strong>Ra\u00edzen<\/strong> (RAIZ4) figuraram as maiores quedas do <a href=\"https:\/\/www.suno.com.br\/noticias\/ibovespa-hoje-fechamento-30012023\/\" target=\"_blank\" rel=\"noreferrer noopener\">Ibovespa de hoje<\/a>, recuando 4,97% no fechamento do preg\u00e3o. E o principal motivo foi o an\u00fancio de que a acionista Louis Dreyfus Commodities (LDC) deve fazer \u201c<a class=\"suno-keyword\" target=\"_blank\" data-force=\"no\" data-priority=\"1\" href=\"https:\/\/www.suno.com.br\/artigos\/block-trade\/\" rel=\"noopener\">block trade<\/a>\u201d [venda de a\u00e7\u00f5es em bloco] na pr\u00f3xima quarta (1), segundo revelou o <em>Brazil Journal<\/em>.<\/li>\n\n\n\n<li>Em relat\u00f3rio divulgado nesta segunda-feira, a XP Investimentos afirmou que o leil\u00e3o dever\u00e1 ser feito para a H\u00e9dera, que faz parte do grupo, vender sua participa\u00e7\u00e3o integral na <strong>joint venture entre a Shell e Cosan<\/strong> (CSAN3). <\/li>\n\n\n\n<li>O plano \u00e9 levantar aproximadamente R$ 1,1 bilh\u00e3o com a venda de cerca de 330 milh\u00f5es de <strong>a\u00e7\u00f5es da Ra\u00edzen<\/strong> (24,32% dos pap\u00e9is), a R$ 3,15 cada. O objetivo da H\u00e9dera, segundo o BJ, \u00e9 pagar d\u00edvidas com bancos \u2014 entre os credores est\u00e3o o <a class=\"suno-keyword\" data-force=\"yes\" data-priority=\"2\" href=\"https:\/\/www.suno.com.br\/acoes\/BBDC4\/\" target=\"_blank\" rel=\"noopener\">Bradesco (BBDC4)<\/a>, <a class=\"suno-keyword\" data-force=\"yes\" data-priority=\"2\" href=\"https:\/\/www.suno.com.br\/acoes\/SANB11\/\" target=\"_blank\" rel=\"noopener\">Santander (SANB11)<\/a> e outros bancos internacionais.<\/li>\n\n\n\n<li>No entanto, para os analistas Leonardo Alencar e Pedro Fonseca, da XP, a <strong>venda total da participa\u00e7\u00e3o na Ra\u00edzen<\/strong> pela H\u00e9dera, por meio da LDC, trouxe impactos negativos \u00e0 empresa por ser &#8220;um neg\u00f3cio nesses tamanho e n\u00edvel de pre\u00e7o&#8221;.<\/li>\n\n\n\n<li>&#8220;\u00c9 preciso esclarecer se o motivo da <strong>venda da H\u00e9dera<\/strong> se deve a preocupa\u00e7\u00f5es macro, como incertezas quanto \u00e0 pol\u00edtica de pre\u00e7os da <a class=\"suno-keyword\" target=\"_blank\" data-force=\"yes\" data-priority=\"2\" href=\"https:\/\/www.suno.com.br\/acoes\/PETR4\/\" rel=\"noopener\">Petrobras (PETR4)<\/a>, ou espec\u00edficas da empresa\u201d, apontou.<\/li>\n\n\n\n<li>Segundo os analistas da XP, as indefini\u00e7\u00f5es sobre a pol\u00edtica de paridade de pre\u00e7os da Petrobras junto aos impostos sobre os combust\u00edveis geram um alto grau de incerteza para a Ra\u00edzen no <a class=\"suno-keyword\" target=\"_blank\" data-force=\"no\" data-priority=\"1\" href=\"https:\/\/www.suno.com.br\/artigos\/curto-prazo\/\" rel=\"noopener\">curto prazo<\/a>. <\/li>\n\n\n\n<li>\u201cO alto n\u00edvel de incerteza aliado ao aumento das avalia\u00e7\u00f5es negativas em rela\u00e7\u00e3o \u00e0 Ra\u00edzen tem afastado os investidores da tese, enquanto os novos neg\u00f3cios (E2G, Biog\u00e1s, Pellets) ainda possuem alto risco de execu\u00e7\u00e3o ao seu redor\u201d, apontam.<\/li>\n\n\n\n<li><strong>Cota\u00e7\u00e3o da Ra\u00edzen<\/strong><\/li>\n\n\n\n<li>Nesta segunda-feira (30), as a\u00e7\u00f5es da <strong>Ra\u00edzen<\/strong> fecharam o preg\u00e3o com queda de 4,97%, cotadas a R$ 3,25. No acumulado dos \u00faltimos 12 meses, os pap\u00e9is tiveram uma desvaloriza\u00e7\u00e3o de 48,66%.<\/li>\n<\/ul>\n\n\n\t<p>\n\t\t<a href=\"https:\/\/lp.suno.com.br\/planilha-da-vida-financeira\/\" target=\"_blank\" data-element=\"shortcode-suno-banner\" title=\"Banner SUNO, clique e saiba mais\">\n\t\t\t<picture>\n\t\t\t\t<source media=\"(max-width: 500px)\" srcset=\"https:\/\/files.sunoresearch.com.br\/n\/uploads\/2023\/04\/400x300-Planilha-vida-financeira-true.png\">\n\t\t\t\t<img class=\"newsContent__article__imgCapa newsContent__article__imgCapa--banner\"\n\t\t\t\t\tsrc=\"https:\/\/files.sunoresearch.com.br\/n\/uploads\/2023\/04\/1420x240-Planilha-vida-financeira-true.png\"\n\t\t\t\t\tdata-promo-id=\"106682\"\t\t\t\t\t\t\t\t\t\twidth='1420' height='240'\t\t\t\t\talt=\"https:\/\/files.sunoresearch.com.br\/n\/uploads\/2023\/04\/1420x240-Planilha-vida-financeira-true.png\"\n\t\t\t\t>\n\t\t\t<\/picture>\n\t\t<\/a>\n\t<\/p>\n\n\n\n\n\n<h2 class=\"wp-block-heading\">Aliansce Sonae (ALSO3): BTG recomenda compra e v\u00ea valoriza\u00e7\u00e3o de 46% para as a\u00e7\u00f5es; veja por qu\u00ea<\/h2>\n\n\n\n<ul class=\"wp-block-list\">\n<li>O BTG Pactual aprofundou sua an\u00e1lise da<strong> <a class=\"suno-keyword\" data-force=\"yes\" data-priority=\"2\" href=\"https:\/\/www.suno.com.br\/acoes\/ALSO3\/\" target=\"_blank\" rel=\"noopener\">Aliansce Sonae (<\/a><\/strong><a class=\"suno-keyword\" data-force=\"yes\" data-priority=\"2\" href=\"https:\/\/www.suno.com.br\/acoes\/ALSO3\/\" target=\"_blank\" rel=\"noopener\">ALSO3)<\/a> ap\u00f3s a fus\u00e3o da rede de shoppings com a <a class=\"suno-keyword\" data-force=\"yes\" data-priority=\"2\" href=\"https:\/\/www.suno.com.br\/acoes\/brml3\/\" target=\"_blank\" rel=\"noopener\">brMalls (BRML3)<\/a>.<\/li>\n\n\n\n<li>Os analistas t\u00eam recomenda\u00e7\u00e3o de &#8220;compra&#8221; para as<em> <\/em><strong>a\u00e7\u00f5es da Aliansce Sonae<\/strong>, com o pre\u00e7o-alvo de R$ 26, que implica um potencial de valoriza\u00e7\u00e3o de 46%.<\/li>\n\n\n\n<li>Em termos de valuation, o <strong>papel da Aliansce Sonae<\/strong> negocia com descontos de 35% e 15% para <a class=\"suno-keyword\" data-force=\"yes\" data-priority=\"2\" href=\"https:\/\/www.suno.com.br\/acoes\/MULT3\/\" target=\"_blank\" rel=\"noopener\">Multiplan (MULT3)<\/a> e Iguatemi (IGTI11), dizem os especialistas. <\/li>\n\n\n\n<li>Com a fus\u00e3o, a Aliansce Sonae se tornou a maior operadora de shoppings da Am\u00e9rica Latina, com 2,2 milh\u00f5es de ABL (\u00c1rea bruta loc\u00e1vel). Assim, a nova empresa tem exposi\u00e7\u00e3o a todas as geografias brasileiras e perfis de clientes.<\/li>\n\n\n\n<li>&#8220;Embora esse n\u00famero tenha sido validado por empresas de consultoria, achamos que o upside de receita parece realmente limitado e o refinanciamento da d\u00edvida j\u00e1 estava em andamento na BR Malls&#8221;, explicaram os analistas do BTG Pactual.<\/li>\n\n\n\n<li><strong>O que muda com as a\u00e7\u00f5es ap\u00f3s a fus\u00e3o?<\/strong><\/li>\n\n\n\n<li>A <strong>combina\u00e7\u00e3o de neg\u00f3cios entre a brMalls e a Aliansce<\/strong> foi encerrada no in\u00edcio do m\u00eas.  <\/li>\n\n\n\n<li>Conforme o comunicado enviado \u00e0&nbsp;<a href=\"https:\/\/www.suno.com.br\/artigos\/cvm\/\" target=\"_blank\" rel=\"noreferrer noopener\">Comiss\u00e3o de Valores Mobili\u00e1rios (CVM)<\/a>, a&nbsp;<strong>Aliansce Sonae e a brMalls<\/strong>&nbsp;continuar\u00e3o a se dedicar \u00e0s suas atividades.<\/li>\n\n\n\n<li>Com a combina\u00e7\u00e3o de neg\u00f3cios, ser\u00e1 mantido o registro de companhia aberta da Aliansce Sonae e a listagem de suas a\u00e7\u00f5es no segmento do <a class=\"suno-keyword\" data-force=\"no\" data-priority=\"1\" href=\"https:\/\/www.suno.com.br\/artigos\/novo-mercado\/\" target=\"_blank\" rel=\"noopener\">Novo Mercado<\/a> da B3. O movimento configura a brMalls subsidi\u00e1ria integral da Aliansce Sonae, segundo <a class=\"suno-keyword\" data-force=\"no\" data-priority=\"1\" href=\"https:\/\/www.suno.com.br\/artigos\/fato-relevante\/\" target=\"_blank\" rel=\"noopener\">fato relevante<\/a> divulgado.<\/li>\n\n\n\n<li>Al\u00e9m disso, as a\u00e7\u00f5es de emiss\u00e3o da brMalls deixar\u00e3o de ser negociadas no segmento do <a class=\"suno-keyword\" target=\"_blank\" data-force=\"no\" data-priority=\"1\" href=\"https:\/\/www.suno.com.br\/artigos\/novo-mercado\/\" rel=\"noopener\">Novo Mercado<\/a> da B3. Tamb\u00e9m ser\u00e3o tomadas as medidas necess\u00e1rias para que o seu registro de companhia aberta seja convertido de categoria \u201cA\u201d para categoria \u201cB\u201d e mantido enquanto os demais valores mobili\u00e1rios por ela emitidos estiverem em circula\u00e7\u00e3o.<\/li>\n\n\n\n<li><strong>Cota\u00e7\u00e3o da Aliansce Sonae<\/strong><\/li>\n\n\n\n<li>As a\u00e7\u00f5es da <strong>Aliansce Sonae<\/strong> fecharam em leve alta de 0,34% nesta segunda-feira (30), cotadas a R$ 17,83.<\/li>\n<\/ul>\n\n\n\t<p>\n\t\t<a href=\"https:\/\/lp.suno.com.br\/ebook-como-analisar-uma-acao\/\" target=\"_blank\" data-element=\"shortcode-suno-banner\" title=\"Banner SUNO, clique e saiba mais\">\n\t\t\t<picture>\n\t\t\t\t<source media=\"(max-width: 500px)\" srcset=\"https:\/\/files.sunoresearch.com.br\/n\/uploads\/2023\/03\/Ebook-Acoes-Mobile-1.jpg\">\n\t\t\t\t<img class=\"newsContent__article__imgCapa newsContent__article__imgCapa--banner\"\n\t\t\t\t\tsrc=\"https:\/\/files.sunoresearch.com.br\/n\/uploads\/2023\/03\/Ebook-Acoes-Desktop-1.jpg\"\n\t\t\t\t\tdata-promo-id=\"171998\"\t\t\t\t\t\t\t\t\t\twidth='1420' height='286'\t\t\t\t\talt=\"https:\/\/files.sunoresearch.com.br\/n\/uploads\/2023\/03\/Ebook-Acoes-Desktop-1.jpg\"\n\t\t\t\t>\n\t\t\t<\/picture>\n\t\t<\/a>\n\t<\/p>\n\n\n\n\n\n<h2 class=\"wp-block-heading\">Pague Menos (PGMN3) atualiza valor por a\u00e7\u00e3o de JCP milion\u00e1rio<\/h2>\n\n\n\n<ul class=\"wp-block-list\">\n<li>A&nbsp;<a href=\"https:\/\/www.suno.com.br\/acoes\/PGMN3\/\" target=\"_blank\" rel=\"noreferrer noopener\"><strong>Pague Menos<\/strong>&nbsp;(PGMN3)<\/a>&nbsp;atualizou o valor por a\u00e7\u00e3o dos R$ 82 milh\u00f5es em&nbsp;<a href=\"https:\/\/www.suno.com.br\/artigos\/entenda-o-jcp\/\" target=\"_blank\" rel=\"noreferrer noopener\">Juros Sobre Capital Pr\u00f3prio<\/a>&nbsp;(JCP) que pagar\u00e1 aos seus acionistas, segundo&nbsp;<a href=\"https:\/\/www.suno.com.br\/artigos\/fato-relevante\/\" target=\"_blank\" rel=\"noreferrer noopener\">fato relevante<\/a>&nbsp;divulgado na sexta-feira (27).<\/li>\n\n\n\n<li>Os valores de <strong>JCP da Pague Menos<\/strong> por a\u00e7\u00e3o bruto e l\u00edquido foram ajustados para R$ 0,1859620619 e R$ 0,1580677526, respectivamente. Os valores representam uma redu\u00e7\u00e3o de 0,1% em rela\u00e7\u00e3o aos valores originais. <\/li>\n\n\n\n<li>Os direitos de subscri\u00e7\u00e3o no \u00e2mbito do <a class=\"suno-keyword\" data-force=\"no\" data-priority=\"1\" href=\"https:\/\/www.suno.com.br\/artigos\/aumento-capital\/\" target=\"_blank\" rel=\"noopener\">Aumento de Capital<\/a> da Pague Menos foram ajustados de forma que cada acionista poder\u00e1 subscrever 0,05 nova a\u00e7\u00e3o para cada papel que tiver na data de corte.<\/li>\n\n\n\n<li>&#8220;N\u00e3o houve altera\u00e7\u00e3o no valor total do JCP a ser distribu\u00eddo, no pre\u00e7o de emiss\u00e3o e no n\u00famero de a\u00e7\u00f5es a serem emitidas no Aumento de Capital, bem como nos prazos ou procedimentos relacionados&#8221;, explicou a Pague Menos. <\/li>\n\n\n\n<li>Apenas os investidores com&nbsp;<strong>a\u00e7\u00f5es da Pague Menos<\/strong>&nbsp;no dia 27 de janeiro ter\u00e3o direito de receber os JCP. A partir do dia 30 de janeiro (hoje), as a\u00e7\u00f5es s\u00e3o negociadas sem direito aos&nbsp;<a href=\"https:\/\/www.suno.com.br\/guias\/dividendos\/\" target=\"_blank\" rel=\"noreferrer noopener\">dividendos<\/a>.<\/li>\n\n\n\n<li>Segundo documento arquivado na Comiss\u00e3o de Valores Mobili\u00e1rios (CVM), esses&nbsp;<strong>proventos da Pague Menos<\/strong>&nbsp;fazem parte dos <a class=\"suno-keyword\" target=\"_blank\" data-force=\"no\" data-priority=\"1\" href=\"https:\/\/www.suno.com.br\/guias\/dividendos\/\" rel=\"noopener\">dividendos<\/a> obrigat\u00f3rios do exerc\u00edcio de 2022.<\/li>\n\n\n\n<li><strong>JCP da Pague Menos<\/strong><\/li>\n\n\n\n<li>Valor total: R$ 82.000.000,00<\/li>\n\n\n\n<li>Valor por a\u00e7\u00e3o: R$ 0,1859620619<\/li>\n\n\n\n<li>Data de corte: 27 de janeiro de 2023<\/li>\n\n\n\n<li>Data do pagamento: 13 de mar\u00e7o de 2023<\/li>\n\n\n\n<li>Rendimento (dividend yield): 4,42%<\/li>\n\n\n\n<li><strong>Aumento de capital privado<\/strong><\/li>\n\n\n\n<li>A Pague Menos tamb\u00e9m anunciou que ir\u00e1 realizar um&nbsp;<strong>aumento de capital privado<\/strong>&nbsp;de, no m\u00ednimo, R$ 52,4 milh\u00f5es e no m\u00e1ximo R$ 82 milh\u00f5es.<\/li>\n\n\n\n<li>Ser\u00e3o emitidas, no m\u00ednimo, 14.275.126 a\u00e7\u00f5es e, no m\u00e1ximo, 22.304.884 a\u00e7\u00f5es, todas ordin\u00e1rias da rede de farm\u00e1cias.<\/li>\n\n\n\n<li>\u201cAs a\u00e7\u00f5es a serem emitidas far\u00e3o jus de forma integral a todos os benef\u00edcios, incluindo <a class=\"suno-keyword\" target=\"_blank\" data-force=\"no\" data-priority=\"1\" href=\"https:\/\/www.suno.com.br\/guias\/dividendos\/\" rel=\"noopener\">dividendos<\/a> e JCP que vierem a ser declarados pela companhia ap\u00f3s a homologa\u00e7\u00e3o do aumento de capital\u201d, informou a empresa.<\/li>\n\n\n\n<li>O pre\u00e7o de emiss\u00e3o ser\u00e1 de R$ 3,68 por a\u00e7\u00e3o As a\u00e7\u00f5es de emiss\u00e3o da empresa ser\u00e3o negociadas ex-<a href=\"https:\/\/www.suno.com.br\/artigos\/direito-de-subscricao\/\" target=\"_blank\" rel=\"noreferrer noopener\">direito de subscri\u00e7\u00e3o<\/a>&nbsp;a partir de 30 de janeiro de 2023. <\/li>\n\n\n\n<li><strong>Cota\u00e7\u00e3o<\/strong><\/li>\n\n\n\n<li>As a\u00e7\u00f5es da <strong>Pague Menos<\/strong> subiam 0,30% \u00e1s 17h10 desta segunda-feira (30), cotadas a R$ 4,22.<\/li>\n<\/ul>\n\n\n\n<p><em>Do&nbsp;<strong>Santander<\/strong>&nbsp;a Ra\u00edzen, essas foram as empresas que se destacaram hoje. Para ler todas as mat\u00e9rias&nbsp;<a href=\"https:\/\/www.suno.com.br\/noticias\/todos\/\" target=\"_blank\" rel=\"noreferrer noopener\">clique aqui.<\/a><\/em><a href=\"https:\/\/lp.suno.com.br\/planilha-de-controle-de-investimentos\/\" target=\"_blank\" rel=\"noreferrer noopener\"><\/a><a href=\"https:\/\/lp.suno.com.br\/planilha-de-controle-de-investimentos\/\" target=\"_blank\" rel=\"noreferrer noopener\"><\/a><a href=\"https:\/\/lp.suno.com.br\/planilha-de-controle-de-investimentos\/\" target=\"_blank\" rel=\"noreferrer noopener\"><\/a><\/p>\n\n\n\t<p>\n\t\t<a href=\"https:\/\/lp.suno.com.br\/planilha-de-controle-de-investimentos\/\" target=\"_blank\" data-element=\"shortcode-suno-banner\" title=\"Banner SUNO, clique e saiba mais\">\n\t\t\t<picture>\n\t\t\t\t<source media=\"(max-width: 500px)\" srcset=\"https:\/\/files.sunoresearch.com.br\/n\/uploads\/2023\/03\/400x300-Controle-de-Investimentos.png\">\n\t\t\t\t<img class=\"newsContent__article__imgCapa newsContent__article__imgCapa--banner\"\n\t\t\t\t\tsrc=\"https:\/\/files.sunoresearch.com.br\/n\/uploads\/2023\/03\/1420x240-Controle-de-Investimentos.png\"\n\t\t\t\t\tdata-promo-id=\"75934\"\t\t\t\t\t\t\t\t\t\twidth='1420' height='240'\t\t\t\t\talt=\"https:\/\/files.sunoresearch.com.br\/n\/uploads\/2023\/03\/1420x240-Controle-de-Investimentos.png\"\n\t\t\t\t>\n\t\t\t<\/picture>\n\t\t<\/a>\n\t<\/p>\n\n\n","protected":false},"excerpt":{"rendered":"<p>N\u00e3o \u00e9 de agora que os resultados do Santander (SANB11) t\u00eam desagradado os investidores \u2014 sendo que o banco foi at\u00e9 mesmo preterido pelo mercado entre os ativos banc\u00e1rios. Agora, com a expectativa pelos resultados do quatro trimestre de 2022, a Genial Investimentos rebaixou a sua recomenda\u00e7\u00e3o de manter para venda, com corte no pre\u00e7o-alvo [&hellip;]<\/p>\n","protected":false},"author":194,"featured_media":142876,"comment_status":"closed","ping_status":"closed","sticky":false,"template":"","format":"standard","meta":[],"categories":[64],"tags":[38091,362,60051,106933,624],"suno_strategy":[],"class_list":["post-355324","post","type-post","status-publish","format-standard","has-post-thumbnail","hentry","category-negocios","tag-aliansce-sonae-also3","tag-arezzo-arzz3","tag-pague-menos-pgmn3","tag-raizen-raiz4","tag-santander-sanb11-sanb3-sanb4"],"yoast_head":"<!-- This site is optimized with the Yoast SEO plugin v24.4 - https:\/\/yoast.com\/wordpress\/plugins\/seo\/ -->\n<title>Radar: analistas rebaixam Santander (SANB11), a\u00e7\u00f5es da Arezzo (ARZZ3) disparam e Ra\u00edzen (RAIZ4) cai ap\u00f3s an\u00fancio de &#039;block trade&#039;<\/title>\n<meta name=\"description\" content=\"Santander \u00e9 rebaixo pela Genial, a\u00e7\u00f5es da Arezzo lideram altas desta segunda-feira enquanto a\u00e7\u00f5es da Ra\u00edzen recuam. Saiba mais.\" \/>\n<meta name=\"robots\" content=\"index, follow, max-snippet:-1, max-image-preview:large, max-video-preview:-1\" \/>\n<link rel=\"canonical\" href=\"https:\/\/www.suno.com.br\/noticias\/radar-santander-sanb11-arezzo-arzz3-raizen-raiz4\/\" \/>\n<meta property=\"og:locale\" content=\"pt_BR\" \/>\n<meta property=\"og:type\" content=\"article\" \/>\n<meta property=\"og:title\" content=\"Radar: analistas rebaixam Santander (SANB11), a\u00e7\u00f5es da Arezzo (ARZZ3) disparam e Ra\u00edzen (RAIZ4) cai ap\u00f3s an\u00fancio de &#039;block trade&#039;\" \/>\n<meta property=\"og:description\" content=\"Santander \u00e9 rebaixo pela Genial, a\u00e7\u00f5es da Arezzo lideram altas desta segunda-feira enquanto a\u00e7\u00f5es da Ra\u00edzen recuam. Saiba mais.\" \/>\n<meta property=\"og:url\" content=\"https:\/\/www.suno.com.br\/noticias\/radar-santander-sanb11-arezzo-arzz3-raizen-raiz4\/\" \/>\n<meta property=\"og:site_name\" content=\"Suno Not\u00edcias\" \/>\n<meta property=\"article:publisher\" content=\"https:\/\/facebook.com\/sunoresearch\" \/>\n<meta property=\"og:image\" content=\"https:\/\/files.sunoresearch.com.br\/n\/uploads\/2021\/04\/66d8cc60-155195970_10157636563710588_4789726370967855240_n.jpg\" \/>\n\t<meta property=\"og:image:width\" content=\"1560\" \/>\n\t<meta property=\"og:image:height\" content=\"1040\" \/>\n\t<meta property=\"og:image:type\" content=\"image\/jpeg\" \/>\n<meta name=\"author\" content=\"Isabella Taglapietra\" \/>\n<meta name=\"twitter:card\" content=\"summary_large_image\" \/>\n<meta name=\"twitter:creator\" content=\"@sunoresearch\" \/>\n<meta name=\"twitter:site\" content=\"@sunoresearch\" \/>\n<meta name=\"twitter:label1\" content=\"Escrito por\" \/>\n\t<meta name=\"twitter:data1\" content=\"Isabella Taglapietra\" \/>\n\t<meta name=\"twitter:label2\" content=\"Est. tempo de leitura\" \/>\n\t<meta name=\"twitter:data2\" content=\"12 minutos\" \/>\n<script type=\"application\/ld+json\" class=\"yoast-schema-graph\">{\"@context\":\"https:\/\/schema.org\",\"@graph\":[{\"@type\":\"NewsArticle\",\"@id\":\"https:\/\/www.suno.com.br\/noticias\/radar-santander-sanb11-arezzo-arzz3-raizen-raiz4\/#article\",\"isPartOf\":{\"@id\":\"https:\/\/www.suno.com.br\/noticias\/radar-santander-sanb11-arezzo-arzz3-raizen-raiz4\/\"},\"author\":{\"name\":\"Isabella Taglapietra\",\"@id\":\"https:\/\/www.suno.com.br\/noticias\/#\/schema\/person\/a0be106724f6f5d705d70f04333cb249\"},\"headline\":\"Radar: analistas rebaixam Santander (SANB11), a\u00e7\u00f5es da Arezzo (ARZZ3) disparam e Ra\u00edzen (RAIZ4) cai ap\u00f3s an\u00fancio de &#8216;block trade&#8217;\",\"datePublished\":\"2023-01-31T01:13:50+00:00\",\"dateModified\":\"2023-01-31T01:14:04+00:00\",\"mainEntityOfPage\":{\"@id\":\"https:\/\/www.suno.com.br\/noticias\/radar-santander-sanb11-arezzo-arzz3-raizen-raiz4\/\"},\"wordCount\":2231,\"publisher\":{\"@id\":\"https:\/\/www.suno.com.br\/noticias\/#organization\"},\"image\":{\"@id\":\"https:\/\/www.suno.com.br\/noticias\/radar-santander-sanb11-arezzo-arzz3-raizen-raiz4\/#primaryimage\"},\"thumbnailUrl\":\"https:\/\/files.sunoresearch.com.br\/n\/uploads\/2021\/04\/66d8cc60-155195970_10157636563710588_4789726370967855240_n-jpg.webp\",\"keywords\":[\"Aliansce Sonae (ALSO3)\",\"Arezzo (ARZZ3)\",\"Pague Menos (PGMN3)\",\"Ra\u00edzen (RAIZ4)\",\"Santander (SANB11\/SANB3\/SANB4)\"],\"articleSection\":[\"Neg\u00f3cios\"],\"inLanguage\":\"pt-BR\"},{\"@type\":\"WebPage\",\"@id\":\"https:\/\/www.suno.com.br\/noticias\/radar-santander-sanb11-arezzo-arzz3-raizen-raiz4\/\",\"url\":\"https:\/\/www.suno.com.br\/noticias\/radar-santander-sanb11-arezzo-arzz3-raizen-raiz4\/\",\"name\":\"Radar: analistas rebaixam Santander (SANB11), a\u00e7\u00f5es da Arezzo (ARZZ3) disparam e Ra\u00edzen (RAIZ4) cai ap\u00f3s an\u00fancio de 'block trade'\",\"isPartOf\":{\"@id\":\"https:\/\/www.suno.com.br\/noticias\/#website\"},\"primaryImageOfPage\":{\"@id\":\"https:\/\/www.suno.com.br\/noticias\/radar-santander-sanb11-arezzo-arzz3-raizen-raiz4\/#primaryimage\"},\"image\":{\"@id\":\"https:\/\/www.suno.com.br\/noticias\/radar-santander-sanb11-arezzo-arzz3-raizen-raiz4\/#primaryimage\"},\"thumbnailUrl\":\"https:\/\/files.sunoresearch.com.br\/n\/uploads\/2021\/04\/66d8cc60-155195970_10157636563710588_4789726370967855240_n-jpg.webp\",\"datePublished\":\"2023-01-31T01:13:50+00:00\",\"dateModified\":\"2023-01-31T01:14:04+00:00\",\"description\":\"Santander \u00e9 rebaixo pela Genial, a\u00e7\u00f5es da Arezzo lideram altas desta segunda-feira enquanto a\u00e7\u00f5es da Ra\u00edzen recuam. Saiba mais.\",\"breadcrumb\":{\"@id\":\"https:\/\/www.suno.com.br\/noticias\/radar-santander-sanb11-arezzo-arzz3-raizen-raiz4\/#breadcrumb\"},\"inLanguage\":\"pt-BR\",\"potentialAction\":[{\"@type\":\"ReadAction\",\"target\":[\"https:\/\/www.suno.com.br\/noticias\/radar-santander-sanb11-arezzo-arzz3-raizen-raiz4\/\"]}]},{\"@type\":\"ImageObject\",\"inLanguage\":\"pt-BR\",\"@id\":\"https:\/\/www.suno.com.br\/noticias\/radar-santander-sanb11-arezzo-arzz3-raizen-raiz4\/#primaryimage\",\"url\":\"https:\/\/files.sunoresearch.com.br\/n\/uploads\/2021\/04\/66d8cc60-155195970_10157636563710588_4789726370967855240_n-jpg.webp\",\"contentUrl\":\"https:\/\/files.sunoresearch.com.br\/n\/uploads\/2021\/04\/66d8cc60-155195970_10157636563710588_4789726370967855240_n-jpg.webp\",\"width\":1560,\"height\":1040,\"caption\":\"Santander (SANB11). Foto: Reprodu\u00e7\u00e3o Facebook.\"},{\"@type\":\"BreadcrumbList\",\"@id\":\"https:\/\/www.suno.com.br\/noticias\/radar-santander-sanb11-arezzo-arzz3-raizen-raiz4\/#breadcrumb\",\"itemListElement\":[{\"@type\":\"ListItem\",\"position\":1,\"name\":\"Not\u00edcias\",\"item\":\"https:\/\/www.suno.com.br\/noticias\/\"},{\"@type\":\"ListItem\",\"position\":2,\"name\":\"Neg\u00f3cios\",\"item\":\"https:\/\/www.suno.com.br\/noticias\/negocios\/\"},{\"@type\":\"ListItem\",\"position\":3,\"name\":\"Radar: analistas rebaixam Santander (SANB11), a\u00e7\u00f5es da Arezzo (ARZZ3) disparam e Ra\u00edzen (RAIZ4) cai ap\u00f3s an\u00fancio de &#8216;block trade&#8217;\"}]},{\"@type\":\"WebSite\",\"@id\":\"https:\/\/www.suno.com.br\/noticias\/#website\",\"url\":\"https:\/\/www.suno.com.br\/noticias\/\",\"name\":\"Suno Not\u00edcias\",\"description\":\"Seu portal de informa\u00e7\u00e3o sobre o mundo dos investimentos\",\"publisher\":{\"@id\":\"https:\/\/www.suno.com.br\/noticias\/#organization\"},\"potentialAction\":[{\"@type\":\"SearchAction\",\"target\":{\"@type\":\"EntryPoint\",\"urlTemplate\":\"https:\/\/www.suno.com.br\/noticias\/?s={search_term_string}\"},\"query-input\":{\"@type\":\"PropertyValueSpecification\",\"valueRequired\":true,\"valueName\":\"search_term_string\"}}],\"inLanguage\":\"pt-BR\"},{\"@type\":\"Organization\",\"@id\":\"https:\/\/www.suno.com.br\/noticias\/#organization\",\"name\":\"Suno Not\u00edcias\",\"url\":\"https:\/\/www.suno.com.br\/noticias\/\",\"logo\":{\"@type\":\"ImageObject\",\"inLanguage\":\"pt-BR\",\"@id\":\"https:\/\/www.suno.com.br\/noticias\/#\/schema\/logo\/image\/\",\"url\":\"https:\/\/files.sunoresearch.com.br\/n\/uploads\/2021\/09\/suno-logo.png\",\"contentUrl\":\"https:\/\/files.sunoresearch.com.br\/n\/uploads\/2021\/09\/suno-logo.png\",\"width\":180,\"height\":180,\"caption\":\"Suno Not\u00edcias\"},\"image\":{\"@id\":\"https:\/\/www.suno.com.br\/noticias\/#\/schema\/logo\/image\/\"},\"sameAs\":[\"https:\/\/facebook.com\/sunoresearch\",\"https:\/\/x.com\/sunoresearch\",\"https:\/\/www.instagram.com\/suno\",\"https:\/\/www.linkedin.com\/company\/suno-research\/\",\"https:\/\/www.youtube.com\/c\/sunoresearch\"]},{\"@type\":\"Person\",\"@id\":\"https:\/\/www.suno.com.br\/noticias\/#\/schema\/person\/a0be106724f6f5d705d70f04333cb249\",\"name\":\"Isabella Taglapietra\",\"image\":{\"@type\":\"ImageObject\",\"inLanguage\":\"pt-BR\",\"@id\":\"https:\/\/www.suno.com.br\/noticias\/#\/schema\/person\/image\/\",\"url\":\"https:\/\/secure.gravatar.com\/avatar\/089c9e06b71de293117116aaf339e22f?s=96&r=g\",\"contentUrl\":\"https:\/\/secure.gravatar.com\/avatar\/089c9e06b71de293117116aaf339e22f?s=96&r=g\",\"caption\":\"Isabella Taglapietra\"},\"description\":\"Rep\u00f3rter freelancer no Suno Not\u00edcias, cobre not\u00edcias di\u00e1rias sobre economia, balan\u00e7os trimestrais e pesquisas. Formada em jornalismo pela Faculdade C\u00e1sper L\u00edbero e p\u00f3s-graduanda em mercado de capitais pela Fecap, atuou como rep\u00f3rter de economia e finan\u00e7as no portal CRC!News e Elas que Lucrem, al\u00e9m de social media para empresas do mercado financeiro.\",\"url\":\"https:\/\/www.suno.com.br\/noticias\/author\/isabella-taglapietra\/\"}]}<\/script>\n<!-- \/ Yoast SEO plugin. -->","yoast_head_json":{"title":"Radar: analistas rebaixam Santander (SANB11), a\u00e7\u00f5es da Arezzo (ARZZ3) disparam e Ra\u00edzen (RAIZ4) cai ap\u00f3s an\u00fancio de 'block trade'","description":"Santander \u00e9 rebaixo pela Genial, a\u00e7\u00f5es da Arezzo lideram altas desta segunda-feira enquanto a\u00e7\u00f5es da Ra\u00edzen recuam. Saiba mais.","robots":{"index":"index","follow":"follow","max-snippet":"max-snippet:-1","max-image-preview":"max-image-preview:large","max-video-preview":"max-video-preview:-1"},"canonical":"https:\/\/www.suno.com.br\/noticias\/radar-santander-sanb11-arezzo-arzz3-raizen-raiz4\/","og_locale":"pt_BR","og_type":"article","og_title":"Radar: analistas rebaixam Santander (SANB11), a\u00e7\u00f5es da Arezzo (ARZZ3) disparam e Ra\u00edzen (RAIZ4) cai ap\u00f3s an\u00fancio de 'block trade'","og_description":"Santander \u00e9 rebaixo pela Genial, a\u00e7\u00f5es da Arezzo lideram altas desta segunda-feira enquanto a\u00e7\u00f5es da Ra\u00edzen recuam. Saiba mais.","og_url":"https:\/\/www.suno.com.br\/noticias\/radar-santander-sanb11-arezzo-arzz3-raizen-raiz4\/","og_site_name":"Suno Not\u00edcias","article_publisher":"https:\/\/facebook.com\/sunoresearch","og_image":[{"width":1560,"height":1040,"url":"https:\/\/files.sunoresearch.com.br\/n\/uploads\/2021\/04\/66d8cc60-155195970_10157636563710588_4789726370967855240_n.jpg","type":"image\/jpeg"}],"author":"Isabella Taglapietra","twitter_card":"summary_large_image","twitter_creator":"@sunoresearch","twitter_site":"@sunoresearch","twitter_misc":{"Escrito por":"Isabella Taglapietra","Est. tempo de leitura":"12 minutos"},"schema":{"@context":"https:\/\/schema.org","@graph":[{"@type":"NewsArticle","@id":"https:\/\/www.suno.com.br\/noticias\/radar-santander-sanb11-arezzo-arzz3-raizen-raiz4\/#article","isPartOf":{"@id":"https:\/\/www.suno.com.br\/noticias\/radar-santander-sanb11-arezzo-arzz3-raizen-raiz4\/"},"author":{"name":"Isabella Taglapietra","@id":"https:\/\/www.suno.com.br\/noticias\/#\/schema\/person\/a0be106724f6f5d705d70f04333cb249"},"headline":"Radar: analistas rebaixam Santander (SANB11), a\u00e7\u00f5es da Arezzo (ARZZ3) disparam e Ra\u00edzen (RAIZ4) cai ap\u00f3s an\u00fancio de &#8216;block trade&#8217;","datePublished":"2023-01-31T01:13:50+00:00","dateModified":"2023-01-31T01:14:04+00:00","mainEntityOfPage":{"@id":"https:\/\/www.suno.com.br\/noticias\/radar-santander-sanb11-arezzo-arzz3-raizen-raiz4\/"},"wordCount":2231,"publisher":{"@id":"https:\/\/www.suno.com.br\/noticias\/#organization"},"image":{"@id":"https:\/\/www.suno.com.br\/noticias\/radar-santander-sanb11-arezzo-arzz3-raizen-raiz4\/#primaryimage"},"thumbnailUrl":"https:\/\/files.sunoresearch.com.br\/n\/uploads\/2021\/04\/66d8cc60-155195970_10157636563710588_4789726370967855240_n-jpg.webp","keywords":["Aliansce Sonae (ALSO3)","Arezzo (ARZZ3)","Pague Menos (PGMN3)","Ra\u00edzen (RAIZ4)","Santander (SANB11\/SANB3\/SANB4)"],"articleSection":["Neg\u00f3cios"],"inLanguage":"pt-BR"},{"@type":"WebPage","@id":"https:\/\/www.suno.com.br\/noticias\/radar-santander-sanb11-arezzo-arzz3-raizen-raiz4\/","url":"https:\/\/www.suno.com.br\/noticias\/radar-santander-sanb11-arezzo-arzz3-raizen-raiz4\/","name":"Radar: analistas rebaixam Santander (SANB11), a\u00e7\u00f5es da Arezzo (ARZZ3) disparam e Ra\u00edzen (RAIZ4) cai ap\u00f3s an\u00fancio de 'block trade'","isPartOf":{"@id":"https:\/\/www.suno.com.br\/noticias\/#website"},"primaryImageOfPage":{"@id":"https:\/\/www.suno.com.br\/noticias\/radar-santander-sanb11-arezzo-arzz3-raizen-raiz4\/#primaryimage"},"image":{"@id":"https:\/\/www.suno.com.br\/noticias\/radar-santander-sanb11-arezzo-arzz3-raizen-raiz4\/#primaryimage"},"thumbnailUrl":"https:\/\/files.sunoresearch.com.br\/n\/uploads\/2021\/04\/66d8cc60-155195970_10157636563710588_4789726370967855240_n-jpg.webp","datePublished":"2023-01-31T01:13:50+00:00","dateModified":"2023-01-31T01:14:04+00:00","description":"Santander \u00e9 rebaixo pela Genial, a\u00e7\u00f5es da Arezzo lideram altas desta segunda-feira enquanto a\u00e7\u00f5es da Ra\u00edzen recuam. Saiba mais.","breadcrumb":{"@id":"https:\/\/www.suno.com.br\/noticias\/radar-santander-sanb11-arezzo-arzz3-raizen-raiz4\/#breadcrumb"},"inLanguage":"pt-BR","potentialAction":[{"@type":"ReadAction","target":["https:\/\/www.suno.com.br\/noticias\/radar-santander-sanb11-arezzo-arzz3-raizen-raiz4\/"]}]},{"@type":"ImageObject","inLanguage":"pt-BR","@id":"https:\/\/www.suno.com.br\/noticias\/radar-santander-sanb11-arezzo-arzz3-raizen-raiz4\/#primaryimage","url":"https:\/\/files.sunoresearch.com.br\/n\/uploads\/2021\/04\/66d8cc60-155195970_10157636563710588_4789726370967855240_n-jpg.webp","contentUrl":"https:\/\/files.sunoresearch.com.br\/n\/uploads\/2021\/04\/66d8cc60-155195970_10157636563710588_4789726370967855240_n-jpg.webp","width":1560,"height":1040,"caption":"Santander (SANB11). Foto: Reprodu\u00e7\u00e3o Facebook."},{"@type":"BreadcrumbList","@id":"https:\/\/www.suno.com.br\/noticias\/radar-santander-sanb11-arezzo-arzz3-raizen-raiz4\/#breadcrumb","itemListElement":[{"@type":"ListItem","position":1,"name":"Not\u00edcias","item":"https:\/\/www.suno.com.br\/noticias\/"},{"@type":"ListItem","position":2,"name":"Neg\u00f3cios","item":"https:\/\/www.suno.com.br\/noticias\/negocios\/"},{"@type":"ListItem","position":3,"name":"Radar: analistas rebaixam Santander (SANB11), a\u00e7\u00f5es da Arezzo (ARZZ3) disparam e Ra\u00edzen (RAIZ4) cai ap\u00f3s an\u00fancio de &#8216;block trade&#8217;"}]},{"@type":"WebSite","@id":"https:\/\/www.suno.com.br\/noticias\/#website","url":"https:\/\/www.suno.com.br\/noticias\/","name":"Suno Not\u00edcias","description":"Seu portal de informa\u00e7\u00e3o sobre o mundo dos investimentos","publisher":{"@id":"https:\/\/www.suno.com.br\/noticias\/#organization"},"potentialAction":[{"@type":"SearchAction","target":{"@type":"EntryPoint","urlTemplate":"https:\/\/www.suno.com.br\/noticias\/?s={search_term_string}"},"query-input":{"@type":"PropertyValueSpecification","valueRequired":true,"valueName":"search_term_string"}}],"inLanguage":"pt-BR"},{"@type":"Organization","@id":"https:\/\/www.suno.com.br\/noticias\/#organization","name":"Suno Not\u00edcias","url":"https:\/\/www.suno.com.br\/noticias\/","logo":{"@type":"ImageObject","inLanguage":"pt-BR","@id":"https:\/\/www.suno.com.br\/noticias\/#\/schema\/logo\/image\/","url":"https:\/\/files.sunoresearch.com.br\/n\/uploads\/2021\/09\/suno-logo.png","contentUrl":"https:\/\/files.sunoresearch.com.br\/n\/uploads\/2021\/09\/suno-logo.png","width":180,"height":180,"caption":"Suno Not\u00edcias"},"image":{"@id":"https:\/\/www.suno.com.br\/noticias\/#\/schema\/logo\/image\/"},"sameAs":["https:\/\/facebook.com\/sunoresearch","https:\/\/x.com\/sunoresearch","https:\/\/www.instagram.com\/suno","https:\/\/www.linkedin.com\/company\/suno-research\/","https:\/\/www.youtube.com\/c\/sunoresearch"]},{"@type":"Person","@id":"https:\/\/www.suno.com.br\/noticias\/#\/schema\/person\/a0be106724f6f5d705d70f04333cb249","name":"Isabella Taglapietra","image":{"@type":"ImageObject","inLanguage":"pt-BR","@id":"https:\/\/www.suno.com.br\/noticias\/#\/schema\/person\/image\/","url":"https:\/\/secure.gravatar.com\/avatar\/089c9e06b71de293117116aaf339e22f?s=96&r=g","contentUrl":"https:\/\/secure.gravatar.com\/avatar\/089c9e06b71de293117116aaf339e22f?s=96&r=g","caption":"Isabella Taglapietra"},"description":"Rep\u00f3rter freelancer no Suno Not\u00edcias, cobre not\u00edcias di\u00e1rias sobre economia, balan\u00e7os trimestrais e pesquisas. Formada em jornalismo pela Faculdade C\u00e1sper L\u00edbero e p\u00f3s-graduanda em mercado de capitais pela Fecap, atuou como rep\u00f3rter de economia e finan\u00e7as no portal CRC!News e Elas que Lucrem, al\u00e9m de social media para empresas do mercado financeiro.","url":"https:\/\/www.suno.com.br\/noticias\/author\/isabella-taglapietra\/"}]}},"default_loop_html":"<div class=\"cardsPage__listCard__boxs\"><div class=\"cardsPage__listCard__boxs__img\"><a href=\"https:\/\/www.suno.com.br\/noticias\/radar-santander-sanb11-arezzo-arzz3-raizen-raiz4\/\"><img class=\"mask\" src=\"https:\/\/www.suno.com.br\/noticias\/wp-content\/themes\/suno\/resources\/images\/spotlight\/spotlight1img\/bg-mask.png\" alt=\"Image Mask\"\/><img src=\"https:\/\/files.sunoresearch.com.br\/n\/uploads\/2021\/04\/66d8cc60-155195970_10157636563710588_4789726370967855240_n-400x200.webp\" alt=\"Radar: analistas rebaixam Santander (SANB11),  a\u00e7\u00f5es da Arezzo (ARZZ3) disparam e Ra\u00edzen (RAIZ4) cai ap\u00f3s an\u00fancio de &#8216;block trade&#8217;\"\/><\/a><span class=\"spotlightCategory\"><a href=\"https:\/\/www.suno.com.br\/noticias\/negocios\/\">Neg\u00f3cios<\/a><\/span><\/div><div class=\"cardsPage__listCard__boxs__content\"><a href=\"https:\/\/www.suno.com.br\/noticias\/radar-santander-sanb11-arezzo-arzz3-raizen-raiz4\/\"><h2 class=\"content__title\">Radar: analistas rebaixam Santander (SANB11),  a\u00e7\u00f5es da Arezzo (ARZZ3) disparam e Ra\u00edzen (RAIZ4) cai ap\u00f3s an\u00fancio de &#8216;block trade&#8217;<\/h2><\/a><div class=\"newsContent__article__meta\"><div class=\"newsContent__article__meta__authorBox\"><a href=\"https:\/\/www.suno.com.br\/noticias\/author\/isabella-taglapietra\/\" class=\"authorBox__avatar noMobi\"><img src=\"https:\/\/files.sunoresearch.com.br\/n\/uploads\/2022\/08\/WhatsApp-Image-2022-08-04-at-12.40.27-150x150.jpeg\" alt=\"Isabella Taglapietra\"><\/a><div class=\"authorBox__name\"><span>por\n\t\t\t<a href=\"https:\/\/www.suno.com.br\/noticias\/author\/isabella-taglapietra\/\"><span itemprop=\"author\">Isabella Taglapietra<\/span><\/a><\/span><time datetime=\"2023-01-30T22:13:50-03:00\" itemprop=\"datePublished\">30\/01\/2023 22:13<\/time><\/div><\/div><\/div><\/div><\/div>","single_layout":"posts","amp_enabled":true,"_links":{"self":[{"href":"https:\/\/www.suno.com.br\/noticias\/wp-json\/wp\/v2\/posts\/355324"}],"collection":[{"href":"https:\/\/www.suno.com.br\/noticias\/wp-json\/wp\/v2\/posts"}],"about":[{"href":"https:\/\/www.suno.com.br\/noticias\/wp-json\/wp\/v2\/types\/post"}],"author":[{"embeddable":true,"href":"https:\/\/www.suno.com.br\/noticias\/wp-json\/wp\/v2\/users\/194"}],"replies":[{"embeddable":true,"href":"https:\/\/www.suno.com.br\/noticias\/wp-json\/wp\/v2\/comments?post=355324"}],"version-history":[{"count":2,"href":"https:\/\/www.suno.com.br\/noticias\/wp-json\/wp\/v2\/posts\/355324\/revisions"}],"predecessor-version":[{"id":355338,"href":"https:\/\/www.suno.com.br\/noticias\/wp-json\/wp\/v2\/posts\/355324\/revisions\/355338"}],"wp:featuredmedia":[{"embeddable":true,"href":"https:\/\/www.suno.com.br\/noticias\/wp-json\/wp\/v2\/media\/142876"}],"wp:attachment":[{"href":"https:\/\/www.suno.com.br\/noticias\/wp-json\/wp\/v2\/media?parent=355324"}],"wp:term":[{"taxonomy":"category","embeddable":true,"href":"https:\/\/www.suno.com.br\/noticias\/wp-json\/wp\/v2\/categories?post=355324"},{"taxonomy":"post_tag","embeddable":true,"href":"https:\/\/www.suno.com.br\/noticias\/wp-json\/wp\/v2\/tags?post=355324"},{"taxonomy":"suno_strategy","embeddable":true,"href":"https:\/\/www.suno.com.br\/noticias\/wp-json\/wp\/v2\/suno_strategy?post=355324"}],"curies":[{"name":"wp","href":"https:\/\/api.w.org\/{rel}","templated":true}]}}