{"id":35527,"date":"2019-08-27T19:59:25","date_gmt":"2019-08-27T22:59:25","guid":{"rendered":"https:\/\/www.suno.com.br\/noticias\/?p=35527"},"modified":"2019-08-27T19:59:25","modified_gmt":"2019-08-27T22:59:25","slug":"azul-acusada-assedio-pilotos-passaredo","status":"publish","type":"post","link":"https:\/\/www.suno.com.br\/noticias\/azul-acusada-assedio-pilotos-passaredo\/","title":{"rendered":"Azul \u00e9 acusada de ass\u00e9dio aos pilotos da Passaredo"},"content":{"rendered":"<p>Nesta ter\u00e7a-feira (27), a companhia a\u00e9rea regional, <strong>Passaredo,<\/strong> anunciou que recorrer\u00e1 ao <strong>Conselho Administrativo de Defesa Econ\u00f4mica (Cade)<\/strong> e \u00e0 <strong>Justi\u00e7a<\/strong> contra a Azul por um suposto ass\u00e9dio a sua equipe de pilotos e co-pilotos. A not\u00edcia foi divulgada pelo jornal &#8220;Estado de S. Paulo&#8221;.<\/p>\t<div class=\"wrapper-featured-image\">\n\t\t<figure class=\"spotlightImg\">\n\n\t\t\t<picture>\n\t\t\t\t<source media=\"(max-width: 768px)\" srcset=\"https:\/\/files.sunoresearch.com.br\/n\/uploads\/2019\/08\/7693077b-azul-400x200.webp\">\n\t\t\t\t<img loading=\"lazy\" decoding=\"async\" class=\"newsContent__article__imgCapa lazyloadDisabled newsContent__article__imgCapa--noCaption\" src=\"https:\/\/files.sunoresearch.com.br\/n\/uploads\/2019\/08\/7693077b-azul-800x450.webp\" width=\"800\" height=\"450\" alt=\"Azul \u00e9 acusada de ass\u00e9dio aos pilotos da Passaredo\" fetchpriority=high \/>\n\t\t\t<\/picture>\n\n\t\t\t<figcaption class=\"wp-caption-text wp-caption-text--hide\">Destaques de empresas<\/figcaption>\n\t\t<\/figure>\n\t<\/div>\n\n\n\n<p>Segundo a empresa, o departamento de recursos humanos da <strong>Azul<\/strong> tem insistido em entrar em contato com os pilotos da Passaredo e da MAP (a\u00e9rea regional que tamb\u00e9m \u00e9 da Passaredo) oferecendo vagas de emprego imediato para pilotar aeronaves a jato.<\/p>\n<p>Segundo o <strong>CEO da Passaredo, Eduardo Busch:<\/strong> \u201cExistem centenas de excelentes pilotos com experi\u00eancia em jatos no mercado, inclusive oriundos da opera\u00e7\u00e3o da Avianca. A Passaredo recebeu esses curr\u00edculos recentemente durante a sele\u00e7\u00e3o de pilotos que vem realizando. Se a <strong>Azul<\/strong> tivesse interesse exclusivo em contratar m\u00e3o de obra, seria natural aproveitar esses profissionais j\u00e1 experientes no equipamento a jato. Contudo, o que a <strong>Azul<\/strong> quer \u00e9 aliciar a m\u00e3o de obra da Passaredo para prejudicar a estrutura\u00e7\u00e3o das opera\u00e7\u00f5es em Congonhas\u201d, comunicou em nota ao jornal.<\/p>\n<p>&#8220;Agora, uma vez que n\u00e3o tiveram sucesso na press\u00e3o pol\u00edtica, querem prejudicar a Passaredo tentando sabotar as opera\u00e7\u00f5es da empresa&#8221;, salienta Busch.<\/p>\n<p><a href=\"https:\/\/www.suno.com.br\/noticias\/azul-tem-lucro-de-r-3455-milhoes-no-2o-trimestre-e-reverte-prejuizo\/\">Leia mais: Azul tem lucro de R$ 345,5 milh\u00f5es no 2\u00ba trimestre e reverte preju\u00edzo<\/a><\/p>\n<p>O presidente da Passaredo se queixa em rela\u00e7\u00e3o \u00e0 campanha feita pela Azul para que tanto a MAP quando a Passaredo fossem restritas a operar somente na pista auxiliar do Aeroporto de Congonhas, com a justificativa de que as aeronaves ATRs usadas por elas n\u00e3o possuem a velocidade m\u00ednima necess\u00e1ria para pousar na pista central.<\/p>\n<p>Uma parte da Passaredo enxergou tal discurso como uma press\u00e3o para que a Azul pudesse herdar todos os slots da Avianca Brasil no terminal, por conta da Gol e Latam n\u00e3o serem habilitadas a t\u00ea-los regras relacionadas \u00e0 concentra\u00e7\u00e3o de mercado.<\/p>\n<p>Houveram cr\u00edticas tamb\u00e9m sobre o fato da Anac ter elevado o n\u00famero de slots utilizados como crit\u00e9rio para definir uma empresa ingressante em Congonhas. A Anac elevou o n\u00famero de 5 para 54 slots, permitindo que a Azul se encaixasse no processo de redistribui\u00e7\u00e3o dos slots da Avianca Brasil.<\/p>\n\t<p>\n\t\t<a href=\"https:\/\/www.seculus.com.br\/blackfriday\" target=\"_blank\" data-element=\"shortcode-suno-banner\" title=\"Banner SUNO, clique e saiba mais\">\n\t\t\t<picture>\n\t\t\t\t<source media=\"(max-width: 500px)\" srcset=\"https:\/\/files.sunoresearch.com.br\/n\/uploads\/2023\/11\/seculus_suno_mobile_1.jpg\">\n\t\t\t\t<img class=\"newsContent__article__imgCapa newsContent__article__imgCapa--banner\"\n\t\t\t\t\tsrc=\"https:\/\/files.sunoresearch.com.br\/n\/uploads\/2023\/11\/seculus_suno_desktop_1.jpg\"\n\t\t\t\t\tdata-promo-id=\"474122\"\t\t\t\t\t\t\t\t\t\twidth='1420' height='240'\t\t\t\t\talt=\"https:\/\/files.sunoresearch.com.br\/n\/uploads\/2023\/11\/seculus_suno_desktop_1.jpg\"\n\t\t\t\t>\n\t\t\t<\/picture>\n\t\t<\/a>\n\t<\/p>\n\n\n<p>De acordo com a Passaredo, acima de 80% de seus pilotos foram contatados pela Azul nos \u00faltimos tr\u00eas dias.<\/p>\n<h2>Nota da Azul<\/h2>\n<p style=\"text-align: left;\">Em nota ao jornal &#8220;Estado de S. Paulo&#8221;, a <strong>Azul<\/strong> comunicou: \u201cSomente em 2019, a Azul deve incluir cerca de 30 novos avi\u00f5es, contratar mais de 2.000 novos tripulantes e ampliar em mais de 20% sua oferta de assentos. O recrutamento de novas pessoas \u00e9 feito com os recursos dispon\u00edveis no mercado brasileiro e, em alguns casos, os candidatos atuam em outras companhias do setor, como \u00e9 comum em qualquer ind\u00fastria\u201d.<\/p>\n","protected":false},"excerpt":{"rendered":"<p>Nesta ter\u00e7a-feira (27), a companhia a\u00e9rea regional, Passaredo, anunciou que recorrer\u00e1 ao Conselho Administrativo de Defesa Econ\u00f4mica (Cade) e \u00e0 Justi\u00e7a contra a Azul por um suposto ass\u00e9dio a sua equipe de pilotos e co-pilotos. A not\u00edcia foi divulgada pelo jornal &#8220;Estado de S. Paulo&#8221;. Destaques de empresas Segundo a empresa, o departamento de recursos [&hellip;]<\/p>\n","protected":false},"author":23,"featured_media":35528,"comment_status":"closed","ping_status":"closed","sticky":false,"template":"","format":"standard","meta":[],"categories":[64],"tags":[840,106932,1791],"suno_strategy":[],"class_list":["post-35527","post","type-post","status-publish","format-standard","has-post-thumbnail","hentry","category-negocios","tag-avianca","tag-azul-azul4","tag-passaredo"],"yoast_head":"<!-- This site is optimized with the Yoast SEO plugin v24.4 - https:\/\/yoast.com\/wordpress\/plugins\/seo\/ -->\n<title>Azul \u00e9 acusada de ass\u00e9dio aos pilotos da Passaredo<\/title>\n<meta name=\"description\" content=\"A Passaredo anunciou que recorrer\u00e1 ao Cade e \u00e0 Justi\u00e7a contra a Azul por um suposto ass\u00e9dio a seus pilotos e co-pilotos. Clique para mais.\" \/>\n<meta name=\"robots\" content=\"index, follow, max-snippet:-1, max-image-preview:large, max-video-preview:-1\" \/>\n<link rel=\"canonical\" href=\"https:\/\/www.suno.com.br\/noticias\/azul-acusada-assedio-pilotos-passaredo\/\" \/>\n<meta property=\"og:locale\" content=\"pt_BR\" \/>\n<meta property=\"og:type\" content=\"article\" \/>\n<meta property=\"og:title\" content=\"Azul \u00e9 acusada de ass\u00e9dio aos pilotos da Passaredo\" \/>\n<meta property=\"og:description\" content=\"A Passaredo anunciou que recorrer\u00e1 ao Cade e \u00e0 Justi\u00e7a contra a Azul por um suposto ass\u00e9dio a seus pilotos e co-pilotos. Clique para mais.\" \/>\n<meta property=\"og:url\" content=\"https:\/\/www.suno.com.br\/noticias\/azul-acusada-assedio-pilotos-passaredo\/\" \/>\n<meta property=\"og:site_name\" content=\"Suno Not\u00edcias\" \/>\n<meta property=\"article:publisher\" content=\"https:\/\/facebook.com\/sunoresearch\" \/>\n<meta property=\"og:image\" content=\"https:\/\/files.sunoresearch.com.br\/n\/uploads\/2019\/08\/7693077b-azul.jpg\" \/>\n\t<meta property=\"og:image:width\" content=\"984\" \/>\n\t<meta property=\"og:image:height\" content=\"654\" \/>\n\t<meta property=\"og:image:type\" content=\"image\/jpeg\" \/>\n<meta name=\"author\" content=\"Rafael Lara\" \/>\n<meta name=\"twitter:card\" content=\"summary_large_image\" \/>\n<meta name=\"twitter:creator\" content=\"@sunoresearch\" \/>\n<meta name=\"twitter:site\" content=\"@sunoresearch\" \/>\n<meta name=\"twitter:label1\" content=\"Escrito por\" \/>\n\t<meta name=\"twitter:data1\" content=\"Rafael Lara\" \/>\n\t<meta name=\"twitter:label2\" content=\"Est. tempo de leitura\" \/>\n\t<meta name=\"twitter:data2\" content=\"2 minutos\" \/>\n<script type=\"application\/ld+json\" class=\"yoast-schema-graph\">{\"@context\":\"https:\/\/schema.org\",\"@graph\":[{\"@type\":\"NewsArticle\",\"@id\":\"https:\/\/www.suno.com.br\/noticias\/azul-acusada-assedio-pilotos-passaredo\/#article\",\"isPartOf\":{\"@id\":\"https:\/\/www.suno.com.br\/noticias\/azul-acusada-assedio-pilotos-passaredo\/\"},\"author\":{\"name\":\"Rafael Lara\",\"@id\":\"https:\/\/www.suno.com.br\/noticias\/#\/schema\/person\/098743caeed97b37f51315c9576c4078\"},\"headline\":\"Azul \u00e9 acusada de ass\u00e9dio aos pilotos da Passaredo\",\"datePublished\":\"2019-08-27T22:59:25+00:00\",\"mainEntityOfPage\":{\"@id\":\"https:\/\/www.suno.com.br\/noticias\/azul-acusada-assedio-pilotos-passaredo\/\"},\"wordCount\":485,\"publisher\":{\"@id\":\"https:\/\/www.suno.com.br\/noticias\/#organization\"},\"image\":{\"@id\":\"https:\/\/www.suno.com.br\/noticias\/azul-acusada-assedio-pilotos-passaredo\/#primaryimage\"},\"thumbnailUrl\":\"https:\/\/files.sunoresearch.com.br\/n\/uploads\/2019\/08\/7693077b-azul-jpg.webp\",\"keywords\":[\"Avianca\",\"Azul (AZUL4)\",\"Passaredo\"],\"articleSection\":[\"Neg\u00f3cios\"],\"inLanguage\":\"pt-BR\"},{\"@type\":\"WebPage\",\"@id\":\"https:\/\/www.suno.com.br\/noticias\/azul-acusada-assedio-pilotos-passaredo\/\",\"url\":\"https:\/\/www.suno.com.br\/noticias\/azul-acusada-assedio-pilotos-passaredo\/\",\"name\":\"Azul \u00e9 acusada de ass\u00e9dio aos pilotos da Passaredo\",\"isPartOf\":{\"@id\":\"https:\/\/www.suno.com.br\/noticias\/#website\"},\"primaryImageOfPage\":{\"@id\":\"https:\/\/www.suno.com.br\/noticias\/azul-acusada-assedio-pilotos-passaredo\/#primaryimage\"},\"image\":{\"@id\":\"https:\/\/www.suno.com.br\/noticias\/azul-acusada-assedio-pilotos-passaredo\/#primaryimage\"},\"thumbnailUrl\":\"https:\/\/files.sunoresearch.com.br\/n\/uploads\/2019\/08\/7693077b-azul-jpg.webp\",\"datePublished\":\"2019-08-27T22:59:25+00:00\",\"description\":\"A Passaredo anunciou que recorrer\u00e1 ao Cade e \u00e0 Justi\u00e7a contra a Azul por um suposto ass\u00e9dio a seus pilotos e co-pilotos. Clique para mais.\",\"breadcrumb\":{\"@id\":\"https:\/\/www.suno.com.br\/noticias\/azul-acusada-assedio-pilotos-passaredo\/#breadcrumb\"},\"inLanguage\":\"pt-BR\",\"potentialAction\":[{\"@type\":\"ReadAction\",\"target\":[\"https:\/\/www.suno.com.br\/noticias\/azul-acusada-assedio-pilotos-passaredo\/\"]}]},{\"@type\":\"ImageObject\",\"inLanguage\":\"pt-BR\",\"@id\":\"https:\/\/www.suno.com.br\/noticias\/azul-acusada-assedio-pilotos-passaredo\/#primaryimage\",\"url\":\"https:\/\/files.sunoresearch.com.br\/n\/uploads\/2019\/08\/7693077b-azul-jpg.webp\",\"contentUrl\":\"https:\/\/files.sunoresearch.com.br\/n\/uploads\/2019\/08\/7693077b-azul-jpg.webp\",\"width\":984,\"height\":654,\"caption\":\"Destaques de empresas\"},{\"@type\":\"BreadcrumbList\",\"@id\":\"https:\/\/www.suno.com.br\/noticias\/azul-acusada-assedio-pilotos-passaredo\/#breadcrumb\",\"itemListElement\":[{\"@type\":\"ListItem\",\"position\":1,\"name\":\"Not\u00edcias\",\"item\":\"https:\/\/www.suno.com.br\/noticias\/\"},{\"@type\":\"ListItem\",\"position\":2,\"name\":\"Neg\u00f3cios\",\"item\":\"https:\/\/www.suno.com.br\/noticias\/negocios\/\"},{\"@type\":\"ListItem\",\"position\":3,\"name\":\"Azul \u00e9 acusada de ass\u00e9dio aos pilotos da Passaredo\"}]},{\"@type\":\"WebSite\",\"@id\":\"https:\/\/www.suno.com.br\/noticias\/#website\",\"url\":\"https:\/\/www.suno.com.br\/noticias\/\",\"name\":\"Suno Not\u00edcias\",\"description\":\"Seu portal de informa\u00e7\u00e3o sobre o mundo dos investimentos\",\"publisher\":{\"@id\":\"https:\/\/www.suno.com.br\/noticias\/#organization\"},\"potentialAction\":[{\"@type\":\"SearchAction\",\"target\":{\"@type\":\"EntryPoint\",\"urlTemplate\":\"https:\/\/www.suno.com.br\/noticias\/?s={search_term_string}\"},\"query-input\":{\"@type\":\"PropertyValueSpecification\",\"valueRequired\":true,\"valueName\":\"search_term_string\"}}],\"inLanguage\":\"pt-BR\"},{\"@type\":\"Organization\",\"@id\":\"https:\/\/www.suno.com.br\/noticias\/#organization\",\"name\":\"Suno Not\u00edcias\",\"url\":\"https:\/\/www.suno.com.br\/noticias\/\",\"logo\":{\"@type\":\"ImageObject\",\"inLanguage\":\"pt-BR\",\"@id\":\"https:\/\/www.suno.com.br\/noticias\/#\/schema\/logo\/image\/\",\"url\":\"https:\/\/files.sunoresearch.com.br\/n\/uploads\/2021\/09\/suno-logo.png\",\"contentUrl\":\"https:\/\/files.sunoresearch.com.br\/n\/uploads\/2021\/09\/suno-logo.png\",\"width\":180,\"height\":180,\"caption\":\"Suno Not\u00edcias\"},\"image\":{\"@id\":\"https:\/\/www.suno.com.br\/noticias\/#\/schema\/logo\/image\/\"},\"sameAs\":[\"https:\/\/facebook.com\/sunoresearch\",\"https:\/\/x.com\/sunoresearch\",\"https:\/\/www.instagram.com\/suno\",\"https:\/\/www.linkedin.com\/company\/suno-research\/\",\"https:\/\/www.youtube.com\/c\/sunoresearch\"]},{\"@type\":\"Person\",\"@id\":\"https:\/\/www.suno.com.br\/noticias\/#\/schema\/person\/098743caeed97b37f51315c9576c4078\",\"name\":\"Rafael Lara\",\"image\":{\"@type\":\"ImageObject\",\"inLanguage\":\"pt-BR\",\"@id\":\"https:\/\/www.suno.com.br\/noticias\/#\/schema\/person\/image\/\",\"url\":\"https:\/\/secure.gravatar.com\/avatar\/dfc254ab9bb2ea1895d98b9e9dae4bdd?s=96&r=g\",\"contentUrl\":\"https:\/\/secure.gravatar.com\/avatar\/dfc254ab9bb2ea1895d98b9e9dae4bdd?s=96&r=g\",\"caption\":\"Rafael Lara\"},\"description\":\"Rafael Lara cursa jornalismo na Faculdade C\u00e1sper L\u00edbero. Escreve sobre pol\u00edtica, economia e neg\u00f3cios para o portal Suno Not\u00edcias. Antes, colaborou na TV Gazeta na produ\u00e7\u00e3o do programa Edi\u00e7\u00e3o Extra.\",\"url\":\"https:\/\/www.suno.com.br\/noticias\/author\/rafael\/\"}]}<\/script>\n<!-- \/ Yoast SEO plugin. -->","yoast_head_json":{"title":"Azul \u00e9 acusada de ass\u00e9dio aos pilotos da Passaredo","description":"A Passaredo anunciou que recorrer\u00e1 ao Cade e \u00e0 Justi\u00e7a contra a Azul por um suposto ass\u00e9dio a seus pilotos e co-pilotos. Clique para mais.","robots":{"index":"index","follow":"follow","max-snippet":"max-snippet:-1","max-image-preview":"max-image-preview:large","max-video-preview":"max-video-preview:-1"},"canonical":"https:\/\/www.suno.com.br\/noticias\/azul-acusada-assedio-pilotos-passaredo\/","og_locale":"pt_BR","og_type":"article","og_title":"Azul \u00e9 acusada de ass\u00e9dio aos pilotos da Passaredo","og_description":"A Passaredo anunciou que recorrer\u00e1 ao Cade e \u00e0 Justi\u00e7a contra a Azul por um suposto ass\u00e9dio a seus pilotos e co-pilotos. Clique para mais.","og_url":"https:\/\/www.suno.com.br\/noticias\/azul-acusada-assedio-pilotos-passaredo\/","og_site_name":"Suno Not\u00edcias","article_publisher":"https:\/\/facebook.com\/sunoresearch","og_image":[{"width":984,"height":654,"url":"https:\/\/files.sunoresearch.com.br\/n\/uploads\/2019\/08\/7693077b-azul.jpg","type":"image\/jpeg"}],"author":"Rafael Lara","twitter_card":"summary_large_image","twitter_creator":"@sunoresearch","twitter_site":"@sunoresearch","twitter_misc":{"Escrito por":"Rafael Lara","Est. tempo de leitura":"2 minutos"},"schema":{"@context":"https:\/\/schema.org","@graph":[{"@type":"NewsArticle","@id":"https:\/\/www.suno.com.br\/noticias\/azul-acusada-assedio-pilotos-passaredo\/#article","isPartOf":{"@id":"https:\/\/www.suno.com.br\/noticias\/azul-acusada-assedio-pilotos-passaredo\/"},"author":{"name":"Rafael Lara","@id":"https:\/\/www.suno.com.br\/noticias\/#\/schema\/person\/098743caeed97b37f51315c9576c4078"},"headline":"Azul \u00e9 acusada de ass\u00e9dio aos pilotos da Passaredo","datePublished":"2019-08-27T22:59:25+00:00","mainEntityOfPage":{"@id":"https:\/\/www.suno.com.br\/noticias\/azul-acusada-assedio-pilotos-passaredo\/"},"wordCount":485,"publisher":{"@id":"https:\/\/www.suno.com.br\/noticias\/#organization"},"image":{"@id":"https:\/\/www.suno.com.br\/noticias\/azul-acusada-assedio-pilotos-passaredo\/#primaryimage"},"thumbnailUrl":"https:\/\/files.sunoresearch.com.br\/n\/uploads\/2019\/08\/7693077b-azul-jpg.webp","keywords":["Avianca","Azul (AZUL4)","Passaredo"],"articleSection":["Neg\u00f3cios"],"inLanguage":"pt-BR"},{"@type":"WebPage","@id":"https:\/\/www.suno.com.br\/noticias\/azul-acusada-assedio-pilotos-passaredo\/","url":"https:\/\/www.suno.com.br\/noticias\/azul-acusada-assedio-pilotos-passaredo\/","name":"Azul \u00e9 acusada de ass\u00e9dio aos pilotos da Passaredo","isPartOf":{"@id":"https:\/\/www.suno.com.br\/noticias\/#website"},"primaryImageOfPage":{"@id":"https:\/\/www.suno.com.br\/noticias\/azul-acusada-assedio-pilotos-passaredo\/#primaryimage"},"image":{"@id":"https:\/\/www.suno.com.br\/noticias\/azul-acusada-assedio-pilotos-passaredo\/#primaryimage"},"thumbnailUrl":"https:\/\/files.sunoresearch.com.br\/n\/uploads\/2019\/08\/7693077b-azul-jpg.webp","datePublished":"2019-08-27T22:59:25+00:00","description":"A Passaredo anunciou que recorrer\u00e1 ao Cade e \u00e0 Justi\u00e7a contra a Azul por um suposto ass\u00e9dio a seus pilotos e co-pilotos. Clique para mais.","breadcrumb":{"@id":"https:\/\/www.suno.com.br\/noticias\/azul-acusada-assedio-pilotos-passaredo\/#breadcrumb"},"inLanguage":"pt-BR","potentialAction":[{"@type":"ReadAction","target":["https:\/\/www.suno.com.br\/noticias\/azul-acusada-assedio-pilotos-passaredo\/"]}]},{"@type":"ImageObject","inLanguage":"pt-BR","@id":"https:\/\/www.suno.com.br\/noticias\/azul-acusada-assedio-pilotos-passaredo\/#primaryimage","url":"https:\/\/files.sunoresearch.com.br\/n\/uploads\/2019\/08\/7693077b-azul-jpg.webp","contentUrl":"https:\/\/files.sunoresearch.com.br\/n\/uploads\/2019\/08\/7693077b-azul-jpg.webp","width":984,"height":654,"caption":"Destaques de empresas"},{"@type":"BreadcrumbList","@id":"https:\/\/www.suno.com.br\/noticias\/azul-acusada-assedio-pilotos-passaredo\/#breadcrumb","itemListElement":[{"@type":"ListItem","position":1,"name":"Not\u00edcias","item":"https:\/\/www.suno.com.br\/noticias\/"},{"@type":"ListItem","position":2,"name":"Neg\u00f3cios","item":"https:\/\/www.suno.com.br\/noticias\/negocios\/"},{"@type":"ListItem","position":3,"name":"Azul \u00e9 acusada de ass\u00e9dio aos pilotos da Passaredo"}]},{"@type":"WebSite","@id":"https:\/\/www.suno.com.br\/noticias\/#website","url":"https:\/\/www.suno.com.br\/noticias\/","name":"Suno Not\u00edcias","description":"Seu portal de informa\u00e7\u00e3o sobre o mundo dos investimentos","publisher":{"@id":"https:\/\/www.suno.com.br\/noticias\/#organization"},"potentialAction":[{"@type":"SearchAction","target":{"@type":"EntryPoint","urlTemplate":"https:\/\/www.suno.com.br\/noticias\/?s={search_term_string}"},"query-input":{"@type":"PropertyValueSpecification","valueRequired":true,"valueName":"search_term_string"}}],"inLanguage":"pt-BR"},{"@type":"Organization","@id":"https:\/\/www.suno.com.br\/noticias\/#organization","name":"Suno Not\u00edcias","url":"https:\/\/www.suno.com.br\/noticias\/","logo":{"@type":"ImageObject","inLanguage":"pt-BR","@id":"https:\/\/www.suno.com.br\/noticias\/#\/schema\/logo\/image\/","url":"https:\/\/files.sunoresearch.com.br\/n\/uploads\/2021\/09\/suno-logo.png","contentUrl":"https:\/\/files.sunoresearch.com.br\/n\/uploads\/2021\/09\/suno-logo.png","width":180,"height":180,"caption":"Suno Not\u00edcias"},"image":{"@id":"https:\/\/www.suno.com.br\/noticias\/#\/schema\/logo\/image\/"},"sameAs":["https:\/\/facebook.com\/sunoresearch","https:\/\/x.com\/sunoresearch","https:\/\/www.instagram.com\/suno","https:\/\/www.linkedin.com\/company\/suno-research\/","https:\/\/www.youtube.com\/c\/sunoresearch"]},{"@type":"Person","@id":"https:\/\/www.suno.com.br\/noticias\/#\/schema\/person\/098743caeed97b37f51315c9576c4078","name":"Rafael Lara","image":{"@type":"ImageObject","inLanguage":"pt-BR","@id":"https:\/\/www.suno.com.br\/noticias\/#\/schema\/person\/image\/","url":"https:\/\/secure.gravatar.com\/avatar\/dfc254ab9bb2ea1895d98b9e9dae4bdd?s=96&r=g","contentUrl":"https:\/\/secure.gravatar.com\/avatar\/dfc254ab9bb2ea1895d98b9e9dae4bdd?s=96&r=g","caption":"Rafael Lara"},"description":"Rafael Lara cursa jornalismo na Faculdade C\u00e1sper L\u00edbero. Escreve sobre pol\u00edtica, economia e neg\u00f3cios para o portal Suno Not\u00edcias. Antes, colaborou na TV Gazeta na produ\u00e7\u00e3o do programa Edi\u00e7\u00e3o Extra.","url":"https:\/\/www.suno.com.br\/noticias\/author\/rafael\/"}]}},"default_loop_html":"<div class=\"cardsPage__listCard__boxs\"><div class=\"cardsPage__listCard__boxs__img\"><a href=\"https:\/\/www.suno.com.br\/noticias\/azul-acusada-assedio-pilotos-passaredo\/\"><img class=\"mask\" src=\"https:\/\/www.suno.com.br\/noticias\/wp-content\/themes\/suno\/resources\/images\/spotlight\/spotlight1img\/bg-mask.png\" alt=\"Image Mask\"\/><img src=\"https:\/\/files.sunoresearch.com.br\/n\/uploads\/2019\/08\/7693077b-azul-400x200.webp\" alt=\"Azul \u00e9 acusada de ass\u00e9dio aos pilotos da Passaredo\"\/><\/a><span class=\"spotlightCategory\"><a href=\"https:\/\/www.suno.com.br\/noticias\/negocios\/\">Neg\u00f3cios<\/a><\/span><\/div><div class=\"cardsPage__listCard__boxs__content\"><a href=\"https:\/\/www.suno.com.br\/noticias\/azul-acusada-assedio-pilotos-passaredo\/\"><h2 class=\"content__title\">Azul \u00e9 acusada de ass\u00e9dio aos pilotos da Passaredo<\/h2><\/a><div class=\"newsContent__article__meta\"><div class=\"newsContent__article__meta__authorBox\"><a href=\"https:\/\/www.suno.com.br\/noticias\/author\/rafael\/\" class=\"authorBox__avatar noMobi\"><img src=\"https:\/\/secure.gravatar.com\/avatar\/dfc254ab9bb2ea1895d98b9e9dae4bdd?s=96&#038;r=g\" alt=\"Rafael Lara\"><\/a><div class=\"authorBox__name\"><span>por\n\t\t\t<a href=\"https:\/\/www.suno.com.br\/noticias\/author\/rafael\/\"><span itemprop=\"author\">Rafael Lara<\/span><\/a><\/span><time datetime=\"2019-08-27T19:59:25-03:00\" itemprop=\"datePublished\">27\/08\/2019 19:59<\/time><\/div><\/div><\/div><\/div><\/div>","single_layout":"posts","amp_enabled":true,"_links":{"self":[{"href":"https:\/\/www.suno.com.br\/noticias\/wp-json\/wp\/v2\/posts\/35527"}],"collection":[{"href":"https:\/\/www.suno.com.br\/noticias\/wp-json\/wp\/v2\/posts"}],"about":[{"href":"https:\/\/www.suno.com.br\/noticias\/wp-json\/wp\/v2\/types\/post"}],"author":[{"embeddable":true,"href":"https:\/\/www.suno.com.br\/noticias\/wp-json\/wp\/v2\/users\/23"}],"replies":[{"embeddable":true,"href":"https:\/\/www.suno.com.br\/noticias\/wp-json\/wp\/v2\/comments?post=35527"}],"version-history":[{"count":0,"href":"https:\/\/www.suno.com.br\/noticias\/wp-json\/wp\/v2\/posts\/35527\/revisions"}],"wp:featuredmedia":[{"embeddable":true,"href":"https:\/\/www.suno.com.br\/noticias\/wp-json\/wp\/v2\/media\/35528"}],"wp:attachment":[{"href":"https:\/\/www.suno.com.br\/noticias\/wp-json\/wp\/v2\/media?parent=35527"}],"wp:term":[{"taxonomy":"category","embeddable":true,"href":"https:\/\/www.suno.com.br\/noticias\/wp-json\/wp\/v2\/categories?post=35527"},{"taxonomy":"post_tag","embeddable":true,"href":"https:\/\/www.suno.com.br\/noticias\/wp-json\/wp\/v2\/tags?post=35527"},{"taxonomy":"suno_strategy","embeddable":true,"href":"https:\/\/www.suno.com.br\/noticias\/wp-json\/wp\/v2\/suno_strategy?post=35527"}],"curies":[{"name":"wp","href":"https:\/\/api.w.org\/{rel}","templated":true}]}}