{"id":35520,"date":"2019-08-27T19:28:41","date_gmt":"2019-08-27T22:28:41","guid":{"rendered":"https:\/\/www.suno.com.br\/noticias\/?p=35520"},"modified":"2019-08-27T19:28:41","modified_gmt":"2019-08-27T22:28:41","slug":"revlon-iniciar-processo-venda-setembro","status":"publish","type":"post","link":"https:\/\/www.suno.com.br\/noticias\/revlon-iniciar-processo-venda-setembro\/","title":{"rendered":"Revlon pode iniciar processo formal de venda em setembro"},"content":{"rendered":"<p>A empresa de <strong>cosm\u00e9ticos<\/strong> norte-americana Revlon pretende iniciar um processo formal de <strong>venda<\/strong> em setembro deste ano. As informa\u00e7\u00f5es foram divulgadas pela ag\u00eancia Bloomberg nesta ter\u00e7a-feira (27).<\/p>\t<div class=\"wrapper-featured-image\">\n\t\t<figure class=\"spotlightImg\">\n\n\t\t\t<picture>\n\t\t\t\t<source media=\"(max-width: 768px)\" srcset=\"https:\/\/files.sunoresearch.com.br\/n\/uploads\/2019\/08\/dca27609-revlon-400x200.webp\">\n\t\t\t\t<img loading=\"lazy\" decoding=\"async\" class=\"newsContent__article__imgCapa lazyloadDisabled newsContent__article__imgCapa--noCaption\" src=\"https:\/\/files.sunoresearch.com.br\/n\/uploads\/2019\/08\/dca27609-revlon-800x450.webp\" width=\"800\" height=\"450\" alt=\"Revlon pode iniciar processo formal de venda em setembro\" fetchpriority=high \/>\n\t\t\t<\/picture>\n\n\t\t\t<figcaption class=\"wp-caption-text wp-caption-text--hide\"><\/figcaption>\n\t\t<\/figure>\n\t<\/div>\n\n\n<p>Segundo a Bloomberg, a venda da <strong>Revlon<\/strong> ser\u00e1 iniciada ap\u00f3s o feriado do Dia do Trabalho, nos Estados Unidos. A data comemorativa est\u00e1 prevista para o dia 2 de setembro, pr\u00f3xima segunda-feira.<\/p>\n\n<p>A companhia procura um comprador que possa reorganizar a estrutura sem que seja necess\u00e1rio fechar o <strong>capital<\/strong>.<\/p>\n<p>Conforme divulgado pela ag\u00eancia de not\u00edcias, as fontes confidenciais que falaram sobre o assunto informaram que a venda pode ser da empresa inteira ou somente de suas principais marcas. Dessa forma, a companhia de cosm\u00e9ticos n\u00e3o deve ceder suas marcas menores para uma nova organiza\u00e7\u00e3o.<\/p>\n<p>Atualmente, a holding MacAndrews &amp; Forbes, que det\u00e9m a maior parte da empresa, n\u00e3o quer que o capital seja fechado. Isso ocorre pois o capital aberto da empresa pode atrair interessados n\u00e3o somente do setor de beleza.<\/p>\n<p><a href=\"https:\/\/www.suno.com.br\/noticias\/natura-lider-vendas-cosmeticos\/\">Leia tamb\u00e9m: Natura ser\u00e1 l\u00edder na venda direta de cosm\u00e9ticos ap\u00f3s comprar Avon<\/a><\/p>\n<p>O banco de investimentos <strong>Goldman<\/strong>\u00a0<strong>Sachs<\/strong> deve ser respons\u00e1vel por dirigir as negocia\u00e7\u00f5es com os potenciais compradores.<\/p>\n<h2>A <strong>Revlon<\/strong><\/h2>\n<p>A Revlon \u00e9 uma antiga empresa de cosm\u00e9ticos estadunidense. Fundada em 1932, os produtos da empresa s\u00e3o comercializados em mais de 150 pa\u00edses.<\/p>\n<p>A venda da empresa pode ser uma forma de conter a queda na venda em meio a um cen\u00e1rio de concorr\u00eancia. As principais rivais da companhia s\u00e3o a L&#8217;Or\u00e9al e a Est\u00e9e Lauder.<\/p>\n<p>No segundo trimestre deste ano, a Revlon obteve US$ 570,2 milh\u00f5es por meio das vendas l\u00edquidas. O valor \u00e9 3,3% menor em compara\u00e7\u00e3o ao mesmo per\u00edodo do ano passado. Ao comentar o resultado, a presidente da empresa, Debra Perelman, falou sobre o plano de otimiza\u00e7\u00e3o.<\/p>\n\t<p>\n\t\t<a href=\"https:\/\/lp.suno.com.br\/minicurso-contabilidade\/\" target=\"_blank\" data-element=\"shortcode-suno-banner\" title=\"Banner SUNO, clique e saiba mais\">\n\t\t\t<picture>\n\t\t\t\t<source media=\"(max-width: 500px)\" srcset=\"https:\/\/files.sunoresearch.com.br\/n\/uploads\/2023\/03\/400x300-Minicurso-Contabilidade.png\">\n\t\t\t\t<img class=\"newsContent__article__imgCapa newsContent__article__imgCapa--banner\"\n\t\t\t\t\tsrc=\"https:\/\/files.sunoresearch.com.br\/n\/uploads\/2023\/03\/1420x240-Minicurso-Contabilidade.png\"\n\t\t\t\t\tdata-promo-id=\"383158\"\t\t\t\t\t\t\t\t\t\twidth='1420' height='240'\t\t\t\t\talt=\"https:\/\/files.sunoresearch.com.br\/n\/uploads\/2023\/03\/1420x240-Minicurso-Contabilidade.png\"\n\t\t\t\t>\n\t\t\t<\/picture>\n\t\t<\/a>\n\t<\/p>\n\n\n<p>&#8220;Estamos focados em nosso programa de otimiza\u00e7\u00e3o que est\u00e1 no caminho certo para proporcionar redu\u00e7\u00f5es significativas nos custos, al\u00e9m de continuarmos crescendo em nossas principais \u00e1reas estrat\u00e9gicas de investimento, como China e expans\u00e3o de com\u00e9rcio eletr\u00f4nico&#8221;, afirmou Perelman.<\/p>\n<p>Entre as 15 marcas da companhia de cosm\u00e9ticos est\u00e3o as famosas Elizabeth Arden e Elizabeth Taylor. Um dos intuitos da <strong>Revlon<\/strong> \u00e9 capitalizar o setor de beleza no mundo inteiro, por meio da ajuda de celebridades como Kylie Jenner e Lady Gaga.<\/p>\n","protected":false},"excerpt":{"rendered":"<p>A empresa de cosm\u00e9ticos norte-americana Revlon pretende iniciar um processo formal de venda em setembro deste ano. As informa\u00e7\u00f5es foram divulgadas pela ag\u00eancia Bloomberg nesta ter\u00e7a-feira (27). Segundo a Bloomberg, a venda da Revlon ser\u00e1 iniciada ap\u00f3s o feriado do Dia do Trabalho, nos Estados Unidos. A data comemorativa est\u00e1 prevista para o dia 2 [&hellip;]<\/p>\n","protected":false},"author":18,"featured_media":35524,"comment_status":"closed","ping_status":"closed","sticky":false,"template":"","format":"standard","meta":[],"categories":[64],"tags":[775],"suno_strategy":[],"class_list":["post-35520","post","type-post","status-publish","format-standard","has-post-thumbnail","hentry","category-negocios","tag-goldman-sachs-gsgi34"],"yoast_head":"<!-- This site is optimized with the Yoast SEO plugin v24.4 - https:\/\/yoast.com\/wordpress\/plugins\/seo\/ -->\n<title>Revlon pode iniciar processo formal de venda em setembro<\/title>\n<meta name=\"description\" content=\"A empresa de cosm\u00e9ticos norte-americana Revlon pretende iniciar um processo formal de venda em setembro deste ano. Clique para saber mais.\" \/>\n<meta name=\"robots\" content=\"index, follow, max-snippet:-1, max-image-preview:large, max-video-preview:-1\" \/>\n<link rel=\"canonical\" href=\"https:\/\/www.suno.com.br\/noticias\/revlon-iniciar-processo-venda-setembro\/\" \/>\n<meta property=\"og:locale\" content=\"pt_BR\" \/>\n<meta property=\"og:type\" content=\"article\" \/>\n<meta property=\"og:title\" content=\"Revlon pode iniciar processo formal de venda em setembro\" \/>\n<meta property=\"og:description\" content=\"A empresa de cosm\u00e9ticos norte-americana Revlon pretende iniciar um processo formal de venda em setembro deste ano. Clique para saber mais.\" \/>\n<meta property=\"og:url\" content=\"https:\/\/www.suno.com.br\/noticias\/revlon-iniciar-processo-venda-setembro\/\" \/>\n<meta property=\"og:site_name\" content=\"Suno Not\u00edcias\" \/>\n<meta property=\"article:publisher\" content=\"https:\/\/facebook.com\/sunoresearch\" \/>\n<meta property=\"og:image\" content=\"https:\/\/files.sunoresearch.com.br\/n\/uploads\/2019\/08\/dca27609-revlon.jpg\" \/>\n\t<meta property=\"og:image:width\" content=\"800\" \/>\n\t<meta property=\"og:image:height\" content=\"533\" \/>\n\t<meta property=\"og:image:type\" content=\"image\/jpeg\" \/>\n<meta name=\"author\" content=\"Giovanna Oliveira\" \/>\n<meta name=\"twitter:card\" content=\"summary_large_image\" \/>\n<meta name=\"twitter:creator\" content=\"@sunoresearch\" \/>\n<meta name=\"twitter:site\" content=\"@sunoresearch\" \/>\n<meta name=\"twitter:label1\" content=\"Escrito por\" \/>\n\t<meta name=\"twitter:data1\" content=\"Giovanna Oliveira\" \/>\n\t<meta name=\"twitter:label2\" content=\"Est. tempo de leitura\" \/>\n\t<meta name=\"twitter:data2\" content=\"2 minutos\" \/>\n<script type=\"application\/ld+json\" class=\"yoast-schema-graph\">{\"@context\":\"https:\/\/schema.org\",\"@graph\":[{\"@type\":\"NewsArticle\",\"@id\":\"https:\/\/www.suno.com.br\/noticias\/revlon-iniciar-processo-venda-setembro\/#article\",\"isPartOf\":{\"@id\":\"https:\/\/www.suno.com.br\/noticias\/revlon-iniciar-processo-venda-setembro\/\"},\"author\":{\"name\":\"Giovanna Oliveira\",\"@id\":\"https:\/\/www.suno.com.br\/noticias\/#\/schema\/person\/4e19e3d2575736e5283d58eb3199d120\"},\"headline\":\"Revlon pode iniciar processo formal de venda em setembro\",\"datePublished\":\"2019-08-27T22:28:41+00:00\",\"mainEntityOfPage\":{\"@id\":\"https:\/\/www.suno.com.br\/noticias\/revlon-iniciar-processo-venda-setembro\/\"},\"wordCount\":419,\"publisher\":{\"@id\":\"https:\/\/www.suno.com.br\/noticias\/#organization\"},\"image\":{\"@id\":\"https:\/\/www.suno.com.br\/noticias\/revlon-iniciar-processo-venda-setembro\/#primaryimage\"},\"thumbnailUrl\":\"https:\/\/files.sunoresearch.com.br\/n\/uploads\/2019\/08\/dca27609-revlon-jpg.webp\",\"keywords\":[\"Goldman Sachs (GSGI34)\"],\"articleSection\":[\"Neg\u00f3cios\"],\"inLanguage\":\"pt-BR\"},{\"@type\":\"WebPage\",\"@id\":\"https:\/\/www.suno.com.br\/noticias\/revlon-iniciar-processo-venda-setembro\/\",\"url\":\"https:\/\/www.suno.com.br\/noticias\/revlon-iniciar-processo-venda-setembro\/\",\"name\":\"Revlon pode iniciar processo formal de venda em setembro\",\"isPartOf\":{\"@id\":\"https:\/\/www.suno.com.br\/noticias\/#website\"},\"primaryImageOfPage\":{\"@id\":\"https:\/\/www.suno.com.br\/noticias\/revlon-iniciar-processo-venda-setembro\/#primaryimage\"},\"image\":{\"@id\":\"https:\/\/www.suno.com.br\/noticias\/revlon-iniciar-processo-venda-setembro\/#primaryimage\"},\"thumbnailUrl\":\"https:\/\/files.sunoresearch.com.br\/n\/uploads\/2019\/08\/dca27609-revlon-jpg.webp\",\"datePublished\":\"2019-08-27T22:28:41+00:00\",\"description\":\"A empresa de cosm\u00e9ticos norte-americana Revlon pretende iniciar um processo formal de venda em setembro deste ano. Clique para saber mais.\",\"breadcrumb\":{\"@id\":\"https:\/\/www.suno.com.br\/noticias\/revlon-iniciar-processo-venda-setembro\/#breadcrumb\"},\"inLanguage\":\"pt-BR\",\"potentialAction\":[{\"@type\":\"ReadAction\",\"target\":[\"https:\/\/www.suno.com.br\/noticias\/revlon-iniciar-processo-venda-setembro\/\"]}]},{\"@type\":\"ImageObject\",\"inLanguage\":\"pt-BR\",\"@id\":\"https:\/\/www.suno.com.br\/noticias\/revlon-iniciar-processo-venda-setembro\/#primaryimage\",\"url\":\"https:\/\/files.sunoresearch.com.br\/n\/uploads\/2019\/08\/dca27609-revlon-jpg.webp\",\"contentUrl\":\"https:\/\/files.sunoresearch.com.br\/n\/uploads\/2019\/08\/dca27609-revlon-jpg.webp\",\"width\":800,\"height\":533,\"caption\":\"Revlon pode iniciar processo formal de venda em setembro\"},{\"@type\":\"BreadcrumbList\",\"@id\":\"https:\/\/www.suno.com.br\/noticias\/revlon-iniciar-processo-venda-setembro\/#breadcrumb\",\"itemListElement\":[{\"@type\":\"ListItem\",\"position\":1,\"name\":\"Not\u00edcias\",\"item\":\"https:\/\/www.suno.com.br\/noticias\/\"},{\"@type\":\"ListItem\",\"position\":2,\"name\":\"Neg\u00f3cios\",\"item\":\"https:\/\/www.suno.com.br\/noticias\/negocios\/\"},{\"@type\":\"ListItem\",\"position\":3,\"name\":\"Revlon pode iniciar processo formal de venda em setembro\"}]},{\"@type\":\"WebSite\",\"@id\":\"https:\/\/www.suno.com.br\/noticias\/#website\",\"url\":\"https:\/\/www.suno.com.br\/noticias\/\",\"name\":\"Suno Not\u00edcias\",\"description\":\"Seu portal de informa\u00e7\u00e3o sobre o mundo dos investimentos\",\"publisher\":{\"@id\":\"https:\/\/www.suno.com.br\/noticias\/#organization\"},\"potentialAction\":[{\"@type\":\"SearchAction\",\"target\":{\"@type\":\"EntryPoint\",\"urlTemplate\":\"https:\/\/www.suno.com.br\/noticias\/?s={search_term_string}\"},\"query-input\":{\"@type\":\"PropertyValueSpecification\",\"valueRequired\":true,\"valueName\":\"search_term_string\"}}],\"inLanguage\":\"pt-BR\"},{\"@type\":\"Organization\",\"@id\":\"https:\/\/www.suno.com.br\/noticias\/#organization\",\"name\":\"Suno Not\u00edcias\",\"url\":\"https:\/\/www.suno.com.br\/noticias\/\",\"logo\":{\"@type\":\"ImageObject\",\"inLanguage\":\"pt-BR\",\"@id\":\"https:\/\/www.suno.com.br\/noticias\/#\/schema\/logo\/image\/\",\"url\":\"https:\/\/files.sunoresearch.com.br\/n\/uploads\/2021\/09\/suno-logo.png\",\"contentUrl\":\"https:\/\/files.sunoresearch.com.br\/n\/uploads\/2021\/09\/suno-logo.png\",\"width\":180,\"height\":180,\"caption\":\"Suno Not\u00edcias\"},\"image\":{\"@id\":\"https:\/\/www.suno.com.br\/noticias\/#\/schema\/logo\/image\/\"},\"sameAs\":[\"https:\/\/facebook.com\/sunoresearch\",\"https:\/\/x.com\/sunoresearch\",\"https:\/\/www.instagram.com\/suno\",\"https:\/\/www.linkedin.com\/company\/suno-research\/\",\"https:\/\/www.youtube.com\/c\/sunoresearch\"]},{\"@type\":\"Person\",\"@id\":\"https:\/\/www.suno.com.br\/noticias\/#\/schema\/person\/4e19e3d2575736e5283d58eb3199d120\",\"name\":\"Giovanna Oliveira\",\"image\":{\"@type\":\"ImageObject\",\"inLanguage\":\"pt-BR\",\"@id\":\"https:\/\/www.suno.com.br\/noticias\/#\/schema\/person\/image\/\",\"url\":\"https:\/\/secure.gravatar.com\/avatar\/9a37b3ae208962ac568992d0ffdbc2eb?s=96&r=g\",\"contentUrl\":\"https:\/\/secure.gravatar.com\/avatar\/9a37b3ae208962ac568992d0ffdbc2eb?s=96&r=g\",\"caption\":\"Giovanna Oliveira\"},\"description\":\"Giovanna Oliveira escreve sobre economia e pol\u00edtica. Foi rep\u00f3rter do portal de jornalismo da ESPM-SP e produziu conte\u00fado para a Corinthians TV. \u00c9 estudante da ESPM.\",\"url\":\"https:\/\/www.suno.com.br\/noticias\/author\/giovanna\/\"}]}<\/script>\n<!-- \/ Yoast SEO plugin. -->","yoast_head_json":{"title":"Revlon pode iniciar processo formal de venda em setembro","description":"A empresa de cosm\u00e9ticos norte-americana Revlon pretende iniciar um processo formal de venda em setembro deste ano. Clique para saber mais.","robots":{"index":"index","follow":"follow","max-snippet":"max-snippet:-1","max-image-preview":"max-image-preview:large","max-video-preview":"max-video-preview:-1"},"canonical":"https:\/\/www.suno.com.br\/noticias\/revlon-iniciar-processo-venda-setembro\/","og_locale":"pt_BR","og_type":"article","og_title":"Revlon pode iniciar processo formal de venda em setembro","og_description":"A empresa de cosm\u00e9ticos norte-americana Revlon pretende iniciar um processo formal de venda em setembro deste ano. Clique para saber mais.","og_url":"https:\/\/www.suno.com.br\/noticias\/revlon-iniciar-processo-venda-setembro\/","og_site_name":"Suno Not\u00edcias","article_publisher":"https:\/\/facebook.com\/sunoresearch","og_image":[{"width":800,"height":533,"url":"https:\/\/files.sunoresearch.com.br\/n\/uploads\/2019\/08\/dca27609-revlon.jpg","type":"image\/jpeg"}],"author":"Giovanna Oliveira","twitter_card":"summary_large_image","twitter_creator":"@sunoresearch","twitter_site":"@sunoresearch","twitter_misc":{"Escrito por":"Giovanna Oliveira","Est. tempo de leitura":"2 minutos"},"schema":{"@context":"https:\/\/schema.org","@graph":[{"@type":"NewsArticle","@id":"https:\/\/www.suno.com.br\/noticias\/revlon-iniciar-processo-venda-setembro\/#article","isPartOf":{"@id":"https:\/\/www.suno.com.br\/noticias\/revlon-iniciar-processo-venda-setembro\/"},"author":{"name":"Giovanna Oliveira","@id":"https:\/\/www.suno.com.br\/noticias\/#\/schema\/person\/4e19e3d2575736e5283d58eb3199d120"},"headline":"Revlon pode iniciar processo formal de venda em setembro","datePublished":"2019-08-27T22:28:41+00:00","mainEntityOfPage":{"@id":"https:\/\/www.suno.com.br\/noticias\/revlon-iniciar-processo-venda-setembro\/"},"wordCount":419,"publisher":{"@id":"https:\/\/www.suno.com.br\/noticias\/#organization"},"image":{"@id":"https:\/\/www.suno.com.br\/noticias\/revlon-iniciar-processo-venda-setembro\/#primaryimage"},"thumbnailUrl":"https:\/\/files.sunoresearch.com.br\/n\/uploads\/2019\/08\/dca27609-revlon-jpg.webp","keywords":["Goldman Sachs (GSGI34)"],"articleSection":["Neg\u00f3cios"],"inLanguage":"pt-BR"},{"@type":"WebPage","@id":"https:\/\/www.suno.com.br\/noticias\/revlon-iniciar-processo-venda-setembro\/","url":"https:\/\/www.suno.com.br\/noticias\/revlon-iniciar-processo-venda-setembro\/","name":"Revlon pode iniciar processo formal de venda em setembro","isPartOf":{"@id":"https:\/\/www.suno.com.br\/noticias\/#website"},"primaryImageOfPage":{"@id":"https:\/\/www.suno.com.br\/noticias\/revlon-iniciar-processo-venda-setembro\/#primaryimage"},"image":{"@id":"https:\/\/www.suno.com.br\/noticias\/revlon-iniciar-processo-venda-setembro\/#primaryimage"},"thumbnailUrl":"https:\/\/files.sunoresearch.com.br\/n\/uploads\/2019\/08\/dca27609-revlon-jpg.webp","datePublished":"2019-08-27T22:28:41+00:00","description":"A empresa de cosm\u00e9ticos norte-americana Revlon pretende iniciar um processo formal de venda em setembro deste ano. Clique para saber mais.","breadcrumb":{"@id":"https:\/\/www.suno.com.br\/noticias\/revlon-iniciar-processo-venda-setembro\/#breadcrumb"},"inLanguage":"pt-BR","potentialAction":[{"@type":"ReadAction","target":["https:\/\/www.suno.com.br\/noticias\/revlon-iniciar-processo-venda-setembro\/"]}]},{"@type":"ImageObject","inLanguage":"pt-BR","@id":"https:\/\/www.suno.com.br\/noticias\/revlon-iniciar-processo-venda-setembro\/#primaryimage","url":"https:\/\/files.sunoresearch.com.br\/n\/uploads\/2019\/08\/dca27609-revlon-jpg.webp","contentUrl":"https:\/\/files.sunoresearch.com.br\/n\/uploads\/2019\/08\/dca27609-revlon-jpg.webp","width":800,"height":533,"caption":"Revlon pode iniciar processo formal de venda em setembro"},{"@type":"BreadcrumbList","@id":"https:\/\/www.suno.com.br\/noticias\/revlon-iniciar-processo-venda-setembro\/#breadcrumb","itemListElement":[{"@type":"ListItem","position":1,"name":"Not\u00edcias","item":"https:\/\/www.suno.com.br\/noticias\/"},{"@type":"ListItem","position":2,"name":"Neg\u00f3cios","item":"https:\/\/www.suno.com.br\/noticias\/negocios\/"},{"@type":"ListItem","position":3,"name":"Revlon pode iniciar processo formal de venda em setembro"}]},{"@type":"WebSite","@id":"https:\/\/www.suno.com.br\/noticias\/#website","url":"https:\/\/www.suno.com.br\/noticias\/","name":"Suno Not\u00edcias","description":"Seu portal de informa\u00e7\u00e3o sobre o mundo dos investimentos","publisher":{"@id":"https:\/\/www.suno.com.br\/noticias\/#organization"},"potentialAction":[{"@type":"SearchAction","target":{"@type":"EntryPoint","urlTemplate":"https:\/\/www.suno.com.br\/noticias\/?s={search_term_string}"},"query-input":{"@type":"PropertyValueSpecification","valueRequired":true,"valueName":"search_term_string"}}],"inLanguage":"pt-BR"},{"@type":"Organization","@id":"https:\/\/www.suno.com.br\/noticias\/#organization","name":"Suno Not\u00edcias","url":"https:\/\/www.suno.com.br\/noticias\/","logo":{"@type":"ImageObject","inLanguage":"pt-BR","@id":"https:\/\/www.suno.com.br\/noticias\/#\/schema\/logo\/image\/","url":"https:\/\/files.sunoresearch.com.br\/n\/uploads\/2021\/09\/suno-logo.png","contentUrl":"https:\/\/files.sunoresearch.com.br\/n\/uploads\/2021\/09\/suno-logo.png","width":180,"height":180,"caption":"Suno Not\u00edcias"},"image":{"@id":"https:\/\/www.suno.com.br\/noticias\/#\/schema\/logo\/image\/"},"sameAs":["https:\/\/facebook.com\/sunoresearch","https:\/\/x.com\/sunoresearch","https:\/\/www.instagram.com\/suno","https:\/\/www.linkedin.com\/company\/suno-research\/","https:\/\/www.youtube.com\/c\/sunoresearch"]},{"@type":"Person","@id":"https:\/\/www.suno.com.br\/noticias\/#\/schema\/person\/4e19e3d2575736e5283d58eb3199d120","name":"Giovanna Oliveira","image":{"@type":"ImageObject","inLanguage":"pt-BR","@id":"https:\/\/www.suno.com.br\/noticias\/#\/schema\/person\/image\/","url":"https:\/\/secure.gravatar.com\/avatar\/9a37b3ae208962ac568992d0ffdbc2eb?s=96&r=g","contentUrl":"https:\/\/secure.gravatar.com\/avatar\/9a37b3ae208962ac568992d0ffdbc2eb?s=96&r=g","caption":"Giovanna Oliveira"},"description":"Giovanna Oliveira escreve sobre economia e pol\u00edtica. Foi rep\u00f3rter do portal de jornalismo da ESPM-SP e produziu conte\u00fado para a Corinthians TV. \u00c9 estudante da ESPM.","url":"https:\/\/www.suno.com.br\/noticias\/author\/giovanna\/"}]}},"default_loop_html":"<div class=\"cardsPage__listCard__boxs\"><div class=\"cardsPage__listCard__boxs__img\"><a href=\"https:\/\/www.suno.com.br\/noticias\/revlon-iniciar-processo-venda-setembro\/\"><img class=\"mask\" src=\"https:\/\/www.suno.com.br\/noticias\/wp-content\/themes\/suno\/resources\/images\/spotlight\/spotlight1img\/bg-mask.png\" alt=\"Image Mask\"\/><img src=\"https:\/\/files.sunoresearch.com.br\/n\/uploads\/2019\/08\/dca27609-revlon-400x200.webp\" alt=\"Revlon pode iniciar processo formal de venda em setembro\"\/><\/a><span class=\"spotlightCategory\"><a href=\"https:\/\/www.suno.com.br\/noticias\/negocios\/\">Neg\u00f3cios<\/a><\/span><\/div><div class=\"cardsPage__listCard__boxs__content\"><a href=\"https:\/\/www.suno.com.br\/noticias\/revlon-iniciar-processo-venda-setembro\/\"><h2 class=\"content__title\">Revlon pode iniciar processo formal de venda em setembro<\/h2><\/a><div class=\"newsContent__article__meta\"><div class=\"newsContent__article__meta__authorBox\"><a href=\"https:\/\/www.suno.com.br\/noticias\/author\/giovanna\/\" class=\"authorBox__avatar noMobi\"><img src=\"https:\/\/files.sunoresearch.com.br\/n\/uploads\/2019\/06\/952a89ca-screenshot_20190608-171507-150x150.webp\" alt=\"Giovanna Oliveira\"><\/a><div class=\"authorBox__name\"><span>por\n\t\t\t<a href=\"https:\/\/www.suno.com.br\/noticias\/author\/giovanna\/\"><span itemprop=\"author\">Giovanna Oliveira<\/span><\/a><\/span><time datetime=\"2019-08-27T19:28:41-03:00\" itemprop=\"datePublished\">27\/08\/2019 19:28<\/time><\/div><\/div><\/div><\/div><\/div>","single_layout":"posts","amp_enabled":true,"_links":{"self":[{"href":"https:\/\/www.suno.com.br\/noticias\/wp-json\/wp\/v2\/posts\/35520"}],"collection":[{"href":"https:\/\/www.suno.com.br\/noticias\/wp-json\/wp\/v2\/posts"}],"about":[{"href":"https:\/\/www.suno.com.br\/noticias\/wp-json\/wp\/v2\/types\/post"}],"author":[{"embeddable":true,"href":"https:\/\/www.suno.com.br\/noticias\/wp-json\/wp\/v2\/users\/18"}],"replies":[{"embeddable":true,"href":"https:\/\/www.suno.com.br\/noticias\/wp-json\/wp\/v2\/comments?post=35520"}],"version-history":[{"count":0,"href":"https:\/\/www.suno.com.br\/noticias\/wp-json\/wp\/v2\/posts\/35520\/revisions"}],"wp:featuredmedia":[{"embeddable":true,"href":"https:\/\/www.suno.com.br\/noticias\/wp-json\/wp\/v2\/media\/35524"}],"wp:attachment":[{"href":"https:\/\/www.suno.com.br\/noticias\/wp-json\/wp\/v2\/media?parent=35520"}],"wp:term":[{"taxonomy":"category","embeddable":true,"href":"https:\/\/www.suno.com.br\/noticias\/wp-json\/wp\/v2\/categories?post=35520"},{"taxonomy":"post_tag","embeddable":true,"href":"https:\/\/www.suno.com.br\/noticias\/wp-json\/wp\/v2\/tags?post=35520"},{"taxonomy":"suno_strategy","embeddable":true,"href":"https:\/\/www.suno.com.br\/noticias\/wp-json\/wp\/v2\/suno_strategy?post=35520"}],"curies":[{"name":"wp","href":"https:\/\/api.w.org\/{rel}","templated":true}]}}