{"id":355054,"date":"2023-01-30T18:31:25","date_gmt":"2023-01-30T21:31:25","guid":{"rendered":"https:\/\/www.suno.com.br\/noticias\/?p=355054"},"modified":"2023-01-31T12:09:15","modified_gmt":"2023-01-31T15:09:15","slug":"ibovespa-hoje-fechamento-30012023","status":"publish","type":"post","link":"https:\/\/www.suno.com.br\/noticias\/ibovespa-hoje-fechamento-30012023\/","title":{"rendered":"Ibovespa cede 0,04% e fecha aos 112 mil pontos; CVC (CVCB3), Ra\u00edzen (RAIZ4) e Cielo (CIEL3) puxam quedas"},"content":{"rendered":"<p>O&nbsp;<strong>Ibovespa<\/strong>&nbsp;encerrou o preg\u00e3o desta segunda-feira (30) em leve baixa de 0,04%, aos 112.273,01 pontos, ap\u00f3s oscilar entre 111.823,63 e 112.920,30.<\/p><div class=\"videoFull \">\n\t\t\t<div class=\"videoWrapper yt-lazyload center\"\n\t\t\t\tdata-width=\"960\"\n\t\t\t\tdata-height=\"540\"\n\t\t\t\tdata-id=\"GcIPSiwcOBY\"\n\t\t\t\tdata-alt=\"V\u00eddeo do YouTube - clique para reproduzir\"\n\t\t\t\tdata-logo=\"3\"\n\t\t\t\tdata-imagequality=\"maxres\">\n\t\t\t<\/div>\n\t\t<\/div><script type=\"application\/ld+json\">{\"@context\":\"https:\/\/schema.org\",\"@type\":\"VideoObject\",\"name\":\"MERCADO TENSO NA 'SEMANA DOS JUROS' | Tesouro lan\u00e7a RendA+ com foco em aposentadoria | AMER3 dispara\",\"description\":\"\ud83d\udd0e \ud83d\udcca[\ud835\uddf2\ud835\uddd5\ud835\uddfc\ud835\uddfc\ud835\uddf8 \ud835\uddda\ud835\udde5\ud835\uddd4\ud835\udde7\ud835\udde8\ud835\udddc\ud835\udde7\ud835\udde2] \ud835\uddd4\ud835\uddfd\ud835\uddff\ud835\uddf2\ud835\uddfb\ud835\uddf1\ud835\uddee \ud835\uddf0\ud835\uddfc\ud835\uddfa\ud835\uddfc \ud835\uddee\ud835\uddfb\ud835\uddee\ud835\uddf9\ud835\uddf6\ud835\ude00\ud835\uddee\ud835\uddff \ud835\ude02\ud835\uddfa\ud835\uddee \ud835\uddee\u00e7\u00e3\ud835\uddfc\u200b \ud83d\udc47 https:\/\/lp.suno.com.br\/ebook-como-analisar-uma-acao\/?utm_source=youtube.noticias&utm_medium=live&utm_campaign=ebookcomoanalisarumaacao.20230130&utm_content=ytnoticias.live19h.30012023 O Ibovespa encerrou o preg\u00e3o desta segunda-feira (30) em leve baixa de 0,04%, aos 112.273,01 pontos, ap\u00f3s oscilar entre 111.823,63 e 112.920,30. Hoje o Ibovespa operou em volatilidade, com perdas e ganhos ao longo do dia. No preg\u00e3o desta segunda-feira, as blue chips tiveram destaque\u2026\",\"duration\":\"PT37M20S\",\"embedUrl\":\"https:\/\/www.youtube.com\/embed\/GcIPSiwcOBY\",\"regionsAllowed\":\"pt-BR\",\"interactionStatistic\":{\"@type\":\"InteractionCounter\",\"interactionType\":{\"@type\":\"WatchAction\"},\"userInteractionCount\":3203},\"thumbnailUrl\":\"https:\/\/i.ytimg.com\/vi\/GcIPSiwcOBY\/default.jpg\",\"uploadDate\":\"2023-01-30T22:45:58Z\"}<\/script>\n\n\n\n\n\t<p>\n\t\t<a href=\"\" target=\"_blank\" data-element=\"shortcode-suno-banner\" title=\"Banner SUNO, clique e saiba mais\">\n\t\t\t<picture>\n\t\t\t\t<source media=\"(max-width: 500px)\" srcset=\"\">\n\t\t\t\t<img class=\"newsContent__article__imgCapa newsContent__article__imgCapa--banner\"\n\t\t\t\t\tsrc=\"\"\n\t\t\t\t\tdata-promo-id=\"89005\"\t\t\t\t\t\t\t\t\t\t\t\t\t\t\talt=\"\"\n\t\t\t\t>\n\t\t\t<\/picture>\n\t\t<\/a>\n\t<\/p>\n\n\n\n\n\n<p>Hoje o Ibovespa operou em volatilidade, com perdas e ganhos ao longo do dia. No preg\u00e3o desta segunda-feira, as <a class=\"suno-keyword\" data-force=\"no\" data-priority=\"1\" href=\"https:\/\/www.suno.com.br\/artigos\/acoes-blue-chips\/\" target=\"_blank\" rel=\"noopener\">blue chips<\/a> tiveram destaque nas pontas positiva e negativa. A <a class=\"suno-keyword\" data-force=\"yes\" data-priority=\"2\" href=\"https:\/\/www.suno.com.br\/acoes\/VALE3\/\" target=\"_blank\" rel=\"noopener\">Vale (VALE3)<\/a>, apesar da alta do min\u00e9rio de ferro, recuou 0,36%. <\/p>\n\n\n\n<p>Por outro lado, os ativos preferenciais e ordin\u00e1rios da Petrobras (PETR4;PETR3) avan\u00e7aram 0,51% e 0,31%, respectivamente, mesmo com a fala do novo presidente, Jean Paul Prates, de que a pol\u00edtica de pre\u00e7os de combust\u00edveis \u00e9, sim, assunto do governo e <a href=\"https:\/\/www.suno.com.br\/noticias\/web-stories\/petrobras-petr4-fundo-gasolina\/\">defendeu um &#8216;fundo de estabiliza\u00e7\u00e3o\u2019<\/a>. <\/p>\n\n\n\n<p>&#8220;Esse movimento de alta \u00e9 decorrente tamb\u00e9m de um ajuste de mercado, j\u00e1 que as \u00faltimas sess\u00f5es foram de forte queda, ent\u00e3o hoje estamos vendo um movimento natural de corre\u00e7\u00e3o&#8221;, explica Idean Alves, educador financeiro, s\u00f3cio e chefe da <a class=\"suno-keyword\" target=\"_blank\" data-force=\"no\" data-priority=\"1\" href=\"https:\/\/www.suno.com.br\/artigos\/mesa-de-operacoes\/\" rel=\"noopener\">mesa de opera\u00e7\u00f5es<\/a> da A\u00e7\u00e3o Brasil.<\/p>\n\n\n\n<p>Ainda sobre os <strong>ganhos do Ibov hoje<\/strong>, destaque para a&nbsp;<a href=\"https:\/\/www.suno.com.br\/acoes\/ARZZ3\/\" target=\"_blank\" rel=\"noreferrer noopener\"><strong>Arezzo&nbsp;<\/strong>(ARZZ3<\/a>) e a <a href=\"https:\/\/www.suno.com.br\/acoes\/NTCO3\/\" target=\"_blank\" rel=\"noreferrer noopener\">Natura (NTCO3)<\/a>, que lideraram o preg\u00e3o com altas de 6,36% e 5,49%, respectivamente. Inclusive, a Natura foi impactada positivamente com a not\u00edcias de que pode vender a sua fatia na Aesop para a LVMH ou para a L\u2019Oreal.<\/p>\n\n\n\n<p>J\u00e1 em rela\u00e7\u00e3o \u00e0s <strong>baixas do Ibovespa hoje<\/strong>, as maiores foram da <a class=\"suno-keyword\" data-force=\"yes\" data-priority=\"2\" href=\"https:\/\/www.suno.com.br\/acoes\/CVCB3\/\" target=\"_blank\" rel=\"noopener\">CVC (CVCB3)<\/a>, que recuou -14,40% &#8211; tamb\u00e9m como consequ\u00eancia da decis\u00e3o da companhia em desistir da compra da startup Oner Travel -, e da <a class=\"suno-keyword\" data-force=\"yes\" data-priority=\"1\" href=\"https:\/\/www.suno.com.br\/acoes\/raiz4\/\" target=\"_blank\" rel=\"noopener\">Ra\u00edzen (RAIZ4)<\/a>, que perdeu -4,97% ap\u00f3s anunciar <a class=\"suno-keyword\" data-force=\"no\" data-priority=\"1\" href=\"https:\/\/www.suno.com.br\/artigos\/block-trade\/\" target=\"_blank\" rel=\"noopener\">block trade<\/a> para a pr\u00f3xima quarta-feira (1\u00ba\/02). Outras das maiores perdas foram da <a class=\"suno-keyword\" data-force=\"yes\" data-priority=\"2\" href=\"https:\/\/www.suno.com.br\/acoes\/CIEL3\/\" target=\"_blank\" rel=\"noopener\">Cielo (CIEL3)<\/a>, em -4,78%, da <a class=\"suno-keyword\" data-force=\"yes\" data-priority=\"2\" href=\"https:\/\/www.suno.com.br\/acoes\/MGLU3\/\" target=\"_blank\" rel=\"noopener\">Magazine Luiza (MGLU3)<\/a>, em -3,75%, e da <a class=\"suno-keyword\" data-force=\"yes\" data-priority=\"2\" href=\"https:\/\/www.suno.com.br\/acoes\/BRFS3\/\" target=\"_blank\" rel=\"noopener\">BRF (BRFS3)<\/a>, em -3,79%.<\/p>\n\n\n\n<p>&#8220;O<strong> preg\u00e3o de hoje<\/strong> sinaliza um dia de pouco apetite por risco nos mercados, com os investidores mais ressabiados, e preferindo &#8220;garantir o ganho&#8221; n\u00e3o s\u00f3 no Brasil, mas nos EUA tamb\u00e9m \u2014 o que na pr\u00e1tica significa menor for\u00e7a compradora. E se a demanda \u00e9 baixa e o pre\u00e7o literalmente n\u00e3o, e os neg\u00f3cios n\u00e3o ocorrem&#8221;, frisa Alves.<\/p>\n\n\n\n<p>No <strong>fechamento do Ibovespa<\/strong> de hoje os ativos banc\u00e1rios fecharam com ganhos ap\u00f3s uma sess\u00e3o majoritariamente ruim. O&nbsp;<a href=\"https:\/\/www.suno.com.br\/acoes\/BPAC11\/\" target=\"_blank\" rel=\"noreferrer noopener\">BTG Pactual (BPAC11)<\/a> avan\u00e7ou 0,14%,&nbsp;o <a href=\"https:\/\/www.suno.com.br\/acoes\/BBDC4\/\" target=\"_blank\" rel=\"noreferrer noopener\">Bradesco (BBDC4)<\/a> ganhou 0,51%, o&nbsp;<a href=\"https:\/\/www.suno.com.br\/acoes\/ITUB4\/\" target=\"_blank\" rel=\"noreferrer noopener\">Ita\u00fa Unibanco (ITUB4)<\/a> teve leve alta de 0,04%, enquanto o <a href=\"https:\/\/www.suno.com.br\/acoes\/BBAS3\/\" target=\"_blank\" rel=\"noreferrer noopener\">Banco do Brasil (BBAS3)<\/a>&nbsp;cresceu 1,57%. Na contram\u00e3o dos ganhos, o <a href=\"https:\/\/www.suno.com.br\/acoes\/SANB11\/\" target=\"_blank\" rel=\"noreferrer noopener\">Santander (SANB11)<\/a>&nbsp;fechou com queda de 0,46%.<\/p>\n\n\n\n<p>&#8220;O mercado est\u00e1 ainda bem preocupado de que Americanas respingue nos balan\u00e7os dos bancos&#8221;, diz Gabriel Meira, s\u00f3cio da Valor Investimentos. A temporada de balan\u00e7os de bancos brasileiros come\u00e7a na pr\u00f3xima quinta-feira, pelos n\u00fameros do Santander.<\/p>\n\n\n\n<h2 class=\"wp-block-heading\">Commodities mistas<\/h2>\n\n\n\n<p>Os contratos futuros do petr\u00f3leo fecharam em baixa na sess\u00e3o de hoje (30). Isso porque houve press\u00f5es tanto pela valoriza\u00e7\u00e3o do d\u00f3lar quanto com investidores cautelosos no aguardo da decis\u00e3o de juros dos bancos centrais das principais economias.<\/p>\n\n\n\n<p>Assim, na <a class=\"suno-keyword\" target=\"_blank\" data-force=\"no\" data-priority=\"1\" href=\"https:\/\/www.suno.com.br\/artigos\/nymex\/\" rel=\"noopener\">New York Mercantile Exchange (Nymex)<\/a>, o <a class=\"suno-keyword\" target=\"_blank\" data-force=\"no\" data-priority=\"1\" href=\"https:\/\/www.suno.com.br\/artigos\/wti\/\" rel=\"noopener\">petr\u00f3leo WTI<\/a> para mar\u00e7o de 2023 fechou em queda de 2,23% (US$ 1,78), a US$ 77,90 o barril. No mesmo compasso, o Brent para abril, negociado na Intercontinental Exchange (ICE), fechou em queda de 2,20% (US$ 1,90), a US$ 84,50 o barril.<\/p>\n\n\n\n<p>Para Edward Moya, da Oanda, os pre\u00e7os de petr\u00f3leo est\u00e3o caindo \u00e0 medida que os riscos para as perspectivas globais se tornam maiores. <\/p>\n\n\n\n<p>&#8220;A economia da China n\u00e3o est\u00e1 se recuperando, os temores de recess\u00e3o global est\u00e3o voltando depois que a infla\u00e7\u00e3o subiu inesperadamente na Espanha e os investidores permanecem cautelosos antes de uma semana movimentada de decis\u00f5es do banco central e temporada de pico de ganhos,&#8221; afirma.<\/p>\n\n\n\n<p>Por outro lado, as cota\u00e7\u00f5es do min\u00e9rio de ferro na China subiram no retorno do feriado do Ano Novo Lunar. Em Dalian, o min\u00e9rio de ferro avan\u00e7ou 1,98%, sedo cotado ao equivalente a US$ 129,35.<\/p>\n\n\n\t<p>\n\t\t<a href=\"https:\/\/lp.suno.com.br\/planilha-controle-gastos\/\" target=\"_blank\" data-element=\"shortcode-suno-banner\" title=\"Banner SUNO, clique e saiba mais\">\n\t\t\t<picture>\n\t\t\t\t<source media=\"(max-width: 500px)\" srcset=\"https:\/\/files.sunoresearch.com.br\/n\/uploads\/2023\/03\/400x300-Planilha-controle-de-gastos.png\">\n\t\t\t\t<img class=\"newsContent__article__imgCapa newsContent__article__imgCapa--banner\"\n\t\t\t\t\tsrc=\"https:\/\/files.sunoresearch.com.br\/n\/uploads\/2023\/03\/1420x240-Planilha-controle-de-gastos.png\"\n\t\t\t\t\tdata-promo-id=\"101751\"\t\t\t\t\t\t\t\t\t\twidth='1420' height='240'\t\t\t\t\talt=\"https:\/\/files.sunoresearch.com.br\/n\/uploads\/2023\/03\/1420x240-Planilha-controle-de-gastos.png\"\n\t\t\t\t>\n\t\t\t<\/picture>\n\t\t<\/a>\n\t<\/p>\n\n\n\n\n\n<h2 class=\"wp-block-heading\">D\u00f3lar em alta e bolsas de NY caem<\/h2>\n\n\n\n<p>Nesta segunda-feira o&nbsp;<a href=\"https:\/\/www.suno.com.br\/artigos\/indice-dow-jones-djia\/\" target=\"_blank\" rel=\"noreferrer noopener\">Dow Jones<\/a>&nbsp;caiu 0,77%, a S&amp;P perdeu 1,29% e a Nasdaq recuou 1,96%. Por outro lado, o&nbsp;<strong>d\u00f3lar&nbsp;<\/strong>\u00e0 vista fechou em em alta de 0,06%, a R$ 5,1150, ap\u00f3s oscilar entre R$ 5,0842 e R$ 5,1341. <\/p>\n\n\n\n<p>O <strong>preg\u00e3o de hoje<\/strong> foi marcado pela intensa liquida\u00e7\u00e3o de a\u00e7\u00f5es do setor de tecnologia. Com a agenda relativamente esvaziada, investidores mantiveram a cautela em rela\u00e7\u00e3o ao pulso da economia global, enquanto aguardavam a decis\u00e3o do Federal Reserve (Fed) na pr\u00f3xima quarta-feira.<\/p>\n\n\n\n<p>A lista das perdas mais relevantes da sess\u00e3o incluiu Apple (-2,01%), Alphabet (-2,45%), Amazon (-1,65%) e Meta (-3,08%), que divulgam balan\u00e7os do quarto trimestre ao longo da semana. Em outros setores, a Johnson &amp; Johnson caiu 3,70%, ap\u00f3s a Justi\u00e7a americana negar uma peti\u00e7\u00e3o da empresa para declarar a fal\u00eancia de uma de suas subsidi\u00e1rias.<\/p>\n\n\n\n<p>&#8220;O mercado teve algumas semanas de voo. Mas, \u00e0 medida que nos aproximamos da reuni\u00e3o do Fed, a cautela \u00e9 algo que certamente vai se infiltrar&#8221;, avalia a estrategista-chefe global da Principal Asset Management, Seema Shah.<\/p>\n\n\n\n<p>A expectativa majorit\u00e1ria \u00e9 por um aumento de 25 pontos-base nos juros do Fed, que representaria uma redu\u00e7\u00e3o no ritmo de aperto monet\u00e1rio, ap\u00f3s a alta de 50 pontos-base em dezembro.<\/p>\n\n\n\n<h2 class=\"wp-block-heading\">Bolsas europeias fecham em baixa<\/h2>\n\n\n\n<p>Os mercados acion\u00e1rios europeus fecharam a maioria em baixa nesta segunda-feira (30). O preg\u00e3o de hoje foi marcado por dados da <a class=\"suno-keyword\" target=\"_blank\" data-force=\"no\" data-priority=\"1\" href=\"https:\/\/www.suno.com.br\/artigos\/zona-do-euro\/\" rel=\"noopener\">zona do euro<\/a> acima de expectativas e com uma queda inesperada do Produto Interno Bruto (PIB) da Alemanha. <\/p>\n\n\n\n<p>Al\u00e9m disso, os investidores se mantiveram cautelosos no aguardo da pr\u00f3xima decis\u00e3o de juros do <a class=\"suno-keyword\" target=\"_blank\" data-force=\"no\" data-priority=\"1\" href=\"https:\/\/www.suno.com.br\/artigos\/bce\/\" rel=\"noopener\">Banco Central Europeu (BCE)<\/a>, do Banco da Inglaterra (BoE) e do Federal Reserve (Fed).<\/p>\n\n\n\n<p>Desta forma, veja como ficou o fechamento das bolsas europeias hoje:<\/p>\n\n\n\n<ul class=\"wp-block-list\">\n<li>Frankfurt (DAX): -0,16%<\/li>\n\n\n\n<li>Lisboa (PSI 20): -1,02%<\/li>\n\n\n\n<li>Londres (<a href=\"https:\/\/www.suno.com.br\/artigos\/ftse-100\/\" target=\"_blank\" rel=\"noreferrer noopener\">FTSE 100<\/a>): +0,25%<\/li>\n\n\n\n<li>Madri (IBEX 35): -0,04%<\/li>\n\n\n\n<li>Mil\u00e3o (<a href=\"https:\/\/www.suno.com.br\/artigos\/ftse-mib\/\" target=\"_blank\" rel=\"noreferrer noopener\">FTSE MIB<\/a>): -0,38%<\/li>\n\n\n\n<li>Moscou (MOEX): +0,69<\/li>\n\n\n\n<li>Paris (<a href=\"https:\/\/www.suno.com.br\/artigos\/cac-40\/\" target=\"_blank\" rel=\"noreferrer noopener\">CAC 40<\/a>): -0,21%<\/li>\n<\/ul>\n\n\n\n<p>Entre os destaques das a\u00e7\u00f5es, est\u00e3o os pap\u00e9is da Philips que subiram mais de 7% na Bolsa de Amsterd\u00e3 ap\u00f3s a empresa de tecnologia da sa\u00fade anunciar que <a href=\"https:\/\/www.suno.com.br\/noticias\/philips-phgn34-demissao-6-mil-empregados\/\" target=\"_blank\" rel=\"noreferrer noopener\">ir\u00e1 cortar 6 mil empregos at\u00e9 2025<\/a>. <\/p>\n\n\n\n<p>A CMC Markets destaca as aten\u00e7\u00f5es para os pap\u00e9is da Sainsburys, que operou em alta de mais de 3,5%, no topo da Bolsa de Londres, com rumores de que a empresa poder\u00e1 est\u00e1 procurando fazer uma aquisi\u00e7\u00e3o importante. O Commerzbank, por sua vez, subiu quase 1%, ap\u00f3s indicar ter tido Ebtida positivo em 2022.<\/p>\n\n\n\t<p>\n\t\t<a href=\"https:\/\/lp.suno.com.br\/planilha-da-vida-financeira\/\" target=\"_blank\" data-element=\"shortcode-suno-banner\" title=\"Banner SUNO, clique e saiba mais\">\n\t\t\t<picture>\n\t\t\t\t<source media=\"(max-width: 500px)\" srcset=\"https:\/\/files.sunoresearch.com.br\/n\/uploads\/2023\/04\/400x300-Planilha-vida-financeira-true.png\">\n\t\t\t\t<img class=\"newsContent__article__imgCapa newsContent__article__imgCapa--banner\"\n\t\t\t\t\tsrc=\"https:\/\/files.sunoresearch.com.br\/n\/uploads\/2023\/04\/1420x240-Planilha-vida-financeira-true.png\"\n\t\t\t\t\tdata-promo-id=\"106682\"\t\t\t\t\t\t\t\t\t\twidth='1420' height='240'\t\t\t\t\talt=\"https:\/\/files.sunoresearch.com.br\/n\/uploads\/2023\/04\/1420x240-Planilha-vida-financeira-true.png\"\n\t\t\t\t>\n\t\t\t<\/picture>\n\t\t<\/a>\n\t<\/p>\n\n\n\n\n\n<h2 class=\"wp-block-heading\" id=\"h-noticias-que-movimentaram-a-bolsa-de-valores-hoje\">Not\u00edcias que movimentaram a Bolsa de Valores hoje<\/h2>\n\n\n\n<ul class=\"wp-block-list\">\n<li>Boletim Focus: Mercado Financeiro eleva proje\u00e7\u00f5es de infla\u00e7\u00e3o<\/li>\n\n\n\n<li>Natura pode vender fatia da Aesop para LVMH ou L\u2019Oreal<\/li>\n\n\n\n<li>Novo presidente da Petrobras defende &#8216;fundo de estabiliza\u00e7\u00e3o\u2019<\/li>\n<\/ul>\n\n\n\n<h2 class=\"wp-block-heading\">Boletim Focus: Mercado Financeiro eleva proje\u00e7\u00f5es de infla\u00e7\u00e3o<\/h2>\n\n\n\n<p>O&nbsp;<a href=\"https:\/\/www.suno.com.br\/artigos\/boletim-focus\/\" target=\"_blank\" rel=\"noreferrer noopener\"><strong>Boletim Focus<\/strong><\/a>&nbsp;divulgado&nbsp;<a href=\"https:\/\/www.bcb.gov.br\/content\/focus\/focus\/R20230127.pdf\" target=\"_blank\" rel=\"noreferrer noopener\">nesta segunda-feira (30)<\/a>, mostra pela s\u00e9tima vez proje\u00e7\u00f5es mais elevadas para o&nbsp;<a href=\"https:\/\/www.suno.com.br\/artigos\/ipca\/\" target=\"_blank\" rel=\"noreferrer noopener\">\u00cdndice Nacional de Pre\u00e7os ao Consumidor Amplo (IPCA)<\/a>&nbsp;para este ano.<\/p>\n\n\n\n<p>A estimativa do&nbsp;<strong>mercado financeiro<\/strong>&nbsp;\u00e9 que a infla\u00e7\u00e3o termine 2023 em 5,74% e o ano de 2024 em 3,90%, aumentando em conjunto as duas proje\u00e7\u00f5es do Boletim Focus.<\/p>\n\n\n\n<p>Na semana anterior, as&nbsp;<strong>proje\u00e7\u00f5es de IPCA do Boletim Focus<\/strong>&nbsp;estimavam uma infla\u00e7\u00e3o de 5,48% para este ano. J\u00e1 h\u00e1 quatro semanas, as proje\u00e7\u00f5es eram de 5,31%. Al\u00e9m disso, as proje\u00e7\u00f5es para 2024 eram de 3,84% na divulga\u00e7\u00e3o anterior.<\/p>\n\n\n\n<p>As proje\u00e7\u00f5es da Selic para 2023 ficam em 12,50%, tal como na semana anterior. A estimativa fica abaixo dos 13,75% da taxa atual, ap\u00f3s a manuten\u00e7\u00e3o feita pelo&nbsp;<a href=\"https:\/\/www.suno.com.br\/artigos\/copom\/\" target=\"_blank\" rel=\"noreferrer noopener\">Comit\u00ea de Pol\u00edtica Monet\u00e1ria (Copom)<\/a>&nbsp;em dezembro.<\/p>\n\n\n\n<p>Vale lembrar que o comit\u00ea se re\u00fane nesta semana, na quarta-feira (1\u00ba).<\/p>\n\n\n\n<h2 class=\"wp-block-heading\">Natura pode vender fatia da Aesop para LVMH ou L\u2019Oreal<\/h2>\n\n\n\n<p>A&nbsp;<strong>Natura<\/strong>&nbsp;&amp; Co pode vender a sua fatia na Aesop para a LVMH, maior grupo de luxo do mundo, ou para a L\u2019Oreal, a gigante francesa de cuidados com a pele. De acordo com informa\u00e7\u00f5es divulgadas nesta segunda (30), o neg\u00f3cio pode avaliar a marca em ao menos US$ 2 bilh\u00f5es.<\/p>\n\n\n\n<p>Segundo fontes da Bloomberg News, o grupo de beleza japon\u00eas Shiseido tamb\u00e9m estuda uma poss\u00edvel oferta para a&nbsp;<strong>marca de luxo<\/strong>&nbsp;da fabricante brasileira de cosm\u00e9ticos.<\/p>\n\n\n\n<p>Os estudos para a realiza\u00e7\u00e3o da oferta de compra da&nbsp;<strong>Aesop<\/strong>&nbsp;est\u00e3o em andamento, mas ainda n\u00e3o h\u00e1 certeza de que as propostas ser\u00e3o feitas. LVMH, L\u2019Oreal e Shisheido n\u00e3o quiseram comentar o caso \u00e0 Bloomberg. <\/p>\n\n\n\n<p>O Suno Not\u00edcias questionou a Natura, mas n\u00e3o obteve retorno at\u00e9 a atualiza\u00e7\u00e3o da reportagem.<\/p>\n\n\n\n<h2 class=\"wp-block-heading\">Novo presidente da Petrobras defende &#8216;fundo de estabiliza\u00e7\u00e3o\u2019<\/h2>\n\n\n\n<p>O novo presidente da&nbsp;<a href=\"https:\/\/www.suno.com.br\/acoes\/PETR4\/\" target=\"_blank\" rel=\"noreferrer noopener\"><strong>Petrobras<\/strong><\/a>&nbsp;\u2013 que j\u00e1 est\u00e1 no cargo interinamente \u2013&nbsp;<a href=\"https:\/\/www.suno.com.br\/noticias\/prates-petrobras-petr4-avaliacao-analistas\/\" target=\"_blank\" rel=\"noreferrer noopener\">Jean Paul Prates<\/a>&nbsp;deve insistir na cria\u00e7\u00e3o de um fundo para tentar frear uma eventual alta no pre\u00e7o dos combust\u00edveis nas bombas.<\/p>\n\n\n\n<p>Al\u00e9m disso, o&nbsp;<strong>fundo de estabiliza\u00e7\u00e3o da Petrobras<\/strong>&nbsp;deve ser utilizado para reduzir a volatilidade no pre\u00e7o do g\u00e1s de cozinha e do g\u00e1s natural.<\/p>\n\n\n\n<p><strong>Prates<\/strong>, que era&nbsp;<strong><a href=\"https:\/\/www.suno.com.br\/noticias\/web-stories\/petrobras-petr4-presidente-senador\/\" target=\"_blank\" rel=\"noreferrer noopener\">senador<\/a><\/strong>&nbsp;do PT pelo Rio Grande do Norte, foi justamente o relator do projeto legislativo sobre o fundo aprovado no Senado ainda no in\u00edcio de 2022. O&nbsp;<strong>projeto<\/strong>, contudo, deve voltar \u00e0 pauta para discuss\u00e3o na C\u00e2mara somente em meados de fevereiro.<\/p>\n\n\n\n<p>Segundo analistas do UBS-BB, se o Brasil tivesse adotado um fundo an\u00e1logo entre 2015 e 2021, teria um d\u00e9ficit de US$ 42 bilh\u00f5es. Eles levam em considera\u00e7\u00e3o o caso da\u00a0<a href=\"https:\/\/www.suno.com.br\/noticias\/web-stories\/ifood-deixara-colombia-app-delivery\/\" target=\"_blank\" rel=\"noreferrer noopener\">Col\u00f4mbia<\/a>, que tomou medidas semelhantes.<\/p>\n\n\n\n<p>O montante de d\u00e9ficit pode subir para um m\u00e1ximo de US$ 175 bilh\u00f5es se considerado um fundo de estabiliza\u00e7\u00e3o que contemple de 2023 a 2027.<\/p>\n\n\n\t<p>\n\t\t<a href=\"https:\/\/lp.suno.com.br\/ebook-como-analisar-uma-acao\/\" target=\"_blank\" data-element=\"shortcode-suno-banner\" title=\"Banner SUNO, clique e saiba mais\">\n\t\t\t<picture>\n\t\t\t\t<source media=\"(max-width: 500px)\" srcset=\"https:\/\/files.sunoresearch.com.br\/n\/uploads\/2023\/03\/Ebook-Acoes-Mobile-1.jpg\">\n\t\t\t\t<img class=\"newsContent__article__imgCapa newsContent__article__imgCapa--banner\"\n\t\t\t\t\tsrc=\"https:\/\/files.sunoresearch.com.br\/n\/uploads\/2023\/03\/Ebook-Acoes-Desktop-1.jpg\"\n\t\t\t\t\tdata-promo-id=\"171998\"\t\t\t\t\t\t\t\t\t\twidth='1420' height='286'\t\t\t\t\talt=\"https:\/\/files.sunoresearch.com.br\/n\/uploads\/2023\/03\/Ebook-Acoes-Desktop-1.jpg\"\n\t\t\t\t>\n\t\t\t<\/picture>\n\t\t<\/a>\n\t<\/p>\n\n\n\n\n\n<h2 class=\"wp-block-heading\" id=\"h-maiores-altas-do-ibovespa\">Maiores altas do Ibovespa<\/h2>\n\n\n\n<ul class=\"wp-block-list\">\n<li>Arezzo (ARZZ3): +6,36%<\/li>\n\n\n\n<li>Grupo Natura (NTCO3): +5,49%<\/li>\n\n\n\n<li>Petz (PETZ3): +4,46%<\/li>\n\n\n\n<li>Klabin (KLBN11): +2,87%<\/li>\n\n\n\n<li>Suzano (SUZB3): +2,66%<\/li>\n<\/ul>\n\n\n\n<h2 class=\"wp-block-heading\" id=\"h-maiores-baixas-do-ibovespa\">Maiores baixas do Ibovespa<\/h2>\n\n\n\n<ul class=\"wp-block-list\">\n<li>CVC (CVCB3): -14,40%<\/li>\n\n\n\n<li>Ra\u00edzen (RAIZ4): -4,97%<\/li>\n\n\n\n<li>Cielo (CIEL3): -4,78%<\/li>\n\n\n\n<li>Magazine Luiza (MGLU3): -3,75%<\/li>\n\n\n\n<li>BRF (BRFS3): -3,09%<\/li>\n<\/ul>\n\n\n\n<h2 class=\"wp-block-heading\">Fechamento dos outros \u00edndices brasileiros<\/h2>\n\n\n\n<ul class=\"wp-block-list\">\n<li><strong>Small Caps (SMLL):<\/strong>&nbsp;-0,46%<\/li>\n\n\n\n<li><strong>BDRs (BDRX):<\/strong>&nbsp;-1,44%<\/li>\n\n\n\n<li><strong>Fundos Imobili\u00e1rios (IFIX):<\/strong>&nbsp;-0,06%<\/li>\n<\/ul>\n\n\n\n<h2 class=\"wp-block-heading\">Cota\u00e7\u00e3o do Ibovespa nesta segunda-feira (30)<\/h2>\n\n\n\n<p>O&nbsp;<strong>Ibovespa<\/strong>&nbsp;fechou o preg\u00e3o desta segunda-feira (30) em leve baixa de 0,04%, aos 112.273,01 pontos.<\/p>\n\n\n\n<p><em>Com informa\u00e7\u00f5es do Estad\u00e3o Conte\u00fado<\/em><a href=\"https:\/\/lp.suno.com.br\/planilha-de-controle-de-investimentos\/\" target=\"_blank\" rel=\"noreferrer noopener\"><\/a><\/p>\n\n\n\t<p>\n\t\t<a href=\"https:\/\/lp.suno.com.br\/planilha-de-controle-de-investimentos\/\" target=\"_blank\" data-element=\"shortcode-suno-banner\" title=\"Banner SUNO, clique e saiba mais\">\n\t\t\t<picture>\n\t\t\t\t<source media=\"(max-width: 500px)\" srcset=\"https:\/\/files.sunoresearch.com.br\/n\/uploads\/2023\/03\/400x300-Controle-de-Investimentos.png\">\n\t\t\t\t<img class=\"newsContent__article__imgCapa newsContent__article__imgCapa--banner\"\n\t\t\t\t\tsrc=\"https:\/\/files.sunoresearch.com.br\/n\/uploads\/2023\/03\/1420x240-Controle-de-Investimentos.png\"\n\t\t\t\t\tdata-promo-id=\"75934\"\t\t\t\t\t\t\t\t\t\twidth='1420' height='240'\t\t\t\t\talt=\"https:\/\/files.sunoresearch.com.br\/n\/uploads\/2023\/03\/1420x240-Controle-de-Investimentos.png\"\n\t\t\t\t>\n\t\t\t<\/picture>\n\t\t<\/a>\n\t<\/p>\n\n\n\n\n\t\t<div class=\"web-stories-list alignnone has-archive-link is-view-type-carousel is-style-default is-carousel\" data-id=\"1\">\n\t\t\t<div\n\t\t\tclass=\"web-stories-list__inner-wrapper carousel-1\"\n\t\t\tstyle=\"--ws-story-max-width:185px\"\n\t\t\t>\n\t\t\t\t\t\t<div class=\"web-stories-list__archive-link\">\n\t\t\t<a href=\"https:\/\/www.suno.com.br\/noticias\/web-stories\/\">\n\t\t\t\tConfira os melhores webstories!\t\t\t<\/a>\n\t\t<\/div>\n\t\t\t\t\t\t\t<div\n\t\t\t\t\tclass=\"web-stories-list__carousel carousel\"\n\t\t\t\t\tdata-id=\"carousel-1\"\n\t\t\t\t\tdata-prev=\"Voltar\"\n\t\t\t\t\tdata-next=\"Avan\u00e7ar\"\n\t\t\t\t\t>\n\t\t\t\t\t\t\t\t\t<div\n\t\t\t\tclass=\"web-stories-list__story\"\n\t\t\t\tdata-wp-interactive=\"web-stories-block\"\n\t\t\t\tdata-wp-context='{\"instanceId\":1}'\t\t\t\tdata-wp-on--click=\"actions.open\"\n\t\t\t\tdata-wp-on-window--popstate=\"actions.onPopstate\"\n\t\t\t\t>\n\t\t\t\t\t\t\t<div class=\"web-stories-list__story-poster\">\n\t\t\t\t<a href=\"https:\/\/www.suno.com.br\/noticias\/web-stories\/por-que-as-acoes-da-nvidia-estao-despencando\/\" >\n\t\t\t\t\t<img\n\t\t\t\t\t\tsrc=\"https:\/\/files.sunoresearch.com.br\/n\/uploads\/2025\/11\/cropped-pexels-stasknop-19356873-scaled-1.webp\"\n\t\t\t\t\t\talt=\"Por que as a\u00e7\u00f5es da Nvidia est\u00e3o despencando?\"\n\t\t\t\t\t\twidth=\"185\"\n\t\t\t\t\t\theight=\"308\"\n\t\t\t\t\t\t\t\t\t\t\t\t\tsrcset=\"https:\/\/files.sunoresearch.com.br\/n\/uploads\/2025\/11\/cropped-pexels-stasknop-19356873-scaled-1.webp 640w, https:\/\/files.sunoresearch.com.br\/n\/uploads\/2025\/11\/cropped-pexels-stasknop-19356873-scaled-1-225x300.webp 225w, https:\/\/files.sunoresearch.com.br\/n\/uploads\/2025\/11\/cropped-pexels-stasknop-19356873-scaled-1-150x200.webp 150w\"\n\t\t\t\t\t\t\t\t\t\t\t\t\t\t\t\t\t\t\tsizes=\"(max-width: 640px) 100vw, 640px\"\n\t\t\t\t\t\t\t\t\t\t\t\tloading=\"lazy\"\n\t\t\t\t\t\tdecoding=\"async\"\n\t\t\t\t\t>\n\t\t\t\t<\/a>\n\t\t\t<\/div>\n\t\t\t\t\t<div class=\"web-stories-list__story-content-overlay\">\n\t\t\t\t\t\t\t<div class=\"story-content-overlay__title\">\n\t\t\t\t\tPor que as a\u00e7\u00f5es da Nvidia est\u00e3o despencando?\t\t\t\t<\/div>\n\t\t\t\n\t\t\t\n\t\t\t\n\t\t\t\t\t<\/div>\n\t\t\t\t\t<\/div>\n\t\t\t\t\t\t<div\n\t\t\t\tclass=\"web-stories-list__story\"\n\t\t\t\tdata-wp-interactive=\"web-stories-block\"\n\t\t\t\tdata-wp-context='{\"instanceId\":1}'\t\t\t\tdata-wp-on--click=\"actions.open\"\n\t\t\t\tdata-wp-on-window--popstate=\"actions.onPopstate\"\n\t\t\t\t>\n\t\t\t\t\t\t\t<div class=\"web-stories-list__story-poster\">\n\t\t\t\t<a href=\"https:\/\/www.suno.com.br\/noticias\/web-stories\/quanto-falta-para-elon-musk-se-tornar-trilionario\/\" >\n\t\t\t\t\t<img\n\t\t\t\t\t\tsrc=\"https:\/\/files.sunoresearch.com.br\/n\/uploads\/2026\/01\/cropped-Elon-Musk-jpg.webp\"\n\t\t\t\t\t\talt=\"Quanto falta para Elon Musk se tornar trilion\u00e1rio?\"\n\t\t\t\t\t\twidth=\"185\"\n\t\t\t\t\t\theight=\"308\"\n\t\t\t\t\t\t\t\t\t\t\t\t\tsrcset=\"https:\/\/files.sunoresearch.com.br\/n\/uploads\/2026\/01\/cropped-Elon-Musk-jpg.webp 640w, https:\/\/files.sunoresearch.com.br\/n\/uploads\/2026\/01\/cropped-Elon-Musk-jpg-225x300.webp 225w, https:\/\/files.sunoresearch.com.br\/n\/uploads\/2026\/01\/cropped-Elon-Musk-jpg-150x200.webp 150w\"\n\t\t\t\t\t\t\t\t\t\t\t\t\t\t\t\t\t\t\tsizes=\"(max-width: 640px) 100vw, 640px\"\n\t\t\t\t\t\t\t\t\t\t\t\tloading=\"lazy\"\n\t\t\t\t\t\tdecoding=\"async\"\n\t\t\t\t\t>\n\t\t\t\t<\/a>\n\t\t\t<\/div>\n\t\t\t\t\t<div class=\"web-stories-list__story-content-overlay\">\n\t\t\t\t\t\t\t<div class=\"story-content-overlay__title\">\n\t\t\t\t\tQuanto falta para Elon Musk se tornar trilion\u00e1rio?\t\t\t\t<\/div>\n\t\t\t\n\t\t\t\n\t\t\t\n\t\t\t\t\t<\/div>\n\t\t\t\t\t<\/div>\n\t\t\t\t\t\t<div\n\t\t\t\tclass=\"web-stories-list__story\"\n\t\t\t\tdata-wp-interactive=\"web-stories-block\"\n\t\t\t\tdata-wp-context='{\"instanceId\":1}'\t\t\t\tdata-wp-on--click=\"actions.open\"\n\t\t\t\tdata-wp-on-window--popstate=\"actions.onPopstate\"\n\t\t\t\t>\n\t\t\t\t\t\t\t<div class=\"web-stories-list__story-poster\">\n\t\t\t\t<a href=\"https:\/\/www.suno.com.br\/noticias\/web-stories\/ate-onde-vai-a-alta-do-ibovespa\/\" >\n\t\t\t\t\t<img\n\t\t\t\t\t\tsrc=\"https:\/\/files.sunoresearch.com.br\/n\/uploads\/2025\/11\/cropped-iStock-1215609239-jpg.webp\"\n\t\t\t\t\t\talt=\"At\u00e9 onde vai a alta do Ibovespa?\"\n\t\t\t\t\t\twidth=\"185\"\n\t\t\t\t\t\theight=\"308\"\n\t\t\t\t\t\t\t\t\t\t\t\t\tsrcset=\"https:\/\/files.sunoresearch.com.br\/n\/uploads\/2025\/11\/cropped-iStock-1215609239-jpg.webp 640w, https:\/\/files.sunoresearch.com.br\/n\/uploads\/2025\/11\/cropped-iStock-1215609239-jpg-225x300.webp 225w, https:\/\/files.sunoresearch.com.br\/n\/uploads\/2025\/11\/cropped-iStock-1215609239-jpg-150x200.webp 150w\"\n\t\t\t\t\t\t\t\t\t\t\t\t\t\t\t\t\t\t\tsizes=\"(max-width: 640px) 100vw, 640px\"\n\t\t\t\t\t\t\t\t\t\t\t\tloading=\"lazy\"\n\t\t\t\t\t\tdecoding=\"async\"\n\t\t\t\t\t>\n\t\t\t\t<\/a>\n\t\t\t<\/div>\n\t\t\t\t\t<div class=\"web-stories-list__story-content-overlay\">\n\t\t\t\t\t\t\t<div class=\"story-content-overlay__title\">\n\t\t\t\t\tAt\u00e9 onde vai a alta do Ibovespa?\t\t\t\t<\/div>\n\t\t\t\n\t\t\t\n\t\t\t\n\t\t\t\t\t<\/div>\n\t\t\t\t\t<\/div>\n\t\t\t\t\t\t<div\n\t\t\t\tclass=\"web-stories-list__story\"\n\t\t\t\tdata-wp-interactive=\"web-stories-block\"\n\t\t\t\tdata-wp-context='{\"instanceId\":1}'\t\t\t\tdata-wp-on--click=\"actions.open\"\n\t\t\t\tdata-wp-on-window--popstate=\"actions.onPopstate\"\n\t\t\t\t>\n\t\t\t\t\t\t\t<div class=\"web-stories-list__story-poster\">\n\t\t\t\t<a href=\"https:\/\/www.suno.com.br\/noticias\/web-stories\/banco-brasileiro-itau-lista-marcas-mais-valiosas-mundo\/\" >\n\t\t\t\t\t<img\n\t\t\t\t\t\tsrc=\"https:\/\/files.sunoresearch.com.br\/n\/uploads\/2024\/01\/cropped-predio-itau.webp\"\n\t\t\t\t\t\talt=\"Banco brasileiro est\u00e1 entre as 500 marcas mais valiosas do mundo\"\n\t\t\t\t\t\twidth=\"185\"\n\t\t\t\t\t\theight=\"308\"\n\t\t\t\t\t\t\t\t\t\t\t\t\tsrcset=\"https:\/\/files.sunoresearch.com.br\/n\/uploads\/2024\/01\/cropped-predio-itau.webp 640w, https:\/\/files.sunoresearch.com.br\/n\/uploads\/2024\/01\/cropped-predio-itau-225x300.webp 225w, https:\/\/files.sunoresearch.com.br\/n\/uploads\/2024\/01\/cropped-predio-itau-150x200.webp 150w\"\n\t\t\t\t\t\t\t\t\t\t\t\t\t\t\t\t\t\t\tsizes=\"(max-width: 640px) 100vw, 640px\"\n\t\t\t\t\t\t\t\t\t\t\t\tloading=\"lazy\"\n\t\t\t\t\t\tdecoding=\"async\"\n\t\t\t\t\t>\n\t\t\t\t<\/a>\n\t\t\t<\/div>\n\t\t\t\t\t<div class=\"web-stories-list__story-content-overlay\">\n\t\t\t\t\t\t\t<div class=\"story-content-overlay__title\">\n\t\t\t\t\tBanco brasileiro est\u00e1 entre as 500 marcas mais valiosas do mundo\t\t\t\t<\/div>\n\t\t\t\n\t\t\t\n\t\t\t\n\t\t\t\t\t<\/div>\n\t\t\t\t\t<\/div>\n\t\t\t\t\t\t<div\n\t\t\t\tclass=\"web-stories-list__story\"\n\t\t\t\tdata-wp-interactive=\"web-stories-block\"\n\t\t\t\tdata-wp-context='{\"instanceId\":1}'\t\t\t\tdata-wp-on--click=\"actions.open\"\n\t\t\t\tdata-wp-on-window--popstate=\"actions.onPopstate\"\n\t\t\t\t>\n\t\t\t\t\t\t\t<div class=\"web-stories-list__story-poster\">\n\t\t\t\t<a href=\"https:\/\/www.suno.com.br\/noticias\/web-stories\/flamengo-lista-times-mais-ricos-do-mundo-hoje\/\" >\n\t\t\t\t\t<img\n\t\t\t\t\t\tsrc=\"https:\/\/files.sunoresearch.com.br\/n\/uploads\/2026\/01\/cropped-brazil-6755874_1280-jpg.webp\"\n\t\t\t\t\t\talt=\"Flamengo na lista! Veja os times mais ricos do mundo hoje\"\n\t\t\t\t\t\twidth=\"185\"\n\t\t\t\t\t\theight=\"308\"\n\t\t\t\t\t\t\t\t\t\t\t\t\tsrcset=\"https:\/\/files.sunoresearch.com.br\/n\/uploads\/2026\/01\/cropped-brazil-6755874_1280-jpg.webp 640w, https:\/\/files.sunoresearch.com.br\/n\/uploads\/2026\/01\/cropped-brazil-6755874_1280-jpg-225x300.webp 225w, https:\/\/files.sunoresearch.com.br\/n\/uploads\/2026\/01\/cropped-brazil-6755874_1280-jpg-150x200.webp 150w\"\n\t\t\t\t\t\t\t\t\t\t\t\t\t\t\t\t\t\t\tsizes=\"(max-width: 640px) 100vw, 640px\"\n\t\t\t\t\t\t\t\t\t\t\t\tloading=\"lazy\"\n\t\t\t\t\t\tdecoding=\"async\"\n\t\t\t\t\t>\n\t\t\t\t<\/a>\n\t\t\t<\/div>\n\t\t\t\t\t<div class=\"web-stories-list__story-content-overlay\">\n\t\t\t\t\t\t\t<div class=\"story-content-overlay__title\">\n\t\t\t\t\tFlamengo na lista! Veja os times mais ricos do mundo hoje\t\t\t\t<\/div>\n\t\t\t\n\t\t\t\n\t\t\t\n\t\t\t\t\t<\/div>\n\t\t\t\t\t<\/div>\n\t\t\t\t\t\t\t\t<\/div>\n\t\t\t\t\t<div tabindex=\"0\" aria-label=\"Voltar\" class=\"glider-prev\"><\/div>\n\t\t\t\t\t<div tabindex=\"0\" aria-label=\"Avan\u00e7ar\" class=\"glider-next\"><\/div>\n\t\t\t\t\t\t\t\t<\/div>\n\t\t<\/div>\n\t\t","protected":false},"excerpt":{"rendered":"<p>O&nbsp;Ibovespa&nbsp;encerrou o preg\u00e3o desta segunda-feira (30) em leve baixa de 0,04%, aos 112.273,01 pontos, ap\u00f3s oscilar entre 111.823,63 e 112.920,30. Hoje o Ibovespa operou em volatilidade, com perdas e ganhos ao longo do dia. No preg\u00e3o desta segunda-feira, as blue chips tiveram destaque nas pontas positiva e negativa. A Vale (VALE3), apesar da alta do [&hellip;]<\/p>\n","protected":false},"author":233,"featured_media":341306,"comment_status":"closed","ping_status":"closed","sticky":false,"template":"","format":"standard","meta":[],"categories":[60],"tags":[105816,721,106949],"suno_strategy":[],"class_list":["post-355054","post","type-post","status-publish","format-standard","has-post-thumbnail","hentry","category-mercado","tag-especialistas","tag-ibovespa","tag-ibovespa-fechamento"],"yoast_head":"<!-- This site is optimized with the Yoast SEO plugin v24.4 - https:\/\/yoast.com\/wordpress\/plugins\/seo\/ -->\n<title>Ibovespa cai 0,04% e fecha aos 112 mil pontos hoje (30\/01)<\/title>\n<meta name=\"description\" content=\"Veja como foi o fechamento do Ibovespa hoje (30\/01), com a movimenta\u00e7\u00e3o e principais not\u00edcias do mercado financeiro.\" \/>\n<meta name=\"robots\" content=\"index, follow, max-snippet:-1, max-image-preview:large, max-video-preview:-1\" \/>\n<link rel=\"canonical\" href=\"https:\/\/www.suno.com.br\/noticias\/ibovespa-hoje-fechamento-30012023\/\" \/>\n<meta property=\"og:locale\" content=\"pt_BR\" \/>\n<meta property=\"og:type\" content=\"article\" \/>\n<meta property=\"og:title\" content=\"Ibovespa cai 0,04% e fecha aos 112 mil pontos hoje (30\/01)\" \/>\n<meta property=\"og:description\" content=\"Veja como foi o fechamento do Ibovespa hoje (30\/01), com a movimenta\u00e7\u00e3o e principais not\u00edcias do mercado financeiro.\" \/>\n<meta property=\"og:url\" content=\"https:\/\/www.suno.com.br\/noticias\/ibovespa-hoje-fechamento-30012023\/\" \/>\n<meta property=\"og:site_name\" content=\"Suno Not\u00edcias\" \/>\n<meta property=\"article:publisher\" content=\"https:\/\/facebook.com\/sunoresearch\" \/>\n<meta property=\"og:image\" content=\"https:\/\/files.sunoresearch.com.br\/n\/uploads\/2023\/01\/B3-B3SA3-Ibovespa.jpg\" \/>\n\t<meta property=\"og:image:width\" content=\"1200\" \/>\n\t<meta property=\"og:image:height\" content=\"800\" \/>\n\t<meta property=\"og:image:type\" content=\"image\/jpeg\" \/>\n<meta name=\"author\" content=\"Janize Cola\u00e7o\" \/>\n<meta name=\"twitter:card\" content=\"summary_large_image\" \/>\n<meta name=\"twitter:creator\" content=\"@sunoresearch\" \/>\n<meta name=\"twitter:site\" content=\"@sunoresearch\" \/>\n<meta name=\"twitter:label1\" content=\"Escrito por\" \/>\n\t<meta name=\"twitter:data1\" content=\"Janize Cola\u00e7o\" \/>\n\t<meta name=\"twitter:label2\" content=\"Est. tempo de leitura\" \/>\n\t<meta name=\"twitter:data2\" content=\"9 minutos\" \/>\n<script type=\"application\/ld+json\" class=\"yoast-schema-graph\">{\"@context\":\"https:\/\/schema.org\",\"@graph\":[{\"@type\":\"NewsArticle\",\"@id\":\"https:\/\/www.suno.com.br\/noticias\/ibovespa-hoje-fechamento-30012023\/#article\",\"isPartOf\":{\"@id\":\"https:\/\/www.suno.com.br\/noticias\/ibovespa-hoje-fechamento-30012023\/\"},\"author\":{\"name\":\"Janize Cola\u00e7o\",\"@id\":\"https:\/\/www.suno.com.br\/noticias\/#\/schema\/person\/d689f06da5678e1f0b1ee402f001d676\"},\"headline\":\"Ibovespa cede 0,04% e fecha aos 112 mil pontos; CVC (CVCB3), Ra\u00edzen (RAIZ4) e Cielo (CIEL3) puxam quedas\",\"datePublished\":\"2023-01-30T21:31:25+00:00\",\"dateModified\":\"2023-01-31T15:09:15+00:00\",\"mainEntityOfPage\":{\"@id\":\"https:\/\/www.suno.com.br\/noticias\/ibovespa-hoje-fechamento-30012023\/\"},\"wordCount\":1769,\"publisher\":{\"@id\":\"https:\/\/www.suno.com.br\/noticias\/#organization\"},\"image\":{\"@id\":\"https:\/\/www.suno.com.br\/noticias\/ibovespa-hoje-fechamento-30012023\/#primaryimage\"},\"thumbnailUrl\":\"https:\/\/files.sunoresearch.com.br\/n\/uploads\/2023\/01\/B3-B3SA3-Ibovespa.jpg\",\"keywords\":[\"Especialistas\",\"Ibovespa\",\"Ibovespa fechamento\"],\"articleSection\":[\"Mercado\"],\"inLanguage\":\"pt-BR\"},{\"@type\":\"WebPage\",\"@id\":\"https:\/\/www.suno.com.br\/noticias\/ibovespa-hoje-fechamento-30012023\/\",\"url\":\"https:\/\/www.suno.com.br\/noticias\/ibovespa-hoje-fechamento-30012023\/\",\"name\":\"Ibovespa cai 0,04% e fecha aos 112 mil pontos hoje (30\/01)\",\"isPartOf\":{\"@id\":\"https:\/\/www.suno.com.br\/noticias\/#website\"},\"primaryImageOfPage\":{\"@id\":\"https:\/\/www.suno.com.br\/noticias\/ibovespa-hoje-fechamento-30012023\/#primaryimage\"},\"image\":{\"@id\":\"https:\/\/www.suno.com.br\/noticias\/ibovespa-hoje-fechamento-30012023\/#primaryimage\"},\"thumbnailUrl\":\"https:\/\/files.sunoresearch.com.br\/n\/uploads\/2023\/01\/B3-B3SA3-Ibovespa.jpg\",\"datePublished\":\"2023-01-30T21:31:25+00:00\",\"dateModified\":\"2023-01-31T15:09:15+00:00\",\"description\":\"Veja como foi o fechamento do Ibovespa hoje (30\/01), com a movimenta\u00e7\u00e3o e principais not\u00edcias do mercado financeiro.\",\"breadcrumb\":{\"@id\":\"https:\/\/www.suno.com.br\/noticias\/ibovespa-hoje-fechamento-30012023\/#breadcrumb\"},\"inLanguage\":\"pt-BR\",\"potentialAction\":[{\"@type\":\"ReadAction\",\"target\":[\"https:\/\/www.suno.com.br\/noticias\/ibovespa-hoje-fechamento-30012023\/\"]}]},{\"@type\":\"ImageObject\",\"inLanguage\":\"pt-BR\",\"@id\":\"https:\/\/www.suno.com.br\/noticias\/ibovespa-hoje-fechamento-30012023\/#primaryimage\",\"url\":\"https:\/\/files.sunoresearch.com.br\/n\/uploads\/2023\/01\/B3-B3SA3-Ibovespa.jpg\",\"contentUrl\":\"https:\/\/files.sunoresearch.com.br\/n\/uploads\/2023\/01\/B3-B3SA3-Ibovespa.jpg\",\"width\":1200,\"height\":800,\"caption\":\"M\u00e9liuz (CASH) pode deixar o Ibovespa em setembro. Foto: Divulga\u00e7\u00e3o\/B3\"},{\"@type\":\"BreadcrumbList\",\"@id\":\"https:\/\/www.suno.com.br\/noticias\/ibovespa-hoje-fechamento-30012023\/#breadcrumb\",\"itemListElement\":[{\"@type\":\"ListItem\",\"position\":1,\"name\":\"Not\u00edcias\",\"item\":\"https:\/\/www.suno.com.br\/noticias\/\"},{\"@type\":\"ListItem\",\"position\":2,\"name\":\"Mercado\",\"item\":\"https:\/\/www.suno.com.br\/noticias\/mercado\/\"},{\"@type\":\"ListItem\",\"position\":3,\"name\":\"Ibovespa cede 0,04% e fecha aos 112 mil pontos; CVC (CVCB3), Ra\u00edzen (RAIZ4) e Cielo (CIEL3) puxam quedas\"}]},{\"@type\":\"WebSite\",\"@id\":\"https:\/\/www.suno.com.br\/noticias\/#website\",\"url\":\"https:\/\/www.suno.com.br\/noticias\/\",\"name\":\"Suno Not\u00edcias\",\"description\":\"Seu portal de informa\u00e7\u00e3o sobre o mundo dos investimentos\",\"publisher\":{\"@id\":\"https:\/\/www.suno.com.br\/noticias\/#organization\"},\"potentialAction\":[{\"@type\":\"SearchAction\",\"target\":{\"@type\":\"EntryPoint\",\"urlTemplate\":\"https:\/\/www.suno.com.br\/noticias\/?s={search_term_string}\"},\"query-input\":{\"@type\":\"PropertyValueSpecification\",\"valueRequired\":true,\"valueName\":\"search_term_string\"}}],\"inLanguage\":\"pt-BR\"},{\"@type\":\"Organization\",\"@id\":\"https:\/\/www.suno.com.br\/noticias\/#organization\",\"name\":\"Suno Not\u00edcias\",\"url\":\"https:\/\/www.suno.com.br\/noticias\/\",\"logo\":{\"@type\":\"ImageObject\",\"inLanguage\":\"pt-BR\",\"@id\":\"https:\/\/www.suno.com.br\/noticias\/#\/schema\/logo\/image\/\",\"url\":\"https:\/\/files.sunoresearch.com.br\/n\/uploads\/2021\/09\/suno-logo.png\",\"contentUrl\":\"https:\/\/files.sunoresearch.com.br\/n\/uploads\/2021\/09\/suno-logo.png\",\"width\":180,\"height\":180,\"caption\":\"Suno Not\u00edcias\"},\"image\":{\"@id\":\"https:\/\/www.suno.com.br\/noticias\/#\/schema\/logo\/image\/\"},\"sameAs\":[\"https:\/\/facebook.com\/sunoresearch\",\"https:\/\/x.com\/sunoresearch\",\"https:\/\/www.instagram.com\/suno\",\"https:\/\/www.linkedin.com\/company\/suno-research\/\",\"https:\/\/www.youtube.com\/c\/sunoresearch\"]},{\"@type\":\"Person\",\"@id\":\"https:\/\/www.suno.com.br\/noticias\/#\/schema\/person\/d689f06da5678e1f0b1ee402f001d676\",\"name\":\"Janize Cola\u00e7o\",\"image\":{\"@type\":\"ImageObject\",\"inLanguage\":\"pt-BR\",\"@id\":\"https:\/\/www.suno.com.br\/noticias\/#\/schema\/person\/image\/\",\"url\":\"https:\/\/secure.gravatar.com\/avatar\/32b3bf89abae63ca2cf961bc051522d0?s=96&r=g\",\"contentUrl\":\"https:\/\/secure.gravatar.com\/avatar\/32b3bf89abae63ca2cf961bc051522d0?s=96&r=g\",\"caption\":\"Janize Cola\u00e7o\"},\"description\":\"Jornalista formada pela PUC-SP com passagens pela Record TV, Globo Cond\u00e9 Nast, Revista Panrotas e Editora Via. Hoje, \u00e9 rep\u00f3rter no Suno Not\u00edcias, cobrindo pautas sobre mercado, pol\u00edtica, economia e bolsa de valores.\",\"url\":\"https:\/\/www.suno.com.br\/noticias\/author\/janize-colaco\/\"}]}<\/script>\n<!-- \/ Yoast SEO plugin. -->","yoast_head_json":{"title":"Ibovespa cai 0,04% e fecha aos 112 mil pontos hoje (30\/01)","description":"Veja como foi o fechamento do Ibovespa hoje (30\/01), com a movimenta\u00e7\u00e3o e principais not\u00edcias do mercado financeiro.","robots":{"index":"index","follow":"follow","max-snippet":"max-snippet:-1","max-image-preview":"max-image-preview:large","max-video-preview":"max-video-preview:-1"},"canonical":"https:\/\/www.suno.com.br\/noticias\/ibovespa-hoje-fechamento-30012023\/","og_locale":"pt_BR","og_type":"article","og_title":"Ibovespa cai 0,04% e fecha aos 112 mil pontos hoje (30\/01)","og_description":"Veja como foi o fechamento do Ibovespa hoje (30\/01), com a movimenta\u00e7\u00e3o e principais not\u00edcias do mercado financeiro.","og_url":"https:\/\/www.suno.com.br\/noticias\/ibovespa-hoje-fechamento-30012023\/","og_site_name":"Suno Not\u00edcias","article_publisher":"https:\/\/facebook.com\/sunoresearch","og_image":[{"width":1200,"height":800,"url":"https:\/\/files.sunoresearch.com.br\/n\/uploads\/2023\/01\/B3-B3SA3-Ibovespa.jpg","type":"image\/jpeg"}],"author":"Janize Cola\u00e7o","twitter_card":"summary_large_image","twitter_creator":"@sunoresearch","twitter_site":"@sunoresearch","twitter_misc":{"Escrito por":"Janize Cola\u00e7o","Est. tempo de leitura":"9 minutos"},"schema":{"@context":"https:\/\/schema.org","@graph":[{"@type":"NewsArticle","@id":"https:\/\/www.suno.com.br\/noticias\/ibovespa-hoje-fechamento-30012023\/#article","isPartOf":{"@id":"https:\/\/www.suno.com.br\/noticias\/ibovespa-hoje-fechamento-30012023\/"},"author":{"name":"Janize Cola\u00e7o","@id":"https:\/\/www.suno.com.br\/noticias\/#\/schema\/person\/d689f06da5678e1f0b1ee402f001d676"},"headline":"Ibovespa cede 0,04% e fecha aos 112 mil pontos; CVC (CVCB3), Ra\u00edzen (RAIZ4) e Cielo (CIEL3) puxam quedas","datePublished":"2023-01-30T21:31:25+00:00","dateModified":"2023-01-31T15:09:15+00:00","mainEntityOfPage":{"@id":"https:\/\/www.suno.com.br\/noticias\/ibovespa-hoje-fechamento-30012023\/"},"wordCount":1769,"publisher":{"@id":"https:\/\/www.suno.com.br\/noticias\/#organization"},"image":{"@id":"https:\/\/www.suno.com.br\/noticias\/ibovespa-hoje-fechamento-30012023\/#primaryimage"},"thumbnailUrl":"https:\/\/files.sunoresearch.com.br\/n\/uploads\/2023\/01\/B3-B3SA3-Ibovespa.jpg","keywords":["Especialistas","Ibovespa","Ibovespa fechamento"],"articleSection":["Mercado"],"inLanguage":"pt-BR"},{"@type":"WebPage","@id":"https:\/\/www.suno.com.br\/noticias\/ibovespa-hoje-fechamento-30012023\/","url":"https:\/\/www.suno.com.br\/noticias\/ibovespa-hoje-fechamento-30012023\/","name":"Ibovespa cai 0,04% e fecha aos 112 mil pontos hoje (30\/01)","isPartOf":{"@id":"https:\/\/www.suno.com.br\/noticias\/#website"},"primaryImageOfPage":{"@id":"https:\/\/www.suno.com.br\/noticias\/ibovespa-hoje-fechamento-30012023\/#primaryimage"},"image":{"@id":"https:\/\/www.suno.com.br\/noticias\/ibovespa-hoje-fechamento-30012023\/#primaryimage"},"thumbnailUrl":"https:\/\/files.sunoresearch.com.br\/n\/uploads\/2023\/01\/B3-B3SA3-Ibovespa.jpg","datePublished":"2023-01-30T21:31:25+00:00","dateModified":"2023-01-31T15:09:15+00:00","description":"Veja como foi o fechamento do Ibovespa hoje (30\/01), com a movimenta\u00e7\u00e3o e principais not\u00edcias do mercado financeiro.","breadcrumb":{"@id":"https:\/\/www.suno.com.br\/noticias\/ibovespa-hoje-fechamento-30012023\/#breadcrumb"},"inLanguage":"pt-BR","potentialAction":[{"@type":"ReadAction","target":["https:\/\/www.suno.com.br\/noticias\/ibovespa-hoje-fechamento-30012023\/"]}]},{"@type":"ImageObject","inLanguage":"pt-BR","@id":"https:\/\/www.suno.com.br\/noticias\/ibovespa-hoje-fechamento-30012023\/#primaryimage","url":"https:\/\/files.sunoresearch.com.br\/n\/uploads\/2023\/01\/B3-B3SA3-Ibovespa.jpg","contentUrl":"https:\/\/files.sunoresearch.com.br\/n\/uploads\/2023\/01\/B3-B3SA3-Ibovespa.jpg","width":1200,"height":800,"caption":"M\u00e9liuz (CASH) pode deixar o Ibovespa em setembro. Foto: Divulga\u00e7\u00e3o\/B3"},{"@type":"BreadcrumbList","@id":"https:\/\/www.suno.com.br\/noticias\/ibovespa-hoje-fechamento-30012023\/#breadcrumb","itemListElement":[{"@type":"ListItem","position":1,"name":"Not\u00edcias","item":"https:\/\/www.suno.com.br\/noticias\/"},{"@type":"ListItem","position":2,"name":"Mercado","item":"https:\/\/www.suno.com.br\/noticias\/mercado\/"},{"@type":"ListItem","position":3,"name":"Ibovespa cede 0,04% e fecha aos 112 mil pontos; CVC (CVCB3), Ra\u00edzen (RAIZ4) e Cielo (CIEL3) puxam quedas"}]},{"@type":"WebSite","@id":"https:\/\/www.suno.com.br\/noticias\/#website","url":"https:\/\/www.suno.com.br\/noticias\/","name":"Suno Not\u00edcias","description":"Seu portal de informa\u00e7\u00e3o sobre o mundo dos investimentos","publisher":{"@id":"https:\/\/www.suno.com.br\/noticias\/#organization"},"potentialAction":[{"@type":"SearchAction","target":{"@type":"EntryPoint","urlTemplate":"https:\/\/www.suno.com.br\/noticias\/?s={search_term_string}"},"query-input":{"@type":"PropertyValueSpecification","valueRequired":true,"valueName":"search_term_string"}}],"inLanguage":"pt-BR"},{"@type":"Organization","@id":"https:\/\/www.suno.com.br\/noticias\/#organization","name":"Suno Not\u00edcias","url":"https:\/\/www.suno.com.br\/noticias\/","logo":{"@type":"ImageObject","inLanguage":"pt-BR","@id":"https:\/\/www.suno.com.br\/noticias\/#\/schema\/logo\/image\/","url":"https:\/\/files.sunoresearch.com.br\/n\/uploads\/2021\/09\/suno-logo.png","contentUrl":"https:\/\/files.sunoresearch.com.br\/n\/uploads\/2021\/09\/suno-logo.png","width":180,"height":180,"caption":"Suno Not\u00edcias"},"image":{"@id":"https:\/\/www.suno.com.br\/noticias\/#\/schema\/logo\/image\/"},"sameAs":["https:\/\/facebook.com\/sunoresearch","https:\/\/x.com\/sunoresearch","https:\/\/www.instagram.com\/suno","https:\/\/www.linkedin.com\/company\/suno-research\/","https:\/\/www.youtube.com\/c\/sunoresearch"]},{"@type":"Person","@id":"https:\/\/www.suno.com.br\/noticias\/#\/schema\/person\/d689f06da5678e1f0b1ee402f001d676","name":"Janize Cola\u00e7o","image":{"@type":"ImageObject","inLanguage":"pt-BR","@id":"https:\/\/www.suno.com.br\/noticias\/#\/schema\/person\/image\/","url":"https:\/\/secure.gravatar.com\/avatar\/32b3bf89abae63ca2cf961bc051522d0?s=96&r=g","contentUrl":"https:\/\/secure.gravatar.com\/avatar\/32b3bf89abae63ca2cf961bc051522d0?s=96&r=g","caption":"Janize Cola\u00e7o"},"description":"Jornalista formada pela PUC-SP com passagens pela Record TV, Globo Cond\u00e9 Nast, Revista Panrotas e Editora Via. Hoje, \u00e9 rep\u00f3rter no Suno Not\u00edcias, cobrindo pautas sobre mercado, pol\u00edtica, economia e bolsa de valores.","url":"https:\/\/www.suno.com.br\/noticias\/author\/janize-colaco\/"}]}},"default_loop_html":"<div class=\"cardsPage__listCard__boxs\"><div class=\"cardsPage__listCard__boxs__img\"><a href=\"https:\/\/www.suno.com.br\/noticias\/ibovespa-hoje-fechamento-30012023\/\"><img class=\"mask\" src=\"https:\/\/www.suno.com.br\/noticias\/wp-content\/themes\/suno\/resources\/images\/spotlight\/spotlight1img\/bg-mask.png\" alt=\"Image Mask\"\/><img src=\"https:\/\/files.sunoresearch.com.br\/n\/uploads\/2023\/01\/B3-B3SA3-Ibovespa-400x200.jpg\" alt=\"Ibovespa cede 0,04% e fecha aos 112 mil pontos; CVC (CVCB3), Ra\u00edzen (RAIZ4) e Cielo (CIEL3) puxam quedas\"\/><\/a><span class=\"spotlightCategory\"><a href=\"https:\/\/www.suno.com.br\/noticias\/mercado\/\">Mercado<\/a><\/span><\/div><div class=\"cardsPage__listCard__boxs__content\"><a href=\"https:\/\/www.suno.com.br\/noticias\/ibovespa-hoje-fechamento-30012023\/\"><h2 class=\"content__title\">Ibovespa cede 0,04% e fecha aos 112 mil pontos; CVC (CVCB3), Ra\u00edzen (RAIZ4) e Cielo (CIEL3) puxam quedas<\/h2><\/a><div class=\"newsContent__article__meta\"><div class=\"newsContent__article__meta__authorBox\"><a href=\"https:\/\/www.suno.com.br\/noticias\/author\/janize-colaco\/\" class=\"authorBox__avatar noMobi\"><img src=\"https:\/\/files.sunoresearch.com.br\/n\/uploads\/2022\/11\/20221120_111807-1-150x150.jpg\" alt=\"Janize Cola\u00e7o\"><\/a><div class=\"authorBox__name\"><span>por\n\t\t\t<a href=\"https:\/\/www.suno.com.br\/noticias\/author\/janize-colaco\/\"><span itemprop=\"author\">Janize Cola\u00e7o<\/span><\/a><\/span><time datetime=\"2023-01-30T18:31:25-03:00\" itemprop=\"datePublished\">30\/01\/2023 18:31<\/time><\/div><\/div><\/div><\/div><\/div>","single_layout":"posts","amp_enabled":true,"_links":{"self":[{"href":"https:\/\/www.suno.com.br\/noticias\/wp-json\/wp\/v2\/posts\/355054"}],"collection":[{"href":"https:\/\/www.suno.com.br\/noticias\/wp-json\/wp\/v2\/posts"}],"about":[{"href":"https:\/\/www.suno.com.br\/noticias\/wp-json\/wp\/v2\/types\/post"}],"author":[{"embeddable":true,"href":"https:\/\/www.suno.com.br\/noticias\/wp-json\/wp\/v2\/users\/233"}],"replies":[{"embeddable":true,"href":"https:\/\/www.suno.com.br\/noticias\/wp-json\/wp\/v2\/comments?post=355054"}],"version-history":[{"count":3,"href":"https:\/\/www.suno.com.br\/noticias\/wp-json\/wp\/v2\/posts\/355054\/revisions"}],"predecessor-version":[{"id":355522,"href":"https:\/\/www.suno.com.br\/noticias\/wp-json\/wp\/v2\/posts\/355054\/revisions\/355522"}],"wp:featuredmedia":[{"embeddable":true,"href":"https:\/\/www.suno.com.br\/noticias\/wp-json\/wp\/v2\/media\/341306"}],"wp:attachment":[{"href":"https:\/\/www.suno.com.br\/noticias\/wp-json\/wp\/v2\/media?parent=355054"}],"wp:term":[{"taxonomy":"category","embeddable":true,"href":"https:\/\/www.suno.com.br\/noticias\/wp-json\/wp\/v2\/categories?post=355054"},{"taxonomy":"post_tag","embeddable":true,"href":"https:\/\/www.suno.com.br\/noticias\/wp-json\/wp\/v2\/tags?post=355054"},{"taxonomy":"suno_strategy","embeddable":true,"href":"https:\/\/www.suno.com.br\/noticias\/wp-json\/wp\/v2\/suno_strategy?post=355054"}],"curies":[{"name":"wp","href":"https:\/\/api.w.org\/{rel}","templated":true}]}}