{"id":354896,"date":"2023-01-30T17:05:20","date_gmt":"2023-01-30T20:05:20","guid":{"rendered":"https:\/\/www.suno.com.br\/noticias\/?p=354896"},"modified":"2023-01-31T09:13:52","modified_gmt":"2023-01-31T12:13:52","slug":"selic-copom-reuniao-janeiro-xp","status":"publish","type":"post","link":"https:\/\/www.suno.com.br\/noticias\/selic-copom-reuniao-janeiro-xp\/","title":{"rendered":"Selic deve ser mantida no pr\u00f3ximo Copom, projetam analistas do BBA"},"content":{"rendered":"<p>A expectativa do consenso de mercado \u00e9 de que o <a class=\"suno-keyword\" data-force=\"no\" data-priority=\"2\" href=\"https:\/\/www.suno.com.br\/artigos\/copom\/\" target=\"_blank\" rel=\"noopener\">Comit\u00ea de Pol\u00edtica Monet\u00e1ria (Copom)<\/a> mantenha a Selic no patamar atual &#8211; de 13,75% &#8211; na pr\u00f3xima reuni\u00e3o. <\/p><div class=\"videoFull \">\n\t\t\t<div class=\"videoWrapper yt-lazyload center\"\n\t\t\t\tdata-width=\"960\"\n\t\t\t\tdata-height=\"540\"\n\t\t\t\tdata-id=\"GO4VRs1M9Qw\"\n\t\t\t\tdata-alt=\"V\u00eddeo do YouTube - clique para reproduzir\"\n\t\t\t\tdata-logo=\"3\"\n\t\t\t\tdata-imagequality=\"maxres\">\n\t\t\t<\/div>\n\t\t<\/div><script type=\"application\/ld+json\">{\"@context\":\"https:\/\/schema.org\",\"@type\":\"VideoObject\",\"name\":\"Boletim Focus aponta infla\u00e7\u00e3o mais alta e pode pesar no Copom | Suno Not\u00edcias\",\"description\":\"\ud83d\udd0e \ud83d\udcca[\ud835\uddf2\ud835\uddd5\ud835\uddfc\ud835\uddfc\ud835\uddf8 \ud835\uddda\ud835\udde5\ud835\uddd4\ud835\udde7\ud835\udde8\ud835\udddc\ud835\udde7\ud835\udde2] \ud835\uddd4\ud835\uddfd\ud835\uddff\ud835\uddf2\ud835\uddfb\ud835\uddf1\ud835\uddee \ud835\uddf0\ud835\uddfc\ud835\uddfa\ud835\uddfc \ud835\uddee\ud835\uddfb\ud835\uddee\ud835\uddf9\ud835\uddf6\ud835\ude00\ud835\uddee\ud835\uddff \ud835\ude02\ud835\uddfa\ud835\uddee \ud835\uddee\u00e7\u00e3\ud835\uddfc\u200b \ud83d\udc47 https:\/\/lp.suno.com.br\/ebook-como-analisar-uma-acao\/?utm_source=youtube.noticias&utm_medium=video&utm_campaign=ebookcomoanalisarumaacao.20230130&utm_content=ytnoticias.focus.30012023 #bancocentral #bacen #boletimfocus #infla\u00e7\u00e3o #selic #juros #cortes \ud83d\udd34\ud835\udc08\ud835\udc0d\ud835\udc12\ud835\udc02\ud835\udc11\ud835\udc04\ud835\udc15\ud835\udc00-\ud835\udc12\ud835\udc04 \ud835\udc0d\ud835\udc0e \ud835\udc02\ud835\udc00\ud835\udc0d\ud835\udc00\ud835\udc0b \ud835\udc04 \ud835\udc00\ud835\udc13\ud835\udc08\ud835\udc15\ud835\udc04 \ud835\udc0e \ud835\udc12\ud835\udc08\ud835\udc0d\ud835\udc0e \ud83d\udc47 https:\/\/bit.ly\/INSCREVA-SEATIVEOSINO O Boletim Focus divulgado nesta segunda-feira (30) mostra que o mercado financeiro est\u00e1 apostando em infla\u00e7\u00e3o cada vez mais alta para este 2023 e tamb\u00e9m para os pr\u00f3ximos anos.\u2026\",\"duration\":\"PT12M27S\",\"embedUrl\":\"https:\/\/www.youtube.com\/embed\/GO4VRs1M9Qw\",\"regionsAllowed\":\"pt-BR\",\"interactionStatistic\":{\"@type\":\"InteractionCounter\",\"interactionType\":{\"@type\":\"WatchAction\"},\"userInteractionCount\":586},\"thumbnailUrl\":\"https:\/\/i.ytimg.com\/vi\/GO4VRs1M9Qw\/default.jpg\",\"uploadDate\":\"2023-01-30T18:45:00Z\"}<\/script>\n\n\n\n\n\t<p>\n\t\t<a href=\"\" target=\"_blank\" data-element=\"shortcode-suno-banner\" title=\"Banner SUNO, clique e saiba mais\">\n\t\t\t<picture>\n\t\t\t\t<source media=\"(max-width: 500px)\" srcset=\"\">\n\t\t\t\t<img class=\"newsContent__article__imgCapa newsContent__article__imgCapa--banner\"\n\t\t\t\t\tsrc=\"\"\n\t\t\t\t\tdata-promo-id=\"240038\"\t\t\t\t\t\t\t\t\t\t\t\t\t\t\talt=\"\"\n\t\t\t\t>\n\t\t\t<\/picture>\n\t\t<\/a>\n\t<\/p>\n\n\n\n\n\n<p>A <strong>decis\u00e3o de manuten\u00e7\u00e3o ou altera\u00e7\u00e3o da Selic<\/strong> ser\u00e1 divulgada na quarta-feira (1\u00ba), mesmo dia em que o Federal Reserve (Fed) tamb\u00e9m divulgar\u00e1 sua decis\u00e3o de <a class=\"suno-keyword\" target=\"_blank\" data-force=\"no\" data-priority=\"1\" href=\"https:\/\/www.suno.com.br\/artigos\/politica-monetaria\/\" rel=\"noopener\">pol\u00edtica monet\u00e1ria<\/a>.<\/p>\n\n\n\n<p>Sobre a <strong>decis\u00e3o do Copom<\/strong>, os especialistas do Ita\u00fa BBA destacam que o comit\u00ea deve &#8220;refor\u00e7ar a sinaliza\u00e7\u00e3o de manuten\u00e7\u00e3o da postura vigilante da <a class=\"suno-keyword\" target=\"_blank\" data-force=\"no\" data-priority=\"1\" href=\"https:\/\/www.suno.com.br\/artigos\/politica-monetaria\/\" rel=\"noopener\">pol\u00edtica monet\u00e1ria<\/a>&#8220;.<\/p>\n\n\n\n<p>A ideia \u00e9 &#8220;perseverar no processo de desinfla\u00e7\u00e3o&#8221; at\u00e9 que a infla\u00e7\u00e3o fique mais pr\u00f3xima das metas e as expectativas do mercado sejam ancoradas.<\/p>\n\n\n\n<p>O BC, contudo, n\u00e3o deve hesitar em &#8220;retomar o ciclo de ajuste caso o processo de desinfla\u00e7\u00e3o n\u00e3o transcorra como esperado&#8221;. <\/p>\n\n\n\n\t<div data-element=\"shortcode-read-more\" class=\"readToo\">\n\t\t\t\t<span class=\"readToo__title\">Leia mais<\/span>\n\t\t\t\t<ul class=\"readToo__list\">\n\t\t\t<li><a href=\"https:\/\/www.suno.com.br\/noticias\/petrobras-petr4-prates-fundo-presidente\/\">Petrobras (PETR4): entenda o &#8216;fundo de estabiliza\u00e7\u00e3o&#8217; defendido pelo novo presidente<\/a><\/li><li><a href=\"https:\/\/www.suno.com.br\/noticias\/banco-do-brasil-bbas3-2023-acoes-dividendos\/\">Por que o Banco do Brasil (BBAS3) \u00e9 o &#8216;queridinho&#8217; dos analistas para 2023?<\/a><\/li>\t\t<\/ul>\n\t<\/div>\n\n\n\n\n<p>&#8220;Sobre o balan\u00e7o de riscos, o comit\u00ea deve sinalizar que ainda v\u00ea riscos sim\u00e9tricos para a infla\u00e7\u00e3o, com alertas adicionais n\u00e3o s\u00f3 para a evolu\u00e7\u00e3o das contas p\u00fablicas (particularmente \u00e0 luz dos projetos aprovados no Congresso ao final do ano passado, com expectativa de aumento de despesas), mas tamb\u00e9m para os debates recentes de arcabou\u00e7o de <a class=\"suno-keyword\" target=\"_blank\" data-force=\"no\" data-priority=\"1\" href=\"https:\/\/www.suno.com.br\/artigos\/politica-economica\/\" rel=\"noopener\">pol\u00edtica econ\u00f4mica<\/a>\/monet\u00e1ria, em especial, discuss\u00f5es acerca da defini\u00e7\u00e3o das metas de infla\u00e7\u00e3o para os pr\u00f3ximos anos, e seus potenciais impactos sobre pre\u00e7os de ativos e ancoragem das expectativas&#8221;, diz o BBA.<\/p>\n\n\n\t<p>\n\t\t<a href=\"https:\/\/lp.suno.com.br\/planilha-controle-gastos\/\" target=\"_blank\" data-element=\"shortcode-suno-banner\" title=\"Banner SUNO, clique e saiba mais\">\n\t\t\t<picture>\n\t\t\t\t<source media=\"(max-width: 500px)\" srcset=\"https:\/\/files.sunoresearch.com.br\/n\/uploads\/2023\/03\/400x300-Planilha-controle-de-gastos.png\">\n\t\t\t\t<img class=\"newsContent__article__imgCapa newsContent__article__imgCapa--banner\"\n\t\t\t\t\tsrc=\"https:\/\/files.sunoresearch.com.br\/n\/uploads\/2023\/03\/1420x240-Planilha-controle-de-gastos.png\"\n\t\t\t\t\tdata-promo-id=\"101751\"\t\t\t\t\t\t\t\t\t\twidth='1420' height='240'\t\t\t\t\talt=\"https:\/\/files.sunoresearch.com.br\/n\/uploads\/2023\/03\/1420x240-Planilha-controle-de-gastos.png\"\n\t\t\t\t>\n\t\t\t<\/picture>\n\t\t<\/a>\n\t<\/p>\n\n\n\n\n\n<h2 class=\"wp-block-heading\" id=\"h-mercado-financeiro-espera-selic-de-12-50-em-2023\">Mercado financeiro espera Selic de 12,50% em 2023<\/h2>\n\n\n\n<p>O mercado financeiro estima que a Selic deve terminar o ano de 2023 em 12,50%, conforme os dados do Boletim Focus.<\/p>\n\n\n\n<p>A estimativa \u00e9 a mesma h\u00e1 duas semanas, <a href=\"https:\/\/www.bcb.gov.br\/content\/focus\/focus\/R20230127.pdf\" target=\"_blank\" rel=\"noreferrer noopener\">conforme o relat\u00f3rio mais recente do Banco Central<\/a>.<\/p>\n\n\n\n<ul class=\"wp-block-list\">\n<li><strong>IPCA: <\/strong>a proje\u00e7\u00e3o subiu para 5,74%<\/li>\n\n\n\n<li><strong>PIB:<\/strong> a proje\u00e7\u00e3o subiu para 0,80%<\/li>\n\n\n\n<li><strong>D\u00f3lar:<\/strong> a previs\u00e3o do c\u00e2mbio caiu para R$ 5,25<\/li>\n\n\n\n<li><strong>Taxa Selic:<\/strong> a previs\u00e3o segue em 12,50%<\/li>\n\n\n\n<li><strong>Balan\u00e7a Comercial:<\/strong> a expectativa para o super\u00e1vit caiu para US$ 57,60 bilh\u00f5es<\/li>\n\n\n\n<li><strong><a href=\"https:\/\/www.suno.com.br\/artigos\/investimento-estrangeiro-direto-ied\/\" target=\"_blank\" rel=\"noreferrer noopener\">Investimento Estrangeiro<\/a><\/strong><a href=\"https:\/\/www.suno.com.br\/artigos\/investimento-estrangeiro-direto-ied\/\" target=\"_blank\" rel=\"noreferrer noopener\"><strong> Direto<\/strong>:<\/a> a previs\u00e3o segue em US$ 80 bilh\u00f5es<\/li>\n\n\n\n<li><strong><a href=\"https:\/\/www.suno.com.br\/artigos\/deficit-primario\/\">D\u00edvida do Setor P\u00fablico<\/a>: <\/strong>a previs\u00e3o caiu para 61,40% PIB<\/li>\n<\/ul>\n\n\n\n<p>O Boletim Focus, al\u00e9m da <strong>Selic<\/strong>, projeta tamb\u00e9m um IPCA maior para este ano, tendo elevado as estimativas para infla\u00e7\u00e3o por sete semanas consecutivas.<\/p>\n\n\n\t<p>\n\t\t<a href=\"https:\/\/lp.suno.com.br\/planilha-da-vida-financeira\/\" target=\"_blank\" data-element=\"shortcode-suno-banner\" title=\"Banner SUNO, clique e saiba mais\">\n\t\t\t<picture>\n\t\t\t\t<source media=\"(max-width: 500px)\" srcset=\"https:\/\/files.sunoresearch.com.br\/n\/uploads\/2023\/04\/400x300-Planilha-vida-financeira-true.png\">\n\t\t\t\t<img class=\"newsContent__article__imgCapa newsContent__article__imgCapa--banner\"\n\t\t\t\t\tsrc=\"https:\/\/files.sunoresearch.com.br\/n\/uploads\/2023\/04\/1420x240-Planilha-vida-financeira-true.png\"\n\t\t\t\t\tdata-promo-id=\"106682\"\t\t\t\t\t\t\t\t\t\twidth='1420' height='240'\t\t\t\t\talt=\"https:\/\/files.sunoresearch.com.br\/n\/uploads\/2023\/04\/1420x240-Planilha-vida-financeira-true.png\"\n\t\t\t\t>\n\t\t\t<\/picture>\n\t\t<\/a>\n\t<\/p>\n\n\n","protected":false},"excerpt":{"rendered":"<p>A expectativa do consenso de mercado \u00e9 de que o Comit\u00ea de Pol\u00edtica Monet\u00e1ria (Copom) mantenha a Selic no patamar atual &#8211; de 13,75% &#8211; na pr\u00f3xima reuni\u00e3o. A decis\u00e3o de manuten\u00e7\u00e3o ou altera\u00e7\u00e3o da Selic ser\u00e1 divulgada na quarta-feira (1\u00ba), mesmo dia em que o Federal Reserve (Fed) tamb\u00e9m divulgar\u00e1 sua decis\u00e3o de pol\u00edtica [&hellip;]<\/p>\n","protected":false},"author":73,"featured_media":267838,"comment_status":"closed","ping_status":"closed","sticky":false,"template":"","format":"standard","meta":[],"categories":[62],"tags":[105816,1752,290],"suno_strategy":[],"class_list":["post-354896","post","type-post","status-publish","format-standard","has-post-thumbnail","hentry","category-economia","tag-especialistas","tag-taxa-de-juros","tag-taxa-selic"],"yoast_head":"<!-- This site is optimized with the Yoast SEO plugin v24.4 - https:\/\/yoast.com\/wordpress\/plugins\/seo\/ -->\n<title>Selic deve ser mantida no pr\u00f3ximo Copom, projetam analistas do BBA<\/title>\n<meta name=\"description\" content=\"Analistas esperam manuten\u00e7\u00e3o da taxa Selic em 13,75%, mas Focus projeta taxa de juros menor para o fim do ano. Clique e confira!\" \/>\n<meta name=\"robots\" content=\"index, follow, max-snippet:-1, max-image-preview:large, max-video-preview:-1\" \/>\n<link rel=\"canonical\" href=\"https:\/\/www.suno.com.br\/noticias\/selic-copom-reuniao-janeiro-xp\/\" \/>\n<meta property=\"og:locale\" content=\"pt_BR\" \/>\n<meta property=\"og:type\" content=\"article\" \/>\n<meta property=\"og:title\" content=\"Selic deve ser mantida no pr\u00f3ximo Copom, projetam analistas do BBA\" \/>\n<meta property=\"og:description\" content=\"Analistas esperam manuten\u00e7\u00e3o da taxa Selic em 13,75%, mas Focus projeta taxa de juros menor para o fim do ano. Clique e confira!\" \/>\n<meta property=\"og:url\" content=\"https:\/\/www.suno.com.br\/noticias\/selic-copom-reuniao-janeiro-xp\/\" \/>\n<meta property=\"og:site_name\" content=\"Suno Not\u00edcias\" \/>\n<meta property=\"article:publisher\" content=\"https:\/\/facebook.com\/sunoresearch\" \/>\n<meta property=\"og:image\" content=\"https:\/\/files.sunoresearch.com.br\/n\/uploads\/2022\/06\/copom.jpg\" \/>\n\t<meta property=\"og:image:width\" content=\"1280\" \/>\n\t<meta property=\"og:image:height\" content=\"853\" \/>\n\t<meta property=\"og:image:type\" content=\"image\/jpeg\" \/>\n<meta name=\"author\" content=\"Eduardo Vargas\" \/>\n<meta name=\"twitter:card\" content=\"summary_large_image\" \/>\n<meta name=\"twitter:creator\" content=\"@sunoresearch\" \/>\n<meta name=\"twitter:site\" content=\"@sunoresearch\" \/>\n<meta name=\"twitter:label1\" content=\"Escrito por\" \/>\n\t<meta name=\"twitter:data1\" content=\"Eduardo Vargas\" \/>\n\t<meta name=\"twitter:label2\" content=\"Est. tempo de leitura\" \/>\n\t<meta name=\"twitter:data2\" content=\"2 minutos\" \/>\n<script type=\"application\/ld+json\" class=\"yoast-schema-graph\">{\"@context\":\"https:\/\/schema.org\",\"@graph\":[{\"@type\":\"NewsArticle\",\"@id\":\"https:\/\/www.suno.com.br\/noticias\/selic-copom-reuniao-janeiro-xp\/#article\",\"isPartOf\":{\"@id\":\"https:\/\/www.suno.com.br\/noticias\/selic-copom-reuniao-janeiro-xp\/\"},\"author\":{\"name\":\"Eduardo Vargas\",\"@id\":\"https:\/\/www.suno.com.br\/noticias\/#\/schema\/person\/7f4d362bf3518e76090143ae77bb49a5\"},\"headline\":\"Selic deve ser mantida no pr\u00f3ximo Copom, projetam analistas do BBA\",\"datePublished\":\"2023-01-30T20:05:20+00:00\",\"dateModified\":\"2023-01-31T12:13:52+00:00\",\"mainEntityOfPage\":{\"@id\":\"https:\/\/www.suno.com.br\/noticias\/selic-copom-reuniao-janeiro-xp\/\"},\"wordCount\":405,\"publisher\":{\"@id\":\"https:\/\/www.suno.com.br\/noticias\/#organization\"},\"image\":{\"@id\":\"https:\/\/www.suno.com.br\/noticias\/selic-copom-reuniao-janeiro-xp\/#primaryimage\"},\"thumbnailUrl\":\"https:\/\/files.sunoresearch.com.br\/n\/uploads\/2022\/06\/copom.jpg\",\"keywords\":[\"Especialistas\",\"taxa de juros\",\"Taxa Selic\"],\"articleSection\":[\"Economia\"],\"inLanguage\":\"pt-BR\"},{\"@type\":\"WebPage\",\"@id\":\"https:\/\/www.suno.com.br\/noticias\/selic-copom-reuniao-janeiro-xp\/\",\"url\":\"https:\/\/www.suno.com.br\/noticias\/selic-copom-reuniao-janeiro-xp\/\",\"name\":\"Selic deve ser mantida no pr\u00f3ximo Copom, projetam analistas do BBA\",\"isPartOf\":{\"@id\":\"https:\/\/www.suno.com.br\/noticias\/#website\"},\"primaryImageOfPage\":{\"@id\":\"https:\/\/www.suno.com.br\/noticias\/selic-copom-reuniao-janeiro-xp\/#primaryimage\"},\"image\":{\"@id\":\"https:\/\/www.suno.com.br\/noticias\/selic-copom-reuniao-janeiro-xp\/#primaryimage\"},\"thumbnailUrl\":\"https:\/\/files.sunoresearch.com.br\/n\/uploads\/2022\/06\/copom.jpg\",\"datePublished\":\"2023-01-30T20:05:20+00:00\",\"dateModified\":\"2023-01-31T12:13:52+00:00\",\"description\":\"Analistas esperam manuten\u00e7\u00e3o da taxa Selic em 13,75%, mas Focus projeta taxa de juros menor para o fim do ano. Clique e confira!\",\"breadcrumb\":{\"@id\":\"https:\/\/www.suno.com.br\/noticias\/selic-copom-reuniao-janeiro-xp\/#breadcrumb\"},\"inLanguage\":\"pt-BR\",\"potentialAction\":[{\"@type\":\"ReadAction\",\"target\":[\"https:\/\/www.suno.com.br\/noticias\/selic-copom-reuniao-janeiro-xp\/\"]}]},{\"@type\":\"ImageObject\",\"inLanguage\":\"pt-BR\",\"@id\":\"https:\/\/www.suno.com.br\/noticias\/selic-copom-reuniao-janeiro-xp\/#primaryimage\",\"url\":\"https:\/\/files.sunoresearch.com.br\/n\/uploads\/2022\/06\/copom.jpg\",\"contentUrl\":\"https:\/\/files.sunoresearch.com.br\/n\/uploads\/2022\/06\/copom.jpg\",\"width\":1280,\"height\":853,\"caption\":\"Copom corta Selic. Foto: Marcello Casal Jr\/Ag\u00eancia Brasil\"},{\"@type\":\"BreadcrumbList\",\"@id\":\"https:\/\/www.suno.com.br\/noticias\/selic-copom-reuniao-janeiro-xp\/#breadcrumb\",\"itemListElement\":[{\"@type\":\"ListItem\",\"position\":1,\"name\":\"Not\u00edcias\",\"item\":\"https:\/\/www.suno.com.br\/noticias\/\"},{\"@type\":\"ListItem\",\"position\":2,\"name\":\"Economia\",\"item\":\"https:\/\/www.suno.com.br\/noticias\/economia\/\"},{\"@type\":\"ListItem\",\"position\":3,\"name\":\"Selic deve ser mantida no pr\u00f3ximo Copom, projetam analistas do BBA\"}]},{\"@type\":\"WebSite\",\"@id\":\"https:\/\/www.suno.com.br\/noticias\/#website\",\"url\":\"https:\/\/www.suno.com.br\/noticias\/\",\"name\":\"Suno Not\u00edcias\",\"description\":\"Seu portal de informa\u00e7\u00e3o sobre o mundo dos investimentos\",\"publisher\":{\"@id\":\"https:\/\/www.suno.com.br\/noticias\/#organization\"},\"potentialAction\":[{\"@type\":\"SearchAction\",\"target\":{\"@type\":\"EntryPoint\",\"urlTemplate\":\"https:\/\/www.suno.com.br\/noticias\/?s={search_term_string}\"},\"query-input\":{\"@type\":\"PropertyValueSpecification\",\"valueRequired\":true,\"valueName\":\"search_term_string\"}}],\"inLanguage\":\"pt-BR\"},{\"@type\":\"Organization\",\"@id\":\"https:\/\/www.suno.com.br\/noticias\/#organization\",\"name\":\"Suno Not\u00edcias\",\"url\":\"https:\/\/www.suno.com.br\/noticias\/\",\"logo\":{\"@type\":\"ImageObject\",\"inLanguage\":\"pt-BR\",\"@id\":\"https:\/\/www.suno.com.br\/noticias\/#\/schema\/logo\/image\/\",\"url\":\"https:\/\/files.sunoresearch.com.br\/n\/uploads\/2021\/09\/suno-logo.png\",\"contentUrl\":\"https:\/\/files.sunoresearch.com.br\/n\/uploads\/2021\/09\/suno-logo.png\",\"width\":180,\"height\":180,\"caption\":\"Suno Not\u00edcias\"},\"image\":{\"@id\":\"https:\/\/www.suno.com.br\/noticias\/#\/schema\/logo\/image\/\"},\"sameAs\":[\"https:\/\/facebook.com\/sunoresearch\",\"https:\/\/x.com\/sunoresearch\",\"https:\/\/www.instagram.com\/suno\",\"https:\/\/www.linkedin.com\/company\/suno-research\/\",\"https:\/\/www.youtube.com\/c\/sunoresearch\"]},{\"@type\":\"Person\",\"@id\":\"https:\/\/www.suno.com.br\/noticias\/#\/schema\/person\/7f4d362bf3518e76090143ae77bb49a5\",\"name\":\"Eduardo Vargas\",\"image\":{\"@type\":\"ImageObject\",\"inLanguage\":\"pt-BR\",\"@id\":\"https:\/\/www.suno.com.br\/noticias\/#\/schema\/person\/image\/\",\"url\":\"https:\/\/secure.gravatar.com\/avatar\/dac340933427a22924c9f99d1eb2e3f2?s=96&r=g\",\"contentUrl\":\"https:\/\/secure.gravatar.com\/avatar\/dac340933427a22924c9f99d1eb2e3f2?s=96&r=g\",\"caption\":\"Eduardo Vargas\"},\"description\":\"Jornalista formado pela UFSC, cobre macroeconomia, neg\u00f3cios e startups para o Suno Not\u00edcias, escrevendo principalmente not\u00edcias sobre o mercado financeiro e a bolsa de valores. No YouTube e no Instagram, \u00e9 respons\u00e1vel pela produ\u00e7\u00e3o de Reels e Shorts do Suno Not\u00edcias. Anteriormente, trabalhou cobrindo economia e cotidiano no ND+ e para o ND, maior jornal impresso de Santa Catarina. Cursou um semestre letivo de Estudos de M\u00eddia na Universidad de Buenos Aires.\",\"url\":\"https:\/\/www.suno.com.br\/noticias\/author\/eduardo-vargas\/\"}]}<\/script>\n<!-- \/ Yoast SEO plugin. -->","yoast_head_json":{"title":"Selic deve ser mantida no pr\u00f3ximo Copom, projetam analistas do BBA","description":"Analistas esperam manuten\u00e7\u00e3o da taxa Selic em 13,75%, mas Focus projeta taxa de juros menor para o fim do ano. Clique e confira!","robots":{"index":"index","follow":"follow","max-snippet":"max-snippet:-1","max-image-preview":"max-image-preview:large","max-video-preview":"max-video-preview:-1"},"canonical":"https:\/\/www.suno.com.br\/noticias\/selic-copom-reuniao-janeiro-xp\/","og_locale":"pt_BR","og_type":"article","og_title":"Selic deve ser mantida no pr\u00f3ximo Copom, projetam analistas do BBA","og_description":"Analistas esperam manuten\u00e7\u00e3o da taxa Selic em 13,75%, mas Focus projeta taxa de juros menor para o fim do ano. Clique e confira!","og_url":"https:\/\/www.suno.com.br\/noticias\/selic-copom-reuniao-janeiro-xp\/","og_site_name":"Suno Not\u00edcias","article_publisher":"https:\/\/facebook.com\/sunoresearch","og_image":[{"width":1280,"height":853,"url":"https:\/\/files.sunoresearch.com.br\/n\/uploads\/2022\/06\/copom.jpg","type":"image\/jpeg"}],"author":"Eduardo Vargas","twitter_card":"summary_large_image","twitter_creator":"@sunoresearch","twitter_site":"@sunoresearch","twitter_misc":{"Escrito por":"Eduardo Vargas","Est. tempo de leitura":"2 minutos"},"schema":{"@context":"https:\/\/schema.org","@graph":[{"@type":"NewsArticle","@id":"https:\/\/www.suno.com.br\/noticias\/selic-copom-reuniao-janeiro-xp\/#article","isPartOf":{"@id":"https:\/\/www.suno.com.br\/noticias\/selic-copom-reuniao-janeiro-xp\/"},"author":{"name":"Eduardo Vargas","@id":"https:\/\/www.suno.com.br\/noticias\/#\/schema\/person\/7f4d362bf3518e76090143ae77bb49a5"},"headline":"Selic deve ser mantida no pr\u00f3ximo Copom, projetam analistas do BBA","datePublished":"2023-01-30T20:05:20+00:00","dateModified":"2023-01-31T12:13:52+00:00","mainEntityOfPage":{"@id":"https:\/\/www.suno.com.br\/noticias\/selic-copom-reuniao-janeiro-xp\/"},"wordCount":405,"publisher":{"@id":"https:\/\/www.suno.com.br\/noticias\/#organization"},"image":{"@id":"https:\/\/www.suno.com.br\/noticias\/selic-copom-reuniao-janeiro-xp\/#primaryimage"},"thumbnailUrl":"https:\/\/files.sunoresearch.com.br\/n\/uploads\/2022\/06\/copom.jpg","keywords":["Especialistas","taxa de juros","Taxa Selic"],"articleSection":["Economia"],"inLanguage":"pt-BR"},{"@type":"WebPage","@id":"https:\/\/www.suno.com.br\/noticias\/selic-copom-reuniao-janeiro-xp\/","url":"https:\/\/www.suno.com.br\/noticias\/selic-copom-reuniao-janeiro-xp\/","name":"Selic deve ser mantida no pr\u00f3ximo Copom, projetam analistas do BBA","isPartOf":{"@id":"https:\/\/www.suno.com.br\/noticias\/#website"},"primaryImageOfPage":{"@id":"https:\/\/www.suno.com.br\/noticias\/selic-copom-reuniao-janeiro-xp\/#primaryimage"},"image":{"@id":"https:\/\/www.suno.com.br\/noticias\/selic-copom-reuniao-janeiro-xp\/#primaryimage"},"thumbnailUrl":"https:\/\/files.sunoresearch.com.br\/n\/uploads\/2022\/06\/copom.jpg","datePublished":"2023-01-30T20:05:20+00:00","dateModified":"2023-01-31T12:13:52+00:00","description":"Analistas esperam manuten\u00e7\u00e3o da taxa Selic em 13,75%, mas Focus projeta taxa de juros menor para o fim do ano. Clique e confira!","breadcrumb":{"@id":"https:\/\/www.suno.com.br\/noticias\/selic-copom-reuniao-janeiro-xp\/#breadcrumb"},"inLanguage":"pt-BR","potentialAction":[{"@type":"ReadAction","target":["https:\/\/www.suno.com.br\/noticias\/selic-copom-reuniao-janeiro-xp\/"]}]},{"@type":"ImageObject","inLanguage":"pt-BR","@id":"https:\/\/www.suno.com.br\/noticias\/selic-copom-reuniao-janeiro-xp\/#primaryimage","url":"https:\/\/files.sunoresearch.com.br\/n\/uploads\/2022\/06\/copom.jpg","contentUrl":"https:\/\/files.sunoresearch.com.br\/n\/uploads\/2022\/06\/copom.jpg","width":1280,"height":853,"caption":"Copom corta Selic. Foto: Marcello Casal Jr\/Ag\u00eancia Brasil"},{"@type":"BreadcrumbList","@id":"https:\/\/www.suno.com.br\/noticias\/selic-copom-reuniao-janeiro-xp\/#breadcrumb","itemListElement":[{"@type":"ListItem","position":1,"name":"Not\u00edcias","item":"https:\/\/www.suno.com.br\/noticias\/"},{"@type":"ListItem","position":2,"name":"Economia","item":"https:\/\/www.suno.com.br\/noticias\/economia\/"},{"@type":"ListItem","position":3,"name":"Selic deve ser mantida no pr\u00f3ximo Copom, projetam analistas do BBA"}]},{"@type":"WebSite","@id":"https:\/\/www.suno.com.br\/noticias\/#website","url":"https:\/\/www.suno.com.br\/noticias\/","name":"Suno Not\u00edcias","description":"Seu portal de informa\u00e7\u00e3o sobre o mundo dos investimentos","publisher":{"@id":"https:\/\/www.suno.com.br\/noticias\/#organization"},"potentialAction":[{"@type":"SearchAction","target":{"@type":"EntryPoint","urlTemplate":"https:\/\/www.suno.com.br\/noticias\/?s={search_term_string}"},"query-input":{"@type":"PropertyValueSpecification","valueRequired":true,"valueName":"search_term_string"}}],"inLanguage":"pt-BR"},{"@type":"Organization","@id":"https:\/\/www.suno.com.br\/noticias\/#organization","name":"Suno Not\u00edcias","url":"https:\/\/www.suno.com.br\/noticias\/","logo":{"@type":"ImageObject","inLanguage":"pt-BR","@id":"https:\/\/www.suno.com.br\/noticias\/#\/schema\/logo\/image\/","url":"https:\/\/files.sunoresearch.com.br\/n\/uploads\/2021\/09\/suno-logo.png","contentUrl":"https:\/\/files.sunoresearch.com.br\/n\/uploads\/2021\/09\/suno-logo.png","width":180,"height":180,"caption":"Suno Not\u00edcias"},"image":{"@id":"https:\/\/www.suno.com.br\/noticias\/#\/schema\/logo\/image\/"},"sameAs":["https:\/\/facebook.com\/sunoresearch","https:\/\/x.com\/sunoresearch","https:\/\/www.instagram.com\/suno","https:\/\/www.linkedin.com\/company\/suno-research\/","https:\/\/www.youtube.com\/c\/sunoresearch"]},{"@type":"Person","@id":"https:\/\/www.suno.com.br\/noticias\/#\/schema\/person\/7f4d362bf3518e76090143ae77bb49a5","name":"Eduardo Vargas","image":{"@type":"ImageObject","inLanguage":"pt-BR","@id":"https:\/\/www.suno.com.br\/noticias\/#\/schema\/person\/image\/","url":"https:\/\/secure.gravatar.com\/avatar\/dac340933427a22924c9f99d1eb2e3f2?s=96&r=g","contentUrl":"https:\/\/secure.gravatar.com\/avatar\/dac340933427a22924c9f99d1eb2e3f2?s=96&r=g","caption":"Eduardo Vargas"},"description":"Jornalista formado pela UFSC, cobre macroeconomia, neg\u00f3cios e startups para o Suno Not\u00edcias, escrevendo principalmente not\u00edcias sobre o mercado financeiro e a bolsa de valores. No YouTube e no Instagram, \u00e9 respons\u00e1vel pela produ\u00e7\u00e3o de Reels e Shorts do Suno Not\u00edcias. Anteriormente, trabalhou cobrindo economia e cotidiano no ND+ e para o ND, maior jornal impresso de Santa Catarina. Cursou um semestre letivo de Estudos de M\u00eddia na Universidad de Buenos Aires.","url":"https:\/\/www.suno.com.br\/noticias\/author\/eduardo-vargas\/"}]}},"default_loop_html":"<div class=\"cardsPage__listCard__boxs\"><div class=\"cardsPage__listCard__boxs__img\"><a href=\"https:\/\/www.suno.com.br\/noticias\/selic-copom-reuniao-janeiro-xp\/\"><img class=\"mask\" src=\"https:\/\/www.suno.com.br\/noticias\/wp-content\/themes\/suno\/resources\/images\/spotlight\/spotlight1img\/bg-mask.png\" alt=\"Image Mask\"\/><img src=\"https:\/\/files.sunoresearch.com.br\/n\/uploads\/2022\/06\/copom-400x200.jpg\" alt=\"Selic deve ser mantida no pr\u00f3ximo Copom, projetam analistas do BBA\"\/><\/a><span class=\"spotlightCategory\"><a href=\"https:\/\/www.suno.com.br\/noticias\/economia\/\">Economia<\/a><\/span><\/div><div class=\"cardsPage__listCard__boxs__content\"><a href=\"https:\/\/www.suno.com.br\/noticias\/selic-copom-reuniao-janeiro-xp\/\"><h2 class=\"content__title\">Selic deve ser mantida no pr\u00f3ximo Copom, projetam analistas do BBA<\/h2><\/a><div class=\"newsContent__article__meta\"><div class=\"newsContent__article__meta__authorBox\"><a href=\"https:\/\/www.suno.com.br\/noticias\/author\/eduardo-vargas\/\" class=\"authorBox__avatar noMobi\"><img src=\"https:\/\/secure.gravatar.com\/avatar\/dac340933427a22924c9f99d1eb2e3f2?s=96&#038;r=g\" alt=\"Eduardo Vargas\"><\/a><div class=\"authorBox__name\"><span>por\n\t\t\t<a href=\"https:\/\/www.suno.com.br\/noticias\/author\/eduardo-vargas\/\"><span itemprop=\"author\">Eduardo Vargas<\/span><\/a><\/span><time datetime=\"2023-01-30T17:05:20-03:00\" itemprop=\"datePublished\">30\/01\/2023 17:05<\/time><\/div><\/div><\/div><\/div><\/div>","single_layout":"posts","amp_enabled":true,"_links":{"self":[{"href":"https:\/\/www.suno.com.br\/noticias\/wp-json\/wp\/v2\/posts\/354896"}],"collection":[{"href":"https:\/\/www.suno.com.br\/noticias\/wp-json\/wp\/v2\/posts"}],"about":[{"href":"https:\/\/www.suno.com.br\/noticias\/wp-json\/wp\/v2\/types\/post"}],"author":[{"embeddable":true,"href":"https:\/\/www.suno.com.br\/noticias\/wp-json\/wp\/v2\/users\/73"}],"replies":[{"embeddable":true,"href":"https:\/\/www.suno.com.br\/noticias\/wp-json\/wp\/v2\/comments?post=354896"}],"version-history":[{"count":3,"href":"https:\/\/www.suno.com.br\/noticias\/wp-json\/wp\/v2\/posts\/354896\/revisions"}],"predecessor-version":[{"id":355432,"href":"https:\/\/www.suno.com.br\/noticias\/wp-json\/wp\/v2\/posts\/354896\/revisions\/355432"}],"wp:featuredmedia":[{"embeddable":true,"href":"https:\/\/www.suno.com.br\/noticias\/wp-json\/wp\/v2\/media\/267838"}],"wp:attachment":[{"href":"https:\/\/www.suno.com.br\/noticias\/wp-json\/wp\/v2\/media?parent=354896"}],"wp:term":[{"taxonomy":"category","embeddable":true,"href":"https:\/\/www.suno.com.br\/noticias\/wp-json\/wp\/v2\/categories?post=354896"},{"taxonomy":"post_tag","embeddable":true,"href":"https:\/\/www.suno.com.br\/noticias\/wp-json\/wp\/v2\/tags?post=354896"},{"taxonomy":"suno_strategy","embeddable":true,"href":"https:\/\/www.suno.com.br\/noticias\/wp-json\/wp\/v2\/suno_strategy?post=354896"}],"curies":[{"name":"wp","href":"https:\/\/api.w.org\/{rel}","templated":true}]}}