{"id":354893,"date":"2023-01-30T13:53:32","date_gmt":"2023-01-30T16:53:32","guid":{"rendered":"https:\/\/www.suno.com.br\/noticias\/?p=354893"},"modified":"2023-01-30T15:54:53","modified_gmt":"2023-01-30T18:54:53","slug":"ministro-de-lula-usou-5-milhoes-orcamento-secreto","status":"publish","type":"post","link":"https:\/\/www.suno.com.br\/noticias\/ministro-de-lula-usou-5-milhoes-orcamento-secreto\/","title":{"rendered":"Ministro de Lula usou R$ 5 milh\u00f5es de or\u00e7amento secreto para beneficiar pr\u00f3pria fazenda, diz jornal"},"content":{"rendered":"<p>O ministro das Comunica\u00e7\u00f5es <strong>Juscelino Filho<\/strong> (Uni\u00e3o Brasil) utilizou R$ 5 milh\u00f5es do <strong><a href=\"https:\/\/www.suno.com.br\/noticias\/orcamento-secreto-o-que-e-stf-julgamento-lula-bolsonaro\/\">or\u00e7amento secreto<\/a><\/strong> para asfaltar uma estrada de terra que passa em frente \u00e0 sua fazenda, em Vitorino Freire (MA). O chefe da pasta, nomeado pelo presidente Luiz In\u00e1cio Lula da Silva (PT), destinou os recursos para a cidade que tem sua irm\u00e3 como prefeita. As informa\u00e7\u00f5es s\u00e3o do jornal O Estado de S. Paulo.<\/p>\t<div class=\"wrapper-featured-image\">\n\t\t<figure class=\"spotlightImg\">\n\n\t\t\t<picture>\n\t\t\t\t<source media=\"(max-width: 768px)\" srcset=\"https:\/\/files.sunoresearch.com.br\/n\/uploads\/2023\/01\/juscelino-filho-ministro-lula-divulgacao-400x200.jpg\">\n\t\t\t\t<img loading=\"lazy\" decoding=\"async\" class=\"newsContent__article__imgCapa lazyloadDisabled \" src=\"https:\/\/files.sunoresearch.com.br\/n\/uploads\/2023\/01\/juscelino-filho-ministro-lula-divulgacao-800x450.jpg\" width=\"800\" height=\"450\" alt=\"Ministro de Lula usou R$ 5 milh\u00f5es de or\u00e7amento secreto para beneficiar pr\u00f3pria fazenda, diz jornal\" fetchpriority=high \/>\n\t\t\t<\/picture>\n\n\t\t\t<figcaption class=\"wp-caption-text wp-caption-text--show\">Ministro de Lula usou R$ 5 milh\u00f5es de or\u00e7amento secreto para beneficiar pr\u00f3pria fazenda, diz jornal. Foto: Ricardo Stuckert\/Divulga\u00e7\u00e3o\/PT<\/figcaption>\n\t\t<\/figure>\n\t<\/div>\n\n\n\n\n\n\t<p>\n\t\t<a href=\"\" target=\"_blank\" data-element=\"shortcode-suno-banner\" title=\"Banner SUNO, clique e saiba mais\">\n\t\t\t<picture>\n\t\t\t\t<source media=\"(max-width: 500px)\" srcset=\"\">\n\t\t\t\t<img class=\"newsContent__article__imgCapa newsContent__article__imgCapa--banner\"\n\t\t\t\t\tsrc=\"\"\n\t\t\t\t\tdata-promo-id=\"138420\"\t\t\t\t\t\t\t\t\t\t\t\t\t\t\talt=\"\"\n\t\t\t\t>\n\t\t\t<\/picture>\n\t\t<\/a>\n\t<\/p>\n\n\n\n\n\n<p>A <strong>propriedade de Juscelino Filho <\/strong>abriga, ainda, uma pista de pouso para seu avi\u00e3o particular e um heliponto. Segundo o jornal, a empresa contratada pelo munic\u00edpio para realizar a obra \u00e9 de um amigo do ministro. Um engenheiro da Companhia de Desenvolvimento dos Vales do S\u00e3o Francisco e do Parna\u00edba (Codevasf), estatal controlada pelo Uni\u00e3o Brasil, que assinou o parecer que autoriza o valor or\u00e7ado, foi indicado pelo grupo pol\u00edtico.<\/p>\n\n\n\n<p>O engenheiro foi afastado sob suspeita de receber R$ 250 mil em propina do empres\u00e1rio Eduardo Jos\u00e9 Barros Costa, conhecido como &#8220;Eduardo Imperador&#8221;, que foi preso pela Pol\u00edcia Federal. Juscelino admitiu que conhece o empres\u00e1rio h\u00e1 mais de 20 anos.&nbsp;<\/p>\n\n\n\n<h2 class=\"wp-block-heading\">Quem \u00e9 Juscelino Filho, ministro de Lula<\/h2>\n\n\n\n<p>Juscelino Filho era, at\u00e9 ano passado, deputado federal do baixo clero, eleito para o terceiro mandato. Ele foi escolhido pelo presidente Lula para comandar o minist\u00e9rio das Comunica\u00e7\u00f5es, um dos principais do governo, que tem or\u00e7amento de R$ 3 bilh\u00f5es.<\/p>\n\n\n\n<p>O partido do ministro, o Uni\u00e3o Brasil, recebeu tr\u00eas pastas do atual governo para comandar a partir de 2023.&nbsp;<\/p>\n\n\n\n<p>Apesar da carreira pol\u00edtica, Juscelino nunca teve influ\u00eancia nas discuss\u00f5es nacionais ou no setor de comunica\u00e7\u00f5es, mas era uma <strong>figura de for\u00e7a no Centr\u00e3o<\/strong>.&nbsp;<\/p>\n\n\n\n<p>Um dos mecanismos de troca para negocia\u00e7\u00f5es do ex-presidente Jair Bolsonaro (PL), <strong>Juscelino destinou pelo menos R$ 50 milh\u00f5es do or\u00e7amento secreto<\/strong>, segundo o Estad\u00e3o. Destes, R$ 16 milh\u00f5es foram despachados para Vitorino Freire (MA).&nbsp;<\/p>\n\n\n\n<p>No local, a fam\u00edlia de Juscelino tem dezenas de fazendas. Pelo menos oito foram beneficiadas pela estrada que mandou asfaltar com os recursos provenientes das emendas de relator.&nbsp;<\/p>\n\n\n\t<p>\n\t\t<a href=\"https:\/\/lp.suno.com.br\/planilha-controle-gastos\/\" target=\"_blank\" data-element=\"shortcode-suno-banner\" title=\"Banner SUNO, clique e saiba mais\">\n\t\t\t<picture>\n\t\t\t\t<source media=\"(max-width: 500px)\" srcset=\"https:\/\/files.sunoresearch.com.br\/n\/uploads\/2023\/03\/400x300-Planilha-controle-de-gastos.png\">\n\t\t\t\t<img class=\"newsContent__article__imgCapa newsContent__article__imgCapa--banner\"\n\t\t\t\t\tsrc=\"https:\/\/files.sunoresearch.com.br\/n\/uploads\/2023\/03\/1420x240-Planilha-controle-de-gastos.png\"\n\t\t\t\t\tdata-promo-id=\"101751\"\t\t\t\t\t\t\t\t\t\twidth='1420' height='240'\t\t\t\t\talt=\"https:\/\/files.sunoresearch.com.br\/n\/uploads\/2023\/03\/1420x240-Planilha-controle-de-gastos.png\"\n\t\t\t\t>\n\t\t\t<\/picture>\n\t\t<\/a>\n\t<\/p>\n\n\n\n\n\n<h2 class=\"wp-block-heading\" id=\"h-lula-criticou-orcamento-secreto-durante-campanha\">Lula criticou or\u00e7amento secreto durante campanha<\/h2>\n\n\n\n<p>Durante a campanha para a presid\u00eancia, <strong>Lula disse que o or\u00e7amento secreto era o maior esquema de \u201cbandidagem\u201d<\/strong> da Rep\u00fablica. \u201cO Or\u00e7amento \u00e9 chamado de secreto porque o destino desses recursos \u00e9 mantido em segredo. Mas todo mundo sabe para onde esse dinheiro vai: fraudes e desvios de verbas\u201d, disse na \u00e9poca.&nbsp;<\/p>\n\n\n\n<p>As <strong>emendas de relator, chamadas de emendas do or\u00e7amento secreto<\/strong> ou RP9, permitem que parlamentares apresentem requerimento de verba da Uni\u00e3o sem que seja necess\u00e1rio dar detalhes ou transpar\u00eancia sobre a destina\u00e7\u00e3o dos recursos ou mesmo sobre qual foi o parlamentar solicitante.&nbsp;<\/p>\n\n\n\n<p>As emendas ganharam valores bilion\u00e1rios ao longo do governo de Jair Bolsonaro. Desde 2019, o <strong>or\u00e7amento secreto se apropriou de R$ 53,9 bilh\u00f5es dos recursos p\u00fablicos<\/strong> para redutos de deputados e senadores. Na pr\u00e1tica, governadores e prefeitos, por exemplo, recebem valores para a compra de recursos sem qualquer estudo que indique sua necessidade.<\/p>\n\n\n\n<p>Em dezembro, o <a href=\"https:\/\/www.suno.com.br\/noticias\/stf-maioria-derrubar-orcamento-secreto\/\">Supremo Tribunal Federal (STF) formou maioria de votos<\/a> para considerar inconstitucional o <strong>or\u00e7amento secreto<\/strong>. Cinco ministros seguiram o posicionamento da presidente do STF, Rosa Weber, que define o esquema como um dispositivo \u201c\u00e0 margem da legalidade\u201d, com falta de transpar\u00eancia que viola a Constitui\u00e7\u00e3o.<\/p>\n\n\n\t<p>\n\t\t<a href=\"https:\/\/lp.suno.com.br\/planilha-da-vida-financeira\/\" target=\"_blank\" data-element=\"shortcode-suno-banner\" title=\"Banner SUNO, clique e saiba mais\">\n\t\t\t<picture>\n\t\t\t\t<source media=\"(max-width: 500px)\" srcset=\"https:\/\/files.sunoresearch.com.br\/n\/uploads\/2023\/04\/400x300-Planilha-vida-financeira-true.png\">\n\t\t\t\t<img class=\"newsContent__article__imgCapa newsContent__article__imgCapa--banner\"\n\t\t\t\t\tsrc=\"https:\/\/files.sunoresearch.com.br\/n\/uploads\/2023\/04\/1420x240-Planilha-vida-financeira-true.png\"\n\t\t\t\t\tdata-promo-id=\"106682\"\t\t\t\t\t\t\t\t\t\twidth='1420' height='240'\t\t\t\t\talt=\"https:\/\/files.sunoresearch.com.br\/n\/uploads\/2023\/04\/1420x240-Planilha-vida-financeira-true.png\"\n\t\t\t\t>\n\t\t\t<\/picture>\n\t\t<\/a>\n\t<\/p>\n\n\n","protected":false},"excerpt":{"rendered":"<p>O ministro das Comunica\u00e7\u00f5es Juscelino Filho (Uni\u00e3o Brasil) utilizou R$ 5 milh\u00f5es do or\u00e7amento secreto para asfaltar uma estrada de terra que passa em frente \u00e0 sua fazenda, em Vitorino Freire (MA). O chefe da pasta, nomeado pelo presidente Luiz In\u00e1cio Lula da Silva (PT), destinou os recursos para a cidade que tem sua irm\u00e3 [&hellip;]<\/p>\n","protected":false},"author":70,"featured_media":354908,"comment_status":"closed","ping_status":"closed","sticky":false,"template":"","format":"standard","meta":[],"categories":[61],"tags":[901,719,709,785],"suno_strategy":[],"class_list":["post-354893","post","type-post","status-publish","format-standard","has-post-thumbnail","hentry","category-politica","tag-congresso-nacional","tag-jair-bolsonaro","tag-lula","tag-supremo-tribunal-federal-stf"],"yoast_head":"<!-- This site is optimized with the Yoast SEO plugin v24.4 - https:\/\/yoast.com\/wordpress\/plugins\/seo\/ -->\n<title>Ministro de Lula usou R$ 5 milh\u00f5es de or\u00e7amento secreto, diz jornal<\/title>\n<meta name=\"description\" content=\"O ministro das Comunica\u00e7\u00f5es de Lula, Juscelino Filho, utilizou R$ 5 milh\u00f5es do or\u00e7amento secreto para uma estrada no Maranh\u00e3o. Entenda!\" \/>\n<meta name=\"robots\" content=\"index, follow, max-snippet:-1, max-image-preview:large, max-video-preview:-1\" \/>\n<link rel=\"canonical\" href=\"https:\/\/www.suno.com.br\/noticias\/ministro-de-lula-usou-5-milhoes-orcamento-secreto\/\" \/>\n<meta property=\"og:locale\" content=\"pt_BR\" \/>\n<meta property=\"og:type\" content=\"article\" \/>\n<meta property=\"og:title\" content=\"Ministro de Lula usou R$ 5 milh\u00f5es de or\u00e7amento secreto, diz jornal\" \/>\n<meta property=\"og:description\" content=\"O ministro das Comunica\u00e7\u00f5es de Lula, Juscelino Filho, utilizou R$ 5 milh\u00f5es do or\u00e7amento secreto para uma estrada no Maranh\u00e3o. Entenda!\" \/>\n<meta property=\"og:url\" content=\"https:\/\/www.suno.com.br\/noticias\/ministro-de-lula-usou-5-milhoes-orcamento-secreto\/\" \/>\n<meta property=\"og:site_name\" content=\"Suno Not\u00edcias\" \/>\n<meta property=\"article:publisher\" content=\"https:\/\/facebook.com\/sunoresearch\" \/>\n<meta property=\"og:image\" content=\"https:\/\/files.sunoresearch.com.br\/n\/uploads\/2023\/01\/juscelino-filho-ministro-lula-divulgacao.jpg\" \/>\n\t<meta property=\"og:image:width\" content=\"1200\" \/>\n\t<meta property=\"og:image:height\" content=\"819\" \/>\n\t<meta property=\"og:image:type\" content=\"image\/jpeg\" \/>\n<meta name=\"author\" content=\"Beatriz Boyadjian\" \/>\n<meta name=\"twitter:card\" content=\"summary_large_image\" \/>\n<meta name=\"twitter:creator\" content=\"@sunoresearch\" \/>\n<meta name=\"twitter:site\" content=\"@sunoresearch\" \/>\n<meta name=\"twitter:label1\" content=\"Escrito por\" \/>\n\t<meta name=\"twitter:data1\" content=\"Beatriz Boyadjian\" \/>\n\t<meta name=\"twitter:label2\" content=\"Est. tempo de leitura\" \/>\n\t<meta name=\"twitter:data2\" content=\"3 minutos\" \/>\n<script type=\"application\/ld+json\" class=\"yoast-schema-graph\">{\"@context\":\"https:\/\/schema.org\",\"@graph\":[{\"@type\":\"NewsArticle\",\"@id\":\"https:\/\/www.suno.com.br\/noticias\/ministro-de-lula-usou-5-milhoes-orcamento-secreto\/#article\",\"isPartOf\":{\"@id\":\"https:\/\/www.suno.com.br\/noticias\/ministro-de-lula-usou-5-milhoes-orcamento-secreto\/\"},\"author\":{\"name\":\"Beatriz Boyadjian\",\"@id\":\"https:\/\/www.suno.com.br\/noticias\/#\/schema\/person\/c9d40f227e4ffee8114b1299c28902b0\"},\"headline\":\"Ministro de Lula usou R$ 5 milh\u00f5es de or\u00e7amento secreto para beneficiar pr\u00f3pria fazenda, diz jornal\",\"datePublished\":\"2023-01-30T16:53:32+00:00\",\"dateModified\":\"2023-01-30T18:54:53+00:00\",\"mainEntityOfPage\":{\"@id\":\"https:\/\/www.suno.com.br\/noticias\/ministro-de-lula-usou-5-milhoes-orcamento-secreto\/\"},\"wordCount\":602,\"publisher\":{\"@id\":\"https:\/\/www.suno.com.br\/noticias\/#organization\"},\"image\":{\"@id\":\"https:\/\/www.suno.com.br\/noticias\/ministro-de-lula-usou-5-milhoes-orcamento-secreto\/#primaryimage\"},\"thumbnailUrl\":\"https:\/\/files.sunoresearch.com.br\/n\/uploads\/2023\/01\/juscelino-filho-ministro-lula-divulgacao.jpg\",\"keywords\":[\"Congresso Nacional\",\"Jair Bolsonaro\",\"Lula\",\"Supremo Tribunal Federal (STF)\"],\"articleSection\":[\"Pol\u00edtica\"],\"inLanguage\":\"pt-BR\"},{\"@type\":\"WebPage\",\"@id\":\"https:\/\/www.suno.com.br\/noticias\/ministro-de-lula-usou-5-milhoes-orcamento-secreto\/\",\"url\":\"https:\/\/www.suno.com.br\/noticias\/ministro-de-lula-usou-5-milhoes-orcamento-secreto\/\",\"name\":\"Ministro de Lula usou R$ 5 milh\u00f5es de or\u00e7amento secreto, diz jornal\",\"isPartOf\":{\"@id\":\"https:\/\/www.suno.com.br\/noticias\/#website\"},\"primaryImageOfPage\":{\"@id\":\"https:\/\/www.suno.com.br\/noticias\/ministro-de-lula-usou-5-milhoes-orcamento-secreto\/#primaryimage\"},\"image\":{\"@id\":\"https:\/\/www.suno.com.br\/noticias\/ministro-de-lula-usou-5-milhoes-orcamento-secreto\/#primaryimage\"},\"thumbnailUrl\":\"https:\/\/files.sunoresearch.com.br\/n\/uploads\/2023\/01\/juscelino-filho-ministro-lula-divulgacao.jpg\",\"datePublished\":\"2023-01-30T16:53:32+00:00\",\"dateModified\":\"2023-01-30T18:54:53+00:00\",\"description\":\"O ministro das Comunica\u00e7\u00f5es de Lula, Juscelino Filho, utilizou R$ 5 milh\u00f5es do or\u00e7amento secreto para uma estrada no Maranh\u00e3o. Entenda!\",\"breadcrumb\":{\"@id\":\"https:\/\/www.suno.com.br\/noticias\/ministro-de-lula-usou-5-milhoes-orcamento-secreto\/#breadcrumb\"},\"inLanguage\":\"pt-BR\",\"potentialAction\":[{\"@type\":\"ReadAction\",\"target\":[\"https:\/\/www.suno.com.br\/noticias\/ministro-de-lula-usou-5-milhoes-orcamento-secreto\/\"]}]},{\"@type\":\"ImageObject\",\"inLanguage\":\"pt-BR\",\"@id\":\"https:\/\/www.suno.com.br\/noticias\/ministro-de-lula-usou-5-milhoes-orcamento-secreto\/#primaryimage\",\"url\":\"https:\/\/files.sunoresearch.com.br\/n\/uploads\/2023\/01\/juscelino-filho-ministro-lula-divulgacao.jpg\",\"contentUrl\":\"https:\/\/files.sunoresearch.com.br\/n\/uploads\/2023\/01\/juscelino-filho-ministro-lula-divulgacao.jpg\",\"width\":1200,\"height\":819,\"caption\":\"Ministro de Lula usou R$ 5 milh\u00f5es de or\u00e7amento secreto para beneficiar pr\u00f3pria fazenda, diz jornal. Foto: Ricardo Stuckert\/Divulga\u00e7\u00e3o\/PT\"},{\"@type\":\"BreadcrumbList\",\"@id\":\"https:\/\/www.suno.com.br\/noticias\/ministro-de-lula-usou-5-milhoes-orcamento-secreto\/#breadcrumb\",\"itemListElement\":[{\"@type\":\"ListItem\",\"position\":1,\"name\":\"Not\u00edcias\",\"item\":\"https:\/\/www.suno.com.br\/noticias\/\"},{\"@type\":\"ListItem\",\"position\":2,\"name\":\"Pol\u00edtica\",\"item\":\"https:\/\/www.suno.com.br\/noticias\/politica\/\"},{\"@type\":\"ListItem\",\"position\":3,\"name\":\"Ministro de Lula usou R$ 5 milh\u00f5es de or\u00e7amento secreto para beneficiar pr\u00f3pria fazenda, diz jornal\"}]},{\"@type\":\"WebSite\",\"@id\":\"https:\/\/www.suno.com.br\/noticias\/#website\",\"url\":\"https:\/\/www.suno.com.br\/noticias\/\",\"name\":\"Suno Not\u00edcias\",\"description\":\"Seu portal de informa\u00e7\u00e3o sobre o mundo dos investimentos\",\"publisher\":{\"@id\":\"https:\/\/www.suno.com.br\/noticias\/#organization\"},\"potentialAction\":[{\"@type\":\"SearchAction\",\"target\":{\"@type\":\"EntryPoint\",\"urlTemplate\":\"https:\/\/www.suno.com.br\/noticias\/?s={search_term_string}\"},\"query-input\":{\"@type\":\"PropertyValueSpecification\",\"valueRequired\":true,\"valueName\":\"search_term_string\"}}],\"inLanguage\":\"pt-BR\"},{\"@type\":\"Organization\",\"@id\":\"https:\/\/www.suno.com.br\/noticias\/#organization\",\"name\":\"Suno Not\u00edcias\",\"url\":\"https:\/\/www.suno.com.br\/noticias\/\",\"logo\":{\"@type\":\"ImageObject\",\"inLanguage\":\"pt-BR\",\"@id\":\"https:\/\/www.suno.com.br\/noticias\/#\/schema\/logo\/image\/\",\"url\":\"https:\/\/files.sunoresearch.com.br\/n\/uploads\/2021\/09\/suno-logo.png\",\"contentUrl\":\"https:\/\/files.sunoresearch.com.br\/n\/uploads\/2021\/09\/suno-logo.png\",\"width\":180,\"height\":180,\"caption\":\"Suno Not\u00edcias\"},\"image\":{\"@id\":\"https:\/\/www.suno.com.br\/noticias\/#\/schema\/logo\/image\/\"},\"sameAs\":[\"https:\/\/facebook.com\/sunoresearch\",\"https:\/\/x.com\/sunoresearch\",\"https:\/\/www.instagram.com\/suno\",\"https:\/\/www.linkedin.com\/company\/suno-research\/\",\"https:\/\/www.youtube.com\/c\/sunoresearch\"]},{\"@type\":\"Person\",\"@id\":\"https:\/\/www.suno.com.br\/noticias\/#\/schema\/person\/c9d40f227e4ffee8114b1299c28902b0\",\"name\":\"Beatriz Boyadjian\",\"image\":{\"@type\":\"ImageObject\",\"inLanguage\":\"pt-BR\",\"@id\":\"https:\/\/www.suno.com.br\/noticias\/#\/schema\/person\/image\/\",\"url\":\"https:\/\/secure.gravatar.com\/avatar\/4c3c59f4030e268f950437c4f36e38b7?s=96&r=g\",\"contentUrl\":\"https:\/\/secure.gravatar.com\/avatar\/4c3c59f4030e268f950437c4f36e38b7?s=96&r=g\",\"caption\":\"Beatriz Boyadjian\"},\"description\":\"Rep\u00f3rter multim\u00eddia no Suno Not\u00edcias. Jornalista formada pela Faculdade C\u00e1sper L\u00edbero, foi rep\u00f3rter da Forbes Brasil e atuou na cobertura de hard news, economia, neg\u00f3cios e lifestyle. Gerenciou as redes sociais da edi\u00e7\u00e3o brasileira da tradicional revista de neg\u00f3cios. Na M\u00e1quina Cohn&amp;Wolfe, atuou como rela\u00e7\u00f5es p\u00fablicas de clientes do N\u00facleo de Sa\u00fade da empresa. Produziu releases, notas, relat\u00f3rios, entre outros, para empresas como Biomm, Hypera, FIDI. Anteriormente, respons\u00e1vel pelas redes sociais do Suno Not\u00edcias.\",\"sameAs\":[\"https:\/\/www.linkedin.com\/in\/beatriz-boyadjian\/\"],\"url\":\"https:\/\/www.suno.com.br\/noticias\/author\/beatriz-boyadjian\/\"}]}<\/script>\n<!-- \/ Yoast SEO plugin. -->","yoast_head_json":{"title":"Ministro de Lula usou R$ 5 milh\u00f5es de or\u00e7amento secreto, diz jornal","description":"O ministro das Comunica\u00e7\u00f5es de Lula, Juscelino Filho, utilizou R$ 5 milh\u00f5es do or\u00e7amento secreto para uma estrada no Maranh\u00e3o. Entenda!","robots":{"index":"index","follow":"follow","max-snippet":"max-snippet:-1","max-image-preview":"max-image-preview:large","max-video-preview":"max-video-preview:-1"},"canonical":"https:\/\/www.suno.com.br\/noticias\/ministro-de-lula-usou-5-milhoes-orcamento-secreto\/","og_locale":"pt_BR","og_type":"article","og_title":"Ministro de Lula usou R$ 5 milh\u00f5es de or\u00e7amento secreto, diz jornal","og_description":"O ministro das Comunica\u00e7\u00f5es de Lula, Juscelino Filho, utilizou R$ 5 milh\u00f5es do or\u00e7amento secreto para uma estrada no Maranh\u00e3o. Entenda!","og_url":"https:\/\/www.suno.com.br\/noticias\/ministro-de-lula-usou-5-milhoes-orcamento-secreto\/","og_site_name":"Suno Not\u00edcias","article_publisher":"https:\/\/facebook.com\/sunoresearch","og_image":[{"width":1200,"height":819,"url":"https:\/\/files.sunoresearch.com.br\/n\/uploads\/2023\/01\/juscelino-filho-ministro-lula-divulgacao.jpg","type":"image\/jpeg"}],"author":"Beatriz Boyadjian","twitter_card":"summary_large_image","twitter_creator":"@sunoresearch","twitter_site":"@sunoresearch","twitter_misc":{"Escrito por":"Beatriz Boyadjian","Est. tempo de leitura":"3 minutos"},"schema":{"@context":"https:\/\/schema.org","@graph":[{"@type":"NewsArticle","@id":"https:\/\/www.suno.com.br\/noticias\/ministro-de-lula-usou-5-milhoes-orcamento-secreto\/#article","isPartOf":{"@id":"https:\/\/www.suno.com.br\/noticias\/ministro-de-lula-usou-5-milhoes-orcamento-secreto\/"},"author":{"name":"Beatriz Boyadjian","@id":"https:\/\/www.suno.com.br\/noticias\/#\/schema\/person\/c9d40f227e4ffee8114b1299c28902b0"},"headline":"Ministro de Lula usou R$ 5 milh\u00f5es de or\u00e7amento secreto para beneficiar pr\u00f3pria fazenda, diz jornal","datePublished":"2023-01-30T16:53:32+00:00","dateModified":"2023-01-30T18:54:53+00:00","mainEntityOfPage":{"@id":"https:\/\/www.suno.com.br\/noticias\/ministro-de-lula-usou-5-milhoes-orcamento-secreto\/"},"wordCount":602,"publisher":{"@id":"https:\/\/www.suno.com.br\/noticias\/#organization"},"image":{"@id":"https:\/\/www.suno.com.br\/noticias\/ministro-de-lula-usou-5-milhoes-orcamento-secreto\/#primaryimage"},"thumbnailUrl":"https:\/\/files.sunoresearch.com.br\/n\/uploads\/2023\/01\/juscelino-filho-ministro-lula-divulgacao.jpg","keywords":["Congresso Nacional","Jair Bolsonaro","Lula","Supremo Tribunal Federal (STF)"],"articleSection":["Pol\u00edtica"],"inLanguage":"pt-BR"},{"@type":"WebPage","@id":"https:\/\/www.suno.com.br\/noticias\/ministro-de-lula-usou-5-milhoes-orcamento-secreto\/","url":"https:\/\/www.suno.com.br\/noticias\/ministro-de-lula-usou-5-milhoes-orcamento-secreto\/","name":"Ministro de Lula usou R$ 5 milh\u00f5es de or\u00e7amento secreto, diz jornal","isPartOf":{"@id":"https:\/\/www.suno.com.br\/noticias\/#website"},"primaryImageOfPage":{"@id":"https:\/\/www.suno.com.br\/noticias\/ministro-de-lula-usou-5-milhoes-orcamento-secreto\/#primaryimage"},"image":{"@id":"https:\/\/www.suno.com.br\/noticias\/ministro-de-lula-usou-5-milhoes-orcamento-secreto\/#primaryimage"},"thumbnailUrl":"https:\/\/files.sunoresearch.com.br\/n\/uploads\/2023\/01\/juscelino-filho-ministro-lula-divulgacao.jpg","datePublished":"2023-01-30T16:53:32+00:00","dateModified":"2023-01-30T18:54:53+00:00","description":"O ministro das Comunica\u00e7\u00f5es de Lula, Juscelino Filho, utilizou R$ 5 milh\u00f5es do or\u00e7amento secreto para uma estrada no Maranh\u00e3o. Entenda!","breadcrumb":{"@id":"https:\/\/www.suno.com.br\/noticias\/ministro-de-lula-usou-5-milhoes-orcamento-secreto\/#breadcrumb"},"inLanguage":"pt-BR","potentialAction":[{"@type":"ReadAction","target":["https:\/\/www.suno.com.br\/noticias\/ministro-de-lula-usou-5-milhoes-orcamento-secreto\/"]}]},{"@type":"ImageObject","inLanguage":"pt-BR","@id":"https:\/\/www.suno.com.br\/noticias\/ministro-de-lula-usou-5-milhoes-orcamento-secreto\/#primaryimage","url":"https:\/\/files.sunoresearch.com.br\/n\/uploads\/2023\/01\/juscelino-filho-ministro-lula-divulgacao.jpg","contentUrl":"https:\/\/files.sunoresearch.com.br\/n\/uploads\/2023\/01\/juscelino-filho-ministro-lula-divulgacao.jpg","width":1200,"height":819,"caption":"Ministro de Lula usou R$ 5 milh\u00f5es de or\u00e7amento secreto para beneficiar pr\u00f3pria fazenda, diz jornal. Foto: Ricardo Stuckert\/Divulga\u00e7\u00e3o\/PT"},{"@type":"BreadcrumbList","@id":"https:\/\/www.suno.com.br\/noticias\/ministro-de-lula-usou-5-milhoes-orcamento-secreto\/#breadcrumb","itemListElement":[{"@type":"ListItem","position":1,"name":"Not\u00edcias","item":"https:\/\/www.suno.com.br\/noticias\/"},{"@type":"ListItem","position":2,"name":"Pol\u00edtica","item":"https:\/\/www.suno.com.br\/noticias\/politica\/"},{"@type":"ListItem","position":3,"name":"Ministro de Lula usou R$ 5 milh\u00f5es de or\u00e7amento secreto para beneficiar pr\u00f3pria fazenda, diz jornal"}]},{"@type":"WebSite","@id":"https:\/\/www.suno.com.br\/noticias\/#website","url":"https:\/\/www.suno.com.br\/noticias\/","name":"Suno Not\u00edcias","description":"Seu portal de informa\u00e7\u00e3o sobre o mundo dos investimentos","publisher":{"@id":"https:\/\/www.suno.com.br\/noticias\/#organization"},"potentialAction":[{"@type":"SearchAction","target":{"@type":"EntryPoint","urlTemplate":"https:\/\/www.suno.com.br\/noticias\/?s={search_term_string}"},"query-input":{"@type":"PropertyValueSpecification","valueRequired":true,"valueName":"search_term_string"}}],"inLanguage":"pt-BR"},{"@type":"Organization","@id":"https:\/\/www.suno.com.br\/noticias\/#organization","name":"Suno Not\u00edcias","url":"https:\/\/www.suno.com.br\/noticias\/","logo":{"@type":"ImageObject","inLanguage":"pt-BR","@id":"https:\/\/www.suno.com.br\/noticias\/#\/schema\/logo\/image\/","url":"https:\/\/files.sunoresearch.com.br\/n\/uploads\/2021\/09\/suno-logo.png","contentUrl":"https:\/\/files.sunoresearch.com.br\/n\/uploads\/2021\/09\/suno-logo.png","width":180,"height":180,"caption":"Suno Not\u00edcias"},"image":{"@id":"https:\/\/www.suno.com.br\/noticias\/#\/schema\/logo\/image\/"},"sameAs":["https:\/\/facebook.com\/sunoresearch","https:\/\/x.com\/sunoresearch","https:\/\/www.instagram.com\/suno","https:\/\/www.linkedin.com\/company\/suno-research\/","https:\/\/www.youtube.com\/c\/sunoresearch"]},{"@type":"Person","@id":"https:\/\/www.suno.com.br\/noticias\/#\/schema\/person\/c9d40f227e4ffee8114b1299c28902b0","name":"Beatriz Boyadjian","image":{"@type":"ImageObject","inLanguage":"pt-BR","@id":"https:\/\/www.suno.com.br\/noticias\/#\/schema\/person\/image\/","url":"https:\/\/secure.gravatar.com\/avatar\/4c3c59f4030e268f950437c4f36e38b7?s=96&r=g","contentUrl":"https:\/\/secure.gravatar.com\/avatar\/4c3c59f4030e268f950437c4f36e38b7?s=96&r=g","caption":"Beatriz Boyadjian"},"description":"Rep\u00f3rter multim\u00eddia no Suno Not\u00edcias. Jornalista formada pela Faculdade C\u00e1sper L\u00edbero, foi rep\u00f3rter da Forbes Brasil e atuou na cobertura de hard news, economia, neg\u00f3cios e lifestyle. Gerenciou as redes sociais da edi\u00e7\u00e3o brasileira da tradicional revista de neg\u00f3cios. Na M\u00e1quina Cohn&amp;Wolfe, atuou como rela\u00e7\u00f5es p\u00fablicas de clientes do N\u00facleo de Sa\u00fade da empresa. Produziu releases, notas, relat\u00f3rios, entre outros, para empresas como Biomm, Hypera, FIDI. Anteriormente, respons\u00e1vel pelas redes sociais do Suno Not\u00edcias.","sameAs":["https:\/\/www.linkedin.com\/in\/beatriz-boyadjian\/"],"url":"https:\/\/www.suno.com.br\/noticias\/author\/beatriz-boyadjian\/"}]}},"default_loop_html":"<div class=\"cardsPage__listCard__boxs\"><div class=\"cardsPage__listCard__boxs__img\"><a href=\"https:\/\/www.suno.com.br\/noticias\/ministro-de-lula-usou-5-milhoes-orcamento-secreto\/\"><img class=\"mask\" src=\"https:\/\/www.suno.com.br\/noticias\/wp-content\/themes\/suno\/resources\/images\/spotlight\/spotlight1img\/bg-mask.png\" alt=\"Image Mask\"\/><img src=\"https:\/\/files.sunoresearch.com.br\/n\/uploads\/2023\/01\/juscelino-filho-ministro-lula-divulgacao-400x200.jpg\" alt=\"Ministro de Lula usou R$ 5 milh\u00f5es de or\u00e7amento secreto para beneficiar pr\u00f3pria fazenda, diz jornal\"\/><\/a><span class=\"spotlightCategory\"><a href=\"https:\/\/www.suno.com.br\/noticias\/politica\/\">Pol\u00edtica<\/a><\/span><\/div><div class=\"cardsPage__listCard__boxs__content\"><a href=\"https:\/\/www.suno.com.br\/noticias\/ministro-de-lula-usou-5-milhoes-orcamento-secreto\/\"><h2 class=\"content__title\">Ministro de Lula usou R$ 5 milh\u00f5es de or\u00e7amento secreto para beneficiar pr\u00f3pria fazenda, diz jornal<\/h2><\/a><div class=\"newsContent__article__meta\"><div class=\"newsContent__article__meta__authorBox\"><a href=\"https:\/\/www.suno.com.br\/noticias\/author\/beatriz-boyadjian\/\" class=\"authorBox__avatar noMobi\"><img src=\"https:\/\/secure.gravatar.com\/avatar\/4c3c59f4030e268f950437c4f36e38b7?s=96&#038;r=g\" alt=\"Beatriz Boyadjian\"><\/a><div class=\"authorBox__name\"><span>por\n\t\t\t<a href=\"https:\/\/www.suno.com.br\/noticias\/author\/beatriz-boyadjian\/\"><span itemprop=\"author\">Beatriz Boyadjian<\/span><\/a><\/span><time datetime=\"2023-01-30T13:53:32-03:00\" itemprop=\"datePublished\">30\/01\/2023 13:53<\/time><\/div><\/div><\/div><\/div><\/div>","single_layout":"posts","amp_enabled":true,"_links":{"self":[{"href":"https:\/\/www.suno.com.br\/noticias\/wp-json\/wp\/v2\/posts\/354893"}],"collection":[{"href":"https:\/\/www.suno.com.br\/noticias\/wp-json\/wp\/v2\/posts"}],"about":[{"href":"https:\/\/www.suno.com.br\/noticias\/wp-json\/wp\/v2\/types\/post"}],"author":[{"embeddable":true,"href":"https:\/\/www.suno.com.br\/noticias\/wp-json\/wp\/v2\/users\/70"}],"replies":[{"embeddable":true,"href":"https:\/\/www.suno.com.br\/noticias\/wp-json\/wp\/v2\/comments?post=354893"}],"version-history":[{"count":3,"href":"https:\/\/www.suno.com.br\/noticias\/wp-json\/wp\/v2\/posts\/354893\/revisions"}],"predecessor-version":[{"id":354981,"href":"https:\/\/www.suno.com.br\/noticias\/wp-json\/wp\/v2\/posts\/354893\/revisions\/354981"}],"wp:featuredmedia":[{"embeddable":true,"href":"https:\/\/www.suno.com.br\/noticias\/wp-json\/wp\/v2\/media\/354908"}],"wp:attachment":[{"href":"https:\/\/www.suno.com.br\/noticias\/wp-json\/wp\/v2\/media?parent=354893"}],"wp:term":[{"taxonomy":"category","embeddable":true,"href":"https:\/\/www.suno.com.br\/noticias\/wp-json\/wp\/v2\/categories?post=354893"},{"taxonomy":"post_tag","embeddable":true,"href":"https:\/\/www.suno.com.br\/noticias\/wp-json\/wp\/v2\/tags?post=354893"},{"taxonomy":"suno_strategy","embeddable":true,"href":"https:\/\/www.suno.com.br\/noticias\/wp-json\/wp\/v2\/suno_strategy?post=354893"}],"curies":[{"name":"wp","href":"https:\/\/api.w.org\/{rel}","templated":true}]}}