{"id":354823,"date":"2023-01-30T12:51:06","date_gmt":"2023-01-30T15:51:06","guid":{"rendered":"https:\/\/www.suno.com.br\/noticias\/?p=354823"},"modified":"2023-01-31T12:08:54","modified_gmt":"2023-01-31T15:08:54","slug":"petrobras-petr4-prates-fundo-presidente","status":"publish","type":"post","link":"https:\/\/www.suno.com.br\/noticias\/petrobras-petr4-prates-fundo-presidente\/","title":{"rendered":"Petrobras (PETR4): entenda o &#8216;fundo de estabiliza\u00e7\u00e3o&#8217; defendido pelo novo presidente"},"content":{"rendered":"<p>O novo presidente da <a class=\"suno-keyword\" data-force=\"yes\" data-priority=\"2\" href=\"https:\/\/www.suno.com.br\/acoes\/PETR4\/\" target=\"_blank\" rel=\"noopener\"><strong>Petrobras <\/strong>(PETR4)<\/a> &#8211; que j\u00e1 est\u00e1 no cargo interinamente &#8211; <a href=\"https:\/\/www.suno.com.br\/noticias\/prates-petrobras-petr4-avaliacao-analistas\/\" target=\"_blank\" rel=\"noreferrer noopener\">Jean Paul Prates<\/a> deve insistir na cria\u00e7\u00e3o de um fundo para tentar frear uma eventual alta no pre\u00e7o dos combust\u00edveis nas bombas.<\/p><div class=\"videoFull \">\n\t\t\t<div class=\"videoWrapper yt-lazyload center\"\n\t\t\t\tdata-width=\"960\"\n\t\t\t\tdata-height=\"540\"\n\t\t\t\tdata-id=\"_oXYMxd33fA\"\n\t\t\t\tdata-alt=\"V\u00eddeo do YouTube - clique para reproduzir\"\n\t\t\t\tdata-logo=\"3\"\n\t\t\t\tdata-imagequality=\"maxres\">\n\t\t\t<\/div>\n\t\t<\/div><script type=\"application\/ld+json\">{\"@context\":\"https:\/\/schema.org\",\"@type\":\"VideoObject\",\"name\":\"Juros no Brasil e nos EUA |  CVM investiga Americanas (AMER3) por insider trading | Boletim Focus\",\"description\":\"\ud83d\udd0e \ud83d\udcca[\ud835\uddf2\ud835\uddd5\ud835\uddfc\ud835\uddfc\ud835\uddf8 \ud835\uddda\ud835\udde5\ud835\uddd4\ud835\udde7\ud835\udde8\ud835\udddc\ud835\udde7\ud835\udde2] \ud835\uddd4\ud835\uddfd\ud835\uddff\ud835\uddf2\ud835\uddfb\ud835\uddf1\ud835\uddee \ud835\uddf0\ud835\uddfc\ud835\uddfa\ud835\uddfc \ud835\uddee\ud835\uddfb\ud835\uddee\ud835\uddf9\ud835\uddf6\ud835\ude00\ud835\uddee\ud835\uddff \ud835\ude02\ud835\uddfa\ud835\uddee \ud835\uddee\u00e7\u00e3\ud835\uddfc\u200b \ud83d\udc47 https:\/\/lp.suno.com.br\/ebook-como-analisar-uma-acao\/?utm_source=youtube.noticias&utm_medium=live&utm_campaign=ebookcomoanalisarumaacao.20230124&utm_content=ytnoticias.morning.27012023 #morningcall #Not\u00edcias #mercadofinanceiro #investimentos #bolsadevalores #ibovespa #amer3 #americanas #copom #fomc #bancocentral #federalreserve #cvm #insidertrading #boletimfocus #focus #bb \ud83d\udd34\ud835\udc08\ud835\udc0d\ud835\udc12\ud835\udc02\ud835\udc11\ud835\udc04\ud835\udc15\ud835\udc00-\ud835\udc12\ud835\udc04 \ud835\udc0d\ud835\udc0e \ud835\udc02\ud835\udc00\ud835\udc0d\ud835\udc00\ud835\udc0b \ud835\udc04 \ud835\udc00\ud835\udc13\ud835\udc08\ud835\udc15\ud835\udc04 \ud835\udc0e \ud835\udc12\ud835\udc08\ud835\udc0d\ud835\udc0e \ud83d\udc47 https:\/\/bit.ly\/INSCREVA-SEATIVEOSINO \ud83d\udea8\ud83d\udcda\ud83d\udcb8\ud835\udc01\ud835\udc1a\ud835\udc22\ud835\udc31\ud835\udc1e \ud835\udc28 \ud835\udc1e\ud835\udc01\ud835\udc28\ud835\udc28\ud835\udc24: \ud835\udc06\ud835\udc2e\ud835\udc22\ud835\udc1a \ud835\udc02\ud835\udc28\ud835\udc26\ud835\udc29\ud835\udc25\ud835\udc1e\ud835\udc2d\ud835\udc28 \ud835\udc1d\ud835\udc28 \ud835\udc08\ud835\udc27\ud835\udc2f\ud835\udc1e\ud835\udc2c\ud835\udc2d\ud835\udc22\ud835\udc1d\ud835\udc28\ud835\udc2b \ud835\udc08\ud835\udc27\ud835\udc22\ud835\udc1c\ud835\udc22\ud835\udc1a\ud835\udc27\ud835\udc2d\ud835\udc1e \ud835\udc27\ud835\udc28 \ud835\udc25\ud835\udc22\ud835\udc27\ud835\udc24 \ud83d\udc47 http:\/\/bit.ly\/3Dnk2xT \ud83d\udcda \ud835\udfcf\ud835\udfce \ud835\udc0b\ud835\udc22\ud835\udc2f\ud835\udc2b\ud835\udc28\ud835\udc2c \ud835\udc2a\ud835\udc2e\ud835\udc1e \ud835\udc13\ud835\udc28\ud835\udc1d\ud835\udc28 \ud835\udc08\ud835\udc27\ud835\udc2f\ud835\udc1e\ud835\udc2c\ud835\udc2d\ud835\udc22\ud835\udc1d\ud835\udc28\ud835\udc2b \ud835\udc1d\ud835\udc1e\ud835\udc2f\ud835\udc1e\ud835\udc2b\ud835\udc22\ud835\udc1a\u2026\",\"duration\":\"PT47M13S\",\"embedUrl\":\"https:\/\/www.youtube.com\/embed\/_oXYMxd33fA\",\"regionsAllowed\":\"pt-BR\",\"interactionStatistic\":{\"@type\":\"InteractionCounter\",\"interactionType\":{\"@type\":\"WatchAction\"},\"userInteractionCount\":2423},\"thumbnailUrl\":\"https:\/\/i.ytimg.com\/vi\/_oXYMxd33fA\/default.jpg\",\"uploadDate\":\"2023-01-30T12:55:42Z\"}<\/script>\n\n\n\n\n\t<p>\n\t\t<a href=\"\" target=\"_blank\" data-element=\"shortcode-suno-banner\" title=\"Banner SUNO, clique e saiba mais\">\n\t\t\t<picture>\n\t\t\t\t<source media=\"(max-width: 500px)\" srcset=\"\">\n\t\t\t\t<img class=\"newsContent__article__imgCapa newsContent__article__imgCapa--banner\"\n\t\t\t\t\tsrc=\"\"\n\t\t\t\t\tdata-promo-id=\"138420\"\t\t\t\t\t\t\t\t\t\t\t\t\t\t\talt=\"\"\n\t\t\t\t>\n\t\t\t<\/picture>\n\t\t<\/a>\n\t<\/p>\n\n\n\n\n\n<p>Al\u00e9m disso, o <strong>fundo de estabiliza\u00e7\u00e3o da Petrobras<\/strong> deve ser utilizado para reduzir a volatilidade no pre\u00e7o do g\u00e1s de cozinha e do g\u00e1s natural.<\/p>\n\n\n\n<p><strong>Prates<\/strong>, que era <strong><a href=\"https:\/\/www.suno.com.br\/noticias\/web-stories\/petrobras-petr4-presidente-senador\/\" target=\"_blank\" rel=\"noreferrer noopener\">senador<\/a><\/strong> do PT pelo Rio Grande do Norte, foi justamente o relator do projeto legislativo sobre o fundo aprovado no Senado ainda no in\u00edcio de 2022.<\/p>\n\n\n\n<p>O <strong>projeto<\/strong>, contudo, deve voltar \u00e0 pauta para discuss\u00e3o na C\u00e2mara somente em meados de fevereiro.<\/p>\n\n\n\n<p>Segundo analistas do UBS-BB, se o Brasil tivesse adotado um fundo an\u00e1logo entre 2015 e 2021, teria um d\u00e9ficit de US$ 42 bilh\u00f5es.<\/p>\n\n\n\n<p>Os analistas levam em considera\u00e7\u00e3o o caso da <a href=\"https:\/\/www.suno.com.br\/noticias\/web-stories\/ifood-deixara-colombia-app-delivery\/\" target=\"_blank\" rel=\"noreferrer noopener\">Col\u00f4mbia<\/a>, que tomou medidas semelhantes.<\/p>\n\n\n\n<p>O montante de d\u00e9ficit pode subir para um m\u00e1ximo de US$ 175 bilh\u00f5es se considerado um fundo de estabiliza\u00e7\u00e3o que contemple de 2023 a 2027.<\/p>\n\n\n\n<p>&#8220;Nossas suposi\u00e7\u00f5es s\u00e3o baseadas no Fondo de Estabilizaci\u00f3n de Precios de los Combustibles (FEPC), da Col\u00f4mbia, que inicialmente pretendia criar uma ind\u00fastria autossustent\u00e1vel e um mecanismo a m\u00e9dio prazo, mas n\u00e3o teve sucesso e desencadeou um constate d\u00e9ficit desde a sua cria\u00e7\u00e3o, al\u00e9m das v\u00e1rias mudan\u00e7as e cria\u00e7\u00f5es de novas leis para tentar amarrar a teoria com a pr\u00e1tica&#8221;, dizem os especialistas do banco su\u00ed\u00e7o.<\/p>\n\n\n\n\t<div data-element=\"shortcode-read-more\" class=\"readToo\">\n\t\t\t\t<span class=\"readToo__title\">Leia mais<\/span>\n\t\t\t\t<ul class=\"readToo__list\">\n\t\t\t<li><a href=\"https:\/\/www.suno.com.br\/noticias\/destaques-30-01-2023-amer3-petr4-bbse3-cxse3\/\">Americanas (AMER3), Petrobras (PETR4), BB Seguridade (BBSE3) e Caixa Seguridade (CXSE3) chamam aten\u00e7\u00e3o do mercado financeiro<\/a><\/li><li><a href=\"https:\/\/www.suno.com.br\/noticias\/petrobras-petr4-conselho-de-administracao-muda\/\">Conselho da Petrobras (PETR4) mudar\u00e1 em abril; entenda<\/a><\/li><li><a href=\"https:\/\/www.suno.com.br\/noticias\/prates-petrobras-petr4-avaliacao-analistas\/\">Prates na Petrobras (PETR4): o que analistas esperam da gest\u00e3o do novo CEO<\/a><\/li>\t\t<\/ul>\n\t<\/div>\n\n\n\n\n<p>Os especialistas destacam que no Brasil existem refinarias independentes e outros importadores al\u00e9m da Petrobras, que juntamente com a grande \u00e1rea geogr\u00e1fica e problemas log\u00edsticos (causando pre\u00e7os diferenciais), pode aumentar a complexidade do mecanismo operacional de um fundo<\/p>\n\n\n\n<p>&#8220;No Col\u00f4mbia, a dif\u00edcil situa\u00e7\u00e3o social, o aumento da infla\u00e7\u00e3o e a necessidade de preservar o processo de reativa\u00e7\u00e3o econ\u00f4mica criaram um desafio significativo para o governo, dificultando a implementa\u00e7\u00e3o de diversas medidas promovidas o Plano Nacional de Desenvolvimento (PND). Se implementado no Brasil, tal mecanismo pode aumentar a dificuldade para o governo promover seus investimentos esperados na pauta social&#8221;, conclui o UBS-BB.<\/p>\n\n\n\n<h2 class=\"wp-block-heading\" id=\"h-conselho-da-petrobras-mudara-em-abril\">Conselho da Petrobras mudar\u00e1 em abril<\/h2>\n\n\n\n<p>Seguindo o cronograma corporativo da companhia, os representantes do governo brasileiro no Conselho de Administra\u00e7\u00e3o da estatal devem ser trocados em meados de 16 de abril.<\/p>\n\n\n\n<p>Anteriormente, o governo tentou convocar uma reuni\u00e3o extraordin\u00e1ria, mas voltou atr\u00e1s e decidiu seguir as datas do calend\u00e1rio da <strong>Petrobras<\/strong>.<\/p>\n\n\n\n<p>A elei\u00e7\u00e3o dos membros do <a class=\"suno-keyword\" target=\"_blank\" data-force=\"no\" data-priority=\"1\" href=\"https:\/\/www.suno.com.br\/artigos\/conselho-administracao\/\" rel=\"noopener\">Conselho de Administra\u00e7\u00e3o<\/a> ocorrer\u00e1 por meio de Assembleia Ordin\u00e1ria.<\/p>\n\n\n\t<p>\n\t\t<a href=\"https:\/\/lp.suno.com.br\/planilha-controle-gastos\/\" target=\"_blank\" data-element=\"shortcode-suno-banner\" title=\"Banner SUNO, clique e saiba mais\">\n\t\t\t<picture>\n\t\t\t\t<source media=\"(max-width: 500px)\" srcset=\"https:\/\/files.sunoresearch.com.br\/n\/uploads\/2023\/03\/400x300-Planilha-controle-de-gastos.png\">\n\t\t\t\t<img class=\"newsContent__article__imgCapa newsContent__article__imgCapa--banner\"\n\t\t\t\t\tsrc=\"https:\/\/files.sunoresearch.com.br\/n\/uploads\/2023\/03\/1420x240-Planilha-controle-de-gastos.png\"\n\t\t\t\t\tdata-promo-id=\"101751\"\t\t\t\t\t\t\t\t\t\twidth='1420' height='240'\t\t\t\t\talt=\"https:\/\/files.sunoresearch.com.br\/n\/uploads\/2023\/03\/1420x240-Planilha-controle-de-gastos.png\"\n\t\t\t\t>\n\t\t\t<\/picture>\n\t\t<\/a>\n\t<\/p>\n\n\n\n\n\n<p>A Uni\u00e3o tem direito a seis assentos no <strong>Conselho da Petrobras<\/strong>, dada a participa\u00e7\u00e3o acion\u00e1ria na companhia estatal.<\/p>\n\n\n\n<p>Conforme os dados oficiais da companhia, s\u00e3o 28,6% das <strong>a\u00e7\u00f5es da Petrobras<\/strong> que est\u00e3o sob controle do Governo Federal &#8211; al\u00e9m de outros 7% e 1% na m\u00e3o do BNDESPar e do BNDES, respectivamente.<\/p>\n\n\n\n<p>Atualmente o Conselho da estatal possui onze membros, dos quais cinco foram eleitos pelo <a class=\"suno-keyword\" data-force=\"no\" data-priority=\"1\" href=\"https:\/\/www.suno.com.br\/artigos\/acionista-controlador\/\" target=\"_blank\" rel=\"noopener\">acionista controlador<\/a> (o governo).<\/p>\n\n\n\n<h2 class=\"wp-block-heading\">Desempenho de PETR4<\/h2>\n\n\n\n<p>No acumulado dos \u00faltimos 12 meses, as a\u00e7\u00f5es da Petrobras ca\u00edram 20,9% no Ibovespa, cotadas a atuais R$ 25,59.<\/p>\n\n\n\n<p>Em uma janela mais recente, considerando o m\u00eas de janeiro deste ano, os pap\u00e9is <strong>PETR4<\/strong> subiram 11,6%.<\/p>\n\n\n\n<p><a href=\"https:\/\/statusinvest.com.br\/acoes\/petr4\" target=\"_blank\" rel=\"noreferrer noopener\">Conforme dados do Status Invest<\/a>, as a\u00e7\u00f5es preferenciais da <strong>Petrobras<\/strong> somam um dividend yield (DY) de 65%, com R$ 16,7 pagos por a\u00e7\u00e3o nos \u00faltimos 12 meses. <\/p>\n\n\n\t<p>\n\t\t<a href=\"https:\/\/lp.suno.com.br\/planilha-da-vida-financeira\/\" target=\"_blank\" data-element=\"shortcode-suno-banner\" title=\"Banner SUNO, clique e saiba mais\">\n\t\t\t<picture>\n\t\t\t\t<source media=\"(max-width: 500px)\" srcset=\"https:\/\/files.sunoresearch.com.br\/n\/uploads\/2023\/04\/400x300-Planilha-vida-financeira-true.png\">\n\t\t\t\t<img class=\"newsContent__article__imgCapa newsContent__article__imgCapa--banner\"\n\t\t\t\t\tsrc=\"https:\/\/files.sunoresearch.com.br\/n\/uploads\/2023\/04\/1420x240-Planilha-vida-financeira-true.png\"\n\t\t\t\t\tdata-promo-id=\"106682\"\t\t\t\t\t\t\t\t\t\twidth='1420' height='240'\t\t\t\t\talt=\"https:\/\/files.sunoresearch.com.br\/n\/uploads\/2023\/04\/1420x240-Planilha-vida-financeira-true.png\"\n\t\t\t\t>\n\t\t\t<\/picture>\n\t\t<\/a>\n\t<\/p>\n\n\n","protected":false},"excerpt":{"rendered":"<p>O novo presidente da Petrobras (PETR4) &#8211; que j\u00e1 est\u00e1 no cargo interinamente &#8211; Jean Paul Prates deve insistir na cria\u00e7\u00e3o de um fundo para tentar frear uma eventual alta no pre\u00e7o dos combust\u00edveis nas bombas. Al\u00e9m disso, o fundo de estabiliza\u00e7\u00e3o da Petrobras deve ser utilizado para reduzir a volatilidade no pre\u00e7o do g\u00e1s [&hellip;]<\/p>\n","protected":false},"author":73,"featured_media":132309,"comment_status":"closed","ping_status":"closed","sticky":false,"template":"","format":"standard","meta":[],"categories":[64],"tags":[286,105816,595],"suno_strategy":[],"class_list":["post-354823","post","type-post","status-publish","format-standard","has-post-thumbnail","hentry","category-negocios","tag-acoes","tag-especialistas","tag-petrobras-petr4"],"yoast_head":"<!-- This site is optimized with the Yoast SEO plugin v24.4 - https:\/\/yoast.com\/wordpress\/plugins\/seo\/ -->\n<title>Petrobras (PETR4): o que \u00e9 o &#039;fundo de estabiliza\u00e7\u00e3o&#039;?<\/title>\n<meta name=\"description\" content=\"Analistas do UBS-BB dizem que fundo de estabiliza\u00e7\u00e3o da Petrobras defendido por CEO pode gerar d\u00e9ficit bilion\u00e1rio para o Brasil. Confira!\" \/>\n<meta name=\"robots\" content=\"index, follow, max-snippet:-1, max-image-preview:large, max-video-preview:-1\" \/>\n<link rel=\"canonical\" href=\"https:\/\/www.suno.com.br\/noticias\/petrobras-petr4-prates-fundo-presidente\/\" \/>\n<meta property=\"og:locale\" content=\"pt_BR\" \/>\n<meta property=\"og:type\" content=\"article\" \/>\n<meta property=\"og:title\" content=\"Petrobras (PETR4): o que \u00e9 o &#039;fundo de estabiliza\u00e7\u00e3o&#039;?\" \/>\n<meta property=\"og:description\" content=\"Analistas do UBS-BB dizem que fundo de estabiliza\u00e7\u00e3o da Petrobras defendido por CEO pode gerar d\u00e9ficit bilion\u00e1rio para o Brasil. Confira!\" \/>\n<meta property=\"og:url\" content=\"https:\/\/www.suno.com.br\/noticias\/petrobras-petr4-prates-fundo-presidente\/\" \/>\n<meta property=\"og:site_name\" content=\"Suno Not\u00edcias\" \/>\n<meta property=\"article:publisher\" content=\"https:\/\/facebook.com\/sunoresearch\" \/>\n<meta property=\"og:image\" content=\"https:\/\/files.sunoresearch.com.br\/n\/uploads\/2021\/03\/58852300-48991831746_1ab8b68c02_o-1.jpg\" \/>\n\t<meta property=\"og:image:width\" content=\"1200\" \/>\n\t<meta property=\"og:image:height\" content=\"800\" \/>\n\t<meta property=\"og:image:type\" content=\"image\/jpeg\" \/>\n<meta name=\"author\" content=\"Eduardo Vargas\" \/>\n<meta name=\"twitter:card\" content=\"summary_large_image\" \/>\n<meta name=\"twitter:creator\" content=\"@sunoresearch\" \/>\n<meta name=\"twitter:site\" content=\"@sunoresearch\" \/>\n<meta name=\"twitter:label1\" content=\"Escrito por\" \/>\n\t<meta name=\"twitter:data1\" content=\"Eduardo Vargas\" \/>\n\t<meta name=\"twitter:label2\" content=\"Est. tempo de leitura\" \/>\n\t<meta name=\"twitter:data2\" content=\"3 minutos\" \/>\n<script type=\"application\/ld+json\" class=\"yoast-schema-graph\">{\"@context\":\"https:\/\/schema.org\",\"@graph\":[{\"@type\":\"NewsArticle\",\"@id\":\"https:\/\/www.suno.com.br\/noticias\/petrobras-petr4-prates-fundo-presidente\/#article\",\"isPartOf\":{\"@id\":\"https:\/\/www.suno.com.br\/noticias\/petrobras-petr4-prates-fundo-presidente\/\"},\"author\":{\"name\":\"Eduardo Vargas\",\"@id\":\"https:\/\/www.suno.com.br\/noticias\/#\/schema\/person\/7f4d362bf3518e76090143ae77bb49a5\"},\"headline\":\"Petrobras (PETR4): entenda o &#8216;fundo de estabiliza\u00e7\u00e3o&#8217; defendido pelo novo presidente\",\"datePublished\":\"2023-01-30T15:51:06+00:00\",\"dateModified\":\"2023-01-31T15:08:54+00:00\",\"mainEntityOfPage\":{\"@id\":\"https:\/\/www.suno.com.br\/noticias\/petrobras-petr4-prates-fundo-presidente\/\"},\"wordCount\":606,\"publisher\":{\"@id\":\"https:\/\/www.suno.com.br\/noticias\/#organization\"},\"image\":{\"@id\":\"https:\/\/www.suno.com.br\/noticias\/petrobras-petr4-prates-fundo-presidente\/#primaryimage\"},\"thumbnailUrl\":\"https:\/\/files.sunoresearch.com.br\/n\/uploads\/2021\/03\/58852300-48991831746_1ab8b68c02_o-1-jpg.webp\",\"keywords\":[\"A\u00e7\u00f5es\",\"Especialistas\",\"Petrobras (PETR4)\"],\"articleSection\":[\"Neg\u00f3cios\"],\"inLanguage\":\"pt-BR\"},{\"@type\":\"WebPage\",\"@id\":\"https:\/\/www.suno.com.br\/noticias\/petrobras-petr4-prates-fundo-presidente\/\",\"url\":\"https:\/\/www.suno.com.br\/noticias\/petrobras-petr4-prates-fundo-presidente\/\",\"name\":\"Petrobras (PETR4): o que \u00e9 o 'fundo de estabiliza\u00e7\u00e3o'?\",\"isPartOf\":{\"@id\":\"https:\/\/www.suno.com.br\/noticias\/#website\"},\"primaryImageOfPage\":{\"@id\":\"https:\/\/www.suno.com.br\/noticias\/petrobras-petr4-prates-fundo-presidente\/#primaryimage\"},\"image\":{\"@id\":\"https:\/\/www.suno.com.br\/noticias\/petrobras-petr4-prates-fundo-presidente\/#primaryimage\"},\"thumbnailUrl\":\"https:\/\/files.sunoresearch.com.br\/n\/uploads\/2021\/03\/58852300-48991831746_1ab8b68c02_o-1-jpg.webp\",\"datePublished\":\"2023-01-30T15:51:06+00:00\",\"dateModified\":\"2023-01-31T15:08:54+00:00\",\"description\":\"Analistas do UBS-BB dizem que fundo de estabiliza\u00e7\u00e3o da Petrobras defendido por CEO pode gerar d\u00e9ficit bilion\u00e1rio para o Brasil. Confira!\",\"breadcrumb\":{\"@id\":\"https:\/\/www.suno.com.br\/noticias\/petrobras-petr4-prates-fundo-presidente\/#breadcrumb\"},\"inLanguage\":\"pt-BR\",\"potentialAction\":[{\"@type\":\"ReadAction\",\"target\":[\"https:\/\/www.suno.com.br\/noticias\/petrobras-petr4-prates-fundo-presidente\/\"]}]},{\"@type\":\"ImageObject\",\"inLanguage\":\"pt-BR\",\"@id\":\"https:\/\/www.suno.com.br\/noticias\/petrobras-petr4-prates-fundo-presidente\/#primaryimage\",\"url\":\"https:\/\/files.sunoresearch.com.br\/n\/uploads\/2021\/03\/58852300-48991831746_1ab8b68c02_o-1-jpg.webp\",\"contentUrl\":\"https:\/\/files.sunoresearch.com.br\/n\/uploads\/2021\/03\/58852300-48991831746_1ab8b68c02_o-1-jpg.webp\",\"width\":1200,\"height\":800,\"caption\":\"Jean Paul Prates (PT-RN), presidente da Petrobras. Foto: Marcos Oliveira\/Ag\u00eancia\"},{\"@type\":\"BreadcrumbList\",\"@id\":\"https:\/\/www.suno.com.br\/noticias\/petrobras-petr4-prates-fundo-presidente\/#breadcrumb\",\"itemListElement\":[{\"@type\":\"ListItem\",\"position\":1,\"name\":\"Not\u00edcias\",\"item\":\"https:\/\/www.suno.com.br\/noticias\/\"},{\"@type\":\"ListItem\",\"position\":2,\"name\":\"Neg\u00f3cios\",\"item\":\"https:\/\/www.suno.com.br\/noticias\/negocios\/\"},{\"@type\":\"ListItem\",\"position\":3,\"name\":\"Petrobras (PETR4): entenda o &#8216;fundo de estabiliza\u00e7\u00e3o&#8217; defendido pelo novo presidente\"}]},{\"@type\":\"WebSite\",\"@id\":\"https:\/\/www.suno.com.br\/noticias\/#website\",\"url\":\"https:\/\/www.suno.com.br\/noticias\/\",\"name\":\"Suno Not\u00edcias\",\"description\":\"Seu portal de informa\u00e7\u00e3o sobre o mundo dos investimentos\",\"publisher\":{\"@id\":\"https:\/\/www.suno.com.br\/noticias\/#organization\"},\"potentialAction\":[{\"@type\":\"SearchAction\",\"target\":{\"@type\":\"EntryPoint\",\"urlTemplate\":\"https:\/\/www.suno.com.br\/noticias\/?s={search_term_string}\"},\"query-input\":{\"@type\":\"PropertyValueSpecification\",\"valueRequired\":true,\"valueName\":\"search_term_string\"}}],\"inLanguage\":\"pt-BR\"},{\"@type\":\"Organization\",\"@id\":\"https:\/\/www.suno.com.br\/noticias\/#organization\",\"name\":\"Suno Not\u00edcias\",\"url\":\"https:\/\/www.suno.com.br\/noticias\/\",\"logo\":{\"@type\":\"ImageObject\",\"inLanguage\":\"pt-BR\",\"@id\":\"https:\/\/www.suno.com.br\/noticias\/#\/schema\/logo\/image\/\",\"url\":\"https:\/\/files.sunoresearch.com.br\/n\/uploads\/2021\/09\/suno-logo.png\",\"contentUrl\":\"https:\/\/files.sunoresearch.com.br\/n\/uploads\/2021\/09\/suno-logo.png\",\"width\":180,\"height\":180,\"caption\":\"Suno Not\u00edcias\"},\"image\":{\"@id\":\"https:\/\/www.suno.com.br\/noticias\/#\/schema\/logo\/image\/\"},\"sameAs\":[\"https:\/\/facebook.com\/sunoresearch\",\"https:\/\/x.com\/sunoresearch\",\"https:\/\/www.instagram.com\/suno\",\"https:\/\/www.linkedin.com\/company\/suno-research\/\",\"https:\/\/www.youtube.com\/c\/sunoresearch\"]},{\"@type\":\"Person\",\"@id\":\"https:\/\/www.suno.com.br\/noticias\/#\/schema\/person\/7f4d362bf3518e76090143ae77bb49a5\",\"name\":\"Eduardo Vargas\",\"image\":{\"@type\":\"ImageObject\",\"inLanguage\":\"pt-BR\",\"@id\":\"https:\/\/www.suno.com.br\/noticias\/#\/schema\/person\/image\/\",\"url\":\"https:\/\/secure.gravatar.com\/avatar\/dac340933427a22924c9f99d1eb2e3f2?s=96&r=g\",\"contentUrl\":\"https:\/\/secure.gravatar.com\/avatar\/dac340933427a22924c9f99d1eb2e3f2?s=96&r=g\",\"caption\":\"Eduardo Vargas\"},\"description\":\"Jornalista formado pela UFSC, cobre macroeconomia, neg\u00f3cios e startups para o Suno Not\u00edcias, escrevendo principalmente not\u00edcias sobre o mercado financeiro e a bolsa de valores. No YouTube e no Instagram, \u00e9 respons\u00e1vel pela produ\u00e7\u00e3o de Reels e Shorts do Suno Not\u00edcias. Anteriormente, trabalhou cobrindo economia e cotidiano no ND+ e para o ND, maior jornal impresso de Santa Catarina. Cursou um semestre letivo de Estudos de M\u00eddia na Universidad de Buenos Aires.\",\"url\":\"https:\/\/www.suno.com.br\/noticias\/author\/eduardo-vargas\/\"}]}<\/script>\n<!-- \/ Yoast SEO plugin. -->","yoast_head_json":{"title":"Petrobras (PETR4): o que \u00e9 o 'fundo de estabiliza\u00e7\u00e3o'?","description":"Analistas do UBS-BB dizem que fundo de estabiliza\u00e7\u00e3o da Petrobras defendido por CEO pode gerar d\u00e9ficit bilion\u00e1rio para o Brasil. Confira!","robots":{"index":"index","follow":"follow","max-snippet":"max-snippet:-1","max-image-preview":"max-image-preview:large","max-video-preview":"max-video-preview:-1"},"canonical":"https:\/\/www.suno.com.br\/noticias\/petrobras-petr4-prates-fundo-presidente\/","og_locale":"pt_BR","og_type":"article","og_title":"Petrobras (PETR4): o que \u00e9 o 'fundo de estabiliza\u00e7\u00e3o'?","og_description":"Analistas do UBS-BB dizem que fundo de estabiliza\u00e7\u00e3o da Petrobras defendido por CEO pode gerar d\u00e9ficit bilion\u00e1rio para o Brasil. Confira!","og_url":"https:\/\/www.suno.com.br\/noticias\/petrobras-petr4-prates-fundo-presidente\/","og_site_name":"Suno Not\u00edcias","article_publisher":"https:\/\/facebook.com\/sunoresearch","og_image":[{"width":1200,"height":800,"url":"https:\/\/files.sunoresearch.com.br\/n\/uploads\/2021\/03\/58852300-48991831746_1ab8b68c02_o-1.jpg","type":"image\/jpeg"}],"author":"Eduardo Vargas","twitter_card":"summary_large_image","twitter_creator":"@sunoresearch","twitter_site":"@sunoresearch","twitter_misc":{"Escrito por":"Eduardo Vargas","Est. tempo de leitura":"3 minutos"},"schema":{"@context":"https:\/\/schema.org","@graph":[{"@type":"NewsArticle","@id":"https:\/\/www.suno.com.br\/noticias\/petrobras-petr4-prates-fundo-presidente\/#article","isPartOf":{"@id":"https:\/\/www.suno.com.br\/noticias\/petrobras-petr4-prates-fundo-presidente\/"},"author":{"name":"Eduardo Vargas","@id":"https:\/\/www.suno.com.br\/noticias\/#\/schema\/person\/7f4d362bf3518e76090143ae77bb49a5"},"headline":"Petrobras (PETR4): entenda o &#8216;fundo de estabiliza\u00e7\u00e3o&#8217; defendido pelo novo presidente","datePublished":"2023-01-30T15:51:06+00:00","dateModified":"2023-01-31T15:08:54+00:00","mainEntityOfPage":{"@id":"https:\/\/www.suno.com.br\/noticias\/petrobras-petr4-prates-fundo-presidente\/"},"wordCount":606,"publisher":{"@id":"https:\/\/www.suno.com.br\/noticias\/#organization"},"image":{"@id":"https:\/\/www.suno.com.br\/noticias\/petrobras-petr4-prates-fundo-presidente\/#primaryimage"},"thumbnailUrl":"https:\/\/files.sunoresearch.com.br\/n\/uploads\/2021\/03\/58852300-48991831746_1ab8b68c02_o-1-jpg.webp","keywords":["A\u00e7\u00f5es","Especialistas","Petrobras (PETR4)"],"articleSection":["Neg\u00f3cios"],"inLanguage":"pt-BR"},{"@type":"WebPage","@id":"https:\/\/www.suno.com.br\/noticias\/petrobras-petr4-prates-fundo-presidente\/","url":"https:\/\/www.suno.com.br\/noticias\/petrobras-petr4-prates-fundo-presidente\/","name":"Petrobras (PETR4): o que \u00e9 o 'fundo de estabiliza\u00e7\u00e3o'?","isPartOf":{"@id":"https:\/\/www.suno.com.br\/noticias\/#website"},"primaryImageOfPage":{"@id":"https:\/\/www.suno.com.br\/noticias\/petrobras-petr4-prates-fundo-presidente\/#primaryimage"},"image":{"@id":"https:\/\/www.suno.com.br\/noticias\/petrobras-petr4-prates-fundo-presidente\/#primaryimage"},"thumbnailUrl":"https:\/\/files.sunoresearch.com.br\/n\/uploads\/2021\/03\/58852300-48991831746_1ab8b68c02_o-1-jpg.webp","datePublished":"2023-01-30T15:51:06+00:00","dateModified":"2023-01-31T15:08:54+00:00","description":"Analistas do UBS-BB dizem que fundo de estabiliza\u00e7\u00e3o da Petrobras defendido por CEO pode gerar d\u00e9ficit bilion\u00e1rio para o Brasil. Confira!","breadcrumb":{"@id":"https:\/\/www.suno.com.br\/noticias\/petrobras-petr4-prates-fundo-presidente\/#breadcrumb"},"inLanguage":"pt-BR","potentialAction":[{"@type":"ReadAction","target":["https:\/\/www.suno.com.br\/noticias\/petrobras-petr4-prates-fundo-presidente\/"]}]},{"@type":"ImageObject","inLanguage":"pt-BR","@id":"https:\/\/www.suno.com.br\/noticias\/petrobras-petr4-prates-fundo-presidente\/#primaryimage","url":"https:\/\/files.sunoresearch.com.br\/n\/uploads\/2021\/03\/58852300-48991831746_1ab8b68c02_o-1-jpg.webp","contentUrl":"https:\/\/files.sunoresearch.com.br\/n\/uploads\/2021\/03\/58852300-48991831746_1ab8b68c02_o-1-jpg.webp","width":1200,"height":800,"caption":"Jean Paul Prates (PT-RN), presidente da Petrobras. Foto: Marcos Oliveira\/Ag\u00eancia"},{"@type":"BreadcrumbList","@id":"https:\/\/www.suno.com.br\/noticias\/petrobras-petr4-prates-fundo-presidente\/#breadcrumb","itemListElement":[{"@type":"ListItem","position":1,"name":"Not\u00edcias","item":"https:\/\/www.suno.com.br\/noticias\/"},{"@type":"ListItem","position":2,"name":"Neg\u00f3cios","item":"https:\/\/www.suno.com.br\/noticias\/negocios\/"},{"@type":"ListItem","position":3,"name":"Petrobras (PETR4): entenda o &#8216;fundo de estabiliza\u00e7\u00e3o&#8217; defendido pelo novo presidente"}]},{"@type":"WebSite","@id":"https:\/\/www.suno.com.br\/noticias\/#website","url":"https:\/\/www.suno.com.br\/noticias\/","name":"Suno Not\u00edcias","description":"Seu portal de informa\u00e7\u00e3o sobre o mundo dos investimentos","publisher":{"@id":"https:\/\/www.suno.com.br\/noticias\/#organization"},"potentialAction":[{"@type":"SearchAction","target":{"@type":"EntryPoint","urlTemplate":"https:\/\/www.suno.com.br\/noticias\/?s={search_term_string}"},"query-input":{"@type":"PropertyValueSpecification","valueRequired":true,"valueName":"search_term_string"}}],"inLanguage":"pt-BR"},{"@type":"Organization","@id":"https:\/\/www.suno.com.br\/noticias\/#organization","name":"Suno Not\u00edcias","url":"https:\/\/www.suno.com.br\/noticias\/","logo":{"@type":"ImageObject","inLanguage":"pt-BR","@id":"https:\/\/www.suno.com.br\/noticias\/#\/schema\/logo\/image\/","url":"https:\/\/files.sunoresearch.com.br\/n\/uploads\/2021\/09\/suno-logo.png","contentUrl":"https:\/\/files.sunoresearch.com.br\/n\/uploads\/2021\/09\/suno-logo.png","width":180,"height":180,"caption":"Suno Not\u00edcias"},"image":{"@id":"https:\/\/www.suno.com.br\/noticias\/#\/schema\/logo\/image\/"},"sameAs":["https:\/\/facebook.com\/sunoresearch","https:\/\/x.com\/sunoresearch","https:\/\/www.instagram.com\/suno","https:\/\/www.linkedin.com\/company\/suno-research\/","https:\/\/www.youtube.com\/c\/sunoresearch"]},{"@type":"Person","@id":"https:\/\/www.suno.com.br\/noticias\/#\/schema\/person\/7f4d362bf3518e76090143ae77bb49a5","name":"Eduardo Vargas","image":{"@type":"ImageObject","inLanguage":"pt-BR","@id":"https:\/\/www.suno.com.br\/noticias\/#\/schema\/person\/image\/","url":"https:\/\/secure.gravatar.com\/avatar\/dac340933427a22924c9f99d1eb2e3f2?s=96&r=g","contentUrl":"https:\/\/secure.gravatar.com\/avatar\/dac340933427a22924c9f99d1eb2e3f2?s=96&r=g","caption":"Eduardo Vargas"},"description":"Jornalista formado pela UFSC, cobre macroeconomia, neg\u00f3cios e startups para o Suno Not\u00edcias, escrevendo principalmente not\u00edcias sobre o mercado financeiro e a bolsa de valores. No YouTube e no Instagram, \u00e9 respons\u00e1vel pela produ\u00e7\u00e3o de Reels e Shorts do Suno Not\u00edcias. Anteriormente, trabalhou cobrindo economia e cotidiano no ND+ e para o ND, maior jornal impresso de Santa Catarina. Cursou um semestre letivo de Estudos de M\u00eddia na Universidad de Buenos Aires.","url":"https:\/\/www.suno.com.br\/noticias\/author\/eduardo-vargas\/"}]}},"default_loop_html":"<div class=\"cardsPage__listCard__boxs\"><div class=\"cardsPage__listCard__boxs__img\"><a href=\"https:\/\/www.suno.com.br\/noticias\/petrobras-petr4-prates-fundo-presidente\/\"><img class=\"mask\" src=\"https:\/\/www.suno.com.br\/noticias\/wp-content\/themes\/suno\/resources\/images\/spotlight\/spotlight1img\/bg-mask.png\" alt=\"Image Mask\"\/><img src=\"https:\/\/files.sunoresearch.com.br\/n\/uploads\/2021\/03\/58852300-48991831746_1ab8b68c02_o-1-400x200.webp\" alt=\"Petrobras (PETR4): entenda o &#8216;fundo de estabiliza\u00e7\u00e3o&#8217; defendido pelo novo presidente\"\/><\/a><span class=\"spotlightCategory\"><a href=\"https:\/\/www.suno.com.br\/noticias\/negocios\/\">Neg\u00f3cios<\/a><\/span><\/div><div class=\"cardsPage__listCard__boxs__content\"><a href=\"https:\/\/www.suno.com.br\/noticias\/petrobras-petr4-prates-fundo-presidente\/\"><h2 class=\"content__title\">Petrobras (PETR4): entenda o &#8216;fundo de estabiliza\u00e7\u00e3o&#8217; defendido pelo novo presidente<\/h2><\/a><div class=\"newsContent__article__meta\"><div class=\"newsContent__article__meta__authorBox\"><a href=\"https:\/\/www.suno.com.br\/noticias\/author\/janize-colaco\/\" class=\"authorBox__avatar noMobi\"><img src=\"https:\/\/files.sunoresearch.com.br\/n\/uploads\/2022\/11\/20221120_111807-1-150x150.jpg\" alt=\"Janize Cola\u00e7o\"><\/a><div class=\"authorBox__name\"><span>por\n\t\t\t<a href=\"https:\/\/www.suno.com.br\/noticias\/author\/janize-colaco\/\"><span itemprop=\"author\">Janize Cola\u00e7o<\/span><\/a><\/span><time datetime=\"2023-01-30T12:51:06-03:00\" itemprop=\"datePublished\">30\/01\/2023 12:51<\/time><\/div><\/div><\/div><\/div><\/div>","single_layout":"posts","amp_enabled":true,"_links":{"self":[{"href":"https:\/\/www.suno.com.br\/noticias\/wp-json\/wp\/v2\/posts\/354823"}],"collection":[{"href":"https:\/\/www.suno.com.br\/noticias\/wp-json\/wp\/v2\/posts"}],"about":[{"href":"https:\/\/www.suno.com.br\/noticias\/wp-json\/wp\/v2\/types\/post"}],"author":[{"embeddable":true,"href":"https:\/\/www.suno.com.br\/noticias\/wp-json\/wp\/v2\/users\/73"}],"replies":[{"embeddable":true,"href":"https:\/\/www.suno.com.br\/noticias\/wp-json\/wp\/v2\/comments?post=354823"}],"version-history":[{"count":3,"href":"https:\/\/www.suno.com.br\/noticias\/wp-json\/wp\/v2\/posts\/354823\/revisions"}],"predecessor-version":[{"id":355520,"href":"https:\/\/www.suno.com.br\/noticias\/wp-json\/wp\/v2\/posts\/354823\/revisions\/355520"}],"wp:featuredmedia":[{"embeddable":true,"href":"https:\/\/www.suno.com.br\/noticias\/wp-json\/wp\/v2\/media\/132309"}],"wp:attachment":[{"href":"https:\/\/www.suno.com.br\/noticias\/wp-json\/wp\/v2\/media?parent=354823"}],"wp:term":[{"taxonomy":"category","embeddable":true,"href":"https:\/\/www.suno.com.br\/noticias\/wp-json\/wp\/v2\/categories?post=354823"},{"taxonomy":"post_tag","embeddable":true,"href":"https:\/\/www.suno.com.br\/noticias\/wp-json\/wp\/v2\/tags?post=354823"},{"taxonomy":"suno_strategy","embeddable":true,"href":"https:\/\/www.suno.com.br\/noticias\/wp-json\/wp\/v2\/suno_strategy?post=354823"}],"curies":[{"name":"wp","href":"https:\/\/api.w.org\/{rel}","templated":true}]}}