{"id":35482,"date":"2019-08-27T15:00:08","date_gmt":"2019-08-27T18:00:08","guid":{"rendered":"https:\/\/www.suno.com.br\/noticias\/?p=35482"},"modified":"2019-08-27T15:00:08","modified_gmt":"2019-08-27T18:00:08","slug":"paulo-guedes-repasses-caixa-bndes","status":"publish","type":"post","link":"https:\/\/www.suno.com.br\/noticias\/paulo-guedes-repasses-caixa-bndes\/","title":{"rendered":"Paulo Guedes quer antecipa\u00e7\u00e3o de repasses da Caixa e do BNDES"},"content":{"rendered":"<p>O ministro da Economia, Paulo Guedes, quer a antecipa\u00e7\u00e3o dos repasses de 50% e 60% dos dividendos da <strong>Caixa Econ\u00f4mica Federal<\/strong>\u00a0e do <strong><a href=\"https:\/\/www.suno.com.br\/artigos\/bndespar\/\">BNDES<\/a>\u00a0<\/strong>para desbloquear R$ 13 bilh\u00f5es do <strong>or\u00e7amento<\/strong> no pr\u00f3ximo m\u00eas. As informa\u00e7\u00f5es foram divulgadas pelo jornal &#8220;Estado de S. Paulo&#8221; nesta ter\u00e7a-feira (27).<\/p>\t<div class=\"wrapper-featured-image\">\n\t\t<figure class=\"spotlightImg\">\n\n\t\t\t<picture>\n\t\t\t\t<source media=\"(max-width: 768px)\" srcset=\"https:\/\/files.sunoresearch.com.br\/n\/uploads\/2019\/04\/0a040f64-paulo-guedes-na-ccj-400x200.webp\">\n\t\t\t\t<img loading=\"lazy\" decoding=\"async\" class=\"newsContent__article__imgCapa lazyloadDisabled newsContent__article__imgCapa--noCaption\" src=\"https:\/\/files.sunoresearch.com.br\/n\/uploads\/2019\/04\/0a040f64-paulo-guedes-na-ccj-800x450.webp\" width=\"800\" height=\"450\" alt=\"Paulo Guedes quer antecipa\u00e7\u00e3o de repasses da Caixa e do BNDES\" fetchpriority=high \/>\n\t\t\t<\/picture>\n\n\t\t\t<figcaption class=\"wp-caption-text wp-caption-text--hide\">Renda Brasil: governo criar\u00e1 programa de renda m\u00ednima permanente<\/figcaption>\n\t\t<\/figure>\n\t<\/div>\n\n\n<p>No ano passado, o repasse de <strong>dividendos<\/strong> foi de apenas 25%, valor m\u00ednimo permitido por lei. Em contrapartida, a fatia solicitada por <a href=\"https:\/\/www.suno.com.br\/tudo-sobre\/paulo-guedes\/\"><strong>Paulo Guedes<\/strong><\/a> neste ano corresponde ao m\u00e1ximo autorizado na legisla\u00e7\u00e3o.<\/p>\n<p>Segundo a equipe econ\u00f4mica do governo federal, os dividendos do primeiro semestre podem somar R$ 13 bilh\u00f5es. Em 2018, as companhias estatais desembolsaram R$ 7,7 bilh\u00f5es aos cofres p\u00fablicos.<\/p>\n\n<p>Desse montante, que ingressar\u00e1 no or\u00e7amento como receita extra, R$ 9 bilh\u00f5es s\u00e3o oriundos do BNDES e os outros R$ 4 bilh\u00f5es s\u00e3o da Caixa. Atrav\u00e9s dessa quantia, o governo poder\u00e1 liberar parte das receita bloqueadas, que somam R$ 34 bilh\u00f5es.<\/p>\n<p>O <strong>minist\u00e9rio da Economia<\/strong> j\u00e1 est\u00e1 em contato com os dirigentes das institui\u00e7\u00f5es financeiras estatais.<\/p>\n<p>O governo pretende, por meio dos recursos obtidos dos bancos p\u00fablicos, n\u00e3o ter que solicitar uma altera\u00e7\u00e3o da meta fiscal ao Congresso. Atualmente, a meta estima um d\u00e9ficit de R$ 139 bilh\u00f5es neste ano.<\/p>\n<h2>Contas p\u00fablicas<\/h2>\n<p>A busca por novos recursos \u00e9 uma tentativa de amenizar a situa\u00e7\u00e3o ruim das contas p\u00fablicas do Pa\u00eds. No primeiro semestre deste ano, as contas p\u00fablicas registraram d\u00e9ficit prim\u00e1rio de R$ 28,924 bilh\u00f5es.<\/p>\n<p><a href=\"https:\/\/www.suno.com.br\/noticias\/contas-publicas-deficit-28-bi-2019\/\">Saiba mais: Contas p\u00fablicas registram d\u00e9ficit de R$ 28,9 bi no 1\u00ba semestre de 2019<\/a><\/p>\n<p>Al\u00e9m dos recursos da Caixa e do BNDES, o governo pretende usar as receitas da venda da Eletrobr\u00e1s para melhorar a situa\u00e7\u00e3o or\u00e7ament\u00e1ria.<\/p>\n<p>No entanto, os recursos n\u00e3o devem ser liberados t\u00e3o cedo, pois o Congresso ainda n\u00e3o aprovou a privatiza\u00e7\u00e3o da estatal.<\/p>\n\t<p>\n\t\t<a href=\"https:\/\/lp.suno.com.br\/asset\/fundos\/suno-fic-fia\/\" target=\"_blank\" data-element=\"shortcode-suno-banner\" title=\"Banner SUNO, clique e saiba mais\">\n\t\t\t<picture>\n\t\t\t\t<source media=\"(max-width: 500px)\" srcset=\"https:\/\/files.sunoresearch.com.br\/n\/uploads\/2023\/10\/SUNO-FIC-FIA-400x300-Mobile-Artigos-5-v2.png\">\n\t\t\t\t<img class=\"newsContent__article__imgCapa newsContent__article__imgCapa--banner\"\n\t\t\t\t\tsrc=\"https:\/\/files.sunoresearch.com.br\/n\/uploads\/2023\/10\/SUNO-FIC-FIA-1420x240-Banner-Artigos-1-_-Banner-Materias-4-v2-png.webp\"\n\t\t\t\t\tdata-promo-id=\"478743\"\t\t\t\t\t\t\t\t\t\twidth='2560' height='433'\t\t\t\t\talt=\"https:\/\/files.sunoresearch.com.br\/n\/uploads\/2023\/10\/SUNO-FIC-FIA-1420x240-Banner-Artigos-1-_-Banner-Materias-4-v2-png.webp\"\n\t\t\t\t>\n\t\t\t<\/picture>\n\t\t<\/a>\n\t<\/p>\n\n\n<p>Al\u00e9m disso, o megaleil\u00e3o do pr\u00e9-sal, que deve ocorrer em novembro, n\u00e3o garante que os recursos possam ser obtidos ainda neste ano. Dessa forma, o adiantamento dos dividendos proposto por <strong>Paulo Guedes<\/strong> pode ser uma alternativa para a retomada do crescimento <a href=\"https:\/\/www.youtube.com\/watch?v=flsu0hhIals\">econ\u00f4mico<\/a> do Brasil.<\/p>\n","protected":false},"excerpt":{"rendered":"<p>O ministro da Economia, Paulo Guedes, quer a antecipa\u00e7\u00e3o dos repasses de 50% e 60% dos dividendos da Caixa Econ\u00f4mica Federal\u00a0e do BNDES\u00a0para desbloquear R$ 13 bilh\u00f5es do or\u00e7amento no pr\u00f3ximo m\u00eas. As informa\u00e7\u00f5es foram divulgadas pelo jornal &#8220;Estado de S. Paulo&#8221; nesta ter\u00e7a-feira (27). Renda Brasil: governo criar\u00e1 programa de renda m\u00ednima permanente No [&hellip;]<\/p>\n","protected":false},"author":18,"featured_media":19887,"comment_status":"closed","ping_status":"closed","sticky":false,"template":"","format":"standard","meta":[],"categories":[62],"tags":[757,1199,295,796],"suno_strategy":[],"class_list":["post-35482","post","type-post","status-publish","format-standard","has-post-thumbnail","hentry","category-economia","tag-bndes","tag-caixa-economica-federal-cef","tag-dividendos","tag-paulo-guedes"],"yoast_head":"<!-- This site is optimized with the Yoast SEO plugin v24.4 - https:\/\/yoast.com\/wordpress\/plugins\/seo\/ -->\n<title>Paulo Guedes quer antecipa\u00e7\u00e3o de repasses da Caixa e do BNDES<\/title>\n<meta name=\"description\" content=\"Paulo Guedes quer a antecipa\u00e7\u00e3o dos repasses de 50% e 60% dos dividendos da Caixa e do BNDES. Clique para saber mais.\" \/>\n<meta name=\"robots\" content=\"index, follow, max-snippet:-1, max-image-preview:large, max-video-preview:-1\" \/>\n<link rel=\"canonical\" href=\"https:\/\/www.suno.com.br\/noticias\/paulo-guedes-repasses-caixa-bndes\/\" \/>\n<meta property=\"og:locale\" content=\"pt_BR\" \/>\n<meta property=\"og:type\" content=\"article\" \/>\n<meta property=\"og:title\" content=\"Paulo Guedes quer antecipa\u00e7\u00e3o de repasses da Caixa e do BNDES\" \/>\n<meta property=\"og:description\" content=\"Paulo Guedes quer a antecipa\u00e7\u00e3o dos repasses de 50% e 60% dos dividendos da Caixa e do BNDES. Clique para saber mais.\" \/>\n<meta property=\"og:url\" content=\"https:\/\/www.suno.com.br\/noticias\/paulo-guedes-repasses-caixa-bndes\/\" \/>\n<meta property=\"og:site_name\" content=\"Suno Not\u00edcias\" \/>\n<meta property=\"article:publisher\" content=\"https:\/\/facebook.com\/sunoresearch\" \/>\n<meta property=\"og:image\" content=\"https:\/\/files.sunoresearch.com.br\/n\/uploads\/2019\/04\/0a040f64-paulo-guedes-na-ccj.jpg\" \/>\n\t<meta property=\"og:image:width\" content=\"1140\" \/>\n\t<meta property=\"og:image:height\" content=\"760\" \/>\n\t<meta property=\"og:image:type\" content=\"image\/jpeg\" \/>\n<meta name=\"author\" content=\"Giovanna Oliveira\" \/>\n<meta name=\"twitter:card\" content=\"summary_large_image\" \/>\n<meta name=\"twitter:creator\" content=\"@sunoresearch\" \/>\n<meta name=\"twitter:site\" content=\"@sunoresearch\" \/>\n<meta name=\"twitter:label1\" content=\"Escrito por\" \/>\n\t<meta name=\"twitter:data1\" content=\"Giovanna Oliveira\" \/>\n\t<meta name=\"twitter:label2\" content=\"Est. tempo de leitura\" \/>\n\t<meta name=\"twitter:data2\" content=\"2 minutos\" \/>\n<script type=\"application\/ld+json\" class=\"yoast-schema-graph\">{\"@context\":\"https:\/\/schema.org\",\"@graph\":[{\"@type\":\"NewsArticle\",\"@id\":\"https:\/\/www.suno.com.br\/noticias\/paulo-guedes-repasses-caixa-bndes\/#article\",\"isPartOf\":{\"@id\":\"https:\/\/www.suno.com.br\/noticias\/paulo-guedes-repasses-caixa-bndes\/\"},\"author\":{\"name\":\"Giovanna Oliveira\",\"@id\":\"https:\/\/www.suno.com.br\/noticias\/#\/schema\/person\/4e19e3d2575736e5283d58eb3199d120\"},\"headline\":\"Paulo Guedes quer antecipa\u00e7\u00e3o de repasses da Caixa e do BNDES\",\"datePublished\":\"2019-08-27T18:00:08+00:00\",\"mainEntityOfPage\":{\"@id\":\"https:\/\/www.suno.com.br\/noticias\/paulo-guedes-repasses-caixa-bndes\/\"},\"wordCount\":388,\"publisher\":{\"@id\":\"https:\/\/www.suno.com.br\/noticias\/#organization\"},\"image\":{\"@id\":\"https:\/\/www.suno.com.br\/noticias\/paulo-guedes-repasses-caixa-bndes\/#primaryimage\"},\"thumbnailUrl\":\"https:\/\/files.sunoresearch.com.br\/n\/uploads\/2019\/04\/0a040f64-paulo-guedes-na-ccj-jpg.webp\",\"keywords\":[\"BNDES\",\"Caixa Econ\u00f4mica Federal (CEF)\",\"dividendos\",\"Paulo Guedes\"],\"articleSection\":[\"Economia\"],\"inLanguage\":\"pt-BR\"},{\"@type\":\"WebPage\",\"@id\":\"https:\/\/www.suno.com.br\/noticias\/paulo-guedes-repasses-caixa-bndes\/\",\"url\":\"https:\/\/www.suno.com.br\/noticias\/paulo-guedes-repasses-caixa-bndes\/\",\"name\":\"Paulo Guedes quer antecipa\u00e7\u00e3o de repasses da Caixa e do BNDES\",\"isPartOf\":{\"@id\":\"https:\/\/www.suno.com.br\/noticias\/#website\"},\"primaryImageOfPage\":{\"@id\":\"https:\/\/www.suno.com.br\/noticias\/paulo-guedes-repasses-caixa-bndes\/#primaryimage\"},\"image\":{\"@id\":\"https:\/\/www.suno.com.br\/noticias\/paulo-guedes-repasses-caixa-bndes\/#primaryimage\"},\"thumbnailUrl\":\"https:\/\/files.sunoresearch.com.br\/n\/uploads\/2019\/04\/0a040f64-paulo-guedes-na-ccj-jpg.webp\",\"datePublished\":\"2019-08-27T18:00:08+00:00\",\"description\":\"Paulo Guedes quer a antecipa\u00e7\u00e3o dos repasses de 50% e 60% dos dividendos da Caixa e do BNDES. Clique para saber mais.\",\"breadcrumb\":{\"@id\":\"https:\/\/www.suno.com.br\/noticias\/paulo-guedes-repasses-caixa-bndes\/#breadcrumb\"},\"inLanguage\":\"pt-BR\",\"potentialAction\":[{\"@type\":\"ReadAction\",\"target\":[\"https:\/\/www.suno.com.br\/noticias\/paulo-guedes-repasses-caixa-bndes\/\"]}]},{\"@type\":\"ImageObject\",\"inLanguage\":\"pt-BR\",\"@id\":\"https:\/\/www.suno.com.br\/noticias\/paulo-guedes-repasses-caixa-bndes\/#primaryimage\",\"url\":\"https:\/\/files.sunoresearch.com.br\/n\/uploads\/2019\/04\/0a040f64-paulo-guedes-na-ccj-jpg.webp\",\"contentUrl\":\"https:\/\/files.sunoresearch.com.br\/n\/uploads\/2019\/04\/0a040f64-paulo-guedes-na-ccj-jpg.webp\",\"width\":1140,\"height\":760,\"caption\":\"Renda Brasil: governo criar\u00e1 programa de renda m\u00ednima permanente\"},{\"@type\":\"BreadcrumbList\",\"@id\":\"https:\/\/www.suno.com.br\/noticias\/paulo-guedes-repasses-caixa-bndes\/#breadcrumb\",\"itemListElement\":[{\"@type\":\"ListItem\",\"position\":1,\"name\":\"Not\u00edcias\",\"item\":\"https:\/\/www.suno.com.br\/noticias\/\"},{\"@type\":\"ListItem\",\"position\":2,\"name\":\"Economia\",\"item\":\"https:\/\/www.suno.com.br\/noticias\/economia\/\"},{\"@type\":\"ListItem\",\"position\":3,\"name\":\"Paulo Guedes quer antecipa\u00e7\u00e3o de repasses da Caixa e do BNDES\"}]},{\"@type\":\"WebSite\",\"@id\":\"https:\/\/www.suno.com.br\/noticias\/#website\",\"url\":\"https:\/\/www.suno.com.br\/noticias\/\",\"name\":\"Suno Not\u00edcias\",\"description\":\"Seu portal de informa\u00e7\u00e3o sobre o mundo dos investimentos\",\"publisher\":{\"@id\":\"https:\/\/www.suno.com.br\/noticias\/#organization\"},\"potentialAction\":[{\"@type\":\"SearchAction\",\"target\":{\"@type\":\"EntryPoint\",\"urlTemplate\":\"https:\/\/www.suno.com.br\/noticias\/?s={search_term_string}\"},\"query-input\":{\"@type\":\"PropertyValueSpecification\",\"valueRequired\":true,\"valueName\":\"search_term_string\"}}],\"inLanguage\":\"pt-BR\"},{\"@type\":\"Organization\",\"@id\":\"https:\/\/www.suno.com.br\/noticias\/#organization\",\"name\":\"Suno Not\u00edcias\",\"url\":\"https:\/\/www.suno.com.br\/noticias\/\",\"logo\":{\"@type\":\"ImageObject\",\"inLanguage\":\"pt-BR\",\"@id\":\"https:\/\/www.suno.com.br\/noticias\/#\/schema\/logo\/image\/\",\"url\":\"https:\/\/files.sunoresearch.com.br\/n\/uploads\/2021\/09\/suno-logo.png\",\"contentUrl\":\"https:\/\/files.sunoresearch.com.br\/n\/uploads\/2021\/09\/suno-logo.png\",\"width\":180,\"height\":180,\"caption\":\"Suno Not\u00edcias\"},\"image\":{\"@id\":\"https:\/\/www.suno.com.br\/noticias\/#\/schema\/logo\/image\/\"},\"sameAs\":[\"https:\/\/facebook.com\/sunoresearch\",\"https:\/\/x.com\/sunoresearch\",\"https:\/\/www.instagram.com\/suno\",\"https:\/\/www.linkedin.com\/company\/suno-research\/\",\"https:\/\/www.youtube.com\/c\/sunoresearch\"]},{\"@type\":\"Person\",\"@id\":\"https:\/\/www.suno.com.br\/noticias\/#\/schema\/person\/4e19e3d2575736e5283d58eb3199d120\",\"name\":\"Giovanna Oliveira\",\"image\":{\"@type\":\"ImageObject\",\"inLanguage\":\"pt-BR\",\"@id\":\"https:\/\/www.suno.com.br\/noticias\/#\/schema\/person\/image\/\",\"url\":\"https:\/\/secure.gravatar.com\/avatar\/9a37b3ae208962ac568992d0ffdbc2eb?s=96&r=g\",\"contentUrl\":\"https:\/\/secure.gravatar.com\/avatar\/9a37b3ae208962ac568992d0ffdbc2eb?s=96&r=g\",\"caption\":\"Giovanna Oliveira\"},\"description\":\"Giovanna Oliveira escreve sobre economia e pol\u00edtica. Foi rep\u00f3rter do portal de jornalismo da ESPM-SP e produziu conte\u00fado para a Corinthians TV. \u00c9 estudante da ESPM.\",\"url\":\"https:\/\/www.suno.com.br\/noticias\/author\/giovanna\/\"}]}<\/script>\n<!-- \/ Yoast SEO plugin. -->","yoast_head_json":{"title":"Paulo Guedes quer antecipa\u00e7\u00e3o de repasses da Caixa e do BNDES","description":"Paulo Guedes quer a antecipa\u00e7\u00e3o dos repasses de 50% e 60% dos dividendos da Caixa e do BNDES. Clique para saber mais.","robots":{"index":"index","follow":"follow","max-snippet":"max-snippet:-1","max-image-preview":"max-image-preview:large","max-video-preview":"max-video-preview:-1"},"canonical":"https:\/\/www.suno.com.br\/noticias\/paulo-guedes-repasses-caixa-bndes\/","og_locale":"pt_BR","og_type":"article","og_title":"Paulo Guedes quer antecipa\u00e7\u00e3o de repasses da Caixa e do BNDES","og_description":"Paulo Guedes quer a antecipa\u00e7\u00e3o dos repasses de 50% e 60% dos dividendos da Caixa e do BNDES. Clique para saber mais.","og_url":"https:\/\/www.suno.com.br\/noticias\/paulo-guedes-repasses-caixa-bndes\/","og_site_name":"Suno Not\u00edcias","article_publisher":"https:\/\/facebook.com\/sunoresearch","og_image":[{"width":1140,"height":760,"url":"https:\/\/files.sunoresearch.com.br\/n\/uploads\/2019\/04\/0a040f64-paulo-guedes-na-ccj.jpg","type":"image\/jpeg"}],"author":"Giovanna Oliveira","twitter_card":"summary_large_image","twitter_creator":"@sunoresearch","twitter_site":"@sunoresearch","twitter_misc":{"Escrito por":"Giovanna Oliveira","Est. tempo de leitura":"2 minutos"},"schema":{"@context":"https:\/\/schema.org","@graph":[{"@type":"NewsArticle","@id":"https:\/\/www.suno.com.br\/noticias\/paulo-guedes-repasses-caixa-bndes\/#article","isPartOf":{"@id":"https:\/\/www.suno.com.br\/noticias\/paulo-guedes-repasses-caixa-bndes\/"},"author":{"name":"Giovanna Oliveira","@id":"https:\/\/www.suno.com.br\/noticias\/#\/schema\/person\/4e19e3d2575736e5283d58eb3199d120"},"headline":"Paulo Guedes quer antecipa\u00e7\u00e3o de repasses da Caixa e do BNDES","datePublished":"2019-08-27T18:00:08+00:00","mainEntityOfPage":{"@id":"https:\/\/www.suno.com.br\/noticias\/paulo-guedes-repasses-caixa-bndes\/"},"wordCount":388,"publisher":{"@id":"https:\/\/www.suno.com.br\/noticias\/#organization"},"image":{"@id":"https:\/\/www.suno.com.br\/noticias\/paulo-guedes-repasses-caixa-bndes\/#primaryimage"},"thumbnailUrl":"https:\/\/files.sunoresearch.com.br\/n\/uploads\/2019\/04\/0a040f64-paulo-guedes-na-ccj-jpg.webp","keywords":["BNDES","Caixa Econ\u00f4mica Federal (CEF)","dividendos","Paulo Guedes"],"articleSection":["Economia"],"inLanguage":"pt-BR"},{"@type":"WebPage","@id":"https:\/\/www.suno.com.br\/noticias\/paulo-guedes-repasses-caixa-bndes\/","url":"https:\/\/www.suno.com.br\/noticias\/paulo-guedes-repasses-caixa-bndes\/","name":"Paulo Guedes quer antecipa\u00e7\u00e3o de repasses da Caixa e do BNDES","isPartOf":{"@id":"https:\/\/www.suno.com.br\/noticias\/#website"},"primaryImageOfPage":{"@id":"https:\/\/www.suno.com.br\/noticias\/paulo-guedes-repasses-caixa-bndes\/#primaryimage"},"image":{"@id":"https:\/\/www.suno.com.br\/noticias\/paulo-guedes-repasses-caixa-bndes\/#primaryimage"},"thumbnailUrl":"https:\/\/files.sunoresearch.com.br\/n\/uploads\/2019\/04\/0a040f64-paulo-guedes-na-ccj-jpg.webp","datePublished":"2019-08-27T18:00:08+00:00","description":"Paulo Guedes quer a antecipa\u00e7\u00e3o dos repasses de 50% e 60% dos dividendos da Caixa e do BNDES. Clique para saber mais.","breadcrumb":{"@id":"https:\/\/www.suno.com.br\/noticias\/paulo-guedes-repasses-caixa-bndes\/#breadcrumb"},"inLanguage":"pt-BR","potentialAction":[{"@type":"ReadAction","target":["https:\/\/www.suno.com.br\/noticias\/paulo-guedes-repasses-caixa-bndes\/"]}]},{"@type":"ImageObject","inLanguage":"pt-BR","@id":"https:\/\/www.suno.com.br\/noticias\/paulo-guedes-repasses-caixa-bndes\/#primaryimage","url":"https:\/\/files.sunoresearch.com.br\/n\/uploads\/2019\/04\/0a040f64-paulo-guedes-na-ccj-jpg.webp","contentUrl":"https:\/\/files.sunoresearch.com.br\/n\/uploads\/2019\/04\/0a040f64-paulo-guedes-na-ccj-jpg.webp","width":1140,"height":760,"caption":"Renda Brasil: governo criar\u00e1 programa de renda m\u00ednima permanente"},{"@type":"BreadcrumbList","@id":"https:\/\/www.suno.com.br\/noticias\/paulo-guedes-repasses-caixa-bndes\/#breadcrumb","itemListElement":[{"@type":"ListItem","position":1,"name":"Not\u00edcias","item":"https:\/\/www.suno.com.br\/noticias\/"},{"@type":"ListItem","position":2,"name":"Economia","item":"https:\/\/www.suno.com.br\/noticias\/economia\/"},{"@type":"ListItem","position":3,"name":"Paulo Guedes quer antecipa\u00e7\u00e3o de repasses da Caixa e do BNDES"}]},{"@type":"WebSite","@id":"https:\/\/www.suno.com.br\/noticias\/#website","url":"https:\/\/www.suno.com.br\/noticias\/","name":"Suno Not\u00edcias","description":"Seu portal de informa\u00e7\u00e3o sobre o mundo dos investimentos","publisher":{"@id":"https:\/\/www.suno.com.br\/noticias\/#organization"},"potentialAction":[{"@type":"SearchAction","target":{"@type":"EntryPoint","urlTemplate":"https:\/\/www.suno.com.br\/noticias\/?s={search_term_string}"},"query-input":{"@type":"PropertyValueSpecification","valueRequired":true,"valueName":"search_term_string"}}],"inLanguage":"pt-BR"},{"@type":"Organization","@id":"https:\/\/www.suno.com.br\/noticias\/#organization","name":"Suno Not\u00edcias","url":"https:\/\/www.suno.com.br\/noticias\/","logo":{"@type":"ImageObject","inLanguage":"pt-BR","@id":"https:\/\/www.suno.com.br\/noticias\/#\/schema\/logo\/image\/","url":"https:\/\/files.sunoresearch.com.br\/n\/uploads\/2021\/09\/suno-logo.png","contentUrl":"https:\/\/files.sunoresearch.com.br\/n\/uploads\/2021\/09\/suno-logo.png","width":180,"height":180,"caption":"Suno Not\u00edcias"},"image":{"@id":"https:\/\/www.suno.com.br\/noticias\/#\/schema\/logo\/image\/"},"sameAs":["https:\/\/facebook.com\/sunoresearch","https:\/\/x.com\/sunoresearch","https:\/\/www.instagram.com\/suno","https:\/\/www.linkedin.com\/company\/suno-research\/","https:\/\/www.youtube.com\/c\/sunoresearch"]},{"@type":"Person","@id":"https:\/\/www.suno.com.br\/noticias\/#\/schema\/person\/4e19e3d2575736e5283d58eb3199d120","name":"Giovanna Oliveira","image":{"@type":"ImageObject","inLanguage":"pt-BR","@id":"https:\/\/www.suno.com.br\/noticias\/#\/schema\/person\/image\/","url":"https:\/\/secure.gravatar.com\/avatar\/9a37b3ae208962ac568992d0ffdbc2eb?s=96&r=g","contentUrl":"https:\/\/secure.gravatar.com\/avatar\/9a37b3ae208962ac568992d0ffdbc2eb?s=96&r=g","caption":"Giovanna Oliveira"},"description":"Giovanna Oliveira escreve sobre economia e pol\u00edtica. Foi rep\u00f3rter do portal de jornalismo da ESPM-SP e produziu conte\u00fado para a Corinthians TV. \u00c9 estudante da ESPM.","url":"https:\/\/www.suno.com.br\/noticias\/author\/giovanna\/"}]}},"default_loop_html":"<div class=\"cardsPage__listCard__boxs\"><div class=\"cardsPage__listCard__boxs__img\"><a href=\"https:\/\/www.suno.com.br\/noticias\/paulo-guedes-repasses-caixa-bndes\/\"><img class=\"mask\" src=\"https:\/\/www.suno.com.br\/noticias\/wp-content\/themes\/suno\/resources\/images\/spotlight\/spotlight1img\/bg-mask.png\" alt=\"Image Mask\"\/><img src=\"https:\/\/files.sunoresearch.com.br\/n\/uploads\/2019\/04\/0a040f64-paulo-guedes-na-ccj-400x200.webp\" alt=\"Paulo Guedes quer antecipa\u00e7\u00e3o de repasses da Caixa e do BNDES\"\/><\/a><span class=\"spotlightCategory\"><a href=\"https:\/\/www.suno.com.br\/noticias\/economia\/\">Economia<\/a><\/span><\/div><div class=\"cardsPage__listCard__boxs__content\"><a href=\"https:\/\/www.suno.com.br\/noticias\/paulo-guedes-repasses-caixa-bndes\/\"><h2 class=\"content__title\">Paulo Guedes quer antecipa\u00e7\u00e3o de repasses da Caixa e do BNDES<\/h2><\/a><div class=\"newsContent__article__meta\"><div class=\"newsContent__article__meta__authorBox\"><a href=\"https:\/\/www.suno.com.br\/noticias\/author\/giovanna\/\" class=\"authorBox__avatar noMobi\"><img src=\"https:\/\/files.sunoresearch.com.br\/n\/uploads\/2019\/06\/952a89ca-screenshot_20190608-171507-150x150.webp\" alt=\"Giovanna Oliveira\"><\/a><div class=\"authorBox__name\"><span>por\n\t\t\t<a href=\"https:\/\/www.suno.com.br\/noticias\/author\/giovanna\/\"><span itemprop=\"author\">Giovanna Oliveira<\/span><\/a><\/span><time datetime=\"2019-08-27T15:00:08-03:00\" itemprop=\"datePublished\">27\/08\/2019 15:00<\/time><\/div><\/div><\/div><\/div><\/div>","single_layout":"posts","amp_enabled":true,"_links":{"self":[{"href":"https:\/\/www.suno.com.br\/noticias\/wp-json\/wp\/v2\/posts\/35482"}],"collection":[{"href":"https:\/\/www.suno.com.br\/noticias\/wp-json\/wp\/v2\/posts"}],"about":[{"href":"https:\/\/www.suno.com.br\/noticias\/wp-json\/wp\/v2\/types\/post"}],"author":[{"embeddable":true,"href":"https:\/\/www.suno.com.br\/noticias\/wp-json\/wp\/v2\/users\/18"}],"replies":[{"embeddable":true,"href":"https:\/\/www.suno.com.br\/noticias\/wp-json\/wp\/v2\/comments?post=35482"}],"version-history":[{"count":0,"href":"https:\/\/www.suno.com.br\/noticias\/wp-json\/wp\/v2\/posts\/35482\/revisions"}],"wp:featuredmedia":[{"embeddable":true,"href":"https:\/\/www.suno.com.br\/noticias\/wp-json\/wp\/v2\/media\/19887"}],"wp:attachment":[{"href":"https:\/\/www.suno.com.br\/noticias\/wp-json\/wp\/v2\/media?parent=35482"}],"wp:term":[{"taxonomy":"category","embeddable":true,"href":"https:\/\/www.suno.com.br\/noticias\/wp-json\/wp\/v2\/categories?post=35482"},{"taxonomy":"post_tag","embeddable":true,"href":"https:\/\/www.suno.com.br\/noticias\/wp-json\/wp\/v2\/tags?post=35482"},{"taxonomy":"suno_strategy","embeddable":true,"href":"https:\/\/www.suno.com.br\/noticias\/wp-json\/wp\/v2\/suno_strategy?post=35482"}],"curies":[{"name":"wp","href":"https:\/\/api.w.org\/{rel}","templated":true}]}}