{"id":354559,"date":"2023-01-29T11:16:56","date_gmt":"2023-01-29T14:16:56","guid":{"rendered":"https:\/\/www.suno.com.br\/noticias\/?p=354559"},"modified":"2023-01-29T11:17:00","modified_gmt":"2023-01-29T14:17:00","slug":"petrobras-petr4-conselho-de-administracao-muda","status":"publish","type":"post","link":"https:\/\/www.suno.com.br\/noticias\/petrobras-petr4-conselho-de-administracao-muda\/","title":{"rendered":"Conselho da Petrobras (PETR4) mudar\u00e1 em abril; entenda"},"content":{"rendered":"<p>Seguindo o cronograma corporativo da companhia, os representantes do Governo brasileiro no Conselho de Administra\u00e7\u00e3o da <a class=\"suno-keyword\" data-force=\"yes\" data-priority=\"2\" href=\"https:\/\/www.suno.com.br\/acoes\/PETR4\/\" target=\"_blank\" rel=\"noopener\"><strong>Petrobras<\/strong> (PETR4)<\/a> devem ser trocados em meados de 16 de abril.<\/p><div class=\"videoFull \">\n\t\t\t<div class=\"videoWrapper yt-lazyload center\"\n\t\t\t\tdata-width=\"960\"\n\t\t\t\tdata-height=\"540\"\n\t\t\t\tdata-id=\"6c0nyKY3nMw\"\n\t\t\t\tdata-alt=\"V\u00eddeo do YouTube - clique para reproduzir\"\n\t\t\t\tdata-logo=\"3\"\n\t\t\t\tdata-imagequality=\"maxres\">\n\t\t\t<\/div>\n\t\t<\/div><script type=\"application\/ld+json\">{\"@context\":\"https:\/\/schema.org\",\"@type\":\"VideoObject\",\"name\":\"PRATES NA PETROBRAS (PETR4): \u00c9 O FIM DOS DIVIDENDOS? | Justi\u00e7a atende Bradesco e mira em Americanas\",\"description\":\"\ud83d\udd0e \ud83d\udcca[\ud835\uddf2\ud835\uddd5\ud835\uddfc\ud835\uddfc\ud835\uddf8 \ud835\uddda\ud835\udde5\ud835\uddd4\ud835\udde7\ud835\udde8\ud835\udddc\ud835\udde7\ud835\udde2] \ud835\uddd4\ud835\uddfd\ud835\uddff\ud835\uddf2\ud835\uddfb\ud835\uddf1\ud835\uddee \ud835\uddf0\ud835\uddfc\ud835\uddfa\ud835\uddfc \ud835\uddee\ud835\uddfb\ud835\uddee\ud835\uddf9\ud835\uddf6\ud835\ude00\ud835\uddee\ud835\uddff \ud835\ude02\ud835\uddfa\ud835\uddee \ud835\uddee\u00e7\u00e3\ud835\uddfc\u200b \ud83d\udc47 https:\/\/lp.suno.com.br\/ebook-como-analisar-uma-acao\/?utm_source=youtube.noticias&utm_medium=live&utm_campaign=ebookcomoanalisarumaacao.20230124&utm_content=ytnoticias.live19.26012023 O Ibovespa encerrou o preg\u00e3o de hoje (26) com queda de 0,08% aos 114.177,55 pontos, ap\u00f3s oscilar entre 113.591,04 e 114.835,35. O volume financeiro do dia foi de R$ 22,30 bilh\u00f5es. A sess\u00e3o desta quinta-feira teve a pol\u00edtica no radar dos investidores. Isso porque Jean\u2026\",\"duration\":\"PT41M19S\",\"embedUrl\":\"https:\/\/www.youtube.com\/embed\/6c0nyKY3nMw\",\"regionsAllowed\":\"pt-BR\",\"interactionStatistic\":{\"@type\":\"InteractionCounter\",\"interactionType\":{\"@type\":\"WatchAction\"},\"userInteractionCount\":5194},\"thumbnailUrl\":\"https:\/\/i.ytimg.com\/vi\/6c0nyKY3nMw\/default.jpg\",\"uploadDate\":\"2023-01-26T22:52:00Z\"}<\/script>\n\n\n\n\n\t<p>\n\t\t<a href=\"\" target=\"_blank\" data-element=\"shortcode-suno-banner\" title=\"Banner SUNO, clique e saiba mais\">\n\t\t\t<picture>\n\t\t\t\t<source media=\"(max-width: 500px)\" srcset=\"\">\n\t\t\t\t<img class=\"newsContent__article__imgCapa newsContent__article__imgCapa--banner\"\n\t\t\t\t\tsrc=\"\"\n\t\t\t\t\tdata-promo-id=\"254218\"\t\t\t\t\t\t\t\t\t\t\t\t\t\t\talt=\"\"\n\t\t\t\t>\n\t\t\t<\/picture>\n\t\t<\/a>\n\t<\/p>\n\n\n\n\n\n<p>Anteriormente, o governo tentou convocar uma reuni\u00e3o extraordin\u00e1ria, mas voltou atr\u00e1s e decidiu seguir as datas do calend\u00e1rio da <strong>Petrobras<\/strong>.<\/p>\n\n\n\n<p>A elei\u00e7\u00e3o dos membros do <a class=\"suno-keyword\" target=\"_blank\" data-force=\"no\" data-priority=\"1\" href=\"https:\/\/www.suno.com.br\/artigos\/conselho-administracao\/\" rel=\"noopener\">Conselho de Administra\u00e7\u00e3o<\/a> ocorrer\u00e1 por meio de Assembleia Ordin\u00e1ria.<\/p>\n\n\n\n<p>A Uni\u00e3o tem direito a seis assentos no <strong>Conselho da Petrobras<\/strong>, dada a participa\u00e7\u00e3o acion\u00e1ria na companhia estatal.<\/p>\n\n\n\n<p>Conforme os dados oficiais da companhia, s\u00e3o 28,6% das <strong>a\u00e7\u00f5es da Petrobras<\/strong> que est\u00e3o sob controle do Governo Federal &#8211; al\u00e9m de outros 7% e 1% na m\u00e3o do BNDESPar e do BNDES, respectivamente.<\/p>\n\n\n\n<p>Atualmente o Conselho da estatal possui onze membros, dos quais cinco foram eleitos pelo <a class=\"suno-keyword\" target=\"_blank\" data-force=\"no\" data-priority=\"1\" href=\"https:\/\/www.suno.com.br\/artigos\/acionista-controlador\/\" rel=\"noopener\">acionista controlador<\/a> (o governo).<\/p>\n\n\n\t<p>\n\t\t<a href=\"https:\/\/lp.suno.com.br\/planilha-controle-gastos\/\" target=\"_blank\" data-element=\"shortcode-suno-banner\" title=\"Banner SUNO, clique e saiba mais\">\n\t\t\t<picture>\n\t\t\t\t<source media=\"(max-width: 500px)\" srcset=\"https:\/\/files.sunoresearch.com.br\/n\/uploads\/2023\/03\/400x300-Planilha-controle-de-gastos.png\">\n\t\t\t\t<img class=\"newsContent__article__imgCapa newsContent__article__imgCapa--banner\"\n\t\t\t\t\tsrc=\"https:\/\/files.sunoresearch.com.br\/n\/uploads\/2023\/03\/1420x240-Planilha-controle-de-gastos.png\"\n\t\t\t\t\tdata-promo-id=\"101751\"\t\t\t\t\t\t\t\t\t\twidth='1420' height='240'\t\t\t\t\talt=\"https:\/\/files.sunoresearch.com.br\/n\/uploads\/2023\/03\/1420x240-Planilha-controle-de-gastos.png\"\n\t\t\t\t>\n\t\t\t<\/picture>\n\t\t<\/a>\n\t<\/p>\n\n\n\n\n\n<h2 class=\"wp-block-heading\" id=\"h-ceo-e-novo-presidente-do-conselho-da-petrobras\">CEO e novo presidente do Conselho da Petrobras<\/h2>\n\n\n\n<p>O mais importante membro do Conselho de Administra\u00e7\u00e3o foi eleito ainda nesta quinta-feira (26). Jean Paul Prates, que era Senador, ser\u00e1 o <a href=\"https:\/\/www.suno.com.br\/artigos\/ceo\/\" target=\"_blank\" rel=\"noreferrer noopener\">CEO da companhia<\/a> e exercer\u00e1 o cargo de <strong>Presidente do Conselho de Administra\u00e7\u00e3o<\/strong>.<\/p>\n\n\n\n<p>Prates, contudo, j\u00e1 est\u00e1 no cargo interinamente at\u00e9 a pr\u00f3xima assembleia.<\/p>\n\n\n\n<p>O nome de Prates j\u00e1 era citado pela c\u00fapula do governo antes da sua indica\u00e7\u00e3o oficial, no dia 13 de janeiro.<\/p>\n\n\n\n<p>Com a sua elei\u00e7\u00e3o, na quinta (26), <a href=\"https:\/\/www.suno.com.br\/noticias\/ibovespa-hoje-fechamento-26012023\/\" target=\"_blank\" rel=\"noreferrer noopener\">as a\u00e7\u00f5es da Petrobras ca\u00edram cerca de 3% no Ibovespa<\/a>.<\/p>\n\n\n\n<p>Segundo analistas do Goldman Sachs, Prates deve come\u00e7ar a anunciar os nomes que ir\u00e3o compor a diretoria da Petrobras j\u00e1 nos pr\u00f3ximos dias.<\/p>\n\n\n\n<p>A expectativa da casa, dados os discursos recentes de Prates, \u00e9 de que ele &#8220;tranquilize o mercado&#8221;, sinalizando que n\u00e3o ocorrer\u00e3o mudan\u00e7as dr\u00e1sticas na agenda da Petrobras &#8211; especialmente no que se refere ao pre\u00e7o dos combust\u00edveis.<\/p>\n\n\n\n<h2 class=\"wp-block-heading\">Desempenho de PETR4<\/h2>\n\n\n\n<p>No acumulado dos \u00faltimos 12 meses, as a\u00e7\u00f5es da Petrobras ca\u00edram 20,8% no Ibovespa, cotadas a atuais R$ 25,62.<\/p>\n\n\n\n<p>Em uma janela mais recente, considerando o m\u00eas de janeiro deste ano, os pap\u00e9is <strong>PETR4<\/strong> subiram 11,7%.<\/p>\n\n\n\n<p><a href=\"https:\/\/statusinvest.com.br\/acoes\/petr4\" target=\"_blank\" rel=\"noreferrer noopener\">Conforme dados do Status Invest<\/a>, as a\u00e7\u00f5es preferenciais da <strong>Petrobras<\/strong> somam um dividend yield (DY) de 65%, com R$ 16,7 pagos por a\u00e7\u00e3o nos \u00faltimos 12 meses. <\/p>\n\n\n\t<p>\n\t\t<a href=\"https:\/\/lp.suno.com.br\/ebook-como-analisar-uma-acao\/\" target=\"_blank\" data-element=\"shortcode-suno-banner\" title=\"Banner SUNO, clique e saiba mais\">\n\t\t\t<picture>\n\t\t\t\t<source media=\"(max-width: 500px)\" srcset=\"https:\/\/files.sunoresearch.com.br\/n\/uploads\/2023\/03\/Ebook-Acoes-Mobile-1.jpg\">\n\t\t\t\t<img class=\"newsContent__article__imgCapa newsContent__article__imgCapa--banner\"\n\t\t\t\t\tsrc=\"https:\/\/files.sunoresearch.com.br\/n\/uploads\/2023\/03\/Ebook-Acoes-Desktop-1.jpg\"\n\t\t\t\t\tdata-promo-id=\"171998\"\t\t\t\t\t\t\t\t\t\twidth='1420' height='286'\t\t\t\t\talt=\"https:\/\/files.sunoresearch.com.br\/n\/uploads\/2023\/03\/Ebook-Acoes-Desktop-1.jpg\"\n\t\t\t\t>\n\t\t\t<\/picture>\n\t\t<\/a>\n\t<\/p>\n\n\n","protected":false},"excerpt":{"rendered":"<p>Seguindo o cronograma corporativo da companhia, os representantes do Governo brasileiro no Conselho de Administra\u00e7\u00e3o da Petrobras (PETR4) devem ser trocados em meados de 16 de abril. Anteriormente, o governo tentou convocar uma reuni\u00e3o extraordin\u00e1ria, mas voltou atr\u00e1s e decidiu seguir as datas do calend\u00e1rio da Petrobras. A elei\u00e7\u00e3o dos membros do Conselho de Administra\u00e7\u00e3o [&hellip;]<\/p>\n","protected":false},"author":73,"featured_media":340829,"comment_status":"closed","ping_status":"closed","sticky":false,"template":"","format":"standard","meta":[],"categories":[64],"tags":[2721,2426,595],"suno_strategy":[],"class_list":["post-354559","post","type-post","status-publish","format-standard","has-post-thumbnail","hentry","category-negocios","tag-conselho-de-administracao","tag-petr3","tag-petrobras-petr4"],"yoast_head":"<!-- This site is optimized with the Yoast SEO plugin v24.4 - https:\/\/yoast.com\/wordpress\/plugins\/seo\/ -->\n<title>Conselho de Administra\u00e7\u00e3o da Petrobras (PETR4) mudar\u00e1 em abril<\/title>\n<meta name=\"description\" content=\"Governo tentou convocar uma assembleia extraordin\u00e1ria, mas decidiu voltar atr\u00e1s e seguir cronograma da Petrobras. Clique e confira!\" \/>\n<meta name=\"robots\" content=\"index, follow, max-snippet:-1, max-image-preview:large, max-video-preview:-1\" \/>\n<link rel=\"canonical\" href=\"https:\/\/www.suno.com.br\/noticias\/petrobras-petr4-conselho-de-administracao-muda\/\" \/>\n<meta property=\"og:locale\" content=\"pt_BR\" \/>\n<meta property=\"og:type\" content=\"article\" \/>\n<meta property=\"og:title\" content=\"Conselho de Administra\u00e7\u00e3o da Petrobras (PETR4) mudar\u00e1 em abril\" \/>\n<meta property=\"og:description\" content=\"Governo tentou convocar uma assembleia extraordin\u00e1ria, mas decidiu voltar atr\u00e1s e seguir cronograma da Petrobras. Clique e confira!\" \/>\n<meta property=\"og:url\" content=\"https:\/\/www.suno.com.br\/noticias\/petrobras-petr4-conselho-de-administracao-muda\/\" \/>\n<meta property=\"og:site_name\" content=\"Suno Not\u00edcias\" \/>\n<meta property=\"article:publisher\" content=\"https:\/\/facebook.com\/sunoresearch\" \/>\n<meta property=\"og:image\" content=\"https:\/\/files.sunoresearch.com.br\/n\/uploads\/2023\/01\/Jean-Paul-Prates.jpg\" \/>\n\t<meta property=\"og:image:width\" content=\"1200\" \/>\n\t<meta property=\"og:image:height\" content=\"800\" \/>\n\t<meta property=\"og:image:type\" content=\"image\/jpeg\" \/>\n<meta name=\"author\" content=\"Eduardo Vargas\" \/>\n<meta name=\"twitter:card\" content=\"summary_large_image\" \/>\n<meta name=\"twitter:creator\" content=\"@sunoresearch\" \/>\n<meta name=\"twitter:site\" content=\"@sunoresearch\" \/>\n<meta name=\"twitter:label1\" content=\"Escrito por\" \/>\n\t<meta name=\"twitter:data1\" content=\"Eduardo Vargas\" \/>\n\t<meta name=\"twitter:label2\" content=\"Est. tempo de leitura\" \/>\n\t<meta name=\"twitter:data2\" content=\"2 minutos\" \/>\n<script type=\"application\/ld+json\" class=\"yoast-schema-graph\">{\"@context\":\"https:\/\/schema.org\",\"@graph\":[{\"@type\":\"NewsArticle\",\"@id\":\"https:\/\/www.suno.com.br\/noticias\/petrobras-petr4-conselho-de-administracao-muda\/#article\",\"isPartOf\":{\"@id\":\"https:\/\/www.suno.com.br\/noticias\/petrobras-petr4-conselho-de-administracao-muda\/\"},\"author\":{\"name\":\"Eduardo Vargas\",\"@id\":\"https:\/\/www.suno.com.br\/noticias\/#\/schema\/person\/7f4d362bf3518e76090143ae77bb49a5\"},\"headline\":\"Conselho da Petrobras (PETR4) mudar\u00e1 em abril; entenda\",\"datePublished\":\"2023-01-29T14:16:56+00:00\",\"dateModified\":\"2023-01-29T14:17:00+00:00\",\"mainEntityOfPage\":{\"@id\":\"https:\/\/www.suno.com.br\/noticias\/petrobras-petr4-conselho-de-administracao-muda\/\"},\"wordCount\":389,\"publisher\":{\"@id\":\"https:\/\/www.suno.com.br\/noticias\/#organization\"},\"image\":{\"@id\":\"https:\/\/www.suno.com.br\/noticias\/petrobras-petr4-conselho-de-administracao-muda\/#primaryimage\"},\"thumbnailUrl\":\"https:\/\/files.sunoresearch.com.br\/n\/uploads\/2023\/01\/Jean-Paul-Prates.jpg\",\"keywords\":[\"Conselho de Administra\u00e7\u00e3o\",\"PETR3\",\"Petrobras (PETR4)\"],\"articleSection\":[\"Neg\u00f3cios\"],\"inLanguage\":\"pt-BR\"},{\"@type\":\"WebPage\",\"@id\":\"https:\/\/www.suno.com.br\/noticias\/petrobras-petr4-conselho-de-administracao-muda\/\",\"url\":\"https:\/\/www.suno.com.br\/noticias\/petrobras-petr4-conselho-de-administracao-muda\/\",\"name\":\"Conselho de Administra\u00e7\u00e3o da Petrobras (PETR4) mudar\u00e1 em abril\",\"isPartOf\":{\"@id\":\"https:\/\/www.suno.com.br\/noticias\/#website\"},\"primaryImageOfPage\":{\"@id\":\"https:\/\/www.suno.com.br\/noticias\/petrobras-petr4-conselho-de-administracao-muda\/#primaryimage\"},\"image\":{\"@id\":\"https:\/\/www.suno.com.br\/noticias\/petrobras-petr4-conselho-de-administracao-muda\/#primaryimage\"},\"thumbnailUrl\":\"https:\/\/files.sunoresearch.com.br\/n\/uploads\/2023\/01\/Jean-Paul-Prates.jpg\",\"datePublished\":\"2023-01-29T14:16:56+00:00\",\"dateModified\":\"2023-01-29T14:17:00+00:00\",\"description\":\"Governo tentou convocar uma assembleia extraordin\u00e1ria, mas decidiu voltar atr\u00e1s e seguir cronograma da Petrobras. Clique e confira!\",\"breadcrumb\":{\"@id\":\"https:\/\/www.suno.com.br\/noticias\/petrobras-petr4-conselho-de-administracao-muda\/#breadcrumb\"},\"inLanguage\":\"pt-BR\",\"potentialAction\":[{\"@type\":\"ReadAction\",\"target\":[\"https:\/\/www.suno.com.br\/noticias\/petrobras-petr4-conselho-de-administracao-muda\/\"]}]},{\"@type\":\"ImageObject\",\"inLanguage\":\"pt-BR\",\"@id\":\"https:\/\/www.suno.com.br\/noticias\/petrobras-petr4-conselho-de-administracao-muda\/#primaryimage\",\"url\":\"https:\/\/files.sunoresearch.com.br\/n\/uploads\/2023\/01\/Jean-Paul-Prates.jpg\",\"contentUrl\":\"https:\/\/files.sunoresearch.com.br\/n\/uploads\/2023\/01\/Jean-Paul-Prates.jpg\",\"width\":1200,\"height\":800,\"caption\":\"Jean Paul Prates. Foto: Roque de S\u00e1\/Ag\u00eancia Senado\"},{\"@type\":\"BreadcrumbList\",\"@id\":\"https:\/\/www.suno.com.br\/noticias\/petrobras-petr4-conselho-de-administracao-muda\/#breadcrumb\",\"itemListElement\":[{\"@type\":\"ListItem\",\"position\":1,\"name\":\"Not\u00edcias\",\"item\":\"https:\/\/www.suno.com.br\/noticias\/\"},{\"@type\":\"ListItem\",\"position\":2,\"name\":\"Neg\u00f3cios\",\"item\":\"https:\/\/www.suno.com.br\/noticias\/negocios\/\"},{\"@type\":\"ListItem\",\"position\":3,\"name\":\"Conselho da Petrobras (PETR4) mudar\u00e1 em abril; entenda\"}]},{\"@type\":\"WebSite\",\"@id\":\"https:\/\/www.suno.com.br\/noticias\/#website\",\"url\":\"https:\/\/www.suno.com.br\/noticias\/\",\"name\":\"Suno Not\u00edcias\",\"description\":\"Seu portal de informa\u00e7\u00e3o sobre o mundo dos investimentos\",\"publisher\":{\"@id\":\"https:\/\/www.suno.com.br\/noticias\/#organization\"},\"potentialAction\":[{\"@type\":\"SearchAction\",\"target\":{\"@type\":\"EntryPoint\",\"urlTemplate\":\"https:\/\/www.suno.com.br\/noticias\/?s={search_term_string}\"},\"query-input\":{\"@type\":\"PropertyValueSpecification\",\"valueRequired\":true,\"valueName\":\"search_term_string\"}}],\"inLanguage\":\"pt-BR\"},{\"@type\":\"Organization\",\"@id\":\"https:\/\/www.suno.com.br\/noticias\/#organization\",\"name\":\"Suno Not\u00edcias\",\"url\":\"https:\/\/www.suno.com.br\/noticias\/\",\"logo\":{\"@type\":\"ImageObject\",\"inLanguage\":\"pt-BR\",\"@id\":\"https:\/\/www.suno.com.br\/noticias\/#\/schema\/logo\/image\/\",\"url\":\"https:\/\/files.sunoresearch.com.br\/n\/uploads\/2021\/09\/suno-logo.png\",\"contentUrl\":\"https:\/\/files.sunoresearch.com.br\/n\/uploads\/2021\/09\/suno-logo.png\",\"width\":180,\"height\":180,\"caption\":\"Suno Not\u00edcias\"},\"image\":{\"@id\":\"https:\/\/www.suno.com.br\/noticias\/#\/schema\/logo\/image\/\"},\"sameAs\":[\"https:\/\/facebook.com\/sunoresearch\",\"https:\/\/x.com\/sunoresearch\",\"https:\/\/www.instagram.com\/suno\",\"https:\/\/www.linkedin.com\/company\/suno-research\/\",\"https:\/\/www.youtube.com\/c\/sunoresearch\"]},{\"@type\":\"Person\",\"@id\":\"https:\/\/www.suno.com.br\/noticias\/#\/schema\/person\/7f4d362bf3518e76090143ae77bb49a5\",\"name\":\"Eduardo Vargas\",\"image\":{\"@type\":\"ImageObject\",\"inLanguage\":\"pt-BR\",\"@id\":\"https:\/\/www.suno.com.br\/noticias\/#\/schema\/person\/image\/\",\"url\":\"https:\/\/secure.gravatar.com\/avatar\/dac340933427a22924c9f99d1eb2e3f2?s=96&r=g\",\"contentUrl\":\"https:\/\/secure.gravatar.com\/avatar\/dac340933427a22924c9f99d1eb2e3f2?s=96&r=g\",\"caption\":\"Eduardo Vargas\"},\"description\":\"Jornalista formado pela UFSC, cobre macroeconomia, neg\u00f3cios e startups para o Suno Not\u00edcias, escrevendo principalmente not\u00edcias sobre o mercado financeiro e a bolsa de valores. No YouTube e no Instagram, \u00e9 respons\u00e1vel pela produ\u00e7\u00e3o de Reels e Shorts do Suno Not\u00edcias. Anteriormente, trabalhou cobrindo economia e cotidiano no ND+ e para o ND, maior jornal impresso de Santa Catarina. Cursou um semestre letivo de Estudos de M\u00eddia na Universidad de Buenos Aires.\",\"url\":\"https:\/\/www.suno.com.br\/noticias\/author\/eduardo-vargas\/\"}]}<\/script>\n<!-- \/ Yoast SEO plugin. -->","yoast_head_json":{"title":"Conselho de Administra\u00e7\u00e3o da Petrobras (PETR4) mudar\u00e1 em abril","description":"Governo tentou convocar uma assembleia extraordin\u00e1ria, mas decidiu voltar atr\u00e1s e seguir cronograma da Petrobras. Clique e confira!","robots":{"index":"index","follow":"follow","max-snippet":"max-snippet:-1","max-image-preview":"max-image-preview:large","max-video-preview":"max-video-preview:-1"},"canonical":"https:\/\/www.suno.com.br\/noticias\/petrobras-petr4-conselho-de-administracao-muda\/","og_locale":"pt_BR","og_type":"article","og_title":"Conselho de Administra\u00e7\u00e3o da Petrobras (PETR4) mudar\u00e1 em abril","og_description":"Governo tentou convocar uma assembleia extraordin\u00e1ria, mas decidiu voltar atr\u00e1s e seguir cronograma da Petrobras. Clique e confira!","og_url":"https:\/\/www.suno.com.br\/noticias\/petrobras-petr4-conselho-de-administracao-muda\/","og_site_name":"Suno Not\u00edcias","article_publisher":"https:\/\/facebook.com\/sunoresearch","og_image":[{"width":1200,"height":800,"url":"https:\/\/files.sunoresearch.com.br\/n\/uploads\/2023\/01\/Jean-Paul-Prates.jpg","type":"image\/jpeg"}],"author":"Eduardo Vargas","twitter_card":"summary_large_image","twitter_creator":"@sunoresearch","twitter_site":"@sunoresearch","twitter_misc":{"Escrito por":"Eduardo Vargas","Est. tempo de leitura":"2 minutos"},"schema":{"@context":"https:\/\/schema.org","@graph":[{"@type":"NewsArticle","@id":"https:\/\/www.suno.com.br\/noticias\/petrobras-petr4-conselho-de-administracao-muda\/#article","isPartOf":{"@id":"https:\/\/www.suno.com.br\/noticias\/petrobras-petr4-conselho-de-administracao-muda\/"},"author":{"name":"Eduardo Vargas","@id":"https:\/\/www.suno.com.br\/noticias\/#\/schema\/person\/7f4d362bf3518e76090143ae77bb49a5"},"headline":"Conselho da Petrobras (PETR4) mudar\u00e1 em abril; entenda","datePublished":"2023-01-29T14:16:56+00:00","dateModified":"2023-01-29T14:17:00+00:00","mainEntityOfPage":{"@id":"https:\/\/www.suno.com.br\/noticias\/petrobras-petr4-conselho-de-administracao-muda\/"},"wordCount":389,"publisher":{"@id":"https:\/\/www.suno.com.br\/noticias\/#organization"},"image":{"@id":"https:\/\/www.suno.com.br\/noticias\/petrobras-petr4-conselho-de-administracao-muda\/#primaryimage"},"thumbnailUrl":"https:\/\/files.sunoresearch.com.br\/n\/uploads\/2023\/01\/Jean-Paul-Prates.jpg","keywords":["Conselho de Administra\u00e7\u00e3o","PETR3","Petrobras (PETR4)"],"articleSection":["Neg\u00f3cios"],"inLanguage":"pt-BR"},{"@type":"WebPage","@id":"https:\/\/www.suno.com.br\/noticias\/petrobras-petr4-conselho-de-administracao-muda\/","url":"https:\/\/www.suno.com.br\/noticias\/petrobras-petr4-conselho-de-administracao-muda\/","name":"Conselho de Administra\u00e7\u00e3o da Petrobras (PETR4) mudar\u00e1 em abril","isPartOf":{"@id":"https:\/\/www.suno.com.br\/noticias\/#website"},"primaryImageOfPage":{"@id":"https:\/\/www.suno.com.br\/noticias\/petrobras-petr4-conselho-de-administracao-muda\/#primaryimage"},"image":{"@id":"https:\/\/www.suno.com.br\/noticias\/petrobras-petr4-conselho-de-administracao-muda\/#primaryimage"},"thumbnailUrl":"https:\/\/files.sunoresearch.com.br\/n\/uploads\/2023\/01\/Jean-Paul-Prates.jpg","datePublished":"2023-01-29T14:16:56+00:00","dateModified":"2023-01-29T14:17:00+00:00","description":"Governo tentou convocar uma assembleia extraordin\u00e1ria, mas decidiu voltar atr\u00e1s e seguir cronograma da Petrobras. Clique e confira!","breadcrumb":{"@id":"https:\/\/www.suno.com.br\/noticias\/petrobras-petr4-conselho-de-administracao-muda\/#breadcrumb"},"inLanguage":"pt-BR","potentialAction":[{"@type":"ReadAction","target":["https:\/\/www.suno.com.br\/noticias\/petrobras-petr4-conselho-de-administracao-muda\/"]}]},{"@type":"ImageObject","inLanguage":"pt-BR","@id":"https:\/\/www.suno.com.br\/noticias\/petrobras-petr4-conselho-de-administracao-muda\/#primaryimage","url":"https:\/\/files.sunoresearch.com.br\/n\/uploads\/2023\/01\/Jean-Paul-Prates.jpg","contentUrl":"https:\/\/files.sunoresearch.com.br\/n\/uploads\/2023\/01\/Jean-Paul-Prates.jpg","width":1200,"height":800,"caption":"Jean Paul Prates. Foto: Roque de S\u00e1\/Ag\u00eancia Senado"},{"@type":"BreadcrumbList","@id":"https:\/\/www.suno.com.br\/noticias\/petrobras-petr4-conselho-de-administracao-muda\/#breadcrumb","itemListElement":[{"@type":"ListItem","position":1,"name":"Not\u00edcias","item":"https:\/\/www.suno.com.br\/noticias\/"},{"@type":"ListItem","position":2,"name":"Neg\u00f3cios","item":"https:\/\/www.suno.com.br\/noticias\/negocios\/"},{"@type":"ListItem","position":3,"name":"Conselho da Petrobras (PETR4) mudar\u00e1 em abril; entenda"}]},{"@type":"WebSite","@id":"https:\/\/www.suno.com.br\/noticias\/#website","url":"https:\/\/www.suno.com.br\/noticias\/","name":"Suno Not\u00edcias","description":"Seu portal de informa\u00e7\u00e3o sobre o mundo dos investimentos","publisher":{"@id":"https:\/\/www.suno.com.br\/noticias\/#organization"},"potentialAction":[{"@type":"SearchAction","target":{"@type":"EntryPoint","urlTemplate":"https:\/\/www.suno.com.br\/noticias\/?s={search_term_string}"},"query-input":{"@type":"PropertyValueSpecification","valueRequired":true,"valueName":"search_term_string"}}],"inLanguage":"pt-BR"},{"@type":"Organization","@id":"https:\/\/www.suno.com.br\/noticias\/#organization","name":"Suno Not\u00edcias","url":"https:\/\/www.suno.com.br\/noticias\/","logo":{"@type":"ImageObject","inLanguage":"pt-BR","@id":"https:\/\/www.suno.com.br\/noticias\/#\/schema\/logo\/image\/","url":"https:\/\/files.sunoresearch.com.br\/n\/uploads\/2021\/09\/suno-logo.png","contentUrl":"https:\/\/files.sunoresearch.com.br\/n\/uploads\/2021\/09\/suno-logo.png","width":180,"height":180,"caption":"Suno Not\u00edcias"},"image":{"@id":"https:\/\/www.suno.com.br\/noticias\/#\/schema\/logo\/image\/"},"sameAs":["https:\/\/facebook.com\/sunoresearch","https:\/\/x.com\/sunoresearch","https:\/\/www.instagram.com\/suno","https:\/\/www.linkedin.com\/company\/suno-research\/","https:\/\/www.youtube.com\/c\/sunoresearch"]},{"@type":"Person","@id":"https:\/\/www.suno.com.br\/noticias\/#\/schema\/person\/7f4d362bf3518e76090143ae77bb49a5","name":"Eduardo Vargas","image":{"@type":"ImageObject","inLanguage":"pt-BR","@id":"https:\/\/www.suno.com.br\/noticias\/#\/schema\/person\/image\/","url":"https:\/\/secure.gravatar.com\/avatar\/dac340933427a22924c9f99d1eb2e3f2?s=96&r=g","contentUrl":"https:\/\/secure.gravatar.com\/avatar\/dac340933427a22924c9f99d1eb2e3f2?s=96&r=g","caption":"Eduardo Vargas"},"description":"Jornalista formado pela UFSC, cobre macroeconomia, neg\u00f3cios e startups para o Suno Not\u00edcias, escrevendo principalmente not\u00edcias sobre o mercado financeiro e a bolsa de valores. No YouTube e no Instagram, \u00e9 respons\u00e1vel pela produ\u00e7\u00e3o de Reels e Shorts do Suno Not\u00edcias. Anteriormente, trabalhou cobrindo economia e cotidiano no ND+ e para o ND, maior jornal impresso de Santa Catarina. Cursou um semestre letivo de Estudos de M\u00eddia na Universidad de Buenos Aires.","url":"https:\/\/www.suno.com.br\/noticias\/author\/eduardo-vargas\/"}]}},"default_loop_html":"<div class=\"cardsPage__listCard__boxs\"><div class=\"cardsPage__listCard__boxs__img\"><a href=\"https:\/\/www.suno.com.br\/noticias\/petrobras-petr4-conselho-de-administracao-muda\/\"><img class=\"mask\" src=\"https:\/\/www.suno.com.br\/noticias\/wp-content\/themes\/suno\/resources\/images\/spotlight\/spotlight1img\/bg-mask.png\" alt=\"Image Mask\"\/><img src=\"https:\/\/files.sunoresearch.com.br\/n\/uploads\/2023\/01\/Jean-Paul-Prates-400x200.jpg\" alt=\"Conselho da Petrobras (PETR4) mudar\u00e1 em abril; entenda\"\/><\/a><span class=\"spotlightCategory\"><a href=\"https:\/\/www.suno.com.br\/noticias\/negocios\/\">Neg\u00f3cios<\/a><\/span><\/div><div class=\"cardsPage__listCard__boxs__content\"><a href=\"https:\/\/www.suno.com.br\/noticias\/petrobras-petr4-conselho-de-administracao-muda\/\"><h2 class=\"content__title\">Conselho da Petrobras (PETR4) mudar\u00e1 em abril; entenda<\/h2><\/a><div class=\"newsContent__article__meta\"><div class=\"newsContent__article__meta__authorBox\"><a href=\"https:\/\/www.suno.com.br\/noticias\/author\/eduardo-vargas\/\" class=\"authorBox__avatar noMobi\"><img src=\"https:\/\/secure.gravatar.com\/avatar\/dac340933427a22924c9f99d1eb2e3f2?s=96&#038;r=g\" alt=\"Eduardo Vargas\"><\/a><div class=\"authorBox__name\"><span>por\n\t\t\t<a href=\"https:\/\/www.suno.com.br\/noticias\/author\/eduardo-vargas\/\"><span itemprop=\"author\">Eduardo Vargas<\/span><\/a><\/span><time datetime=\"2023-01-29T11:16:56-03:00\" itemprop=\"datePublished\">29\/01\/2023 11:16<\/time><\/div><\/div><\/div><\/div><\/div>","single_layout":"posts","amp_enabled":true,"_links":{"self":[{"href":"https:\/\/www.suno.com.br\/noticias\/wp-json\/wp\/v2\/posts\/354559"}],"collection":[{"href":"https:\/\/www.suno.com.br\/noticias\/wp-json\/wp\/v2\/posts"}],"about":[{"href":"https:\/\/www.suno.com.br\/noticias\/wp-json\/wp\/v2\/types\/post"}],"author":[{"embeddable":true,"href":"https:\/\/www.suno.com.br\/noticias\/wp-json\/wp\/v2\/users\/73"}],"replies":[{"embeddable":true,"href":"https:\/\/www.suno.com.br\/noticias\/wp-json\/wp\/v2\/comments?post=354559"}],"version-history":[{"count":3,"href":"https:\/\/www.suno.com.br\/noticias\/wp-json\/wp\/v2\/posts\/354559\/revisions"}],"predecessor-version":[{"id":354574,"href":"https:\/\/www.suno.com.br\/noticias\/wp-json\/wp\/v2\/posts\/354559\/revisions\/354574"}],"wp:featuredmedia":[{"embeddable":true,"href":"https:\/\/www.suno.com.br\/noticias\/wp-json\/wp\/v2\/media\/340829"}],"wp:attachment":[{"href":"https:\/\/www.suno.com.br\/noticias\/wp-json\/wp\/v2\/media?parent=354559"}],"wp:term":[{"taxonomy":"category","embeddable":true,"href":"https:\/\/www.suno.com.br\/noticias\/wp-json\/wp\/v2\/categories?post=354559"},{"taxonomy":"post_tag","embeddable":true,"href":"https:\/\/www.suno.com.br\/noticias\/wp-json\/wp\/v2\/tags?post=354559"},{"taxonomy":"suno_strategy","embeddable":true,"href":"https:\/\/www.suno.com.br\/noticias\/wp-json\/wp\/v2\/suno_strategy?post=354559"}],"curies":[{"name":"wp","href":"https:\/\/api.w.org\/{rel}","templated":true}]}}