{"id":3541,"date":"2018-09-05T14:11:51","date_gmt":"2018-09-05T17:11:51","guid":{"rendered":"https:\/\/www.suno.com.br\/noticias\/?p=3541"},"modified":"2018-09-05T14:11:51","modified_gmt":"2018-09-05T17:11:51","slug":"latam-procura-novo-ceo-para-a-multiplus","status":"publish","type":"post","link":"https:\/\/www.suno.com.br\/noticias\/latam-procura-novo-ceo-para-a-multiplus\/","title":{"rendered":"Latam procura novo CEO para a Multiplus"},"content":{"rendered":"<p>A Latam est\u00e1 em busca de um novo CEO para\u00a0substituir Roberto Medeiros na Multiplus. A companhia a\u00e9rea, que \u00e9 acionista majorit\u00e1ria do programa de fidelidade, contratou a Spencer Stuart para encontrar um executivo para o cargo.<\/p>\t<div class=\"wrapper-featured-image\">\n\t\t<figure class=\"spotlightImg\">\n\n\t\t\t<picture>\n\t\t\t\t<source media=\"(max-width: 768px)\" srcset=\"https:\/\/files.sunoresearch.com.br\/n\/uploads\/2018\/09\/3be3da53-multiplus-novo-ceo-400x200.webp\">\n\t\t\t\t<img loading=\"lazy\" decoding=\"async\" class=\"newsContent__article__imgCapa lazyloadDisabled newsContent__article__imgCapa--noCaption\" src=\"https:\/\/files.sunoresearch.com.br\/n\/uploads\/2018\/09\/3be3da53-multiplus-novo-ceo-800x450.webp\" width=\"800\" height=\"450\" alt=\"Latam procura novo CEO para a Multiplus\" fetchpriority=high \/>\n\t\t\t<\/picture>\n\n\t\t\t<figcaption class=\"wp-caption-text wp-caption-text--hide\">Justi\u00e7a exige que Multiplus restabele\u00e7a acesso a pontos por cliente<\/figcaption>\n\t\t<\/figure>\n\t<\/div>\n\n\n<p>A informa\u00e7\u00e3o \u00e9 do colunista Lauro Jardim, do jornal O Globo.<\/p>\n<p>A not\u00edcia surge no dia seguinte ao comunicado, feito pela Latam, para a\u00a0<a href=\"https:\/\/www.suno.com.br\/noticias\/multiplus-capital-fechado-latam\/\">proposta de fechamento de capital da Multiplus<\/a>, por meio de uma Oferta P\u00fablica de Aquisi\u00e7\u00e3o). Nesse comunicado, a Latam afirma que n\u00e3o renovar\u00e1 o contrato que possui com sua subsidi\u00e1ria.<\/p>\n<p>Medeiros vinha sendo enf\u00e1tico em dizer o contr\u00e1rio sempre que era perguntado sobre o assunto. No \u00faltimo <em>conference call\u00a0<\/em>da empresa, inclusive, afirmou que era &#8220;zero&#8221; a possibilidade de que a renova\u00e7\u00e3o n\u00e3o viesse a acontecer.<\/p>\n<p>&nbsp;<\/p>\n<p>&nbsp;<\/p>\n","protected":false},"excerpt":{"rendered":"<p>A Latam est\u00e1 em busca de um novo CEO para\u00a0substituir Roberto Medeiros na Multiplus. A companhia a\u00e9rea, que \u00e9 acionista majorit\u00e1ria do programa de fidelidade, contratou a Spencer Stuart para encontrar um executivo para o cargo. Justi\u00e7a exige que Multiplus restabele\u00e7a acesso a pontos por cliente A informa\u00e7\u00e3o \u00e9 do colunista Lauro Jardim, do jornal [&hellip;]<\/p>\n","protected":false},"author":4,"featured_media":3542,"comment_status":"closed","ping_status":"closed","sticky":false,"template":"","format":"standard","meta":[],"categories":[64],"tags":[309,571],"suno_strategy":[],"class_list":["post-3541","post","type-post","status-publish","format-standard","has-post-thumbnail","hentry","category-negocios","tag-bolsa-de-valores","tag-multiplus"],"yoast_head":"<!-- This site is optimized with the Yoast SEO plugin v24.4 - https:\/\/yoast.com\/wordpress\/plugins\/seo\/ -->\n<title>Latam procura novo CEO para a Multiplus<\/title>\n<meta name=\"description\" content=\"Depois de anunciar a proposta de fechamento de capital da Multiplus, Latam procura novo presidente para a companhia. Leia mais.\" \/>\n<meta name=\"robots\" content=\"index, follow, max-snippet:-1, max-image-preview:large, max-video-preview:-1\" \/>\n<link rel=\"canonical\" href=\"https:\/\/www.suno.com.br\/noticias\/latam-procura-novo-ceo-para-a-multiplus\/\" \/>\n<meta property=\"og:locale\" content=\"pt_BR\" \/>\n<meta property=\"og:type\" content=\"article\" \/>\n<meta property=\"og:title\" content=\"Latam procura novo CEO para a Multiplus\" \/>\n<meta property=\"og:description\" content=\"Depois de anunciar a proposta de fechamento de capital da Multiplus, Latam procura novo presidente para a companhia. Leia mais.\" \/>\n<meta property=\"og:url\" content=\"https:\/\/www.suno.com.br\/noticias\/latam-procura-novo-ceo-para-a-multiplus\/\" \/>\n<meta property=\"og:site_name\" content=\"Suno Not\u00edcias\" \/>\n<meta property=\"article:publisher\" content=\"https:\/\/facebook.com\/sunoresearch\" \/>\n<meta property=\"og:image\" content=\"https:\/\/files.sunoresearch.com.br\/n\/uploads\/2018\/09\/3be3da53-multiplus-novo-ceo.jpg\" \/>\n\t<meta property=\"og:image:width\" content=\"1200\" \/>\n\t<meta property=\"og:image:height\" content=\"800\" \/>\n\t<meta property=\"og:image:type\" content=\"image\/jpeg\" \/>\n<meta name=\"author\" content=\"Gian Kojikovski\" \/>\n<meta name=\"twitter:card\" content=\"summary_large_image\" \/>\n<meta name=\"twitter:creator\" content=\"@https:\/\/twitter.com\/giankojikovski\" \/>\n<meta name=\"twitter:site\" content=\"@sunoresearch\" \/>\n<meta name=\"twitter:label1\" content=\"Escrito por\" \/>\n\t<meta name=\"twitter:data1\" content=\"Gian Kojikovski\" \/>\n\t<meta name=\"twitter:label2\" content=\"Est. tempo de leitura\" \/>\n\t<meta name=\"twitter:data2\" content=\"1 minuto\" \/>\n<script type=\"application\/ld+json\" class=\"yoast-schema-graph\">{\"@context\":\"https:\/\/schema.org\",\"@graph\":[{\"@type\":\"NewsArticle\",\"@id\":\"https:\/\/www.suno.com.br\/noticias\/latam-procura-novo-ceo-para-a-multiplus\/#article\",\"isPartOf\":{\"@id\":\"https:\/\/www.suno.com.br\/noticias\/latam-procura-novo-ceo-para-a-multiplus\/\"},\"author\":{\"name\":\"Gian Kojikovski\",\"@id\":\"https:\/\/www.suno.com.br\/noticias\/#\/schema\/person\/8c2753ace9edbc3c59cfa8a971ac5914\"},\"headline\":\"Latam procura novo CEO para a Multiplus\",\"datePublished\":\"2018-09-05T17:11:51+00:00\",\"mainEntityOfPage\":{\"@id\":\"https:\/\/www.suno.com.br\/noticias\/latam-procura-novo-ceo-para-a-multiplus\/\"},\"wordCount\":146,\"publisher\":{\"@id\":\"https:\/\/www.suno.com.br\/noticias\/#organization\"},\"image\":{\"@id\":\"https:\/\/www.suno.com.br\/noticias\/latam-procura-novo-ceo-para-a-multiplus\/#primaryimage\"},\"thumbnailUrl\":\"https:\/\/files.sunoresearch.com.br\/n\/uploads\/2018\/09\/3be3da53-multiplus-novo-ceo-jpg.webp\",\"keywords\":[\"Bolsa de Valores\",\"Multiplus\"],\"articleSection\":[\"Neg\u00f3cios\"],\"inLanguage\":\"pt-BR\"},{\"@type\":\"WebPage\",\"@id\":\"https:\/\/www.suno.com.br\/noticias\/latam-procura-novo-ceo-para-a-multiplus\/\",\"url\":\"https:\/\/www.suno.com.br\/noticias\/latam-procura-novo-ceo-para-a-multiplus\/\",\"name\":\"Latam procura novo CEO para a Multiplus\",\"isPartOf\":{\"@id\":\"https:\/\/www.suno.com.br\/noticias\/#website\"},\"primaryImageOfPage\":{\"@id\":\"https:\/\/www.suno.com.br\/noticias\/latam-procura-novo-ceo-para-a-multiplus\/#primaryimage\"},\"image\":{\"@id\":\"https:\/\/www.suno.com.br\/noticias\/latam-procura-novo-ceo-para-a-multiplus\/#primaryimage\"},\"thumbnailUrl\":\"https:\/\/files.sunoresearch.com.br\/n\/uploads\/2018\/09\/3be3da53-multiplus-novo-ceo-jpg.webp\",\"datePublished\":\"2018-09-05T17:11:51+00:00\",\"description\":\"Depois de anunciar a proposta de fechamento de capital da Multiplus, Latam procura novo presidente para a companhia. Leia mais.\",\"breadcrumb\":{\"@id\":\"https:\/\/www.suno.com.br\/noticias\/latam-procura-novo-ceo-para-a-multiplus\/#breadcrumb\"},\"inLanguage\":\"pt-BR\",\"potentialAction\":[{\"@type\":\"ReadAction\",\"target\":[\"https:\/\/www.suno.com.br\/noticias\/latam-procura-novo-ceo-para-a-multiplus\/\"]}]},{\"@type\":\"ImageObject\",\"inLanguage\":\"pt-BR\",\"@id\":\"https:\/\/www.suno.com.br\/noticias\/latam-procura-novo-ceo-para-a-multiplus\/#primaryimage\",\"url\":\"https:\/\/files.sunoresearch.com.br\/n\/uploads\/2018\/09\/3be3da53-multiplus-novo-ceo-jpg.webp\",\"contentUrl\":\"https:\/\/files.sunoresearch.com.br\/n\/uploads\/2018\/09\/3be3da53-multiplus-novo-ceo-jpg.webp\",\"width\":1200,\"height\":800,\"caption\":\"Justi\u00e7a exige que Multiplus restabele\u00e7a acesso a pontos por cliente\"},{\"@type\":\"BreadcrumbList\",\"@id\":\"https:\/\/www.suno.com.br\/noticias\/latam-procura-novo-ceo-para-a-multiplus\/#breadcrumb\",\"itemListElement\":[{\"@type\":\"ListItem\",\"position\":1,\"name\":\"Not\u00edcias\",\"item\":\"https:\/\/www.suno.com.br\/noticias\/\"},{\"@type\":\"ListItem\",\"position\":2,\"name\":\"Neg\u00f3cios\",\"item\":\"https:\/\/www.suno.com.br\/noticias\/negocios\/\"},{\"@type\":\"ListItem\",\"position\":3,\"name\":\"Latam procura novo CEO para a Multiplus\"}]},{\"@type\":\"WebSite\",\"@id\":\"https:\/\/www.suno.com.br\/noticias\/#website\",\"url\":\"https:\/\/www.suno.com.br\/noticias\/\",\"name\":\"Suno Not\u00edcias\",\"description\":\"Seu portal de informa\u00e7\u00e3o sobre o mundo dos investimentos\",\"publisher\":{\"@id\":\"https:\/\/www.suno.com.br\/noticias\/#organization\"},\"potentialAction\":[{\"@type\":\"SearchAction\",\"target\":{\"@type\":\"EntryPoint\",\"urlTemplate\":\"https:\/\/www.suno.com.br\/noticias\/?s={search_term_string}\"},\"query-input\":{\"@type\":\"PropertyValueSpecification\",\"valueRequired\":true,\"valueName\":\"search_term_string\"}}],\"inLanguage\":\"pt-BR\"},{\"@type\":\"Organization\",\"@id\":\"https:\/\/www.suno.com.br\/noticias\/#organization\",\"name\":\"Suno Not\u00edcias\",\"url\":\"https:\/\/www.suno.com.br\/noticias\/\",\"logo\":{\"@type\":\"ImageObject\",\"inLanguage\":\"pt-BR\",\"@id\":\"https:\/\/www.suno.com.br\/noticias\/#\/schema\/logo\/image\/\",\"url\":\"https:\/\/files.sunoresearch.com.br\/n\/uploads\/2021\/09\/suno-logo.png\",\"contentUrl\":\"https:\/\/files.sunoresearch.com.br\/n\/uploads\/2021\/09\/suno-logo.png\",\"width\":180,\"height\":180,\"caption\":\"Suno Not\u00edcias\"},\"image\":{\"@id\":\"https:\/\/www.suno.com.br\/noticias\/#\/schema\/logo\/image\/\"},\"sameAs\":[\"https:\/\/facebook.com\/sunoresearch\",\"https:\/\/x.com\/sunoresearch\",\"https:\/\/www.instagram.com\/suno\",\"https:\/\/www.linkedin.com\/company\/suno-research\/\",\"https:\/\/www.youtube.com\/c\/sunoresearch\"]},{\"@type\":\"Person\",\"@id\":\"https:\/\/www.suno.com.br\/noticias\/#\/schema\/person\/8c2753ace9edbc3c59cfa8a971ac5914\",\"name\":\"Gian Kojikovski\",\"image\":{\"@type\":\"ImageObject\",\"inLanguage\":\"pt-BR\",\"@id\":\"https:\/\/www.suno.com.br\/noticias\/#\/schema\/person\/image\/\",\"url\":\"https:\/\/secure.gravatar.com\/avatar\/9b6de4deaf8443278f037ed55611af64?s=96&r=g\",\"contentUrl\":\"https:\/\/secure.gravatar.com\/avatar\/9b6de4deaf8443278f037ed55611af64?s=96&r=g\",\"caption\":\"Gian Kojikovski\"},\"description\":\"Gian Kojikovski \u00e9 diretor e s\u00f3cio da Suno e escreve sobre neg\u00f3cios, marketing, pol\u00edtica e finan\u00e7as. Tem passagem pelas reda\u00e7\u00f5es de Veja e Exame e \u00e9 vencedor do Pr\u00eamio CNI de Jornalismo de 2016 na categoria especial de Inova\u00e7\u00e3o e finalista do Citi Journalistic Excellence Award de 2018.\",\"sameAs\":[\"https:\/\/www.suno.com.br\",\"https:\/\/x.com\/https:\/\/twitter.com\/giankojikovski\"],\"url\":\"https:\/\/www.suno.com.br\/noticias\/author\/gian\/\"}]}<\/script>\n<!-- \/ Yoast SEO plugin. -->","yoast_head_json":{"title":"Latam procura novo CEO para a Multiplus","description":"Depois de anunciar a proposta de fechamento de capital da Multiplus, Latam procura novo presidente para a companhia. Leia mais.","robots":{"index":"index","follow":"follow","max-snippet":"max-snippet:-1","max-image-preview":"max-image-preview:large","max-video-preview":"max-video-preview:-1"},"canonical":"https:\/\/www.suno.com.br\/noticias\/latam-procura-novo-ceo-para-a-multiplus\/","og_locale":"pt_BR","og_type":"article","og_title":"Latam procura novo CEO para a Multiplus","og_description":"Depois de anunciar a proposta de fechamento de capital da Multiplus, Latam procura novo presidente para a companhia. Leia mais.","og_url":"https:\/\/www.suno.com.br\/noticias\/latam-procura-novo-ceo-para-a-multiplus\/","og_site_name":"Suno Not\u00edcias","article_publisher":"https:\/\/facebook.com\/sunoresearch","og_image":[{"width":1200,"height":800,"url":"https:\/\/files.sunoresearch.com.br\/n\/uploads\/2018\/09\/3be3da53-multiplus-novo-ceo.jpg","type":"image\/jpeg"}],"author":"Gian Kojikovski","twitter_card":"summary_large_image","twitter_creator":"@https:\/\/twitter.com\/giankojikovski","twitter_site":"@sunoresearch","twitter_misc":{"Escrito por":"Gian Kojikovski","Est. tempo de leitura":"1 minuto"},"schema":{"@context":"https:\/\/schema.org","@graph":[{"@type":"NewsArticle","@id":"https:\/\/www.suno.com.br\/noticias\/latam-procura-novo-ceo-para-a-multiplus\/#article","isPartOf":{"@id":"https:\/\/www.suno.com.br\/noticias\/latam-procura-novo-ceo-para-a-multiplus\/"},"author":{"name":"Gian Kojikovski","@id":"https:\/\/www.suno.com.br\/noticias\/#\/schema\/person\/8c2753ace9edbc3c59cfa8a971ac5914"},"headline":"Latam procura novo CEO para a Multiplus","datePublished":"2018-09-05T17:11:51+00:00","mainEntityOfPage":{"@id":"https:\/\/www.suno.com.br\/noticias\/latam-procura-novo-ceo-para-a-multiplus\/"},"wordCount":146,"publisher":{"@id":"https:\/\/www.suno.com.br\/noticias\/#organization"},"image":{"@id":"https:\/\/www.suno.com.br\/noticias\/latam-procura-novo-ceo-para-a-multiplus\/#primaryimage"},"thumbnailUrl":"https:\/\/files.sunoresearch.com.br\/n\/uploads\/2018\/09\/3be3da53-multiplus-novo-ceo-jpg.webp","keywords":["Bolsa de Valores","Multiplus"],"articleSection":["Neg\u00f3cios"],"inLanguage":"pt-BR"},{"@type":"WebPage","@id":"https:\/\/www.suno.com.br\/noticias\/latam-procura-novo-ceo-para-a-multiplus\/","url":"https:\/\/www.suno.com.br\/noticias\/latam-procura-novo-ceo-para-a-multiplus\/","name":"Latam procura novo CEO para a Multiplus","isPartOf":{"@id":"https:\/\/www.suno.com.br\/noticias\/#website"},"primaryImageOfPage":{"@id":"https:\/\/www.suno.com.br\/noticias\/latam-procura-novo-ceo-para-a-multiplus\/#primaryimage"},"image":{"@id":"https:\/\/www.suno.com.br\/noticias\/latam-procura-novo-ceo-para-a-multiplus\/#primaryimage"},"thumbnailUrl":"https:\/\/files.sunoresearch.com.br\/n\/uploads\/2018\/09\/3be3da53-multiplus-novo-ceo-jpg.webp","datePublished":"2018-09-05T17:11:51+00:00","description":"Depois de anunciar a proposta de fechamento de capital da Multiplus, Latam procura novo presidente para a companhia. Leia mais.","breadcrumb":{"@id":"https:\/\/www.suno.com.br\/noticias\/latam-procura-novo-ceo-para-a-multiplus\/#breadcrumb"},"inLanguage":"pt-BR","potentialAction":[{"@type":"ReadAction","target":["https:\/\/www.suno.com.br\/noticias\/latam-procura-novo-ceo-para-a-multiplus\/"]}]},{"@type":"ImageObject","inLanguage":"pt-BR","@id":"https:\/\/www.suno.com.br\/noticias\/latam-procura-novo-ceo-para-a-multiplus\/#primaryimage","url":"https:\/\/files.sunoresearch.com.br\/n\/uploads\/2018\/09\/3be3da53-multiplus-novo-ceo-jpg.webp","contentUrl":"https:\/\/files.sunoresearch.com.br\/n\/uploads\/2018\/09\/3be3da53-multiplus-novo-ceo-jpg.webp","width":1200,"height":800,"caption":"Justi\u00e7a exige que Multiplus restabele\u00e7a acesso a pontos por cliente"},{"@type":"BreadcrumbList","@id":"https:\/\/www.suno.com.br\/noticias\/latam-procura-novo-ceo-para-a-multiplus\/#breadcrumb","itemListElement":[{"@type":"ListItem","position":1,"name":"Not\u00edcias","item":"https:\/\/www.suno.com.br\/noticias\/"},{"@type":"ListItem","position":2,"name":"Neg\u00f3cios","item":"https:\/\/www.suno.com.br\/noticias\/negocios\/"},{"@type":"ListItem","position":3,"name":"Latam procura novo CEO para a Multiplus"}]},{"@type":"WebSite","@id":"https:\/\/www.suno.com.br\/noticias\/#website","url":"https:\/\/www.suno.com.br\/noticias\/","name":"Suno Not\u00edcias","description":"Seu portal de informa\u00e7\u00e3o sobre o mundo dos investimentos","publisher":{"@id":"https:\/\/www.suno.com.br\/noticias\/#organization"},"potentialAction":[{"@type":"SearchAction","target":{"@type":"EntryPoint","urlTemplate":"https:\/\/www.suno.com.br\/noticias\/?s={search_term_string}"},"query-input":{"@type":"PropertyValueSpecification","valueRequired":true,"valueName":"search_term_string"}}],"inLanguage":"pt-BR"},{"@type":"Organization","@id":"https:\/\/www.suno.com.br\/noticias\/#organization","name":"Suno Not\u00edcias","url":"https:\/\/www.suno.com.br\/noticias\/","logo":{"@type":"ImageObject","inLanguage":"pt-BR","@id":"https:\/\/www.suno.com.br\/noticias\/#\/schema\/logo\/image\/","url":"https:\/\/files.sunoresearch.com.br\/n\/uploads\/2021\/09\/suno-logo.png","contentUrl":"https:\/\/files.sunoresearch.com.br\/n\/uploads\/2021\/09\/suno-logo.png","width":180,"height":180,"caption":"Suno Not\u00edcias"},"image":{"@id":"https:\/\/www.suno.com.br\/noticias\/#\/schema\/logo\/image\/"},"sameAs":["https:\/\/facebook.com\/sunoresearch","https:\/\/x.com\/sunoresearch","https:\/\/www.instagram.com\/suno","https:\/\/www.linkedin.com\/company\/suno-research\/","https:\/\/www.youtube.com\/c\/sunoresearch"]},{"@type":"Person","@id":"https:\/\/www.suno.com.br\/noticias\/#\/schema\/person\/8c2753ace9edbc3c59cfa8a971ac5914","name":"Gian Kojikovski","image":{"@type":"ImageObject","inLanguage":"pt-BR","@id":"https:\/\/www.suno.com.br\/noticias\/#\/schema\/person\/image\/","url":"https:\/\/secure.gravatar.com\/avatar\/9b6de4deaf8443278f037ed55611af64?s=96&r=g","contentUrl":"https:\/\/secure.gravatar.com\/avatar\/9b6de4deaf8443278f037ed55611af64?s=96&r=g","caption":"Gian Kojikovski"},"description":"Gian Kojikovski \u00e9 diretor e s\u00f3cio da Suno e escreve sobre neg\u00f3cios, marketing, pol\u00edtica e finan\u00e7as. Tem passagem pelas reda\u00e7\u00f5es de Veja e Exame e \u00e9 vencedor do Pr\u00eamio CNI de Jornalismo de 2016 na categoria especial de Inova\u00e7\u00e3o e finalista do Citi Journalistic Excellence Award de 2018.","sameAs":["https:\/\/www.suno.com.br","https:\/\/x.com\/https:\/\/twitter.com\/giankojikovski"],"url":"https:\/\/www.suno.com.br\/noticias\/author\/gian\/"}]}},"default_loop_html":"<div class=\"cardsPage__listCard__boxs\"><div class=\"cardsPage__listCard__boxs__img\"><a href=\"https:\/\/www.suno.com.br\/noticias\/latam-procura-novo-ceo-para-a-multiplus\/\"><img class=\"mask\" src=\"https:\/\/www.suno.com.br\/noticias\/wp-content\/themes\/suno\/resources\/images\/spotlight\/spotlight1img\/bg-mask.png\" alt=\"Image Mask\"\/><img src=\"https:\/\/files.sunoresearch.com.br\/n\/uploads\/2018\/09\/3be3da53-multiplus-novo-ceo-400x200.webp\" alt=\"Latam procura novo CEO para a Multiplus\"\/><\/a><span class=\"spotlightCategory\"><a href=\"https:\/\/www.suno.com.br\/noticias\/negocios\/\">Neg\u00f3cios<\/a><\/span><\/div><div class=\"cardsPage__listCard__boxs__content\"><a href=\"https:\/\/www.suno.com.br\/noticias\/latam-procura-novo-ceo-para-a-multiplus\/\"><h2 class=\"content__title\">Latam procura novo CEO para a Multiplus<\/h2><\/a><div class=\"newsContent__article__meta\"><div class=\"newsContent__article__meta__authorBox\"><a href=\"https:\/\/www.suno.com.br\/noticias\/author\/gian\/\" class=\"authorBox__avatar noMobi\"><img src=\"https:\/\/files.sunoresearch.com.br\/n\/uploads\/2018\/08\/4a57da6c-gianperfil-150x150.webp\" alt=\"Gian Kojikovski\"><\/a><div class=\"authorBox__name\"><span>por\n\t\t\t<a href=\"https:\/\/www.suno.com.br\/noticias\/author\/gian\/\"><span itemprop=\"author\">Gian Kojikovski<\/span><\/a><\/span><time datetime=\"2018-09-05T14:11:51-03:00\" itemprop=\"datePublished\">05\/09\/2018 14:11<\/time><\/div><\/div><\/div><\/div><\/div>","single_layout":"posts","amp_enabled":true,"_links":{"self":[{"href":"https:\/\/www.suno.com.br\/noticias\/wp-json\/wp\/v2\/posts\/3541"}],"collection":[{"href":"https:\/\/www.suno.com.br\/noticias\/wp-json\/wp\/v2\/posts"}],"about":[{"href":"https:\/\/www.suno.com.br\/noticias\/wp-json\/wp\/v2\/types\/post"}],"author":[{"embeddable":true,"href":"https:\/\/www.suno.com.br\/noticias\/wp-json\/wp\/v2\/users\/4"}],"replies":[{"embeddable":true,"href":"https:\/\/www.suno.com.br\/noticias\/wp-json\/wp\/v2\/comments?post=3541"}],"version-history":[{"count":0,"href":"https:\/\/www.suno.com.br\/noticias\/wp-json\/wp\/v2\/posts\/3541\/revisions"}],"wp:featuredmedia":[{"embeddable":true,"href":"https:\/\/www.suno.com.br\/noticias\/wp-json\/wp\/v2\/media\/3542"}],"wp:attachment":[{"href":"https:\/\/www.suno.com.br\/noticias\/wp-json\/wp\/v2\/media?parent=3541"}],"wp:term":[{"taxonomy":"category","embeddable":true,"href":"https:\/\/www.suno.com.br\/noticias\/wp-json\/wp\/v2\/categories?post=3541"},{"taxonomy":"post_tag","embeddable":true,"href":"https:\/\/www.suno.com.br\/noticias\/wp-json\/wp\/v2\/tags?post=3541"},{"taxonomy":"suno_strategy","embeddable":true,"href":"https:\/\/www.suno.com.br\/noticias\/wp-json\/wp\/v2\/suno_strategy?post=3541"}],"curies":[{"name":"wp","href":"https:\/\/api.w.org\/{rel}","templated":true}]}}