{"id":35405,"date":"2019-08-27T09:05:24","date_gmt":"2019-08-27T12:05:24","guid":{"rendered":"https:\/\/www.suno.com.br\/noticias\/?p=35405"},"modified":"2019-08-27T09:52:33","modified_gmt":"2019-08-27T12:52:33","slug":"agenda-do-dia-27082019-viavarejo-odebrecht-maia-lava-jato","status":"publish","type":"post","link":"https:\/\/www.suno.com.br\/noticias\/agenda-do-dia-27082019-viavarejo-odebrecht-maia-lava-jato\/","title":{"rendered":"Agenda do Dia: Sinqia; Via Varejo; Odebrecht e Rodrigo Maia na Lava Jato"},"content":{"rendered":"<p>Os assuntos da Agenda do Dia desta ter\u00e7a-feira (27) prometem agitar o mercado interno e externo.<\/p>\t<div class=\"wrapper-featured-image\">\n\t\t<figure class=\"spotlightImg\">\n\n\t\t\t<picture>\n\t\t\t\t<source media=\"(max-width: 768px)\" srcset=\"https:\/\/files.sunoresearch.com.br\/n\/uploads\/2019\/08\/7e325646-viavarejo-400x200.webp\">\n\t\t\t\t<img loading=\"lazy\" decoding=\"async\" class=\"newsContent__article__imgCapa lazyloadDisabled newsContent__article__imgCapa--noCaption\" src=\"https:\/\/files.sunoresearch.com.br\/n\/uploads\/2019\/08\/7e325646-viavarejo-800x450.webp\" width=\"800\" height=\"450\" alt=\"Agenda do Dia: Sinqia; Via Varejo; Odebrecht e Rodrigo Maia na Lava Jato\" fetchpriority=high \/>\n\t\t\t<\/picture>\n\n\t\t\t<figcaption class=\"wp-caption-text wp-caption-text--hide\">Via Varejo (VVAR3) <\/figcaption>\n\t\t<\/figure>\n\t<\/div>\n\n\n\n<p>A desenvolvedora de softwares <strong>Sinqia<\/strong> est\u00e1 avaliando um poss\u00edvel follow on em oferta restrita. A <strong>Via<\/strong> <strong>Varejo<\/strong> anunciou, ap\u00f3s o fechamento do mercado na \u00faltima segunda-feira (26), que ir\u00e1 emitir R$ 1,5 bilh\u00e3o em notas promiss\u00f3rias.<span style=\"font-size: 1.21429rem;\">\u00a0<\/span><span style=\"font-size: 1.21429rem;\">Estas e outras not\u00edcias fazem parte da <\/span><strong style=\"font-size: 1.21429rem;\">Agenda<\/strong> <strong style=\"font-size: 1.21429rem;\">do<\/strong> <strong style=\"font-size: 1.21429rem;\">Dia <\/strong><span style=\"font-size: 1.21429rem;\">desta ter\u00e7a.<\/span><\/p>\n<p>A Agenda do Dia conta tamb\u00e9m com a not\u00edcia sobre <strong>Rodrigo<\/strong> <strong>Maia<\/strong>, que foi acusado de tr\u00eas crimes pela Pol\u00edcia Federal na Opera\u00e7\u00e3o <strong>Lava<\/strong> <strong>Jato<\/strong>.<\/p>\n<p>Confira os principais pontos da Agenda do Dia:<\/p>\n<h2>Sinqia avalia poss\u00edvel follow on em oferta restrita<\/h2>\n<p>A empresa que oferece tecnologia de sistemas financeiros, <strong>Sinqia<\/strong>, est\u00e1 avaliando fazer um follow on. A possibilidade de uma distribui\u00e7\u00e3o de novas a\u00e7\u00f5es com esfor\u00e7os restritos foi aceita em uma reuni\u00e3o do conselho de administra\u00e7\u00e3o realizada na \u00faltima segunda-feira (26).<\/p>\n<h2>Via Varejo anuncia emiss\u00e3o de R$ 1,5 bilh\u00e3o em notas promiss\u00f3rias<\/h2>\n<p>A <strong>Via<\/strong> <strong>Varejo<\/strong> anunciou, ap\u00f3s o fechamento do mercado na \u00faltima segunda-feira (26), que ir\u00e1 emitir R$ 1,5 bilh\u00e3o em notas promiss\u00f3rias. Dessa forma, ser\u00e3o 1500 notas, sendo que cada uma ter\u00e1 o valor de R$ 1 milh\u00e3o. As notas ter\u00e3o prazo de validade de um ano.<\/p>\n<p>&#8220;Sobre o Valor Nominal Unit\u00e1rio das Notas Promiss\u00f3rias incidir\u00e3o juros remunerat\u00f3rios correspondentes a 119% (cento e dezenove por cento) da varia\u00e7\u00e3o acumulada das taxas m\u00e9dias di\u00e1rias dos DI \u2013 Dep\u00f3sitos Interfinanceiros&#8221;, comunica a Via Varejo aos seus acionistas e mercado em geral.<\/p>\n<p><a href=\"https:\/\/www.suno.com.br\/noticias\/oi-projeto-lei-senado-acao\/\">Veja tamb\u00e9m: Senado negocia in\u00edcio da vota\u00e7\u00e3o do projeto que beneficiar\u00e1 a Oi\u00a0<\/a><\/p>\n<h2>Johnson &amp; Johnson \u00e9 multada em US$ 572 mi por opioides nos EUA<\/h2>\n<p>A multinacional norte-americana <strong>Johnson &amp; Johnson<\/strong> foi condenada a pagar U$ 572 milh\u00f5es por conta de opioides. Segundo o juiz Thad Balkman, a empresa contribuiu com o v\u00edcio p\u00fablico da subst\u00e2ncia em <strong>Oklahoma<\/strong>.<\/p>\n<p>Em nota a seus investidores, o analista David Maris, do <strong>Wells Fargo<\/strong>, disse que a expectativa do mercado era que a J&amp;J recebesse a san\u00e7\u00e3o de at\u00e9 US$ 2 bilh\u00f5es no caso de Oklahoma.<\/p>\n<p><a href=\"https:\/\/www.suno.com.br\/noticias\/banco-do-brasil-leilao-imoveis\/\">Veja tamb\u00e9m: Banco do Brasil far\u00e1 leil\u00e3o de im\u00f3veis em SP nesta semana\u00a0<\/a><\/p>\n<h2>Rodrigo Maia \u00e9 acusado de tr\u00eas crimes na Lava Jato<\/h2>\n<p>A <strong>Pol\u00edcia Federal<\/strong> atribuiu nesta segunda-feira (23) ao presidente da C\u00e2mara dos Deputados, Rodrigo Maia (DEM-RJ), os crimes de corrup\u00e7\u00e3o passiva, falsidade ideol\u00f3gica eleitoral e lavagem de dinheiro. As investiga\u00e7\u00f5es envolvendo os parlamentares fazem parte da <strong>Opera\u00e7\u00e3o Lava Jato<\/strong>.<\/p>\n<p>Conforme o relat\u00f3rio da PF, <strong>Rodrigo Maia<\/strong> recebeu e solicitou repasses da <strong>Odebrecht<\/strong>. O vereador e ex-prefeito do Rio de Janeiro, Cesar Maia (DEM-RJ), pai do deputado, tamb\u00e9m foi acusado de cometer os mesmos crimes.<\/p>\n<h2>Odebrecht solicita que credores troquem d\u00edvida por t\u00edtulos<\/h2>\n<p>A <strong>Odebrecht<\/strong> divulgou seu plano de recupera\u00e7\u00e3o judicial na \u00faltima segunda-feira (26), aos credores. A ideia proposta foi a de fazer com que eles troquem as d\u00edvidas por pap\u00e9is de resultados futuros da companhia.<\/p>\n<p>O CEO e presidente da empresa disse que a diminui\u00e7\u00e3o da d\u00edvida com o acordo ir\u00e1 garantir &#8220;a atividade produtiva, a preserva\u00e7\u00e3o de empregos e a gera\u00e7\u00e3o de valor para todos os stakeholders&#8221;.<\/p>\n<p><a href=\"https:\/\/www.suno.com.br\/noticias\/mercosul-efta-acordo-livre-comercio-2021\/\">Saiba mais: Acordo entre Mercosul e EFTA dever\u00e1 ser ratificado at\u00e9 2021\u00a0<\/a><\/p>\n<h2>CVM questiona Petrobras sobre interfer\u00eancia de Bolsonaro em publicidade da empresa<\/h2>\n<div>\n<div>A Comiss\u00e3o de Valores Mobili\u00e1rios (CVM) questionou a Petrobras sobre um poss\u00edvel uso de verbas do governo para a\u00e7\u00f5es publicit\u00e1rias da empresa.<\/div>\n<div><\/div>\n<div>O presidente Jair Bolsonaro simulou uma conversa com Castello Branco na \u00faltima quinta-feira (22), onde falava sobre a decis\u00e3o de publicar o balan\u00e7o da Petrobras. As declara\u00e7\u00f5es de Bolsonaro fizeram a CVM ir atr\u00e1s do acionista controlador da estatal.<\/div>\n<div><\/div>\n<div>&#8220;Solicitamos que essa companhia esclare\u00e7a (podendo referenciar a documentos p\u00fablicos j\u00e1 divulgados) sua governan\u00e7a na rela\u00e7\u00e3o com o seu acionista controlador, \u00e0 luz dos deveres e responsabilidades dos administradores e controladores previstos na lei 6404\/76 [que regula as empresas com capital em bolsa&#8221;, questionou a CVM em comunicado enviado \u00e0 Petrobras.<\/div>\n<\/div>\n<p>A <strong style=\"font-size: 1.21429rem;\">Agenda<\/strong> <strong style=\"font-size: 1.21429rem;\">do<\/strong> <strong style=\"font-size: 1.21429rem;\">Dia<\/strong> da <a href=\"https:\/\/www.youtube.com\/watch?v=ayZ05eeEAlE\"><strong>Suno\u00a0<\/strong><\/a> mostra os principais acontecimentos que prometem movimentar o mercado durante o dia.<\/p>\n","protected":false},"excerpt":{"rendered":"<p>Os assuntos da Agenda do Dia desta ter\u00e7a-feira (27) prometem agitar o mercado interno e externo. Via Varejo (VVAR3) A desenvolvedora de softwares Sinqia est\u00e1 avaliando um poss\u00edvel follow on em oferta restrita. A Via Varejo anunciou, ap\u00f3s o fechamento do mercado na \u00faltima segunda-feira (26), que ir\u00e1 emitir R$ 1,5 bilh\u00e3o em notas promiss\u00f3rias.\u00a0Estas [&hellip;]<\/p>\n","protected":false},"author":19,"featured_media":35417,"comment_status":"closed","ping_status":"closed","sticky":false,"template":"","format":"standard","meta":[],"categories":[64],"tags":[869,783,892,106935],"suno_strategy":[],"class_list":["post-35405","post","type-post","status-publish","format-standard","has-post-thumbnail","hentry","category-negocios","tag-johnson-johnson-jnjb34","tag-odebrecht","tag-rodrigo-maia","tag-via-viia3"],"yoast_head":"<!-- This site is optimized with the Yoast SEO plugin v24.4 - https:\/\/yoast.com\/wordpress\/plugins\/seo\/ -->\n<title>Agenda do Dia: Sinqia; Via Varejo; Odebrecht e Rodrigo Maia na Lava Jato<\/title>\n<meta name=\"description\" content=\"Agenda do Dia: Follow on da Sinqia; notas promiss\u00f3rias da Via Varejo; Odebrecht e Rodrigo Maia na Lava Jato. Clique aqui para saber mais.\" \/>\n<meta name=\"robots\" content=\"index, follow, max-snippet:-1, max-image-preview:large, max-video-preview:-1\" \/>\n<link rel=\"canonical\" href=\"https:\/\/www.suno.com.br\/noticias\/agenda-do-dia-27082019-viavarejo-odebrecht-maia-lava-jato\/\" \/>\n<meta property=\"og:locale\" content=\"pt_BR\" \/>\n<meta property=\"og:type\" content=\"article\" \/>\n<meta property=\"og:title\" content=\"Agenda do Dia: Sinqia; Via Varejo; Odebrecht e Rodrigo Maia na Lava Jato\" \/>\n<meta property=\"og:description\" content=\"Agenda do Dia: Follow on da Sinqia; notas promiss\u00f3rias da Via Varejo; Odebrecht e Rodrigo Maia na Lava Jato. Clique aqui para saber mais.\" \/>\n<meta property=\"og:url\" content=\"https:\/\/www.suno.com.br\/noticias\/agenda-do-dia-27082019-viavarejo-odebrecht-maia-lava-jato\/\" \/>\n<meta property=\"og:site_name\" content=\"Suno Not\u00edcias\" \/>\n<meta property=\"article:publisher\" content=\"https:\/\/facebook.com\/sunoresearch\" \/>\n<meta property=\"og:image\" content=\"https:\/\/files.sunoresearch.com.br\/n\/uploads\/2019\/08\/7e325646-viavarejo.jpg\" \/>\n\t<meta property=\"og:image:width\" content=\"1280\" \/>\n\t<meta property=\"og:image:height\" content=\"720\" \/>\n\t<meta property=\"og:image:type\" content=\"image\/jpeg\" \/>\n<meta name=\"author\" content=\"Juliano Passaro\" \/>\n<meta name=\"twitter:card\" content=\"summary_large_image\" \/>\n<meta name=\"twitter:creator\" content=\"@sunoresearch\" \/>\n<meta name=\"twitter:site\" content=\"@sunoresearch\" \/>\n<meta name=\"twitter:label1\" content=\"Escrito por\" \/>\n\t<meta name=\"twitter:data1\" content=\"Juliano Passaro\" \/>\n\t<meta name=\"twitter:label2\" content=\"Est. tempo de leitura\" \/>\n\t<meta name=\"twitter:data2\" content=\"4 minutos\" \/>\n<script type=\"application\/ld+json\" class=\"yoast-schema-graph\">{\"@context\":\"https:\/\/schema.org\",\"@graph\":[{\"@type\":\"NewsArticle\",\"@id\":\"https:\/\/www.suno.com.br\/noticias\/agenda-do-dia-27082019-viavarejo-odebrecht-maia-lava-jato\/#article\",\"isPartOf\":{\"@id\":\"https:\/\/www.suno.com.br\/noticias\/agenda-do-dia-27082019-viavarejo-odebrecht-maia-lava-jato\/\"},\"author\":{\"name\":\"Juliano Passaro\",\"@id\":\"https:\/\/www.suno.com.br\/noticias\/#\/schema\/person\/1db762f78ffd8919a648a63e425953e3\"},\"headline\":\"Agenda do Dia: Sinqia; Via Varejo; Odebrecht e Rodrigo Maia na Lava Jato\",\"datePublished\":\"2019-08-27T12:05:24+00:00\",\"dateModified\":\"2019-08-27T12:52:33+00:00\",\"mainEntityOfPage\":{\"@id\":\"https:\/\/www.suno.com.br\/noticias\/agenda-do-dia-27082019-viavarejo-odebrecht-maia-lava-jato\/\"},\"wordCount\":736,\"publisher\":{\"@id\":\"https:\/\/www.suno.com.br\/noticias\/#organization\"},\"image\":{\"@id\":\"https:\/\/www.suno.com.br\/noticias\/agenda-do-dia-27082019-viavarejo-odebrecht-maia-lava-jato\/#primaryimage\"},\"thumbnailUrl\":\"https:\/\/files.sunoresearch.com.br\/n\/uploads\/2019\/08\/7e325646-viavarejo-jpg.webp\",\"keywords\":[\"Johnson &amp; Johnson (JNJB34)\",\"Odebrecht\",\"Rodrigo Maia\",\"Via (VIIA3)\"],\"articleSection\":[\"Neg\u00f3cios\"],\"inLanguage\":\"pt-BR\"},{\"@type\":\"WebPage\",\"@id\":\"https:\/\/www.suno.com.br\/noticias\/agenda-do-dia-27082019-viavarejo-odebrecht-maia-lava-jato\/\",\"url\":\"https:\/\/www.suno.com.br\/noticias\/agenda-do-dia-27082019-viavarejo-odebrecht-maia-lava-jato\/\",\"name\":\"Agenda do Dia: Sinqia; Via Varejo; Odebrecht e Rodrigo Maia na Lava Jato\",\"isPartOf\":{\"@id\":\"https:\/\/www.suno.com.br\/noticias\/#website\"},\"primaryImageOfPage\":{\"@id\":\"https:\/\/www.suno.com.br\/noticias\/agenda-do-dia-27082019-viavarejo-odebrecht-maia-lava-jato\/#primaryimage\"},\"image\":{\"@id\":\"https:\/\/www.suno.com.br\/noticias\/agenda-do-dia-27082019-viavarejo-odebrecht-maia-lava-jato\/#primaryimage\"},\"thumbnailUrl\":\"https:\/\/files.sunoresearch.com.br\/n\/uploads\/2019\/08\/7e325646-viavarejo-jpg.webp\",\"datePublished\":\"2019-08-27T12:05:24+00:00\",\"dateModified\":\"2019-08-27T12:52:33+00:00\",\"description\":\"Agenda do Dia: Follow on da Sinqia; notas promiss\u00f3rias da Via Varejo; Odebrecht e Rodrigo Maia na Lava Jato. Clique aqui para saber mais.\",\"breadcrumb\":{\"@id\":\"https:\/\/www.suno.com.br\/noticias\/agenda-do-dia-27082019-viavarejo-odebrecht-maia-lava-jato\/#breadcrumb\"},\"inLanguage\":\"pt-BR\",\"potentialAction\":[{\"@type\":\"ReadAction\",\"target\":[\"https:\/\/www.suno.com.br\/noticias\/agenda-do-dia-27082019-viavarejo-odebrecht-maia-lava-jato\/\"]}]},{\"@type\":\"ImageObject\",\"inLanguage\":\"pt-BR\",\"@id\":\"https:\/\/www.suno.com.br\/noticias\/agenda-do-dia-27082019-viavarejo-odebrecht-maia-lava-jato\/#primaryimage\",\"url\":\"https:\/\/files.sunoresearch.com.br\/n\/uploads\/2019\/08\/7e325646-viavarejo-jpg.webp\",\"contentUrl\":\"https:\/\/files.sunoresearch.com.br\/n\/uploads\/2019\/08\/7e325646-viavarejo-jpg.webp\",\"width\":1280,\"height\":720,\"caption\":\"Via Varejo (VVAR3)\"},{\"@type\":\"BreadcrumbList\",\"@id\":\"https:\/\/www.suno.com.br\/noticias\/agenda-do-dia-27082019-viavarejo-odebrecht-maia-lava-jato\/#breadcrumb\",\"itemListElement\":[{\"@type\":\"ListItem\",\"position\":1,\"name\":\"Not\u00edcias\",\"item\":\"https:\/\/www.suno.com.br\/noticias\/\"},{\"@type\":\"ListItem\",\"position\":2,\"name\":\"Neg\u00f3cios\",\"item\":\"https:\/\/www.suno.com.br\/noticias\/negocios\/\"},{\"@type\":\"ListItem\",\"position\":3,\"name\":\"Agenda do Dia: Sinqia; Via Varejo; Odebrecht e Rodrigo Maia na Lava Jato\"}]},{\"@type\":\"WebSite\",\"@id\":\"https:\/\/www.suno.com.br\/noticias\/#website\",\"url\":\"https:\/\/www.suno.com.br\/noticias\/\",\"name\":\"Suno Not\u00edcias\",\"description\":\"Seu portal de informa\u00e7\u00e3o sobre o mundo dos investimentos\",\"publisher\":{\"@id\":\"https:\/\/www.suno.com.br\/noticias\/#organization\"},\"potentialAction\":[{\"@type\":\"SearchAction\",\"target\":{\"@type\":\"EntryPoint\",\"urlTemplate\":\"https:\/\/www.suno.com.br\/noticias\/?s={search_term_string}\"},\"query-input\":{\"@type\":\"PropertyValueSpecification\",\"valueRequired\":true,\"valueName\":\"search_term_string\"}}],\"inLanguage\":\"pt-BR\"},{\"@type\":\"Organization\",\"@id\":\"https:\/\/www.suno.com.br\/noticias\/#organization\",\"name\":\"Suno Not\u00edcias\",\"url\":\"https:\/\/www.suno.com.br\/noticias\/\",\"logo\":{\"@type\":\"ImageObject\",\"inLanguage\":\"pt-BR\",\"@id\":\"https:\/\/www.suno.com.br\/noticias\/#\/schema\/logo\/image\/\",\"url\":\"https:\/\/files.sunoresearch.com.br\/n\/uploads\/2021\/09\/suno-logo.png\",\"contentUrl\":\"https:\/\/files.sunoresearch.com.br\/n\/uploads\/2021\/09\/suno-logo.png\",\"width\":180,\"height\":180,\"caption\":\"Suno Not\u00edcias\"},\"image\":{\"@id\":\"https:\/\/www.suno.com.br\/noticias\/#\/schema\/logo\/image\/\"},\"sameAs\":[\"https:\/\/facebook.com\/sunoresearch\",\"https:\/\/x.com\/sunoresearch\",\"https:\/\/www.instagram.com\/suno\",\"https:\/\/www.linkedin.com\/company\/suno-research\/\",\"https:\/\/www.youtube.com\/c\/sunoresearch\"]},{\"@type\":\"Person\",\"@id\":\"https:\/\/www.suno.com.br\/noticias\/#\/schema\/person\/1db762f78ffd8919a648a63e425953e3\",\"name\":\"Juliano Passaro\",\"image\":{\"@type\":\"ImageObject\",\"inLanguage\":\"pt-BR\",\"@id\":\"https:\/\/www.suno.com.br\/noticias\/#\/schema\/person\/image\/\",\"url\":\"https:\/\/secure.gravatar.com\/avatar\/743d4df28eebf6dcc46b4ad03c319e92?s=96&r=g\",\"contentUrl\":\"https:\/\/secure.gravatar.com\/avatar\/743d4df28eebf6dcc46b4ad03c319e92?s=96&r=g\",\"caption\":\"Juliano Passaro\"},\"description\":\"Juliano Passaro escreve sobre pol\u00edtica, economia e neg\u00f3cios para o portal da Suno Research. Antes da Suno, trabalhou no Portal da Band. \u00c9 formado em jornalismo pela Universidade Presbiteriana Mackenzie.\",\"url\":\"https:\/\/www.suno.com.br\/noticias\/author\/juliano\/\"}]}<\/script>\n<!-- \/ Yoast SEO plugin. -->","yoast_head_json":{"title":"Agenda do Dia: Sinqia; Via Varejo; Odebrecht e Rodrigo Maia na Lava Jato","description":"Agenda do Dia: Follow on da Sinqia; notas promiss\u00f3rias da Via Varejo; Odebrecht e Rodrigo Maia na Lava Jato. Clique aqui para saber mais.","robots":{"index":"index","follow":"follow","max-snippet":"max-snippet:-1","max-image-preview":"max-image-preview:large","max-video-preview":"max-video-preview:-1"},"canonical":"https:\/\/www.suno.com.br\/noticias\/agenda-do-dia-27082019-viavarejo-odebrecht-maia-lava-jato\/","og_locale":"pt_BR","og_type":"article","og_title":"Agenda do Dia: Sinqia; Via Varejo; Odebrecht e Rodrigo Maia na Lava Jato","og_description":"Agenda do Dia: Follow on da Sinqia; notas promiss\u00f3rias da Via Varejo; Odebrecht e Rodrigo Maia na Lava Jato. Clique aqui para saber mais.","og_url":"https:\/\/www.suno.com.br\/noticias\/agenda-do-dia-27082019-viavarejo-odebrecht-maia-lava-jato\/","og_site_name":"Suno Not\u00edcias","article_publisher":"https:\/\/facebook.com\/sunoresearch","og_image":[{"width":1280,"height":720,"url":"https:\/\/files.sunoresearch.com.br\/n\/uploads\/2019\/08\/7e325646-viavarejo.jpg","type":"image\/jpeg"}],"author":"Juliano Passaro","twitter_card":"summary_large_image","twitter_creator":"@sunoresearch","twitter_site":"@sunoresearch","twitter_misc":{"Escrito por":"Juliano Passaro","Est. tempo de leitura":"4 minutos"},"schema":{"@context":"https:\/\/schema.org","@graph":[{"@type":"NewsArticle","@id":"https:\/\/www.suno.com.br\/noticias\/agenda-do-dia-27082019-viavarejo-odebrecht-maia-lava-jato\/#article","isPartOf":{"@id":"https:\/\/www.suno.com.br\/noticias\/agenda-do-dia-27082019-viavarejo-odebrecht-maia-lava-jato\/"},"author":{"name":"Juliano Passaro","@id":"https:\/\/www.suno.com.br\/noticias\/#\/schema\/person\/1db762f78ffd8919a648a63e425953e3"},"headline":"Agenda do Dia: Sinqia; Via Varejo; Odebrecht e Rodrigo Maia na Lava Jato","datePublished":"2019-08-27T12:05:24+00:00","dateModified":"2019-08-27T12:52:33+00:00","mainEntityOfPage":{"@id":"https:\/\/www.suno.com.br\/noticias\/agenda-do-dia-27082019-viavarejo-odebrecht-maia-lava-jato\/"},"wordCount":736,"publisher":{"@id":"https:\/\/www.suno.com.br\/noticias\/#organization"},"image":{"@id":"https:\/\/www.suno.com.br\/noticias\/agenda-do-dia-27082019-viavarejo-odebrecht-maia-lava-jato\/#primaryimage"},"thumbnailUrl":"https:\/\/files.sunoresearch.com.br\/n\/uploads\/2019\/08\/7e325646-viavarejo-jpg.webp","keywords":["Johnson &amp; Johnson (JNJB34)","Odebrecht","Rodrigo Maia","Via (VIIA3)"],"articleSection":["Neg\u00f3cios"],"inLanguage":"pt-BR"},{"@type":"WebPage","@id":"https:\/\/www.suno.com.br\/noticias\/agenda-do-dia-27082019-viavarejo-odebrecht-maia-lava-jato\/","url":"https:\/\/www.suno.com.br\/noticias\/agenda-do-dia-27082019-viavarejo-odebrecht-maia-lava-jato\/","name":"Agenda do Dia: Sinqia; Via Varejo; Odebrecht e Rodrigo Maia na Lava Jato","isPartOf":{"@id":"https:\/\/www.suno.com.br\/noticias\/#website"},"primaryImageOfPage":{"@id":"https:\/\/www.suno.com.br\/noticias\/agenda-do-dia-27082019-viavarejo-odebrecht-maia-lava-jato\/#primaryimage"},"image":{"@id":"https:\/\/www.suno.com.br\/noticias\/agenda-do-dia-27082019-viavarejo-odebrecht-maia-lava-jato\/#primaryimage"},"thumbnailUrl":"https:\/\/files.sunoresearch.com.br\/n\/uploads\/2019\/08\/7e325646-viavarejo-jpg.webp","datePublished":"2019-08-27T12:05:24+00:00","dateModified":"2019-08-27T12:52:33+00:00","description":"Agenda do Dia: Follow on da Sinqia; notas promiss\u00f3rias da Via Varejo; Odebrecht e Rodrigo Maia na Lava Jato. Clique aqui para saber mais.","breadcrumb":{"@id":"https:\/\/www.suno.com.br\/noticias\/agenda-do-dia-27082019-viavarejo-odebrecht-maia-lava-jato\/#breadcrumb"},"inLanguage":"pt-BR","potentialAction":[{"@type":"ReadAction","target":["https:\/\/www.suno.com.br\/noticias\/agenda-do-dia-27082019-viavarejo-odebrecht-maia-lava-jato\/"]}]},{"@type":"ImageObject","inLanguage":"pt-BR","@id":"https:\/\/www.suno.com.br\/noticias\/agenda-do-dia-27082019-viavarejo-odebrecht-maia-lava-jato\/#primaryimage","url":"https:\/\/files.sunoresearch.com.br\/n\/uploads\/2019\/08\/7e325646-viavarejo-jpg.webp","contentUrl":"https:\/\/files.sunoresearch.com.br\/n\/uploads\/2019\/08\/7e325646-viavarejo-jpg.webp","width":1280,"height":720,"caption":"Via Varejo (VVAR3)"},{"@type":"BreadcrumbList","@id":"https:\/\/www.suno.com.br\/noticias\/agenda-do-dia-27082019-viavarejo-odebrecht-maia-lava-jato\/#breadcrumb","itemListElement":[{"@type":"ListItem","position":1,"name":"Not\u00edcias","item":"https:\/\/www.suno.com.br\/noticias\/"},{"@type":"ListItem","position":2,"name":"Neg\u00f3cios","item":"https:\/\/www.suno.com.br\/noticias\/negocios\/"},{"@type":"ListItem","position":3,"name":"Agenda do Dia: Sinqia; Via Varejo; Odebrecht e Rodrigo Maia na Lava Jato"}]},{"@type":"WebSite","@id":"https:\/\/www.suno.com.br\/noticias\/#website","url":"https:\/\/www.suno.com.br\/noticias\/","name":"Suno Not\u00edcias","description":"Seu portal de informa\u00e7\u00e3o sobre o mundo dos investimentos","publisher":{"@id":"https:\/\/www.suno.com.br\/noticias\/#organization"},"potentialAction":[{"@type":"SearchAction","target":{"@type":"EntryPoint","urlTemplate":"https:\/\/www.suno.com.br\/noticias\/?s={search_term_string}"},"query-input":{"@type":"PropertyValueSpecification","valueRequired":true,"valueName":"search_term_string"}}],"inLanguage":"pt-BR"},{"@type":"Organization","@id":"https:\/\/www.suno.com.br\/noticias\/#organization","name":"Suno Not\u00edcias","url":"https:\/\/www.suno.com.br\/noticias\/","logo":{"@type":"ImageObject","inLanguage":"pt-BR","@id":"https:\/\/www.suno.com.br\/noticias\/#\/schema\/logo\/image\/","url":"https:\/\/files.sunoresearch.com.br\/n\/uploads\/2021\/09\/suno-logo.png","contentUrl":"https:\/\/files.sunoresearch.com.br\/n\/uploads\/2021\/09\/suno-logo.png","width":180,"height":180,"caption":"Suno Not\u00edcias"},"image":{"@id":"https:\/\/www.suno.com.br\/noticias\/#\/schema\/logo\/image\/"},"sameAs":["https:\/\/facebook.com\/sunoresearch","https:\/\/x.com\/sunoresearch","https:\/\/www.instagram.com\/suno","https:\/\/www.linkedin.com\/company\/suno-research\/","https:\/\/www.youtube.com\/c\/sunoresearch"]},{"@type":"Person","@id":"https:\/\/www.suno.com.br\/noticias\/#\/schema\/person\/1db762f78ffd8919a648a63e425953e3","name":"Juliano Passaro","image":{"@type":"ImageObject","inLanguage":"pt-BR","@id":"https:\/\/www.suno.com.br\/noticias\/#\/schema\/person\/image\/","url":"https:\/\/secure.gravatar.com\/avatar\/743d4df28eebf6dcc46b4ad03c319e92?s=96&r=g","contentUrl":"https:\/\/secure.gravatar.com\/avatar\/743d4df28eebf6dcc46b4ad03c319e92?s=96&r=g","caption":"Juliano Passaro"},"description":"Juliano Passaro escreve sobre pol\u00edtica, economia e neg\u00f3cios para o portal da Suno Research. Antes da Suno, trabalhou no Portal da Band. \u00c9 formado em jornalismo pela Universidade Presbiteriana Mackenzie.","url":"https:\/\/www.suno.com.br\/noticias\/author\/juliano\/"}]}},"default_loop_html":"<div class=\"cardsPage__listCard__boxs\"><div class=\"cardsPage__listCard__boxs__img\"><a href=\"https:\/\/www.suno.com.br\/noticias\/agenda-do-dia-27082019-viavarejo-odebrecht-maia-lava-jato\/\"><img class=\"mask\" src=\"https:\/\/www.suno.com.br\/noticias\/wp-content\/themes\/suno\/resources\/images\/spotlight\/spotlight1img\/bg-mask.png\" alt=\"Image Mask\"\/><img src=\"https:\/\/files.sunoresearch.com.br\/n\/uploads\/2019\/08\/7e325646-viavarejo-400x200.webp\" alt=\"Agenda do Dia: Sinqia; Via Varejo; Odebrecht e Rodrigo Maia na Lava Jato\"\/><\/a><span class=\"spotlightCategory\"><a href=\"https:\/\/www.suno.com.br\/noticias\/negocios\/\">Neg\u00f3cios<\/a><\/span><\/div><div class=\"cardsPage__listCard__boxs__content\"><a href=\"https:\/\/www.suno.com.br\/noticias\/agenda-do-dia-27082019-viavarejo-odebrecht-maia-lava-jato\/\"><h2 class=\"content__title\">Agenda do Dia: Sinqia; Via Varejo; Odebrecht e Rodrigo Maia na Lava Jato<\/h2><\/a><div class=\"newsContent__article__meta\"><div class=\"newsContent__article__meta__authorBox\"><a href=\"https:\/\/www.suno.com.br\/noticias\/author\/juliano\/\" class=\"authorBox__avatar noMobi\"><img src=\"https:\/\/files.sunoresearch.com.br\/n\/uploads\/2019\/06\/7cc3efea-whatsapp-image-2019-07-18-at-21.59.33-e1563499821209-150x150.webp\" alt=\"Juliano Passaro\"><\/a><div class=\"authorBox__name\"><span>por\n\t\t\t<a href=\"https:\/\/www.suno.com.br\/noticias\/author\/juliano\/\"><span itemprop=\"author\">Juliano Passaro<\/span><\/a><\/span><time datetime=\"2019-08-27T09:05:24-03:00\" itemprop=\"datePublished\">27\/08\/2019 09:05<\/time><\/div><\/div><\/div><\/div><\/div>","single_layout":"posts","amp_enabled":true,"_links":{"self":[{"href":"https:\/\/www.suno.com.br\/noticias\/wp-json\/wp\/v2\/posts\/35405"}],"collection":[{"href":"https:\/\/www.suno.com.br\/noticias\/wp-json\/wp\/v2\/posts"}],"about":[{"href":"https:\/\/www.suno.com.br\/noticias\/wp-json\/wp\/v2\/types\/post"}],"author":[{"embeddable":true,"href":"https:\/\/www.suno.com.br\/noticias\/wp-json\/wp\/v2\/users\/19"}],"replies":[{"embeddable":true,"href":"https:\/\/www.suno.com.br\/noticias\/wp-json\/wp\/v2\/comments?post=35405"}],"version-history":[{"count":0,"href":"https:\/\/www.suno.com.br\/noticias\/wp-json\/wp\/v2\/posts\/35405\/revisions"}],"wp:featuredmedia":[{"embeddable":true,"href":"https:\/\/www.suno.com.br\/noticias\/wp-json\/wp\/v2\/media\/35417"}],"wp:attachment":[{"href":"https:\/\/www.suno.com.br\/noticias\/wp-json\/wp\/v2\/media?parent=35405"}],"wp:term":[{"taxonomy":"category","embeddable":true,"href":"https:\/\/www.suno.com.br\/noticias\/wp-json\/wp\/v2\/categories?post=35405"},{"taxonomy":"post_tag","embeddable":true,"href":"https:\/\/www.suno.com.br\/noticias\/wp-json\/wp\/v2\/tags?post=35405"},{"taxonomy":"suno_strategy","embeddable":true,"href":"https:\/\/www.suno.com.br\/noticias\/wp-json\/wp\/v2\/suno_strategy?post=35405"}],"curies":[{"name":"wp","href":"https:\/\/api.w.org\/{rel}","templated":true}]}}