{"id":353874,"date":"2023-01-27T11:19:33","date_gmt":"2023-01-27T14:19:33","guid":{"rendered":"https:\/\/www.suno.com.br\/noticias\/?p=353874"},"modified":"2023-01-27T11:19:37","modified_gmt":"2023-01-27T14:19:37","slug":"edp-enbr3-baixa-contabil-bilhao","status":"publish","type":"post","link":"https:\/\/www.suno.com.br\/noticias\/edp-enbr3-baixa-contabil-bilhao\/","title":{"rendered":"EDP Brasil (ENBR3) far\u00e1 baixa cont\u00e1bil de R$ 1,2 bilh\u00e3o; entenda"},"content":{"rendered":"<p>A Energias do Brasil, ou <strong>EDP<\/strong> (<a href=\"https:\/\/www.suno.com.br\/acoes\/enbr3\" target=\"_blank\" rel=\"noreferrer noopener\">ENBR3<\/a>), far\u00e1 uma baixa cont\u00e1bil no valor de R$ 1,2 bilh\u00e3o por conta do cancelamento do leil\u00e3o de reserva de capacidade que estava previsto para acontecer no final de 2022.<\/p><div class=\"videoFull \">\n\t\t\t<div class=\"videoWrapper yt-lazyload center\"\n\t\t\t\tdata-width=\"960\"\n\t\t\t\tdata-height=\"540\"\n\t\t\t\tdata-id=\"eBpq6HiH97A\"\n\t\t\t\tdata-alt=\"V\u00eddeo do YouTube - clique para reproduzir\"\n\t\t\t\tdata-logo=\"3\"\n\t\t\t\tdata-imagequality=\"maxres\">\n\t\t\t<\/div>\n\t\t<\/div><script type=\"application\/ld+json\">{\"@context\":\"https:\/\/schema.org\",\"@type\":\"VideoObject\",\"name\":\"Lula se re\u00fane com governadores | Novo CEO da Petrobras (PETR4) | Lucro da Cielo (CIEL3) sobe 63%\",\"description\":\"\ud83d\udd0e \ud83d\udcca[\ud835\uddf2\ud835\uddd5\ud835\uddfc\ud835\uddfc\ud835\uddf8 \ud835\uddda\ud835\udde5\ud835\uddd4\ud835\udde7\ud835\udde8\ud835\udddc\ud835\udde7\ud835\udde2] \ud835\uddd4\ud835\uddfd\ud835\uddff\ud835\uddf2\ud835\uddfb\ud835\uddf1\ud835\uddee \ud835\uddf0\ud835\uddfc\ud835\uddfa\ud835\uddfc \ud835\uddee\ud835\uddfb\ud835\uddee\ud835\uddf9\ud835\uddf6\ud835\ude00\ud835\uddee\ud835\uddff \ud835\ude02\ud835\uddfa\ud835\uddee \ud835\uddee\u00e7\u00e3\ud835\uddfc\u200b \ud83d\udc47 https:\/\/lp.suno.com.br\/ebook-como-analisar-uma-acao\/?utm_source=youtube.noticias&utm_medium=live&utm_campaign=ebookcomoanalisarumaacao.20230124&utm_content=ytnoticias.morning.27012023 #morningcall #Not\u00edcias #investimentos #bb #amer3 #mercadofinanceiro #bolsadevalores #ibovespa #lula #icms #petr4 #petrobras #jeanpaulprates #cielo #ciel3 #estadosunidos \ud83d\udd34\ud835\udc08\ud835\udc0d\ud835\udc12\ud835\udc02\ud835\udc11\ud835\udc04\ud835\udc15\ud835\udc00-\ud835\udc12\ud835\udc04 \ud835\udc0d\ud835\udc0e \ud835\udc02\ud835\udc00\ud835\udc0d\ud835\udc00\ud835\udc0b \ud835\udc04 \ud835\udc00\ud835\udc13\ud835\udc08\ud835\udc15\ud835\udc04 \ud835\udc0e \ud835\udc12\ud835\udc08\ud835\udc0d\ud835\udc0e \ud83d\udc47 https:\/\/bit.ly\/INSCREVA-SEATIVEOSINO \ud83d\udcda \ud835\udfcf\ud835\udfce \ud835\udc0b\ud835\udc22\ud835\udc2f\ud835\udc2b\ud835\udc28\ud835\udc2c \ud835\udc2a\ud835\udc2e\ud835\udc1e \ud835\udc13\ud835\udc28\ud835\udc1d\ud835\udc28 \ud835\udc08\ud835\udc27\ud835\udc2f\ud835\udc1e\ud835\udc2c\ud835\udc2d\ud835\udc22\ud835\udc1d\ud835\udc28\ud835\udc2b \ud835\udc1d\ud835\udc1e\ud835\udc2f\ud835\udc1e\ud835\udc2b\ud835\udc22\ud835\udc1a \ud835\udc0b\ud835\udc1e\ud835\udc2b\ud83d\udc47 https:\/\/lp.suno.com.br\/ebook-10-livros\/?utm_source=youtube.noticias&utm_medium=video&utm_campaign=ebook10livrosparainvestidores.20230105&utm_content=youtube.noticias.05012023 \ud83d\udcda \ud83d\udcb8 \ud83d\udcca \ud835\udde3\ud835\udddf\ud835\uddd4\ud835\udde1\ud835\udddc\ud835\udddf\ud835\udddb\ud835\uddd4 \ud835\uddd7\ud835\uddd8 \ud835\uddd6\ud835\udde2\ud835\udde1\ud835\udde7\ud835\udde5\ud835\udde2\ud835\udddf\ud835\uddd8 \ud835\uddd9\ud835\udddc\ud835\udde1\ud835\uddd4\ud835\udde1\ud835\uddd6\ud835\uddd8\ud835\udddc\ud835\udde5\ud835\udde2: \ud835\uddd5\ud835\uddee\ud835\uddf6\ud835\ude05\ud835\uddf2 \ud835\uddee \ud835\uddfd\ud835\uddf9\ud835\uddee\ud835\uddfb\ud835\uddf6\ud835\uddf9\ud835\uddf5\ud835\uddee AGORA\u2026\",\"duration\":\"PT52M56S\",\"embedUrl\":\"https:\/\/www.youtube.com\/embed\/eBpq6HiH97A\",\"regionsAllowed\":\"pt-BR\",\"interactionStatistic\":{\"@type\":\"InteractionCounter\",\"interactionType\":{\"@type\":\"WatchAction\"},\"userInteractionCount\":2113},\"thumbnailUrl\":\"https:\/\/i.ytimg.com\/vi\/eBpq6HiH97A\/default.jpg\",\"uploadDate\":\"2023-01-27T13:03:56Z\"}<\/script>\n\n\n\n\n\t<p>\n\t\t<a href=\"\" target=\"_blank\" data-element=\"shortcode-suno-banner\" title=\"Banner SUNO, clique e saiba mais\">\n\t\t\t<picture>\n\t\t\t\t<source media=\"(max-width: 500px)\" srcset=\"\">\n\t\t\t\t<img class=\"newsContent__article__imgCapa newsContent__article__imgCapa--banner\"\n\t\t\t\t\tsrc=\"\"\n\t\t\t\t\tdata-promo-id=\"138420\"\t\t\t\t\t\t\t\t\t\t\t\t\t\t\talt=\"\"\n\t\t\t\t>\n\t\t\t<\/picture>\n\t\t<\/a>\n\t<\/p>\n\n\n\n\n\n<p>Ou seja, por conta do cancelamento do leil\u00e3o, a EDP est\u00e1 reavaliando seu ativo &#8211; a usina termel\u00e9trica de Pec\u00e9m &#8211; e far\u00e1 uma <a href=\"https:\/\/www.suno.com.br\/artigos\/teste-de-impairment\/\" target=\"_blank\" rel=\"noreferrer noopener\">redu\u00e7\u00e3o do valor cont\u00e1bil de ativos (impairment)<\/a>.<\/p>\n\n\n\n<p>O leil\u00e3o, previso para ocorrer ao fim do ano anterior, fez com que a companhia perdesse a janela mais adequada para renova\u00e7\u00e3o dos contratos da subsidi\u00e1ria Porto do Pec\u00e9m Gera\u00e7\u00e3o de Energia.<\/p>\n\n\n\n<p>&#8220;Diante do cancelamento do leil\u00e3o e, consequentemente, da perda da janela mais adequada para a renova\u00e7\u00e3o dos contratos de Pec\u00e9m, a companhia reconheceu, neste momento, a imparidade&#8221;, disse a EDP, em comunicado ao mercado.<\/p>\n\n\n\n<p>Essa baixa cont\u00e1bil, contudo, n\u00e3o deve afetar a <a class=\"suno-keyword\" target=\"_blank\" data-force=\"no\" data-priority=\"1\" href=\"https:\/\/www.suno.com.br\/artigos\/geracao-de-caixa\/\" rel=\"noopener\">gera\u00e7\u00e3o de caixa<\/a> da empresa at\u00e9 meados de julho de 2027, segundo a pr\u00f3pria EDP.<\/p>\n\n\n\n<p>Al\u00e9m disso, a EDP destacou que o ano de 2022 n\u00e3o foi o primeiro em que a companhia teve a oportunidade de integrar o leil\u00e3o. Esse fator foi considerado no teste de imparidade.<\/p>\n\n\n\n<p>&#8220;V\u00e1rios cen\u00e1rios foram analisados, dentre os quais a probabilidade de haver ou n\u00e3o novos leil\u00f5es e seus respectivos impactos&#8221;, diz o comunicado da companhia.<\/p>\n\n\n\t<p>\n\t\t<a href=\"https:\/\/lp.suno.com.br\/planilha-controle-gastos\/\" target=\"_blank\" data-element=\"shortcode-suno-banner\" title=\"Banner SUNO, clique e saiba mais\">\n\t\t\t<picture>\n\t\t\t\t<source media=\"(max-width: 500px)\" srcset=\"https:\/\/files.sunoresearch.com.br\/n\/uploads\/2023\/03\/400x300-Planilha-controle-de-gastos.png\">\n\t\t\t\t<img class=\"newsContent__article__imgCapa newsContent__article__imgCapa--banner\"\n\t\t\t\t\tsrc=\"https:\/\/files.sunoresearch.com.br\/n\/uploads\/2023\/03\/1420x240-Planilha-controle-de-gastos.png\"\n\t\t\t\t\tdata-promo-id=\"101751\"\t\t\t\t\t\t\t\t\t\twidth='1420' height='240'\t\t\t\t\talt=\"https:\/\/files.sunoresearch.com.br\/n\/uploads\/2023\/03\/1420x240-Planilha-controle-de-gastos.png\"\n\t\t\t\t>\n\t\t\t<\/picture>\n\t\t<\/a>\n\t<\/p>\n\n\n\n\n\n<h2 class=\"wp-block-heading\" id=\"h-como-e-a-usina-da-edp\">Como \u00e9 a Usina da EDP<\/h2>\n\n\n\n<p>A Usina em quest\u00e3o tem uma <a class=\"suno-keyword\" target=\"_blank\" data-force=\"no\" data-priority=\"1\" href=\"https:\/\/www.suno.com.br\/artigos\/capacidade-instalada\/\" rel=\"noopener\">capacidade instalada<\/a> de 720 MW e d\u00e1 suporte ao sistema el\u00e9trico do Nordeste atrav\u00e9s de contratos de disponibilidade, a qual atingiu 98% justamente no ano de 2022.<\/p>\n\n\n\n<p>Esse patamar de 98% foi o maior desde <strong>a entrada da EDP na opera\u00e7\u00e3o da Usina<\/strong>, localizada no Cear\u00e1.<\/p>\n\n\n\n<p>Considerando os balan\u00e7os trimestrais publicados at\u00e9 ent\u00e3o &#8211; dos primeiro tr\u00eas trimestres de 2022 &#8211; a usina gerou um Ebitda de R$ 446 milh\u00f5es nos primeiros nove meses de 2022.<\/p>\n\n\n\n<h2 class=\"wp-block-heading\">Cota\u00e7\u00e3o de ENBR3<\/h2>\n\n\n\n<p>As <a href=\"https:\/\/statusinvest.com.br\/acoes\/enbr3\" target=\"_blank\" rel=\"noreferrer noopener\"><strong>a\u00e7\u00f5es da EDP<\/strong> <\/a>caem 0,15% na manh\u00e3 desta sexta-feira (27). No acumulado de 2023, em pouco menos de 30 dias, os pap\u00e9is da companhia ca\u00edram 0,34%.<\/p>\n\n\n\n<p>Nos \u00faltimos 12 meses, a <strong>EDP <\/strong>caiu 4,54% na bolsa de valores.<\/p>\n\n\n\t<p>\n\t\t<a href=\"https:\/\/lp.suno.com.br\/planilha-da-vida-financeira\/\" target=\"_blank\" data-element=\"shortcode-suno-banner\" title=\"Banner SUNO, clique e saiba mais\">\n\t\t\t<picture>\n\t\t\t\t<source media=\"(max-width: 500px)\" srcset=\"https:\/\/files.sunoresearch.com.br\/n\/uploads\/2023\/04\/400x300-Planilha-vida-financeira-true.png\">\n\t\t\t\t<img class=\"newsContent__article__imgCapa newsContent__article__imgCapa--banner\"\n\t\t\t\t\tsrc=\"https:\/\/files.sunoresearch.com.br\/n\/uploads\/2023\/04\/1420x240-Planilha-vida-financeira-true.png\"\n\t\t\t\t\tdata-promo-id=\"106682\"\t\t\t\t\t\t\t\t\t\twidth='1420' height='240'\t\t\t\t\talt=\"https:\/\/files.sunoresearch.com.br\/n\/uploads\/2023\/04\/1420x240-Planilha-vida-financeira-true.png\"\n\t\t\t\t>\n\t\t\t<\/picture>\n\t\t<\/a>\n\t<\/p>\n\n\n","protected":false},"excerpt":{"rendered":"<p>A Energias do Brasil, ou EDP (ENBR3), far\u00e1 uma baixa cont\u00e1bil no valor de R$ 1,2 bilh\u00e3o por conta do cancelamento do leil\u00e3o de reserva de capacidade que estava previsto para acontecer no final de 2022. Ou seja, por conta do cancelamento do leil\u00e3o, a EDP est\u00e1 reavaliando seu ativo &#8211; a usina termel\u00e9trica de [&hellip;]<\/p>\n","protected":false},"author":73,"featured_media":125002,"comment_status":"closed","ping_status":"closed","sticky":false,"template":"","format":"standard","meta":[],"categories":[64],"tags":[286,1207],"suno_strategy":[],"class_list":["post-353874","post","type-post","status-publish","format-standard","has-post-thumbnail","hentry","category-negocios","tag-acoes","tag-edp-brasil-enbr3"],"yoast_head":"<!-- This site is optimized with the Yoast SEO plugin v24.4 - https:\/\/yoast.com\/wordpress\/plugins\/seo\/ -->\n<title>EDP Brasil (ENBR3) far\u00e1 baixa cont\u00e1bil de R$ 1,2 bilh\u00e3o; entenda<\/title>\n<meta name=\"description\" content=\"A EDP far\u00e1 uma redu\u00e7\u00e3o do valor cont\u00e1bil de ativos (impairment) ap\u00f3s o cancelamento do leil\u00e3o que envolve uma de suas usinas. Confira!\" \/>\n<meta name=\"robots\" content=\"index, follow, max-snippet:-1, max-image-preview:large, max-video-preview:-1\" \/>\n<link rel=\"canonical\" href=\"https:\/\/www.suno.com.br\/noticias\/edp-enbr3-baixa-contabil-bilhao\/\" \/>\n<meta property=\"og:locale\" content=\"pt_BR\" \/>\n<meta property=\"og:type\" content=\"article\" \/>\n<meta property=\"og:title\" content=\"EDP Brasil (ENBR3) far\u00e1 baixa cont\u00e1bil de R$ 1,2 bilh\u00e3o; entenda\" \/>\n<meta property=\"og:description\" content=\"A EDP far\u00e1 uma redu\u00e7\u00e3o do valor cont\u00e1bil de ativos (impairment) ap\u00f3s o cancelamento do leil\u00e3o que envolve uma de suas usinas. Confira!\" \/>\n<meta property=\"og:url\" content=\"https:\/\/www.suno.com.br\/noticias\/edp-enbr3-baixa-contabil-bilhao\/\" \/>\n<meta property=\"og:site_name\" content=\"Suno Not\u00edcias\" \/>\n<meta property=\"article:publisher\" content=\"https:\/\/facebook.com\/sunoresearch\" \/>\n<meta property=\"og:image\" content=\"https:\/\/files.sunoresearch.com.br\/n\/uploads\/2021\/02\/1e6e2971-edp.gif\" \/>\n\t<meta property=\"og:image:width\" content=\"1380\" \/>\n\t<meta property=\"og:image:height\" content=\"920\" \/>\n\t<meta property=\"og:image:type\" content=\"image\/gif\" \/>\n<meta name=\"author\" content=\"Eduardo Vargas\" \/>\n<meta name=\"twitter:card\" content=\"summary_large_image\" \/>\n<meta name=\"twitter:creator\" content=\"@sunoresearch\" \/>\n<meta name=\"twitter:site\" content=\"@sunoresearch\" \/>\n<meta name=\"twitter:label1\" content=\"Escrito por\" \/>\n\t<meta name=\"twitter:data1\" content=\"Eduardo Vargas\" \/>\n\t<meta name=\"twitter:label2\" content=\"Est. tempo de leitura\" \/>\n\t<meta name=\"twitter:data2\" content=\"2 minutos\" \/>\n<script type=\"application\/ld+json\" class=\"yoast-schema-graph\">{\"@context\":\"https:\/\/schema.org\",\"@graph\":[{\"@type\":\"NewsArticle\",\"@id\":\"https:\/\/www.suno.com.br\/noticias\/edp-enbr3-baixa-contabil-bilhao\/#article\",\"isPartOf\":{\"@id\":\"https:\/\/www.suno.com.br\/noticias\/edp-enbr3-baixa-contabil-bilhao\/\"},\"author\":{\"name\":\"Eduardo Vargas\",\"@id\":\"https:\/\/www.suno.com.br\/noticias\/#\/schema\/person\/7f4d362bf3518e76090143ae77bb49a5\"},\"headline\":\"EDP Brasil (ENBR3) far\u00e1 baixa cont\u00e1bil de R$ 1,2 bilh\u00e3o; entenda\",\"datePublished\":\"2023-01-27T14:19:33+00:00\",\"dateModified\":\"2023-01-27T14:19:37+00:00\",\"mainEntityOfPage\":{\"@id\":\"https:\/\/www.suno.com.br\/noticias\/edp-enbr3-baixa-contabil-bilhao\/\"},\"wordCount\":384,\"publisher\":{\"@id\":\"https:\/\/www.suno.com.br\/noticias\/#organization\"},\"image\":{\"@id\":\"https:\/\/www.suno.com.br\/noticias\/edp-enbr3-baixa-contabil-bilhao\/#primaryimage\"},\"thumbnailUrl\":\"https:\/\/files.sunoresearch.com.br\/n\/uploads\/2021\/02\/1e6e2971-edp.gif\",\"keywords\":[\"A\u00e7\u00f5es\",\"EDP Brasil (ENBR3)\"],\"articleSection\":[\"Neg\u00f3cios\"],\"inLanguage\":\"pt-BR\"},{\"@type\":\"WebPage\",\"@id\":\"https:\/\/www.suno.com.br\/noticias\/edp-enbr3-baixa-contabil-bilhao\/\",\"url\":\"https:\/\/www.suno.com.br\/noticias\/edp-enbr3-baixa-contabil-bilhao\/\",\"name\":\"EDP Brasil (ENBR3) far\u00e1 baixa cont\u00e1bil de R$ 1,2 bilh\u00e3o; entenda\",\"isPartOf\":{\"@id\":\"https:\/\/www.suno.com.br\/noticias\/#website\"},\"primaryImageOfPage\":{\"@id\":\"https:\/\/www.suno.com.br\/noticias\/edp-enbr3-baixa-contabil-bilhao\/#primaryimage\"},\"image\":{\"@id\":\"https:\/\/www.suno.com.br\/noticias\/edp-enbr3-baixa-contabil-bilhao\/#primaryimage\"},\"thumbnailUrl\":\"https:\/\/files.sunoresearch.com.br\/n\/uploads\/2021\/02\/1e6e2971-edp.gif\",\"datePublished\":\"2023-01-27T14:19:33+00:00\",\"dateModified\":\"2023-01-27T14:19:37+00:00\",\"description\":\"A EDP far\u00e1 uma redu\u00e7\u00e3o do valor cont\u00e1bil de ativos (impairment) ap\u00f3s o cancelamento do leil\u00e3o que envolve uma de suas usinas. Confira!\",\"breadcrumb\":{\"@id\":\"https:\/\/www.suno.com.br\/noticias\/edp-enbr3-baixa-contabil-bilhao\/#breadcrumb\"},\"inLanguage\":\"pt-BR\",\"potentialAction\":[{\"@type\":\"ReadAction\",\"target\":[\"https:\/\/www.suno.com.br\/noticias\/edp-enbr3-baixa-contabil-bilhao\/\"]}]},{\"@type\":\"ImageObject\",\"inLanguage\":\"pt-BR\",\"@id\":\"https:\/\/www.suno.com.br\/noticias\/edp-enbr3-baixa-contabil-bilhao\/#primaryimage\",\"url\":\"https:\/\/files.sunoresearch.com.br\/n\/uploads\/2021\/02\/1e6e2971-edp.gif\",\"contentUrl\":\"https:\/\/files.sunoresearch.com.br\/n\/uploads\/2021\/02\/1e6e2971-edp.gif\",\"width\":1380,\"height\":920,\"caption\":\"EDP Brasil. Foto: Divulga\u00e7\u00e3o\"},{\"@type\":\"BreadcrumbList\",\"@id\":\"https:\/\/www.suno.com.br\/noticias\/edp-enbr3-baixa-contabil-bilhao\/#breadcrumb\",\"itemListElement\":[{\"@type\":\"ListItem\",\"position\":1,\"name\":\"Not\u00edcias\",\"item\":\"https:\/\/www.suno.com.br\/noticias\/\"},{\"@type\":\"ListItem\",\"position\":2,\"name\":\"Neg\u00f3cios\",\"item\":\"https:\/\/www.suno.com.br\/noticias\/negocios\/\"},{\"@type\":\"ListItem\",\"position\":3,\"name\":\"EDP Brasil (ENBR3) far\u00e1 baixa cont\u00e1bil de R$ 1,2 bilh\u00e3o; entenda\"}]},{\"@type\":\"WebSite\",\"@id\":\"https:\/\/www.suno.com.br\/noticias\/#website\",\"url\":\"https:\/\/www.suno.com.br\/noticias\/\",\"name\":\"Suno Not\u00edcias\",\"description\":\"Seu portal de informa\u00e7\u00e3o sobre o mundo dos investimentos\",\"publisher\":{\"@id\":\"https:\/\/www.suno.com.br\/noticias\/#organization\"},\"potentialAction\":[{\"@type\":\"SearchAction\",\"target\":{\"@type\":\"EntryPoint\",\"urlTemplate\":\"https:\/\/www.suno.com.br\/noticias\/?s={search_term_string}\"},\"query-input\":{\"@type\":\"PropertyValueSpecification\",\"valueRequired\":true,\"valueName\":\"search_term_string\"}}],\"inLanguage\":\"pt-BR\"},{\"@type\":\"Organization\",\"@id\":\"https:\/\/www.suno.com.br\/noticias\/#organization\",\"name\":\"Suno Not\u00edcias\",\"url\":\"https:\/\/www.suno.com.br\/noticias\/\",\"logo\":{\"@type\":\"ImageObject\",\"inLanguage\":\"pt-BR\",\"@id\":\"https:\/\/www.suno.com.br\/noticias\/#\/schema\/logo\/image\/\",\"url\":\"https:\/\/files.sunoresearch.com.br\/n\/uploads\/2021\/09\/suno-logo.png\",\"contentUrl\":\"https:\/\/files.sunoresearch.com.br\/n\/uploads\/2021\/09\/suno-logo.png\",\"width\":180,\"height\":180,\"caption\":\"Suno Not\u00edcias\"},\"image\":{\"@id\":\"https:\/\/www.suno.com.br\/noticias\/#\/schema\/logo\/image\/\"},\"sameAs\":[\"https:\/\/facebook.com\/sunoresearch\",\"https:\/\/x.com\/sunoresearch\",\"https:\/\/www.instagram.com\/suno\",\"https:\/\/www.linkedin.com\/company\/suno-research\/\",\"https:\/\/www.youtube.com\/c\/sunoresearch\"]},{\"@type\":\"Person\",\"@id\":\"https:\/\/www.suno.com.br\/noticias\/#\/schema\/person\/7f4d362bf3518e76090143ae77bb49a5\",\"name\":\"Eduardo Vargas\",\"image\":{\"@type\":\"ImageObject\",\"inLanguage\":\"pt-BR\",\"@id\":\"https:\/\/www.suno.com.br\/noticias\/#\/schema\/person\/image\/\",\"url\":\"https:\/\/secure.gravatar.com\/avatar\/dac340933427a22924c9f99d1eb2e3f2?s=96&r=g\",\"contentUrl\":\"https:\/\/secure.gravatar.com\/avatar\/dac340933427a22924c9f99d1eb2e3f2?s=96&r=g\",\"caption\":\"Eduardo Vargas\"},\"description\":\"Jornalista formado pela UFSC, cobre macroeconomia, neg\u00f3cios e startups para o Suno Not\u00edcias, escrevendo principalmente not\u00edcias sobre o mercado financeiro e a bolsa de valores. No YouTube e no Instagram, \u00e9 respons\u00e1vel pela produ\u00e7\u00e3o de Reels e Shorts do Suno Not\u00edcias. Anteriormente, trabalhou cobrindo economia e cotidiano no ND+ e para o ND, maior jornal impresso de Santa Catarina. Cursou um semestre letivo de Estudos de M\u00eddia na Universidad de Buenos Aires.\",\"url\":\"https:\/\/www.suno.com.br\/noticias\/author\/eduardo-vargas\/\"}]}<\/script>\n<!-- \/ Yoast SEO plugin. -->","yoast_head_json":{"title":"EDP Brasil (ENBR3) far\u00e1 baixa cont\u00e1bil de R$ 1,2 bilh\u00e3o; entenda","description":"A EDP far\u00e1 uma redu\u00e7\u00e3o do valor cont\u00e1bil de ativos (impairment) ap\u00f3s o cancelamento do leil\u00e3o que envolve uma de suas usinas. Confira!","robots":{"index":"index","follow":"follow","max-snippet":"max-snippet:-1","max-image-preview":"max-image-preview:large","max-video-preview":"max-video-preview:-1"},"canonical":"https:\/\/www.suno.com.br\/noticias\/edp-enbr3-baixa-contabil-bilhao\/","og_locale":"pt_BR","og_type":"article","og_title":"EDP Brasil (ENBR3) far\u00e1 baixa cont\u00e1bil de R$ 1,2 bilh\u00e3o; entenda","og_description":"A EDP far\u00e1 uma redu\u00e7\u00e3o do valor cont\u00e1bil de ativos (impairment) ap\u00f3s o cancelamento do leil\u00e3o que envolve uma de suas usinas. Confira!","og_url":"https:\/\/www.suno.com.br\/noticias\/edp-enbr3-baixa-contabil-bilhao\/","og_site_name":"Suno Not\u00edcias","article_publisher":"https:\/\/facebook.com\/sunoresearch","og_image":[{"width":1380,"height":920,"url":"https:\/\/files.sunoresearch.com.br\/n\/uploads\/2021\/02\/1e6e2971-edp.gif","type":"image\/gif"}],"author":"Eduardo Vargas","twitter_card":"summary_large_image","twitter_creator":"@sunoresearch","twitter_site":"@sunoresearch","twitter_misc":{"Escrito por":"Eduardo Vargas","Est. tempo de leitura":"2 minutos"},"schema":{"@context":"https:\/\/schema.org","@graph":[{"@type":"NewsArticle","@id":"https:\/\/www.suno.com.br\/noticias\/edp-enbr3-baixa-contabil-bilhao\/#article","isPartOf":{"@id":"https:\/\/www.suno.com.br\/noticias\/edp-enbr3-baixa-contabil-bilhao\/"},"author":{"name":"Eduardo Vargas","@id":"https:\/\/www.suno.com.br\/noticias\/#\/schema\/person\/7f4d362bf3518e76090143ae77bb49a5"},"headline":"EDP Brasil (ENBR3) far\u00e1 baixa cont\u00e1bil de R$ 1,2 bilh\u00e3o; entenda","datePublished":"2023-01-27T14:19:33+00:00","dateModified":"2023-01-27T14:19:37+00:00","mainEntityOfPage":{"@id":"https:\/\/www.suno.com.br\/noticias\/edp-enbr3-baixa-contabil-bilhao\/"},"wordCount":384,"publisher":{"@id":"https:\/\/www.suno.com.br\/noticias\/#organization"},"image":{"@id":"https:\/\/www.suno.com.br\/noticias\/edp-enbr3-baixa-contabil-bilhao\/#primaryimage"},"thumbnailUrl":"https:\/\/files.sunoresearch.com.br\/n\/uploads\/2021\/02\/1e6e2971-edp.gif","keywords":["A\u00e7\u00f5es","EDP Brasil (ENBR3)"],"articleSection":["Neg\u00f3cios"],"inLanguage":"pt-BR"},{"@type":"WebPage","@id":"https:\/\/www.suno.com.br\/noticias\/edp-enbr3-baixa-contabil-bilhao\/","url":"https:\/\/www.suno.com.br\/noticias\/edp-enbr3-baixa-contabil-bilhao\/","name":"EDP Brasil (ENBR3) far\u00e1 baixa cont\u00e1bil de R$ 1,2 bilh\u00e3o; entenda","isPartOf":{"@id":"https:\/\/www.suno.com.br\/noticias\/#website"},"primaryImageOfPage":{"@id":"https:\/\/www.suno.com.br\/noticias\/edp-enbr3-baixa-contabil-bilhao\/#primaryimage"},"image":{"@id":"https:\/\/www.suno.com.br\/noticias\/edp-enbr3-baixa-contabil-bilhao\/#primaryimage"},"thumbnailUrl":"https:\/\/files.sunoresearch.com.br\/n\/uploads\/2021\/02\/1e6e2971-edp.gif","datePublished":"2023-01-27T14:19:33+00:00","dateModified":"2023-01-27T14:19:37+00:00","description":"A EDP far\u00e1 uma redu\u00e7\u00e3o do valor cont\u00e1bil de ativos (impairment) ap\u00f3s o cancelamento do leil\u00e3o que envolve uma de suas usinas. Confira!","breadcrumb":{"@id":"https:\/\/www.suno.com.br\/noticias\/edp-enbr3-baixa-contabil-bilhao\/#breadcrumb"},"inLanguage":"pt-BR","potentialAction":[{"@type":"ReadAction","target":["https:\/\/www.suno.com.br\/noticias\/edp-enbr3-baixa-contabil-bilhao\/"]}]},{"@type":"ImageObject","inLanguage":"pt-BR","@id":"https:\/\/www.suno.com.br\/noticias\/edp-enbr3-baixa-contabil-bilhao\/#primaryimage","url":"https:\/\/files.sunoresearch.com.br\/n\/uploads\/2021\/02\/1e6e2971-edp.gif","contentUrl":"https:\/\/files.sunoresearch.com.br\/n\/uploads\/2021\/02\/1e6e2971-edp.gif","width":1380,"height":920,"caption":"EDP Brasil. Foto: Divulga\u00e7\u00e3o"},{"@type":"BreadcrumbList","@id":"https:\/\/www.suno.com.br\/noticias\/edp-enbr3-baixa-contabil-bilhao\/#breadcrumb","itemListElement":[{"@type":"ListItem","position":1,"name":"Not\u00edcias","item":"https:\/\/www.suno.com.br\/noticias\/"},{"@type":"ListItem","position":2,"name":"Neg\u00f3cios","item":"https:\/\/www.suno.com.br\/noticias\/negocios\/"},{"@type":"ListItem","position":3,"name":"EDP Brasil (ENBR3) far\u00e1 baixa cont\u00e1bil de R$ 1,2 bilh\u00e3o; entenda"}]},{"@type":"WebSite","@id":"https:\/\/www.suno.com.br\/noticias\/#website","url":"https:\/\/www.suno.com.br\/noticias\/","name":"Suno Not\u00edcias","description":"Seu portal de informa\u00e7\u00e3o sobre o mundo dos investimentos","publisher":{"@id":"https:\/\/www.suno.com.br\/noticias\/#organization"},"potentialAction":[{"@type":"SearchAction","target":{"@type":"EntryPoint","urlTemplate":"https:\/\/www.suno.com.br\/noticias\/?s={search_term_string}"},"query-input":{"@type":"PropertyValueSpecification","valueRequired":true,"valueName":"search_term_string"}}],"inLanguage":"pt-BR"},{"@type":"Organization","@id":"https:\/\/www.suno.com.br\/noticias\/#organization","name":"Suno Not\u00edcias","url":"https:\/\/www.suno.com.br\/noticias\/","logo":{"@type":"ImageObject","inLanguage":"pt-BR","@id":"https:\/\/www.suno.com.br\/noticias\/#\/schema\/logo\/image\/","url":"https:\/\/files.sunoresearch.com.br\/n\/uploads\/2021\/09\/suno-logo.png","contentUrl":"https:\/\/files.sunoresearch.com.br\/n\/uploads\/2021\/09\/suno-logo.png","width":180,"height":180,"caption":"Suno Not\u00edcias"},"image":{"@id":"https:\/\/www.suno.com.br\/noticias\/#\/schema\/logo\/image\/"},"sameAs":["https:\/\/facebook.com\/sunoresearch","https:\/\/x.com\/sunoresearch","https:\/\/www.instagram.com\/suno","https:\/\/www.linkedin.com\/company\/suno-research\/","https:\/\/www.youtube.com\/c\/sunoresearch"]},{"@type":"Person","@id":"https:\/\/www.suno.com.br\/noticias\/#\/schema\/person\/7f4d362bf3518e76090143ae77bb49a5","name":"Eduardo Vargas","image":{"@type":"ImageObject","inLanguage":"pt-BR","@id":"https:\/\/www.suno.com.br\/noticias\/#\/schema\/person\/image\/","url":"https:\/\/secure.gravatar.com\/avatar\/dac340933427a22924c9f99d1eb2e3f2?s=96&r=g","contentUrl":"https:\/\/secure.gravatar.com\/avatar\/dac340933427a22924c9f99d1eb2e3f2?s=96&r=g","caption":"Eduardo Vargas"},"description":"Jornalista formado pela UFSC, cobre macroeconomia, neg\u00f3cios e startups para o Suno Not\u00edcias, escrevendo principalmente not\u00edcias sobre o mercado financeiro e a bolsa de valores. No YouTube e no Instagram, \u00e9 respons\u00e1vel pela produ\u00e7\u00e3o de Reels e Shorts do Suno Not\u00edcias. Anteriormente, trabalhou cobrindo economia e cotidiano no ND+ e para o ND, maior jornal impresso de Santa Catarina. Cursou um semestre letivo de Estudos de M\u00eddia na Universidad de Buenos Aires.","url":"https:\/\/www.suno.com.br\/noticias\/author\/eduardo-vargas\/"}]}},"default_loop_html":"<div class=\"cardsPage__listCard__boxs\"><div class=\"cardsPage__listCard__boxs__img\"><a href=\"https:\/\/www.suno.com.br\/noticias\/edp-enbr3-baixa-contabil-bilhao\/\"><img class=\"mask\" src=\"https:\/\/www.suno.com.br\/noticias\/wp-content\/themes\/suno\/resources\/images\/spotlight\/spotlight1img\/bg-mask.png\" alt=\"Image Mask\"\/><img src=\"https:\/\/files.sunoresearch.com.br\/n\/uploads\/2021\/02\/1e6e2971-edp-400x200.gif\" alt=\"EDP Brasil (ENBR3) far\u00e1 baixa cont\u00e1bil de R$ 1,2 bilh\u00e3o; entenda\"\/><\/a><span class=\"spotlightCategory\"><a href=\"https:\/\/www.suno.com.br\/noticias\/negocios\/\">Neg\u00f3cios<\/a><\/span><\/div><div class=\"cardsPage__listCard__boxs__content\"><a href=\"https:\/\/www.suno.com.br\/noticias\/edp-enbr3-baixa-contabil-bilhao\/\"><h2 class=\"content__title\">EDP Brasil (ENBR3) far\u00e1 baixa cont\u00e1bil de R$ 1,2 bilh\u00e3o; entenda<\/h2><\/a><div class=\"newsContent__article__meta\"><div class=\"newsContent__article__meta__authorBox\"><a href=\"https:\/\/www.suno.com.br\/noticias\/author\/eduardo-vargas\/\" class=\"authorBox__avatar noMobi\"><img src=\"https:\/\/secure.gravatar.com\/avatar\/dac340933427a22924c9f99d1eb2e3f2?s=96&#038;r=g\" alt=\"Eduardo Vargas\"><\/a><div class=\"authorBox__name\"><span>por\n\t\t\t<a href=\"https:\/\/www.suno.com.br\/noticias\/author\/eduardo-vargas\/\"><span itemprop=\"author\">Eduardo Vargas<\/span><\/a><\/span><time datetime=\"2023-01-27T11:19:33-03:00\" itemprop=\"datePublished\">27\/01\/2023 11:19<\/time><\/div><\/div><\/div><\/div><\/div>","single_layout":"posts","amp_enabled":true,"_links":{"self":[{"href":"https:\/\/www.suno.com.br\/noticias\/wp-json\/wp\/v2\/posts\/353874"}],"collection":[{"href":"https:\/\/www.suno.com.br\/noticias\/wp-json\/wp\/v2\/posts"}],"about":[{"href":"https:\/\/www.suno.com.br\/noticias\/wp-json\/wp\/v2\/types\/post"}],"author":[{"embeddable":true,"href":"https:\/\/www.suno.com.br\/noticias\/wp-json\/wp\/v2\/users\/73"}],"replies":[{"embeddable":true,"href":"https:\/\/www.suno.com.br\/noticias\/wp-json\/wp\/v2\/comments?post=353874"}],"version-history":[{"count":3,"href":"https:\/\/www.suno.com.br\/noticias\/wp-json\/wp\/v2\/posts\/353874\/revisions"}],"predecessor-version":[{"id":353895,"href":"https:\/\/www.suno.com.br\/noticias\/wp-json\/wp\/v2\/posts\/353874\/revisions\/353895"}],"wp:featuredmedia":[{"embeddable":true,"href":"https:\/\/www.suno.com.br\/noticias\/wp-json\/wp\/v2\/media\/125002"}],"wp:attachment":[{"href":"https:\/\/www.suno.com.br\/noticias\/wp-json\/wp\/v2\/media?parent=353874"}],"wp:term":[{"taxonomy":"category","embeddable":true,"href":"https:\/\/www.suno.com.br\/noticias\/wp-json\/wp\/v2\/categories?post=353874"},{"taxonomy":"post_tag","embeddable":true,"href":"https:\/\/www.suno.com.br\/noticias\/wp-json\/wp\/v2\/tags?post=353874"},{"taxonomy":"suno_strategy","embeddable":true,"href":"https:\/\/www.suno.com.br\/noticias\/wp-json\/wp\/v2\/suno_strategy?post=353874"}],"curies":[{"name":"wp","href":"https:\/\/api.w.org\/{rel}","templated":true}]}}