{"id":353667,"date":"2023-01-27T14:52:18","date_gmt":"2023-01-27T17:52:18","guid":{"rendered":"https:\/\/www.suno.com.br\/noticias\/?p=353667"},"modified":"2023-01-27T22:03:11","modified_gmt":"2023-01-28T01:03:11","slug":"prates-petrobras-petr4-avaliacao-analistas","status":"publish","type":"post","link":"https:\/\/www.suno.com.br\/noticias\/prates-petrobras-petr4-avaliacao-analistas\/","title":{"rendered":"Prates na Petrobras (PETR4): o que analistas esperam da gest\u00e3o do novo CEO"},"content":{"rendered":"<p>A <strong>Petrobras<\/strong> (PETR4) <a href=\"https:\/\/www.suno.com.br\/noticias\/petrobras-petr4-aprova-prates-presidencia\/\" target=\"_blank\" rel=\"noreferrer noopener\">aprovou ontem (26) a indica\u00e7\u00e3o de Jean Paul Prates \u00e0 presid\u00eancia da estatal<\/a> e, ainda que a not\u00edcia n]ao tenha sido surpresa para o mercado, as a\u00e7\u00f5es da estatal recuaram \u2014 na dire\u00e7\u00e3o oposta ao petr\u00f3leo Brent, que subiu \u2014 e derrubaram o Ibovespa. Os investidores temem como ser\u00e1 a nova gest\u00e3o da petroleira.<\/p>\t<div class=\"wrapper-featured-image\">\n\t\t<figure class=\"spotlightImg\">\n\n\t\t\t<picture>\n\t\t\t\t<source media=\"(max-width: 768px)\" srcset=\"https:\/\/files.sunoresearch.com.br\/n\/uploads\/2022\/12\/petrobras-petr4-acoes-400x200.jpg\">\n\t\t\t\t<img loading=\"lazy\" decoding=\"async\" class=\"newsContent__article__imgCapa lazyloadDisabled \" src=\"https:\/\/files.sunoresearch.com.br\/n\/uploads\/2022\/12\/petrobras-petr4-acoes-800x450.jpg\" width=\"800\" height=\"450\" alt=\"Prates na Petrobras (PETR4): o que analistas esperam da gest\u00e3o do novo CEO\" fetchpriority=high \/>\n\t\t\t<\/picture>\n\n\t\t\t<figcaption class=\"wp-caption-text wp-caption-text--show\">Petrobras (PETR4). Foto: Shutterstock<\/figcaption>\n\t\t<\/figure>\n\t<\/div>\n\n\n\n\n\n\t<p>\n\t\t<a href=\"\" target=\"_blank\" data-element=\"shortcode-suno-banner\" title=\"Banner SUNO, clique e saiba mais\">\n\t\t\t<picture>\n\t\t\t\t<source media=\"(max-width: 500px)\" srcset=\"\">\n\t\t\t\t<img class=\"newsContent__article__imgCapa newsContent__article__imgCapa--banner\"\n\t\t\t\t\tsrc=\"\"\n\t\t\t\t\tdata-promo-id=\"89005\"\t\t\t\t\t\t\t\t\t\t\t\t\t\t\talt=\"\"\n\t\t\t\t>\n\t\t\t<\/picture>\n\t\t<\/a>\n\t<\/p>\n\n\n\n\n\n<p>E para entender qual \u00e9 a perspectiva do mercado com a <strong>presid\u00eancia de Prates na Petrobras<\/strong>, o Suno Not\u00edcias reuniu as an\u00e1lises das principais casas de investimentos. <\/p>\n\n\n\n<p>A seguir, confira qual \u00e9 a percep\u00e7\u00e3o do mercado com a <strong>nova gest\u00e3o da Petrobras<\/strong>, segundo o BB Investimentos, <a class=\"suno-keyword\" data-force=\"yes\" data-priority=\"2\" href=\"https:\/\/www.suno.com.br\/acoes\/BPAC11\/\" target=\"_blank\" rel=\"noopener\">BTG Pactual (BPAC11)<\/a>, Goldman Sachs (<a class=\"suno-keyword\" data-force=\"yes\" data-priority=\"2\" href=\"https:\/\/www.suno.com.br\/bdrs\/gsgi34\/\" target=\"_blank\" rel=\"noopener\">GSGI34<\/a>) e Citi.<\/p>\n\n\n\n\t<div data-element=\"shortcode-read-more\" class=\"readToo\">\n\t\t\t\t<span class=\"readToo__title\">Leia mais<\/span>\n\t\t\t\t<ul class=\"readToo__list\">\n\t\t\t<li><a href=\"https:\/\/www.suno.com.br\/noticias\/destaques-27-01-2023-petr4-enbr3-embr3\/\">Petrobras (PETR4), EDP (ENBR3) e Embraer (EMBR3) agitam o mercado financeiro<\/a><\/li><li><a href=\"https:\/\/www.suno.com.br\/noticias\/petrobras-petr4-acoes-caem-prates-presidente\/\">Ap\u00f3s confirma\u00e7\u00e3o de Prates, a\u00e7\u00f5es da Petrobras (PETR4) desabam e puxam queda no Ibovespa<\/a><\/li><li><a href=\"https:\/\/www.suno.com.br\/noticias\/petrobras-petr4-aprova-prates-presidencia\/\">Petrobras (PETR4): conselho aprova indica\u00e7\u00e3o de Jean Paul Prates \u00e0 presid\u00eancia da estatal<\/a><\/li>\t\t<\/ul>\n\t<\/div>\n\n\n\n\n<h2 class=\"wp-block-heading\" id=\"h-bb-investimentos-experiencia-de-prates-e-vista-como-positiva\">BB Investimentos: experi\u00eancia de Prates \u00e9 vista como positiva<\/h2>\n\n\n\n<p>Em relat\u00f3rio publicado na noite desta quinta, o BB destaca a atua\u00e7\u00e3o de Prates na \u00e1rea de regula\u00e7\u00e3o em setores de petr\u00f3leo, energia renov\u00e1vel, biocombust\u00edveis e infraestrutura. Al\u00e9m disso, cita que o <strong>novo presidente da Petrobras<\/strong> foi consultor do Minist\u00e9rio de Minas e Energia (MME) e secret\u00e1rio de Energia e Assuntos Internacionais do Rio Grande do Norte. <\/p>\n\n\n\n<blockquote class=\"wp-block-quote is-layout-flow wp-block-quote-is-layout-flow\">\n<p>Avaliamos a confirma\u00e7\u00e3o do nome como positiva, dado o v\u00ednculo de longo prazo e experi\u00eancia acumulada no setor.<\/p>\n<\/blockquote>\n\n\n\n<p>Os analistas do BB Investimentos destacam que s\u00e3o esperadas mudan\u00e7as na pol\u00edtica de pre\u00e7os, na venda de ativos e nas regras para distribui\u00e7\u00e3o de <a class=\"suno-keyword\" target=\"_blank\" data-force=\"no\" data-priority=\"1\" href=\"https:\/\/www.suno.com.br\/guias\/dividendos\/\" rel=\"noopener\">dividendos<\/a> \u2014 este \u00faltimo, eles afirmam que &#8220;os investidores j\u00e1 precificam um cen\u00e1rio de redu\u00e7\u00e3o&#8221;. <\/p>\n\n\n\t<p>\n\t\t<a href=\"https:\/\/lp.suno.com.br\/planilha-controle-gastos\/\" target=\"_blank\" data-element=\"shortcode-suno-banner\" title=\"Banner SUNO, clique e saiba mais\">\n\t\t\t<picture>\n\t\t\t\t<source media=\"(max-width: 500px)\" srcset=\"https:\/\/files.sunoresearch.com.br\/n\/uploads\/2023\/03\/400x300-Planilha-controle-de-gastos.png\">\n\t\t\t\t<img class=\"newsContent__article__imgCapa newsContent__article__imgCapa--banner\"\n\t\t\t\t\tsrc=\"https:\/\/files.sunoresearch.com.br\/n\/uploads\/2023\/03\/1420x240-Planilha-controle-de-gastos.png\"\n\t\t\t\t\tdata-promo-id=\"101751\"\t\t\t\t\t\t\t\t\t\twidth='1420' height='240'\t\t\t\t\talt=\"https:\/\/files.sunoresearch.com.br\/n\/uploads\/2023\/03\/1420x240-Planilha-controle-de-gastos.png\"\n\t\t\t\t>\n\t\t\t<\/picture>\n\t\t<\/a>\n\t<\/p>\n\n\n\n\n\n<p>&#8220;Entendemos que as propostas da <strong>nova administra\u00e7\u00e3o da Petrobras<\/strong> devem trazer mudan\u00e7as significativas para a estrat\u00e9gia de <a class=\"suno-keyword\" target=\"_blank\" data-force=\"no\" data-priority=\"1\" href=\"https:\/\/www.suno.com.br\/artigos\/longo-prazo\/\" rel=\"noopener\">longo prazo<\/a>, com aumento dos investimentos em diversifica\u00e7\u00e3o energ\u00e9tica, movimento que outras grandes companhias do setor j\u00e1 v\u00eam adotando ao longo dos \u00faltimos anos&#8221;, afirmam Daniel Cobucci e Wesley Bernab\u00e9, que assinam o documento.<\/p>\n\n\n\n<p>Diante disso, o BB Investimentos manteve a recomenda\u00e7\u00e3o de compra das <strong>a\u00e7\u00f5es da Petrobras<\/strong> com pre\u00e7o-alvo de R$ 43.<\/p>\n\n\n\n<h2 class=\"wp-block-heading\">BTG: nova gest\u00e3o poder n\u00e3o ter &#8220;freios e contrapesos&#8221; esperados<\/h2>\n\n\n\n<p>Em relat\u00f3rio publicado na manh\u00e3 de hoje (27), os analistas do BTG Pactual frisaram que, embora o mercado j\u00e1 soubesse que Prates n\u00e3o seria rejeitado pelo <strong>conselho de administra\u00e7\u00e3o da Petrobras,<\/strong> o fato de ele ter sido aprovado em unanimidade trouxe preocupa\u00e7\u00f5es \u2014 o que refletiu na queda de quase 3% das a\u00e7\u00f5es.<\/p>\n\n\n\n<blockquote class=\"wp-block-quote is-layout-flow wp-block-quote-is-layout-flow\">\n<p>Reduziu a confian\u00e7a do investidor de que a atual diretoria executiva fornecer\u00e1 os freios e contrapesos que os investidores esperavam. <\/p>\n<\/blockquote>\n\n\n\n<p>A an\u00e1lise da casa acredita que esse cen\u00e1rio abre espa\u00e7o para mais ru\u00eddos sobre pol\u00edtica de pre\u00e7os, pol\u00edtica de distribui\u00e7\u00e3o de <a class=\"suno-keyword\" data-force=\"no\" data-priority=\"1\" href=\"https:\/\/www.suno.com.br\/guias\/dividendos\/\" target=\"_blank\" rel=\"noopener\">dividendos<\/a> e plano de capex nas pr\u00f3ximas semanas. <\/p>\n\n\n\n<p>De acordo com Bruno Tomazetto, Bruno Lima e Thiago Duarte, especialistas que assinam a an\u00e1lise, os riscos que a Petrobras est\u00e1 exposta em suas atividades incluem:<\/p>\n\n\n\n<ul class=\"wp-block-list\">\n<li>risco explorat\u00f3rio em seu portf\u00f3lio de explora\u00e7\u00e3o de petr\u00f3leo; <\/li>\n\n\n\n<li>risco de execu\u00e7\u00e3o em novos ativos de produ\u00e7\u00e3o e downstream; <\/li>\n\n\n\n<li>riscos de pre\u00e7os de commodities em seus neg\u00f3cios di\u00e1rios de marketing e negocia\u00e7\u00e3o; <\/li>\n\n\n\n<li>riscos administrativos devido \u00e0 potencial mudan\u00e7a de gest\u00e3o que a empresa enfrenta a cada quatro anos, em linha com as elei\u00e7\u00f5es presidenciais do Brasil. <\/li>\n<\/ul>\n\n\n\n<p>Segundo os analistas, entre os riscos mais relevantes para as proje\u00e7\u00f5es est\u00e3o a <strong>capacidade da Petrobras<\/strong> de aumentar sua produ\u00e7\u00e3o de petr\u00f3leo e g\u00e1s, manter a independ\u00eancia pol\u00edtica para decidir os pre\u00e7os dom\u00e9sticos dos combust\u00edveis e a taxa de c\u00e2mbio brasileira.<\/p>\n\n\n\n<p>&#8220;E como acreditamos que a a\u00e7\u00e3o n\u00e3o est\u00e1 barata em muitos cen\u00e1rios prov\u00e1veis, continuamos cautelosos&#8221;, afirmam. O BTG manteve a recomenda\u00e7\u00e3o de <a class=\"suno-keyword\" target=\"_blank\" data-force=\"no\" data-priority=\"1\" href=\"https:\/\/www.suno.com.br\/artigos\/compra-de-acoes\/\" rel=\"noopener\">compra de a\u00e7\u00f5es<\/a> da Petrobras neutra, com pre\u00e7o-alvo de R$ 35,70.<\/p>\n\n\n\n<h2 class=\"wp-block-heading\">Goldman Sachs: mudan\u00e7a gradual na estrat\u00e9gia<\/h2>\n\n\n\n<p>Enquanto isso, a Goldman Sachs refor\u00e7a que a <strong>confirma\u00e7\u00e3o de Prates na Petrobras<\/strong> j\u00e1 era esperada e que o movimento n\u00e3o surpreendeu o mercado. A casa ainda destaca que, baseado no que a imprensa tem repercutido, a inten\u00e7\u00e3o do novo presidente \u00e9 mudar gradualmente a&nbsp;<strong>estrat\u00e9gia da Petrobras<\/strong>. <\/p>\n\n\n\n<p>\u201cTranquilizando o mercado de que n\u00e3o h\u00e1 nada dr\u00e1stico na agenda \u2014 principalmente no que diz respeito \u00e0 pol\u00edtica de pre\u00e7os de combust\u00edvel da empresa\u201d, escrevem Bruno Amorim, Jo\u00e3o Frizo e Guilherme Costa Martins.<\/p>\n\n\n\t<p>\n\t\t<a href=\"https:\/\/lp.suno.com.br\/planilha-da-vida-financeira\/\" target=\"_blank\" data-element=\"shortcode-suno-banner\" title=\"Banner SUNO, clique e saiba mais\">\n\t\t\t<picture>\n\t\t\t\t<source media=\"(max-width: 500px)\" srcset=\"https:\/\/files.sunoresearch.com.br\/n\/uploads\/2023\/04\/400x300-Planilha-vida-financeira-true.png\">\n\t\t\t\t<img class=\"newsContent__article__imgCapa newsContent__article__imgCapa--banner\"\n\t\t\t\t\tsrc=\"https:\/\/files.sunoresearch.com.br\/n\/uploads\/2023\/04\/1420x240-Planilha-vida-financeira-true.png\"\n\t\t\t\t\tdata-promo-id=\"106682\"\t\t\t\t\t\t\t\t\t\twidth='1420' height='240'\t\t\t\t\talt=\"https:\/\/files.sunoresearch.com.br\/n\/uploads\/2023\/04\/1420x240-Planilha-vida-financeira-true.png\"\n\t\t\t\t>\n\t\t\t<\/picture>\n\t\t<\/a>\n\t<\/p>\n\n\n\n\n\n<p>Embora as a\u00e7\u00f5es tenham recuado ap\u00f3s a confirma\u00e7\u00e3o de Prates como novo presidente da Petrobras, a Goldman mant\u00e9m a classifica\u00e7\u00e3o neutra para a petroleira. A casa manteve o pre\u00e7o-alvo de R$ 29,50 para as&nbsp;<a href=\"https:\/\/www.suno.com.br\/artigos\/o-que-sao-acoes-ordinarias-preferenciais-e-units\/\" target=\"_blank\" rel=\"noreferrer noopener\">a\u00e7\u00f5es ordin\u00e1rias<\/a>&nbsp;(PETR3) e R$ 26,90 para as preferenciais (PETR4).<\/p>\n\n\n\n<blockquote class=\"wp-block-quote is-layout-flow wp-block-quote-is-layout-flow\">\n<p>Apesar da avalia\u00e7\u00e3o atraente, reconhecemos o aumento da incerteza sobre as pol\u00edticas a serem adotadas nos pr\u00f3ximos anos.<\/p>\n<\/blockquote>\n\n\n\n<h2 class=\"wp-block-heading\">Citi: riscos para a tese de investimentos<\/h2>\n\n\n\n<p>Por fim, os analistas do Citi afirmam que veem riscos na tese de <strong>investimentos da Petrobras<\/strong>, sobretudo por causa das mudan\u00e7as previstas na estrat\u00e9gia da empresa. <\/p>\n\n\n\t<p>\n\t\t<a href=\"https:\/\/lp.suno.com.br\/ebook-como-analisar-uma-acao\/\" target=\"_blank\" data-element=\"shortcode-suno-banner\" title=\"Banner SUNO, clique e saiba mais\">\n\t\t\t<picture>\n\t\t\t\t<source media=\"(max-width: 500px)\" srcset=\"https:\/\/files.sunoresearch.com.br\/n\/uploads\/2023\/03\/Ebook-Acoes-Mobile-1.jpg\">\n\t\t\t\t<img class=\"newsContent__article__imgCapa newsContent__article__imgCapa--banner\"\n\t\t\t\t\tsrc=\"https:\/\/files.sunoresearch.com.br\/n\/uploads\/2023\/03\/Ebook-Acoes-Desktop-1.jpg\"\n\t\t\t\t\tdata-promo-id=\"171998\"\t\t\t\t\t\t\t\t\t\twidth='1420' height='286'\t\t\t\t\talt=\"https:\/\/files.sunoresearch.com.br\/n\/uploads\/2023\/03\/Ebook-Acoes-Desktop-1.jpg\"\n\t\t\t\t>\n\t\t\t<\/picture>\n\t\t<\/a>\n\t<\/p>\n\n\n\n\n\n<p>Segundo os analistas Gabriel Barra, Andr\u00e9s Cardona e Joaquim Alves Atie, uma das \u00e1reas de discuss\u00e3o mais importantes \u00e9 a futura pol\u00edtica de <strong>dividendos da Petrobras<\/strong>, que pode convergir para o m\u00ednimo de 25%. <\/p>\n\n\n\n<blockquote class=\"wp-block-quote is-layout-flow wp-block-quote-is-layout-flow\">\n<p>Neste cen\u00e1rio, vemos as a\u00e7\u00f5es sendo negociadas a um rendimento de dividendos de aproximadamente 9%, implicando potenciais riscos negativos para o pre\u00e7o da a\u00e7\u00e3o.<\/p>\n<\/blockquote>\n\n\n\n<p>Diante da confirma\u00e7\u00e3o de Prates na presid\u00eancia da Petrobras, o Citi mant\u00e9m a recomenda\u00e7\u00e3o de compra e o pre\u00e7o-alvo de US$ 19 por recibo de a\u00e7\u00e3o (ADR).<\/p>\n\n\n\n<h2 class=\"wp-block-heading\">Cota\u00e7\u00e3o da Petrobras<\/h2>\n\n\n\n<p>Nesta sexta-feira, os ativos preferenciais (PETR4) e ordin\u00e1rios (PETR3) da <strong>Petrobras<\/strong> operam em queda de  2,33% e 2,40%, cotados a R$ 25,59 e R$ 28,86, respectivamente. Apesar disso, no acumulado dos \u00faltimos 12 meses, os pap\u00e9is da petroleira tiveram uma valoriza\u00e7\u00e3o de 33,68%. <\/p>\n\n\n\t<p>\n\t\t<a href=\"https:\/\/lp.suno.com.br\/planilha-de-controle-de-investimentos\/\" target=\"_blank\" data-element=\"shortcode-suno-banner\" title=\"Banner SUNO, clique e saiba mais\">\n\t\t\t<picture>\n\t\t\t\t<source media=\"(max-width: 500px)\" srcset=\"https:\/\/files.sunoresearch.com.br\/n\/uploads\/2023\/03\/400x300-Controle-de-Investimentos.png\">\n\t\t\t\t<img class=\"newsContent__article__imgCapa newsContent__article__imgCapa--banner\"\n\t\t\t\t\tsrc=\"https:\/\/files.sunoresearch.com.br\/n\/uploads\/2023\/03\/1420x240-Controle-de-Investimentos.png\"\n\t\t\t\t\tdata-promo-id=\"75934\"\t\t\t\t\t\t\t\t\t\twidth='1420' height='240'\t\t\t\t\talt=\"https:\/\/files.sunoresearch.com.br\/n\/uploads\/2023\/03\/1420x240-Controle-de-Investimentos.png\"\n\t\t\t\t>\n\t\t\t<\/picture>\n\t\t<\/a>\n\t<\/p>\n\n\n\n\n\t\t<div class=\"web-stories-list alignnone has-archive-link is-view-type-carousel is-style-default is-carousel\" data-id=\"1\">\n\t\t\t<div\n\t\t\tclass=\"web-stories-list__inner-wrapper carousel-1\"\n\t\t\tstyle=\"--ws-story-max-width:185px\"\n\t\t\t>\n\t\t\t\t\t\t<div class=\"web-stories-list__archive-link\">\n\t\t\t<a href=\"https:\/\/www.suno.com.br\/noticias\/web-stories\/\">\n\t\t\t\tConfira os destaques do dia!\t\t\t<\/a>\n\t\t<\/div>\n\t\t\t\t\t\t\t<div\n\t\t\t\t\tclass=\"web-stories-list__carousel carousel\"\n\t\t\t\t\tdata-id=\"carousel-1\"\n\t\t\t\t\tdata-prev=\"Voltar\"\n\t\t\t\t\tdata-next=\"Avan\u00e7ar\"\n\t\t\t\t\t>\n\t\t\t\t\t\t\t\t\t<div\n\t\t\t\tclass=\"web-stories-list__story\"\n\t\t\t\tdata-wp-interactive=\"web-stories-block\"\n\t\t\t\tdata-wp-context='{\"instanceId\":1}'\t\t\t\tdata-wp-on--click=\"actions.open\"\n\t\t\t\tdata-wp-on-window--popstate=\"actions.onPopstate\"\n\t\t\t\t>\n\t\t\t\t\t\t\t<div class=\"web-stories-list__story-poster\">\n\t\t\t\t<a href=\"https:\/\/www.suno.com.br\/noticias\/web-stories\/por-que-as-acoes-da-nvidia-estao-despencando\/\" >\n\t\t\t\t\t<img\n\t\t\t\t\t\tsrc=\"https:\/\/files.sunoresearch.com.br\/n\/uploads\/2025\/11\/cropped-pexels-stasknop-19356873-scaled-1.webp\"\n\t\t\t\t\t\talt=\"Por que as a\u00e7\u00f5es da Nvidia est\u00e3o despencando?\"\n\t\t\t\t\t\twidth=\"185\"\n\t\t\t\t\t\theight=\"308\"\n\t\t\t\t\t\t\t\t\t\t\t\t\tsrcset=\"https:\/\/files.sunoresearch.com.br\/n\/uploads\/2025\/11\/cropped-pexels-stasknop-19356873-scaled-1.webp 640w, https:\/\/files.sunoresearch.com.br\/n\/uploads\/2025\/11\/cropped-pexels-stasknop-19356873-scaled-1-225x300.webp 225w, https:\/\/files.sunoresearch.com.br\/n\/uploads\/2025\/11\/cropped-pexels-stasknop-19356873-scaled-1-150x200.webp 150w\"\n\t\t\t\t\t\t\t\t\t\t\t\t\t\t\t\t\t\t\tsizes=\"(max-width: 640px) 100vw, 640px\"\n\t\t\t\t\t\t\t\t\t\t\t\tloading=\"lazy\"\n\t\t\t\t\t\tdecoding=\"async\"\n\t\t\t\t\t>\n\t\t\t\t<\/a>\n\t\t\t<\/div>\n\t\t\t\t\t<div class=\"web-stories-list__story-content-overlay\">\n\t\t\t\t\t\t\t<div class=\"story-content-overlay__title\">\n\t\t\t\t\tPor que as a\u00e7\u00f5es da Nvidia est\u00e3o despencando?\t\t\t\t<\/div>\n\t\t\t\n\t\t\t\n\t\t\t\n\t\t\t\t\t<\/div>\n\t\t\t\t\t<\/div>\n\t\t\t\t\t\t<div\n\t\t\t\tclass=\"web-stories-list__story\"\n\t\t\t\tdata-wp-interactive=\"web-stories-block\"\n\t\t\t\tdata-wp-context='{\"instanceId\":1}'\t\t\t\tdata-wp-on--click=\"actions.open\"\n\t\t\t\tdata-wp-on-window--popstate=\"actions.onPopstate\"\n\t\t\t\t>\n\t\t\t\t\t\t\t<div class=\"web-stories-list__story-poster\">\n\t\t\t\t<a href=\"https:\/\/www.suno.com.br\/noticias\/web-stories\/quanto-falta-para-elon-musk-se-tornar-trilionario\/\" >\n\t\t\t\t\t<img\n\t\t\t\t\t\tsrc=\"https:\/\/files.sunoresearch.com.br\/n\/uploads\/2026\/01\/cropped-Elon-Musk-jpg.webp\"\n\t\t\t\t\t\talt=\"Quanto falta para Elon Musk se tornar trilion\u00e1rio?\"\n\t\t\t\t\t\twidth=\"185\"\n\t\t\t\t\t\theight=\"308\"\n\t\t\t\t\t\t\t\t\t\t\t\t\tsrcset=\"https:\/\/files.sunoresearch.com.br\/n\/uploads\/2026\/01\/cropped-Elon-Musk-jpg.webp 640w, https:\/\/files.sunoresearch.com.br\/n\/uploads\/2026\/01\/cropped-Elon-Musk-jpg-225x300.webp 225w, https:\/\/files.sunoresearch.com.br\/n\/uploads\/2026\/01\/cropped-Elon-Musk-jpg-150x200.webp 150w\"\n\t\t\t\t\t\t\t\t\t\t\t\t\t\t\t\t\t\t\tsizes=\"(max-width: 640px) 100vw, 640px\"\n\t\t\t\t\t\t\t\t\t\t\t\tloading=\"lazy\"\n\t\t\t\t\t\tdecoding=\"async\"\n\t\t\t\t\t>\n\t\t\t\t<\/a>\n\t\t\t<\/div>\n\t\t\t\t\t<div class=\"web-stories-list__story-content-overlay\">\n\t\t\t\t\t\t\t<div class=\"story-content-overlay__title\">\n\t\t\t\t\tQuanto falta para Elon Musk se tornar trilion\u00e1rio?\t\t\t\t<\/div>\n\t\t\t\n\t\t\t\n\t\t\t\n\t\t\t\t\t<\/div>\n\t\t\t\t\t<\/div>\n\t\t\t\t\t\t<div\n\t\t\t\tclass=\"web-stories-list__story\"\n\t\t\t\tdata-wp-interactive=\"web-stories-block\"\n\t\t\t\tdata-wp-context='{\"instanceId\":1}'\t\t\t\tdata-wp-on--click=\"actions.open\"\n\t\t\t\tdata-wp-on-window--popstate=\"actions.onPopstate\"\n\t\t\t\t>\n\t\t\t\t\t\t\t<div class=\"web-stories-list__story-poster\">\n\t\t\t\t<a href=\"https:\/\/www.suno.com.br\/noticias\/web-stories\/ate-onde-vai-a-alta-do-ibovespa\/\" >\n\t\t\t\t\t<img\n\t\t\t\t\t\tsrc=\"https:\/\/files.sunoresearch.com.br\/n\/uploads\/2025\/11\/cropped-iStock-1215609239-jpg.webp\"\n\t\t\t\t\t\talt=\"At\u00e9 onde vai a alta do Ibovespa?\"\n\t\t\t\t\t\twidth=\"185\"\n\t\t\t\t\t\theight=\"308\"\n\t\t\t\t\t\t\t\t\t\t\t\t\tsrcset=\"https:\/\/files.sunoresearch.com.br\/n\/uploads\/2025\/11\/cropped-iStock-1215609239-jpg.webp 640w, https:\/\/files.sunoresearch.com.br\/n\/uploads\/2025\/11\/cropped-iStock-1215609239-jpg-225x300.webp 225w, https:\/\/files.sunoresearch.com.br\/n\/uploads\/2025\/11\/cropped-iStock-1215609239-jpg-150x200.webp 150w\"\n\t\t\t\t\t\t\t\t\t\t\t\t\t\t\t\t\t\t\tsizes=\"(max-width: 640px) 100vw, 640px\"\n\t\t\t\t\t\t\t\t\t\t\t\tloading=\"lazy\"\n\t\t\t\t\t\tdecoding=\"async\"\n\t\t\t\t\t>\n\t\t\t\t<\/a>\n\t\t\t<\/div>\n\t\t\t\t\t<div class=\"web-stories-list__story-content-overlay\">\n\t\t\t\t\t\t\t<div class=\"story-content-overlay__title\">\n\t\t\t\t\tAt\u00e9 onde vai a alta do Ibovespa?\t\t\t\t<\/div>\n\t\t\t\n\t\t\t\n\t\t\t\n\t\t\t\t\t<\/div>\n\t\t\t\t\t<\/div>\n\t\t\t\t\t\t<div\n\t\t\t\tclass=\"web-stories-list__story\"\n\t\t\t\tdata-wp-interactive=\"web-stories-block\"\n\t\t\t\tdata-wp-context='{\"instanceId\":1}'\t\t\t\tdata-wp-on--click=\"actions.open\"\n\t\t\t\tdata-wp-on-window--popstate=\"actions.onPopstate\"\n\t\t\t\t>\n\t\t\t\t\t\t\t<div class=\"web-stories-list__story-poster\">\n\t\t\t\t<a href=\"https:\/\/www.suno.com.br\/noticias\/web-stories\/banco-brasileiro-itau-lista-marcas-mais-valiosas-mundo\/\" >\n\t\t\t\t\t<img\n\t\t\t\t\t\tsrc=\"https:\/\/files.sunoresearch.com.br\/n\/uploads\/2024\/01\/cropped-predio-itau.webp\"\n\t\t\t\t\t\talt=\"Banco brasileiro est\u00e1 entre as 500 marcas mais valiosas do mundo\"\n\t\t\t\t\t\twidth=\"185\"\n\t\t\t\t\t\theight=\"308\"\n\t\t\t\t\t\t\t\t\t\t\t\t\tsrcset=\"https:\/\/files.sunoresearch.com.br\/n\/uploads\/2024\/01\/cropped-predio-itau.webp 640w, https:\/\/files.sunoresearch.com.br\/n\/uploads\/2024\/01\/cropped-predio-itau-225x300.webp 225w, https:\/\/files.sunoresearch.com.br\/n\/uploads\/2024\/01\/cropped-predio-itau-150x200.webp 150w\"\n\t\t\t\t\t\t\t\t\t\t\t\t\t\t\t\t\t\t\tsizes=\"(max-width: 640px) 100vw, 640px\"\n\t\t\t\t\t\t\t\t\t\t\t\tloading=\"lazy\"\n\t\t\t\t\t\tdecoding=\"async\"\n\t\t\t\t\t>\n\t\t\t\t<\/a>\n\t\t\t<\/div>\n\t\t\t\t\t<div class=\"web-stories-list__story-content-overlay\">\n\t\t\t\t\t\t\t<div class=\"story-content-overlay__title\">\n\t\t\t\t\tBanco brasileiro est\u00e1 entre as 500 marcas mais valiosas do mundo\t\t\t\t<\/div>\n\t\t\t\n\t\t\t\n\t\t\t\n\t\t\t\t\t<\/div>\n\t\t\t\t\t<\/div>\n\t\t\t\t\t\t<div\n\t\t\t\tclass=\"web-stories-list__story\"\n\t\t\t\tdata-wp-interactive=\"web-stories-block\"\n\t\t\t\tdata-wp-context='{\"instanceId\":1}'\t\t\t\tdata-wp-on--click=\"actions.open\"\n\t\t\t\tdata-wp-on-window--popstate=\"actions.onPopstate\"\n\t\t\t\t>\n\t\t\t\t\t\t\t<div class=\"web-stories-list__story-poster\">\n\t\t\t\t<a href=\"https:\/\/www.suno.com.br\/noticias\/web-stories\/flamengo-lista-times-mais-ricos-do-mundo-hoje\/\" >\n\t\t\t\t\t<img\n\t\t\t\t\t\tsrc=\"https:\/\/files.sunoresearch.com.br\/n\/uploads\/2026\/01\/cropped-brazil-6755874_1280-jpg.webp\"\n\t\t\t\t\t\talt=\"Flamengo na lista! Veja os times mais ricos do mundo hoje\"\n\t\t\t\t\t\twidth=\"185\"\n\t\t\t\t\t\theight=\"308\"\n\t\t\t\t\t\t\t\t\t\t\t\t\tsrcset=\"https:\/\/files.sunoresearch.com.br\/n\/uploads\/2026\/01\/cropped-brazil-6755874_1280-jpg.webp 640w, https:\/\/files.sunoresearch.com.br\/n\/uploads\/2026\/01\/cropped-brazil-6755874_1280-jpg-225x300.webp 225w, https:\/\/files.sunoresearch.com.br\/n\/uploads\/2026\/01\/cropped-brazil-6755874_1280-jpg-150x200.webp 150w\"\n\t\t\t\t\t\t\t\t\t\t\t\t\t\t\t\t\t\t\tsizes=\"(max-width: 640px) 100vw, 640px\"\n\t\t\t\t\t\t\t\t\t\t\t\tloading=\"lazy\"\n\t\t\t\t\t\tdecoding=\"async\"\n\t\t\t\t\t>\n\t\t\t\t<\/a>\n\t\t\t<\/div>\n\t\t\t\t\t<div class=\"web-stories-list__story-content-overlay\">\n\t\t\t\t\t\t\t<div class=\"story-content-overlay__title\">\n\t\t\t\t\tFlamengo na lista! Veja os times mais ricos do mundo hoje\t\t\t\t<\/div>\n\t\t\t\n\t\t\t\n\t\t\t\n\t\t\t\t\t<\/div>\n\t\t\t\t\t<\/div>\n\t\t\t\t\t\t\t\t<\/div>\n\t\t\t\t\t<div tabindex=\"0\" aria-label=\"Voltar\" class=\"glider-prev\"><\/div>\n\t\t\t\t\t<div tabindex=\"0\" aria-label=\"Avan\u00e7ar\" class=\"glider-next\"><\/div>\n\t\t\t\t\t\t\t\t<\/div>\n\t\t<\/div>\n\t\t","protected":false},"excerpt":{"rendered":"<p>A Petrobras (PETR4) aprovou ontem (26) a indica\u00e7\u00e3o de Jean Paul Prates \u00e0 presid\u00eancia da estatal e, ainda que a not\u00edcia n]ao tenha sido surpresa para o mercado, as a\u00e7\u00f5es da estatal recuaram \u2014 na dire\u00e7\u00e3o oposta ao petr\u00f3leo Brent, que subiu \u2014 e derrubaram o Ibovespa. Os investidores temem como ser\u00e1 a nova gest\u00e3o [&hellip;]<\/p>\n","protected":false},"author":233,"featured_media":328270,"comment_status":"closed","ping_status":"closed","sticky":false,"template":"","format":"standard","meta":[],"categories":[64],"tags":[286,104988,399,105816,775,595],"suno_strategy":[],"class_list":["post-353667","post","type-post","status-publish","format-standard","has-post-thumbnail","hentry","category-negocios","tag-acoes","tag-bb-investimentos","tag-btg-pactual-bpac11-bpac3-bpac5","tag-especialistas","tag-goldman-sachs-gsgi34","tag-petrobras-petr4"],"yoast_head":"<!-- This site is optimized with the Yoast SEO plugin v24.4 - https:\/\/yoast.com\/wordpress\/plugins\/seo\/ -->\n<title>Prates na Petrobras (PETR4): o que analistas esperam da nova gest\u00e3o<\/title>\n<meta name=\"description\" content=\"Para entender a perspectiva do mercado com a gest\u00e3o de Prates na Petrobras, o reunimos as an\u00e1lises das principais casas de investimentos.\" \/>\n<meta name=\"robots\" content=\"index, follow, max-snippet:-1, max-image-preview:large, max-video-preview:-1\" \/>\n<link rel=\"canonical\" href=\"https:\/\/www.suno.com.br\/noticias\/prates-petrobras-petr4-avaliacao-analistas\/\" \/>\n<meta property=\"og:locale\" content=\"pt_BR\" \/>\n<meta property=\"og:type\" content=\"article\" \/>\n<meta property=\"og:title\" content=\"Prates na Petrobras (PETR4): o que analistas esperam da nova gest\u00e3o\" \/>\n<meta property=\"og:description\" content=\"Para entender a perspectiva do mercado com a gest\u00e3o de Prates na Petrobras, o reunimos as an\u00e1lises das principais casas de investimentos.\" \/>\n<meta property=\"og:url\" content=\"https:\/\/www.suno.com.br\/noticias\/prates-petrobras-petr4-avaliacao-analistas\/\" \/>\n<meta property=\"og:site_name\" content=\"Suno Not\u00edcias\" \/>\n<meta property=\"article:publisher\" content=\"https:\/\/facebook.com\/sunoresearch\" \/>\n<meta property=\"og:image\" content=\"https:\/\/files.sunoresearch.com.br\/n\/uploads\/2022\/12\/petrobras-petr4-acoes.jpg\" \/>\n\t<meta property=\"og:image:width\" content=\"1200\" \/>\n\t<meta property=\"og:image:height\" content=\"800\" \/>\n\t<meta property=\"og:image:type\" content=\"image\/jpeg\" \/>\n<meta name=\"author\" content=\"Janize Cola\u00e7o\" \/>\n<meta name=\"twitter:card\" content=\"summary_large_image\" \/>\n<meta name=\"twitter:creator\" content=\"@sunoresearch\" \/>\n<meta name=\"twitter:site\" content=\"@sunoresearch\" \/>\n<meta name=\"twitter:label1\" content=\"Escrito por\" \/>\n\t<meta name=\"twitter:data1\" content=\"Janize Cola\u00e7o\" \/>\n\t<meta name=\"twitter:label2\" content=\"Est. tempo de leitura\" \/>\n\t<meta name=\"twitter:data2\" content=\"5 minutos\" \/>\n<script type=\"application\/ld+json\" class=\"yoast-schema-graph\">{\"@context\":\"https:\/\/schema.org\",\"@graph\":[{\"@type\":\"NewsArticle\",\"@id\":\"https:\/\/www.suno.com.br\/noticias\/prates-petrobras-petr4-avaliacao-analistas\/#article\",\"isPartOf\":{\"@id\":\"https:\/\/www.suno.com.br\/noticias\/prates-petrobras-petr4-avaliacao-analistas\/\"},\"author\":{\"name\":\"Janize Cola\u00e7o\",\"@id\":\"https:\/\/www.suno.com.br\/noticias\/#\/schema\/person\/d689f06da5678e1f0b1ee402f001d676\"},\"headline\":\"Prates na Petrobras (PETR4): o que analistas esperam da gest\u00e3o do novo CEO\",\"datePublished\":\"2023-01-27T17:52:18+00:00\",\"dateModified\":\"2023-01-28T01:03:11+00:00\",\"mainEntityOfPage\":{\"@id\":\"https:\/\/www.suno.com.br\/noticias\/prates-petrobras-petr4-avaliacao-analistas\/\"},\"wordCount\":1024,\"publisher\":{\"@id\":\"https:\/\/www.suno.com.br\/noticias\/#organization\"},\"image\":{\"@id\":\"https:\/\/www.suno.com.br\/noticias\/prates-petrobras-petr4-avaliacao-analistas\/#primaryimage\"},\"thumbnailUrl\":\"https:\/\/files.sunoresearch.com.br\/n\/uploads\/2022\/12\/petrobras-petr4-acoes.jpg\",\"keywords\":[\"A\u00e7\u00f5es\",\"BB Investimentos\",\"BTG Pactual (BPAC11\/BPAC3\/BPAC5)\",\"Especialistas\",\"Goldman Sachs (GSGI34)\",\"Petrobras (PETR4)\"],\"articleSection\":[\"Neg\u00f3cios\"],\"inLanguage\":\"pt-BR\"},{\"@type\":\"WebPage\",\"@id\":\"https:\/\/www.suno.com.br\/noticias\/prates-petrobras-petr4-avaliacao-analistas\/\",\"url\":\"https:\/\/www.suno.com.br\/noticias\/prates-petrobras-petr4-avaliacao-analistas\/\",\"name\":\"Prates na Petrobras (PETR4): o que analistas esperam da nova gest\u00e3o\",\"isPartOf\":{\"@id\":\"https:\/\/www.suno.com.br\/noticias\/#website\"},\"primaryImageOfPage\":{\"@id\":\"https:\/\/www.suno.com.br\/noticias\/prates-petrobras-petr4-avaliacao-analistas\/#primaryimage\"},\"image\":{\"@id\":\"https:\/\/www.suno.com.br\/noticias\/prates-petrobras-petr4-avaliacao-analistas\/#primaryimage\"},\"thumbnailUrl\":\"https:\/\/files.sunoresearch.com.br\/n\/uploads\/2022\/12\/petrobras-petr4-acoes.jpg\",\"datePublished\":\"2023-01-27T17:52:18+00:00\",\"dateModified\":\"2023-01-28T01:03:11+00:00\",\"description\":\"Para entender a perspectiva do mercado com a gest\u00e3o de Prates na Petrobras, o reunimos as an\u00e1lises das principais casas de investimentos.\",\"breadcrumb\":{\"@id\":\"https:\/\/www.suno.com.br\/noticias\/prates-petrobras-petr4-avaliacao-analistas\/#breadcrumb\"},\"inLanguage\":\"pt-BR\",\"potentialAction\":[{\"@type\":\"ReadAction\",\"target\":[\"https:\/\/www.suno.com.br\/noticias\/prates-petrobras-petr4-avaliacao-analistas\/\"]}]},{\"@type\":\"ImageObject\",\"inLanguage\":\"pt-BR\",\"@id\":\"https:\/\/www.suno.com.br\/noticias\/prates-petrobras-petr4-avaliacao-analistas\/#primaryimage\",\"url\":\"https:\/\/files.sunoresearch.com.br\/n\/uploads\/2022\/12\/petrobras-petr4-acoes.jpg\",\"contentUrl\":\"https:\/\/files.sunoresearch.com.br\/n\/uploads\/2022\/12\/petrobras-petr4-acoes.jpg\",\"width\":1200,\"height\":800,\"caption\":\"Petrobras (PETR4). Foto: Shutterstock\"},{\"@type\":\"BreadcrumbList\",\"@id\":\"https:\/\/www.suno.com.br\/noticias\/prates-petrobras-petr4-avaliacao-analistas\/#breadcrumb\",\"itemListElement\":[{\"@type\":\"ListItem\",\"position\":1,\"name\":\"Not\u00edcias\",\"item\":\"https:\/\/www.suno.com.br\/noticias\/\"},{\"@type\":\"ListItem\",\"position\":2,\"name\":\"Neg\u00f3cios\",\"item\":\"https:\/\/www.suno.com.br\/noticias\/negocios\/\"},{\"@type\":\"ListItem\",\"position\":3,\"name\":\"Prates na Petrobras (PETR4): o que analistas esperam da gest\u00e3o do novo CEO\"}]},{\"@type\":\"WebSite\",\"@id\":\"https:\/\/www.suno.com.br\/noticias\/#website\",\"url\":\"https:\/\/www.suno.com.br\/noticias\/\",\"name\":\"Suno Not\u00edcias\",\"description\":\"Seu portal de informa\u00e7\u00e3o sobre o mundo dos investimentos\",\"publisher\":{\"@id\":\"https:\/\/www.suno.com.br\/noticias\/#organization\"},\"potentialAction\":[{\"@type\":\"SearchAction\",\"target\":{\"@type\":\"EntryPoint\",\"urlTemplate\":\"https:\/\/www.suno.com.br\/noticias\/?s={search_term_string}\"},\"query-input\":{\"@type\":\"PropertyValueSpecification\",\"valueRequired\":true,\"valueName\":\"search_term_string\"}}],\"inLanguage\":\"pt-BR\"},{\"@type\":\"Organization\",\"@id\":\"https:\/\/www.suno.com.br\/noticias\/#organization\",\"name\":\"Suno Not\u00edcias\",\"url\":\"https:\/\/www.suno.com.br\/noticias\/\",\"logo\":{\"@type\":\"ImageObject\",\"inLanguage\":\"pt-BR\",\"@id\":\"https:\/\/www.suno.com.br\/noticias\/#\/schema\/logo\/image\/\",\"url\":\"https:\/\/files.sunoresearch.com.br\/n\/uploads\/2021\/09\/suno-logo.png\",\"contentUrl\":\"https:\/\/files.sunoresearch.com.br\/n\/uploads\/2021\/09\/suno-logo.png\",\"width\":180,\"height\":180,\"caption\":\"Suno Not\u00edcias\"},\"image\":{\"@id\":\"https:\/\/www.suno.com.br\/noticias\/#\/schema\/logo\/image\/\"},\"sameAs\":[\"https:\/\/facebook.com\/sunoresearch\",\"https:\/\/x.com\/sunoresearch\",\"https:\/\/www.instagram.com\/suno\",\"https:\/\/www.linkedin.com\/company\/suno-research\/\",\"https:\/\/www.youtube.com\/c\/sunoresearch\"]},{\"@type\":\"Person\",\"@id\":\"https:\/\/www.suno.com.br\/noticias\/#\/schema\/person\/d689f06da5678e1f0b1ee402f001d676\",\"name\":\"Janize Cola\u00e7o\",\"image\":{\"@type\":\"ImageObject\",\"inLanguage\":\"pt-BR\",\"@id\":\"https:\/\/www.suno.com.br\/noticias\/#\/schema\/person\/image\/\",\"url\":\"https:\/\/secure.gravatar.com\/avatar\/32b3bf89abae63ca2cf961bc051522d0?s=96&r=g\",\"contentUrl\":\"https:\/\/secure.gravatar.com\/avatar\/32b3bf89abae63ca2cf961bc051522d0?s=96&r=g\",\"caption\":\"Janize Cola\u00e7o\"},\"description\":\"Jornalista formada pela PUC-SP com passagens pela Record TV, Globo Cond\u00e9 Nast, Revista Panrotas e Editora Via. Hoje, \u00e9 rep\u00f3rter no Suno Not\u00edcias, cobrindo pautas sobre mercado, pol\u00edtica, economia e bolsa de valores.\",\"url\":\"https:\/\/www.suno.com.br\/noticias\/author\/janize-colaco\/\"}]}<\/script>\n<!-- \/ Yoast SEO plugin. -->","yoast_head_json":{"title":"Prates na Petrobras (PETR4): o que analistas esperam da nova gest\u00e3o","description":"Para entender a perspectiva do mercado com a gest\u00e3o de Prates na Petrobras, o reunimos as an\u00e1lises das principais casas de investimentos.","robots":{"index":"index","follow":"follow","max-snippet":"max-snippet:-1","max-image-preview":"max-image-preview:large","max-video-preview":"max-video-preview:-1"},"canonical":"https:\/\/www.suno.com.br\/noticias\/prates-petrobras-petr4-avaliacao-analistas\/","og_locale":"pt_BR","og_type":"article","og_title":"Prates na Petrobras (PETR4): o que analistas esperam da nova gest\u00e3o","og_description":"Para entender a perspectiva do mercado com a gest\u00e3o de Prates na Petrobras, o reunimos as an\u00e1lises das principais casas de investimentos.","og_url":"https:\/\/www.suno.com.br\/noticias\/prates-petrobras-petr4-avaliacao-analistas\/","og_site_name":"Suno Not\u00edcias","article_publisher":"https:\/\/facebook.com\/sunoresearch","og_image":[{"width":1200,"height":800,"url":"https:\/\/files.sunoresearch.com.br\/n\/uploads\/2022\/12\/petrobras-petr4-acoes.jpg","type":"image\/jpeg"}],"author":"Janize Cola\u00e7o","twitter_card":"summary_large_image","twitter_creator":"@sunoresearch","twitter_site":"@sunoresearch","twitter_misc":{"Escrito por":"Janize Cola\u00e7o","Est. tempo de leitura":"5 minutos"},"schema":{"@context":"https:\/\/schema.org","@graph":[{"@type":"NewsArticle","@id":"https:\/\/www.suno.com.br\/noticias\/prates-petrobras-petr4-avaliacao-analistas\/#article","isPartOf":{"@id":"https:\/\/www.suno.com.br\/noticias\/prates-petrobras-petr4-avaliacao-analistas\/"},"author":{"name":"Janize Cola\u00e7o","@id":"https:\/\/www.suno.com.br\/noticias\/#\/schema\/person\/d689f06da5678e1f0b1ee402f001d676"},"headline":"Prates na Petrobras (PETR4): o que analistas esperam da gest\u00e3o do novo CEO","datePublished":"2023-01-27T17:52:18+00:00","dateModified":"2023-01-28T01:03:11+00:00","mainEntityOfPage":{"@id":"https:\/\/www.suno.com.br\/noticias\/prates-petrobras-petr4-avaliacao-analistas\/"},"wordCount":1024,"publisher":{"@id":"https:\/\/www.suno.com.br\/noticias\/#organization"},"image":{"@id":"https:\/\/www.suno.com.br\/noticias\/prates-petrobras-petr4-avaliacao-analistas\/#primaryimage"},"thumbnailUrl":"https:\/\/files.sunoresearch.com.br\/n\/uploads\/2022\/12\/petrobras-petr4-acoes.jpg","keywords":["A\u00e7\u00f5es","BB Investimentos","BTG Pactual (BPAC11\/BPAC3\/BPAC5)","Especialistas","Goldman Sachs (GSGI34)","Petrobras (PETR4)"],"articleSection":["Neg\u00f3cios"],"inLanguage":"pt-BR"},{"@type":"WebPage","@id":"https:\/\/www.suno.com.br\/noticias\/prates-petrobras-petr4-avaliacao-analistas\/","url":"https:\/\/www.suno.com.br\/noticias\/prates-petrobras-petr4-avaliacao-analistas\/","name":"Prates na Petrobras (PETR4): o que analistas esperam da nova gest\u00e3o","isPartOf":{"@id":"https:\/\/www.suno.com.br\/noticias\/#website"},"primaryImageOfPage":{"@id":"https:\/\/www.suno.com.br\/noticias\/prates-petrobras-petr4-avaliacao-analistas\/#primaryimage"},"image":{"@id":"https:\/\/www.suno.com.br\/noticias\/prates-petrobras-petr4-avaliacao-analistas\/#primaryimage"},"thumbnailUrl":"https:\/\/files.sunoresearch.com.br\/n\/uploads\/2022\/12\/petrobras-petr4-acoes.jpg","datePublished":"2023-01-27T17:52:18+00:00","dateModified":"2023-01-28T01:03:11+00:00","description":"Para entender a perspectiva do mercado com a gest\u00e3o de Prates na Petrobras, o reunimos as an\u00e1lises das principais casas de investimentos.","breadcrumb":{"@id":"https:\/\/www.suno.com.br\/noticias\/prates-petrobras-petr4-avaliacao-analistas\/#breadcrumb"},"inLanguage":"pt-BR","potentialAction":[{"@type":"ReadAction","target":["https:\/\/www.suno.com.br\/noticias\/prates-petrobras-petr4-avaliacao-analistas\/"]}]},{"@type":"ImageObject","inLanguage":"pt-BR","@id":"https:\/\/www.suno.com.br\/noticias\/prates-petrobras-petr4-avaliacao-analistas\/#primaryimage","url":"https:\/\/files.sunoresearch.com.br\/n\/uploads\/2022\/12\/petrobras-petr4-acoes.jpg","contentUrl":"https:\/\/files.sunoresearch.com.br\/n\/uploads\/2022\/12\/petrobras-petr4-acoes.jpg","width":1200,"height":800,"caption":"Petrobras (PETR4). Foto: Shutterstock"},{"@type":"BreadcrumbList","@id":"https:\/\/www.suno.com.br\/noticias\/prates-petrobras-petr4-avaliacao-analistas\/#breadcrumb","itemListElement":[{"@type":"ListItem","position":1,"name":"Not\u00edcias","item":"https:\/\/www.suno.com.br\/noticias\/"},{"@type":"ListItem","position":2,"name":"Neg\u00f3cios","item":"https:\/\/www.suno.com.br\/noticias\/negocios\/"},{"@type":"ListItem","position":3,"name":"Prates na Petrobras (PETR4): o que analistas esperam da gest\u00e3o do novo CEO"}]},{"@type":"WebSite","@id":"https:\/\/www.suno.com.br\/noticias\/#website","url":"https:\/\/www.suno.com.br\/noticias\/","name":"Suno Not\u00edcias","description":"Seu portal de informa\u00e7\u00e3o sobre o mundo dos investimentos","publisher":{"@id":"https:\/\/www.suno.com.br\/noticias\/#organization"},"potentialAction":[{"@type":"SearchAction","target":{"@type":"EntryPoint","urlTemplate":"https:\/\/www.suno.com.br\/noticias\/?s={search_term_string}"},"query-input":{"@type":"PropertyValueSpecification","valueRequired":true,"valueName":"search_term_string"}}],"inLanguage":"pt-BR"},{"@type":"Organization","@id":"https:\/\/www.suno.com.br\/noticias\/#organization","name":"Suno Not\u00edcias","url":"https:\/\/www.suno.com.br\/noticias\/","logo":{"@type":"ImageObject","inLanguage":"pt-BR","@id":"https:\/\/www.suno.com.br\/noticias\/#\/schema\/logo\/image\/","url":"https:\/\/files.sunoresearch.com.br\/n\/uploads\/2021\/09\/suno-logo.png","contentUrl":"https:\/\/files.sunoresearch.com.br\/n\/uploads\/2021\/09\/suno-logo.png","width":180,"height":180,"caption":"Suno Not\u00edcias"},"image":{"@id":"https:\/\/www.suno.com.br\/noticias\/#\/schema\/logo\/image\/"},"sameAs":["https:\/\/facebook.com\/sunoresearch","https:\/\/x.com\/sunoresearch","https:\/\/www.instagram.com\/suno","https:\/\/www.linkedin.com\/company\/suno-research\/","https:\/\/www.youtube.com\/c\/sunoresearch"]},{"@type":"Person","@id":"https:\/\/www.suno.com.br\/noticias\/#\/schema\/person\/d689f06da5678e1f0b1ee402f001d676","name":"Janize Cola\u00e7o","image":{"@type":"ImageObject","inLanguage":"pt-BR","@id":"https:\/\/www.suno.com.br\/noticias\/#\/schema\/person\/image\/","url":"https:\/\/secure.gravatar.com\/avatar\/32b3bf89abae63ca2cf961bc051522d0?s=96&r=g","contentUrl":"https:\/\/secure.gravatar.com\/avatar\/32b3bf89abae63ca2cf961bc051522d0?s=96&r=g","caption":"Janize Cola\u00e7o"},"description":"Jornalista formada pela PUC-SP com passagens pela Record TV, Globo Cond\u00e9 Nast, Revista Panrotas e Editora Via. Hoje, \u00e9 rep\u00f3rter no Suno Not\u00edcias, cobrindo pautas sobre mercado, pol\u00edtica, economia e bolsa de valores.","url":"https:\/\/www.suno.com.br\/noticias\/author\/janize-colaco\/"}]}},"default_loop_html":"<div class=\"cardsPage__listCard__boxs\"><div class=\"cardsPage__listCard__boxs__img\"><a href=\"https:\/\/www.suno.com.br\/noticias\/prates-petrobras-petr4-avaliacao-analistas\/\"><img class=\"mask\" src=\"https:\/\/www.suno.com.br\/noticias\/wp-content\/themes\/suno\/resources\/images\/spotlight\/spotlight1img\/bg-mask.png\" alt=\"Image Mask\"\/><img src=\"https:\/\/files.sunoresearch.com.br\/n\/uploads\/2022\/12\/petrobras-petr4-acoes-400x200.jpg\" alt=\"Prates na Petrobras (PETR4): o que analistas esperam da gest\u00e3o do novo CEO\"\/><\/a><span class=\"spotlightCategory\"><a href=\"https:\/\/www.suno.com.br\/noticias\/negocios\/\">Neg\u00f3cios<\/a><\/span><\/div><div class=\"cardsPage__listCard__boxs__content\"><a href=\"https:\/\/www.suno.com.br\/noticias\/prates-petrobras-petr4-avaliacao-analistas\/\"><h2 class=\"content__title\">Prates na Petrobras (PETR4): o que analistas esperam da gest\u00e3o do novo CEO<\/h2><\/a><div class=\"newsContent__article__meta\"><div class=\"newsContent__article__meta__authorBox\"><a href=\"https:\/\/www.suno.com.br\/noticias\/author\/janize-colaco\/\" class=\"authorBox__avatar noMobi\"><img src=\"https:\/\/files.sunoresearch.com.br\/n\/uploads\/2022\/11\/20221120_111807-1-150x150.jpg\" alt=\"Janize Cola\u00e7o\"><\/a><div class=\"authorBox__name\"><span>por\n\t\t\t<a href=\"https:\/\/www.suno.com.br\/noticias\/author\/janize-colaco\/\"><span itemprop=\"author\">Janize Cola\u00e7o<\/span><\/a><\/span><time datetime=\"2023-01-27T14:52:18-03:00\" itemprop=\"datePublished\">27\/01\/2023 14:52<\/time><\/div><\/div><\/div><\/div><\/div>","single_layout":"posts","amp_enabled":true,"_links":{"self":[{"href":"https:\/\/www.suno.com.br\/noticias\/wp-json\/wp\/v2\/posts\/353667"}],"collection":[{"href":"https:\/\/www.suno.com.br\/noticias\/wp-json\/wp\/v2\/posts"}],"about":[{"href":"https:\/\/www.suno.com.br\/noticias\/wp-json\/wp\/v2\/types\/post"}],"author":[{"embeddable":true,"href":"https:\/\/www.suno.com.br\/noticias\/wp-json\/wp\/v2\/users\/233"}],"replies":[{"embeddable":true,"href":"https:\/\/www.suno.com.br\/noticias\/wp-json\/wp\/v2\/comments?post=353667"}],"version-history":[{"count":2,"href":"https:\/\/www.suno.com.br\/noticias\/wp-json\/wp\/v2\/posts\/353667\/revisions"}],"predecessor-version":[{"id":354416,"href":"https:\/\/www.suno.com.br\/noticias\/wp-json\/wp\/v2\/posts\/353667\/revisions\/354416"}],"wp:featuredmedia":[{"embeddable":true,"href":"https:\/\/www.suno.com.br\/noticias\/wp-json\/wp\/v2\/media\/328270"}],"wp:attachment":[{"href":"https:\/\/www.suno.com.br\/noticias\/wp-json\/wp\/v2\/media?parent=353667"}],"wp:term":[{"taxonomy":"category","embeddable":true,"href":"https:\/\/www.suno.com.br\/noticias\/wp-json\/wp\/v2\/categories?post=353667"},{"taxonomy":"post_tag","embeddable":true,"href":"https:\/\/www.suno.com.br\/noticias\/wp-json\/wp\/v2\/tags?post=353667"},{"taxonomy":"suno_strategy","embeddable":true,"href":"https:\/\/www.suno.com.br\/noticias\/wp-json\/wp\/v2\/suno_strategy?post=353667"}],"curies":[{"name":"wp","href":"https:\/\/api.w.org\/{rel}","templated":true}]}}