{"id":35364,"date":"2019-08-26T17:19:56","date_gmt":"2019-08-26T20:19:56","guid":{"rendered":"https:\/\/www.suno.com.br\/noticias\/?p=35364"},"modified":"2019-08-29T17:19:02","modified_gmt":"2019-08-29T20:19:02","slug":"cristina-ira-paises-arabes-melhorar-relacoes-comerciais","status":"publish","type":"post","link":"https:\/\/www.suno.com.br\/noticias\/cristina-ira-paises-arabes-melhorar-relacoes-comerciais\/","title":{"rendered":"Tereza Cristina ir\u00e1 a pa\u00edses \u00e1rabes para melhorar rela\u00e7\u00f5es comerciais"},"content":{"rendered":"<p>Nesta segunda-feira (26), o Minist\u00e9rio da Agricultura confirmou que em setembro, a ministra Tereza Cristina ir\u00e1 viajar a tr\u00eas pa\u00edses \u00e1rabes.<\/p>\t<div class=\"wrapper-featured-image\">\n\t\t<figure class=\"spotlightImg\">\n\n\t\t\t<picture>\n\t\t\t\t<source media=\"(max-width: 768px)\" srcset=\"https:\/\/files.sunoresearch.com.br\/n\/uploads\/2019\/05\/96555ea6-tereza-cristina-400x200.webp\">\n\t\t\t\t<img loading=\"lazy\" decoding=\"async\" class=\"newsContent__article__imgCapa lazyloadDisabled newsContent__article__imgCapa--noCaption\" src=\"https:\/\/files.sunoresearch.com.br\/n\/uploads\/2019\/05\/96555ea6-tereza-cristina-800x450.webp\" width=\"800\" height=\"450\" alt=\"Tereza Cristina ir\u00e1 a pa\u00edses \u00e1rabes para melhorar rela\u00e7\u00f5es comerciais\" fetchpriority=high \/>\n\t\t\t<\/picture>\n\n\t\t\t<figcaption class=\"wp-caption-text wp-caption-text--hide\">Tereza Cristina ir\u00e1 a pa\u00edses \u00e1rabes para melhorar rela\u00e7\u00f5es comerciais<\/figcaption>\n\t\t<\/figure>\n\t<\/div>\n\n\n\n<p>Durante os dias 14 a 23 de setembro, a equipe, que \u00e9 liderada por <strong>Cristina,<\/strong> passar\u00e1 pelo Kuwait, Ar\u00e1bia Saudita e Emirados \u00c1rabes Unidos, com o objetivo principal de melhorar as rela\u00e7\u00f5es comerciais, ap\u00f3s a amea\u00e7a de transfer\u00eancia da embaixada brasileira em Israel de Tel-Aviv para Jerusal\u00e9m feita pelo presidente <strong>Jair Bolsonaro,<\/strong> a mudan\u00e7a, no entanto, n\u00e3o foi concretizada.<\/p>\n<p>Em evento na C\u00e2mara \u00c1rabe, em S\u00e3o Paulo, a ministra declarou: \u201co Brasil tem condi\u00e7\u00f5es de ampliar o fornecimento de diversos produtos agr\u00edcolas j\u00e1 importados pela Liga \u00c1rabe, mas que ainda tem representa\u00e7\u00e3o \u00ednfima na pauta de exporta\u00e7\u00e3o brasileira para seus pa\u00edses. \u00c9 o caso do algod\u00e3o, do cacau e de frutas secas ou frescas, como goiaba, manga e lim\u00e3o\u201d, salientou Cristina.<\/p>\n<p>Al\u00e9m dos pa\u00edses \u00e1rabes, a ministra tamb\u00e9m ir\u00e1 comparecer na feira de Anuga, na cidade de Col\u00f4nia na Alemanha. O evento, que \u00e9 considerado uma refer\u00eancia no setor de alimentos e bebidas, acontecer\u00e1 em outubro e reunir\u00e1 a ministra com importantes empres\u00e1rios alem\u00e3es e a ministra da Agricultura da Alemanha, Julia Kl\u00f6ckner.<\/p>\n<h2>Declara\u00e7\u00e3o de Macron foi oportunista, diz Cristina<\/h2>\n<p>Nesta segunda-feira (26), a ministra da Agricultura, <strong>Tereza Cristina<\/strong>, afirmou que a fala do presidente da Fran\u00e7a, <strong>Emmanuel<\/strong> <strong>Macron<\/strong>, em rela\u00e7\u00e3o \u00e0s queimadas na Amaz\u00f4nia &#8220;foi oportunista&#8221;.<\/p>\n<p><a href=\"https:\/\/www.suno.com.br\/noticias\/declaracao-macron-amazonia-oportunista-tereza-cristina\/\">Saiba mais: Declara\u00e7\u00e3o de Macron sobre Amaz\u00f4nia foi oportunista, diz Tereza Cristina<\/a><\/p>\n<p>Durante evento na C\u00e2mara \u00e1rabe, em S\u00e3o Paulo, a ministra declarou: &#8220;Foi oportunista. Foi um problema interno do Brasil, que prejudica a imagem do pa\u00eds, que j\u00e1 n\u00e3o anda muito bem. S\u00f3 que o bom senso prevaleceu na reuni\u00e3o do G7&#8221;, afirmou a ministra sobre a declara\u00e7\u00e3o do presidente franc\u00eas sobre a Amaz\u00f4nia.<\/p>\n\t<p>\n\t\t<a href=\"https:\/\/lp.suno.com.br\/suno-one\/?utm_campaign=_SNC6964518A_\" target=\"_blank\" data-element=\"shortcode-suno-banner\" title=\"Banner SUNO, clique e saiba mais\">\n\t\t\t<picture>\n\t\t\t\t<source media=\"(max-width: 500px)\" srcset=\"https:\/\/files.sunoresearch.com.br\/n\/uploads\/2025\/09\/400x300-Suno-One-png.webp\">\n\t\t\t\t<img class=\"newsContent__article__imgCapa newsContent__article__imgCapa--banner\"\n\t\t\t\t\tsrc=\"https:\/\/files.sunoresearch.com.br\/n\/uploads\/2025\/09\/1420x240-Suno-One-png.webp\"\n\t\t\t\t\tdata-promo-id=\"383121\"\t\t\t\t\t\t\t\t\t\twidth='1420' height='240'\t\t\t\t\talt=\"https:\/\/files.sunoresearch.com.br\/n\/uploads\/2025\/09\/1420x240-Suno-One-png.webp\"\n\t\t\t\t>\n\t\t\t<\/picture>\n\t\t<\/a>\n\t<\/p>\n\n\n<p>&#8220;As rela\u00e7\u00f5es comerciais com a Europa depois da assinatura do acordo deixou com certeza alguns pa\u00edses preocupados pela pujan\u00e7a do nosso agroneg\u00f3cio e pelo mercado que n\u00f3s podemos tirar, principalmente a Irlanda&#8221;, salientou a ministra. &#8220;N\u00e3o \u00e9 de hoje que os produtores rurais da Fran\u00e7a v\u00eam se insurgindo contra os produtos brasileiros, querendo denegri-los por um problema de com\u00e9rcio&#8221;, completou <strong>Cristina.<\/strong><\/p>\n","protected":false},"excerpt":{"rendered":"<p>Nesta segunda-feira (26), o Minist\u00e9rio da Agricultura confirmou que em setembro, a ministra Tereza Cristina ir\u00e1 viajar a tr\u00eas pa\u00edses \u00e1rabes. Tereza Cristina ir\u00e1 a pa\u00edses \u00e1rabes para melhorar rela\u00e7\u00f5es comerciais Durante os dias 14 a 23 de setembro, a equipe, que \u00e9 liderada por Cristina, passar\u00e1 pelo Kuwait, Ar\u00e1bia Saudita e Emirados \u00c1rabes Unidos, [&hellip;]<\/p>\n","protected":false},"author":23,"featured_media":24789,"comment_status":"closed","ping_status":"closed","sticky":false,"template":"","format":"standard","meta":[],"categories":[61],"tags":[1122,1910],"suno_strategy":[],"class_list":["post-35364","post","type-post","status-publish","format-standard","has-post-thumbnail","hentry","category-politica","tag-ministerio-da-agricultura","tag-tereza-cristina"],"yoast_head":"<!-- This site is optimized with the Yoast SEO plugin v24.4 - https:\/\/yoast.com\/wordpress\/plugins\/seo\/ -->\n<title>Tereza Cristina ir\u00e1 a pa\u00edses \u00e1rabes para melhorar rela\u00e7\u00f5es comerciais<\/title>\n<meta name=\"description\" content=\"O Minist\u00e9rio da Agricultura confirmou que, em setembro, a ministra Tereza Cristina ir\u00e1 viajar a tr\u00eas pa\u00edses \u00e1rabes. Clique para saber mais.\" \/>\n<meta name=\"robots\" content=\"index, follow, max-snippet:-1, max-image-preview:large, max-video-preview:-1\" \/>\n<link rel=\"canonical\" href=\"https:\/\/www.suno.com.br\/noticias\/cristina-ira-paises-arabes-melhorar-relacoes-comerciais\/\" \/>\n<meta property=\"og:locale\" content=\"pt_BR\" \/>\n<meta property=\"og:type\" content=\"article\" \/>\n<meta property=\"og:title\" content=\"Tereza Cristina ir\u00e1 a pa\u00edses \u00e1rabes para melhorar rela\u00e7\u00f5es comerciais\" \/>\n<meta property=\"og:description\" content=\"O Minist\u00e9rio da Agricultura confirmou que, em setembro, a ministra Tereza Cristina ir\u00e1 viajar a tr\u00eas pa\u00edses \u00e1rabes. Clique para saber mais.\" \/>\n<meta property=\"og:url\" content=\"https:\/\/www.suno.com.br\/noticias\/cristina-ira-paises-arabes-melhorar-relacoes-comerciais\/\" \/>\n<meta property=\"og:site_name\" content=\"Suno Not\u00edcias\" \/>\n<meta property=\"article:publisher\" content=\"https:\/\/facebook.com\/sunoresearch\" \/>\n<meta property=\"og:image\" content=\"https:\/\/files.sunoresearch.com.br\/n\/uploads\/2019\/05\/96555ea6-tereza-cristina.jpg\" \/>\n\t<meta property=\"og:image:width\" content=\"1024\" \/>\n\t<meta property=\"og:image:height\" content=\"683\" \/>\n\t<meta property=\"og:image:type\" content=\"image\/jpeg\" \/>\n<meta name=\"author\" content=\"Rafael Lara\" \/>\n<meta name=\"twitter:card\" content=\"summary_large_image\" \/>\n<meta name=\"twitter:creator\" content=\"@sunoresearch\" \/>\n<meta name=\"twitter:site\" content=\"@sunoresearch\" \/>\n<meta name=\"twitter:label1\" content=\"Escrito por\" \/>\n\t<meta name=\"twitter:data1\" content=\"Rafael Lara\" \/>\n\t<meta name=\"twitter:label2\" content=\"Est. tempo de leitura\" \/>\n\t<meta name=\"twitter:data2\" content=\"2 minutos\" \/>\n<script type=\"application\/ld+json\" class=\"yoast-schema-graph\">{\"@context\":\"https:\/\/schema.org\",\"@graph\":[{\"@type\":\"NewsArticle\",\"@id\":\"https:\/\/www.suno.com.br\/noticias\/cristina-ira-paises-arabes-melhorar-relacoes-comerciais\/#article\",\"isPartOf\":{\"@id\":\"https:\/\/www.suno.com.br\/noticias\/cristina-ira-paises-arabes-melhorar-relacoes-comerciais\/\"},\"author\":{\"name\":\"Rafael Lara\",\"@id\":\"https:\/\/www.suno.com.br\/noticias\/#\/schema\/person\/098743caeed97b37f51315c9576c4078\"},\"headline\":\"Tereza Cristina ir\u00e1 a pa\u00edses \u00e1rabes para melhorar rela\u00e7\u00f5es comerciais\",\"datePublished\":\"2019-08-26T20:19:56+00:00\",\"dateModified\":\"2019-08-29T20:19:02+00:00\",\"mainEntityOfPage\":{\"@id\":\"https:\/\/www.suno.com.br\/noticias\/cristina-ira-paises-arabes-melhorar-relacoes-comerciais\/\"},\"wordCount\":414,\"publisher\":{\"@id\":\"https:\/\/www.suno.com.br\/noticias\/#organization\"},\"image\":{\"@id\":\"https:\/\/www.suno.com.br\/noticias\/cristina-ira-paises-arabes-melhorar-relacoes-comerciais\/#primaryimage\"},\"thumbnailUrl\":\"https:\/\/files.sunoresearch.com.br\/n\/uploads\/2019\/05\/96555ea6-tereza-cristina-jpg.webp\",\"keywords\":[\"Minist\u00e9rio da Agricultura\",\"Tereza Cristina\"],\"articleSection\":[\"Pol\u00edtica\"],\"inLanguage\":\"pt-BR\"},{\"@type\":\"WebPage\",\"@id\":\"https:\/\/www.suno.com.br\/noticias\/cristina-ira-paises-arabes-melhorar-relacoes-comerciais\/\",\"url\":\"https:\/\/www.suno.com.br\/noticias\/cristina-ira-paises-arabes-melhorar-relacoes-comerciais\/\",\"name\":\"Tereza Cristina ir\u00e1 a pa\u00edses \u00e1rabes para melhorar rela\u00e7\u00f5es comerciais\",\"isPartOf\":{\"@id\":\"https:\/\/www.suno.com.br\/noticias\/#website\"},\"primaryImageOfPage\":{\"@id\":\"https:\/\/www.suno.com.br\/noticias\/cristina-ira-paises-arabes-melhorar-relacoes-comerciais\/#primaryimage\"},\"image\":{\"@id\":\"https:\/\/www.suno.com.br\/noticias\/cristina-ira-paises-arabes-melhorar-relacoes-comerciais\/#primaryimage\"},\"thumbnailUrl\":\"https:\/\/files.sunoresearch.com.br\/n\/uploads\/2019\/05\/96555ea6-tereza-cristina-jpg.webp\",\"datePublished\":\"2019-08-26T20:19:56+00:00\",\"dateModified\":\"2019-08-29T20:19:02+00:00\",\"description\":\"O Minist\u00e9rio da Agricultura confirmou que, em setembro, a ministra Tereza Cristina ir\u00e1 viajar a tr\u00eas pa\u00edses \u00e1rabes. Clique para saber mais.\",\"breadcrumb\":{\"@id\":\"https:\/\/www.suno.com.br\/noticias\/cristina-ira-paises-arabes-melhorar-relacoes-comerciais\/#breadcrumb\"},\"inLanguage\":\"pt-BR\",\"potentialAction\":[{\"@type\":\"ReadAction\",\"target\":[\"https:\/\/www.suno.com.br\/noticias\/cristina-ira-paises-arabes-melhorar-relacoes-comerciais\/\"]}]},{\"@type\":\"ImageObject\",\"inLanguage\":\"pt-BR\",\"@id\":\"https:\/\/www.suno.com.br\/noticias\/cristina-ira-paises-arabes-melhorar-relacoes-comerciais\/#primaryimage\",\"url\":\"https:\/\/files.sunoresearch.com.br\/n\/uploads\/2019\/05\/96555ea6-tereza-cristina-jpg.webp\",\"contentUrl\":\"https:\/\/files.sunoresearch.com.br\/n\/uploads\/2019\/05\/96555ea6-tereza-cristina-jpg.webp\",\"width\":1024,\"height\":683,\"caption\":\"Tereza Cristina ir\u00e1 a pa\u00edses \u00e1rabes para melhorar rela\u00e7\u00f5es comerciais\"},{\"@type\":\"BreadcrumbList\",\"@id\":\"https:\/\/www.suno.com.br\/noticias\/cristina-ira-paises-arabes-melhorar-relacoes-comerciais\/#breadcrumb\",\"itemListElement\":[{\"@type\":\"ListItem\",\"position\":1,\"name\":\"Not\u00edcias\",\"item\":\"https:\/\/www.suno.com.br\/noticias\/\"},{\"@type\":\"ListItem\",\"position\":2,\"name\":\"Pol\u00edtica\",\"item\":\"https:\/\/www.suno.com.br\/noticias\/politica\/\"},{\"@type\":\"ListItem\",\"position\":3,\"name\":\"Tereza Cristina ir\u00e1 a pa\u00edses \u00e1rabes para melhorar rela\u00e7\u00f5es comerciais\"}]},{\"@type\":\"WebSite\",\"@id\":\"https:\/\/www.suno.com.br\/noticias\/#website\",\"url\":\"https:\/\/www.suno.com.br\/noticias\/\",\"name\":\"Suno Not\u00edcias\",\"description\":\"Seu portal de informa\u00e7\u00e3o sobre o mundo dos investimentos\",\"publisher\":{\"@id\":\"https:\/\/www.suno.com.br\/noticias\/#organization\"},\"potentialAction\":[{\"@type\":\"SearchAction\",\"target\":{\"@type\":\"EntryPoint\",\"urlTemplate\":\"https:\/\/www.suno.com.br\/noticias\/?s={search_term_string}\"},\"query-input\":{\"@type\":\"PropertyValueSpecification\",\"valueRequired\":true,\"valueName\":\"search_term_string\"}}],\"inLanguage\":\"pt-BR\"},{\"@type\":\"Organization\",\"@id\":\"https:\/\/www.suno.com.br\/noticias\/#organization\",\"name\":\"Suno Not\u00edcias\",\"url\":\"https:\/\/www.suno.com.br\/noticias\/\",\"logo\":{\"@type\":\"ImageObject\",\"inLanguage\":\"pt-BR\",\"@id\":\"https:\/\/www.suno.com.br\/noticias\/#\/schema\/logo\/image\/\",\"url\":\"https:\/\/files.sunoresearch.com.br\/n\/uploads\/2021\/09\/suno-logo.png\",\"contentUrl\":\"https:\/\/files.sunoresearch.com.br\/n\/uploads\/2021\/09\/suno-logo.png\",\"width\":180,\"height\":180,\"caption\":\"Suno Not\u00edcias\"},\"image\":{\"@id\":\"https:\/\/www.suno.com.br\/noticias\/#\/schema\/logo\/image\/\"},\"sameAs\":[\"https:\/\/facebook.com\/sunoresearch\",\"https:\/\/x.com\/sunoresearch\",\"https:\/\/www.instagram.com\/suno\",\"https:\/\/www.linkedin.com\/company\/suno-research\/\",\"https:\/\/www.youtube.com\/c\/sunoresearch\"]},{\"@type\":\"Person\",\"@id\":\"https:\/\/www.suno.com.br\/noticias\/#\/schema\/person\/098743caeed97b37f51315c9576c4078\",\"name\":\"Rafael Lara\",\"image\":{\"@type\":\"ImageObject\",\"inLanguage\":\"pt-BR\",\"@id\":\"https:\/\/www.suno.com.br\/noticias\/#\/schema\/person\/image\/\",\"url\":\"https:\/\/secure.gravatar.com\/avatar\/dfc254ab9bb2ea1895d98b9e9dae4bdd?s=96&r=g\",\"contentUrl\":\"https:\/\/secure.gravatar.com\/avatar\/dfc254ab9bb2ea1895d98b9e9dae4bdd?s=96&r=g\",\"caption\":\"Rafael Lara\"},\"description\":\"Rafael Lara cursa jornalismo na Faculdade C\u00e1sper L\u00edbero. Escreve sobre pol\u00edtica, economia e neg\u00f3cios para o portal Suno Not\u00edcias. Antes, colaborou na TV Gazeta na produ\u00e7\u00e3o do programa Edi\u00e7\u00e3o Extra.\",\"url\":\"https:\/\/www.suno.com.br\/noticias\/author\/rafael\/\"}]}<\/script>\n<!-- \/ Yoast SEO plugin. -->","yoast_head_json":{"title":"Tereza Cristina ir\u00e1 a pa\u00edses \u00e1rabes para melhorar rela\u00e7\u00f5es comerciais","description":"O Minist\u00e9rio da Agricultura confirmou que, em setembro, a ministra Tereza Cristina ir\u00e1 viajar a tr\u00eas pa\u00edses \u00e1rabes. Clique para saber mais.","robots":{"index":"index","follow":"follow","max-snippet":"max-snippet:-1","max-image-preview":"max-image-preview:large","max-video-preview":"max-video-preview:-1"},"canonical":"https:\/\/www.suno.com.br\/noticias\/cristina-ira-paises-arabes-melhorar-relacoes-comerciais\/","og_locale":"pt_BR","og_type":"article","og_title":"Tereza Cristina ir\u00e1 a pa\u00edses \u00e1rabes para melhorar rela\u00e7\u00f5es comerciais","og_description":"O Minist\u00e9rio da Agricultura confirmou que, em setembro, a ministra Tereza Cristina ir\u00e1 viajar a tr\u00eas pa\u00edses \u00e1rabes. Clique para saber mais.","og_url":"https:\/\/www.suno.com.br\/noticias\/cristina-ira-paises-arabes-melhorar-relacoes-comerciais\/","og_site_name":"Suno Not\u00edcias","article_publisher":"https:\/\/facebook.com\/sunoresearch","og_image":[{"width":1024,"height":683,"url":"https:\/\/files.sunoresearch.com.br\/n\/uploads\/2019\/05\/96555ea6-tereza-cristina.jpg","type":"image\/jpeg"}],"author":"Rafael Lara","twitter_card":"summary_large_image","twitter_creator":"@sunoresearch","twitter_site":"@sunoresearch","twitter_misc":{"Escrito por":"Rafael Lara","Est. tempo de leitura":"2 minutos"},"schema":{"@context":"https:\/\/schema.org","@graph":[{"@type":"NewsArticle","@id":"https:\/\/www.suno.com.br\/noticias\/cristina-ira-paises-arabes-melhorar-relacoes-comerciais\/#article","isPartOf":{"@id":"https:\/\/www.suno.com.br\/noticias\/cristina-ira-paises-arabes-melhorar-relacoes-comerciais\/"},"author":{"name":"Rafael Lara","@id":"https:\/\/www.suno.com.br\/noticias\/#\/schema\/person\/098743caeed97b37f51315c9576c4078"},"headline":"Tereza Cristina ir\u00e1 a pa\u00edses \u00e1rabes para melhorar rela\u00e7\u00f5es comerciais","datePublished":"2019-08-26T20:19:56+00:00","dateModified":"2019-08-29T20:19:02+00:00","mainEntityOfPage":{"@id":"https:\/\/www.suno.com.br\/noticias\/cristina-ira-paises-arabes-melhorar-relacoes-comerciais\/"},"wordCount":414,"publisher":{"@id":"https:\/\/www.suno.com.br\/noticias\/#organization"},"image":{"@id":"https:\/\/www.suno.com.br\/noticias\/cristina-ira-paises-arabes-melhorar-relacoes-comerciais\/#primaryimage"},"thumbnailUrl":"https:\/\/files.sunoresearch.com.br\/n\/uploads\/2019\/05\/96555ea6-tereza-cristina-jpg.webp","keywords":["Minist\u00e9rio da Agricultura","Tereza Cristina"],"articleSection":["Pol\u00edtica"],"inLanguage":"pt-BR"},{"@type":"WebPage","@id":"https:\/\/www.suno.com.br\/noticias\/cristina-ira-paises-arabes-melhorar-relacoes-comerciais\/","url":"https:\/\/www.suno.com.br\/noticias\/cristina-ira-paises-arabes-melhorar-relacoes-comerciais\/","name":"Tereza Cristina ir\u00e1 a pa\u00edses \u00e1rabes para melhorar rela\u00e7\u00f5es comerciais","isPartOf":{"@id":"https:\/\/www.suno.com.br\/noticias\/#website"},"primaryImageOfPage":{"@id":"https:\/\/www.suno.com.br\/noticias\/cristina-ira-paises-arabes-melhorar-relacoes-comerciais\/#primaryimage"},"image":{"@id":"https:\/\/www.suno.com.br\/noticias\/cristina-ira-paises-arabes-melhorar-relacoes-comerciais\/#primaryimage"},"thumbnailUrl":"https:\/\/files.sunoresearch.com.br\/n\/uploads\/2019\/05\/96555ea6-tereza-cristina-jpg.webp","datePublished":"2019-08-26T20:19:56+00:00","dateModified":"2019-08-29T20:19:02+00:00","description":"O Minist\u00e9rio da Agricultura confirmou que, em setembro, a ministra Tereza Cristina ir\u00e1 viajar a tr\u00eas pa\u00edses \u00e1rabes. Clique para saber mais.","breadcrumb":{"@id":"https:\/\/www.suno.com.br\/noticias\/cristina-ira-paises-arabes-melhorar-relacoes-comerciais\/#breadcrumb"},"inLanguage":"pt-BR","potentialAction":[{"@type":"ReadAction","target":["https:\/\/www.suno.com.br\/noticias\/cristina-ira-paises-arabes-melhorar-relacoes-comerciais\/"]}]},{"@type":"ImageObject","inLanguage":"pt-BR","@id":"https:\/\/www.suno.com.br\/noticias\/cristina-ira-paises-arabes-melhorar-relacoes-comerciais\/#primaryimage","url":"https:\/\/files.sunoresearch.com.br\/n\/uploads\/2019\/05\/96555ea6-tereza-cristina-jpg.webp","contentUrl":"https:\/\/files.sunoresearch.com.br\/n\/uploads\/2019\/05\/96555ea6-tereza-cristina-jpg.webp","width":1024,"height":683,"caption":"Tereza Cristina ir\u00e1 a pa\u00edses \u00e1rabes para melhorar rela\u00e7\u00f5es comerciais"},{"@type":"BreadcrumbList","@id":"https:\/\/www.suno.com.br\/noticias\/cristina-ira-paises-arabes-melhorar-relacoes-comerciais\/#breadcrumb","itemListElement":[{"@type":"ListItem","position":1,"name":"Not\u00edcias","item":"https:\/\/www.suno.com.br\/noticias\/"},{"@type":"ListItem","position":2,"name":"Pol\u00edtica","item":"https:\/\/www.suno.com.br\/noticias\/politica\/"},{"@type":"ListItem","position":3,"name":"Tereza Cristina ir\u00e1 a pa\u00edses \u00e1rabes para melhorar rela\u00e7\u00f5es comerciais"}]},{"@type":"WebSite","@id":"https:\/\/www.suno.com.br\/noticias\/#website","url":"https:\/\/www.suno.com.br\/noticias\/","name":"Suno Not\u00edcias","description":"Seu portal de informa\u00e7\u00e3o sobre o mundo dos investimentos","publisher":{"@id":"https:\/\/www.suno.com.br\/noticias\/#organization"},"potentialAction":[{"@type":"SearchAction","target":{"@type":"EntryPoint","urlTemplate":"https:\/\/www.suno.com.br\/noticias\/?s={search_term_string}"},"query-input":{"@type":"PropertyValueSpecification","valueRequired":true,"valueName":"search_term_string"}}],"inLanguage":"pt-BR"},{"@type":"Organization","@id":"https:\/\/www.suno.com.br\/noticias\/#organization","name":"Suno Not\u00edcias","url":"https:\/\/www.suno.com.br\/noticias\/","logo":{"@type":"ImageObject","inLanguage":"pt-BR","@id":"https:\/\/www.suno.com.br\/noticias\/#\/schema\/logo\/image\/","url":"https:\/\/files.sunoresearch.com.br\/n\/uploads\/2021\/09\/suno-logo.png","contentUrl":"https:\/\/files.sunoresearch.com.br\/n\/uploads\/2021\/09\/suno-logo.png","width":180,"height":180,"caption":"Suno Not\u00edcias"},"image":{"@id":"https:\/\/www.suno.com.br\/noticias\/#\/schema\/logo\/image\/"},"sameAs":["https:\/\/facebook.com\/sunoresearch","https:\/\/x.com\/sunoresearch","https:\/\/www.instagram.com\/suno","https:\/\/www.linkedin.com\/company\/suno-research\/","https:\/\/www.youtube.com\/c\/sunoresearch"]},{"@type":"Person","@id":"https:\/\/www.suno.com.br\/noticias\/#\/schema\/person\/098743caeed97b37f51315c9576c4078","name":"Rafael Lara","image":{"@type":"ImageObject","inLanguage":"pt-BR","@id":"https:\/\/www.suno.com.br\/noticias\/#\/schema\/person\/image\/","url":"https:\/\/secure.gravatar.com\/avatar\/dfc254ab9bb2ea1895d98b9e9dae4bdd?s=96&r=g","contentUrl":"https:\/\/secure.gravatar.com\/avatar\/dfc254ab9bb2ea1895d98b9e9dae4bdd?s=96&r=g","caption":"Rafael Lara"},"description":"Rafael Lara cursa jornalismo na Faculdade C\u00e1sper L\u00edbero. Escreve sobre pol\u00edtica, economia e neg\u00f3cios para o portal Suno Not\u00edcias. Antes, colaborou na TV Gazeta na produ\u00e7\u00e3o do programa Edi\u00e7\u00e3o Extra.","url":"https:\/\/www.suno.com.br\/noticias\/author\/rafael\/"}]}},"default_loop_html":"<div class=\"cardsPage__listCard__boxs\"><div class=\"cardsPage__listCard__boxs__img\"><a href=\"https:\/\/www.suno.com.br\/noticias\/cristina-ira-paises-arabes-melhorar-relacoes-comerciais\/\"><img class=\"mask\" src=\"https:\/\/www.suno.com.br\/noticias\/wp-content\/themes\/suno\/resources\/images\/spotlight\/spotlight1img\/bg-mask.png\" alt=\"Image Mask\"\/><img src=\"https:\/\/files.sunoresearch.com.br\/n\/uploads\/2019\/05\/96555ea6-tereza-cristina-400x200.webp\" alt=\"Tereza Cristina ir\u00e1 a pa\u00edses \u00e1rabes para melhorar rela\u00e7\u00f5es comerciais\"\/><\/a><span class=\"spotlightCategory\"><a href=\"https:\/\/www.suno.com.br\/noticias\/politica\/\">Pol\u00edtica<\/a><\/span><\/div><div class=\"cardsPage__listCard__boxs__content\"><a href=\"https:\/\/www.suno.com.br\/noticias\/cristina-ira-paises-arabes-melhorar-relacoes-comerciais\/\"><h2 class=\"content__title\">Tereza Cristina ir\u00e1 a pa\u00edses \u00e1rabes para melhorar rela\u00e7\u00f5es comerciais<\/h2><\/a><div class=\"newsContent__article__meta\"><div class=\"newsContent__article__meta__authorBox\"><a href=\"https:\/\/www.suno.com.br\/noticias\/author\/rafael\/\" class=\"authorBox__avatar noMobi\"><img src=\"https:\/\/secure.gravatar.com\/avatar\/dfc254ab9bb2ea1895d98b9e9dae4bdd?s=96&#038;r=g\" alt=\"Rafael Lara\"><\/a><div class=\"authorBox__name\"><span>por\n\t\t\t<a href=\"https:\/\/www.suno.com.br\/noticias\/author\/rafael\/\"><span itemprop=\"author\">Rafael Lara<\/span><\/a><\/span><time datetime=\"2019-08-26T17:19:56-03:00\" itemprop=\"datePublished\">26\/08\/2019 17:19<\/time><\/div><\/div><\/div><\/div><\/div>","single_layout":"posts","amp_enabled":true,"_links":{"self":[{"href":"https:\/\/www.suno.com.br\/noticias\/wp-json\/wp\/v2\/posts\/35364"}],"collection":[{"href":"https:\/\/www.suno.com.br\/noticias\/wp-json\/wp\/v2\/posts"}],"about":[{"href":"https:\/\/www.suno.com.br\/noticias\/wp-json\/wp\/v2\/types\/post"}],"author":[{"embeddable":true,"href":"https:\/\/www.suno.com.br\/noticias\/wp-json\/wp\/v2\/users\/23"}],"replies":[{"embeddable":true,"href":"https:\/\/www.suno.com.br\/noticias\/wp-json\/wp\/v2\/comments?post=35364"}],"version-history":[{"count":0,"href":"https:\/\/www.suno.com.br\/noticias\/wp-json\/wp\/v2\/posts\/35364\/revisions"}],"wp:featuredmedia":[{"embeddable":true,"href":"https:\/\/www.suno.com.br\/noticias\/wp-json\/wp\/v2\/media\/24789"}],"wp:attachment":[{"href":"https:\/\/www.suno.com.br\/noticias\/wp-json\/wp\/v2\/media?parent=35364"}],"wp:term":[{"taxonomy":"category","embeddable":true,"href":"https:\/\/www.suno.com.br\/noticias\/wp-json\/wp\/v2\/categories?post=35364"},{"taxonomy":"post_tag","embeddable":true,"href":"https:\/\/www.suno.com.br\/noticias\/wp-json\/wp\/v2\/tags?post=35364"},{"taxonomy":"suno_strategy","embeddable":true,"href":"https:\/\/www.suno.com.br\/noticias\/wp-json\/wp\/v2\/suno_strategy?post=35364"}],"curies":[{"name":"wp","href":"https:\/\/api.w.org\/{rel}","templated":true}]}}