{"id":35362,"date":"2019-08-26T17:41:07","date_gmt":"2019-08-26T20:41:07","guid":{"rendered":"https:\/\/www.suno.com.br\/noticias\/?p=35362"},"modified":"2021-06-13T23:42:15","modified_gmt":"2021-06-14T02:42:15","slug":"banco-do-brasil-leilao-imoveis","status":"publish","type":"post","link":"https:\/\/www.suno.com.br\/noticias\/banco-do-brasil-leilao-imoveis\/","title":{"rendered":"Banco do Brasil far\u00e1 leil\u00e3o de im\u00f3veis em SP nesta semana"},"content":{"rendered":"<p>O Banco do Brasil far\u00e1 um <strong>leil\u00e3o<\/strong> de 117 <strong>im\u00f3veis<\/strong> na pr\u00f3xima quarta-feira (28). O prazo de inscri\u00e7\u00e3o para a oferta termina nesta segunda-feira (24).<\/p>\t<div class=\"wrapper-featured-image\">\n\t\t<figure class=\"spotlightImg\">\n\n\t\t\t<picture>\n\t\t\t\t<source media=\"(max-width: 768px)\" srcset=\"https:\/\/files.sunoresearch.com.br\/n\/uploads\/2019\/01\/f63747f5-banco-do-brasil-400x200.webp\">\n\t\t\t\t<img loading=\"lazy\" decoding=\"async\" class=\"newsContent__article__imgCapa lazyloadDisabled newsContent__article__imgCapa--noCaption\" src=\"https:\/\/files.sunoresearch.com.br\/n\/uploads\/2019\/01\/f63747f5-banco-do-brasil-800x450.webp\" width=\"800\" height=\"450\" alt=\"Banco do Brasil far\u00e1 leil\u00e3o de im\u00f3veis em SP nesta semana\" fetchpriority=high \/>\n\t\t\t<\/picture>\n\n\t\t\t<figcaption class=\"wp-caption-text wp-caption-text--hide\">Banco do Brasil registra lucro l\u00edquido de R$ 5,6 bilh\u00f5es no 4T19<\/figcaption>\n\t\t<\/figure>\n\t<\/div>\n\n\n<p>Para participar, pessoas f\u00edsicas ou jur\u00eddicas devem realizar o cadastro no site &#8220;Lance no Leil\u00e3o&#8221;. As propriedades leiloadas pelo <strong>Banco do Brasil<\/strong> est\u00e3o localizadas em 51 cidades do estado de <strong>S\u00e3o Paulo<\/strong>.<\/p>\n\n<p>A oferta incluir\u00e1 apartamentos, casas, terrenos, pr\u00e9dios comerciais e, at\u00e9 mesmo, ag\u00eancias desativadas da institui\u00e7\u00e3o financeira. Os descontos do leil\u00e3o podem ultrapassar 50% em rela\u00e7\u00e3o ao pre\u00e7o de mercado.<\/p>\n<p>Caso o im\u00f3vel possua d\u00edvidas de IPTU, ITR, CCIR, condom\u00ednio ou de laud\u00eamio, em caso de propriedades da Uni\u00e3o, o BB ser\u00e1 respons\u00e1vel por quitar esses valores.<\/p>\n<p><iframe loading=\"lazy\" title=\"?BTG cai 18,4%; venda de im\u00f3veis cresce 16% e Banco Inter com convers\u00e3o de a\u00e7\u00f5es em unit\" width=\"200\" height=\"113\" src=\"https:\/\/www.youtube.com\/embed\/ayZ05eeEAlE?feature=oembed\" frameborder=\"0\" allow=\"accelerometer; autoplay; encrypted-media; gyroscope; picture-in-picture\" allowfullscreen><\/iframe><\/p>\n<h2>Descontos dos im\u00f3veis<\/h2>\n<p>O menor lance do leil\u00e3o \u00e9 de R$ 11,1 mil, por uma casa localizada dentro de um terreno com \u00e1rea de 3.297,50 m\u00b2 em Panorama, interior de S\u00e3o Paulo.<\/p>\n<p>Um dos im\u00f3veis com mais de 50% de desconto \u00e9 uma ch\u00e1cara em um condom\u00ednio fechado em Ibi\u00fana, interior de S\u00e3o Paulo. O im\u00f3vel \u00e9 avaliado em R$ 349 mil, no entanto, o lance inicial \u00e9 de R$ 158 mil. Portanto, 54,7% de desconto do valor inicial.<\/p>\n<p>H\u00e1 tamb\u00e9m <span style=\"font-size: 1.21429rem;\">o pr\u00e9dio de uma antiga ag\u00eancia localizada na Rua Augusta, em S\u00e3o Paulo, com um desconto de 48%, oferecido por um lance m\u00ednimo de R$ 2,8 milh\u00f5es.<\/span><\/p>\n\t<p>\n\t\t<a href=\"https:\/\/www.seculus.com.br\/blackfriday\" target=\"_blank\" data-element=\"shortcode-suno-banner\" title=\"Banner SUNO, clique e saiba mais\">\n\t\t\t<picture>\n\t\t\t\t<source media=\"(max-width: 500px)\" srcset=\"https:\/\/files.sunoresearch.com.br\/n\/uploads\/2023\/11\/seculus_suno_mobile_1.jpg\">\n\t\t\t\t<img class=\"newsContent__article__imgCapa newsContent__article__imgCapa--banner\"\n\t\t\t\t\tsrc=\"https:\/\/files.sunoresearch.com.br\/n\/uploads\/2023\/11\/seculus_suno_desktop_1.jpg\"\n\t\t\t\t\tdata-promo-id=\"474122\"\t\t\t\t\t\t\t\t\t\twidth='1420' height='240'\t\t\t\t\talt=\"https:\/\/files.sunoresearch.com.br\/n\/uploads\/2023\/11\/seculus_suno_desktop_1.jpg\"\n\t\t\t\t>\n\t\t\t<\/picture>\n\t\t<\/a>\n\t<\/p>\n\n\n<p>J\u00e1 nos im\u00f3veis fora da capital, existem op\u00e7\u00f5es desde um terreno com 1.620,11m\u00b2 no Guaruj\u00e1 pelo lance inicial de R$317 mil at\u00e9 um apartamento de 51,68m\u00b2 em S\u00e3o Bernardo do Campo pelo lance inicial de R$53 mil.<\/p>\n<h2>Cr\u00e9dito imobili\u00e1rio do Banco do Brasil<\/h2>\n<p>O presidente do BB, Rubem Novaes, informou que a institui\u00e7\u00e3o pretende oferecer cr\u00e9dito imobili\u00e1rio com refer\u00eancia no <a href=\"https:\/\/www.suno.com.br\/artigos\/ipca\/\">\u00cdndice Nacional de Pre\u00e7os ao Consumidos Amplo (IPCA)<\/a>.<\/p>\n<p><a href=\"https:\/\/www.suno.com.br\/noticias\/banco-do-brasil-credito-imobiliario-ipca\/\">Saiba mais: Banco do Brasil poder\u00e1 oferecer cr\u00e9dito imobili\u00e1rio com refer\u00eancia no IPCA<\/a><\/p>\n<p>De acordo com Novaes, uma taxa prefixada poderia aumentar a seguran\u00e7a dos clientes da institui\u00e7\u00e3o\u00a0interessados em um financiamento imobili\u00e1rio.<\/p>\n<p>\u201cA ideia \u00e9 voc\u00ea dar o m\u00e1ximo de liberdade poss\u00edvel para o cliente. A decis\u00e3o do Banco Central foi no sentido de criar mais uma op\u00e7\u00e3o para a clientela, acreditando inclusive que ao fazer o empr\u00e9stimo com corre\u00e7\u00e3o de um \u00edndice de pre\u00e7o seria mais f\u00e1cil fazer um pacote e securitizar\u201d, afirmou o presidente do <strong>Banco<\/strong>\u00a0<strong>do Brasil<\/strong>.<\/p>\n","protected":false},"excerpt":{"rendered":"<p>O Banco do Brasil far\u00e1 um leil\u00e3o de 117 im\u00f3veis na pr\u00f3xima quarta-feira (28). O prazo de inscri\u00e7\u00e3o para a oferta termina nesta segunda-feira (24). Banco do Brasil registra lucro l\u00edquido de R$ 5,6 bilh\u00f5es no 4T19 Para participar, pessoas f\u00edsicas ou jur\u00eddicas devem realizar o cadastro no site &#8220;Lance no Leil\u00e3o&#8221;. As propriedades leiloadas [&hellip;]<\/p>\n","protected":false},"author":18,"featured_media":10097,"comment_status":"closed","ping_status":"closed","sticky":false,"template":"","format":"standard","meta":[],"categories":[66],"tags":[732,1904,843],"suno_strategy":[],"class_list":["post-35362","post","type-post","status-publish","format-standard","has-post-thumbnail","hentry","category-fiis","tag-banco-do-brasil-bbas3","tag-mercado-imobiliario","tag-sao-paulo"],"yoast_head":"<!-- This site is optimized with the Yoast SEO plugin v24.4 - https:\/\/yoast.com\/wordpress\/plugins\/seo\/ -->\n<title>Banco do Brasil far\u00e1 leil\u00e3o de im\u00f3veis em SP nesta semana<\/title>\n<meta name=\"description\" content=\"O Banco do Brasil far\u00e1 um leil\u00e3o de 117 im\u00f3veis. O prazo de inscri\u00e7\u00e3o para a oferta termina nesta segunda-feira (24). Clique para saber mais.\" \/>\n<meta name=\"robots\" content=\"index, follow, max-snippet:-1, max-image-preview:large, max-video-preview:-1\" \/>\n<link rel=\"canonical\" href=\"https:\/\/www.suno.com.br\/noticias\/banco-do-brasil-leilao-imoveis\/\" \/>\n<meta property=\"og:locale\" content=\"pt_BR\" \/>\n<meta property=\"og:type\" content=\"article\" \/>\n<meta property=\"og:title\" content=\"Banco do Brasil far\u00e1 leil\u00e3o de im\u00f3veis em SP nesta semana\" \/>\n<meta property=\"og:description\" content=\"O Banco do Brasil far\u00e1 um leil\u00e3o de 117 im\u00f3veis. O prazo de inscri\u00e7\u00e3o para a oferta termina nesta segunda-feira (24). Clique para saber mais.\" \/>\n<meta property=\"og:url\" content=\"https:\/\/www.suno.com.br\/noticias\/banco-do-brasil-leilao-imoveis\/\" \/>\n<meta property=\"og:site_name\" content=\"Suno Not\u00edcias\" \/>\n<meta property=\"article:publisher\" content=\"https:\/\/facebook.com\/sunoresearch\" \/>\n<meta property=\"og:image\" content=\"https:\/\/files.sunoresearch.com.br\/n\/uploads\/2019\/01\/f63747f5-banco-do-brasil-1024x768.jpg\" \/>\n\t<meta property=\"og:image:width\" content=\"1024\" \/>\n\t<meta property=\"og:image:height\" content=\"768\" \/>\n\t<meta property=\"og:image:type\" content=\"image\/jpeg\" \/>\n<meta name=\"author\" content=\"Giovanna Oliveira\" \/>\n<meta name=\"twitter:card\" content=\"summary_large_image\" \/>\n<meta name=\"twitter:creator\" content=\"@sunoresearch\" \/>\n<meta name=\"twitter:site\" content=\"@sunoresearch\" \/>\n<meta name=\"twitter:label1\" content=\"Escrito por\" \/>\n\t<meta name=\"twitter:data1\" content=\"Giovanna Oliveira\" \/>\n\t<meta name=\"twitter:label2\" content=\"Est. tempo de leitura\" \/>\n\t<meta name=\"twitter:data2\" content=\"2 minutos\" \/>\n<script type=\"application\/ld+json\" class=\"yoast-schema-graph\">{\"@context\":\"https:\/\/schema.org\",\"@graph\":[{\"@type\":\"NewsArticle\",\"@id\":\"https:\/\/www.suno.com.br\/noticias\/banco-do-brasil-leilao-imoveis\/#article\",\"isPartOf\":{\"@id\":\"https:\/\/www.suno.com.br\/noticias\/banco-do-brasil-leilao-imoveis\/\"},\"author\":{\"name\":\"Giovanna Oliveira\",\"@id\":\"https:\/\/www.suno.com.br\/noticias\/#\/schema\/person\/4e19e3d2575736e5283d58eb3199d120\"},\"headline\":\"Banco do Brasil far\u00e1 leil\u00e3o de im\u00f3veis em SP nesta semana\",\"datePublished\":\"2019-08-26T20:41:07+00:00\",\"dateModified\":\"2021-06-14T02:42:15+00:00\",\"mainEntityOfPage\":{\"@id\":\"https:\/\/www.suno.com.br\/noticias\/banco-do-brasil-leilao-imoveis\/\"},\"wordCount\":451,\"publisher\":{\"@id\":\"https:\/\/www.suno.com.br\/noticias\/#organization\"},\"image\":{\"@id\":\"https:\/\/www.suno.com.br\/noticias\/banco-do-brasil-leilao-imoveis\/#primaryimage\"},\"thumbnailUrl\":\"https:\/\/files.sunoresearch.com.br\/n\/uploads\/2019\/01\/f63747f5-banco-do-brasil-scaled.webp\",\"keywords\":[\"Banco do Brasil (BBAS3)\",\"mercado imobili\u00e1rio\",\"S\u00e3o Paulo\"],\"articleSection\":[\"FIIs\"],\"inLanguage\":\"pt-BR\"},{\"@type\":\"WebPage\",\"@id\":\"https:\/\/www.suno.com.br\/noticias\/banco-do-brasil-leilao-imoveis\/\",\"url\":\"https:\/\/www.suno.com.br\/noticias\/banco-do-brasil-leilao-imoveis\/\",\"name\":\"Banco do Brasil far\u00e1 leil\u00e3o de im\u00f3veis em SP nesta semana\",\"isPartOf\":{\"@id\":\"https:\/\/www.suno.com.br\/noticias\/#website\"},\"primaryImageOfPage\":{\"@id\":\"https:\/\/www.suno.com.br\/noticias\/banco-do-brasil-leilao-imoveis\/#primaryimage\"},\"image\":{\"@id\":\"https:\/\/www.suno.com.br\/noticias\/banco-do-brasil-leilao-imoveis\/#primaryimage\"},\"thumbnailUrl\":\"https:\/\/files.sunoresearch.com.br\/n\/uploads\/2019\/01\/f63747f5-banco-do-brasil-scaled.webp\",\"datePublished\":\"2019-08-26T20:41:07+00:00\",\"dateModified\":\"2021-06-14T02:42:15+00:00\",\"description\":\"O Banco do Brasil far\u00e1 um leil\u00e3o de 117 im\u00f3veis. O prazo de inscri\u00e7\u00e3o para a oferta termina nesta segunda-feira (24). Clique para saber mais.\",\"breadcrumb\":{\"@id\":\"https:\/\/www.suno.com.br\/noticias\/banco-do-brasil-leilao-imoveis\/#breadcrumb\"},\"inLanguage\":\"pt-BR\",\"potentialAction\":[{\"@type\":\"ReadAction\",\"target\":[\"https:\/\/www.suno.com.br\/noticias\/banco-do-brasil-leilao-imoveis\/\"]}]},{\"@type\":\"ImageObject\",\"inLanguage\":\"pt-BR\",\"@id\":\"https:\/\/www.suno.com.br\/noticias\/banco-do-brasil-leilao-imoveis\/#primaryimage\",\"url\":\"https:\/\/files.sunoresearch.com.br\/n\/uploads\/2019\/01\/f63747f5-banco-do-brasil-scaled.webp\",\"contentUrl\":\"https:\/\/files.sunoresearch.com.br\/n\/uploads\/2019\/01\/f63747f5-banco-do-brasil-scaled.webp\",\"width\":2560,\"height\":1920,\"caption\":\"Banco do Brasil registra lucro l\u00edquido de R$ 5,6 bilh\u00f5es no 4T19\"},{\"@type\":\"BreadcrumbList\",\"@id\":\"https:\/\/www.suno.com.br\/noticias\/banco-do-brasil-leilao-imoveis\/#breadcrumb\",\"itemListElement\":[{\"@type\":\"ListItem\",\"position\":1,\"name\":\"Not\u00edcias\",\"item\":\"https:\/\/www.suno.com.br\/noticias\/\"},{\"@type\":\"ListItem\",\"position\":2,\"name\":\"FIIs\",\"item\":\"https:\/\/www.suno.com.br\/noticias\/fiis\/\"},{\"@type\":\"ListItem\",\"position\":3,\"name\":\"Banco do Brasil far\u00e1 leil\u00e3o de im\u00f3veis em SP nesta semana\"}]},{\"@type\":\"WebSite\",\"@id\":\"https:\/\/www.suno.com.br\/noticias\/#website\",\"url\":\"https:\/\/www.suno.com.br\/noticias\/\",\"name\":\"Suno Not\u00edcias\",\"description\":\"Seu portal de informa\u00e7\u00e3o sobre o mundo dos investimentos\",\"publisher\":{\"@id\":\"https:\/\/www.suno.com.br\/noticias\/#organization\"},\"potentialAction\":[{\"@type\":\"SearchAction\",\"target\":{\"@type\":\"EntryPoint\",\"urlTemplate\":\"https:\/\/www.suno.com.br\/noticias\/?s={search_term_string}\"},\"query-input\":{\"@type\":\"PropertyValueSpecification\",\"valueRequired\":true,\"valueName\":\"search_term_string\"}}],\"inLanguage\":\"pt-BR\"},{\"@type\":\"Organization\",\"@id\":\"https:\/\/www.suno.com.br\/noticias\/#organization\",\"name\":\"Suno Not\u00edcias\",\"url\":\"https:\/\/www.suno.com.br\/noticias\/\",\"logo\":{\"@type\":\"ImageObject\",\"inLanguage\":\"pt-BR\",\"@id\":\"https:\/\/www.suno.com.br\/noticias\/#\/schema\/logo\/image\/\",\"url\":\"https:\/\/files.sunoresearch.com.br\/n\/uploads\/2021\/09\/suno-logo.png\",\"contentUrl\":\"https:\/\/files.sunoresearch.com.br\/n\/uploads\/2021\/09\/suno-logo.png\",\"width\":180,\"height\":180,\"caption\":\"Suno Not\u00edcias\"},\"image\":{\"@id\":\"https:\/\/www.suno.com.br\/noticias\/#\/schema\/logo\/image\/\"},\"sameAs\":[\"https:\/\/facebook.com\/sunoresearch\",\"https:\/\/x.com\/sunoresearch\",\"https:\/\/www.instagram.com\/suno\",\"https:\/\/www.linkedin.com\/company\/suno-research\/\",\"https:\/\/www.youtube.com\/c\/sunoresearch\"]},{\"@type\":\"Person\",\"@id\":\"https:\/\/www.suno.com.br\/noticias\/#\/schema\/person\/4e19e3d2575736e5283d58eb3199d120\",\"name\":\"Giovanna Oliveira\",\"image\":{\"@type\":\"ImageObject\",\"inLanguage\":\"pt-BR\",\"@id\":\"https:\/\/www.suno.com.br\/noticias\/#\/schema\/person\/image\/\",\"url\":\"https:\/\/secure.gravatar.com\/avatar\/9a37b3ae208962ac568992d0ffdbc2eb?s=96&r=g\",\"contentUrl\":\"https:\/\/secure.gravatar.com\/avatar\/9a37b3ae208962ac568992d0ffdbc2eb?s=96&r=g\",\"caption\":\"Giovanna Oliveira\"},\"description\":\"Giovanna Oliveira escreve sobre economia e pol\u00edtica. Foi rep\u00f3rter do portal de jornalismo da ESPM-SP e produziu conte\u00fado para a Corinthians TV. \u00c9 estudante da ESPM.\",\"url\":\"https:\/\/www.suno.com.br\/noticias\/author\/giovanna\/\"}]}<\/script>\n<!-- \/ Yoast SEO plugin. -->","yoast_head_json":{"title":"Banco do Brasil far\u00e1 leil\u00e3o de im\u00f3veis em SP nesta semana","description":"O Banco do Brasil far\u00e1 um leil\u00e3o de 117 im\u00f3veis. O prazo de inscri\u00e7\u00e3o para a oferta termina nesta segunda-feira (24). Clique para saber mais.","robots":{"index":"index","follow":"follow","max-snippet":"max-snippet:-1","max-image-preview":"max-image-preview:large","max-video-preview":"max-video-preview:-1"},"canonical":"https:\/\/www.suno.com.br\/noticias\/banco-do-brasil-leilao-imoveis\/","og_locale":"pt_BR","og_type":"article","og_title":"Banco do Brasil far\u00e1 leil\u00e3o de im\u00f3veis em SP nesta semana","og_description":"O Banco do Brasil far\u00e1 um leil\u00e3o de 117 im\u00f3veis. O prazo de inscri\u00e7\u00e3o para a oferta termina nesta segunda-feira (24). Clique para saber mais.","og_url":"https:\/\/www.suno.com.br\/noticias\/banco-do-brasil-leilao-imoveis\/","og_site_name":"Suno Not\u00edcias","article_publisher":"https:\/\/facebook.com\/sunoresearch","og_image":[{"width":1024,"height":768,"url":"https:\/\/files.sunoresearch.com.br\/n\/uploads\/2019\/01\/f63747f5-banco-do-brasil-1024x768.jpg","type":"image\/jpeg"}],"author":"Giovanna Oliveira","twitter_card":"summary_large_image","twitter_creator":"@sunoresearch","twitter_site":"@sunoresearch","twitter_misc":{"Escrito por":"Giovanna Oliveira","Est. tempo de leitura":"2 minutos"},"schema":{"@context":"https:\/\/schema.org","@graph":[{"@type":"NewsArticle","@id":"https:\/\/www.suno.com.br\/noticias\/banco-do-brasil-leilao-imoveis\/#article","isPartOf":{"@id":"https:\/\/www.suno.com.br\/noticias\/banco-do-brasil-leilao-imoveis\/"},"author":{"name":"Giovanna Oliveira","@id":"https:\/\/www.suno.com.br\/noticias\/#\/schema\/person\/4e19e3d2575736e5283d58eb3199d120"},"headline":"Banco do Brasil far\u00e1 leil\u00e3o de im\u00f3veis em SP nesta semana","datePublished":"2019-08-26T20:41:07+00:00","dateModified":"2021-06-14T02:42:15+00:00","mainEntityOfPage":{"@id":"https:\/\/www.suno.com.br\/noticias\/banco-do-brasil-leilao-imoveis\/"},"wordCount":451,"publisher":{"@id":"https:\/\/www.suno.com.br\/noticias\/#organization"},"image":{"@id":"https:\/\/www.suno.com.br\/noticias\/banco-do-brasil-leilao-imoveis\/#primaryimage"},"thumbnailUrl":"https:\/\/files.sunoresearch.com.br\/n\/uploads\/2019\/01\/f63747f5-banco-do-brasil-scaled.webp","keywords":["Banco do Brasil (BBAS3)","mercado imobili\u00e1rio","S\u00e3o Paulo"],"articleSection":["FIIs"],"inLanguage":"pt-BR"},{"@type":"WebPage","@id":"https:\/\/www.suno.com.br\/noticias\/banco-do-brasil-leilao-imoveis\/","url":"https:\/\/www.suno.com.br\/noticias\/banco-do-brasil-leilao-imoveis\/","name":"Banco do Brasil far\u00e1 leil\u00e3o de im\u00f3veis em SP nesta semana","isPartOf":{"@id":"https:\/\/www.suno.com.br\/noticias\/#website"},"primaryImageOfPage":{"@id":"https:\/\/www.suno.com.br\/noticias\/banco-do-brasil-leilao-imoveis\/#primaryimage"},"image":{"@id":"https:\/\/www.suno.com.br\/noticias\/banco-do-brasil-leilao-imoveis\/#primaryimage"},"thumbnailUrl":"https:\/\/files.sunoresearch.com.br\/n\/uploads\/2019\/01\/f63747f5-banco-do-brasil-scaled.webp","datePublished":"2019-08-26T20:41:07+00:00","dateModified":"2021-06-14T02:42:15+00:00","description":"O Banco do Brasil far\u00e1 um leil\u00e3o de 117 im\u00f3veis. O prazo de inscri\u00e7\u00e3o para a oferta termina nesta segunda-feira (24). Clique para saber mais.","breadcrumb":{"@id":"https:\/\/www.suno.com.br\/noticias\/banco-do-brasil-leilao-imoveis\/#breadcrumb"},"inLanguage":"pt-BR","potentialAction":[{"@type":"ReadAction","target":["https:\/\/www.suno.com.br\/noticias\/banco-do-brasil-leilao-imoveis\/"]}]},{"@type":"ImageObject","inLanguage":"pt-BR","@id":"https:\/\/www.suno.com.br\/noticias\/banco-do-brasil-leilao-imoveis\/#primaryimage","url":"https:\/\/files.sunoresearch.com.br\/n\/uploads\/2019\/01\/f63747f5-banco-do-brasil-scaled.webp","contentUrl":"https:\/\/files.sunoresearch.com.br\/n\/uploads\/2019\/01\/f63747f5-banco-do-brasil-scaled.webp","width":2560,"height":1920,"caption":"Banco do Brasil registra lucro l\u00edquido de R$ 5,6 bilh\u00f5es no 4T19"},{"@type":"BreadcrumbList","@id":"https:\/\/www.suno.com.br\/noticias\/banco-do-brasil-leilao-imoveis\/#breadcrumb","itemListElement":[{"@type":"ListItem","position":1,"name":"Not\u00edcias","item":"https:\/\/www.suno.com.br\/noticias\/"},{"@type":"ListItem","position":2,"name":"FIIs","item":"https:\/\/www.suno.com.br\/noticias\/fiis\/"},{"@type":"ListItem","position":3,"name":"Banco do Brasil far\u00e1 leil\u00e3o de im\u00f3veis em SP nesta semana"}]},{"@type":"WebSite","@id":"https:\/\/www.suno.com.br\/noticias\/#website","url":"https:\/\/www.suno.com.br\/noticias\/","name":"Suno Not\u00edcias","description":"Seu portal de informa\u00e7\u00e3o sobre o mundo dos investimentos","publisher":{"@id":"https:\/\/www.suno.com.br\/noticias\/#organization"},"potentialAction":[{"@type":"SearchAction","target":{"@type":"EntryPoint","urlTemplate":"https:\/\/www.suno.com.br\/noticias\/?s={search_term_string}"},"query-input":{"@type":"PropertyValueSpecification","valueRequired":true,"valueName":"search_term_string"}}],"inLanguage":"pt-BR"},{"@type":"Organization","@id":"https:\/\/www.suno.com.br\/noticias\/#organization","name":"Suno Not\u00edcias","url":"https:\/\/www.suno.com.br\/noticias\/","logo":{"@type":"ImageObject","inLanguage":"pt-BR","@id":"https:\/\/www.suno.com.br\/noticias\/#\/schema\/logo\/image\/","url":"https:\/\/files.sunoresearch.com.br\/n\/uploads\/2021\/09\/suno-logo.png","contentUrl":"https:\/\/files.sunoresearch.com.br\/n\/uploads\/2021\/09\/suno-logo.png","width":180,"height":180,"caption":"Suno Not\u00edcias"},"image":{"@id":"https:\/\/www.suno.com.br\/noticias\/#\/schema\/logo\/image\/"},"sameAs":["https:\/\/facebook.com\/sunoresearch","https:\/\/x.com\/sunoresearch","https:\/\/www.instagram.com\/suno","https:\/\/www.linkedin.com\/company\/suno-research\/","https:\/\/www.youtube.com\/c\/sunoresearch"]},{"@type":"Person","@id":"https:\/\/www.suno.com.br\/noticias\/#\/schema\/person\/4e19e3d2575736e5283d58eb3199d120","name":"Giovanna Oliveira","image":{"@type":"ImageObject","inLanguage":"pt-BR","@id":"https:\/\/www.suno.com.br\/noticias\/#\/schema\/person\/image\/","url":"https:\/\/secure.gravatar.com\/avatar\/9a37b3ae208962ac568992d0ffdbc2eb?s=96&r=g","contentUrl":"https:\/\/secure.gravatar.com\/avatar\/9a37b3ae208962ac568992d0ffdbc2eb?s=96&r=g","caption":"Giovanna Oliveira"},"description":"Giovanna Oliveira escreve sobre economia e pol\u00edtica. Foi rep\u00f3rter do portal de jornalismo da ESPM-SP e produziu conte\u00fado para a Corinthians TV. \u00c9 estudante da ESPM.","url":"https:\/\/www.suno.com.br\/noticias\/author\/giovanna\/"}]}},"default_loop_html":"<div class=\"cardsPage__listCard__boxs\"><div class=\"cardsPage__listCard__boxs__img\"><a href=\"https:\/\/www.suno.com.br\/noticias\/banco-do-brasil-leilao-imoveis\/\"><img class=\"mask\" src=\"https:\/\/www.suno.com.br\/noticias\/wp-content\/themes\/suno\/resources\/images\/spotlight\/spotlight1img\/bg-mask.png\" alt=\"Image Mask\"\/><img src=\"https:\/\/files.sunoresearch.com.br\/n\/uploads\/2019\/01\/f63747f5-banco-do-brasil-400x200.webp\" alt=\"Banco do Brasil far\u00e1 leil\u00e3o de im\u00f3veis em SP nesta semana\"\/><\/a><span class=\"spotlightCategory\"><a href=\"https:\/\/www.suno.com.br\/noticias\/fiis\/\">FIIs<\/a><\/span><\/div><div class=\"cardsPage__listCard__boxs__content\"><a href=\"https:\/\/www.suno.com.br\/noticias\/banco-do-brasil-leilao-imoveis\/\"><h2 class=\"content__title\">Banco do Brasil far\u00e1 leil\u00e3o de im\u00f3veis em SP nesta semana<\/h2><\/a><div class=\"newsContent__article__meta\"><div class=\"newsContent__article__meta__authorBox\"><a href=\"https:\/\/www.suno.com.br\/noticias\/author\/giovanna\/\" class=\"authorBox__avatar noMobi\"><img src=\"https:\/\/files.sunoresearch.com.br\/n\/uploads\/2019\/06\/952a89ca-screenshot_20190608-171507-150x150.webp\" alt=\"Giovanna Oliveira\"><\/a><div class=\"authorBox__name\"><span>por\n\t\t\t<a href=\"https:\/\/www.suno.com.br\/noticias\/author\/giovanna\/\"><span itemprop=\"author\">Giovanna Oliveira<\/span><\/a><\/span><time datetime=\"2019-08-26T17:41:07-03:00\" itemprop=\"datePublished\">26\/08\/2019 17:41<\/time><\/div><\/div><\/div><\/div><\/div>","single_layout":"posts","amp_enabled":true,"_links":{"self":[{"href":"https:\/\/www.suno.com.br\/noticias\/wp-json\/wp\/v2\/posts\/35362"}],"collection":[{"href":"https:\/\/www.suno.com.br\/noticias\/wp-json\/wp\/v2\/posts"}],"about":[{"href":"https:\/\/www.suno.com.br\/noticias\/wp-json\/wp\/v2\/types\/post"}],"author":[{"embeddable":true,"href":"https:\/\/www.suno.com.br\/noticias\/wp-json\/wp\/v2\/users\/18"}],"replies":[{"embeddable":true,"href":"https:\/\/www.suno.com.br\/noticias\/wp-json\/wp\/v2\/comments?post=35362"}],"version-history":[{"count":1,"href":"https:\/\/www.suno.com.br\/noticias\/wp-json\/wp\/v2\/posts\/35362\/revisions"}],"predecessor-version":[{"id":157180,"href":"https:\/\/www.suno.com.br\/noticias\/wp-json\/wp\/v2\/posts\/35362\/revisions\/157180"}],"wp:featuredmedia":[{"embeddable":true,"href":"https:\/\/www.suno.com.br\/noticias\/wp-json\/wp\/v2\/media\/10097"}],"wp:attachment":[{"href":"https:\/\/www.suno.com.br\/noticias\/wp-json\/wp\/v2\/media?parent=35362"}],"wp:term":[{"taxonomy":"category","embeddable":true,"href":"https:\/\/www.suno.com.br\/noticias\/wp-json\/wp\/v2\/categories?post=35362"},{"taxonomy":"post_tag","embeddable":true,"href":"https:\/\/www.suno.com.br\/noticias\/wp-json\/wp\/v2\/tags?post=35362"},{"taxonomy":"suno_strategy","embeddable":true,"href":"https:\/\/www.suno.com.br\/noticias\/wp-json\/wp\/v2\/suno_strategy?post=35362"}],"curies":[{"name":"wp","href":"https:\/\/api.w.org\/{rel}","templated":true}]}}