{"id":353522,"date":"2023-01-26T18:40:41","date_gmt":"2023-01-26T21:40:41","guid":{"rendered":"https:\/\/www.suno.com.br\/noticias\/?p=353522"},"modified":"2023-01-26T19:32:21","modified_gmt":"2023-01-26T22:32:21","slug":"ibovespa-hoje-fechamento-26012023","status":"publish","type":"post","link":"https:\/\/www.suno.com.br\/noticias\/ibovespa-hoje-fechamento-26012023\/","title":{"rendered":"Ibovespa cai 0,08% e mant\u00e9m os 114 mil pontos; Petrobras (PETR4) derrete ap\u00f3s confirma\u00e7\u00e3o de Prates na presid\u00eancia"},"content":{"rendered":"<p>O&nbsp;<strong>Ibovespa<\/strong>&nbsp;encerrou o preg\u00e3o de hoje (26) com queda de 0,08% aos 114.177,55 pontos, ap\u00f3s oscilar entre 113.591,04 e 114.835,35. O volume financeiro do dia foi de R$ 22,30 bilh\u00f5es.<\/p><div class=\"videoFull \">\n\t\t\t<div class=\"videoWrapper yt-lazyload center\"\n\t\t\t\tdata-width=\"960\"\n\t\t\t\tdata-height=\"540\"\n\t\t\t\tdata-id=\"6c0nyKY3nMw\"\n\t\t\t\tdata-alt=\"V\u00eddeo do YouTube - clique para reproduzir\"\n\t\t\t\tdata-logo=\"3\"\n\t\t\t\tdata-imagequality=\"maxres\">\n\t\t\t<\/div>\n\t\t<\/div><script type=\"application\/ld+json\">{\"@context\":\"https:\/\/schema.org\",\"@type\":\"VideoObject\",\"name\":\"PRATES NA PETROBRAS (PETR4): \u00c9 O FIM DOS DIVIDENDOS? | Justi\u00e7a atende Bradesco e mira em Americanas\",\"description\":\"\ud83d\udd0e \ud83d\udcca[\ud835\uddf2\ud835\uddd5\ud835\uddfc\ud835\uddfc\ud835\uddf8 \ud835\uddda\ud835\udde5\ud835\uddd4\ud835\udde7\ud835\udde8\ud835\udddc\ud835\udde7\ud835\udde2] \ud835\uddd4\ud835\uddfd\ud835\uddff\ud835\uddf2\ud835\uddfb\ud835\uddf1\ud835\uddee \ud835\uddf0\ud835\uddfc\ud835\uddfa\ud835\uddfc \ud835\uddee\ud835\uddfb\ud835\uddee\ud835\uddf9\ud835\uddf6\ud835\ude00\ud835\uddee\ud835\uddff \ud835\ude02\ud835\uddfa\ud835\uddee \ud835\uddee\u00e7\u00e3\ud835\uddfc\u200b \ud83d\udc47 https:\/\/lp.suno.com.br\/ebook-como-analisar-uma-acao\/?utm_source=youtube.noticias&utm_medium=live&utm_campaign=ebookcomoanalisarumaacao.20230124&utm_content=ytnoticias.live19.26012023 O Ibovespa encerrou o preg\u00e3o de hoje (26) com queda de 0,08% aos 114.177,55 pontos, ap\u00f3s oscilar entre 113.591,04 e 114.835,35. O volume financeiro do dia foi de R$ 22,30 bilh\u00f5es. A sess\u00e3o desta quinta-feira teve a pol\u00edtica no radar dos investidores. Isso porque Jean\u2026\",\"duration\":\"PT41M19S\",\"embedUrl\":\"https:\/\/www.youtube.com\/embed\/6c0nyKY3nMw\",\"regionsAllowed\":\"pt-BR\",\"interactionStatistic\":{\"@type\":\"InteractionCounter\",\"interactionType\":{\"@type\":\"WatchAction\"},\"userInteractionCount\":5194},\"thumbnailUrl\":\"https:\/\/i.ytimg.com\/vi\/6c0nyKY3nMw\/default.jpg\",\"uploadDate\":\"2023-01-26T22:52:00Z\"}<\/script>\n\n\n\n\n\t<p>\n\t\t<a href=\"\" target=\"_blank\" data-element=\"shortcode-suno-banner\" title=\"Banner SUNO, clique e saiba mais\">\n\t\t\t<picture>\n\t\t\t\t<source media=\"(max-width: 500px)\" srcset=\"\">\n\t\t\t\t<img class=\"newsContent__article__imgCapa newsContent__article__imgCapa--banner\"\n\t\t\t\t\tsrc=\"\"\n\t\t\t\t\tdata-promo-id=\"89005\"\t\t\t\t\t\t\t\t\t\t\t\t\t\t\talt=\"\"\n\t\t\t\t>\n\t\t\t<\/picture>\n\t\t<\/a>\n\t<\/p>\n\n\n\n\n\n<p>A sess\u00e3o desta quinta-feira teve o comando da gigante do Ibovespa no radar dos investidores. Isso porque Jean Paul Prates foi aprovado por unanimidade pelo <a class=\"suno-keyword\" data-force=\"no\" data-priority=\"1\" href=\"https:\/\/www.suno.com.br\/artigos\/conselho-administracao\/\" target=\"_blank\" rel=\"noopener\">conselho de administra\u00e7\u00e3o<\/a> \u00e0 presid\u00eancia da petroleira. Diante disso, as a\u00e7\u00f5es da Petrobras (PETR4;PETR3) recuaram 2,75% e 2,79%, respectivamente \u2014 contribuindo para a <strong>baixa do Ibov hoje<\/strong>.<\/p>\n\n\n\n<p>Afinal, agora o mercado lida com a expectativa em rela\u00e7\u00e3o \u00e0s primeiras medias do novo presidente da Petrobras. Conforme aponta a Goldman Sachs, Prates deve come\u00e7ar a anunciar os nomes que ir\u00e3o compor a diretoria da Petrobras em breve.<\/p>\n\n\n\n<p>Entre outras <strong>quedas no preg\u00e3o<\/strong> desta quinta-feira (26), tiveram perdas a <a class=\"suno-keyword\" data-force=\"yes\" data-priority=\"2\" href=\"https:\/\/www.suno.com.br\/acoes\/HAPV3\/\" target=\"_blank\" rel=\"noopener\">HapVida (HAPV3)<\/a>, em -3,06%, a <a class=\"suno-keyword\" data-force=\"yes\" data-priority=\"2\" href=\"https:\/\/www.suno.com.br\/acoes\/SUZB3\/\" target=\"_blank\" rel=\"noopener\">Suzano (SUZB3)<\/a>, com recuo de 2,93%, e a <a class=\"suno-keyword\" data-force=\"yes\" data-priority=\"2\" href=\"https:\/\/www.suno.com.br\/acoes\/CMIG4\/\" target=\"_blank\" rel=\"noopener\">Cemig (CMIG4)<\/a>, que perdeu 2,82%. Al\u00e9m disso, se ontem a Weg (WEG3) avan\u00e7ou, hoje ela recuou 1,32%. Quem tamb\u00e9m caiu foi a Magazine Luiza (MGLU3), que recuou 1,61% nesta quinta.<\/p>\n\n\n\n<p>Na ponta dos <strong>ganhos do Ibovespa hoje<\/strong>, a Companhia Sider\u00fargica Nacional, a CSN (CSNA3), tomou a dianteira, avan\u00e7ando 4,43%. Junto a ela, <a class=\"suno-keyword\" data-force=\"yes\" data-priority=\"2\" href=\"https:\/\/www.suno.com.br\/acoes\/CVCB3\/\" target=\"_blank\" rel=\"noopener\">CVC (CVCB3)<\/a> teve mais uma alta nesta semana, fechando o preg\u00e3o de hoje com ganhos de 4,29%. Outras altas foram da <a class=\"suno-keyword\" data-force=\"yes\" data-priority=\"2\" href=\"https:\/\/www.suno.com.br\/acoes\/USIM5\/\" target=\"_blank\" rel=\"noopener\">Usiminas (USIM5)<\/a>, <a class=\"suno-keyword\" data-force=\"yes\" data-priority=\"2\" href=\"https:\/\/www.suno.com.br\/acoes\/EZTC3\/\" target=\"_blank\" rel=\"noopener\">EzTec (EZTC3)<\/a> e <a class=\"suno-keyword\" data-force=\"yes\" data-priority=\"2\" href=\"https:\/\/www.suno.com.br\/acoes\/QUAL3\/\" target=\"_blank\" rel=\"noopener\">Qualicorp (QUAL3)<\/a> avan\u00e7aram, respectivamente, 3,74%, 3,22% e 2,25%.<\/p>\n\n\n\n<p>&#8220;O desempenho de siderurgia e minera\u00e7\u00e3o \u00e9 reflexo desse interesse estrangeiro no Ibovespa, por causa da China e do PIB dos Estados Unidos, que veio acima do consenso, mas em desacelera\u00e7\u00e3o em rela\u00e7\u00e3o ao trimestre anterior, e mostrou que o trabalho do Fed (Federal Reserve), o banco central americano est\u00e1 sendo feito&#8221;, diz o operador de renda vari\u00e1vel da Manchester Investimentos, Felipe Cima.<\/p>\n\n\n\n<p>J\u00e1 entre os ativos banc\u00e1rios no Ibovespa hoje apenas o <a href=\"https:\/\/www.suno.com.br\/acoes\/ITUB4\/\" target=\"_blank\" rel=\"noreferrer noopener\">Ita\u00fa Unibanco (ITUB4)<\/a>&nbsp;recuou, com perda de 0,59%. Por outro lado, houve ganhos no <a href=\"https:\/\/www.suno.com.br\/acoes\/BBAS3\/\" target=\"_blank\" rel=\"noreferrer noopener\">Banco do Brasil (BBAS3)<\/a>,&nbsp;que avan\u00e7ou 0,05%, no Bradesco (BDCA4), que subiu 0,28%, e no <a href=\"https:\/\/www.suno.com.br\/acoes\/SANB11\/\" target=\"_blank\" rel=\"noreferrer noopener\">Santander (SANB11)<\/a>, que teve alta de 0,69%.<\/p>\n\n\n\n<p>Pela manh\u00e3 o mercado reagiu com a not\u00edcia de que a CVM iniciaria investiga\u00e7\u00f5es contra Lemann e a dire\u00e7\u00e3o da Americanas. Quando o preg\u00e3o j\u00e1 havia sido encerrado, a <a href=\"https:\/\/www.suno.com.br\/noticias\/americanas-amer3-busca-apreensao-emails\/\" target=\"_blank\" rel=\"noreferrer noopener\">Justi\u00e7a do Estado de S\u00e3o Paulo determinou a busca e apreens\u00e3o de e-mails<\/a> de diretores e membros do conselho de administra\u00e7\u00e3o dos \u00faltimos 10 anos.<\/p>\n\n\n\n<h2 class=\"wp-block-heading\">Petr\u00f3leo fecha em alta<\/h2>\n\n\n\n<p>Nesta quinta-feira (26), os contratos do petr\u00f3leo fecharam em alta. Os investidores reagiram a dados do Produto Interno Bruto (PIB) nos Estados Unidos, que demonstraram resili\u00eancia da economia \u2014 fato que incentivando negocia\u00e7\u00f5es sob a expectativa de aumento na demanda da commodity.<\/p>\n\n\n\n<p>Na <a class=\"suno-keyword\" target=\"_blank\" data-force=\"no\" data-priority=\"1\" href=\"https:\/\/www.suno.com.br\/artigos\/nymex\/\" rel=\"noopener\">New York Mercantile Exchange (Nymex)<\/a>, o <a class=\"suno-keyword\" target=\"_blank\" data-force=\"no\" data-priority=\"1\" href=\"https:\/\/www.suno.com.br\/artigos\/wti\/\" rel=\"noopener\">petr\u00f3leo WTI<\/a> para mar\u00e7o avan\u00e7ou 1,07% (US$ 0,86), a US$ 81,01 o barril. Enquanto isso, o Brent para abril, negociado na Intercontinental Exchange (ICE), fechou em alta de 1,26% (US$ 1,09), a US$ 87,28 o barril.<\/p>\n\n\n\t<p>\n\t\t<a href=\"https:\/\/lp.suno.com.br\/planilha-controle-gastos\/\" target=\"_blank\" data-element=\"shortcode-suno-banner\" title=\"Banner SUNO, clique e saiba mais\">\n\t\t\t<picture>\n\t\t\t\t<source media=\"(max-width: 500px)\" srcset=\"https:\/\/files.sunoresearch.com.br\/n\/uploads\/2023\/03\/400x300-Planilha-controle-de-gastos.png\">\n\t\t\t\t<img class=\"newsContent__article__imgCapa newsContent__article__imgCapa--banner\"\n\t\t\t\t\tsrc=\"https:\/\/files.sunoresearch.com.br\/n\/uploads\/2023\/03\/1420x240-Planilha-controle-de-gastos.png\"\n\t\t\t\t\tdata-promo-id=\"101751\"\t\t\t\t\t\t\t\t\t\twidth='1420' height='240'\t\t\t\t\talt=\"https:\/\/files.sunoresearch.com.br\/n\/uploads\/2023\/03\/1420x240-Planilha-controle-de-gastos.png\"\n\t\t\t\t>\n\t\t\t<\/picture>\n\t\t<\/a>\n\t<\/p>\n\n\n\n\n\n<h2 class=\"wp-block-heading\">D\u00f3lar em baixa e bolsas de NY em alta<\/h2>\n\n\n\n<p>O quadro foi positivo em boa parte do dia, embora o Dow Jones tenha oscilado, com investidores avaliando balan\u00e7os corporativos e tamb\u00e9m indicadores importantes, como a primeira leitura do <a href=\"https:\/\/www.suno.com.br\/noticias\/pib-eua-avanca-4t22-analises\/\" target=\"_blank\" rel=\"noreferrer noopener\">Produto Interno Bruto (PIB) do quarto trimestre dos Estados Unidos.<\/a> <\/p>\n\n\n\n<p>Desta forma, o&nbsp;<a href=\"https:\/\/www.suno.com.br\/artigos\/indice-dow-jones-djia\/\" target=\"_blank\" rel=\"noreferrer noopener\">Dow Jones<\/a>&nbsp;subiu 0,61%, a S&amp;P ganhou 1,10% e a Nasdaq perdeu 1,76%. Apesar disso, o&nbsp;<strong>d\u00f3lar&nbsp;<\/strong>\u00e0 vista fechou em leve baixa de 0,11%, a R$ 5,0745, ap\u00f3s oscilar entre R$ 5,0595 e R$ 5,1174.<\/p>\n\n\n\n<p>Entre a\u00e7\u00f5es em foco, Tesla (TSLA34) subiu 10,97% nesta quinta, ap\u00f3s o fechamento de quarta ter publicado balan\u00e7os com n\u00fameros melhores que o previsto para o quarto trimestre. Tamb\u00e9m ap\u00f3s balan\u00e7o na quarta e o <a href=\"https:\/\/www.suno.com.br\/noticias\/ibm-ibmb34-demissao-empregados\/\" target=\"_blank\" rel=\"noreferrer noopener\">an\u00fancio de demiss\u00e3o de quase 4 mil funcion\u00e1rios<\/a>, a IBM (IBMB34) teve baixa de mais de 4%.<\/p>\n\n\n\n<h2 class=\"wp-block-heading\">Bolsas europeias em alta<\/h2>\n\n\n\n<p>As bolsas europeias fecharam em alta nesta quinta-feira (26). O dia foi de recupera\u00e7\u00e3o ap\u00f3s as perdas de ontem, com o dia de agenda esvaziada na regi\u00e3o e com investidores no aguardo da pr\u00f3xima decis\u00e3o de juros do <a class=\"suno-keyword\" target=\"_blank\" data-force=\"no\" data-priority=\"1\" href=\"https:\/\/www.suno.com.br\/artigos\/bce\/\" rel=\"noopener\">Banco Central Europeu (BCE)<\/a> e do Banco da Inglaterra (BoE). Ainda, o Produto Interno Bruto (PIB) dos EUA acima do esperado tamb\u00e9m impulsionou os neg\u00f3cios nesta sess\u00e3o.<\/p>\n\n\n\n<p>Confira como ficou o fechamento das bolsas europeias hoje:<\/p>\n\n\n\n<ul class=\"wp-block-list\">\n<li>Frankfurt (DAX): +0,34%<\/li>\n\n\n\n<li>Lisboa (PSI 20): +1,07%<\/li>\n\n\n\n<li>Londres (<a href=\"https:\/\/www.suno.com.br\/artigos\/ftse-100\/\" target=\"_blank\" rel=\"noreferrer noopener\">FTSE 100<\/a>): 0,21%<\/li>\n\n\n\n<li>Madri (IBEX 35): +0,79%<\/li>\n\n\n\n<li>Mil\u00e3o (<a href=\"https:\/\/www.suno.com.br\/artigos\/ftse-mib\/\" target=\"_blank\" rel=\"noreferrer noopener\">FTSE MIB<\/a>): +1,32%<\/li>\n\n\n\n<li>Moscou (MOEX): -0,15%<\/li>\n\n\n\n<li>Paris (<a href=\"https:\/\/www.suno.com.br\/artigos\/cac-40\/\" target=\"_blank\" rel=\"noreferrer noopener\">CAC 40<\/a>): +0,74%<\/li>\n<\/ul>\n\n\n\n<p>Na vis\u00e3o da Capital Economics, os investidores se mant\u00eam atentos a qualquer sinal que indique a decis\u00e3o de juros do BCE para as reuni\u00f5es que ap\u00f3s a da semana que vem. Afinal, o mercado j\u00e1 entrou em consenso de que a pr\u00f3xima alta ser\u00e1 de 50 pontos-base (pb). <\/p>\n\n\n\n<p>&#8220;A resili\u00eancia da economia e a persist\u00eancia do n\u00facleo da infla\u00e7\u00e3o significam que o BCE aumentar\u00e1 a taxa de dep\u00f3sito em mais 50 pb em mar\u00e7o e 25 pb nas duas reuni\u00f5es seguintes, levando-a a um pico de 3,5%&#8221;, afirmam os analistas da casa.<\/p>\n\n\n\t<p>\n\t\t<a href=\"https:\/\/lp.suno.com.br\/planilha-da-vida-financeira\/\" target=\"_blank\" data-element=\"shortcode-suno-banner\" title=\"Banner SUNO, clique e saiba mais\">\n\t\t\t<picture>\n\t\t\t\t<source media=\"(max-width: 500px)\" srcset=\"https:\/\/files.sunoresearch.com.br\/n\/uploads\/2023\/04\/400x300-Planilha-vida-financeira-true.png\">\n\t\t\t\t<img class=\"newsContent__article__imgCapa newsContent__article__imgCapa--banner\"\n\t\t\t\t\tsrc=\"https:\/\/files.sunoresearch.com.br\/n\/uploads\/2023\/04\/1420x240-Planilha-vida-financeira-true.png\"\n\t\t\t\t\tdata-promo-id=\"106682\"\t\t\t\t\t\t\t\t\t\twidth='1420' height='240'\t\t\t\t\talt=\"https:\/\/files.sunoresearch.com.br\/n\/uploads\/2023\/04\/1420x240-Planilha-vida-financeira-true.png\"\n\t\t\t\t>\n\t\t\t<\/picture>\n\t\t<\/a>\n\t<\/p>\n\n\n\n\n\n<h2 class=\"wp-block-heading\" id=\"h-noticias-que-movimentaram-a-bolsa-de-valores-hoje\">Not\u00edcias que movimentaram a <a class=\"suno-keyword\" target=\"_blank\" data-force=\"no\" data-priority=\"3\" href=\"https:\/\/www.suno.com.br\/guias\/bolsa-de-valores\/\" rel=\"noopener\">Bolsa de Valores<\/a> hoje<\/h2>\n\n\n\n<ul class=\"wp-block-list\">\n<li>Prates \u00e9 confirmado \u00e0 presid\u00eancia da Petrobras<\/li>\n\n\n\n<li>CVM investiga Lemann e dire\u00e7\u00e3o da Americanas<\/li>\n\n\n\n<li>Oi dispara 66% em duas semanas<\/li>\n<\/ul>\n\n\n\n<h2 class=\"wp-block-heading\">Prates \u00e9 confirmado na presid\u00eancia da Petrobras; a\u00e7\u00f5es desabam<\/h2>\n\n\n\n<p>As a\u00e7\u00f5es da Petrobras desabaram nesta quinta-feira ap\u00f3s a confirma\u00e7\u00e3o de Jean Paul Prates \u00e0 presid\u00eancia da estatal. <\/p>\n\n\n\n<p>Embora a aprova\u00e7\u00e3o do indicado pelo presidente Luiz In\u00e1cio Lula da Silva j\u00e1 fosse prevista pelo mercado, as <a class=\"suno-keyword\" target=\"_blank\" data-force=\"no\" data-priority=\"1\" href=\"https:\/\/www.suno.com.br\/artigos\/acoes-preferenciais\/\" rel=\"noopener\">a\u00e7\u00f5es preferenciais<\/a> e ordin\u00e1rias da petroleira recuaram 3,32% e 3,16% respectivamente, puxando uma queda no intradia do Ibovespa hoje.<\/p>\n\n\n\n<p>Prates foi aprovado em unanimidade pelo&nbsp;<strong>Conselho de Administra\u00e7\u00e3o da Petrobras<\/strong>. Em nota divulgada ao mercado, a petroleira informou que o ex-senador assumir\u00e1 o comando interinamente at\u00e9 a pr\u00f3xima assembleia de acionistas que est\u00e1 marcada para abril.<\/p>\n\n\n\n<p>A expectativa do mercado, por\u00e9m, \u00e9 em rela\u00e7\u00e3o aos primeiros atos do&nbsp;<strong>novo presidente da Petrobras<\/strong>. Conforme aponta a Goldman Sachs, Prates deve come\u00e7ar a anunciar os nomes que ir\u00e3o compor a diretoria da Petrobras em breve.<\/p>\n\n\n\n<h2 class=\"wp-block-heading\">CVM investiga Lemann e dire\u00e7\u00e3o da Americanas<\/h2>\n\n\n\n<p><a href=\"https:\/\/www.suno.com.br\/tudo-sobre\/jorge-paulo-lemann\/\" target=\"_blank\" rel=\"noreferrer noopener\">Jorge Paulo Lemann<\/a>,&nbsp;<a href=\"https:\/\/www.suno.com.br\/tudo-sobre\/marcel-herrmann-telles\/\" target=\"_blank\" rel=\"noreferrer noopener\">Marcel Telles<\/a>,&nbsp;<a href=\"https:\/\/www.suno.com.br\/tudo-sobre\/carlos-alberto-sicupira\/\" target=\"_blank\" rel=\"noreferrer noopener\">Carlos Alberto Sicupira<\/a>&nbsp;e a diretoria da&nbsp;<strong>Americanas<\/strong> est\u00e3o sendo investigados pela Comiss\u00e3o de Valores Mobili\u00e1rios (CVM) por uma suposta omiss\u00e3o de informa\u00e7\u00f5es relevantes no primeiro comunicado ao mercado sobre o esc\u00e2ndalo cont\u00e1bil da empresa.<\/p>\n\n\n\n<p>Segundo informa\u00e7\u00f5es divulgadas nesta quinta (26), a autarquia quer saber por que o primeiro comunicado, divulgado em 11 de janeiro, n\u00e3o trouxe as informa\u00e7\u00f5es atualizadas sobre a gravidade da situa\u00e7\u00e3o financeira da&nbsp;<strong>Americanas<\/strong>.<\/p>\n\n\n\n<p>De acordo com a Folha de S\u00e3o Paulo, esse \u00e9 o primeiro processo dentro da CVM que coloca os bilion\u00e1rios do&nbsp;<a href=\"https:\/\/www.suno.com.br\/artigos\/3g-capital\/\" target=\"_blank\" rel=\"noreferrer noopener\">3G Capital<\/a>&nbsp;como investigados pelo&nbsp;<strong>esc\u00e2ndalo na Americanas<\/strong>.<\/p>\n\n\n\n<h2 class=\"wp-block-heading\">Oi dispara 66% em duas semanas<\/h2>\n\n\n\n<p>As&nbsp;<a href=\"https:\/\/suno.com.br\/acoes\/oibr3\/\" target=\"_blank\" rel=\"noreferrer noopener\">a\u00e7\u00f5es da Oi<\/a> protagonizaram uma forte valoriza\u00e7\u00e3o nas \u00faltimas duas semanas, com alta de 66,67% na&nbsp;<a href=\"https:\/\/www.suno.com.br\/guias\/bolsa-de-valores\/\" target=\"_blank\" rel=\"noreferrer noopener\">bolsa de valores<\/a>. O movimento vai na contram\u00e3o das expectativas do mercado, mas nem a pr\u00f3pria empresa sabe explicar o motivo desta alta.<\/p>\n\n\n\n<p>O caso chamou aten\u00e7\u00e3o da Comiss\u00e3o de Valores Mobili\u00e1rios (CVM), que questionou o alto escal\u00e3o da Oi sobre essa oscila\u00e7\u00e3o relevante. Na quarta (25), em resposta \u00e0 autarquia, a empresa de telecomunica\u00e7\u00f5es disse:<\/p>\n\n\n\n<p>&#8220;N\u00e3o h\u00e1 fatos ou atos relevantes que em seu entendimento possam justificar poss\u00edveis oscila\u00e7\u00f5es at\u00edpicas no n\u00famero de neg\u00f3cios e na quantidade negociada de a\u00e7\u00f5es da Companhia, al\u00e9m daqueles amplamente j\u00e1 divulgados ao mercado.&#8221;<\/p>\n\n\n\t<p>\n\t\t<a href=\"https:\/\/lp.suno.com.br\/ebook-como-analisar-uma-acao\/\" target=\"_blank\" data-element=\"shortcode-suno-banner\" title=\"Banner SUNO, clique e saiba mais\">\n\t\t\t<picture>\n\t\t\t\t<source media=\"(max-width: 500px)\" srcset=\"https:\/\/files.sunoresearch.com.br\/n\/uploads\/2023\/03\/Ebook-Acoes-Mobile-1.jpg\">\n\t\t\t\t<img class=\"newsContent__article__imgCapa newsContent__article__imgCapa--banner\"\n\t\t\t\t\tsrc=\"https:\/\/files.sunoresearch.com.br\/n\/uploads\/2023\/03\/Ebook-Acoes-Desktop-1.jpg\"\n\t\t\t\t\tdata-promo-id=\"171998\"\t\t\t\t\t\t\t\t\t\twidth='1420' height='286'\t\t\t\t\talt=\"https:\/\/files.sunoresearch.com.br\/n\/uploads\/2023\/03\/Ebook-Acoes-Desktop-1.jpg\"\n\t\t\t\t>\n\t\t\t<\/picture>\n\t\t<\/a>\n\t<\/p>\n\n\n\n\n\n<h2 class=\"wp-block-heading\" id=\"h-maiores-altas-do-ibovespa\">Maiores altas do Ibovespa<\/h2>\n\n\n\n<ul class=\"wp-block-list\">\n<li>Siderurgia Nacional (CSNA3): +4,43%<\/li>\n\n\n\n<li>CVC (CVCB3): +4,29%<\/li>\n\n\n\n<li>Usiminas (USIM5): +3,74%<\/li>\n\n\n\n<li>EzTec (EZTC3): +3,22%<\/li>\n\n\n\n<li>Qualicorp (QUAL3): +2,25%<\/li>\n<\/ul>\n\n\n\n<h2 class=\"wp-block-heading\" id=\"h-maiores-baixas-do-ibovespa\">Maiores baixas do Ibovespa<\/h2>\n\n\n\n<ul class=\"wp-block-list\">\n<li>HapVida (HAPV3): -3,06%<\/li>\n\n\n\n<li>Suzano (SUZB3): -2,93%<\/li>\n\n\n\n<li>Cemig (CMIG4): -2,82%<\/li>\n\n\n\n<li>Petrobras (PETR3): -2,79%<\/li>\n\n\n\n<li>Petrobras (PETR4): -2,75%<\/li>\n<\/ul>\n\n\n\n<h2 class=\"wp-block-heading\">Fechamento dos outros \u00edndices brasileiros<\/h2>\n\n\n\n<ul class=\"wp-block-list\">\n<li><strong>Small Caps (SMLL):<\/strong>&nbsp;+0,40%<\/li>\n\n\n\n<li><strong>BDRs (BDRX):<\/strong>&nbsp;+1,19%<\/li>\n\n\n\n<li><strong>Fundos Imobili\u00e1rios (IFIX):<\/strong>&nbsp;-0,25%<\/li>\n<\/ul>\n\n\n\n<h2 class=\"wp-block-heading\">Cota\u00e7\u00e3o do Ibovespa nesta quinta-feira (26)<\/h2>\n\n\n\n<p>O&nbsp;<strong>Ibovespa<\/strong>&nbsp;fechou o preg\u00e3o desta quinta-feira (26) em queda de 0,08% aos 114.177,55 pontos.<\/p>\n\n\n\n<p><em>Com informa\u00e7\u00f5es do Estad\u00e3o Conte\u00fado<\/em><\/p>\n\n\n\n\n\t<p>\n\t\t<a href=\"https:\/\/lp.suno.com.br\/planilha-de-controle-de-investimentos\/\" target=\"_blank\" data-element=\"shortcode-suno-banner\" title=\"Banner SUNO, clique e saiba mais\">\n\t\t\t<picture>\n\t\t\t\t<source media=\"(max-width: 500px)\" srcset=\"https:\/\/files.sunoresearch.com.br\/n\/uploads\/2023\/03\/400x300-Controle-de-Investimentos.png\">\n\t\t\t\t<img class=\"newsContent__article__imgCapa newsContent__article__imgCapa--banner\"\n\t\t\t\t\tsrc=\"https:\/\/files.sunoresearch.com.br\/n\/uploads\/2023\/03\/1420x240-Controle-de-Investimentos.png\"\n\t\t\t\t\tdata-promo-id=\"75934\"\t\t\t\t\t\t\t\t\t\twidth='1420' height='240'\t\t\t\t\talt=\"https:\/\/files.sunoresearch.com.br\/n\/uploads\/2023\/03\/1420x240-Controle-de-Investimentos.png\"\n\t\t\t\t>\n\t\t\t<\/picture>\n\t\t<\/a>\n\t<\/p>\n\n\n","protected":false},"excerpt":{"rendered":"<p>O&nbsp;Ibovespa&nbsp;encerrou o preg\u00e3o de hoje (26) com queda de 0,08% aos 114.177,55 pontos, ap\u00f3s oscilar entre 113.591,04 e 114.835,35. O volume financeiro do dia foi de R$ 22,30 bilh\u00f5es. A sess\u00e3o desta quinta-feira teve o comando da gigante do Ibovespa no radar dos investidores. Isso porque Jean Paul Prates foi aprovado por unanimidade pelo conselho [&hellip;]<\/p>\n","protected":false},"author":233,"featured_media":326641,"comment_status":"closed","ping_status":"closed","sticky":false,"template":"","format":"standard","meta":[],"categories":[60],"tags":[105816,721,106949],"suno_strategy":[],"class_list":["post-353522","post","type-post","status-publish","format-standard","has-post-thumbnail","hentry","category-mercado","tag-especialistas","tag-ibovespa","tag-ibovespa-fechamento"],"yoast_head":"<!-- This site is optimized with the Yoast SEO plugin v24.4 - https:\/\/yoast.com\/wordpress\/plugins\/seo\/ -->\n<title>Ibovespa cai 0,08% e fecha aos 114 mil pontos nesta quinta (26\/01)<\/title>\n<meta name=\"description\" content=\"Veja como foi o fechamento do Ibovespa hoje (26\/01), com a movimenta\u00e7\u00e3o e principais not\u00edcias do mercado financeiro.\" \/>\n<meta name=\"robots\" content=\"index, follow, max-snippet:-1, max-image-preview:large, max-video-preview:-1\" \/>\n<link rel=\"canonical\" href=\"https:\/\/www.suno.com.br\/noticias\/ibovespa-hoje-fechamento-26012023\/\" \/>\n<meta property=\"og:locale\" content=\"pt_BR\" \/>\n<meta property=\"og:type\" content=\"article\" \/>\n<meta property=\"og:title\" content=\"Ibovespa cai 0,08% e fecha aos 114 mil pontos nesta quinta (26\/01)\" \/>\n<meta property=\"og:description\" content=\"Veja como foi o fechamento do Ibovespa hoje (26\/01), com a movimenta\u00e7\u00e3o e principais not\u00edcias do mercado financeiro.\" \/>\n<meta property=\"og:url\" content=\"https:\/\/www.suno.com.br\/noticias\/ibovespa-hoje-fechamento-26012023\/\" \/>\n<meta property=\"og:site_name\" content=\"Suno Not\u00edcias\" \/>\n<meta property=\"article:publisher\" content=\"https:\/\/facebook.com\/sunoresearch\" \/>\n<meta property=\"og:image\" content=\"https:\/\/files.sunoresearch.com.br\/n\/uploads\/2022\/11\/B3.jpg\" \/>\n\t<meta property=\"og:image:width\" content=\"1440\" \/>\n\t<meta property=\"og:image:height\" content=\"960\" \/>\n\t<meta property=\"og:image:type\" content=\"image\/jpeg\" \/>\n<meta name=\"author\" content=\"Janize Cola\u00e7o\" \/>\n<meta name=\"twitter:card\" content=\"summary_large_image\" \/>\n<meta name=\"twitter:creator\" content=\"@sunoresearch\" \/>\n<meta name=\"twitter:site\" content=\"@sunoresearch\" \/>\n<meta name=\"twitter:label1\" content=\"Escrito por\" \/>\n\t<meta name=\"twitter:data1\" content=\"Janize Cola\u00e7o\" \/>\n\t<meta name=\"twitter:label2\" content=\"Est. tempo de leitura\" \/>\n\t<meta name=\"twitter:data2\" content=\"8 minutos\" \/>\n<script type=\"application\/ld+json\" class=\"yoast-schema-graph\">{\"@context\":\"https:\/\/schema.org\",\"@graph\":[{\"@type\":\"NewsArticle\",\"@id\":\"https:\/\/www.suno.com.br\/noticias\/ibovespa-hoje-fechamento-26012023\/#article\",\"isPartOf\":{\"@id\":\"https:\/\/www.suno.com.br\/noticias\/ibovespa-hoje-fechamento-26012023\/\"},\"author\":{\"name\":\"Janize Cola\u00e7o\",\"@id\":\"https:\/\/www.suno.com.br\/noticias\/#\/schema\/person\/d689f06da5678e1f0b1ee402f001d676\"},\"headline\":\"Ibovespa cai 0,08% e mant\u00e9m os 114 mil pontos; Petrobras (PETR4) derrete ap\u00f3s confirma\u00e7\u00e3o de Prates na presid\u00eancia\",\"datePublished\":\"2023-01-26T21:40:41+00:00\",\"dateModified\":\"2023-01-26T22:32:21+00:00\",\"mainEntityOfPage\":{\"@id\":\"https:\/\/www.suno.com.br\/noticias\/ibovespa-hoje-fechamento-26012023\/\"},\"wordCount\":1399,\"publisher\":{\"@id\":\"https:\/\/www.suno.com.br\/noticias\/#organization\"},\"image\":{\"@id\":\"https:\/\/www.suno.com.br\/noticias\/ibovespa-hoje-fechamento-26012023\/#primaryimage\"},\"thumbnailUrl\":\"https:\/\/files.sunoresearch.com.br\/n\/uploads\/2022\/11\/B3.jpg\",\"keywords\":[\"Especialistas\",\"Ibovespa\",\"Ibovespa fechamento\"],\"articleSection\":[\"Mercado\"],\"inLanguage\":\"pt-BR\"},{\"@type\":\"WebPage\",\"@id\":\"https:\/\/www.suno.com.br\/noticias\/ibovespa-hoje-fechamento-26012023\/\",\"url\":\"https:\/\/www.suno.com.br\/noticias\/ibovespa-hoje-fechamento-26012023\/\",\"name\":\"Ibovespa cai 0,08% e fecha aos 114 mil pontos nesta quinta (26\/01)\",\"isPartOf\":{\"@id\":\"https:\/\/www.suno.com.br\/noticias\/#website\"},\"primaryImageOfPage\":{\"@id\":\"https:\/\/www.suno.com.br\/noticias\/ibovespa-hoje-fechamento-26012023\/#primaryimage\"},\"image\":{\"@id\":\"https:\/\/www.suno.com.br\/noticias\/ibovespa-hoje-fechamento-26012023\/#primaryimage\"},\"thumbnailUrl\":\"https:\/\/files.sunoresearch.com.br\/n\/uploads\/2022\/11\/B3.jpg\",\"datePublished\":\"2023-01-26T21:40:41+00:00\",\"dateModified\":\"2023-01-26T22:32:21+00:00\",\"description\":\"Veja como foi o fechamento do Ibovespa hoje (26\/01), com a movimenta\u00e7\u00e3o e principais not\u00edcias do mercado financeiro.\",\"breadcrumb\":{\"@id\":\"https:\/\/www.suno.com.br\/noticias\/ibovespa-hoje-fechamento-26012023\/#breadcrumb\"},\"inLanguage\":\"pt-BR\",\"potentialAction\":[{\"@type\":\"ReadAction\",\"target\":[\"https:\/\/www.suno.com.br\/noticias\/ibovespa-hoje-fechamento-26012023\/\"]}]},{\"@type\":\"ImageObject\",\"inLanguage\":\"pt-BR\",\"@id\":\"https:\/\/www.suno.com.br\/noticias\/ibovespa-hoje-fechamento-26012023\/#primaryimage\",\"url\":\"https:\/\/files.sunoresearch.com.br\/n\/uploads\/2022\/11\/B3.jpg\",\"contentUrl\":\"https:\/\/files.sunoresearch.com.br\/n\/uploads\/2022\/11\/B3.jpg\",\"width\":1440,\"height\":960,\"caption\":\"Ibovespa hoje: Foto: Divulga\u00e7\u00e3o B3\/Gustavo Scatena\"},{\"@type\":\"BreadcrumbList\",\"@id\":\"https:\/\/www.suno.com.br\/noticias\/ibovespa-hoje-fechamento-26012023\/#breadcrumb\",\"itemListElement\":[{\"@type\":\"ListItem\",\"position\":1,\"name\":\"Not\u00edcias\",\"item\":\"https:\/\/www.suno.com.br\/noticias\/\"},{\"@type\":\"ListItem\",\"position\":2,\"name\":\"Mercado\",\"item\":\"https:\/\/www.suno.com.br\/noticias\/mercado\/\"},{\"@type\":\"ListItem\",\"position\":3,\"name\":\"Ibovespa cai 0,08% e mant\u00e9m os 114 mil pontos; Petrobras (PETR4) derrete ap\u00f3s confirma\u00e7\u00e3o de Prates na presid\u00eancia\"}]},{\"@type\":\"WebSite\",\"@id\":\"https:\/\/www.suno.com.br\/noticias\/#website\",\"url\":\"https:\/\/www.suno.com.br\/noticias\/\",\"name\":\"Suno Not\u00edcias\",\"description\":\"Seu portal de informa\u00e7\u00e3o sobre o mundo dos investimentos\",\"publisher\":{\"@id\":\"https:\/\/www.suno.com.br\/noticias\/#organization\"},\"potentialAction\":[{\"@type\":\"SearchAction\",\"target\":{\"@type\":\"EntryPoint\",\"urlTemplate\":\"https:\/\/www.suno.com.br\/noticias\/?s={search_term_string}\"},\"query-input\":{\"@type\":\"PropertyValueSpecification\",\"valueRequired\":true,\"valueName\":\"search_term_string\"}}],\"inLanguage\":\"pt-BR\"},{\"@type\":\"Organization\",\"@id\":\"https:\/\/www.suno.com.br\/noticias\/#organization\",\"name\":\"Suno Not\u00edcias\",\"url\":\"https:\/\/www.suno.com.br\/noticias\/\",\"logo\":{\"@type\":\"ImageObject\",\"inLanguage\":\"pt-BR\",\"@id\":\"https:\/\/www.suno.com.br\/noticias\/#\/schema\/logo\/image\/\",\"url\":\"https:\/\/files.sunoresearch.com.br\/n\/uploads\/2021\/09\/suno-logo.png\",\"contentUrl\":\"https:\/\/files.sunoresearch.com.br\/n\/uploads\/2021\/09\/suno-logo.png\",\"width\":180,\"height\":180,\"caption\":\"Suno Not\u00edcias\"},\"image\":{\"@id\":\"https:\/\/www.suno.com.br\/noticias\/#\/schema\/logo\/image\/\"},\"sameAs\":[\"https:\/\/facebook.com\/sunoresearch\",\"https:\/\/x.com\/sunoresearch\",\"https:\/\/www.instagram.com\/suno\",\"https:\/\/www.linkedin.com\/company\/suno-research\/\",\"https:\/\/www.youtube.com\/c\/sunoresearch\"]},{\"@type\":\"Person\",\"@id\":\"https:\/\/www.suno.com.br\/noticias\/#\/schema\/person\/d689f06da5678e1f0b1ee402f001d676\",\"name\":\"Janize Cola\u00e7o\",\"image\":{\"@type\":\"ImageObject\",\"inLanguage\":\"pt-BR\",\"@id\":\"https:\/\/www.suno.com.br\/noticias\/#\/schema\/person\/image\/\",\"url\":\"https:\/\/secure.gravatar.com\/avatar\/32b3bf89abae63ca2cf961bc051522d0?s=96&r=g\",\"contentUrl\":\"https:\/\/secure.gravatar.com\/avatar\/32b3bf89abae63ca2cf961bc051522d0?s=96&r=g\",\"caption\":\"Janize Cola\u00e7o\"},\"description\":\"Jornalista formada pela PUC-SP com passagens pela Record TV, Globo Cond\u00e9 Nast, Revista Panrotas e Editora Via. Hoje, \u00e9 rep\u00f3rter no Suno Not\u00edcias, cobrindo pautas sobre mercado, pol\u00edtica, economia e bolsa de valores.\",\"url\":\"https:\/\/www.suno.com.br\/noticias\/author\/janize-colaco\/\"}]}<\/script>\n<!-- \/ Yoast SEO plugin. -->","yoast_head_json":{"title":"Ibovespa cai 0,08% e fecha aos 114 mil pontos nesta quinta (26\/01)","description":"Veja como foi o fechamento do Ibovespa hoje (26\/01), com a movimenta\u00e7\u00e3o e principais not\u00edcias do mercado financeiro.","robots":{"index":"index","follow":"follow","max-snippet":"max-snippet:-1","max-image-preview":"max-image-preview:large","max-video-preview":"max-video-preview:-1"},"canonical":"https:\/\/www.suno.com.br\/noticias\/ibovespa-hoje-fechamento-26012023\/","og_locale":"pt_BR","og_type":"article","og_title":"Ibovespa cai 0,08% e fecha aos 114 mil pontos nesta quinta (26\/01)","og_description":"Veja como foi o fechamento do Ibovespa hoje (26\/01), com a movimenta\u00e7\u00e3o e principais not\u00edcias do mercado financeiro.","og_url":"https:\/\/www.suno.com.br\/noticias\/ibovespa-hoje-fechamento-26012023\/","og_site_name":"Suno Not\u00edcias","article_publisher":"https:\/\/facebook.com\/sunoresearch","og_image":[{"width":1440,"height":960,"url":"https:\/\/files.sunoresearch.com.br\/n\/uploads\/2022\/11\/B3.jpg","type":"image\/jpeg"}],"author":"Janize Cola\u00e7o","twitter_card":"summary_large_image","twitter_creator":"@sunoresearch","twitter_site":"@sunoresearch","twitter_misc":{"Escrito por":"Janize Cola\u00e7o","Est. tempo de leitura":"8 minutos"},"schema":{"@context":"https:\/\/schema.org","@graph":[{"@type":"NewsArticle","@id":"https:\/\/www.suno.com.br\/noticias\/ibovespa-hoje-fechamento-26012023\/#article","isPartOf":{"@id":"https:\/\/www.suno.com.br\/noticias\/ibovespa-hoje-fechamento-26012023\/"},"author":{"name":"Janize Cola\u00e7o","@id":"https:\/\/www.suno.com.br\/noticias\/#\/schema\/person\/d689f06da5678e1f0b1ee402f001d676"},"headline":"Ibovespa cai 0,08% e mant\u00e9m os 114 mil pontos; Petrobras (PETR4) derrete ap\u00f3s confirma\u00e7\u00e3o de Prates na presid\u00eancia","datePublished":"2023-01-26T21:40:41+00:00","dateModified":"2023-01-26T22:32:21+00:00","mainEntityOfPage":{"@id":"https:\/\/www.suno.com.br\/noticias\/ibovespa-hoje-fechamento-26012023\/"},"wordCount":1399,"publisher":{"@id":"https:\/\/www.suno.com.br\/noticias\/#organization"},"image":{"@id":"https:\/\/www.suno.com.br\/noticias\/ibovespa-hoje-fechamento-26012023\/#primaryimage"},"thumbnailUrl":"https:\/\/files.sunoresearch.com.br\/n\/uploads\/2022\/11\/B3.jpg","keywords":["Especialistas","Ibovespa","Ibovespa fechamento"],"articleSection":["Mercado"],"inLanguage":"pt-BR"},{"@type":"WebPage","@id":"https:\/\/www.suno.com.br\/noticias\/ibovespa-hoje-fechamento-26012023\/","url":"https:\/\/www.suno.com.br\/noticias\/ibovespa-hoje-fechamento-26012023\/","name":"Ibovespa cai 0,08% e fecha aos 114 mil pontos nesta quinta (26\/01)","isPartOf":{"@id":"https:\/\/www.suno.com.br\/noticias\/#website"},"primaryImageOfPage":{"@id":"https:\/\/www.suno.com.br\/noticias\/ibovespa-hoje-fechamento-26012023\/#primaryimage"},"image":{"@id":"https:\/\/www.suno.com.br\/noticias\/ibovespa-hoje-fechamento-26012023\/#primaryimage"},"thumbnailUrl":"https:\/\/files.sunoresearch.com.br\/n\/uploads\/2022\/11\/B3.jpg","datePublished":"2023-01-26T21:40:41+00:00","dateModified":"2023-01-26T22:32:21+00:00","description":"Veja como foi o fechamento do Ibovespa hoje (26\/01), com a movimenta\u00e7\u00e3o e principais not\u00edcias do mercado financeiro.","breadcrumb":{"@id":"https:\/\/www.suno.com.br\/noticias\/ibovespa-hoje-fechamento-26012023\/#breadcrumb"},"inLanguage":"pt-BR","potentialAction":[{"@type":"ReadAction","target":["https:\/\/www.suno.com.br\/noticias\/ibovespa-hoje-fechamento-26012023\/"]}]},{"@type":"ImageObject","inLanguage":"pt-BR","@id":"https:\/\/www.suno.com.br\/noticias\/ibovespa-hoje-fechamento-26012023\/#primaryimage","url":"https:\/\/files.sunoresearch.com.br\/n\/uploads\/2022\/11\/B3.jpg","contentUrl":"https:\/\/files.sunoresearch.com.br\/n\/uploads\/2022\/11\/B3.jpg","width":1440,"height":960,"caption":"Ibovespa hoje: Foto: Divulga\u00e7\u00e3o B3\/Gustavo Scatena"},{"@type":"BreadcrumbList","@id":"https:\/\/www.suno.com.br\/noticias\/ibovespa-hoje-fechamento-26012023\/#breadcrumb","itemListElement":[{"@type":"ListItem","position":1,"name":"Not\u00edcias","item":"https:\/\/www.suno.com.br\/noticias\/"},{"@type":"ListItem","position":2,"name":"Mercado","item":"https:\/\/www.suno.com.br\/noticias\/mercado\/"},{"@type":"ListItem","position":3,"name":"Ibovespa cai 0,08% e mant\u00e9m os 114 mil pontos; Petrobras (PETR4) derrete ap\u00f3s confirma\u00e7\u00e3o de Prates na presid\u00eancia"}]},{"@type":"WebSite","@id":"https:\/\/www.suno.com.br\/noticias\/#website","url":"https:\/\/www.suno.com.br\/noticias\/","name":"Suno Not\u00edcias","description":"Seu portal de informa\u00e7\u00e3o sobre o mundo dos investimentos","publisher":{"@id":"https:\/\/www.suno.com.br\/noticias\/#organization"},"potentialAction":[{"@type":"SearchAction","target":{"@type":"EntryPoint","urlTemplate":"https:\/\/www.suno.com.br\/noticias\/?s={search_term_string}"},"query-input":{"@type":"PropertyValueSpecification","valueRequired":true,"valueName":"search_term_string"}}],"inLanguage":"pt-BR"},{"@type":"Organization","@id":"https:\/\/www.suno.com.br\/noticias\/#organization","name":"Suno Not\u00edcias","url":"https:\/\/www.suno.com.br\/noticias\/","logo":{"@type":"ImageObject","inLanguage":"pt-BR","@id":"https:\/\/www.suno.com.br\/noticias\/#\/schema\/logo\/image\/","url":"https:\/\/files.sunoresearch.com.br\/n\/uploads\/2021\/09\/suno-logo.png","contentUrl":"https:\/\/files.sunoresearch.com.br\/n\/uploads\/2021\/09\/suno-logo.png","width":180,"height":180,"caption":"Suno Not\u00edcias"},"image":{"@id":"https:\/\/www.suno.com.br\/noticias\/#\/schema\/logo\/image\/"},"sameAs":["https:\/\/facebook.com\/sunoresearch","https:\/\/x.com\/sunoresearch","https:\/\/www.instagram.com\/suno","https:\/\/www.linkedin.com\/company\/suno-research\/","https:\/\/www.youtube.com\/c\/sunoresearch"]},{"@type":"Person","@id":"https:\/\/www.suno.com.br\/noticias\/#\/schema\/person\/d689f06da5678e1f0b1ee402f001d676","name":"Janize Cola\u00e7o","image":{"@type":"ImageObject","inLanguage":"pt-BR","@id":"https:\/\/www.suno.com.br\/noticias\/#\/schema\/person\/image\/","url":"https:\/\/secure.gravatar.com\/avatar\/32b3bf89abae63ca2cf961bc051522d0?s=96&r=g","contentUrl":"https:\/\/secure.gravatar.com\/avatar\/32b3bf89abae63ca2cf961bc051522d0?s=96&r=g","caption":"Janize Cola\u00e7o"},"description":"Jornalista formada pela PUC-SP com passagens pela Record TV, Globo Cond\u00e9 Nast, Revista Panrotas e Editora Via. Hoje, \u00e9 rep\u00f3rter no Suno Not\u00edcias, cobrindo pautas sobre mercado, pol\u00edtica, economia e bolsa de valores.","url":"https:\/\/www.suno.com.br\/noticias\/author\/janize-colaco\/"}]}},"default_loop_html":"<div class=\"cardsPage__listCard__boxs\"><div class=\"cardsPage__listCard__boxs__img\"><a href=\"https:\/\/www.suno.com.br\/noticias\/ibovespa-hoje-fechamento-26012023\/\"><img class=\"mask\" src=\"https:\/\/www.suno.com.br\/noticias\/wp-content\/themes\/suno\/resources\/images\/spotlight\/spotlight1img\/bg-mask.png\" alt=\"Image Mask\"\/><img src=\"https:\/\/files.sunoresearch.com.br\/n\/uploads\/2022\/11\/B3-400x200.jpg\" alt=\"Ibovespa cai 0,08% e mant\u00e9m os 114 mil pontos; Petrobras (PETR4) derrete ap\u00f3s confirma\u00e7\u00e3o de Prates na presid\u00eancia\"\/><\/a><span class=\"spotlightCategory\"><a href=\"https:\/\/www.suno.com.br\/noticias\/mercado\/\">Mercado<\/a><\/span><\/div><div class=\"cardsPage__listCard__boxs__content\"><a href=\"https:\/\/www.suno.com.br\/noticias\/ibovespa-hoje-fechamento-26012023\/\"><h2 class=\"content__title\">Ibovespa cai 0,08% e mant\u00e9m os 114 mil pontos; Petrobras (PETR4) derrete ap\u00f3s confirma\u00e7\u00e3o de Prates na presid\u00eancia<\/h2><\/a><div class=\"newsContent__article__meta\"><div class=\"newsContent__article__meta__authorBox\"><a href=\"https:\/\/www.suno.com.br\/noticias\/author\/janize-colaco\/\" class=\"authorBox__avatar noMobi\"><img src=\"https:\/\/files.sunoresearch.com.br\/n\/uploads\/2022\/11\/20221120_111807-1-150x150.jpg\" alt=\"Janize Cola\u00e7o\"><\/a><div class=\"authorBox__name\"><span>por\n\t\t\t<a href=\"https:\/\/www.suno.com.br\/noticias\/author\/janize-colaco\/\"><span itemprop=\"author\">Janize Cola\u00e7o<\/span><\/a><\/span><time datetime=\"2023-01-26T18:40:41-03:00\" itemprop=\"datePublished\">26\/01\/2023 18:40<\/time><\/div><\/div><\/div><\/div><\/div>","single_layout":"posts","amp_enabled":true,"_links":{"self":[{"href":"https:\/\/www.suno.com.br\/noticias\/wp-json\/wp\/v2\/posts\/353522"}],"collection":[{"href":"https:\/\/www.suno.com.br\/noticias\/wp-json\/wp\/v2\/posts"}],"about":[{"href":"https:\/\/www.suno.com.br\/noticias\/wp-json\/wp\/v2\/types\/post"}],"author":[{"embeddable":true,"href":"https:\/\/www.suno.com.br\/noticias\/wp-json\/wp\/v2\/users\/233"}],"replies":[{"embeddable":true,"href":"https:\/\/www.suno.com.br\/noticias\/wp-json\/wp\/v2\/comments?post=353522"}],"version-history":[{"count":2,"href":"https:\/\/www.suno.com.br\/noticias\/wp-json\/wp\/v2\/posts\/353522\/revisions"}],"predecessor-version":[{"id":353681,"href":"https:\/\/www.suno.com.br\/noticias\/wp-json\/wp\/v2\/posts\/353522\/revisions\/353681"}],"wp:featuredmedia":[{"embeddable":true,"href":"https:\/\/www.suno.com.br\/noticias\/wp-json\/wp\/v2\/media\/326641"}],"wp:attachment":[{"href":"https:\/\/www.suno.com.br\/noticias\/wp-json\/wp\/v2\/media?parent=353522"}],"wp:term":[{"taxonomy":"category","embeddable":true,"href":"https:\/\/www.suno.com.br\/noticias\/wp-json\/wp\/v2\/categories?post=353522"},{"taxonomy":"post_tag","embeddable":true,"href":"https:\/\/www.suno.com.br\/noticias\/wp-json\/wp\/v2\/tags?post=353522"},{"taxonomy":"suno_strategy","embeddable":true,"href":"https:\/\/www.suno.com.br\/noticias\/wp-json\/wp\/v2\/suno_strategy?post=353522"}],"curies":[{"name":"wp","href":"https:\/\/api.w.org\/{rel}","templated":true}]}}