{"id":35348,"date":"2019-08-26T16:40:32","date_gmt":"2019-08-26T19:40:32","guid":{"rendered":"https:\/\/www.suno.com.br\/noticias\/?p=35348"},"modified":"2021-02-17T21:42:10","modified_gmt":"2021-02-18T00:42:10","slug":"macron-repensar-acordo-livre-comercio-mercosul","status":"publish","type":"post","link":"https:\/\/www.suno.com.br\/noticias\/macron-repensar-acordo-livre-comercio-mercosul\/","title":{"rendered":"Macron quer repensar acordo de livre-com\u00e9rcio com o Mercosul"},"content":{"rendered":"<p>O presidente da Fran\u00e7a, <strong>Emmanuel Macron,<\/strong> declarou nesta segunda-feira (26), que quer repensar o acordo de livre-com\u00e9rcio entre a <strong>Uni\u00e3o Europeia (UE)<\/strong> e o <a href=\"https:\/\/www.suno.com.br\/artigos\/mercosul\/\">Mercosul<\/a><strong>,<\/strong> dizendo que o presidente do Brasil, <strong>Jair Bolsonaro<\/strong>, n\u00e3o respeita os compromissos assumidos na \u00e1rea ambiental. A informa\u00e7\u00e3o foi divulgada pelo jornal &#8220;Valor Econ\u00f4mico&#8221;<\/p>\t<div class=\"wrapper-featured-image\">\n\t\t<figure class=\"spotlightImg\">\n\n\t\t\t<picture>\n\t\t\t\t<source media=\"(max-width: 768px)\" srcset=\"https:\/\/files.sunoresearch.com.br\/n\/uploads\/2018\/11\/e0177d63-macron-400x200.webp\">\n\t\t\t\t<img loading=\"lazy\" decoding=\"async\" class=\"newsContent__article__imgCapa lazyloadDisabled newsContent__article__imgCapa--noCaption\" src=\"https:\/\/files.sunoresearch.com.br\/n\/uploads\/2018\/11\/e0177d63-macron-800x450.webp\" width=\"800\" height=\"450\" alt=\"Macron quer repensar acordo de livre-com\u00e9rcio com o Mercosul\" fetchpriority=high \/>\n\t\t\t<\/picture>\n\n\t\t\t<figcaption class=\"wp-caption-text wp-caption-text--hide\">L\u00edderes europeus, como Macron, apoiam Joe Biden<\/figcaption>\n\t\t<\/figure>\n\t<\/div>\n\n\n\n<p><strong>Macron<\/strong> disse em entrevista \u00e0 TV F1 (TV p\u00fablica francesa), que rejeitou a ideia do acordo estar descartado, contudo, afirmou que &#8220;o texto do <strong>Mercosul<\/strong> n\u00e3o \u00e9 suficiente&#8221;, j\u00e1 que a Fran\u00e7a n\u00e3o deu seu aval definitivo.<\/p>\n<p>A Fran\u00e7a, antes de uma poss\u00edvel ratifica\u00e7\u00e3o, exige mudan\u00e7as em rela\u00e7\u00e3o ao combate \u00e0s mudan\u00e7as clim\u00e1ticas e \u00e0 prote\u00e7\u00e3o da Amaz\u00f4nia.<\/p>\n<p>Emmanuel Macron tamb\u00e9m lembrou que o acordo entre a <strong>UE<\/strong> e o <strong>Canad\u00e1<\/strong> foi &#8220;melhorado&#8221; antes da ratifica\u00e7\u00e3o.<\/p>\n<p>Segundo o presidente do pa\u00eds, o que ocorre com a <strong>Amaz\u00f4nia<\/strong> \u00e9 uma demonstra\u00e7\u00e3o de que <strong>Bolsonaro<\/strong> n\u00e3o respeita suas promessas em rela\u00e7\u00e3o \u00e0 \u00e1rea ambiental.<\/p>\n<h2>Para ministra, declara\u00e7\u00e3o de Macron foi oportunista<\/h2>\n<p>Nesta segunda-feira (26), a ministra da Agricultura, <strong>Tereza Cristina,<\/strong> afirmou que a fala do presidente da Fran\u00e7a, <strong>Emmanuel Macron,<\/strong> em rela\u00e7\u00e3o \u00e0s queimadas na Amaz\u00f4nia &#8220;foi oportunista&#8221;.<\/p>\n<p><a href=\"https:\/\/www.suno.com.br\/noticias\/declaracao-macron-amazonia-oportunista-tereza-cristina\/\">Saiba mais: Declara\u00e7\u00e3o de Macron sobre Amaz\u00f4nia foi oportunista, diz Tereza Cristina<\/a><\/p>\n<p>Durante evento na C\u00e2mara \u00e1rabe, em S\u00e3o Paulo, a ministra declarou: &#8220;Foi oportunista. Foi um problema interno do Brasil, que prejudica a imagem do pa\u00eds, que j\u00e1 n\u00e3o anda muito bem. S\u00f3 que o bom senso prevaleceu na reuni\u00e3o do G7&#8221;, afirmou Cristina sobre a declara\u00e7\u00e3o do presidente franc\u00eas sobre a Amaz\u00f4nia.<\/p>\n<p>&#8220;As rela\u00e7\u00f5es comerciais com a Europa depois da assinatura do acordo deixou com certeza alguns pa\u00edses preocupados pela pujan\u00e7a do nosso agroneg\u00f3cio e pelo mercado que n\u00f3s podemos tirar, principalmente a Irlanda&#8221;, salientou a ministra. &#8220;N\u00e3o \u00e9 de hoje que os produtores rurais da Fran\u00e7a v\u00eam se insurgindo contra os produtos brasileiros, querendo denegri-los por um problema de com\u00e9rcio&#8221;, completou.<\/p>\n<h2>Acordo UE-Mercosul<\/h2>\n<p>O <strong>Mercosul<\/strong> e a\u00a0<strong>Uni\u00e3o Europeia<\/strong> fecharam as negocia\u00e7\u00f5es para o acordo de livre-com\u00e9rcio entre os dois blocos no dia 28 de junho deste ano.<\/p>\n<p><a href=\"https:\/\/www.suno.com.br\/noticias\/queimadas-amazonia-dificultam-pacto-livre-comercio\/\">Saiba mais: Queimadas na Amaz\u00f4nia dificultam pacto de livre com\u00e9rcio, diz Tusk<\/a><\/p>\n<p>O tratado comercial compreende servi\u00e7os, investimentos, bens e compras governamentais. O acordo foi oficializado ap\u00f3s 20 anos em pauta.<\/p>\n\t<p>\n\t\t<a href=\"https:\/\/lp.suno.com.br\/ao\/sessao-estrategica-consultoria-c\/?utm_source=suno-noticias&#038;utm_medium=banner&#038;utm_campaign=_SNC36CE4E9F_&#038;utm_content=fundos-imobiliarios-ou-imoveis-onde-investir-500-mil-go\" target=\"_blank\" data-element=\"shortcode-suno-banner\" title=\"Banner SUNO, clique e saiba mais\">\n\t\t\t<picture>\n\t\t\t\t<source media=\"(max-width: 500px)\" srcset=\"https:\/\/files.sunoresearch.com.br\/n\/uploads\/2025\/09\/300x400.webp\">\n\t\t\t\t<img class=\"newsContent__article__imgCapa newsContent__article__imgCapa--banner\"\n\t\t\t\t\tsrc=\"https:\/\/files.sunoresearch.com.br\/n\/uploads\/2025\/09\/SN-DT-1420x240-1.webp\"\n\t\t\t\t\tdata-promo-id=\"635171\"\t\t\t\t\t\t\t\t\t\twidth='1420' height='240'\t\t\t\t\talt=\"https:\/\/files.sunoresearch.com.br\/n\/uploads\/2025\/09\/SN-DT-1420x240-1.webp\"\n\t\t\t\t>\n\t\t\t<\/picture>\n\t\t<\/a>\n\t<\/p>\n\n\n<p>No \u00faltimo s\u00e1bado (24), o presidente do Conselho Europeu, <strong>Donald Tusk,<\/strong> declarou que \u00e9 dif\u00edcil pensar que o bloco europeu possa aprovar um pacto de livre com\u00e9rcio com o <strong>Mercosul<\/strong> enquanto o Brasil n\u00e3o det\u00e9m os inc\u00eandios que ocorrem na Amaz\u00f4nia.<\/p>\n","protected":false},"excerpt":{"rendered":"<p>O presidente da Fran\u00e7a, Emmanuel Macron, declarou nesta segunda-feira (26), que quer repensar o acordo de livre-com\u00e9rcio entre a Uni\u00e3o Europeia (UE) e o Mercosul, dizendo que o presidente do Brasil, Jair Bolsonaro, n\u00e3o respeita os compromissos assumidos na \u00e1rea ambiental. A informa\u00e7\u00e3o foi divulgada pelo jornal &#8220;Valor Econ\u00f4mico&#8221; L\u00edderes europeus, como Macron, apoiam Joe [&hellip;]<\/p>\n","protected":false},"author":23,"featured_media":7531,"comment_status":"closed","ping_status":"closed","sticky":false,"template":"","format":"standard","meta":[],"categories":[63],"tags":[1908,773,719,868,807],"suno_strategy":[],"class_list":["post-35348","post","type-post","status-publish","format-standard","has-post-thumbnail","hentry","category-internacional","tag-emmanuel-macron","tag-franca","tag-jair-bolsonaro","tag-mercosul","tag-produto-interno-bruto-pib"],"yoast_head":"<!-- This site is optimized with the Yoast SEO plugin v24.4 - https:\/\/yoast.com\/wordpress\/plugins\/seo\/ -->\n<title>Macron quer repensar acordo de livre-com\u00e9rcio com o Mercosul<\/title>\n<meta name=\"description\" content=\"O presidente da Fran\u00e7a declarou que quer reabrir o acordo de livre-com\u00e9rcio entre a Uni\u00e3o Europeia (UE) e o Mercosul. Clique para mais.\" \/>\n<meta name=\"robots\" content=\"index, follow, max-snippet:-1, max-image-preview:large, max-video-preview:-1\" \/>\n<link rel=\"canonical\" href=\"https:\/\/www.suno.com.br\/noticias\/macron-repensar-acordo-livre-comercio-mercosul\/\" \/>\n<meta property=\"og:locale\" content=\"pt_BR\" \/>\n<meta property=\"og:type\" content=\"article\" \/>\n<meta property=\"og:title\" content=\"Macron quer repensar acordo de livre-com\u00e9rcio com o Mercosul\" \/>\n<meta property=\"og:description\" content=\"O presidente da Fran\u00e7a declarou que quer reabrir o acordo de livre-com\u00e9rcio entre a Uni\u00e3o Europeia (UE) e o Mercosul. Clique para mais.\" \/>\n<meta property=\"og:url\" content=\"https:\/\/www.suno.com.br\/noticias\/macron-repensar-acordo-livre-comercio-mercosul\/\" \/>\n<meta property=\"og:site_name\" content=\"Suno Not\u00edcias\" \/>\n<meta property=\"article:publisher\" content=\"https:\/\/facebook.com\/sunoresearch\" \/>\n<meta property=\"og:image\" content=\"https:\/\/files.sunoresearch.com.br\/n\/uploads\/2018\/11\/e0177d63-macron.jpg\" \/>\n\t<meta property=\"og:image:width\" content=\"1140\" \/>\n\t<meta property=\"og:image:height\" content=\"760\" \/>\n\t<meta property=\"og:image:type\" content=\"image\/jpeg\" \/>\n<meta name=\"author\" content=\"Rafael Lara\" \/>\n<meta name=\"twitter:card\" content=\"summary_large_image\" \/>\n<meta name=\"twitter:creator\" content=\"@sunoresearch\" \/>\n<meta name=\"twitter:site\" content=\"@sunoresearch\" \/>\n<meta name=\"twitter:label1\" content=\"Escrito por\" \/>\n\t<meta name=\"twitter:data1\" content=\"Rafael Lara\" \/>\n\t<meta name=\"twitter:label2\" content=\"Est. tempo de leitura\" \/>\n\t<meta name=\"twitter:data2\" content=\"2 minutos\" \/>\n<script type=\"application\/ld+json\" class=\"yoast-schema-graph\">{\"@context\":\"https:\/\/schema.org\",\"@graph\":[{\"@type\":\"NewsArticle\",\"@id\":\"https:\/\/www.suno.com.br\/noticias\/macron-repensar-acordo-livre-comercio-mercosul\/#article\",\"isPartOf\":{\"@id\":\"https:\/\/www.suno.com.br\/noticias\/macron-repensar-acordo-livre-comercio-mercosul\/\"},\"author\":{\"name\":\"Rafael Lara\",\"@id\":\"https:\/\/www.suno.com.br\/noticias\/#\/schema\/person\/098743caeed97b37f51315c9576c4078\"},\"headline\":\"Macron quer repensar acordo de livre-com\u00e9rcio com o Mercosul\",\"datePublished\":\"2019-08-26T19:40:32+00:00\",\"dateModified\":\"2021-02-18T00:42:10+00:00\",\"mainEntityOfPage\":{\"@id\":\"https:\/\/www.suno.com.br\/noticias\/macron-repensar-acordo-livre-comercio-mercosul\/\"},\"wordCount\":474,\"publisher\":{\"@id\":\"https:\/\/www.suno.com.br\/noticias\/#organization\"},\"image\":{\"@id\":\"https:\/\/www.suno.com.br\/noticias\/macron-repensar-acordo-livre-comercio-mercosul\/#primaryimage\"},\"thumbnailUrl\":\"https:\/\/files.sunoresearch.com.br\/n\/uploads\/2018\/11\/e0177d63-macron-jpg.webp\",\"keywords\":[\"Emmanuel Macron\",\"Fran\u00e7a\",\"Jair Bolsonaro\",\"Mercosul\",\"Produto Interno Bruto (PIB)\"],\"articleSection\":[\"Internacional\"],\"inLanguage\":\"pt-BR\"},{\"@type\":\"WebPage\",\"@id\":\"https:\/\/www.suno.com.br\/noticias\/macron-repensar-acordo-livre-comercio-mercosul\/\",\"url\":\"https:\/\/www.suno.com.br\/noticias\/macron-repensar-acordo-livre-comercio-mercosul\/\",\"name\":\"Macron quer repensar acordo de livre-com\u00e9rcio com o Mercosul\",\"isPartOf\":{\"@id\":\"https:\/\/www.suno.com.br\/noticias\/#website\"},\"primaryImageOfPage\":{\"@id\":\"https:\/\/www.suno.com.br\/noticias\/macron-repensar-acordo-livre-comercio-mercosul\/#primaryimage\"},\"image\":{\"@id\":\"https:\/\/www.suno.com.br\/noticias\/macron-repensar-acordo-livre-comercio-mercosul\/#primaryimage\"},\"thumbnailUrl\":\"https:\/\/files.sunoresearch.com.br\/n\/uploads\/2018\/11\/e0177d63-macron-jpg.webp\",\"datePublished\":\"2019-08-26T19:40:32+00:00\",\"dateModified\":\"2021-02-18T00:42:10+00:00\",\"description\":\"O presidente da Fran\u00e7a declarou que quer reabrir o acordo de livre-com\u00e9rcio entre a Uni\u00e3o Europeia (UE) e o Mercosul. Clique para mais.\",\"breadcrumb\":{\"@id\":\"https:\/\/www.suno.com.br\/noticias\/macron-repensar-acordo-livre-comercio-mercosul\/#breadcrumb\"},\"inLanguage\":\"pt-BR\",\"potentialAction\":[{\"@type\":\"ReadAction\",\"target\":[\"https:\/\/www.suno.com.br\/noticias\/macron-repensar-acordo-livre-comercio-mercosul\/\"]}]},{\"@type\":\"ImageObject\",\"inLanguage\":\"pt-BR\",\"@id\":\"https:\/\/www.suno.com.br\/noticias\/macron-repensar-acordo-livre-comercio-mercosul\/#primaryimage\",\"url\":\"https:\/\/files.sunoresearch.com.br\/n\/uploads\/2018\/11\/e0177d63-macron-jpg.webp\",\"contentUrl\":\"https:\/\/files.sunoresearch.com.br\/n\/uploads\/2018\/11\/e0177d63-macron-jpg.webp\",\"width\":1140,\"height\":760,\"caption\":\"L\u00edderes europeus, como Macron, apoiam Joe Biden\"},{\"@type\":\"BreadcrumbList\",\"@id\":\"https:\/\/www.suno.com.br\/noticias\/macron-repensar-acordo-livre-comercio-mercosul\/#breadcrumb\",\"itemListElement\":[{\"@type\":\"ListItem\",\"position\":1,\"name\":\"Not\u00edcias\",\"item\":\"https:\/\/www.suno.com.br\/noticias\/\"},{\"@type\":\"ListItem\",\"position\":2,\"name\":\"Internacional\",\"item\":\"https:\/\/www.suno.com.br\/noticias\/internacional\/\"},{\"@type\":\"ListItem\",\"position\":3,\"name\":\"Macron quer repensar acordo de livre-com\u00e9rcio com o Mercosul\"}]},{\"@type\":\"WebSite\",\"@id\":\"https:\/\/www.suno.com.br\/noticias\/#website\",\"url\":\"https:\/\/www.suno.com.br\/noticias\/\",\"name\":\"Suno Not\u00edcias\",\"description\":\"Seu portal de informa\u00e7\u00e3o sobre o mundo dos investimentos\",\"publisher\":{\"@id\":\"https:\/\/www.suno.com.br\/noticias\/#organization\"},\"potentialAction\":[{\"@type\":\"SearchAction\",\"target\":{\"@type\":\"EntryPoint\",\"urlTemplate\":\"https:\/\/www.suno.com.br\/noticias\/?s={search_term_string}\"},\"query-input\":{\"@type\":\"PropertyValueSpecification\",\"valueRequired\":true,\"valueName\":\"search_term_string\"}}],\"inLanguage\":\"pt-BR\"},{\"@type\":\"Organization\",\"@id\":\"https:\/\/www.suno.com.br\/noticias\/#organization\",\"name\":\"Suno Not\u00edcias\",\"url\":\"https:\/\/www.suno.com.br\/noticias\/\",\"logo\":{\"@type\":\"ImageObject\",\"inLanguage\":\"pt-BR\",\"@id\":\"https:\/\/www.suno.com.br\/noticias\/#\/schema\/logo\/image\/\",\"url\":\"https:\/\/files.sunoresearch.com.br\/n\/uploads\/2021\/09\/suno-logo.png\",\"contentUrl\":\"https:\/\/files.sunoresearch.com.br\/n\/uploads\/2021\/09\/suno-logo.png\",\"width\":180,\"height\":180,\"caption\":\"Suno Not\u00edcias\"},\"image\":{\"@id\":\"https:\/\/www.suno.com.br\/noticias\/#\/schema\/logo\/image\/\"},\"sameAs\":[\"https:\/\/facebook.com\/sunoresearch\",\"https:\/\/x.com\/sunoresearch\",\"https:\/\/www.instagram.com\/suno\",\"https:\/\/www.linkedin.com\/company\/suno-research\/\",\"https:\/\/www.youtube.com\/c\/sunoresearch\"]},{\"@type\":\"Person\",\"@id\":\"https:\/\/www.suno.com.br\/noticias\/#\/schema\/person\/098743caeed97b37f51315c9576c4078\",\"name\":\"Rafael Lara\",\"image\":{\"@type\":\"ImageObject\",\"inLanguage\":\"pt-BR\",\"@id\":\"https:\/\/www.suno.com.br\/noticias\/#\/schema\/person\/image\/\",\"url\":\"https:\/\/secure.gravatar.com\/avatar\/dfc254ab9bb2ea1895d98b9e9dae4bdd?s=96&r=g\",\"contentUrl\":\"https:\/\/secure.gravatar.com\/avatar\/dfc254ab9bb2ea1895d98b9e9dae4bdd?s=96&r=g\",\"caption\":\"Rafael Lara\"},\"description\":\"Rafael Lara cursa jornalismo na Faculdade C\u00e1sper L\u00edbero. Escreve sobre pol\u00edtica, economia e neg\u00f3cios para o portal Suno Not\u00edcias. Antes, colaborou na TV Gazeta na produ\u00e7\u00e3o do programa Edi\u00e7\u00e3o Extra.\",\"url\":\"https:\/\/www.suno.com.br\/noticias\/author\/rafael\/\"}]}<\/script>\n<!-- \/ Yoast SEO plugin. -->","yoast_head_json":{"title":"Macron quer repensar acordo de livre-com\u00e9rcio com o Mercosul","description":"O presidente da Fran\u00e7a declarou que quer reabrir o acordo de livre-com\u00e9rcio entre a Uni\u00e3o Europeia (UE) e o Mercosul. Clique para mais.","robots":{"index":"index","follow":"follow","max-snippet":"max-snippet:-1","max-image-preview":"max-image-preview:large","max-video-preview":"max-video-preview:-1"},"canonical":"https:\/\/www.suno.com.br\/noticias\/macron-repensar-acordo-livre-comercio-mercosul\/","og_locale":"pt_BR","og_type":"article","og_title":"Macron quer repensar acordo de livre-com\u00e9rcio com o Mercosul","og_description":"O presidente da Fran\u00e7a declarou que quer reabrir o acordo de livre-com\u00e9rcio entre a Uni\u00e3o Europeia (UE) e o Mercosul. Clique para mais.","og_url":"https:\/\/www.suno.com.br\/noticias\/macron-repensar-acordo-livre-comercio-mercosul\/","og_site_name":"Suno Not\u00edcias","article_publisher":"https:\/\/facebook.com\/sunoresearch","og_image":[{"width":1140,"height":760,"url":"https:\/\/files.sunoresearch.com.br\/n\/uploads\/2018\/11\/e0177d63-macron.jpg","type":"image\/jpeg"}],"author":"Rafael Lara","twitter_card":"summary_large_image","twitter_creator":"@sunoresearch","twitter_site":"@sunoresearch","twitter_misc":{"Escrito por":"Rafael Lara","Est. tempo de leitura":"2 minutos"},"schema":{"@context":"https:\/\/schema.org","@graph":[{"@type":"NewsArticle","@id":"https:\/\/www.suno.com.br\/noticias\/macron-repensar-acordo-livre-comercio-mercosul\/#article","isPartOf":{"@id":"https:\/\/www.suno.com.br\/noticias\/macron-repensar-acordo-livre-comercio-mercosul\/"},"author":{"name":"Rafael Lara","@id":"https:\/\/www.suno.com.br\/noticias\/#\/schema\/person\/098743caeed97b37f51315c9576c4078"},"headline":"Macron quer repensar acordo de livre-com\u00e9rcio com o Mercosul","datePublished":"2019-08-26T19:40:32+00:00","dateModified":"2021-02-18T00:42:10+00:00","mainEntityOfPage":{"@id":"https:\/\/www.suno.com.br\/noticias\/macron-repensar-acordo-livre-comercio-mercosul\/"},"wordCount":474,"publisher":{"@id":"https:\/\/www.suno.com.br\/noticias\/#organization"},"image":{"@id":"https:\/\/www.suno.com.br\/noticias\/macron-repensar-acordo-livre-comercio-mercosul\/#primaryimage"},"thumbnailUrl":"https:\/\/files.sunoresearch.com.br\/n\/uploads\/2018\/11\/e0177d63-macron-jpg.webp","keywords":["Emmanuel Macron","Fran\u00e7a","Jair Bolsonaro","Mercosul","Produto Interno Bruto (PIB)"],"articleSection":["Internacional"],"inLanguage":"pt-BR"},{"@type":"WebPage","@id":"https:\/\/www.suno.com.br\/noticias\/macron-repensar-acordo-livre-comercio-mercosul\/","url":"https:\/\/www.suno.com.br\/noticias\/macron-repensar-acordo-livre-comercio-mercosul\/","name":"Macron quer repensar acordo de livre-com\u00e9rcio com o Mercosul","isPartOf":{"@id":"https:\/\/www.suno.com.br\/noticias\/#website"},"primaryImageOfPage":{"@id":"https:\/\/www.suno.com.br\/noticias\/macron-repensar-acordo-livre-comercio-mercosul\/#primaryimage"},"image":{"@id":"https:\/\/www.suno.com.br\/noticias\/macron-repensar-acordo-livre-comercio-mercosul\/#primaryimage"},"thumbnailUrl":"https:\/\/files.sunoresearch.com.br\/n\/uploads\/2018\/11\/e0177d63-macron-jpg.webp","datePublished":"2019-08-26T19:40:32+00:00","dateModified":"2021-02-18T00:42:10+00:00","description":"O presidente da Fran\u00e7a declarou que quer reabrir o acordo de livre-com\u00e9rcio entre a Uni\u00e3o Europeia (UE) e o Mercosul. Clique para mais.","breadcrumb":{"@id":"https:\/\/www.suno.com.br\/noticias\/macron-repensar-acordo-livre-comercio-mercosul\/#breadcrumb"},"inLanguage":"pt-BR","potentialAction":[{"@type":"ReadAction","target":["https:\/\/www.suno.com.br\/noticias\/macron-repensar-acordo-livre-comercio-mercosul\/"]}]},{"@type":"ImageObject","inLanguage":"pt-BR","@id":"https:\/\/www.suno.com.br\/noticias\/macron-repensar-acordo-livre-comercio-mercosul\/#primaryimage","url":"https:\/\/files.sunoresearch.com.br\/n\/uploads\/2018\/11\/e0177d63-macron-jpg.webp","contentUrl":"https:\/\/files.sunoresearch.com.br\/n\/uploads\/2018\/11\/e0177d63-macron-jpg.webp","width":1140,"height":760,"caption":"L\u00edderes europeus, como Macron, apoiam Joe Biden"},{"@type":"BreadcrumbList","@id":"https:\/\/www.suno.com.br\/noticias\/macron-repensar-acordo-livre-comercio-mercosul\/#breadcrumb","itemListElement":[{"@type":"ListItem","position":1,"name":"Not\u00edcias","item":"https:\/\/www.suno.com.br\/noticias\/"},{"@type":"ListItem","position":2,"name":"Internacional","item":"https:\/\/www.suno.com.br\/noticias\/internacional\/"},{"@type":"ListItem","position":3,"name":"Macron quer repensar acordo de livre-com\u00e9rcio com o Mercosul"}]},{"@type":"WebSite","@id":"https:\/\/www.suno.com.br\/noticias\/#website","url":"https:\/\/www.suno.com.br\/noticias\/","name":"Suno Not\u00edcias","description":"Seu portal de informa\u00e7\u00e3o sobre o mundo dos investimentos","publisher":{"@id":"https:\/\/www.suno.com.br\/noticias\/#organization"},"potentialAction":[{"@type":"SearchAction","target":{"@type":"EntryPoint","urlTemplate":"https:\/\/www.suno.com.br\/noticias\/?s={search_term_string}"},"query-input":{"@type":"PropertyValueSpecification","valueRequired":true,"valueName":"search_term_string"}}],"inLanguage":"pt-BR"},{"@type":"Organization","@id":"https:\/\/www.suno.com.br\/noticias\/#organization","name":"Suno Not\u00edcias","url":"https:\/\/www.suno.com.br\/noticias\/","logo":{"@type":"ImageObject","inLanguage":"pt-BR","@id":"https:\/\/www.suno.com.br\/noticias\/#\/schema\/logo\/image\/","url":"https:\/\/files.sunoresearch.com.br\/n\/uploads\/2021\/09\/suno-logo.png","contentUrl":"https:\/\/files.sunoresearch.com.br\/n\/uploads\/2021\/09\/suno-logo.png","width":180,"height":180,"caption":"Suno Not\u00edcias"},"image":{"@id":"https:\/\/www.suno.com.br\/noticias\/#\/schema\/logo\/image\/"},"sameAs":["https:\/\/facebook.com\/sunoresearch","https:\/\/x.com\/sunoresearch","https:\/\/www.instagram.com\/suno","https:\/\/www.linkedin.com\/company\/suno-research\/","https:\/\/www.youtube.com\/c\/sunoresearch"]},{"@type":"Person","@id":"https:\/\/www.suno.com.br\/noticias\/#\/schema\/person\/098743caeed97b37f51315c9576c4078","name":"Rafael Lara","image":{"@type":"ImageObject","inLanguage":"pt-BR","@id":"https:\/\/www.suno.com.br\/noticias\/#\/schema\/person\/image\/","url":"https:\/\/secure.gravatar.com\/avatar\/dfc254ab9bb2ea1895d98b9e9dae4bdd?s=96&r=g","contentUrl":"https:\/\/secure.gravatar.com\/avatar\/dfc254ab9bb2ea1895d98b9e9dae4bdd?s=96&r=g","caption":"Rafael Lara"},"description":"Rafael Lara cursa jornalismo na Faculdade C\u00e1sper L\u00edbero. Escreve sobre pol\u00edtica, economia e neg\u00f3cios para o portal Suno Not\u00edcias. Antes, colaborou na TV Gazeta na produ\u00e7\u00e3o do programa Edi\u00e7\u00e3o Extra.","url":"https:\/\/www.suno.com.br\/noticias\/author\/rafael\/"}]}},"default_loop_html":"<div class=\"cardsPage__listCard__boxs\"><div class=\"cardsPage__listCard__boxs__img\"><a href=\"https:\/\/www.suno.com.br\/noticias\/macron-repensar-acordo-livre-comercio-mercosul\/\"><img class=\"mask\" src=\"https:\/\/www.suno.com.br\/noticias\/wp-content\/themes\/suno\/resources\/images\/spotlight\/spotlight1img\/bg-mask.png\" alt=\"Image Mask\"\/><img src=\"https:\/\/files.sunoresearch.com.br\/n\/uploads\/2018\/11\/e0177d63-macron-400x200.webp\" alt=\"Macron quer repensar acordo de livre-com\u00e9rcio com o Mercosul\"\/><\/a><span class=\"spotlightCategory\"><a href=\"https:\/\/www.suno.com.br\/noticias\/internacional\/\">Internacional<\/a><\/span><\/div><div class=\"cardsPage__listCard__boxs__content\"><a href=\"https:\/\/www.suno.com.br\/noticias\/macron-repensar-acordo-livre-comercio-mercosul\/\"><h2 class=\"content__title\">Macron quer repensar acordo de livre-com\u00e9rcio com o Mercosul<\/h2><\/a><div class=\"newsContent__article__meta\"><div class=\"newsContent__article__meta__authorBox\"><a href=\"https:\/\/www.suno.com.br\/noticias\/author\/rafael\/\" class=\"authorBox__avatar noMobi\"><img src=\"https:\/\/secure.gravatar.com\/avatar\/dfc254ab9bb2ea1895d98b9e9dae4bdd?s=96&#038;r=g\" alt=\"Rafael Lara\"><\/a><div class=\"authorBox__name\"><span>por\n\t\t\t<a href=\"https:\/\/www.suno.com.br\/noticias\/author\/rafael\/\"><span itemprop=\"author\">Rafael Lara<\/span><\/a><\/span><time datetime=\"2019-08-26T16:40:32-03:00\" itemprop=\"datePublished\">26\/08\/2019 16:40<\/time><\/div><\/div><\/div><\/div><\/div>","single_layout":"posts","amp_enabled":true,"_links":{"self":[{"href":"https:\/\/www.suno.com.br\/noticias\/wp-json\/wp\/v2\/posts\/35348"}],"collection":[{"href":"https:\/\/www.suno.com.br\/noticias\/wp-json\/wp\/v2\/posts"}],"about":[{"href":"https:\/\/www.suno.com.br\/noticias\/wp-json\/wp\/v2\/types\/post"}],"author":[{"embeddable":true,"href":"https:\/\/www.suno.com.br\/noticias\/wp-json\/wp\/v2\/users\/23"}],"replies":[{"embeddable":true,"href":"https:\/\/www.suno.com.br\/noticias\/wp-json\/wp\/v2\/comments?post=35348"}],"version-history":[{"count":0,"href":"https:\/\/www.suno.com.br\/noticias\/wp-json\/wp\/v2\/posts\/35348\/revisions"}],"wp:featuredmedia":[{"embeddable":true,"href":"https:\/\/www.suno.com.br\/noticias\/wp-json\/wp\/v2\/media\/7531"}],"wp:attachment":[{"href":"https:\/\/www.suno.com.br\/noticias\/wp-json\/wp\/v2\/media?parent=35348"}],"wp:term":[{"taxonomy":"category","embeddable":true,"href":"https:\/\/www.suno.com.br\/noticias\/wp-json\/wp\/v2\/categories?post=35348"},{"taxonomy":"post_tag","embeddable":true,"href":"https:\/\/www.suno.com.br\/noticias\/wp-json\/wp\/v2\/tags?post=35348"},{"taxonomy":"suno_strategy","embeddable":true,"href":"https:\/\/www.suno.com.br\/noticias\/wp-json\/wp\/v2\/suno_strategy?post=35348"}],"curies":[{"name":"wp","href":"https:\/\/api.w.org\/{rel}","templated":true}]}}