{"id":35342,"date":"2019-08-26T16:48:14","date_gmt":"2019-08-26T19:48:14","guid":{"rendered":"https:\/\/www.suno.com.br\/noticias\/?p=35342"},"modified":"2019-08-26T16:48:31","modified_gmt":"2019-08-26T19:48:31","slug":"ibovespa-retorna-96-mil-dolar-atinge-r-4","status":"publish","type":"post","link":"https:\/\/www.suno.com.br\/noticias\/ibovespa-retorna-96-mil-dolar-atinge-r-4\/","title":{"rendered":"Ibovespa opera na casa dos 96 mil pontos e d\u00f3lar chega a R$ 4,15"},"content":{"rendered":"<p>O mercado financeiro segue apresentando resultados negativos ap\u00f3s as tens\u00f5es da \u00faltima semana. Na tarde desta segunda-feira (26),o Ibovespa est\u00e1 operando em queda de 1,47%, a 96.233,64 pontos, por volta das 15h40. Al\u00e9m disso, o <strong>d\u00f3lar<\/strong> sobe 0,65%, cotado em R$ 4,151.<\/p>\t<div class=\"wrapper-featured-image\">\n\t\t<figure class=\"spotlightImg\">\n\n\t\t\t<picture>\n\t\t\t\t<source media=\"(max-width: 768px)\" srcset=\"https:\/\/files.sunoresearch.com.br\/n\/uploads\/2018\/09\/6e7a09a8-ibovespa-dolar-400x200.webp\">\n\t\t\t\t<img loading=\"lazy\" decoding=\"async\" class=\"newsContent__article__imgCapa lazyloadDisabled newsContent__article__imgCapa--noCaption\" src=\"https:\/\/files.sunoresearch.com.br\/n\/uploads\/2018\/09\/6e7a09a8-ibovespa-dolar-800x450.webp\" width=\"800\" height=\"450\" alt=\"Ibovespa opera na casa dos 96 mil pontos e d\u00f3lar chega a R$ 4,15\" fetchpriority=high \/>\n\t\t\t<\/picture>\n\n\t\t\t<figcaption class=\"wp-caption-text wp-caption-text--hide\">\u00edndices futuros<\/figcaption>\n\t\t<\/figure>\n\t<\/div>\n\n\n<p>Caso o <strong>Ibovespa<\/strong> permane\u00e7a inalterado at\u00e9 o fechamento do preg\u00e3o, essa ser\u00e1 a menor pontua\u00e7\u00e3o desde o dia 5 de junho, quando o \u00edndice contabilizou 95.998,7500 pontos.<\/p>\n\n<p>J\u00e1 a moeda norte-americana, caso encerre nesta cota\u00e7\u00e3o, apresentar\u00e1 o maior valor desde 14 de setembro de 2018, quando chegou a R$ 4,1667. A alta ocorreu uma semana ap\u00f3s o ent\u00e3o candidato \u00e0 Presid\u00eancia, Jair Bolsonaro, ser esfaqueado em Juiz de Fora, em Minas Gerais.<\/p>\n<p>A pesquisa de <strong>popularidade<\/strong> do governo federal, divulgada nesta segunda-feira, e os impasses entre o presidente <strong>Jair Bolsonaro<\/strong> e o mandat\u00e1rio franc\u00eas <strong>Emmanuel Macron<\/strong>,\u00a0preocupam os investidores.<\/p>\n<p>Al\u00e9m disso, mercado ainda est\u00e1 reagindo \u00e0s tens\u00f5es envolvendo as queimadas na <strong>Amaz\u00f4nia<\/strong>.<\/p>\n<h2>Popularidade de Jair Bolsonaro<\/h2>\n<p>Uma pesquisa divulgada pela Confedera\u00e7\u00e3o Nacional dos Transportes com o instituto MDA (CNT\/MDA) nesta segunda-feira informou que o mandato do presidente Jair Bolsonaro \u00e9 reprovado pela maior parte dos brasileiros.<\/p>\n<p>Conforme os dados da CNT\/MDA, 53,7% da popula\u00e7\u00e3o n\u00e3o aprovam o desempenho de Bolsonaro at\u00e9 o momento. Por outro lado, 41% dos brasileiros apoiam o mandat\u00e1rio. Do total de entrevistados, 5,3% n\u00e3o souberam opinar ou n\u00e3o responderam.<\/p>\n<p>A \u00faltima pesquisa divulgada foi em fevereiro deste ano, quando a aprova\u00e7\u00e3o do presidente era de 57,5%.<\/p>\n\t<p>\n\t\t<a href=\"https:\/\/lp.suno.com.br\/planilha-controle-gastos\/\" target=\"_blank\" data-element=\"shortcode-suno-banner\" title=\"Banner SUNO, clique e saiba mais\">\n\t\t\t<picture>\n\t\t\t\t<source media=\"(max-width: 500px)\" srcset=\"https:\/\/files.sunoresearch.com.br\/n\/uploads\/2023\/03\/400x300-Planilha-controle-de-gastos.png\">\n\t\t\t\t<img class=\"newsContent__article__imgCapa newsContent__article__imgCapa--banner\"\n\t\t\t\t\tsrc=\"https:\/\/files.sunoresearch.com.br\/n\/uploads\/2023\/03\/1420x240-Planilha-controle-de-gastos.png\"\n\t\t\t\t\tdata-promo-id=\"102417\"\t\t\t\t\t\t\t\t\t\twidth='1420' height='240'\t\t\t\t\talt=\"https:\/\/files.sunoresearch.com.br\/n\/uploads\/2023\/03\/1420x240-Planilha-controle-de-gastos.png\"\n\t\t\t\t>\n\t\t\t<\/picture>\n\t\t<\/a>\n\t<\/p>\n\n\n<p>A parcela dos entrevistados que avalia o governo como ruim ou p\u00e9ssimo \u00e9 de 39,5%. Somente 29,4% consideram \u00f3timo ou bom e 29,1% caracterizaram como regular.<\/p>\n<h2>Emmanuel Macron e Jair Bolsonaro<\/h2>\n<p>O presidente da Fran\u00e7a Emmanuel Macron reagiu, nesta segunda-feira, ao coment\u00e1rio feito por Jair Bolsonaro sobre Brigitte Macron, esposa do mandat\u00e1rio franc\u00eas.<\/p>\n<p>&#8220;O que eu posso dizer a voc\u00eas? \u00c9 triste, \u00e9 triste, mas \u00e9 em primeiro lugar triste para ele e para os brasileiros&#8221;, disse Macron.<\/p>\n<p>Segundo ele, o coment\u00e1rio foi extremamente desrespeitoso e \u00e9 uma vergonha para as mulheres brasileiras. Al\u00e9m disso, Macron afirmou que espera que o Brasil tenha logo um presidente que se comporte \u00e0 altura do cargo.<\/p>\n<p>No \u00faltimo s\u00e1bado (24), Bolsonaro respondeu a uma foto enviada por um internauta para sua p\u00e1gina no Facebook que zombava de Brigitte.<\/p>\n\t<p>\n\t\t<a href=\"https:\/\/lp.suno.com.br\/plataforma-de-controle-de-investimentos\/\" target=\"_blank\" data-element=\"shortcode-suno-banner\" title=\"Banner SUNO, clique e saiba mais\">\n\t\t\t<picture>\n\t\t\t\t<source media=\"(max-width: 500px)\" srcset=\"https:\/\/files.sunoresearch.com.br\/n\/uploads\/2023\/03\/400x300-Controle-de-Investimentos.png\">\n\t\t\t\t<img class=\"newsContent__article__imgCapa newsContent__article__imgCapa--banner\"\n\t\t\t\t\tsrc=\"https:\/\/files.sunoresearch.com.br\/n\/uploads\/2023\/03\/1420x240-Controle-de-Investimentos.png\"\n\t\t\t\t\tdata-promo-id=\"383162\"\t\t\t\t\t\t\t\t\t\twidth='1420' height='240'\t\t\t\t\talt=\"https:\/\/files.sunoresearch.com.br\/n\/uploads\/2023\/03\/1420x240-Controle-de-Investimentos.png\"\n\t\t\t\t>\n\t\t\t<\/picture>\n\t\t<\/a>\n\t<\/p>\n\n\n<p>Na imagem, Bolsonaro aparecia ao lado de sua esposa, Michelle Bolsonaro e Macron posava ao lado de Brigitte. A legenda informava dizia: &#8220;Entende agora por que Macron persegue Bolsonaro?&#8221;.<\/p>\n<p>\u201cN\u00e3o humilha cara. Kkkkkkk\u201d, escreveu Bolsonaro em resposta a publica\u00e7\u00e3o.<\/p>\n<h2>Amaz\u00f4nia<\/h2>\n<p>A forte onda de queimadas na Amaz\u00f4nia continuam movimentando autoridades do mundo inteiro. Nesta segunda, o primeiro-ministro brit\u00e2nico, Boris Johnson, informou que ir\u00e1 conceder aproximadamente R$ 50 milh\u00f5es em fundos para a Amaz\u00f4nia.<\/p>\n<p><a href=\"https:\/\/www.suno.com.br\/noticias\/mre-teme-queda-nas-exportacoes-queimadas-amazonia\/\">Saiba mais: MRE teme que queimadas na Amaz\u00f4nia possam afetar exporta\u00e7\u00f5es<\/a><\/p>\n<p>No \u00faltimo domingo (25), os l\u00edderes do G7 ressaltaram que tamb\u00e9m est\u00e3o se preparando para ajudar o Brasil a combater os inc\u00eandios na regi\u00e3o.<\/p>\n<p>Por conta das tens\u00f5es envolvendo a floresta amaz\u00f4nica, o Minist\u00e9rio das Rela\u00e7\u00f5es Exteriores (MRE) est\u00e1 em alerta. O receio \u00e9 de que a crise possa afetar as exporta\u00e7\u00f5es do Pa\u00eds.<\/p>\n<h2>Ibovespa e d\u00f3lar na \u00faltima sess\u00e3o<\/h2>\n<p>Na \u00faltima sess\u00e3o, sexta-feira (23), o <a href=\"https:\/\/www.suno.com.br\/artigos\/b3\/\"><strong>Ibovespa<\/strong><\/a> encerrou em queda de -2,34% com 97.667,492 pontos. J\u00e1 o d\u00f3lar encerrou em alta de 1,148%, negociado a R$ 4,1244.<\/p>\n","protected":false},"excerpt":{"rendered":"<p>O mercado financeiro segue apresentando resultados negativos ap\u00f3s as tens\u00f5es da \u00faltima semana. Na tarde desta segunda-feira (26),o Ibovespa est\u00e1 operando em queda de 1,47%, a 96.233,64 pontos, por volta das 15h40. Al\u00e9m disso, o d\u00f3lar sobe 0,65%, cotado em R$ 4,151. \u00edndices futuros Caso o Ibovespa permane\u00e7a inalterado at\u00e9 o fechamento do preg\u00e3o, essa [&hellip;]<\/p>\n","protected":false},"author":18,"featured_media":4356,"comment_status":"closed","ping_status":"closed","sticky":false,"template":"","format":"standard","meta":[],"categories":[60],"tags":[358,326,1908,721,719],"suno_strategy":[],"class_list":["post-35342","post","type-post","status-publish","format-standard","has-post-thumbnail","hentry","category-mercado","tag-amazonia","tag-dolar","tag-emmanuel-macron","tag-ibovespa","tag-jair-bolsonaro"],"yoast_head":"<!-- This site is optimized with the Yoast SEO plugin v24.4 - https:\/\/yoast.com\/wordpress\/plugins\/seo\/ -->\n<title>Ibovespa opera na casa dos 96 mil pontos e d\u00f3lar chega a R$ 4,15<\/title>\n<meta name=\"description\" content=\"O mercado segue apresentando resultados negativos ap\u00f3s as tens\u00f5es da \u00faltima semana. O Ibovespa sobe e o d\u00f3lar cai. Clique para saber mais.\" \/>\n<meta name=\"robots\" content=\"index, follow, max-snippet:-1, max-image-preview:large, max-video-preview:-1\" \/>\n<link rel=\"canonical\" href=\"https:\/\/www.suno.com.br\/noticias\/ibovespa-retorna-96-mil-dolar-atinge-r-4\/\" \/>\n<meta property=\"og:locale\" content=\"pt_BR\" \/>\n<meta property=\"og:type\" content=\"article\" \/>\n<meta property=\"og:title\" content=\"Ibovespa opera na casa dos 96 mil pontos e d\u00f3lar chega a R$ 4,15\" \/>\n<meta property=\"og:description\" content=\"O mercado segue apresentando resultados negativos ap\u00f3s as tens\u00f5es da \u00faltima semana. O Ibovespa sobe e o d\u00f3lar cai. Clique para saber mais.\" \/>\n<meta property=\"og:url\" content=\"https:\/\/www.suno.com.br\/noticias\/ibovespa-retorna-96-mil-dolar-atinge-r-4\/\" \/>\n<meta property=\"og:site_name\" content=\"Suno Not\u00edcias\" \/>\n<meta property=\"article:publisher\" content=\"https:\/\/facebook.com\/sunoresearch\" \/>\n<meta property=\"og:image\" content=\"https:\/\/files.sunoresearch.com.br\/n\/uploads\/2018\/09\/6e7a09a8-ibovespa-dolar.jpg\" \/>\n\t<meta property=\"og:image:width\" content=\"1920\" \/>\n\t<meta property=\"og:image:height\" content=\"1280\" \/>\n\t<meta property=\"og:image:type\" content=\"image\/jpeg\" \/>\n<meta name=\"author\" content=\"Giovanna Oliveira\" \/>\n<meta name=\"twitter:card\" content=\"summary_large_image\" \/>\n<meta name=\"twitter:creator\" content=\"@sunoresearch\" \/>\n<meta name=\"twitter:site\" content=\"@sunoresearch\" \/>\n<meta name=\"twitter:label1\" content=\"Escrito por\" \/>\n\t<meta name=\"twitter:data1\" content=\"Giovanna Oliveira\" \/>\n\t<meta name=\"twitter:label2\" content=\"Est. tempo de leitura\" \/>\n\t<meta name=\"twitter:data2\" content=\"3 minutos\" \/>\n<script type=\"application\/ld+json\" class=\"yoast-schema-graph\">{\"@context\":\"https:\/\/schema.org\",\"@graph\":[{\"@type\":\"NewsArticle\",\"@id\":\"https:\/\/www.suno.com.br\/noticias\/ibovespa-retorna-96-mil-dolar-atinge-r-4\/#article\",\"isPartOf\":{\"@id\":\"https:\/\/www.suno.com.br\/noticias\/ibovespa-retorna-96-mil-dolar-atinge-r-4\/\"},\"author\":{\"name\":\"Giovanna Oliveira\",\"@id\":\"https:\/\/www.suno.com.br\/noticias\/#\/schema\/person\/4e19e3d2575736e5283d58eb3199d120\"},\"headline\":\"Ibovespa opera na casa dos 96 mil pontos e d\u00f3lar chega a R$ 4,15\",\"datePublished\":\"2019-08-26T19:48:14+00:00\",\"dateModified\":\"2019-08-26T19:48:31+00:00\",\"mainEntityOfPage\":{\"@id\":\"https:\/\/www.suno.com.br\/noticias\/ibovespa-retorna-96-mil-dolar-atinge-r-4\/\"},\"wordCount\":596,\"publisher\":{\"@id\":\"https:\/\/www.suno.com.br\/noticias\/#organization\"},\"image\":{\"@id\":\"https:\/\/www.suno.com.br\/noticias\/ibovespa-retorna-96-mil-dolar-atinge-r-4\/#primaryimage\"},\"thumbnailUrl\":\"https:\/\/files.sunoresearch.com.br\/n\/uploads\/2018\/09\/6e7a09a8-ibovespa-dolar-jpg.webp\",\"keywords\":[\"Amazonia\",\"d\u00f3lar\",\"Emmanuel Macron\",\"Ibovespa\",\"Jair Bolsonaro\"],\"articleSection\":[\"Mercado\"],\"inLanguage\":\"pt-BR\"},{\"@type\":\"WebPage\",\"@id\":\"https:\/\/www.suno.com.br\/noticias\/ibovespa-retorna-96-mil-dolar-atinge-r-4\/\",\"url\":\"https:\/\/www.suno.com.br\/noticias\/ibovespa-retorna-96-mil-dolar-atinge-r-4\/\",\"name\":\"Ibovespa opera na casa dos 96 mil pontos e d\u00f3lar chega a R$ 4,15\",\"isPartOf\":{\"@id\":\"https:\/\/www.suno.com.br\/noticias\/#website\"},\"primaryImageOfPage\":{\"@id\":\"https:\/\/www.suno.com.br\/noticias\/ibovespa-retorna-96-mil-dolar-atinge-r-4\/#primaryimage\"},\"image\":{\"@id\":\"https:\/\/www.suno.com.br\/noticias\/ibovespa-retorna-96-mil-dolar-atinge-r-4\/#primaryimage\"},\"thumbnailUrl\":\"https:\/\/files.sunoresearch.com.br\/n\/uploads\/2018\/09\/6e7a09a8-ibovespa-dolar-jpg.webp\",\"datePublished\":\"2019-08-26T19:48:14+00:00\",\"dateModified\":\"2019-08-26T19:48:31+00:00\",\"description\":\"O mercado segue apresentando resultados negativos ap\u00f3s as tens\u00f5es da \u00faltima semana. O Ibovespa sobe e o d\u00f3lar cai. Clique para saber mais.\",\"breadcrumb\":{\"@id\":\"https:\/\/www.suno.com.br\/noticias\/ibovespa-retorna-96-mil-dolar-atinge-r-4\/#breadcrumb\"},\"inLanguage\":\"pt-BR\",\"potentialAction\":[{\"@type\":\"ReadAction\",\"target\":[\"https:\/\/www.suno.com.br\/noticias\/ibovespa-retorna-96-mil-dolar-atinge-r-4\/\"]}]},{\"@type\":\"ImageObject\",\"inLanguage\":\"pt-BR\",\"@id\":\"https:\/\/www.suno.com.br\/noticias\/ibovespa-retorna-96-mil-dolar-atinge-r-4\/#primaryimage\",\"url\":\"https:\/\/files.sunoresearch.com.br\/n\/uploads\/2018\/09\/6e7a09a8-ibovespa-dolar-jpg.webp\",\"contentUrl\":\"https:\/\/files.sunoresearch.com.br\/n\/uploads\/2018\/09\/6e7a09a8-ibovespa-dolar-jpg.webp\",\"width\":1920,\"height\":1280,\"caption\":\"\u00edndices futuros\"},{\"@type\":\"BreadcrumbList\",\"@id\":\"https:\/\/www.suno.com.br\/noticias\/ibovespa-retorna-96-mil-dolar-atinge-r-4\/#breadcrumb\",\"itemListElement\":[{\"@type\":\"ListItem\",\"position\":1,\"name\":\"Not\u00edcias\",\"item\":\"https:\/\/www.suno.com.br\/noticias\/\"},{\"@type\":\"ListItem\",\"position\":2,\"name\":\"Mercado\",\"item\":\"https:\/\/www.suno.com.br\/noticias\/mercado\/\"},{\"@type\":\"ListItem\",\"position\":3,\"name\":\"Ibovespa opera na casa dos 96 mil pontos e d\u00f3lar chega a R$ 4,15\"}]},{\"@type\":\"WebSite\",\"@id\":\"https:\/\/www.suno.com.br\/noticias\/#website\",\"url\":\"https:\/\/www.suno.com.br\/noticias\/\",\"name\":\"Suno Not\u00edcias\",\"description\":\"Seu portal de informa\u00e7\u00e3o sobre o mundo dos investimentos\",\"publisher\":{\"@id\":\"https:\/\/www.suno.com.br\/noticias\/#organization\"},\"potentialAction\":[{\"@type\":\"SearchAction\",\"target\":{\"@type\":\"EntryPoint\",\"urlTemplate\":\"https:\/\/www.suno.com.br\/noticias\/?s={search_term_string}\"},\"query-input\":{\"@type\":\"PropertyValueSpecification\",\"valueRequired\":true,\"valueName\":\"search_term_string\"}}],\"inLanguage\":\"pt-BR\"},{\"@type\":\"Organization\",\"@id\":\"https:\/\/www.suno.com.br\/noticias\/#organization\",\"name\":\"Suno Not\u00edcias\",\"url\":\"https:\/\/www.suno.com.br\/noticias\/\",\"logo\":{\"@type\":\"ImageObject\",\"inLanguage\":\"pt-BR\",\"@id\":\"https:\/\/www.suno.com.br\/noticias\/#\/schema\/logo\/image\/\",\"url\":\"https:\/\/files.sunoresearch.com.br\/n\/uploads\/2021\/09\/suno-logo.png\",\"contentUrl\":\"https:\/\/files.sunoresearch.com.br\/n\/uploads\/2021\/09\/suno-logo.png\",\"width\":180,\"height\":180,\"caption\":\"Suno Not\u00edcias\"},\"image\":{\"@id\":\"https:\/\/www.suno.com.br\/noticias\/#\/schema\/logo\/image\/\"},\"sameAs\":[\"https:\/\/facebook.com\/sunoresearch\",\"https:\/\/x.com\/sunoresearch\",\"https:\/\/www.instagram.com\/suno\",\"https:\/\/www.linkedin.com\/company\/suno-research\/\",\"https:\/\/www.youtube.com\/c\/sunoresearch\"]},{\"@type\":\"Person\",\"@id\":\"https:\/\/www.suno.com.br\/noticias\/#\/schema\/person\/4e19e3d2575736e5283d58eb3199d120\",\"name\":\"Giovanna Oliveira\",\"image\":{\"@type\":\"ImageObject\",\"inLanguage\":\"pt-BR\",\"@id\":\"https:\/\/www.suno.com.br\/noticias\/#\/schema\/person\/image\/\",\"url\":\"https:\/\/secure.gravatar.com\/avatar\/9a37b3ae208962ac568992d0ffdbc2eb?s=96&r=g\",\"contentUrl\":\"https:\/\/secure.gravatar.com\/avatar\/9a37b3ae208962ac568992d0ffdbc2eb?s=96&r=g\",\"caption\":\"Giovanna Oliveira\"},\"description\":\"Giovanna Oliveira escreve sobre economia e pol\u00edtica. Foi rep\u00f3rter do portal de jornalismo da ESPM-SP e produziu conte\u00fado para a Corinthians TV. \u00c9 estudante da ESPM.\",\"url\":\"https:\/\/www.suno.com.br\/noticias\/author\/giovanna\/\"}]}<\/script>\n<!-- \/ Yoast SEO plugin. -->","yoast_head_json":{"title":"Ibovespa opera na casa dos 96 mil pontos e d\u00f3lar chega a R$ 4,15","description":"O mercado segue apresentando resultados negativos ap\u00f3s as tens\u00f5es da \u00faltima semana. O Ibovespa sobe e o d\u00f3lar cai. Clique para saber mais.","robots":{"index":"index","follow":"follow","max-snippet":"max-snippet:-1","max-image-preview":"max-image-preview:large","max-video-preview":"max-video-preview:-1"},"canonical":"https:\/\/www.suno.com.br\/noticias\/ibovespa-retorna-96-mil-dolar-atinge-r-4\/","og_locale":"pt_BR","og_type":"article","og_title":"Ibovespa opera na casa dos 96 mil pontos e d\u00f3lar chega a R$ 4,15","og_description":"O mercado segue apresentando resultados negativos ap\u00f3s as tens\u00f5es da \u00faltima semana. O Ibovespa sobe e o d\u00f3lar cai. Clique para saber mais.","og_url":"https:\/\/www.suno.com.br\/noticias\/ibovespa-retorna-96-mil-dolar-atinge-r-4\/","og_site_name":"Suno Not\u00edcias","article_publisher":"https:\/\/facebook.com\/sunoresearch","og_image":[{"width":1920,"height":1280,"url":"https:\/\/files.sunoresearch.com.br\/n\/uploads\/2018\/09\/6e7a09a8-ibovespa-dolar.jpg","type":"image\/jpeg"}],"author":"Giovanna Oliveira","twitter_card":"summary_large_image","twitter_creator":"@sunoresearch","twitter_site":"@sunoresearch","twitter_misc":{"Escrito por":"Giovanna Oliveira","Est. tempo de leitura":"3 minutos"},"schema":{"@context":"https:\/\/schema.org","@graph":[{"@type":"NewsArticle","@id":"https:\/\/www.suno.com.br\/noticias\/ibovespa-retorna-96-mil-dolar-atinge-r-4\/#article","isPartOf":{"@id":"https:\/\/www.suno.com.br\/noticias\/ibovespa-retorna-96-mil-dolar-atinge-r-4\/"},"author":{"name":"Giovanna Oliveira","@id":"https:\/\/www.suno.com.br\/noticias\/#\/schema\/person\/4e19e3d2575736e5283d58eb3199d120"},"headline":"Ibovespa opera na casa dos 96 mil pontos e d\u00f3lar chega a R$ 4,15","datePublished":"2019-08-26T19:48:14+00:00","dateModified":"2019-08-26T19:48:31+00:00","mainEntityOfPage":{"@id":"https:\/\/www.suno.com.br\/noticias\/ibovespa-retorna-96-mil-dolar-atinge-r-4\/"},"wordCount":596,"publisher":{"@id":"https:\/\/www.suno.com.br\/noticias\/#organization"},"image":{"@id":"https:\/\/www.suno.com.br\/noticias\/ibovespa-retorna-96-mil-dolar-atinge-r-4\/#primaryimage"},"thumbnailUrl":"https:\/\/files.sunoresearch.com.br\/n\/uploads\/2018\/09\/6e7a09a8-ibovespa-dolar-jpg.webp","keywords":["Amazonia","d\u00f3lar","Emmanuel Macron","Ibovespa","Jair Bolsonaro"],"articleSection":["Mercado"],"inLanguage":"pt-BR"},{"@type":"WebPage","@id":"https:\/\/www.suno.com.br\/noticias\/ibovespa-retorna-96-mil-dolar-atinge-r-4\/","url":"https:\/\/www.suno.com.br\/noticias\/ibovespa-retorna-96-mil-dolar-atinge-r-4\/","name":"Ibovespa opera na casa dos 96 mil pontos e d\u00f3lar chega a R$ 4,15","isPartOf":{"@id":"https:\/\/www.suno.com.br\/noticias\/#website"},"primaryImageOfPage":{"@id":"https:\/\/www.suno.com.br\/noticias\/ibovespa-retorna-96-mil-dolar-atinge-r-4\/#primaryimage"},"image":{"@id":"https:\/\/www.suno.com.br\/noticias\/ibovespa-retorna-96-mil-dolar-atinge-r-4\/#primaryimage"},"thumbnailUrl":"https:\/\/files.sunoresearch.com.br\/n\/uploads\/2018\/09\/6e7a09a8-ibovespa-dolar-jpg.webp","datePublished":"2019-08-26T19:48:14+00:00","dateModified":"2019-08-26T19:48:31+00:00","description":"O mercado segue apresentando resultados negativos ap\u00f3s as tens\u00f5es da \u00faltima semana. O Ibovespa sobe e o d\u00f3lar cai. Clique para saber mais.","breadcrumb":{"@id":"https:\/\/www.suno.com.br\/noticias\/ibovespa-retorna-96-mil-dolar-atinge-r-4\/#breadcrumb"},"inLanguage":"pt-BR","potentialAction":[{"@type":"ReadAction","target":["https:\/\/www.suno.com.br\/noticias\/ibovespa-retorna-96-mil-dolar-atinge-r-4\/"]}]},{"@type":"ImageObject","inLanguage":"pt-BR","@id":"https:\/\/www.suno.com.br\/noticias\/ibovespa-retorna-96-mil-dolar-atinge-r-4\/#primaryimage","url":"https:\/\/files.sunoresearch.com.br\/n\/uploads\/2018\/09\/6e7a09a8-ibovespa-dolar-jpg.webp","contentUrl":"https:\/\/files.sunoresearch.com.br\/n\/uploads\/2018\/09\/6e7a09a8-ibovespa-dolar-jpg.webp","width":1920,"height":1280,"caption":"\u00edndices futuros"},{"@type":"BreadcrumbList","@id":"https:\/\/www.suno.com.br\/noticias\/ibovespa-retorna-96-mil-dolar-atinge-r-4\/#breadcrumb","itemListElement":[{"@type":"ListItem","position":1,"name":"Not\u00edcias","item":"https:\/\/www.suno.com.br\/noticias\/"},{"@type":"ListItem","position":2,"name":"Mercado","item":"https:\/\/www.suno.com.br\/noticias\/mercado\/"},{"@type":"ListItem","position":3,"name":"Ibovespa opera na casa dos 96 mil pontos e d\u00f3lar chega a R$ 4,15"}]},{"@type":"WebSite","@id":"https:\/\/www.suno.com.br\/noticias\/#website","url":"https:\/\/www.suno.com.br\/noticias\/","name":"Suno Not\u00edcias","description":"Seu portal de informa\u00e7\u00e3o sobre o mundo dos investimentos","publisher":{"@id":"https:\/\/www.suno.com.br\/noticias\/#organization"},"potentialAction":[{"@type":"SearchAction","target":{"@type":"EntryPoint","urlTemplate":"https:\/\/www.suno.com.br\/noticias\/?s={search_term_string}"},"query-input":{"@type":"PropertyValueSpecification","valueRequired":true,"valueName":"search_term_string"}}],"inLanguage":"pt-BR"},{"@type":"Organization","@id":"https:\/\/www.suno.com.br\/noticias\/#organization","name":"Suno Not\u00edcias","url":"https:\/\/www.suno.com.br\/noticias\/","logo":{"@type":"ImageObject","inLanguage":"pt-BR","@id":"https:\/\/www.suno.com.br\/noticias\/#\/schema\/logo\/image\/","url":"https:\/\/files.sunoresearch.com.br\/n\/uploads\/2021\/09\/suno-logo.png","contentUrl":"https:\/\/files.sunoresearch.com.br\/n\/uploads\/2021\/09\/suno-logo.png","width":180,"height":180,"caption":"Suno Not\u00edcias"},"image":{"@id":"https:\/\/www.suno.com.br\/noticias\/#\/schema\/logo\/image\/"},"sameAs":["https:\/\/facebook.com\/sunoresearch","https:\/\/x.com\/sunoresearch","https:\/\/www.instagram.com\/suno","https:\/\/www.linkedin.com\/company\/suno-research\/","https:\/\/www.youtube.com\/c\/sunoresearch"]},{"@type":"Person","@id":"https:\/\/www.suno.com.br\/noticias\/#\/schema\/person\/4e19e3d2575736e5283d58eb3199d120","name":"Giovanna Oliveira","image":{"@type":"ImageObject","inLanguage":"pt-BR","@id":"https:\/\/www.suno.com.br\/noticias\/#\/schema\/person\/image\/","url":"https:\/\/secure.gravatar.com\/avatar\/9a37b3ae208962ac568992d0ffdbc2eb?s=96&r=g","contentUrl":"https:\/\/secure.gravatar.com\/avatar\/9a37b3ae208962ac568992d0ffdbc2eb?s=96&r=g","caption":"Giovanna Oliveira"},"description":"Giovanna Oliveira escreve sobre economia e pol\u00edtica. Foi rep\u00f3rter do portal de jornalismo da ESPM-SP e produziu conte\u00fado para a Corinthians TV. \u00c9 estudante da ESPM.","url":"https:\/\/www.suno.com.br\/noticias\/author\/giovanna\/"}]}},"default_loop_html":"<div class=\"cardsPage__listCard__boxs\"><div class=\"cardsPage__listCard__boxs__img\"><a href=\"https:\/\/www.suno.com.br\/noticias\/ibovespa-retorna-96-mil-dolar-atinge-r-4\/\"><img class=\"mask\" src=\"https:\/\/www.suno.com.br\/noticias\/wp-content\/themes\/suno\/resources\/images\/spotlight\/spotlight1img\/bg-mask.png\" alt=\"Image Mask\"\/><img src=\"https:\/\/files.sunoresearch.com.br\/n\/uploads\/2018\/09\/6e7a09a8-ibovespa-dolar-400x200.webp\" alt=\"Ibovespa opera na casa dos 96 mil pontos e d\u00f3lar chega a R$ 4,15\"\/><\/a><span class=\"spotlightCategory\"><a href=\"https:\/\/www.suno.com.br\/noticias\/mercado\/\">Mercado<\/a><\/span><\/div><div class=\"cardsPage__listCard__boxs__content\"><a href=\"https:\/\/www.suno.com.br\/noticias\/ibovespa-retorna-96-mil-dolar-atinge-r-4\/\"><h2 class=\"content__title\">Ibovespa opera na casa dos 96 mil pontos e d\u00f3lar chega a R$ 4,15<\/h2><\/a><div class=\"newsContent__article__meta\"><div class=\"newsContent__article__meta__authorBox\"><a href=\"https:\/\/www.suno.com.br\/noticias\/author\/giovanna\/\" class=\"authorBox__avatar noMobi\"><img src=\"https:\/\/files.sunoresearch.com.br\/n\/uploads\/2019\/06\/952a89ca-screenshot_20190608-171507-150x150.webp\" alt=\"Giovanna Oliveira\"><\/a><div class=\"authorBox__name\"><span>por\n\t\t\t<a href=\"https:\/\/www.suno.com.br\/noticias\/author\/giovanna\/\"><span itemprop=\"author\">Giovanna Oliveira<\/span><\/a><\/span><time datetime=\"2019-08-26T16:48:14-03:00\" itemprop=\"datePublished\">26\/08\/2019 16:48<\/time><\/div><\/div><\/div><\/div><\/div>","single_layout":"posts","amp_enabled":true,"_links":{"self":[{"href":"https:\/\/www.suno.com.br\/noticias\/wp-json\/wp\/v2\/posts\/35342"}],"collection":[{"href":"https:\/\/www.suno.com.br\/noticias\/wp-json\/wp\/v2\/posts"}],"about":[{"href":"https:\/\/www.suno.com.br\/noticias\/wp-json\/wp\/v2\/types\/post"}],"author":[{"embeddable":true,"href":"https:\/\/www.suno.com.br\/noticias\/wp-json\/wp\/v2\/users\/18"}],"replies":[{"embeddable":true,"href":"https:\/\/www.suno.com.br\/noticias\/wp-json\/wp\/v2\/comments?post=35342"}],"version-history":[{"count":0,"href":"https:\/\/www.suno.com.br\/noticias\/wp-json\/wp\/v2\/posts\/35342\/revisions"}],"wp:featuredmedia":[{"embeddable":true,"href":"https:\/\/www.suno.com.br\/noticias\/wp-json\/wp\/v2\/media\/4356"}],"wp:attachment":[{"href":"https:\/\/www.suno.com.br\/noticias\/wp-json\/wp\/v2\/media?parent=35342"}],"wp:term":[{"taxonomy":"category","embeddable":true,"href":"https:\/\/www.suno.com.br\/noticias\/wp-json\/wp\/v2\/categories?post=35342"},{"taxonomy":"post_tag","embeddable":true,"href":"https:\/\/www.suno.com.br\/noticias\/wp-json\/wp\/v2\/tags?post=35342"},{"taxonomy":"suno_strategy","embeddable":true,"href":"https:\/\/www.suno.com.br\/noticias\/wp-json\/wp\/v2\/suno_strategy?post=35342"}],"curies":[{"name":"wp","href":"https:\/\/api.w.org\/{rel}","templated":true}]}}