{"id":35314,"date":"2019-08-26T12:59:50","date_gmt":"2019-08-26T15:59:50","guid":{"rendered":"https:\/\/www.suno.com.br\/noticias\/?p=35314"},"modified":"2021-02-17T21:42:12","modified_gmt":"2021-02-18T00:42:12","slug":"mre-teme-queda-nas-exportacoes-queimadas-amazonia","status":"publish","type":"post","link":"https:\/\/www.suno.com.br\/noticias\/mre-teme-queda-nas-exportacoes-queimadas-amazonia\/","title":{"rendered":"MRE teme que queimadas na Amaz\u00f4nia possam afetar exporta\u00e7\u00f5es"},"content":{"rendered":"<p>A crise das queimadas na <strong>Amaz\u00f4nia<\/strong> deixou o Minist\u00e9rio das Rela\u00e7\u00f5es Exteriores (MRE) em alerta. O temor \u00e9 de que a crise possa afetar as exporta\u00e7\u00f5es do Pa\u00eds.<\/p>\t<div class=\"wrapper-featured-image\">\n\t\t<figure class=\"spotlightImg\">\n\n\t\t\t<picture>\n\t\t\t\t<source media=\"(max-width: 768px)\" srcset=\"https:\/\/files.sunoresearch.com.br\/n\/uploads\/2019\/08\/12728e22-amazonia-400x200.webp\">\n\t\t\t\t<img loading=\"lazy\" decoding=\"async\" class=\"newsContent__article__imgCapa lazyloadDisabled newsContent__article__imgCapa--noCaption\" src=\"https:\/\/files.sunoresearch.com.br\/n\/uploads\/2019\/08\/12728e22-amazonia-800x450.webp\" width=\"800\" height=\"450\" alt=\"MRE teme que queimadas na Amaz\u00f4nia possam afetar exporta\u00e7\u00f5es\" fetchpriority=high \/>\n\t\t\t<\/picture>\n\n\t\t\t<figcaption class=\"wp-caption-text wp-caption-text--hide\">Fonte: Pixabay.<\/figcaption>\n\t\t<\/figure>\n\t<\/div>\n\n\n<p>Segundo o que disseram diplomatas do Itamaraty ao &#8220;Valor Econ\u00f4mico&#8221;, o <strong>MRE<\/strong> n\u00e3o acredita que possa haver uma implos\u00e3o do acordo entre Mercosul e Uni\u00e3o Europeia, como sinalizou o presidente franc\u00eas, Emmanuel Macron.<\/p>\n<p>No espectro diplom\u00e1tico, h\u00e1 a cren\u00e7a de que o acordo entre os blocos est\u00e1 preservado, apenas das declara\u00e7\u00f5es.<\/p>\n\n<h2>MRE teme queda das exporta\u00e7\u00f5es<\/h2>\n<p>O que preocupa o <strong>MRE<\/strong> \u00e9 a for\u00e7a de interesses que s\u00e3o contr\u00e1rios ao acordo. Um dos primeiros setores \u00e9 o de carnes. As manifesta\u00e7\u00f5es mais fortes contra o acordo <a href=\"https:\/\/www.suno.com.br\/noticias\/mercosul-reformas-apos-acordo-ue-diz-secex\/\">Mercosul-UE<\/a> vieram da Fran\u00e7a e Irlanda, onde o lobby da pecu\u00e1ria \u00e9 muito enf\u00e1tico.<\/p>\n<p>Agora, com a percep\u00e7\u00e3o dos inc\u00eandios na Amaz\u00f4nia, essas not\u00edcias podem funcionar como uma &#8220;barreira ambiental&#8221; aos produtos do Brasil.<\/p>\n\t<p>\n\t\t<a href=\"https:\/\/lp.suno.com.br\/ao\/cadastro-whatsapp\/\" target=\"_blank\" data-element=\"shortcode-suno-banner\" title=\"Banner SUNO, clique e saiba mais\">\n\t\t\t<picture>\n\t\t\t\t<source media=\"(max-width: 500px)\" srcset=\"https:\/\/files.sunoresearch.com.br\/n\/uploads\/2024\/03\/400x300-whatsapp-Suno.png\">\n\t\t\t\t<img class=\"newsContent__article__imgCapa newsContent__article__imgCapa--banner\"\n\t\t\t\t\tsrc=\"https:\/\/files.sunoresearch.com.br\/n\/uploads\/2024\/03\/1420x240-whatsapp-Suno.png\"\n\t\t\t\t\tdata-promo-id=\"101743\"\t\t\t\t\t\t\t\t\t\twidth='1420' height='240'\t\t\t\t\talt=\"https:\/\/files.sunoresearch.com.br\/n\/uploads\/2024\/03\/1420x240-whatsapp-Suno.png\"\n\t\t\t\t>\n\t\t\t<\/picture>\n\t\t<\/a>\n\t<\/p>\n\n\n<p>&#8220;N\u00e3o da para descartar amea\u00e7as. Na Su\u00e9cia, um supermercado dizia que tem que consumir menos carne porque a pecu\u00e1ria causa desmatamento&#8221;, disse uma fonte do governo ao &#8220;Valor&#8221;.<\/p>\n<p>Essa seria uma analogia \u00e0s tradicionais barreiras fitossanit\u00e1rias impostas a <strong>produtos agropecu\u00e1rios<\/strong> como um empecilho para proteger a produ\u00e7\u00e3o nos pa\u00edses importadores.<\/p>\n<p>O <strong>Itamaraty<\/strong> vem orientando seus postos no exterior para que espalhem mensagens com os &#8220;dados verdadeiros&#8221; sobre o desmatamento e a pol\u00edtica ambiental brasileira.<\/p>\n<p><a href=\"https:\/\/www.suno.com.br\/noticias\/mercosul-efta-acertam-livre-comercio\/\">Saiba mais: Mercosul e EFTA acertam acordo de livre com\u00e9rcio<\/a><\/p>\n<p>O Itamaraty est\u00e1 aguardando para ver se Fran\u00e7a e Finl\u00e2ndia confirmam os embargos \u00e0 carne bovina brasileira. Caso hajam retalia\u00e7\u00f5es e medidas restritivas que o Brasil considere um abuso, a resolu\u00e7\u00e3o pode ser feita pela <strong>Organiza\u00e7\u00e3o Mundial do Com\u00e9rcio (OMC)<\/strong>.<\/p>\n<p>O acordo com o <strong>EFTA<\/strong> (Su\u00ed\u00e7a, Noruega, Isl\u00e2ndia e Liechtenstein) na \u00faltima sexta-feira (23) tamb\u00e9m refor\u00e7a a ideia de que a quest\u00e3o amaz\u00f4nica n\u00e3o afetar\u00e1 os acordos multilaterais, de acordo com o <strong>MRE<\/strong>. A Noruega, presente no acordo, foi uma das criticadas pelo corte de repasses \u00e0 Amaz\u00f4nia.<\/p>\n","protected":false},"excerpt":{"rendered":"<p>A crise das queimadas na Amaz\u00f4nia deixou o Minist\u00e9rio das Rela\u00e7\u00f5es Exteriores (MRE) em alerta. O temor \u00e9 de que a crise possa afetar as exporta\u00e7\u00f5es do Pa\u00eds. Fonte: Pixabay. Segundo o que disseram diplomatas do Itamaraty ao &#8220;Valor Econ\u00f4mico&#8221;, o MRE n\u00e3o acredita que possa haver uma implos\u00e3o do acordo entre Mercosul e Uni\u00e3o [&hellip;]<\/p>\n","protected":false},"author":24,"featured_media":35329,"comment_status":"closed","ping_status":"closed","sticky":false,"template":"","format":"standard","meta":[],"categories":[63],"tags":[358,1908,719,1274,807],"suno_strategy":[],"class_list":["post-35314","post","type-post","status-publish","format-standard","has-post-thumbnail","hentry","category-internacional","tag-amazonia","tag-emmanuel-macron","tag-jair-bolsonaro","tag-ministerio-das-relacoes-exteriores","tag-produto-interno-bruto-pib"],"yoast_head":"<!-- This site is optimized with the Yoast SEO plugin v24.4 - https:\/\/yoast.com\/wordpress\/plugins\/seo\/ -->\n<title>MRE teme que queimadas na Amaz\u00f4nia possam afetar exporta\u00e7\u00f5es<\/title>\n<meta name=\"description\" content=\"A crise das queimadas na Amaz\u00f4nia deixou o Minist\u00e9rio das Rela\u00e7\u00f5es Exteriores (MRE) em alerta quanto \u00e0s exporta\u00e7\u00f5es. Saiba mais.\" \/>\n<meta name=\"robots\" content=\"index, follow, max-snippet:-1, max-image-preview:large, max-video-preview:-1\" \/>\n<link rel=\"canonical\" href=\"https:\/\/www.suno.com.br\/noticias\/mre-teme-queda-nas-exportacoes-queimadas-amazonia\/\" \/>\n<meta property=\"og:locale\" content=\"pt_BR\" \/>\n<meta property=\"og:type\" content=\"article\" \/>\n<meta property=\"og:title\" content=\"MRE teme que queimadas na Amaz\u00f4nia possam afetar exporta\u00e7\u00f5es\" \/>\n<meta property=\"og:description\" content=\"A crise das queimadas na Amaz\u00f4nia deixou o Minist\u00e9rio das Rela\u00e7\u00f5es Exteriores (MRE) em alerta quanto \u00e0s exporta\u00e7\u00f5es. Saiba mais.\" \/>\n<meta property=\"og:url\" content=\"https:\/\/www.suno.com.br\/noticias\/mre-teme-queda-nas-exportacoes-queimadas-amazonia\/\" \/>\n<meta property=\"og:site_name\" content=\"Suno Not\u00edcias\" \/>\n<meta property=\"article:publisher\" content=\"https:\/\/facebook.com\/sunoresearch\" \/>\n<meta property=\"og:image\" content=\"https:\/\/files.sunoresearch.com.br\/n\/uploads\/2019\/08\/12728e22-amazonia-1024x682.jpg\" \/>\n\t<meta property=\"og:image:width\" content=\"1024\" \/>\n\t<meta property=\"og:image:height\" content=\"682\" \/>\n\t<meta property=\"og:image:type\" content=\"image\/jpeg\" \/>\n<meta name=\"author\" content=\"Jader Lazarini\" \/>\n<meta name=\"twitter:card\" content=\"summary_large_image\" \/>\n<meta name=\"twitter:creator\" content=\"@sunoresearch\" \/>\n<meta name=\"twitter:site\" content=\"@sunoresearch\" \/>\n<meta name=\"twitter:label1\" content=\"Escrito por\" \/>\n\t<meta name=\"twitter:data1\" content=\"Jader Lazarini\" \/>\n\t<meta name=\"twitter:label2\" content=\"Est. tempo de leitura\" \/>\n\t<meta name=\"twitter:data2\" content=\"2 minutos\" \/>\n<script type=\"application\/ld+json\" class=\"yoast-schema-graph\">{\"@context\":\"https:\/\/schema.org\",\"@graph\":[{\"@type\":\"NewsArticle\",\"@id\":\"https:\/\/www.suno.com.br\/noticias\/mre-teme-queda-nas-exportacoes-queimadas-amazonia\/#article\",\"isPartOf\":{\"@id\":\"https:\/\/www.suno.com.br\/noticias\/mre-teme-queda-nas-exportacoes-queimadas-amazonia\/\"},\"author\":{\"name\":\"Jader Lazarini\",\"@id\":\"https:\/\/www.suno.com.br\/noticias\/#\/schema\/person\/918d79de1f0281f01599b93f9ea6e23f\"},\"headline\":\"MRE teme que queimadas na Amaz\u00f4nia possam afetar exporta\u00e7\u00f5es\",\"datePublished\":\"2019-08-26T15:59:50+00:00\",\"dateModified\":\"2021-02-18T00:42:12+00:00\",\"mainEntityOfPage\":{\"@id\":\"https:\/\/www.suno.com.br\/noticias\/mre-teme-queda-nas-exportacoes-queimadas-amazonia\/\"},\"wordCount\":378,\"publisher\":{\"@id\":\"https:\/\/www.suno.com.br\/noticias\/#organization\"},\"image\":{\"@id\":\"https:\/\/www.suno.com.br\/noticias\/mre-teme-queda-nas-exportacoes-queimadas-amazonia\/#primaryimage\"},\"thumbnailUrl\":\"https:\/\/files.sunoresearch.com.br\/n\/uploads\/2019\/08\/12728e22-amazonia-scaled.webp\",\"keywords\":[\"Amazonia\",\"Emmanuel Macron\",\"Jair Bolsonaro\",\"Minist\u00e9rio das Rela\u00e7\u00f5es Exteriores\",\"Produto Interno Bruto (PIB)\"],\"articleSection\":[\"Internacional\"],\"inLanguage\":\"pt-BR\"},{\"@type\":\"WebPage\",\"@id\":\"https:\/\/www.suno.com.br\/noticias\/mre-teme-queda-nas-exportacoes-queimadas-amazonia\/\",\"url\":\"https:\/\/www.suno.com.br\/noticias\/mre-teme-queda-nas-exportacoes-queimadas-amazonia\/\",\"name\":\"MRE teme que queimadas na Amaz\u00f4nia possam afetar exporta\u00e7\u00f5es\",\"isPartOf\":{\"@id\":\"https:\/\/www.suno.com.br\/noticias\/#website\"},\"primaryImageOfPage\":{\"@id\":\"https:\/\/www.suno.com.br\/noticias\/mre-teme-queda-nas-exportacoes-queimadas-amazonia\/#primaryimage\"},\"image\":{\"@id\":\"https:\/\/www.suno.com.br\/noticias\/mre-teme-queda-nas-exportacoes-queimadas-amazonia\/#primaryimage\"},\"thumbnailUrl\":\"https:\/\/files.sunoresearch.com.br\/n\/uploads\/2019\/08\/12728e22-amazonia-scaled.webp\",\"datePublished\":\"2019-08-26T15:59:50+00:00\",\"dateModified\":\"2021-02-18T00:42:12+00:00\",\"description\":\"A crise das queimadas na Amaz\u00f4nia deixou o Minist\u00e9rio das Rela\u00e7\u00f5es Exteriores (MRE) em alerta quanto \u00e0s exporta\u00e7\u00f5es. Saiba mais.\",\"breadcrumb\":{\"@id\":\"https:\/\/www.suno.com.br\/noticias\/mre-teme-queda-nas-exportacoes-queimadas-amazonia\/#breadcrumb\"},\"inLanguage\":\"pt-BR\",\"potentialAction\":[{\"@type\":\"ReadAction\",\"target\":[\"https:\/\/www.suno.com.br\/noticias\/mre-teme-queda-nas-exportacoes-queimadas-amazonia\/\"]}]},{\"@type\":\"ImageObject\",\"inLanguage\":\"pt-BR\",\"@id\":\"https:\/\/www.suno.com.br\/noticias\/mre-teme-queda-nas-exportacoes-queimadas-amazonia\/#primaryimage\",\"url\":\"https:\/\/files.sunoresearch.com.br\/n\/uploads\/2019\/08\/12728e22-amazonia-scaled.webp\",\"contentUrl\":\"https:\/\/files.sunoresearch.com.br\/n\/uploads\/2019\/08\/12728e22-amazonia-scaled.webp\",\"width\":2560,\"height\":1706,\"caption\":\"Fonte: Pixabay.\"},{\"@type\":\"BreadcrumbList\",\"@id\":\"https:\/\/www.suno.com.br\/noticias\/mre-teme-queda-nas-exportacoes-queimadas-amazonia\/#breadcrumb\",\"itemListElement\":[{\"@type\":\"ListItem\",\"position\":1,\"name\":\"Not\u00edcias\",\"item\":\"https:\/\/www.suno.com.br\/noticias\/\"},{\"@type\":\"ListItem\",\"position\":2,\"name\":\"Internacional\",\"item\":\"https:\/\/www.suno.com.br\/noticias\/internacional\/\"},{\"@type\":\"ListItem\",\"position\":3,\"name\":\"MRE teme que queimadas na Amaz\u00f4nia possam afetar exporta\u00e7\u00f5es\"}]},{\"@type\":\"WebSite\",\"@id\":\"https:\/\/www.suno.com.br\/noticias\/#website\",\"url\":\"https:\/\/www.suno.com.br\/noticias\/\",\"name\":\"Suno Not\u00edcias\",\"description\":\"Seu portal de informa\u00e7\u00e3o sobre o mundo dos investimentos\",\"publisher\":{\"@id\":\"https:\/\/www.suno.com.br\/noticias\/#organization\"},\"potentialAction\":[{\"@type\":\"SearchAction\",\"target\":{\"@type\":\"EntryPoint\",\"urlTemplate\":\"https:\/\/www.suno.com.br\/noticias\/?s={search_term_string}\"},\"query-input\":{\"@type\":\"PropertyValueSpecification\",\"valueRequired\":true,\"valueName\":\"search_term_string\"}}],\"inLanguage\":\"pt-BR\"},{\"@type\":\"Organization\",\"@id\":\"https:\/\/www.suno.com.br\/noticias\/#organization\",\"name\":\"Suno Not\u00edcias\",\"url\":\"https:\/\/www.suno.com.br\/noticias\/\",\"logo\":{\"@type\":\"ImageObject\",\"inLanguage\":\"pt-BR\",\"@id\":\"https:\/\/www.suno.com.br\/noticias\/#\/schema\/logo\/image\/\",\"url\":\"https:\/\/files.sunoresearch.com.br\/n\/uploads\/2021\/09\/suno-logo.png\",\"contentUrl\":\"https:\/\/files.sunoresearch.com.br\/n\/uploads\/2021\/09\/suno-logo.png\",\"width\":180,\"height\":180,\"caption\":\"Suno Not\u00edcias\"},\"image\":{\"@id\":\"https:\/\/www.suno.com.br\/noticias\/#\/schema\/logo\/image\/\"},\"sameAs\":[\"https:\/\/facebook.com\/sunoresearch\",\"https:\/\/x.com\/sunoresearch\",\"https:\/\/www.instagram.com\/suno\",\"https:\/\/www.linkedin.com\/company\/suno-research\/\",\"https:\/\/www.youtube.com\/c\/sunoresearch\"]},{\"@type\":\"Person\",\"@id\":\"https:\/\/www.suno.com.br\/noticias\/#\/schema\/person\/918d79de1f0281f01599b93f9ea6e23f\",\"name\":\"Jader Lazarini\",\"image\":{\"@type\":\"ImageObject\",\"inLanguage\":\"pt-BR\",\"@id\":\"https:\/\/www.suno.com.br\/noticias\/#\/schema\/person\/image\/\",\"url\":\"https:\/\/secure.gravatar.com\/avatar\/3c1ad8caa51589841baeb923fcddea97?s=96&r=g\",\"contentUrl\":\"https:\/\/secure.gravatar.com\/avatar\/3c1ad8caa51589841baeb923fcddea97?s=96&r=g\",\"caption\":\"Jader Lazarini\"},\"description\":\"Jader Lazarini escreve sobre investimentos, finan\u00e7as, economia e neg\u00f3cios. \u00c9 bacharel em Rela\u00e7\u00f5es Internacionais e analista CNPI (2619).\",\"url\":\"https:\/\/www.suno.com.br\/noticias\/author\/jader-lazarini\/\"}]}<\/script>\n<!-- \/ Yoast SEO plugin. -->","yoast_head_json":{"title":"MRE teme que queimadas na Amaz\u00f4nia possam afetar exporta\u00e7\u00f5es","description":"A crise das queimadas na Amaz\u00f4nia deixou o Minist\u00e9rio das Rela\u00e7\u00f5es Exteriores (MRE) em alerta quanto \u00e0s exporta\u00e7\u00f5es. Saiba mais.","robots":{"index":"index","follow":"follow","max-snippet":"max-snippet:-1","max-image-preview":"max-image-preview:large","max-video-preview":"max-video-preview:-1"},"canonical":"https:\/\/www.suno.com.br\/noticias\/mre-teme-queda-nas-exportacoes-queimadas-amazonia\/","og_locale":"pt_BR","og_type":"article","og_title":"MRE teme que queimadas na Amaz\u00f4nia possam afetar exporta\u00e7\u00f5es","og_description":"A crise das queimadas na Amaz\u00f4nia deixou o Minist\u00e9rio das Rela\u00e7\u00f5es Exteriores (MRE) em alerta quanto \u00e0s exporta\u00e7\u00f5es. Saiba mais.","og_url":"https:\/\/www.suno.com.br\/noticias\/mre-teme-queda-nas-exportacoes-queimadas-amazonia\/","og_site_name":"Suno Not\u00edcias","article_publisher":"https:\/\/facebook.com\/sunoresearch","og_image":[{"width":1024,"height":682,"url":"https:\/\/files.sunoresearch.com.br\/n\/uploads\/2019\/08\/12728e22-amazonia-1024x682.jpg","type":"image\/jpeg"}],"author":"Jader Lazarini","twitter_card":"summary_large_image","twitter_creator":"@sunoresearch","twitter_site":"@sunoresearch","twitter_misc":{"Escrito por":"Jader Lazarini","Est. tempo de leitura":"2 minutos"},"schema":{"@context":"https:\/\/schema.org","@graph":[{"@type":"NewsArticle","@id":"https:\/\/www.suno.com.br\/noticias\/mre-teme-queda-nas-exportacoes-queimadas-amazonia\/#article","isPartOf":{"@id":"https:\/\/www.suno.com.br\/noticias\/mre-teme-queda-nas-exportacoes-queimadas-amazonia\/"},"author":{"name":"Jader Lazarini","@id":"https:\/\/www.suno.com.br\/noticias\/#\/schema\/person\/918d79de1f0281f01599b93f9ea6e23f"},"headline":"MRE teme que queimadas na Amaz\u00f4nia possam afetar exporta\u00e7\u00f5es","datePublished":"2019-08-26T15:59:50+00:00","dateModified":"2021-02-18T00:42:12+00:00","mainEntityOfPage":{"@id":"https:\/\/www.suno.com.br\/noticias\/mre-teme-queda-nas-exportacoes-queimadas-amazonia\/"},"wordCount":378,"publisher":{"@id":"https:\/\/www.suno.com.br\/noticias\/#organization"},"image":{"@id":"https:\/\/www.suno.com.br\/noticias\/mre-teme-queda-nas-exportacoes-queimadas-amazonia\/#primaryimage"},"thumbnailUrl":"https:\/\/files.sunoresearch.com.br\/n\/uploads\/2019\/08\/12728e22-amazonia-scaled.webp","keywords":["Amazonia","Emmanuel Macron","Jair Bolsonaro","Minist\u00e9rio das Rela\u00e7\u00f5es Exteriores","Produto Interno Bruto (PIB)"],"articleSection":["Internacional"],"inLanguage":"pt-BR"},{"@type":"WebPage","@id":"https:\/\/www.suno.com.br\/noticias\/mre-teme-queda-nas-exportacoes-queimadas-amazonia\/","url":"https:\/\/www.suno.com.br\/noticias\/mre-teme-queda-nas-exportacoes-queimadas-amazonia\/","name":"MRE teme que queimadas na Amaz\u00f4nia possam afetar exporta\u00e7\u00f5es","isPartOf":{"@id":"https:\/\/www.suno.com.br\/noticias\/#website"},"primaryImageOfPage":{"@id":"https:\/\/www.suno.com.br\/noticias\/mre-teme-queda-nas-exportacoes-queimadas-amazonia\/#primaryimage"},"image":{"@id":"https:\/\/www.suno.com.br\/noticias\/mre-teme-queda-nas-exportacoes-queimadas-amazonia\/#primaryimage"},"thumbnailUrl":"https:\/\/files.sunoresearch.com.br\/n\/uploads\/2019\/08\/12728e22-amazonia-scaled.webp","datePublished":"2019-08-26T15:59:50+00:00","dateModified":"2021-02-18T00:42:12+00:00","description":"A crise das queimadas na Amaz\u00f4nia deixou o Minist\u00e9rio das Rela\u00e7\u00f5es Exteriores (MRE) em alerta quanto \u00e0s exporta\u00e7\u00f5es. Saiba mais.","breadcrumb":{"@id":"https:\/\/www.suno.com.br\/noticias\/mre-teme-queda-nas-exportacoes-queimadas-amazonia\/#breadcrumb"},"inLanguage":"pt-BR","potentialAction":[{"@type":"ReadAction","target":["https:\/\/www.suno.com.br\/noticias\/mre-teme-queda-nas-exportacoes-queimadas-amazonia\/"]}]},{"@type":"ImageObject","inLanguage":"pt-BR","@id":"https:\/\/www.suno.com.br\/noticias\/mre-teme-queda-nas-exportacoes-queimadas-amazonia\/#primaryimage","url":"https:\/\/files.sunoresearch.com.br\/n\/uploads\/2019\/08\/12728e22-amazonia-scaled.webp","contentUrl":"https:\/\/files.sunoresearch.com.br\/n\/uploads\/2019\/08\/12728e22-amazonia-scaled.webp","width":2560,"height":1706,"caption":"Fonte: Pixabay."},{"@type":"BreadcrumbList","@id":"https:\/\/www.suno.com.br\/noticias\/mre-teme-queda-nas-exportacoes-queimadas-amazonia\/#breadcrumb","itemListElement":[{"@type":"ListItem","position":1,"name":"Not\u00edcias","item":"https:\/\/www.suno.com.br\/noticias\/"},{"@type":"ListItem","position":2,"name":"Internacional","item":"https:\/\/www.suno.com.br\/noticias\/internacional\/"},{"@type":"ListItem","position":3,"name":"MRE teme que queimadas na Amaz\u00f4nia possam afetar exporta\u00e7\u00f5es"}]},{"@type":"WebSite","@id":"https:\/\/www.suno.com.br\/noticias\/#website","url":"https:\/\/www.suno.com.br\/noticias\/","name":"Suno Not\u00edcias","description":"Seu portal de informa\u00e7\u00e3o sobre o mundo dos investimentos","publisher":{"@id":"https:\/\/www.suno.com.br\/noticias\/#organization"},"potentialAction":[{"@type":"SearchAction","target":{"@type":"EntryPoint","urlTemplate":"https:\/\/www.suno.com.br\/noticias\/?s={search_term_string}"},"query-input":{"@type":"PropertyValueSpecification","valueRequired":true,"valueName":"search_term_string"}}],"inLanguage":"pt-BR"},{"@type":"Organization","@id":"https:\/\/www.suno.com.br\/noticias\/#organization","name":"Suno Not\u00edcias","url":"https:\/\/www.suno.com.br\/noticias\/","logo":{"@type":"ImageObject","inLanguage":"pt-BR","@id":"https:\/\/www.suno.com.br\/noticias\/#\/schema\/logo\/image\/","url":"https:\/\/files.sunoresearch.com.br\/n\/uploads\/2021\/09\/suno-logo.png","contentUrl":"https:\/\/files.sunoresearch.com.br\/n\/uploads\/2021\/09\/suno-logo.png","width":180,"height":180,"caption":"Suno Not\u00edcias"},"image":{"@id":"https:\/\/www.suno.com.br\/noticias\/#\/schema\/logo\/image\/"},"sameAs":["https:\/\/facebook.com\/sunoresearch","https:\/\/x.com\/sunoresearch","https:\/\/www.instagram.com\/suno","https:\/\/www.linkedin.com\/company\/suno-research\/","https:\/\/www.youtube.com\/c\/sunoresearch"]},{"@type":"Person","@id":"https:\/\/www.suno.com.br\/noticias\/#\/schema\/person\/918d79de1f0281f01599b93f9ea6e23f","name":"Jader Lazarini","image":{"@type":"ImageObject","inLanguage":"pt-BR","@id":"https:\/\/www.suno.com.br\/noticias\/#\/schema\/person\/image\/","url":"https:\/\/secure.gravatar.com\/avatar\/3c1ad8caa51589841baeb923fcddea97?s=96&r=g","contentUrl":"https:\/\/secure.gravatar.com\/avatar\/3c1ad8caa51589841baeb923fcddea97?s=96&r=g","caption":"Jader Lazarini"},"description":"Jader Lazarini escreve sobre investimentos, finan\u00e7as, economia e neg\u00f3cios. \u00c9 bacharel em Rela\u00e7\u00f5es Internacionais e analista CNPI (2619).","url":"https:\/\/www.suno.com.br\/noticias\/author\/jader-lazarini\/"}]}},"default_loop_html":"<div class=\"cardsPage__listCard__boxs\"><div class=\"cardsPage__listCard__boxs__img\"><a href=\"https:\/\/www.suno.com.br\/noticias\/mre-teme-queda-nas-exportacoes-queimadas-amazonia\/\"><img class=\"mask\" src=\"https:\/\/www.suno.com.br\/noticias\/wp-content\/themes\/suno\/resources\/images\/spotlight\/spotlight1img\/bg-mask.png\" alt=\"Image Mask\"\/><img src=\"https:\/\/files.sunoresearch.com.br\/n\/uploads\/2019\/08\/12728e22-amazonia-400x200.webp\" alt=\"MRE teme que queimadas na Amaz\u00f4nia possam afetar exporta\u00e7\u00f5es\"\/><\/a><span class=\"spotlightCategory\"><a href=\"https:\/\/www.suno.com.br\/noticias\/internacional\/\">Internacional<\/a><\/span><\/div><div class=\"cardsPage__listCard__boxs__content\"><a href=\"https:\/\/www.suno.com.br\/noticias\/mre-teme-queda-nas-exportacoes-queimadas-amazonia\/\"><h2 class=\"content__title\">MRE teme que queimadas na Amaz\u00f4nia possam afetar exporta\u00e7\u00f5es<\/h2><\/a><div class=\"newsContent__article__meta\"><div class=\"newsContent__article__meta__authorBox\"><a href=\"https:\/\/www.suno.com.br\/noticias\/author\/jader-lazarini\/\" class=\"authorBox__avatar noMobi\"><img src=\"https:\/\/files.sunoresearch.com.br\/n\/uploads\/2021\/01\/178e6598-foto-perfil-2-150x150.jpg\" alt=\"Jader Lazarini\"><\/a><div class=\"authorBox__name\"><span>por\n\t\t\t<a href=\"https:\/\/www.suno.com.br\/noticias\/author\/jader-lazarini\/\"><span itemprop=\"author\">Jader Lazarini<\/span><\/a><\/span><time datetime=\"2019-08-26T12:59:50-03:00\" itemprop=\"datePublished\">26\/08\/2019 12:59<\/time><\/div><\/div><\/div><\/div><\/div>","single_layout":"posts","amp_enabled":true,"_links":{"self":[{"href":"https:\/\/www.suno.com.br\/noticias\/wp-json\/wp\/v2\/posts\/35314"}],"collection":[{"href":"https:\/\/www.suno.com.br\/noticias\/wp-json\/wp\/v2\/posts"}],"about":[{"href":"https:\/\/www.suno.com.br\/noticias\/wp-json\/wp\/v2\/types\/post"}],"author":[{"embeddable":true,"href":"https:\/\/www.suno.com.br\/noticias\/wp-json\/wp\/v2\/users\/24"}],"replies":[{"embeddable":true,"href":"https:\/\/www.suno.com.br\/noticias\/wp-json\/wp\/v2\/comments?post=35314"}],"version-history":[{"count":0,"href":"https:\/\/www.suno.com.br\/noticias\/wp-json\/wp\/v2\/posts\/35314\/revisions"}],"wp:featuredmedia":[{"embeddable":true,"href":"https:\/\/www.suno.com.br\/noticias\/wp-json\/wp\/v2\/media\/35329"}],"wp:attachment":[{"href":"https:\/\/www.suno.com.br\/noticias\/wp-json\/wp\/v2\/media?parent=35314"}],"wp:term":[{"taxonomy":"category","embeddable":true,"href":"https:\/\/www.suno.com.br\/noticias\/wp-json\/wp\/v2\/categories?post=35314"},{"taxonomy":"post_tag","embeddable":true,"href":"https:\/\/www.suno.com.br\/noticias\/wp-json\/wp\/v2\/tags?post=35314"},{"taxonomy":"suno_strategy","embeddable":true,"href":"https:\/\/www.suno.com.br\/noticias\/wp-json\/wp\/v2\/suno_strategy?post=35314"}],"curies":[{"name":"wp","href":"https:\/\/api.w.org\/{rel}","templated":true}]}}