{"id":35297,"date":"2019-08-26T11:50:39","date_gmt":"2019-08-26T14:50:39","guid":{"rendered":"https:\/\/www.suno.com.br\/noticias\/?p=35297"},"modified":"2019-08-26T11:52:44","modified_gmt":"2019-08-26T14:52:44","slug":"ceo-magazine-luiza-amazon-nao-oferece-perigo-a-sua-empresa","status":"publish","type":"post","link":"https:\/\/www.suno.com.br\/noticias\/ceo-magazine-luiza-amazon-nao-oferece-perigo-a-sua-empresa\/","title":{"rendered":"CEO da Magazine Luiza diz que Amazon n\u00e3o oferece perigo a sua empresa"},"content":{"rendered":"<p>O diretor executivo do Magazine Luiza <strong>(MGLU3)<\/strong>, <strong>Frederico<\/strong> <strong>Trajano<\/strong>, afirmou que a <strong>Amazon<\/strong> ir\u00e1 enfrentar complica\u00e7\u00f5es no Brasil para conseguir se estabelecer. Isso porque o CEO acredita que o modelo utilizado pela empresa em outros lugares do mundo n\u00e3o daria certo no Pa\u00eds. As informa\u00e7\u00f5es s\u00e3o do podcast do site &#8220;InfoMoney&#8221;.<\/p>\t<div class=\"wrapper-featured-image\">\n\t\t<figure class=\"spotlightImg\">\n\n\t\t\t<picture>\n\t\t\t\t<source media=\"(max-width: 768px)\" srcset=\"https:\/\/files.sunoresearch.com.br\/n\/uploads\/2019\/08\/11036ee4-magazine-luiza-400x200.webp\">\n\t\t\t\t<img loading=\"lazy\" decoding=\"async\" class=\"newsContent__article__imgCapa lazyloadDisabled newsContent__article__imgCapa--noCaption\" src=\"https:\/\/files.sunoresearch.com.br\/n\/uploads\/2019\/08\/11036ee4-magazine-luiza-800x450.webp\" width=\"800\" height=\"450\" alt=\"CEO da Magazine Luiza diz que Amazon n\u00e3o oferece perigo a sua empresa\" fetchpriority=high \/>\n\t\t\t<\/picture>\n\n\t\t\t<figcaption class=\"wp-caption-text wp-caption-text--hide\">O presidente do Magazine Luiza (MGLU3), Frederico Trajano, disse que o terceiro trimestre consagrou a multicanalidade da empresa. <\/figcaption>\n\t\t<\/figure>\n\t<\/div>\n\n\n\n<p>Dessa forma, Trajano diz que a Amazon teria que comprar uma empresa com mais dom\u00ednio do cen\u00e1rio nacional. Contudo, o CEO do <strong>Magazine<\/strong> <strong>Luiza<\/strong> afirmou que \u00e9 f\u00e3 da empresa de Jeff Bezos<strong>.<\/strong><\/p>\n<p>Mesmo assim, Trajano diz que o sistema da companhia de Bezzos tende a n\u00e3o dar certo em pa\u00edses emergentes. &#8220;A Amazon praticamente saiu do mercado na China e est\u00e1 tendo dificuldade na \u00cdndia tamb\u00e9m, depois de colocar US$ 5 bilh\u00f5es no mercado&#8221;, destacou o CEO da Magalu.<\/p>\n\t<p>\n\t\t<a href=\"https:\/\/lp2.suno.com.br\/pv\/bolsa-para-iniciantes?utm_campaign=_SNC757A2733_rs.mpr26---meu-primeiro-rendimento---venda---not\u00edcias&#038;utm_source=suno-not\u00edcias&#038;utm_medium=banner.noticias\" target=\"_blank\" data-element=\"shortcode-suno-banner\" title=\"Banner SUNO, clique e saiba mais\">\n\t\t\t<picture>\n\t\t\t\t<source media=\"(max-width: 500px)\" srcset=\"https:\/\/files.sunoresearch.com.br\/n\/uploads\/2026\/04\/400x300-Banner-Materias-01-png.webp\">\n\t\t\t\t<img class=\"newsContent__article__imgCapa newsContent__article__imgCapa--banner\"\n\t\t\t\t\tsrc=\"https:\/\/files.sunoresearch.com.br\/n\/uploads\/2026\/04\/1420x240-Banner-Materias-01-png.webp\"\n\t\t\t\t\tdata-promo-id=\"647482\"\t\t\t\t\t\t\t\t\t\twidth='1420' height='240'\t\t\t\t\talt=\"https:\/\/files.sunoresearch.com.br\/n\/uploads\/2026\/04\/1420x240-Banner-Materias-01-png.webp\"\n\t\t\t\t>\n\t\t\t<\/picture>\n\t\t<\/a>\n\t<\/p>\n\n\n<p>Trajano salienta, por\u00e9m, que a Amazon se d\u00e1 muito bem em pa\u00edses mais desenvolvidos, onde n\u00e3o \u00e9 preciso ajustar seus modelos de neg\u00f3cios para conseguir atrair o p\u00fablico. &#8220;Ela foi bem em todos os pa\u00edses desenvolvidos, onde a log\u00edstica era muito boa, os juros eram muito baixos, os impostos eram simples para que sistemas fossem configurados&#8221;, afirma o CEO da Magazine Luiza.<\/p>\n<p><a href=\"https:\/\/www.suno.com.br\/noticias\/kraft-heinz-reestruturacao-executivo-basilio\/\">Veja tamb\u00e9m: Paulo Basilio reassumir\u00e1 cargo de executivo da Kraft Heinz\u00a0<\/a><\/p>\n<p>Sendo assim, no Brasil, a empresa contaria com dificuldades no setor de log\u00edstica, al\u00e9m de ter de se acostumar com as diferentes tributa\u00e7\u00f5es sobre seus produtos.<\/p>\n<p>&#8220;A Amazon sempre teve um ciclo positivo de caixa: eram 30 dias de estoque, 45 dias para pagar fornecedor e voc\u00ea recebe tudo \u00e0 vista&#8221;, diz <strong>Trajano<\/strong>. O CEO da Magalu ainda salienta a diferen\u00e7a no ciclo de caixa do Brasil. &#8220;Aqui o ciclo de caixa \u00e9 negativo, porque voc\u00ea financia em 10 vezes, tem que antecipar cart\u00e3o, \u00e9 uma l\u00f3gica muito diferente&#8221;, destaca.<\/p>\n<h2>Principal concorrente<\/h2>\n<p>&#8220;Hoje nosso principal concorrente mesmo \u00e9 o <strong>Mercado<\/strong> <strong>Livre<\/strong>, a que eu tenho que estar mais atento no curto, m\u00e9dio e longo prazo do que qualquer &#8216;gringa&#8217; que n\u00e3o est\u00e1 melhor posicionada aqui&#8221;, analisa.<\/p>\n<p>Dessa forma, o diretor executivo da <strong>Magazine<\/strong> <strong>Luiza<\/strong> acredita que a opera\u00e7\u00e3o <a href=\"https:\/\/www.youtube.com\/watch?v=KFjIf_nikYM\">online<\/a> deve ser multicanal para dar certo no Brasil.<\/p>\n","protected":false},"excerpt":{"rendered":"<p>O diretor executivo do Magazine Luiza (MGLU3), Frederico Trajano, afirmou que a Amazon ir\u00e1 enfrentar complica\u00e7\u00f5es no Brasil para conseguir se estabelecer. Isso porque o CEO acredita que o modelo utilizado pela empresa em outros lugares do mundo n\u00e3o daria certo no Pa\u00eds. As informa\u00e7\u00f5es s\u00e3o do podcast do site &#8220;InfoMoney&#8221;. O presidente do Magazine [&hellip;]<\/p>\n","protected":false},"author":19,"featured_media":35306,"comment_status":"closed","ping_status":"closed","sticky":false,"template":"","format":"standard","meta":[],"categories":[64],"tags":[694,548],"suno_strategy":[],"class_list":["post-35297","post","type-post","status-publish","format-standard","has-post-thumbnail","hentry","category-negocios","tag-amazon-amzo34","tag-magazine-luiza-mglu3"],"yoast_head":"<!-- This site is optimized with the Yoast SEO plugin v24.4 - https:\/\/yoast.com\/wordpress\/plugins\/seo\/ -->\n<title>Trajano diz que Amazon n\u00e3o oferece perigo a Magazine Luiza no Brasil<\/title>\n<meta name=\"description\" content=\"O diretor executivo do Magazine Luiza (MGLU3), Frederico Trajano, afirmou que a Amazon ir\u00e1 enfrentar complica\u00e7\u00f5es no Brasil. Saiba mais.\" \/>\n<meta name=\"robots\" content=\"index, follow, max-snippet:-1, max-image-preview:large, max-video-preview:-1\" \/>\n<link rel=\"canonical\" href=\"https:\/\/www.suno.com.br\/noticias\/ceo-magazine-luiza-amazon-nao-oferece-perigo-a-sua-empresa\/\" \/>\n<meta property=\"og:locale\" content=\"pt_BR\" \/>\n<meta property=\"og:type\" content=\"article\" \/>\n<meta property=\"og:title\" content=\"Trajano diz que Amazon n\u00e3o oferece perigo a Magazine Luiza no Brasil\" \/>\n<meta property=\"og:description\" content=\"O diretor executivo do Magazine Luiza (MGLU3), Frederico Trajano, afirmou que a Amazon ir\u00e1 enfrentar complica\u00e7\u00f5es no Brasil. Saiba mais.\" \/>\n<meta property=\"og:url\" content=\"https:\/\/www.suno.com.br\/noticias\/ceo-magazine-luiza-amazon-nao-oferece-perigo-a-sua-empresa\/\" \/>\n<meta property=\"og:site_name\" content=\"Suno Not\u00edcias\" \/>\n<meta property=\"article:publisher\" content=\"https:\/\/facebook.com\/sunoresearch\" \/>\n<meta property=\"og:image\" content=\"https:\/\/files.sunoresearch.com.br\/n\/uploads\/2019\/08\/11036ee4-magazine-luiza.jpg\" \/>\n\t<meta property=\"og:image:width\" content=\"1024\" \/>\n\t<meta property=\"og:image:height\" content=\"768\" \/>\n\t<meta property=\"og:image:type\" content=\"image\/jpeg\" \/>\n<meta name=\"author\" content=\"Juliano Passaro\" \/>\n<meta name=\"twitter:card\" content=\"summary_large_image\" \/>\n<meta name=\"twitter:creator\" content=\"@sunoresearch\" \/>\n<meta name=\"twitter:site\" content=\"@sunoresearch\" \/>\n<meta name=\"twitter:label1\" content=\"Escrito por\" \/>\n\t<meta name=\"twitter:data1\" content=\"Juliano Passaro\" \/>\n\t<meta name=\"twitter:label2\" content=\"Est. tempo de leitura\" \/>\n\t<meta name=\"twitter:data2\" content=\"2 minutos\" \/>\n<script type=\"application\/ld+json\" class=\"yoast-schema-graph\">{\"@context\":\"https:\/\/schema.org\",\"@graph\":[{\"@type\":\"NewsArticle\",\"@id\":\"https:\/\/www.suno.com.br\/noticias\/ceo-magazine-luiza-amazon-nao-oferece-perigo-a-sua-empresa\/#article\",\"isPartOf\":{\"@id\":\"https:\/\/www.suno.com.br\/noticias\/ceo-magazine-luiza-amazon-nao-oferece-perigo-a-sua-empresa\/\"},\"author\":{\"name\":\"Juliano Passaro\",\"@id\":\"https:\/\/www.suno.com.br\/noticias\/#\/schema\/person\/1db762f78ffd8919a648a63e425953e3\"},\"headline\":\"CEO da Magazine Luiza diz que Amazon n\u00e3o oferece perigo a sua empresa\",\"datePublished\":\"2019-08-26T14:50:39+00:00\",\"dateModified\":\"2019-08-26T14:52:44+00:00\",\"mainEntityOfPage\":{\"@id\":\"https:\/\/www.suno.com.br\/noticias\/ceo-magazine-luiza-amazon-nao-oferece-perigo-a-sua-empresa\/\"},\"wordCount\":388,\"publisher\":{\"@id\":\"https:\/\/www.suno.com.br\/noticias\/#organization\"},\"image\":{\"@id\":\"https:\/\/www.suno.com.br\/noticias\/ceo-magazine-luiza-amazon-nao-oferece-perigo-a-sua-empresa\/#primaryimage\"},\"thumbnailUrl\":\"https:\/\/files.sunoresearch.com.br\/n\/uploads\/2019\/08\/11036ee4-magazine-luiza.jpg\",\"keywords\":[\"Amazon (AMZO34)\",\"Magazine Luiza (MGLU3)\"],\"articleSection\":[\"Neg\u00f3cios\"],\"inLanguage\":\"pt-BR\"},{\"@type\":\"WebPage\",\"@id\":\"https:\/\/www.suno.com.br\/noticias\/ceo-magazine-luiza-amazon-nao-oferece-perigo-a-sua-empresa\/\",\"url\":\"https:\/\/www.suno.com.br\/noticias\/ceo-magazine-luiza-amazon-nao-oferece-perigo-a-sua-empresa\/\",\"name\":\"Trajano diz que Amazon n\u00e3o oferece perigo a Magazine Luiza no Brasil\",\"isPartOf\":{\"@id\":\"https:\/\/www.suno.com.br\/noticias\/#website\"},\"primaryImageOfPage\":{\"@id\":\"https:\/\/www.suno.com.br\/noticias\/ceo-magazine-luiza-amazon-nao-oferece-perigo-a-sua-empresa\/#primaryimage\"},\"image\":{\"@id\":\"https:\/\/www.suno.com.br\/noticias\/ceo-magazine-luiza-amazon-nao-oferece-perigo-a-sua-empresa\/#primaryimage\"},\"thumbnailUrl\":\"https:\/\/files.sunoresearch.com.br\/n\/uploads\/2019\/08\/11036ee4-magazine-luiza.jpg\",\"datePublished\":\"2019-08-26T14:50:39+00:00\",\"dateModified\":\"2019-08-26T14:52:44+00:00\",\"description\":\"O diretor executivo do Magazine Luiza (MGLU3), Frederico Trajano, afirmou que a Amazon ir\u00e1 enfrentar complica\u00e7\u00f5es no Brasil. Saiba mais.\",\"breadcrumb\":{\"@id\":\"https:\/\/www.suno.com.br\/noticias\/ceo-magazine-luiza-amazon-nao-oferece-perigo-a-sua-empresa\/#breadcrumb\"},\"inLanguage\":\"pt-BR\",\"potentialAction\":[{\"@type\":\"ReadAction\",\"target\":[\"https:\/\/www.suno.com.br\/noticias\/ceo-magazine-luiza-amazon-nao-oferece-perigo-a-sua-empresa\/\"]}]},{\"@type\":\"ImageObject\",\"inLanguage\":\"pt-BR\",\"@id\":\"https:\/\/www.suno.com.br\/noticias\/ceo-magazine-luiza-amazon-nao-oferece-perigo-a-sua-empresa\/#primaryimage\",\"url\":\"https:\/\/files.sunoresearch.com.br\/n\/uploads\/2019\/08\/11036ee4-magazine-luiza.jpg\",\"contentUrl\":\"https:\/\/files.sunoresearch.com.br\/n\/uploads\/2019\/08\/11036ee4-magazine-luiza.jpg\",\"width\":1024,\"height\":768,\"caption\":\"O presidente do Magazine Luiza (MGLU3), Frederico Trajano, disse que o terceiro trimestre consagrou a multicanalidade da empresa.\"},{\"@type\":\"BreadcrumbList\",\"@id\":\"https:\/\/www.suno.com.br\/noticias\/ceo-magazine-luiza-amazon-nao-oferece-perigo-a-sua-empresa\/#breadcrumb\",\"itemListElement\":[{\"@type\":\"ListItem\",\"position\":1,\"name\":\"Not\u00edcias\",\"item\":\"https:\/\/www.suno.com.br\/noticias\/\"},{\"@type\":\"ListItem\",\"position\":2,\"name\":\"Neg\u00f3cios\",\"item\":\"https:\/\/www.suno.com.br\/noticias\/negocios\/\"},{\"@type\":\"ListItem\",\"position\":3,\"name\":\"CEO da Magazine Luiza diz que Amazon n\u00e3o oferece perigo a sua empresa\"}]},{\"@type\":\"WebSite\",\"@id\":\"https:\/\/www.suno.com.br\/noticias\/#website\",\"url\":\"https:\/\/www.suno.com.br\/noticias\/\",\"name\":\"Suno Not\u00edcias\",\"description\":\"Seu portal de informa\u00e7\u00e3o sobre o mundo dos investimentos\",\"publisher\":{\"@id\":\"https:\/\/www.suno.com.br\/noticias\/#organization\"},\"potentialAction\":[{\"@type\":\"SearchAction\",\"target\":{\"@type\":\"EntryPoint\",\"urlTemplate\":\"https:\/\/www.suno.com.br\/noticias\/?s={search_term_string}\"},\"query-input\":{\"@type\":\"PropertyValueSpecification\",\"valueRequired\":true,\"valueName\":\"search_term_string\"}}],\"inLanguage\":\"pt-BR\"},{\"@type\":\"Organization\",\"@id\":\"https:\/\/www.suno.com.br\/noticias\/#organization\",\"name\":\"Suno Not\u00edcias\",\"url\":\"https:\/\/www.suno.com.br\/noticias\/\",\"logo\":{\"@type\":\"ImageObject\",\"inLanguage\":\"pt-BR\",\"@id\":\"https:\/\/www.suno.com.br\/noticias\/#\/schema\/logo\/image\/\",\"url\":\"https:\/\/files.sunoresearch.com.br\/n\/uploads\/2021\/09\/suno-logo.png\",\"contentUrl\":\"https:\/\/files.sunoresearch.com.br\/n\/uploads\/2021\/09\/suno-logo.png\",\"width\":180,\"height\":180,\"caption\":\"Suno Not\u00edcias\"},\"image\":{\"@id\":\"https:\/\/www.suno.com.br\/noticias\/#\/schema\/logo\/image\/\"},\"sameAs\":[\"https:\/\/facebook.com\/sunoresearch\",\"https:\/\/x.com\/sunoresearch\",\"https:\/\/www.instagram.com\/suno\",\"https:\/\/www.linkedin.com\/company\/suno-research\/\",\"https:\/\/www.youtube.com\/c\/sunoresearch\"]},{\"@type\":\"Person\",\"@id\":\"https:\/\/www.suno.com.br\/noticias\/#\/schema\/person\/1db762f78ffd8919a648a63e425953e3\",\"name\":\"Juliano Passaro\",\"image\":{\"@type\":\"ImageObject\",\"inLanguage\":\"pt-BR\",\"@id\":\"https:\/\/www.suno.com.br\/noticias\/#\/schema\/person\/image\/\",\"url\":\"https:\/\/secure.gravatar.com\/avatar\/743d4df28eebf6dcc46b4ad03c319e92?s=96&r=g\",\"contentUrl\":\"https:\/\/secure.gravatar.com\/avatar\/743d4df28eebf6dcc46b4ad03c319e92?s=96&r=g\",\"caption\":\"Juliano Passaro\"},\"description\":\"Juliano Passaro escreve sobre pol\u00edtica, economia e neg\u00f3cios para o portal da Suno Research. Antes da Suno, trabalhou no Portal da Band. \u00c9 formado em jornalismo pela Universidade Presbiteriana Mackenzie.\",\"url\":\"https:\/\/www.suno.com.br\/noticias\/author\/juliano\/\"}]}<\/script>\n<!-- \/ Yoast SEO plugin. -->","yoast_head_json":{"title":"Trajano diz que Amazon n\u00e3o oferece perigo a Magazine Luiza no Brasil","description":"O diretor executivo do Magazine Luiza (MGLU3), Frederico Trajano, afirmou que a Amazon ir\u00e1 enfrentar complica\u00e7\u00f5es no Brasil. Saiba mais.","robots":{"index":"index","follow":"follow","max-snippet":"max-snippet:-1","max-image-preview":"max-image-preview:large","max-video-preview":"max-video-preview:-1"},"canonical":"https:\/\/www.suno.com.br\/noticias\/ceo-magazine-luiza-amazon-nao-oferece-perigo-a-sua-empresa\/","og_locale":"pt_BR","og_type":"article","og_title":"Trajano diz que Amazon n\u00e3o oferece perigo a Magazine Luiza no Brasil","og_description":"O diretor executivo do Magazine Luiza (MGLU3), Frederico Trajano, afirmou que a Amazon ir\u00e1 enfrentar complica\u00e7\u00f5es no Brasil. Saiba mais.","og_url":"https:\/\/www.suno.com.br\/noticias\/ceo-magazine-luiza-amazon-nao-oferece-perigo-a-sua-empresa\/","og_site_name":"Suno Not\u00edcias","article_publisher":"https:\/\/facebook.com\/sunoresearch","og_image":[{"width":1024,"height":768,"url":"https:\/\/files.sunoresearch.com.br\/n\/uploads\/2019\/08\/11036ee4-magazine-luiza.jpg","type":"image\/jpeg"}],"author":"Juliano Passaro","twitter_card":"summary_large_image","twitter_creator":"@sunoresearch","twitter_site":"@sunoresearch","twitter_misc":{"Escrito por":"Juliano Passaro","Est. tempo de leitura":"2 minutos"},"schema":{"@context":"https:\/\/schema.org","@graph":[{"@type":"NewsArticle","@id":"https:\/\/www.suno.com.br\/noticias\/ceo-magazine-luiza-amazon-nao-oferece-perigo-a-sua-empresa\/#article","isPartOf":{"@id":"https:\/\/www.suno.com.br\/noticias\/ceo-magazine-luiza-amazon-nao-oferece-perigo-a-sua-empresa\/"},"author":{"name":"Juliano Passaro","@id":"https:\/\/www.suno.com.br\/noticias\/#\/schema\/person\/1db762f78ffd8919a648a63e425953e3"},"headline":"CEO da Magazine Luiza diz que Amazon n\u00e3o oferece perigo a sua empresa","datePublished":"2019-08-26T14:50:39+00:00","dateModified":"2019-08-26T14:52:44+00:00","mainEntityOfPage":{"@id":"https:\/\/www.suno.com.br\/noticias\/ceo-magazine-luiza-amazon-nao-oferece-perigo-a-sua-empresa\/"},"wordCount":388,"publisher":{"@id":"https:\/\/www.suno.com.br\/noticias\/#organization"},"image":{"@id":"https:\/\/www.suno.com.br\/noticias\/ceo-magazine-luiza-amazon-nao-oferece-perigo-a-sua-empresa\/#primaryimage"},"thumbnailUrl":"https:\/\/files.sunoresearch.com.br\/n\/uploads\/2019\/08\/11036ee4-magazine-luiza.jpg","keywords":["Amazon (AMZO34)","Magazine Luiza (MGLU3)"],"articleSection":["Neg\u00f3cios"],"inLanguage":"pt-BR"},{"@type":"WebPage","@id":"https:\/\/www.suno.com.br\/noticias\/ceo-magazine-luiza-amazon-nao-oferece-perigo-a-sua-empresa\/","url":"https:\/\/www.suno.com.br\/noticias\/ceo-magazine-luiza-amazon-nao-oferece-perigo-a-sua-empresa\/","name":"Trajano diz que Amazon n\u00e3o oferece perigo a Magazine Luiza no Brasil","isPartOf":{"@id":"https:\/\/www.suno.com.br\/noticias\/#website"},"primaryImageOfPage":{"@id":"https:\/\/www.suno.com.br\/noticias\/ceo-magazine-luiza-amazon-nao-oferece-perigo-a-sua-empresa\/#primaryimage"},"image":{"@id":"https:\/\/www.suno.com.br\/noticias\/ceo-magazine-luiza-amazon-nao-oferece-perigo-a-sua-empresa\/#primaryimage"},"thumbnailUrl":"https:\/\/files.sunoresearch.com.br\/n\/uploads\/2019\/08\/11036ee4-magazine-luiza.jpg","datePublished":"2019-08-26T14:50:39+00:00","dateModified":"2019-08-26T14:52:44+00:00","description":"O diretor executivo do Magazine Luiza (MGLU3), Frederico Trajano, afirmou que a Amazon ir\u00e1 enfrentar complica\u00e7\u00f5es no Brasil. Saiba mais.","breadcrumb":{"@id":"https:\/\/www.suno.com.br\/noticias\/ceo-magazine-luiza-amazon-nao-oferece-perigo-a-sua-empresa\/#breadcrumb"},"inLanguage":"pt-BR","potentialAction":[{"@type":"ReadAction","target":["https:\/\/www.suno.com.br\/noticias\/ceo-magazine-luiza-amazon-nao-oferece-perigo-a-sua-empresa\/"]}]},{"@type":"ImageObject","inLanguage":"pt-BR","@id":"https:\/\/www.suno.com.br\/noticias\/ceo-magazine-luiza-amazon-nao-oferece-perigo-a-sua-empresa\/#primaryimage","url":"https:\/\/files.sunoresearch.com.br\/n\/uploads\/2019\/08\/11036ee4-magazine-luiza.jpg","contentUrl":"https:\/\/files.sunoresearch.com.br\/n\/uploads\/2019\/08\/11036ee4-magazine-luiza.jpg","width":1024,"height":768,"caption":"O presidente do Magazine Luiza (MGLU3), Frederico Trajano, disse que o terceiro trimestre consagrou a multicanalidade da empresa."},{"@type":"BreadcrumbList","@id":"https:\/\/www.suno.com.br\/noticias\/ceo-magazine-luiza-amazon-nao-oferece-perigo-a-sua-empresa\/#breadcrumb","itemListElement":[{"@type":"ListItem","position":1,"name":"Not\u00edcias","item":"https:\/\/www.suno.com.br\/noticias\/"},{"@type":"ListItem","position":2,"name":"Neg\u00f3cios","item":"https:\/\/www.suno.com.br\/noticias\/negocios\/"},{"@type":"ListItem","position":3,"name":"CEO da Magazine Luiza diz que Amazon n\u00e3o oferece perigo a sua empresa"}]},{"@type":"WebSite","@id":"https:\/\/www.suno.com.br\/noticias\/#website","url":"https:\/\/www.suno.com.br\/noticias\/","name":"Suno Not\u00edcias","description":"Seu portal de informa\u00e7\u00e3o sobre o mundo dos investimentos","publisher":{"@id":"https:\/\/www.suno.com.br\/noticias\/#organization"},"potentialAction":[{"@type":"SearchAction","target":{"@type":"EntryPoint","urlTemplate":"https:\/\/www.suno.com.br\/noticias\/?s={search_term_string}"},"query-input":{"@type":"PropertyValueSpecification","valueRequired":true,"valueName":"search_term_string"}}],"inLanguage":"pt-BR"},{"@type":"Organization","@id":"https:\/\/www.suno.com.br\/noticias\/#organization","name":"Suno Not\u00edcias","url":"https:\/\/www.suno.com.br\/noticias\/","logo":{"@type":"ImageObject","inLanguage":"pt-BR","@id":"https:\/\/www.suno.com.br\/noticias\/#\/schema\/logo\/image\/","url":"https:\/\/files.sunoresearch.com.br\/n\/uploads\/2021\/09\/suno-logo.png","contentUrl":"https:\/\/files.sunoresearch.com.br\/n\/uploads\/2021\/09\/suno-logo.png","width":180,"height":180,"caption":"Suno Not\u00edcias"},"image":{"@id":"https:\/\/www.suno.com.br\/noticias\/#\/schema\/logo\/image\/"},"sameAs":["https:\/\/facebook.com\/sunoresearch","https:\/\/x.com\/sunoresearch","https:\/\/www.instagram.com\/suno","https:\/\/www.linkedin.com\/company\/suno-research\/","https:\/\/www.youtube.com\/c\/sunoresearch"]},{"@type":"Person","@id":"https:\/\/www.suno.com.br\/noticias\/#\/schema\/person\/1db762f78ffd8919a648a63e425953e3","name":"Juliano Passaro","image":{"@type":"ImageObject","inLanguage":"pt-BR","@id":"https:\/\/www.suno.com.br\/noticias\/#\/schema\/person\/image\/","url":"https:\/\/secure.gravatar.com\/avatar\/743d4df28eebf6dcc46b4ad03c319e92?s=96&r=g","contentUrl":"https:\/\/secure.gravatar.com\/avatar\/743d4df28eebf6dcc46b4ad03c319e92?s=96&r=g","caption":"Juliano Passaro"},"description":"Juliano Passaro escreve sobre pol\u00edtica, economia e neg\u00f3cios para o portal da Suno Research. Antes da Suno, trabalhou no Portal da Band. \u00c9 formado em jornalismo pela Universidade Presbiteriana Mackenzie.","url":"https:\/\/www.suno.com.br\/noticias\/author\/juliano\/"}]}},"default_loop_html":"<div class=\"cardsPage__listCard__boxs\"><div class=\"cardsPage__listCard__boxs__img\"><a href=\"https:\/\/www.suno.com.br\/noticias\/ceo-magazine-luiza-amazon-nao-oferece-perigo-a-sua-empresa\/\"><img class=\"mask\" src=\"https:\/\/www.suno.com.br\/noticias\/wp-content\/themes\/suno\/resources\/images\/spotlight\/spotlight1img\/bg-mask.png\" alt=\"Image Mask\"\/><img src=\"https:\/\/files.sunoresearch.com.br\/n\/uploads\/2019\/08\/11036ee4-magazine-luiza-400x200.webp\" alt=\"CEO da Magazine Luiza diz que Amazon n\u00e3o oferece perigo a sua empresa\"\/><\/a><span class=\"spotlightCategory\"><a href=\"https:\/\/www.suno.com.br\/noticias\/negocios\/\">Neg\u00f3cios<\/a><\/span><\/div><div class=\"cardsPage__listCard__boxs__content\"><a href=\"https:\/\/www.suno.com.br\/noticias\/ceo-magazine-luiza-amazon-nao-oferece-perigo-a-sua-empresa\/\"><h2 class=\"content__title\">CEO da Magazine Luiza diz que Amazon n\u00e3o oferece perigo a sua empresa<\/h2><\/a><div class=\"newsContent__article__meta\"><div class=\"newsContent__article__meta__authorBox\"><a href=\"https:\/\/www.suno.com.br\/noticias\/author\/juliano\/\" class=\"authorBox__avatar noMobi\"><img src=\"https:\/\/files.sunoresearch.com.br\/n\/uploads\/2019\/06\/7cc3efea-whatsapp-image-2019-07-18-at-21.59.33-e1563499821209-150x150.webp\" alt=\"Juliano Passaro\"><\/a><div class=\"authorBox__name\"><span>por\n\t\t\t<a href=\"https:\/\/www.suno.com.br\/noticias\/author\/juliano\/\"><span itemprop=\"author\">Juliano Passaro<\/span><\/a><\/span><time datetime=\"2019-08-26T11:50:39-03:00\" itemprop=\"datePublished\">26\/08\/2019 11:50<\/time><\/div><\/div><\/div><\/div><\/div>","single_layout":"posts","amp_enabled":true,"_links":{"self":[{"href":"https:\/\/www.suno.com.br\/noticias\/wp-json\/wp\/v2\/posts\/35297"}],"collection":[{"href":"https:\/\/www.suno.com.br\/noticias\/wp-json\/wp\/v2\/posts"}],"about":[{"href":"https:\/\/www.suno.com.br\/noticias\/wp-json\/wp\/v2\/types\/post"}],"author":[{"embeddable":true,"href":"https:\/\/www.suno.com.br\/noticias\/wp-json\/wp\/v2\/users\/19"}],"replies":[{"embeddable":true,"href":"https:\/\/www.suno.com.br\/noticias\/wp-json\/wp\/v2\/comments?post=35297"}],"version-history":[{"count":0,"href":"https:\/\/www.suno.com.br\/noticias\/wp-json\/wp\/v2\/posts\/35297\/revisions"}],"wp:featuredmedia":[{"embeddable":true,"href":"https:\/\/www.suno.com.br\/noticias\/wp-json\/wp\/v2\/media\/35306"}],"wp:attachment":[{"href":"https:\/\/www.suno.com.br\/noticias\/wp-json\/wp\/v2\/media?parent=35297"}],"wp:term":[{"taxonomy":"category","embeddable":true,"href":"https:\/\/www.suno.com.br\/noticias\/wp-json\/wp\/v2\/categories?post=35297"},{"taxonomy":"post_tag","embeddable":true,"href":"https:\/\/www.suno.com.br\/noticias\/wp-json\/wp\/v2\/tags?post=35297"},{"taxonomy":"suno_strategy","embeddable":true,"href":"https:\/\/www.suno.com.br\/noticias\/wp-json\/wp\/v2\/suno_strategy?post=35297"}],"curies":[{"name":"wp","href":"https:\/\/api.w.org\/{rel}","templated":true}]}}