{"id":35280,"date":"2019-08-26T10:30:51","date_gmt":"2019-08-26T13:30:51","guid":{"rendered":"https:\/\/www.suno.com.br\/noticias\/?p=35280"},"modified":"2019-09-02T15:26:43","modified_gmt":"2019-09-02T18:26:43","slug":"trump-china-guerra-comercial-eua","status":"publish","type":"post","link":"https:\/\/www.suno.com.br\/noticias\/trump-china-guerra-comercial-eua\/","title":{"rendered":"Acordo comercial com China retornar\u00e1 em breve, diz Trump"},"content":{"rendered":"<p>Em mais um cap\u00edtulo da <strong><a href=\"https:\/\/www.suno.com.br\/artigos\/a-guerra-comercial\/\">guerra comercial<\/a><\/strong>, o presidente norte-americano, <a href=\"https:\/\/www.suno.com.br\/tudo-sobre\/donald-trump\/\">Donald Trump<\/a>, afirmou, nesta segunda-feira (26), que a China tem a inten\u00e7\u00e3o de retomar e concluir o<strong> acordo comercial<\/strong>.<\/p>\t<div class=\"wrapper-featured-image\">\n\t\t<figure class=\"spotlightImg\">\n\n\t\t\t<picture>\n\t\t\t\t<source media=\"(max-width: 768px)\" srcset=\"https:\/\/files.sunoresearch.com.br\/n\/uploads\/2019\/04\/2fd392b7-trump-1-400x200.webp\">\n\t\t\t\t<img loading=\"lazy\" decoding=\"async\" class=\"newsContent__article__imgCapa lazyloadDisabled newsContent__article__imgCapa--noCaption\" src=\"https:\/\/files.sunoresearch.com.br\/n\/uploads\/2019\/04\/2fd392b7-trump-1-800x450.webp\" width=\"800\" height=\"450\" alt=\"Acordo comercial com China retornar\u00e1 em breve, diz Trump\" fetchpriority=high \/>\n\t\t\t<\/picture>\n\n\t\t\t<figcaption class=\"wp-caption-text wp-caption-text--hide\">Trump diz que negocia\u00e7\u00f5es com China est\u00e3o &#039;indo muito bem&#039;<\/figcaption>\n\t\t<\/figure>\n\t<\/div>\n\n\n<p>&#8220;A China ligou ontem \u00e0 noite para o nosso principal representante e disse: &#8216;voltemos \u00e0 mesa&#8217;, ent\u00e3o voltaremos \u00e0 mesa. Acho que eles querem fazer alguma coisa. Acho que vamos ter um acordo&#8221;, disse o presidente americano <strong>Donald Trump<\/strong>.<\/p>\n\n<p>Al\u00e9m disso, o principal negociador chin\u00eas, <strong>Liu He<\/strong>, afirmou estar disposto a &#8220;resolver o problema com calma por meio de consultas e coopera\u00e7\u00e3o&#8221;.<\/p>\n<p>Na \u00faltima sexta-feira (23), a escalada de tens\u00f5es da disputa comercial foi elevada devido ao pedido de Trump de que empresas norte-americanas encerrassem suas opera\u00e7\u00f5es no pa\u00eds oriental. Ademais, a China afirmou que iria retaliar os EUA.<\/p>\n<h2>Guerra Comercial<\/h2>\n<p>Na \u00faltima sexta-feira, Trump pediu para que empresas norte-americanas pensassem em maneiras de encerrar suas opera\u00e7\u00f5es na China e produzissem mercadorias nos EUA. As informa\u00e7\u00f5es foram divulgadas pela ag\u00eancia Reuters.<\/p>\n<p><a href=\"\/\/www.suno.com.br\/noticias\/china-quer-encontrar-meio-termo-encerrar-guerra-comercial\/\">Confira Tamb\u00e9m: China quer encontrar acordo para encerrar guerra comercial com os EUA<\/a><\/p>\n<p>O mandat\u00e1rio tamb\u00e9m declarou que contra-atacar\u00e1 a <strong>China<\/strong>, que havia anunciado no in\u00edcio da \u00faltima sexta novas tarifas alfandeg\u00e1rias sobre produtos americanos. O presidente n\u00e3o pode, por lei, obrigar empresas norte-americanas a abandonar o pa\u00eds asi\u00e1tico imediatamente.<\/p>\n<p>\u201cN\u00f3s n\u00e3o precisamos da China e, francamente, estar\u00edamos muito melhor sem eles.\u201d afirmou Trump em sua conta no Twitter. \u201cNossas grandes empresas norte-americanas est\u00e3o ordenadas a come\u00e7ar imediatamente a procurar uma alternativa \u00e0 China, incluindo trazer suas empresas para casa e fazer seus produtos nos EUA\u201d.<\/p>\n\t<p>\n\t\t<a href=\"https:\/\/lp.suno.com.br\/cl\/impacto-tarifas-trump\/?utm_source=sunoresearch&#038;utm_medium=banner.noticias&#038;utm_campaign=_SNC903E88AA_\" target=\"_blank\" data-element=\"shortcode-suno-banner\" title=\"Banner SUNO, clique e saiba mais\">\n\t\t\t<picture>\n\t\t\t\t<source media=\"(max-width: 500px)\" srcset=\"https:\/\/files.sunoresearch.com.br\/n\/uploads\/2025\/07\/trump-mobile.webp\">\n\t\t\t\t<img class=\"newsContent__article__imgCapa newsContent__article__imgCapa--banner\"\n\t\t\t\t\tsrc=\"https:\/\/files.sunoresearch.com.br\/n\/uploads\/2025\/07\/trump-banner-desktop.webp\"\n\t\t\t\t\tdata-promo-id=\"613126\"\t\t\t\t\t\t\t\t\t\twidth='1000' height='325'\t\t\t\t\talt=\"https:\/\/files.sunoresearch.com.br\/n\/uploads\/2025\/07\/trump-banner-desktop.webp\"\n\t\t\t\t>\n\t\t\t<\/picture>\n\t\t<\/a>\n\t<\/p>\n\n\n<h2>China disse retaliar Trump<\/h2>\n<p>Em nova retalia\u00e7\u00e3o, a China informou que vai impor tarifas adicionais sobre US$ 75 bilh\u00f5es de produtos norte-americanos. Em sua maioria, as taxas atingiram, prioritariamente, autom\u00f3veis.<\/p>\n<p>Segundo o minist\u00e9rio da Economia da China, as taxas ser\u00e3o entre 5% e 25% e a implementa\u00e7\u00e3o ocorrer\u00e1 em duas etapas, em 1\u00ba de setembro e no dia 15 de dezembro &#8211; as mesmas datas em que o presidente norte-americano\u00a0anunciou as mais recentes tarifas dos Estados Unidos sobre US$ 300 bilh\u00f5es de produtos chineses.<\/p>\n<p><a href=\"\/\/www.suno.com.br\/noticias\/trump-recua-em-proposta-de-reducao-de-impostos\/\">Veja Tamb\u00e9m: Trump recua em proposta de redu\u00e7\u00e3o de impostos<\/a><\/p>\n<p>No dia 15 de dezembro, ser\u00e3o aplicados as tarifas de 25% sobre autom\u00f3veis e 5% sobre pe\u00e7as de autom\u00f3veis. As informa\u00e7\u00f5es s\u00e3o do jornal &#8220;The Washington Post&#8221;.<\/p>\n<p>Na c\u00fapula do G7, no \u00faltimo sab\u00e1do (24) em Biarritz, na Fran\u00e7a, <strong>Trump<\/strong> elogiou o presidente chin\u00eas <strong>Xi Jiping<\/strong> como grande l\u00edder.<\/p>\n","protected":false},"excerpt":{"rendered":"<p>Em mais um cap\u00edtulo da guerra comercial, o presidente norte-americano, Donald Trump, afirmou, nesta segunda-feira (26), que a China tem a inten\u00e7\u00e3o de retomar e concluir o acordo comercial. Trump diz que negocia\u00e7\u00f5es com China est\u00e3o &#039;indo muito bem&#039; &#8220;A China ligou ontem \u00e0 noite para o nosso principal representante e disse: &#8216;voltemos \u00e0 mesa&#8217;, [&hellip;]<\/p>\n","protected":false},"author":15,"featured_media":22557,"comment_status":"closed","ping_status":"closed","sticky":false,"template":"","format":"standard","meta":[],"categories":[63],"tags":[711,724,793,980],"suno_strategy":[],"class_list":["post-35280","post","type-post","status-publish","format-standard","has-post-thumbnail","hentry","category-internacional","tag-china","tag-donald-trump","tag-estados-unidos-eua","tag-guerra-comercial"],"yoast_head":"<!-- This site is optimized with the Yoast SEO plugin v24.4 - https:\/\/yoast.com\/wordpress\/plugins\/seo\/ -->\n<title>Acordo comercial com China retornar\u00e1 em breve, diz Trump<\/title>\n<meta name=\"description\" content=\"O presidente Donald Trump afirmou que a China tem a inten\u00e7\u00e3o de retomar e concluir o acordo comercial.\u00a0Clique aqui e saiba mais\" \/>\n<meta name=\"robots\" content=\"index, follow, max-snippet:-1, max-image-preview:large, max-video-preview:-1\" \/>\n<link rel=\"canonical\" href=\"https:\/\/www.suno.com.br\/noticias\/trump-china-guerra-comercial-eua\/\" \/>\n<meta property=\"og:locale\" content=\"pt_BR\" \/>\n<meta property=\"og:type\" content=\"article\" \/>\n<meta property=\"og:title\" content=\"Acordo comercial com China retornar\u00e1 em breve, diz Trump\" \/>\n<meta property=\"og:description\" content=\"O presidente Donald Trump afirmou que a China tem a inten\u00e7\u00e3o de retomar e concluir o acordo comercial.\u00a0Clique aqui e saiba mais\" \/>\n<meta property=\"og:url\" content=\"https:\/\/www.suno.com.br\/noticias\/trump-china-guerra-comercial-eua\/\" \/>\n<meta property=\"og:site_name\" content=\"Suno Not\u00edcias\" \/>\n<meta property=\"article:publisher\" content=\"https:\/\/facebook.com\/sunoresearch\" \/>\n<meta property=\"og:image\" content=\"https:\/\/files.sunoresearch.com.br\/n\/uploads\/2019\/04\/2fd392b7-trump-1.jpg\" \/>\n\t<meta property=\"og:image:width\" content=\"1000\" \/>\n\t<meta property=\"og:image:height\" content=\"541\" \/>\n\t<meta property=\"og:image:type\" content=\"image\/jpeg\" \/>\n<meta name=\"author\" content=\"Poliana Santos\" \/>\n<meta name=\"twitter:card\" content=\"summary_large_image\" \/>\n<meta name=\"twitter:creator\" content=\"@sunoresearch\" \/>\n<meta name=\"twitter:site\" content=\"@sunoresearch\" \/>\n<meta name=\"twitter:label1\" content=\"Escrito por\" \/>\n\t<meta name=\"twitter:data1\" content=\"Poliana Santos\" \/>\n\t<meta name=\"twitter:label2\" content=\"Est. tempo de leitura\" \/>\n\t<meta name=\"twitter:data2\" content=\"2 minutos\" \/>\n<script type=\"application\/ld+json\" class=\"yoast-schema-graph\">{\"@context\":\"https:\/\/schema.org\",\"@graph\":[{\"@type\":\"NewsArticle\",\"@id\":\"https:\/\/www.suno.com.br\/noticias\/trump-china-guerra-comercial-eua\/#article\",\"isPartOf\":{\"@id\":\"https:\/\/www.suno.com.br\/noticias\/trump-china-guerra-comercial-eua\/\"},\"author\":{\"name\":\"Poliana Santos\",\"@id\":\"https:\/\/www.suno.com.br\/noticias\/#\/schema\/person\/02ec1f752758247878a2bf4abee1aeda\"},\"headline\":\"Acordo comercial com China retornar\u00e1 em breve, diz Trump\",\"datePublished\":\"2019-08-26T13:30:51+00:00\",\"dateModified\":\"2019-09-02T18:26:43+00:00\",\"mainEntityOfPage\":{\"@id\":\"https:\/\/www.suno.com.br\/noticias\/trump-china-guerra-comercial-eua\/\"},\"wordCount\":443,\"publisher\":{\"@id\":\"https:\/\/www.suno.com.br\/noticias\/#organization\"},\"image\":{\"@id\":\"https:\/\/www.suno.com.br\/noticias\/trump-china-guerra-comercial-eua\/#primaryimage\"},\"thumbnailUrl\":\"https:\/\/files.sunoresearch.com.br\/n\/uploads\/2019\/04\/2fd392b7-trump-1-jpg.webp\",\"keywords\":[\"China\",\"Donald Trump\",\"Estados Unidos (EUA)\",\"guerra comercial\"],\"articleSection\":[\"Internacional\"],\"inLanguage\":\"pt-BR\"},{\"@type\":\"WebPage\",\"@id\":\"https:\/\/www.suno.com.br\/noticias\/trump-china-guerra-comercial-eua\/\",\"url\":\"https:\/\/www.suno.com.br\/noticias\/trump-china-guerra-comercial-eua\/\",\"name\":\"Acordo comercial com China retornar\u00e1 em breve, diz Trump\",\"isPartOf\":{\"@id\":\"https:\/\/www.suno.com.br\/noticias\/#website\"},\"primaryImageOfPage\":{\"@id\":\"https:\/\/www.suno.com.br\/noticias\/trump-china-guerra-comercial-eua\/#primaryimage\"},\"image\":{\"@id\":\"https:\/\/www.suno.com.br\/noticias\/trump-china-guerra-comercial-eua\/#primaryimage\"},\"thumbnailUrl\":\"https:\/\/files.sunoresearch.com.br\/n\/uploads\/2019\/04\/2fd392b7-trump-1-jpg.webp\",\"datePublished\":\"2019-08-26T13:30:51+00:00\",\"dateModified\":\"2019-09-02T18:26:43+00:00\",\"description\":\"O presidente Donald Trump afirmou que a China tem a inten\u00e7\u00e3o de retomar e concluir o acordo comercial.\u00a0Clique aqui e saiba mais\",\"breadcrumb\":{\"@id\":\"https:\/\/www.suno.com.br\/noticias\/trump-china-guerra-comercial-eua\/#breadcrumb\"},\"inLanguage\":\"pt-BR\",\"potentialAction\":[{\"@type\":\"ReadAction\",\"target\":[\"https:\/\/www.suno.com.br\/noticias\/trump-china-guerra-comercial-eua\/\"]}]},{\"@type\":\"ImageObject\",\"inLanguage\":\"pt-BR\",\"@id\":\"https:\/\/www.suno.com.br\/noticias\/trump-china-guerra-comercial-eua\/#primaryimage\",\"url\":\"https:\/\/files.sunoresearch.com.br\/n\/uploads\/2019\/04\/2fd392b7-trump-1-jpg.webp\",\"contentUrl\":\"https:\/\/files.sunoresearch.com.br\/n\/uploads\/2019\/04\/2fd392b7-trump-1-jpg.webp\",\"width\":1000,\"height\":541,\"caption\":\"Trump diz que negocia\u00e7\u00f5es com China est\u00e3o 'indo muito bem'\"},{\"@type\":\"BreadcrumbList\",\"@id\":\"https:\/\/www.suno.com.br\/noticias\/trump-china-guerra-comercial-eua\/#breadcrumb\",\"itemListElement\":[{\"@type\":\"ListItem\",\"position\":1,\"name\":\"Not\u00edcias\",\"item\":\"https:\/\/www.suno.com.br\/noticias\/\"},{\"@type\":\"ListItem\",\"position\":2,\"name\":\"Internacional\",\"item\":\"https:\/\/www.suno.com.br\/noticias\/internacional\/\"},{\"@type\":\"ListItem\",\"position\":3,\"name\":\"Acordo comercial com China retornar\u00e1 em breve, diz Trump\"}]},{\"@type\":\"WebSite\",\"@id\":\"https:\/\/www.suno.com.br\/noticias\/#website\",\"url\":\"https:\/\/www.suno.com.br\/noticias\/\",\"name\":\"Suno Not\u00edcias\",\"description\":\"Seu portal de informa\u00e7\u00e3o sobre o mundo dos investimentos\",\"publisher\":{\"@id\":\"https:\/\/www.suno.com.br\/noticias\/#organization\"},\"potentialAction\":[{\"@type\":\"SearchAction\",\"target\":{\"@type\":\"EntryPoint\",\"urlTemplate\":\"https:\/\/www.suno.com.br\/noticias\/?s={search_term_string}\"},\"query-input\":{\"@type\":\"PropertyValueSpecification\",\"valueRequired\":true,\"valueName\":\"search_term_string\"}}],\"inLanguage\":\"pt-BR\"},{\"@type\":\"Organization\",\"@id\":\"https:\/\/www.suno.com.br\/noticias\/#organization\",\"name\":\"Suno Not\u00edcias\",\"url\":\"https:\/\/www.suno.com.br\/noticias\/\",\"logo\":{\"@type\":\"ImageObject\",\"inLanguage\":\"pt-BR\",\"@id\":\"https:\/\/www.suno.com.br\/noticias\/#\/schema\/logo\/image\/\",\"url\":\"https:\/\/files.sunoresearch.com.br\/n\/uploads\/2021\/09\/suno-logo.png\",\"contentUrl\":\"https:\/\/files.sunoresearch.com.br\/n\/uploads\/2021\/09\/suno-logo.png\",\"width\":180,\"height\":180,\"caption\":\"Suno Not\u00edcias\"},\"image\":{\"@id\":\"https:\/\/www.suno.com.br\/noticias\/#\/schema\/logo\/image\/\"},\"sameAs\":[\"https:\/\/facebook.com\/sunoresearch\",\"https:\/\/x.com\/sunoresearch\",\"https:\/\/www.instagram.com\/suno\",\"https:\/\/www.linkedin.com\/company\/suno-research\/\",\"https:\/\/www.youtube.com\/c\/sunoresearch\"]},{\"@type\":\"Person\",\"@id\":\"https:\/\/www.suno.com.br\/noticias\/#\/schema\/person\/02ec1f752758247878a2bf4abee1aeda\",\"name\":\"Poliana Santos\",\"image\":{\"@type\":\"ImageObject\",\"inLanguage\":\"pt-BR\",\"@id\":\"https:\/\/www.suno.com.br\/noticias\/#\/schema\/person\/image\/\",\"url\":\"https:\/\/secure.gravatar.com\/avatar\/0645bd32f23d87b2130f2b2dff1d3f8d?s=96&r=g\",\"contentUrl\":\"https:\/\/secure.gravatar.com\/avatar\/0645bd32f23d87b2130f2b2dff1d3f8d?s=96&r=g\",\"caption\":\"Poliana Santos\"},\"description\":\"Rep\u00f3rter no Suno Not\u00edcias, com cobertura em mercado financeiro, economia, finan\u00e7as pessoais, renda fixa e varejo. Jornalista formada pela Faculdade C\u00e1sper L\u00edbero e possui passagem na R\u00e1dio Gazeta AM com a produ\u00e7\u00e3o de conte\u00fado sobre economia, pol\u00edtica, sa\u00fade, moda e m\u00fasica. Possui certificado de conclus\u00e3o do curso de An\u00e1lise de Balan\u00e7os pela Funda\u00e7\u00e3o Bradesco, Agenda Brasil pela FAAP, Educa\u00e7\u00e3o Pol\u00edtica por Alexandre Garcia e do Tesouro Direto e Mercado de A\u00e7\u00f5es pela B3.\",\"url\":\"https:\/\/www.suno.com.br\/noticias\/author\/poliana-santos\/\"}]}<\/script>\n<!-- \/ Yoast SEO plugin. -->","yoast_head_json":{"title":"Acordo comercial com China retornar\u00e1 em breve, diz Trump","description":"O presidente Donald Trump afirmou que a China tem a inten\u00e7\u00e3o de retomar e concluir o acordo comercial.\u00a0Clique aqui e saiba mais","robots":{"index":"index","follow":"follow","max-snippet":"max-snippet:-1","max-image-preview":"max-image-preview:large","max-video-preview":"max-video-preview:-1"},"canonical":"https:\/\/www.suno.com.br\/noticias\/trump-china-guerra-comercial-eua\/","og_locale":"pt_BR","og_type":"article","og_title":"Acordo comercial com China retornar\u00e1 em breve, diz Trump","og_description":"O presidente Donald Trump afirmou que a China tem a inten\u00e7\u00e3o de retomar e concluir o acordo comercial.\u00a0Clique aqui e saiba mais","og_url":"https:\/\/www.suno.com.br\/noticias\/trump-china-guerra-comercial-eua\/","og_site_name":"Suno Not\u00edcias","article_publisher":"https:\/\/facebook.com\/sunoresearch","og_image":[{"width":1000,"height":541,"url":"https:\/\/files.sunoresearch.com.br\/n\/uploads\/2019\/04\/2fd392b7-trump-1.jpg","type":"image\/jpeg"}],"author":"Poliana Santos","twitter_card":"summary_large_image","twitter_creator":"@sunoresearch","twitter_site":"@sunoresearch","twitter_misc":{"Escrito por":"Poliana Santos","Est. tempo de leitura":"2 minutos"},"schema":{"@context":"https:\/\/schema.org","@graph":[{"@type":"NewsArticle","@id":"https:\/\/www.suno.com.br\/noticias\/trump-china-guerra-comercial-eua\/#article","isPartOf":{"@id":"https:\/\/www.suno.com.br\/noticias\/trump-china-guerra-comercial-eua\/"},"author":{"name":"Poliana Santos","@id":"https:\/\/www.suno.com.br\/noticias\/#\/schema\/person\/02ec1f752758247878a2bf4abee1aeda"},"headline":"Acordo comercial com China retornar\u00e1 em breve, diz Trump","datePublished":"2019-08-26T13:30:51+00:00","dateModified":"2019-09-02T18:26:43+00:00","mainEntityOfPage":{"@id":"https:\/\/www.suno.com.br\/noticias\/trump-china-guerra-comercial-eua\/"},"wordCount":443,"publisher":{"@id":"https:\/\/www.suno.com.br\/noticias\/#organization"},"image":{"@id":"https:\/\/www.suno.com.br\/noticias\/trump-china-guerra-comercial-eua\/#primaryimage"},"thumbnailUrl":"https:\/\/files.sunoresearch.com.br\/n\/uploads\/2019\/04\/2fd392b7-trump-1-jpg.webp","keywords":["China","Donald Trump","Estados Unidos (EUA)","guerra comercial"],"articleSection":["Internacional"],"inLanguage":"pt-BR"},{"@type":"WebPage","@id":"https:\/\/www.suno.com.br\/noticias\/trump-china-guerra-comercial-eua\/","url":"https:\/\/www.suno.com.br\/noticias\/trump-china-guerra-comercial-eua\/","name":"Acordo comercial com China retornar\u00e1 em breve, diz Trump","isPartOf":{"@id":"https:\/\/www.suno.com.br\/noticias\/#website"},"primaryImageOfPage":{"@id":"https:\/\/www.suno.com.br\/noticias\/trump-china-guerra-comercial-eua\/#primaryimage"},"image":{"@id":"https:\/\/www.suno.com.br\/noticias\/trump-china-guerra-comercial-eua\/#primaryimage"},"thumbnailUrl":"https:\/\/files.sunoresearch.com.br\/n\/uploads\/2019\/04\/2fd392b7-trump-1-jpg.webp","datePublished":"2019-08-26T13:30:51+00:00","dateModified":"2019-09-02T18:26:43+00:00","description":"O presidente Donald Trump afirmou que a China tem a inten\u00e7\u00e3o de retomar e concluir o acordo comercial.\u00a0Clique aqui e saiba mais","breadcrumb":{"@id":"https:\/\/www.suno.com.br\/noticias\/trump-china-guerra-comercial-eua\/#breadcrumb"},"inLanguage":"pt-BR","potentialAction":[{"@type":"ReadAction","target":["https:\/\/www.suno.com.br\/noticias\/trump-china-guerra-comercial-eua\/"]}]},{"@type":"ImageObject","inLanguage":"pt-BR","@id":"https:\/\/www.suno.com.br\/noticias\/trump-china-guerra-comercial-eua\/#primaryimage","url":"https:\/\/files.sunoresearch.com.br\/n\/uploads\/2019\/04\/2fd392b7-trump-1-jpg.webp","contentUrl":"https:\/\/files.sunoresearch.com.br\/n\/uploads\/2019\/04\/2fd392b7-trump-1-jpg.webp","width":1000,"height":541,"caption":"Trump diz que negocia\u00e7\u00f5es com China est\u00e3o 'indo muito bem'"},{"@type":"BreadcrumbList","@id":"https:\/\/www.suno.com.br\/noticias\/trump-china-guerra-comercial-eua\/#breadcrumb","itemListElement":[{"@type":"ListItem","position":1,"name":"Not\u00edcias","item":"https:\/\/www.suno.com.br\/noticias\/"},{"@type":"ListItem","position":2,"name":"Internacional","item":"https:\/\/www.suno.com.br\/noticias\/internacional\/"},{"@type":"ListItem","position":3,"name":"Acordo comercial com China retornar\u00e1 em breve, diz Trump"}]},{"@type":"WebSite","@id":"https:\/\/www.suno.com.br\/noticias\/#website","url":"https:\/\/www.suno.com.br\/noticias\/","name":"Suno Not\u00edcias","description":"Seu portal de informa\u00e7\u00e3o sobre o mundo dos investimentos","publisher":{"@id":"https:\/\/www.suno.com.br\/noticias\/#organization"},"potentialAction":[{"@type":"SearchAction","target":{"@type":"EntryPoint","urlTemplate":"https:\/\/www.suno.com.br\/noticias\/?s={search_term_string}"},"query-input":{"@type":"PropertyValueSpecification","valueRequired":true,"valueName":"search_term_string"}}],"inLanguage":"pt-BR"},{"@type":"Organization","@id":"https:\/\/www.suno.com.br\/noticias\/#organization","name":"Suno Not\u00edcias","url":"https:\/\/www.suno.com.br\/noticias\/","logo":{"@type":"ImageObject","inLanguage":"pt-BR","@id":"https:\/\/www.suno.com.br\/noticias\/#\/schema\/logo\/image\/","url":"https:\/\/files.sunoresearch.com.br\/n\/uploads\/2021\/09\/suno-logo.png","contentUrl":"https:\/\/files.sunoresearch.com.br\/n\/uploads\/2021\/09\/suno-logo.png","width":180,"height":180,"caption":"Suno Not\u00edcias"},"image":{"@id":"https:\/\/www.suno.com.br\/noticias\/#\/schema\/logo\/image\/"},"sameAs":["https:\/\/facebook.com\/sunoresearch","https:\/\/x.com\/sunoresearch","https:\/\/www.instagram.com\/suno","https:\/\/www.linkedin.com\/company\/suno-research\/","https:\/\/www.youtube.com\/c\/sunoresearch"]},{"@type":"Person","@id":"https:\/\/www.suno.com.br\/noticias\/#\/schema\/person\/02ec1f752758247878a2bf4abee1aeda","name":"Poliana Santos","image":{"@type":"ImageObject","inLanguage":"pt-BR","@id":"https:\/\/www.suno.com.br\/noticias\/#\/schema\/person\/image\/","url":"https:\/\/secure.gravatar.com\/avatar\/0645bd32f23d87b2130f2b2dff1d3f8d?s=96&r=g","contentUrl":"https:\/\/secure.gravatar.com\/avatar\/0645bd32f23d87b2130f2b2dff1d3f8d?s=96&r=g","caption":"Poliana Santos"},"description":"Rep\u00f3rter no Suno Not\u00edcias, com cobertura em mercado financeiro, economia, finan\u00e7as pessoais, renda fixa e varejo. Jornalista formada pela Faculdade C\u00e1sper L\u00edbero e possui passagem na R\u00e1dio Gazeta AM com a produ\u00e7\u00e3o de conte\u00fado sobre economia, pol\u00edtica, sa\u00fade, moda e m\u00fasica. Possui certificado de conclus\u00e3o do curso de An\u00e1lise de Balan\u00e7os pela Funda\u00e7\u00e3o Bradesco, Agenda Brasil pela FAAP, Educa\u00e7\u00e3o Pol\u00edtica por Alexandre Garcia e do Tesouro Direto e Mercado de A\u00e7\u00f5es pela B3.","url":"https:\/\/www.suno.com.br\/noticias\/author\/poliana-santos\/"}]}},"default_loop_html":"<div class=\"cardsPage__listCard__boxs\"><div class=\"cardsPage__listCard__boxs__img\"><a href=\"https:\/\/www.suno.com.br\/noticias\/trump-china-guerra-comercial-eua\/\"><img class=\"mask\" src=\"https:\/\/www.suno.com.br\/noticias\/wp-content\/themes\/suno\/resources\/images\/spotlight\/spotlight1img\/bg-mask.png\" alt=\"Image Mask\"\/><img src=\"https:\/\/files.sunoresearch.com.br\/n\/uploads\/2019\/04\/2fd392b7-trump-1-400x200.webp\" alt=\"Acordo comercial com China retornar\u00e1 em breve, diz Trump\"\/><\/a><span class=\"spotlightCategory\"><a href=\"https:\/\/www.suno.com.br\/noticias\/internacional\/\">Internacional<\/a><\/span><\/div><div class=\"cardsPage__listCard__boxs__content\"><a href=\"https:\/\/www.suno.com.br\/noticias\/trump-china-guerra-comercial-eua\/\"><h2 class=\"content__title\">Acordo comercial com China retornar\u00e1 em breve, diz Trump<\/h2><\/a><div class=\"newsContent__article__meta\"><div class=\"newsContent__article__meta__authorBox\"><a href=\"https:\/\/www.suno.com.br\/noticias\/author\/poliana-santos\/\" class=\"authorBox__avatar noMobi\"><img src=\"https:\/\/files.sunoresearch.com.br\/n\/uploads\/2020\/08\/7ef34026-whatsapp-image-2020-08-03-at-12.37.57-150x150.webp\" alt=\"Poliana Santos\"><\/a><div class=\"authorBox__name\"><span>por\n\t\t\t<a href=\"https:\/\/www.suno.com.br\/noticias\/author\/poliana-santos\/\"><span itemprop=\"author\">Poliana Santos<\/span><\/a><\/span><time datetime=\"2019-08-26T10:30:51-03:00\" itemprop=\"datePublished\">26\/08\/2019 10:30<\/time><\/div><\/div><\/div><\/div><\/div>","single_layout":"posts","amp_enabled":true,"_links":{"self":[{"href":"https:\/\/www.suno.com.br\/noticias\/wp-json\/wp\/v2\/posts\/35280"}],"collection":[{"href":"https:\/\/www.suno.com.br\/noticias\/wp-json\/wp\/v2\/posts"}],"about":[{"href":"https:\/\/www.suno.com.br\/noticias\/wp-json\/wp\/v2\/types\/post"}],"author":[{"embeddable":true,"href":"https:\/\/www.suno.com.br\/noticias\/wp-json\/wp\/v2\/users\/15"}],"replies":[{"embeddable":true,"href":"https:\/\/www.suno.com.br\/noticias\/wp-json\/wp\/v2\/comments?post=35280"}],"version-history":[{"count":0,"href":"https:\/\/www.suno.com.br\/noticias\/wp-json\/wp\/v2\/posts\/35280\/revisions"}],"wp:featuredmedia":[{"embeddable":true,"href":"https:\/\/www.suno.com.br\/noticias\/wp-json\/wp\/v2\/media\/22557"}],"wp:attachment":[{"href":"https:\/\/www.suno.com.br\/noticias\/wp-json\/wp\/v2\/media?parent=35280"}],"wp:term":[{"taxonomy":"category","embeddable":true,"href":"https:\/\/www.suno.com.br\/noticias\/wp-json\/wp\/v2\/categories?post=35280"},{"taxonomy":"post_tag","embeddable":true,"href":"https:\/\/www.suno.com.br\/noticias\/wp-json\/wp\/v2\/tags?post=35280"},{"taxonomy":"suno_strategy","embeddable":true,"href":"https:\/\/www.suno.com.br\/noticias\/wp-json\/wp\/v2\/suno_strategy?post=35280"}],"curies":[{"name":"wp","href":"https:\/\/api.w.org\/{rel}","templated":true}]}}