{"id":35272,"date":"2019-08-26T10:12:55","date_gmt":"2019-08-26T13:12:55","guid":{"rendered":"https:\/\/www.suno.com.br\/noticias\/?p=35272"},"modified":"2019-08-26T11:16:42","modified_gmt":"2019-08-26T14:16:42","slug":"pagamento-dividendos-braskem-voltara-a-discussao","status":"publish","type":"post","link":"https:\/\/www.suno.com.br\/noticias\/pagamento-dividendos-braskem-voltara-a-discussao\/","title":{"rendered":"Pagamento de dividendos da Braskem voltar\u00e1 a ser discutido"},"content":{"rendered":"<p>O pagamento de R$ 2,67 bilh\u00f5es em dividendos da Braskem (<strong>BRKM5<\/strong>), proposto pela dire\u00e7\u00e3o da companhia em mar\u00e7o, poder\u00e1 voltar ao debate nesta semana.<\/p>\t<div class=\"wrapper-featured-image\">\n\t\t<figure class=\"spotlightImg\">\n\n\t\t\t<picture>\n\t\t\t\t<source media=\"(max-width: 768px)\" srcset=\"https:\/\/files.sunoresearch.com.br\/n\/uploads\/2019\/08\/bb14db37-braskem-400x200.webp\">\n\t\t\t\t<img loading=\"lazy\" decoding=\"async\" class=\"newsContent__article__imgCapa lazyloadDisabled newsContent__article__imgCapa--noCaption\" src=\"https:\/\/files.sunoresearch.com.br\/n\/uploads\/2019\/08\/bb14db37-braskem-800x450.webp\" width=\"800\" height=\"450\" alt=\"Pagamento de dividendos da Braskem voltar\u00e1 a ser discutido\" fetchpriority=high \/>\n\t\t\t<\/picture>\n\n\t\t\t<figcaption class=\"wp-caption-text wp-caption-text--hide\">Braskem estuda emitir at\u00e9 US$ 3 bilh\u00f5es em d\u00edvida<\/figcaption>\n\t\t<\/figure>\n\t<\/div>\n\n\n<p>Entretanto, dificilmente ser\u00e1 distribu\u00eddo 100% do lucro, como previsto anteriormente. Isso se d\u00e1 pela piora no ciclo petroqu\u00edmico nos \u00faltimos meses e tamb\u00e9m pelas a\u00e7\u00f5es judiciais relacionadas \u00e0 extra\u00e7\u00e3o de sal-gema em Alagoas pela <strong>Braskem<\/strong>.<\/p>\n\n<p>Para que o processo de decis\u00e3o sobre os pagamento sejam retomados, \u00e9 necess\u00e1rio que a administra\u00e7\u00e3o da petroqu\u00edmica apresente novamente uma proposta ao conselho administrativo, que ir\u00e1 deliberar sobre o assunto, o que pode ocorrer nesta semana. As informa\u00e7\u00f5es foram apuradas pelo jornal &#8220;Valor Econ\u00f4mico&#8221;.<\/p>\n<h2>Proventos da Braskem ainda est\u00e3o bloqueados<\/h2>\n<p>A volta das discuss\u00f5es foi possibilitada pela decis\u00e3o do presidente do Supremo Tribunal Federal (STF), ministro <strong>Dias Toffoli<\/strong>. O ministro manteve a liminar que autorizava a <strong>Braskem<\/strong> a prosseguir com o pagamento, mediante a apresenta\u00e7\u00e3o de seguro-garantia de igual quantia. O seguro j\u00e1 foi apresentado pela Braskem.<\/p>\n<p>O pedido de suspens\u00e3o do pagamento foi feito pela procuradora-geral da Rep\u00fablica, <strong>Raquel Dodge<\/strong>, ap\u00f3s o STF liberar a distribui\u00e7\u00e3o de lucros proposta pela dire\u00e7\u00e3o da empresa.<\/p>\n\t<p>\n\t\t<a href=\"https:\/\/lp.suno.com.br\/ebook-como-analisar-uma-acao\/\" target=\"_blank\" data-element=\"shortcode-suno-banner\" title=\"Banner SUNO, clique e saiba mais\">\n\t\t\t<picture>\n\t\t\t\t<source media=\"(max-width: 500px)\" srcset=\"https:\/\/files.sunoresearch.com.br\/n\/uploads\/2023\/12\/Ebook-Acoes-Mobile.jpg\">\n\t\t\t\t<img class=\"newsContent__article__imgCapa newsContent__article__imgCapa--banner\"\n\t\t\t\t\tsrc=\"https:\/\/files.sunoresearch.com.br\/n\/uploads\/2023\/12\/Ebook-Acoes-Desktop.webp\"\n\t\t\t\t\tdata-promo-id=\"311260\"\t\t\t\t\t\t\t\t\t\twidth='1420' height='286'\t\t\t\t\talt=\"https:\/\/files.sunoresearch.com.br\/n\/uploads\/2023\/12\/Ebook-Acoes-Desktop.webp\"\n\t\t\t\t>\n\t\t\t<\/picture>\n\t\t<\/a>\n\t<\/p>\n\n\n<p>Quando questionada sobre a possibilidade da retomada do assunto, a Braskem informou que o tema ainda ser\u00e1 estudado.&#8221;A companhia considera diversos fatores, inclusive o cen\u00e1rio econ\u00f4mico, petroqu\u00edmico, a pol\u00edtica de dividendos (que \u00e9 p\u00fablica) e a posi\u00e7\u00e3o de caixa.&#8221;<\/p>\n<p><a href=\"https:\/\/www.suno.com.br\/noticias\/petrobras-ceo-oleo-gas-privatizacoes\/\">Confira tamb\u00e9m: Petrobras focar\u00e1 em produ\u00e7\u00e3o de \u00f3leo e g\u00e1s com decis\u00e3o do STF, diz CEO<\/a><\/p>\n<p>H\u00e1 cerca de 10 dias, o <strong>Minist\u00e9rio P\u00fablico Federal (MPF)<\/strong> iniciou uma nova a\u00e7\u00e3o civil p\u00fablica contra a companhia. O MPF solicita a indeniza\u00e7\u00e3o de R$ 20,5 bilh\u00f5es e a proibi\u00e7\u00e3o de lucros pela petroqu\u00edmica, entre outros pedidos. A a\u00e7\u00e3o tamb\u00e9m tem como alvos:<\/p>\n<ul>\n<li>Odebrecht<\/li>\n<li>Petrobras<\/li>\n<li>Banco Nacional de Desenvolvimento Econ\u00f4mico e Social (BNDES)<\/li>\n<li>Uni\u00e3o<\/li>\n<li>Ag\u00eancia Nacional de Minera\u00e7\u00e3o (ANM)<\/li>\n<li>Estado de Alagos<\/li>\n<li>Instituto do Meio Ambiente (IMA) de Alagoas<\/li>\n<\/ul>\n<p>Segundo fontes da <strong>Braskem<\/strong> ouvidas pelo &#8220;Valor&#8221;, a quantia requisitada foi considerada exagerada, o que poderia levar uma negativa da Justi\u00e7a alagoana, que ainda n\u00e3o se pronunciou.<\/p>\n","protected":false},"excerpt":{"rendered":"<p>O pagamento de R$ 2,67 bilh\u00f5es em dividendos da Braskem (BRKM5), proposto pela dire\u00e7\u00e3o da companhia em mar\u00e7o, poder\u00e1 voltar ao debate nesta semana. Braskem estuda emitir at\u00e9 US$ 3 bilh\u00f5es em d\u00edvida Entretanto, dificilmente ser\u00e1 distribu\u00eddo 100% do lucro, como previsto anteriormente. Isso se d\u00e1 pela piora no ciclo petroqu\u00edmico nos \u00faltimos meses e [&hellip;]<\/p>\n","protected":false},"author":24,"featured_media":35281,"comment_status":"closed","ping_status":"closed","sticky":false,"template":"","format":"standard","meta":[],"categories":[64],"tags":[395,295,721,785],"suno_strategy":[],"class_list":["post-35272","post","type-post","status-publish","format-standard","has-post-thumbnail","hentry","category-negocios","tag-braskem-brkm3-brkm5-brkm6","tag-dividendos","tag-ibovespa","tag-supremo-tribunal-federal-stf"],"yoast_head":"<!-- This site is optimized with the Yoast SEO plugin v24.4 - https:\/\/yoast.com\/wordpress\/plugins\/seo\/ -->\n<title>Braskem: pagamento dos dividendos voltar\u00e1 a ser discutido<\/title>\n<meta name=\"description\" content=\"O pagamento de R$ 2,67 bilh\u00f5es em dividendos da Braskem, proposto pela companhia em mar\u00e7o, poder\u00e1 voltar ao debate nesta semana. Saiba mais.\" \/>\n<meta name=\"robots\" content=\"index, follow, max-snippet:-1, max-image-preview:large, max-video-preview:-1\" \/>\n<link rel=\"canonical\" href=\"https:\/\/www.suno.com.br\/noticias\/pagamento-dividendos-braskem-voltara-a-discussao\/\" \/>\n<meta property=\"og:locale\" content=\"pt_BR\" \/>\n<meta property=\"og:type\" content=\"article\" \/>\n<meta property=\"og:title\" content=\"Braskem: pagamento dos dividendos voltar\u00e1 a ser discutido\" \/>\n<meta property=\"og:description\" content=\"O pagamento de R$ 2,67 bilh\u00f5es em dividendos da Braskem, proposto pela companhia em mar\u00e7o, poder\u00e1 voltar ao debate nesta semana. Saiba mais.\" \/>\n<meta property=\"og:url\" content=\"https:\/\/www.suno.com.br\/noticias\/pagamento-dividendos-braskem-voltara-a-discussao\/\" \/>\n<meta property=\"og:site_name\" content=\"Suno Not\u00edcias\" \/>\n<meta property=\"article:publisher\" content=\"https:\/\/facebook.com\/sunoresearch\" \/>\n<meta property=\"og:image\" content=\"https:\/\/files.sunoresearch.com.br\/n\/uploads\/2019\/08\/bb14db37-braskem.jpg\" \/>\n\t<meta property=\"og:image:width\" content=\"1920\" \/>\n\t<meta property=\"og:image:height\" content=\"1280\" \/>\n\t<meta property=\"og:image:type\" content=\"image\/jpeg\" \/>\n<meta name=\"author\" content=\"Jader Lazarini\" \/>\n<meta name=\"twitter:card\" content=\"summary_large_image\" \/>\n<meta name=\"twitter:creator\" content=\"@sunoresearch\" \/>\n<meta name=\"twitter:site\" content=\"@sunoresearch\" \/>\n<meta name=\"twitter:label1\" content=\"Escrito por\" \/>\n\t<meta name=\"twitter:data1\" content=\"Jader Lazarini\" \/>\n\t<meta name=\"twitter:label2\" content=\"Est. tempo de leitura\" \/>\n\t<meta name=\"twitter:data2\" content=\"2 minutos\" \/>\n<script type=\"application\/ld+json\" class=\"yoast-schema-graph\">{\"@context\":\"https:\/\/schema.org\",\"@graph\":[{\"@type\":\"NewsArticle\",\"@id\":\"https:\/\/www.suno.com.br\/noticias\/pagamento-dividendos-braskem-voltara-a-discussao\/#article\",\"isPartOf\":{\"@id\":\"https:\/\/www.suno.com.br\/noticias\/pagamento-dividendos-braskem-voltara-a-discussao\/\"},\"author\":{\"name\":\"Jader Lazarini\",\"@id\":\"https:\/\/www.suno.com.br\/noticias\/#\/schema\/person\/918d79de1f0281f01599b93f9ea6e23f\"},\"headline\":\"Pagamento de dividendos da Braskem voltar\u00e1 a ser discutido\",\"datePublished\":\"2019-08-26T13:12:55+00:00\",\"dateModified\":\"2019-08-26T14:16:42+00:00\",\"mainEntityOfPage\":{\"@id\":\"https:\/\/www.suno.com.br\/noticias\/pagamento-dividendos-braskem-voltara-a-discussao\/\"},\"wordCount\":393,\"publisher\":{\"@id\":\"https:\/\/www.suno.com.br\/noticias\/#organization\"},\"image\":{\"@id\":\"https:\/\/www.suno.com.br\/noticias\/pagamento-dividendos-braskem-voltara-a-discussao\/#primaryimage\"},\"thumbnailUrl\":\"https:\/\/files.sunoresearch.com.br\/n\/uploads\/2019\/08\/bb14db37-braskem-jpg.webp\",\"keywords\":[\"Braskem (BRKM3\/BRKM5\/BRKM6)\",\"dividendos\",\"Ibovespa\",\"Supremo Tribunal Federal (STF)\"],\"articleSection\":[\"Neg\u00f3cios\"],\"inLanguage\":\"pt-BR\"},{\"@type\":\"WebPage\",\"@id\":\"https:\/\/www.suno.com.br\/noticias\/pagamento-dividendos-braskem-voltara-a-discussao\/\",\"url\":\"https:\/\/www.suno.com.br\/noticias\/pagamento-dividendos-braskem-voltara-a-discussao\/\",\"name\":\"Braskem: pagamento dos dividendos voltar\u00e1 a ser discutido\",\"isPartOf\":{\"@id\":\"https:\/\/www.suno.com.br\/noticias\/#website\"},\"primaryImageOfPage\":{\"@id\":\"https:\/\/www.suno.com.br\/noticias\/pagamento-dividendos-braskem-voltara-a-discussao\/#primaryimage\"},\"image\":{\"@id\":\"https:\/\/www.suno.com.br\/noticias\/pagamento-dividendos-braskem-voltara-a-discussao\/#primaryimage\"},\"thumbnailUrl\":\"https:\/\/files.sunoresearch.com.br\/n\/uploads\/2019\/08\/bb14db37-braskem-jpg.webp\",\"datePublished\":\"2019-08-26T13:12:55+00:00\",\"dateModified\":\"2019-08-26T14:16:42+00:00\",\"description\":\"O pagamento de R$ 2,67 bilh\u00f5es em dividendos da Braskem, proposto pela companhia em mar\u00e7o, poder\u00e1 voltar ao debate nesta semana. Saiba mais.\",\"breadcrumb\":{\"@id\":\"https:\/\/www.suno.com.br\/noticias\/pagamento-dividendos-braskem-voltara-a-discussao\/#breadcrumb\"},\"inLanguage\":\"pt-BR\",\"potentialAction\":[{\"@type\":\"ReadAction\",\"target\":[\"https:\/\/www.suno.com.br\/noticias\/pagamento-dividendos-braskem-voltara-a-discussao\/\"]}]},{\"@type\":\"ImageObject\",\"inLanguage\":\"pt-BR\",\"@id\":\"https:\/\/www.suno.com.br\/noticias\/pagamento-dividendos-braskem-voltara-a-discussao\/#primaryimage\",\"url\":\"https:\/\/files.sunoresearch.com.br\/n\/uploads\/2019\/08\/bb14db37-braskem-jpg.webp\",\"contentUrl\":\"https:\/\/files.sunoresearch.com.br\/n\/uploads\/2019\/08\/bb14db37-braskem-jpg.webp\",\"width\":1920,\"height\":1280,\"caption\":\"Braskem estuda emitir at\u00e9 US$ 3 bilh\u00f5es em d\u00edvida\"},{\"@type\":\"BreadcrumbList\",\"@id\":\"https:\/\/www.suno.com.br\/noticias\/pagamento-dividendos-braskem-voltara-a-discussao\/#breadcrumb\",\"itemListElement\":[{\"@type\":\"ListItem\",\"position\":1,\"name\":\"Not\u00edcias\",\"item\":\"https:\/\/www.suno.com.br\/noticias\/\"},{\"@type\":\"ListItem\",\"position\":2,\"name\":\"Neg\u00f3cios\",\"item\":\"https:\/\/www.suno.com.br\/noticias\/negocios\/\"},{\"@type\":\"ListItem\",\"position\":3,\"name\":\"Pagamento de dividendos da Braskem voltar\u00e1 a ser discutido\"}]},{\"@type\":\"WebSite\",\"@id\":\"https:\/\/www.suno.com.br\/noticias\/#website\",\"url\":\"https:\/\/www.suno.com.br\/noticias\/\",\"name\":\"Suno Not\u00edcias\",\"description\":\"Seu portal de informa\u00e7\u00e3o sobre o mundo dos investimentos\",\"publisher\":{\"@id\":\"https:\/\/www.suno.com.br\/noticias\/#organization\"},\"potentialAction\":[{\"@type\":\"SearchAction\",\"target\":{\"@type\":\"EntryPoint\",\"urlTemplate\":\"https:\/\/www.suno.com.br\/noticias\/?s={search_term_string}\"},\"query-input\":{\"@type\":\"PropertyValueSpecification\",\"valueRequired\":true,\"valueName\":\"search_term_string\"}}],\"inLanguage\":\"pt-BR\"},{\"@type\":\"Organization\",\"@id\":\"https:\/\/www.suno.com.br\/noticias\/#organization\",\"name\":\"Suno Not\u00edcias\",\"url\":\"https:\/\/www.suno.com.br\/noticias\/\",\"logo\":{\"@type\":\"ImageObject\",\"inLanguage\":\"pt-BR\",\"@id\":\"https:\/\/www.suno.com.br\/noticias\/#\/schema\/logo\/image\/\",\"url\":\"https:\/\/files.sunoresearch.com.br\/n\/uploads\/2021\/09\/suno-logo.png\",\"contentUrl\":\"https:\/\/files.sunoresearch.com.br\/n\/uploads\/2021\/09\/suno-logo.png\",\"width\":180,\"height\":180,\"caption\":\"Suno Not\u00edcias\"},\"image\":{\"@id\":\"https:\/\/www.suno.com.br\/noticias\/#\/schema\/logo\/image\/\"},\"sameAs\":[\"https:\/\/facebook.com\/sunoresearch\",\"https:\/\/x.com\/sunoresearch\",\"https:\/\/www.instagram.com\/suno\",\"https:\/\/www.linkedin.com\/company\/suno-research\/\",\"https:\/\/www.youtube.com\/c\/sunoresearch\"]},{\"@type\":\"Person\",\"@id\":\"https:\/\/www.suno.com.br\/noticias\/#\/schema\/person\/918d79de1f0281f01599b93f9ea6e23f\",\"name\":\"Jader Lazarini\",\"image\":{\"@type\":\"ImageObject\",\"inLanguage\":\"pt-BR\",\"@id\":\"https:\/\/www.suno.com.br\/noticias\/#\/schema\/person\/image\/\",\"url\":\"https:\/\/secure.gravatar.com\/avatar\/3c1ad8caa51589841baeb923fcddea97?s=96&r=g\",\"contentUrl\":\"https:\/\/secure.gravatar.com\/avatar\/3c1ad8caa51589841baeb923fcddea97?s=96&r=g\",\"caption\":\"Jader Lazarini\"},\"description\":\"Jader Lazarini escreve sobre investimentos, finan\u00e7as, economia e neg\u00f3cios. \u00c9 bacharel em Rela\u00e7\u00f5es Internacionais e analista CNPI (2619).\",\"url\":\"https:\/\/www.suno.com.br\/noticias\/author\/jader-lazarini\/\"}]}<\/script>\n<!-- \/ Yoast SEO plugin. -->","yoast_head_json":{"title":"Braskem: pagamento dos dividendos voltar\u00e1 a ser discutido","description":"O pagamento de R$ 2,67 bilh\u00f5es em dividendos da Braskem, proposto pela companhia em mar\u00e7o, poder\u00e1 voltar ao debate nesta semana. Saiba mais.","robots":{"index":"index","follow":"follow","max-snippet":"max-snippet:-1","max-image-preview":"max-image-preview:large","max-video-preview":"max-video-preview:-1"},"canonical":"https:\/\/www.suno.com.br\/noticias\/pagamento-dividendos-braskem-voltara-a-discussao\/","og_locale":"pt_BR","og_type":"article","og_title":"Braskem: pagamento dos dividendos voltar\u00e1 a ser discutido","og_description":"O pagamento de R$ 2,67 bilh\u00f5es em dividendos da Braskem, proposto pela companhia em mar\u00e7o, poder\u00e1 voltar ao debate nesta semana. Saiba mais.","og_url":"https:\/\/www.suno.com.br\/noticias\/pagamento-dividendos-braskem-voltara-a-discussao\/","og_site_name":"Suno Not\u00edcias","article_publisher":"https:\/\/facebook.com\/sunoresearch","og_image":[{"width":1920,"height":1280,"url":"https:\/\/files.sunoresearch.com.br\/n\/uploads\/2019\/08\/bb14db37-braskem.jpg","type":"image\/jpeg"}],"author":"Jader Lazarini","twitter_card":"summary_large_image","twitter_creator":"@sunoresearch","twitter_site":"@sunoresearch","twitter_misc":{"Escrito por":"Jader Lazarini","Est. tempo de leitura":"2 minutos"},"schema":{"@context":"https:\/\/schema.org","@graph":[{"@type":"NewsArticle","@id":"https:\/\/www.suno.com.br\/noticias\/pagamento-dividendos-braskem-voltara-a-discussao\/#article","isPartOf":{"@id":"https:\/\/www.suno.com.br\/noticias\/pagamento-dividendos-braskem-voltara-a-discussao\/"},"author":{"name":"Jader Lazarini","@id":"https:\/\/www.suno.com.br\/noticias\/#\/schema\/person\/918d79de1f0281f01599b93f9ea6e23f"},"headline":"Pagamento de dividendos da Braskem voltar\u00e1 a ser discutido","datePublished":"2019-08-26T13:12:55+00:00","dateModified":"2019-08-26T14:16:42+00:00","mainEntityOfPage":{"@id":"https:\/\/www.suno.com.br\/noticias\/pagamento-dividendos-braskem-voltara-a-discussao\/"},"wordCount":393,"publisher":{"@id":"https:\/\/www.suno.com.br\/noticias\/#organization"},"image":{"@id":"https:\/\/www.suno.com.br\/noticias\/pagamento-dividendos-braskem-voltara-a-discussao\/#primaryimage"},"thumbnailUrl":"https:\/\/files.sunoresearch.com.br\/n\/uploads\/2019\/08\/bb14db37-braskem-jpg.webp","keywords":["Braskem (BRKM3\/BRKM5\/BRKM6)","dividendos","Ibovespa","Supremo Tribunal Federal (STF)"],"articleSection":["Neg\u00f3cios"],"inLanguage":"pt-BR"},{"@type":"WebPage","@id":"https:\/\/www.suno.com.br\/noticias\/pagamento-dividendos-braskem-voltara-a-discussao\/","url":"https:\/\/www.suno.com.br\/noticias\/pagamento-dividendos-braskem-voltara-a-discussao\/","name":"Braskem: pagamento dos dividendos voltar\u00e1 a ser discutido","isPartOf":{"@id":"https:\/\/www.suno.com.br\/noticias\/#website"},"primaryImageOfPage":{"@id":"https:\/\/www.suno.com.br\/noticias\/pagamento-dividendos-braskem-voltara-a-discussao\/#primaryimage"},"image":{"@id":"https:\/\/www.suno.com.br\/noticias\/pagamento-dividendos-braskem-voltara-a-discussao\/#primaryimage"},"thumbnailUrl":"https:\/\/files.sunoresearch.com.br\/n\/uploads\/2019\/08\/bb14db37-braskem-jpg.webp","datePublished":"2019-08-26T13:12:55+00:00","dateModified":"2019-08-26T14:16:42+00:00","description":"O pagamento de R$ 2,67 bilh\u00f5es em dividendos da Braskem, proposto pela companhia em mar\u00e7o, poder\u00e1 voltar ao debate nesta semana. Saiba mais.","breadcrumb":{"@id":"https:\/\/www.suno.com.br\/noticias\/pagamento-dividendos-braskem-voltara-a-discussao\/#breadcrumb"},"inLanguage":"pt-BR","potentialAction":[{"@type":"ReadAction","target":["https:\/\/www.suno.com.br\/noticias\/pagamento-dividendos-braskem-voltara-a-discussao\/"]}]},{"@type":"ImageObject","inLanguage":"pt-BR","@id":"https:\/\/www.suno.com.br\/noticias\/pagamento-dividendos-braskem-voltara-a-discussao\/#primaryimage","url":"https:\/\/files.sunoresearch.com.br\/n\/uploads\/2019\/08\/bb14db37-braskem-jpg.webp","contentUrl":"https:\/\/files.sunoresearch.com.br\/n\/uploads\/2019\/08\/bb14db37-braskem-jpg.webp","width":1920,"height":1280,"caption":"Braskem estuda emitir at\u00e9 US$ 3 bilh\u00f5es em d\u00edvida"},{"@type":"BreadcrumbList","@id":"https:\/\/www.suno.com.br\/noticias\/pagamento-dividendos-braskem-voltara-a-discussao\/#breadcrumb","itemListElement":[{"@type":"ListItem","position":1,"name":"Not\u00edcias","item":"https:\/\/www.suno.com.br\/noticias\/"},{"@type":"ListItem","position":2,"name":"Neg\u00f3cios","item":"https:\/\/www.suno.com.br\/noticias\/negocios\/"},{"@type":"ListItem","position":3,"name":"Pagamento de dividendos da Braskem voltar\u00e1 a ser discutido"}]},{"@type":"WebSite","@id":"https:\/\/www.suno.com.br\/noticias\/#website","url":"https:\/\/www.suno.com.br\/noticias\/","name":"Suno Not\u00edcias","description":"Seu portal de informa\u00e7\u00e3o sobre o mundo dos investimentos","publisher":{"@id":"https:\/\/www.suno.com.br\/noticias\/#organization"},"potentialAction":[{"@type":"SearchAction","target":{"@type":"EntryPoint","urlTemplate":"https:\/\/www.suno.com.br\/noticias\/?s={search_term_string}"},"query-input":{"@type":"PropertyValueSpecification","valueRequired":true,"valueName":"search_term_string"}}],"inLanguage":"pt-BR"},{"@type":"Organization","@id":"https:\/\/www.suno.com.br\/noticias\/#organization","name":"Suno Not\u00edcias","url":"https:\/\/www.suno.com.br\/noticias\/","logo":{"@type":"ImageObject","inLanguage":"pt-BR","@id":"https:\/\/www.suno.com.br\/noticias\/#\/schema\/logo\/image\/","url":"https:\/\/files.sunoresearch.com.br\/n\/uploads\/2021\/09\/suno-logo.png","contentUrl":"https:\/\/files.sunoresearch.com.br\/n\/uploads\/2021\/09\/suno-logo.png","width":180,"height":180,"caption":"Suno Not\u00edcias"},"image":{"@id":"https:\/\/www.suno.com.br\/noticias\/#\/schema\/logo\/image\/"},"sameAs":["https:\/\/facebook.com\/sunoresearch","https:\/\/x.com\/sunoresearch","https:\/\/www.instagram.com\/suno","https:\/\/www.linkedin.com\/company\/suno-research\/","https:\/\/www.youtube.com\/c\/sunoresearch"]},{"@type":"Person","@id":"https:\/\/www.suno.com.br\/noticias\/#\/schema\/person\/918d79de1f0281f01599b93f9ea6e23f","name":"Jader Lazarini","image":{"@type":"ImageObject","inLanguage":"pt-BR","@id":"https:\/\/www.suno.com.br\/noticias\/#\/schema\/person\/image\/","url":"https:\/\/secure.gravatar.com\/avatar\/3c1ad8caa51589841baeb923fcddea97?s=96&r=g","contentUrl":"https:\/\/secure.gravatar.com\/avatar\/3c1ad8caa51589841baeb923fcddea97?s=96&r=g","caption":"Jader Lazarini"},"description":"Jader Lazarini escreve sobre investimentos, finan\u00e7as, economia e neg\u00f3cios. \u00c9 bacharel em Rela\u00e7\u00f5es Internacionais e analista CNPI (2619).","url":"https:\/\/www.suno.com.br\/noticias\/author\/jader-lazarini\/"}]}},"default_loop_html":"<div class=\"cardsPage__listCard__boxs\"><div class=\"cardsPage__listCard__boxs__img\"><a href=\"https:\/\/www.suno.com.br\/noticias\/pagamento-dividendos-braskem-voltara-a-discussao\/\"><img class=\"mask\" src=\"https:\/\/www.suno.com.br\/noticias\/wp-content\/themes\/suno\/resources\/images\/spotlight\/spotlight1img\/bg-mask.png\" alt=\"Image Mask\"\/><img src=\"https:\/\/files.sunoresearch.com.br\/n\/uploads\/2019\/08\/bb14db37-braskem-400x200.webp\" alt=\"Pagamento de dividendos da Braskem voltar\u00e1 a ser discutido\"\/><\/a><span class=\"spotlightCategory\"><a href=\"https:\/\/www.suno.com.br\/noticias\/negocios\/\">Neg\u00f3cios<\/a><\/span><\/div><div class=\"cardsPage__listCard__boxs__content\"><a href=\"https:\/\/www.suno.com.br\/noticias\/pagamento-dividendos-braskem-voltara-a-discussao\/\"><h2 class=\"content__title\">Pagamento de dividendos da Braskem voltar\u00e1 a ser discutido<\/h2><\/a><div class=\"newsContent__article__meta\"><div class=\"newsContent__article__meta__authorBox\"><a href=\"https:\/\/www.suno.com.br\/noticias\/author\/jader-lazarini\/\" class=\"authorBox__avatar noMobi\"><img src=\"https:\/\/files.sunoresearch.com.br\/n\/uploads\/2021\/01\/178e6598-foto-perfil-2-150x150.jpg\" alt=\"Jader Lazarini\"><\/a><div class=\"authorBox__name\"><span>por\n\t\t\t<a href=\"https:\/\/www.suno.com.br\/noticias\/author\/jader-lazarini\/\"><span itemprop=\"author\">Jader Lazarini<\/span><\/a><\/span><time datetime=\"2019-08-26T10:12:55-03:00\" itemprop=\"datePublished\">26\/08\/2019 10:12<\/time><\/div><\/div><\/div><\/div><\/div>","single_layout":"posts","amp_enabled":true,"_links":{"self":[{"href":"https:\/\/www.suno.com.br\/noticias\/wp-json\/wp\/v2\/posts\/35272"}],"collection":[{"href":"https:\/\/www.suno.com.br\/noticias\/wp-json\/wp\/v2\/posts"}],"about":[{"href":"https:\/\/www.suno.com.br\/noticias\/wp-json\/wp\/v2\/types\/post"}],"author":[{"embeddable":true,"href":"https:\/\/www.suno.com.br\/noticias\/wp-json\/wp\/v2\/users\/24"}],"replies":[{"embeddable":true,"href":"https:\/\/www.suno.com.br\/noticias\/wp-json\/wp\/v2\/comments?post=35272"}],"version-history":[{"count":0,"href":"https:\/\/www.suno.com.br\/noticias\/wp-json\/wp\/v2\/posts\/35272\/revisions"}],"wp:featuredmedia":[{"embeddable":true,"href":"https:\/\/www.suno.com.br\/noticias\/wp-json\/wp\/v2\/media\/35281"}],"wp:attachment":[{"href":"https:\/\/www.suno.com.br\/noticias\/wp-json\/wp\/v2\/media?parent=35272"}],"wp:term":[{"taxonomy":"category","embeddable":true,"href":"https:\/\/www.suno.com.br\/noticias\/wp-json\/wp\/v2\/categories?post=35272"},{"taxonomy":"post_tag","embeddable":true,"href":"https:\/\/www.suno.com.br\/noticias\/wp-json\/wp\/v2\/tags?post=35272"},{"taxonomy":"suno_strategy","embeddable":true,"href":"https:\/\/www.suno.com.br\/noticias\/wp-json\/wp\/v2\/suno_strategy?post=35272"}],"curies":[{"name":"wp","href":"https:\/\/api.w.org\/{rel}","templated":true}]}}