{"id":35261,"date":"2019-08-26T09:17:00","date_gmt":"2019-08-26T12:17:00","guid":{"rendered":"https:\/\/www.suno.com.br\/noticias\/?p=35261"},"modified":"2019-08-26T09:17:00","modified_gmt":"2019-08-26T12:17:00","slug":"pagamento-13o-aposentados-comeca-nesta-segunda","status":"publish","type":"post","link":"https:\/\/www.suno.com.br\/noticias\/pagamento-13o-aposentados-comeca-nesta-segunda\/","title":{"rendered":"INSS come\u00e7a a pagar 13\u00ba dos aposentados nesta segunda-feira"},"content":{"rendered":"<p>Nesta segunda-feira (26) come\u00e7a o pagamento da primeira parcela do abono anual do Instituto Nacional do Seguro Social (INSS) a aposentados e pensionistas. Isso representar\u00e1 uma inje\u00e7\u00e3o de R$ 21,9 bilh\u00f5es na economia no terceiro semestre deste ano. 30 milh\u00f5es de pessoas ter\u00e3o direito a receber esta primeira parcela.<\/p>\t<div class=\"wrapper-featured-image\">\n\t\t<figure class=\"spotlightImg\">\n\n\t\t\t<picture>\n\t\t\t\t<source media=\"(max-width: 768px)\" srcset=\"https:\/\/files.sunoresearch.com.br\/n\/uploads\/2019\/01\/INSS-400x200.webp\">\n\t\t\t\t<img loading=\"lazy\" decoding=\"async\" class=\"newsContent__article__imgCapa lazyloadDisabled newsContent__article__imgCapa--noCaption\" src=\"https:\/\/files.sunoresearch.com.br\/n\/uploads\/2019\/01\/INSS-800x450.webp\" width=\"800\" height=\"450\" alt=\"INSS come\u00e7a a pagar 13\u00ba dos aposentados nesta segunda-feira\" fetchpriority=high \/>\n\t\t\t<\/picture>\n\n\t\t\t<figcaption class=\"wp-caption-text wp-caption-text--hide\">Aposentados do INSS ter\u00e3o aumento em 2022. <\/figcaption>\n\t\t<\/figure>\n\t<\/div>\n\n\n\n<p>50% do valor do abono ser\u00e1 pago nesta semana, de acordo com o calend\u00e1rio de pagamento de benef\u00edcios do m\u00eas do <strong>INSS<\/strong>, e a outra metade nos primeiros cinco dias de setembro. A parcela dos 50% restantes ser\u00e1 paga no final do ano, juntamente com os benef\u00edcios do m\u00eas de novembro.<\/p>\n<p>O abono anual do INSS \u00e9 tido como 13\u00ba de aposentados e pensionistas de forma a ser calculado da mesma maneira que a gratifica\u00e7\u00e3o de Natal dos trabalhadores, baseado no valor da renda mensal do benef\u00edcio do m\u00eas de dezembro de cada ano.<\/p>\n\t<p>\n\t\t<a href=\"https:\/\/lp.suno.com.br\/4-emissao-snel11\/\" target=\"_blank\" data-element=\"shortcode-suno-banner\" title=\"Banner SUNO, clique e saiba mais\">\n\t\t\t<picture>\n\t\t\t\t<source media=\"(max-width: 500px)\" srcset=\"https:\/\/files.sunoresearch.com.br\/n\/uploads\/2025\/07\/400x300-Mobile-Artigos-7.webp\">\n\t\t\t\t<img class=\"newsContent__article__imgCapa newsContent__article__imgCapa--banner\"\n\t\t\t\t\tsrc=\"https:\/\/files.sunoresearch.com.br\/n\/uploads\/2025\/07\/1420x240-Banner-Artigos-1-_-Banner-Materias-5.webp\"\n\t\t\t\t\tdata-promo-id=\"613822\"\t\t\t\t\t\t\t\t\t\twidth='1420' height='240'\t\t\t\t\talt=\"https:\/\/files.sunoresearch.com.br\/n\/uploads\/2025\/07\/1420x240-Banner-Artigos-1-_-Banner-Materias-5.webp\"\n\t\t\t\t>\n\t\t\t<\/picture>\n\t\t<\/a>\n\t<\/p>\n\n\n<p>A antecipa\u00e7\u00e3o do pagamento vai ajudar aqueles que, durante todo o ano, receberam aux\u00edlio-doen\u00e7a, aux\u00edlio-acidente, aposentadoria, aux\u00edlio-reclus\u00e3o ou pens\u00e3o por morte e outros benef\u00edcios administrados pelo <strong>INSS<\/strong> e que tamb\u00e9m comp\u00f5em o abono anual.<\/p>\n<h2>Confira o calend\u00e1rio de pagamento do INSS<\/h2>\n<p>A data de pagamento varia de acordo com o n\u00famero final do benef\u00edcio, desconsiderando-se o d\u00edgito.<\/p>\n<p><a href=\"https:\/\/www.suno.com.br\/noticias\/fgts-saque-calendario\/\">Veja tamb\u00e9m: Confira o calend\u00e1rio de saques do FGTS de contas ativas e inativas<\/a><\/p>\n<p><strong>Primeira parcela<\/strong> do benef\u00edcio de at\u00e9 <strong>um sal\u00e1rio m\u00ednimo<\/strong> (R$ 998):<\/p>\n<ul>\n<li>Final 1 (26\/agosto)<\/li>\n<li>Final 2 (27\/agosto)<\/li>\n<li>Final 3 (28\/agosto)<\/li>\n<li>Final 4 (29\/agosto)<\/li>\n<li>Final 5 (30\/agosto)<\/li>\n<li>Final 6 (02\/setembro)<\/li>\n<li>Final 7 (03\/setembro)<\/li>\n<li>Final 8 (04\/setembro)<\/li>\n<li>Final 9 (05\/setembro)<\/li>\n<li>Final 0 (06\/setembro)<\/li>\n<\/ul>\n<p><strong>Primeira parcela<\/strong> do benef\u00edcio de <strong>mais de um sal\u00e1rio m\u00ednimo<\/strong> (mais de R$ 998):<\/p>\n<ul>\n<li>Final 1 e 6 (02\/setembro)<\/li>\n<li>Final 2 e 7 (03\/setembro)<\/li>\n<li>Final 3 e 8 (04\/setembro)<\/li>\n<li>Final 4 e 9 (05\/setembro)<\/li>\n<li>Final 5 e 0 (06\/setembro)<\/li>\n<\/ul>\n<p><strong>Segunda parcela<\/strong> do benef\u00edcio de at\u00e9 <strong>um sal\u00e1rio m\u00ednimo<\/strong> (R$ 998):<\/p>\n<ul>\n<li>Final 1 (25\/novembro)<\/li>\n<li>Final 2 (26\/novembro)<\/li>\n<li>Final 3 (27\/novembro)<\/li>\n<li>Final 4 (28\/novembro)<\/li>\n<li>Final 5 (29\/novembro)<\/li>\n<li>Final 6 (02\/dezembro)<\/li>\n<li>Final 7 (03\/dezembro)<\/li>\n<li>Final 8 (04\/dezembro)<\/li>\n<li>Final 9 (05\/dezembro)<\/li>\n<li>Final 0 (06\/dezembro)<\/li>\n<\/ul>\n<p><strong>Segunda parcela<\/strong> do benef\u00edcio de <strong>mais de um sal\u00e1rio m\u00ednimo<\/strong> (mais de R$ 998):<\/p>\n<ul>\n<li>Final 1 e 6 (02\/dezembro)<\/li>\n<li>Final 2 e 7 (03\/dezembro)<\/li>\n<li>Final 3 e 8 (04\/dezembro)<\/li>\n<li>Final 4 e 9 (05\/dezembro)<\/li>\n<li>Final 5 e 0 (06\/dezembro)<\/li>\n<\/ul>\n<p>Quem come\u00e7ou a receber o benef\u00edcio do <strong>INSS<\/strong> depois de janeiro ou recebeu por per\u00edodo determinado, como sal\u00e1rio-maternidade, ter\u00e1 o 13\u00ba sal\u00e1rio proporcional. Quem recebe benef\u00edcios assistenciais (Loas) n\u00e3o tem direito ao benef\u00edcio.<\/p>\n","protected":false},"excerpt":{"rendered":"<p>Nesta segunda-feira (26) come\u00e7a o pagamento da primeira parcela do abono anual do Instituto Nacional do Seguro Social (INSS) a aposentados e pensionistas. Isso representar\u00e1 uma inje\u00e7\u00e3o de R$ 21,9 bilh\u00f5es na economia no terceiro semestre deste ano. 30 milh\u00f5es de pessoas ter\u00e3o direito a receber esta primeira parcela. Aposentados do INSS ter\u00e3o aumento em [&hellip;]<\/p>\n","protected":false},"author":24,"featured_media":11031,"comment_status":"closed","ping_status":"closed","sticky":false,"template":"","format":"standard","meta":[],"categories":[65],"tags":[740,997,807],"suno_strategy":[],"class_list":["post-35261","post","type-post","status-publish","format-standard","has-post-thumbnail","hentry","category-financas-pessoais","tag-economia","tag-inss","tag-produto-interno-bruto-pib"],"yoast_head":"<!-- This site is optimized with the Yoast SEO plugin v24.4 - https:\/\/yoast.com\/wordpress\/plugins\/seo\/ -->\n<title>INSS come\u00e7a a pagar 13\u00ba dos aposentados nesta segunda-feira<\/title>\n<meta name=\"description\" content=\"Nesta segunda (26) come\u00e7a o pagamento da primeira parcela do abono anual do INSS a aposentados e pensionistas. Saiba mais.\" \/>\n<meta name=\"robots\" content=\"index, follow, max-snippet:-1, max-image-preview:large, max-video-preview:-1\" \/>\n<link rel=\"canonical\" href=\"https:\/\/www.suno.com.br\/noticias\/pagamento-13o-aposentados-comeca-nesta-segunda\/\" \/>\n<meta property=\"og:locale\" content=\"pt_BR\" \/>\n<meta property=\"og:type\" content=\"article\" \/>\n<meta property=\"og:title\" content=\"INSS come\u00e7a a pagar 13\u00ba dos aposentados nesta segunda-feira\" \/>\n<meta property=\"og:description\" content=\"Nesta segunda (26) come\u00e7a o pagamento da primeira parcela do abono anual do INSS a aposentados e pensionistas. Saiba mais.\" \/>\n<meta property=\"og:url\" content=\"https:\/\/www.suno.com.br\/noticias\/pagamento-13o-aposentados-comeca-nesta-segunda\/\" \/>\n<meta property=\"og:site_name\" content=\"Suno Not\u00edcias\" \/>\n<meta property=\"article:publisher\" content=\"https:\/\/facebook.com\/sunoresearch\" \/>\n<meta property=\"og:image\" content=\"https:\/\/files.sunoresearch.com.br\/n\/uploads\/2019\/01\/INSS.jpg\" \/>\n\t<meta property=\"og:image:width\" content=\"2480\" \/>\n\t<meta property=\"og:image:height\" content=\"1665\" \/>\n\t<meta property=\"og:image:type\" content=\"image\/jpeg\" \/>\n<meta name=\"author\" content=\"Jader Lazarini\" \/>\n<meta name=\"twitter:card\" content=\"summary_large_image\" \/>\n<meta name=\"twitter:creator\" content=\"@sunoresearch\" \/>\n<meta name=\"twitter:site\" content=\"@sunoresearch\" \/>\n<meta name=\"twitter:label1\" content=\"Escrito por\" \/>\n\t<meta name=\"twitter:data1\" content=\"Jader Lazarini\" \/>\n\t<meta name=\"twitter:label2\" content=\"Est. tempo de leitura\" \/>\n\t<meta name=\"twitter:data2\" content=\"2 minutos\" \/>\n<script type=\"application\/ld+json\" class=\"yoast-schema-graph\">{\"@context\":\"https:\/\/schema.org\",\"@graph\":[{\"@type\":\"NewsArticle\",\"@id\":\"https:\/\/www.suno.com.br\/noticias\/pagamento-13o-aposentados-comeca-nesta-segunda\/#article\",\"isPartOf\":{\"@id\":\"https:\/\/www.suno.com.br\/noticias\/pagamento-13o-aposentados-comeca-nesta-segunda\/\"},\"author\":{\"name\":\"Jader Lazarini\",\"@id\":\"https:\/\/www.suno.com.br\/noticias\/#\/schema\/person\/918d79de1f0281f01599b93f9ea6e23f\"},\"headline\":\"INSS come\u00e7a a pagar 13\u00ba dos aposentados nesta segunda-feira\",\"datePublished\":\"2019-08-26T12:17:00+00:00\",\"mainEntityOfPage\":{\"@id\":\"https:\/\/www.suno.com.br\/noticias\/pagamento-13o-aposentados-comeca-nesta-segunda\/\"},\"wordCount\":418,\"publisher\":{\"@id\":\"https:\/\/www.suno.com.br\/noticias\/#organization\"},\"image\":{\"@id\":\"https:\/\/www.suno.com.br\/noticias\/pagamento-13o-aposentados-comeca-nesta-segunda\/#primaryimage\"},\"thumbnailUrl\":\"https:\/\/files.sunoresearch.com.br\/n\/uploads\/2019\/01\/INSS-jpg.webp\",\"keywords\":[\"Economia\",\"INSS\",\"Produto Interno Bruto (PIB)\"],\"articleSection\":[\"Finan\u00e7as Pessoais\"],\"inLanguage\":\"pt-BR\"},{\"@type\":\"WebPage\",\"@id\":\"https:\/\/www.suno.com.br\/noticias\/pagamento-13o-aposentados-comeca-nesta-segunda\/\",\"url\":\"https:\/\/www.suno.com.br\/noticias\/pagamento-13o-aposentados-comeca-nesta-segunda\/\",\"name\":\"INSS come\u00e7a a pagar 13\u00ba dos aposentados nesta segunda-feira\",\"isPartOf\":{\"@id\":\"https:\/\/www.suno.com.br\/noticias\/#website\"},\"primaryImageOfPage\":{\"@id\":\"https:\/\/www.suno.com.br\/noticias\/pagamento-13o-aposentados-comeca-nesta-segunda\/#primaryimage\"},\"image\":{\"@id\":\"https:\/\/www.suno.com.br\/noticias\/pagamento-13o-aposentados-comeca-nesta-segunda\/#primaryimage\"},\"thumbnailUrl\":\"https:\/\/files.sunoresearch.com.br\/n\/uploads\/2019\/01\/INSS-jpg.webp\",\"datePublished\":\"2019-08-26T12:17:00+00:00\",\"description\":\"Nesta segunda (26) come\u00e7a o pagamento da primeira parcela do abono anual do INSS a aposentados e pensionistas. Saiba mais.\",\"breadcrumb\":{\"@id\":\"https:\/\/www.suno.com.br\/noticias\/pagamento-13o-aposentados-comeca-nesta-segunda\/#breadcrumb\"},\"inLanguage\":\"pt-BR\",\"potentialAction\":[{\"@type\":\"ReadAction\",\"target\":[\"https:\/\/www.suno.com.br\/noticias\/pagamento-13o-aposentados-comeca-nesta-segunda\/\"]}]},{\"@type\":\"ImageObject\",\"inLanguage\":\"pt-BR\",\"@id\":\"https:\/\/www.suno.com.br\/noticias\/pagamento-13o-aposentados-comeca-nesta-segunda\/#primaryimage\",\"url\":\"https:\/\/files.sunoresearch.com.br\/n\/uploads\/2019\/01\/INSS-jpg.webp\",\"contentUrl\":\"https:\/\/files.sunoresearch.com.br\/n\/uploads\/2019\/01\/INSS-jpg.webp\",\"width\":2480,\"height\":1665,\"caption\":\"Aposentados do INSS ter\u00e3o aumento em 2022.\"},{\"@type\":\"BreadcrumbList\",\"@id\":\"https:\/\/www.suno.com.br\/noticias\/pagamento-13o-aposentados-comeca-nesta-segunda\/#breadcrumb\",\"itemListElement\":[{\"@type\":\"ListItem\",\"position\":1,\"name\":\"Not\u00edcias\",\"item\":\"https:\/\/www.suno.com.br\/noticias\/\"},{\"@type\":\"ListItem\",\"position\":2,\"name\":\"Finan\u00e7as Pessoais\",\"item\":\"https:\/\/www.suno.com.br\/noticias\/financas-pessoais\/\"},{\"@type\":\"ListItem\",\"position\":3,\"name\":\"INSS come\u00e7a a pagar 13\u00ba dos aposentados nesta segunda-feira\"}]},{\"@type\":\"WebSite\",\"@id\":\"https:\/\/www.suno.com.br\/noticias\/#website\",\"url\":\"https:\/\/www.suno.com.br\/noticias\/\",\"name\":\"Suno Not\u00edcias\",\"description\":\"Seu portal de informa\u00e7\u00e3o sobre o mundo dos investimentos\",\"publisher\":{\"@id\":\"https:\/\/www.suno.com.br\/noticias\/#organization\"},\"potentialAction\":[{\"@type\":\"SearchAction\",\"target\":{\"@type\":\"EntryPoint\",\"urlTemplate\":\"https:\/\/www.suno.com.br\/noticias\/?s={search_term_string}\"},\"query-input\":{\"@type\":\"PropertyValueSpecification\",\"valueRequired\":true,\"valueName\":\"search_term_string\"}}],\"inLanguage\":\"pt-BR\"},{\"@type\":\"Organization\",\"@id\":\"https:\/\/www.suno.com.br\/noticias\/#organization\",\"name\":\"Suno Not\u00edcias\",\"url\":\"https:\/\/www.suno.com.br\/noticias\/\",\"logo\":{\"@type\":\"ImageObject\",\"inLanguage\":\"pt-BR\",\"@id\":\"https:\/\/www.suno.com.br\/noticias\/#\/schema\/logo\/image\/\",\"url\":\"https:\/\/files.sunoresearch.com.br\/n\/uploads\/2021\/09\/suno-logo.png\",\"contentUrl\":\"https:\/\/files.sunoresearch.com.br\/n\/uploads\/2021\/09\/suno-logo.png\",\"width\":180,\"height\":180,\"caption\":\"Suno Not\u00edcias\"},\"image\":{\"@id\":\"https:\/\/www.suno.com.br\/noticias\/#\/schema\/logo\/image\/\"},\"sameAs\":[\"https:\/\/facebook.com\/sunoresearch\",\"https:\/\/x.com\/sunoresearch\",\"https:\/\/www.instagram.com\/suno\",\"https:\/\/www.linkedin.com\/company\/suno-research\/\",\"https:\/\/www.youtube.com\/c\/sunoresearch\"]},{\"@type\":\"Person\",\"@id\":\"https:\/\/www.suno.com.br\/noticias\/#\/schema\/person\/918d79de1f0281f01599b93f9ea6e23f\",\"name\":\"Jader Lazarini\",\"image\":{\"@type\":\"ImageObject\",\"inLanguage\":\"pt-BR\",\"@id\":\"https:\/\/www.suno.com.br\/noticias\/#\/schema\/person\/image\/\",\"url\":\"https:\/\/secure.gravatar.com\/avatar\/3c1ad8caa51589841baeb923fcddea97?s=96&r=g\",\"contentUrl\":\"https:\/\/secure.gravatar.com\/avatar\/3c1ad8caa51589841baeb923fcddea97?s=96&r=g\",\"caption\":\"Jader Lazarini\"},\"description\":\"Jader Lazarini escreve sobre investimentos, finan\u00e7as, economia e neg\u00f3cios. \u00c9 bacharel em Rela\u00e7\u00f5es Internacionais e analista CNPI (2619).\",\"url\":\"https:\/\/www.suno.com.br\/noticias\/author\/jader-lazarini\/\"}]}<\/script>\n<!-- \/ Yoast SEO plugin. -->","yoast_head_json":{"title":"INSS come\u00e7a a pagar 13\u00ba dos aposentados nesta segunda-feira","description":"Nesta segunda (26) come\u00e7a o pagamento da primeira parcela do abono anual do INSS a aposentados e pensionistas. Saiba mais.","robots":{"index":"index","follow":"follow","max-snippet":"max-snippet:-1","max-image-preview":"max-image-preview:large","max-video-preview":"max-video-preview:-1"},"canonical":"https:\/\/www.suno.com.br\/noticias\/pagamento-13o-aposentados-comeca-nesta-segunda\/","og_locale":"pt_BR","og_type":"article","og_title":"INSS come\u00e7a a pagar 13\u00ba dos aposentados nesta segunda-feira","og_description":"Nesta segunda (26) come\u00e7a o pagamento da primeira parcela do abono anual do INSS a aposentados e pensionistas. Saiba mais.","og_url":"https:\/\/www.suno.com.br\/noticias\/pagamento-13o-aposentados-comeca-nesta-segunda\/","og_site_name":"Suno Not\u00edcias","article_publisher":"https:\/\/facebook.com\/sunoresearch","og_image":[{"width":2480,"height":1665,"url":"https:\/\/files.sunoresearch.com.br\/n\/uploads\/2019\/01\/INSS.jpg","type":"image\/jpeg"}],"author":"Jader Lazarini","twitter_card":"summary_large_image","twitter_creator":"@sunoresearch","twitter_site":"@sunoresearch","twitter_misc":{"Escrito por":"Jader Lazarini","Est. tempo de leitura":"2 minutos"},"schema":{"@context":"https:\/\/schema.org","@graph":[{"@type":"NewsArticle","@id":"https:\/\/www.suno.com.br\/noticias\/pagamento-13o-aposentados-comeca-nesta-segunda\/#article","isPartOf":{"@id":"https:\/\/www.suno.com.br\/noticias\/pagamento-13o-aposentados-comeca-nesta-segunda\/"},"author":{"name":"Jader Lazarini","@id":"https:\/\/www.suno.com.br\/noticias\/#\/schema\/person\/918d79de1f0281f01599b93f9ea6e23f"},"headline":"INSS come\u00e7a a pagar 13\u00ba dos aposentados nesta segunda-feira","datePublished":"2019-08-26T12:17:00+00:00","mainEntityOfPage":{"@id":"https:\/\/www.suno.com.br\/noticias\/pagamento-13o-aposentados-comeca-nesta-segunda\/"},"wordCount":418,"publisher":{"@id":"https:\/\/www.suno.com.br\/noticias\/#organization"},"image":{"@id":"https:\/\/www.suno.com.br\/noticias\/pagamento-13o-aposentados-comeca-nesta-segunda\/#primaryimage"},"thumbnailUrl":"https:\/\/files.sunoresearch.com.br\/n\/uploads\/2019\/01\/INSS-jpg.webp","keywords":["Economia","INSS","Produto Interno Bruto (PIB)"],"articleSection":["Finan\u00e7as Pessoais"],"inLanguage":"pt-BR"},{"@type":"WebPage","@id":"https:\/\/www.suno.com.br\/noticias\/pagamento-13o-aposentados-comeca-nesta-segunda\/","url":"https:\/\/www.suno.com.br\/noticias\/pagamento-13o-aposentados-comeca-nesta-segunda\/","name":"INSS come\u00e7a a pagar 13\u00ba dos aposentados nesta segunda-feira","isPartOf":{"@id":"https:\/\/www.suno.com.br\/noticias\/#website"},"primaryImageOfPage":{"@id":"https:\/\/www.suno.com.br\/noticias\/pagamento-13o-aposentados-comeca-nesta-segunda\/#primaryimage"},"image":{"@id":"https:\/\/www.suno.com.br\/noticias\/pagamento-13o-aposentados-comeca-nesta-segunda\/#primaryimage"},"thumbnailUrl":"https:\/\/files.sunoresearch.com.br\/n\/uploads\/2019\/01\/INSS-jpg.webp","datePublished":"2019-08-26T12:17:00+00:00","description":"Nesta segunda (26) come\u00e7a o pagamento da primeira parcela do abono anual do INSS a aposentados e pensionistas. Saiba mais.","breadcrumb":{"@id":"https:\/\/www.suno.com.br\/noticias\/pagamento-13o-aposentados-comeca-nesta-segunda\/#breadcrumb"},"inLanguage":"pt-BR","potentialAction":[{"@type":"ReadAction","target":["https:\/\/www.suno.com.br\/noticias\/pagamento-13o-aposentados-comeca-nesta-segunda\/"]}]},{"@type":"ImageObject","inLanguage":"pt-BR","@id":"https:\/\/www.suno.com.br\/noticias\/pagamento-13o-aposentados-comeca-nesta-segunda\/#primaryimage","url":"https:\/\/files.sunoresearch.com.br\/n\/uploads\/2019\/01\/INSS-jpg.webp","contentUrl":"https:\/\/files.sunoresearch.com.br\/n\/uploads\/2019\/01\/INSS-jpg.webp","width":2480,"height":1665,"caption":"Aposentados do INSS ter\u00e3o aumento em 2022."},{"@type":"BreadcrumbList","@id":"https:\/\/www.suno.com.br\/noticias\/pagamento-13o-aposentados-comeca-nesta-segunda\/#breadcrumb","itemListElement":[{"@type":"ListItem","position":1,"name":"Not\u00edcias","item":"https:\/\/www.suno.com.br\/noticias\/"},{"@type":"ListItem","position":2,"name":"Finan\u00e7as Pessoais","item":"https:\/\/www.suno.com.br\/noticias\/financas-pessoais\/"},{"@type":"ListItem","position":3,"name":"INSS come\u00e7a a pagar 13\u00ba dos aposentados nesta segunda-feira"}]},{"@type":"WebSite","@id":"https:\/\/www.suno.com.br\/noticias\/#website","url":"https:\/\/www.suno.com.br\/noticias\/","name":"Suno Not\u00edcias","description":"Seu portal de informa\u00e7\u00e3o sobre o mundo dos investimentos","publisher":{"@id":"https:\/\/www.suno.com.br\/noticias\/#organization"},"potentialAction":[{"@type":"SearchAction","target":{"@type":"EntryPoint","urlTemplate":"https:\/\/www.suno.com.br\/noticias\/?s={search_term_string}"},"query-input":{"@type":"PropertyValueSpecification","valueRequired":true,"valueName":"search_term_string"}}],"inLanguage":"pt-BR"},{"@type":"Organization","@id":"https:\/\/www.suno.com.br\/noticias\/#organization","name":"Suno Not\u00edcias","url":"https:\/\/www.suno.com.br\/noticias\/","logo":{"@type":"ImageObject","inLanguage":"pt-BR","@id":"https:\/\/www.suno.com.br\/noticias\/#\/schema\/logo\/image\/","url":"https:\/\/files.sunoresearch.com.br\/n\/uploads\/2021\/09\/suno-logo.png","contentUrl":"https:\/\/files.sunoresearch.com.br\/n\/uploads\/2021\/09\/suno-logo.png","width":180,"height":180,"caption":"Suno Not\u00edcias"},"image":{"@id":"https:\/\/www.suno.com.br\/noticias\/#\/schema\/logo\/image\/"},"sameAs":["https:\/\/facebook.com\/sunoresearch","https:\/\/x.com\/sunoresearch","https:\/\/www.instagram.com\/suno","https:\/\/www.linkedin.com\/company\/suno-research\/","https:\/\/www.youtube.com\/c\/sunoresearch"]},{"@type":"Person","@id":"https:\/\/www.suno.com.br\/noticias\/#\/schema\/person\/918d79de1f0281f01599b93f9ea6e23f","name":"Jader Lazarini","image":{"@type":"ImageObject","inLanguage":"pt-BR","@id":"https:\/\/www.suno.com.br\/noticias\/#\/schema\/person\/image\/","url":"https:\/\/secure.gravatar.com\/avatar\/3c1ad8caa51589841baeb923fcddea97?s=96&r=g","contentUrl":"https:\/\/secure.gravatar.com\/avatar\/3c1ad8caa51589841baeb923fcddea97?s=96&r=g","caption":"Jader Lazarini"},"description":"Jader Lazarini escreve sobre investimentos, finan\u00e7as, economia e neg\u00f3cios. \u00c9 bacharel em Rela\u00e7\u00f5es Internacionais e analista CNPI (2619).","url":"https:\/\/www.suno.com.br\/noticias\/author\/jader-lazarini\/"}]}},"default_loop_html":"<div class=\"cardsPage__listCard__boxs\"><div class=\"cardsPage__listCard__boxs__img\"><a href=\"https:\/\/www.suno.com.br\/noticias\/pagamento-13o-aposentados-comeca-nesta-segunda\/\"><img class=\"mask\" src=\"https:\/\/www.suno.com.br\/noticias\/wp-content\/themes\/suno\/resources\/images\/spotlight\/spotlight1img\/bg-mask.png\" alt=\"Image Mask\"\/><img src=\"https:\/\/files.sunoresearch.com.br\/n\/uploads\/2019\/01\/INSS-400x200.webp\" alt=\"INSS come\u00e7a a pagar 13\u00ba dos aposentados nesta segunda-feira\"\/><\/a><span class=\"spotlightCategory\"><a href=\"https:\/\/www.suno.com.br\/noticias\/financas-pessoais\/\">Finan\u00e7as Pessoais<\/a><\/span><\/div><div class=\"cardsPage__listCard__boxs__content\"><a href=\"https:\/\/www.suno.com.br\/noticias\/pagamento-13o-aposentados-comeca-nesta-segunda\/\"><h2 class=\"content__title\">INSS come\u00e7a a pagar 13\u00ba dos aposentados nesta segunda-feira<\/h2><\/a><div class=\"newsContent__article__meta\"><div class=\"newsContent__article__meta__authorBox\"><a href=\"https:\/\/www.suno.com.br\/noticias\/author\/jader-lazarini\/\" class=\"authorBox__avatar noMobi\"><img src=\"https:\/\/files.sunoresearch.com.br\/n\/uploads\/2021\/01\/178e6598-foto-perfil-2-150x150.jpg\" alt=\"Jader Lazarini\"><\/a><div class=\"authorBox__name\"><span>por\n\t\t\t<a href=\"https:\/\/www.suno.com.br\/noticias\/author\/jader-lazarini\/\"><span itemprop=\"author\">Jader Lazarini<\/span><\/a><\/span><time datetime=\"2019-08-26T09:17:00-03:00\" itemprop=\"datePublished\">26\/08\/2019 09:17<\/time><\/div><\/div><\/div><\/div><\/div>","single_layout":"posts","amp_enabled":true,"_links":{"self":[{"href":"https:\/\/www.suno.com.br\/noticias\/wp-json\/wp\/v2\/posts\/35261"}],"collection":[{"href":"https:\/\/www.suno.com.br\/noticias\/wp-json\/wp\/v2\/posts"}],"about":[{"href":"https:\/\/www.suno.com.br\/noticias\/wp-json\/wp\/v2\/types\/post"}],"author":[{"embeddable":true,"href":"https:\/\/www.suno.com.br\/noticias\/wp-json\/wp\/v2\/users\/24"}],"replies":[{"embeddable":true,"href":"https:\/\/www.suno.com.br\/noticias\/wp-json\/wp\/v2\/comments?post=35261"}],"version-history":[{"count":0,"href":"https:\/\/www.suno.com.br\/noticias\/wp-json\/wp\/v2\/posts\/35261\/revisions"}],"wp:featuredmedia":[{"embeddable":true,"href":"https:\/\/www.suno.com.br\/noticias\/wp-json\/wp\/v2\/media\/11031"}],"wp:attachment":[{"href":"https:\/\/www.suno.com.br\/noticias\/wp-json\/wp\/v2\/media?parent=35261"}],"wp:term":[{"taxonomy":"category","embeddable":true,"href":"https:\/\/www.suno.com.br\/noticias\/wp-json\/wp\/v2\/categories?post=35261"},{"taxonomy":"post_tag","embeddable":true,"href":"https:\/\/www.suno.com.br\/noticias\/wp-json\/wp\/v2\/tags?post=35261"},{"taxonomy":"suno_strategy","embeddable":true,"href":"https:\/\/www.suno.com.br\/noticias\/wp-json\/wp\/v2\/suno_strategy?post=35261"}],"curies":[{"name":"wp","href":"https:\/\/api.w.org\/{rel}","templated":true}]}}