{"id":352355,"date":"2023-01-24T22:50:21","date_gmt":"2023-01-25T01:50:21","guid":{"rendered":"https:\/\/www.suno.com.br\/noticias\/?p=352355"},"modified":"2023-01-24T22:50:35","modified_gmt":"2023-01-25T01:50:35","slug":"radar-cielo-ciel3-americanas-amer3-microsoft-msft34","status":"publish","type":"post","link":"https:\/\/www.suno.com.br\/noticias\/radar-cielo-ciel3-americanas-amer3-microsoft-msft34\/","title":{"rendered":"Radar: Cielo (CIEL3) avan\u00e7a na Bolsa com previs\u00e3o sobre o 4T22, Justi\u00e7a desbloqueia R$ 1,2 bi da Americanas (AMER3) e Microsoft (MSFT34) tem queda no lucro"},"content":{"rendered":"<p>As a\u00e7\u00f5es da <a class=\"suno-keyword\" data-force=\"yes\" data-priority=\"2\" href=\"https:\/\/www.suno.com.br\/acoes\/CIEL3\/\" target=\"_blank\" rel=\"noopener\"><strong>Cielo<\/strong> (CIEL3)<\/a> subiram 3,4% nesta ter\u00e7a-feira (24). A Genial Investimentos elevou a recomenda\u00e7\u00e3o dos pap\u00e9is para &#8220;compra&#8221;, mantendo o pre\u00e7o-alvo de R$ 6,42. <\/p>\t<div class=\"wrapper-featured-image\">\n\t\t<figure class=\"spotlightImg\">\n\n\t\t\t<picture>\n\t\t\t\t<source media=\"(max-width: 768px)\" srcset=\"https:\/\/files.sunoresearch.com.br\/n\/uploads\/2021\/03\/9956a80f-cielo-2-400x200.webp\">\n\t\t\t\t<img loading=\"lazy\" decoding=\"async\" class=\"newsContent__article__imgCapa lazyloadDisabled \" src=\"https:\/\/files.sunoresearch.com.br\/n\/uploads\/2021\/03\/9956a80f-cielo-2-800x450.webp\" width=\"800\" height=\"450\" alt=\"Radar: Cielo (CIEL3) avan\u00e7a na Bolsa com previs\u00e3o sobre o 4T22, Justi\u00e7a desbloqueia R$ 1,2 bi da Americanas (AMER3) e Microsoft (MSFT34) tem queda no lucro\" fetchpriority=high \/>\n\t\t\t<\/picture>\n\n\t\t\t<figcaption class=\"wp-caption-text wp-caption-text--show\">Maquininha da Cielo. Fonte: Divulga\u00e7\u00e3o<\/figcaption>\n\t\t<\/figure>\n\t<\/div>\n\n\n\n\n\n\t<p>\n\t\t<a href=\"\" target=\"_blank\" data-element=\"shortcode-suno-banner\" title=\"Banner SUNO, clique e saiba mais\">\n\t\t\t<picture>\n\t\t\t\t<source media=\"(max-width: 500px)\" srcset=\"\">\n\t\t\t\t<img class=\"newsContent__article__imgCapa newsContent__article__imgCapa--banner\"\n\t\t\t\t\tsrc=\"\"\n\t\t\t\t\tdata-promo-id=\"341301\"\t\t\t\t\t\t\t\t\t\t\t\t\t\t\talt=\"\"\n\t\t\t\t>\n\t\t\t<\/picture>\n\t\t<\/a>\n\t<\/p>\n\n\n\n\n\n<p>Segundo os analistas Eduardo Nishio e Wagner Biondo, a mudan\u00e7a na vis\u00e3o das <strong>a\u00e7\u00f5es da Cielo<\/strong> foi baseada em um cen\u00e1rio competitivo mais racional em 2023 e aumento de take rate (taxa por venda) devido a mudan\u00e7as regulat\u00f3rias em abril de 2023 que devem ajudar a receita da companhia. <\/p>\n\n\n\n<p>Al\u00e9m disso, a Genial observa que o pre\u00e7o da<strong> a\u00e7\u00e3o da Cielo<\/strong> caiu para n\u00edveis &#8220;mais interessantes&#8221;. A din\u00e2mica para 2023 parece mais favor\u00e1vel, segundo os analistas, garantindo &#8220;mais um ano de crescimento de lucro&#8221; com volumes mais baixos.<\/p>\n\n\n\n<p>Para o 4T22, a Genial Investimentos prev\u00ea uma &#8220;continua evolu\u00e7\u00e3o na rentabilidade da Cielo&#8221;. O balan\u00e7o ser\u00e1 divulgado nesta quinta (26), depois do fechamento do preg\u00e3o. <\/p>\n\n\n\n<p>A expectativa \u00e9 de que a empresa de <strong>servi\u00e7os financeiros<\/strong> apresente lucro recorrente de R$ 463 milh\u00f5es avan\u00e7ando 9,9% trimestralmente e 54,4% na compara\u00e7\u00e3o anual. <\/p>\n\n\n\n<p>&#8220;Para 2023, esperamos um ano com expans\u00e3o dos resultados, marcados por uma carteira j\u00e1 reprecificada, apesar de esperarmos uma volumetria mais fraca, caindo de 25% em 2022 para 10-15% em 2023, em fun\u00e7\u00e3o de um cen\u00e1rio macroecon\u00f4mico mais desafiador somado a uma menor emiss\u00e3o de cart\u00f5es por parte dos bancos e fintechs&#8221;, explicam os especialistas. <\/p>\n\n\n\n<p><em>Al\u00e9m da<strong>&nbsp;Cielo<\/strong>, confira outros destaques desta ter\u00e7a-feira:<\/em><\/p>\n\n\n\n<h2 class=\"wp-block-heading\">Microsoft (MSFT34) tem queda de 12% no lucro l\u00edquido, para US$ 16,4 bi<\/h2>\n\n\n\n<ul class=\"wp-block-list\">\n<li>A <strong>Microsoft<\/strong> (MSFT34) obteve um lucro l\u00edquido de US$ 16,4 bilh\u00f5es no segundo trimestre fiscal. Segundo o balan\u00e7o corporativo divulgado hoje (24), o resultado ficou 12,46% abaixo do mesmo per\u00edodo do ano passado, quando a empresa teve ganho de US$ 18,7 bilh\u00f5es. Apesar dos n\u00fameros apresentados, as a\u00e7\u00f5es da big tech subiram 4,14% no after hours.<\/li>\n\n\n\n<li>Embora o <strong>lucro l\u00edquido da Microsoft<\/strong> apresentado seja o equivalente a US$ 2,32 por a\u00e7\u00e3o em termos ajustados, o valor superou a previs\u00e3o de analistas, que projetavam US$ 2,29 por papel. <\/li>\n\n\n\n<li>&#8220;Estamos focados na excel\u00eancia operacional e em continuar investindo para promover crescimento enquanto nossas ofertas comerciais continuam gerando valor para nossos clientes&#8221;, afirmou Amy Hood, vice-presidente executiva e diretora financeira da Microsoft, em nota a investidores.<\/li>\n\n\n\n<li>Apesar disso, a <strong>receita da Microsoft<\/strong> ficou em US$ 52,7 bilh\u00f5es no trimestre encerrado em 31 de dezembro, tamb\u00e9m abaixo das expectativas que estavam na casa dos US$ 52,99 bilh\u00f5es.<\/li>\n\n\n\n<li><strong>Microsoft cortar\u00e1 10 mil funcion\u00e1rios<\/strong><\/li>\n\n\n\n<li>O resultado do <strong>balan\u00e7o da Microsoft<\/strong> acontece cerca de uma semana ap\u00f3s anunciar o <a href=\"https:\/\/www.suno.com.br\/noticias\/microsoft-msft34-demissao-10-mil-funcionarios-3t22\/\" target=\"_blank\" rel=\"noreferrer noopener\">corte de 10 mil funcion\u00e1rios<\/a>, juntando-se \u00e0s ondas de demiss\u00f5es em empresas de tecnologia. Os cortes devem afetar 5% do quadro de trabalhadores da&nbsp;<a href=\"https:\/\/www.suno.com.br\/artigos\/big-tech\/\" target=\"_blank\" rel=\"noreferrer noopener\">big tech<\/a>, que justifica a medida como redu\u00e7\u00e3o de custos.<\/li>\n\n\n\n<li>Assim como outras empresas de tecnologia, durante a pandemia a big tech expandiu suas opera\u00e7\u00f5es. De 2019 para c\u00e1, mais de 75 mil pessoas foram contratadas pela companhia. Mesmo que a&nbsp;<strong>receita anual da Microsoft<\/strong>&nbsp;tenha crescido 58% nos \u00faltimos tr\u00eas anos, os cortes s\u00e3o justificados pela empresa pela incerteza econ\u00f4mica e desacelera\u00e7\u00e3o do setor de tecnologia nos EUA.<\/li>\n\n\n\n<li>Embora vise o corte de despesas, as&nbsp;demiss\u00f5es na <strong>Microsoft<\/strong>, segundo o comunicado divulgado pela empresa, contabilizar\u00e3o US$ 1,2 bilh\u00e3o em seu balan\u00e7o referente a custos de rescis\u00f5es contratuais.<\/li>\n\n\n\n<li><em>Com informa\u00e7\u00f5es do Estad\u00e3o Conte\u00fado<\/em><\/li>\n<\/ul>\n\n\n\t<p>\n\t\t<a href=\"\" target=\"_blank\" data-element=\"shortcode-suno-banner\" title=\"Banner SUNO, clique e saiba mais\">\n\t\t\t<picture>\n\t\t\t\t<source media=\"(max-width: 500px)\" srcset=\"\">\n\t\t\t\t<img class=\"newsContent__article__imgCapa newsContent__article__imgCapa--banner\"\n\t\t\t\t\tsrc=\"\"\n\t\t\t\t\tdata-promo-id=\"138420\"\t\t\t\t\t\t\t\t\t\t\t\t\t\t\talt=\"\"\n\t\t\t\t>\n\t\t\t<\/picture>\n\t\t<\/a>\n\t<\/p>\n\n\n\n\n\n<h2 class=\"wp-block-heading\" id=\"h-justica-suspende-bloqueio-de-r-1-2-bi-da-americanas-amer3-pelo-btg-pactual-bpac11\">Justi\u00e7a suspende bloqueio de R$ 1,2 bi da Americanas (AMER3) pelo BTG Pactual (BPAC11)<\/h2>\n\n\n\n<p>A Justi\u00e7a do Rio suspendeu nesta ter\u00e7a-feira (24) o bloqueio de recursos da\u00a0<strong>Americanas<\/strong>\u00a0(AMER3) pelo BTG Pactual (<a href=\"https:\/\/www.suno.com.br\/acoes\/BPAC11\/\" target=\"_blank\" rel=\"noreferrer noopener\">BPAC11<\/a>).\u00a0<a href=\"https:\/\/www.suno.com.br\/noticias\/americanas-amer3-btg-ganha-liminar\/\" target=\"_blank\" rel=\"noreferrer noopener\">Na quarta-feira (18)<\/a>, o banco havia\u00a0conseguido uma liminar que travava R$ 1,2 bilh\u00e3o da varejista na institui\u00e7\u00e3o financeira.\u00a0<\/p>\n\n\n\n<p>O desembargador Fl\u00e1vio Horta Fernandes, fundamentou a decis\u00e3o de suspender o<strong>\u00a0bloqueio de recursos da Americanas<\/strong>\u00a0citando o art. 49 da Lei n\u00ba 11.101\/05. Na legisla\u00e7\u00e3o, estabelece-se que \u201cest\u00e3o sujeitos \u00e0 Recupera\u00e7\u00e3o Judicial todos os cr\u00e9ditos existentes na data do pedido, ainda que n\u00e3o vencidos, bem como as obriga\u00e7\u00f5es anteriores observando as condi\u00e7\u00f5es originalmente contratadas ou definidas em lei\u201d.\u00a0<\/p>\n\n\n\n<p>Diz o texto da decis\u00e3o do magistrado:&nbsp;\u201cAssim, considerando a exist\u00eancia de efetivo deferimento do processamento da recupera\u00e7\u00e3o judicial e os consecutivos documentos acostados aos autos, suspendo o bloqueio em conta do&nbsp;<strong>Banco BTG Pactual S.A.<\/strong>&nbsp;e determino a revers\u00e3o dos valores \u00e0 a\u00e7\u00e3o de recupera\u00e7\u00e3o judicial\u201d,<\/p>\n\n\n\n<p>O&nbsp;<strong>bloqueio de recursos da Americanas pelo BTG<\/strong>&nbsp;havia sido determinado pelo desembargador. Ele concedeu liminar ao banco antes do deferimento pela 4\u00aa Vara Empresarial do processamento da Recupera\u00e7\u00e3o Judicial do Grupo Americanas e da nomea\u00e7\u00e3o de Administrador Judicial.<\/p>\n\n\n\n<h2 class=\"wp-block-heading\">Petrobras (PETR4) aprova fim do processo para venda de unidade de fertilizantes<\/h2>\n\n\n\n<ul class=\"wp-block-list\">\n<li>A <a class=\"suno-keyword\" data-force=\"yes\" data-priority=\"2\" href=\"https:\/\/www.suno.com.br\/acoes\/PETR4\/\" target=\"_blank\" rel=\"noopener\"><strong>Petrobras<\/strong> (PETR4)<\/a> informou nesta ter\u00e7a-feira (24) que aprovou o encerramento do processo competitivo para venda da Unidade de Fertilizantes Nitrogenados III (UFN-III).<\/li>\n\n\n\n<li>A <strong>petrol\u00edfera<\/strong> brasileira afirma que avaliar\u00e1 os pr\u00f3ximos passos do desinvestimento desse ativo, &#8220;em linha com o Plano Estrat\u00e9gico 2023 \u2013 2027 vigente&#8221;. Em agosto, a Petrobras havia anunciado o in\u00edcio da fase vinculante referente \u00e0 venda da <strong>unidade de fertilizantes nitrogenados<\/strong>. <\/li>\n\n\n\n<li>A <strong>UFN-III <\/strong>\u00e9 uma unidade industrial de fertilizantes nitrogenados situada em Tr\u00eas Lagoas (MS). A constru\u00e7\u00e3o da UFN-III come\u00e7ou em setembro de 2011, mas foi interrompida em dezembro de 2014, com avan\u00e7o f\u00edsico de cerca de 81%.<\/li>\n\n\n\n<li>Conclu\u00edda, a unidade ter\u00e1 uma capacidade projetada de produ\u00e7\u00e3o de ureia e am\u00f4nia de 3.600 de toneladas ao dia e 2.200 toneladas por dia, respectivamente.<\/li>\n\n\n\n<li><strong>Petrobras (PETR4): especialistas apontam reajuste abaixo do esperado; a\u00e7\u00f5es caem<\/strong><\/li>\n\n\n\n<li>Ap\u00f3s anunciar o aumento em 7,5% o <strong>pre\u00e7o da gasolina <\/strong>para as distribuidoras, as a\u00e7\u00f5es da Petrobras (PETR4;PETR3) passaram por volatilidade no intradia desta ter\u00e7a-feira. Durante o preg\u00e3o, os ativos preferenciais e ordin\u00e1rios chegavam a recuar 0,30% e 0,69%, respectivamente, por volta das 15h. Apesar disso, especialistas apontam que o reajuste anunciado ainda veio abaixo do esperado.<\/li>\n\n\n\n<li>De acordo com a estatal, o litro do combust\u00edvel a partir de amanh\u00e3 (25) passar\u00e1 de R$ 3,08 para R$ 3,31, reajuste de R$ 0,23. Ainda que a alta n\u00e3o tenha sido bem recebida pelo mercado e consumidores, o presidente da Associa\u00e7\u00e3o Brasileira dos Importadores de Combust\u00edveis (Abicom), S\u00e9rgio Ara\u00fajo, considerou o <strong>aumento do pre\u00e7o da gasolina<\/strong> insuficiente.<\/li>\n\n\n\n<li>Segundo ele, o pre\u00e7o no Golfo do M\u00e9xico \u2014 usado como refer\u00eancia para medir a paridade de importa\u00e7\u00e3o (PPI), pol\u00edtica praticada pela Petrobras desde 2016 \u2014 estava aproximadamente R$ 0,55 por litro acima do pre\u00e7o comercializado no mercado brasileiro.<\/li>\n\n\n\n<li>\u201cAinda ficou um espa\u00e7o para novo aumento. A gente esperava um reajuste maior. Desde que a Petrobras anunciou o \u00faltimo&nbsp;<strong>reajuste na gasolina<\/strong>, ela j\u00e1 subiu R$ 0,61 por litro no Golfo\u201d, informou o presidente da Abicom.<\/li>\n\n\n\n<li><strong>Cota\u00e7\u00e3o<\/strong><\/li>\n\n\n\n<li>As a\u00e7\u00f5es da <strong>Petrobras <\/strong>ca\u00edram 0,71% nesta ter\u00e7a-feira (24), cotadas a R$ 26,60.  Nos \u00faltimos trinta dias os pap\u00e9is sobem 6,6%. Desde o in\u00edcio do ano, o ativo tem alta de 16%. <\/li>\n<\/ul>\n\n\n\n<h2 class=\"wp-block-heading\">EUA processam Meta (GOGL34), dona do Google, por &#8216;abuso de monop\u00f3lio&#8217; em publicidade digital<\/h2>\n\n\n\n<ul class=\"wp-block-list\">\n<li>O Departamento de Justi\u00e7a dos Estados Unidos abriu hoje (24) uma a\u00e7\u00e3o judicial contra Meta (<a href=\"https:\/\/www.suno.com.br\/bdrs\/gogl34\/\" target=\"_blank\" rel=\"noreferrer noopener\">GOGL34<\/a>)., dona do<strong> Google<\/strong>. Segundo o \u00f3rg\u00e3o, a empresa est\u00e1 cometendo abuso de monop\u00f3lio no setor de an\u00fancios digitais. Al\u00e9m do governo federal, oito estados norte-americanos se juntaram ao lit\u00edgio.<\/li>\n\n\n\n<li>No processo, a Justi\u00e7a dos <strong>EUA acusa o Google<\/strong> de &#8220;corromper&#8221; a concorr\u00eancia na ind\u00fastria de propaganda ao controlar ferramentas tecnol\u00f3gicas usadas por editores e anunciantes. <\/li>\n\n\n\n<li>&#8220;Tendo se inserido em todos os aspectos do mercado de publicidade digital, o Google usou meios anticoncorrenciais, exclusivos e ilegais para eliminar ou diminuir severamente qualquer amea\u00e7a ao seu dom\u00ednio sobre as tecnologias de publicidade digital&#8221;, afirma.<\/li>\n\n\n\n<li><strong>Google demitir\u00e1 12 mil funcion\u00e1rios <\/strong><\/li>\n\n\n\n<li>A <strong>empresa matriz do<\/strong>&nbsp;<strong>Google<\/strong>, a Alphabet (<a href=\"https:\/\/www.suno.com.br\/bdrs\/gogl34\/\" target=\"_blank\" rel=\"noreferrer noopener\">GOGL34<\/a>), anunciou ontem (20) que planeja demitir o total de 12 mil funcion\u00e1rios ao redor do mundo.<\/li>\n\n\n\n<li>A decis\u00e3o anunciada pela gest\u00e3o do Google vem dias ap\u00f3s outras gigantes da tecnologia anunciarem&nbsp;<strong>cortes de funcion\u00e1rios<\/strong>&nbsp;igualmente grandes, como a Meta (<a href=\"https:\/\/www.suno.com.br\/bdrs\/m1ta34\/\" target=\"_blank\" rel=\"noreferrer noopener\">M1TA34<\/a>), a Amazon (<a href=\"https:\/\/www.suno.com.br\/bdrs\/amzo34\/\" target=\"_blank\" rel=\"noreferrer noopener\">AMZO34<\/a>) e a Microsoft (<a href=\"https:\/\/www.suno.com.br\/bdrs\/msft34\/\" target=\"_blank\" rel=\"noreferrer noopener\">MSFT34<\/a>).<\/li>\n\n\n\n<li>\u201cDecidimos reduzir nossa for\u00e7a de trabalho em aproximadamente 12 mil empregos\u201d, disse o&nbsp;<strong>CEO da Alphabet<\/strong>, Sundar Pichai, em um e-mail enviado aos funcion\u00e1rios.<\/li>\n\n\n\n<li>\u201cOs postos que estamos removendo refletem o resultado dessa revis\u00e3o. O fato de essas mudan\u00e7as terem um impacto na vida dos \u2018Googlers\u2019 pesa muito sobre mim e assumo toda a responsabilidade pelas decis\u00f5es que nos trouxeram at\u00e9 aqui\u201d, acrescentou o executivo.<\/li>\n\n\n\n<li>Segundo o CEO, a decis\u00e3o se d\u00e1 em virtude de uma \u201crealidade macroecon\u00f4mica dif\u00edcil e distinta\u201d. O motivo \u00e9 o mesmo que consta em memorandos e an\u00fancios de outras big techs, que sofrem com o aumento de juros nos Estados Unidos, dada a condu\u00e7\u00e3o da&nbsp;<a href=\"https:\/\/www.suno.com.br\/artigos\/politica-monetaria\/\" target=\"_blank\" rel=\"noreferrer noopener\">pol\u00edtica monet\u00e1ria<\/a>&nbsp;pelo Federal Reserve (Fed).<\/li>\n\n\n\n<li>A&nbsp;<strong>demiss\u00e3o em massa no Google<\/strong>&nbsp;deve afetar funcion\u00e1rios de todas as \u00e1reas da companhia, incluindo setores como recrutamento, equipes de engenharia e produtos.<\/li>\n\n\n\n<li>A gest\u00e3o do <strong>Google<\/strong> j\u00e1 entrou em contato diretamente com os funcion\u00e1rios que ser\u00e3o afetados pelo corte massivo.<\/li>\n\n\n\n<li><em>Com informa\u00e7\u00f5es do Estad\u00e3o Conte\u00fado<\/em><\/li>\n<\/ul>\n\n\n\t<p>\n\t\t<a href=\"https:\/\/lp.suno.com.br\/planilha-controle-gastos\/\" target=\"_blank\" data-element=\"shortcode-suno-banner\" title=\"Banner SUNO, clique e saiba mais\">\n\t\t\t<picture>\n\t\t\t\t<source media=\"(max-width: 500px)\" srcset=\"https:\/\/files.sunoresearch.com.br\/n\/uploads\/2023\/03\/400x300-Planilha-controle-de-gastos.png\">\n\t\t\t\t<img class=\"newsContent__article__imgCapa newsContent__article__imgCapa--banner\"\n\t\t\t\t\tsrc=\"https:\/\/files.sunoresearch.com.br\/n\/uploads\/2023\/03\/1420x240-Planilha-controle-de-gastos.png\"\n\t\t\t\t\tdata-promo-id=\"101751\"\t\t\t\t\t\t\t\t\t\twidth='1420' height='240'\t\t\t\t\talt=\"https:\/\/files.sunoresearch.com.br\/n\/uploads\/2023\/03\/1420x240-Planilha-controle-de-gastos.png\"\n\t\t\t\t>\n\t\t\t<\/picture>\n\t\t<\/a>\n\t<\/p>\n\n\n\n\n\n<h2 class=\"wp-block-heading\">BR Properties (BRPR3) aprova redu\u00e7\u00e3o de capital e grupamento de a\u00e7\u00f5es<\/h2>\n\n\n\n<ul class=\"wp-block-list\">\n<li>A <strong>BR Properties<\/strong><a href=\"https:\/\/www.suno.com.br\/acoes\/brpr3\/\"> (BRPR3)<\/a> anunciou na noite desta ter\u00e7a-feira (24) a redu\u00e7\u00e3o do <a class=\"suno-keyword\" data-force=\"no\" data-priority=\"2\" href=\"https:\/\/www.suno.com.br\/artigos\/capital-social\/\" target=\"_blank\" rel=\"noopener\">capital social<\/a> no montante total de R$ 2,511 bilh\u00f5es. Al\u00e9m disso, segundo comunicado enviado ao mercado, foi aprovado em Assembleia Geral Extraordin\u00e1ria o grupamento da totalidade das a\u00e7\u00f5es de emiss\u00e3o da empresa na propor\u00e7\u00e3o de 40 a\u00e7\u00f5es para 1 a\u00e7\u00e3o.<\/li>\n\n\n\n<li>Assim que a redu\u00e7\u00e3o for efetivada, o <strong>capital social da<\/strong> <strong>BR Properties<\/strong> passar\u00e1 de R$ 3.244.144.124,79 para R$ 733.334.268,59. A <a class=\"suno-keyword\" data-force=\"no\" data-priority=\"1\" href=\"https:\/\/www.suno.com.br\/artigos\/reducao-capital\/\" target=\"_blank\" rel=\"noopener\">redu\u00e7\u00e3o de capital<\/a> ser\u00e1 emprendida somente ap\u00f3s o prazo para oposi\u00e7\u00e3o de credores, de 60 dias ap\u00f3s a AGE.<\/li>\n\n\n\n<li>Segundo a empresa, o valor da <a class=\"suno-keyword\" data-force=\"no\" data-priority=\"1\" href=\"https:\/\/www.suno.com.br\/artigos\/reducao-capital\/\" target=\"_blank\" rel=\"noopener\">redu\u00e7\u00e3o de capital<\/a> da BRPR3 foi chancelado mediante restitui\u00e7\u00e3o aos acionistas de uma parcela em dinheiro no valor total de R$ 1,276 bilh\u00e3o. Haver\u00e1 ainda uma parcela em cotas do <strong>BRPR Corporate Offices Fundo de Investimento Imobili\u00e1rio<\/strong> no valor total de R$ 1,235 bilh\u00e3o.<\/li>\n\n\n\n<li>&#8220;A AGE foi instalada com a presen\u00e7a de acionistas titulares de aproximadamente 87,7% do capital votante da BR Properties e a <a class=\"suno-keyword\" target=\"_blank\" data-force=\"no\" data-priority=\"1\" href=\"https:\/\/www.suno.com.br\/artigos\/reducao-capital\/\" rel=\"noopener\">redu\u00e7\u00e3o de capital<\/a> foi aprovada com a anu\u00eancia de aproximadamente 97% dos votos&#8221;, destaca o <a class=\"suno-keyword\" target=\"_blank\" data-force=\"no\" data-priority=\"1\" href=\"https:\/\/www.suno.com.br\/artigos\/fato-relevante\/\" rel=\"noopener\">fato relevante<\/a>.<\/li>\n\n\n\n<li>A BR Properties ainda pontua que com o <strong>grupamento de a\u00e7\u00f5es<\/strong> aprovado hoje, junto ao cancelamento de 9.727.208 de a\u00e7\u00f5es aprovado em tesouraria, o <a class=\"suno-keyword\" data-force=\"no\" data-priority=\"2\" href=\"https:\/\/www.suno.com.br\/artigos\/capital-social\/\" target=\"_blank\" rel=\"noopener\">capital social<\/a> deixar\u00e1 de ser divido em 464.432.489 <a class=\"suno-keyword\" data-force=\"no\" data-priority=\"1\" href=\"https:\/\/www.suno.com.br\/artigos\/o-que-sao-acoes-ordinarias-preferenciais-e-units\/\" target=\"_blank\" rel=\"noopener\">a\u00e7\u00f5es ordin\u00e1rias<\/a>, e passar\u00e1 a ter 11.610.812 a\u00e7\u00f5es ordin\u00e1rias.<\/li>\n\n\n\n<li><strong>BR Properties quita d\u00edvida de R$ 1,17 bi<\/strong><\/li>\n\n\n\n<li>No ano passado, a BR Properties divulgou que recebeu metade do valor previsto no acordo da venda de 80% de seu portf\u00f3lio imobili\u00e1rio para o fundo canadense Brookfield.<\/li>\n\n\n\n<li>A companhia informou, em&nbsp;<a href=\"https:\/\/www.suno.com.br\/artigos\/fato-relevante\/\" target=\"_blank\" rel=\"noreferrer noopener\">fato relevante<\/a>&nbsp;enviado \u00e0 Comiss\u00e3o de Valores Mobili\u00e1rios (CVM), sobre o montante de R$ 2,92 bilh\u00f5es, referente \u00e0 parcela inicial de seis dos 12 im\u00f3veis comprados pelo fundo. Um desses im\u00f3veis \u00e9 a Torre B do JK Iguatemi, o mais famoso item do portf\u00f3lio adquirido pelo fundo canadense.<\/li>\n\n\n\n<li>Al\u00e9m disso, a BR Properties esclareceu que, com o dinheiro, j\u00e1 utilizou R$ 1,17 bilh\u00e3o para quitar totalmente o&nbsp;<a href=\"https:\/\/www.suno.com.br\/artigos\/saldo-devedor\/\" target=\"_blank\" rel=\"noreferrer noopener\">saldo devedor<\/a>&nbsp;de tr\u00eas emiss\u00f5es de deb\u00eantures e de c\u00e9dulas de cr\u00e9dito imobili\u00e1rio (CCIs), lastreadas no bloco B do JK Iguatemi.<\/li>\n\n\n\n<li>Antes da opera\u00e7\u00e3o, a empresa possu\u00eda aproximadamente R$ 2,15 bilh\u00f5es em&nbsp;<strong>endividamento l\u00edquido<\/strong>&nbsp;e R$ 860 milh\u00f5es em caixa. Com a aquisi\u00e7\u00e3o feita pela Brookfield, a BR Properties ainda tem quase R$ 3 bilh\u00f5es a receber.<\/li>\n\n\n\n<li>A venda dos ativos chegou a quase R$ 6 bilh\u00f5es, sendo equivalente a 80% do portf\u00f3lio da <strong>BR Properties<\/strong>.<\/li>\n<\/ul>\n\n\n\n<p><em>Da&nbsp;<strong>Cielo<\/strong>&nbsp;a BR Properties, essas foram as empresas que se destacaram hoje. Para ler todas as mat\u00e9rias&nbsp;<a href=\"https:\/\/www.suno.com.br\/noticias\/todos\/\" target=\"_blank\" rel=\"noreferrer noopener\">clique aqui.<\/a><\/em><a href=\"https:\/\/lp.suno.com.br\/planilha-de-controle-de-investimentos\/\" target=\"_blank\" rel=\"noreferrer noopener\"><\/a><\/p>\n\n\n\n<p><a href=\"https:\/\/lp.suno.com.br\/planilha-de-controle-de-investimentos\/\" target=\"_blank\" rel=\"noreferrer noopener\"><\/a><\/p>\n\n\n\t<p>\n\t\t<a href=\"https:\/\/lp.suno.com.br\/ebook-como-analisar-uma-acao\/\" target=\"_blank\" data-element=\"shortcode-suno-banner\" title=\"Banner SUNO, clique e saiba mais\">\n\t\t\t<picture>\n\t\t\t\t<source media=\"(max-width: 500px)\" srcset=\"https:\/\/files.sunoresearch.com.br\/n\/uploads\/2023\/03\/Ebook-Acoes-Mobile-1.jpg\">\n\t\t\t\t<img class=\"newsContent__article__imgCapa newsContent__article__imgCapa--banner\"\n\t\t\t\t\tsrc=\"https:\/\/files.sunoresearch.com.br\/n\/uploads\/2023\/03\/Ebook-Acoes-Desktop-1.jpg\"\n\t\t\t\t\tdata-promo-id=\"171998\"\t\t\t\t\t\t\t\t\t\twidth='1420' height='286'\t\t\t\t\talt=\"https:\/\/files.sunoresearch.com.br\/n\/uploads\/2023\/03\/Ebook-Acoes-Desktop-1.jpg\"\n\t\t\t\t>\n\t\t\t<\/picture>\n\t\t<\/a>\n\t<\/p>\n\n\n","protected":false},"excerpt":{"rendered":"<p>As a\u00e7\u00f5es da Cielo (CIEL3) subiram 3,4% nesta ter\u00e7a-feira (24). A Genial Investimentos elevou a recomenda\u00e7\u00e3o dos pap\u00e9is para &#8220;compra&#8221;, mantendo o pre\u00e7o-alvo de R$ 6,42. Maquininha da Cielo. Fonte: Divulga\u00e7\u00e3o Segundo os analistas Eduardo Nishio e Wagner Biondo, a mudan\u00e7a na vis\u00e3o das a\u00e7\u00f5es da Cielo foi baseada em um cen\u00e1rio competitivo mais racional [&hellip;]<\/p>\n","protected":false},"author":194,"featured_media":130222,"comment_status":"closed","ping_status":"closed","sticky":false,"template":"","format":"standard","meta":[],"categories":[64],"tags":[423,733,701,688,595],"suno_strategy":[],"class_list":["post-352355","post","type-post","status-publish","format-standard","has-post-thumbnail","hentry","category-negocios","tag-cielo-ciel3","tag-facebook-fbok34","tag-google","tag-microsoft-msft34","tag-petrobras-petr4"],"yoast_head":"<!-- This site is optimized with the Yoast SEO plugin v24.4 - https:\/\/yoast.com\/wordpress\/plugins\/seo\/ -->\n<title>Radar: Cielo (CIEL3) sobe com previs\u00e3o para o 4T22, Justi\u00e7a desbloqueia R$ 1,2 bi da Americanas (AMER3) e Microsoft (MSFT34) tem queda no lucro<\/title>\n<meta name=\"description\" content=\"Cielo avan\u00e7a com relat\u00f3rio sobre o 4T22, Americanas reverte decis\u00e3o sobre bloqueio bilion\u00e1rio pedido pelo BTG e cai o lucro do Microsoft\" \/>\n<meta name=\"robots\" content=\"index, follow, max-snippet:-1, max-image-preview:large, max-video-preview:-1\" \/>\n<link rel=\"canonical\" href=\"https:\/\/www.suno.com.br\/noticias\/radar-cielo-ciel3-americanas-amer3-microsoft-msft34\/\" \/>\n<meta property=\"og:locale\" content=\"pt_BR\" \/>\n<meta property=\"og:type\" content=\"article\" \/>\n<meta property=\"og:title\" content=\"Radar: Cielo (CIEL3) sobe com previs\u00e3o para o 4T22, Justi\u00e7a desbloqueia R$ 1,2 bi da Americanas (AMER3) e Microsoft (MSFT34) tem queda no lucro\" \/>\n<meta property=\"og:description\" content=\"Cielo avan\u00e7a com relat\u00f3rio sobre o 4T22, Americanas reverte decis\u00e3o sobre bloqueio bilion\u00e1rio pedido pelo BTG e cai o lucro do Microsoft\" \/>\n<meta property=\"og:url\" content=\"https:\/\/www.suno.com.br\/noticias\/radar-cielo-ciel3-americanas-amer3-microsoft-msft34\/\" \/>\n<meta property=\"og:site_name\" content=\"Suno Not\u00edcias\" \/>\n<meta property=\"article:publisher\" content=\"https:\/\/facebook.com\/sunoresearch\" \/>\n<meta property=\"og:image\" content=\"https:\/\/files.sunoresearch.com.br\/n\/uploads\/2021\/03\/9956a80f-cielo-2.jpg\" \/>\n\t<meta property=\"og:image:width\" content=\"1200\" \/>\n\t<meta property=\"og:image:height\" content=\"675\" \/>\n\t<meta property=\"og:image:type\" content=\"image\/jpeg\" \/>\n<meta name=\"author\" content=\"Isabella Taglapietra\" \/>\n<meta name=\"twitter:card\" content=\"summary_large_image\" \/>\n<meta name=\"twitter:creator\" content=\"@sunoresearch\" \/>\n<meta name=\"twitter:site\" content=\"@sunoresearch\" \/>\n<meta name=\"twitter:label1\" content=\"Escrito por\" \/>\n\t<meta name=\"twitter:data1\" content=\"Isabella Taglapietra\" \/>\n\t<meta name=\"twitter:label2\" content=\"Est. tempo de leitura\" \/>\n\t<meta name=\"twitter:data2\" content=\"11 minutos\" \/>\n<script type=\"application\/ld+json\" class=\"yoast-schema-graph\">{\"@context\":\"https:\/\/schema.org\",\"@graph\":[{\"@type\":\"NewsArticle\",\"@id\":\"https:\/\/www.suno.com.br\/noticias\/radar-cielo-ciel3-americanas-amer3-microsoft-msft34\/#article\",\"isPartOf\":{\"@id\":\"https:\/\/www.suno.com.br\/noticias\/radar-cielo-ciel3-americanas-amer3-microsoft-msft34\/\"},\"author\":{\"name\":\"Isabella Taglapietra\",\"@id\":\"https:\/\/www.suno.com.br\/noticias\/#\/schema\/person\/a0be106724f6f5d705d70f04333cb249\"},\"headline\":\"Radar: Cielo (CIEL3) avan\u00e7a na Bolsa com previs\u00e3o sobre o 4T22, Justi\u00e7a desbloqueia R$ 1,2 bi da Americanas (AMER3) e Microsoft (MSFT34) tem queda no lucro\",\"datePublished\":\"2023-01-25T01:50:21+00:00\",\"dateModified\":\"2023-01-25T01:50:35+00:00\",\"mainEntityOfPage\":{\"@id\":\"https:\/\/www.suno.com.br\/noticias\/radar-cielo-ciel3-americanas-amer3-microsoft-msft34\/\"},\"wordCount\":2083,\"publisher\":{\"@id\":\"https:\/\/www.suno.com.br\/noticias\/#organization\"},\"image\":{\"@id\":\"https:\/\/www.suno.com.br\/noticias\/radar-cielo-ciel3-americanas-amer3-microsoft-msft34\/#primaryimage\"},\"thumbnailUrl\":\"https:\/\/files.sunoresearch.com.br\/n\/uploads\/2021\/03\/9956a80f-cielo-2-jpg.webp\",\"keywords\":[\"Cielo (CIEL3)\",\"Facebook (FBOK34)\",\"Google\",\"Microsoft (MSFT34)\",\"Petrobras (PETR4)\"],\"articleSection\":[\"Neg\u00f3cios\"],\"inLanguage\":\"pt-BR\"},{\"@type\":\"WebPage\",\"@id\":\"https:\/\/www.suno.com.br\/noticias\/radar-cielo-ciel3-americanas-amer3-microsoft-msft34\/\",\"url\":\"https:\/\/www.suno.com.br\/noticias\/radar-cielo-ciel3-americanas-amer3-microsoft-msft34\/\",\"name\":\"Radar: Cielo (CIEL3) sobe com previs\u00e3o para o 4T22, Justi\u00e7a desbloqueia R$ 1,2 bi da Americanas (AMER3) e Microsoft (MSFT34) tem queda no lucro\",\"isPartOf\":{\"@id\":\"https:\/\/www.suno.com.br\/noticias\/#website\"},\"primaryImageOfPage\":{\"@id\":\"https:\/\/www.suno.com.br\/noticias\/radar-cielo-ciel3-americanas-amer3-microsoft-msft34\/#primaryimage\"},\"image\":{\"@id\":\"https:\/\/www.suno.com.br\/noticias\/radar-cielo-ciel3-americanas-amer3-microsoft-msft34\/#primaryimage\"},\"thumbnailUrl\":\"https:\/\/files.sunoresearch.com.br\/n\/uploads\/2021\/03\/9956a80f-cielo-2-jpg.webp\",\"datePublished\":\"2023-01-25T01:50:21+00:00\",\"dateModified\":\"2023-01-25T01:50:35+00:00\",\"description\":\"Cielo avan\u00e7a com relat\u00f3rio sobre o 4T22, Americanas reverte decis\u00e3o sobre bloqueio bilion\u00e1rio pedido pelo BTG e cai o lucro do Microsoft\",\"breadcrumb\":{\"@id\":\"https:\/\/www.suno.com.br\/noticias\/radar-cielo-ciel3-americanas-amer3-microsoft-msft34\/#breadcrumb\"},\"inLanguage\":\"pt-BR\",\"potentialAction\":[{\"@type\":\"ReadAction\",\"target\":[\"https:\/\/www.suno.com.br\/noticias\/radar-cielo-ciel3-americanas-amer3-microsoft-msft34\/\"]}]},{\"@type\":\"ImageObject\",\"inLanguage\":\"pt-BR\",\"@id\":\"https:\/\/www.suno.com.br\/noticias\/radar-cielo-ciel3-americanas-amer3-microsoft-msft34\/#primaryimage\",\"url\":\"https:\/\/files.sunoresearch.com.br\/n\/uploads\/2021\/03\/9956a80f-cielo-2-jpg.webp\",\"contentUrl\":\"https:\/\/files.sunoresearch.com.br\/n\/uploads\/2021\/03\/9956a80f-cielo-2-jpg.webp\",\"width\":1200,\"height\":675,\"caption\":\"Maquininha da Cielo. Fonte: Divulga\u00e7\u00e3o\"},{\"@type\":\"BreadcrumbList\",\"@id\":\"https:\/\/www.suno.com.br\/noticias\/radar-cielo-ciel3-americanas-amer3-microsoft-msft34\/#breadcrumb\",\"itemListElement\":[{\"@type\":\"ListItem\",\"position\":1,\"name\":\"Not\u00edcias\",\"item\":\"https:\/\/www.suno.com.br\/noticias\/\"},{\"@type\":\"ListItem\",\"position\":2,\"name\":\"Neg\u00f3cios\",\"item\":\"https:\/\/www.suno.com.br\/noticias\/negocios\/\"},{\"@type\":\"ListItem\",\"position\":3,\"name\":\"Radar: Cielo (CIEL3) avan\u00e7a na Bolsa com previs\u00e3o sobre o 4T22, Justi\u00e7a desbloqueia R$ 1,2 bi da Americanas (AMER3) e Microsoft (MSFT34) tem queda no lucro\"}]},{\"@type\":\"WebSite\",\"@id\":\"https:\/\/www.suno.com.br\/noticias\/#website\",\"url\":\"https:\/\/www.suno.com.br\/noticias\/\",\"name\":\"Suno Not\u00edcias\",\"description\":\"Seu portal de informa\u00e7\u00e3o sobre o mundo dos investimentos\",\"publisher\":{\"@id\":\"https:\/\/www.suno.com.br\/noticias\/#organization\"},\"potentialAction\":[{\"@type\":\"SearchAction\",\"target\":{\"@type\":\"EntryPoint\",\"urlTemplate\":\"https:\/\/www.suno.com.br\/noticias\/?s={search_term_string}\"},\"query-input\":{\"@type\":\"PropertyValueSpecification\",\"valueRequired\":true,\"valueName\":\"search_term_string\"}}],\"inLanguage\":\"pt-BR\"},{\"@type\":\"Organization\",\"@id\":\"https:\/\/www.suno.com.br\/noticias\/#organization\",\"name\":\"Suno Not\u00edcias\",\"url\":\"https:\/\/www.suno.com.br\/noticias\/\",\"logo\":{\"@type\":\"ImageObject\",\"inLanguage\":\"pt-BR\",\"@id\":\"https:\/\/www.suno.com.br\/noticias\/#\/schema\/logo\/image\/\",\"url\":\"https:\/\/files.sunoresearch.com.br\/n\/uploads\/2021\/09\/suno-logo.png\",\"contentUrl\":\"https:\/\/files.sunoresearch.com.br\/n\/uploads\/2021\/09\/suno-logo.png\",\"width\":180,\"height\":180,\"caption\":\"Suno Not\u00edcias\"},\"image\":{\"@id\":\"https:\/\/www.suno.com.br\/noticias\/#\/schema\/logo\/image\/\"},\"sameAs\":[\"https:\/\/facebook.com\/sunoresearch\",\"https:\/\/x.com\/sunoresearch\",\"https:\/\/www.instagram.com\/suno\",\"https:\/\/www.linkedin.com\/company\/suno-research\/\",\"https:\/\/www.youtube.com\/c\/sunoresearch\"]},{\"@type\":\"Person\",\"@id\":\"https:\/\/www.suno.com.br\/noticias\/#\/schema\/person\/a0be106724f6f5d705d70f04333cb249\",\"name\":\"Isabella Taglapietra\",\"image\":{\"@type\":\"ImageObject\",\"inLanguage\":\"pt-BR\",\"@id\":\"https:\/\/www.suno.com.br\/noticias\/#\/schema\/person\/image\/\",\"url\":\"https:\/\/secure.gravatar.com\/avatar\/089c9e06b71de293117116aaf339e22f?s=96&r=g\",\"contentUrl\":\"https:\/\/secure.gravatar.com\/avatar\/089c9e06b71de293117116aaf339e22f?s=96&r=g\",\"caption\":\"Isabella Taglapietra\"},\"description\":\"Rep\u00f3rter freelancer no Suno Not\u00edcias, cobre not\u00edcias di\u00e1rias sobre economia, balan\u00e7os trimestrais e pesquisas. Formada em jornalismo pela Faculdade C\u00e1sper L\u00edbero e p\u00f3s-graduanda em mercado de capitais pela Fecap, atuou como rep\u00f3rter de economia e finan\u00e7as no portal CRC!News e Elas que Lucrem, al\u00e9m de social media para empresas do mercado financeiro.\",\"url\":\"https:\/\/www.suno.com.br\/noticias\/author\/isabella-taglapietra\/\"}]}<\/script>\n<!-- \/ Yoast SEO plugin. -->","yoast_head_json":{"title":"Radar: Cielo (CIEL3) sobe com previs\u00e3o para o 4T22, Justi\u00e7a desbloqueia R$ 1,2 bi da Americanas (AMER3) e Microsoft (MSFT34) tem queda no lucro","description":"Cielo avan\u00e7a com relat\u00f3rio sobre o 4T22, Americanas reverte decis\u00e3o sobre bloqueio bilion\u00e1rio pedido pelo BTG e cai o lucro do Microsoft","robots":{"index":"index","follow":"follow","max-snippet":"max-snippet:-1","max-image-preview":"max-image-preview:large","max-video-preview":"max-video-preview:-1"},"canonical":"https:\/\/www.suno.com.br\/noticias\/radar-cielo-ciel3-americanas-amer3-microsoft-msft34\/","og_locale":"pt_BR","og_type":"article","og_title":"Radar: Cielo (CIEL3) sobe com previs\u00e3o para o 4T22, Justi\u00e7a desbloqueia R$ 1,2 bi da Americanas (AMER3) e Microsoft (MSFT34) tem queda no lucro","og_description":"Cielo avan\u00e7a com relat\u00f3rio sobre o 4T22, Americanas reverte decis\u00e3o sobre bloqueio bilion\u00e1rio pedido pelo BTG e cai o lucro do Microsoft","og_url":"https:\/\/www.suno.com.br\/noticias\/radar-cielo-ciel3-americanas-amer3-microsoft-msft34\/","og_site_name":"Suno Not\u00edcias","article_publisher":"https:\/\/facebook.com\/sunoresearch","og_image":[{"width":1200,"height":675,"url":"https:\/\/files.sunoresearch.com.br\/n\/uploads\/2021\/03\/9956a80f-cielo-2.jpg","type":"image\/jpeg"}],"author":"Isabella Taglapietra","twitter_card":"summary_large_image","twitter_creator":"@sunoresearch","twitter_site":"@sunoresearch","twitter_misc":{"Escrito por":"Isabella Taglapietra","Est. tempo de leitura":"11 minutos"},"schema":{"@context":"https:\/\/schema.org","@graph":[{"@type":"NewsArticle","@id":"https:\/\/www.suno.com.br\/noticias\/radar-cielo-ciel3-americanas-amer3-microsoft-msft34\/#article","isPartOf":{"@id":"https:\/\/www.suno.com.br\/noticias\/radar-cielo-ciel3-americanas-amer3-microsoft-msft34\/"},"author":{"name":"Isabella Taglapietra","@id":"https:\/\/www.suno.com.br\/noticias\/#\/schema\/person\/a0be106724f6f5d705d70f04333cb249"},"headline":"Radar: Cielo (CIEL3) avan\u00e7a na Bolsa com previs\u00e3o sobre o 4T22, Justi\u00e7a desbloqueia R$ 1,2 bi da Americanas (AMER3) e Microsoft (MSFT34) tem queda no lucro","datePublished":"2023-01-25T01:50:21+00:00","dateModified":"2023-01-25T01:50:35+00:00","mainEntityOfPage":{"@id":"https:\/\/www.suno.com.br\/noticias\/radar-cielo-ciel3-americanas-amer3-microsoft-msft34\/"},"wordCount":2083,"publisher":{"@id":"https:\/\/www.suno.com.br\/noticias\/#organization"},"image":{"@id":"https:\/\/www.suno.com.br\/noticias\/radar-cielo-ciel3-americanas-amer3-microsoft-msft34\/#primaryimage"},"thumbnailUrl":"https:\/\/files.sunoresearch.com.br\/n\/uploads\/2021\/03\/9956a80f-cielo-2-jpg.webp","keywords":["Cielo (CIEL3)","Facebook (FBOK34)","Google","Microsoft (MSFT34)","Petrobras (PETR4)"],"articleSection":["Neg\u00f3cios"],"inLanguage":"pt-BR"},{"@type":"WebPage","@id":"https:\/\/www.suno.com.br\/noticias\/radar-cielo-ciel3-americanas-amer3-microsoft-msft34\/","url":"https:\/\/www.suno.com.br\/noticias\/radar-cielo-ciel3-americanas-amer3-microsoft-msft34\/","name":"Radar: Cielo (CIEL3) sobe com previs\u00e3o para o 4T22, Justi\u00e7a desbloqueia R$ 1,2 bi da Americanas (AMER3) e Microsoft (MSFT34) tem queda no lucro","isPartOf":{"@id":"https:\/\/www.suno.com.br\/noticias\/#website"},"primaryImageOfPage":{"@id":"https:\/\/www.suno.com.br\/noticias\/radar-cielo-ciel3-americanas-amer3-microsoft-msft34\/#primaryimage"},"image":{"@id":"https:\/\/www.suno.com.br\/noticias\/radar-cielo-ciel3-americanas-amer3-microsoft-msft34\/#primaryimage"},"thumbnailUrl":"https:\/\/files.sunoresearch.com.br\/n\/uploads\/2021\/03\/9956a80f-cielo-2-jpg.webp","datePublished":"2023-01-25T01:50:21+00:00","dateModified":"2023-01-25T01:50:35+00:00","description":"Cielo avan\u00e7a com relat\u00f3rio sobre o 4T22, Americanas reverte decis\u00e3o sobre bloqueio bilion\u00e1rio pedido pelo BTG e cai o lucro do Microsoft","breadcrumb":{"@id":"https:\/\/www.suno.com.br\/noticias\/radar-cielo-ciel3-americanas-amer3-microsoft-msft34\/#breadcrumb"},"inLanguage":"pt-BR","potentialAction":[{"@type":"ReadAction","target":["https:\/\/www.suno.com.br\/noticias\/radar-cielo-ciel3-americanas-amer3-microsoft-msft34\/"]}]},{"@type":"ImageObject","inLanguage":"pt-BR","@id":"https:\/\/www.suno.com.br\/noticias\/radar-cielo-ciel3-americanas-amer3-microsoft-msft34\/#primaryimage","url":"https:\/\/files.sunoresearch.com.br\/n\/uploads\/2021\/03\/9956a80f-cielo-2-jpg.webp","contentUrl":"https:\/\/files.sunoresearch.com.br\/n\/uploads\/2021\/03\/9956a80f-cielo-2-jpg.webp","width":1200,"height":675,"caption":"Maquininha da Cielo. Fonte: Divulga\u00e7\u00e3o"},{"@type":"BreadcrumbList","@id":"https:\/\/www.suno.com.br\/noticias\/radar-cielo-ciel3-americanas-amer3-microsoft-msft34\/#breadcrumb","itemListElement":[{"@type":"ListItem","position":1,"name":"Not\u00edcias","item":"https:\/\/www.suno.com.br\/noticias\/"},{"@type":"ListItem","position":2,"name":"Neg\u00f3cios","item":"https:\/\/www.suno.com.br\/noticias\/negocios\/"},{"@type":"ListItem","position":3,"name":"Radar: Cielo (CIEL3) avan\u00e7a na Bolsa com previs\u00e3o sobre o 4T22, Justi\u00e7a desbloqueia R$ 1,2 bi da Americanas (AMER3) e Microsoft (MSFT34) tem queda no lucro"}]},{"@type":"WebSite","@id":"https:\/\/www.suno.com.br\/noticias\/#website","url":"https:\/\/www.suno.com.br\/noticias\/","name":"Suno Not\u00edcias","description":"Seu portal de informa\u00e7\u00e3o sobre o mundo dos investimentos","publisher":{"@id":"https:\/\/www.suno.com.br\/noticias\/#organization"},"potentialAction":[{"@type":"SearchAction","target":{"@type":"EntryPoint","urlTemplate":"https:\/\/www.suno.com.br\/noticias\/?s={search_term_string}"},"query-input":{"@type":"PropertyValueSpecification","valueRequired":true,"valueName":"search_term_string"}}],"inLanguage":"pt-BR"},{"@type":"Organization","@id":"https:\/\/www.suno.com.br\/noticias\/#organization","name":"Suno Not\u00edcias","url":"https:\/\/www.suno.com.br\/noticias\/","logo":{"@type":"ImageObject","inLanguage":"pt-BR","@id":"https:\/\/www.suno.com.br\/noticias\/#\/schema\/logo\/image\/","url":"https:\/\/files.sunoresearch.com.br\/n\/uploads\/2021\/09\/suno-logo.png","contentUrl":"https:\/\/files.sunoresearch.com.br\/n\/uploads\/2021\/09\/suno-logo.png","width":180,"height":180,"caption":"Suno Not\u00edcias"},"image":{"@id":"https:\/\/www.suno.com.br\/noticias\/#\/schema\/logo\/image\/"},"sameAs":["https:\/\/facebook.com\/sunoresearch","https:\/\/x.com\/sunoresearch","https:\/\/www.instagram.com\/suno","https:\/\/www.linkedin.com\/company\/suno-research\/","https:\/\/www.youtube.com\/c\/sunoresearch"]},{"@type":"Person","@id":"https:\/\/www.suno.com.br\/noticias\/#\/schema\/person\/a0be106724f6f5d705d70f04333cb249","name":"Isabella Taglapietra","image":{"@type":"ImageObject","inLanguage":"pt-BR","@id":"https:\/\/www.suno.com.br\/noticias\/#\/schema\/person\/image\/","url":"https:\/\/secure.gravatar.com\/avatar\/089c9e06b71de293117116aaf339e22f?s=96&r=g","contentUrl":"https:\/\/secure.gravatar.com\/avatar\/089c9e06b71de293117116aaf339e22f?s=96&r=g","caption":"Isabella Taglapietra"},"description":"Rep\u00f3rter freelancer no Suno Not\u00edcias, cobre not\u00edcias di\u00e1rias sobre economia, balan\u00e7os trimestrais e pesquisas. Formada em jornalismo pela Faculdade C\u00e1sper L\u00edbero e p\u00f3s-graduanda em mercado de capitais pela Fecap, atuou como rep\u00f3rter de economia e finan\u00e7as no portal CRC!News e Elas que Lucrem, al\u00e9m de social media para empresas do mercado financeiro.","url":"https:\/\/www.suno.com.br\/noticias\/author\/isabella-taglapietra\/"}]}},"default_loop_html":"<div class=\"cardsPage__listCard__boxs\"><div class=\"cardsPage__listCard__boxs__img\"><a href=\"https:\/\/www.suno.com.br\/noticias\/radar-cielo-ciel3-americanas-amer3-microsoft-msft34\/\"><img class=\"mask\" src=\"https:\/\/www.suno.com.br\/noticias\/wp-content\/themes\/suno\/resources\/images\/spotlight\/spotlight1img\/bg-mask.png\" alt=\"Image Mask\"\/><img src=\"https:\/\/files.sunoresearch.com.br\/n\/uploads\/2021\/03\/9956a80f-cielo-2-400x200.webp\" alt=\"Radar: Cielo (CIEL3) avan\u00e7a na Bolsa com previs\u00e3o sobre o 4T22, Justi\u00e7a desbloqueia R$ 1,2 bi da Americanas (AMER3) e Microsoft (MSFT34) tem queda no lucro\"\/><\/a><span class=\"spotlightCategory\"><a href=\"https:\/\/www.suno.com.br\/noticias\/negocios\/\">Neg\u00f3cios<\/a><\/span><\/div><div class=\"cardsPage__listCard__boxs__content\"><a href=\"https:\/\/www.suno.com.br\/noticias\/radar-cielo-ciel3-americanas-amer3-microsoft-msft34\/\"><h2 class=\"content__title\">Radar: Cielo (CIEL3) avan\u00e7a na Bolsa com previs\u00e3o sobre o 4T22, Justi\u00e7a desbloqueia R$ 1,2 bi da Americanas (AMER3) e Microsoft (MSFT34) tem queda no lucro<\/h2><\/a><div class=\"newsContent__article__meta\"><div class=\"newsContent__article__meta__authorBox\"><a href=\"https:\/\/www.suno.com.br\/noticias\/author\/isabella-taglapietra\/\" class=\"authorBox__avatar noMobi\"><img src=\"https:\/\/files.sunoresearch.com.br\/n\/uploads\/2022\/08\/WhatsApp-Image-2022-08-04-at-12.40.27-150x150.jpeg\" alt=\"Isabella Taglapietra\"><\/a><div class=\"authorBox__name\"><span>por\n\t\t\t<a href=\"https:\/\/www.suno.com.br\/noticias\/author\/isabella-taglapietra\/\"><span itemprop=\"author\">Isabella Taglapietra<\/span><\/a><\/span><time datetime=\"2023-01-24T22:50:21-03:00\" itemprop=\"datePublished\">24\/01\/2023 22:50<\/time><\/div><\/div><\/div><\/div><\/div>","single_layout":"posts","amp_enabled":true,"_links":{"self":[{"href":"https:\/\/www.suno.com.br\/noticias\/wp-json\/wp\/v2\/posts\/352355"}],"collection":[{"href":"https:\/\/www.suno.com.br\/noticias\/wp-json\/wp\/v2\/posts"}],"about":[{"href":"https:\/\/www.suno.com.br\/noticias\/wp-json\/wp\/v2\/types\/post"}],"author":[{"embeddable":true,"href":"https:\/\/www.suno.com.br\/noticias\/wp-json\/wp\/v2\/users\/194"}],"replies":[{"embeddable":true,"href":"https:\/\/www.suno.com.br\/noticias\/wp-json\/wp\/v2\/comments?post=352355"}],"version-history":[{"count":2,"href":"https:\/\/www.suno.com.br\/noticias\/wp-json\/wp\/v2\/posts\/352355\/revisions"}],"predecessor-version":[{"id":352370,"href":"https:\/\/www.suno.com.br\/noticias\/wp-json\/wp\/v2\/posts\/352355\/revisions\/352370"}],"wp:featuredmedia":[{"embeddable":true,"href":"https:\/\/www.suno.com.br\/noticias\/wp-json\/wp\/v2\/media\/130222"}],"wp:attachment":[{"href":"https:\/\/www.suno.com.br\/noticias\/wp-json\/wp\/v2\/media?parent=352355"}],"wp:term":[{"taxonomy":"category","embeddable":true,"href":"https:\/\/www.suno.com.br\/noticias\/wp-json\/wp\/v2\/categories?post=352355"},{"taxonomy":"post_tag","embeddable":true,"href":"https:\/\/www.suno.com.br\/noticias\/wp-json\/wp\/v2\/tags?post=352355"},{"taxonomy":"suno_strategy","embeddable":true,"href":"https:\/\/www.suno.com.br\/noticias\/wp-json\/wp\/v2\/suno_strategy?post=352355"}],"curies":[{"name":"wp","href":"https:\/\/api.w.org\/{rel}","templated":true}]}}