{"id":35205,"date":"2019-08-24T17:02:32","date_gmt":"2019-08-24T20:02:32","guid":{"rendered":"https:\/\/www.suno.com.br\/noticias\/?p=35205"},"modified":"2019-08-24T17:02:32","modified_gmt":"2019-08-24T20:02:32","slug":"r28-milhoes-destinados-combate-queimadas-amazonia","status":"publish","type":"post","link":"https:\/\/www.suno.com.br\/noticias\/r28-milhoes-destinados-combate-queimadas-amazonia\/","title":{"rendered":"R$28 milh\u00f5es ser\u00e3o destinados ao combate \u00e0s queimadas na Amaz\u00f4nia"},"content":{"rendered":"<p>Neste s\u00e1bado (24), o <strong>ministro da Defesa,<\/strong> general Fernando Azevedo e Silva, comunicou que h\u00e1 R$ 28 milh\u00f5es no Or\u00e7amento de 2019 destinados a garantia da <strong>Lei<\/strong> <strong>e Ordem (GLO),<\/strong> e que Paulo Guedes, o ministro da Economia, prometeu que a verba ser\u00e1 descontingenciada para o combate \u00e0s queimadas na Amaz\u00f4nia.<\/p>\t<div class=\"wrapper-featured-image\">\n\t\t<figure class=\"spotlightImg\">\n\n\t\t\t<picture>\n\t\t\t\t<source media=\"(max-width: 768px)\" srcset=\"https:\/\/files.sunoresearch.com.br\/n\/uploads\/2019\/08\/b287df6b-azevedo-e-silva-400x200.webp\">\n\t\t\t\t<img loading=\"lazy\" decoding=\"async\" class=\"newsContent__article__imgCapa lazyloadDisabled newsContent__article__imgCapa--noCaption\" src=\"https:\/\/files.sunoresearch.com.br\/n\/uploads\/2019\/08\/b287df6b-azevedo-e-silva-800x450.webp\" width=\"800\" height=\"450\" alt=\"R$28 milh\u00f5es ser\u00e3o destinados ao combate \u00e0s queimadas na Amaz\u00f4nia\" fetchpriority=high \/>\n\t\t\t<\/picture>\n\n\t\t\t<figcaption class=\"wp-caption-text wp-caption-text--hide\">R$28 milh\u00f5es ser\u00e3o destinados ao combate \u00e0s queimadas na Amaz\u00f4nia<\/figcaption>\n\t\t<\/figure>\n\t<\/div>\n\n\n\n<p>\u201cL\u00f3gico que s\u00e3o recursos emergenciais, que duram pouco tempo. Fui respons\u00e1vel por interven\u00e7\u00e3o no Rio de Janeiro, na favela da Mar\u00e9, e l\u00e1 era pelo menos R$ 1 milh\u00e3o por dia. Esses R$ 28 milh\u00f5es s\u00e3o suficientes para o primeiro m\u00eas\u201d, declarou Azevedo e Silva, real\u00e7ando que o dinheiro dar\u00e1 apenas para o primeiro m\u00eas de opera\u00e7\u00f5es na <strong>Amaz\u00f4nia.<\/strong><\/p>\n<p>O ministro tamb\u00e9m se manifestou a favor de ajudas internacionais na opera\u00e7\u00e3o, e disse que o Chile tamb\u00e9m ofereceu apoio, al\u00e9m dos EUA.<br \/>\nNo caso norte-americano, houve um contato entre Jair Bolsonaro e Donald Trump, mas sem a\u00e7\u00f5es concretas. \u201cFicou no n\u00edvel presidente a<br \/>\npresidente, se precisar estou aqui para ajudar\u201d, salientou o ministro.<\/p>\n<p>Al\u00e9m disso, o ministro disse que h\u00e1 44 mil integrantes das For\u00e7as Armadas na regi\u00e3o Norte e que, por enquanto, n\u00e3o est\u00e1 previsto o deslocamento de militares de outros Estados para o Norte. \u201cO efetivo \u00e9 por demanda, qual \u00e9 a miss\u00e3o, qual \u00e9 a delimita\u00e7\u00e3o da \u00e1rea? Nossa avalia\u00e7\u00e3o \u00e9 usar os efetivos mais pr\u00f3ximos\u201d, comunicou Azevedo e Silva.<\/p>\n<h2>Trump ofereceu ajuda no combate \u00e0s queimadas na Amaz\u00f4nia<\/h2>\n<p>Na \u00faltima sexta-feira (23), o presidente dos EUA, Donald Trump, declarou atrav\u00e9s de sua conta no Twitter, que ofereceu ajuda ao presidente Jair Bolsonaro no combate das queimadas na Amaz\u00f4nia.<\/p>\n<p><a href=\"https:\/\/www.suno.com.br\/noticias\/trump-oferece-ajuda-a-bolsonaro-para-combater-queimadas-na-amazonia\/\">Saiba mais: Trump oferece ajuda a Bolsonaro para combater queimadas na Amaz\u00f4nia<\/a><\/p>\n<p>&#8220;Acabei de falar com o presidente Jair Bolsonaro, do Brasil. Nossas expectativas de com\u00e9rcio s\u00e3o muito empolgantes e nosso relacionamento est\u00e1 forte, talvez mais forte do que nunca. Eu disse a ele que se os Estados Unidos puderem ajudar com as queimadas na Floresta Amaz\u00f4nica, n\u00f3s estaremos prontos para ajudar!&#8221;, disse o presidente dos EUA oferecendo ajuda para a opera\u00e7\u00e3o na <strong>Amaz\u00f4nia.<\/strong><\/p>\n","protected":false},"excerpt":{"rendered":"<p>Neste s\u00e1bado (24), o ministro da Defesa, general Fernando Azevedo e Silva, comunicou que h\u00e1 R$ 28 milh\u00f5es no Or\u00e7amento de 2019 destinados a garantia da Lei e Ordem (GLO), e que Paulo Guedes, o ministro da Economia, prometeu que a verba ser\u00e1 descontingenciada para o combate \u00e0s queimadas na Amaz\u00f4nia. R$28 milh\u00f5es ser\u00e3o destinados [&hellip;]<\/p>\n","protected":false},"author":23,"featured_media":35206,"comment_status":"closed","ping_status":"closed","sticky":false,"template":"","format":"standard","meta":[],"categories":[61],"tags":[358,719,1153,796],"suno_strategy":[],"class_list":["post-35205","post","type-post","status-publish","format-standard","has-post-thumbnail","hentry","category-politica","tag-amazonia","tag-jair-bolsonaro","tag-ministerio-defesa","tag-paulo-guedes"],"yoast_head":"<!-- This site is optimized with the Yoast SEO plugin v24.4 - https:\/\/yoast.com\/wordpress\/plugins\/seo\/ -->\n<title>R$28 milh\u00f5es ser\u00e3o destinados ao combate \u00e0s queimadas na Amaz\u00f4nia<\/title>\n<meta name=\"description\" content=\"O ministro da Defesa disse que Paulo Guedes prometeu que a verba da GLO ser\u00e1 usada para o combate \u00e0s queimadas na Amaz\u00f4nia. Clique para mais.\" \/>\n<meta name=\"robots\" content=\"index, follow, max-snippet:-1, max-image-preview:large, max-video-preview:-1\" \/>\n<link rel=\"canonical\" href=\"https:\/\/www.suno.com.br\/noticias\/r28-milhoes-destinados-combate-queimadas-amazonia\/\" \/>\n<meta property=\"og:locale\" content=\"pt_BR\" \/>\n<meta property=\"og:type\" content=\"article\" \/>\n<meta property=\"og:title\" content=\"R$28 milh\u00f5es ser\u00e3o destinados ao combate \u00e0s queimadas na Amaz\u00f4nia\" \/>\n<meta property=\"og:description\" content=\"O ministro da Defesa disse que Paulo Guedes prometeu que a verba da GLO ser\u00e1 usada para o combate \u00e0s queimadas na Amaz\u00f4nia. Clique para mais.\" \/>\n<meta property=\"og:url\" content=\"https:\/\/www.suno.com.br\/noticias\/r28-milhoes-destinados-combate-queimadas-amazonia\/\" \/>\n<meta property=\"og:site_name\" content=\"Suno Not\u00edcias\" \/>\n<meta property=\"article:publisher\" content=\"https:\/\/facebook.com\/sunoresearch\" \/>\n<meta property=\"og:image\" content=\"https:\/\/files.sunoresearch.com.br\/n\/uploads\/2019\/08\/b287df6b-azevedo-e-silva-1024x683.jpg\" \/>\n\t<meta property=\"og:image:width\" content=\"1024\" \/>\n\t<meta property=\"og:image:height\" content=\"683\" \/>\n\t<meta property=\"og:image:type\" content=\"image\/jpeg\" \/>\n<meta name=\"author\" content=\"Rafael Lara\" \/>\n<meta name=\"twitter:card\" content=\"summary_large_image\" \/>\n<meta name=\"twitter:creator\" content=\"@sunoresearch\" \/>\n<meta name=\"twitter:site\" content=\"@sunoresearch\" \/>\n<meta name=\"twitter:label1\" content=\"Escrito por\" \/>\n\t<meta name=\"twitter:data1\" content=\"Rafael Lara\" \/>\n\t<meta name=\"twitter:label2\" content=\"Est. tempo de leitura\" \/>\n\t<meta name=\"twitter:data2\" content=\"2 minutos\" \/>\n<script type=\"application\/ld+json\" class=\"yoast-schema-graph\">{\"@context\":\"https:\/\/schema.org\",\"@graph\":[{\"@type\":\"NewsArticle\",\"@id\":\"https:\/\/www.suno.com.br\/noticias\/r28-milhoes-destinados-combate-queimadas-amazonia\/#article\",\"isPartOf\":{\"@id\":\"https:\/\/www.suno.com.br\/noticias\/r28-milhoes-destinados-combate-queimadas-amazonia\/\"},\"author\":{\"name\":\"Rafael Lara\",\"@id\":\"https:\/\/www.suno.com.br\/noticias\/#\/schema\/person\/098743caeed97b37f51315c9576c4078\"},\"headline\":\"R$28 milh\u00f5es ser\u00e3o destinados ao combate \u00e0s queimadas na Amaz\u00f4nia\",\"datePublished\":\"2019-08-24T20:02:32+00:00\",\"mainEntityOfPage\":{\"@id\":\"https:\/\/www.suno.com.br\/noticias\/r28-milhoes-destinados-combate-queimadas-amazonia\/\"},\"wordCount\":381,\"publisher\":{\"@id\":\"https:\/\/www.suno.com.br\/noticias\/#organization\"},\"image\":{\"@id\":\"https:\/\/www.suno.com.br\/noticias\/r28-milhoes-destinados-combate-queimadas-amazonia\/#primaryimage\"},\"thumbnailUrl\":\"https:\/\/files.sunoresearch.com.br\/n\/uploads\/2019\/08\/b287df6b-azevedo-e-silva-scaled.webp\",\"keywords\":[\"Amazonia\",\"Jair Bolsonaro\",\"Minist\u00e9rio da Defesa\",\"Paulo Guedes\"],\"articleSection\":[\"Pol\u00edtica\"],\"inLanguage\":\"pt-BR\"},{\"@type\":\"WebPage\",\"@id\":\"https:\/\/www.suno.com.br\/noticias\/r28-milhoes-destinados-combate-queimadas-amazonia\/\",\"url\":\"https:\/\/www.suno.com.br\/noticias\/r28-milhoes-destinados-combate-queimadas-amazonia\/\",\"name\":\"R$28 milh\u00f5es ser\u00e3o destinados ao combate \u00e0s queimadas na Amaz\u00f4nia\",\"isPartOf\":{\"@id\":\"https:\/\/www.suno.com.br\/noticias\/#website\"},\"primaryImageOfPage\":{\"@id\":\"https:\/\/www.suno.com.br\/noticias\/r28-milhoes-destinados-combate-queimadas-amazonia\/#primaryimage\"},\"image\":{\"@id\":\"https:\/\/www.suno.com.br\/noticias\/r28-milhoes-destinados-combate-queimadas-amazonia\/#primaryimage\"},\"thumbnailUrl\":\"https:\/\/files.sunoresearch.com.br\/n\/uploads\/2019\/08\/b287df6b-azevedo-e-silva-scaled.webp\",\"datePublished\":\"2019-08-24T20:02:32+00:00\",\"description\":\"O ministro da Defesa disse que Paulo Guedes prometeu que a verba da GLO ser\u00e1 usada para o combate \u00e0s queimadas na Amaz\u00f4nia. Clique para mais.\",\"breadcrumb\":{\"@id\":\"https:\/\/www.suno.com.br\/noticias\/r28-milhoes-destinados-combate-queimadas-amazonia\/#breadcrumb\"},\"inLanguage\":\"pt-BR\",\"potentialAction\":[{\"@type\":\"ReadAction\",\"target\":[\"https:\/\/www.suno.com.br\/noticias\/r28-milhoes-destinados-combate-queimadas-amazonia\/\"]}]},{\"@type\":\"ImageObject\",\"inLanguage\":\"pt-BR\",\"@id\":\"https:\/\/www.suno.com.br\/noticias\/r28-milhoes-destinados-combate-queimadas-amazonia\/#primaryimage\",\"url\":\"https:\/\/files.sunoresearch.com.br\/n\/uploads\/2019\/08\/b287df6b-azevedo-e-silva-scaled.webp\",\"contentUrl\":\"https:\/\/files.sunoresearch.com.br\/n\/uploads\/2019\/08\/b287df6b-azevedo-e-silva-scaled.webp\",\"width\":2560,\"height\":1707,\"caption\":\"R$28 milh\u00f5es ser\u00e3o destinados ao combate \u00e0s queimadas na Amaz\u00f4nia\"},{\"@type\":\"BreadcrumbList\",\"@id\":\"https:\/\/www.suno.com.br\/noticias\/r28-milhoes-destinados-combate-queimadas-amazonia\/#breadcrumb\",\"itemListElement\":[{\"@type\":\"ListItem\",\"position\":1,\"name\":\"Not\u00edcias\",\"item\":\"https:\/\/www.suno.com.br\/noticias\/\"},{\"@type\":\"ListItem\",\"position\":2,\"name\":\"Pol\u00edtica\",\"item\":\"https:\/\/www.suno.com.br\/noticias\/politica\/\"},{\"@type\":\"ListItem\",\"position\":3,\"name\":\"R$28 milh\u00f5es ser\u00e3o destinados ao combate \u00e0s queimadas na Amaz\u00f4nia\"}]},{\"@type\":\"WebSite\",\"@id\":\"https:\/\/www.suno.com.br\/noticias\/#website\",\"url\":\"https:\/\/www.suno.com.br\/noticias\/\",\"name\":\"Suno Not\u00edcias\",\"description\":\"Seu portal de informa\u00e7\u00e3o sobre o mundo dos investimentos\",\"publisher\":{\"@id\":\"https:\/\/www.suno.com.br\/noticias\/#organization\"},\"potentialAction\":[{\"@type\":\"SearchAction\",\"target\":{\"@type\":\"EntryPoint\",\"urlTemplate\":\"https:\/\/www.suno.com.br\/noticias\/?s={search_term_string}\"},\"query-input\":{\"@type\":\"PropertyValueSpecification\",\"valueRequired\":true,\"valueName\":\"search_term_string\"}}],\"inLanguage\":\"pt-BR\"},{\"@type\":\"Organization\",\"@id\":\"https:\/\/www.suno.com.br\/noticias\/#organization\",\"name\":\"Suno Not\u00edcias\",\"url\":\"https:\/\/www.suno.com.br\/noticias\/\",\"logo\":{\"@type\":\"ImageObject\",\"inLanguage\":\"pt-BR\",\"@id\":\"https:\/\/www.suno.com.br\/noticias\/#\/schema\/logo\/image\/\",\"url\":\"https:\/\/files.sunoresearch.com.br\/n\/uploads\/2021\/09\/suno-logo.png\",\"contentUrl\":\"https:\/\/files.sunoresearch.com.br\/n\/uploads\/2021\/09\/suno-logo.png\",\"width\":180,\"height\":180,\"caption\":\"Suno Not\u00edcias\"},\"image\":{\"@id\":\"https:\/\/www.suno.com.br\/noticias\/#\/schema\/logo\/image\/\"},\"sameAs\":[\"https:\/\/facebook.com\/sunoresearch\",\"https:\/\/x.com\/sunoresearch\",\"https:\/\/www.instagram.com\/suno\",\"https:\/\/www.linkedin.com\/company\/suno-research\/\",\"https:\/\/www.youtube.com\/c\/sunoresearch\"]},{\"@type\":\"Person\",\"@id\":\"https:\/\/www.suno.com.br\/noticias\/#\/schema\/person\/098743caeed97b37f51315c9576c4078\",\"name\":\"Rafael Lara\",\"image\":{\"@type\":\"ImageObject\",\"inLanguage\":\"pt-BR\",\"@id\":\"https:\/\/www.suno.com.br\/noticias\/#\/schema\/person\/image\/\",\"url\":\"https:\/\/secure.gravatar.com\/avatar\/dfc254ab9bb2ea1895d98b9e9dae4bdd?s=96&r=g\",\"contentUrl\":\"https:\/\/secure.gravatar.com\/avatar\/dfc254ab9bb2ea1895d98b9e9dae4bdd?s=96&r=g\",\"caption\":\"Rafael Lara\"},\"description\":\"Rafael Lara cursa jornalismo na Faculdade C\u00e1sper L\u00edbero. Escreve sobre pol\u00edtica, economia e neg\u00f3cios para o portal Suno Not\u00edcias. Antes, colaborou na TV Gazeta na produ\u00e7\u00e3o do programa Edi\u00e7\u00e3o Extra.\",\"url\":\"https:\/\/www.suno.com.br\/noticias\/author\/rafael\/\"}]}<\/script>\n<!-- \/ Yoast SEO plugin. -->","yoast_head_json":{"title":"R$28 milh\u00f5es ser\u00e3o destinados ao combate \u00e0s queimadas na Amaz\u00f4nia","description":"O ministro da Defesa disse que Paulo Guedes prometeu que a verba da GLO ser\u00e1 usada para o combate \u00e0s queimadas na Amaz\u00f4nia. Clique para mais.","robots":{"index":"index","follow":"follow","max-snippet":"max-snippet:-1","max-image-preview":"max-image-preview:large","max-video-preview":"max-video-preview:-1"},"canonical":"https:\/\/www.suno.com.br\/noticias\/r28-milhoes-destinados-combate-queimadas-amazonia\/","og_locale":"pt_BR","og_type":"article","og_title":"R$28 milh\u00f5es ser\u00e3o destinados ao combate \u00e0s queimadas na Amaz\u00f4nia","og_description":"O ministro da Defesa disse que Paulo Guedes prometeu que a verba da GLO ser\u00e1 usada para o combate \u00e0s queimadas na Amaz\u00f4nia. Clique para mais.","og_url":"https:\/\/www.suno.com.br\/noticias\/r28-milhoes-destinados-combate-queimadas-amazonia\/","og_site_name":"Suno Not\u00edcias","article_publisher":"https:\/\/facebook.com\/sunoresearch","og_image":[{"width":1024,"height":683,"url":"https:\/\/files.sunoresearch.com.br\/n\/uploads\/2019\/08\/b287df6b-azevedo-e-silva-1024x683.jpg","type":"image\/jpeg"}],"author":"Rafael Lara","twitter_card":"summary_large_image","twitter_creator":"@sunoresearch","twitter_site":"@sunoresearch","twitter_misc":{"Escrito por":"Rafael Lara","Est. tempo de leitura":"2 minutos"},"schema":{"@context":"https:\/\/schema.org","@graph":[{"@type":"NewsArticle","@id":"https:\/\/www.suno.com.br\/noticias\/r28-milhoes-destinados-combate-queimadas-amazonia\/#article","isPartOf":{"@id":"https:\/\/www.suno.com.br\/noticias\/r28-milhoes-destinados-combate-queimadas-amazonia\/"},"author":{"name":"Rafael Lara","@id":"https:\/\/www.suno.com.br\/noticias\/#\/schema\/person\/098743caeed97b37f51315c9576c4078"},"headline":"R$28 milh\u00f5es ser\u00e3o destinados ao combate \u00e0s queimadas na Amaz\u00f4nia","datePublished":"2019-08-24T20:02:32+00:00","mainEntityOfPage":{"@id":"https:\/\/www.suno.com.br\/noticias\/r28-milhoes-destinados-combate-queimadas-amazonia\/"},"wordCount":381,"publisher":{"@id":"https:\/\/www.suno.com.br\/noticias\/#organization"},"image":{"@id":"https:\/\/www.suno.com.br\/noticias\/r28-milhoes-destinados-combate-queimadas-amazonia\/#primaryimage"},"thumbnailUrl":"https:\/\/files.sunoresearch.com.br\/n\/uploads\/2019\/08\/b287df6b-azevedo-e-silva-scaled.webp","keywords":["Amazonia","Jair Bolsonaro","Minist\u00e9rio da Defesa","Paulo Guedes"],"articleSection":["Pol\u00edtica"],"inLanguage":"pt-BR"},{"@type":"WebPage","@id":"https:\/\/www.suno.com.br\/noticias\/r28-milhoes-destinados-combate-queimadas-amazonia\/","url":"https:\/\/www.suno.com.br\/noticias\/r28-milhoes-destinados-combate-queimadas-amazonia\/","name":"R$28 milh\u00f5es ser\u00e3o destinados ao combate \u00e0s queimadas na Amaz\u00f4nia","isPartOf":{"@id":"https:\/\/www.suno.com.br\/noticias\/#website"},"primaryImageOfPage":{"@id":"https:\/\/www.suno.com.br\/noticias\/r28-milhoes-destinados-combate-queimadas-amazonia\/#primaryimage"},"image":{"@id":"https:\/\/www.suno.com.br\/noticias\/r28-milhoes-destinados-combate-queimadas-amazonia\/#primaryimage"},"thumbnailUrl":"https:\/\/files.sunoresearch.com.br\/n\/uploads\/2019\/08\/b287df6b-azevedo-e-silva-scaled.webp","datePublished":"2019-08-24T20:02:32+00:00","description":"O ministro da Defesa disse que Paulo Guedes prometeu que a verba da GLO ser\u00e1 usada para o combate \u00e0s queimadas na Amaz\u00f4nia. Clique para mais.","breadcrumb":{"@id":"https:\/\/www.suno.com.br\/noticias\/r28-milhoes-destinados-combate-queimadas-amazonia\/#breadcrumb"},"inLanguage":"pt-BR","potentialAction":[{"@type":"ReadAction","target":["https:\/\/www.suno.com.br\/noticias\/r28-milhoes-destinados-combate-queimadas-amazonia\/"]}]},{"@type":"ImageObject","inLanguage":"pt-BR","@id":"https:\/\/www.suno.com.br\/noticias\/r28-milhoes-destinados-combate-queimadas-amazonia\/#primaryimage","url":"https:\/\/files.sunoresearch.com.br\/n\/uploads\/2019\/08\/b287df6b-azevedo-e-silva-scaled.webp","contentUrl":"https:\/\/files.sunoresearch.com.br\/n\/uploads\/2019\/08\/b287df6b-azevedo-e-silva-scaled.webp","width":2560,"height":1707,"caption":"R$28 milh\u00f5es ser\u00e3o destinados ao combate \u00e0s queimadas na Amaz\u00f4nia"},{"@type":"BreadcrumbList","@id":"https:\/\/www.suno.com.br\/noticias\/r28-milhoes-destinados-combate-queimadas-amazonia\/#breadcrumb","itemListElement":[{"@type":"ListItem","position":1,"name":"Not\u00edcias","item":"https:\/\/www.suno.com.br\/noticias\/"},{"@type":"ListItem","position":2,"name":"Pol\u00edtica","item":"https:\/\/www.suno.com.br\/noticias\/politica\/"},{"@type":"ListItem","position":3,"name":"R$28 milh\u00f5es ser\u00e3o destinados ao combate \u00e0s queimadas na Amaz\u00f4nia"}]},{"@type":"WebSite","@id":"https:\/\/www.suno.com.br\/noticias\/#website","url":"https:\/\/www.suno.com.br\/noticias\/","name":"Suno Not\u00edcias","description":"Seu portal de informa\u00e7\u00e3o sobre o mundo dos investimentos","publisher":{"@id":"https:\/\/www.suno.com.br\/noticias\/#organization"},"potentialAction":[{"@type":"SearchAction","target":{"@type":"EntryPoint","urlTemplate":"https:\/\/www.suno.com.br\/noticias\/?s={search_term_string}"},"query-input":{"@type":"PropertyValueSpecification","valueRequired":true,"valueName":"search_term_string"}}],"inLanguage":"pt-BR"},{"@type":"Organization","@id":"https:\/\/www.suno.com.br\/noticias\/#organization","name":"Suno Not\u00edcias","url":"https:\/\/www.suno.com.br\/noticias\/","logo":{"@type":"ImageObject","inLanguage":"pt-BR","@id":"https:\/\/www.suno.com.br\/noticias\/#\/schema\/logo\/image\/","url":"https:\/\/files.sunoresearch.com.br\/n\/uploads\/2021\/09\/suno-logo.png","contentUrl":"https:\/\/files.sunoresearch.com.br\/n\/uploads\/2021\/09\/suno-logo.png","width":180,"height":180,"caption":"Suno Not\u00edcias"},"image":{"@id":"https:\/\/www.suno.com.br\/noticias\/#\/schema\/logo\/image\/"},"sameAs":["https:\/\/facebook.com\/sunoresearch","https:\/\/x.com\/sunoresearch","https:\/\/www.instagram.com\/suno","https:\/\/www.linkedin.com\/company\/suno-research\/","https:\/\/www.youtube.com\/c\/sunoresearch"]},{"@type":"Person","@id":"https:\/\/www.suno.com.br\/noticias\/#\/schema\/person\/098743caeed97b37f51315c9576c4078","name":"Rafael Lara","image":{"@type":"ImageObject","inLanguage":"pt-BR","@id":"https:\/\/www.suno.com.br\/noticias\/#\/schema\/person\/image\/","url":"https:\/\/secure.gravatar.com\/avatar\/dfc254ab9bb2ea1895d98b9e9dae4bdd?s=96&r=g","contentUrl":"https:\/\/secure.gravatar.com\/avatar\/dfc254ab9bb2ea1895d98b9e9dae4bdd?s=96&r=g","caption":"Rafael Lara"},"description":"Rafael Lara cursa jornalismo na Faculdade C\u00e1sper L\u00edbero. Escreve sobre pol\u00edtica, economia e neg\u00f3cios para o portal Suno Not\u00edcias. Antes, colaborou na TV Gazeta na produ\u00e7\u00e3o do programa Edi\u00e7\u00e3o Extra.","url":"https:\/\/www.suno.com.br\/noticias\/author\/rafael\/"}]}},"default_loop_html":"<div class=\"cardsPage__listCard__boxs\"><div class=\"cardsPage__listCard__boxs__img\"><a href=\"https:\/\/www.suno.com.br\/noticias\/r28-milhoes-destinados-combate-queimadas-amazonia\/\"><img class=\"mask\" src=\"https:\/\/www.suno.com.br\/noticias\/wp-content\/themes\/suno\/resources\/images\/spotlight\/spotlight1img\/bg-mask.png\" alt=\"Image Mask\"\/><img src=\"https:\/\/files.sunoresearch.com.br\/n\/uploads\/2019\/08\/b287df6b-azevedo-e-silva-400x200.webp\" alt=\"R$28 milh\u00f5es ser\u00e3o destinados ao combate \u00e0s queimadas na Amaz\u00f4nia\"\/><\/a><span class=\"spotlightCategory\"><a href=\"https:\/\/www.suno.com.br\/noticias\/politica\/\">Pol\u00edtica<\/a><\/span><\/div><div class=\"cardsPage__listCard__boxs__content\"><a href=\"https:\/\/www.suno.com.br\/noticias\/r28-milhoes-destinados-combate-queimadas-amazonia\/\"><h2 class=\"content__title\">R$28 milh\u00f5es ser\u00e3o destinados ao combate \u00e0s queimadas na Amaz\u00f4nia<\/h2><\/a><div class=\"newsContent__article__meta\"><div class=\"newsContent__article__meta__authorBox\"><a href=\"https:\/\/www.suno.com.br\/noticias\/author\/rafael\/\" class=\"authorBox__avatar noMobi\"><img src=\"https:\/\/secure.gravatar.com\/avatar\/dfc254ab9bb2ea1895d98b9e9dae4bdd?s=96&#038;r=g\" alt=\"Rafael Lara\"><\/a><div class=\"authorBox__name\"><span>por\n\t\t\t<a href=\"https:\/\/www.suno.com.br\/noticias\/author\/rafael\/\"><span itemprop=\"author\">Rafael Lara<\/span><\/a><\/span><time datetime=\"2019-08-24T17:02:32-03:00\" itemprop=\"datePublished\">24\/08\/2019 17:02<\/time><\/div><\/div><\/div><\/div><\/div>","single_layout":"posts","amp_enabled":true,"_links":{"self":[{"href":"https:\/\/www.suno.com.br\/noticias\/wp-json\/wp\/v2\/posts\/35205"}],"collection":[{"href":"https:\/\/www.suno.com.br\/noticias\/wp-json\/wp\/v2\/posts"}],"about":[{"href":"https:\/\/www.suno.com.br\/noticias\/wp-json\/wp\/v2\/types\/post"}],"author":[{"embeddable":true,"href":"https:\/\/www.suno.com.br\/noticias\/wp-json\/wp\/v2\/users\/23"}],"replies":[{"embeddable":true,"href":"https:\/\/www.suno.com.br\/noticias\/wp-json\/wp\/v2\/comments?post=35205"}],"version-history":[{"count":0,"href":"https:\/\/www.suno.com.br\/noticias\/wp-json\/wp\/v2\/posts\/35205\/revisions"}],"wp:featuredmedia":[{"embeddable":true,"href":"https:\/\/www.suno.com.br\/noticias\/wp-json\/wp\/v2\/media\/35206"}],"wp:attachment":[{"href":"https:\/\/www.suno.com.br\/noticias\/wp-json\/wp\/v2\/media?parent=35205"}],"wp:term":[{"taxonomy":"category","embeddable":true,"href":"https:\/\/www.suno.com.br\/noticias\/wp-json\/wp\/v2\/categories?post=35205"},{"taxonomy":"post_tag","embeddable":true,"href":"https:\/\/www.suno.com.br\/noticias\/wp-json\/wp\/v2\/tags?post=35205"},{"taxonomy":"suno_strategy","embeddable":true,"href":"https:\/\/www.suno.com.br\/noticias\/wp-json\/wp\/v2\/suno_strategy?post=35205"}],"curies":[{"name":"wp","href":"https:\/\/api.w.org\/{rel}","templated":true}]}}