{"id":351624,"date":"2023-01-23T22:43:37","date_gmt":"2023-01-24T01:43:37","guid":{"rendered":"https:\/\/www.suno.com.br\/noticias\/?p=351624"},"modified":"2023-01-23T22:43:55","modified_gmt":"2023-01-24T01:43:55","slug":"radar-microsoft-msft34-spotify-s1po34-americanas-amer3","status":"publish","type":"post","link":"https:\/\/www.suno.com.br\/noticias\/radar-microsoft-msft34-spotify-s1po34-americanas-amer3\/","title":{"rendered":"Radar: Microsoft (MSFT34) far\u00e1 investimento multibilion\u00e1rio, Spotify (S1PO34) demite e Americanas (AMER3) encerra parceria com a Vibra (VBBR3)"},"content":{"rendered":"<p>A Microsoft (<a class=\"suno-keyword\" target=\"_blank\" data-force=\"yes\" data-priority=\"2\" href=\"https:\/\/www.suno.com.br\/bdrs\/msft34\/\" rel=\"noopener\">MSFT34<\/a>) informou nesta segunda-feira (23) que est\u00e1 fazendo um investimento multibilion\u00e1rio de v\u00e1rios anos na OpenAI, refor\u00e7ando substancialmente seu relacionamento com a startup por tr\u00e1s do chatbot viral ChatGPT, enquanto a gigante do software procura expandir o uso da tecnologia de intelig\u00eancia artificial em seus produtos.<\/p>\t<div class=\"wrapper-featured-image\">\n\t\t<figure class=\"spotlightImg\">\n\n\t\t\t<picture>\n\t\t\t\t<source media=\"(max-width: 768px)\" srcset=\"https:\/\/files.sunoresearch.com.br\/n\/uploads\/2019\/07\/c86689dd-microsoft-400x200.webp\">\n\t\t\t\t<img loading=\"lazy\" decoding=\"async\" class=\"newsContent__article__imgCapa lazyloadDisabled \" src=\"https:\/\/files.sunoresearch.com.br\/n\/uploads\/2019\/07\/c86689dd-microsoft-800x450.webp\" width=\"800\" height=\"450\" alt=\"Radar: Microsoft (MSFT34) far\u00e1 investimento multibilion\u00e1rio, Spotify (S1PO34) demite e Americanas (AMER3) encerra parceria com a Vibra (VBBR3)\" fetchpriority=high \/>\n\t\t\t<\/picture>\n\n\t\t\t<figcaption class=\"wp-caption-text wp-caption-text--show\">Microsoft planeja expandir seu servi\u00e7o de nuvem<\/figcaption>\n\t\t<\/figure>\n\t<\/div>\n\n\n\n\n\n\t<p>\n\t\t<a href=\"\" target=\"_blank\" data-element=\"shortcode-suno-banner\" title=\"Banner SUNO, clique e saiba mais\">\n\t\t\t<picture>\n\t\t\t\t<source media=\"(max-width: 500px)\" srcset=\"\">\n\t\t\t\t<img class=\"newsContent__article__imgCapa newsContent__article__imgCapa--banner\"\n\t\t\t\t\tsrc=\"\"\n\t\t\t\t\tdata-promo-id=\"138420\"\t\t\t\t\t\t\t\t\t\t\t\t\t\t\talt=\"\"\n\t\t\t\t>\n\t\t\t<\/picture>\n\t\t<\/a>\n\t<\/p>\n\n\n\n\n\n<p>A Microsoft disse que a parceria com a <strong>criadora do ChatGPT<\/strong> se baseia nos investimentos da empresa em 2019 e 2021 na OpenAI.<\/p>\n\n\n\n<p>As empresas n\u00e3o divulgaram os termos financeiros da parceria.<\/p>\n\n\n\n<p>A <strong>OpenAI <\/strong>estava em negocia\u00e7\u00f5es neste m\u00eas para vender as a\u00e7\u00f5es existentes em uma oferta p\u00fablica que avaliaria a empresa em cerca de US$ 29 bilh\u00f5es, informou o <i>Wall Street Journal<\/i>, tornando-a uma das startups americanas mais valiosas no papel, apesar de gerar pouca receita.<\/p>\n\n\n\n<h2 class=\"wp-block-heading\" id=\"h-empresa-anunciou-demissao-de-10-mil-funcionarios-em-18-de-janeiro\">Empresa anunciou demiss\u00e3o de 10 mil funcion\u00e1rios em 18 de janeiro<\/h2>\n\n\n\n<p>As ondas de demiss\u00f5es em empresas de tecnologia seguir\u00e3o agitadas em 2023. Apesar do an\u00fancio de <strong>investimentos multibilion\u00e1rios na criadora do ChatGPT<\/strong>, a&nbsp;<strong>Microsoft<\/strong>&nbsp;<a href=\"https:\/\/statusinvest.com.br\/bdrs\/msft34?__hstc=189907700.a6a3c0f889dbabbf12a3704bf30b0bd8.1669153633978.1674508890890.1674516553045.295&amp;__hssc=189907700.2.1674516553045&amp;__hsfp=1782981590\" target=\"_blank\" rel=\"noreferrer noopener\">(<\/a><a class=\"suno-keyword\" target=\"_blank\" data-force=\"yes\" data-priority=\"2\" href=\"https:\/\/www.suno.com.br\/bdrs\/msft34\/\" rel=\"noopener\">MSFT34<\/a>)&nbsp;anunciou na \u00faltima quarta-feira (18) que desligar\u00e1 10 mil funcion\u00e1rios em todo o mundo at\u00e9 final de mar\u00e7o. Os cortes devem afetar 5% do quadro de trabalhadores da&nbsp;<a href=\"https:\/\/www.suno.com.br\/artigos\/big-tech\/\" target=\"_blank\" rel=\"noreferrer noopener\">big tech<\/a>, que justifica a medida como redu\u00e7\u00e3o de custos.<\/p>\n\n\n\n<p>Assim como outras empresas de tecnologia, durante a pandemia a <a class=\"suno-keyword\" target=\"_blank\" data-force=\"no\" data-priority=\"1\" href=\"https:\/\/www.suno.com.br\/artigos\/big-tech\/\" rel=\"noopener\">big tech<\/a> expandiu suas opera\u00e7\u00f5es. De 2019 para c\u00e1, mais de 75 mil pessoas foram contratadas pela companhia. Mesmo que a&nbsp;<strong>receita anual da Microsoft<\/strong>&nbsp;tenha crescido 58% nos \u00faltimos tr\u00eas anos, os cortes s\u00e3o justificados pela empresa pela incerteza econ\u00f4mica e desacelera\u00e7\u00e3o do setor de tecnologia nos EUA.<\/p>\n\n\n\n<p>Embora vise o corte de despesas, as&nbsp;<strong>demiss\u00f5es na Microsoft<\/strong>, segundo o comunicado divulgado pela empresa, contabilizar\u00e3o US$ 1,2 bilh\u00e3o em seu balan\u00e7o referente a custos de rescis\u00f5es contratuais.<\/p>\n\n\n\n<p>\u201cEssas s\u00e3o os tipos de escolhas dif\u00edceis que fizemos em nossos 47 anos de hist\u00f3ria para continuar uma empresa nesta ind\u00fastria que \u00e9 imperdo\u00e1vel para quem n\u00e3o se adaptar a mudan\u00e7as de plataformas\u201d, afirmou o&nbsp;<strong>presidente executivo da Microsoft<\/strong>,&nbsp;<a href=\"https:\/\/www.suno.com.br\/tudo-sobre\/satya-nadella\/\" target=\"_blank\" rel=\"noreferrer noopener\">Satya Nadella<\/a>.<\/p>\n\n\n\n<h2 class=\"wp-block-heading\">Cortes n\u00e3o ocorrem apenas na Microsoft<\/h2>\n\n\n\n<p>As&nbsp;<strong>big techs<\/strong>, como s\u00e3o chamadas as gigantes de tecnologia, aderiram \u00e0s&nbsp;<strong>demiss\u00f5es de funcion\u00e1rios em 2022<\/strong>&nbsp;como forma de enfrentar a crise.<\/p>\n\n\n\n<p>Na \u00faltima semana, o presidente-executivo da Amazon (<a href=\"https:\/\/www.suno.com.br\/bdrs\/amzo34\/\" target=\"_blank\" rel=\"noreferrer noopener\">AMZO34<\/a>), Andy Jassy, anunciou que a&nbsp;<a href=\"https:\/\/www.suno.com.br\/noticias\/amazon-amzo34-demissoes-massa\/\" target=\"_blank\" rel=\"noreferrer noopener\">onda de demiss\u00f5es deve atingir mais de 18 mil funcion\u00e1rios<\/a>. A demiss\u00e3o em massa, que representa um corte de 6% do corpo de pessoal da&nbsp;<a href=\"https:\/\/www.suno.com.br\/artigos\/big-tech\/\" target=\"_blank\" rel=\"noreferrer noopener\">big tech<\/a>, \u00e9 a maior da hist\u00f3ria da empresa entre os an\u00fancios recentes de companhias de tecnologia.<\/p>\n\n\n\n<p>Da mesma forma, a Meta (M1TA34), dona do Facebook, anunciou no in\u00edcio de novembro a&nbsp;<a href=\"https:\/\/www.suno.com.br\/noticias\/meta-m1ta34-demite-funcionarios-zuckerberg\/\" target=\"_blank\" rel=\"noreferrer noopener\">demiss\u00e3o de 13% de seus funcion\u00e1rios<\/a>&nbsp;\u2013 cerca de 11 mil pessoas.<\/p>\n\n\n\n<p>A&nbsp;<a href=\"https:\/\/www.suno.com.br\/artigos\/big-tech\/\" target=\"_blank\" rel=\"noreferrer noopener\">big tech<\/a>&nbsp;decidiu cortar gastos discricion\u00e1rios e estender o congelamento de contrata\u00e7\u00f5es ao longo de todo o primeiro trimestre de 2023, em esfor\u00e7os de tornar a empresa \u201cmais eficiente\u201d, segundo o CEO Mark Zuckerberg.<\/p>\n\n\n\n<p>Confira abaixo algumas das empresas de tecnologia que est\u00e3o realizando ondas de demiss\u00f5es ou interrompendo contrata\u00e7\u00f5es:<\/p>\n\n\n\n<ul class=\"wp-block-list\">\n<li><strong>Adobe (ADBE34):<\/strong>&nbsp;corte de 100 funcion\u00e1rios nos EUA da \u00e1rea de Vendas;<\/li>\n\n\n\n<li><strong>Amazon (AMZO34<\/strong>)<strong>:&nbsp;<\/strong>corte de 18 mil funcion\u00e1rios no ano de 2023;<\/li>\n\n\n\n<li><strong>Apple (AAPL34<\/strong>)<strong>:&nbsp;<\/strong>maioria das \u00e1reas da empresa tiveram contrata\u00e7\u00f5es interrompidas;<\/li>\n\n\n\n<li><strong>App 99:&nbsp;<\/strong>cerca de 100 funcion\u00e1rios demitidos em 2022;<\/li>\n\n\n\n<li><strong>Clicksign:&nbsp;<\/strong>corte de 100 funcion\u00e1rios em 2022;<\/li>\n\n\n\n<li><strong>HP (HPQB34):<\/strong>&nbsp;demitir\u00e1 de 4 mil a 6 mil funcion\u00e1rios at\u00e9 o final de 2025;<\/li>\n\n\n\n<li><strong>Intel (ITLC34<\/strong>)<strong>:<\/strong>&nbsp;demiss\u00e3o de 20% de seu corpo de funcion\u00e1rios em 2022;<\/li>\n\n\n\n<li><strong>Loft:&nbsp;<\/strong>corte de 855 funcion\u00e1rios em 2022;<\/li>\n\n\n\n<li><strong>Meta:<\/strong>&nbsp;corte de 11 mil funcion\u00e1rios at\u00e9 o fim do 1T23;<\/li>\n\n\n\n<li><strong>Microsoft:&nbsp;<\/strong>demiss\u00e3o de 10 mil funcion\u00e1rios at\u00e9 o 3T23;<\/li>\n\n\n\n<li><strong>PagSeguro (PAGS34):&nbsp;<\/strong>corte de 7% dos funcion\u00e1rios em janeiro de 2023;<\/li>\n\n\n\n<li><strong>SalesForce:&nbsp;<\/strong>corte de 10% do quadro de funcion\u00e1rios at\u00e9 o fim de 2024;<\/li>\n\n\n\n<li><strong>Twitter (TWTR34):&nbsp;<\/strong>demiss\u00e3o de 3,7 mil funcion\u00e1rios desde o comando de Elon Musk;<\/li>\n\n\n\n<li><strong>Vimeo:&nbsp;<\/strong>cortar\u00e1 11% da sua for\u00e7a de trabalho em 2023.<\/li>\n<\/ul>\n\n\n\n<h2 class=\"wp-block-heading\" id=\"h-empresas-exercendo-cautela\">Empresas \u201cexercendo cautela\u201d<\/h2>\n\n\n\n<p>Em nota, o presidente executivo da Microsoft enfatizou a desacelera\u00e7\u00e3o econ\u00f4mica, afirmando aos funcion\u00e1rios que as empresas em todo o mundo come\u00e7aram a \u201cexercer cautela, pois algumas regi\u00f5es est\u00e3o em recess\u00e3o e outras est\u00e3o prevendo uma\u201d.<\/p>\n\n\n\n<p>Nadella n\u00e3o especificou quais \u00e1reas ser\u00e3o afetadas pelos cortes na&nbsp;<strong>Microsoft<\/strong>, embora tenha dito que a empresa continuar\u00e1 contratando em \u00e1reas estrat\u00e9gicas importantes.<a href=\"https:\/\/lp.suno.com.br\/planilha-controle-gastos\/\" target=\"_blank\" rel=\"noreferrer noopener\"><\/a><\/p>\n\n\n\n<p>Com Estad\u00e3o Conte\u00fado<\/p>\n\n\n\n<p><em>Al\u00e9m da<strong> Microsoft<\/strong>, confira outros destaques desta segunda-feira:<\/em><a href=\"https:\/\/lp.suno.com.br\/planilha-controle-gastos\/\" target=\"_blank\" rel=\"noreferrer noopener\"><\/a><a href=\"https:\/\/lp.suno.com.br\/planilha-controle-gastos\/\" target=\"_blank\" rel=\"noreferrer noopener\"><\/a><\/p>\n\n\n\t<p>\n\t\t<a href=\"https:\/\/lp.suno.com.br\/planilha-controle-gastos\/\" target=\"_blank\" data-element=\"shortcode-suno-banner\" title=\"Banner SUNO, clique e saiba mais\">\n\t\t\t<picture>\n\t\t\t\t<source media=\"(max-width: 500px)\" srcset=\"https:\/\/files.sunoresearch.com.br\/n\/uploads\/2023\/03\/400x300-Planilha-controle-de-gastos.png\">\n\t\t\t\t<img class=\"newsContent__article__imgCapa newsContent__article__imgCapa--banner\"\n\t\t\t\t\tsrc=\"https:\/\/files.sunoresearch.com.br\/n\/uploads\/2023\/03\/1420x240-Planilha-controle-de-gastos.png\"\n\t\t\t\t\tdata-promo-id=\"101751\"\t\t\t\t\t\t\t\t\t\twidth='1420' height='240'\t\t\t\t\talt=\"https:\/\/files.sunoresearch.com.br\/n\/uploads\/2023\/03\/1420x240-Planilha-controle-de-gastos.png\"\n\t\t\t\t>\n\t\t\t<\/picture>\n\t\t<\/a>\n\t<\/p>\n\n\n\n\n\n<h2 class=\"wp-block-heading\">Spotify (S1PO34) entra na onda de demiss\u00f5es e cortar\u00e1 600 funcion\u00e1rios<\/h2>\n\n\n\n<ul class=\"wp-block-list\">\n<li>O<strong> Spotify <\/strong>(<a class=\"suno-keyword\" data-force=\"yes\" data-priority=\"2\" href=\"https:\/\/www.suno.com.br\/bdrs\/s1po34\/\" target=\"_blank\" rel=\"noopener\">S1PO34<\/a>) anunciou hoje (23) que demitir\u00e1 6% de seus funcion\u00e1rios como parte de uma medida mais ampla de redu\u00e7\u00e3o de custos. Com isso, a startup se junta a outras empresas de tecnologia, como <strong><a href=\"https:\/\/www.suno.com.br\/bdrs\/amzo34\/\">Amazon (AMZO34)<\/a><\/strong>, <strong><a href=\"https:\/\/www.suno.com.br\/bdrs\/msft34\/\">Microsoft (MSFT34)<\/a><\/strong> e <strong><a href=\"https:\/\/www.suno.com.br\/bdrs\/m1ta34\/\">Meta (M1TA34)<\/a><\/strong>, dona do Google, que anunciaram cortes no quadro de funcion\u00e1rios nas \u00faltimas semanas.<\/li>\n\n\n\n<li>&#8220;Nos \u00faltimos meses, fizemos um esfor\u00e7o consider\u00e1vel para controlar os custos, mas simplesmente n\u00e3o foi o suficiente&#8221;, disse o presidente-executivo do Spotify, <strong>Daniel Ek<\/strong>, em carta enviada aos funcion\u00e1rios hoje. &#8220;Portanto, embora esteja claro que esse caminho \u00e9 o certo para o Spotify, isso n\u00e3o o torna mais f\u00e1cil.&#8221;<\/li>\n\n\n\n<li>A empresa com sede em Estocolmo tem cerca de 8,6 mil funcion\u00e1rios em todo o mundo, de acordo com seu site. Ek havia dito no ano passado que as <strong>contrata\u00e7\u00f5es<\/strong> <strong>de funcion\u00e1rios<\/strong> <strong>do Spotify<\/strong> seriam reduzidas, mas n\u00e3o planejava demitir ningu\u00e9m.<\/li>\n\n\n\n<li><strong>Despesas maiores que a receita<\/strong><\/li>\n\n\n\n<li>Em retrospectiva, fui ambicioso demais ao investir antes do crescimento de nossa receita. Assumo total responsabilidade pelos movimentos que nos trouxeram aqui hoje.<\/li>\n\n\n\n<li>O <strong>presidente-executivo do Spotify<\/strong> disse que as <a class=\"suno-keyword\" data-force=\"no\" data-priority=\"1\" href=\"https:\/\/www.suno.com.br\/artigos\/despesas-operacionais\/\" target=\"_blank\" rel=\"noopener\">despesas operacionais<\/a> no ano passado foram o dobro de sua receita. Ele chamou as demiss\u00f5es de uma decis\u00e3o dif\u00edcil, mas necess\u00e1ria.<\/li>\n\n\n\n<li>Apesar de visar a redu\u00e7\u00e3o de custos, o corte no quadro de funcion\u00e1rios dever\u00e1 comprometer em aproximadamente 35 a 45 milh\u00f5es de euros ao caixa devido a encargos relacionados a indeniza\u00e7\u00f5es, destaca a Bloomberg News.<\/li>\n\n\n\n<li>Ainda em nota, Ek afirmou que os funcion\u00e1rios demitidos receber\u00e3o cinco meses de indeniza\u00e7\u00e3o. Ele tamb\u00e9m anunciou algumas mudan\u00e7as na diretoria executiva, incluindo a sa\u00edda da diretora de conte\u00fado do Spotify, Dawn Ostroff.<\/li>\n\n\n\n<li><strong>Al\u00e9m do Spotify, veja mais demiss\u00f5es em big techs<\/strong><\/li>\n\n\n\n<li>O Spotify n\u00e3o est\u00e1 sozinho nas ondas de demiss\u00f5es. Conforme reportado pelo Suno Not\u00edcias, a&nbsp;<strong>Amazon&nbsp;<\/strong>(<a href=\"https:\/\/www.suno.com.br\/bdrs\/amzo34\/\" target=\"_blank\" rel=\"noreferrer noopener\">AMZO34<\/a>) planeja uma&nbsp;<a href=\"https:\/\/www.suno.com.br\/noticias\/amazon-amzo34-demissoes-massa\/\" target=\"_blank\" rel=\"noreferrer noopener\">redu\u00e7\u00e3o no quadro de funcion\u00e1rios<\/a>&nbsp;que cortar\u00e1 18 mil empregos em 2023. Caso seja concretizada, essa demiss\u00e3o em massa poder\u00e1 ser a maior da hist\u00f3ria da Amazon e tamb\u00e9m a maior&nbsp;<a href=\"https:\/\/www.suno.com.br\/noticias\/netflix-nflx34-demissa-massa-300-desaceleracao\/\" target=\"_blank\" rel=\"noreferrer noopener\">dentre os an\u00fancios recentes de companhias de tecnologia<\/a>.<\/li>\n\n\n\n<li>Al\u00e9m disso, recentemente a&nbsp;<a href=\"https:\/\/www.suno.com.br\/noticias\/microsoft-msft34-demissao-10-mil-funcionarios-3t22\/\" target=\"_blank\" rel=\"noreferrer noopener\">Microsoft anunciou que desligar\u00e1 10 mil<\/a>&nbsp;funcion\u00e1rios em todo o mundo at\u00e9 final de mar\u00e7o. Assim como outras empresas de tecnologia, durante a pandemia a <a class=\"suno-keyword\" target=\"_blank\" data-force=\"no\" data-priority=\"1\" href=\"https:\/\/www.suno.com.br\/artigos\/big-tech\/\" rel=\"noopener\">big tech<\/a> expandiu suas opera\u00e7\u00f5es. De 2019 para c\u00e1, mais de 75 mil pessoas foram contratadas pela companhia. <\/li>\n\n\n\n<li>Mesmo que a&nbsp;<strong>receita anual da Microsoft<\/strong>&nbsp;tenha crescido 58% nos \u00faltimos tr\u00eas anos, os cortes s\u00e3o justificados pela empresa pela incerteza econ\u00f4mica e desacelera\u00e7\u00e3o do setor de tecnologia nos EUA.<\/li>\n\n\n\n<li>J\u00e1 na \u00faltima sexta-feira (20), a empresa matriz do&nbsp;<strong>Google<\/strong>, a Alphabet (<a href=\"https:\/\/www.suno.com.br\/bdrs\/gogl34\/\" target=\"_blank\" rel=\"noreferrer noopener\">GOGL34<\/a>), anunciou que<a href=\"https:\/\/www.suno.com.br\/noticias\/google-gogl34-demissoes-2023\/\" target=\"_blank\" rel=\"noreferrer noopener\"> planeja demitir o total de 12 mil funcion\u00e1rios<\/a> ao redor do mundo.<\/li>\n\n\n\n<li>\u201cDecidimos reduzir nossa for\u00e7a de trabalho em aproximadamente 12 mil empregos\u201d, disse o&nbsp;<strong>CEO da Alphabet<\/strong>, Sundar Pichai, em um e-mail enviado aos funcion\u00e1rios.<\/li>\n\n\n\n<li>Segundo o CEO, a decis\u00e3o se d\u00e1 em virtude de uma \u201crealidade macroecon\u00f4mica dif\u00edcil e distinta\u201d. O motivo \u00e9 o mesmo que consta em memorandos e an\u00fancios de outras big techs, que sofrem com o aumento de juros nos Estados Unidos, dada a condu\u00e7\u00e3o da&nbsp;<a href=\"https:\/\/www.suno.com.br\/artigos\/politica-monetaria\/\" target=\"_blank\" rel=\"noreferrer noopener\">pol\u00edtica monet\u00e1ria<\/a>&nbsp;pelo Federal Reserve (Fed).<\/li>\n\n\n\n<li>Veja abaixo outros cortes em companhias de tecnologia:<\/li>\n\n\n\n<li><strong>Adobe (ADBE34):<\/strong>&nbsp;corte de 100 funcion\u00e1rios nos EUA da \u00e1rea de Vendas;<\/li>\n\n\n\n<li><strong>Apple (AAPL34<\/strong>)<strong>:&nbsp;<\/strong>maioria das \u00e1reas da empresa tiveram contrata\u00e7\u00f5es interrompidas;<\/li>\n\n\n\n<li><strong>App 99:&nbsp;<\/strong>cerca de 100 funcion\u00e1rios demitidos em 2022;<\/li>\n\n\n\n<li><strong>Clicksign:&nbsp;<\/strong>corte de 100 funcion\u00e1rios em 2022;<\/li>\n\n\n\n<li><strong>HP (HPQB34):<\/strong>&nbsp;demitir\u00e1 de 4 mil a 6 mil funcion\u00e1rios at\u00e9 o final de 2025;<\/li>\n\n\n\n<li><strong>Intel (ITLC34<\/strong>)<strong>:<\/strong>&nbsp;demiss\u00e3o de 20% de seu corpo de funcion\u00e1rios em 2022;<\/li>\n\n\n\n<li><strong>Loft:&nbsp;<\/strong>corte de 855 funcion\u00e1rios em 2022;<\/li>\n\n\n\n<li><strong>PagSeguro (PAGS34):&nbsp;<\/strong>corte de 7% dos funcion\u00e1rios em janeiro de 2023;<\/li>\n\n\n\n<li><strong>SalesForce:&nbsp;<\/strong>corte de 10% do quadro de funcion\u00e1rios at\u00e9 o fim de 2024;<\/li>\n\n\n\n<li><strong>Twitter (TWTR34):&nbsp;<\/strong>demiss\u00e3o de 3,7 mil funcion\u00e1rios desde o comando de Elon Musk;<\/li>\n\n\n\n<li><strong>Vimeo:&nbsp;<\/strong>cortar\u00e1 11% da sua for\u00e7a de trabalho em 2023.<\/li>\n\n\n\n<li>Com a demiss\u00e3o em massa rec\u00e9m anunciada, o&nbsp;<strong>Spotify&nbsp;<\/strong>passa ent\u00e3o a entrar para este rol.<a href=\"https:\/\/lp.suno.com.br\/consultoria\/\" target=\"_blank\" rel=\"noreferrer noopener\"><\/a><\/li>\n\n\n\n<li><em>Com informa\u00e7\u00f5es do Estad\u00e3o Conte\u00fado<\/em><\/li>\n<\/ul>\n\n\n\t<p>\n\t\t<a href=\"https:\/\/lp.suno.com.br\/planilha-da-vida-financeira\/\" target=\"_blank\" data-element=\"shortcode-suno-banner\" title=\"Banner SUNO, clique e saiba mais\">\n\t\t\t<picture>\n\t\t\t\t<source media=\"(max-width: 500px)\" srcset=\"https:\/\/files.sunoresearch.com.br\/n\/uploads\/2023\/04\/400x300-Planilha-vida-financeira-true.png\">\n\t\t\t\t<img class=\"newsContent__article__imgCapa newsContent__article__imgCapa--banner\"\n\t\t\t\t\tsrc=\"https:\/\/files.sunoresearch.com.br\/n\/uploads\/2023\/04\/1420x240-Planilha-vida-financeira-true.png\"\n\t\t\t\t\tdata-promo-id=\"106682\"\t\t\t\t\t\t\t\t\t\twidth='1420' height='240'\t\t\t\t\talt=\"https:\/\/files.sunoresearch.com.br\/n\/uploads\/2023\/04\/1420x240-Planilha-vida-financeira-true.png\"\n\t\t\t\t>\n\t\t\t<\/picture>\n\t\t<\/a>\n\t<\/p>\n\n\n\n\n\n<h2 class=\"wp-block-heading\">Americanas (AMER3) contrata consultoria Alvarez &amp; Marsal para a recupera\u00e7\u00e3o judicial<\/h2>\n\n\n\n<ul class=\"wp-block-list\">\n<li>A <strong>Americanas<\/strong> (AMER3) anunciou na noite desta segunda-feira (23) que contratou a Alvarez &amp; Marsal (A&amp;M) para auxiliar a empresa durante a <a class=\"suno-keyword\" data-force=\"no\" data-priority=\"2\" href=\"https:\/\/www.suno.com.br\/artigos\/recuperacao-judicial\/\" target=\"_blank\" rel=\"noopener\">recupera\u00e7\u00e3o judicial<\/a>. Segundo o comunicado enviado \u00e0 CVM, a empresa de consultoria ir\u00e1 atuar como Project Management Office (PMO) em rela\u00e7\u00e3o ao processo<br>de recupera\u00e7\u00e3o judicial.<\/li>\n\n\n\n<li>Ainda de acordo com o comunicado, a A&amp;M vai trabalhar em <a href=\"https:\/\/www.suno.com.br\/noticias\/americanas-amer3-contratacao-rothschildeco-renegociacao\/\">coordena\u00e7\u00e3o com o Rothschild &amp; Co<\/a>, interlocutor da Americanas na renegocia\u00e7\u00e3o da d\u00edvida financeira.<\/li>\n\n\n\n<li>&#8220;O objetivo da companhia \u00e9 assegurar que a equipe executiva tenha todo apoio e ferramentas de refer\u00eancia no mercado para atingir os objetivos estrat\u00e9gicos do neg\u00f3cio&#8221;, diz o comunicado.<\/li>\n\n\n\n<li>A Alvarez &amp; Marsal atuou na recupera\u00e7\u00e3o judicial da Odebrecht. O processo \u00e9 considerado a maior recupera\u00e7\u00e3o judicial do pa\u00eds e ocorreu ap\u00f3s a construtora ser investigada na Opera\u00e7\u00e3o Lava Jato.<\/li>\n\n\n\n<li><strong>4\u00aa maior recupera\u00e7\u00e3o judicial do Brasil<\/strong><\/li>\n\n\n\n<li>Na quinta-feira (19) a&nbsp;<strong>Americanas<\/strong>&nbsp;(AMER3) deu entrada no&nbsp;<a href=\"https:\/\/www.suno.com.br\/noticias\/americanas-amer3-pedido-recuperacao-judicial-2\/\" target=\"_blank\" rel=\"noreferrer noopener\">processo de recupera\u00e7\u00e3o judicial<\/a>, ap\u00f3s reportar&nbsp;<a href=\"https:\/\/www.suno.com.br\/noticias\/americanas-amer3-inconsistencia-20bi-explicacoes\/\" target=\"_blank\" rel=\"noreferrer noopener\">\u201cinconsist\u00eancias cont\u00e1beis\u201d<\/a>&nbsp;de R$ 20 bilh\u00f5es.<\/li>\n\n\n\n<li>A empresa afirmou ter R$ 800 milh\u00f5es em caixa e d\u00edvidas de R$ 43 bilh\u00f5es, o que faz da recupera\u00e7\u00e3o judicial da Americanas a quarta maior da hist\u00f3ria do Brasil.<\/li>\n\n\n\n<li>Em termos de valores, a&nbsp;<strong>maior recupera\u00e7\u00e3o judicial do Pa\u00eds<\/strong>&nbsp;\u00e9 a da Odebrecht, que iniciou o processo com d\u00edvidas de R$ 80 bilh\u00f5es em 2019. A segunda maior \u00e9 da <a class=\"suno-keyword\" target=\"_blank\" data-force=\"yes\" data-priority=\"2\" href=\"https:\/\/www.suno.com.br\/acoes\/OIBR3\/\" rel=\"noopener\">Oi (OIBR3)<\/a>, que come\u00e7ou em 2016 e foi recentemente finalizada, de R$ 65 bilh\u00f5es. A terceira \u00e9 a da Samarco, de 2021 e ainda em andamento, de R$ 55 bilh\u00f5es.<\/li>\n\n\n\n<li>A d\u00edvida da Americanas, de R$ 43 bilh\u00f5es, \u00e9 maior que a da Sete Brasil, com RJ iniciada em 2016, com R$ 19 bilh\u00f5es, e da OGX, que come\u00e7ou em 2013 e j\u00e1 terminou, com R$ 12,3 bilh\u00f5es, no ranking de&nbsp;<strong>maiores processos de recupera\u00e7\u00e3o judicial<\/strong>&nbsp;no Brasil.<\/li>\n\n\n\n<li>A <strong>Americanas<\/strong> tem hoje 44 mil funcion\u00e1rios. De acordo com a varejista, o<strong>&nbsp;<\/strong>processo de recupera\u00e7\u00e3o judicial&nbsp;busca a \u201cmanuten\u00e7\u00e3o de empregos, o pagamento de impostos e a boa rela\u00e7\u00e3o com seus fornecedores e credores e investidores de forma geral\u201d.<\/li>\n<\/ul>\n\n\n\t<p>\n\t\t<a href=\"https:\/\/lp.suno.com.br\/ebook-como-analisar-uma-acao\/\" target=\"_blank\" data-element=\"shortcode-suno-banner\" title=\"Banner SUNO, clique e saiba mais\">\n\t\t\t<picture>\n\t\t\t\t<source media=\"(max-width: 500px)\" srcset=\"https:\/\/files.sunoresearch.com.br\/n\/uploads\/2023\/03\/Ebook-Acoes-Mobile-1.jpg\">\n\t\t\t\t<img class=\"newsContent__article__imgCapa newsContent__article__imgCapa--banner\"\n\t\t\t\t\tsrc=\"https:\/\/files.sunoresearch.com.br\/n\/uploads\/2023\/03\/Ebook-Acoes-Desktop-1.jpg\"\n\t\t\t\t\tdata-promo-id=\"171998\"\t\t\t\t\t\t\t\t\t\twidth='1420' height='286'\t\t\t\t\talt=\"https:\/\/files.sunoresearch.com.br\/n\/uploads\/2023\/03\/Ebook-Acoes-Desktop-1.jpg\"\n\t\t\t\t>\n\t\t\t<\/picture>\n\t\t<\/a>\n\t<\/p>\n\n\n\n\n\n<h2 class=\"wp-block-heading\">Vale (VALE3): MPF apresenta den\u00fancia \u00e0 Justi\u00e7a contra mineradora e executivos por Brumadinho (MG)<\/h2>\n\n\n\n<ul class=\"wp-block-list\">\n<li>O Minist\u00e9rio P\u00fablico Federal (MPF) ratificou integralmente a den\u00fancia contra a <strong>Vale<\/strong> (<a href=\"https:\/\/www.suno.com.br\/acoes\/vale3\/\" target=\"_blank\" rel=\"noreferrer noopener\">VALE3<\/a>) pelo desastre causado em Brumadinho (MG), no dia 25 de janeiro de 2019. Al\u00e9m da mineradora, a T\u00fcv S\u00fcd e 16 <a class=\"suno-keyword\" data-force=\"no\" data-priority=\"2\" href=\"https:\/\/www.suno.com.br\/artigos\/pessoa-fisica\/\" target=\"_blank\" rel=\"noopener\">pessoas f\u00edsicas<\/a> foram inclu\u00eddas no processo que foi enviado \u00e0 2\u00aa Vara Federal de Belo Horizonte. Com o rompimento da barragem, 270 pessoas morreram e houve preju\u00edzos socioecon\u00f4micos e ambientais na regi\u00e3o.<\/li>\n\n\n\n<li>Na \u00faltima sexta-feira (20), os autos, que estavam em an\u00e1lise do MPF, em Bras\u00edlia, foram encaminhados \u00e0 Justi\u00e7a de Minas Gerais pela presidente do Supremo Tribunal Federal (STF), Rosa Weber. Isso porque o prazo para o fim do julgamento da <strong>trag\u00e9dia em Brumadinho<\/strong>, bem como a condena\u00e7\u00e3o de quem foi indiciado no processo, estava estabelecido para a pr\u00f3xima quarta (25). <\/li>\n\n\n\n<li>\u201cNovos fatos e autores podem surgir durante a instru\u00e7\u00e3o criminal. A urg\u00eancia da ratifica\u00e7\u00e3o da den\u00fancia reside no teor da decis\u00e3o da ministra Rosa Weber, que chamou a aten\u00e7\u00e3o para a possibilidade de prescri\u00e7\u00e3o de alguns crimes\u201d, explica a procuradora Mirian Moreira Lima.<\/li>\n\n\n\n<li><strong>Processo contra a Vale<\/strong><\/li>\n\n\n\n<li>O <strong>processo criminal contra a Vale<\/strong> e demais envolvidos no desastre em Brumadinho foi distribu\u00eddo \u00e0 2\u00aa Vara Criminal Federal de Belo Horizonte (antiga 9\u00aa Vara). Agora, ela dever\u00e1 decidir se recebe ou n\u00e3o a den\u00fancia oferecida pelo Minist\u00e9rio P\u00fablico Federal.<\/li>\n\n\n\n<li>Segundo os autos, \u00e9 imputado \u00e0s <a class=\"suno-keyword\" target=\"_blank\" data-force=\"no\" data-priority=\"2\" href=\"https:\/\/www.suno.com.br\/artigos\/pessoa-fisica\/\" rel=\"noopener\">pessoas f\u00edsicas<\/a> denunciadas \u2014 incluindo o <strong>ex-presidente da Vale<\/strong>, F\u00e1bio Schvartsman \u2014 o crime de homic\u00eddio qualificado, crimes contra a fauna, crimes contra a flora e crime de polui\u00e7\u00e3o.<\/li>\n\n\n\n<li>J\u00e1 a Vale e a T\u00fcv Sud, empresa respons\u00e1vel pela auditoria e libera\u00e7\u00e3o da barragem de Brumadinho, foram denunciadas pelos crimes ambientais (crimes contra a fauna e a flora e crime de polui\u00e7\u00e3o).<\/li>\n\n\n\n<li><strong>Cota\u00e7\u00e3o hoje<\/strong><\/li>\n\n\n\n<li>Apesar da not\u00edcia, as a\u00e7\u00f5es da <strong>Vale<\/strong> parecem n\u00e3o ter sido afetadas (at\u00e9 o momento) e operam no preg\u00e3o desta segunda-feira (23) em alta de 1,31%, com pap\u00e9is cotados a R$ 93,34. No acumulado dos \u00faltimos 12 meses, os ativos da mineradora tiveram uma valoriza\u00e7\u00e3o de 15,56%.<\/li>\n<\/ul>\n\n\n\n<h2 class=\"wp-block-heading\">Vibra Energia (VBBR3) encerra joint venture com a Americanas (AMER3) para operar lojas de conveni\u00eancia<\/h2>\n\n\n\n<ul class=\"wp-block-list\">\n<li>A <strong>Vibra (VBBR3) <\/strong>informou na noite desta segunda (23) que seu <a class=\"suno-keyword\" data-force=\"no\" data-priority=\"1\" href=\"https:\/\/www.suno.com.br\/artigos\/conselho-administracao\/\" target=\"_blank\" rel=\"noopener\">Conselho de Administra\u00e7\u00e3o<\/a> notificou a Americanas<strong> (AMER3) <\/strong>sobre o encerramento imediato da joint venture formada entre as duas empresas para explora\u00e7\u00e3o de lojas de pequeno varejo, dentro e fora de postos de combust\u00edvel, por meio das redes de lojas Local e BR Mania.  <\/li>\n\n\n\n<li>Na parceria, a Vibra det\u00e9m 50% do capital social da <strong>Vem Conveni\u00eancia<\/strong>, com os outros 50% das Americanas.<\/li>\n\n\n\n<li>No <a class=\"suno-keyword\" target=\"_blank\" data-force=\"no\" data-priority=\"1\" href=\"https:\/\/www.suno.com.br\/artigos\/fato-relevante\/\" rel=\"noopener\">Fato Relevante<\/a> divulgado ao mercado, a Vibra explica por que o <a class=\"suno-keyword\" target=\"_blank\" data-force=\"no\" data-priority=\"1\" href=\"https:\/\/www.suno.com.br\/artigos\/conselho-administracao\/\" rel=\"noopener\">Conselho de Administra\u00e7\u00e3o<\/a> decidiu encerrar a <strong>parceria com a Americanas<\/strong> sobre as <strong>lojas de conveni\u00eancia<\/strong>: &#8220;\u00c0 luz dos recentes acontecimentos envolvendo a Americanas, que podem constituir altera\u00e7\u00f5es em premissas basilares que conduziram \u00e0 celebra\u00e7\u00e3o da parceria, com potenciais impactos \u00e0 Vem Conveni\u00eancia, a companhia informa que, por determina\u00e7\u00e3o do seu Conselho de Administra\u00e7\u00e3o, notificou a Americanas para imediato encerramento da parceria, tendo iniciado os tr\u00e2mites e procedimentos necess\u00e1rios para seu desfazimento.&#8221;<\/li>\n\n\n\n<li>A Americanas comunicou, no \u00faltimo dia 11 de janeiro, que descobriu um rombo de R$ 20 bilh\u00f5es em suas contas. Em meio \u00e0 crise, com d\u00edvidas de mais de R$ 43 bi, a varejista pediu <a href=\"https:\/\/www.suno.com.br\/noticias\/web-stories\/americanas-amer3-pede-recuperacao-judicial\/\">recupera\u00e7\u00e3o judicia<\/a>l &#8211; aceito pela Justi\u00e7a.  <\/li>\n\n\n\n<li>Diz ainda a Vibra: &#8220;O procedimento de desfazimento j\u00e1 estava estabelecido nos instrumentos da Parceria, e busca, em resumo, o retorno dos neg\u00f3cios (Local e BR Mania) para os respectivos s\u00f3cios originais, com a previs\u00e3o de que a empresa Vem Conveni\u00eancia seguir\u00e1 com a companhia.&#8221;<\/li>\n\n\n\n<li>Em <a href=\"https:\/\/www.suno.com.br\/noticias\/americanas-amer3-recuperacao-judicial-caminho-dividas\/\">relat\u00f3rio publicado em 15 de janeiro<\/a>, a XP especulava que a Americanas teria de <strong>vender ativos<\/strong> &#8211; e mencionava a <strong>parceria com a Vibra<\/strong> sobre as lojas de conveni\u00eancia. <\/li>\n\n\n\n<li><strong>Parceria com a Vibra foi anunciada em fevereiro de 2022<\/strong><\/li>\n\n\n\n<li>A parceria entre as duas companhias foi acertada e comunicada ao mercado em 1\u00ba de fevereiro do ano passado. A&nbsp;<strong>Vem Conveni\u00eancia<\/strong>&nbsp;teria uma estrutura de gest\u00e3o e governan\u00e7a corporativa pr\u00f3pria. <\/li>\n\n\n\n<li>De acordo com o&nbsp;<a href=\"https:\/\/www.suno.com.br\/artigos\/fato-relevante\/\" target=\"_blank\" rel=\"noreferrer noopener\">fato relevante<\/a>, divulgado pelas duas companhias, a Vem Conveni\u00eancia contava com 55 lojas de&nbsp;<strong>pequeno varejo<\/strong>&nbsp;fora de postos de combust\u00edveis, com opera\u00e7\u00e3o pr\u00f3pria, e aproximadamente 1,2 mil de pequeno varejo em postos, operadas por franqueados.<\/li>\n\n\n\n<li>A marca da BR Mania \u00e9 mantida nas<strong>&nbsp;lojas dos postos de combust\u00edveis<\/strong>, enquanto as lojas fora dos postos utilizam a marca local. A cria\u00e7\u00e3o da joint venture previa tanto lojas franqueadas como as de opera\u00e7\u00e3o pr\u00f3pria.<\/li>\n\n\n\n<li>\u201cA parceria visava oferecer uma nova&nbsp;<a href=\"https:\/\/www.suno.com.br\/artigos\/proposta-de-valor\/\" target=\"_blank\" rel=\"noreferrer noopener\">proposta de valor<\/a>&nbsp;a consumidores, franqueados e atendentes de lojas, contando com o somat\u00f3rio de for\u00e7as da <strong>Vibra<\/strong> e da Americanas, que compreende ampla experi\u00eancia de varejo no mercado brasileiro, uma rede de pontos de venda com capilaridade nacional, escala e estrutura de suprimentos e log\u00edstica, tecnologia e atua\u00e7\u00e3o no varejo digital e representa um importante passo para a expans\u00e3o no mercado de lojas de pequeno varejo no Brasil\u201d, informavam as companhias naquele documento.<\/li>\n\n\n\n<li>As lojas Local e BR Mania ficar\u00e3o com seus s\u00f3cios originais. A Vem Conveni\u00eancia vai continuar com a Vibra. As opera\u00e7\u00f5es das lojas v\u00e3o seguir em funcionamento.<\/li>\n\n\n\n<li>&#8220;A companhia ressalta a import\u00e2ncia da conveni\u00eancia em seus neg\u00f3cios e reafirma seu compromisso com seus franqueados e sua rede de revenda de continuar trabalhando para trazer as melhores solu\u00e7\u00f5es para esse neg\u00f3cio. A opera\u00e7\u00e3o das lojas BR Mania seguir\u00e1 seu curso normal&#8221;, conclui a <strong>Vibra<\/strong>. <\/li>\n<\/ul>\n\n\n\n<p><em>Da&nbsp;<strong>Microsoft<\/strong>&nbsp;a Vibra, essas foram as empresas que se destacaram hoje. Para ler todas as mat\u00e9rias&nbsp;<a href=\"https:\/\/www.suno.com.br\/noticias\/todos\/\" target=\"_blank\" rel=\"noreferrer noopener\">clique aqui.<\/a><\/em><a href=\"https:\/\/lp.suno.com.br\/planilha-de-controle-de-investimentos\/\" target=\"_blank\" rel=\"noreferrer noopener\"><\/a><\/p>\n\n\n\t<p>\n\t\t<a href=\"https:\/\/lp.suno.com.br\/planilha-de-controle-de-investimentos\/\" target=\"_blank\" data-element=\"shortcode-suno-banner\" title=\"Banner SUNO, clique e saiba mais\">\n\t\t\t<picture>\n\t\t\t\t<source media=\"(max-width: 500px)\" srcset=\"https:\/\/files.sunoresearch.com.br\/n\/uploads\/2023\/03\/400x300-Controle-de-Investimentos.png\">\n\t\t\t\t<img class=\"newsContent__article__imgCapa newsContent__article__imgCapa--banner\"\n\t\t\t\t\tsrc=\"https:\/\/files.sunoresearch.com.br\/n\/uploads\/2023\/03\/1420x240-Controle-de-Investimentos.png\"\n\t\t\t\t\tdata-promo-id=\"75934\"\t\t\t\t\t\t\t\t\t\twidth='1420' height='240'\t\t\t\t\talt=\"https:\/\/files.sunoresearch.com.br\/n\/uploads\/2023\/03\/1420x240-Controle-de-Investimentos.png\"\n\t\t\t\t>\n\t\t\t<\/picture>\n\t\t<\/a>\n\t<\/p>\n\n\n","protected":false},"excerpt":{"rendered":"<p>A Microsoft (MSFT34) informou nesta segunda-feira (23) que est\u00e1 fazendo um investimento multibilion\u00e1rio de v\u00e1rios anos na OpenAI, refor\u00e7ando substancialmente seu relacionamento com a startup por tr\u00e1s do chatbot viral ChatGPT, enquanto a gigante do software procura expandir o uso da tecnologia de intelig\u00eancia artificial em seus produtos. Microsoft planeja expandir seu servi\u00e7o de nuvem [&hellip;]<\/p>\n","protected":false},"author":194,"featured_media":31557,"comment_status":"closed","ping_status":"closed","sticky":false,"template":"","format":"standard","meta":[],"categories":[64],"tags":[106605,688,890,676,596],"suno_strategy":[],"class_list":["post-351624","post","type-post","status-publish","format-standard","has-post-thumbnail","hentry","category-negocios","tag-americanas-s-a-amer3","tag-microsoft-msft34","tag-spotify-s1po34","tag-vale-vale3","tag-vibra-energia-vbbr3"],"yoast_head":"<!-- This site is optimized with the Yoast SEO plugin v24.4 - https:\/\/yoast.com\/wordpress\/plugins\/seo\/ -->\n<title>Radar: Microsoft (MSFT34) far\u00e1 investimento multibilion\u00e1rio, Spotify (S1PO34) demite e Americanas (AMER3) encerra parceria com a Vibra (VBBR3)<\/title>\n<meta name=\"description\" content=\"Microsoft investe na criadora do ChatGPT, Spotify entra na onda dos layoffs e Vibra encerra parceria anunciada h\u00e1 um ano com a Americanas\" \/>\n<meta name=\"robots\" content=\"index, follow, max-snippet:-1, max-image-preview:large, max-video-preview:-1\" \/>\n<link rel=\"canonical\" href=\"https:\/\/www.suno.com.br\/noticias\/radar-microsoft-msft34-spotify-s1po34-americanas-amer3\/\" \/>\n<meta property=\"og:locale\" content=\"pt_BR\" \/>\n<meta property=\"og:type\" content=\"article\" \/>\n<meta property=\"og:title\" content=\"Radar: Microsoft (MSFT34) far\u00e1 investimento multibilion\u00e1rio, Spotify (S1PO34) demite e Americanas (AMER3) encerra parceria com a Vibra (VBBR3)\" \/>\n<meta property=\"og:description\" content=\"Microsoft investe na criadora do ChatGPT, Spotify entra na onda dos layoffs e Vibra encerra parceria anunciada h\u00e1 um ano com a Americanas\" \/>\n<meta property=\"og:url\" content=\"https:\/\/www.suno.com.br\/noticias\/radar-microsoft-msft34-spotify-s1po34-americanas-amer3\/\" \/>\n<meta property=\"og:site_name\" content=\"Suno Not\u00edcias\" \/>\n<meta property=\"article:publisher\" content=\"https:\/\/facebook.com\/sunoresearch\" \/>\n<meta property=\"og:image\" content=\"https:\/\/files.sunoresearch.com.br\/n\/uploads\/2019\/07\/c86689dd-microsoft-1024x485.jpg\" \/>\n\t<meta property=\"og:image:width\" content=\"1024\" \/>\n\t<meta property=\"og:image:height\" content=\"485\" \/>\n\t<meta property=\"og:image:type\" content=\"image\/jpeg\" \/>\n<meta name=\"author\" content=\"Isabella Taglapietra\" \/>\n<meta name=\"twitter:card\" content=\"summary_large_image\" \/>\n<meta name=\"twitter:creator\" content=\"@sunoresearch\" \/>\n<meta name=\"twitter:site\" content=\"@sunoresearch\" \/>\n<meta name=\"twitter:label1\" content=\"Escrito por\" \/>\n\t<meta name=\"twitter:data1\" content=\"Isabella Taglapietra\" \/>\n\t<meta name=\"twitter:label2\" content=\"Est. tempo de leitura\" \/>\n\t<meta name=\"twitter:data2\" content=\"15 minutos\" \/>\n<script type=\"application\/ld+json\" class=\"yoast-schema-graph\">{\"@context\":\"https:\/\/schema.org\",\"@graph\":[{\"@type\":\"NewsArticle\",\"@id\":\"https:\/\/www.suno.com.br\/noticias\/radar-microsoft-msft34-spotify-s1po34-americanas-amer3\/#article\",\"isPartOf\":{\"@id\":\"https:\/\/www.suno.com.br\/noticias\/radar-microsoft-msft34-spotify-s1po34-americanas-amer3\/\"},\"author\":{\"name\":\"Isabella Taglapietra\",\"@id\":\"https:\/\/www.suno.com.br\/noticias\/#\/schema\/person\/a0be106724f6f5d705d70f04333cb249\"},\"headline\":\"Radar: Microsoft (MSFT34) far\u00e1 investimento multibilion\u00e1rio, Spotify (S1PO34) demite e Americanas (AMER3) encerra parceria com a Vibra (VBBR3)\",\"datePublished\":\"2023-01-24T01:43:37+00:00\",\"dateModified\":\"2023-01-24T01:43:55+00:00\",\"mainEntityOfPage\":{\"@id\":\"https:\/\/www.suno.com.br\/noticias\/radar-microsoft-msft34-spotify-s1po34-americanas-amer3\/\"},\"wordCount\":2944,\"publisher\":{\"@id\":\"https:\/\/www.suno.com.br\/noticias\/#organization\"},\"image\":{\"@id\":\"https:\/\/www.suno.com.br\/noticias\/radar-microsoft-msft34-spotify-s1po34-americanas-amer3\/#primaryimage\"},\"thumbnailUrl\":\"https:\/\/files.sunoresearch.com.br\/n\/uploads\/2019\/07\/c86689dd-microsoft-scaled.webp\",\"keywords\":[\"Americanas (AMER3)\",\"Microsoft (MSFT34)\",\"Spotify (S1PO34)\",\"Vale (VALE3)\",\"Vibra Energia (VBBR3)\"],\"articleSection\":[\"Neg\u00f3cios\"],\"inLanguage\":\"pt-BR\"},{\"@type\":\"WebPage\",\"@id\":\"https:\/\/www.suno.com.br\/noticias\/radar-microsoft-msft34-spotify-s1po34-americanas-amer3\/\",\"url\":\"https:\/\/www.suno.com.br\/noticias\/radar-microsoft-msft34-spotify-s1po34-americanas-amer3\/\",\"name\":\"Radar: Microsoft (MSFT34) far\u00e1 investimento multibilion\u00e1rio, Spotify (S1PO34) demite e Americanas (AMER3) encerra parceria com a Vibra (VBBR3)\",\"isPartOf\":{\"@id\":\"https:\/\/www.suno.com.br\/noticias\/#website\"},\"primaryImageOfPage\":{\"@id\":\"https:\/\/www.suno.com.br\/noticias\/radar-microsoft-msft34-spotify-s1po34-americanas-amer3\/#primaryimage\"},\"image\":{\"@id\":\"https:\/\/www.suno.com.br\/noticias\/radar-microsoft-msft34-spotify-s1po34-americanas-amer3\/#primaryimage\"},\"thumbnailUrl\":\"https:\/\/files.sunoresearch.com.br\/n\/uploads\/2019\/07\/c86689dd-microsoft-scaled.webp\",\"datePublished\":\"2023-01-24T01:43:37+00:00\",\"dateModified\":\"2023-01-24T01:43:55+00:00\",\"description\":\"Microsoft investe na criadora do ChatGPT, Spotify entra na onda dos layoffs e Vibra encerra parceria anunciada h\u00e1 um ano com a Americanas\",\"breadcrumb\":{\"@id\":\"https:\/\/www.suno.com.br\/noticias\/radar-microsoft-msft34-spotify-s1po34-americanas-amer3\/#breadcrumb\"},\"inLanguage\":\"pt-BR\",\"potentialAction\":[{\"@type\":\"ReadAction\",\"target\":[\"https:\/\/www.suno.com.br\/noticias\/radar-microsoft-msft34-spotify-s1po34-americanas-amer3\/\"]}]},{\"@type\":\"ImageObject\",\"inLanguage\":\"pt-BR\",\"@id\":\"https:\/\/www.suno.com.br\/noticias\/radar-microsoft-msft34-spotify-s1po34-americanas-amer3\/#primaryimage\",\"url\":\"https:\/\/files.sunoresearch.com.br\/n\/uploads\/2019\/07\/c86689dd-microsoft-scaled.webp\",\"contentUrl\":\"https:\/\/files.sunoresearch.com.br\/n\/uploads\/2019\/07\/c86689dd-microsoft-scaled.webp\",\"width\":2560,\"height\":1213,\"caption\":\"Microsoft planeja expandir seu servi\u00e7o de nuvem\"},{\"@type\":\"BreadcrumbList\",\"@id\":\"https:\/\/www.suno.com.br\/noticias\/radar-microsoft-msft34-spotify-s1po34-americanas-amer3\/#breadcrumb\",\"itemListElement\":[{\"@type\":\"ListItem\",\"position\":1,\"name\":\"Not\u00edcias\",\"item\":\"https:\/\/www.suno.com.br\/noticias\/\"},{\"@type\":\"ListItem\",\"position\":2,\"name\":\"Neg\u00f3cios\",\"item\":\"https:\/\/www.suno.com.br\/noticias\/negocios\/\"},{\"@type\":\"ListItem\",\"position\":3,\"name\":\"Radar: Microsoft (MSFT34) far\u00e1 investimento multibilion\u00e1rio, Spotify (S1PO34) demite e Americanas (AMER3) encerra parceria com a Vibra (VBBR3)\"}]},{\"@type\":\"WebSite\",\"@id\":\"https:\/\/www.suno.com.br\/noticias\/#website\",\"url\":\"https:\/\/www.suno.com.br\/noticias\/\",\"name\":\"Suno Not\u00edcias\",\"description\":\"Seu portal de informa\u00e7\u00e3o sobre o mundo dos investimentos\",\"publisher\":{\"@id\":\"https:\/\/www.suno.com.br\/noticias\/#organization\"},\"potentialAction\":[{\"@type\":\"SearchAction\",\"target\":{\"@type\":\"EntryPoint\",\"urlTemplate\":\"https:\/\/www.suno.com.br\/noticias\/?s={search_term_string}\"},\"query-input\":{\"@type\":\"PropertyValueSpecification\",\"valueRequired\":true,\"valueName\":\"search_term_string\"}}],\"inLanguage\":\"pt-BR\"},{\"@type\":\"Organization\",\"@id\":\"https:\/\/www.suno.com.br\/noticias\/#organization\",\"name\":\"Suno Not\u00edcias\",\"url\":\"https:\/\/www.suno.com.br\/noticias\/\",\"logo\":{\"@type\":\"ImageObject\",\"inLanguage\":\"pt-BR\",\"@id\":\"https:\/\/www.suno.com.br\/noticias\/#\/schema\/logo\/image\/\",\"url\":\"https:\/\/files.sunoresearch.com.br\/n\/uploads\/2021\/09\/suno-logo.png\",\"contentUrl\":\"https:\/\/files.sunoresearch.com.br\/n\/uploads\/2021\/09\/suno-logo.png\",\"width\":180,\"height\":180,\"caption\":\"Suno Not\u00edcias\"},\"image\":{\"@id\":\"https:\/\/www.suno.com.br\/noticias\/#\/schema\/logo\/image\/\"},\"sameAs\":[\"https:\/\/facebook.com\/sunoresearch\",\"https:\/\/x.com\/sunoresearch\",\"https:\/\/www.instagram.com\/suno\",\"https:\/\/www.linkedin.com\/company\/suno-research\/\",\"https:\/\/www.youtube.com\/c\/sunoresearch\"]},{\"@type\":\"Person\",\"@id\":\"https:\/\/www.suno.com.br\/noticias\/#\/schema\/person\/a0be106724f6f5d705d70f04333cb249\",\"name\":\"Isabella Taglapietra\",\"image\":{\"@type\":\"ImageObject\",\"inLanguage\":\"pt-BR\",\"@id\":\"https:\/\/www.suno.com.br\/noticias\/#\/schema\/person\/image\/\",\"url\":\"https:\/\/secure.gravatar.com\/avatar\/089c9e06b71de293117116aaf339e22f?s=96&r=g\",\"contentUrl\":\"https:\/\/secure.gravatar.com\/avatar\/089c9e06b71de293117116aaf339e22f?s=96&r=g\",\"caption\":\"Isabella Taglapietra\"},\"description\":\"Rep\u00f3rter freelancer no Suno Not\u00edcias, cobre not\u00edcias di\u00e1rias sobre economia, balan\u00e7os trimestrais e pesquisas. Formada em jornalismo pela Faculdade C\u00e1sper L\u00edbero e p\u00f3s-graduanda em mercado de capitais pela Fecap, atuou como rep\u00f3rter de economia e finan\u00e7as no portal CRC!News e Elas que Lucrem, al\u00e9m de social media para empresas do mercado financeiro.\",\"url\":\"https:\/\/www.suno.com.br\/noticias\/author\/isabella-taglapietra\/\"}]}<\/script>\n<!-- \/ Yoast SEO plugin. -->","yoast_head_json":{"title":"Radar: Microsoft (MSFT34) far\u00e1 investimento multibilion\u00e1rio, Spotify (S1PO34) demite e Americanas (AMER3) encerra parceria com a Vibra (VBBR3)","description":"Microsoft investe na criadora do ChatGPT, Spotify entra na onda dos layoffs e Vibra encerra parceria anunciada h\u00e1 um ano com a Americanas","robots":{"index":"index","follow":"follow","max-snippet":"max-snippet:-1","max-image-preview":"max-image-preview:large","max-video-preview":"max-video-preview:-1"},"canonical":"https:\/\/www.suno.com.br\/noticias\/radar-microsoft-msft34-spotify-s1po34-americanas-amer3\/","og_locale":"pt_BR","og_type":"article","og_title":"Radar: Microsoft (MSFT34) far\u00e1 investimento multibilion\u00e1rio, Spotify (S1PO34) demite e Americanas (AMER3) encerra parceria com a Vibra (VBBR3)","og_description":"Microsoft investe na criadora do ChatGPT, Spotify entra na onda dos layoffs e Vibra encerra parceria anunciada h\u00e1 um ano com a Americanas","og_url":"https:\/\/www.suno.com.br\/noticias\/radar-microsoft-msft34-spotify-s1po34-americanas-amer3\/","og_site_name":"Suno Not\u00edcias","article_publisher":"https:\/\/facebook.com\/sunoresearch","og_image":[{"width":1024,"height":485,"url":"https:\/\/files.sunoresearch.com.br\/n\/uploads\/2019\/07\/c86689dd-microsoft-1024x485.jpg","type":"image\/jpeg"}],"author":"Isabella Taglapietra","twitter_card":"summary_large_image","twitter_creator":"@sunoresearch","twitter_site":"@sunoresearch","twitter_misc":{"Escrito por":"Isabella Taglapietra","Est. tempo de leitura":"15 minutos"},"schema":{"@context":"https:\/\/schema.org","@graph":[{"@type":"NewsArticle","@id":"https:\/\/www.suno.com.br\/noticias\/radar-microsoft-msft34-spotify-s1po34-americanas-amer3\/#article","isPartOf":{"@id":"https:\/\/www.suno.com.br\/noticias\/radar-microsoft-msft34-spotify-s1po34-americanas-amer3\/"},"author":{"name":"Isabella Taglapietra","@id":"https:\/\/www.suno.com.br\/noticias\/#\/schema\/person\/a0be106724f6f5d705d70f04333cb249"},"headline":"Radar: Microsoft (MSFT34) far\u00e1 investimento multibilion\u00e1rio, Spotify (S1PO34) demite e Americanas (AMER3) encerra parceria com a Vibra (VBBR3)","datePublished":"2023-01-24T01:43:37+00:00","dateModified":"2023-01-24T01:43:55+00:00","mainEntityOfPage":{"@id":"https:\/\/www.suno.com.br\/noticias\/radar-microsoft-msft34-spotify-s1po34-americanas-amer3\/"},"wordCount":2944,"publisher":{"@id":"https:\/\/www.suno.com.br\/noticias\/#organization"},"image":{"@id":"https:\/\/www.suno.com.br\/noticias\/radar-microsoft-msft34-spotify-s1po34-americanas-amer3\/#primaryimage"},"thumbnailUrl":"https:\/\/files.sunoresearch.com.br\/n\/uploads\/2019\/07\/c86689dd-microsoft-scaled.webp","keywords":["Americanas (AMER3)","Microsoft (MSFT34)","Spotify (S1PO34)","Vale (VALE3)","Vibra Energia (VBBR3)"],"articleSection":["Neg\u00f3cios"],"inLanguage":"pt-BR"},{"@type":"WebPage","@id":"https:\/\/www.suno.com.br\/noticias\/radar-microsoft-msft34-spotify-s1po34-americanas-amer3\/","url":"https:\/\/www.suno.com.br\/noticias\/radar-microsoft-msft34-spotify-s1po34-americanas-amer3\/","name":"Radar: Microsoft (MSFT34) far\u00e1 investimento multibilion\u00e1rio, Spotify (S1PO34) demite e Americanas (AMER3) encerra parceria com a Vibra (VBBR3)","isPartOf":{"@id":"https:\/\/www.suno.com.br\/noticias\/#website"},"primaryImageOfPage":{"@id":"https:\/\/www.suno.com.br\/noticias\/radar-microsoft-msft34-spotify-s1po34-americanas-amer3\/#primaryimage"},"image":{"@id":"https:\/\/www.suno.com.br\/noticias\/radar-microsoft-msft34-spotify-s1po34-americanas-amer3\/#primaryimage"},"thumbnailUrl":"https:\/\/files.sunoresearch.com.br\/n\/uploads\/2019\/07\/c86689dd-microsoft-scaled.webp","datePublished":"2023-01-24T01:43:37+00:00","dateModified":"2023-01-24T01:43:55+00:00","description":"Microsoft investe na criadora do ChatGPT, Spotify entra na onda dos layoffs e Vibra encerra parceria anunciada h\u00e1 um ano com a Americanas","breadcrumb":{"@id":"https:\/\/www.suno.com.br\/noticias\/radar-microsoft-msft34-spotify-s1po34-americanas-amer3\/#breadcrumb"},"inLanguage":"pt-BR","potentialAction":[{"@type":"ReadAction","target":["https:\/\/www.suno.com.br\/noticias\/radar-microsoft-msft34-spotify-s1po34-americanas-amer3\/"]}]},{"@type":"ImageObject","inLanguage":"pt-BR","@id":"https:\/\/www.suno.com.br\/noticias\/radar-microsoft-msft34-spotify-s1po34-americanas-amer3\/#primaryimage","url":"https:\/\/files.sunoresearch.com.br\/n\/uploads\/2019\/07\/c86689dd-microsoft-scaled.webp","contentUrl":"https:\/\/files.sunoresearch.com.br\/n\/uploads\/2019\/07\/c86689dd-microsoft-scaled.webp","width":2560,"height":1213,"caption":"Microsoft planeja expandir seu servi\u00e7o de nuvem"},{"@type":"BreadcrumbList","@id":"https:\/\/www.suno.com.br\/noticias\/radar-microsoft-msft34-spotify-s1po34-americanas-amer3\/#breadcrumb","itemListElement":[{"@type":"ListItem","position":1,"name":"Not\u00edcias","item":"https:\/\/www.suno.com.br\/noticias\/"},{"@type":"ListItem","position":2,"name":"Neg\u00f3cios","item":"https:\/\/www.suno.com.br\/noticias\/negocios\/"},{"@type":"ListItem","position":3,"name":"Radar: Microsoft (MSFT34) far\u00e1 investimento multibilion\u00e1rio, Spotify (S1PO34) demite e Americanas (AMER3) encerra parceria com a Vibra (VBBR3)"}]},{"@type":"WebSite","@id":"https:\/\/www.suno.com.br\/noticias\/#website","url":"https:\/\/www.suno.com.br\/noticias\/","name":"Suno Not\u00edcias","description":"Seu portal de informa\u00e7\u00e3o sobre o mundo dos investimentos","publisher":{"@id":"https:\/\/www.suno.com.br\/noticias\/#organization"},"potentialAction":[{"@type":"SearchAction","target":{"@type":"EntryPoint","urlTemplate":"https:\/\/www.suno.com.br\/noticias\/?s={search_term_string}"},"query-input":{"@type":"PropertyValueSpecification","valueRequired":true,"valueName":"search_term_string"}}],"inLanguage":"pt-BR"},{"@type":"Organization","@id":"https:\/\/www.suno.com.br\/noticias\/#organization","name":"Suno Not\u00edcias","url":"https:\/\/www.suno.com.br\/noticias\/","logo":{"@type":"ImageObject","inLanguage":"pt-BR","@id":"https:\/\/www.suno.com.br\/noticias\/#\/schema\/logo\/image\/","url":"https:\/\/files.sunoresearch.com.br\/n\/uploads\/2021\/09\/suno-logo.png","contentUrl":"https:\/\/files.sunoresearch.com.br\/n\/uploads\/2021\/09\/suno-logo.png","width":180,"height":180,"caption":"Suno Not\u00edcias"},"image":{"@id":"https:\/\/www.suno.com.br\/noticias\/#\/schema\/logo\/image\/"},"sameAs":["https:\/\/facebook.com\/sunoresearch","https:\/\/x.com\/sunoresearch","https:\/\/www.instagram.com\/suno","https:\/\/www.linkedin.com\/company\/suno-research\/","https:\/\/www.youtube.com\/c\/sunoresearch"]},{"@type":"Person","@id":"https:\/\/www.suno.com.br\/noticias\/#\/schema\/person\/a0be106724f6f5d705d70f04333cb249","name":"Isabella Taglapietra","image":{"@type":"ImageObject","inLanguage":"pt-BR","@id":"https:\/\/www.suno.com.br\/noticias\/#\/schema\/person\/image\/","url":"https:\/\/secure.gravatar.com\/avatar\/089c9e06b71de293117116aaf339e22f?s=96&r=g","contentUrl":"https:\/\/secure.gravatar.com\/avatar\/089c9e06b71de293117116aaf339e22f?s=96&r=g","caption":"Isabella Taglapietra"},"description":"Rep\u00f3rter freelancer no Suno Not\u00edcias, cobre not\u00edcias di\u00e1rias sobre economia, balan\u00e7os trimestrais e pesquisas. Formada em jornalismo pela Faculdade C\u00e1sper L\u00edbero e p\u00f3s-graduanda em mercado de capitais pela Fecap, atuou como rep\u00f3rter de economia e finan\u00e7as no portal CRC!News e Elas que Lucrem, al\u00e9m de social media para empresas do mercado financeiro.","url":"https:\/\/www.suno.com.br\/noticias\/author\/isabella-taglapietra\/"}]}},"default_loop_html":"<div class=\"cardsPage__listCard__boxs\"><div class=\"cardsPage__listCard__boxs__img\"><a href=\"https:\/\/www.suno.com.br\/noticias\/radar-microsoft-msft34-spotify-s1po34-americanas-amer3\/\"><img class=\"mask\" src=\"https:\/\/www.suno.com.br\/noticias\/wp-content\/themes\/suno\/resources\/images\/spotlight\/spotlight1img\/bg-mask.png\" alt=\"Image Mask\"\/><img src=\"https:\/\/files.sunoresearch.com.br\/n\/uploads\/2019\/07\/c86689dd-microsoft-400x200.webp\" alt=\"Radar: Microsoft (MSFT34) far\u00e1 investimento multibilion\u00e1rio, Spotify (S1PO34) demite e Americanas (AMER3) encerra parceria com a Vibra (VBBR3)\"\/><\/a><span class=\"spotlightCategory\"><a href=\"https:\/\/www.suno.com.br\/noticias\/negocios\/\">Neg\u00f3cios<\/a><\/span><\/div><div class=\"cardsPage__listCard__boxs__content\"><a href=\"https:\/\/www.suno.com.br\/noticias\/radar-microsoft-msft34-spotify-s1po34-americanas-amer3\/\"><h2 class=\"content__title\">Radar: Microsoft (MSFT34) far\u00e1 investimento multibilion\u00e1rio, Spotify (S1PO34) demite e Americanas (AMER3) encerra parceria com a Vibra (VBBR3)<\/h2><\/a><div class=\"newsContent__article__meta\"><div class=\"newsContent__article__meta__authorBox\"><a href=\"https:\/\/www.suno.com.br\/noticias\/author\/isabella-taglapietra\/\" class=\"authorBox__avatar noMobi\"><img src=\"https:\/\/files.sunoresearch.com.br\/n\/uploads\/2022\/08\/WhatsApp-Image-2022-08-04-at-12.40.27-150x150.jpeg\" alt=\"Isabella Taglapietra\"><\/a><div class=\"authorBox__name\"><span>por\n\t\t\t<a href=\"https:\/\/www.suno.com.br\/noticias\/author\/isabella-taglapietra\/\"><span itemprop=\"author\">Isabella Taglapietra<\/span><\/a><\/span><time datetime=\"2023-01-23T22:43:37-03:00\" itemprop=\"datePublished\">23\/01\/2023 22:43<\/time><\/div><\/div><\/div><\/div><\/div>","single_layout":"posts","amp_enabled":true,"_links":{"self":[{"href":"https:\/\/www.suno.com.br\/noticias\/wp-json\/wp\/v2\/posts\/351624"}],"collection":[{"href":"https:\/\/www.suno.com.br\/noticias\/wp-json\/wp\/v2\/posts"}],"about":[{"href":"https:\/\/www.suno.com.br\/noticias\/wp-json\/wp\/v2\/types\/post"}],"author":[{"embeddable":true,"href":"https:\/\/www.suno.com.br\/noticias\/wp-json\/wp\/v2\/users\/194"}],"replies":[{"embeddable":true,"href":"https:\/\/www.suno.com.br\/noticias\/wp-json\/wp\/v2\/comments?post=351624"}],"version-history":[{"count":2,"href":"https:\/\/www.suno.com.br\/noticias\/wp-json\/wp\/v2\/posts\/351624\/revisions"}],"predecessor-version":[{"id":351647,"href":"https:\/\/www.suno.com.br\/noticias\/wp-json\/wp\/v2\/posts\/351624\/revisions\/351647"}],"wp:featuredmedia":[{"embeddable":true,"href":"https:\/\/www.suno.com.br\/noticias\/wp-json\/wp\/v2\/media\/31557"}],"wp:attachment":[{"href":"https:\/\/www.suno.com.br\/noticias\/wp-json\/wp\/v2\/media?parent=351624"}],"wp:term":[{"taxonomy":"category","embeddable":true,"href":"https:\/\/www.suno.com.br\/noticias\/wp-json\/wp\/v2\/categories?post=351624"},{"taxonomy":"post_tag","embeddable":true,"href":"https:\/\/www.suno.com.br\/noticias\/wp-json\/wp\/v2\/tags?post=351624"},{"taxonomy":"suno_strategy","embeddable":true,"href":"https:\/\/www.suno.com.br\/noticias\/wp-json\/wp\/v2\/suno_strategy?post=351624"}],"curies":[{"name":"wp","href":"https:\/\/api.w.org\/{rel}","templated":true}]}}