{"id":35158,"date":"2019-08-23T19:34:02","date_gmt":"2019-08-23T22:34:02","guid":{"rendered":"https:\/\/www.suno.com.br\/noticias\/?p=35158"},"modified":"2019-08-23T19:44:48","modified_gmt":"2019-08-23T22:44:48","slug":"mercosul-efta-acertam-livre-comercio","status":"publish","type":"post","link":"https:\/\/www.suno.com.br\/noticias\/mercosul-efta-acertam-livre-comercio\/","title":{"rendered":"Mercosul e EFTA acertam acordo de livre com\u00e9rcio"},"content":{"rendered":"<p>O <strong>Itamaraty<\/strong> anunciar\u00e1 nesta sexta-feira (23) o novo acordo comercial entre o Mercosul e a Associa\u00e7\u00e3o Europeia de Livre Com\u00e9rcio (<strong>EFTA<\/strong>), que \u00e9 formada por Noruega, Isl\u00e2ndia, Su\u00ed\u00e7a e Liechtenstein. A informa\u00e7\u00e3o foi divulgada pelo &#8220;Valor Econ\u00f4mico&#8221;.<\/p>\t<div class=\"wrapper-featured-image\">\n\t\t<figure class=\"spotlightImg\">\n\n\t\t\t<picture>\n\t\t\t\t<source media=\"(max-width: 768px)\" srcset=\"https:\/\/files.sunoresearch.com.br\/n\/uploads\/2019\/08\/cedc3ebd-xbandeiras-do-mercosul.jpg.pagespeed.ic_.knz8wwup2t-400x200.webp\">\n\t\t\t\t<img loading=\"lazy\" decoding=\"async\" class=\"newsContent__article__imgCapa lazyloadDisabled newsContent__article__imgCapa--noCaption\" src=\"https:\/\/files.sunoresearch.com.br\/n\/uploads\/2019\/08\/cedc3ebd-xbandeiras-do-mercosul.jpg.pagespeed.ic_.knz8wwup2t-800x450.webp\" width=\"800\" height=\"450\" alt=\"Mercosul e EFTA acertam acordo de livre com\u00e9rcio\" fetchpriority=high \/>\n\t\t\t<\/picture>\n\n\t\t\t<figcaption class=\"wp-caption-text wp-caption-text--hide\">EFTA e Mercosul acertam acordo de livre com\u00e9rcio<\/figcaption>\n\t\t<\/figure>\n\t<\/div>\n\n\n<p>Para os 4 pa\u00edses da Europa, o acordo \u00e9 essencial para ter o mesmo n\u00edvel de prefer\u00eancias de empresas da Uni\u00e3o Europeia. Os pa\u00edses do <strong>EFTA<\/strong> importam aproximadamente US$ 400 bilh\u00f5es anualmente, valor acima do gerado pelo <strong><a href=\"https:\/\/www.suno.com.br\/artigos\/mercosul\/\">Mercosul<\/a>.<\/strong><\/p>\n\n<p>Segundo a CNI, o acordo com o <strong>EFTA<\/strong> coloca o Brasil em dire\u00e7\u00e3o a uma inser\u00e7\u00e3o internacional da ind\u00fastria e da economia brasileira.<\/p>\n<p>Contudo, o acordo ainda deve passar pelos parlamentos nacionais dos pa\u00edses, como por exemplo, na Noruega.<\/p>\n<p>Com o acordo, o Brasil dever\u00e1 que se comprometer com a prote\u00e7\u00e3o da Amaz\u00f4nia e da biodiversidade, j\u00e1 que o EFTA tem uma grande sensibilidade \u00e0s quest\u00f5es ambientais.<\/p>\n<p>Atualmente, o Pa\u00eds sofre com tarifas para mais de 60% dos produtos com chances de exporta\u00e7\u00e3o para a Su\u00ed\u00e7a, por exemplo. Com o acordo de livre com\u00e9rcio, produtos como alum\u00ednio ter\u00e3o suas tarifas reduzidas beneficiando o Brasil.<\/p>\n<h2>Mercosul e EFTA<\/h2>\n<p>A negocia\u00e7\u00e3o, que teve in\u00edcio na \u00faltima segunda-feira (19), \u00e9 considerada um grande avan\u00e7o na Economia do pa\u00eds. O <strong>EFTA<\/strong> \u00e9 formado por quatro pa\u00edses, s\u00e3o eles:<\/p>\n<ul>\n<li>Su\u00ed\u00e7a;<\/li>\n<li>Noruega;<\/li>\n<li>Isl\u00e2ndia;<\/li>\n<li>Liechtenstein.<\/li>\n<\/ul>\n<p>A Su\u00ed\u00e7a pediu uma prote\u00e7\u00e3o maior para os rem\u00e9dios no bloco. Em contrapartida, o Mercosul quis ter mais espa\u00e7o para negociar produtos agr\u00edcolas.<\/p>\n<p><a href=\"https:\/\/www.suno.com.br\/noticias\/mercosul-efta-anunciar-acordo-comercial-nesta-semana\/\">Saiba mais: Mercosul e EFTA podem anunciar conclus\u00e3o do acordo comercial nesta semana<\/a><\/p>\n<p>Caso o acordo entre em vigor, o Brasil dar\u00e1 mais um passo em sua nova rumo pol\u00edtico comercial. Isso porque o Pa\u00eds j\u00e1 teve uma grande investida em junho ao firmar acordo com a Uni\u00e3o Europeia por meio do Mercosul.<\/p>\n\t<p>\n\t\t<a href=\"https:\/\/lp.suno.com.br\/minicurso-investindo-fiis\/\" target=\"_blank\" data-element=\"shortcode-suno-banner\" title=\"Banner SUNO, clique e saiba mais\">\n\t\t\t<picture>\n\t\t\t\t<source media=\"(max-width: 500px)\" srcset=\"https:\/\/files.sunoresearch.com.br\/n\/uploads\/2023\/07\/400x300-Minicurso-FIIS.png\">\n\t\t\t\t<img class=\"newsContent__article__imgCapa newsContent__article__imgCapa--banner\"\n\t\t\t\t\tsrc=\"https:\/\/files.sunoresearch.com.br\/n\/uploads\/2023\/07\/1420x240-Minicurso-FIIS.png\"\n\t\t\t\t\tdata-promo-id=\"311935\"\t\t\t\t\t\t\t\t\t\twidth='1420' height='240'\t\t\t\t\talt=\"https:\/\/files.sunoresearch.com.br\/n\/uploads\/2023\/07\/1420x240-Minicurso-FIIS.png\"\n\t\t\t\t>\n\t\t\t<\/picture>\n\t\t<\/a>\n\t<\/p>\n\n\n<p>\u201cO acordo com o <strong>EFTA<\/strong>\u00a0ser\u00e1 mais um passo importante na dire\u00e7\u00e3o da maior inser\u00e7\u00e3o internacional da economia e da ind\u00fastria brasileira\u201d, disse Carlos Abijaodi, diretor de Desenvolvimento Industrial da <strong>Confedera\u00e7\u00e3o Nacional da Ind\u00fastria (CNI).<\/strong><\/p>\n<h2>Mercosul e UE fecharam o acordo em junho<\/h2>\n<p>O <strong>Mercosul<\/strong> e a\u00a0<strong>Uni\u00e3o<\/strong> <strong>Europeia<\/strong> fecharam, em junho deste ano, negocia\u00e7\u00f5es para o acordo comercial entre os dois blocos.<\/p>\n<p>Desde quinta-feira (27), os ministros do <strong>Mercosul<\/strong> e da <strong>UE<\/strong> estavam conversando sobre o poss\u00edvel acordo, em Bruxelas, capital da B\u00e9lgica.<\/p>\n<p>O tratado comercial compreende servi\u00e7os, investimentos, bens e compras governamentais.\u00a0O <strong>acordo<\/strong> que estava em pauta h\u00e1 20 anos foi oficializado nesta sexta.<\/p>\n\t<p>\n\t\t<a href=\"https:\/\/lp.suno.com.br\/planilha-de-controle-de-investimentos\/\" target=\"_blank\" data-element=\"shortcode-suno-banner\" title=\"Banner SUNO, clique e saiba mais\">\n\t\t\t<picture>\n\t\t\t\t<source media=\"(max-width: 500px)\" srcset=\"https:\/\/files.sunoresearch.com.br\/n\/uploads\/2023\/03\/400x300-Controle-de-Investimentos.png\">\n\t\t\t\t<img class=\"newsContent__article__imgCapa newsContent__article__imgCapa--banner\"\n\t\t\t\t\tsrc=\"https:\/\/files.sunoresearch.com.br\/n\/uploads\/2023\/03\/1420x240-Controle-de-Investimentos.png\"\n\t\t\t\t\tdata-promo-id=\"75934\"\t\t\t\t\t\t\t\t\t\twidth='1420' height='240'\t\t\t\t\talt=\"https:\/\/files.sunoresearch.com.br\/n\/uploads\/2023\/03\/1420x240-Controle-de-Investimentos.png\"\n\t\t\t\t>\n\t\t\t<\/picture>\n\t\t<\/a>\n\t<\/p>\n\n\n<p>Por envolver os 28 pa\u00edses da <strong>Uni\u00e3o<\/strong> <strong>Europeia<\/strong> e as quatro principais na\u00e7\u00f5es do Mercosul (Brasil, Paraguai, Uruguai e Argentina), o tratado \u00e9 o segundo maior acordo j\u00e1 feito pelo bloco europeu. Desta forma, tamb\u00e9m ser\u00e1 o mais audacioso acertado pelo <a href=\"https:\/\/www.suno.com.br\/artigos\/mercosul\/\"><strong>Mercosul<\/strong><\/a>.<\/p>\n<div><\/div>\n","protected":false},"excerpt":{"rendered":"<p>O Itamaraty anunciar\u00e1 nesta sexta-feira (23) o novo acordo comercial entre o Mercosul e a Associa\u00e7\u00e3o Europeia de Livre Com\u00e9rcio (EFTA), que \u00e9 formada por Noruega, Isl\u00e2ndia, Su\u00ed\u00e7a e Liechtenstein. A informa\u00e7\u00e3o foi divulgada pelo &#8220;Valor Econ\u00f4mico&#8221;. EFTA e Mercosul acertam acordo de livre com\u00e9rcio Para os 4 pa\u00edses da Europa, o acordo \u00e9 essencial [&hellip;]<\/p>\n","protected":false},"author":23,"featured_media":35176,"comment_status":"closed","ping_status":"closed","sticky":false,"template":"","format":"standard","meta":[],"categories":[63],"tags":[868,731],"suno_strategy":[],"class_list":["post-35158","post","type-post","status-publish","format-standard","has-post-thumbnail","hentry","category-internacional","tag-mercosul","tag-uniao-europeia"],"yoast_head":"<!-- This site is optimized with the Yoast SEO plugin v24.4 - https:\/\/yoast.com\/wordpress\/plugins\/seo\/ -->\n<title>Mercosul e EFTA acertam acordo de livre com\u00e9rcio<\/title>\n<meta name=\"description\" content=\"O Itamaraty anunciou o novo acordo comercial entre o Mercosul e a Associa\u00e7\u00e3o Europeia de Livre Com\u00e9rcio (EFTA). Clique para saber mais.\" \/>\n<meta name=\"robots\" content=\"index, follow, max-snippet:-1, max-image-preview:large, max-video-preview:-1\" \/>\n<link rel=\"canonical\" href=\"https:\/\/www.suno.com.br\/noticias\/mercosul-efta-acertam-livre-comercio\/\" \/>\n<meta property=\"og:locale\" content=\"pt_BR\" \/>\n<meta property=\"og:type\" content=\"article\" \/>\n<meta property=\"og:title\" content=\"Mercosul e EFTA acertam acordo de livre com\u00e9rcio\" \/>\n<meta property=\"og:description\" content=\"O Itamaraty anunciou o novo acordo comercial entre o Mercosul e a Associa\u00e7\u00e3o Europeia de Livre Com\u00e9rcio (EFTA). Clique para saber mais.\" \/>\n<meta property=\"og:url\" content=\"https:\/\/www.suno.com.br\/noticias\/mercosul-efta-acertam-livre-comercio\/\" \/>\n<meta property=\"og:site_name\" content=\"Suno Not\u00edcias\" \/>\n<meta property=\"article:publisher\" content=\"https:\/\/facebook.com\/sunoresearch\" \/>\n<meta property=\"og:image\" content=\"https:\/\/files.sunoresearch.com.br\/n\/uploads\/2019\/08\/cedc3ebd-xbandeiras-do-mercosul.jpg.pagespeed.ic_.knz8wwup2t.jpg\" \/>\n\t<meta property=\"og:image:width\" content=\"1086\" \/>\n\t<meta property=\"og:image:height\" content=\"652\" \/>\n\t<meta property=\"og:image:type\" content=\"image\/jpeg\" \/>\n<meta name=\"author\" content=\"Rafael Lara\" \/>\n<meta name=\"twitter:card\" content=\"summary_large_image\" \/>\n<meta name=\"twitter:creator\" content=\"@sunoresearch\" \/>\n<meta name=\"twitter:site\" content=\"@sunoresearch\" \/>\n<meta name=\"twitter:label1\" content=\"Escrito por\" \/>\n\t<meta name=\"twitter:data1\" content=\"Rafael Lara\" \/>\n\t<meta name=\"twitter:label2\" content=\"Est. tempo de leitura\" \/>\n\t<meta name=\"twitter:data2\" content=\"2 minutos\" \/>\n<script type=\"application\/ld+json\" class=\"yoast-schema-graph\">{\"@context\":\"https:\/\/schema.org\",\"@graph\":[{\"@type\":\"NewsArticle\",\"@id\":\"https:\/\/www.suno.com.br\/noticias\/mercosul-efta-acertam-livre-comercio\/#article\",\"isPartOf\":{\"@id\":\"https:\/\/www.suno.com.br\/noticias\/mercosul-efta-acertam-livre-comercio\/\"},\"author\":{\"name\":\"Rafael Lara\",\"@id\":\"https:\/\/www.suno.com.br\/noticias\/#\/schema\/person\/098743caeed97b37f51315c9576c4078\"},\"headline\":\"Mercosul e EFTA acertam acordo de livre com\u00e9rcio\",\"datePublished\":\"2019-08-23T22:34:02+00:00\",\"dateModified\":\"2019-08-23T22:44:48+00:00\",\"mainEntityOfPage\":{\"@id\":\"https:\/\/www.suno.com.br\/noticias\/mercosul-efta-acertam-livre-comercio\/\"},\"wordCount\":498,\"publisher\":{\"@id\":\"https:\/\/www.suno.com.br\/noticias\/#organization\"},\"image\":{\"@id\":\"https:\/\/www.suno.com.br\/noticias\/mercosul-efta-acertam-livre-comercio\/#primaryimage\"},\"thumbnailUrl\":\"https:\/\/files.sunoresearch.com.br\/n\/uploads\/2019\/08\/cedc3ebd-xbandeiras-do-mercosul.jpg.pagespeed.ic_.knz8wwup2t-jpg.webp\",\"keywords\":[\"Mercosul\",\"Uni\u00e3o Europeia\"],\"articleSection\":[\"Internacional\"],\"inLanguage\":\"pt-BR\"},{\"@type\":\"WebPage\",\"@id\":\"https:\/\/www.suno.com.br\/noticias\/mercosul-efta-acertam-livre-comercio\/\",\"url\":\"https:\/\/www.suno.com.br\/noticias\/mercosul-efta-acertam-livre-comercio\/\",\"name\":\"Mercosul e EFTA acertam acordo de livre com\u00e9rcio\",\"isPartOf\":{\"@id\":\"https:\/\/www.suno.com.br\/noticias\/#website\"},\"primaryImageOfPage\":{\"@id\":\"https:\/\/www.suno.com.br\/noticias\/mercosul-efta-acertam-livre-comercio\/#primaryimage\"},\"image\":{\"@id\":\"https:\/\/www.suno.com.br\/noticias\/mercosul-efta-acertam-livre-comercio\/#primaryimage\"},\"thumbnailUrl\":\"https:\/\/files.sunoresearch.com.br\/n\/uploads\/2019\/08\/cedc3ebd-xbandeiras-do-mercosul.jpg.pagespeed.ic_.knz8wwup2t-jpg.webp\",\"datePublished\":\"2019-08-23T22:34:02+00:00\",\"dateModified\":\"2019-08-23T22:44:48+00:00\",\"description\":\"O Itamaraty anunciou o novo acordo comercial entre o Mercosul e a Associa\u00e7\u00e3o Europeia de Livre Com\u00e9rcio (EFTA). Clique para saber mais.\",\"breadcrumb\":{\"@id\":\"https:\/\/www.suno.com.br\/noticias\/mercosul-efta-acertam-livre-comercio\/#breadcrumb\"},\"inLanguage\":\"pt-BR\",\"potentialAction\":[{\"@type\":\"ReadAction\",\"target\":[\"https:\/\/www.suno.com.br\/noticias\/mercosul-efta-acertam-livre-comercio\/\"]}]},{\"@type\":\"ImageObject\",\"inLanguage\":\"pt-BR\",\"@id\":\"https:\/\/www.suno.com.br\/noticias\/mercosul-efta-acertam-livre-comercio\/#primaryimage\",\"url\":\"https:\/\/files.sunoresearch.com.br\/n\/uploads\/2019\/08\/cedc3ebd-xbandeiras-do-mercosul.jpg.pagespeed.ic_.knz8wwup2t-jpg.webp\",\"contentUrl\":\"https:\/\/files.sunoresearch.com.br\/n\/uploads\/2019\/08\/cedc3ebd-xbandeiras-do-mercosul.jpg.pagespeed.ic_.knz8wwup2t-jpg.webp\",\"width\":1086,\"height\":652,\"caption\":\"EFTA e Mercosul acertam acordo de livre com\u00e9rcio\"},{\"@type\":\"BreadcrumbList\",\"@id\":\"https:\/\/www.suno.com.br\/noticias\/mercosul-efta-acertam-livre-comercio\/#breadcrumb\",\"itemListElement\":[{\"@type\":\"ListItem\",\"position\":1,\"name\":\"Not\u00edcias\",\"item\":\"https:\/\/www.suno.com.br\/noticias\/\"},{\"@type\":\"ListItem\",\"position\":2,\"name\":\"Internacional\",\"item\":\"https:\/\/www.suno.com.br\/noticias\/internacional\/\"},{\"@type\":\"ListItem\",\"position\":3,\"name\":\"Mercosul e EFTA acertam acordo de livre com\u00e9rcio\"}]},{\"@type\":\"WebSite\",\"@id\":\"https:\/\/www.suno.com.br\/noticias\/#website\",\"url\":\"https:\/\/www.suno.com.br\/noticias\/\",\"name\":\"Suno Not\u00edcias\",\"description\":\"Seu portal de informa\u00e7\u00e3o sobre o mundo dos investimentos\",\"publisher\":{\"@id\":\"https:\/\/www.suno.com.br\/noticias\/#organization\"},\"potentialAction\":[{\"@type\":\"SearchAction\",\"target\":{\"@type\":\"EntryPoint\",\"urlTemplate\":\"https:\/\/www.suno.com.br\/noticias\/?s={search_term_string}\"},\"query-input\":{\"@type\":\"PropertyValueSpecification\",\"valueRequired\":true,\"valueName\":\"search_term_string\"}}],\"inLanguage\":\"pt-BR\"},{\"@type\":\"Organization\",\"@id\":\"https:\/\/www.suno.com.br\/noticias\/#organization\",\"name\":\"Suno Not\u00edcias\",\"url\":\"https:\/\/www.suno.com.br\/noticias\/\",\"logo\":{\"@type\":\"ImageObject\",\"inLanguage\":\"pt-BR\",\"@id\":\"https:\/\/www.suno.com.br\/noticias\/#\/schema\/logo\/image\/\",\"url\":\"https:\/\/files.sunoresearch.com.br\/n\/uploads\/2021\/09\/suno-logo.png\",\"contentUrl\":\"https:\/\/files.sunoresearch.com.br\/n\/uploads\/2021\/09\/suno-logo.png\",\"width\":180,\"height\":180,\"caption\":\"Suno Not\u00edcias\"},\"image\":{\"@id\":\"https:\/\/www.suno.com.br\/noticias\/#\/schema\/logo\/image\/\"},\"sameAs\":[\"https:\/\/facebook.com\/sunoresearch\",\"https:\/\/x.com\/sunoresearch\",\"https:\/\/www.instagram.com\/suno\",\"https:\/\/www.linkedin.com\/company\/suno-research\/\",\"https:\/\/www.youtube.com\/c\/sunoresearch\"]},{\"@type\":\"Person\",\"@id\":\"https:\/\/www.suno.com.br\/noticias\/#\/schema\/person\/098743caeed97b37f51315c9576c4078\",\"name\":\"Rafael Lara\",\"image\":{\"@type\":\"ImageObject\",\"inLanguage\":\"pt-BR\",\"@id\":\"https:\/\/www.suno.com.br\/noticias\/#\/schema\/person\/image\/\",\"url\":\"https:\/\/secure.gravatar.com\/avatar\/dfc254ab9bb2ea1895d98b9e9dae4bdd?s=96&r=g\",\"contentUrl\":\"https:\/\/secure.gravatar.com\/avatar\/dfc254ab9bb2ea1895d98b9e9dae4bdd?s=96&r=g\",\"caption\":\"Rafael Lara\"},\"description\":\"Rafael Lara cursa jornalismo na Faculdade C\u00e1sper L\u00edbero. Escreve sobre pol\u00edtica, economia e neg\u00f3cios para o portal Suno Not\u00edcias. Antes, colaborou na TV Gazeta na produ\u00e7\u00e3o do programa Edi\u00e7\u00e3o Extra.\",\"url\":\"https:\/\/www.suno.com.br\/noticias\/author\/rafael\/\"}]}<\/script>\n<!-- \/ Yoast SEO plugin. -->","yoast_head_json":{"title":"Mercosul e EFTA acertam acordo de livre com\u00e9rcio","description":"O Itamaraty anunciou o novo acordo comercial entre o Mercosul e a Associa\u00e7\u00e3o Europeia de Livre Com\u00e9rcio (EFTA). Clique para saber mais.","robots":{"index":"index","follow":"follow","max-snippet":"max-snippet:-1","max-image-preview":"max-image-preview:large","max-video-preview":"max-video-preview:-1"},"canonical":"https:\/\/www.suno.com.br\/noticias\/mercosul-efta-acertam-livre-comercio\/","og_locale":"pt_BR","og_type":"article","og_title":"Mercosul e EFTA acertam acordo de livre com\u00e9rcio","og_description":"O Itamaraty anunciou o novo acordo comercial entre o Mercosul e a Associa\u00e7\u00e3o Europeia de Livre Com\u00e9rcio (EFTA). Clique para saber mais.","og_url":"https:\/\/www.suno.com.br\/noticias\/mercosul-efta-acertam-livre-comercio\/","og_site_name":"Suno Not\u00edcias","article_publisher":"https:\/\/facebook.com\/sunoresearch","og_image":[{"width":1086,"height":652,"url":"https:\/\/files.sunoresearch.com.br\/n\/uploads\/2019\/08\/cedc3ebd-xbandeiras-do-mercosul.jpg.pagespeed.ic_.knz8wwup2t.jpg","type":"image\/jpeg"}],"author":"Rafael Lara","twitter_card":"summary_large_image","twitter_creator":"@sunoresearch","twitter_site":"@sunoresearch","twitter_misc":{"Escrito por":"Rafael Lara","Est. tempo de leitura":"2 minutos"},"schema":{"@context":"https:\/\/schema.org","@graph":[{"@type":"NewsArticle","@id":"https:\/\/www.suno.com.br\/noticias\/mercosul-efta-acertam-livre-comercio\/#article","isPartOf":{"@id":"https:\/\/www.suno.com.br\/noticias\/mercosul-efta-acertam-livre-comercio\/"},"author":{"name":"Rafael Lara","@id":"https:\/\/www.suno.com.br\/noticias\/#\/schema\/person\/098743caeed97b37f51315c9576c4078"},"headline":"Mercosul e EFTA acertam acordo de livre com\u00e9rcio","datePublished":"2019-08-23T22:34:02+00:00","dateModified":"2019-08-23T22:44:48+00:00","mainEntityOfPage":{"@id":"https:\/\/www.suno.com.br\/noticias\/mercosul-efta-acertam-livre-comercio\/"},"wordCount":498,"publisher":{"@id":"https:\/\/www.suno.com.br\/noticias\/#organization"},"image":{"@id":"https:\/\/www.suno.com.br\/noticias\/mercosul-efta-acertam-livre-comercio\/#primaryimage"},"thumbnailUrl":"https:\/\/files.sunoresearch.com.br\/n\/uploads\/2019\/08\/cedc3ebd-xbandeiras-do-mercosul.jpg.pagespeed.ic_.knz8wwup2t-jpg.webp","keywords":["Mercosul","Uni\u00e3o Europeia"],"articleSection":["Internacional"],"inLanguage":"pt-BR"},{"@type":"WebPage","@id":"https:\/\/www.suno.com.br\/noticias\/mercosul-efta-acertam-livre-comercio\/","url":"https:\/\/www.suno.com.br\/noticias\/mercosul-efta-acertam-livre-comercio\/","name":"Mercosul e EFTA acertam acordo de livre com\u00e9rcio","isPartOf":{"@id":"https:\/\/www.suno.com.br\/noticias\/#website"},"primaryImageOfPage":{"@id":"https:\/\/www.suno.com.br\/noticias\/mercosul-efta-acertam-livre-comercio\/#primaryimage"},"image":{"@id":"https:\/\/www.suno.com.br\/noticias\/mercosul-efta-acertam-livre-comercio\/#primaryimage"},"thumbnailUrl":"https:\/\/files.sunoresearch.com.br\/n\/uploads\/2019\/08\/cedc3ebd-xbandeiras-do-mercosul.jpg.pagespeed.ic_.knz8wwup2t-jpg.webp","datePublished":"2019-08-23T22:34:02+00:00","dateModified":"2019-08-23T22:44:48+00:00","description":"O Itamaraty anunciou o novo acordo comercial entre o Mercosul e a Associa\u00e7\u00e3o Europeia de Livre Com\u00e9rcio (EFTA). Clique para saber mais.","breadcrumb":{"@id":"https:\/\/www.suno.com.br\/noticias\/mercosul-efta-acertam-livre-comercio\/#breadcrumb"},"inLanguage":"pt-BR","potentialAction":[{"@type":"ReadAction","target":["https:\/\/www.suno.com.br\/noticias\/mercosul-efta-acertam-livre-comercio\/"]}]},{"@type":"ImageObject","inLanguage":"pt-BR","@id":"https:\/\/www.suno.com.br\/noticias\/mercosul-efta-acertam-livre-comercio\/#primaryimage","url":"https:\/\/files.sunoresearch.com.br\/n\/uploads\/2019\/08\/cedc3ebd-xbandeiras-do-mercosul.jpg.pagespeed.ic_.knz8wwup2t-jpg.webp","contentUrl":"https:\/\/files.sunoresearch.com.br\/n\/uploads\/2019\/08\/cedc3ebd-xbandeiras-do-mercosul.jpg.pagespeed.ic_.knz8wwup2t-jpg.webp","width":1086,"height":652,"caption":"EFTA e Mercosul acertam acordo de livre com\u00e9rcio"},{"@type":"BreadcrumbList","@id":"https:\/\/www.suno.com.br\/noticias\/mercosul-efta-acertam-livre-comercio\/#breadcrumb","itemListElement":[{"@type":"ListItem","position":1,"name":"Not\u00edcias","item":"https:\/\/www.suno.com.br\/noticias\/"},{"@type":"ListItem","position":2,"name":"Internacional","item":"https:\/\/www.suno.com.br\/noticias\/internacional\/"},{"@type":"ListItem","position":3,"name":"Mercosul e EFTA acertam acordo de livre com\u00e9rcio"}]},{"@type":"WebSite","@id":"https:\/\/www.suno.com.br\/noticias\/#website","url":"https:\/\/www.suno.com.br\/noticias\/","name":"Suno Not\u00edcias","description":"Seu portal de informa\u00e7\u00e3o sobre o mundo dos investimentos","publisher":{"@id":"https:\/\/www.suno.com.br\/noticias\/#organization"},"potentialAction":[{"@type":"SearchAction","target":{"@type":"EntryPoint","urlTemplate":"https:\/\/www.suno.com.br\/noticias\/?s={search_term_string}"},"query-input":{"@type":"PropertyValueSpecification","valueRequired":true,"valueName":"search_term_string"}}],"inLanguage":"pt-BR"},{"@type":"Organization","@id":"https:\/\/www.suno.com.br\/noticias\/#organization","name":"Suno Not\u00edcias","url":"https:\/\/www.suno.com.br\/noticias\/","logo":{"@type":"ImageObject","inLanguage":"pt-BR","@id":"https:\/\/www.suno.com.br\/noticias\/#\/schema\/logo\/image\/","url":"https:\/\/files.sunoresearch.com.br\/n\/uploads\/2021\/09\/suno-logo.png","contentUrl":"https:\/\/files.sunoresearch.com.br\/n\/uploads\/2021\/09\/suno-logo.png","width":180,"height":180,"caption":"Suno Not\u00edcias"},"image":{"@id":"https:\/\/www.suno.com.br\/noticias\/#\/schema\/logo\/image\/"},"sameAs":["https:\/\/facebook.com\/sunoresearch","https:\/\/x.com\/sunoresearch","https:\/\/www.instagram.com\/suno","https:\/\/www.linkedin.com\/company\/suno-research\/","https:\/\/www.youtube.com\/c\/sunoresearch"]},{"@type":"Person","@id":"https:\/\/www.suno.com.br\/noticias\/#\/schema\/person\/098743caeed97b37f51315c9576c4078","name":"Rafael Lara","image":{"@type":"ImageObject","inLanguage":"pt-BR","@id":"https:\/\/www.suno.com.br\/noticias\/#\/schema\/person\/image\/","url":"https:\/\/secure.gravatar.com\/avatar\/dfc254ab9bb2ea1895d98b9e9dae4bdd?s=96&r=g","contentUrl":"https:\/\/secure.gravatar.com\/avatar\/dfc254ab9bb2ea1895d98b9e9dae4bdd?s=96&r=g","caption":"Rafael Lara"},"description":"Rafael Lara cursa jornalismo na Faculdade C\u00e1sper L\u00edbero. Escreve sobre pol\u00edtica, economia e neg\u00f3cios para o portal Suno Not\u00edcias. Antes, colaborou na TV Gazeta na produ\u00e7\u00e3o do programa Edi\u00e7\u00e3o Extra.","url":"https:\/\/www.suno.com.br\/noticias\/author\/rafael\/"}]}},"default_loop_html":"<div class=\"cardsPage__listCard__boxs\"><div class=\"cardsPage__listCard__boxs__img\"><a href=\"https:\/\/www.suno.com.br\/noticias\/mercosul-efta-acertam-livre-comercio\/\"><img class=\"mask\" src=\"https:\/\/www.suno.com.br\/noticias\/wp-content\/themes\/suno\/resources\/images\/spotlight\/spotlight1img\/bg-mask.png\" alt=\"Image Mask\"\/><img src=\"https:\/\/files.sunoresearch.com.br\/n\/uploads\/2019\/08\/cedc3ebd-xbandeiras-do-mercosul.jpg.pagespeed.ic_.knz8wwup2t-400x200.webp\" alt=\"Mercosul e EFTA acertam acordo de livre com\u00e9rcio\"\/><\/a><span class=\"spotlightCategory\"><a href=\"https:\/\/www.suno.com.br\/noticias\/internacional\/\">Internacional<\/a><\/span><\/div><div class=\"cardsPage__listCard__boxs__content\"><a href=\"https:\/\/www.suno.com.br\/noticias\/mercosul-efta-acertam-livre-comercio\/\"><h2 class=\"content__title\">Mercosul e EFTA acertam acordo de livre com\u00e9rcio<\/h2><\/a><div class=\"newsContent__article__meta\"><div class=\"newsContent__article__meta__authorBox\"><a href=\"https:\/\/www.suno.com.br\/noticias\/author\/rafael\/\" class=\"authorBox__avatar noMobi\"><img src=\"https:\/\/secure.gravatar.com\/avatar\/dfc254ab9bb2ea1895d98b9e9dae4bdd?s=96&#038;r=g\" alt=\"Rafael Lara\"><\/a><div class=\"authorBox__name\"><span>por\n\t\t\t<a href=\"https:\/\/www.suno.com.br\/noticias\/author\/rafael\/\"><span itemprop=\"author\">Rafael Lara<\/span><\/a><\/span><time datetime=\"2019-08-23T19:34:02-03:00\" itemprop=\"datePublished\">23\/08\/2019 19:34<\/time><\/div><\/div><\/div><\/div><\/div>","single_layout":"posts","amp_enabled":true,"_links":{"self":[{"href":"https:\/\/www.suno.com.br\/noticias\/wp-json\/wp\/v2\/posts\/35158"}],"collection":[{"href":"https:\/\/www.suno.com.br\/noticias\/wp-json\/wp\/v2\/posts"}],"about":[{"href":"https:\/\/www.suno.com.br\/noticias\/wp-json\/wp\/v2\/types\/post"}],"author":[{"embeddable":true,"href":"https:\/\/www.suno.com.br\/noticias\/wp-json\/wp\/v2\/users\/23"}],"replies":[{"embeddable":true,"href":"https:\/\/www.suno.com.br\/noticias\/wp-json\/wp\/v2\/comments?post=35158"}],"version-history":[{"count":0,"href":"https:\/\/www.suno.com.br\/noticias\/wp-json\/wp\/v2\/posts\/35158\/revisions"}],"wp:featuredmedia":[{"embeddable":true,"href":"https:\/\/www.suno.com.br\/noticias\/wp-json\/wp\/v2\/media\/35176"}],"wp:attachment":[{"href":"https:\/\/www.suno.com.br\/noticias\/wp-json\/wp\/v2\/media?parent=35158"}],"wp:term":[{"taxonomy":"category","embeddable":true,"href":"https:\/\/www.suno.com.br\/noticias\/wp-json\/wp\/v2\/categories?post=35158"},{"taxonomy":"post_tag","embeddable":true,"href":"https:\/\/www.suno.com.br\/noticias\/wp-json\/wp\/v2\/tags?post=35158"},{"taxonomy":"suno_strategy","embeddable":true,"href":"https:\/\/www.suno.com.br\/noticias\/wp-json\/wp\/v2\/suno_strategy?post=35158"}],"curies":[{"name":"wp","href":"https:\/\/api.w.org\/{rel}","templated":true}]}}