{"id":3512,"date":"2018-09-05T10:53:06","date_gmt":"2018-09-05T13:53:06","guid":{"rendered":"https:\/\/www.suno.com.br\/noticias\/?p=3512"},"modified":"2018-09-05T10:58:56","modified_gmt":"2018-09-05T13:58:56","slug":"multiplus-capital-fechado-latam","status":"publish","type":"post","link":"https:\/\/www.suno.com.br\/noticias\/multiplus-capital-fechado-latam\/","title":{"rendered":"Multiplus ter\u00e1 capital fechado ap\u00f3s decis\u00e3o da Latam"},"content":{"rendered":"<p>A Multiplus, empresa de programas de fidelidade, ter\u00e1 seu capital fechado e ser\u00e1 retirada da bolsa de valores. O fato foi informado pela Latam, que anunciou que n\u00e3o pretende renovar seu contrato com a empresa, e que vai incorporar a Multiplus na Latam o quanto antes.<\/p>\t<div class=\"wrapper-featured-image\">\n\t\t<figure class=\"spotlightImg\">\n\n\t\t\t<picture>\n\t\t\t\t<source media=\"(max-width: 768px)\" srcset=\"https:\/\/files.sunoresearch.com.br\/n\/uploads\/2018\/09\/66291e1d-latam-400x200.webp\">\n\t\t\t\t<img loading=\"lazy\" decoding=\"async\" class=\"newsContent__article__imgCapa lazyloadDisabled newsContent__article__imgCapa--noCaption\" src=\"https:\/\/files.sunoresearch.com.br\/n\/uploads\/2018\/09\/66291e1d-latam-800x450.webp\" width=\"800\" height=\"450\" alt=\"Multiplus ter\u00e1 capital fechado ap\u00f3s decis\u00e3o da Latam\" fetchpriority=high \/>\n\t\t\t<\/picture>\n\n\t\t\t<figcaption class=\"wp-caption-text wp-caption-text--hide\">Latam demitir\u00e1 38% do total de tripulantes, diz sindicato<\/figcaption>\n\t\t<\/figure>\n\t<\/div>\n\n\n<p>O contrato de exclusividade entre a Multiplus e a Tam Linhas A\u00e9reas, subsidi\u00e1ria da Latam, est\u00e1 em vigor desde 2010, com exclusividade de 15 anos. A Latam possui indiretamente cerca de 73% da Multiplus, e o restante \u00e9 negociado no Novo Mercado B3, no Brasil, desde que ocorreu o seu IPO.<\/p>\n<p>Desde a fus\u00e3o da Lan com a Tam em 2012, a Latam tem operado dois programas de fidelidade de forma simult\u00e2nea. Um deles, o Latam Pass, \u00e9 gerido internamente pela empresa, enquanto o Latam Fidelidade \u00e9 operado independentemente pela Multiplus. Segundo a companhia, a ideia agora \u00e9 operar um programa de fidelidade \u00fanico, para flexibilizar a gest\u00e3o da estrat\u00e9gia de receita da empresa.<\/p>\n<p>Em nota lan\u00e7ada pela companhia a\u00e9rea, ela afirma: &#8220;apesar dos esfor\u00e7os coordenados da Latam, da Latam Airlines Brasil e da Multiplus, essa for\u00e7a inerente ao produto n\u00e3o foi suficiente para refor\u00e7ar a lideran\u00e7a da Multiplus no mercado brasileiro de pontos de fidelidade, cada vez mais competitivo&#8221;.<\/p>\n<p>A empresa informou ainda que os pontos dos clientes Multiplus e os benef\u00edcios resgat\u00e1veis continuar\u00e3o sem altera\u00e7\u00f5es, e que a incorpora\u00e7\u00e3o trar\u00e1 novas vantagens.<\/p>\n<p>A realiza\u00e7\u00e3o da opera\u00e7\u00e3o ser\u00e1 feita por meio de uma Oferta P\u00fablica de Aquisi\u00e7\u00e3o (OPA) da Latam Airlines Brasil em valor equivalente a aproximadamente 27,3% do capital social da Multiplus, ou seja, a parte que \u00e9 atualmente negociada no mercado. Isso representa cerca de R$1,2 bilh\u00e3o. Em seguida, o plano \u00e9 cancelar o registro da Multiplus como empresa de capital aberto na CVM.<\/p>\n<p>O pre\u00e7o de compra visado pela Latam \u00e9 de R$27,22 por a\u00e7\u00e3o, uma m\u00e9dia ponderada dos \u00faltimos 90 preg\u00f5es ajustado por dividendos. O pre\u00e7o \u00e9 11,6% maior do que o valor de mercado no fechamento de ontem, de R$24,40 por a\u00e7\u00e3o.<\/p>\n","protected":false},"excerpt":{"rendered":"<p>A Multiplus, empresa de programas de fidelidade, ter\u00e1 seu capital fechado e ser\u00e1 retirada da bolsa de valores. O fato foi informado pela Latam, que anunciou que n\u00e3o pretende renovar seu contrato com a empresa, e que vai incorporar a Multiplus na Latam o quanto antes. Latam demitir\u00e1 38% do total de tripulantes, diz sindicato [&hellip;]<\/p>\n","protected":false},"author":5,"featured_media":3514,"comment_status":"closed","ping_status":"closed","sticky":false,"template":"","format":"standard","meta":[],"categories":[64],"tags":[286,571],"suno_strategy":[],"class_list":["post-3512","post","type-post","status-publish","format-standard","has-post-thumbnail","hentry","category-negocios","tag-acoes","tag-multiplus"],"yoast_head":"<!-- This site is optimized with the Yoast SEO plugin v24.4 - https:\/\/yoast.com\/wordpress\/plugins\/seo\/ -->\n<title>Multiplus ter\u00e1 capital fechado ap\u00f3s decis\u00e3o da Latam<\/title>\n<meta name=\"description\" content=\"Companhia a\u00e9rea absorver\u00e1 a empresa de programas de fidelidade, num investimento de aproximadamente R$1,2 bilh\u00e3o. Clique para saber mais.\" \/>\n<meta name=\"robots\" content=\"index, follow, max-snippet:-1, max-image-preview:large, max-video-preview:-1\" \/>\n<link rel=\"canonical\" href=\"https:\/\/www.suno.com.br\/noticias\/multiplus-capital-fechado-latam\/\" \/>\n<meta property=\"og:locale\" content=\"pt_BR\" \/>\n<meta property=\"og:type\" content=\"article\" \/>\n<meta property=\"og:title\" content=\"Multiplus ter\u00e1 capital fechado ap\u00f3s decis\u00e3o da Latam\" \/>\n<meta property=\"og:description\" content=\"Companhia a\u00e9rea absorver\u00e1 a empresa de programas de fidelidade, num investimento de aproximadamente R$1,2 bilh\u00e3o. Clique para saber mais.\" \/>\n<meta property=\"og:url\" content=\"https:\/\/www.suno.com.br\/noticias\/multiplus-capital-fechado-latam\/\" \/>\n<meta property=\"og:site_name\" content=\"Suno Not\u00edcias\" \/>\n<meta property=\"article:publisher\" content=\"https:\/\/facebook.com\/sunoresearch\" \/>\n<meta property=\"article:author\" content=\"https:\/\/www.linkedin.com\/in\/daniel-quandt-a49985110\/\" \/>\n<meta property=\"og:image\" content=\"https:\/\/files.sunoresearch.com.br\/n\/uploads\/2018\/09\/66291e1d-latam.jpg\" \/>\n\t<meta property=\"og:image:width\" content=\"2560\" \/>\n\t<meta property=\"og:image:height\" content=\"1440\" \/>\n\t<meta property=\"og:image:type\" content=\"image\/jpeg\" \/>\n<meta name=\"author\" content=\"Daniel Quandt\" \/>\n<meta name=\"twitter:card\" content=\"summary_large_image\" \/>\n<meta name=\"twitter:creator\" content=\"@sunoresearch\" \/>\n<meta name=\"twitter:site\" content=\"@sunoresearch\" \/>\n<meta name=\"twitter:label1\" content=\"Escrito por\" \/>\n\t<meta name=\"twitter:data1\" content=\"Daniel Quandt\" \/>\n\t<meta name=\"twitter:label2\" content=\"Est. tempo de leitura\" \/>\n\t<meta name=\"twitter:data2\" content=\"2 minutos\" \/>\n<script type=\"application\/ld+json\" class=\"yoast-schema-graph\">{\"@context\":\"https:\/\/schema.org\",\"@graph\":[{\"@type\":\"NewsArticle\",\"@id\":\"https:\/\/www.suno.com.br\/noticias\/multiplus-capital-fechado-latam\/#article\",\"isPartOf\":{\"@id\":\"https:\/\/www.suno.com.br\/noticias\/multiplus-capital-fechado-latam\/\"},\"author\":{\"name\":\"Daniel Quandt\",\"@id\":\"https:\/\/www.suno.com.br\/noticias\/#\/schema\/person\/eca2bab82984722db00d1e6facd8bb26\"},\"headline\":\"Multiplus ter\u00e1 capital fechado ap\u00f3s decis\u00e3o da Latam\",\"datePublished\":\"2018-09-05T13:53:06+00:00\",\"dateModified\":\"2018-09-05T13:58:56+00:00\",\"mainEntityOfPage\":{\"@id\":\"https:\/\/www.suno.com.br\/noticias\/multiplus-capital-fechado-latam\/\"},\"wordCount\":359,\"publisher\":{\"@id\":\"https:\/\/www.suno.com.br\/noticias\/#organization\"},\"image\":{\"@id\":\"https:\/\/www.suno.com.br\/noticias\/multiplus-capital-fechado-latam\/#primaryimage\"},\"thumbnailUrl\":\"https:\/\/files.sunoresearch.com.br\/n\/uploads\/2018\/09\/66291e1d-latam-jpg.webp\",\"keywords\":[\"A\u00e7\u00f5es\",\"Multiplus\"],\"articleSection\":[\"Neg\u00f3cios\"],\"inLanguage\":\"pt-BR\"},{\"@type\":\"WebPage\",\"@id\":\"https:\/\/www.suno.com.br\/noticias\/multiplus-capital-fechado-latam\/\",\"url\":\"https:\/\/www.suno.com.br\/noticias\/multiplus-capital-fechado-latam\/\",\"name\":\"Multiplus ter\u00e1 capital fechado ap\u00f3s decis\u00e3o da Latam\",\"isPartOf\":{\"@id\":\"https:\/\/www.suno.com.br\/noticias\/#website\"},\"primaryImageOfPage\":{\"@id\":\"https:\/\/www.suno.com.br\/noticias\/multiplus-capital-fechado-latam\/#primaryimage\"},\"image\":{\"@id\":\"https:\/\/www.suno.com.br\/noticias\/multiplus-capital-fechado-latam\/#primaryimage\"},\"thumbnailUrl\":\"https:\/\/files.sunoresearch.com.br\/n\/uploads\/2018\/09\/66291e1d-latam-jpg.webp\",\"datePublished\":\"2018-09-05T13:53:06+00:00\",\"dateModified\":\"2018-09-05T13:58:56+00:00\",\"description\":\"Companhia a\u00e9rea absorver\u00e1 a empresa de programas de fidelidade, num investimento de aproximadamente R$1,2 bilh\u00e3o. Clique para saber mais.\",\"breadcrumb\":{\"@id\":\"https:\/\/www.suno.com.br\/noticias\/multiplus-capital-fechado-latam\/#breadcrumb\"},\"inLanguage\":\"pt-BR\",\"potentialAction\":[{\"@type\":\"ReadAction\",\"target\":[\"https:\/\/www.suno.com.br\/noticias\/multiplus-capital-fechado-latam\/\"]}]},{\"@type\":\"ImageObject\",\"inLanguage\":\"pt-BR\",\"@id\":\"https:\/\/www.suno.com.br\/noticias\/multiplus-capital-fechado-latam\/#primaryimage\",\"url\":\"https:\/\/files.sunoresearch.com.br\/n\/uploads\/2018\/09\/66291e1d-latam-jpg.webp\",\"contentUrl\":\"https:\/\/files.sunoresearch.com.br\/n\/uploads\/2018\/09\/66291e1d-latam-jpg.webp\",\"width\":2560,\"height\":1440,\"caption\":\"Latam demitir\u00e1 38% do total de tripulantes, diz sindicato\"},{\"@type\":\"BreadcrumbList\",\"@id\":\"https:\/\/www.suno.com.br\/noticias\/multiplus-capital-fechado-latam\/#breadcrumb\",\"itemListElement\":[{\"@type\":\"ListItem\",\"position\":1,\"name\":\"Not\u00edcias\",\"item\":\"https:\/\/www.suno.com.br\/noticias\/\"},{\"@type\":\"ListItem\",\"position\":2,\"name\":\"Neg\u00f3cios\",\"item\":\"https:\/\/www.suno.com.br\/noticias\/negocios\/\"},{\"@type\":\"ListItem\",\"position\":3,\"name\":\"Multiplus ter\u00e1 capital fechado ap\u00f3s decis\u00e3o da Latam\"}]},{\"@type\":\"WebSite\",\"@id\":\"https:\/\/www.suno.com.br\/noticias\/#website\",\"url\":\"https:\/\/www.suno.com.br\/noticias\/\",\"name\":\"Suno Not\u00edcias\",\"description\":\"Seu portal de informa\u00e7\u00e3o sobre o mundo dos investimentos\",\"publisher\":{\"@id\":\"https:\/\/www.suno.com.br\/noticias\/#organization\"},\"potentialAction\":[{\"@type\":\"SearchAction\",\"target\":{\"@type\":\"EntryPoint\",\"urlTemplate\":\"https:\/\/www.suno.com.br\/noticias\/?s={search_term_string}\"},\"query-input\":{\"@type\":\"PropertyValueSpecification\",\"valueRequired\":true,\"valueName\":\"search_term_string\"}}],\"inLanguage\":\"pt-BR\"},{\"@type\":\"Organization\",\"@id\":\"https:\/\/www.suno.com.br\/noticias\/#organization\",\"name\":\"Suno Not\u00edcias\",\"url\":\"https:\/\/www.suno.com.br\/noticias\/\",\"logo\":{\"@type\":\"ImageObject\",\"inLanguage\":\"pt-BR\",\"@id\":\"https:\/\/www.suno.com.br\/noticias\/#\/schema\/logo\/image\/\",\"url\":\"https:\/\/files.sunoresearch.com.br\/n\/uploads\/2021\/09\/suno-logo.png\",\"contentUrl\":\"https:\/\/files.sunoresearch.com.br\/n\/uploads\/2021\/09\/suno-logo.png\",\"width\":180,\"height\":180,\"caption\":\"Suno Not\u00edcias\"},\"image\":{\"@id\":\"https:\/\/www.suno.com.br\/noticias\/#\/schema\/logo\/image\/\"},\"sameAs\":[\"https:\/\/facebook.com\/sunoresearch\",\"https:\/\/x.com\/sunoresearch\",\"https:\/\/www.instagram.com\/suno\",\"https:\/\/www.linkedin.com\/company\/suno-research\/\",\"https:\/\/www.youtube.com\/c\/sunoresearch\"]},{\"@type\":\"Person\",\"@id\":\"https:\/\/www.suno.com.br\/noticias\/#\/schema\/person\/eca2bab82984722db00d1e6facd8bb26\",\"name\":\"Daniel Quandt\",\"image\":{\"@type\":\"ImageObject\",\"inLanguage\":\"pt-BR\",\"@id\":\"https:\/\/www.suno.com.br\/noticias\/#\/schema\/person\/image\/\",\"url\":\"https:\/\/secure.gravatar.com\/avatar\/5faf4378f9fbf4557a5836a88d66f99a?s=96&r=g\",\"contentUrl\":\"https:\/\/secure.gravatar.com\/avatar\/5faf4378f9fbf4557a5836a88d66f99a?s=96&r=g\",\"caption\":\"Daniel Quandt\"},\"description\":\"Aluno da Universidade de S\u00e3o Paulo, Daniel Quandt escreve sobre economia, mercado financeiro e pol\u00edtica no portal da Suno Research. J\u00e1 passou pela Ag\u00eancia USP de Inova\u00e7\u00e3o e pela startup de v\u00eddeo em blockchain Paratii, desenvolvendo seu conhecimento da aplica\u00e7\u00e3o de tecnologia de ponta ao mercado.\",\"sameAs\":[\"https:\/\/www.suno.com.br\/\",\"https:\/\/www.linkedin.com\/in\/daniel-quandt-a49985110\/\"],\"url\":\"https:\/\/www.suno.com.br\/noticias\/author\/daniel-quandt\/\"}]}<\/script>\n<!-- \/ Yoast SEO plugin. -->","yoast_head_json":{"title":"Multiplus ter\u00e1 capital fechado ap\u00f3s decis\u00e3o da Latam","description":"Companhia a\u00e9rea absorver\u00e1 a empresa de programas de fidelidade, num investimento de aproximadamente R$1,2 bilh\u00e3o. Clique para saber mais.","robots":{"index":"index","follow":"follow","max-snippet":"max-snippet:-1","max-image-preview":"max-image-preview:large","max-video-preview":"max-video-preview:-1"},"canonical":"https:\/\/www.suno.com.br\/noticias\/multiplus-capital-fechado-latam\/","og_locale":"pt_BR","og_type":"article","og_title":"Multiplus ter\u00e1 capital fechado ap\u00f3s decis\u00e3o da Latam","og_description":"Companhia a\u00e9rea absorver\u00e1 a empresa de programas de fidelidade, num investimento de aproximadamente R$1,2 bilh\u00e3o. Clique para saber mais.","og_url":"https:\/\/www.suno.com.br\/noticias\/multiplus-capital-fechado-latam\/","og_site_name":"Suno Not\u00edcias","article_publisher":"https:\/\/facebook.com\/sunoresearch","article_author":"https:\/\/www.linkedin.com\/in\/daniel-quandt-a49985110\/","og_image":[{"width":2560,"height":1440,"url":"https:\/\/files.sunoresearch.com.br\/n\/uploads\/2018\/09\/66291e1d-latam.jpg","type":"image\/jpeg"}],"author":"Daniel Quandt","twitter_card":"summary_large_image","twitter_creator":"@sunoresearch","twitter_site":"@sunoresearch","twitter_misc":{"Escrito por":"Daniel Quandt","Est. tempo de leitura":"2 minutos"},"schema":{"@context":"https:\/\/schema.org","@graph":[{"@type":"NewsArticle","@id":"https:\/\/www.suno.com.br\/noticias\/multiplus-capital-fechado-latam\/#article","isPartOf":{"@id":"https:\/\/www.suno.com.br\/noticias\/multiplus-capital-fechado-latam\/"},"author":{"name":"Daniel Quandt","@id":"https:\/\/www.suno.com.br\/noticias\/#\/schema\/person\/eca2bab82984722db00d1e6facd8bb26"},"headline":"Multiplus ter\u00e1 capital fechado ap\u00f3s decis\u00e3o da Latam","datePublished":"2018-09-05T13:53:06+00:00","dateModified":"2018-09-05T13:58:56+00:00","mainEntityOfPage":{"@id":"https:\/\/www.suno.com.br\/noticias\/multiplus-capital-fechado-latam\/"},"wordCount":359,"publisher":{"@id":"https:\/\/www.suno.com.br\/noticias\/#organization"},"image":{"@id":"https:\/\/www.suno.com.br\/noticias\/multiplus-capital-fechado-latam\/#primaryimage"},"thumbnailUrl":"https:\/\/files.sunoresearch.com.br\/n\/uploads\/2018\/09\/66291e1d-latam-jpg.webp","keywords":["A\u00e7\u00f5es","Multiplus"],"articleSection":["Neg\u00f3cios"],"inLanguage":"pt-BR"},{"@type":"WebPage","@id":"https:\/\/www.suno.com.br\/noticias\/multiplus-capital-fechado-latam\/","url":"https:\/\/www.suno.com.br\/noticias\/multiplus-capital-fechado-latam\/","name":"Multiplus ter\u00e1 capital fechado ap\u00f3s decis\u00e3o da Latam","isPartOf":{"@id":"https:\/\/www.suno.com.br\/noticias\/#website"},"primaryImageOfPage":{"@id":"https:\/\/www.suno.com.br\/noticias\/multiplus-capital-fechado-latam\/#primaryimage"},"image":{"@id":"https:\/\/www.suno.com.br\/noticias\/multiplus-capital-fechado-latam\/#primaryimage"},"thumbnailUrl":"https:\/\/files.sunoresearch.com.br\/n\/uploads\/2018\/09\/66291e1d-latam-jpg.webp","datePublished":"2018-09-05T13:53:06+00:00","dateModified":"2018-09-05T13:58:56+00:00","description":"Companhia a\u00e9rea absorver\u00e1 a empresa de programas de fidelidade, num investimento de aproximadamente R$1,2 bilh\u00e3o. Clique para saber mais.","breadcrumb":{"@id":"https:\/\/www.suno.com.br\/noticias\/multiplus-capital-fechado-latam\/#breadcrumb"},"inLanguage":"pt-BR","potentialAction":[{"@type":"ReadAction","target":["https:\/\/www.suno.com.br\/noticias\/multiplus-capital-fechado-latam\/"]}]},{"@type":"ImageObject","inLanguage":"pt-BR","@id":"https:\/\/www.suno.com.br\/noticias\/multiplus-capital-fechado-latam\/#primaryimage","url":"https:\/\/files.sunoresearch.com.br\/n\/uploads\/2018\/09\/66291e1d-latam-jpg.webp","contentUrl":"https:\/\/files.sunoresearch.com.br\/n\/uploads\/2018\/09\/66291e1d-latam-jpg.webp","width":2560,"height":1440,"caption":"Latam demitir\u00e1 38% do total de tripulantes, diz sindicato"},{"@type":"BreadcrumbList","@id":"https:\/\/www.suno.com.br\/noticias\/multiplus-capital-fechado-latam\/#breadcrumb","itemListElement":[{"@type":"ListItem","position":1,"name":"Not\u00edcias","item":"https:\/\/www.suno.com.br\/noticias\/"},{"@type":"ListItem","position":2,"name":"Neg\u00f3cios","item":"https:\/\/www.suno.com.br\/noticias\/negocios\/"},{"@type":"ListItem","position":3,"name":"Multiplus ter\u00e1 capital fechado ap\u00f3s decis\u00e3o da Latam"}]},{"@type":"WebSite","@id":"https:\/\/www.suno.com.br\/noticias\/#website","url":"https:\/\/www.suno.com.br\/noticias\/","name":"Suno Not\u00edcias","description":"Seu portal de informa\u00e7\u00e3o sobre o mundo dos investimentos","publisher":{"@id":"https:\/\/www.suno.com.br\/noticias\/#organization"},"potentialAction":[{"@type":"SearchAction","target":{"@type":"EntryPoint","urlTemplate":"https:\/\/www.suno.com.br\/noticias\/?s={search_term_string}"},"query-input":{"@type":"PropertyValueSpecification","valueRequired":true,"valueName":"search_term_string"}}],"inLanguage":"pt-BR"},{"@type":"Organization","@id":"https:\/\/www.suno.com.br\/noticias\/#organization","name":"Suno Not\u00edcias","url":"https:\/\/www.suno.com.br\/noticias\/","logo":{"@type":"ImageObject","inLanguage":"pt-BR","@id":"https:\/\/www.suno.com.br\/noticias\/#\/schema\/logo\/image\/","url":"https:\/\/files.sunoresearch.com.br\/n\/uploads\/2021\/09\/suno-logo.png","contentUrl":"https:\/\/files.sunoresearch.com.br\/n\/uploads\/2021\/09\/suno-logo.png","width":180,"height":180,"caption":"Suno Not\u00edcias"},"image":{"@id":"https:\/\/www.suno.com.br\/noticias\/#\/schema\/logo\/image\/"},"sameAs":["https:\/\/facebook.com\/sunoresearch","https:\/\/x.com\/sunoresearch","https:\/\/www.instagram.com\/suno","https:\/\/www.linkedin.com\/company\/suno-research\/","https:\/\/www.youtube.com\/c\/sunoresearch"]},{"@type":"Person","@id":"https:\/\/www.suno.com.br\/noticias\/#\/schema\/person\/eca2bab82984722db00d1e6facd8bb26","name":"Daniel Quandt","image":{"@type":"ImageObject","inLanguage":"pt-BR","@id":"https:\/\/www.suno.com.br\/noticias\/#\/schema\/person\/image\/","url":"https:\/\/secure.gravatar.com\/avatar\/5faf4378f9fbf4557a5836a88d66f99a?s=96&r=g","contentUrl":"https:\/\/secure.gravatar.com\/avatar\/5faf4378f9fbf4557a5836a88d66f99a?s=96&r=g","caption":"Daniel Quandt"},"description":"Aluno da Universidade de S\u00e3o Paulo, Daniel Quandt escreve sobre economia, mercado financeiro e pol\u00edtica no portal da Suno Research. J\u00e1 passou pela Ag\u00eancia USP de Inova\u00e7\u00e3o e pela startup de v\u00eddeo em blockchain Paratii, desenvolvendo seu conhecimento da aplica\u00e7\u00e3o de tecnologia de ponta ao mercado.","sameAs":["https:\/\/www.suno.com.br\/","https:\/\/www.linkedin.com\/in\/daniel-quandt-a49985110\/"],"url":"https:\/\/www.suno.com.br\/noticias\/author\/daniel-quandt\/"}]}},"default_loop_html":"<div class=\"cardsPage__listCard__boxs\"><div class=\"cardsPage__listCard__boxs__img\"><a href=\"https:\/\/www.suno.com.br\/noticias\/multiplus-capital-fechado-latam\/\"><img class=\"mask\" src=\"https:\/\/www.suno.com.br\/noticias\/wp-content\/themes\/suno\/resources\/images\/spotlight\/spotlight1img\/bg-mask.png\" alt=\"Image Mask\"\/><img src=\"https:\/\/files.sunoresearch.com.br\/n\/uploads\/2018\/09\/66291e1d-latam-400x200.webp\" alt=\"Multiplus ter\u00e1 capital fechado ap\u00f3s decis\u00e3o da Latam\"\/><\/a><span class=\"spotlightCategory\"><a href=\"https:\/\/www.suno.com.br\/noticias\/negocios\/\">Neg\u00f3cios<\/a><\/span><\/div><div class=\"cardsPage__listCard__boxs__content\"><a href=\"https:\/\/www.suno.com.br\/noticias\/multiplus-capital-fechado-latam\/\"><h2 class=\"content__title\">Multiplus ter\u00e1 capital fechado ap\u00f3s decis\u00e3o da Latam<\/h2><\/a><div class=\"newsContent__article__meta\"><div class=\"newsContent__article__meta__authorBox\"><a href=\"https:\/\/www.suno.com.br\/noticias\/author\/daniel-quandt\/\" class=\"authorBox__avatar noMobi\"><img src=\"https:\/\/secure.gravatar.com\/avatar\/5faf4378f9fbf4557a5836a88d66f99a?s=96&#038;r=g\" alt=\"Daniel Quandt\"><\/a><div class=\"authorBox__name\"><span>por\n\t\t\t<a href=\"https:\/\/www.suno.com.br\/noticias\/author\/daniel-quandt\/\"><span itemprop=\"author\">Daniel Quandt<\/span><\/a><\/span><time datetime=\"2018-09-05T10:53:06-03:00\" itemprop=\"datePublished\">05\/09\/2018 10:53<\/time><\/div><\/div><\/div><\/div><\/div>","single_layout":"posts","amp_enabled":true,"_links":{"self":[{"href":"https:\/\/www.suno.com.br\/noticias\/wp-json\/wp\/v2\/posts\/3512"}],"collection":[{"href":"https:\/\/www.suno.com.br\/noticias\/wp-json\/wp\/v2\/posts"}],"about":[{"href":"https:\/\/www.suno.com.br\/noticias\/wp-json\/wp\/v2\/types\/post"}],"author":[{"embeddable":true,"href":"https:\/\/www.suno.com.br\/noticias\/wp-json\/wp\/v2\/users\/5"}],"replies":[{"embeddable":true,"href":"https:\/\/www.suno.com.br\/noticias\/wp-json\/wp\/v2\/comments?post=3512"}],"version-history":[{"count":0,"href":"https:\/\/www.suno.com.br\/noticias\/wp-json\/wp\/v2\/posts\/3512\/revisions"}],"wp:featuredmedia":[{"embeddable":true,"href":"https:\/\/www.suno.com.br\/noticias\/wp-json\/wp\/v2\/media\/3514"}],"wp:attachment":[{"href":"https:\/\/www.suno.com.br\/noticias\/wp-json\/wp\/v2\/media?parent=3512"}],"wp:term":[{"taxonomy":"category","embeddable":true,"href":"https:\/\/www.suno.com.br\/noticias\/wp-json\/wp\/v2\/categories?post=3512"},{"taxonomy":"post_tag","embeddable":true,"href":"https:\/\/www.suno.com.br\/noticias\/wp-json\/wp\/v2\/tags?post=3512"},{"taxonomy":"suno_strategy","embeddable":true,"href":"https:\/\/www.suno.com.br\/noticias\/wp-json\/wp\/v2\/suno_strategy?post=3512"}],"curies":[{"name":"wp","href":"https:\/\/api.w.org\/{rel}","templated":true}]}}