{"id":351154,"date":"2023-01-22T13:51:08","date_gmt":"2023-01-22T16:51:08","guid":{"rendered":"https:\/\/www.suno.com.br\/noticias\/?p=351154"},"modified":"2023-01-22T13:51:10","modified_gmt":"2023-01-22T16:51:10","slug":"americanas-amer3-cronologia-crise-escandalo-20-bilhoes-recuperacao-judicial","status":"publish","type":"post","link":"https:\/\/www.suno.com.br\/noticias\/americanas-amer3-cronologia-crise-escandalo-20-bilhoes-recuperacao-judicial\/","title":{"rendered":"Esc\u00e2ndalo na Americanas (AMER3): veja a cronologia da crise"},"content":{"rendered":"<p>A <strong>Americanas<\/strong> (AMER3) se tornou protagonista do notici\u00e1rio econ\u00f4mico nas \u00faltimas semanas. No dia 11 de janeiro a companhia informou ao mercado ter descoberto<a href=\"https:\/\/www.suno.com.br\/noticias\/americanas-amer3-inconsistencia-balanco-rial-deixa-presidencia\/\" target=\"_blank\" rel=\"noreferrer noopener\"> inconsist\u00eancias cont\u00e1beis da ordem de R$ 20 bilh\u00f5es de reais.<\/a> <a href=\"https:\/\/www.suno.com.br\/noticias\/americanas-amer3-penny-stock-acoes\/\">Desde ent\u00e3o, as a\u00e7\u00f5es da varejista j\u00e1 ca\u00edram mais de 90%<\/a>, o ent\u00e3o CEO <strong>S\u00e9rgio Rial<\/strong> pediu demiss\u00e3o, <a href=\"https:\/\/www.suno.com.br\/noticias\/moodys-rebaixa-americanas-amer3\/\">ag\u00eancias de rating rebaixaram a nota de cr\u00e9dito da companhia<\/a>, <a href=\"https:\/\/www.suno.com.br\/noticias\/americanas-amer3-btg-ganha-liminar\/\" target=\"_blank\" rel=\"noreferrer noopener\">credores foram \u00e0 Justi\u00e7a para bloquear as contas<\/a> da empresa <a href=\"https:\/\/www.suno.com.br\/noticias\/americanas-amer3-pedido-recuperacao-judicial-2\/\">e um pedido de recupera\u00e7\u00e3o judicial foi apresentado.<\/a> <\/p><div class=\"videoFull \">\n\t\t\t<div class=\"videoWrapper yt-lazyload center\"\n\t\t\t\tdata-width=\"960\"\n\t\t\t\tdata-height=\"540\"\n\t\t\t\tdata-id=\"2ruuyJdyPp4\"\n\t\t\t\tdata-alt=\"V\u00eddeo do YouTube - clique para reproduzir\"\n\t\t\t\tdata-logo=\"3\"\n\t\t\t\tdata-imagequality=\"maxres\">\n\t\t\t<\/div>\n\t\t<\/div><script type=\"application\/ld+json\">{\"@context\":\"https:\/\/schema.org\",\"@type\":\"VideoObject\",\"name\":\"Esc\u00e2ndalo na Americanas (AMER3): veja a cronologia da crise | Suno Not\u00edcias\",\"description\":\"\ud83d\udd0e \ud83d\udcca[\ud835\uddf2\ud835\uddd5\ud835\uddfc\ud835\uddfc\ud835\uddf8 \ud835\uddda\ud835\udde5\ud835\uddd4\ud835\udde7\ud835\udde8\ud835\udddc\ud835\udde7\ud835\udde2] \ud835\uddd4\ud835\uddfd\ud835\uddff\ud835\uddf2\ud835\uddfb\ud835\uddf1\ud835\uddee \ud835\uddf0\ud835\uddfc\ud835\uddfa\ud835\uddfc \ud835\uddee\ud835\uddfb\ud835\uddee\ud835\uddf9\ud835\uddf6\ud835\ude00\ud835\uddee\ud835\uddff \ud835\ude02\ud835\uddfa\ud835\uddee \ud835\uddee\u00e7\u00e3\ud835\uddfc\u200b \ud83d\udc47 https:\/\/lp.suno.com.br\/ebook-como-analisar-uma-acao\/?utm_source=youtube.noticias&utm_medium=live&utm_campaign=ebookcomoanalisarumaacao.20230116&utm_content=ytnoticias.morning.17012023 #americanas #amer3 #varejo #crise #mercadofinanceiro #cortes #bolsadevalores #ibovespa #rendavari\u00e1vel #ibov \ud83d\udd34\ud835\udc08\ud835\udc0d\ud835\udc12\ud835\udc02\ud835\udc11\ud835\udc04\ud835\udc15\ud835\udc00-\ud835\udc12\ud835\udc04 \ud835\udc0d\ud835\udc0e \ud835\udc02\ud835\udc00\ud835\udc0d\ud835\udc00\ud835\udc0b \ud835\udc04 \ud835\udc00\ud835\udc13\ud835\udc08\ud835\udc15\ud835\udc04 \ud835\udc0e \ud835\udc12\ud835\udc08\ud835\udc0d\ud835\udc0e \ud83d\udc47 https:\/\/bit.ly\/INSCREVA-SEATIVEOSINO \ud83d\udcda \ud835\udfcf\ud835\udfce \ud835\udc0b\ud835\udc22\ud835\udc2f\ud835\udc2b\ud835\udc28\ud835\udc2c \ud835\udc2a\ud835\udc2e\ud835\udc1e \ud835\udc13\ud835\udc28\ud835\udc1d\ud835\udc28 \ud835\udc08\ud835\udc27\ud835\udc2f\ud835\udc1e\ud835\udc2c\ud835\udc2d\ud835\udc22\ud835\udc1d\ud835\udc28\ud835\udc2b \ud835\udc1d\ud835\udc1e\ud835\udc2f\ud835\udc1e\ud835\udc2b\ud835\udc22\ud835\udc1a \ud835\udc0b\ud835\udc1e\ud835\udc2b\ud83d\udc47 https:\/\/lp.suno.com.br\/ebook-10-livros\/?utm_source=youtube.noticias&utm_medium=video&utm_campaign=ebook10livrosparainvestidores.20230105&utm_content=youtube.noticias.05012023 \ud83d\udcda \ud83d\udcb8 \ud83d\udcca \ud835\udde3\ud835\udddf\ud835\uddd4\ud835\udde1\ud835\udddc\ud835\udddf\ud835\udddb\ud835\uddd4 \ud835\uddd7\ud835\uddd8 \ud835\uddd6\ud835\udde2\ud835\udde1\ud835\udde7\ud835\udde5\ud835\udde2\ud835\udddf\ud835\uddd8 \ud835\uddd9\ud835\udddc\ud835\udde1\ud835\uddd4\ud835\udde1\ud835\uddd6\ud835\uddd8\ud835\udddc\ud835\udde5\ud835\udde2: \ud835\uddd5\ud835\uddee\ud835\uddf6\ud835\ude05\ud835\uddf2 \ud835\uddee \ud835\uddfd\ud835\uddf9\ud835\uddee\ud835\uddfb\ud835\uddf6\ud835\uddf9\ud835\uddf5\ud835\uddee AGORA antes que acabe! \ud83d\udc49 https:\/\/lp.suno.com.br\/planilha-da-vida-financeira\/?utm_source=youtube.noticias&utm_medium=live&utm_campaign=planilhadavidafinanceira.20221128&utm_content=ytnoticias.morning.02122022 \ud83d\udcda\u2026\",\"duration\":\"PT2M32S\",\"embedUrl\":\"https:\/\/www.youtube.com\/embed\/2ruuyJdyPp4\",\"regionsAllowed\":\"pt-BR\",\"interactionStatistic\":{\"@type\":\"InteractionCounter\",\"interactionType\":{\"@type\":\"WatchAction\"},\"userInteractionCount\":818},\"thumbnailUrl\":\"https:\/\/i.ytimg.com\/vi\/2ruuyJdyPp4\/default.jpg\",\"uploadDate\":\"2023-01-20T19:00:02Z\"}<\/script>\n\n\n\n\n\n<p>Confira aqui, cronologicamente, os acontecimentos recentes que levaram a Americanas \u00e0 situa\u00e7\u00e3o atual: <\/p>\n\n\n\t<p>\n\t\t<a href=\"\" target=\"_blank\" data-element=\"shortcode-suno-banner\" title=\"Banner SUNO, clique e saiba mais\">\n\t\t\t<picture>\n\t\t\t\t<source media=\"(max-width: 500px)\" srcset=\"\">\n\t\t\t\t<img class=\"newsContent__article__imgCapa newsContent__article__imgCapa--banner\"\n\t\t\t\t\tsrc=\"\"\n\t\t\t\t\tdata-promo-id=\"138420\"\t\t\t\t\t\t\t\t\t\t\t\t\t\t\talt=\"\"\n\t\t\t\t>\n\t\t\t<\/picture>\n\t\t<\/a>\n\t<\/p>\n\n\n\n\n\n<ul class=\"wp-block-list\">\n<li>11 de janeiro: Americanas anuncia inconsist\u00eancias cont\u00e1beis de R$ 20 bilh\u00f5es e informa a ren\u00fancia do CEO e do CFO;<\/li>\n\n\n\n<li>12 de janeiro: S\u00e9rgio Rial, j\u00e1 ex-CEO, organiza uma teleconfer\u00eancia para dar mais informa\u00e7\u00f5es sobre as inconsist\u00eancias cont\u00e1beis encontradas;<\/li>\n\n\n\n<li>13 de janeiro: Credores passam a pedir o vencimento antecipado das d\u00edvidas da Americanas;<\/li>\n\n\n\n<li>13 de janeiro: Em resposta aos credores, a Americanas consegue na Justi\u00e7a uma Tutela de Urg\u00eancia que suspende por 30 dias o vencimento antecipado das d\u00edvidas; <\/li>\n\n\n\n<li>14 de janeiro: Um dos principais credores, o BTG Pactual (BPAC11) apresenta liminar para derrubar a Tutela de Urg\u00eancia; <\/li>\n\n\n\n<li>16 de janeiro: O Tribunal de Justi\u00e7a do Rio de Janeiro nega o pedido do BTG Pactual; <\/li>\n\n\n\n<li>16 de janeiro: Americanas contrata o Rothschild &amp; Co para ser seu representante nas negocia\u00e7\u00f5es com os credores; <\/li>\n\n\n\n<li>17 de janeiro: Americanas anuncia Camille Faria como nova CFO da empresa. Camille trabalhou na Oi (OIBR3) durante a recupera\u00e7\u00e3o judicial da tele, o que aumenta rumores de que a varejista poderia seguir pelo mesmo caminho; <\/li>\n\n\n\n<li>18 de janeiro: O Tribunal de Justi\u00e7a do Rio de Janeiro d\u00e1 decis\u00e3o favor\u00e1vel a um dos recursos apresentados pelo BTG Pactual e autoriza compensa\u00e7\u00e3o de R$ 1,2 bilh\u00e3o do caixa da Americanas depositados no banco. Decis\u00e3o abre caminho para que outros credores fa\u00e7am o mesmo. <\/li>\n\n\n\n<li>18 de janeiro: Americanas informa ter somente R$ 800 milh\u00f5es em caixa, 10% do que informou quando apresentou ao mercado as inconsist\u00eancias cont\u00e1beis de R$ 20 bilh\u00f5es; <\/li>\n\n\n\n<li>19 de janeiro: Americanas protocola pedido de recupera\u00e7\u00e3o judicial e pede o desbloqueio de suas contas.<\/li>\n<\/ul>\n","protected":false},"excerpt":{"rendered":"<p>A Americanas (AMER3) se tornou protagonista do notici\u00e1rio econ\u00f4mico nas \u00faltimas semanas. No dia 11 de janeiro a companhia informou ao mercado ter descoberto inconsist\u00eancias cont\u00e1beis da ordem de R$ 20 bilh\u00f5es de reais. Desde ent\u00e3o, as a\u00e7\u00f5es da varejista j\u00e1 ca\u00edram mais de 90%, o ent\u00e3o CEO S\u00e9rgio Rial pediu demiss\u00e3o, ag\u00eancias de rating [&hellip;]<\/p>\n","protected":false},"author":111,"featured_media":349901,"comment_status":"closed","ping_status":"closed","sticky":false,"template":"","format":"standard","meta":[],"categories":[60],"tags":[106605],"suno_strategy":[],"class_list":["post-351154","post","type-post","status-publish","format-standard","has-post-thumbnail","hentry","category-mercado","tag-americanas-s-a-amer3"],"yoast_head":"<!-- This site is optimized with the Yoast SEO plugin v24.4 - https:\/\/yoast.com\/wordpress\/plugins\/seo\/ -->\n<title>Esc\u00e2ndalo na Americanas (AMER3): veja a cronologia da crise Crise na Americanas (AMER3): confira a cronologia dos fatos<\/title>\n<meta name=\"description\" content=\"Confira a cronologia dos fatos que levaram a Americanas (AMER3) a pedir recupera\u00e7\u00e3o judicial ap\u00f3s encontrar rombo bilion\u00e1rio.\" \/>\n<meta name=\"robots\" content=\"index, follow, max-snippet:-1, max-image-preview:large, max-video-preview:-1\" \/>\n<link rel=\"canonical\" href=\"https:\/\/www.suno.com.br\/noticias\/americanas-amer3-cronologia-crise-escandalo-20-bilhoes-recuperacao-judicial\/\" \/>\n<meta property=\"og:locale\" content=\"pt_BR\" \/>\n<meta property=\"og:type\" content=\"article\" \/>\n<meta property=\"og:title\" content=\"Esc\u00e2ndalo na Americanas (AMER3): veja a cronologia da crise Crise na Americanas (AMER3): confira a cronologia dos fatos\" \/>\n<meta property=\"og:description\" content=\"Confira a cronologia dos fatos que levaram a Americanas (AMER3) a pedir recupera\u00e7\u00e3o judicial ap\u00f3s encontrar rombo bilion\u00e1rio.\" \/>\n<meta property=\"og:url\" content=\"https:\/\/www.suno.com.br\/noticias\/americanas-amer3-cronologia-crise-escandalo-20-bilhoes-recuperacao-judicial\/\" \/>\n<meta property=\"og:site_name\" content=\"Suno Not\u00edcias\" \/>\n<meta property=\"article:publisher\" content=\"https:\/\/facebook.com\/sunoresearch\" \/>\n<meta property=\"og:image\" content=\"https:\/\/files.sunoresearch.com.br\/n\/uploads\/2023\/01\/Americanas-loja.jpg\" \/>\n\t<meta property=\"og:image:width\" content=\"1400\" \/>\n\t<meta property=\"og:image:height\" content=\"812\" \/>\n\t<meta property=\"og:image:type\" content=\"image\/jpeg\" \/>\n<meta name=\"author\" content=\"Gregory Prudenciano\" \/>\n<meta name=\"twitter:card\" content=\"summary_large_image\" \/>\n<meta name=\"twitter:creator\" content=\"@sunoresearch\" \/>\n<meta name=\"twitter:site\" content=\"@sunoresearch\" \/>\n<meta name=\"twitter:label1\" content=\"Escrito por\" \/>\n\t<meta name=\"twitter:data1\" content=\"Gregory Prudenciano\" \/>\n\t<meta name=\"twitter:label2\" content=\"Est. tempo de leitura\" \/>\n\t<meta name=\"twitter:data2\" content=\"2 minutos\" \/>\n<script type=\"application\/ld+json\" class=\"yoast-schema-graph\">{\"@context\":\"https:\/\/schema.org\",\"@graph\":[{\"@type\":\"NewsArticle\",\"@id\":\"https:\/\/www.suno.com.br\/noticias\/americanas-amer3-cronologia-crise-escandalo-20-bilhoes-recuperacao-judicial\/#article\",\"isPartOf\":{\"@id\":\"https:\/\/www.suno.com.br\/noticias\/americanas-amer3-cronologia-crise-escandalo-20-bilhoes-recuperacao-judicial\/\"},\"author\":{\"name\":\"Gregory Prudenciano\",\"@id\":\"https:\/\/www.suno.com.br\/noticias\/#\/schema\/person\/da91b98f4bb07e19f6fe797f0827ccee\"},\"headline\":\"Esc\u00e2ndalo na Americanas (AMER3): veja a cronologia da crise\",\"datePublished\":\"2023-01-22T16:51:08+00:00\",\"dateModified\":\"2023-01-22T16:51:10+00:00\",\"mainEntityOfPage\":{\"@id\":\"https:\/\/www.suno.com.br\/noticias\/americanas-amer3-cronologia-crise-escandalo-20-bilhoes-recuperacao-judicial\/\"},\"wordCount\":387,\"publisher\":{\"@id\":\"https:\/\/www.suno.com.br\/noticias\/#organization\"},\"image\":{\"@id\":\"https:\/\/www.suno.com.br\/noticias\/americanas-amer3-cronologia-crise-escandalo-20-bilhoes-recuperacao-judicial\/#primaryimage\"},\"thumbnailUrl\":\"https:\/\/files.sunoresearch.com.br\/n\/uploads\/2023\/01\/Americanas-loja.jpg\",\"keywords\":[\"Americanas (AMER3)\"],\"articleSection\":[\"Mercado\"],\"inLanguage\":\"pt-BR\"},{\"@type\":\"WebPage\",\"@id\":\"https:\/\/www.suno.com.br\/noticias\/americanas-amer3-cronologia-crise-escandalo-20-bilhoes-recuperacao-judicial\/\",\"url\":\"https:\/\/www.suno.com.br\/noticias\/americanas-amer3-cronologia-crise-escandalo-20-bilhoes-recuperacao-judicial\/\",\"name\":\"Esc\u00e2ndalo na Americanas (AMER3): veja a cronologia da crise Crise na Americanas (AMER3): confira a cronologia dos fatos\",\"isPartOf\":{\"@id\":\"https:\/\/www.suno.com.br\/noticias\/#website\"},\"primaryImageOfPage\":{\"@id\":\"https:\/\/www.suno.com.br\/noticias\/americanas-amer3-cronologia-crise-escandalo-20-bilhoes-recuperacao-judicial\/#primaryimage\"},\"image\":{\"@id\":\"https:\/\/www.suno.com.br\/noticias\/americanas-amer3-cronologia-crise-escandalo-20-bilhoes-recuperacao-judicial\/#primaryimage\"},\"thumbnailUrl\":\"https:\/\/files.sunoresearch.com.br\/n\/uploads\/2023\/01\/Americanas-loja.jpg\",\"datePublished\":\"2023-01-22T16:51:08+00:00\",\"dateModified\":\"2023-01-22T16:51:10+00:00\",\"description\":\"Confira a cronologia dos fatos que levaram a Americanas (AMER3) a pedir recupera\u00e7\u00e3o judicial ap\u00f3s encontrar rombo bilion\u00e1rio.\",\"breadcrumb\":{\"@id\":\"https:\/\/www.suno.com.br\/noticias\/americanas-amer3-cronologia-crise-escandalo-20-bilhoes-recuperacao-judicial\/#breadcrumb\"},\"inLanguage\":\"pt-BR\",\"potentialAction\":[{\"@type\":\"ReadAction\",\"target\":[\"https:\/\/www.suno.com.br\/noticias\/americanas-amer3-cronologia-crise-escandalo-20-bilhoes-recuperacao-judicial\/\"]}]},{\"@type\":\"ImageObject\",\"inLanguage\":\"pt-BR\",\"@id\":\"https:\/\/www.suno.com.br\/noticias\/americanas-amer3-cronologia-crise-escandalo-20-bilhoes-recuperacao-judicial\/#primaryimage\",\"url\":\"https:\/\/files.sunoresearch.com.br\/n\/uploads\/2023\/01\/Americanas-loja.jpg\",\"contentUrl\":\"https:\/\/files.sunoresearch.com.br\/n\/uploads\/2023\/01\/Americanas-loja.jpg\",\"width\":1400,\"height\":812,\"caption\":\"Americanas (AMER3. Foto: Divulga\u00e7\u00e3o\"},{\"@type\":\"BreadcrumbList\",\"@id\":\"https:\/\/www.suno.com.br\/noticias\/americanas-amer3-cronologia-crise-escandalo-20-bilhoes-recuperacao-judicial\/#breadcrumb\",\"itemListElement\":[{\"@type\":\"ListItem\",\"position\":1,\"name\":\"Not\u00edcias\",\"item\":\"https:\/\/www.suno.com.br\/noticias\/\"},{\"@type\":\"ListItem\",\"position\":2,\"name\":\"Mercado\",\"item\":\"https:\/\/www.suno.com.br\/noticias\/mercado\/\"},{\"@type\":\"ListItem\",\"position\":3,\"name\":\"Esc\u00e2ndalo na Americanas (AMER3): veja a cronologia da crise\"}]},{\"@type\":\"WebSite\",\"@id\":\"https:\/\/www.suno.com.br\/noticias\/#website\",\"url\":\"https:\/\/www.suno.com.br\/noticias\/\",\"name\":\"Suno Not\u00edcias\",\"description\":\"Seu portal de informa\u00e7\u00e3o sobre o mundo dos investimentos\",\"publisher\":{\"@id\":\"https:\/\/www.suno.com.br\/noticias\/#organization\"},\"potentialAction\":[{\"@type\":\"SearchAction\",\"target\":{\"@type\":\"EntryPoint\",\"urlTemplate\":\"https:\/\/www.suno.com.br\/noticias\/?s={search_term_string}\"},\"query-input\":{\"@type\":\"PropertyValueSpecification\",\"valueRequired\":true,\"valueName\":\"search_term_string\"}}],\"inLanguage\":\"pt-BR\"},{\"@type\":\"Organization\",\"@id\":\"https:\/\/www.suno.com.br\/noticias\/#organization\",\"name\":\"Suno Not\u00edcias\",\"url\":\"https:\/\/www.suno.com.br\/noticias\/\",\"logo\":{\"@type\":\"ImageObject\",\"inLanguage\":\"pt-BR\",\"@id\":\"https:\/\/www.suno.com.br\/noticias\/#\/schema\/logo\/image\/\",\"url\":\"https:\/\/files.sunoresearch.com.br\/n\/uploads\/2021\/09\/suno-logo.png\",\"contentUrl\":\"https:\/\/files.sunoresearch.com.br\/n\/uploads\/2021\/09\/suno-logo.png\",\"width\":180,\"height\":180,\"caption\":\"Suno Not\u00edcias\"},\"image\":{\"@id\":\"https:\/\/www.suno.com.br\/noticias\/#\/schema\/logo\/image\/\"},\"sameAs\":[\"https:\/\/facebook.com\/sunoresearch\",\"https:\/\/x.com\/sunoresearch\",\"https:\/\/www.instagram.com\/suno\",\"https:\/\/www.linkedin.com\/company\/suno-research\/\",\"https:\/\/www.youtube.com\/c\/sunoresearch\"]},{\"@type\":\"Person\",\"@id\":\"https:\/\/www.suno.com.br\/noticias\/#\/schema\/person\/da91b98f4bb07e19f6fe797f0827ccee\",\"name\":\"Gregory Prudenciano\",\"image\":{\"@type\":\"ImageObject\",\"inLanguage\":\"pt-BR\",\"@id\":\"https:\/\/www.suno.com.br\/noticias\/#\/schema\/person\/image\/\",\"url\":\"https:\/\/secure.gravatar.com\/avatar\/a1a3184084b4e5c438b40b55330461f8?s=96&r=g\",\"contentUrl\":\"https:\/\/secure.gravatar.com\/avatar\/a1a3184084b4e5c438b40b55330461f8?s=96&r=g\",\"caption\":\"Gregory Prudenciano\"},\"description\":\"Editor multim\u00eddia na Suno Not\u00edcias. Jornalista formado pela C\u00e1sper L\u00edbero, com especializa\u00e7\u00e3o em jornalismo econ\u00f4mico pela funda\u00e7\u00e3o Getulio Vargas e Grupo Estado. Passou pela Ag\u00eancia Estado e pela CNN Brasil.\",\"url\":\"https:\/\/www.suno.com.br\/noticias\/author\/gregory-prudenciano\/\"}]}<\/script>\n<!-- \/ Yoast SEO plugin. -->","yoast_head_json":{"title":"Esc\u00e2ndalo na Americanas (AMER3): veja a cronologia da crise Crise na Americanas (AMER3): confira a cronologia dos fatos","description":"Confira a cronologia dos fatos que levaram a Americanas (AMER3) a pedir recupera\u00e7\u00e3o judicial ap\u00f3s encontrar rombo bilion\u00e1rio.","robots":{"index":"index","follow":"follow","max-snippet":"max-snippet:-1","max-image-preview":"max-image-preview:large","max-video-preview":"max-video-preview:-1"},"canonical":"https:\/\/www.suno.com.br\/noticias\/americanas-amer3-cronologia-crise-escandalo-20-bilhoes-recuperacao-judicial\/","og_locale":"pt_BR","og_type":"article","og_title":"Esc\u00e2ndalo na Americanas (AMER3): veja a cronologia da crise Crise na Americanas (AMER3): confira a cronologia dos fatos","og_description":"Confira a cronologia dos fatos que levaram a Americanas (AMER3) a pedir recupera\u00e7\u00e3o judicial ap\u00f3s encontrar rombo bilion\u00e1rio.","og_url":"https:\/\/www.suno.com.br\/noticias\/americanas-amer3-cronologia-crise-escandalo-20-bilhoes-recuperacao-judicial\/","og_site_name":"Suno Not\u00edcias","article_publisher":"https:\/\/facebook.com\/sunoresearch","og_image":[{"width":1400,"height":812,"url":"https:\/\/files.sunoresearch.com.br\/n\/uploads\/2023\/01\/Americanas-loja.jpg","type":"image\/jpeg"}],"author":"Gregory Prudenciano","twitter_card":"summary_large_image","twitter_creator":"@sunoresearch","twitter_site":"@sunoresearch","twitter_misc":{"Escrito por":"Gregory Prudenciano","Est. tempo de leitura":"2 minutos"},"schema":{"@context":"https:\/\/schema.org","@graph":[{"@type":"NewsArticle","@id":"https:\/\/www.suno.com.br\/noticias\/americanas-amer3-cronologia-crise-escandalo-20-bilhoes-recuperacao-judicial\/#article","isPartOf":{"@id":"https:\/\/www.suno.com.br\/noticias\/americanas-amer3-cronologia-crise-escandalo-20-bilhoes-recuperacao-judicial\/"},"author":{"name":"Gregory Prudenciano","@id":"https:\/\/www.suno.com.br\/noticias\/#\/schema\/person\/da91b98f4bb07e19f6fe797f0827ccee"},"headline":"Esc\u00e2ndalo na Americanas (AMER3): veja a cronologia da crise","datePublished":"2023-01-22T16:51:08+00:00","dateModified":"2023-01-22T16:51:10+00:00","mainEntityOfPage":{"@id":"https:\/\/www.suno.com.br\/noticias\/americanas-amer3-cronologia-crise-escandalo-20-bilhoes-recuperacao-judicial\/"},"wordCount":387,"publisher":{"@id":"https:\/\/www.suno.com.br\/noticias\/#organization"},"image":{"@id":"https:\/\/www.suno.com.br\/noticias\/americanas-amer3-cronologia-crise-escandalo-20-bilhoes-recuperacao-judicial\/#primaryimage"},"thumbnailUrl":"https:\/\/files.sunoresearch.com.br\/n\/uploads\/2023\/01\/Americanas-loja.jpg","keywords":["Americanas (AMER3)"],"articleSection":["Mercado"],"inLanguage":"pt-BR"},{"@type":"WebPage","@id":"https:\/\/www.suno.com.br\/noticias\/americanas-amer3-cronologia-crise-escandalo-20-bilhoes-recuperacao-judicial\/","url":"https:\/\/www.suno.com.br\/noticias\/americanas-amer3-cronologia-crise-escandalo-20-bilhoes-recuperacao-judicial\/","name":"Esc\u00e2ndalo na Americanas (AMER3): veja a cronologia da crise Crise na Americanas (AMER3): confira a cronologia dos fatos","isPartOf":{"@id":"https:\/\/www.suno.com.br\/noticias\/#website"},"primaryImageOfPage":{"@id":"https:\/\/www.suno.com.br\/noticias\/americanas-amer3-cronologia-crise-escandalo-20-bilhoes-recuperacao-judicial\/#primaryimage"},"image":{"@id":"https:\/\/www.suno.com.br\/noticias\/americanas-amer3-cronologia-crise-escandalo-20-bilhoes-recuperacao-judicial\/#primaryimage"},"thumbnailUrl":"https:\/\/files.sunoresearch.com.br\/n\/uploads\/2023\/01\/Americanas-loja.jpg","datePublished":"2023-01-22T16:51:08+00:00","dateModified":"2023-01-22T16:51:10+00:00","description":"Confira a cronologia dos fatos que levaram a Americanas (AMER3) a pedir recupera\u00e7\u00e3o judicial ap\u00f3s encontrar rombo bilion\u00e1rio.","breadcrumb":{"@id":"https:\/\/www.suno.com.br\/noticias\/americanas-amer3-cronologia-crise-escandalo-20-bilhoes-recuperacao-judicial\/#breadcrumb"},"inLanguage":"pt-BR","potentialAction":[{"@type":"ReadAction","target":["https:\/\/www.suno.com.br\/noticias\/americanas-amer3-cronologia-crise-escandalo-20-bilhoes-recuperacao-judicial\/"]}]},{"@type":"ImageObject","inLanguage":"pt-BR","@id":"https:\/\/www.suno.com.br\/noticias\/americanas-amer3-cronologia-crise-escandalo-20-bilhoes-recuperacao-judicial\/#primaryimage","url":"https:\/\/files.sunoresearch.com.br\/n\/uploads\/2023\/01\/Americanas-loja.jpg","contentUrl":"https:\/\/files.sunoresearch.com.br\/n\/uploads\/2023\/01\/Americanas-loja.jpg","width":1400,"height":812,"caption":"Americanas (AMER3. Foto: Divulga\u00e7\u00e3o"},{"@type":"BreadcrumbList","@id":"https:\/\/www.suno.com.br\/noticias\/americanas-amer3-cronologia-crise-escandalo-20-bilhoes-recuperacao-judicial\/#breadcrumb","itemListElement":[{"@type":"ListItem","position":1,"name":"Not\u00edcias","item":"https:\/\/www.suno.com.br\/noticias\/"},{"@type":"ListItem","position":2,"name":"Mercado","item":"https:\/\/www.suno.com.br\/noticias\/mercado\/"},{"@type":"ListItem","position":3,"name":"Esc\u00e2ndalo na Americanas (AMER3): veja a cronologia da crise"}]},{"@type":"WebSite","@id":"https:\/\/www.suno.com.br\/noticias\/#website","url":"https:\/\/www.suno.com.br\/noticias\/","name":"Suno Not\u00edcias","description":"Seu portal de informa\u00e7\u00e3o sobre o mundo dos investimentos","publisher":{"@id":"https:\/\/www.suno.com.br\/noticias\/#organization"},"potentialAction":[{"@type":"SearchAction","target":{"@type":"EntryPoint","urlTemplate":"https:\/\/www.suno.com.br\/noticias\/?s={search_term_string}"},"query-input":{"@type":"PropertyValueSpecification","valueRequired":true,"valueName":"search_term_string"}}],"inLanguage":"pt-BR"},{"@type":"Organization","@id":"https:\/\/www.suno.com.br\/noticias\/#organization","name":"Suno Not\u00edcias","url":"https:\/\/www.suno.com.br\/noticias\/","logo":{"@type":"ImageObject","inLanguage":"pt-BR","@id":"https:\/\/www.suno.com.br\/noticias\/#\/schema\/logo\/image\/","url":"https:\/\/files.sunoresearch.com.br\/n\/uploads\/2021\/09\/suno-logo.png","contentUrl":"https:\/\/files.sunoresearch.com.br\/n\/uploads\/2021\/09\/suno-logo.png","width":180,"height":180,"caption":"Suno Not\u00edcias"},"image":{"@id":"https:\/\/www.suno.com.br\/noticias\/#\/schema\/logo\/image\/"},"sameAs":["https:\/\/facebook.com\/sunoresearch","https:\/\/x.com\/sunoresearch","https:\/\/www.instagram.com\/suno","https:\/\/www.linkedin.com\/company\/suno-research\/","https:\/\/www.youtube.com\/c\/sunoresearch"]},{"@type":"Person","@id":"https:\/\/www.suno.com.br\/noticias\/#\/schema\/person\/da91b98f4bb07e19f6fe797f0827ccee","name":"Gregory Prudenciano","image":{"@type":"ImageObject","inLanguage":"pt-BR","@id":"https:\/\/www.suno.com.br\/noticias\/#\/schema\/person\/image\/","url":"https:\/\/secure.gravatar.com\/avatar\/a1a3184084b4e5c438b40b55330461f8?s=96&r=g","contentUrl":"https:\/\/secure.gravatar.com\/avatar\/a1a3184084b4e5c438b40b55330461f8?s=96&r=g","caption":"Gregory Prudenciano"},"description":"Editor multim\u00eddia na Suno Not\u00edcias. Jornalista formado pela C\u00e1sper L\u00edbero, com especializa\u00e7\u00e3o em jornalismo econ\u00f4mico pela funda\u00e7\u00e3o Getulio Vargas e Grupo Estado. Passou pela Ag\u00eancia Estado e pela CNN Brasil.","url":"https:\/\/www.suno.com.br\/noticias\/author\/gregory-prudenciano\/"}]}},"default_loop_html":"<div class=\"cardsPage__listCard__boxs\"><div class=\"cardsPage__listCard__boxs__img\"><a href=\"https:\/\/www.suno.com.br\/noticias\/americanas-amer3-cronologia-crise-escandalo-20-bilhoes-recuperacao-judicial\/\"><img class=\"mask\" src=\"https:\/\/www.suno.com.br\/noticias\/wp-content\/themes\/suno\/resources\/images\/spotlight\/spotlight1img\/bg-mask.png\" alt=\"Image Mask\"\/><img src=\"https:\/\/files.sunoresearch.com.br\/n\/uploads\/2023\/01\/Americanas-loja-400x200.jpg\" alt=\"Esc\u00e2ndalo na Americanas (AMER3): veja a cronologia da crise\"\/><\/a><span class=\"spotlightCategory\"><a href=\"https:\/\/www.suno.com.br\/noticias\/mercado\/\">Mercado<\/a><\/span><\/div><div class=\"cardsPage__listCard__boxs__content\"><a href=\"https:\/\/www.suno.com.br\/noticias\/americanas-amer3-cronologia-crise-escandalo-20-bilhoes-recuperacao-judicial\/\"><h2 class=\"content__title\">Esc\u00e2ndalo na Americanas (AMER3): veja a cronologia da crise<\/h2><\/a><div class=\"newsContent__article__meta\"><div class=\"newsContent__article__meta__authorBox\"><a href=\"https:\/\/www.suno.com.br\/noticias\/author\/gregory-prudenciano\/\" class=\"authorBox__avatar noMobi\"><img src=\"https:\/\/secure.gravatar.com\/avatar\/a1a3184084b4e5c438b40b55330461f8?s=96&#038;r=g\" alt=\"Gregory Prudenciano\"><\/a><div class=\"authorBox__name\"><span>por\n\t\t\t<a href=\"https:\/\/www.suno.com.br\/noticias\/author\/gregory-prudenciano\/\"><span itemprop=\"author\">Gregory Prudenciano<\/span><\/a><\/span><time datetime=\"2023-01-22T13:51:08-03:00\" itemprop=\"datePublished\">22\/01\/2023 13:51<\/time><\/div><\/div><\/div><\/div><\/div>","single_layout":"posts","amp_enabled":true,"_links":{"self":[{"href":"https:\/\/www.suno.com.br\/noticias\/wp-json\/wp\/v2\/posts\/351154"}],"collection":[{"href":"https:\/\/www.suno.com.br\/noticias\/wp-json\/wp\/v2\/posts"}],"about":[{"href":"https:\/\/www.suno.com.br\/noticias\/wp-json\/wp\/v2\/types\/post"}],"author":[{"embeddable":true,"href":"https:\/\/www.suno.com.br\/noticias\/wp-json\/wp\/v2\/users\/111"}],"replies":[{"embeddable":true,"href":"https:\/\/www.suno.com.br\/noticias\/wp-json\/wp\/v2\/comments?post=351154"}],"version-history":[{"count":2,"href":"https:\/\/www.suno.com.br\/noticias\/wp-json\/wp\/v2\/posts\/351154\/revisions"}],"predecessor-version":[{"id":351159,"href":"https:\/\/www.suno.com.br\/noticias\/wp-json\/wp\/v2\/posts\/351154\/revisions\/351159"}],"wp:featuredmedia":[{"embeddable":true,"href":"https:\/\/www.suno.com.br\/noticias\/wp-json\/wp\/v2\/media\/349901"}],"wp:attachment":[{"href":"https:\/\/www.suno.com.br\/noticias\/wp-json\/wp\/v2\/media?parent=351154"}],"wp:term":[{"taxonomy":"category","embeddable":true,"href":"https:\/\/www.suno.com.br\/noticias\/wp-json\/wp\/v2\/categories?post=351154"},{"taxonomy":"post_tag","embeddable":true,"href":"https:\/\/www.suno.com.br\/noticias\/wp-json\/wp\/v2\/tags?post=351154"},{"taxonomy":"suno_strategy","embeddable":true,"href":"https:\/\/www.suno.com.br\/noticias\/wp-json\/wp\/v2\/suno_strategy?post=351154"}],"curies":[{"name":"wp","href":"https:\/\/api.w.org\/{rel}","templated":true}]}}