{"id":3508,"date":"2018-09-05T10:39:18","date_gmt":"2018-09-05T13:39:18","guid":{"rendered":"https:\/\/www.suno.com.br\/noticias\/?p=3508"},"modified":"2018-09-05T10:39:18","modified_gmt":"2018-09-05T13:39:18","slug":"resumo-da-terca-feira-em-politica-e-negocios-ibope-suspenso-fechamento-do-capital-da-multiplus","status":"publish","type":"post","link":"https:\/\/www.suno.com.br\/noticias\/resumo-da-terca-feira-em-politica-e-negocios-ibope-suspenso-fechamento-do-capital-da-multiplus\/","title":{"rendered":"Resumo da ter\u00e7a-feira em pol\u00edtica e neg\u00f3cios: Ibope suspenso, fechamento do capital da Multiplus"},"content":{"rendered":"<p>D\u00favidas causadas pela inclus\u00e3o do nome de Lula (PT) causaram a suspens\u00e3o da divulga\u00e7\u00e3o dos resultados da pesquisa do Ibope, prevista para a noite de ontem, e no cancelamento do levantamento desta semana da pesquisa Datafolha.<\/p>\t<div class=\"wrapper-featured-image\">\n\t\t<figure class=\"spotlightImg\">\n\n\t\t\t<picture>\n\t\t\t\t<source media=\"(max-width: 768px)\" srcset=\"https:\/\/files.sunoresearch.com.br\/n\/uploads\/2018\/09\/27dd3842-ibope-400x200.webp\">\n\t\t\t\t<img loading=\"lazy\" decoding=\"async\" class=\"newsContent__article__imgCapa lazyloadDisabled newsContent__article__imgCapa--noCaption\" src=\"https:\/\/files.sunoresearch.com.br\/n\/uploads\/2018\/09\/27dd3842-ibope-800x450.webp\" width=\"800\" height=\"450\" alt=\"Resumo da ter\u00e7a-feira em pol\u00edtica e neg\u00f3cios: Ibope suspenso, fechamento do capital da Multiplus\" fetchpriority=high \/>\n\t\t\t<\/picture>\n\n\t\t\t<figcaption class=\"wp-caption-text wp-caption-text--hide\">Elei\u008d\u009bes 2014 - Voto em tr\u0089nsito no IESB, Asa Sul, Bras\u0092lia.<\/figcaption>\n\t\t<\/figure>\n\t<\/div>\n\n\n<p>O Ibope foi ao TSE para indagar se poderia lan\u00e7ar os resultados da pesquisa mesmo que ela n\u00e3o tenha seguido \u00e0 risca o modelo de quando foi aprovada. Originalmente, ela continha perguntas sobre Lula, mas, com a candidatura do candidato barrada, a pesquisa n\u00e3o as utilizou. Assim, a incompatibilidade entre o modelo da pesquisa e sua execu\u00e7\u00e3o poderia causar problemas. O Datafolha cancelou a pesquisa que realizaria entre 4 e 6 de setembro por motivos semelhantes, e registrou uma nova que ser\u00e1 divulgada no dia 10.<\/p>\n<p>O mundo corporativo apresentou v\u00e1rias novidades entre ontem e hoje, tamb\u00e9m. Talvez a maior delas seja o fato de que a Latam decidiu n\u00e3o renovar seu contrato com a empresa de programas de fidelidade Multiplus, que ter\u00e1 seu capital fechado. A controladora atribui pre\u00e7o de R$27,22 por a\u00e7\u00e3o na OPA, a m\u00e9dia ponderada dos \u00faltimos 90 preg\u00f5es com ajuste por dividendos. Isso representa um valor 11,6% mais alto que o do \u00faltimo fechamento, em R$24,40.<\/p>\n<p>A CVM (Comiss\u00e3o de Valores Mobili\u00e1rios) rejeitou pedidos da Fibria para interromper o prazo de convoca\u00e7\u00e3o de uma assembleia de acionistas da firma, marcada para 13 de setembro. Um dos grandes motivadores para a assembleia \u00e9 a considera\u00e7\u00e3o dos acionistas \u00e0 proposta de fus\u00e3o da Fibria com a Suzano, anunciada em mar\u00e7o.<\/p>\n<p>A Ag\u00eancia Nacional do Petr\u00f3leo aprovou a participa\u00e7\u00e3o de 6 companhias petrol\u00edferas na 5a Rodada de Licita\u00e7\u00e3o do pr\u00e9-sal, no regime de partilha de produ\u00e7\u00e3o. S\u00e3o elas: Petrobras, Chevron (EUA), CNOOC (China), Ecopetrol (Col\u00f4mbia), Equinor (Noruega), e ExxonMobil (EUA).<\/p>\n<p>A Eldorado Celulose afirmou que a sua venda por parte da J&amp;F Investimentos para a Paper Excellence foi cancelada ap\u00f3s o prazo do acordo expirar sem a efetiva\u00e7\u00e3o do neg\u00f3cio. A compradora holandesa, no entanto, informou que vai defender seus direitos e considera a medida unilateral.<\/p>\n<p>O Ita\u00fa Unibanco anunciou uma parceria com a Ticket Servi\u00e7os, do ramo de benef\u00edcios aos trabalhadores. O banco far\u00e1 um investimento minorit\u00e1rio de 11% na empresa, com aumento de capital a ser integralizado com aporte de caixa e acordo de exclusividade sobre a distribui\u00e7\u00e3o dos produtos da empresa.<\/p>\n","protected":false},"excerpt":{"rendered":"<p>D\u00favidas causadas pela inclus\u00e3o do nome de Lula (PT) causaram a suspens\u00e3o da divulga\u00e7\u00e3o dos resultados da pesquisa do Ibope, prevista para a noite de ontem, e no cancelamento do levantamento desta semana da pesquisa Datafolha. Elei\u008d\u009bes 2014 &#8211; Voto em tr\u0089nsito no IESB, Asa Sul, Bras\u0092lia. O Ibope foi ao TSE para indagar se [&hellip;]<\/p>\n","protected":false},"author":5,"featured_media":3509,"comment_status":"closed","ping_status":"closed","sticky":false,"template":"","format":"standard","meta":[],"categories":[61],"tags":[697,477,519,571,595,648],"suno_strategy":[],"class_list":["post-3508","post","type-post","status-publish","format-standard","has-post-thumbnail","hentry","category-politica","tag-eleicoes","tag-fibria","tag-itau-unibanco-itub3-itub4","tag-multiplus","tag-petrobras-petr4","tag-suzano-suzb3"],"yoast_head":"<!-- This site is optimized with the Yoast SEO plugin v24.4 - https:\/\/yoast.com\/wordpress\/plugins\/seo\/ -->\n<title>Resumo da ter\u00e7a-feira em pol\u00edtica e neg\u00f3cios: Ibope suspenso, fechamento do capital da Multiplus<\/title>\n<meta name=\"description\" content=\"Paralisa\u00e7\u00e3o na divulga\u00e7\u00e3o do Ibope e cancelamento do Datafolha se devem \u00e0 impedi\u00e7\u00e3o da candidatura de Lula. Clique para saber mais.\" \/>\n<meta name=\"robots\" content=\"index, follow, max-snippet:-1, max-image-preview:large, max-video-preview:-1\" \/>\n<link rel=\"canonical\" href=\"https:\/\/www.suno.com.br\/noticias\/resumo-da-terca-feira-em-politica-e-negocios-ibope-suspenso-fechamento-do-capital-da-multiplus\/\" \/>\n<meta property=\"og:locale\" content=\"pt_BR\" \/>\n<meta property=\"og:type\" content=\"article\" \/>\n<meta property=\"og:title\" content=\"Resumo da ter\u00e7a-feira em pol\u00edtica e neg\u00f3cios: Ibope suspenso, fechamento do capital da Multiplus\" \/>\n<meta property=\"og:description\" content=\"Paralisa\u00e7\u00e3o na divulga\u00e7\u00e3o do Ibope e cancelamento do Datafolha se devem \u00e0 impedi\u00e7\u00e3o da candidatura de Lula. Clique para saber mais.\" \/>\n<meta property=\"og:url\" content=\"https:\/\/www.suno.com.br\/noticias\/resumo-da-terca-feira-em-politica-e-negocios-ibope-suspenso-fechamento-do-capital-da-multiplus\/\" \/>\n<meta property=\"og:site_name\" content=\"Suno Not\u00edcias\" \/>\n<meta property=\"article:publisher\" content=\"https:\/\/facebook.com\/sunoresearch\" \/>\n<meta property=\"article:author\" content=\"https:\/\/www.linkedin.com\/in\/daniel-quandt-a49985110\/\" \/>\n<meta property=\"og:image\" content=\"https:\/\/files.sunoresearch.com.br\/n\/uploads\/2018\/09\/27dd3842-ibope.jpg\" \/>\n\t<meta property=\"og:image:width\" content=\"2560\" \/>\n\t<meta property=\"og:image:height\" content=\"1707\" \/>\n\t<meta property=\"og:image:type\" content=\"image\/jpeg\" \/>\n<meta name=\"author\" content=\"Daniel Quandt\" \/>\n<meta name=\"twitter:card\" content=\"summary_large_image\" \/>\n<meta name=\"twitter:creator\" content=\"@sunoresearch\" \/>\n<meta name=\"twitter:site\" content=\"@sunoresearch\" \/>\n<meta name=\"twitter:label1\" content=\"Escrito por\" \/>\n\t<meta name=\"twitter:data1\" content=\"Daniel Quandt\" \/>\n\t<meta name=\"twitter:label2\" content=\"Est. tempo de leitura\" \/>\n\t<meta name=\"twitter:data2\" content=\"2 minutos\" \/>\n<script type=\"application\/ld+json\" class=\"yoast-schema-graph\">{\"@context\":\"https:\/\/schema.org\",\"@graph\":[{\"@type\":\"NewsArticle\",\"@id\":\"https:\/\/www.suno.com.br\/noticias\/resumo-da-terca-feira-em-politica-e-negocios-ibope-suspenso-fechamento-do-capital-da-multiplus\/#article\",\"isPartOf\":{\"@id\":\"https:\/\/www.suno.com.br\/noticias\/resumo-da-terca-feira-em-politica-e-negocios-ibope-suspenso-fechamento-do-capital-da-multiplus\/\"},\"author\":{\"name\":\"Daniel Quandt\",\"@id\":\"https:\/\/www.suno.com.br\/noticias\/#\/schema\/person\/eca2bab82984722db00d1e6facd8bb26\"},\"headline\":\"Resumo da ter\u00e7a-feira em pol\u00edtica e neg\u00f3cios: Ibope suspenso, fechamento do capital da Multiplus\",\"datePublished\":\"2018-09-05T13:39:18+00:00\",\"mainEntityOfPage\":{\"@id\":\"https:\/\/www.suno.com.br\/noticias\/resumo-da-terca-feira-em-politica-e-negocios-ibope-suspenso-fechamento-do-capital-da-multiplus\/\"},\"wordCount\":427,\"publisher\":{\"@id\":\"https:\/\/www.suno.com.br\/noticias\/#organization\"},\"image\":{\"@id\":\"https:\/\/www.suno.com.br\/noticias\/resumo-da-terca-feira-em-politica-e-negocios-ibope-suspenso-fechamento-do-capital-da-multiplus\/#primaryimage\"},\"thumbnailUrl\":\"https:\/\/files.sunoresearch.com.br\/n\/uploads\/2018\/09\/27dd3842-ibope-jpg.webp\",\"keywords\":[\"Elei\u00e7\u00f5es\",\"Fibria\",\"Ita\u00fa Unibanco (ITUB3\/ITUB4)\",\"Multiplus\",\"Petrobras (PETR4)\",\"Suzano (SUZB3)\"],\"articleSection\":[\"Pol\u00edtica\"],\"inLanguage\":\"pt-BR\"},{\"@type\":\"WebPage\",\"@id\":\"https:\/\/www.suno.com.br\/noticias\/resumo-da-terca-feira-em-politica-e-negocios-ibope-suspenso-fechamento-do-capital-da-multiplus\/\",\"url\":\"https:\/\/www.suno.com.br\/noticias\/resumo-da-terca-feira-em-politica-e-negocios-ibope-suspenso-fechamento-do-capital-da-multiplus\/\",\"name\":\"Resumo da ter\u00e7a-feira em pol\u00edtica e neg\u00f3cios: Ibope suspenso, fechamento do capital da Multiplus\",\"isPartOf\":{\"@id\":\"https:\/\/www.suno.com.br\/noticias\/#website\"},\"primaryImageOfPage\":{\"@id\":\"https:\/\/www.suno.com.br\/noticias\/resumo-da-terca-feira-em-politica-e-negocios-ibope-suspenso-fechamento-do-capital-da-multiplus\/#primaryimage\"},\"image\":{\"@id\":\"https:\/\/www.suno.com.br\/noticias\/resumo-da-terca-feira-em-politica-e-negocios-ibope-suspenso-fechamento-do-capital-da-multiplus\/#primaryimage\"},\"thumbnailUrl\":\"https:\/\/files.sunoresearch.com.br\/n\/uploads\/2018\/09\/27dd3842-ibope-jpg.webp\",\"datePublished\":\"2018-09-05T13:39:18+00:00\",\"description\":\"Paralisa\u00e7\u00e3o na divulga\u00e7\u00e3o do Ibope e cancelamento do Datafolha se devem \u00e0 impedi\u00e7\u00e3o da candidatura de Lula. Clique para saber mais.\",\"breadcrumb\":{\"@id\":\"https:\/\/www.suno.com.br\/noticias\/resumo-da-terca-feira-em-politica-e-negocios-ibope-suspenso-fechamento-do-capital-da-multiplus\/#breadcrumb\"},\"inLanguage\":\"pt-BR\",\"potentialAction\":[{\"@type\":\"ReadAction\",\"target\":[\"https:\/\/www.suno.com.br\/noticias\/resumo-da-terca-feira-em-politica-e-negocios-ibope-suspenso-fechamento-do-capital-da-multiplus\/\"]}]},{\"@type\":\"ImageObject\",\"inLanguage\":\"pt-BR\",\"@id\":\"https:\/\/www.suno.com.br\/noticias\/resumo-da-terca-feira-em-politica-e-negocios-ibope-suspenso-fechamento-do-capital-da-multiplus\/#primaryimage\",\"url\":\"https:\/\/files.sunoresearch.com.br\/n\/uploads\/2018\/09\/27dd3842-ibope-jpg.webp\",\"contentUrl\":\"https:\/\/files.sunoresearch.com.br\/n\/uploads\/2018\/09\/27dd3842-ibope-jpg.webp\",\"width\":2560,\"height\":1707,\"caption\":\"Elei\u008d\u009bes 2014 - Voto em tr\u0089nsito no IESB, Asa Sul, Bras\u0092lia.\"},{\"@type\":\"BreadcrumbList\",\"@id\":\"https:\/\/www.suno.com.br\/noticias\/resumo-da-terca-feira-em-politica-e-negocios-ibope-suspenso-fechamento-do-capital-da-multiplus\/#breadcrumb\",\"itemListElement\":[{\"@type\":\"ListItem\",\"position\":1,\"name\":\"Not\u00edcias\",\"item\":\"https:\/\/www.suno.com.br\/noticias\/\"},{\"@type\":\"ListItem\",\"position\":2,\"name\":\"Pol\u00edtica\",\"item\":\"https:\/\/www.suno.com.br\/noticias\/politica\/\"},{\"@type\":\"ListItem\",\"position\":3,\"name\":\"Resumo da ter\u00e7a-feira em pol\u00edtica e neg\u00f3cios: Ibope suspenso, fechamento do capital da Multiplus\"}]},{\"@type\":\"WebSite\",\"@id\":\"https:\/\/www.suno.com.br\/noticias\/#website\",\"url\":\"https:\/\/www.suno.com.br\/noticias\/\",\"name\":\"Suno Not\u00edcias\",\"description\":\"Seu portal de informa\u00e7\u00e3o sobre o mundo dos investimentos\",\"publisher\":{\"@id\":\"https:\/\/www.suno.com.br\/noticias\/#organization\"},\"potentialAction\":[{\"@type\":\"SearchAction\",\"target\":{\"@type\":\"EntryPoint\",\"urlTemplate\":\"https:\/\/www.suno.com.br\/noticias\/?s={search_term_string}\"},\"query-input\":{\"@type\":\"PropertyValueSpecification\",\"valueRequired\":true,\"valueName\":\"search_term_string\"}}],\"inLanguage\":\"pt-BR\"},{\"@type\":\"Organization\",\"@id\":\"https:\/\/www.suno.com.br\/noticias\/#organization\",\"name\":\"Suno Not\u00edcias\",\"url\":\"https:\/\/www.suno.com.br\/noticias\/\",\"logo\":{\"@type\":\"ImageObject\",\"inLanguage\":\"pt-BR\",\"@id\":\"https:\/\/www.suno.com.br\/noticias\/#\/schema\/logo\/image\/\",\"url\":\"https:\/\/files.sunoresearch.com.br\/n\/uploads\/2021\/09\/suno-logo.png\",\"contentUrl\":\"https:\/\/files.sunoresearch.com.br\/n\/uploads\/2021\/09\/suno-logo.png\",\"width\":180,\"height\":180,\"caption\":\"Suno Not\u00edcias\"},\"image\":{\"@id\":\"https:\/\/www.suno.com.br\/noticias\/#\/schema\/logo\/image\/\"},\"sameAs\":[\"https:\/\/facebook.com\/sunoresearch\",\"https:\/\/x.com\/sunoresearch\",\"https:\/\/www.instagram.com\/suno\",\"https:\/\/www.linkedin.com\/company\/suno-research\/\",\"https:\/\/www.youtube.com\/c\/sunoresearch\"]},{\"@type\":\"Person\",\"@id\":\"https:\/\/www.suno.com.br\/noticias\/#\/schema\/person\/eca2bab82984722db00d1e6facd8bb26\",\"name\":\"Daniel Quandt\",\"image\":{\"@type\":\"ImageObject\",\"inLanguage\":\"pt-BR\",\"@id\":\"https:\/\/www.suno.com.br\/noticias\/#\/schema\/person\/image\/\",\"url\":\"https:\/\/secure.gravatar.com\/avatar\/5faf4378f9fbf4557a5836a88d66f99a?s=96&r=g\",\"contentUrl\":\"https:\/\/secure.gravatar.com\/avatar\/5faf4378f9fbf4557a5836a88d66f99a?s=96&r=g\",\"caption\":\"Daniel Quandt\"},\"description\":\"Aluno da Universidade de S\u00e3o Paulo, Daniel Quandt escreve sobre economia, mercado financeiro e pol\u00edtica no portal da Suno Research. J\u00e1 passou pela Ag\u00eancia USP de Inova\u00e7\u00e3o e pela startup de v\u00eddeo em blockchain Paratii, desenvolvendo seu conhecimento da aplica\u00e7\u00e3o de tecnologia de ponta ao mercado.\",\"sameAs\":[\"https:\/\/www.suno.com.br\/\",\"https:\/\/www.linkedin.com\/in\/daniel-quandt-a49985110\/\"],\"url\":\"https:\/\/www.suno.com.br\/noticias\/author\/daniel-quandt\/\"}]}<\/script>\n<!-- \/ Yoast SEO plugin. -->","yoast_head_json":{"title":"Resumo da ter\u00e7a-feira em pol\u00edtica e neg\u00f3cios: Ibope suspenso, fechamento do capital da Multiplus","description":"Paralisa\u00e7\u00e3o na divulga\u00e7\u00e3o do Ibope e cancelamento do Datafolha se devem \u00e0 impedi\u00e7\u00e3o da candidatura de Lula. Clique para saber mais.","robots":{"index":"index","follow":"follow","max-snippet":"max-snippet:-1","max-image-preview":"max-image-preview:large","max-video-preview":"max-video-preview:-1"},"canonical":"https:\/\/www.suno.com.br\/noticias\/resumo-da-terca-feira-em-politica-e-negocios-ibope-suspenso-fechamento-do-capital-da-multiplus\/","og_locale":"pt_BR","og_type":"article","og_title":"Resumo da ter\u00e7a-feira em pol\u00edtica e neg\u00f3cios: Ibope suspenso, fechamento do capital da Multiplus","og_description":"Paralisa\u00e7\u00e3o na divulga\u00e7\u00e3o do Ibope e cancelamento do Datafolha se devem \u00e0 impedi\u00e7\u00e3o da candidatura de Lula. Clique para saber mais.","og_url":"https:\/\/www.suno.com.br\/noticias\/resumo-da-terca-feira-em-politica-e-negocios-ibope-suspenso-fechamento-do-capital-da-multiplus\/","og_site_name":"Suno Not\u00edcias","article_publisher":"https:\/\/facebook.com\/sunoresearch","article_author":"https:\/\/www.linkedin.com\/in\/daniel-quandt-a49985110\/","og_image":[{"width":2560,"height":1707,"url":"https:\/\/files.sunoresearch.com.br\/n\/uploads\/2018\/09\/27dd3842-ibope.jpg","type":"image\/jpeg"}],"author":"Daniel Quandt","twitter_card":"summary_large_image","twitter_creator":"@sunoresearch","twitter_site":"@sunoresearch","twitter_misc":{"Escrito por":"Daniel Quandt","Est. tempo de leitura":"2 minutos"},"schema":{"@context":"https:\/\/schema.org","@graph":[{"@type":"NewsArticle","@id":"https:\/\/www.suno.com.br\/noticias\/resumo-da-terca-feira-em-politica-e-negocios-ibope-suspenso-fechamento-do-capital-da-multiplus\/#article","isPartOf":{"@id":"https:\/\/www.suno.com.br\/noticias\/resumo-da-terca-feira-em-politica-e-negocios-ibope-suspenso-fechamento-do-capital-da-multiplus\/"},"author":{"name":"Daniel Quandt","@id":"https:\/\/www.suno.com.br\/noticias\/#\/schema\/person\/eca2bab82984722db00d1e6facd8bb26"},"headline":"Resumo da ter\u00e7a-feira em pol\u00edtica e neg\u00f3cios: Ibope suspenso, fechamento do capital da Multiplus","datePublished":"2018-09-05T13:39:18+00:00","mainEntityOfPage":{"@id":"https:\/\/www.suno.com.br\/noticias\/resumo-da-terca-feira-em-politica-e-negocios-ibope-suspenso-fechamento-do-capital-da-multiplus\/"},"wordCount":427,"publisher":{"@id":"https:\/\/www.suno.com.br\/noticias\/#organization"},"image":{"@id":"https:\/\/www.suno.com.br\/noticias\/resumo-da-terca-feira-em-politica-e-negocios-ibope-suspenso-fechamento-do-capital-da-multiplus\/#primaryimage"},"thumbnailUrl":"https:\/\/files.sunoresearch.com.br\/n\/uploads\/2018\/09\/27dd3842-ibope-jpg.webp","keywords":["Elei\u00e7\u00f5es","Fibria","Ita\u00fa Unibanco (ITUB3\/ITUB4)","Multiplus","Petrobras (PETR4)","Suzano (SUZB3)"],"articleSection":["Pol\u00edtica"],"inLanguage":"pt-BR"},{"@type":"WebPage","@id":"https:\/\/www.suno.com.br\/noticias\/resumo-da-terca-feira-em-politica-e-negocios-ibope-suspenso-fechamento-do-capital-da-multiplus\/","url":"https:\/\/www.suno.com.br\/noticias\/resumo-da-terca-feira-em-politica-e-negocios-ibope-suspenso-fechamento-do-capital-da-multiplus\/","name":"Resumo da ter\u00e7a-feira em pol\u00edtica e neg\u00f3cios: Ibope suspenso, fechamento do capital da Multiplus","isPartOf":{"@id":"https:\/\/www.suno.com.br\/noticias\/#website"},"primaryImageOfPage":{"@id":"https:\/\/www.suno.com.br\/noticias\/resumo-da-terca-feira-em-politica-e-negocios-ibope-suspenso-fechamento-do-capital-da-multiplus\/#primaryimage"},"image":{"@id":"https:\/\/www.suno.com.br\/noticias\/resumo-da-terca-feira-em-politica-e-negocios-ibope-suspenso-fechamento-do-capital-da-multiplus\/#primaryimage"},"thumbnailUrl":"https:\/\/files.sunoresearch.com.br\/n\/uploads\/2018\/09\/27dd3842-ibope-jpg.webp","datePublished":"2018-09-05T13:39:18+00:00","description":"Paralisa\u00e7\u00e3o na divulga\u00e7\u00e3o do Ibope e cancelamento do Datafolha se devem \u00e0 impedi\u00e7\u00e3o da candidatura de Lula. Clique para saber mais.","breadcrumb":{"@id":"https:\/\/www.suno.com.br\/noticias\/resumo-da-terca-feira-em-politica-e-negocios-ibope-suspenso-fechamento-do-capital-da-multiplus\/#breadcrumb"},"inLanguage":"pt-BR","potentialAction":[{"@type":"ReadAction","target":["https:\/\/www.suno.com.br\/noticias\/resumo-da-terca-feira-em-politica-e-negocios-ibope-suspenso-fechamento-do-capital-da-multiplus\/"]}]},{"@type":"ImageObject","inLanguage":"pt-BR","@id":"https:\/\/www.suno.com.br\/noticias\/resumo-da-terca-feira-em-politica-e-negocios-ibope-suspenso-fechamento-do-capital-da-multiplus\/#primaryimage","url":"https:\/\/files.sunoresearch.com.br\/n\/uploads\/2018\/09\/27dd3842-ibope-jpg.webp","contentUrl":"https:\/\/files.sunoresearch.com.br\/n\/uploads\/2018\/09\/27dd3842-ibope-jpg.webp","width":2560,"height":1707,"caption":"Elei\u008d\u009bes 2014 - Voto em tr\u0089nsito no IESB, Asa Sul, Bras\u0092lia."},{"@type":"BreadcrumbList","@id":"https:\/\/www.suno.com.br\/noticias\/resumo-da-terca-feira-em-politica-e-negocios-ibope-suspenso-fechamento-do-capital-da-multiplus\/#breadcrumb","itemListElement":[{"@type":"ListItem","position":1,"name":"Not\u00edcias","item":"https:\/\/www.suno.com.br\/noticias\/"},{"@type":"ListItem","position":2,"name":"Pol\u00edtica","item":"https:\/\/www.suno.com.br\/noticias\/politica\/"},{"@type":"ListItem","position":3,"name":"Resumo da ter\u00e7a-feira em pol\u00edtica e neg\u00f3cios: Ibope suspenso, fechamento do capital da Multiplus"}]},{"@type":"WebSite","@id":"https:\/\/www.suno.com.br\/noticias\/#website","url":"https:\/\/www.suno.com.br\/noticias\/","name":"Suno Not\u00edcias","description":"Seu portal de informa\u00e7\u00e3o sobre o mundo dos investimentos","publisher":{"@id":"https:\/\/www.suno.com.br\/noticias\/#organization"},"potentialAction":[{"@type":"SearchAction","target":{"@type":"EntryPoint","urlTemplate":"https:\/\/www.suno.com.br\/noticias\/?s={search_term_string}"},"query-input":{"@type":"PropertyValueSpecification","valueRequired":true,"valueName":"search_term_string"}}],"inLanguage":"pt-BR"},{"@type":"Organization","@id":"https:\/\/www.suno.com.br\/noticias\/#organization","name":"Suno Not\u00edcias","url":"https:\/\/www.suno.com.br\/noticias\/","logo":{"@type":"ImageObject","inLanguage":"pt-BR","@id":"https:\/\/www.suno.com.br\/noticias\/#\/schema\/logo\/image\/","url":"https:\/\/files.sunoresearch.com.br\/n\/uploads\/2021\/09\/suno-logo.png","contentUrl":"https:\/\/files.sunoresearch.com.br\/n\/uploads\/2021\/09\/suno-logo.png","width":180,"height":180,"caption":"Suno Not\u00edcias"},"image":{"@id":"https:\/\/www.suno.com.br\/noticias\/#\/schema\/logo\/image\/"},"sameAs":["https:\/\/facebook.com\/sunoresearch","https:\/\/x.com\/sunoresearch","https:\/\/www.instagram.com\/suno","https:\/\/www.linkedin.com\/company\/suno-research\/","https:\/\/www.youtube.com\/c\/sunoresearch"]},{"@type":"Person","@id":"https:\/\/www.suno.com.br\/noticias\/#\/schema\/person\/eca2bab82984722db00d1e6facd8bb26","name":"Daniel Quandt","image":{"@type":"ImageObject","inLanguage":"pt-BR","@id":"https:\/\/www.suno.com.br\/noticias\/#\/schema\/person\/image\/","url":"https:\/\/secure.gravatar.com\/avatar\/5faf4378f9fbf4557a5836a88d66f99a?s=96&r=g","contentUrl":"https:\/\/secure.gravatar.com\/avatar\/5faf4378f9fbf4557a5836a88d66f99a?s=96&r=g","caption":"Daniel Quandt"},"description":"Aluno da Universidade de S\u00e3o Paulo, Daniel Quandt escreve sobre economia, mercado financeiro e pol\u00edtica no portal da Suno Research. J\u00e1 passou pela Ag\u00eancia USP de Inova\u00e7\u00e3o e pela startup de v\u00eddeo em blockchain Paratii, desenvolvendo seu conhecimento da aplica\u00e7\u00e3o de tecnologia de ponta ao mercado.","sameAs":["https:\/\/www.suno.com.br\/","https:\/\/www.linkedin.com\/in\/daniel-quandt-a49985110\/"],"url":"https:\/\/www.suno.com.br\/noticias\/author\/daniel-quandt\/"}]}},"default_loop_html":"<div class=\"cardsPage__listCard__boxs\"><div class=\"cardsPage__listCard__boxs__img\"><a href=\"https:\/\/www.suno.com.br\/noticias\/resumo-da-terca-feira-em-politica-e-negocios-ibope-suspenso-fechamento-do-capital-da-multiplus\/\"><img class=\"mask\" src=\"https:\/\/www.suno.com.br\/noticias\/wp-content\/themes\/suno\/resources\/images\/spotlight\/spotlight1img\/bg-mask.png\" alt=\"Image Mask\"\/><img src=\"https:\/\/files.sunoresearch.com.br\/n\/uploads\/2018\/09\/27dd3842-ibope-400x200.webp\" alt=\"Resumo da ter\u00e7a-feira em pol\u00edtica e neg\u00f3cios: Ibope suspenso, fechamento do capital da Multiplus\"\/><\/a><span class=\"spotlightCategory\"><a href=\"https:\/\/www.suno.com.br\/noticias\/politica\/\">Pol\u00edtica<\/a><\/span><\/div><div class=\"cardsPage__listCard__boxs__content\"><a href=\"https:\/\/www.suno.com.br\/noticias\/resumo-da-terca-feira-em-politica-e-negocios-ibope-suspenso-fechamento-do-capital-da-multiplus\/\"><h2 class=\"content__title\">Resumo da ter\u00e7a-feira em pol\u00edtica e neg\u00f3cios: Ibope suspenso, fechamento do capital da Multiplus<\/h2><\/a><div class=\"newsContent__article__meta\"><div class=\"newsContent__article__meta__authorBox\"><a href=\"https:\/\/www.suno.com.br\/noticias\/author\/daniel-quandt\/\" class=\"authorBox__avatar noMobi\"><img src=\"https:\/\/secure.gravatar.com\/avatar\/5faf4378f9fbf4557a5836a88d66f99a?s=96&#038;r=g\" alt=\"Daniel Quandt\"><\/a><div class=\"authorBox__name\"><span>por\n\t\t\t<a href=\"https:\/\/www.suno.com.br\/noticias\/author\/daniel-quandt\/\"><span itemprop=\"author\">Daniel Quandt<\/span><\/a><\/span><time datetime=\"2018-09-05T10:39:18-03:00\" itemprop=\"datePublished\">05\/09\/2018 10:39<\/time><\/div><\/div><\/div><\/div><\/div>","single_layout":"posts","amp_enabled":true,"_links":{"self":[{"href":"https:\/\/www.suno.com.br\/noticias\/wp-json\/wp\/v2\/posts\/3508"}],"collection":[{"href":"https:\/\/www.suno.com.br\/noticias\/wp-json\/wp\/v2\/posts"}],"about":[{"href":"https:\/\/www.suno.com.br\/noticias\/wp-json\/wp\/v2\/types\/post"}],"author":[{"embeddable":true,"href":"https:\/\/www.suno.com.br\/noticias\/wp-json\/wp\/v2\/users\/5"}],"replies":[{"embeddable":true,"href":"https:\/\/www.suno.com.br\/noticias\/wp-json\/wp\/v2\/comments?post=3508"}],"version-history":[{"count":0,"href":"https:\/\/www.suno.com.br\/noticias\/wp-json\/wp\/v2\/posts\/3508\/revisions"}],"wp:featuredmedia":[{"embeddable":true,"href":"https:\/\/www.suno.com.br\/noticias\/wp-json\/wp\/v2\/media\/3509"}],"wp:attachment":[{"href":"https:\/\/www.suno.com.br\/noticias\/wp-json\/wp\/v2\/media?parent=3508"}],"wp:term":[{"taxonomy":"category","embeddable":true,"href":"https:\/\/www.suno.com.br\/noticias\/wp-json\/wp\/v2\/categories?post=3508"},{"taxonomy":"post_tag","embeddable":true,"href":"https:\/\/www.suno.com.br\/noticias\/wp-json\/wp\/v2\/tags?post=3508"},{"taxonomy":"suno_strategy","embeddable":true,"href":"https:\/\/www.suno.com.br\/noticias\/wp-json\/wp\/v2\/suno_strategy?post=3508"}],"curies":[{"name":"wp","href":"https:\/\/api.w.org\/{rel}","templated":true}]}}